{"id":19836,"date":"2015-01-02T17:10:11","date_gmt":"2015-01-02T23:10:11","guid":{"rendered":"http:\/\/www.kalot.com.mx\/?p=19836"},"modified":"2015-01-02T17:12:39","modified_gmt":"2015-01-02T23:12:39","slug":"la-de-un-ano-maravilloso","status":"publish","type":"post","link":"https:\/\/kalot.com.mx\/site\/2015\/01\/02\/la-de-un-ano-maravilloso\/","title":{"rendered":"La de un a\u00f1o maravilloso&#8230;"},"content":{"rendered":"<p style=\"text-align: justify\">A\u00f1o nuevo vida nueva, al menos eso es lo que dicen algunas personas y con lo que estoy casi completamente de acuerdo, de alguna manera siento que en el sentido estricto de la oraci\u00f3n no se refiere a que comencemos una doble vida o algo as\u00ed sino que m\u00e1s bien cada a\u00f1o nuevo es una oportunidad nueva para que nosotros podamos crecer, desarrollarnos y hasta cierto punto mejorar o cambiar las cosas que no nos gustaron del a\u00f1o anterior, que sea la de un a\u00f1o maravilloso.<\/p>\n<p style=\"text-align: justify\">No s\u00e9 ustedes pero yo durante el a\u00f1o pasado -muchas veces a decir verdad- evad\u00ed cosas que me pudieron haber beneficiado por el simple hecho de no salirme de mi zona de confort, porque tal vez aquellas cosas me asustaban y no tuve la fuerza para afrontar la posibilidad de ser m\u00e1s grande que ellas y realmente darme cuenta que en realidad eran pruebas muy f\u00e1ciles para m\u00ed o para quien fuera lo suficientemente valiente para afrontarla.<\/p>\n<p style=\"text-align: justify\">En este pasado a\u00f1o aprend\u00ed que las cosas no vienen f\u00e1cil, que si algo vale la pena no va a ser sencillo, que si algo lastima no siempre es malo, que cuando las personas\u00a0nos hace felices no tienen que tener un t\u00edtulo, que no todas las l\u00e1grimas son de tristeza, que el perder a una persona no significa\u00a0que se vayan de nuestros corazones, que cada respiro que damos es una oportunidad de vida, e incluso m\u00e1s importante que no todos los finales cierran una historia sino que muchos finales son solo comienzos con parches del terminado pasado.<\/p>\n<p style=\"text-align: justify\"><img data-recalc-dims=\"1\" decoding=\"async\" src=\"https:\/\/i0.wp.com\/media2.giphy.com\/media\/cGP8pSU0HPXNu\/giphy.gif?w=1200\" class=\" aligncenter\" \/><\/p>\n<p style=\"text-align: justify\">Yo s\u00e9 que no soy la primera en escribir sobre como podemos usar el a\u00f1o nuevo o lo que debe significar pero de cierta manera s\u00e9 que es algo maravilloso, como un pedacito de magia que nos ofrece una oportunidad para hacer todo aquello que solo hubi\u00e9ramos imaginado en nuestros sue\u00f1os m\u00e1s locos; en salir y volvernos locos de alegr\u00eda y emborracharnos con la emoci\u00f3n que puede presentar aquel mundo lleno de nuevas experiencias y posibilidades. No todos tienen la oportunidad de vivir un nuevo a\u00f1o&#8230; todos sabemos que nuestro tiempo tiene fecha de espiraci\u00f3n y el de nuestros seres queridos igual, as\u00ed que tenemos que aprovechar cada peque\u00f1o instante para recordarnos que cada d\u00eda podr\u00eda ser nuestro \u00faltimo d\u00eda con nuestras familias.<\/p>\n<p style=\"text-align: justify\">No digo que todo ser\u00e1 miel sobre hojuelas, digamos que habr\u00e1 corazones rotos, promesas olvidadas y hasta sue\u00f1os rotos pero cada uno de ellos valdr\u00e1 la pena hasta el \u00faltimo segundo que los vivamos. Habr\u00e1 muchas cosas que nos hagan perder las ganas de esperar nuevos a\u00f1os, no siempre habr\u00e1 salud, felicidad o comodidad y tendremos penas, dolor e incluso no sentiremos felicidad pero algo s\u00ed les aseguro, nos va a generar memorias y nos va a cambiar la vida; yo solo s\u00e9 que va a valer la pena.<a href=\"http:\/\/www.kalot.com.mx\/wp-content\/uploads\/2015\/01\/giphy.gif\"><br \/>\n<\/a><\/p>\n<p style=\"text-align: justify\">En lo personal si llego a sentir que alguien me rompe el coraz\u00f3n en el transcurso de este a\u00f1o solo puedo esperar que aquella ruptura valga la pena, que aquel ser que me traiga una sensaci\u00f3n de tristeza y vac\u00edo me haya tra\u00eddo en mayor cantidad alegr\u00edas y una sensaci\u00f3n de completa pertenencia -en el buen sentido-, espero sentir que vuelo y poseer esa sensaci\u00f3n de sentir las nubes, que por mucho que sienta desolaci\u00f3n; espero ser\u00a0capaz de ver la belleza de un recuerdo, espero ser capaz de encontrar consuelo en la soledad y darme cuenta de que la vida sigue, que no dependo de nadie.<\/p>\n<p style=\"text-align: justify\">Quiero tambi\u00e9n aprender a manejar mi soledad, que la vida me de la fuerza de ver que las cosas que pasan tienen un porqu\u00e9, que me haga lo suficientemente flexible como para darme cuenta de que todos somos personas y que cada cabeza es un mundo y un ser lleno de vida, de ver en la humanidad m\u00e1s y m\u00e1s cosas buenas que las malas que me pueden presentar en las noticias, que soy la llave del cambio que quiero ver, que mi fe puede mover monta\u00f1as y mis palabras pueden cambiar el mundo, pero sobre todo que aunque no me de cuenta soy y puedo llegar a ser el mundo de alguien m\u00e1s as\u00ed como alguien lo puede ser para m\u00ed, espero que este a\u00f1o sea capaz de cumplir todo lo que me proponga y lo que no cumpl\u00ed en a\u00f1os anteriores y, en pocas palabras; ser la mejor versi\u00f3n de m\u00ed que pueda.<\/p>\n<p style=\"text-align: justify\"><img data-recalc-dims=\"1\" decoding=\"async\" src=\"https:\/\/i0.wp.com\/media.giphy.com\/media\/Wgtwhcl91DFCM\/giphy.gif?w=1200\" alt=\"new years eve animated GIF \" class=\" aligncenter\" \/><\/p>\n<p style=\"text-align: justify\">Dicen que los a\u00f1os nuevos son una ventana a nuevas oportunidades, y quiero creer que cada uno de nosotros tiene el poder de manejar de la mejor manera posible las probabilidades que nos va dando este mundo de infinitas opciones, quiero que todos tengan algo muy presente: solo ustedes tienen el poder de darse un a\u00f1o maravilloso o uno mediocre. Espero de todo coraz\u00f3n que ustedes, mis queridos Kalochos; tengan la oportunidad de sobrellevar cualquier prueba que les ponga la vida, pero sobre todo que sean felices y que esta sea una nueva oportunidad.<\/p>\n<p style=\"text-align: justify\">Au revoir!<\/p>\n","protected":false},"excerpt":{"rendered":"A\u00f1o nuevo vida nueva, al menos eso es lo que dicen algunas personas y con lo que estoy&hellip;\n","protected":false},"author":61,"featured_media":19842,"comment_status":"open","ping_status":"open","sticky":false,"template":"","format":"standard","meta":{"jetpack_post_was_ever_published":false,"_jetpack_newsletter_access":"","_jetpack_dont_email_post_to_subs":false,"_jetpack_newsletter_tier_id":0,"_jetpack_memberships_contains_paywalled_content":false,"_jetpack_memberships_contains_paid_content":false,"footnotes":"","jetpack_publicize_message":"","jetpack_publicize_feature_enabled":true,"jetpack_social_post_already_shared":true,"jetpack_social_options":{"image_generator_settings":{"template":"highway","default_image_id":0,"font":"","enabled":false},"version":2}},"categories":[],"tags":[],"class_list":{"0":"post-19836","1":"post","2":"type-post","3":"status-publish","4":"format-standard","5":"has-post-thumbnail","7":"cs-entry","8":"cs-video-wrap"},"yoast_head":"<!-- This site is optimized with the Yoast SEO plugin v27.5 - https:\/\/yoast.com\/product\/yoast-seo-wordpress\/ -->\n<title>La del a\u00f1o maravilloso...<\/title>\n<meta name=\"description\" content=\"A\u00f1o nuevo vida nueva,m\u00e1s bien cada a\u00f1o nuevo es una oportunidad nueva para que nosotros podamos crecer, hacer que sea la de un a\u00f1o maravilloso.\" \/>\n<meta name=\"robots\" content=\"index, follow, max-snippet:-1, max-image-preview:large, max-video-preview:-1\" \/>\n<link rel=\"canonical\" href=\"https:\/\/kalot.com.mx\/site\/2015\/01\/02\/la-de-un-ano-maravilloso\/\" \/>\n<meta property=\"og:locale\" content=\"es_MX\" \/>\n<meta property=\"og:type\" content=\"article\" \/>\n<meta property=\"og:title\" content=\"La del a\u00f1o maravilloso...\" \/>\n<meta property=\"og:description\" content=\"A\u00f1o nuevo vida nueva,m\u00e1s bien cada a\u00f1o nuevo es una oportunidad nueva para que nosotros podamos crecer, hacer que sea la de un a\u00f1o maravilloso.\" \/>\n<meta property=\"og:url\" content=\"https:\/\/kalot.com.mx\/site\/2015\/01\/02\/la-de-un-ano-maravilloso\/\" \/>\n<meta property=\"og:site_name\" content=\"Kalot\" \/>\n<meta property=\"article:publisher\" content=\"http:\/\/facebook.com\/mxkalot\" \/>\n<meta property=\"article:author\" content=\"https:\/\/www.facebook.com\/elie.alvarado1\" \/>\n<meta property=\"article:published_time\" content=\"2015-01-02T23:10:11+00:00\" \/>\n<meta property=\"article:modified_time\" content=\"2015-01-02T23:12:39+00:00\" \/>\n<meta property=\"og:image\" content=\"https:\/\/i0.wp.com\/kalot.com.mx\/site\/wp-content\/uploads\/2015\/01\/2015.jpg?fit=275%2C183&ssl=1\" \/>\n\t<meta property=\"og:image:width\" content=\"275\" \/>\n\t<meta property=\"og:image:height\" content=\"183\" \/>\n\t<meta property=\"og:image:type\" content=\"image\/jpeg\" \/>\n<meta name=\"author\" content=\"Mar\u00eda Alvarado\" \/>\n<meta name=\"twitter:card\" content=\"summary_large_image\" \/>\n<meta name=\"twitter:creator\" content=\"@Me_elieA\" \/>\n<meta name=\"twitter:site\" content=\"@kalotmx\" \/>\n<meta name=\"twitter:label1\" content=\"Escrito por\" \/>\n\t<meta name=\"twitter:data1\" content=\"Mar\u00eda Alvarado\" \/>\n\t<meta name=\"twitter:label2\" content=\"Tiempo de lectura\" \/>\n\t<meta name=\"twitter:data2\" content=\"4 minutos\" \/>\n<!-- \/ Yoast SEO plugin. -->","yoast_head_json":{"title":"La del a\u00f1o maravilloso...","description":"A\u00f1o nuevo vida nueva,m\u00e1s bien cada a\u00f1o nuevo es una oportunidad nueva para que nosotros podamos crecer, hacer que sea la de un a\u00f1o maravilloso.","robots":{"index":"index","follow":"follow","max-snippet":"max-snippet:-1","max-image-preview":"max-image-preview:large","max-video-preview":"max-video-preview:-1"},"canonical":"https:\/\/kalot.com.mx\/site\/2015\/01\/02\/la-de-un-ano-maravilloso\/","og_locale":"es_MX","og_type":"article","og_title":"La del a\u00f1o maravilloso...","og_description":"A\u00f1o nuevo vida nueva,m\u00e1s bien cada a\u00f1o nuevo es una oportunidad nueva para que nosotros podamos crecer, hacer que sea la de un a\u00f1o maravilloso.","og_url":"https:\/\/kalot.com.mx\/site\/2015\/01\/02\/la-de-un-ano-maravilloso\/","og_site_name":"Kalot","article_publisher":"http:\/\/facebook.com\/mxkalot","article_author":"https:\/\/www.facebook.com\/elie.alvarado1","article_published_time":"2015-01-02T23:10:11+00:00","article_modified_time":"2015-01-02T23:12:39+00:00","og_image":[{"width":275,"height":183,"url":"https:\/\/i0.wp.com\/kalot.com.mx\/site\/wp-content\/uploads\/2015\/01\/2015.jpg?fit=275%2C183&ssl=1","type":"image\/jpeg"}],"author":"Mar\u00eda Alvarado","twitter_card":"summary_large_image","twitter_creator":"@Me_elieA","twitter_site":"@kalotmx","twitter_misc":{"Escrito por":"Mar\u00eda Alvarado","Tiempo de lectura":"4 minutos"},"schema":{"@context":"https:\/\/schema.org","@graph":[{"@type":"Article","@id":"https:\/\/kalot.com.mx\/site\/2015\/01\/02\/la-de-un-ano-maravilloso\/#article","isPartOf":{"@id":"https:\/\/kalot.com.mx\/site\/2015\/01\/02\/la-de-un-ano-maravilloso\/"},"author":{"name":"Mar\u00eda Alvarado","@id":"https:\/\/kalot.com.mx\/site\/#\/schema\/person\/2364e48efea2244b0799211aeff4847e"},"headline":"La de un a\u00f1o maravilloso&#8230;","datePublished":"2015-01-02T23:10:11+00:00","dateModified":"2015-01-02T23:12:39+00:00","mainEntityOfPage":{"@id":"https:\/\/kalot.com.mx\/site\/2015\/01\/02\/la-de-un-ano-maravilloso\/"},"wordCount":886,"commentCount":0,"publisher":{"@id":"https:\/\/kalot.com.mx\/site\/#organization"},"image":{"@id":"https:\/\/kalot.com.mx\/site\/2015\/01\/02\/la-de-un-ano-maravilloso\/#primaryimage"},"thumbnailUrl":"https:\/\/i0.wp.com\/kalot.com.mx\/site\/wp-content\/uploads\/2015\/01\/2015.jpg?fit=275%2C183&ssl=1","inLanguage":"es","potentialAction":[{"@type":"CommentAction","name":"Comment","target":["https:\/\/kalot.com.mx\/site\/2015\/01\/02\/la-de-un-ano-maravilloso\/#respond"]}]},{"@type":"WebPage","@id":"https:\/\/kalot.com.mx\/site\/2015\/01\/02\/la-de-un-ano-maravilloso\/","url":"https:\/\/kalot.com.mx\/site\/2015\/01\/02\/la-de-un-ano-maravilloso\/","name":"La del a\u00f1o maravilloso...","isPartOf":{"@id":"https:\/\/kalot.com.mx\/site\/#website"},"primaryImageOfPage":{"@id":"https:\/\/kalot.com.mx\/site\/2015\/01\/02\/la-de-un-ano-maravilloso\/#primaryimage"},"image":{"@id":"https:\/\/kalot.com.mx\/site\/2015\/01\/02\/la-de-un-ano-maravilloso\/#primaryimage"},"thumbnailUrl":"https:\/\/i0.wp.com\/kalot.com.mx\/site\/wp-content\/uploads\/2015\/01\/2015.jpg?fit=275%2C183&ssl=1","datePublished":"2015-01-02T23:10:11+00:00","dateModified":"2015-01-02T23:12:39+00:00","description":"A\u00f1o nuevo vida nueva,m\u00e1s bien cada a\u00f1o nuevo es una oportunidad nueva para que nosotros podamos crecer, hacer que sea la de un a\u00f1o maravilloso.","breadcrumb":{"@id":"https:\/\/kalot.com.mx\/site\/2015\/01\/02\/la-de-un-ano-maravilloso\/#breadcrumb"},"inLanguage":"es","potentialAction":[{"@type":"ReadAction","target":["https:\/\/kalot.com.mx\/site\/2015\/01\/02\/la-de-un-ano-maravilloso\/"]}]},{"@type":"ImageObject","inLanguage":"es","@id":"https:\/\/kalot.com.mx\/site\/2015\/01\/02\/la-de-un-ano-maravilloso\/#primaryimage","url":"https:\/\/i0.wp.com\/kalot.com.mx\/site\/wp-content\/uploads\/2015\/01\/2015.jpg?fit=275%2C183&ssl=1","contentUrl":"https:\/\/i0.wp.com\/kalot.com.mx\/site\/wp-content\/uploads\/2015\/01\/2015.jpg?fit=275%2C183&ssl=1","width":275,"height":183},{"@type":"BreadcrumbList","@id":"https:\/\/kalot.com.mx\/site\/2015\/01\/02\/la-de-un-ano-maravilloso\/#breadcrumb","itemListElement":[{"@type":"ListItem","position":1,"name":"Home","item":"https:\/\/kalot.com.mx\/site\/"},{"@type":"ListItem","position":2,"name":"La de un a\u00f1o maravilloso&#8230;"}]},{"@type":"WebSite","@id":"https:\/\/kalot.com.mx\/site\/#website","url":"https:\/\/kalot.com.mx\/site\/","name":"Kalot","description":"Conoce Todo Sobre Todo","publisher":{"@id":"https:\/\/kalot.com.mx\/site\/#organization"},"potentialAction":[{"@type":"SearchAction","target":{"@type":"EntryPoint","urlTemplate":"https:\/\/kalot.com.mx\/site\/?s={search_term_string}"},"query-input":{"@type":"PropertyValueSpecification","valueRequired":true,"valueName":"search_term_string"}}],"inLanguage":"es"},{"@type":"Organization","@id":"https:\/\/kalot.com.mx\/site\/#organization","name":"Kalot","url":"https:\/\/kalot.com.mx\/site\/","logo":{"@type":"ImageObject","inLanguage":"es","@id":"https:\/\/kalot.com.mx\/site\/#\/schema\/logo\/image\/","url":"https:\/\/i0.wp.com\/kalot.com.mx\/site\/wp-content\/uploads\/2020\/04\/Kalot-logo-sin-tagline.png?fit=1707%2C1014&ssl=1","contentUrl":"https:\/\/i0.wp.com\/kalot.com.mx\/site\/wp-content\/uploads\/2020\/04\/Kalot-logo-sin-tagline.png?fit=1707%2C1014&ssl=1","width":1707,"height":1014,"caption":"Kalot"},"image":{"@id":"https:\/\/kalot.com.mx\/site\/#\/schema\/logo\/image\/"},"sameAs":["http:\/\/facebook.com\/mxkalot","https:\/\/x.com\/kalotmx","http:\/\/instagram.com\/kalotmx","http:\/\/pinterest.com\/jorgeerana\/kalot"]},{"@type":"Person","@id":"https:\/\/kalot.com.mx\/site\/#\/schema\/person\/2364e48efea2244b0799211aeff4847e","name":"Mar\u00eda Alvarado","image":{"@type":"ImageObject","inLanguage":"es","@id":"https:\/\/secure.gravatar.com\/avatar\/2a5c53655315c4a72bc8b3127daca732f3ccab828ef0de13ec26f266fc855c6b?s=96&d=mm&r=g","url":"https:\/\/secure.gravatar.com\/avatar\/2a5c53655315c4a72bc8b3127daca732f3ccab828ef0de13ec26f266fc855c6b?s=96&d=mm&r=g","contentUrl":"https:\/\/secure.gravatar.com\/avatar\/2a5c53655315c4a72bc8b3127daca732f3ccab828ef0de13ec26f266fc855c6b?s=96&d=mm&r=g","caption":"Mar\u00eda Alvarado"},"description":"El perfecto ejemplo de una rom\u00e1ntica so\u00f1adora, drama queen y devoradora de libros. Una parlanchina innata que goza de los peque\u00f1os placeres que ofrece esta vida y fan\u00e1tica de las sonrisas.","sameAs":["https:\/\/www.facebook.com\/elie.alvarado1","https:\/\/x.com\/Me_elieA"],"url":"https:\/\/kalot.com.mx\/site\/author\/elisa\/"}]}},"jetpack_publicize_connections":[],"jetpack_featured_media_url":"https:\/\/i0.wp.com\/kalot.com.mx\/site\/wp-content\/uploads\/2015\/01\/2015.jpg?fit=275%2C183&ssl=1","jetpack_shortlink":"https:\/\/wp.me\/p6IHEI-59W","jetpack-related-posts":[{"id":20482,"url":"https:\/\/kalot.com.mx\/site\/2015\/02\/22\/no-mi-valentin\/","url_meta":{"origin":19836,"position":0},"title":"No mi Valent\u00edn&#8230;","author":"Mar\u00eda Alvarado","date":"22 febrero, 2015","format":false,"excerpt":"Se nos vino la fecha, no creo que muchos la esperaran honestamente; un d\u00eda al a\u00f1o en el que todos los poderes del cosmos se re\u00fanen para que los precios de las mercanc\u00edas San Valentineras (flores, chocolates, etc.) suban, o tal vez son las compa\u00f1\u00edas que deciden eso debido a\u2026","rel":"","context":"Entrada similar ","block_context":{"text":"Entrada similar ","link":""},"img":{"alt_text":"","src":"https:\/\/i0.wp.com\/kalot.com.mx\/site\/wp-content\/uploads\/2015\/02\/sarcastic-valentines-day-cards-2.jpg?fit=640%2C816&ssl=1&resize=350%2C200","width":350,"height":200,"srcset":"https:\/\/i0.wp.com\/kalot.com.mx\/site\/wp-content\/uploads\/2015\/02\/sarcastic-valentines-day-cards-2.jpg?fit=640%2C816&ssl=1&resize=350%2C200 1x, https:\/\/i0.wp.com\/kalot.com.mx\/site\/wp-content\/uploads\/2015\/02\/sarcastic-valentines-day-cards-2.jpg?fit=640%2C816&ssl=1&resize=525%2C300 1.5x"},"classes":[]},{"id":25348,"url":"https:\/\/kalot.com.mx\/site\/2016\/05\/10\/pokemon-sun-moon-nos-muestra-sus-primer-video-a-sus-pokemon-iniciales\/","url_meta":{"origin":19836,"position":1},"title":"POKEMON SUN y MOON nos muestra su primer trailer y a sus POKEMON INICIALES","author":"HM_MKT007","date":"10 mayo, 2016","format":false,"excerpt":"As\u00ed es, en el marco de todo lo que esta pasando por el mundo de POKEMON, y su gran crecimiento reciente gracias a la serie que ha regresado a lo que la hizo grande, y sumado el gran \u00e9xito que resultaron los juegos POKEMON X e Y, con la nueva\u2026","rel":"","context":"En &quot;Gamers&quot;","block_context":{"text":"Gamers","link":"https:\/\/kalot.com.mx\/site\/category\/gamers\/"},"img":{"alt_text":"","src":"https:\/\/i0.wp.com\/kalot.com.mx\/site\/wp-content\/uploads\/2016\/05\/pokemon-sun-moon-169-es.jpg?fit=578%2C327&ssl=1&resize=350%2C200","width":350,"height":200,"srcset":"https:\/\/i0.wp.com\/kalot.com.mx\/site\/wp-content\/uploads\/2016\/05\/pokemon-sun-moon-169-es.jpg?fit=578%2C327&ssl=1&resize=350%2C200 1x, https:\/\/i0.wp.com\/kalot.com.mx\/site\/wp-content\/uploads\/2016\/05\/pokemon-sun-moon-169-es.jpg?fit=578%2C327&ssl=1&resize=525%2C300 1.5x"},"classes":[]},{"id":9404,"url":"https:\/\/kalot.com.mx\/site\/2014\/01\/12\/las-mas-esperadas-del-2014\/","url_meta":{"origin":19836,"position":2},"title":"Las m\u00e1s esperadas del 2014.","author":"Mar\u00eda Alvarado","date":"12 enero, 2014","format":false,"excerpt":"[dropcap size=small]E[\/dropcap]l a\u00f1o 2014 ha sido un a\u00f1o muy esperado para todos, desde que nos prometemos a nosotros mismos que si vamos a cumplir con nuestros prop\u00f3sitos de a\u00f1o nuevo, empezamos un a\u00f1o de cero. Es un tiempo en el que podemos hacer lo inesperado, podemos salir de nuestra zona\u2026","rel":"","context":"Entrada similar ","block_context":{"text":"Entrada similar ","link":""},"img":{"alt_text":"","src":"https:\/\/i0.wp.com\/kalot.com.mx\/site\/wp-content\/uploads\/2014\/01\/Angelina-Jolie-as-Maleficent-in-Disneys-2014-movie.jpg?fit=1200%2C728&ssl=1&resize=350%2C200","width":350,"height":200,"srcset":"https:\/\/i0.wp.com\/kalot.com.mx\/site\/wp-content\/uploads\/2014\/01\/Angelina-Jolie-as-Maleficent-in-Disneys-2014-movie.jpg?fit=1200%2C728&ssl=1&resize=350%2C200 1x, https:\/\/i0.wp.com\/kalot.com.mx\/site\/wp-content\/uploads\/2014\/01\/Angelina-Jolie-as-Maleficent-in-Disneys-2014-movie.jpg?fit=1200%2C728&ssl=1&resize=525%2C300 1.5x, https:\/\/i0.wp.com\/kalot.com.mx\/site\/wp-content\/uploads\/2014\/01\/Angelina-Jolie-as-Maleficent-in-Disneys-2014-movie.jpg?fit=1200%2C728&ssl=1&resize=700%2C400 2x, https:\/\/i0.wp.com\/kalot.com.mx\/site\/wp-content\/uploads\/2014\/01\/Angelina-Jolie-as-Maleficent-in-Disneys-2014-movie.jpg?fit=1200%2C728&ssl=1&resize=1050%2C600 3x"},"classes":[]},{"id":5516,"url":"https:\/\/kalot.com.mx\/site\/2013\/11\/01\/hola-soy-tania-la-nueva\/","url_meta":{"origin":19836,"position":3},"title":"Hola, soy Tania","author":"Tania Aguirre","date":"1 noviembre, 2013","format":false,"excerpt":"Primero que nada \u00a1Mucho Gusto! \u00a1Gracias por leerme! Empezando bien noviembre, decid\u00ed unirme a Kalot, con todo el entusiasmo posible. Para ser sincera fui persuadida por mis #MarketerasTequileras, pues dos de ellas ya escriben para Kalot (Nancy y Alba) y Sandy que tambi\u00e9n se integra pronto, me encant\u00f3 la idea\u2026","rel":"","context":"Con 2 comentarios","block_context":{"text":"Con 2 comentarios","link":"https:\/\/kalot.com.mx\/site\/2013\/11\/01\/hola-soy-tania-la-nueva\/#comments"},"img":{"alt_text":"","src":"https:\/\/i0.wp.com\/kalot.com.mx\/site\/wp-content\/uploads\/2013\/11\/1450150_10151959105491405_361894809_n.jpg?fit=720%2C960&ssl=1&resize=350%2C200","width":350,"height":200,"srcset":"https:\/\/i0.wp.com\/kalot.com.mx\/site\/wp-content\/uploads\/2013\/11\/1450150_10151959105491405_361894809_n.jpg?fit=720%2C960&ssl=1&resize=350%2C200 1x, https:\/\/i0.wp.com\/kalot.com.mx\/site\/wp-content\/uploads\/2013\/11\/1450150_10151959105491405_361894809_n.jpg?fit=720%2C960&ssl=1&resize=525%2C300 1.5x, https:\/\/i0.wp.com\/kalot.com.mx\/site\/wp-content\/uploads\/2013\/11\/1450150_10151959105491405_361894809_n.jpg?fit=720%2C960&ssl=1&resize=700%2C400 2x"},"classes":[]},{"id":2674,"url":"https:\/\/kalot.com.mx\/site\/2013\/09\/30\/destronan-coca-cola-como-la-marca-mas-valiosa-del-mundo-marketing\/","url_meta":{"origin":19836,"position":4},"title":"Destronan a Coca-Cola como la marca m\u00e1s valiosa del mundo  #Marketing","author":"Anastacio S\u00e1nchez","date":"30 septiembre, 2013","format":false,"excerpt":"Despu\u00e9s de m\u00e1s de una d\u00e9cada como la marca m\u00e1s valiosa del mundo,\u00a0seg\u00fan la lista Interbrand,\u00a0Coca-Cola fue trasladada al tercer puesto, gracias a que Apple y Google la superaron este a\u00f1o, ya que tuvieron crecimientos de 28% y 34% respectivamente en comparaci\u00f3n del 3% que tuvo Coca en el ultimo\u2026","rel":"","context":"En &quot;Sin categor\u00eda&quot;","block_context":{"text":"Sin categor\u00eda","link":"https:\/\/kalot.com.mx\/site\/category\/sin-categoria\/"},"img":{"alt_text":"","src":"https:\/\/i0.wp.com\/kalot.com.mx\/site\/wp-content\/uploads\/2013\/09\/google-vsapple.jpg?fit=704%2C227&ssl=1&resize=350%2C200","width":350,"height":200,"srcset":"https:\/\/i0.wp.com\/kalot.com.mx\/site\/wp-content\/uploads\/2013\/09\/google-vsapple.jpg?fit=704%2C227&ssl=1&resize=350%2C200 1x, https:\/\/i0.wp.com\/kalot.com.mx\/site\/wp-content\/uploads\/2013\/09\/google-vsapple.jpg?fit=704%2C227&ssl=1&resize=525%2C300 1.5x, https:\/\/i0.wp.com\/kalot.com.mx\/site\/wp-content\/uploads\/2013\/09\/google-vsapple.jpg?fit=704%2C227&ssl=1&resize=700%2C400 2x"},"classes":[]},{"id":4618,"url":"https:\/\/kalot.com.mx\/site\/2013\/10\/22\/solo-con-el-corazon-se-puede-ver-bien-lo-esencial-es-invisible-los-ojos\/","url_meta":{"origin":19836,"position":5},"title":"\u201cS\u00f3lo con el coraz\u00f3n se puede ver bien; lo esencial es invisible a los ojos..\u201d","author":"Fernanda S\u00e1nchez","date":"22 octubre, 2013","format":false,"excerpt":"Lo primero que le viene a la mente a las personas cuando escuchan \u201cEl Principito\u201d es que es un cuento de ni\u00f1os que por alguna raz\u00f3n, muchas veces desconocida, les trae un vago recuerdo de su infancia. Personalmente estoy enamorada del libro. Como la gran mayor\u00eda, recuerdo haberlo le\u00eddo cuando\u2026","rel":"","context":"Entrada similar ","block_context":{"text":"Entrada similar ","link":""},"img":{"alt_text":"","src":"https:\/\/i0.wp.com\/kalot.com.mx\/site\/wp-content\/uploads\/2013\/11\/el-principito.jpg?fit=639%2C576&ssl=1&resize=350%2C200","width":350,"height":200,"srcset":"https:\/\/i0.wp.com\/kalot.com.mx\/site\/wp-content\/uploads\/2013\/11\/el-principito.jpg?fit=639%2C576&ssl=1&resize=350%2C200 1x, https:\/\/i0.wp.com\/kalot.com.mx\/site\/wp-content\/uploads\/2013\/11\/el-principito.jpg?fit=639%2C576&ssl=1&resize=525%2C300 1.5x"},"classes":[]}],"jetpack_sharing_enabled":true,"_links":{"self":[{"href":"https:\/\/kalot.com.mx\/site\/wp-json\/wp\/v2\/posts\/19836","targetHints":{"allow":["GET"]}}],"collection":[{"href":"https:\/\/kalot.com.mx\/site\/wp-json\/wp\/v2\/posts"}],"about":[{"href":"https:\/\/kalot.com.mx\/site\/wp-json\/wp\/v2\/types\/post"}],"author":[{"embeddable":true,"href":"https:\/\/kalot.com.mx\/site\/wp-json\/wp\/v2\/users\/61"}],"replies":[{"embeddable":true,"href":"https:\/\/kalot.com.mx\/site\/wp-json\/wp\/v2\/comments?post=19836"}],"version-history":[{"count":0,"href":"https:\/\/kalot.com.mx\/site\/wp-json\/wp\/v2\/posts\/19836\/revisions"}],"wp:featuredmedia":[{"embeddable":true,"href":"https:\/\/kalot.com.mx\/site\/wp-json\/wp\/v2\/media\/19842"}],"wp:attachment":[{"href":"https:\/\/kalot.com.mx\/site\/wp-json\/wp\/v2\/media?parent=19836"}],"wp:term":[{"taxonomy":"category","embeddable":true,"href":"https:\/\/kalot.com.mx\/site\/wp-json\/wp\/v2\/categories?post=19836"},{"taxonomy":"post_tag","embeddable":true,"href":"https:\/\/kalot.com.mx\/site\/wp-json\/wp\/v2\/tags?post=19836"}],"curies":[{"name":"wp","href":"https:\/\/api.w.org\/{rel}","templated":true}]}}