{"id":19793,"date":"2014-12-30T00:00:17","date_gmt":"2014-12-30T06:00:17","guid":{"rendered":"http:\/\/www.kalot.com.mx\/?p=19793"},"modified":"2014-12-30T00:00:17","modified_gmt":"2014-12-30T06:00:17","slug":"the-interview-una-mala-pelicula","status":"publish","type":"post","link":"https:\/\/kalot.com.mx\/site\/2014\/12\/30\/the-interview-una-mala-pelicula\/","title":{"rendered":"The Interview: Una Mala Pelicula"},"content":{"rendered":"<p style=\"text-align: justify\">Las expectativas sobre &#8220;The Interview&#8221; eran muy altas y todo esto a ra\u00edz de la amenazas en contra de Sony; esto &#8220;benefici\u00f3&#8221; a la cinta con publicidad por todas partes (en especial de las redes sociales), de la noche a la ma\u00f1ana se convirti\u00f3 en un s\u00edmbolo que &#8220;luchaba&#8221; contra el r\u00e9gimen dictatorial. Hasta el presidente Obama habl\u00f3 sobre este caso, lo que la convirti\u00f3 en la pel\u00edcula m\u00e1s comentada del a\u00f1o.<\/p>\n<p style=\"text-align: justify\"><a href=\"https:\/\/i0.wp.com\/www.kalot.com.mx\/wp-content\/uploads\/2014\/12\/the-interview.jpeg\"><img data-recalc-dims=\"1\" fetchpriority=\"high\" decoding=\"async\" data-attachment-id=\"19794\" data-permalink=\"https:\/\/kalot.com.mx\/site\/2014\/12\/30\/the-interview-una-mala-pelicula\/the-interview\/\" data-orig-file=\"https:\/\/i0.wp.com\/kalot.com.mx\/site\/wp-content\/uploads\/2014\/12\/the-interview.jpeg?fit=1154%2C620&amp;ssl=1\" data-orig-size=\"1154,620\" data-comments-opened=\"1\" data-image-meta=\"{&quot;aperture&quot;:&quot;0&quot;,&quot;credit&quot;:&quot;&quot;,&quot;camera&quot;:&quot;&quot;,&quot;caption&quot;:&quot;&quot;,&quot;created_timestamp&quot;:&quot;0&quot;,&quot;copyright&quot;:&quot;&quot;,&quot;focal_length&quot;:&quot;0&quot;,&quot;iso&quot;:&quot;0&quot;,&quot;shutter_speed&quot;:&quot;0&quot;,&quot;title&quot;:&quot;&quot;,&quot;orientation&quot;:&quot;0&quot;}\" data-image-title=\"the-interview\" data-image-description=\"\" data-image-caption=\"\" data-large-file=\"https:\/\/i0.wp.com\/kalot.com.mx\/site\/wp-content\/uploads\/2014\/12\/the-interview.jpeg?fit=1024%2C550&amp;ssl=1\" src=\"https:\/\/i0.wp.com\/www.kalot.com.mx\/wp-content\/uploads\/2014\/12\/the-interview-1024x550.jpeg?resize=798%2C429\" alt=\"the-interview\" width=\"798\" height=\"429\" class=\" size-large wp-image-19794 aligncenter\" srcset=\"https:\/\/i0.wp.com\/kalot.com.mx\/site\/wp-content\/uploads\/2014\/12\/the-interview.jpeg?resize=1024%2C550&amp;ssl=1 1024w, https:\/\/i0.wp.com\/kalot.com.mx\/site\/wp-content\/uploads\/2014\/12\/the-interview.jpeg?resize=768%2C413&amp;ssl=1 768w, https:\/\/i0.wp.com\/kalot.com.mx\/site\/wp-content\/uploads\/2014\/12\/the-interview.jpeg?resize=380%2C204&amp;ssl=1 380w, https:\/\/i0.wp.com\/kalot.com.mx\/site\/wp-content\/uploads\/2014\/12\/the-interview.jpeg?resize=800%2C430&amp;ssl=1 800w, https:\/\/i0.wp.com\/kalot.com.mx\/site\/wp-content\/uploads\/2014\/12\/the-interview.jpeg?resize=300%2C161&amp;ssl=1 300w, https:\/\/i0.wp.com\/kalot.com.mx\/site\/wp-content\/uploads\/2014\/12\/the-interview.jpeg?resize=810%2C435&amp;ssl=1 810w, https:\/\/i0.wp.com\/kalot.com.mx\/site\/wp-content\/uploads\/2014\/12\/the-interview.jpeg?resize=1140%2C612&amp;ssl=1 1140w, https:\/\/i0.wp.com\/kalot.com.mx\/site\/wp-content\/uploads\/2014\/12\/the-interview.jpeg?w=1154&amp;ssl=1 1154w\" sizes=\"(max-width: 798px) 100vw, 798px\" \/><\/a><\/p>\n<p style=\"text-align: justify\">Despu\u00e9s de que fuera estrenada en diferentes plataformas a trav\u00e9s de Internet, la pel\u00edcula ha sido destrozada por la critica en general en Estados Unidos;\u00a0<em>\u201c\u00bfTanto para nada?\u201d,\u00a0<span>&#8220;No es ni la mitad de lo que pudo haber sido\u201d y &#8220;Tiene\u00a0chistes desastrosos sobre los asi\u00e1ticos&#8221;<\/span><\/em>\u00a0son solo algunos de los tantos comentarios que se pueden leer sobre la cinta en diferentes diarios y portales sobre cine.<\/p>\n<p style=\"text-align: justify\">Tuve la oportunidad de ver esta pel\u00edcula y no puedo hacer otra cosa que estar de acuerdo con las anteriores criticas; la direcci\u00f3n a cargo de\u00a0Seth Rogen y\u00a0Evan Goldberg \u00a0deja mucho que desear si se compara con otros grandes trabajos cinematogr\u00e1ficos de s\u00e1tira pol\u00edtica, la historia es predecible y no ofrece ning\u00fan giro o situaci\u00f3n que pueda hacer que el espectador se involucre de lleno con lo que est\u00e1 pasando; llega un punto en la que resulta aburrida. En conclusi\u00f3n, est\u00e1 lejos de ser un buen gui\u00f3n.<\/p>\n<p style=\"text-align: justify\">Hay momentos en los que James Franco sobreactua su personaje y pudiera entender que de eso se trata, ridiculizar a los periodistas estadounidenses pero hay lapsos en los que Franco supera esa linea y es una verdadera tortura soportarlo. Le falt\u00f3 m\u00e1s a Franco para ser ese personaje con el que publico se encari\u00f1ara. En general, los personajes son burdos y muy superficiales y si a eso le agregamos una trama muy corta llena de chistes repetitivos llenos de humor negro y con efectos especiales muy limitados, terminamos con una decepcionante obra.<\/p>\n<p style=\"text-align: justify\"><a href=\"https:\/\/i0.wp.com\/www.kalot.com.mx\/wp-content\/uploads\/2014\/12\/the-interview-2.jpg\"><img data-recalc-dims=\"1\" decoding=\"async\" data-attachment-id=\"19795\" data-permalink=\"https:\/\/kalot.com.mx\/site\/2014\/12\/30\/the-interview-una-mala-pelicula\/james-franco\/\" data-orig-file=\"https:\/\/i0.wp.com\/kalot.com.mx\/site\/wp-content\/uploads\/2014\/12\/the-interview-2.jpg?fit=2000%2C1000&amp;ssl=1\" data-orig-size=\"2000,1000\" data-comments-opened=\"1\" data-image-meta=\"{&quot;aperture&quot;:&quot;5.6&quot;,&quot;credit&quot;:&quot;The Canadian Press&quot;,&quot;camera&quot;:&quot;Canon EOS-1D X&quot;,&quot;caption&quot;:&quot;Actor James Franco, left, films a scene with an actor playing North Korean leader Kim Jong Un for the movie \\&quot;The Interview\\&quot; at Robson Square in Vancouver, B.C., on Friday November 29, 2013. The square has been transformed into a North Korea set complete with North Korea statues and soldiers. THE CANADIAN PRESS\/Darryl Dyck&quot;,&quot;created_timestamp&quot;:&quot;1385778099&quot;,&quot;copyright&quot;:&quot;&quot;,&quot;focal_length&quot;:&quot;400&quot;,&quot;iso&quot;:&quot;2500&quot;,&quot;shutter_speed&quot;:&quot;0.005&quot;,&quot;title&quot;:&quot;James Franco&quot;,&quot;orientation&quot;:&quot;1&quot;}\" data-image-title=\"James Franco\" data-image-description=\"\" data-image-caption=\"\" data-large-file=\"https:\/\/i0.wp.com\/kalot.com.mx\/site\/wp-content\/uploads\/2014\/12\/the-interview-2.jpg?fit=1024%2C512&amp;ssl=1\" src=\"https:\/\/i0.wp.com\/www.kalot.com.mx\/wp-content\/uploads\/2014\/12\/the-interview-2-1024x512.jpg?resize=798%2C399\" alt=\"James Franco\" width=\"798\" height=\"399\" class=\"alignnone size-large wp-image-19795\" srcset=\"https:\/\/i0.wp.com\/kalot.com.mx\/site\/wp-content\/uploads\/2014\/12\/the-interview-2.jpg?resize=1024%2C512&amp;ssl=1 1024w, https:\/\/i0.wp.com\/kalot.com.mx\/site\/wp-content\/uploads\/2014\/12\/the-interview-2.jpg?resize=768%2C384&amp;ssl=1 768w, https:\/\/i0.wp.com\/kalot.com.mx\/site\/wp-content\/uploads\/2014\/12\/the-interview-2.jpg?resize=1536%2C768&amp;ssl=1 1536w, https:\/\/i0.wp.com\/kalot.com.mx\/site\/wp-content\/uploads\/2014\/12\/the-interview-2.jpg?resize=380%2C190&amp;ssl=1 380w, https:\/\/i0.wp.com\/kalot.com.mx\/site\/wp-content\/uploads\/2014\/12\/the-interview-2.jpg?resize=800%2C400&amp;ssl=1 800w, https:\/\/i0.wp.com\/kalot.com.mx\/site\/wp-content\/uploads\/2014\/12\/the-interview-2.jpg?resize=1160%2C580&amp;ssl=1 1160w, https:\/\/i0.wp.com\/kalot.com.mx\/site\/wp-content\/uploads\/2014\/12\/the-interview-2.jpg?resize=300%2C150&amp;ssl=1 300w, https:\/\/i0.wp.com\/kalot.com.mx\/site\/wp-content\/uploads\/2014\/12\/the-interview-2.jpg?resize=810%2C405&amp;ssl=1 810w, https:\/\/i0.wp.com\/kalot.com.mx\/site\/wp-content\/uploads\/2014\/12\/the-interview-2.jpg?resize=1140%2C570&amp;ssl=1 1140w, https:\/\/i0.wp.com\/kalot.com.mx\/site\/wp-content\/uploads\/2014\/12\/the-interview-2.jpg?w=2000&amp;ssl=1 2000w\" sizes=\"(max-width: 798px) 100vw, 798px\" \/><\/a><\/p>\n<p style=\"text-align: justify\">&#8220;The Interview&#8221; queda a deber en cuanto a comedia se refiere y deja mucho que desear, sin embargo y paradojicamente el \u00e9xito arrollador que ha tenido se lo debe al r\u00e9gimen que (p\u00e9simamente) satiriz\u00f3. Vale la pena reflexionar lo que hubiera sido de esta apuesta de\u00a0Sony Pictures si no se hubieran recibido las amenazas en contra y su posterior cancelaci\u00f3n en todos los cines. Seguramente, pasar\u00eda desapercibida.<\/p>\n<p style=\"text-align: justify\">\n","protected":false},"excerpt":{"rendered":"Las expectativas sobre &#8220;The Interview&#8221; eran muy altas y todo esto a ra\u00edz de la amenazas en contra&hellip;\n","protected":false},"author":108,"featured_media":19796,"comment_status":"open","ping_status":"open","sticky":false,"template":"","format":"standard","meta":{"jetpack_post_was_ever_published":false,"_jetpack_newsletter_access":"","_jetpack_dont_email_post_to_subs":false,"_jetpack_newsletter_tier_id":0,"_jetpack_memberships_contains_paywalled_content":false,"_jetpack_memberships_contains_paid_content":false,"footnotes":"","jetpack_publicize_message":"","jetpack_publicize_feature_enabled":true,"jetpack_social_post_already_shared":true,"jetpack_social_options":{"image_generator_settings":{"template":"highway","default_image_id":0,"font":"","enabled":false},"version":2}},"categories":[],"tags":[],"class_list":{"0":"post-19793","1":"post","2":"type-post","3":"status-publish","4":"format-standard","5":"has-post-thumbnail","7":"cs-entry","8":"cs-video-wrap"},"yoast_head":"<!-- This site is optimized with the Yoast SEO plugin v27.5 - https:\/\/yoast.com\/product\/yoast-seo-wordpress\/ -->\n<title>The Interview: Una Mala Pelicula - Kalot<\/title>\n<meta name=\"description\" content=\"Las expectativas sobre &quot;The Interview&quot; eran muy altas y todo esto a ra\u00edz de la amenazas en contra de Sony; esto &quot;benefici\u00f3&quot; a la cinta con publicidad por\" \/>\n<meta name=\"robots\" content=\"index, follow, max-snippet:-1, max-image-preview:large, max-video-preview:-1\" \/>\n<link rel=\"canonical\" href=\"https:\/\/kalot.com.mx\/site\/2014\/12\/30\/the-interview-una-mala-pelicula\/\" \/>\n<meta property=\"og:locale\" content=\"es_MX\" \/>\n<meta property=\"og:type\" content=\"article\" \/>\n<meta property=\"og:title\" content=\"The Interview: Una Mala Pelicula - Kalot\" \/>\n<meta property=\"og:description\" content=\"Las expectativas sobre &quot;The Interview&quot; eran muy altas y todo esto a ra\u00edz de la amenazas en contra de Sony; esto &quot;benefici\u00f3&quot; a la cinta con publicidad por\" \/>\n<meta property=\"og:url\" content=\"https:\/\/kalot.com.mx\/site\/2014\/12\/30\/the-interview-una-mala-pelicula\/\" \/>\n<meta property=\"og:site_name\" content=\"Kalot\" \/>\n<meta property=\"article:publisher\" content=\"http:\/\/facebook.com\/mxkalot\" \/>\n<meta property=\"article:published_time\" content=\"2014-12-30T06:00:17+00:00\" \/>\n<meta property=\"og:image\" content=\"https:\/\/i0.wp.com\/kalot.com.mx\/site\/wp-content\/uploads\/2014\/12\/the-interview-2.png?fit=851%2C315&ssl=1\" \/>\n\t<meta property=\"og:image:width\" content=\"851\" \/>\n\t<meta property=\"og:image:height\" content=\"315\" \/>\n\t<meta property=\"og:image:type\" content=\"image\/png\" \/>\n<meta name=\"author\" content=\"yash\" \/>\n<meta name=\"twitter:card\" content=\"summary_large_image\" \/>\n<meta name=\"twitter:creator\" content=\"@kalotmx\" \/>\n<meta name=\"twitter:site\" content=\"@kalotmx\" \/>\n<meta name=\"twitter:label1\" content=\"Escrito por\" \/>\n\t<meta name=\"twitter:data1\" content=\"yash\" \/>\n\t<meta name=\"twitter:label2\" content=\"Tiempo de lectura\" \/>\n\t<meta name=\"twitter:data2\" content=\"2 minutos\" \/>\n<!-- \/ Yoast SEO plugin. -->","yoast_head_json":{"title":"The Interview: Una Mala Pelicula - Kalot","description":"Las expectativas sobre \"The Interview\" eran muy altas y todo esto a ra\u00edz de la amenazas en contra de Sony; esto \"benefici\u00f3\" a la cinta con publicidad por","robots":{"index":"index","follow":"follow","max-snippet":"max-snippet:-1","max-image-preview":"max-image-preview:large","max-video-preview":"max-video-preview:-1"},"canonical":"https:\/\/kalot.com.mx\/site\/2014\/12\/30\/the-interview-una-mala-pelicula\/","og_locale":"es_MX","og_type":"article","og_title":"The Interview: Una Mala Pelicula - Kalot","og_description":"Las expectativas sobre \"The Interview\" eran muy altas y todo esto a ra\u00edz de la amenazas en contra de Sony; esto \"benefici\u00f3\" a la cinta con publicidad por","og_url":"https:\/\/kalot.com.mx\/site\/2014\/12\/30\/the-interview-una-mala-pelicula\/","og_site_name":"Kalot","article_publisher":"http:\/\/facebook.com\/mxkalot","article_published_time":"2014-12-30T06:00:17+00:00","og_image":[{"width":851,"height":315,"url":"https:\/\/i0.wp.com\/kalot.com.mx\/site\/wp-content\/uploads\/2014\/12\/the-interview-2.png?fit=851%2C315&ssl=1","type":"image\/png"}],"author":"yash","twitter_card":"summary_large_image","twitter_creator":"@kalotmx","twitter_site":"@kalotmx","twitter_misc":{"Escrito por":"yash","Tiempo de lectura":"2 minutos"},"schema":{"@context":"https:\/\/schema.org","@graph":[{"@type":"Article","@id":"https:\/\/kalot.com.mx\/site\/2014\/12\/30\/the-interview-una-mala-pelicula\/#article","isPartOf":{"@id":"https:\/\/kalot.com.mx\/site\/2014\/12\/30\/the-interview-una-mala-pelicula\/"},"author":{"name":"yash","@id":"https:\/\/kalot.com.mx\/site\/#\/schema\/person\/1d75ba57b0359df6aee12de5a86e5b04"},"headline":"The Interview: Una Mala Pelicula","datePublished":"2014-12-30T06:00:17+00:00","mainEntityOfPage":{"@id":"https:\/\/kalot.com.mx\/site\/2014\/12\/30\/the-interview-una-mala-pelicula\/"},"wordCount":419,"commentCount":1,"publisher":{"@id":"https:\/\/kalot.com.mx\/site\/#organization"},"image":{"@id":"https:\/\/kalot.com.mx\/site\/2014\/12\/30\/the-interview-una-mala-pelicula\/#primaryimage"},"thumbnailUrl":"https:\/\/i0.wp.com\/kalot.com.mx\/site\/wp-content\/uploads\/2014\/12\/the-interview-2.png?fit=851%2C315&ssl=1","inLanguage":"es","potentialAction":[{"@type":"CommentAction","name":"Comment","target":["https:\/\/kalot.com.mx\/site\/2014\/12\/30\/the-interview-una-mala-pelicula\/#respond"]}]},{"@type":"WebPage","@id":"https:\/\/kalot.com.mx\/site\/2014\/12\/30\/the-interview-una-mala-pelicula\/","url":"https:\/\/kalot.com.mx\/site\/2014\/12\/30\/the-interview-una-mala-pelicula\/","name":"The Interview: Una Mala Pelicula - Kalot","isPartOf":{"@id":"https:\/\/kalot.com.mx\/site\/#website"},"primaryImageOfPage":{"@id":"https:\/\/kalot.com.mx\/site\/2014\/12\/30\/the-interview-una-mala-pelicula\/#primaryimage"},"image":{"@id":"https:\/\/kalot.com.mx\/site\/2014\/12\/30\/the-interview-una-mala-pelicula\/#primaryimage"},"thumbnailUrl":"https:\/\/i0.wp.com\/kalot.com.mx\/site\/wp-content\/uploads\/2014\/12\/the-interview-2.png?fit=851%2C315&ssl=1","datePublished":"2014-12-30T06:00:17+00:00","description":"Las expectativas sobre \"The Interview\" eran muy altas y todo esto a ra\u00edz de la amenazas en contra de Sony; esto \"benefici\u00f3\" a la cinta con publicidad por","breadcrumb":{"@id":"https:\/\/kalot.com.mx\/site\/2014\/12\/30\/the-interview-una-mala-pelicula\/#breadcrumb"},"inLanguage":"es","potentialAction":[{"@type":"ReadAction","target":["https:\/\/kalot.com.mx\/site\/2014\/12\/30\/the-interview-una-mala-pelicula\/"]}]},{"@type":"ImageObject","inLanguage":"es","@id":"https:\/\/kalot.com.mx\/site\/2014\/12\/30\/the-interview-una-mala-pelicula\/#primaryimage","url":"https:\/\/i0.wp.com\/kalot.com.mx\/site\/wp-content\/uploads\/2014\/12\/the-interview-2.png?fit=851%2C315&ssl=1","contentUrl":"https:\/\/i0.wp.com\/kalot.com.mx\/site\/wp-content\/uploads\/2014\/12\/the-interview-2.png?fit=851%2C315&ssl=1","width":851,"height":315},{"@type":"BreadcrumbList","@id":"https:\/\/kalot.com.mx\/site\/2014\/12\/30\/the-interview-una-mala-pelicula\/#breadcrumb","itemListElement":[{"@type":"ListItem","position":1,"name":"Home","item":"https:\/\/kalot.com.mx\/site\/"},{"@type":"ListItem","position":2,"name":"The Interview: Una Mala Pelicula"}]},{"@type":"WebSite","@id":"https:\/\/kalot.com.mx\/site\/#website","url":"https:\/\/kalot.com.mx\/site\/","name":"Kalot","description":"Conoce Todo Sobre Todo","publisher":{"@id":"https:\/\/kalot.com.mx\/site\/#organization"},"potentialAction":[{"@type":"SearchAction","target":{"@type":"EntryPoint","urlTemplate":"https:\/\/kalot.com.mx\/site\/?s={search_term_string}"},"query-input":{"@type":"PropertyValueSpecification","valueRequired":true,"valueName":"search_term_string"}}],"inLanguage":"es"},{"@type":"Organization","@id":"https:\/\/kalot.com.mx\/site\/#organization","name":"Kalot","url":"https:\/\/kalot.com.mx\/site\/","logo":{"@type":"ImageObject","inLanguage":"es","@id":"https:\/\/kalot.com.mx\/site\/#\/schema\/logo\/image\/","url":"https:\/\/i0.wp.com\/kalot.com.mx\/site\/wp-content\/uploads\/2020\/04\/Kalot-logo-sin-tagline.png?fit=1707%2C1014&ssl=1","contentUrl":"https:\/\/i0.wp.com\/kalot.com.mx\/site\/wp-content\/uploads\/2020\/04\/Kalot-logo-sin-tagline.png?fit=1707%2C1014&ssl=1","width":1707,"height":1014,"caption":"Kalot"},"image":{"@id":"https:\/\/kalot.com.mx\/site\/#\/schema\/logo\/image\/"},"sameAs":["http:\/\/facebook.com\/mxkalot","https:\/\/x.com\/kalotmx","http:\/\/instagram.com\/kalotmx","http:\/\/pinterest.com\/jorgeerana\/kalot"]},{"@type":"Person","@id":"https:\/\/kalot.com.mx\/site\/#\/schema\/person\/1d75ba57b0359df6aee12de5a86e5b04","name":"yash","image":{"@type":"ImageObject","inLanguage":"es","@id":"https:\/\/secure.gravatar.com\/avatar\/be80e9883aa4c662e1a435d9ba36a6fba313cea893e0d847aac2ca2290e6decb?s=96&d=mm&r=g","url":"https:\/\/secure.gravatar.com\/avatar\/be80e9883aa4c662e1a435d9ba36a6fba313cea893e0d847aac2ca2290e6decb?s=96&d=mm&r=g","contentUrl":"https:\/\/secure.gravatar.com\/avatar\/be80e9883aa4c662e1a435d9ba36a6fba313cea893e0d847aac2ca2290e6decb?s=96&d=mm&r=g","caption":"yash"},"url":"https:\/\/kalot.com.mx\/site\/author\/yash\/"}]}},"jetpack_publicize_connections":[],"jetpack_featured_media_url":"https:\/\/i0.wp.com\/kalot.com.mx\/site\/wp-content\/uploads\/2014\/12\/the-interview-2.png?fit=851%2C315&ssl=1","jetpack_shortlink":"https:\/\/wp.me\/p6IHEI-59f","jetpack-related-posts":[{"id":26880,"url":"https:\/\/kalot.com.mx\/site\/2017\/01\/19\/resena-la-la-land\/","url_meta":{"origin":19793,"position":0},"title":"#LaRese\u00f1a: La La Land #Oscars2017","author":"yash","date":"19 enero, 2017","format":false,"excerpt":"No es el mejor musical, no es la mejor historia de amor, no es la mejor pel\u00edcula. Entonces \u00bfPor qu\u00e9 todos hablan de ella? Probablemente \u00e9sta no sea la \u00fanica cr\u00edtica (o rese\u00f1a) que leas sobre esta pel\u00edcula, tal vez sea la segunda o la tercera, o si soy afortunado\u2026","rel":"","context":"En &quot;Cine&quot;","block_context":{"text":"Cine","link":"https:\/\/kalot.com.mx\/site\/category\/cine\/"},"img":{"alt_text":"","src":"https:\/\/i0.wp.com\/kalot.com.mx\/site\/wp-content\/uploads\/2017\/01\/lalaland.jpg?fit=1200%2C630&ssl=1&resize=350%2C200","width":350,"height":200,"srcset":"https:\/\/i0.wp.com\/kalot.com.mx\/site\/wp-content\/uploads\/2017\/01\/lalaland.jpg?fit=1200%2C630&ssl=1&resize=350%2C200 1x, https:\/\/i0.wp.com\/kalot.com.mx\/site\/wp-content\/uploads\/2017\/01\/lalaland.jpg?fit=1200%2C630&ssl=1&resize=525%2C300 1.5x, https:\/\/i0.wp.com\/kalot.com.mx\/site\/wp-content\/uploads\/2017\/01\/lalaland.jpg?fit=1200%2C630&ssl=1&resize=700%2C400 2x, https:\/\/i0.wp.com\/kalot.com.mx\/site\/wp-content\/uploads\/2017\/01\/lalaland.jpg?fit=1200%2C630&ssl=1&resize=1050%2C600 3x"},"classes":[]},{"id":26698,"url":"https:\/\/kalot.com.mx\/site\/2016\/11\/20\/pelicula-mortal-kombat-ha-encontrado-director\/","url_meta":{"origin":19793,"position":1},"title":"Pel\u00edcula de &#8216;Mortal Kombat&#8217; ha encontrado director","author":"yash","date":"20 noviembre, 2016","format":false,"excerpt":"La pel\u00edcula basada en la exitosa saga de videojuegos es producida por\u00a0James Wan. Personajes como Scorpion, Raiden, y Kitana est\u00e1n listos para luchar en la gran pantalla en una pel\u00edcula que servir\u00e1 como de reinicio de la franquicia de Mortal Kombat. El portal Variety\u00a0 inform\u00f3 que un director ha sido\u2026","rel":"","context":"En &quot;Cine&quot;","block_context":{"text":"Cine","link":"https:\/\/kalot.com.mx\/site\/category\/cine\/"},"img":{"alt_text":"","src":"https:\/\/i0.wp.com\/kalot.com.mx\/site\/wp-content\/uploads\/2016\/11\/Mortal-Kombat-logo.jpg?fit=1200%2C675&ssl=1&resize=350%2C200","width":350,"height":200,"srcset":"https:\/\/i0.wp.com\/kalot.com.mx\/site\/wp-content\/uploads\/2016\/11\/Mortal-Kombat-logo.jpg?fit=1200%2C675&ssl=1&resize=350%2C200 1x, https:\/\/i0.wp.com\/kalot.com.mx\/site\/wp-content\/uploads\/2016\/11\/Mortal-Kombat-logo.jpg?fit=1200%2C675&ssl=1&resize=525%2C300 1.5x, https:\/\/i0.wp.com\/kalot.com.mx\/site\/wp-content\/uploads\/2016\/11\/Mortal-Kombat-logo.jpg?fit=1200%2C675&ssl=1&resize=700%2C400 2x, https:\/\/i0.wp.com\/kalot.com.mx\/site\/wp-content\/uploads\/2016\/11\/Mortal-Kombat-logo.jpg?fit=1200%2C675&ssl=1&resize=1050%2C600 3x"},"classes":[]},{"id":26904,"url":"https:\/\/kalot.com.mx\/site\/2017\/01\/26\/laresena-moonlight-luz-luna-oscars2017\/","url_meta":{"origin":19793,"position":2},"title":"#LaRese\u00f1a: Moonlight (Luz de Luna) #Oscars2017","author":"yash","date":"26 enero, 2017","format":false,"excerpt":"\"Luz de Luna\" retrata la crueldad de la vida; una lucha contra los estereotipos y la b\u00fasqueda de la identidad, hacen de esta pel\u00edcula una impresionante experiencia cinematogr\u00e1fica. Moonlight o Luz de Luna\u00a0es la otra cara de la moneda, es la parte cruda y realista de la vida que nos\u2026","rel":"","context":"En &quot;Cine&quot;","block_context":{"text":"Cine","link":"https:\/\/kalot.com.mx\/site\/category\/cine\/"},"img":{"alt_text":"","src":"https:\/\/i0.wp.com\/kalot.com.mx\/site\/wp-content\/uploads\/2017\/01\/Moonlight3.jpg?fit=1200%2C800&ssl=1&resize=350%2C200","width":350,"height":200,"srcset":"https:\/\/i0.wp.com\/kalot.com.mx\/site\/wp-content\/uploads\/2017\/01\/Moonlight3.jpg?fit=1200%2C800&ssl=1&resize=350%2C200 1x, https:\/\/i0.wp.com\/kalot.com.mx\/site\/wp-content\/uploads\/2017\/01\/Moonlight3.jpg?fit=1200%2C800&ssl=1&resize=525%2C300 1.5x, https:\/\/i0.wp.com\/kalot.com.mx\/site\/wp-content\/uploads\/2017\/01\/Moonlight3.jpg?fit=1200%2C800&ssl=1&resize=700%2C400 2x, https:\/\/i0.wp.com\/kalot.com.mx\/site\/wp-content\/uploads\/2017\/01\/Moonlight3.jpg?fit=1200%2C800&ssl=1&resize=1050%2C600 3x"},"classes":[]},{"id":24752,"url":"https:\/\/kalot.com.mx\/site\/2016\/01\/15\/nueva-pelicula-de-cloverfield-llegara-en-marzo\/","url_meta":{"origin":19793,"position":3},"title":"Nueva pel\u00edcula de &#8220;Cloverfield&#8221; llegar\u00e1 en Marzo","author":"yash","date":"15 enero, 2016","format":false,"excerpt":"Tal y como sucedi\u00f3 con la primera entrega, \"Avenida Cloverfield 10\" (10 Cloverfield Lane) llega con un inesperado y misterioso trailer. La cinta tendr\u00e1 su estreno el pr\u00f3ximo 11 de Marzo. \"Cloverfield\" o \"Monstruoso\", fue una pel\u00edcula de 2008 que impact\u00f3 a muchos; no s\u00f3lo por el misterio que envolv\u00eda\u2026","rel":"","context":"En &quot;Cine&quot;","block_context":{"text":"Cine","link":"https:\/\/kalot.com.mx\/site\/category\/cine\/"},"img":{"alt_text":"","src":"https:\/\/i0.wp.com\/kalot.com.mx\/site\/wp-content\/uploads\/2016\/01\/10-Cloverfield-Lane2.jpg?fit=1200%2C675&ssl=1&resize=350%2C200","width":350,"height":200,"srcset":"https:\/\/i0.wp.com\/kalot.com.mx\/site\/wp-content\/uploads\/2016\/01\/10-Cloverfield-Lane2.jpg?fit=1200%2C675&ssl=1&resize=350%2C200 1x, https:\/\/i0.wp.com\/kalot.com.mx\/site\/wp-content\/uploads\/2016\/01\/10-Cloverfield-Lane2.jpg?fit=1200%2C675&ssl=1&resize=525%2C300 1.5x, https:\/\/i0.wp.com\/kalot.com.mx\/site\/wp-content\/uploads\/2016\/01\/10-Cloverfield-Lane2.jpg?fit=1200%2C675&ssl=1&resize=700%2C400 2x, https:\/\/i0.wp.com\/kalot.com.mx\/site\/wp-content\/uploads\/2016\/01\/10-Cloverfield-Lane2.jpg?fit=1200%2C675&ssl=1&resize=1050%2C600 3x"},"classes":[]},{"id":14837,"url":"https:\/\/kalot.com.mx\/site\/2014\/04\/13\/perversion-abuso-del-poder-tortura-y-mas-salo-o-120-dias-de-sodoma-analisis-elmanuelgamez\/","url_meta":{"origin":19793,"position":4},"title":"Perversi\u00f3n, Abuso del Poder, Tortura y M\u00e1s; Salo o 120 D\u00edas de Sodoma ANALISIS (@ElManuelGamez)","author":"Manuel Gamez","date":"13 abril, 2014","format":false,"excerpt":"Salo o 120 D\u00edas de Sodoma no es una de esas pel\u00edculas para ver con tu abuelita, aunque esta sea de su \u00e9poca, a menos que quieras ver sus reacciones ante las escenas grotescas, traumantes y perturbadoras que tiene esta pel\u00edcula, por lo tanto no es apto para todo p\u00fablico,\u2026","rel":"","context":"En &quot;Sin categor\u00eda&quot;","block_context":{"text":"Sin categor\u00eda","link":"https:\/\/kalot.com.mx\/site\/category\/sin-categoria\/"},"img":{"alt_text":"","src":"https:\/\/i0.wp.com\/kalot.com.mx\/site\/wp-content\/uploads\/2014\/04\/Salo-Portada.jpg?fit=1200%2C784&ssl=1&resize=350%2C200","width":350,"height":200,"srcset":"https:\/\/i0.wp.com\/kalot.com.mx\/site\/wp-content\/uploads\/2014\/04\/Salo-Portada.jpg?fit=1200%2C784&ssl=1&resize=350%2C200 1x, https:\/\/i0.wp.com\/kalot.com.mx\/site\/wp-content\/uploads\/2014\/04\/Salo-Portada.jpg?fit=1200%2C784&ssl=1&resize=525%2C300 1.5x, https:\/\/i0.wp.com\/kalot.com.mx\/site\/wp-content\/uploads\/2014\/04\/Salo-Portada.jpg?fit=1200%2C784&ssl=1&resize=700%2C400 2x, https:\/\/i0.wp.com\/kalot.com.mx\/site\/wp-content\/uploads\/2014\/04\/Salo-Portada.jpg?fit=1200%2C784&ssl=1&resize=1050%2C600 3x"},"classes":[]},{"id":24974,"url":"https:\/\/kalot.com.mx\/site\/2016\/02\/26\/laresena-la-jugada-maestra\/","url_meta":{"origin":19793,"position":5},"title":"#LaRese\u00f1a: La Jugada Maestra","author":"yash","date":"26 febrero, 2016","format":false,"excerpt":"La biopic del legendario jugador de ajedrez\u00a0Bobby Fischer queda corta al momento de relatar varios aspectos de su vida, en especial su momento cumbre: El campeonato mundial. \"La Jugada Maestra\" (Pawn Sacrifice) relata la vida del prodigioso jugador de ajedrez estadounidense\u00a0Bobby Fischer, quien, desde ni\u00f1o demostr\u00f3 su asombrosa capacidad para\u2026","rel":"","context":"En &quot;Cine&quot;","block_context":{"text":"Cine","link":"https:\/\/kalot.com.mx\/site\/category\/cine\/"},"img":{"alt_text":"","src":"https:\/\/i0.wp.com\/kalot.com.mx\/site\/wp-content\/uploads\/2016\/02\/LaJugada.jpg?fit=1200%2C675&ssl=1&resize=350%2C200","width":350,"height":200,"srcset":"https:\/\/i0.wp.com\/kalot.com.mx\/site\/wp-content\/uploads\/2016\/02\/LaJugada.jpg?fit=1200%2C675&ssl=1&resize=350%2C200 1x, https:\/\/i0.wp.com\/kalot.com.mx\/site\/wp-content\/uploads\/2016\/02\/LaJugada.jpg?fit=1200%2C675&ssl=1&resize=525%2C300 1.5x, https:\/\/i0.wp.com\/kalot.com.mx\/site\/wp-content\/uploads\/2016\/02\/LaJugada.jpg?fit=1200%2C675&ssl=1&resize=700%2C400 2x, https:\/\/i0.wp.com\/kalot.com.mx\/site\/wp-content\/uploads\/2016\/02\/LaJugada.jpg?fit=1200%2C675&ssl=1&resize=1050%2C600 3x"},"classes":[]}],"jetpack_sharing_enabled":true,"_links":{"self":[{"href":"https:\/\/kalot.com.mx\/site\/wp-json\/wp\/v2\/posts\/19793","targetHints":{"allow":["GET"]}}],"collection":[{"href":"https:\/\/kalot.com.mx\/site\/wp-json\/wp\/v2\/posts"}],"about":[{"href":"https:\/\/kalot.com.mx\/site\/wp-json\/wp\/v2\/types\/post"}],"author":[{"embeddable":true,"href":"https:\/\/kalot.com.mx\/site\/wp-json\/wp\/v2\/users\/108"}],"replies":[{"embeddable":true,"href":"https:\/\/kalot.com.mx\/site\/wp-json\/wp\/v2\/comments?post=19793"}],"version-history":[{"count":0,"href":"https:\/\/kalot.com.mx\/site\/wp-json\/wp\/v2\/posts\/19793\/revisions"}],"wp:featuredmedia":[{"embeddable":true,"href":"https:\/\/kalot.com.mx\/site\/wp-json\/wp\/v2\/media\/19796"}],"wp:attachment":[{"href":"https:\/\/kalot.com.mx\/site\/wp-json\/wp\/v2\/media?parent=19793"}],"wp:term":[{"taxonomy":"category","embeddable":true,"href":"https:\/\/kalot.com.mx\/site\/wp-json\/wp\/v2\/categories?post=19793"},{"taxonomy":"post_tag","embeddable":true,"href":"https:\/\/kalot.com.mx\/site\/wp-json\/wp\/v2\/tags?post=19793"}],"curies":[{"name":"wp","href":"https:\/\/api.w.org\/{rel}","templated":true}]}}