{"id":1969,"date":"2013-09-19T15:00:47","date_gmt":"2013-09-19T20:00:47","guid":{"rendered":"http:\/\/www.kalot.com.mx\/?p=1969"},"modified":"2013-09-19T15:04:42","modified_gmt":"2013-09-19T20:04:42","slug":"gran","status":"publish","type":"post","link":"https:\/\/kalot.com.mx\/site\/2013\/09\/19\/gran\/","title":{"rendered":"Gran Premio Hist\u00f3rico en la CD de Mexico. #automoviles"},"content":{"rendered":"<p style=\"text-align: justify\">El GP Hist\u00f3rico\u00a0es el gran evento que re\u00fane a los m\u00e1s hermosos\u00a0autos de colecci\u00f3n y deportivos especiales\u00a0en una emocionante\u00a0competencia\u00a0desarrollada en el hist\u00f3rico circuito del\u00a0Aut\u00f3dromo Hermanos Rodr\u00edguez\u00a0el cual festejara a su vez sus 50 a\u00f1os.<\/p>\n<div title=\"Page 2\">\n<p style=\"text-align: justify\">No se le permite el acceso a la pista a los autom\u00f3viles que presenten alteraciones, que sean r\u00e9plicas, ni a los autom\u00f3viles que han sido modificados para eventos de velocidad. \u00a0Ya que lo que busca este premio es recordar y revivir experiencias que mucha gente ya a vivido.<\/p>\n<p style=\"text-align: justify\"><span style=\"color: #000000\">Se llevara acabo el d\u00eda\u00a06 de octubre del 2013, en el aut\u00f3dromo Hermanos Rodr\u00edguez de la Ciudad de M\u00e9xico.<\/span><\/p>\n<p style=\"text-align: justify\">Algunos autos que se podr\u00e1n encontrar ese d\u00eda son: un Jaguar tipo D, \u00a0 y un Porche 652 , un McLaren C8-D, con motor Chevrolett de 8 cilindros, un Tyrrell F1 1987, as\u00ed como de un Volvo S-40 como el que condujo Pedro Rodr\u00edguez en la inauguraci\u00f3n del aut\u00f3dromo.<\/p>\n<p style=\"text-align: justify\"><span style=\"color: #000000\">El Gran Premio tendr\u00e1 dos carreras en tres modalidades, <strong>slow touring<\/strong>, quienes van acompa\u00f1ados por un auto gu\u00eda; <strong>fast touring<\/strong>, salen solos a la pista pero tienen l\u00edmites de velocidad y las m\u00e1s llamativa, <strong>carrera de autos cl\u00e1sicos de competencia<\/strong>, quienes dar\u00e1n en promedio 22 vueltas al circuito de poco m\u00e1s cuatro kil\u00f3metros.Donde podremos ver flamantes carros de marcas como\u00a0\u00a0Alfa-Romeo, BMW, McLaren, Chevrolet, Dodge, Ferrari y Ford, entre otras.<\/span><\/p>\n<p style=\"text-align: justify\"><span style=\"color: #000000\">Los boletos los pueden adquirir en el Aut\u00f3dromo\u00a0ese d\u00eda o en ticketmaster, con un costo de 150 pesos adulto y ni\u00f1os con estatura menor a 1.20 metros gratis.<\/span><\/p>\n<p style=\"text-align: justify\"><span style=\"color: #000000\">Que tal Kalochos amantes de los autos, alguno de ustedes quisiera ir, bueno les dejo aqu\u00ed unos v\u00eddeos de eventos pasados que est\u00e9n muy bien saludos a todos.<\/span><\/p>\n<\/div>\n<p><span class=\"embed-youtube\" style=\"text-align:center; display: block;\"><iframe class=\"youtube-player\" width=\"1200\" height=\"675\" src=\"https:\/\/www.youtube.com\/embed\/BrNFYNN8PMc?version=3&#038;rel=1&#038;showsearch=0&#038;showinfo=1&#038;iv_load_policy=1&#038;fs=1&#038;hl=es-MX&#038;autohide=2&#038;wmode=transparent\" allowfullscreen=\"true\" style=\"border:0;\" sandbox=\"allow-scripts allow-same-origin allow-popups allow-presentation allow-popups-to-escape-sandbox\"><\/iframe><\/span><\/p>\n<p><span class=\"embed-youtube\" style=\"text-align:center; display: block;\"><iframe class=\"youtube-player\" width=\"1200\" height=\"675\" src=\"https:\/\/www.youtube.com\/embed\/CM2yF1zAfOo?version=3&#038;rel=1&#038;showsearch=0&#038;showinfo=1&#038;iv_load_policy=1&#038;fs=1&#038;hl=es-MX&#038;autohide=2&#038;wmode=transparent\" allowfullscreen=\"true\" style=\"border:0;\" sandbox=\"allow-scripts allow-same-origin allow-popups allow-presentation allow-popups-to-escape-sandbox\"><\/iframe><\/span><\/p>\n<p><span class=\"embed-youtube\" style=\"text-align:center; display: block;\"><iframe class=\"youtube-player\" width=\"1200\" height=\"675\" src=\"https:\/\/www.youtube.com\/embed\/RD4RXk2p6nA?version=3&#038;rel=1&#038;showsearch=0&#038;showinfo=1&#038;iv_load_policy=1&#038;fs=1&#038;hl=es-MX&#038;autohide=2&#038;wmode=transparent\" allowfullscreen=\"true\" style=\"border:0;\" sandbox=\"allow-scripts allow-same-origin allow-popups allow-presentation allow-popups-to-escape-sandbox\"><\/iframe><\/span><\/p>\n<p><span class=\"embed-youtube\" style=\"text-align:center; display: block;\"><iframe class=\"youtube-player\" width=\"1200\" height=\"675\" src=\"https:\/\/www.youtube.com\/embed\/2QjnDYy3OYQ?version=3&#038;rel=1&#038;showsearch=0&#038;showinfo=1&#038;iv_load_policy=1&#038;fs=1&#038;hl=es-MX&#038;autohide=2&#038;wmode=transparent\" allowfullscreen=\"true\" style=\"border:0;\" sandbox=\"allow-scripts allow-same-origin allow-popups allow-presentation allow-popups-to-escape-sandbox\"><\/iframe><\/span><\/p>\n","protected":false},"excerpt":{"rendered":"El GP Hist\u00f3rico\u00a0es el gran evento que re\u00fane a los m\u00e1s hermosos\u00a0autos de colecci\u00f3n y deportivos especiales\u00a0en una&hellip;\n","protected":false},"author":19,"featured_media":1982,"comment_status":"open","ping_status":"open","sticky":false,"template":"","format":"standard","meta":{"jetpack_post_was_ever_published":false,"_jetpack_newsletter_access":"","_jetpack_dont_email_post_to_subs":false,"_jetpack_newsletter_tier_id":0,"_jetpack_memberships_contains_paywalled_content":false,"_jetpack_memberships_contains_paid_content":false,"footnotes":"","jetpack_publicize_message":"","jetpack_publicize_feature_enabled":true,"jetpack_social_post_already_shared":true,"jetpack_social_options":{"image_generator_settings":{"template":"highway","default_image_id":0,"font":"","enabled":false},"version":2}},"categories":[],"tags":[],"class_list":{"0":"post-1969","1":"post","2":"type-post","3":"status-publish","4":"format-standard","5":"has-post-thumbnail","7":"cs-entry","8":"cs-video-wrap"},"yoast_head":"<!-- This site is optimized with the Yoast SEO plugin v27.4 - https:\/\/yoast.com\/product\/yoast-seo-wordpress\/ -->\n<title>Gran Premio Hist\u00f3rico en la CD de Mexico. #automoviles  - Kalot<\/title>\n<meta name=\"description\" content=\"El Gran Premio Hist\u00f3rico es el gran evento que re\u00fane a los m\u00e1s hermosos autos de colecci\u00f3n y deportivos especiales, el d\u00eda 6 de octubre del 2013.\" \/>\n<meta name=\"robots\" content=\"index, follow, max-snippet:-1, max-image-preview:large, max-video-preview:-1\" \/>\n<link rel=\"canonical\" href=\"https:\/\/kalot.com.mx\/site\/2013\/09\/19\/gran\/\" \/>\n<meta property=\"og:locale\" content=\"es_MX\" \/>\n<meta property=\"og:type\" content=\"article\" \/>\n<meta property=\"og:title\" content=\"Gran Premio Hist\u00f3rico en la CD de Mexico. #automoviles  - Kalot\" \/>\n<meta property=\"og:description\" content=\"El Gran Premio Hist\u00f3rico es el gran evento que re\u00fane a los m\u00e1s hermosos autos de colecci\u00f3n y deportivos especiales, el d\u00eda 6 de octubre del 2013.\" \/>\n<meta property=\"og:url\" content=\"https:\/\/kalot.com.mx\/site\/2013\/09\/19\/gran\/\" \/>\n<meta property=\"og:site_name\" content=\"Kalot\" \/>\n<meta property=\"article:publisher\" content=\"http:\/\/facebook.com\/mxkalot\" \/>\n<meta property=\"article:published_time\" content=\"2013-09-19T20:00:47+00:00\" \/>\n<meta property=\"article:modified_time\" content=\"2013-09-19T20:04:42+00:00\" \/>\n<meta property=\"og:image\" content=\"https:\/\/i1.wp.com\/kalot.com.mx\/site\/wp-content\/uploads\/2013\/09\/logo-GP-HISTORICO-2012-nueva-forma-OK-01.jpg?fit=3300%2C1717&ssl=1\" \/>\n\t<meta property=\"og:image:width\" content=\"3300\" \/>\n\t<meta property=\"og:image:height\" content=\"1717\" \/>\n\t<meta property=\"og:image:type\" content=\"image\/jpeg\" \/>\n<meta name=\"author\" content=\"Anastacio S\u00e1nchez\" \/>\n<meta name=\"twitter:card\" content=\"summary_large_image\" \/>\n<meta name=\"twitter:creator\" content=\"@kalotmx\" \/>\n<meta name=\"twitter:site\" content=\"@kalotmx\" \/>\n<meta name=\"twitter:label1\" content=\"Escrito por\" \/>\n\t<meta name=\"twitter:data1\" content=\"Anastacio S\u00e1nchez\" \/>\n\t<meta name=\"twitter:label2\" content=\"Tiempo de lectura\" \/>\n\t<meta name=\"twitter:data2\" content=\"2 minutos\" \/>\n<!-- \/ Yoast SEO plugin. -->","yoast_head_json":{"title":"Gran Premio Hist\u00f3rico en la CD de Mexico. #automoviles  - Kalot","description":"El Gran Premio Hist\u00f3rico es el gran evento que re\u00fane a los m\u00e1s hermosos autos de colecci\u00f3n y deportivos especiales, el d\u00eda 6 de octubre del 2013.","robots":{"index":"index","follow":"follow","max-snippet":"max-snippet:-1","max-image-preview":"max-image-preview:large","max-video-preview":"max-video-preview:-1"},"canonical":"https:\/\/kalot.com.mx\/site\/2013\/09\/19\/gran\/","og_locale":"es_MX","og_type":"article","og_title":"Gran Premio Hist\u00f3rico en la CD de Mexico. #automoviles  - Kalot","og_description":"El Gran Premio Hist\u00f3rico es el gran evento que re\u00fane a los m\u00e1s hermosos autos de colecci\u00f3n y deportivos especiales, el d\u00eda 6 de octubre del 2013.","og_url":"https:\/\/kalot.com.mx\/site\/2013\/09\/19\/gran\/","og_site_name":"Kalot","article_publisher":"http:\/\/facebook.com\/mxkalot","article_published_time":"2013-09-19T20:00:47+00:00","article_modified_time":"2013-09-19T20:04:42+00:00","og_image":[{"width":3300,"height":1717,"url":"https:\/\/i1.wp.com\/kalot.com.mx\/site\/wp-content\/uploads\/2013\/09\/logo-GP-HISTORICO-2012-nueva-forma-OK-01.jpg?fit=3300%2C1717&ssl=1","type":"image\/jpeg"}],"author":"Anastacio S\u00e1nchez","twitter_card":"summary_large_image","twitter_creator":"@kalotmx","twitter_site":"@kalotmx","twitter_misc":{"Escrito por":"Anastacio S\u00e1nchez","Tiempo de lectura":"2 minutos"},"schema":{"@context":"https:\/\/schema.org","@graph":[{"@type":"Article","@id":"https:\/\/kalot.com.mx\/site\/2013\/09\/19\/gran\/#article","isPartOf":{"@id":"https:\/\/kalot.com.mx\/site\/2013\/09\/19\/gran\/"},"author":{"name":"Anastacio S\u00e1nchez","@id":"https:\/\/kalot.com.mx\/site\/#\/schema\/person\/ee236b25e18db7b6c0361096b819085e"},"headline":"Gran Premio Hist\u00f3rico en la CD de Mexico. #automoviles","datePublished":"2013-09-19T20:00:47+00:00","dateModified":"2013-09-19T20:04:42+00:00","mainEntityOfPage":{"@id":"https:\/\/kalot.com.mx\/site\/2013\/09\/19\/gran\/"},"wordCount":358,"commentCount":0,"publisher":{"@id":"https:\/\/kalot.com.mx\/site\/#organization"},"image":{"@id":"https:\/\/kalot.com.mx\/site\/2013\/09\/19\/gran\/#primaryimage"},"thumbnailUrl":"https:\/\/i0.wp.com\/kalot.com.mx\/site\/wp-content\/uploads\/2013\/09\/logo-GP-HISTORICO-2012-nueva-forma-OK-01.jpg?fit=3300%2C1717&ssl=1","inLanguage":"es","potentialAction":[{"@type":"CommentAction","name":"Comment","target":["https:\/\/kalot.com.mx\/site\/2013\/09\/19\/gran\/#respond"]}]},{"@type":"WebPage","@id":"https:\/\/kalot.com.mx\/site\/2013\/09\/19\/gran\/","url":"https:\/\/kalot.com.mx\/site\/2013\/09\/19\/gran\/","name":"Gran Premio Hist\u00f3rico en la CD de Mexico. #automoviles - Kalot","isPartOf":{"@id":"https:\/\/kalot.com.mx\/site\/#website"},"primaryImageOfPage":{"@id":"https:\/\/kalot.com.mx\/site\/2013\/09\/19\/gran\/#primaryimage"},"image":{"@id":"https:\/\/kalot.com.mx\/site\/2013\/09\/19\/gran\/#primaryimage"},"thumbnailUrl":"https:\/\/i0.wp.com\/kalot.com.mx\/site\/wp-content\/uploads\/2013\/09\/logo-GP-HISTORICO-2012-nueva-forma-OK-01.jpg?fit=3300%2C1717&ssl=1","datePublished":"2013-09-19T20:00:47+00:00","dateModified":"2013-09-19T20:04:42+00:00","description":"El Gran Premio Hist\u00f3rico es el gran evento que re\u00fane a los m\u00e1s hermosos autos de colecci\u00f3n y deportivos especiales, el d\u00eda 6 de octubre del 2013.","breadcrumb":{"@id":"https:\/\/kalot.com.mx\/site\/2013\/09\/19\/gran\/#breadcrumb"},"inLanguage":"es","potentialAction":[{"@type":"ReadAction","target":["https:\/\/kalot.com.mx\/site\/2013\/09\/19\/gran\/"]}]},{"@type":"ImageObject","inLanguage":"es","@id":"https:\/\/kalot.com.mx\/site\/2013\/09\/19\/gran\/#primaryimage","url":"https:\/\/i0.wp.com\/kalot.com.mx\/site\/wp-content\/uploads\/2013\/09\/logo-GP-HISTORICO-2012-nueva-forma-OK-01.jpg?fit=3300%2C1717&ssl=1","contentUrl":"https:\/\/i0.wp.com\/kalot.com.mx\/site\/wp-content\/uploads\/2013\/09\/logo-GP-HISTORICO-2012-nueva-forma-OK-01.jpg?fit=3300%2C1717&ssl=1","width":3300,"height":1717},{"@type":"BreadcrumbList","@id":"https:\/\/kalot.com.mx\/site\/2013\/09\/19\/gran\/#breadcrumb","itemListElement":[{"@type":"ListItem","position":1,"name":"Home","item":"https:\/\/kalot.com.mx\/site\/"},{"@type":"ListItem","position":2,"name":"Gran Premio Hist\u00f3rico en la CD de Mexico. #automoviles"}]},{"@type":"WebSite","@id":"https:\/\/kalot.com.mx\/site\/#website","url":"https:\/\/kalot.com.mx\/site\/","name":"Kalot","description":"Conoce Todo Sobre Todo","publisher":{"@id":"https:\/\/kalot.com.mx\/site\/#organization"},"potentialAction":[{"@type":"SearchAction","target":{"@type":"EntryPoint","urlTemplate":"https:\/\/kalot.com.mx\/site\/?s={search_term_string}"},"query-input":{"@type":"PropertyValueSpecification","valueRequired":true,"valueName":"search_term_string"}}],"inLanguage":"es"},{"@type":"Organization","@id":"https:\/\/kalot.com.mx\/site\/#organization","name":"Kalot","url":"https:\/\/kalot.com.mx\/site\/","logo":{"@type":"ImageObject","inLanguage":"es","@id":"https:\/\/kalot.com.mx\/site\/#\/schema\/logo\/image\/","url":"https:\/\/i0.wp.com\/kalot.com.mx\/site\/wp-content\/uploads\/2020\/04\/Kalot-logo-sin-tagline.png?fit=1707%2C1014&ssl=1","contentUrl":"https:\/\/i0.wp.com\/kalot.com.mx\/site\/wp-content\/uploads\/2020\/04\/Kalot-logo-sin-tagline.png?fit=1707%2C1014&ssl=1","width":1707,"height":1014,"caption":"Kalot"},"image":{"@id":"https:\/\/kalot.com.mx\/site\/#\/schema\/logo\/image\/"},"sameAs":["http:\/\/facebook.com\/mxkalot","https:\/\/x.com\/kalotmx","http:\/\/instagram.com\/kalotmx","http:\/\/pinterest.com\/jorgeerana\/kalot"]},{"@type":"Person","@id":"https:\/\/kalot.com.mx\/site\/#\/schema\/person\/ee236b25e18db7b6c0361096b819085e","name":"Anastacio S\u00e1nchez","image":{"@type":"ImageObject","inLanguage":"es","@id":"https:\/\/secure.gravatar.com\/avatar\/324a92a45418ed8a3050af905f315c92e1a55b521705c4387fc1ff31aa115e86?s=96&d=mm&r=g","url":"https:\/\/secure.gravatar.com\/avatar\/324a92a45418ed8a3050af905f315c92e1a55b521705c4387fc1ff31aa115e86?s=96&d=mm&r=g","contentUrl":"https:\/\/secure.gravatar.com\/avatar\/324a92a45418ed8a3050af905f315c92e1a55b521705c4387fc1ff31aa115e86?s=96&d=mm&r=g","caption":"Anastacio S\u00e1nchez"},"description":"Soy Huasteco de nacimiento, Americanista de coraz\u00f3n y mercadologo en formaci\u00f3n, estudiante de la Universidad Polit\u00e9cnica de San Luis Potos\u00ed, Bloger novato.","sameAs":["https:\/\/twitter.com\/ASC2807"],"url":"https:\/\/kalot.com.mx\/site\/author\/tacho\/"}]}},"jetpack_publicize_connections":[],"jetpack_featured_media_url":"https:\/\/i0.wp.com\/kalot.com.mx\/site\/wp-content\/uploads\/2013\/09\/logo-GP-HISTORICO-2012-nueva-forma-OK-01.jpg?fit=3300%2C1717&ssl=1","jetpack_shortlink":"https:\/\/wp.me\/s6IHEI-gran","jetpack-related-posts":[{"id":3874,"url":"https:\/\/kalot.com.mx\/site\/2013\/10\/13\/las-marcas-de-autos-favoritas-en-mexico\/","url_meta":{"origin":1969,"position":0},"title":"Las marcas de autos favoritas en M\u00e9xico","author":"Samuel Arriaga","date":"13 octubre, 2013","format":false,"excerpt":"\u00a1Hola! Amig@s Kaloch@s hoy les traigo un estudio sobre las mejores marcas de autos seg\u00fan el estudio VOSS. Los autom\u00f3viles siempre han sido una forma \u00fatil de poder trasladarnos a distancias largas, pues nos reducen el tiempo de recorrido. Un estudio realizado por VOSS en donde los propietarios de los\u2026","rel":"","context":"Con 2 comentarios","block_context":{"text":"Con 2 comentarios","link":"https:\/\/kalot.com.mx\/site\/2013\/10\/13\/las-marcas-de-autos-favoritas-en-mexico\/#comments"},"img":{"alt_text":"","src":"https:\/\/i0.wp.com\/kalot.com.mx\/site\/wp-content\/uploads\/2013\/10\/car-logos.jpg?fit=1201%2C751&ssl=1&resize=350%2C200","width":350,"height":200,"srcset":"https:\/\/i0.wp.com\/kalot.com.mx\/site\/wp-content\/uploads\/2013\/10\/car-logos.jpg?fit=1201%2C751&ssl=1&resize=350%2C200 1x, https:\/\/i0.wp.com\/kalot.com.mx\/site\/wp-content\/uploads\/2013\/10\/car-logos.jpg?fit=1201%2C751&ssl=1&resize=525%2C300 1.5x, https:\/\/i0.wp.com\/kalot.com.mx\/site\/wp-content\/uploads\/2013\/10\/car-logos.jpg?fit=1201%2C751&ssl=1&resize=700%2C400 2x, https:\/\/i0.wp.com\/kalot.com.mx\/site\/wp-content\/uploads\/2013\/10\/car-logos.jpg?fit=1201%2C751&ssl=1&resize=1050%2C600 3x"},"classes":[]},{"id":17490,"url":"https:\/\/kalot.com.mx\/site\/2014\/08\/04\/darth-vader-el-nuevo-integrante-de-la-familia-hot-wheels\/","url_meta":{"origin":1969,"position":1},"title":"Darth Vader, el nuevo integrante de la familia Hot Wheels","author":"Edgar Villanueva","date":"4 agosto, 2014","format":false,"excerpt":"El mes pasado se llev\u00f3 a cabo la feria Comic-Con en San Diego, Californa, en la cual Hot Wheels sorprendi\u00f3 a m\u00e1s de uno al presentar su pr\u00f3ximo modelo de auto que esta inspirado en Darth Vader; lo interesante de esta presentaci\u00f3n es que el autom\u00f3vil es de tama\u00f1o real\u2026","rel":"","context":"En &quot;Sin categor\u00eda&quot;","block_context":{"text":"Sin categor\u00eda","link":"https:\/\/kalot.com.mx\/site\/category\/sin-categoria\/"},"img":{"alt_text":"","src":"https:\/\/i0.wp.com\/kalot.com.mx\/site\/wp-content\/uploads\/2014\/08\/mattel-hot-wheels-star-wars-darth-vader-003-1-960x623.jpg?fit=960%2C540&ssl=1&resize=350%2C200","width":350,"height":200,"srcset":"https:\/\/i0.wp.com\/kalot.com.mx\/site\/wp-content\/uploads\/2014\/08\/mattel-hot-wheels-star-wars-darth-vader-003-1-960x623.jpg?fit=960%2C540&ssl=1&resize=350%2C200 1x, https:\/\/i0.wp.com\/kalot.com.mx\/site\/wp-content\/uploads\/2014\/08\/mattel-hot-wheels-star-wars-darth-vader-003-1-960x623.jpg?fit=960%2C540&ssl=1&resize=525%2C300 1.5x, https:\/\/i0.wp.com\/kalot.com.mx\/site\/wp-content\/uploads\/2014\/08\/mattel-hot-wheels-star-wars-darth-vader-003-1-960x623.jpg?fit=960%2C540&ssl=1&resize=700%2C400 2x"},"classes":[]},{"id":7167,"url":"https:\/\/kalot.com.mx\/site\/2013\/11\/25\/aftermovie-corona-capital-2013\/","url_meta":{"origin":1969,"position":2},"title":"Aftermovie Corona Capital 2013","author":"Omar Herrera","date":"25 noviembre, 2013","format":false,"excerpt":"Despu\u00e9s de casi 2 meses de haber tenido uno de los festivales m\u00e1s importantes de nuestro pa\u00eds, el Corona Capital, la gente de www.lightandnoise.tv se hizo cargo de recopilar algunos de los mejores momentos con los que se contaron en esta 4a edici\u00f3n que este a\u00f1o cont\u00f3 con artistas de\u2026","rel":"","context":"Entrada similar ","block_context":{"text":"Entrada similar ","link":""},"img":{"alt_text":"","src":"https:\/\/i0.wp.com\/kalot.com.mx\/site\/wp-content\/uploads\/2013\/11\/maxresdefault-1.jpg?fit=1200%2C675&ssl=1&resize=350%2C200","width":350,"height":200,"srcset":"https:\/\/i0.wp.com\/kalot.com.mx\/site\/wp-content\/uploads\/2013\/11\/maxresdefault-1.jpg?fit=1200%2C675&ssl=1&resize=350%2C200 1x, https:\/\/i0.wp.com\/kalot.com.mx\/site\/wp-content\/uploads\/2013\/11\/maxresdefault-1.jpg?fit=1200%2C675&ssl=1&resize=525%2C300 1.5x, https:\/\/i0.wp.com\/kalot.com.mx\/site\/wp-content\/uploads\/2013\/11\/maxresdefault-1.jpg?fit=1200%2C675&ssl=1&resize=700%2C400 2x, https:\/\/i0.wp.com\/kalot.com.mx\/site\/wp-content\/uploads\/2013\/11\/maxresdefault-1.jpg?fit=1200%2C675&ssl=1&resize=1050%2C600 3x"},"classes":[]},{"id":18656,"url":"https:\/\/kalot.com.mx\/site\/2014\/10\/10\/apps-para-el-corona-capital\/","url_meta":{"origin":1969,"position":3},"title":"Apps para el Corona Capital","author":"Cecilia Mata","date":"10 octubre, 2014","format":false,"excerpt":"Afortunados son los que este 11 y 12 de octubre se reventaran una gran fiesta en la curva cuatro del Aut\u00f3dromo Hermanos Rodr\u00edguez todo esto en la ciudad de M\u00e9xico. Sam Smith Jack White, Massive Attack, Weezer, Damon Albarn, MGMT, Beck, Little Dragon, Belle & Sebastian, Foster The People, Kings\u2026","rel":"","context":"Entrada similar ","block_context":{"text":"Entrada similar ","link":""},"img":{"alt_text":"","src":"https:\/\/i0.wp.com\/kalot.com.mx\/site\/wp-content\/uploads\/2014\/10\/c9f3981558c3cdff2b17211ac1133abd.jpg?fit=736%2C568&ssl=1&resize=350%2C200","width":350,"height":200,"srcset":"https:\/\/i0.wp.com\/kalot.com.mx\/site\/wp-content\/uploads\/2014\/10\/c9f3981558c3cdff2b17211ac1133abd.jpg?fit=736%2C568&ssl=1&resize=350%2C200 1x, https:\/\/i0.wp.com\/kalot.com.mx\/site\/wp-content\/uploads\/2014\/10\/c9f3981558c3cdff2b17211ac1133abd.jpg?fit=736%2C568&ssl=1&resize=525%2C300 1.5x, https:\/\/i0.wp.com\/kalot.com.mx\/site\/wp-content\/uploads\/2014\/10\/c9f3981558c3cdff2b17211ac1133abd.jpg?fit=736%2C568&ssl=1&resize=700%2C400 2x"},"classes":[]},{"id":17749,"url":"https:\/\/kalot.com.mx\/site\/2014\/08\/27\/playlist-corona-capital-2014\/","url_meta":{"origin":1969,"position":4},"title":"Corona Capital 2014 en 200 canciones #RolasKalot","author":"Dulce Mireles","date":"27 agosto, 2014","format":false,"excerpt":"Kalot en colaboraci\u00f3n con Deezer re\u00fane 200 canciones que seguramente escucharemos en Corona Capital 2014...o al menos eso deseamos.\u00a0 \u00bfQu\u00e9 canciones agregar\u00edas al playlist Corona Capital 2014? Seguramente cuando viste el line-up del CC14 pensaste en las canciones que no deb\u00edan de faltar por cada banda favorita que ya est\u00e1s\u2026","rel":"","context":"En &quot;Sin categor\u00eda&quot;","block_context":{"text":"Sin categor\u00eda","link":"https:\/\/kalot.com.mx\/site\/category\/sin-categoria\/"},"img":{"alt_text":"","src":"https:\/\/i0.wp.com\/kalot.com.mx\/site\/wp-content\/uploads\/2014\/08\/haim.jpg?fit=600%2C400&ssl=1&resize=350%2C200","width":350,"height":200,"srcset":"https:\/\/i0.wp.com\/kalot.com.mx\/site\/wp-content\/uploads\/2014\/08\/haim.jpg?fit=600%2C400&ssl=1&resize=350%2C200 1x, https:\/\/i0.wp.com\/kalot.com.mx\/site\/wp-content\/uploads\/2014\/08\/haim.jpg?fit=600%2C400&ssl=1&resize=525%2C300 1.5x"},"classes":[]},{"id":754,"url":"https:\/\/kalot.com.mx\/site\/2013\/09\/05\/queens-of-the-stone-age-hace-cover-a-los-arctic-monkeys\/","url_meta":{"origin":1969,"position":5},"title":"Queens Of The Stone Age hace cover a los Arctic Monkeys","author":"Omar Herrera","date":"5 septiembre, 2013","format":false,"excerpt":"La banda liderada por Josh Homme,\u00a0Queens Of The Stone Age\u00a0se present\u00f3 hace unas horas en el programa Live Lounge de la BBC Radio 1 en territorio brit\u00e1nico para interpretar canciones de su nuevo material\u00a0... Like Clockwork (2013)\u00a0que se lanz\u00f3 recientemente en junio. Como es costumbre con las bandas invitadas en\u2026","rel":"","context":"Entrada similar ","block_context":{"text":"Entrada similar ","link":""},"img":{"alt_text":"","src":"https:\/\/i0.wp.com\/kalot.com.mx\/site\/wp-content\/uploads\/2013\/09\/1403547629_Queens-of-the-Stone-age.jpg?fit=800%2C452&ssl=1&resize=350%2C200","width":350,"height":200,"srcset":"https:\/\/i0.wp.com\/kalot.com.mx\/site\/wp-content\/uploads\/2013\/09\/1403547629_Queens-of-the-Stone-age.jpg?fit=800%2C452&ssl=1&resize=350%2C200 1x, https:\/\/i0.wp.com\/kalot.com.mx\/site\/wp-content\/uploads\/2013\/09\/1403547629_Queens-of-the-Stone-age.jpg?fit=800%2C452&ssl=1&resize=525%2C300 1.5x, https:\/\/i0.wp.com\/kalot.com.mx\/site\/wp-content\/uploads\/2013\/09\/1403547629_Queens-of-the-Stone-age.jpg?fit=800%2C452&ssl=1&resize=700%2C400 2x"},"classes":[]}],"jetpack_sharing_enabled":true,"_links":{"self":[{"href":"https:\/\/kalot.com.mx\/site\/wp-json\/wp\/v2\/posts\/1969","targetHints":{"allow":["GET"]}}],"collection":[{"href":"https:\/\/kalot.com.mx\/site\/wp-json\/wp\/v2\/posts"}],"about":[{"href":"https:\/\/kalot.com.mx\/site\/wp-json\/wp\/v2\/types\/post"}],"author":[{"embeddable":true,"href":"https:\/\/kalot.com.mx\/site\/wp-json\/wp\/v2\/users\/19"}],"replies":[{"embeddable":true,"href":"https:\/\/kalot.com.mx\/site\/wp-json\/wp\/v2\/comments?post=1969"}],"version-history":[{"count":0,"href":"https:\/\/kalot.com.mx\/site\/wp-json\/wp\/v2\/posts\/1969\/revisions"}],"wp:featuredmedia":[{"embeddable":true,"href":"https:\/\/kalot.com.mx\/site\/wp-json\/wp\/v2\/media\/1982"}],"wp:attachment":[{"href":"https:\/\/kalot.com.mx\/site\/wp-json\/wp\/v2\/media?parent=1969"}],"wp:term":[{"taxonomy":"category","embeddable":true,"href":"https:\/\/kalot.com.mx\/site\/wp-json\/wp\/v2\/categories?post=1969"},{"taxonomy":"post_tag","embeddable":true,"href":"https:\/\/kalot.com.mx\/site\/wp-json\/wp\/v2\/tags?post=1969"}],"curies":[{"name":"wp","href":"https:\/\/api.w.org\/{rel}","templated":true}]}}