{"id":19395,"date":"2014-12-10T14:03:03","date_gmt":"2014-12-10T20:03:03","guid":{"rendered":"http:\/\/www.kalot.com.mx\/?p=19395"},"modified":"2014-12-12T12:22:41","modified_gmt":"2014-12-12T18:22:41","slug":"ya-viene-trailer-de-insurgente","status":"publish","type":"post","link":"https:\/\/kalot.com.mx\/site\/2014\/12\/10\/ya-viene-trailer-de-insurgente\/","title":{"rendered":"Ya viene&#8230; Trailer de Insurgente"},"content":{"rendered":"<p>As\u00ed es asiduos amantes a las Sagas dist\u00f3picas (g\u00e9nero d\u00f3nde se divide a la sociedad como un nuevo orden funcional) el d\u00eda viernes llega el Traler Oficial de Insurgente, la segunda parte de los libros de Veronica Roth.<\/p>\n<p><a href=\"https:\/\/i0.wp.com\/www.kalot.com.mx\/wp-content\/uploads\/2014\/12\/Veronica-Roth.jpg\"><img data-recalc-dims=\"1\" fetchpriority=\"high\" decoding=\"async\" data-attachment-id=\"19397\" data-permalink=\"https:\/\/kalot.com.mx\/site\/2014\/12\/10\/ya-viene-trailer-de-insurgente\/veronica-roth\/\" data-orig-file=\"https:\/\/i0.wp.com\/kalot.com.mx\/site\/wp-content\/uploads\/2014\/12\/Veronica-Roth.jpg?fit=300%2C400&amp;ssl=1\" data-orig-size=\"300,400\" data-comments-opened=\"1\" data-image-meta=\"{&quot;aperture&quot;:&quot;0&quot;,&quot;credit&quot;:&quot;&quot;,&quot;camera&quot;:&quot;&quot;,&quot;caption&quot;:&quot;&quot;,&quot;created_timestamp&quot;:&quot;0&quot;,&quot;copyright&quot;:&quot;2014 Jon Kopaloff&quot;,&quot;focal_length&quot;:&quot;0&quot;,&quot;iso&quot;:&quot;0&quot;,&quot;shutter_speed&quot;:&quot;0&quot;,&quot;title&quot;:&quot;&quot;,&quot;orientation&quot;:&quot;0&quot;}\" data-image-title=\"Veronica Roth\" data-image-description=\"\" data-image-caption=\"\" data-large-file=\"https:\/\/i0.wp.com\/kalot.com.mx\/site\/wp-content\/uploads\/2014\/12\/Veronica-Roth.jpg?fit=300%2C400&amp;ssl=1\" src=\"https:\/\/i0.wp.com\/www.kalot.com.mx\/wp-content\/uploads\/2014\/12\/Veronica-Roth.jpg?resize=211%2C281\" alt=\"Veronica Roth\" width=\"211\" height=\"281\" class=\"aligncenter  wp-image-19397\" srcset=\"https:\/\/i0.wp.com\/kalot.com.mx\/site\/wp-content\/uploads\/2014\/12\/Veronica-Roth.jpg?w=300&amp;ssl=1 300w, https:\/\/i0.wp.com\/kalot.com.mx\/site\/wp-content\/uploads\/2014\/12\/Veronica-Roth.jpg?resize=225%2C300&amp;ssl=1 225w\" sizes=\"(max-width: 211px) 100vw, 211px\" \/><\/a><\/p>\n<p>Fuente foto: www.people.com<\/p>\n<p>Su primera parte fue Divergente y nos habla de una sociedad dividida en 5 facciones:<\/p>\n<ul>\n<li>Abnegaci\u00f3n<\/li>\n<li>Verdad<\/li>\n<li>Cordialidad<\/li>\n<li>Erudici\u00f3n<\/li>\n<li>Osad\u00eda<\/li>\n<\/ul>\n<p>En lo personal es una saga bastante interesante y que a mi me gust\u00f3 mucho aqu\u00ed te dejo el adelanto del trailer de &#8220;Insurgente&#8221;<\/p>\n<p><span class=\"embed-youtube\" style=\"text-align:center; display: block;\"><iframe class=\"youtube-player\" width=\"1200\" height=\"675\" src=\"https:\/\/www.youtube.com\/embed\/zBDwhU-aJl8?version=3&#038;rel=1&#038;showsearch=0&#038;showinfo=1&#038;iv_load_policy=1&#038;fs=1&#038;hl=es-MX&#038;autohide=2&#038;wmode=transparent\" allowfullscreen=\"true\" style=\"border:0;\" sandbox=\"allow-scripts allow-same-origin allow-popups allow-presentation allow-popups-to-escape-sandbox\"><\/iframe><\/span><\/p>\n<p>Aun tienes tiempo de leer los libros al menos: Divergente e Insurgente, la pel\u00edcula se estrenar\u00e1 en 2015 (Marzo en USA)<\/p>\n<p><a href=\"https:\/\/i0.wp.com\/www.kalot.com.mx\/wp-content\/uploads\/2014\/12\/Libros-Veronica.jpg\"><img data-recalc-dims=\"1\" decoding=\"async\" data-attachment-id=\"19398\" data-permalink=\"https:\/\/kalot.com.mx\/site\/2014\/12\/10\/ya-viene-trailer-de-insurgente\/libros-veronica\/\" data-orig-file=\"https:\/\/i0.wp.com\/kalot.com.mx\/site\/wp-content\/uploads\/2014\/12\/Libros-Veronica.jpg?fit=627%2C309&amp;ssl=1\" data-orig-size=\"627,309\" data-comments-opened=\"1\" data-image-meta=\"{&quot;aperture&quot;:&quot;0&quot;,&quot;credit&quot;:&quot;&quot;,&quot;camera&quot;:&quot;&quot;,&quot;caption&quot;:&quot;&quot;,&quot;created_timestamp&quot;:&quot;0&quot;,&quot;copyright&quot;:&quot;&quot;,&quot;focal_length&quot;:&quot;0&quot;,&quot;iso&quot;:&quot;0&quot;,&quot;shutter_speed&quot;:&quot;0&quot;,&quot;title&quot;:&quot;&quot;,&quot;orientation&quot;:&quot;1&quot;}\" data-image-title=\"Libros Veronica\" data-image-description=\"\" data-image-caption=\"\" data-large-file=\"https:\/\/i0.wp.com\/kalot.com.mx\/site\/wp-content\/uploads\/2014\/12\/Libros-Veronica.jpg?fit=627%2C309&amp;ssl=1\" src=\"https:\/\/i0.wp.com\/www.kalot.com.mx\/wp-content\/uploads\/2014\/12\/Libros-Veronica.jpg?resize=627%2C309\" alt=\"Libros Veronica\" width=\"627\" height=\"309\" class=\"aligncenter size-full wp-image-19398\" srcset=\"https:\/\/i0.wp.com\/kalot.com.mx\/site\/wp-content\/uploads\/2014\/12\/Libros-Veronica.jpg?w=627&amp;ssl=1 627w, https:\/\/i0.wp.com\/kalot.com.mx\/site\/wp-content\/uploads\/2014\/12\/Libros-Veronica.jpg?resize=380%2C187&amp;ssl=1 380w, https:\/\/i0.wp.com\/kalot.com.mx\/site\/wp-content\/uploads\/2014\/12\/Libros-Veronica.jpg?resize=300%2C148&amp;ssl=1 300w\" sizes=\"(max-width: 627px) 100vw, 627px\" \/><\/a><\/p>\n<p>Fuente foto: 365barrington.com<\/p>\n<p>Daremos m\u00e1s noticias conforme exista mayor informaci\u00f3n disponible acerca de esta Saga.<\/p>\n<p>&#8212;&#8212;- ACTUALIZACI\u00d3N &#8212;&#8212;&#8211;<\/p>\n<p>Pues lo prometido es DEUDA&#8230; aqu\u00ed el trailer de INSURGENTE.<\/p>\n<p>&nbsp;<\/p>\n<p><span class=\"embed-youtube\" style=\"text-align:center; display: block;\"><iframe class=\"youtube-player\" width=\"1200\" height=\"675\" src=\"https:\/\/www.youtube.com\/embed\/suZcGoRLXkU?version=3&#038;rel=1&#038;showsearch=0&#038;showinfo=1&#038;iv_load_policy=1&#038;fs=1&#038;hl=es-MX&#038;autohide=2&#038;wmode=transparent\" allowfullscreen=\"true\" style=\"border:0;\" sandbox=\"allow-scripts allow-same-origin allow-popups allow-presentation allow-popups-to-escape-sandbox\"><\/iframe><\/span><\/p>\n<p>\u00a1Sigan en Kalot!<\/p>\n<p>&nbsp;<\/p>\n","protected":false},"excerpt":{"rendered":"As\u00ed es asiduos amantes a las Sagas dist\u00f3picas (g\u00e9nero d\u00f3nde se divide a la sociedad como un nuevo&hellip;\n","protected":false},"author":104,"featured_media":19402,"comment_status":"open","ping_status":"open","sticky":false,"template":"","format":"standard","meta":{"jetpack_post_was_ever_published":false,"_jetpack_newsletter_access":"","_jetpack_dont_email_post_to_subs":false,"_jetpack_newsletter_tier_id":0,"_jetpack_memberships_contains_paywalled_content":false,"_jetpack_memberships_contains_paid_content":false,"footnotes":"","jetpack_publicize_message":"","jetpack_publicize_feature_enabled":true,"jetpack_social_post_already_shared":true,"jetpack_social_options":{"image_generator_settings":{"template":"highway","default_image_id":0,"font":"","enabled":false},"version":2}},"categories":[],"tags":[],"class_list":{"0":"post-19395","1":"post","2":"type-post","3":"status-publish","4":"format-standard","5":"has-post-thumbnail","7":"cs-entry","8":"cs-video-wrap"},"yoast_head":"<!-- This site is optimized with the Yoast SEO plugin v27.4 - https:\/\/yoast.com\/product\/yoast-seo-wordpress\/ -->\n<title>Ya viene... Trailer de Insurgente  - Kalot<\/title>\n<meta name=\"description\" content=\"As\u00ed es asiduos amantes a las Sagas dist\u00f3picas (g\u00e9nero d\u00f3nde se divide a la sociedad como un nuevo orden funcional) el d\u00eda viernes llega el Traler Oficial\" \/>\n<meta name=\"robots\" content=\"index, follow, max-snippet:-1, max-image-preview:large, max-video-preview:-1\" \/>\n<link rel=\"canonical\" href=\"https:\/\/kalot.com.mx\/site\/2014\/12\/10\/ya-viene-trailer-de-insurgente\/\" \/>\n<meta property=\"og:locale\" content=\"es_MX\" \/>\n<meta property=\"og:type\" content=\"article\" \/>\n<meta property=\"og:title\" content=\"Ya viene... Trailer de Insurgente  - Kalot\" \/>\n<meta property=\"og:description\" content=\"As\u00ed es asiduos amantes a las Sagas dist\u00f3picas (g\u00e9nero d\u00f3nde se divide a la sociedad como un nuevo orden funcional) el d\u00eda viernes llega el Traler Oficial\" \/>\n<meta property=\"og:url\" content=\"https:\/\/kalot.com.mx\/site\/2014\/12\/10\/ya-viene-trailer-de-insurgente\/\" \/>\n<meta property=\"og:site_name\" content=\"Kalot\" \/>\n<meta property=\"article:publisher\" content=\"http:\/\/facebook.com\/mxkalot\" \/>\n<meta property=\"article:published_time\" content=\"2014-12-10T20:03:03+00:00\" \/>\n<meta property=\"article:modified_time\" content=\"2014-12-12T18:22:41+00:00\" \/>\n<meta property=\"og:image\" content=\"https:\/\/i0.wp.com\/kalot.com.mx\/site\/wp-content\/uploads\/2014\/12\/Poster-Tris.jpg?fit=184%2C273&ssl=1\" \/>\n\t<meta property=\"og:image:width\" content=\"184\" \/>\n\t<meta property=\"og:image:height\" content=\"273\" \/>\n\t<meta property=\"og:image:type\" content=\"image\/jpeg\" \/>\n<meta name=\"author\" content=\"Adrian Aldana\" \/>\n<meta name=\"twitter:card\" content=\"summary_large_image\" \/>\n<meta name=\"twitter:creator\" content=\"@stashtoxic\" \/>\n<meta name=\"twitter:site\" content=\"@kalotmx\" \/>\n<meta name=\"twitter:label1\" content=\"Escrito por\" \/>\n\t<meta name=\"twitter:data1\" content=\"Adrian Aldana\" \/>\n\t<meta name=\"twitter:label2\" content=\"Tiempo de lectura\" \/>\n\t<meta name=\"twitter:data2\" content=\"1 minuto\" \/>\n<!-- \/ Yoast SEO plugin. -->","yoast_head_json":{"title":"Ya viene... Trailer de Insurgente  - Kalot","description":"As\u00ed es asiduos amantes a las Sagas dist\u00f3picas (g\u00e9nero d\u00f3nde se divide a la sociedad como un nuevo orden funcional) el d\u00eda viernes llega el Traler Oficial","robots":{"index":"index","follow":"follow","max-snippet":"max-snippet:-1","max-image-preview":"max-image-preview:large","max-video-preview":"max-video-preview:-1"},"canonical":"https:\/\/kalot.com.mx\/site\/2014\/12\/10\/ya-viene-trailer-de-insurgente\/","og_locale":"es_MX","og_type":"article","og_title":"Ya viene... Trailer de Insurgente  - Kalot","og_description":"As\u00ed es asiduos amantes a las Sagas dist\u00f3picas (g\u00e9nero d\u00f3nde se divide a la sociedad como un nuevo orden funcional) el d\u00eda viernes llega el Traler Oficial","og_url":"https:\/\/kalot.com.mx\/site\/2014\/12\/10\/ya-viene-trailer-de-insurgente\/","og_site_name":"Kalot","article_publisher":"http:\/\/facebook.com\/mxkalot","article_published_time":"2014-12-10T20:03:03+00:00","article_modified_time":"2014-12-12T18:22:41+00:00","og_image":[{"width":184,"height":273,"url":"https:\/\/i0.wp.com\/kalot.com.mx\/site\/wp-content\/uploads\/2014\/12\/Poster-Tris.jpg?fit=184%2C273&ssl=1","type":"image\/jpeg"}],"author":"Adrian Aldana","twitter_card":"summary_large_image","twitter_creator":"@stashtoxic","twitter_site":"@kalotmx","twitter_misc":{"Escrito por":"Adrian Aldana","Tiempo de lectura":"1 minuto"},"schema":{"@context":"https:\/\/schema.org","@graph":[{"@type":"Article","@id":"https:\/\/kalot.com.mx\/site\/2014\/12\/10\/ya-viene-trailer-de-insurgente\/#article","isPartOf":{"@id":"https:\/\/kalot.com.mx\/site\/2014\/12\/10\/ya-viene-trailer-de-insurgente\/"},"author":{"name":"Adrian Aldana","@id":"https:\/\/kalot.com.mx\/site\/#\/schema\/person\/7ca8d08870f5189b7bf61f0615e56a47"},"headline":"Ya viene&#8230; Trailer de Insurgente","datePublished":"2014-12-10T20:03:03+00:00","dateModified":"2014-12-12T18:22:41+00:00","mainEntityOfPage":{"@id":"https:\/\/kalot.com.mx\/site\/2014\/12\/10\/ya-viene-trailer-de-insurgente\/"},"wordCount":174,"commentCount":0,"publisher":{"@id":"https:\/\/kalot.com.mx\/site\/#organization"},"image":{"@id":"https:\/\/kalot.com.mx\/site\/2014\/12\/10\/ya-viene-trailer-de-insurgente\/#primaryimage"},"thumbnailUrl":"https:\/\/i0.wp.com\/kalot.com.mx\/site\/wp-content\/uploads\/2014\/12\/Poster-Tris.jpg?fit=184%2C273&ssl=1","inLanguage":"es","potentialAction":[{"@type":"CommentAction","name":"Comment","target":["https:\/\/kalot.com.mx\/site\/2014\/12\/10\/ya-viene-trailer-de-insurgente\/#respond"]}]},{"@type":"WebPage","@id":"https:\/\/kalot.com.mx\/site\/2014\/12\/10\/ya-viene-trailer-de-insurgente\/","url":"https:\/\/kalot.com.mx\/site\/2014\/12\/10\/ya-viene-trailer-de-insurgente\/","name":"Ya viene... Trailer de Insurgente - Kalot","isPartOf":{"@id":"https:\/\/kalot.com.mx\/site\/#website"},"primaryImageOfPage":{"@id":"https:\/\/kalot.com.mx\/site\/2014\/12\/10\/ya-viene-trailer-de-insurgente\/#primaryimage"},"image":{"@id":"https:\/\/kalot.com.mx\/site\/2014\/12\/10\/ya-viene-trailer-de-insurgente\/#primaryimage"},"thumbnailUrl":"https:\/\/i0.wp.com\/kalot.com.mx\/site\/wp-content\/uploads\/2014\/12\/Poster-Tris.jpg?fit=184%2C273&ssl=1","datePublished":"2014-12-10T20:03:03+00:00","dateModified":"2014-12-12T18:22:41+00:00","description":"As\u00ed es asiduos amantes a las Sagas dist\u00f3picas (g\u00e9nero d\u00f3nde se divide a la sociedad como un nuevo orden funcional) el d\u00eda viernes llega el Traler Oficial","breadcrumb":{"@id":"https:\/\/kalot.com.mx\/site\/2014\/12\/10\/ya-viene-trailer-de-insurgente\/#breadcrumb"},"inLanguage":"es","potentialAction":[{"@type":"ReadAction","target":["https:\/\/kalot.com.mx\/site\/2014\/12\/10\/ya-viene-trailer-de-insurgente\/"]}]},{"@type":"ImageObject","inLanguage":"es","@id":"https:\/\/kalot.com.mx\/site\/2014\/12\/10\/ya-viene-trailer-de-insurgente\/#primaryimage","url":"https:\/\/i0.wp.com\/kalot.com.mx\/site\/wp-content\/uploads\/2014\/12\/Poster-Tris.jpg?fit=184%2C273&ssl=1","contentUrl":"https:\/\/i0.wp.com\/kalot.com.mx\/site\/wp-content\/uploads\/2014\/12\/Poster-Tris.jpg?fit=184%2C273&ssl=1","width":184,"height":273},{"@type":"BreadcrumbList","@id":"https:\/\/kalot.com.mx\/site\/2014\/12\/10\/ya-viene-trailer-de-insurgente\/#breadcrumb","itemListElement":[{"@type":"ListItem","position":1,"name":"Home","item":"https:\/\/kalot.com.mx\/site\/"},{"@type":"ListItem","position":2,"name":"Ya viene&#8230; Trailer de Insurgente"}]},{"@type":"WebSite","@id":"https:\/\/kalot.com.mx\/site\/#website","url":"https:\/\/kalot.com.mx\/site\/","name":"Kalot","description":"Conoce Todo Sobre Todo","publisher":{"@id":"https:\/\/kalot.com.mx\/site\/#organization"},"potentialAction":[{"@type":"SearchAction","target":{"@type":"EntryPoint","urlTemplate":"https:\/\/kalot.com.mx\/site\/?s={search_term_string}"},"query-input":{"@type":"PropertyValueSpecification","valueRequired":true,"valueName":"search_term_string"}}],"inLanguage":"es"},{"@type":"Organization","@id":"https:\/\/kalot.com.mx\/site\/#organization","name":"Kalot","url":"https:\/\/kalot.com.mx\/site\/","logo":{"@type":"ImageObject","inLanguage":"es","@id":"https:\/\/kalot.com.mx\/site\/#\/schema\/logo\/image\/","url":"https:\/\/i0.wp.com\/kalot.com.mx\/site\/wp-content\/uploads\/2020\/04\/Kalot-logo-sin-tagline.png?fit=1707%2C1014&ssl=1","contentUrl":"https:\/\/i0.wp.com\/kalot.com.mx\/site\/wp-content\/uploads\/2020\/04\/Kalot-logo-sin-tagline.png?fit=1707%2C1014&ssl=1","width":1707,"height":1014,"caption":"Kalot"},"image":{"@id":"https:\/\/kalot.com.mx\/site\/#\/schema\/logo\/image\/"},"sameAs":["http:\/\/facebook.com\/mxkalot","https:\/\/x.com\/kalotmx","http:\/\/instagram.com\/kalotmx","http:\/\/pinterest.com\/jorgeerana\/kalot"]},{"@type":"Person","@id":"https:\/\/kalot.com.mx\/site\/#\/schema\/person\/7ca8d08870f5189b7bf61f0615e56a47","name":"Adrian Aldana","image":{"@type":"ImageObject","inLanguage":"es","@id":"https:\/\/secure.gravatar.com\/avatar\/33acd468723ea005f5cf8346a551a18ed9259d808bb761c46e0d8e1082f79c8a?s=96&d=mm&r=g","url":"https:\/\/secure.gravatar.com\/avatar\/33acd468723ea005f5cf8346a551a18ed9259d808bb761c46e0d8e1082f79c8a?s=96&d=mm&r=g","contentUrl":"https:\/\/secure.gravatar.com\/avatar\/33acd468723ea005f5cf8346a551a18ed9259d808bb761c46e0d8e1082f79c8a?s=96&d=mm&r=g","caption":"Adrian Aldana"},"description":"Me gusta la tecnolog\u00eca y aprender mucho por medio de internet, tengo 31 a\u00f1os, trabajo en M\u00e9xico DF en sector de viajes y turismo, he organizado eventos, se de wordpress, de motion, de productos apple, de imovie, me encanta buscar juegos en iOS y adem\u00e1s de todo se escuchar muy bien y recomendarte un buen caf\u00e9. Saludos.","sameAs":["https:\/\/x.com\/stashtoxic"],"url":"https:\/\/kalot.com.mx\/site\/author\/adrian\/"}]}},"jetpack_publicize_connections":[],"jetpack_featured_media_url":"https:\/\/i0.wp.com\/kalot.com.mx\/site\/wp-content\/uploads\/2014\/12\/Poster-Tris.jpg?fit=184%2C273&ssl=1","jetpack_shortlink":"https:\/\/wp.me\/p6IHEI-52P","jetpack-related-posts":[{"id":20667,"url":"https:\/\/kalot.com.mx\/site\/2015\/03\/09\/insurgente-llega-al-cine-el-20-de-marzo\/","url_meta":{"origin":19395,"position":0},"title":"Insurgente Llega al cine el 20 de Marzo","author":"Adrian Aldana","date":"9 marzo, 2015","format":false,"excerpt":"As\u00ed es lectores la continuaci\u00f3n de la Saga (Divergente) d\u00f3nde sale Shailene Woodley y Theo James llega a los cines este 20 de Marzo. De nuevo ser\u00e1 traida por Corazon Films y aparentemente tambi\u00e9n habr\u00e1 una premier por parte de ellos, as\u00ed que est\u00e9n pendientes de las mec\u00e1nicas para poder\u2026","rel":"","context":"Entrada similar ","block_context":{"text":"Entrada similar ","link":""},"img":{"alt_text":"","src":"https:\/\/i0.wp.com\/kalot.com.mx\/site\/wp-content\/uploads\/2015\/03\/Insurgente-scaled.jpg?fit=1200%2C679&ssl=1&resize=350%2C200","width":350,"height":200,"srcset":"https:\/\/i0.wp.com\/kalot.com.mx\/site\/wp-content\/uploads\/2015\/03\/Insurgente-scaled.jpg?fit=1200%2C679&ssl=1&resize=350%2C200 1x, https:\/\/i0.wp.com\/kalot.com.mx\/site\/wp-content\/uploads\/2015\/03\/Insurgente-scaled.jpg?fit=1200%2C679&ssl=1&resize=525%2C300 1.5x, https:\/\/i0.wp.com\/kalot.com.mx\/site\/wp-content\/uploads\/2015\/03\/Insurgente-scaled.jpg?fit=1200%2C679&ssl=1&resize=700%2C400 2x, https:\/\/i0.wp.com\/kalot.com.mx\/site\/wp-content\/uploads\/2015\/03\/Insurgente-scaled.jpg?fit=1200%2C679&ssl=1&resize=1050%2C600 3x"},"classes":[]},{"id":25132,"url":"https:\/\/kalot.com.mx\/site\/2016\/03\/28\/batman-v-superman-horrenda-rompe-records-taquilla\/","url_meta":{"origin":19395,"position":1},"title":"Leal es un rotundo fracaso y pone en duda Ascendente. \u00bfEl fin de las Young Adult?","author":"Ivan Mendez","date":"28 marzo, 2016","format":false,"excerpt":"Y ah\u00ed estaba la pobre de Tris, so\u00f1ando con millones de dolares en taquilla. Cuatro le hac\u00eda el quite y se preparaba para ver llover oro llevado por aquellos fans de la saga Divergente que nunca aparecieron. Si algo aprendimos es que no todas las recetas YA (Young Adult) cuajan.\u2026","rel":"","context":"En &quot;Cine&quot;","block_context":{"text":"Cine","link":"https:\/\/kalot.com.mx\/site\/category\/cine\/"},"img":{"alt_text":"","src":"https:\/\/i0.wp.com\/kalot.com.mx\/site\/wp-content\/uploads\/2016\/03\/maxresdefault.jpg?fit=1200%2C675&ssl=1&resize=350%2C200","width":350,"height":200,"srcset":"https:\/\/i0.wp.com\/kalot.com.mx\/site\/wp-content\/uploads\/2016\/03\/maxresdefault.jpg?fit=1200%2C675&ssl=1&resize=350%2C200 1x, https:\/\/i0.wp.com\/kalot.com.mx\/site\/wp-content\/uploads\/2016\/03\/maxresdefault.jpg?fit=1200%2C675&ssl=1&resize=525%2C300 1.5x, https:\/\/i0.wp.com\/kalot.com.mx\/site\/wp-content\/uploads\/2016\/03\/maxresdefault.jpg?fit=1200%2C675&ssl=1&resize=700%2C400 2x, https:\/\/i0.wp.com\/kalot.com.mx\/site\/wp-content\/uploads\/2016\/03\/maxresdefault.jpg?fit=1200%2C675&ssl=1&resize=1050%2C600 3x"},"classes":[]},{"id":10181,"url":"https:\/\/kalot.com.mx\/site\/2014\/01\/24\/3-libros-que-tienen-leyendo-todo-el-mundo\/","url_meta":{"origin":19395,"position":2},"title":"3 Libros que tienen leyendo a todo el mundo","author":"Beto Mart\u00ednez","date":"24 enero, 2014","format":false,"excerpt":"La Selecci\u00f3n Si te gustaron Los Juegos del hambre, lo m\u00e1s probable es que te gustar\u00e1 La Selecci\u00f3n de Kiera Cass. De entrada La Selecci\u00f3n es una trilog\u00eda conformada por la primer novela del mismo nombre, La Elite y The one, tal vez pensaremos m\u00e1s de lo mismo, hablando de\u2026","rel":"","context":"En &quot;Sin categor\u00eda&quot;","block_context":{"text":"Sin categor\u00eda","link":"https:\/\/kalot.com.mx\/site\/category\/sin-categoria\/"},"img":{"alt_text":"","src":"https:\/\/i0.wp.com\/kalot.com.mx\/site\/wp-content\/uploads\/2014\/01\/selection-cvr-2.jpg?fit=843%2C571&ssl=1&resize=350%2C200","width":350,"height":200,"srcset":"https:\/\/i0.wp.com\/kalot.com.mx\/site\/wp-content\/uploads\/2014\/01\/selection-cvr-2.jpg?fit=843%2C571&ssl=1&resize=350%2C200 1x, https:\/\/i0.wp.com\/kalot.com.mx\/site\/wp-content\/uploads\/2014\/01\/selection-cvr-2.jpg?fit=843%2C571&ssl=1&resize=525%2C300 1.5x, https:\/\/i0.wp.com\/kalot.com.mx\/site\/wp-content\/uploads\/2014\/01\/selection-cvr-2.jpg?fit=843%2C571&ssl=1&resize=700%2C400 2x"},"classes":[]},{"id":10751,"url":"https:\/\/kalot.com.mx\/site\/2014\/01\/30\/primer-trailer-bajo-la-misma-estrella-fault-stars\/","url_meta":{"origin":19395,"position":3},"title":"Primer trailer: Bajo la misma estrella (The Fault In Our Stars)","author":"Beto Mart\u00ednez","date":"30 enero, 2014","format":false,"excerpt":"Definitivamente es uno de los trailers m\u00e1s esperados de esta temporada y que 20th Century FOX ya se hab\u00eda tardado en publicar. \u00a0Este es el Primer trailer: Bajo la misma estrella (The Fault In Our Stars), como recordar\u00e1n en un post anterior sobre recomendaciones literarias \"3 Libros que tienen leyendo\u2026","rel":"","context":"En &quot;Sin categor\u00eda&quot;","block_context":{"text":"Sin categor\u00eda","link":"https:\/\/kalot.com.mx\/site\/category\/sin-categoria\/"},"img":{"alt_text":"","src":"https:\/\/i0.wp.com\/kalot.com.mx\/site\/wp-content\/uploads\/2014\/01\/tfios.jpg?fit=810%2C1200&ssl=1&resize=350%2C200","width":350,"height":200,"srcset":"https:\/\/i0.wp.com\/kalot.com.mx\/site\/wp-content\/uploads\/2014\/01\/tfios.jpg?fit=810%2C1200&ssl=1&resize=350%2C200 1x, https:\/\/i0.wp.com\/kalot.com.mx\/site\/wp-content\/uploads\/2014\/01\/tfios.jpg?fit=810%2C1200&ssl=1&resize=525%2C300 1.5x, https:\/\/i0.wp.com\/kalot.com.mx\/site\/wp-content\/uploads\/2014\/01\/tfios.jpg?fit=810%2C1200&ssl=1&resize=700%2C400 2x"},"classes":[]},{"id":14518,"url":"https:\/\/kalot.com.mx\/site\/2014\/04\/06\/critica-divergente\/","url_meta":{"origin":19395,"position":4},"title":"Cr\u00edtica: &#8220;Divergente&#8221;","author":"Ivan Mendez","date":"6 abril, 2014","format":false,"excerpt":"Y si la fui a ver.\u00a0 No le\u00ed el libro pero no estamos hablando de la forma en que una pel\u00edcula transciende a la pantalla grande, es el filme el que recibi\u00f3 solo un 40% de \u201cfrescura\u201d por parte del reconocido sitio de cr\u00edtica de cine Rotten Tomatoes Despu\u00e9s de\u2026","rel":"","context":"Entrada similar ","block_context":{"text":"Entrada similar ","link":""},"img":{"alt_text":"","src":"https:\/\/i0.wp.com\/kalot.com.mx\/site\/wp-content\/uploads\/2014\/04\/5ef9c4da0d92472a87cfb1bdae2aaeca_DIVERGENT_Tris.jpg?fit=1024%2C907&ssl=1&resize=350%2C200","width":350,"height":200,"srcset":"https:\/\/i0.wp.com\/kalot.com.mx\/site\/wp-content\/uploads\/2014\/04\/5ef9c4da0d92472a87cfb1bdae2aaeca_DIVERGENT_Tris.jpg?fit=1024%2C907&ssl=1&resize=350%2C200 1x, https:\/\/i0.wp.com\/kalot.com.mx\/site\/wp-content\/uploads\/2014\/04\/5ef9c4da0d92472a87cfb1bdae2aaeca_DIVERGENT_Tris.jpg?fit=1024%2C907&ssl=1&resize=525%2C300 1.5x, https:\/\/i0.wp.com\/kalot.com.mx\/site\/wp-content\/uploads\/2014\/04\/5ef9c4da0d92472a87cfb1bdae2aaeca_DIVERGENT_Tris.jpg?fit=1024%2C907&ssl=1&resize=700%2C400 2x"},"classes":[]},{"id":23483,"url":"https:\/\/kalot.com.mx\/site\/2015\/09\/16\/xavier-mina-porque-recordarlo-estos-festejos\/","url_meta":{"origin":19395,"position":5},"title":"Xavier Mina: \u00bfPor qu\u00e9 recordarlo estos festejos?","author":"Aldo L\u00f3pez","date":"16 septiembre, 2015","format":false,"excerpt":"Un a\u00f1o m\u00e1s se cumple de la independencia de M\u00e9xico. Esta raz\u00f3n es perfecta para recordar a esos hombres y mujeres, quienes durante todo el proceso de lucha que vivi\u00f3 este pa\u00eds por independizarse de Espa\u00f1a, destacaron defendiendo sus ideas y pensamientos que cre\u00edan llevar\u00edan a un mejor rumbo pol\u00edtico\u2026","rel":"","context":"En &quot;Cine&quot;","block_context":{"text":"Cine","link":"https:\/\/kalot.com.mx\/site\/category\/cine\/"},"img":{"alt_text":"","src":"https:\/\/i0.wp.com\/kalot.com.mx\/site\/wp-content\/uploads\/2015\/09\/Xavier-Mina-Cover-3.jpg?fit=530%2C467&ssl=1&resize=350%2C200","width":350,"height":200,"srcset":"https:\/\/i0.wp.com\/kalot.com.mx\/site\/wp-content\/uploads\/2015\/09\/Xavier-Mina-Cover-3.jpg?fit=530%2C467&ssl=1&resize=350%2C200 1x, https:\/\/i0.wp.com\/kalot.com.mx\/site\/wp-content\/uploads\/2015\/09\/Xavier-Mina-Cover-3.jpg?fit=530%2C467&ssl=1&resize=525%2C300 1.5x"},"classes":[]}],"jetpack_sharing_enabled":true,"_links":{"self":[{"href":"https:\/\/kalot.com.mx\/site\/wp-json\/wp\/v2\/posts\/19395","targetHints":{"allow":["GET"]}}],"collection":[{"href":"https:\/\/kalot.com.mx\/site\/wp-json\/wp\/v2\/posts"}],"about":[{"href":"https:\/\/kalot.com.mx\/site\/wp-json\/wp\/v2\/types\/post"}],"author":[{"embeddable":true,"href":"https:\/\/kalot.com.mx\/site\/wp-json\/wp\/v2\/users\/104"}],"replies":[{"embeddable":true,"href":"https:\/\/kalot.com.mx\/site\/wp-json\/wp\/v2\/comments?post=19395"}],"version-history":[{"count":0,"href":"https:\/\/kalot.com.mx\/site\/wp-json\/wp\/v2\/posts\/19395\/revisions"}],"wp:featuredmedia":[{"embeddable":true,"href":"https:\/\/kalot.com.mx\/site\/wp-json\/wp\/v2\/media\/19402"}],"wp:attachment":[{"href":"https:\/\/kalot.com.mx\/site\/wp-json\/wp\/v2\/media?parent=19395"}],"wp:term":[{"taxonomy":"category","embeddable":true,"href":"https:\/\/kalot.com.mx\/site\/wp-json\/wp\/v2\/categories?post=19395"},{"taxonomy":"post_tag","embeddable":true,"href":"https:\/\/kalot.com.mx\/site\/wp-json\/wp\/v2\/tags?post=19395"}],"curies":[{"name":"wp","href":"https:\/\/api.w.org\/{rel}","templated":true}]}}