{"id":19358,"date":"2014-12-11T01:27:07","date_gmt":"2014-12-11T07:27:07","guid":{"rendered":"http:\/\/www.kalot.com.mx\/?p=19358"},"modified":"2014-12-11T01:27:07","modified_gmt":"2014-12-11T07:27:07","slug":"martin-gore-con-el-alma-en-depeche-mode-parte-ii","status":"publish","type":"post","link":"https:\/\/kalot.com.mx\/site\/2014\/12\/11\/martin-gore-con-el-alma-en-depeche-mode-parte-ii\/","title":{"rendered":"Martin Gore: Con el alma en Depeche Mode (Parte II)."},"content":{"rendered":"<p style=\"text-align: justify\">Hac\u00eda la mitad de los a\u00f1os 80s, Depeche Mode era un grupo con un estilo ya definido y sonido muy alejado de su primer \u00e1lbum. Martin Gore tambi\u00e9n hab\u00eda logrado dejar atr\u00e1s las comparaciones con el anterior compositor y ex integrante Vince Clarke. Todo ello quedaba comprobado con el siguiente material.<\/p>\n<p style=\"text-align: justify\"><a href=\"https:\/\/i0.wp.com\/www.kalot.com.mx\/wp-content\/uploads\/2014\/12\/Black-Celebration.jpg\"><img data-recalc-dims=\"1\" fetchpriority=\"high\" decoding=\"async\" data-attachment-id=\"19404\" data-permalink=\"https:\/\/kalot.com.mx\/site\/2014\/12\/11\/martin-gore-con-el-alma-en-depeche-mode-parte-ii\/black-celebration\/\" data-orig-file=\"https:\/\/i0.wp.com\/kalot.com.mx\/site\/wp-content\/uploads\/2014\/12\/Black-Celebration.jpg?fit=500%2C500&amp;ssl=1\" data-orig-size=\"500,500\" data-comments-opened=\"1\" data-image-meta=\"{&quot;aperture&quot;:&quot;0&quot;,&quot;credit&quot;:&quot;&quot;,&quot;camera&quot;:&quot;&quot;,&quot;caption&quot;:&quot;&quot;,&quot;created_timestamp&quot;:&quot;0&quot;,&quot;copyright&quot;:&quot;&quot;,&quot;focal_length&quot;:&quot;0&quot;,&quot;iso&quot;:&quot;0&quot;,&quot;shutter_speed&quot;:&quot;0&quot;,&quot;title&quot;:&quot;&quot;,&quot;orientation&quot;:&quot;0&quot;}\" data-image-title=\"Black Celebration\" data-image-description=\"\" data-image-caption=\"\" data-large-file=\"https:\/\/i0.wp.com\/kalot.com.mx\/site\/wp-content\/uploads\/2014\/12\/Black-Celebration.jpg?fit=500%2C500&amp;ssl=1\" src=\"https:\/\/i0.wp.com\/www.kalot.com.mx\/wp-content\/uploads\/2014\/12\/Black-Celebration-300x300.jpg?resize=300%2C300\" alt=\"Black Celebration\" class=\"alignnone size-medium wp-image-19404\" height=\"300\" width=\"300\" srcset=\"https:\/\/i0.wp.com\/kalot.com.mx\/site\/wp-content\/uploads\/2014\/12\/Black-Celebration.jpg?resize=300%2C300&amp;ssl=1 300w, https:\/\/i0.wp.com\/kalot.com.mx\/site\/wp-content\/uploads\/2014\/12\/Black-Celebration.jpg?resize=80%2C80&amp;ssl=1 80w, https:\/\/i0.wp.com\/kalot.com.mx\/site\/wp-content\/uploads\/2014\/12\/Black-Celebration.jpg?resize=110%2C110&amp;ssl=1 110w, https:\/\/i0.wp.com\/kalot.com.mx\/site\/wp-content\/uploads\/2014\/12\/Black-Celebration.jpg?resize=380%2C380&amp;ssl=1 380w, https:\/\/i0.wp.com\/kalot.com.mx\/site\/wp-content\/uploads\/2014\/12\/Black-Celebration.jpg?resize=150%2C150&amp;ssl=1 150w, https:\/\/i0.wp.com\/kalot.com.mx\/site\/wp-content\/uploads\/2014\/12\/Black-Celebration.jpg?w=500&amp;ssl=1 500w\" sizes=\"(max-width: 300px) 100vw, 300px\" \/><\/a><\/p>\n<p style=\"text-align: justify\">1986 es el a\u00f1o de una de las magnas obras del grupo: <em>Black Celebration<\/em>, con \u00e9l llega <em>A Question of lust<\/em>, tema que muestra la creciente madurez del compositor, tratando una vez m\u00e1s sobre las relaciones sentimentales y su exploraci\u00f3n para poder crecer como personas. Auditivamente conserva el sentido industrial del \u00e1lbum pero con efectos de percusiones y d\u00e1ndole un enfoque m\u00e1s de acompa\u00f1amiento contrastante a la bella y tranquila letra.<\/p>\n<p><span class=\"embed-youtube\" style=\"text-align:center; display: block;\"><iframe class=\"youtube-player\" width=\"1200\" height=\"675\" src=\"https:\/\/www.youtube.com\/embed\/-9hOigGQQPU?version=3&#038;rel=1&#038;showsearch=0&#038;showinfo=1&#038;iv_load_policy=1&#038;fs=1&#038;hl=es-MX&#038;autohide=2&#038;wmode=transparent\" allowfullscreen=\"true\" style=\"border:0;\" sandbox=\"allow-scripts allow-same-origin allow-popups allow-presentation allow-popups-to-escape-sandbox\"><\/iframe><\/span><\/p>\n<p style=\"text-align: justify\">El otro tema destacable es <em>World full of nothing<\/em>, con elementos electr\u00f3nicos imitando ac\u00fasticos y en un ritmo lento que respira aires de tristeza y melancol\u00eda, donde la letra relata una historia sobre un chico y una chica que por primera vez se entregar\u00e1n al deseo carnal en un mundo donde el amor parece no existir, solo la pasi\u00f3n parece reemplazarlo.<\/p>\n<p><span class=\"embed-youtube\" style=\"text-align:center; display: block;\"><iframe class=\"youtube-player\" width=\"1200\" height=\"675\" src=\"https:\/\/www.youtube.com\/embed\/ig49DS8d5eI?version=3&#038;rel=1&#038;showsearch=0&#038;showinfo=1&#038;iv_load_policy=1&#038;fs=1&#038;hl=es-MX&#038;autohide=2&#038;wmode=transparent\" allowfullscreen=\"true\" style=\"border:0;\" sandbox=\"allow-scripts allow-same-origin allow-popups allow-presentation allow-popups-to-escape-sandbox\"><\/iframe><\/span><\/p>\n<p>&nbsp;<\/p>\n<p><a href=\"https:\/\/i0.wp.com\/www.kalot.com.mx\/wp-content\/uploads\/2014\/12\/Music-For-The-Masses.jpg\"><img data-recalc-dims=\"1\" decoding=\"async\" data-attachment-id=\"19405\" data-permalink=\"https:\/\/kalot.com.mx\/site\/2014\/12\/11\/martin-gore-con-el-alma-en-depeche-mode-parte-ii\/music-for-the-masses\/\" data-orig-file=\"https:\/\/i0.wp.com\/kalot.com.mx\/site\/wp-content\/uploads\/2014\/12\/Music-For-The-Masses.jpg?fit=500%2C500&amp;ssl=1\" data-orig-size=\"500,500\" data-comments-opened=\"1\" data-image-meta=\"{&quot;aperture&quot;:&quot;0&quot;,&quot;credit&quot;:&quot;&quot;,&quot;camera&quot;:&quot;&quot;,&quot;caption&quot;:&quot;&quot;,&quot;created_timestamp&quot;:&quot;0&quot;,&quot;copyright&quot;:&quot;&quot;,&quot;focal_length&quot;:&quot;0&quot;,&quot;iso&quot;:&quot;0&quot;,&quot;shutter_speed&quot;:&quot;0&quot;,&quot;title&quot;:&quot;&quot;,&quot;orientation&quot;:&quot;0&quot;}\" data-image-title=\"Music For The Masses\" data-image-description=\"\" data-image-caption=\"\" data-large-file=\"https:\/\/i0.wp.com\/kalot.com.mx\/site\/wp-content\/uploads\/2014\/12\/Music-For-The-Masses.jpg?fit=500%2C500&amp;ssl=1\" src=\"https:\/\/i0.wp.com\/www.kalot.com.mx\/wp-content\/uploads\/2014\/12\/Music-For-The-Masses-300x300.jpg?resize=300%2C300\" alt=\"Music For The Masses\" class=\"alignnone size-medium wp-image-19405\" height=\"300\" width=\"300\" srcset=\"https:\/\/i0.wp.com\/kalot.com.mx\/site\/wp-content\/uploads\/2014\/12\/Music-For-The-Masses.jpg?resize=300%2C300&amp;ssl=1 300w, https:\/\/i0.wp.com\/kalot.com.mx\/site\/wp-content\/uploads\/2014\/12\/Music-For-The-Masses.jpg?resize=80%2C80&amp;ssl=1 80w, https:\/\/i0.wp.com\/kalot.com.mx\/site\/wp-content\/uploads\/2014\/12\/Music-For-The-Masses.jpg?resize=110%2C110&amp;ssl=1 110w, https:\/\/i0.wp.com\/kalot.com.mx\/site\/wp-content\/uploads\/2014\/12\/Music-For-The-Masses.jpg?resize=380%2C380&amp;ssl=1 380w, https:\/\/i0.wp.com\/kalot.com.mx\/site\/wp-content\/uploads\/2014\/12\/Music-For-The-Masses.jpg?resize=150%2C150&amp;ssl=1 150w, https:\/\/i0.wp.com\/kalot.com.mx\/site\/wp-content\/uploads\/2014\/12\/Music-For-The-Masses.jpg?w=500&amp;ssl=1 500w\" sizes=\"(max-width: 300px) 100vw, 300px\" \/><\/a><\/p>\n<p style=\"text-align: justify\">Llega 1987 y trae consigo otro \u00e1lbum exitoso: <em>Music For The Masses<\/em>, en \u00e9l est\u00e1 un himno a la pasi\u00f3n desbordada<em>: I want you now.<\/em> Es un tema que habla expl\u00edcitamente sobre la devoci\u00f3n carnal absoluta cuando se ama. Los sonidos que la acompa\u00f1an son verdaderamente sampleos cargados de sexualidad y sensualidad, lo cual le brinda un ambiente fuera de lo convencional a la pieza.<\/p>\n<p><span class=\"embed-youtube\" style=\"text-align:center; display: block;\"><iframe class=\"youtube-player\" width=\"1200\" height=\"675\" src=\"https:\/\/www.youtube.com\/embed\/GZmPeYaeka8?version=3&#038;rel=1&#038;showsearch=0&#038;showinfo=1&#038;iv_load_policy=1&#038;fs=1&#038;hl=es-MX&#038;autohide=2&#038;wmode=transparent\" allowfullscreen=\"true\" style=\"border:0;\" sandbox=\"allow-scripts allow-same-origin allow-popups allow-presentation allow-popups-to-escape-sandbox\"><\/iframe><\/span><\/p>\n<p>&nbsp;<\/p>\n<p><span class=\"embed-youtube\" style=\"text-align:center; display: block;\"><iframe class=\"youtube-player\" width=\"1200\" height=\"675\" src=\"https:\/\/www.youtube.com\/embed\/gipQAWmVqU4?version=3&#038;rel=1&#038;showsearch=0&#038;showinfo=1&#038;iv_load_policy=1&#038;fs=1&#038;hl=es-MX&#038;autohide=2&#038;wmode=transparent\" allowfullscreen=\"true\" style=\"border:0;\" sandbox=\"allow-scripts allow-same-origin allow-popups allow-presentation allow-popups-to-escape-sandbox\"><\/iframe><\/span><\/p>\n<p>&nbsp;<\/p>\n<p><a href=\"https:\/\/i0.wp.com\/www.kalot.com.mx\/wp-content\/uploads\/2014\/12\/Violator.jpg\"><img data-recalc-dims=\"1\" decoding=\"async\" data-attachment-id=\"19406\" data-permalink=\"https:\/\/kalot.com.mx\/site\/2014\/12\/11\/martin-gore-con-el-alma-en-depeche-mode-parte-ii\/violator\/\" data-orig-file=\"https:\/\/i0.wp.com\/kalot.com.mx\/site\/wp-content\/uploads\/2014\/12\/Violator.jpg?fit=500%2C500&amp;ssl=1\" data-orig-size=\"500,500\" data-comments-opened=\"1\" data-image-meta=\"{&quot;aperture&quot;:&quot;0&quot;,&quot;credit&quot;:&quot;&quot;,&quot;camera&quot;:&quot;&quot;,&quot;caption&quot;:&quot;&quot;,&quot;created_timestamp&quot;:&quot;0&quot;,&quot;copyright&quot;:&quot;&quot;,&quot;focal_length&quot;:&quot;0&quot;,&quot;iso&quot;:&quot;0&quot;,&quot;shutter_speed&quot;:&quot;0&quot;,&quot;title&quot;:&quot;&quot;,&quot;orientation&quot;:&quot;0&quot;}\" data-image-title=\"Violator\" data-image-description=\"\" data-image-caption=\"\" data-large-file=\"https:\/\/i0.wp.com\/kalot.com.mx\/site\/wp-content\/uploads\/2014\/12\/Violator.jpg?fit=500%2C500&amp;ssl=1\" src=\"https:\/\/i0.wp.com\/www.kalot.com.mx\/wp-content\/uploads\/2014\/12\/Violator-300x300.jpg?resize=300%2C300\" alt=\"Violator\" class=\"alignnone size-medium wp-image-19406\" height=\"300\" width=\"300\" srcset=\"https:\/\/i0.wp.com\/kalot.com.mx\/site\/wp-content\/uploads\/2014\/12\/Violator.jpg?resize=300%2C300&amp;ssl=1 300w, https:\/\/i0.wp.com\/kalot.com.mx\/site\/wp-content\/uploads\/2014\/12\/Violator.jpg?resize=80%2C80&amp;ssl=1 80w, https:\/\/i0.wp.com\/kalot.com.mx\/site\/wp-content\/uploads\/2014\/12\/Violator.jpg?resize=110%2C110&amp;ssl=1 110w, https:\/\/i0.wp.com\/kalot.com.mx\/site\/wp-content\/uploads\/2014\/12\/Violator.jpg?resize=380%2C380&amp;ssl=1 380w, https:\/\/i0.wp.com\/kalot.com.mx\/site\/wp-content\/uploads\/2014\/12\/Violator.jpg?resize=150%2C150&amp;ssl=1 150w, https:\/\/i0.wp.com\/kalot.com.mx\/site\/wp-content\/uploads\/2014\/12\/Violator.jpg?w=500&amp;ssl=1 500w\" sizes=\"(max-width: 300px) 100vw, 300px\" \/><\/a><\/p>\n<p style=\"text-align: justify\">Con la llegada de los a\u00f1os 90s, la madurez compositiva de Gore le permite crear junto con sus compa\u00f1eros uno de los mejores \u00e1lbumes en la historia del grupo: <em>Violator<\/em>, en \u00e9l se encuentra una bella y oscura pieza que parece hablar sobre el placer y la atracci\u00f3n sexual usando como met\u00e1fora las drogas, la pieza es un complejo de sonidos que lentamente se van agregando a la guitarra y voz de Martin, hasta estar completamente plena de capas de ellos. El ambiente recreado genera sensaciones muy diversas que la vuelven una de las mejores producidas del \u00e1lbum.<\/p>\n<p><span class=\"embed-youtube\" style=\"text-align:center; display: block;\"><iframe class=\"youtube-player\" width=\"1200\" height=\"675\" src=\"https:\/\/www.youtube.com\/embed\/QOipHcMk-hM?version=3&#038;rel=1&#038;showsearch=0&#038;showinfo=1&#038;iv_load_policy=1&#038;fs=1&#038;hl=es-MX&#038;autohide=2&#038;wmode=transparent\" allowfullscreen=\"true\" style=\"border:0;\" sandbox=\"allow-scripts allow-same-origin allow-popups allow-presentation allow-popups-to-escape-sandbox\"><\/iframe><\/span><\/p>\n<p style=\"text-align: justify\">El segundo tema que interpreta es <em>Blue Dress<\/em>. Con una letra tierna y emotiva que habla de una simple y bella petici\u00f3n hacia el ser amado dejando claros aires sensuales en el aire. Perduran sonidos emanados de sintetizadores lentos y repetitivos que hac\u00eda el final de la misma se tornan m\u00e1s \u00e1speros y experimentales, acabados por efectos de cuerdas en sus pausas.<\/p>\n<p><span class=\"embed-youtube\" style=\"text-align:center; display: block;\"><iframe class=\"youtube-player\" width=\"1200\" height=\"675\" src=\"https:\/\/www.youtube.com\/embed\/JR2hhkVCOlI?version=3&#038;rel=1&#038;showsearch=0&#038;showinfo=1&#038;iv_load_policy=1&#038;fs=1&#038;hl=es-MX&#038;autohide=2&#038;wmode=transparent\" allowfullscreen=\"true\" style=\"border:0;\" sandbox=\"allow-scripts allow-same-origin allow-popups allow-presentation allow-popups-to-escape-sandbox\"><\/iframe><\/span><\/p>\n<p style=\"text-align: justify\">Hasta aqu\u00ed el recorrido musical nos ha llevado a principios de los 90s. En la tercera parte de este articulo se inicia con las canciones que cre\u00f3 para un \u00e1lbum muy alejado del estilo de todos los que hab\u00eda hecho el grupo: <em>Songs Of Faith And Devotion&#8230;<\/em><\/p>\n<p style=\"text-align: justify\">Fuente fotograf\u00edas: <em>depechemode.com, martingore.com<\/em><\/p>\n<p style=\"text-align: justify\">Fuente videos:<em> youtube.com<\/em><\/p>\n","protected":false},"excerpt":{"rendered":"Hac\u00eda la mitad de los a\u00f1os 80s, Depeche Mode era un grupo con un estilo ya definido y&hellip;\n","protected":false},"author":106,"featured_media":19410,"comment_status":"open","ping_status":"open","sticky":false,"template":"","format":"standard","meta":{"jetpack_post_was_ever_published":false,"_jetpack_newsletter_access":"","_jetpack_dont_email_post_to_subs":false,"_jetpack_newsletter_tier_id":0,"_jetpack_memberships_contains_paywalled_content":false,"_jetpack_memberships_contains_paid_content":false,"footnotes":"","jetpack_publicize_message":"","jetpack_publicize_feature_enabled":true,"jetpack_social_post_already_shared":true,"jetpack_social_options":{"image_generator_settings":{"template":"highway","default_image_id":0,"font":"","enabled":false},"version":2}},"categories":[],"tags":[],"class_list":{"0":"post-19358","1":"post","2":"type-post","3":"status-publish","4":"format-standard","5":"has-post-thumbnail","7":"cs-entry","8":"cs-video-wrap"},"yoast_head":"<!-- This site is optimized with the Yoast SEO plugin v27.4 - https:\/\/yoast.com\/product\/yoast-seo-wordpress\/ -->\n<title>Martin Gore: Con el alma en Depeche Mode (Parte II). - Kalot<\/title>\n<meta name=\"description\" content=\"Hac\u00eda la mitad de los a\u00f1os 80s, Depeche Mode era un grupo con un estilo ya definido y sonido muy alejado de su primer \u00e1lbum. Martin Gore tambi\u00e9n hab\u00eda\" \/>\n<meta name=\"robots\" content=\"index, follow, max-snippet:-1, max-image-preview:large, max-video-preview:-1\" \/>\n<link rel=\"canonical\" href=\"https:\/\/kalot.com.mx\/site\/2014\/12\/11\/martin-gore-con-el-alma-en-depeche-mode-parte-ii\/\" \/>\n<meta property=\"og:locale\" content=\"es_MX\" \/>\n<meta property=\"og:type\" content=\"article\" \/>\n<meta property=\"og:title\" content=\"Martin Gore: Con el alma en Depeche Mode (Parte II). - Kalot\" \/>\n<meta property=\"og:description\" content=\"Hac\u00eda la mitad de los a\u00f1os 80s, Depeche Mode era un grupo con un estilo ya definido y sonido muy alejado de su primer \u00e1lbum. Martin Gore tambi\u00e9n hab\u00eda\" \/>\n<meta property=\"og:url\" content=\"https:\/\/kalot.com.mx\/site\/2014\/12\/11\/martin-gore-con-el-alma-en-depeche-mode-parte-ii\/\" \/>\n<meta property=\"og:site_name\" content=\"Kalot\" \/>\n<meta property=\"article:publisher\" content=\"http:\/\/facebook.com\/mxkalot\" \/>\n<meta property=\"article:author\" content=\"https:\/\/www.facebook.com\/aldo.space.walker\" \/>\n<meta property=\"article:published_time\" content=\"2014-12-11T07:27:07+00:00\" \/>\n<meta property=\"og:image\" content=\"https:\/\/i2.wp.com\/kalot.com.mx\/site\/wp-content\/uploads\/2014\/12\/Martin-Gore-Cover-4.jpg?fit=1472%2C696&ssl=1\" \/>\n\t<meta property=\"og:image:width\" content=\"1472\" \/>\n\t<meta property=\"og:image:height\" content=\"696\" \/>\n\t<meta property=\"og:image:type\" content=\"image\/jpeg\" \/>\n<meta name=\"author\" content=\"Aldo L\u00f3pez\" \/>\n<meta name=\"twitter:card\" content=\"summary_large_image\" \/>\n<meta name=\"twitter:creator\" content=\"@no_poet\" \/>\n<meta name=\"twitter:site\" content=\"@kalotmx\" \/>\n<meta name=\"twitter:label1\" content=\"Escrito por\" \/>\n\t<meta name=\"twitter:data1\" content=\"Aldo L\u00f3pez\" \/>\n\t<meta name=\"twitter:label2\" content=\"Tiempo de lectura\" \/>\n\t<meta name=\"twitter:data2\" content=\"3 minutos\" \/>\n<!-- \/ Yoast SEO plugin. -->","yoast_head_json":{"title":"Martin Gore: Con el alma en Depeche Mode (Parte II). - Kalot","description":"Hac\u00eda la mitad de los a\u00f1os 80s, Depeche Mode era un grupo con un estilo ya definido y sonido muy alejado de su primer \u00e1lbum. Martin Gore tambi\u00e9n hab\u00eda","robots":{"index":"index","follow":"follow","max-snippet":"max-snippet:-1","max-image-preview":"max-image-preview:large","max-video-preview":"max-video-preview:-1"},"canonical":"https:\/\/kalot.com.mx\/site\/2014\/12\/11\/martin-gore-con-el-alma-en-depeche-mode-parte-ii\/","og_locale":"es_MX","og_type":"article","og_title":"Martin Gore: Con el alma en Depeche Mode (Parte II). - Kalot","og_description":"Hac\u00eda la mitad de los a\u00f1os 80s, Depeche Mode era un grupo con un estilo ya definido y sonido muy alejado de su primer \u00e1lbum. Martin Gore tambi\u00e9n hab\u00eda","og_url":"https:\/\/kalot.com.mx\/site\/2014\/12\/11\/martin-gore-con-el-alma-en-depeche-mode-parte-ii\/","og_site_name":"Kalot","article_publisher":"http:\/\/facebook.com\/mxkalot","article_author":"https:\/\/www.facebook.com\/aldo.space.walker","article_published_time":"2014-12-11T07:27:07+00:00","og_image":[{"width":1472,"height":696,"url":"https:\/\/i2.wp.com\/kalot.com.mx\/site\/wp-content\/uploads\/2014\/12\/Martin-Gore-Cover-4.jpg?fit=1472%2C696&ssl=1","type":"image\/jpeg"}],"author":"Aldo L\u00f3pez","twitter_card":"summary_large_image","twitter_creator":"@no_poet","twitter_site":"@kalotmx","twitter_misc":{"Escrito por":"Aldo L\u00f3pez","Tiempo de lectura":"3 minutos"},"schema":{"@context":"https:\/\/schema.org","@graph":[{"@type":"Article","@id":"https:\/\/kalot.com.mx\/site\/2014\/12\/11\/martin-gore-con-el-alma-en-depeche-mode-parte-ii\/#article","isPartOf":{"@id":"https:\/\/kalot.com.mx\/site\/2014\/12\/11\/martin-gore-con-el-alma-en-depeche-mode-parte-ii\/"},"author":{"name":"Aldo L\u00f3pez","@id":"https:\/\/kalot.com.mx\/site\/#\/schema\/person\/838498a9162871498b83cdd47aed6e02"},"headline":"Martin Gore: Con el alma en Depeche Mode (Parte II).","datePublished":"2014-12-11T07:27:07+00:00","mainEntityOfPage":{"@id":"https:\/\/kalot.com.mx\/site\/2014\/12\/11\/martin-gore-con-el-alma-en-depeche-mode-parte-ii\/"},"wordCount":552,"commentCount":0,"publisher":{"@id":"https:\/\/kalot.com.mx\/site\/#organization"},"image":{"@id":"https:\/\/kalot.com.mx\/site\/2014\/12\/11\/martin-gore-con-el-alma-en-depeche-mode-parte-ii\/#primaryimage"},"thumbnailUrl":"https:\/\/i0.wp.com\/kalot.com.mx\/site\/wp-content\/uploads\/2014\/12\/Martin-Gore-Cover-4.jpg?fit=1472%2C696&ssl=1","inLanguage":"es","potentialAction":[{"@type":"CommentAction","name":"Comment","target":["https:\/\/kalot.com.mx\/site\/2014\/12\/11\/martin-gore-con-el-alma-en-depeche-mode-parte-ii\/#respond"]}]},{"@type":"WebPage","@id":"https:\/\/kalot.com.mx\/site\/2014\/12\/11\/martin-gore-con-el-alma-en-depeche-mode-parte-ii\/","url":"https:\/\/kalot.com.mx\/site\/2014\/12\/11\/martin-gore-con-el-alma-en-depeche-mode-parte-ii\/","name":"Martin Gore: Con el alma en Depeche Mode (Parte II). - Kalot","isPartOf":{"@id":"https:\/\/kalot.com.mx\/site\/#website"},"primaryImageOfPage":{"@id":"https:\/\/kalot.com.mx\/site\/2014\/12\/11\/martin-gore-con-el-alma-en-depeche-mode-parte-ii\/#primaryimage"},"image":{"@id":"https:\/\/kalot.com.mx\/site\/2014\/12\/11\/martin-gore-con-el-alma-en-depeche-mode-parte-ii\/#primaryimage"},"thumbnailUrl":"https:\/\/i0.wp.com\/kalot.com.mx\/site\/wp-content\/uploads\/2014\/12\/Martin-Gore-Cover-4.jpg?fit=1472%2C696&ssl=1","datePublished":"2014-12-11T07:27:07+00:00","description":"Hac\u00eda la mitad de los a\u00f1os 80s, Depeche Mode era un grupo con un estilo ya definido y sonido muy alejado de su primer \u00e1lbum. Martin Gore tambi\u00e9n hab\u00eda","breadcrumb":{"@id":"https:\/\/kalot.com.mx\/site\/2014\/12\/11\/martin-gore-con-el-alma-en-depeche-mode-parte-ii\/#breadcrumb"},"inLanguage":"es","potentialAction":[{"@type":"ReadAction","target":["https:\/\/kalot.com.mx\/site\/2014\/12\/11\/martin-gore-con-el-alma-en-depeche-mode-parte-ii\/"]}]},{"@type":"ImageObject","inLanguage":"es","@id":"https:\/\/kalot.com.mx\/site\/2014\/12\/11\/martin-gore-con-el-alma-en-depeche-mode-parte-ii\/#primaryimage","url":"https:\/\/i0.wp.com\/kalot.com.mx\/site\/wp-content\/uploads\/2014\/12\/Martin-Gore-Cover-4.jpg?fit=1472%2C696&ssl=1","contentUrl":"https:\/\/i0.wp.com\/kalot.com.mx\/site\/wp-content\/uploads\/2014\/12\/Martin-Gore-Cover-4.jpg?fit=1472%2C696&ssl=1","width":1472,"height":696},{"@type":"BreadcrumbList","@id":"https:\/\/kalot.com.mx\/site\/2014\/12\/11\/martin-gore-con-el-alma-en-depeche-mode-parte-ii\/#breadcrumb","itemListElement":[{"@type":"ListItem","position":1,"name":"Home","item":"https:\/\/kalot.com.mx\/site\/"},{"@type":"ListItem","position":2,"name":"Martin Gore: Con el alma en Depeche Mode (Parte II)."}]},{"@type":"WebSite","@id":"https:\/\/kalot.com.mx\/site\/#website","url":"https:\/\/kalot.com.mx\/site\/","name":"Kalot","description":"Conoce Todo Sobre Todo","publisher":{"@id":"https:\/\/kalot.com.mx\/site\/#organization"},"potentialAction":[{"@type":"SearchAction","target":{"@type":"EntryPoint","urlTemplate":"https:\/\/kalot.com.mx\/site\/?s={search_term_string}"},"query-input":{"@type":"PropertyValueSpecification","valueRequired":true,"valueName":"search_term_string"}}],"inLanguage":"es"},{"@type":"Organization","@id":"https:\/\/kalot.com.mx\/site\/#organization","name":"Kalot","url":"https:\/\/kalot.com.mx\/site\/","logo":{"@type":"ImageObject","inLanguage":"es","@id":"https:\/\/kalot.com.mx\/site\/#\/schema\/logo\/image\/","url":"https:\/\/i0.wp.com\/kalot.com.mx\/site\/wp-content\/uploads\/2020\/04\/Kalot-logo-sin-tagline.png?fit=1707%2C1014&ssl=1","contentUrl":"https:\/\/i0.wp.com\/kalot.com.mx\/site\/wp-content\/uploads\/2020\/04\/Kalot-logo-sin-tagline.png?fit=1707%2C1014&ssl=1","width":1707,"height":1014,"caption":"Kalot"},"image":{"@id":"https:\/\/kalot.com.mx\/site\/#\/schema\/logo\/image\/"},"sameAs":["http:\/\/facebook.com\/mxkalot","https:\/\/x.com\/kalotmx","http:\/\/instagram.com\/kalotmx","http:\/\/pinterest.com\/jorgeerana\/kalot"]},{"@type":"Person","@id":"https:\/\/kalot.com.mx\/site\/#\/schema\/person\/838498a9162871498b83cdd47aed6e02","name":"Aldo L\u00f3pez","image":{"@type":"ImageObject","inLanguage":"es","@id":"https:\/\/secure.gravatar.com\/avatar\/42b1b1a391b8a47062cde43591d386d7ee90610081b39846341dcf10d7d0b55a?s=96&d=mm&r=g","url":"https:\/\/secure.gravatar.com\/avatar\/42b1b1a391b8a47062cde43591d386d7ee90610081b39846341dcf10d7d0b55a?s=96&d=mm&r=g","contentUrl":"https:\/\/secure.gravatar.com\/avatar\/42b1b1a391b8a47062cde43591d386d7ee90610081b39846341dcf10d7d0b55a?s=96&d=mm&r=g","caption":"Aldo L\u00f3pez"},"description":"Acerca de mi persona les cuento que soy un apasionado de varios temas de investigaci\u00f3n y entretenimiento, me fascina todo tipo de literatura que vaya desde los comics hasta las novelas de diferentes tem\u00e1ticas. Me gusta encontrar arte, creatividad o expresi\u00f3n en lo que observo y luego tratar de escribir sobre ello, investigar sobre personajes de \u00e1mbitos como la m\u00fasica, el cine, el arte e incluso hist\u00f3ricos. Tambi\u00e9n sobre las cosas o logros por los cuales son recordados e inmortalizados. Soy originario del Estado de Tamaulipas, I.S.C. de profesi\u00f3n, escritor de afici\u00f3n e investigador por convicci\u00f3n.","sameAs":["https:\/\/www.facebook.com\/aldo.space.walker","https:\/\/x.com\/no_poet"],"url":"https:\/\/kalot.com.mx\/site\/author\/aldo\/"}]}},"jetpack_publicize_connections":[],"jetpack_featured_media_url":"https:\/\/i0.wp.com\/kalot.com.mx\/site\/wp-content\/uploads\/2014\/12\/Martin-Gore-Cover-4.jpg?fit=1472%2C696&ssl=1","jetpack_shortlink":"https:\/\/wp.me\/p6IHEI-52e","jetpack-related-posts":[{"id":19453,"url":"https:\/\/kalot.com.mx\/site\/2014\/12\/19\/martin-gore-con-el-alma-en-depeche-mode-parte-iv\/","url_meta":{"origin":19358,"position":0},"title":"Martin Gore: Con el alma en Depeche Mode (Parte IV).","author":"Aldo L\u00f3pez","date":"19 diciembre, 2014","format":false,"excerpt":"Ya adentrados por completo en el nuevo siglo, Depeche Mode sigue su marcha distinguiendose en el cada vez m\u00e1s indefinible panorama musical actual como un grupo de culto. En la entrega pasada falt\u00f3 mencionar el segundo tema donde Gore participa solitario en Exciter. Se trata de Breathe, una especie de\u2026","rel":"","context":"Entrada similar ","block_context":{"text":"Entrada similar ","link":""},"img":{"alt_text":"","src":"https:\/\/i0.wp.com\/kalot.com.mx\/site\/wp-content\/uploads\/2014\/12\/Martin-Gore-Cover-12.jpg?fit=620%2C353&ssl=1&resize=350%2C200","width":350,"height":200,"srcset":"https:\/\/i0.wp.com\/kalot.com.mx\/site\/wp-content\/uploads\/2014\/12\/Martin-Gore-Cover-12.jpg?fit=620%2C353&ssl=1&resize=350%2C200 1x, https:\/\/i0.wp.com\/kalot.com.mx\/site\/wp-content\/uploads\/2014\/12\/Martin-Gore-Cover-12.jpg?fit=620%2C353&ssl=1&resize=525%2C300 1.5x"},"classes":[]},{"id":19356,"url":"https:\/\/kalot.com.mx\/site\/2014\/12\/09\/martin-gore-con-el-alma-en-depeche-mode-parte\/","url_meta":{"origin":19358,"position":1},"title":"Martin Gore: Con el alma en Depeche Mode (Parte I).","author":"Aldo L\u00f3pez","date":"9 diciembre, 2014","format":false,"excerpt":"\u00a0Nacido en Dagenham, Londres, Inglaterra en un d\u00eda 23 de julio de 1961, Martin L. Gore lleva consigo hace poco m\u00e1s de 30 a\u00f1os la rienda casi en su totalidad de las composiciones de la m\u00edtica agrupaci\u00f3n de m\u00fasica electr\u00f3nica Depeche Mode. Para los seguidores del grupo es muy com\u00fan\u2026","rel":"","context":"Entrada similar ","block_context":{"text":"Entrada similar ","link":""},"img":{"alt_text":"","src":"https:\/\/i0.wp.com\/kalot.com.mx\/site\/wp-content\/uploads\/2014\/12\/Martin-Gore-Cover1.jpg?fit=640%2C480&ssl=1&resize=350%2C200","width":350,"height":200,"srcset":"https:\/\/i0.wp.com\/kalot.com.mx\/site\/wp-content\/uploads\/2014\/12\/Martin-Gore-Cover1.jpg?fit=640%2C480&ssl=1&resize=350%2C200 1x, https:\/\/i0.wp.com\/kalot.com.mx\/site\/wp-content\/uploads\/2014\/12\/Martin-Gore-Cover1.jpg?fit=640%2C480&ssl=1&resize=525%2C300 1.5x"},"classes":[]},{"id":19390,"url":"https:\/\/kalot.com.mx\/site\/2014\/12\/15\/martin-gore-con-el-alma-en-depeche-mode-parte-iii\/","url_meta":{"origin":19358,"position":2},"title":"Martin Gore: Con el alma en Depeche Mode (Parte III).","author":"Aldo L\u00f3pez","date":"15 diciembre, 2014","format":false,"excerpt":"Es 1993 y la agrupaci\u00f3n en cierta forma muestra su respuesta natural a los cambios musicales de la \u00e9poca. En pleno surgimiento de corrientes como el Brit pop y la era c\u00faspide del Grunge, trae Songs Of Faith And Devotion. En este \u00e1lbum Gore deja emanar sin represiones su espiritualidad\u2026","rel":"","context":"Entrada similar ","block_context":{"text":"Entrada similar ","link":""},"img":{"alt_text":"","src":"https:\/\/i0.wp.com\/kalot.com.mx\/site\/wp-content\/uploads\/2014\/12\/Songs-Of-Faith-And-Devotion.jpg?fit=500%2C500&ssl=1&resize=350%2C200","width":350,"height":200},"classes":[]},{"id":27010,"url":"https:\/\/kalot.com.mx\/site\/2017\/03\/05\/escucha-lo-nuevo-depeche-mode\/","url_meta":{"origin":19358,"position":3},"title":"Depeche Mode es todo lo que necesitas escuchar hoy&#8230;","author":"Karen Tavera","date":"5 marzo, 2017","format":false,"excerpt":"Hace algunas semanas, la banda inglesa public\u00f3 la canci\u00f3n \"Where's the Revolution\" y muchos ya estamos a la expectativa del nuevo disco de Depeche Mode: \"Spirit\", que saldr\u00e1 el pr\u00f3ximo viernes 17 de marzo. El triunfal retorno del grupo brit\u00e1nico, despu\u00e9s de 4 a\u00f1os, llega con un sencillo musical lleno\u2026","rel":"","context":"En &quot;M\u00fasica&quot;","block_context":{"text":"M\u00fasica","link":"https:\/\/kalot.com.mx\/site\/category\/musica\/"},"img":{"alt_text":"","src":"https:\/\/i0.wp.com\/kalot.com.mx\/site\/wp-content\/uploads\/2017\/03\/kalot-depeche-mode-es-lo-que-necesitas-escuchar-hoy.jpg?fit=1200%2C900&ssl=1&resize=350%2C200","width":350,"height":200,"srcset":"https:\/\/i0.wp.com\/kalot.com.mx\/site\/wp-content\/uploads\/2017\/03\/kalot-depeche-mode-es-lo-que-necesitas-escuchar-hoy.jpg?fit=1200%2C900&ssl=1&resize=350%2C200 1x, https:\/\/i0.wp.com\/kalot.com.mx\/site\/wp-content\/uploads\/2017\/03\/kalot-depeche-mode-es-lo-que-necesitas-escuchar-hoy.jpg?fit=1200%2C900&ssl=1&resize=525%2C300 1.5x, https:\/\/i0.wp.com\/kalot.com.mx\/site\/wp-content\/uploads\/2017\/03\/kalot-depeche-mode-es-lo-que-necesitas-escuchar-hoy.jpg?fit=1200%2C900&ssl=1&resize=700%2C400 2x, https:\/\/i0.wp.com\/kalot.com.mx\/site\/wp-content\/uploads\/2017\/03\/kalot-depeche-mode-es-lo-que-necesitas-escuchar-hoy.jpg?fit=1200%2C900&ssl=1&resize=1050%2C600 3x"},"classes":[]},{"id":25081,"url":"https:\/\/kalot.com.mx\/site\/2016\/03\/17\/quienes-inspiraron-a-david-bowie\/","url_meta":{"origin":19358,"position":4},"title":"\u00bfQui\u00e9nes inspiraron a David Bowie?","author":"Aldo L\u00f3pez","date":"17 marzo, 2016","format":false,"excerpt":"A principios del presente a\u00f1o, el 10 de Enero, el mundo de la m\u00fasica y muy especialmente del rock se cimbr\u00f3 con la noticia del deceso de uno de los m\u00e1s multifac\u00e9ticos y talentosos artistas que ha pisado la tierra: David Bowie. Se le ha recordado en los medios con\u2026","rel":"","context":"En &quot;Cultura&quot;","block_context":{"text":"Cultura","link":"https:\/\/kalot.com.mx\/site\/category\/cultura\/"},"img":{"alt_text":"","src":"https:\/\/i0.wp.com\/kalot.com.mx\/site\/wp-content\/uploads\/2016\/03\/Bowie-1975_schapiro_parting-3.jpg?fit=401%2C299&ssl=1&resize=350%2C200","width":350,"height":200},"classes":[]},{"id":12552,"url":"https:\/\/kalot.com.mx\/site\/2014\/02\/26\/she-wants-revenge\/","url_meta":{"origin":19358,"position":5},"title":"She Wants Revenge","author":"David S\u00e1nchez","date":"26 febrero, 2014","format":false,"excerpt":"Este mi\u00e9rcoles les hablar\u00e9 de uno de mis grupos \"underground\" favoritos. Y como aprovecho para hablar de ellos, tambi\u00e9n aprovechar\u00e9 para cambiar un poco la din\u00e1mica de los mi\u00e9rcoles. Pero regresando a lo nuestro, She Wants Revenge est\u00e1 banda de California formada por Justin y Adam, tuvos sus inicios \u00a0por\u2026","rel":"","context":"Entrada similar ","block_context":{"text":"Entrada similar ","link":""},"img":{"alt_text":"","src":"https:\/\/i0.wp.com\/kalot.com.mx\/site\/wp-content\/uploads\/2014\/02\/she_wants_revenge-156483.jpg?fit=850%2C315&ssl=1&resize=350%2C200","width":350,"height":200,"srcset":"https:\/\/i0.wp.com\/kalot.com.mx\/site\/wp-content\/uploads\/2014\/02\/she_wants_revenge-156483.jpg?fit=850%2C315&ssl=1&resize=350%2C200 1x, https:\/\/i0.wp.com\/kalot.com.mx\/site\/wp-content\/uploads\/2014\/02\/she_wants_revenge-156483.jpg?fit=850%2C315&ssl=1&resize=525%2C300 1.5x, https:\/\/i0.wp.com\/kalot.com.mx\/site\/wp-content\/uploads\/2014\/02\/she_wants_revenge-156483.jpg?fit=850%2C315&ssl=1&resize=700%2C400 2x"},"classes":[]}],"jetpack_sharing_enabled":true,"_links":{"self":[{"href":"https:\/\/kalot.com.mx\/site\/wp-json\/wp\/v2\/posts\/19358","targetHints":{"allow":["GET"]}}],"collection":[{"href":"https:\/\/kalot.com.mx\/site\/wp-json\/wp\/v2\/posts"}],"about":[{"href":"https:\/\/kalot.com.mx\/site\/wp-json\/wp\/v2\/types\/post"}],"author":[{"embeddable":true,"href":"https:\/\/kalot.com.mx\/site\/wp-json\/wp\/v2\/users\/106"}],"replies":[{"embeddable":true,"href":"https:\/\/kalot.com.mx\/site\/wp-json\/wp\/v2\/comments?post=19358"}],"version-history":[{"count":0,"href":"https:\/\/kalot.com.mx\/site\/wp-json\/wp\/v2\/posts\/19358\/revisions"}],"wp:featuredmedia":[{"embeddable":true,"href":"https:\/\/kalot.com.mx\/site\/wp-json\/wp\/v2\/media\/19410"}],"wp:attachment":[{"href":"https:\/\/kalot.com.mx\/site\/wp-json\/wp\/v2\/media?parent=19358"}],"wp:term":[{"taxonomy":"category","embeddable":true,"href":"https:\/\/kalot.com.mx\/site\/wp-json\/wp\/v2\/categories?post=19358"},{"taxonomy":"post_tag","embeddable":true,"href":"https:\/\/kalot.com.mx\/site\/wp-json\/wp\/v2\/tags?post=19358"}],"curies":[{"name":"wp","href":"https:\/\/api.w.org\/{rel}","templated":true}]}}