{"id":19356,"date":"2014-12-09T01:21:27","date_gmt":"2014-12-09T07:21:27","guid":{"rendered":"http:\/\/www.kalot.com.mx\/?p=19356"},"modified":"2014-12-09T01:21:27","modified_gmt":"2014-12-09T07:21:27","slug":"martin-gore-con-el-alma-en-depeche-mode-parte","status":"publish","type":"post","link":"https:\/\/kalot.com.mx\/site\/2014\/12\/09\/martin-gore-con-el-alma-en-depeche-mode-parte\/","title":{"rendered":"Martin Gore: Con el alma en Depeche Mode (Parte I)."},"content":{"rendered":"<p style=\"text-align: justify\">\u00a0Nacido en Dagenham, Londres, Inglaterra en un d\u00eda 23 de julio de 1961, Martin L. Gore lleva consigo hace poco m\u00e1s de 30 a\u00f1os la rienda casi en su totalidad de las composiciones de la m\u00edtica agrupaci\u00f3n de m\u00fasica electr\u00f3nica Depeche Mode.<\/p>\n<p style=\"text-align: justify\">Para los seguidores del grupo es muy com\u00fan saber que Gahan es el vocalista principal y en muchas ocasiones Gore colabora a dueto o con temas donde toma el control tanto vocal como compositivo.<br \/>\nPara explorar su carrera m\u00e1s individual como m\u00fasico (sin abordar su etapa solista), en este art\u00edculo recorrer\u00e9 una revisi\u00f3n de las obras que ha dado al grupo plenamente y mi interpretaci\u00f3n sobre ellas:<\/p>\n<p style=\"text-align: justify\"><a href=\"https:\/\/i0.wp.com\/www.kalot.com.mx\/wp-content\/uploads\/2014\/12\/Speak-and-spell.jpg\"><img data-recalc-dims=\"1\" fetchpriority=\"high\" decoding=\"async\" data-attachment-id=\"19364\" data-permalink=\"https:\/\/kalot.com.mx\/site\/2014\/12\/09\/martin-gore-con-el-alma-en-depeche-mode-parte\/speak-and-spell\/\" data-orig-file=\"https:\/\/i0.wp.com\/kalot.com.mx\/site\/wp-content\/uploads\/2014\/12\/Speak-and-spell.jpg?fit=500%2C500&ssl=1\" data-orig-size=\"500,500\" data-comments-opened=\"1\" data-image-meta=\"{&quot;aperture&quot;:&quot;0&quot;,&quot;credit&quot;:&quot;&quot;,&quot;camera&quot;:&quot;&quot;,&quot;caption&quot;:&quot;&quot;,&quot;created_timestamp&quot;:&quot;0&quot;,&quot;copyright&quot;:&quot;&quot;,&quot;focal_length&quot;:&quot;0&quot;,&quot;iso&quot;:&quot;0&quot;,&quot;shutter_speed&quot;:&quot;0&quot;,&quot;title&quot;:&quot;&quot;,&quot;orientation&quot;:&quot;0&quot;}\" data-image-title=\"Speak and spell\" data-image-description=\"\" data-image-caption=\"\" data-large-file=\"https:\/\/i0.wp.com\/kalot.com.mx\/site\/wp-content\/uploads\/2014\/12\/Speak-and-spell.jpg?fit=500%2C500&ssl=1\" src=\"https:\/\/i0.wp.com\/www.kalot.com.mx\/wp-content\/uploads\/2014\/12\/Speak-and-spell-300x300.jpg?resize=300%2C300\" alt=\"Speak and spell\" class=\"alignnone size-medium wp-image-19364\" height=\"300\" width=\"300\" srcset=\"https:\/\/i0.wp.com\/kalot.com.mx\/site\/wp-content\/uploads\/2014\/12\/Speak-and-spell.jpg?resize=300%2C300&ssl=1 300w, https:\/\/i0.wp.com\/kalot.com.mx\/site\/wp-content\/uploads\/2014\/12\/Speak-and-spell.jpg?resize=80%2C80&ssl=1 80w, https:\/\/i0.wp.com\/kalot.com.mx\/site\/wp-content\/uploads\/2014\/12\/Speak-and-spell.jpg?resize=110%2C110&ssl=1 110w, https:\/\/i0.wp.com\/kalot.com.mx\/site\/wp-content\/uploads\/2014\/12\/Speak-and-spell.jpg?resize=380%2C380&ssl=1 380w, https:\/\/i0.wp.com\/kalot.com.mx\/site\/wp-content\/uploads\/2014\/12\/Speak-and-spell.jpg?resize=150%2C150&ssl=1 150w, https:\/\/i0.wp.com\/kalot.com.mx\/site\/wp-content\/uploads\/2014\/12\/Speak-and-spell.jpg?w=500&ssl=1 500w\" sizes=\"(max-width: 300px) 100vw, 300px\" \/><\/a><\/p>\n<p style=\"text-align: justify\">Oficialmente comienza su carrera con el grupo al lado de Vince Clarke, Andrew Fletcher y David Gahan en el a\u00f1o de 1981 con el \u00e1lbum <em>Speak and Spell,<\/em> sus \u00fanicas aportaciones son los temas <em>Tora! Tora! Tora!<\/em> (La primer composici\u00f3n que realiz\u00f3 para el grupo),<em> Big Muff\u00a0 <\/em>(Tema instrumental) y uno donde es voz principal pero no el autor: <em>Any second now, <\/em>aunque en esa canci\u00f3n se vislumbraba el estilo de crear que lo caracteriza: letras con bellas melod\u00edas y una carga de melancol\u00eda sonora (como si Clarke supiera inconscientemente el estilo que le deparar\u00eda en el futuro al grupo).<\/p>\n<p><span class=\"embed-youtube\" style=\"text-align:center; display: block;\"><iframe class=\"youtube-player\" width=\"1200\" height=\"675\" src=\"https:\/\/www.youtube.com\/embed\/z91jRuTZ5rY?version=3&rel=1&showsearch=0&showinfo=1&iv_load_policy=1&fs=1&hl=es-MX&autohide=2&wmode=transparent\" allowfullscreen=\"true\" style=\"border:0;\" sandbox=\"allow-scripts allow-same-origin allow-popups allow-presentation allow-popups-to-escape-sandbox\"><\/iframe><\/span><\/p>\n<p>\u00a0<\/p>\n<p style=\"text-align: justify\"><a href=\"https:\/\/i0.wp.com\/www.kalot.com.mx\/wp-content\/uploads\/2014\/12\/A-Broken-Frame.jpg\"><img data-recalc-dims=\"1\" decoding=\"async\" data-attachment-id=\"19372\" data-permalink=\"https:\/\/kalot.com.mx\/site\/2014\/12\/09\/martin-gore-con-el-alma-en-depeche-mode-parte\/a-broken-frame\/\" data-orig-file=\"https:\/\/i0.wp.com\/kalot.com.mx\/site\/wp-content\/uploads\/2014\/12\/A-Broken-Frame.jpg?fit=500%2C500&ssl=1\" data-orig-size=\"500,500\" data-comments-opened=\"1\" data-image-meta=\"{&quot;aperture&quot;:&quot;0&quot;,&quot;credit&quot;:&quot;&quot;,&quot;camera&quot;:&quot;&quot;,&quot;caption&quot;:&quot;&quot;,&quot;created_timestamp&quot;:&quot;0&quot;,&quot;copyright&quot;:&quot;&quot;,&quot;focal_length&quot;:&quot;0&quot;,&quot;iso&quot;:&quot;0&quot;,&quot;shutter_speed&quot;:&quot;0&quot;,&quot;title&quot;:&quot;&quot;,&quot;orientation&quot;:&quot;0&quot;}\" data-image-title=\"A Broken Frame\" data-image-description=\"\" data-image-caption=\"\" data-large-file=\"https:\/\/i0.wp.com\/kalot.com.mx\/site\/wp-content\/uploads\/2014\/12\/A-Broken-Frame.jpg?fit=500%2C500&ssl=1\" src=\"https:\/\/i0.wp.com\/www.kalot.com.mx\/wp-content\/uploads\/2014\/12\/A-Broken-Frame-300x300.jpg?resize=300%2C300\" alt=\"A Broken Frame\" class=\"alignnone size-medium wp-image-19372\" height=\"300\" width=\"300\" srcset=\"https:\/\/i0.wp.com\/kalot.com.mx\/site\/wp-content\/uploads\/2014\/12\/A-Broken-Frame.jpg?resize=300%2C300&ssl=1 300w, https:\/\/i0.wp.com\/kalot.com.mx\/site\/wp-content\/uploads\/2014\/12\/A-Broken-Frame.jpg?resize=80%2C80&ssl=1 80w, https:\/\/i0.wp.com\/kalot.com.mx\/site\/wp-content\/uploads\/2014\/12\/A-Broken-Frame.jpg?resize=110%2C110&ssl=1 110w, https:\/\/i0.wp.com\/kalot.com.mx\/site\/wp-content\/uploads\/2014\/12\/A-Broken-Frame.jpg?resize=380%2C380&ssl=1 380w, https:\/\/i0.wp.com\/kalot.com.mx\/site\/wp-content\/uploads\/2014\/12\/A-Broken-Frame.jpg?resize=150%2C150&ssl=1 150w, https:\/\/i0.wp.com\/kalot.com.mx\/site\/wp-content\/uploads\/2014\/12\/A-Broken-Frame.jpg?w=500&ssl=1 500w\" sizes=\"(max-width: 300px) 100vw, 300px\" \/><\/a><\/p>\n<p style=\"text-align: justify\">En 1982, la salida del grupo de Vince Clarke deja un hueco compositivo, es entonces cuando comienza la era de Martin Gore como compositor principal con el \u00e1lbum <em>A Broken Frame<\/em>. Escribe todas las canciones y muestra el nuevo sonido que perdurar\u00eda hasta nuestros d\u00edas. Temas como <em>Leave in silence, See you y The sun and the rainfall<\/em> son una muestra de ello, aunque solo canta a d\u00fao con Dave Gahan: <em>Shouldnt have done that. <\/em>Un tema que experimenta con sonidos ambientales entrelaz\u00e1ndose con los sintetizadores a momentos asimil\u00e1ndose a una especie de <em>techno psicod\u00e9lico<\/em> y una letra que trata sobre las reglas y comportamientos que inculcan al ser humano en su ni\u00f1ez.<\/p>\n<p><span class=\"embed-youtube\" style=\"text-align:center; display: block;\"><iframe class=\"youtube-player\" width=\"1200\" height=\"675\" src=\"https:\/\/www.youtube.com\/embed\/ZSt8JT-A6hw?version=3&rel=1&showsearch=0&showinfo=1&iv_load_policy=1&fs=1&hl=es-MX&autohide=2&wmode=transparent\" allowfullscreen=\"true\" style=\"border:0;\" sandbox=\"allow-scripts allow-same-origin allow-popups allow-presentation allow-popups-to-escape-sandbox\"><\/iframe><\/span><\/p>\n<p>\u00a0<\/p>\n<p><a href=\"https:\/\/i0.wp.com\/www.kalot.com.mx\/wp-content\/uploads\/2014\/12\/Construction-Time-Again.jpg\"><img data-recalc-dims=\"1\" decoding=\"async\" data-attachment-id=\"19373\" data-permalink=\"https:\/\/kalot.com.mx\/site\/2014\/12\/09\/martin-gore-con-el-alma-en-depeche-mode-parte\/construction-time-again\/\" data-orig-file=\"https:\/\/i0.wp.com\/kalot.com.mx\/site\/wp-content\/uploads\/2014\/12\/Construction-Time-Again.jpg?fit=500%2C500&ssl=1\" data-orig-size=\"500,500\" data-comments-opened=\"1\" data-image-meta=\"{&quot;aperture&quot;:&quot;0&quot;,&quot;credit&quot;:&quot;&quot;,&quot;camera&quot;:&quot;&quot;,&quot;caption&quot;:&quot;&quot;,&quot;created_timestamp&quot;:&quot;0&quot;,&quot;copyright&quot;:&quot;&quot;,&quot;focal_length&quot;:&quot;0&quot;,&quot;iso&quot;:&quot;0&quot;,&quot;shutter_speed&quot;:&quot;0&quot;,&quot;title&quot;:&quot;&quot;,&quot;orientation&quot;:&quot;0&quot;}\" data-image-title=\"Construction Time Again\" data-image-description=\"\" data-image-caption=\"\" data-large-file=\"https:\/\/i0.wp.com\/kalot.com.mx\/site\/wp-content\/uploads\/2014\/12\/Construction-Time-Again.jpg?fit=500%2C500&ssl=1\" src=\"https:\/\/i0.wp.com\/www.kalot.com.mx\/wp-content\/uploads\/2014\/12\/Construction-Time-Again-300x300.jpg?resize=300%2C300\" alt=\"Construction Time Again\" class=\"alignnone size-medium wp-image-19373\" height=\"300\" width=\"300\" srcset=\"https:\/\/i0.wp.com\/kalot.com.mx\/site\/wp-content\/uploads\/2014\/12\/Construction-Time-Again.jpg?resize=300%2C300&ssl=1 300w, https:\/\/i0.wp.com\/kalot.com.mx\/site\/wp-content\/uploads\/2014\/12\/Construction-Time-Again.jpg?resize=80%2C80&ssl=1 80w, https:\/\/i0.wp.com\/kalot.com.mx\/site\/wp-content\/uploads\/2014\/12\/Construction-Time-Again.jpg?resize=110%2C110&ssl=1 110w, https:\/\/i0.wp.com\/kalot.com.mx\/site\/wp-content\/uploads\/2014\/12\/Construction-Time-Again.jpg?resize=380%2C380&ssl=1 380w, https:\/\/i0.wp.com\/kalot.com.mx\/site\/wp-content\/uploads\/2014\/12\/Construction-Time-Again.jpg?resize=150%2C150&ssl=1 150w, https:\/\/i0.wp.com\/kalot.com.mx\/site\/wp-content\/uploads\/2014\/12\/Construction-Time-Again.jpg?w=500&ssl=1 500w\" sizes=\"(max-width: 300px) 100vw, 300px\" \/><\/a><\/p>\n<p style=\"text-align: justify\">Pero el verdadero comienzo de un Gore en su plenitud fue el tema <em>Pipeline<\/em> del \u00e1lbum <em>Construction Time Again<\/em> de 1983 ya con Alan Wilder como integrante oficial y donde se notaba su gran aportaci\u00f3n sonora. Para muestra este tema, \u00e1spero pero complejo con sonidos intimidantes, minimalistas e industriales acompa\u00f1ados de una letra reflexiva y metaf\u00f3rica que invita a pensar en temas como las clases obreras, la industria y las incongruencias de la econom\u00eda.<\/p>\n<p><span class=\"embed-youtube\" style=\"text-align:center; display: block;\"><iframe class=\"youtube-player\" width=\"1200\" height=\"675\" src=\"https:\/\/www.youtube.com\/embed\/jdgDUP6BKUs?version=3&rel=1&showsearch=0&showinfo=1&iv_load_policy=1&fs=1&hl=es-MX&autohide=2&wmode=transparent\" allowfullscreen=\"true\" style=\"border:0;\" sandbox=\"allow-scripts allow-same-origin allow-popups allow-presentation allow-popups-to-escape-sandbox\"><\/iframe><\/span><\/p>\n<p>\u00a0<\/p>\n<p style=\"text-align: justify\"><a href=\"https:\/\/i0.wp.com\/www.kalot.com.mx\/wp-content\/uploads\/2014\/12\/Some-Great-Reward.jpg\"><img data-recalc-dims=\"1\" loading=\"lazy\" decoding=\"async\" data-attachment-id=\"19374\" data-permalink=\"https:\/\/kalot.com.mx\/site\/2014\/12\/09\/martin-gore-con-el-alma-en-depeche-mode-parte\/some-great-reward\/\" data-orig-file=\"https:\/\/i0.wp.com\/kalot.com.mx\/site\/wp-content\/uploads\/2014\/12\/Some-Great-Reward.jpg?fit=500%2C500&ssl=1\" data-orig-size=\"500,500\" data-comments-opened=\"1\" data-image-meta=\"{&quot;aperture&quot;:&quot;0&quot;,&quot;credit&quot;:&quot;&quot;,&quot;camera&quot;:&quot;&quot;,&quot;caption&quot;:&quot;&quot;,&quot;created_timestamp&quot;:&quot;0&quot;,&quot;copyright&quot;:&quot;&quot;,&quot;focal_length&quot;:&quot;0&quot;,&quot;iso&quot;:&quot;0&quot;,&quot;shutter_speed&quot;:&quot;0&quot;,&quot;title&quot;:&quot;&quot;,&quot;orientation&quot;:&quot;0&quot;}\" data-image-title=\"Some Great Reward\" data-image-description=\"\" data-image-caption=\"\" data-large-file=\"https:\/\/i0.wp.com\/kalot.com.mx\/site\/wp-content\/uploads\/2014\/12\/Some-Great-Reward.jpg?fit=500%2C500&ssl=1\" src=\"https:\/\/i0.wp.com\/www.kalot.com.mx\/wp-content\/uploads\/2014\/12\/Some-Great-Reward-300x300.jpg?resize=300%2C300\" alt=\"Some Great Reward\" class=\"alignnone size-medium wp-image-19374\" height=\"300\" width=\"300\" srcset=\"https:\/\/i0.wp.com\/kalot.com.mx\/site\/wp-content\/uploads\/2014\/12\/Some-Great-Reward.jpg?resize=300%2C300&ssl=1 300w, https:\/\/i0.wp.com\/kalot.com.mx\/site\/wp-content\/uploads\/2014\/12\/Some-Great-Reward.jpg?resize=80%2C80&ssl=1 80w, https:\/\/i0.wp.com\/kalot.com.mx\/site\/wp-content\/uploads\/2014\/12\/Some-Great-Reward.jpg?resize=110%2C110&ssl=1 110w, https:\/\/i0.wp.com\/kalot.com.mx\/site\/wp-content\/uploads\/2014\/12\/Some-Great-Reward.jpg?resize=380%2C380&ssl=1 380w, https:\/\/i0.wp.com\/kalot.com.mx\/site\/wp-content\/uploads\/2014\/12\/Some-Great-Reward.jpg?resize=150%2C150&ssl=1 150w, https:\/\/i0.wp.com\/kalot.com.mx\/site\/wp-content\/uploads\/2014\/12\/Some-Great-Reward.jpg?w=500&ssl=1 500w\" sizes=\"(max-width: 300px) 100vw, 300px\" \/><\/a><\/p>\n<p style=\"text-align: justify\">En el a\u00f1o 1984 vio la luz el \u00e1lbum <em>Some Great Reward<\/em> en el cual plasma dos temas magn\u00edficos: <em>It doesnt matter<\/em>, una balada tranquila y enso\u00f1adora que contrasta con el sonido general del \u00e1lbum la cual es acompa\u00f1ada de brotante luminosidad en sus finos sampleos. La letra habla sobre una relaci\u00f3n de amor y amistad en la cual no importan barreras como la distancia y la desconfianza.<\/p>\n<p><span class=\"embed-youtube\" style=\"text-align:center; display: block;\"><iframe class=\"youtube-player\" width=\"1200\" height=\"675\" src=\"https:\/\/www.youtube.com\/embed\/lrZKb6g_7k8?version=3&rel=1&showsearch=0&showinfo=1&iv_load_policy=1&fs=1&hl=es-MX&autohide=2&wmode=transparent\" allowfullscreen=\"true\" style=\"border:0;\" sandbox=\"allow-scripts allow-same-origin allow-popups allow-presentation allow-popups-to-escape-sandbox\"><\/iframe><\/span><\/p>\n<p style=\"text-align: justify\">La siguiente pieza es un cl\u00e1sico, <em>Somebody<\/em> es la declaraci\u00f3n de una persona acerca de sus deseos de amar y ser amado, la canci\u00f3n no necesita m\u00e1s de una escucha para comprenderla. Acompa\u00f1ado de Wilder en el piano y grabaciones de fondo que hacen proyectar a\u00fan m\u00e1s ese sentimiento de la letra.<\/p>\n<p><span class=\"embed-youtube\" style=\"text-align:center; display: block;\"><iframe class=\"youtube-player\" width=\"1200\" height=\"675\" src=\"https:\/\/www.youtube.com\/embed\/OkIvGWPUUwk?version=3&rel=1&showsearch=0&showinfo=1&iv_load_policy=1&fs=1&hl=es-MX&autohide=2&wmode=transparent\" allowfullscreen=\"true\" style=\"border:0;\" sandbox=\"allow-scripts allow-same-origin allow-popups allow-presentation allow-popups-to-escape-sandbox\"><\/iframe><\/span><\/p>\n<p>\u00a0<\/p>\n<p style=\"text-align: justify\">Hasta aqu\u00ed termina el recorrido musical por hoy, pero el camino es largo. En la segunda parte de este articulo continuar\u00e9 desde el siguiente \u00e1lbum de estudio que acent\u00f3 m\u00e1s el estilo en su sonido:<em> Black Celebration\u2026<\/em><\/p>\n<p style=\"text-align: justify\">Fuente fotograf\u00edas: <em>depechemode.com, martingore.com<\/em><\/p>\n<p style=\"text-align: justify\">Fuente videos:<em> youtube.com<\/em><\/p>\n","protected":false},"excerpt":{"rendered":"\u00a0Nacido en Dagenham, Londres, Inglaterra en un d\u00eda 23 de julio de 1961, Martin L. Gore lleva consigo&hellip;\n","protected":false},"author":106,"featured_media":19378,"comment_status":"open","ping_status":"open","sticky":false,"template":"","format":"standard","meta":{"jetpack_post_was_ever_published":false,"_jetpack_newsletter_access":"","_jetpack_dont_email_post_to_subs":false,"_jetpack_newsletter_tier_id":0,"_jetpack_memberships_contains_paywalled_content":false,"_jetpack_memberships_contains_paid_content":false,"footnotes":"","jetpack_publicize_message":"","jetpack_publicize_feature_enabled":true,"jetpack_social_post_already_shared":true,"jetpack_social_options":{"image_generator_settings":{"template":"highway","default_image_id":0,"font":"","enabled":false},"version":2}},"categories":[],"tags":[],"class_list":{"0":"post-19356","1":"post","2":"type-post","3":"status-publish","4":"format-standard","5":"has-post-thumbnail","7":"cs-entry","8":"cs-video-wrap"},"yoast_head":"<!-- This site is optimized with the Yoast SEO plugin v27.5 - https:\/\/yoast.com\/product\/yoast-seo-wordpress\/ -->\n<title>Martin Gore: Con el alma en Depeche Mode (Parte I). - Kalot<\/title>\n<meta name=\"description\" content=\"\u00a0Nacido en Dagenham, Londres, Inglaterra en un d\u00eda 23 de julio de 1961, Martin L. Gore lleva consigo hace poco m\u00e1s de 30 a\u00f1os la rienda casi en su\" \/>\n<meta name=\"robots\" content=\"index, follow, max-snippet:-1, max-image-preview:large, max-video-preview:-1\" \/>\n<link rel=\"canonical\" href=\"https:\/\/kalot.com.mx\/site\/2014\/12\/09\/martin-gore-con-el-alma-en-depeche-mode-parte\/\" \/>\n<meta property=\"og:locale\" content=\"es_MX\" \/>\n<meta property=\"og:type\" content=\"article\" \/>\n<meta property=\"og:title\" content=\"Martin Gore: Con el alma en Depeche Mode (Parte I). - Kalot\" \/>\n<meta property=\"og:description\" content=\"\u00a0Nacido en Dagenham, Londres, Inglaterra en un d\u00eda 23 de julio de 1961, Martin L. Gore lleva consigo hace poco m\u00e1s de 30 a\u00f1os la rienda casi en su\" \/>\n<meta property=\"og:url\" content=\"https:\/\/kalot.com.mx\/site\/2014\/12\/09\/martin-gore-con-el-alma-en-depeche-mode-parte\/\" \/>\n<meta property=\"og:site_name\" content=\"Kalot\" \/>\n<meta property=\"article:publisher\" content=\"http:\/\/facebook.com\/mxkalot\" \/>\n<meta property=\"article:author\" content=\"https:\/\/www.facebook.com\/aldo.space.walker\" \/>\n<meta property=\"article:published_time\" content=\"2014-12-09T07:21:27+00:00\" \/>\n<meta property=\"og:image\" content=\"https:\/\/i2.wp.com\/kalot.com.mx\/site\/wp-content\/uploads\/2014\/12\/Martin-Gore-Cover1.jpg?fit=640%2C480&ssl=1\" \/>\n\t<meta property=\"og:image:width\" content=\"640\" \/>\n\t<meta property=\"og:image:height\" content=\"480\" \/>\n\t<meta property=\"og:image:type\" content=\"image\/jpeg\" \/>\n<meta name=\"author\" content=\"Aldo L\u00f3pez\" \/>\n<meta name=\"twitter:card\" content=\"summary_large_image\" \/>\n<meta name=\"twitter:creator\" content=\"@no_poet\" \/>\n<meta name=\"twitter:site\" content=\"@kalotmx\" \/>\n<meta name=\"twitter:label1\" content=\"Escrito por\" \/>\n\t<meta name=\"twitter:data1\" content=\"Aldo L\u00f3pez\" \/>\n\t<meta name=\"twitter:label2\" content=\"Tiempo de lectura\" \/>\n\t<meta name=\"twitter:data2\" content=\"3 minutos\" \/>\n<!-- \/ Yoast SEO plugin. -->","yoast_head_json":{"title":"Martin Gore: Con el alma en Depeche Mode (Parte I). - Kalot","description":"\u00a0Nacido en Dagenham, Londres, Inglaterra en un d\u00eda 23 de julio de 1961, Martin L. Gore lleva consigo hace poco m\u00e1s de 30 a\u00f1os la rienda casi en su","robots":{"index":"index","follow":"follow","max-snippet":"max-snippet:-1","max-image-preview":"max-image-preview:large","max-video-preview":"max-video-preview:-1"},"canonical":"https:\/\/kalot.com.mx\/site\/2014\/12\/09\/martin-gore-con-el-alma-en-depeche-mode-parte\/","og_locale":"es_MX","og_type":"article","og_title":"Martin Gore: Con el alma en Depeche Mode (Parte I). - Kalot","og_description":"\u00a0Nacido en Dagenham, Londres, Inglaterra en un d\u00eda 23 de julio de 1961, Martin L. Gore lleva consigo hace poco m\u00e1s de 30 a\u00f1os la rienda casi en su","og_url":"https:\/\/kalot.com.mx\/site\/2014\/12\/09\/martin-gore-con-el-alma-en-depeche-mode-parte\/","og_site_name":"Kalot","article_publisher":"http:\/\/facebook.com\/mxkalot","article_author":"https:\/\/www.facebook.com\/aldo.space.walker","article_published_time":"2014-12-09T07:21:27+00:00","og_image":[{"width":640,"height":480,"url":"https:\/\/i2.wp.com\/kalot.com.mx\/site\/wp-content\/uploads\/2014\/12\/Martin-Gore-Cover1.jpg?fit=640%2C480&ssl=1","type":"image\/jpeg"}],"author":"Aldo L\u00f3pez","twitter_card":"summary_large_image","twitter_creator":"@no_poet","twitter_site":"@kalotmx","twitter_misc":{"Escrito por":"Aldo L\u00f3pez","Tiempo de lectura":"3 minutos"},"schema":{"@context":"https:\/\/schema.org","@graph":[{"@type":"Article","@id":"https:\/\/kalot.com.mx\/site\/2014\/12\/09\/martin-gore-con-el-alma-en-depeche-mode-parte\/#article","isPartOf":{"@id":"https:\/\/kalot.com.mx\/site\/2014\/12\/09\/martin-gore-con-el-alma-en-depeche-mode-parte\/"},"author":{"name":"Aldo L\u00f3pez","@id":"https:\/\/kalot.com.mx\/site\/#\/schema\/person\/838498a9162871498b83cdd47aed6e02"},"headline":"Martin Gore: Con el alma en Depeche Mode (Parte I).","datePublished":"2014-12-09T07:21:27+00:00","mainEntityOfPage":{"@id":"https:\/\/kalot.com.mx\/site\/2014\/12\/09\/martin-gore-con-el-alma-en-depeche-mode-parte\/"},"wordCount":656,"commentCount":0,"publisher":{"@id":"https:\/\/kalot.com.mx\/site\/#organization"},"image":{"@id":"https:\/\/kalot.com.mx\/site\/2014\/12\/09\/martin-gore-con-el-alma-en-depeche-mode-parte\/#primaryimage"},"thumbnailUrl":"https:\/\/i0.wp.com\/kalot.com.mx\/site\/wp-content\/uploads\/2014\/12\/Martin-Gore-Cover1.jpg?fit=640%2C480&ssl=1","inLanguage":"es","potentialAction":[{"@type":"CommentAction","name":"Comment","target":["https:\/\/kalot.com.mx\/site\/2014\/12\/09\/martin-gore-con-el-alma-en-depeche-mode-parte\/#respond"]}]},{"@type":"WebPage","@id":"https:\/\/kalot.com.mx\/site\/2014\/12\/09\/martin-gore-con-el-alma-en-depeche-mode-parte\/","url":"https:\/\/kalot.com.mx\/site\/2014\/12\/09\/martin-gore-con-el-alma-en-depeche-mode-parte\/","name":"Martin Gore: Con el alma en Depeche Mode (Parte I). - Kalot","isPartOf":{"@id":"https:\/\/kalot.com.mx\/site\/#website"},"primaryImageOfPage":{"@id":"https:\/\/kalot.com.mx\/site\/2014\/12\/09\/martin-gore-con-el-alma-en-depeche-mode-parte\/#primaryimage"},"image":{"@id":"https:\/\/kalot.com.mx\/site\/2014\/12\/09\/martin-gore-con-el-alma-en-depeche-mode-parte\/#primaryimage"},"thumbnailUrl":"https:\/\/i0.wp.com\/kalot.com.mx\/site\/wp-content\/uploads\/2014\/12\/Martin-Gore-Cover1.jpg?fit=640%2C480&ssl=1","datePublished":"2014-12-09T07:21:27+00:00","description":"\u00a0Nacido en Dagenham, Londres, Inglaterra en un d\u00eda 23 de julio de 1961, Martin L. Gore lleva consigo hace poco m\u00e1s de 30 a\u00f1os la rienda casi en su","breadcrumb":{"@id":"https:\/\/kalot.com.mx\/site\/2014\/12\/09\/martin-gore-con-el-alma-en-depeche-mode-parte\/#breadcrumb"},"inLanguage":"es","potentialAction":[{"@type":"ReadAction","target":["https:\/\/kalot.com.mx\/site\/2014\/12\/09\/martin-gore-con-el-alma-en-depeche-mode-parte\/"]}]},{"@type":"ImageObject","inLanguage":"es","@id":"https:\/\/kalot.com.mx\/site\/2014\/12\/09\/martin-gore-con-el-alma-en-depeche-mode-parte\/#primaryimage","url":"https:\/\/i0.wp.com\/kalot.com.mx\/site\/wp-content\/uploads\/2014\/12\/Martin-Gore-Cover1.jpg?fit=640%2C480&ssl=1","contentUrl":"https:\/\/i0.wp.com\/kalot.com.mx\/site\/wp-content\/uploads\/2014\/12\/Martin-Gore-Cover1.jpg?fit=640%2C480&ssl=1","width":640,"height":480},{"@type":"BreadcrumbList","@id":"https:\/\/kalot.com.mx\/site\/2014\/12\/09\/martin-gore-con-el-alma-en-depeche-mode-parte\/#breadcrumb","itemListElement":[{"@type":"ListItem","position":1,"name":"Home","item":"https:\/\/kalot.com.mx\/site\/"},{"@type":"ListItem","position":2,"name":"Martin Gore: Con el alma en Depeche Mode (Parte I)."}]},{"@type":"WebSite","@id":"https:\/\/kalot.com.mx\/site\/#website","url":"https:\/\/kalot.com.mx\/site\/","name":"Kalot","description":"Conoce Todo Sobre Todo","publisher":{"@id":"https:\/\/kalot.com.mx\/site\/#organization"},"potentialAction":[{"@type":"SearchAction","target":{"@type":"EntryPoint","urlTemplate":"https:\/\/kalot.com.mx\/site\/?s={search_term_string}"},"query-input":{"@type":"PropertyValueSpecification","valueRequired":true,"valueName":"search_term_string"}}],"inLanguage":"es"},{"@type":"Organization","@id":"https:\/\/kalot.com.mx\/site\/#organization","name":"Kalot","url":"https:\/\/kalot.com.mx\/site\/","logo":{"@type":"ImageObject","inLanguage":"es","@id":"https:\/\/kalot.com.mx\/site\/#\/schema\/logo\/image\/","url":"https:\/\/i0.wp.com\/kalot.com.mx\/site\/wp-content\/uploads\/2020\/04\/Kalot-logo-sin-tagline.png?fit=1707%2C1014&ssl=1","contentUrl":"https:\/\/i0.wp.com\/kalot.com.mx\/site\/wp-content\/uploads\/2020\/04\/Kalot-logo-sin-tagline.png?fit=1707%2C1014&ssl=1","width":1707,"height":1014,"caption":"Kalot"},"image":{"@id":"https:\/\/kalot.com.mx\/site\/#\/schema\/logo\/image\/"},"sameAs":["http:\/\/facebook.com\/mxkalot","https:\/\/x.com\/kalotmx","http:\/\/instagram.com\/kalotmx","http:\/\/pinterest.com\/jorgeerana\/kalot"]},{"@type":"Person","@id":"https:\/\/kalot.com.mx\/site\/#\/schema\/person\/838498a9162871498b83cdd47aed6e02","name":"Aldo L\u00f3pez","image":{"@type":"ImageObject","inLanguage":"es","@id":"https:\/\/secure.gravatar.com\/avatar\/42b1b1a391b8a47062cde43591d386d7ee90610081b39846341dcf10d7d0b55a?s=96&d=mm&r=g","url":"https:\/\/secure.gravatar.com\/avatar\/42b1b1a391b8a47062cde43591d386d7ee90610081b39846341dcf10d7d0b55a?s=96&d=mm&r=g","contentUrl":"https:\/\/secure.gravatar.com\/avatar\/42b1b1a391b8a47062cde43591d386d7ee90610081b39846341dcf10d7d0b55a?s=96&d=mm&r=g","caption":"Aldo L\u00f3pez"},"description":"Acerca de mi persona les cuento que soy un apasionado de varios temas de investigaci\u00f3n y entretenimiento, me fascina todo tipo de literatura que vaya desde los comics hasta las novelas de diferentes tem\u00e1ticas. Me gusta encontrar arte, creatividad o expresi\u00f3n en lo que observo y luego tratar de escribir sobre ello, investigar sobre personajes de \u00e1mbitos como la m\u00fasica, el cine, el arte e incluso hist\u00f3ricos. Tambi\u00e9n sobre las cosas o logros por los cuales son recordados e inmortalizados. Soy originario del Estado de Tamaulipas, I.S.C. de profesi\u00f3n, escritor de afici\u00f3n e investigador por convicci\u00f3n.","sameAs":["https:\/\/www.facebook.com\/aldo.space.walker","https:\/\/x.com\/no_poet"],"url":"https:\/\/kalot.com.mx\/site\/author\/aldo\/"}]}},"jetpack_publicize_connections":[],"jetpack_featured_media_url":"https:\/\/i0.wp.com\/kalot.com.mx\/site\/wp-content\/uploads\/2014\/12\/Martin-Gore-Cover1.jpg?fit=640%2C480&ssl=1","jetpack_shortlink":"https:\/\/wp.me\/p6IHEI-52c","jetpack-related-posts":[{"id":19453,"url":"https:\/\/kalot.com.mx\/site\/2014\/12\/19\/martin-gore-con-el-alma-en-depeche-mode-parte-iv\/","url_meta":{"origin":19356,"position":0},"title":"Martin Gore: Con el alma en Depeche Mode (Parte IV).","author":"Aldo L\u00f3pez","date":"19 diciembre, 2014","format":false,"excerpt":"Ya adentrados por completo en el nuevo siglo, Depeche Mode sigue su marcha distinguiendose en el cada vez m\u00e1s indefinible panorama musical actual como un grupo de culto. En la entrega pasada falt\u00f3 mencionar el segundo tema donde Gore participa solitario en Exciter. Se trata de Breathe, una especie de\u2026","rel":"","context":"Entrada similar ","block_context":{"text":"Entrada similar ","link":""},"img":{"alt_text":"","src":"https:\/\/i0.wp.com\/kalot.com.mx\/site\/wp-content\/uploads\/2014\/12\/Martin-Gore-Cover-12.jpg?fit=620%2C353&ssl=1&resize=350%2C200","width":350,"height":200,"srcset":"https:\/\/i0.wp.com\/kalot.com.mx\/site\/wp-content\/uploads\/2014\/12\/Martin-Gore-Cover-12.jpg?fit=620%2C353&ssl=1&resize=350%2C200 1x, https:\/\/i0.wp.com\/kalot.com.mx\/site\/wp-content\/uploads\/2014\/12\/Martin-Gore-Cover-12.jpg?fit=620%2C353&ssl=1&resize=525%2C300 1.5x"},"classes":[]},{"id":19358,"url":"https:\/\/kalot.com.mx\/site\/2014\/12\/11\/martin-gore-con-el-alma-en-depeche-mode-parte-ii\/","url_meta":{"origin":19356,"position":1},"title":"Martin Gore: Con el alma en Depeche Mode (Parte II).","author":"Aldo L\u00f3pez","date":"11 diciembre, 2014","format":false,"excerpt":"Hac\u00eda la mitad de los a\u00f1os 80s, Depeche Mode era un grupo con un estilo ya definido y sonido muy alejado de su primer \u00e1lbum. Martin Gore tambi\u00e9n hab\u00eda logrado dejar atr\u00e1s las comparaciones con el anterior compositor y ex integrante Vince Clarke. Todo ello quedaba comprobado con el siguiente\u2026","rel":"","context":"Entrada similar ","block_context":{"text":"Entrada similar ","link":""},"img":{"alt_text":"","src":"https:\/\/i0.wp.com\/kalot.com.mx\/site\/wp-content\/uploads\/2014\/12\/Martin-Gore-Cover-4.jpg?fit=1200%2C567&ssl=1&resize=350%2C200","width":350,"height":200,"srcset":"https:\/\/i0.wp.com\/kalot.com.mx\/site\/wp-content\/uploads\/2014\/12\/Martin-Gore-Cover-4.jpg?fit=1200%2C567&ssl=1&resize=350%2C200 1x, https:\/\/i0.wp.com\/kalot.com.mx\/site\/wp-content\/uploads\/2014\/12\/Martin-Gore-Cover-4.jpg?fit=1200%2C567&ssl=1&resize=525%2C300 1.5x, https:\/\/i0.wp.com\/kalot.com.mx\/site\/wp-content\/uploads\/2014\/12\/Martin-Gore-Cover-4.jpg?fit=1200%2C567&ssl=1&resize=700%2C400 2x, https:\/\/i0.wp.com\/kalot.com.mx\/site\/wp-content\/uploads\/2014\/12\/Martin-Gore-Cover-4.jpg?fit=1200%2C567&ssl=1&resize=1050%2C600 3x"},"classes":[]},{"id":19390,"url":"https:\/\/kalot.com.mx\/site\/2014\/12\/15\/martin-gore-con-el-alma-en-depeche-mode-parte-iii\/","url_meta":{"origin":19356,"position":2},"title":"Martin Gore: Con el alma en Depeche Mode (Parte III).","author":"Aldo L\u00f3pez","date":"15 diciembre, 2014","format":false,"excerpt":"Es 1993 y la agrupaci\u00f3n en cierta forma muestra su respuesta natural a los cambios musicales de la \u00e9poca. En pleno surgimiento de corrientes como el Brit pop y la era c\u00faspide del Grunge, trae Songs Of Faith And Devotion. En este \u00e1lbum Gore deja emanar sin represiones su espiritualidad\u2026","rel":"","context":"Entrada similar ","block_context":{"text":"Entrada similar ","link":""},"img":{"alt_text":"","src":"https:\/\/i0.wp.com\/kalot.com.mx\/site\/wp-content\/uploads\/2014\/12\/Songs-Of-Faith-And-Devotion.jpg?fit=500%2C500&ssl=1&resize=350%2C200","width":350,"height":200},"classes":[]},{"id":27010,"url":"https:\/\/kalot.com.mx\/site\/2017\/03\/05\/escucha-lo-nuevo-depeche-mode\/","url_meta":{"origin":19356,"position":3},"title":"Depeche Mode es todo lo que necesitas escuchar hoy&#8230;","author":"Karen Tavera","date":"5 marzo, 2017","format":false,"excerpt":"Hace algunas semanas, la banda inglesa public\u00f3 la canci\u00f3n \"Where's the Revolution\" y muchos ya estamos a la expectativa del nuevo disco de Depeche Mode: \"Spirit\", que saldr\u00e1 el pr\u00f3ximo viernes 17 de marzo. El triunfal retorno del grupo brit\u00e1nico, despu\u00e9s de 4 a\u00f1os, llega con un sencillo musical lleno\u2026","rel":"","context":"En &quot;M\u00fasica&quot;","block_context":{"text":"M\u00fasica","link":"https:\/\/kalot.com.mx\/site\/category\/musica\/"},"img":{"alt_text":"","src":"https:\/\/i0.wp.com\/kalot.com.mx\/site\/wp-content\/uploads\/2017\/03\/kalot-depeche-mode-es-lo-que-necesitas-escuchar-hoy.jpg?fit=1200%2C900&ssl=1&resize=350%2C200","width":350,"height":200,"srcset":"https:\/\/i0.wp.com\/kalot.com.mx\/site\/wp-content\/uploads\/2017\/03\/kalot-depeche-mode-es-lo-que-necesitas-escuchar-hoy.jpg?fit=1200%2C900&ssl=1&resize=350%2C200 1x, https:\/\/i0.wp.com\/kalot.com.mx\/site\/wp-content\/uploads\/2017\/03\/kalot-depeche-mode-es-lo-que-necesitas-escuchar-hoy.jpg?fit=1200%2C900&ssl=1&resize=525%2C300 1.5x, https:\/\/i0.wp.com\/kalot.com.mx\/site\/wp-content\/uploads\/2017\/03\/kalot-depeche-mode-es-lo-que-necesitas-escuchar-hoy.jpg?fit=1200%2C900&ssl=1&resize=700%2C400 2x, https:\/\/i0.wp.com\/kalot.com.mx\/site\/wp-content\/uploads\/2017\/03\/kalot-depeche-mode-es-lo-que-necesitas-escuchar-hoy.jpg?fit=1200%2C900&ssl=1&resize=1050%2C600 3x"},"classes":[]},{"id":25081,"url":"https:\/\/kalot.com.mx\/site\/2016\/03\/17\/quienes-inspiraron-a-david-bowie\/","url_meta":{"origin":19356,"position":4},"title":"\u00bfQui\u00e9nes inspiraron a David Bowie?","author":"Aldo L\u00f3pez","date":"17 marzo, 2016","format":false,"excerpt":"A principios del presente a\u00f1o, el 10 de Enero, el mundo de la m\u00fasica y muy especialmente del rock se cimbr\u00f3 con la noticia del deceso de uno de los m\u00e1s multifac\u00e9ticos y talentosos artistas que ha pisado la tierra: David Bowie. Se le ha recordado en los medios con\u2026","rel":"","context":"En &quot;Cultura&quot;","block_context":{"text":"Cultura","link":"https:\/\/kalot.com.mx\/site\/category\/cultura\/"},"img":{"alt_text":"","src":"https:\/\/i0.wp.com\/kalot.com.mx\/site\/wp-content\/uploads\/2016\/03\/Bowie-1975_schapiro_parting-3.jpg?fit=401%2C299&ssl=1&resize=350%2C200","width":350,"height":200},"classes":[]},{"id":1526,"url":"https:\/\/kalot.com.mx\/site\/2013\/09\/12\/michael-j-fox-esta-de-regreso\/","url_meta":{"origin":19356,"position":5},"title":"Michael J. Fox est\u00e1 de regreso","author":"Omar Herrera","date":"12 septiembre, 2013","format":false,"excerpt":"22 a\u00f1os despu\u00e9s de que Michael J. Fox fuera diagnosticado con la enfermedad de Parkinson \u2013 aun cuando los m\u00e9dicos le advirtieron que no le quedaban m\u00e1s de 10 a\u00f1os a su carrera \u2013 el actor canadiense est\u00e1 de regreso en la TV norteamericana con su nuevo show The Michael\u2026","rel":"","context":"En &quot;Sin categor\u00eda&quot;","block_context":{"text":"Sin categor\u00eda","link":"https:\/\/kalot.com.mx\/site\/category\/sin-categoria\/"},"img":{"alt_text":"","src":"https:\/\/i0.wp.com\/kalot.com.mx\/site\/wp-content\/uploads\/2013\/09\/Jack-Gore-and-Michael-J.-Fox-of-The-Michael-J.-Fox-Show_gallery_primary.jpg?fit=604%2C402&ssl=1&resize=350%2C200","width":350,"height":200,"srcset":"https:\/\/i0.wp.com\/kalot.com.mx\/site\/wp-content\/uploads\/2013\/09\/Jack-Gore-and-Michael-J.-Fox-of-The-Michael-J.-Fox-Show_gallery_primary.jpg?fit=604%2C402&ssl=1&resize=350%2C200 1x, https:\/\/i0.wp.com\/kalot.com.mx\/site\/wp-content\/uploads\/2013\/09\/Jack-Gore-and-Michael-J.-Fox-of-The-Michael-J.-Fox-Show_gallery_primary.jpg?fit=604%2C402&ssl=1&resize=525%2C300 1.5x"},"classes":[]}],"jetpack_sharing_enabled":true,"_links":{"self":[{"href":"https:\/\/kalot.com.mx\/site\/wp-json\/wp\/v2\/posts\/19356","targetHints":{"allow":["GET"]}}],"collection":[{"href":"https:\/\/kalot.com.mx\/site\/wp-json\/wp\/v2\/posts"}],"about":[{"href":"https:\/\/kalot.com.mx\/site\/wp-json\/wp\/v2\/types\/post"}],"author":[{"embeddable":true,"href":"https:\/\/kalot.com.mx\/site\/wp-json\/wp\/v2\/users\/106"}],"replies":[{"embeddable":true,"href":"https:\/\/kalot.com.mx\/site\/wp-json\/wp\/v2\/comments?post=19356"}],"version-history":[{"count":0,"href":"https:\/\/kalot.com.mx\/site\/wp-json\/wp\/v2\/posts\/19356\/revisions"}],"wp:featuredmedia":[{"embeddable":true,"href":"https:\/\/kalot.com.mx\/site\/wp-json\/wp\/v2\/media\/19378"}],"wp:attachment":[{"href":"https:\/\/kalot.com.mx\/site\/wp-json\/wp\/v2\/media?parent=19356"}],"wp:term":[{"taxonomy":"category","embeddable":true,"href":"https:\/\/kalot.com.mx\/site\/wp-json\/wp\/v2\/categories?post=19356"},{"taxonomy":"post_tag","embeddable":true,"href":"https:\/\/kalot.com.mx\/site\/wp-json\/wp\/v2\/tags?post=19356"}],"curies":[{"name":"wp","href":"https:\/\/api.w.org\/{rel}","templated":true}]}}