{"id":19139,"date":"2014-11-09T19:43:49","date_gmt":"2014-11-10T01:43:49","guid":{"rendered":"http:\/\/www.kalot.com.mx\/?p=19139"},"modified":"2015-10-28T00:53:34","modified_gmt":"2015-10-28T06:53:34","slug":"dia-de-los-difuntos-luis-alcoriza-1988","status":"publish","type":"post","link":"https:\/\/kalot.com.mx\/site\/2014\/11\/09\/dia-de-los-difuntos-luis-alcoriza-1988\/","title":{"rendered":"D\u00eda de difuntos (Luis Alcoriza , 1988)"},"content":{"rendered":"<p style=\"text-align: justify\"><a href=\"https:\/\/i0.wp.com\/www.kalot.com.mx\/wp-content\/uploads\/2014\/11\/dia-de-difuntos-2.jpg\"><img data-recalc-dims=\"1\" fetchpriority=\"high\" decoding=\"async\" data-attachment-id=\"19144\" data-permalink=\"https:\/\/kalot.com.mx\/site\/2014\/11\/09\/dia-de-los-difuntos-luis-alcoriza-1988\/dia-de-difuntos-2\/\" data-orig-file=\"https:\/\/i0.wp.com\/kalot.com.mx\/site\/wp-content\/uploads\/2014\/11\/dia-de-difuntos-2.jpg?fit=211%2C288&amp;ssl=1\" data-orig-size=\"211,288\" data-comments-opened=\"1\" data-image-meta=\"{&quot;aperture&quot;:&quot;0&quot;,&quot;credit&quot;:&quot;&quot;,&quot;camera&quot;:&quot;&quot;,&quot;caption&quot;:&quot;&quot;,&quot;created_timestamp&quot;:&quot;0&quot;,&quot;copyright&quot;:&quot;&quot;,&quot;focal_length&quot;:&quot;0&quot;,&quot;iso&quot;:&quot;0&quot;,&quot;shutter_speed&quot;:&quot;0&quot;,&quot;title&quot;:&quot;&quot;,&quot;orientation&quot;:&quot;0&quot;}\" data-image-title=\"dia de difuntos 2\" data-image-description=\"\" data-image-caption=\"\" data-large-file=\"https:\/\/i0.wp.com\/kalot.com.mx\/site\/wp-content\/uploads\/2014\/11\/dia-de-difuntos-2.jpg?fit=211%2C288&amp;ssl=1\" class=\"wp-image-19144 size-full aligncenter\" src=\"https:\/\/i0.wp.com\/kalot.com.mx\/site\/wp-content\/uploads\/2014\/11\/dia-de-difuntos-2.jpg?resize=211%2C288\" alt=\"dia de difuntos 2\" width=\"211\" height=\"288\" \/><\/a><\/p>\n<p style=\"text-align: justify\">La semana pasada se celebr\u00f3 en M\u00e9xico el <em>D\u00eda de muertos<\/em>, tambi\u00e9n conocido como <em>D\u00eda de los fieles difuntos<\/em> y <em>Todos los santos<\/em>. Esta fecha es muy especial para los mexicanos y admirada en el extranjero por la forma tan peculiar con que se trata el tema de la muerte. Se erigen altares, donde se coloca la fotograf\u00eda de ese ser querido que falleci\u00f3, se le prepara la comida que disfrutaba en vida, se colocan flores y se encienden velas en esos altares. Tambi\u00e9n se acostumbra visitar los cementerios para honrar su memoria, limpiar sus tumbas y llevar flores. En muchas ocasiones los familiares pasan todo ese d\u00eda en el lugar para hacer compa\u00f1\u00eda de alguna forma a la persona fallecida.<\/p>\n<p style=\"text-align: justify\">Precisamente la semana pasada tuve la oportunidad de ver una pel\u00edcula que gira en torno a este tema en particular: <em>D\u00eda de difuntos<\/em>, del director Luis Alcoriza (famoso por el excelente filme <em>Mec\u00e1nica Nacional<\/em>, as\u00ed como por mucho tiempo colaborador y guionista de Luis Bu\u00f1uel).<\/p>\n<p style=\"text-align: justify\"><a href=\"https:\/\/i0.wp.com\/www.kalot.com.mx\/wp-content\/uploads\/2014\/11\/luis-alcoriza-2.gif\"><img data-recalc-dims=\"1\" decoding=\"async\" data-attachment-id=\"19142\" data-permalink=\"https:\/\/kalot.com.mx\/site\/2014\/11\/09\/dia-de-los-difuntos-luis-alcoriza-1988\/luis-alcoriza-2\/\" data-orig-file=\"https:\/\/i0.wp.com\/kalot.com.mx\/site\/wp-content\/uploads\/2014\/11\/luis-alcoriza-2.gif?fit=239%2C171&amp;ssl=1\" data-orig-size=\"239,171\" data-comments-opened=\"1\" data-image-meta=\"{&quot;aperture&quot;:&quot;0&quot;,&quot;credit&quot;:&quot;&quot;,&quot;camera&quot;:&quot;&quot;,&quot;caption&quot;:&quot;&quot;,&quot;created_timestamp&quot;:&quot;0&quot;,&quot;copyright&quot;:&quot;&quot;,&quot;focal_length&quot;:&quot;0&quot;,&quot;iso&quot;:&quot;0&quot;,&quot;shutter_speed&quot;:&quot;0&quot;,&quot;title&quot;:&quot;&quot;,&quot;orientation&quot;:&quot;0&quot;}\" data-image-title=\"luis alcoriza 2\" data-image-description=\"\" data-image-caption=\"\" data-large-file=\"https:\/\/i0.wp.com\/kalot.com.mx\/site\/wp-content\/uploads\/2014\/11\/luis-alcoriza-2.gif?fit=239%2C171&amp;ssl=1\" class=\"wp-image-19142 size-full aligncenter\" src=\"https:\/\/i0.wp.com\/kalot.com.mx\/site\/wp-content\/uploads\/2014\/11\/luis-alcoriza-2.gif?resize=239%2C171\" alt=\"luis alcoriza 2\" width=\"239\" height=\"171\" \/><\/a><\/p>\n<p style=\"text-align: justify\">Estrenada a finales de los a\u00f1os 80s, es de llamar la atenci\u00f3n el elenco de esta pel\u00edcula, hecha todav\u00eda en una \u00e9poca del cine mexicano tan pol\u00e9mica como es el \u201cCine de ficheras\u201d: Pedro Weber \u201cChatanuga\u201d, Manuel \u201cFlaco\u201d Ib\u00e1\u00f1ez, Carmen Salinas, Adalberto Mart\u00ednez \u201cResortes\u201d, Mar\u00eda Rojo, Sergio Ramos \u201cEl comanche\u201d, Patricia Rivera, Ernesto G\u00f3mez Cruz, Leticia Perdig\u00f3n, Edgardo Gazc\u00f3n, Eugenia Avenda\u00f1o y Fernando Luj\u00e1n. Actores de esa y otras etapas tan diferentes y mejor valoradas del cine nacional, resulta una combinaci\u00f3n emocionante.<\/p>\n<p style=\"text-align: justify\">Se observa una pel\u00edcula que combina de forma muy atinada y entretenida el humor con el drama. En s\u00ed, la trama no es nada complicada: Un grupo de personajes que por casualidad se encuentran en un pante\u00f3n el 2 de noviembre para honrar la memoria de sus familiares y celebrar la tradici\u00f3n, terminan interactuando entre s\u00ed, conversando sobre temas que van desde la situaci\u00f3n que atraviesa el pa\u00eds, sus oficios y visi\u00f3n de la vida hasta el punto en que acompa\u00f1ados de \u201calcohol de contrabando\u201d discuten defendiendo sus diferentes posturas. Muy interesante resulta entonces verse reflejado en alguno de ellos, que forman parte de las diferentes clases sociales de M\u00e9xico.<\/p>\n<p style=\"text-align: justify\">Ah\u00ed podemos encontrar al peluquero y su esposa estilista embarazada (Sergio Ramos y Carmen Salinas), el zapatero y su ilusionada esposa por tener un hijo (Manuel Ib\u00e1\u00f1ez y Mar\u00eda Rojo), el plomero vicioso que tiene discusiones con su esposa, due\u00f1a de una fonda (Pedro Weber y Eugenia Avenda\u00f1o), el solitario y reflexivo licenciado (Fernando Luj\u00e1n), el humilde \u201cpoeta\u201d (Ernesto G\u00f3mez Cruz) el \u201cprofesor\u201d (Adalberto Mart\u00ednez) la joven independiente y trabajadora (Patricia Rivera) la jovial y celosa pareja (Leticia Perdig\u00f3n y Edgardo Gazc\u00f3n) entre otros\u00a0 como la madre viuda del zapatero o el padre soldado revolucionario del peluquero, que se van agregando a la interacci\u00f3n con este grupo de personas conforme avanza la trama.<\/p>\n<p style=\"text-align: justify\">Los di\u00e1logos propios del cine de esa \u00e9poca (que incluyen groser\u00edas y frases recurrentes.) lejos de perjudicarla, dan un tono m\u00e1s cercano a lo real en la pel\u00edcula. No siendo una obra tan conocida del director y de las \u00faltimas en su filmograf\u00eda, merece atenci\u00f3n de quien admire su trabajo y del cine en general.<\/p>\n<p style=\"text-align: justify\">El escenario del pante\u00f3n y las diferentes tomas del paisaje capturadas por la c\u00e1mara, adem\u00e1s de la historia son algo muy recomendable si se quiere entender ese ritual que a\u00f1o con a\u00f1o es realizado en muchos lugares de este pa\u00eds. Todo orquestado por Luis Alcoriza, director de origen espa\u00f1ol quien con un estilo propio ayud\u00f3 a darle forma y personalidad en sus diferentes \u00e9pocas al llamado Cine mexicano.<\/p>\n<p style=\"text-align: justify\"><a href=\"https:\/\/i0.wp.com\/www.kalot.com.mx\/wp-content\/uploads\/2014\/11\/luis-alcoriza.png\"><img data-recalc-dims=\"1\" decoding=\"async\" data-attachment-id=\"19143\" data-permalink=\"https:\/\/kalot.com.mx\/site\/2014\/11\/09\/dia-de-los-difuntos-luis-alcoriza-1988\/luis-alcoriza\/\" data-orig-file=\"https:\/\/i0.wp.com\/kalot.com.mx\/site\/wp-content\/uploads\/2014\/11\/luis-alcoriza.png?fit=154%2C208&amp;ssl=1\" data-orig-size=\"154,208\" data-comments-opened=\"1\" data-image-meta=\"{&quot;aperture&quot;:&quot;0&quot;,&quot;credit&quot;:&quot;&quot;,&quot;camera&quot;:&quot;&quot;,&quot;caption&quot;:&quot;&quot;,&quot;created_timestamp&quot;:&quot;0&quot;,&quot;copyright&quot;:&quot;&quot;,&quot;focal_length&quot;:&quot;0&quot;,&quot;iso&quot;:&quot;0&quot;,&quot;shutter_speed&quot;:&quot;0&quot;,&quot;title&quot;:&quot;&quot;,&quot;orientation&quot;:&quot;0&quot;}\" data-image-title=\"luis alcoriza\" data-image-description=\"\" data-image-caption=\"\" data-large-file=\"https:\/\/i0.wp.com\/kalot.com.mx\/site\/wp-content\/uploads\/2014\/11\/luis-alcoriza.png?fit=154%2C208&amp;ssl=1\" class=\"wp-image-19143 size-full aligncenter\" src=\"https:\/\/i0.wp.com\/kalot.com.mx\/site\/wp-content\/uploads\/2014\/11\/luis-alcoriza.png?resize=154%2C208\" alt=\"luis alcoriza\" width=\"154\" height=\"208\" \/><\/a><\/p>\n<p style=\"text-align: justify\">Aunque con algunas fallas de origen, se puede disfrutar del filme completo en internet.<\/p>\n<p>&nbsp;<\/p>\n<p style=\"text-align: justify\">Fuente fotograf\u00edas: cinemexicano.mty.itesm.mx, amazon.com, filmaffinity.com<\/p>\n<p style=\"text-align: justify\">Fuente video: www.youtube.com<\/p>\n","protected":false},"excerpt":{"rendered":"La semana pasada se celebr\u00f3 en M\u00e9xico el D\u00eda de muertos, tambi\u00e9n conocido como D\u00eda de los fieles&hellip;\n","protected":false},"author":106,"featured_media":19148,"comment_status":"open","ping_status":"open","sticky":false,"template":"","format":"standard","meta":{"jetpack_post_was_ever_published":false,"_jetpack_newsletter_access":"","_jetpack_dont_email_post_to_subs":false,"_jetpack_newsletter_tier_id":0,"_jetpack_memberships_contains_paywalled_content":false,"_jetpack_memberships_contains_paid_content":false,"footnotes":"","jetpack_publicize_message":"","jetpack_publicize_feature_enabled":true,"jetpack_social_post_already_shared":true,"jetpack_social_options":{"image_generator_settings":{"template":"highway","default_image_id":0,"font":"","enabled":false},"version":2}},"categories":[9,13,7],"tags":[225,226],"class_list":{"0":"post-19139","1":"post","2":"type-post","3":"status-publish","4":"format-standard","5":"has-post-thumbnail","7":"category-cine","8":"category-cultura","9":"category-novedades","10":"tag-dia-de-muertos","11":"tag-luis-alcoriza","12":"cs-entry","13":"cs-video-wrap"},"yoast_head":"<!-- This site is optimized with the Yoast SEO plugin v27.5 - https:\/\/yoast.com\/product\/yoast-seo-wordpress\/ -->\n<title>D\u00eda de difuntos (Luis Alcoriza , 1988) - Kalot<\/title>\n<meta name=\"description\" content=\"La semana pasada se celebr\u00f3 en M\u00e9xico el D\u00eda de muertos, tambi\u00e9n conocido como D\u00eda de los fieles difuntos y Todos los santos. Esta fecha es muy especial\" \/>\n<meta name=\"robots\" content=\"index, follow, max-snippet:-1, max-image-preview:large, max-video-preview:-1\" \/>\n<link rel=\"canonical\" href=\"https:\/\/kalot.com.mx\/site\/2014\/11\/09\/dia-de-los-difuntos-luis-alcoriza-1988\/\" \/>\n<meta property=\"og:locale\" content=\"es_MX\" \/>\n<meta property=\"og:type\" content=\"article\" \/>\n<meta property=\"og:title\" content=\"D\u00eda de difuntos (Luis Alcoriza , 1988) - Kalot\" \/>\n<meta property=\"og:description\" content=\"La semana pasada se celebr\u00f3 en M\u00e9xico el D\u00eda de muertos, tambi\u00e9n conocido como D\u00eda de los fieles difuntos y Todos los santos. Esta fecha es muy especial\" \/>\n<meta property=\"og:url\" content=\"https:\/\/kalot.com.mx\/site\/2014\/11\/09\/dia-de-los-difuntos-luis-alcoriza-1988\/\" \/>\n<meta property=\"og:site_name\" content=\"Kalot\" \/>\n<meta property=\"article:publisher\" content=\"http:\/\/facebook.com\/mxkalot\" \/>\n<meta property=\"article:author\" content=\"https:\/\/www.facebook.com\/aldo.space.walker\" \/>\n<meta property=\"article:published_time\" content=\"2014-11-10T01:43:49+00:00\" \/>\n<meta property=\"article:modified_time\" content=\"2015-10-28T06:53:34+00:00\" \/>\n<meta property=\"og:image\" content=\"https:\/\/i0.wp.com\/kalot.com.mx\/site\/wp-content\/uploads\/2014\/11\/dia-de-difuntos-4.jpg?fit=357%2C500&ssl=1\" \/>\n\t<meta property=\"og:image:width\" content=\"357\" \/>\n\t<meta property=\"og:image:height\" content=\"500\" \/>\n\t<meta property=\"og:image:type\" content=\"image\/jpeg\" \/>\n<meta name=\"author\" content=\"Aldo L\u00f3pez\" \/>\n<meta name=\"twitter:card\" content=\"summary_large_image\" \/>\n<meta name=\"twitter:creator\" content=\"@no_poet\" \/>\n<meta name=\"twitter:site\" content=\"@kalotmx\" \/>\n<meta name=\"twitter:label1\" content=\"Escrito por\" \/>\n\t<meta name=\"twitter:data1\" content=\"Aldo L\u00f3pez\" \/>\n\t<meta name=\"twitter:label2\" content=\"Tiempo de lectura\" \/>\n\t<meta name=\"twitter:data2\" content=\"3 minutos\" \/>\n<!-- \/ Yoast SEO plugin. -->","yoast_head_json":{"title":"D\u00eda de difuntos (Luis Alcoriza , 1988) - Kalot","description":"La semana pasada se celebr\u00f3 en M\u00e9xico el D\u00eda de muertos, tambi\u00e9n conocido como D\u00eda de los fieles difuntos y Todos los santos. Esta fecha es muy especial","robots":{"index":"index","follow":"follow","max-snippet":"max-snippet:-1","max-image-preview":"max-image-preview:large","max-video-preview":"max-video-preview:-1"},"canonical":"https:\/\/kalot.com.mx\/site\/2014\/11\/09\/dia-de-los-difuntos-luis-alcoriza-1988\/","og_locale":"es_MX","og_type":"article","og_title":"D\u00eda de difuntos (Luis Alcoriza , 1988) - Kalot","og_description":"La semana pasada se celebr\u00f3 en M\u00e9xico el D\u00eda de muertos, tambi\u00e9n conocido como D\u00eda de los fieles difuntos y Todos los santos. Esta fecha es muy especial","og_url":"https:\/\/kalot.com.mx\/site\/2014\/11\/09\/dia-de-los-difuntos-luis-alcoriza-1988\/","og_site_name":"Kalot","article_publisher":"http:\/\/facebook.com\/mxkalot","article_author":"https:\/\/www.facebook.com\/aldo.space.walker","article_published_time":"2014-11-10T01:43:49+00:00","article_modified_time":"2015-10-28T06:53:34+00:00","og_image":[{"width":357,"height":500,"url":"https:\/\/i0.wp.com\/kalot.com.mx\/site\/wp-content\/uploads\/2014\/11\/dia-de-difuntos-4.jpg?fit=357%2C500&ssl=1","type":"image\/jpeg"}],"author":"Aldo L\u00f3pez","twitter_card":"summary_large_image","twitter_creator":"@no_poet","twitter_site":"@kalotmx","twitter_misc":{"Escrito por":"Aldo L\u00f3pez","Tiempo de lectura":"3 minutos"},"schema":{"@context":"https:\/\/schema.org","@graph":[{"@type":"Article","@id":"https:\/\/kalot.com.mx\/site\/2014\/11\/09\/dia-de-los-difuntos-luis-alcoriza-1988\/#article","isPartOf":{"@id":"https:\/\/kalot.com.mx\/site\/2014\/11\/09\/dia-de-los-difuntos-luis-alcoriza-1988\/"},"author":{"name":"Aldo L\u00f3pez","@id":"https:\/\/kalot.com.mx\/site\/#\/schema\/person\/838498a9162871498b83cdd47aed6e02"},"headline":"D\u00eda de difuntos (Luis Alcoriza , 1988)","datePublished":"2014-11-10T01:43:49+00:00","dateModified":"2015-10-28T06:53:34+00:00","mainEntityOfPage":{"@id":"https:\/\/kalot.com.mx\/site\/2014\/11\/09\/dia-de-los-difuntos-luis-alcoriza-1988\/"},"wordCount":687,"commentCount":2,"publisher":{"@id":"https:\/\/kalot.com.mx\/site\/#organization"},"image":{"@id":"https:\/\/kalot.com.mx\/site\/2014\/11\/09\/dia-de-los-difuntos-luis-alcoriza-1988\/#primaryimage"},"thumbnailUrl":"https:\/\/i0.wp.com\/kalot.com.mx\/site\/wp-content\/uploads\/2014\/11\/dia-de-difuntos-4.jpg?fit=357%2C500&ssl=1","keywords":["D\u00eda de muertos","Luis Alcor\u00edza"],"articleSection":["Cine","Cultura","Novedades"],"inLanguage":"es","potentialAction":[{"@type":"CommentAction","name":"Comment","target":["https:\/\/kalot.com.mx\/site\/2014\/11\/09\/dia-de-los-difuntos-luis-alcoriza-1988\/#respond"]}]},{"@type":"WebPage","@id":"https:\/\/kalot.com.mx\/site\/2014\/11\/09\/dia-de-los-difuntos-luis-alcoriza-1988\/","url":"https:\/\/kalot.com.mx\/site\/2014\/11\/09\/dia-de-los-difuntos-luis-alcoriza-1988\/","name":"D\u00eda de difuntos (Luis Alcoriza , 1988) - Kalot","isPartOf":{"@id":"https:\/\/kalot.com.mx\/site\/#website"},"primaryImageOfPage":{"@id":"https:\/\/kalot.com.mx\/site\/2014\/11\/09\/dia-de-los-difuntos-luis-alcoriza-1988\/#primaryimage"},"image":{"@id":"https:\/\/kalot.com.mx\/site\/2014\/11\/09\/dia-de-los-difuntos-luis-alcoriza-1988\/#primaryimage"},"thumbnailUrl":"https:\/\/i0.wp.com\/kalot.com.mx\/site\/wp-content\/uploads\/2014\/11\/dia-de-difuntos-4.jpg?fit=357%2C500&ssl=1","datePublished":"2014-11-10T01:43:49+00:00","dateModified":"2015-10-28T06:53:34+00:00","description":"La semana pasada se celebr\u00f3 en M\u00e9xico el D\u00eda de muertos, tambi\u00e9n conocido como D\u00eda de los fieles difuntos y Todos los santos. Esta fecha es muy especial","breadcrumb":{"@id":"https:\/\/kalot.com.mx\/site\/2014\/11\/09\/dia-de-los-difuntos-luis-alcoriza-1988\/#breadcrumb"},"inLanguage":"es","potentialAction":[{"@type":"ReadAction","target":["https:\/\/kalot.com.mx\/site\/2014\/11\/09\/dia-de-los-difuntos-luis-alcoriza-1988\/"]}]},{"@type":"ImageObject","inLanguage":"es","@id":"https:\/\/kalot.com.mx\/site\/2014\/11\/09\/dia-de-los-difuntos-luis-alcoriza-1988\/#primaryimage","url":"https:\/\/i0.wp.com\/kalot.com.mx\/site\/wp-content\/uploads\/2014\/11\/dia-de-difuntos-4.jpg?fit=357%2C500&ssl=1","contentUrl":"https:\/\/i0.wp.com\/kalot.com.mx\/site\/wp-content\/uploads\/2014\/11\/dia-de-difuntos-4.jpg?fit=357%2C500&ssl=1","width":357,"height":500},{"@type":"BreadcrumbList","@id":"https:\/\/kalot.com.mx\/site\/2014\/11\/09\/dia-de-los-difuntos-luis-alcoriza-1988\/#breadcrumb","itemListElement":[{"@type":"ListItem","position":1,"name":"Home","item":"https:\/\/kalot.com.mx\/site\/"},{"@type":"ListItem","position":2,"name":"D\u00eda de difuntos (Luis Alcoriza , 1988)"}]},{"@type":"WebSite","@id":"https:\/\/kalot.com.mx\/site\/#website","url":"https:\/\/kalot.com.mx\/site\/","name":"Kalot","description":"Conoce Todo Sobre Todo","publisher":{"@id":"https:\/\/kalot.com.mx\/site\/#organization"},"potentialAction":[{"@type":"SearchAction","target":{"@type":"EntryPoint","urlTemplate":"https:\/\/kalot.com.mx\/site\/?s={search_term_string}"},"query-input":{"@type":"PropertyValueSpecification","valueRequired":true,"valueName":"search_term_string"}}],"inLanguage":"es"},{"@type":"Organization","@id":"https:\/\/kalot.com.mx\/site\/#organization","name":"Kalot","url":"https:\/\/kalot.com.mx\/site\/","logo":{"@type":"ImageObject","inLanguage":"es","@id":"https:\/\/kalot.com.mx\/site\/#\/schema\/logo\/image\/","url":"https:\/\/i0.wp.com\/kalot.com.mx\/site\/wp-content\/uploads\/2020\/04\/Kalot-logo-sin-tagline.png?fit=1707%2C1014&ssl=1","contentUrl":"https:\/\/i0.wp.com\/kalot.com.mx\/site\/wp-content\/uploads\/2020\/04\/Kalot-logo-sin-tagline.png?fit=1707%2C1014&ssl=1","width":1707,"height":1014,"caption":"Kalot"},"image":{"@id":"https:\/\/kalot.com.mx\/site\/#\/schema\/logo\/image\/"},"sameAs":["http:\/\/facebook.com\/mxkalot","https:\/\/x.com\/kalotmx","http:\/\/instagram.com\/kalotmx","http:\/\/pinterest.com\/jorgeerana\/kalot"]},{"@type":"Person","@id":"https:\/\/kalot.com.mx\/site\/#\/schema\/person\/838498a9162871498b83cdd47aed6e02","name":"Aldo L\u00f3pez","image":{"@type":"ImageObject","inLanguage":"es","@id":"https:\/\/secure.gravatar.com\/avatar\/42b1b1a391b8a47062cde43591d386d7ee90610081b39846341dcf10d7d0b55a?s=96&d=mm&r=g","url":"https:\/\/secure.gravatar.com\/avatar\/42b1b1a391b8a47062cde43591d386d7ee90610081b39846341dcf10d7d0b55a?s=96&d=mm&r=g","contentUrl":"https:\/\/secure.gravatar.com\/avatar\/42b1b1a391b8a47062cde43591d386d7ee90610081b39846341dcf10d7d0b55a?s=96&d=mm&r=g","caption":"Aldo L\u00f3pez"},"description":"Acerca de mi persona les cuento que soy un apasionado de varios temas de investigaci\u00f3n y entretenimiento, me fascina todo tipo de literatura que vaya desde los comics hasta las novelas de diferentes tem\u00e1ticas. Me gusta encontrar arte, creatividad o expresi\u00f3n en lo que observo y luego tratar de escribir sobre ello, investigar sobre personajes de \u00e1mbitos como la m\u00fasica, el cine, el arte e incluso hist\u00f3ricos. Tambi\u00e9n sobre las cosas o logros por los cuales son recordados e inmortalizados. Soy originario del Estado de Tamaulipas, I.S.C. de profesi\u00f3n, escritor de afici\u00f3n e investigador por convicci\u00f3n.","sameAs":["https:\/\/www.facebook.com\/aldo.space.walker","https:\/\/x.com\/no_poet"],"url":"https:\/\/kalot.com.mx\/site\/author\/aldo\/"}]}},"jetpack_publicize_connections":[],"jetpack_featured_media_url":"https:\/\/i0.wp.com\/kalot.com.mx\/site\/wp-content\/uploads\/2014\/11\/dia-de-difuntos-4.jpg?fit=357%2C500&ssl=1","jetpack_shortlink":"https:\/\/wp.me\/p6IHEI-4YH","jetpack-related-posts":[{"id":5634,"url":"https:\/\/kalot.com.mx\/site\/2013\/11\/03\/tradiciones-magicas-xantolo\/","url_meta":{"origin":19139,"position":0},"title":"Tradiciones m\u00e1gicas: Xantolo","author":"Fernanda S\u00e1nchez","date":"3 noviembre, 2013","format":false,"excerpt":"Las tradiciones y costumbres que posee una cultura son los mayores tesoros con los que cuenta, no solo porque son el reflejo de su identidad, tambi\u00e9n porque son el legado que conservan desde sus inicios y que con mucho ah\u00ednco pasan de generaci\u00f3n en generaci\u00f3n. Son la luz que gu\u00eda\u2026","rel":"","context":"Entrada similar ","block_context":{"text":"Entrada similar ","link":""},"img":{"alt_text":"","src":"https:\/\/i0.wp.com\/kalot.com.mx\/site\/wp-content\/uploads\/2013\/11\/kalot-xantolo4.jpg?fit=620%2C468&ssl=1&resize=350%2C200","width":350,"height":200,"srcset":"https:\/\/i0.wp.com\/kalot.com.mx\/site\/wp-content\/uploads\/2013\/11\/kalot-xantolo4.jpg?fit=620%2C468&ssl=1&resize=350%2C200 1x, https:\/\/i0.wp.com\/kalot.com.mx\/site\/wp-content\/uploads\/2013\/11\/kalot-xantolo4.jpg?fit=620%2C468&ssl=1&resize=525%2C300 1.5x"},"classes":[]},{"id":24165,"url":"https:\/\/kalot.com.mx\/site\/2015\/10\/30\/dia-de-muertos-viernesde-breviario-cultural\/","url_meta":{"origin":19139,"position":1},"title":"D\u00eda de muertos #Viernesde breviario cultural","author":"Brenda A","date":"30 octubre, 2015","format":false,"excerpt":"\"Comer muertos es para el mexicano un verdadero placer, se considera la antropofagia de pan y az\u00facar.\u00a0El fen\u00f3meno se asimila con respeto e iron\u00eda, se desaf\u00eda a la muerte, se burlan de ella comi\u00e9ndola\". Jos\u00e9 Luis Curiel Monteagudo Chiquillos y chiquillas, este fin de semana es de fiesta, porque festejamos\u2026","rel":"","context":"En &quot;Cultura&quot;","block_context":{"text":"Cultura","link":"https:\/\/kalot.com.mx\/site\/category\/cultura\/"},"img":{"alt_text":"catrinas","src":"https:\/\/i2.wp.com\/kalot.com.mx\/site\/wp-content\/uploads\/2013\/08\/20130830-190327.jpg?fit=113%2C150&ssl=1&resize=350%2C200","width":350,"height":200},"classes":[]},{"id":5527,"url":"https:\/\/kalot.com.mx\/site\/2013\/11\/01\/dia-de-muertos-una-tradicion-muy-mexicana\/","url_meta":{"origin":19139,"position":2},"title":"D\u00eda de muertos: Una tradici\u00f3n muy mexicana","author":"Tania Aguirre","date":"1 noviembre, 2013","format":false,"excerpt":"Es un hecho que una de las cosas que mas nos intrigan como seres humanos es la muerte, pues no tenemos la certeza de saber que pasara con nosotros al morir. A la mayor\u00eda este hecho le causa miedo e incertidumbre, pero los mexicanos no somos parte de esa mayor\u00eda,\u2026","rel":"","context":"Entrada similar ","block_context":{"text":"Entrada similar ","link":""},"img":{"alt_text":"","src":"https:\/\/i0.wp.com\/kalot.com.mx\/site\/wp-content\/uploads\/2013\/11\/kalot-dia-de-muertos.jpg?fit=886%2C834&ssl=1&resize=350%2C200","width":350,"height":200,"srcset":"https:\/\/i0.wp.com\/kalot.com.mx\/site\/wp-content\/uploads\/2013\/11\/kalot-dia-de-muertos.jpg?fit=886%2C834&ssl=1&resize=350%2C200 1x, https:\/\/i0.wp.com\/kalot.com.mx\/site\/wp-content\/uploads\/2013\/11\/kalot-dia-de-muertos.jpg?fit=886%2C834&ssl=1&resize=525%2C300 1.5x, https:\/\/i0.wp.com\/kalot.com.mx\/site\/wp-content\/uploads\/2013\/11\/kalot-dia-de-muertos.jpg?fit=886%2C834&ssl=1&resize=700%2C400 2x"},"classes":[]},{"id":5983,"url":"https:\/\/kalot.com.mx\/site\/2013\/11\/07\/charreria-deporte-nacional-por-excelencia-por-saanmartell\/","url_meta":{"origin":19139,"position":3},"title":"Charrer\u00eda, \u00a1Deporte nacional por excelencia! por @SaanMartell","author":"Sandy Rodr\u00edguez","date":"7 noviembre, 2013","format":false,"excerpt":"\u00bfComo est\u00e1n Kalochos? Como dije en mi post de presentaci\u00f3n soy una orgullosa hidalguense, y asi como Sandy es de Hidalgo tambi\u00e9n de Hidalgo viene el maguey y la cebada, o sea, el pulque y la cerveza y como si eso fuera poco, Hidalgo tambi\u00e9n es cuna de LA CHARRERIA,\u2026","rel":"","context":"Entrada similar ","block_context":{"text":"Entrada similar ","link":""},"img":{"alt_text":"","src":"https:\/\/i0.wp.com\/kalot.com.mx\/site\/wp-content\/uploads\/2013\/11\/935546_478807622193314_549079853_n.jpg?fit=960%2C720&ssl=1&resize=350%2C200","width":350,"height":200,"srcset":"https:\/\/i0.wp.com\/kalot.com.mx\/site\/wp-content\/uploads\/2013\/11\/935546_478807622193314_549079853_n.jpg?fit=960%2C720&ssl=1&resize=350%2C200 1x, https:\/\/i0.wp.com\/kalot.com.mx\/site\/wp-content\/uploads\/2013\/11\/935546_478807622193314_549079853_n.jpg?fit=960%2C720&ssl=1&resize=525%2C300 1.5x, https:\/\/i0.wp.com\/kalot.com.mx\/site\/wp-content\/uploads\/2013\/11\/935546_478807622193314_549079853_n.jpg?fit=960%2C720&ssl=1&resize=700%2C400 2x"},"classes":[]},{"id":18142,"url":"https:\/\/kalot.com.mx\/site\/2014\/09\/15\/doce-dioses-en-pugna-una-noche-de-cabaret\/","url_meta":{"origin":19139,"position":4},"title":"Doce Dioses en Pugna, Una Noche de Cabaret","author":"Josue Galvan","date":"15 septiembre, 2014","format":false,"excerpt":"\u00bfAlguna vez has ido a una obra de cabaret? Quiz\u00e1 como la gran mayor\u00eda no has tenido la oportunidad, dado que dicho tipo de espect\u00e1culos no son muy usuales, al menos aqu\u00ed en San Luis Potos\u00ed. Para todo lo dem\u00e1s, contamos con Cineteca Alameda, quien en compa\u00f1\u00eda de Las Reinas\u2026","rel":"","context":"Entrada similar ","block_context":{"text":"Entrada similar ","link":""},"img":{"alt_text":"","src":"https:\/\/i0.wp.com\/kalot.com.mx\/site\/wp-content\/uploads\/2014\/09\/12-dioses-en-pugna.jpg?fit=960%2C350&ssl=1&resize=350%2C200","width":350,"height":200,"srcset":"https:\/\/i0.wp.com\/kalot.com.mx\/site\/wp-content\/uploads\/2014\/09\/12-dioses-en-pugna.jpg?fit=960%2C350&ssl=1&resize=350%2C200 1x, https:\/\/i0.wp.com\/kalot.com.mx\/site\/wp-content\/uploads\/2014\/09\/12-dioses-en-pugna.jpg?fit=960%2C350&ssl=1&resize=525%2C300 1.5x, https:\/\/i0.wp.com\/kalot.com.mx\/site\/wp-content\/uploads\/2014\/09\/12-dioses-en-pugna.jpg?fit=960%2C350&ssl=1&resize=700%2C400 2x"},"classes":[]},{"id":9908,"url":"https:\/\/kalot.com.mx\/site\/2014\/01\/22\/el-dia-d\/","url_meta":{"origin":19139,"position":5},"title":"EL DIA D","author":"Ivan Mendez","date":"22 enero, 2014","format":false,"excerpt":"Apenas llevamos tres d\u00edas de clases, el cuerpo lo sabe y tu mente lo resiente. Podr\u00edamos decir que la primera semana siempre se caracteriza por confundirnos con los horarios, odiar de todos los modos posibles a las bancas que no terminan por acomodarse a nuestra anatom\u00eda y sobre todo a\u2026","rel":"","context":"Con 1 comentario","block_context":{"text":"Con 1 comentario","link":"https:\/\/kalot.com.mx\/site\/2014\/01\/22\/el-dia-d\/#comments"},"img":{"alt_text":"","src":"https:\/\/i0.wp.com\/kalot.com.mx\/site\/wp-content\/uploads\/2014\/01\/1378113_10202506270482744_520369359_n.jpg?fit=950%2C439&ssl=1&resize=350%2C200","width":350,"height":200,"srcset":"https:\/\/i0.wp.com\/kalot.com.mx\/site\/wp-content\/uploads\/2014\/01\/1378113_10202506270482744_520369359_n.jpg?fit=950%2C439&ssl=1&resize=350%2C200 1x, https:\/\/i0.wp.com\/kalot.com.mx\/site\/wp-content\/uploads\/2014\/01\/1378113_10202506270482744_520369359_n.jpg?fit=950%2C439&ssl=1&resize=525%2C300 1.5x, https:\/\/i0.wp.com\/kalot.com.mx\/site\/wp-content\/uploads\/2014\/01\/1378113_10202506270482744_520369359_n.jpg?fit=950%2C439&ssl=1&resize=700%2C400 2x"},"classes":[]}],"jetpack_sharing_enabled":true,"_links":{"self":[{"href":"https:\/\/kalot.com.mx\/site\/wp-json\/wp\/v2\/posts\/19139","targetHints":{"allow":["GET"]}}],"collection":[{"href":"https:\/\/kalot.com.mx\/site\/wp-json\/wp\/v2\/posts"}],"about":[{"href":"https:\/\/kalot.com.mx\/site\/wp-json\/wp\/v2\/types\/post"}],"author":[{"embeddable":true,"href":"https:\/\/kalot.com.mx\/site\/wp-json\/wp\/v2\/users\/106"}],"replies":[{"embeddable":true,"href":"https:\/\/kalot.com.mx\/site\/wp-json\/wp\/v2\/comments?post=19139"}],"version-history":[{"count":3,"href":"https:\/\/kalot.com.mx\/site\/wp-json\/wp\/v2\/posts\/19139\/revisions"}],"predecessor-version":[{"id":24152,"href":"https:\/\/kalot.com.mx\/site\/wp-json\/wp\/v2\/posts\/19139\/revisions\/24152"}],"wp:featuredmedia":[{"embeddable":true,"href":"https:\/\/kalot.com.mx\/site\/wp-json\/wp\/v2\/media\/19148"}],"wp:attachment":[{"href":"https:\/\/kalot.com.mx\/site\/wp-json\/wp\/v2\/media?parent=19139"}],"wp:term":[{"taxonomy":"category","embeddable":true,"href":"https:\/\/kalot.com.mx\/site\/wp-json\/wp\/v2\/categories?post=19139"},{"taxonomy":"post_tag","embeddable":true,"href":"https:\/\/kalot.com.mx\/site\/wp-json\/wp\/v2\/tags?post=19139"}],"curies":[{"name":"wp","href":"https:\/\/api.w.org\/{rel}","templated":true}]}}