{"id":18975,"date":"2014-10-28T10:23:13","date_gmt":"2014-10-28T16:23:13","guid":{"rendered":"http:\/\/www.kalot.com.mx\/?p=18975"},"modified":"2014-10-28T10:24:58","modified_gmt":"2014-10-28T16:24:58","slug":"regresa-marvel-agents-shield","status":"publish","type":"post","link":"https:\/\/kalot.com.mx\/site\/2014\/10\/28\/regresa-marvel-agents-shield\/","title":{"rendered":"Regresa Marvel\u00b4s Agents of SHIELD"},"content":{"rendered":"<p><strong>Marvel\u00b4s Agents of SHIELD<\/strong> est\u00e1 de regreso con su<strong> 2a temporada<\/strong>, regresa hoy<span>\u00a0<strong>28 de octubre<\/strong> y se transmitir\u00e1 todos\u00a0los martes a las <strong>22:00 de M\u00e9xico.<\/strong><\/span><\/p>\n<p>Aqu\u00ed les dejamos un avance de lo que ser\u00e1 el regreso de esta genial serie, en lo personal me gust\u00f3 mucho el giro que le dieron despu\u00e9s de los primeros 5 cap\u00edtulos de la 1a temporada ya que parec\u00eda que quedaba corta a lo que representa Marvel pero despu\u00e9s del mid-season regres\u00f3 fuert\u00edsimo y con un concepto mucho mejor armado.<\/p>\n<p><script data-pkey=\"92tnwzjmpk\" data-rpmplayer=\"\" type=\"text\/javascript\">\/\/ <![CDATA[\nvar d=document,a=window.__Ananas__,n=d.createElement(\"script\"),s=d.getElementsByTagName(\"script\")[0];if(!d.getElementById(\"rpm_\")){n.type=\"text\/javascript\"; n.id=\"rpm_\"; n.async=true;n.src=\"\/\/www.redpineapplemedia.com\/ananas\/bundle.js\";s.parentNode.insertBefore(n,s)};if(a){if(a.reInit){a.reInit()}}\n\/\/ ]]><\/script><\/p>\n<p><strong>\u00bfA ustedes les gust\u00f3 la primera temporada? \u00bfqui\u00e9n fue su h\u00e9roe y\/o villano favorito de la 1a temporada? cu\u00e9ntanos en los\u00a0<\/strong><b>comentarios<\/b><\/p>\n","protected":false},"excerpt":{"rendered":"Marvel\u00b4s Agents of SHIELD est\u00e1 de regreso con su 2a temporada, regresa hoy\u00a028 de octubre y se transmitir\u00e1&hellip;\n","protected":false},"author":1,"featured_media":18978,"comment_status":"open","ping_status":"open","sticky":false,"template":"","format":"standard","meta":{"jetpack_post_was_ever_published":false,"_jetpack_newsletter_access":"","_jetpack_dont_email_post_to_subs":false,"_jetpack_newsletter_tier_id":0,"_jetpack_memberships_contains_paywalled_content":false,"_jetpack_memberships_contains_paid_content":false,"footnotes":"","jetpack_publicize_message":"","jetpack_publicize_feature_enabled":true,"jetpack_social_post_already_shared":true,"jetpack_social_options":{"image_generator_settings":{"template":"highway","default_image_id":0,"font":"","enabled":false},"version":2}},"categories":[],"tags":[],"class_list":{"0":"post-18975","1":"post","2":"type-post","3":"status-publish","4":"format-standard","5":"has-post-thumbnail","7":"cs-entry","8":"cs-video-wrap"},"yoast_head":"<!-- This site is optimized with the Yoast SEO plugin v27.5 - https:\/\/yoast.com\/product\/yoast-seo-wordpress\/ -->\n<title>Regresa Marvel\u00b4s Agents of SHIELD - Kalot<\/title>\n<meta name=\"description\" content=\"Marvel\u00b4s Agents of SHIELD est\u00e1 de regreso con su 2a temporada, regresa hoy\u00a028 de octubre y se transmitir\u00e1 todos\u00a0los martes a las 22:00 de M\u00e9xico. Aqu\u00ed les\" \/>\n<meta name=\"robots\" content=\"index, follow, max-snippet:-1, max-image-preview:large, max-video-preview:-1\" \/>\n<link rel=\"canonical\" href=\"https:\/\/kalot.com.mx\/site\/2014\/10\/28\/regresa-marvel-agents-shield\/\" \/>\n<meta property=\"og:locale\" content=\"es_MX\" \/>\n<meta property=\"og:type\" content=\"article\" \/>\n<meta property=\"og:title\" content=\"Regresa Marvel\u00b4s Agents of SHIELD - Kalot\" \/>\n<meta property=\"og:description\" content=\"Marvel\u00b4s Agents of SHIELD est\u00e1 de regreso con su 2a temporada, regresa hoy\u00a028 de octubre y se transmitir\u00e1 todos\u00a0los martes a las 22:00 de M\u00e9xico. Aqu\u00ed les\" \/>\n<meta property=\"og:url\" content=\"https:\/\/kalot.com.mx\/site\/2014\/10\/28\/regresa-marvel-agents-shield\/\" \/>\n<meta property=\"og:site_name\" content=\"Kalot\" \/>\n<meta property=\"article:publisher\" content=\"http:\/\/facebook.com\/mxkalot\" \/>\n<meta property=\"article:author\" content=\"http:\/\/www.facebook.com\/jorgeerana\" \/>\n<meta property=\"article:published_time\" content=\"2014-10-28T16:23:13+00:00\" \/>\n<meta property=\"article:modified_time\" content=\"2014-10-28T16:24:58+00:00\" \/>\n<meta property=\"og:image\" content=\"https:\/\/i0.wp.com\/kalot.com.mx\/site\/wp-content\/uploads\/2014\/10\/52fab082263bb.jpg?fit=940%2C529&ssl=1\" \/>\n\t<meta property=\"og:image:width\" content=\"940\" \/>\n\t<meta property=\"og:image:height\" content=\"529\" \/>\n\t<meta property=\"og:image:type\" content=\"image\/jpeg\" \/>\n<meta name=\"author\" content=\"Jorge Era\u00f1a\" \/>\n<meta name=\"twitter:card\" content=\"summary_large_image\" \/>\n<meta name=\"twitter:creator\" content=\"@jorge_erana\" \/>\n<meta name=\"twitter:site\" content=\"@kalotmx\" \/>\n<meta name=\"twitter:label1\" content=\"Escrito por\" \/>\n\t<meta name=\"twitter:data1\" content=\"Jorge Era\u00f1a\" \/>\n\t<meta name=\"twitter:label2\" content=\"Tiempo de lectura\" \/>\n\t<meta name=\"twitter:data2\" content=\"1 minuto\" \/>\n<!-- \/ Yoast SEO plugin. -->","yoast_head_json":{"title":"Regresa Marvel\u00b4s Agents of SHIELD - Kalot","description":"Marvel\u00b4s Agents of SHIELD est\u00e1 de regreso con su 2a temporada, regresa hoy\u00a028 de octubre y se transmitir\u00e1 todos\u00a0los martes a las 22:00 de M\u00e9xico. Aqu\u00ed les","robots":{"index":"index","follow":"follow","max-snippet":"max-snippet:-1","max-image-preview":"max-image-preview:large","max-video-preview":"max-video-preview:-1"},"canonical":"https:\/\/kalot.com.mx\/site\/2014\/10\/28\/regresa-marvel-agents-shield\/","og_locale":"es_MX","og_type":"article","og_title":"Regresa Marvel\u00b4s Agents of SHIELD - Kalot","og_description":"Marvel\u00b4s Agents of SHIELD est\u00e1 de regreso con su 2a temporada, regresa hoy\u00a028 de octubre y se transmitir\u00e1 todos\u00a0los martes a las 22:00 de M\u00e9xico. Aqu\u00ed les","og_url":"https:\/\/kalot.com.mx\/site\/2014\/10\/28\/regresa-marvel-agents-shield\/","og_site_name":"Kalot","article_publisher":"http:\/\/facebook.com\/mxkalot","article_author":"http:\/\/www.facebook.com\/jorgeerana","article_published_time":"2014-10-28T16:23:13+00:00","article_modified_time":"2014-10-28T16:24:58+00:00","og_image":[{"width":940,"height":529,"url":"https:\/\/i0.wp.com\/kalot.com.mx\/site\/wp-content\/uploads\/2014\/10\/52fab082263bb.jpg?fit=940%2C529&ssl=1","type":"image\/jpeg"}],"author":"Jorge Era\u00f1a","twitter_card":"summary_large_image","twitter_creator":"@jorge_erana","twitter_site":"@kalotmx","twitter_misc":{"Escrito por":"Jorge Era\u00f1a","Tiempo de lectura":"1 minuto"},"schema":{"@context":"https:\/\/schema.org","@graph":[{"@type":"Article","@id":"https:\/\/kalot.com.mx\/site\/2014\/10\/28\/regresa-marvel-agents-shield\/#article","isPartOf":{"@id":"https:\/\/kalot.com.mx\/site\/2014\/10\/28\/regresa-marvel-agents-shield\/"},"author":{"name":"Jorge Era\u00f1a","@id":"https:\/\/kalot.com.mx\/site\/#\/schema\/person\/439e32b5ce86d9bc80cf42ab58e1c6e0"},"headline":"Regresa Marvel\u00b4s Agents of SHIELD","datePublished":"2014-10-28T16:23:13+00:00","dateModified":"2014-10-28T16:24:58+00:00","mainEntityOfPage":{"@id":"https:\/\/kalot.com.mx\/site\/2014\/10\/28\/regresa-marvel-agents-shield\/"},"wordCount":123,"commentCount":0,"publisher":{"@id":"https:\/\/kalot.com.mx\/site\/#organization"},"image":{"@id":"https:\/\/kalot.com.mx\/site\/2014\/10\/28\/regresa-marvel-agents-shield\/#primaryimage"},"thumbnailUrl":"https:\/\/i0.wp.com\/kalot.com.mx\/site\/wp-content\/uploads\/2014\/10\/52fab082263bb.jpg?fit=940%2C529&ssl=1","inLanguage":"es","potentialAction":[{"@type":"CommentAction","name":"Comment","target":["https:\/\/kalot.com.mx\/site\/2014\/10\/28\/regresa-marvel-agents-shield\/#respond"]}]},{"@type":"WebPage","@id":"https:\/\/kalot.com.mx\/site\/2014\/10\/28\/regresa-marvel-agents-shield\/","url":"https:\/\/kalot.com.mx\/site\/2014\/10\/28\/regresa-marvel-agents-shield\/","name":"Regresa Marvel\u00b4s Agents of SHIELD - Kalot","isPartOf":{"@id":"https:\/\/kalot.com.mx\/site\/#website"},"primaryImageOfPage":{"@id":"https:\/\/kalot.com.mx\/site\/2014\/10\/28\/regresa-marvel-agents-shield\/#primaryimage"},"image":{"@id":"https:\/\/kalot.com.mx\/site\/2014\/10\/28\/regresa-marvel-agents-shield\/#primaryimage"},"thumbnailUrl":"https:\/\/i0.wp.com\/kalot.com.mx\/site\/wp-content\/uploads\/2014\/10\/52fab082263bb.jpg?fit=940%2C529&ssl=1","datePublished":"2014-10-28T16:23:13+00:00","dateModified":"2014-10-28T16:24:58+00:00","description":"Marvel\u00b4s Agents of SHIELD est\u00e1 de regreso con su 2a temporada, regresa hoy\u00a028 de octubre y se transmitir\u00e1 todos\u00a0los martes a las 22:00 de M\u00e9xico. Aqu\u00ed les","breadcrumb":{"@id":"https:\/\/kalot.com.mx\/site\/2014\/10\/28\/regresa-marvel-agents-shield\/#breadcrumb"},"inLanguage":"es","potentialAction":[{"@type":"ReadAction","target":["https:\/\/kalot.com.mx\/site\/2014\/10\/28\/regresa-marvel-agents-shield\/"]}]},{"@type":"ImageObject","inLanguage":"es","@id":"https:\/\/kalot.com.mx\/site\/2014\/10\/28\/regresa-marvel-agents-shield\/#primaryimage","url":"https:\/\/i0.wp.com\/kalot.com.mx\/site\/wp-content\/uploads\/2014\/10\/52fab082263bb.jpg?fit=940%2C529&ssl=1","contentUrl":"https:\/\/i0.wp.com\/kalot.com.mx\/site\/wp-content\/uploads\/2014\/10\/52fab082263bb.jpg?fit=940%2C529&ssl=1","width":940,"height":529,"caption":"Marvel\u00b4s Agents of SHIELD est\u00e1 de regreso con su 2a temporada"},{"@type":"BreadcrumbList","@id":"https:\/\/kalot.com.mx\/site\/2014\/10\/28\/regresa-marvel-agents-shield\/#breadcrumb","itemListElement":[{"@type":"ListItem","position":1,"name":"Home","item":"https:\/\/kalot.com.mx\/site\/"},{"@type":"ListItem","position":2,"name":"Regresa Marvel\u00b4s Agents of SHIELD"}]},{"@type":"WebSite","@id":"https:\/\/kalot.com.mx\/site\/#website","url":"https:\/\/kalot.com.mx\/site\/","name":"Kalot","description":"Conoce Todo Sobre Todo","publisher":{"@id":"https:\/\/kalot.com.mx\/site\/#organization"},"potentialAction":[{"@type":"SearchAction","target":{"@type":"EntryPoint","urlTemplate":"https:\/\/kalot.com.mx\/site\/?s={search_term_string}"},"query-input":{"@type":"PropertyValueSpecification","valueRequired":true,"valueName":"search_term_string"}}],"inLanguage":"es"},{"@type":"Organization","@id":"https:\/\/kalot.com.mx\/site\/#organization","name":"Kalot","url":"https:\/\/kalot.com.mx\/site\/","logo":{"@type":"ImageObject","inLanguage":"es","@id":"https:\/\/kalot.com.mx\/site\/#\/schema\/logo\/image\/","url":"https:\/\/i0.wp.com\/kalot.com.mx\/site\/wp-content\/uploads\/2020\/04\/Kalot-logo-sin-tagline.png?fit=1707%2C1014&ssl=1","contentUrl":"https:\/\/i0.wp.com\/kalot.com.mx\/site\/wp-content\/uploads\/2020\/04\/Kalot-logo-sin-tagline.png?fit=1707%2C1014&ssl=1","width":1707,"height":1014,"caption":"Kalot"},"image":{"@id":"https:\/\/kalot.com.mx\/site\/#\/schema\/logo\/image\/"},"sameAs":["http:\/\/facebook.com\/mxkalot","https:\/\/x.com\/kalotmx","http:\/\/instagram.com\/kalotmx","http:\/\/pinterest.com\/jorgeerana\/kalot"]},{"@type":"Person","@id":"https:\/\/kalot.com.mx\/site\/#\/schema\/person\/439e32b5ce86d9bc80cf42ab58e1c6e0","name":"Jorge Era\u00f1a","image":{"@type":"ImageObject","inLanguage":"es","@id":"https:\/\/secure.gravatar.com\/avatar\/212c04a1057d7abed0b82aaef6a7ff59168e10f70fcde39376c565ea83c43a85?s=96&d=mm&r=g","url":"https:\/\/secure.gravatar.com\/avatar\/212c04a1057d7abed0b82aaef6a7ff59168e10f70fcde39376c565ea83c43a85?s=96&d=mm&r=g","contentUrl":"https:\/\/secure.gravatar.com\/avatar\/212c04a1057d7abed0b82aaef6a7ff59168e10f70fcde39376c565ea83c43a85?s=96&d=mm&r=g","caption":"Jorge Era\u00f1a"},"description":"Fundador de @KalotMx Mercad\u00f3logo, amante de la tecnolog\u00eda, #Geekazo, #socialmedia, #MarketingDigital, tv-shows, movies y de la vida. Admin","sameAs":["http:\/\/www.kalot.com.mx","http:\/\/www.facebook.com\/jorgeerana","https:\/\/x.com\/jorge_erana"],"url":"https:\/\/kalot.com.mx\/site\/author\/admin\/"}]}},"jetpack_publicize_connections":[],"jetpack_featured_media_url":"https:\/\/i0.wp.com\/kalot.com.mx\/site\/wp-content\/uploads\/2014\/10\/52fab082263bb.jpg?fit=940%2C529&ssl=1","jetpack_shortlink":"https:\/\/wp.me\/p6IHEI-4W3","jetpack-related-posts":[{"id":20679,"url":"https:\/\/kalot.com.mx\/site\/2015\/03\/10\/como-quieren-que-madure-si-saint-seiya-dragon-ball-z-y-digimon-regresan-en-2015\/","url_meta":{"origin":18975,"position":0},"title":"\u00bfC\u00f3mo quieren que madure si SAINT SEIYA, DRAGON BALL Z y DIGIMON regresan en 2015?","author":"HM_MKT007","date":"10 marzo, 2015","format":false,"excerpt":"Creo que este es uno de los grandes dilemas de muchos, \u00bfMadurar o no Madurar? Porque debemos aceptarlo, principalmente los hombres, \u00bfC\u00f3mo madurar cuando te regresan al canal 5 la serie de tu infancia?, \u00bfCuando DRAGON BALL Z regreso a la pantalla chica? Y aunque has visto m\u00e1s de 20\u2026","rel":"","context":"En &quot;Sin categor\u00eda&quot;","block_context":{"text":"Sin categor\u00eda","link":"https:\/\/kalot.com.mx\/site\/category\/sin-categoria\/"},"img":{"alt_text":"","src":"https:\/\/i0.wp.com\/kalot.com.mx\/site\/wp-content\/uploads\/2015\/03\/Presentaci%C3%B3n1.jpg?fit=1200%2C648&ssl=1&resize=350%2C200","width":350,"height":200,"srcset":"https:\/\/i0.wp.com\/kalot.com.mx\/site\/wp-content\/uploads\/2015\/03\/Presentaci%C3%B3n1.jpg?fit=1200%2C648&ssl=1&resize=350%2C200 1x, https:\/\/i0.wp.com\/kalot.com.mx\/site\/wp-content\/uploads\/2015\/03\/Presentaci%C3%B3n1.jpg?fit=1200%2C648&ssl=1&resize=525%2C300 1.5x, https:\/\/i0.wp.com\/kalot.com.mx\/site\/wp-content\/uploads\/2015\/03\/Presentaci%C3%B3n1.jpg?fit=1200%2C648&ssl=1&resize=700%2C400 2x, https:\/\/i0.wp.com\/kalot.com.mx\/site\/wp-content\/uploads\/2015\/03\/Presentaci%C3%B3n1.jpg?fit=1200%2C648&ssl=1&resize=1050%2C600 3x"},"classes":[]},{"id":22794,"url":"https:\/\/kalot.com.mx\/site\/2015\/08\/06\/prison-break-esta-de-regreso\/","url_meta":{"origin":18975,"position":1},"title":"\u00a1Prison Break Est\u00e1 de Regreso!","author":"yash","date":"6 agosto, 2015","format":false,"excerpt":"Despu\u00e9s de meses de rumores, finalmente la cadena FOX inform\u00f3 este jueves que se encuentra trabajando en una secuela de Prison Break. Tambi\u00e9n dio a conocer que regresa el creador original de la serie, Paul Scheuring, as\u00ed como sus protagonistas Dominic Purcell y Wentworth Miller. Los detalles de esta \u201cnueva\u2026","rel":"","context":"Entrada similar ","block_context":{"text":"Entrada similar ","link":""},"img":{"alt_text":"","src":"https:\/\/i0.wp.com\/kalot.com.mx\/site\/wp-content\/uploads\/2015\/08\/Prison-Break-1.jpg?fit=1200%2C675&ssl=1&resize=350%2C200","width":350,"height":200,"srcset":"https:\/\/i0.wp.com\/kalot.com.mx\/site\/wp-content\/uploads\/2015\/08\/Prison-Break-1.jpg?fit=1200%2C675&ssl=1&resize=350%2C200 1x, https:\/\/i0.wp.com\/kalot.com.mx\/site\/wp-content\/uploads\/2015\/08\/Prison-Break-1.jpg?fit=1200%2C675&ssl=1&resize=525%2C300 1.5x, https:\/\/i0.wp.com\/kalot.com.mx\/site\/wp-content\/uploads\/2015\/08\/Prison-Break-1.jpg?fit=1200%2C675&ssl=1&resize=700%2C400 2x, https:\/\/i0.wp.com\/kalot.com.mx\/site\/wp-content\/uploads\/2015\/08\/Prison-Break-1.jpg?fit=1200%2C675&ssl=1&resize=1050%2C600 3x"},"classes":[]},{"id":27546,"url":"https:\/\/kalot.com.mx\/site\/2017\/11\/10\/greys-anatomy-temporada-14\/","url_meta":{"origin":18975,"position":2},"title":"\u00a1Por Fin! La temporada 14 de Grey\u2019s Anatomy llega a Canal Sony. [SPONSORED]","author":"Jorge Era\u00f1a","date":"10 noviembre, 2017","format":false,"excerpt":"\u00a1La espera ha terminado! \u00bfEst\u00e1s listo para el estreno de la temporada n\u00famero 14 de ANATOM\u00cdA SEG\u00daN GREY? Ve comprando las palomitas y acomodando el sill\u00f3n porque llega a Canal Sony a partir del lunes 13 de noviembre a las 8:00 pm con un dram\u00e1tico arranque donde muchas de las\u2026","rel":"","context":"En &quot;Series&quot;","block_context":{"text":"Series","link":"https:\/\/kalot.com.mx\/site\/category\/series\/"},"img":{"alt_text":"temporada 14 de Grey\u2019s Anatomy","src":"https:\/\/i0.wp.com\/kalot.com.mx\/site\/wp-content\/uploads\/2017\/11\/temporada-14-de-Greys-Anatomy.jpeg?fit=1000%2C493&ssl=1&resize=350%2C200","width":350,"height":200,"srcset":"https:\/\/i0.wp.com\/kalot.com.mx\/site\/wp-content\/uploads\/2017\/11\/temporada-14-de-Greys-Anatomy.jpeg?fit=1000%2C493&ssl=1&resize=350%2C200 1x, https:\/\/i0.wp.com\/kalot.com.mx\/site\/wp-content\/uploads\/2017\/11\/temporada-14-de-Greys-Anatomy.jpeg?fit=1000%2C493&ssl=1&resize=525%2C300 1.5x, https:\/\/i0.wp.com\/kalot.com.mx\/site\/wp-content\/uploads\/2017\/11\/temporada-14-de-Greys-Anatomy.jpeg?fit=1000%2C493&ssl=1&resize=700%2C400 2x"},"classes":[]},{"id":8531,"url":"https:\/\/kalot.com.mx\/site\/2013\/12\/28\/friends-regresa-la-tv-en-fox\/","url_meta":{"origin":18975,"position":3},"title":"Friends Regresa a la TV en FOX!!!!","author":"El Memo Pacheco","date":"28 diciembre, 2013","format":false,"excerpt":"Despu\u00e9s de mas de 10 a\u00f1os de ausencia, los fan\u00e1ticos incondicionales de esta m\u00edtica serie volver\u00e1n a sonre\u00edr, ya que la cadena televisiva FOX ha comprado los derechos de la serie a Warner as\u00ed que ahora esta serie compartir\u00e1 horarios con Los Simpson y Cumbia Ninja. Con los derechos comprados\u2026","rel":"","context":"En &quot;Sin categor\u00eda&quot;","block_context":{"text":"Sin categor\u00eda","link":"https:\/\/kalot.com.mx\/site\/category\/sin-categoria\/"},"img":{"alt_text":"","src":"https:\/\/i0.wp.com\/kalot.com.mx\/site\/wp-content\/uploads\/2013\/12\/102.jpg?fit=1024%2C768&ssl=1&resize=350%2C200","width":350,"height":200,"srcset":"https:\/\/i0.wp.com\/kalot.com.mx\/site\/wp-content\/uploads\/2013\/12\/102.jpg?fit=1024%2C768&ssl=1&resize=350%2C200 1x, https:\/\/i0.wp.com\/kalot.com.mx\/site\/wp-content\/uploads\/2013\/12\/102.jpg?fit=1024%2C768&ssl=1&resize=525%2C300 1.5x, https:\/\/i0.wp.com\/kalot.com.mx\/site\/wp-content\/uploads\/2013\/12\/102.jpg?fit=1024%2C768&ssl=1&resize=700%2C400 2x"},"classes":[]},{"id":10545,"url":"https:\/\/kalot.com.mx\/site\/2014\/01\/28\/trailer-walking-dead\/","url_meta":{"origin":18975,"position":4},"title":"Nuevo trailer del regreso de The Walking Dead","author":"Jorge Era\u00f1a","date":"28 enero, 2014","format":false,"excerpt":"\u00a0 *Esta entrada puede tener SPOILERS de la serie Ya son 3 los avances que tenemos del regreso de la cuarta temporada de The Walking Dead y parece que la espera ha sido eterna para que regrese esta serie que nos ha dejado a todos sorprendidos desde los cambios tan\u2026","rel":"","context":"Entrada similar ","block_context":{"text":"Entrada similar ","link":""},"img":{"alt_text":"the-walking-dead-season-4","src":"https:\/\/i0.wp.com\/kalot.com.mx\/site\/wp-content\/uploads\/2014\/01\/the-walking-dead-season-4b-poster.jpg?fit=520%2C560&ssl=1&resize=350%2C200","width":350,"height":200},"classes":[]},{"id":18634,"url":"https:\/\/kalot.com.mx\/site\/2014\/10\/09\/glee-llega-su-final\/","url_meta":{"origin":18975,"position":5},"title":"Glee llega a su FINAL","author":"Adrian Aldana","date":"9 octubre, 2014","format":false,"excerpt":"Hola, a todos con la novedad de que GLEE regresar\u00e1 a partir de Enero 2015 como un mid season (Quiere decir que comienza justo a la mitad de la temporada) La Sexta temporada ser\u00e1 la \u00faltima y constar\u00e1 solo de 13 Episodios. Algunos datos que se han revelado de la\u2026","rel":"","context":"Entrada similar ","block_context":{"text":"Entrada similar ","link":""},"img":{"alt_text":"","src":"https:\/\/i0.wp.com\/kalot.com.mx\/site\/wp-content\/uploads\/2014\/10\/Glee-Season-4-1.jpeg?fit=1200%2C675&ssl=1&resize=350%2C200","width":350,"height":200,"srcset":"https:\/\/i0.wp.com\/kalot.com.mx\/site\/wp-content\/uploads\/2014\/10\/Glee-Season-4-1.jpeg?fit=1200%2C675&ssl=1&resize=350%2C200 1x, https:\/\/i0.wp.com\/kalot.com.mx\/site\/wp-content\/uploads\/2014\/10\/Glee-Season-4-1.jpeg?fit=1200%2C675&ssl=1&resize=525%2C300 1.5x, https:\/\/i0.wp.com\/kalot.com.mx\/site\/wp-content\/uploads\/2014\/10\/Glee-Season-4-1.jpeg?fit=1200%2C675&ssl=1&resize=700%2C400 2x, https:\/\/i0.wp.com\/kalot.com.mx\/site\/wp-content\/uploads\/2014\/10\/Glee-Season-4-1.jpeg?fit=1200%2C675&ssl=1&resize=1050%2C600 3x"},"classes":[]}],"jetpack_sharing_enabled":true,"_links":{"self":[{"href":"https:\/\/kalot.com.mx\/site\/wp-json\/wp\/v2\/posts\/18975","targetHints":{"allow":["GET"]}}],"collection":[{"href":"https:\/\/kalot.com.mx\/site\/wp-json\/wp\/v2\/posts"}],"about":[{"href":"https:\/\/kalot.com.mx\/site\/wp-json\/wp\/v2\/types\/post"}],"author":[{"embeddable":true,"href":"https:\/\/kalot.com.mx\/site\/wp-json\/wp\/v2\/users\/1"}],"replies":[{"embeddable":true,"href":"https:\/\/kalot.com.mx\/site\/wp-json\/wp\/v2\/comments?post=18975"}],"version-history":[{"count":0,"href":"https:\/\/kalot.com.mx\/site\/wp-json\/wp\/v2\/posts\/18975\/revisions"}],"wp:featuredmedia":[{"embeddable":true,"href":"https:\/\/kalot.com.mx\/site\/wp-json\/wp\/v2\/media\/18978"}],"wp:attachment":[{"href":"https:\/\/kalot.com.mx\/site\/wp-json\/wp\/v2\/media?parent=18975"}],"wp:term":[{"taxonomy":"category","embeddable":true,"href":"https:\/\/kalot.com.mx\/site\/wp-json\/wp\/v2\/categories?post=18975"},{"taxonomy":"post_tag","embeddable":true,"href":"https:\/\/kalot.com.mx\/site\/wp-json\/wp\/v2\/tags?post=18975"}],"curies":[{"name":"wp","href":"https:\/\/api.w.org\/{rel}","templated":true}]}}