{"id":18903,"date":"2014-10-26T11:14:49","date_gmt":"2014-10-26T17:14:49","guid":{"rendered":"http:\/\/www.kalot.com.mx\/?p=18903"},"modified":"2015-02-26T01:59:34","modified_gmt":"2015-02-26T07:59:34","slug":"que-relacion-hay-entre-pinocho-y-ultron-de-avengers-2","status":"publish","type":"post","link":"https:\/\/kalot.com.mx\/site\/2014\/10\/26\/que-relacion-hay-entre-pinocho-y-ultron-de-avengers-2\/","title":{"rendered":"\u00bfQu\u00e9 relaci\u00f3n hay entre Pinocho y Ultron de Avengers 2?"},"content":{"rendered":"<h4 id=\"a-estas-alturas-ya-todos-debieron-de-haber-visto-mas-de-una-vez-el-teaser-de-avengers-age-of-ultron-el-cual-tuvo-su-lanzamiento-inesperadamente-a-principios-de-la-semana-pasada-si-no-lo-han-visto-m\" style=\"text-align: justify\">A estas alturas ya todos debieron de haber visto m\u00e1s de una vez el teaser de <strong>Avengers: Age Of Ultron<\/strong>, el cual tuvo su lanzamiento inesperadamente a principios de la semana pasada <em>(si no lo han visto me parece que tenemos que hablar)<\/em>.<\/h4>\n<p>UPDATE: Y como el internet no duerme, ya hay un mashup trailer de ambas pel\u00edculas, el cu\u00e1l pueden ver dando click <a href=\"https:\/\/www.youtube.com\/watch?v=kOdQCN5koXA\">aqu\u00ed<\/a>.<\/p>\n<p style=\"text-align: justify\">Y digo <strong>\u201cm\u00e1s de una vez\u201d<\/strong> ya que ustedes de seguro tambi\u00e9n lo vieron 2 veces o m\u00e1s para intentar no perder detalle alguno acerca de todo lo que estar\u00e1 por acontecer en la \u00faltima pel\u00edcula que enmarca el fin de la Etapa 2 de los largometrajes de Marvel. Aqu\u00ed el susodicho:<\/p>\n<p><span class=\"embed-youtube\" style=\"text-align:center; display: block;\"><iframe class=\"youtube-player\" width=\"1200\" height=\"675\" src=\"https:\/\/www.youtube.com\/embed\/tmeOjFno6Do?version=3&#038;rel=1&#038;showsearch=0&#038;showinfo=1&#038;iv_load_policy=1&#038;fs=1&#038;hl=es-MX&#038;autohide=2&#038;wmode=transparent\" allowfullscreen=\"true\" style=\"border:0;\" sandbox=\"allow-scripts allow-same-origin allow-popups allow-presentation allow-popups-to-escape-sandbox\"><\/iframe><\/span><\/p>\n<p style=\"text-align: justify\">Pues bien, algo que notamos y nos pareci\u00f3 curioso fue el que a mucha gente le pareciera un tanto extra\u00f1a y poco com\u00fan la elecci\u00f3n del tema que acompa\u00f1a al primer tr\u00e1iler oficial de esta entrega <em>(desde el segundo 0:38 hasta el minuto 1:11)<\/em>; un <strong>tema lento y melanc\u00f3lico<\/strong>, el cual da la sensaci\u00f3n de que algo terrible y tr\u00e1gico pasar\u00e1 en el bando de nuestros h\u00e9roes o bien con la raza humana. El tema que escuchamos en el avance nos parecer\u00e1 familiar debido a que se trata de una versi\u00f3n muy lenta de\u00a0<strong>\u201cI\u2019ve Got No Strings\u201d<\/strong>, himno de uno de los m\u00e1s exitosos personajes en la historia de Disney: <strong>Pinocho<\/strong>.<\/p>\n<p style=\"text-align: justify\">La conexi\u00f3n obvia resulta que ambos personajes resultan ser manipulados en un comienzo, para despu\u00e9s ser libres por m\u00e9ritos propios. Esta referencia toma fuerza gracias a que Marvel es ahora propiedad de Disney, por lo que no desaprovecharon la oportunidad de hacer tal comparaci\u00f3n. Habr\u00e1 que tomar en cuenta que Pinocho no es creaci\u00f3n original de Disney, sino que nace de la mano literaria de <strong>Carlo Collodi<\/strong>, escritor italiano qui\u00e9n en 1882 publicara dicho relato en el peri\u00f3dico infantil <em>Giornale per i bambini.<\/em> Pero bien aquella historia sigue en nuestro colectivo gracias a la versi\u00f3n animada de 1940 y , de la cual les dejamos la genial interpretaci\u00f3n del ni\u00f1o de madera:<\/p>\n<p><span class=\"embed-youtube\" style=\"text-align:center; display: block;\"><iframe class=\"youtube-player\" width=\"1200\" height=\"675\" src=\"https:\/\/www.youtube.com\/embed\/iAykOz1gWi4?version=3&#038;rel=1&#038;showsearch=0&#038;showinfo=1&#038;iv_load_policy=1&#038;fs=1&#038;hl=es-MX&#038;autohide=2&#038;wmode=transparent\" allowfullscreen=\"true\" style=\"border:0;\" sandbox=\"allow-scripts allow-same-origin allow-popups allow-presentation allow-popups-to-escape-sandbox\"><\/iframe><\/span><\/p>\n<p style=\"text-align: justify\"><strong>\u00bfQu\u00e9 les parece? \u00bfCreen que veamos m\u00e1s referencias a Pinocho en Avengers: Age Of Ultron<\/strong>? <strong>\u00bfHar\u00e1 Pinocho o Pepe Grillo alg\u00fan cameo en la pel\u00edcula?<\/strong> Nos leemos luego.<\/p>\n<p style=\"text-align: justify\"><a href=\"https:\/\/i0.wp.com\/www.kalot.com.mx\/wp-content\/uploads\/2014\/10\/6uW3zAR.jpg\"><img data-recalc-dims=\"1\" fetchpriority=\"high\" decoding=\"async\" data-attachment-id=\"18909\" data-permalink=\"https:\/\/kalot.com.mx\/site\/2014\/10\/26\/que-relacion-hay-entre-pinocho-y-ultron-de-avengers-2\/6uw3zar\/\" data-orig-file=\"https:\/\/i0.wp.com\/kalot.com.mx\/site\/wp-content\/uploads\/2014\/10\/6uW3zAR.jpg?fit=640%2C640&amp;ssl=1\" data-orig-size=\"640,640\" data-comments-opened=\"1\" data-image-meta=\"{&quot;aperture&quot;:&quot;0&quot;,&quot;credit&quot;:&quot;&quot;,&quot;camera&quot;:&quot;&quot;,&quot;caption&quot;:&quot;&quot;,&quot;created_timestamp&quot;:&quot;0&quot;,&quot;copyright&quot;:&quot;&quot;,&quot;focal_length&quot;:&quot;0&quot;,&quot;iso&quot;:&quot;0&quot;,&quot;shutter_speed&quot;:&quot;0&quot;,&quot;title&quot;:&quot;&quot;,&quot;orientation&quot;:&quot;0&quot;}\" data-image-title=\"6uW3zAR\" data-image-description=\"\" data-image-caption=\"\" data-large-file=\"https:\/\/i0.wp.com\/kalot.com.mx\/site\/wp-content\/uploads\/2014\/10\/6uW3zAR.jpg?fit=640%2C640&amp;ssl=1\" class=\"aligncenter  wp-image-18909\" src=\"https:\/\/i0.wp.com\/www.kalot.com.mx\/wp-content\/uploads\/2014\/10\/6uW3zAR.jpg?resize=381%2C381\" alt=\"6uW3zAR\" width=\"381\" height=\"381\" srcset=\"https:\/\/i0.wp.com\/kalot.com.mx\/site\/wp-content\/uploads\/2014\/10\/6uW3zAR.jpg?w=640&amp;ssl=1 640w, https:\/\/i0.wp.com\/kalot.com.mx\/site\/wp-content\/uploads\/2014\/10\/6uW3zAR.jpg?resize=80%2C80&amp;ssl=1 80w, https:\/\/i0.wp.com\/kalot.com.mx\/site\/wp-content\/uploads\/2014\/10\/6uW3zAR.jpg?resize=110%2C110&amp;ssl=1 110w, https:\/\/i0.wp.com\/kalot.com.mx\/site\/wp-content\/uploads\/2014\/10\/6uW3zAR.jpg?resize=380%2C380&amp;ssl=1 380w, https:\/\/i0.wp.com\/kalot.com.mx\/site\/wp-content\/uploads\/2014\/10\/6uW3zAR.jpg?resize=150%2C150&amp;ssl=1 150w, https:\/\/i0.wp.com\/kalot.com.mx\/site\/wp-content\/uploads\/2014\/10\/6uW3zAR.jpg?resize=300%2C300&amp;ssl=1 300w\" sizes=\"(max-width: 381px) 100vw, 381px\" \/><\/a><\/p>\n","protected":false},"excerpt":{"rendered":"A estas alturas ya todos debieron de haber visto m\u00e1s de una vez el teaser de Avengers: Age&hellip;\n","protected":false},"author":18,"featured_media":18905,"comment_status":"open","ping_status":"open","sticky":false,"template":"","format":"standard","meta":{"jetpack_post_was_ever_published":false,"_jetpack_newsletter_access":"","_jetpack_dont_email_post_to_subs":false,"_jetpack_newsletter_tier_id":0,"_jetpack_memberships_contains_paywalled_content":false,"_jetpack_memberships_contains_paid_content":false,"footnotes":"","jetpack_publicize_message":"","jetpack_publicize_feature_enabled":true,"jetpack_social_post_already_shared":true,"jetpack_social_options":{"image_generator_settings":{"template":"highway","default_image_id":0,"font":"","enabled":false},"version":2}},"categories":[],"tags":[],"class_list":{"0":"post-18903","1":"post","2":"type-post","3":"status-publish","4":"format-standard","5":"has-post-thumbnail","7":"cs-entry","8":"cs-video-wrap"},"yoast_head":"<!-- This site is optimized with the Yoast SEO plugin v27.5 - https:\/\/yoast.com\/product\/yoast-seo-wordpress\/ -->\n<title>\u00bfQu\u00e9 relaci\u00f3n hay entre Pinocho y Ultron de Avengers 2?<\/title>\n<meta name=\"description\" content=\"A estas alturas ya todos debieron de haber visto m\u00e1s de una vez el teaser de Avengers: Age Of Ultron, el cual tuvo su lanzamiento inesperadamente a\" \/>\n<meta name=\"robots\" content=\"index, follow, max-snippet:-1, max-image-preview:large, max-video-preview:-1\" \/>\n<link rel=\"canonical\" href=\"https:\/\/kalot.com.mx\/site\/2014\/10\/26\/que-relacion-hay-entre-pinocho-y-ultron-de-avengers-2\/\" \/>\n<meta property=\"og:locale\" content=\"es_MX\" \/>\n<meta property=\"og:type\" content=\"article\" \/>\n<meta property=\"og:title\" content=\"\u00bfQu\u00e9 relaci\u00f3n hay entre Pinocho y Ultron de Avengers 2?\" \/>\n<meta property=\"og:description\" content=\"A estas alturas ya todos debieron de haber visto m\u00e1s de una vez el teaser de Avengers: Age Of Ultron, el cual tuvo su lanzamiento inesperadamente a\" \/>\n<meta property=\"og:url\" content=\"https:\/\/kalot.com.mx\/site\/2014\/10\/26\/que-relacion-hay-entre-pinocho-y-ultron-de-avengers-2\/\" \/>\n<meta property=\"og:site_name\" content=\"Kalot\" \/>\n<meta property=\"article:publisher\" content=\"http:\/\/facebook.com\/mxkalot\" \/>\n<meta property=\"article:author\" content=\"https:\/\/www.facebook.com\/don.capu\" \/>\n<meta property=\"article:published_time\" content=\"2014-10-26T17:14:49+00:00\" \/>\n<meta property=\"article:modified_time\" content=\"2015-02-26T07:59:34+00:00\" \/>\n<meta property=\"og:image\" content=\"https:\/\/i0.wp.com\/kalot.com.mx\/site\/wp-content\/uploads\/2014\/10\/Avengers-Age-of-Ultron-Trailer-1-32-1280x530.jpg?fit=1280%2C530&ssl=1\" \/>\n\t<meta property=\"og:image:width\" content=\"1280\" \/>\n\t<meta property=\"og:image:height\" content=\"530\" \/>\n\t<meta property=\"og:image:type\" content=\"image\/jpeg\" \/>\n<meta name=\"author\" content=\"Omar Herrera\" \/>\n<meta name=\"twitter:card\" content=\"summary_large_image\" \/>\n<meta name=\"twitter:creator\" content=\"@thedoncapu\" \/>\n<meta name=\"twitter:site\" content=\"@kalotmx\" \/>\n<meta name=\"twitter:label1\" content=\"Escrito por\" \/>\n\t<meta name=\"twitter:data1\" content=\"Omar Herrera\" \/>\n\t<meta name=\"twitter:label2\" content=\"Tiempo de lectura\" \/>\n\t<meta name=\"twitter:data2\" content=\"2 minutos\" \/>\n<!-- \/ Yoast SEO plugin. -->","yoast_head_json":{"title":"\u00bfQu\u00e9 relaci\u00f3n hay entre Pinocho y Ultron de Avengers 2?","description":"A estas alturas ya todos debieron de haber visto m\u00e1s de una vez el teaser de Avengers: Age Of Ultron, el cual tuvo su lanzamiento inesperadamente a","robots":{"index":"index","follow":"follow","max-snippet":"max-snippet:-1","max-image-preview":"max-image-preview:large","max-video-preview":"max-video-preview:-1"},"canonical":"https:\/\/kalot.com.mx\/site\/2014\/10\/26\/que-relacion-hay-entre-pinocho-y-ultron-de-avengers-2\/","og_locale":"es_MX","og_type":"article","og_title":"\u00bfQu\u00e9 relaci\u00f3n hay entre Pinocho y Ultron de Avengers 2?","og_description":"A estas alturas ya todos debieron de haber visto m\u00e1s de una vez el teaser de Avengers: Age Of Ultron, el cual tuvo su lanzamiento inesperadamente a","og_url":"https:\/\/kalot.com.mx\/site\/2014\/10\/26\/que-relacion-hay-entre-pinocho-y-ultron-de-avengers-2\/","og_site_name":"Kalot","article_publisher":"http:\/\/facebook.com\/mxkalot","article_author":"https:\/\/www.facebook.com\/don.capu","article_published_time":"2014-10-26T17:14:49+00:00","article_modified_time":"2015-02-26T07:59:34+00:00","og_image":[{"width":1280,"height":530,"url":"https:\/\/i0.wp.com\/kalot.com.mx\/site\/wp-content\/uploads\/2014\/10\/Avengers-Age-of-Ultron-Trailer-1-32-1280x530.jpg?fit=1280%2C530&ssl=1","type":"image\/jpeg"}],"author":"Omar Herrera","twitter_card":"summary_large_image","twitter_creator":"@thedoncapu","twitter_site":"@kalotmx","twitter_misc":{"Escrito por":"Omar Herrera","Tiempo de lectura":"2 minutos"},"schema":{"@context":"https:\/\/schema.org","@graph":[{"@type":"Article","@id":"https:\/\/kalot.com.mx\/site\/2014\/10\/26\/que-relacion-hay-entre-pinocho-y-ultron-de-avengers-2\/#article","isPartOf":{"@id":"https:\/\/kalot.com.mx\/site\/2014\/10\/26\/que-relacion-hay-entre-pinocho-y-ultron-de-avengers-2\/"},"author":{"name":"Omar Herrera","@id":"https:\/\/kalot.com.mx\/site\/#\/schema\/person\/1bf32c47ee15104d1e824350c07ac220"},"headline":"\u00bfQu\u00e9 relaci\u00f3n hay entre Pinocho y Ultron de Avengers 2?","datePublished":"2014-10-26T17:14:49+00:00","dateModified":"2015-02-26T07:59:34+00:00","mainEntityOfPage":{"@id":"https:\/\/kalot.com.mx\/site\/2014\/10\/26\/que-relacion-hay-entre-pinocho-y-ultron-de-avengers-2\/"},"wordCount":420,"commentCount":1,"publisher":{"@id":"https:\/\/kalot.com.mx\/site\/#organization"},"image":{"@id":"https:\/\/kalot.com.mx\/site\/2014\/10\/26\/que-relacion-hay-entre-pinocho-y-ultron-de-avengers-2\/#primaryimage"},"thumbnailUrl":"https:\/\/i0.wp.com\/kalot.com.mx\/site\/wp-content\/uploads\/2014\/10\/Avengers-Age-of-Ultron-Trailer-1-32-1280x530.jpg?fit=1280%2C530&ssl=1","inLanguage":"es","potentialAction":[{"@type":"CommentAction","name":"Comment","target":["https:\/\/kalot.com.mx\/site\/2014\/10\/26\/que-relacion-hay-entre-pinocho-y-ultron-de-avengers-2\/#respond"]}]},{"@type":"WebPage","@id":"https:\/\/kalot.com.mx\/site\/2014\/10\/26\/que-relacion-hay-entre-pinocho-y-ultron-de-avengers-2\/","url":"https:\/\/kalot.com.mx\/site\/2014\/10\/26\/que-relacion-hay-entre-pinocho-y-ultron-de-avengers-2\/","name":"\u00bfQu\u00e9 relaci\u00f3n hay entre Pinocho y Ultron de Avengers 2?","isPartOf":{"@id":"https:\/\/kalot.com.mx\/site\/#website"},"primaryImageOfPage":{"@id":"https:\/\/kalot.com.mx\/site\/2014\/10\/26\/que-relacion-hay-entre-pinocho-y-ultron-de-avengers-2\/#primaryimage"},"image":{"@id":"https:\/\/kalot.com.mx\/site\/2014\/10\/26\/que-relacion-hay-entre-pinocho-y-ultron-de-avengers-2\/#primaryimage"},"thumbnailUrl":"https:\/\/i0.wp.com\/kalot.com.mx\/site\/wp-content\/uploads\/2014\/10\/Avengers-Age-of-Ultron-Trailer-1-32-1280x530.jpg?fit=1280%2C530&ssl=1","datePublished":"2014-10-26T17:14:49+00:00","dateModified":"2015-02-26T07:59:34+00:00","description":"A estas alturas ya todos debieron de haber visto m\u00e1s de una vez el teaser de Avengers: Age Of Ultron, el cual tuvo su lanzamiento inesperadamente a","breadcrumb":{"@id":"https:\/\/kalot.com.mx\/site\/2014\/10\/26\/que-relacion-hay-entre-pinocho-y-ultron-de-avengers-2\/#breadcrumb"},"inLanguage":"es","potentialAction":[{"@type":"ReadAction","target":["https:\/\/kalot.com.mx\/site\/2014\/10\/26\/que-relacion-hay-entre-pinocho-y-ultron-de-avengers-2\/"]}]},{"@type":"ImageObject","inLanguage":"es","@id":"https:\/\/kalot.com.mx\/site\/2014\/10\/26\/que-relacion-hay-entre-pinocho-y-ultron-de-avengers-2\/#primaryimage","url":"https:\/\/i0.wp.com\/kalot.com.mx\/site\/wp-content\/uploads\/2014\/10\/Avengers-Age-of-Ultron-Trailer-1-32-1280x530.jpg?fit=1280%2C530&ssl=1","contentUrl":"https:\/\/i0.wp.com\/kalot.com.mx\/site\/wp-content\/uploads\/2014\/10\/Avengers-Age-of-Ultron-Trailer-1-32-1280x530.jpg?fit=1280%2C530&ssl=1","width":1280,"height":530},{"@type":"BreadcrumbList","@id":"https:\/\/kalot.com.mx\/site\/2014\/10\/26\/que-relacion-hay-entre-pinocho-y-ultron-de-avengers-2\/#breadcrumb","itemListElement":[{"@type":"ListItem","position":1,"name":"Home","item":"https:\/\/kalot.com.mx\/site\/"},{"@type":"ListItem","position":2,"name":"\u00bfQu\u00e9 relaci\u00f3n hay entre Pinocho y Ultron de Avengers 2?"}]},{"@type":"WebSite","@id":"https:\/\/kalot.com.mx\/site\/#website","url":"https:\/\/kalot.com.mx\/site\/","name":"Kalot","description":"Conoce Todo Sobre Todo","publisher":{"@id":"https:\/\/kalot.com.mx\/site\/#organization"},"potentialAction":[{"@type":"SearchAction","target":{"@type":"EntryPoint","urlTemplate":"https:\/\/kalot.com.mx\/site\/?s={search_term_string}"},"query-input":{"@type":"PropertyValueSpecification","valueRequired":true,"valueName":"search_term_string"}}],"inLanguage":"es"},{"@type":"Organization","@id":"https:\/\/kalot.com.mx\/site\/#organization","name":"Kalot","url":"https:\/\/kalot.com.mx\/site\/","logo":{"@type":"ImageObject","inLanguage":"es","@id":"https:\/\/kalot.com.mx\/site\/#\/schema\/logo\/image\/","url":"https:\/\/i0.wp.com\/kalot.com.mx\/site\/wp-content\/uploads\/2020\/04\/Kalot-logo-sin-tagline.png?fit=1707%2C1014&ssl=1","contentUrl":"https:\/\/i0.wp.com\/kalot.com.mx\/site\/wp-content\/uploads\/2020\/04\/Kalot-logo-sin-tagline.png?fit=1707%2C1014&ssl=1","width":1707,"height":1014,"caption":"Kalot"},"image":{"@id":"https:\/\/kalot.com.mx\/site\/#\/schema\/logo\/image\/"},"sameAs":["http:\/\/facebook.com\/mxkalot","https:\/\/x.com\/kalotmx","http:\/\/instagram.com\/kalotmx","http:\/\/pinterest.com\/jorgeerana\/kalot"]},{"@type":"Person","@id":"https:\/\/kalot.com.mx\/site\/#\/schema\/person\/1bf32c47ee15104d1e824350c07ac220","name":"Omar Herrera","image":{"@type":"ImageObject","inLanguage":"es","@id":"https:\/\/secure.gravatar.com\/avatar\/ae84de016d43d093bed40799c6d19430bc23d65401e1d68c9afab71da0688278?s=96&d=mm&r=g","url":"https:\/\/secure.gravatar.com\/avatar\/ae84de016d43d093bed40799c6d19430bc23d65401e1d68c9afab71da0688278?s=96&d=mm&r=g","contentUrl":"https:\/\/secure.gravatar.com\/avatar\/ae84de016d43d093bed40799c6d19430bc23d65401e1d68c9afab71da0688278?s=96&d=mm&r=g","caption":"Omar Herrera"},"description":"Si mi vida se resumiera en una pel\u00edcula, ser\u00eda en una dirigida por Woody Allen. Licenciado en Ciencias y T\u00e9cnicas de la Comunicaci\u00f3n.","sameAs":["http:\/\/www.linkedin.com\/pub\/omar-vargas-herrera\/8a\/792\/288","https:\/\/www.facebook.com\/don.capu","https:\/\/x.com\/thedoncapu"],"url":"https:\/\/kalot.com.mx\/site\/author\/doncapu\/"}]}},"jetpack_publicize_connections":[],"jetpack_featured_media_url":"https:\/\/i0.wp.com\/kalot.com.mx\/site\/wp-content\/uploads\/2014\/10\/Avengers-Age-of-Ultron-Trailer-1-32-1280x530.jpg?fit=1280%2C530&ssl=1","jetpack_shortlink":"https:\/\/wp.me\/p6IHEI-4UT","jetpack-related-posts":[{"id":18869,"url":"https:\/\/kalot.com.mx\/site\/2014\/10\/23\/juguemos-adivinar-con-avengers\/","url_meta":{"origin":18903,"position":0},"title":"JUGUEMOS A ADIVINAR con: THE AVENGERS","author":"HM_MKT007","date":"23 octubre, 2014","format":false,"excerpt":"Les ser\u00e9 honesto, el d\u00eda de ayer a sido uno de los m\u00e1s emocionantes que eh tenido en el a\u00f1o o en a\u00f1os, y eso que ni si quiera se estreno la pel\u00edcula, solo un peque\u00f1o trailer, pero excelente trailer sin dudas, tan \u00e9pico como lo imagin\u00e1bamos, es por eso\u2026","rel":"","context":"Con 1 comentario","block_context":{"text":"Con 1 comentario","link":"https:\/\/kalot.com.mx\/site\/2014\/10\/23\/juguemos-adivinar-con-avengers\/#comments"},"img":{"alt_text":"","src":"https:\/\/i0.wp.com\/kalot.com.mx\/site\/wp-content\/uploads\/2014\/10\/19496.jpg?fit=1200%2C443&ssl=1&resize=350%2C200","width":350,"height":200,"srcset":"https:\/\/i0.wp.com\/kalot.com.mx\/site\/wp-content\/uploads\/2014\/10\/19496.jpg?fit=1200%2C443&ssl=1&resize=350%2C200 1x, https:\/\/i0.wp.com\/kalot.com.mx\/site\/wp-content\/uploads\/2014\/10\/19496.jpg?fit=1200%2C443&ssl=1&resize=525%2C300 1.5x, https:\/\/i0.wp.com\/kalot.com.mx\/site\/wp-content\/uploads\/2014\/10\/19496.jpg?fit=1200%2C443&ssl=1&resize=700%2C400 2x, https:\/\/i0.wp.com\/kalot.com.mx\/site\/wp-content\/uploads\/2014\/10\/19496.jpg?fit=1200%2C443&ssl=1&resize=1050%2C600 3x"},"classes":[]},{"id":20629,"url":"https:\/\/kalot.com.mx\/site\/2015\/03\/05\/avengers-age-of-ultron-estas-listo\/","url_meta":{"origin":18903,"position":1},"title":"Avengers: Age of Ultron \u00bfest\u00e1s listo?","author":"Jorge Era\u00f1a","date":"5 marzo, 2015","format":false,"excerpt":"https:\/\/www.youtube.com\/watch?v=JAUoeqvedMo Realmente Marvel est\u00e1 realizando un trabajo excelente con las producciones que ha lanzado desde sus inicios y son pocas las pel\u00edculas que no me han dejado una enorme satisfacci\u00f3n al salir de la sala despu\u00e9s de ver una combinaci\u00f3n genial de todos los elementos que necesita este g\u00e9nero cinematogr\u00e1fico\u2026","rel":"","context":"Entrada similar ","block_context":{"text":"Entrada similar ","link":""},"img":{"alt_text":"","src":"https:\/\/i0.wp.com\/kalot.com.mx\/site\/wp-content\/uploads\/2015\/03\/10947216_847871535276150_4324035240787433702_n.jpg?fit=672%2C960&ssl=1&resize=350%2C200","width":350,"height":200,"srcset":"https:\/\/i0.wp.com\/kalot.com.mx\/site\/wp-content\/uploads\/2015\/03\/10947216_847871535276150_4324035240787433702_n.jpg?fit=672%2C960&ssl=1&resize=350%2C200 1x, https:\/\/i0.wp.com\/kalot.com.mx\/site\/wp-content\/uploads\/2015\/03\/10947216_847871535276150_4324035240787433702_n.jpg?fit=672%2C960&ssl=1&resize=525%2C300 1.5x"},"classes":[]},{"id":21358,"url":"https:\/\/kalot.com.mx\/site\/2015\/04\/29\/samsung-y-messi-promocionan-avengers-age-of-ultron\/","url_meta":{"origin":18903,"position":2},"title":"Samsung y Messi promocionan Avengers: Age of Ultron","author":"Jorge Era\u00f1a","date":"29 abril, 2015","format":false,"excerpt":"Que mejor para promocionar la nueva movie de Marvel que se estrena el 30 de abril de M\u00e9xico, Avengers: Age of Ultron, que poner en un mismo spot a Lionel Messi, Eddie Lacy, John John Florence, Fabian Cancellara y los nuevos Galaxy S6 que presenta Samsung en su \"Assemble\". Por\u2026","rel":"","context":"Entrada similar ","block_context":{"text":"Entrada similar ","link":""},"img":{"alt_text":"","src":"https:\/\/i0.wp.com\/kalot.com.mx\/site\/wp-content\/uploads\/2015\/04\/Captura-de-pantalla-2015-04-29-a-las-12.30.22-p.m..png?fit=1200%2C520&ssl=1&resize=350%2C200","width":350,"height":200,"srcset":"https:\/\/i0.wp.com\/kalot.com.mx\/site\/wp-content\/uploads\/2015\/04\/Captura-de-pantalla-2015-04-29-a-las-12.30.22-p.m..png?fit=1200%2C520&ssl=1&resize=350%2C200 1x, https:\/\/i0.wp.com\/kalot.com.mx\/site\/wp-content\/uploads\/2015\/04\/Captura-de-pantalla-2015-04-29-a-las-12.30.22-p.m..png?fit=1200%2C520&ssl=1&resize=525%2C300 1.5x, https:\/\/i0.wp.com\/kalot.com.mx\/site\/wp-content\/uploads\/2015\/04\/Captura-de-pantalla-2015-04-29-a-las-12.30.22-p.m..png?fit=1200%2C520&ssl=1&resize=700%2C400 2x, https:\/\/i0.wp.com\/kalot.com.mx\/site\/wp-content\/uploads\/2015\/04\/Captura-de-pantalla-2015-04-29-a-las-12.30.22-p.m..png?fit=1200%2C520&ssl=1&resize=1050%2C600 3x"},"classes":[]},{"id":21091,"url":"https:\/\/kalot.com.mx\/site\/2015\/04\/08\/por-que-no-habra-escena-post-creditos-en-avengers-age-of-ultron\/","url_meta":{"origin":18903,"position":3},"title":"\u00bfPor qu\u00e9 no habr\u00e1 escena POST CREDITOS en AVENGERS AGE OF ULTRON?","author":"HM_MKT007","date":"8 abril, 2015","format":false,"excerpt":"Los chicos de MARVEL, son unos seres perversos en muchas ocasiones, nos trollean con cosas como CAPTAIN AMERICA 3 SERPENT SOCIETY, o el anuncio de SPIDERMAN (Que despu\u00e9s se terminara haciendo realidad), en fin, nos han hecho pasar muchas cosas en este tiempo de fase uno y dos de su\u2026","rel":"","context":"Entrada similar ","block_context":{"text":"Entrada similar ","link":""},"img":{"alt_text":"","src":"https:\/\/i0.wp.com\/kalot.com.mx\/site\/wp-content\/uploads\/2015\/04\/Avengers-Age-Of-Ultron-Concept-Computer-Wallpaper-Pictures.jpg?fit=1200%2C675&ssl=1&resize=350%2C200","width":350,"height":200,"srcset":"https:\/\/i0.wp.com\/kalot.com.mx\/site\/wp-content\/uploads\/2015\/04\/Avengers-Age-Of-Ultron-Concept-Computer-Wallpaper-Pictures.jpg?fit=1200%2C675&ssl=1&resize=350%2C200 1x, https:\/\/i0.wp.com\/kalot.com.mx\/site\/wp-content\/uploads\/2015\/04\/Avengers-Age-Of-Ultron-Concept-Computer-Wallpaper-Pictures.jpg?fit=1200%2C675&ssl=1&resize=525%2C300 1.5x, https:\/\/i0.wp.com\/kalot.com.mx\/site\/wp-content\/uploads\/2015\/04\/Avengers-Age-Of-Ultron-Concept-Computer-Wallpaper-Pictures.jpg?fit=1200%2C675&ssl=1&resize=700%2C400 2x, https:\/\/i0.wp.com\/kalot.com.mx\/site\/wp-content\/uploads\/2015\/04\/Avengers-Age-Of-Ultron-Concept-Computer-Wallpaper-Pictures.jpg?fit=1200%2C675&ssl=1&resize=1050%2C600 3x"},"classes":[]},{"id":18858,"url":"https:\/\/kalot.com.mx\/site\/2014\/10\/22\/teaser-trailer-de-avengers-age-ultron\/","url_meta":{"origin":18903,"position":4},"title":"Teaser Trailer de Avengers Age of Ultron","author":"Santiago Herrera","date":"22 octubre, 2014","format":false,"excerpt":"Fue una larga espera desde la Comic-Con de San Diego pero finalmente est\u00e1 en linea. Denle replay cuanto quieran. [embedvideo id=\"tmeOjFno6Do\" website=\"youtube\"] Adem\u00e1s la cuenta de Twitter de Marvel tambi\u00e9n nos present\u00f3 el cartel","rel":"","context":"Con 1 comentario","block_context":{"text":"Con 1 comentario","link":"https:\/\/kalot.com.mx\/site\/2014\/10\/22\/teaser-trailer-de-avengers-age-ultron\/#comments"},"img":{"alt_text":"","src":"https:\/\/i0.wp.com\/kalot.com.mx\/site\/wp-content\/uploads\/2014\/10\/avengers-age-of-ultron01.jpg?fit=660%2C402&ssl=1&resize=350%2C200","width":350,"height":200,"srcset":"https:\/\/i0.wp.com\/kalot.com.mx\/site\/wp-content\/uploads\/2014\/10\/avengers-age-of-ultron01.jpg?fit=660%2C402&ssl=1&resize=350%2C200 1x, https:\/\/i0.wp.com\/kalot.com.mx\/site\/wp-content\/uploads\/2014\/10\/avengers-age-of-ultron01.jpg?fit=660%2C402&ssl=1&resize=525%2C300 1.5x"},"classes":[]},{"id":12439,"url":"https:\/\/kalot.com.mx\/site\/2014\/02\/24\/avengers-quien-es-ultron\/","url_meta":{"origin":18903,"position":5},"title":"The Avengers, \u00bfQui\u00e9n es Ultron?","author":"Gustavo Elizarrar\u00e1s","date":"24 febrero, 2014","format":false,"excerpt":"Si tienes que enfrentarte con un robot genocida con m\u00e1s versiones que Windows, m\u00e1s te vale estar preparado. Aprende todo lo que necesitas en este post. The Avengers: Age of Ultron.\u00a0Un t\u00edtulo que si bien resulta muy amenazante, despert\u00f3 pasiones entre los iniciados en las cosas de\u00a0Marvel.\u00a0\u00bfPor qu\u00e9? Pues porque\u2026","rel":"","context":"En &quot;Sin categor\u00eda&quot;","block_context":{"text":"Sin categor\u00eda","link":"https:\/\/kalot.com.mx\/site\/category\/sin-categoria\/"},"img":{"alt_text":"","src":"https:\/\/i0.wp.com\/kalot.com.mx\/site\/wp-content\/uploads\/2014\/02\/132273.jpg?fit=610%2C350&ssl=1&resize=350%2C200","width":350,"height":200,"srcset":"https:\/\/i0.wp.com\/kalot.com.mx\/site\/wp-content\/uploads\/2014\/02\/132273.jpg?fit=610%2C350&ssl=1&resize=350%2C200 1x, https:\/\/i0.wp.com\/kalot.com.mx\/site\/wp-content\/uploads\/2014\/02\/132273.jpg?fit=610%2C350&ssl=1&resize=525%2C300 1.5x"},"classes":[]}],"jetpack_sharing_enabled":true,"_links":{"self":[{"href":"https:\/\/kalot.com.mx\/site\/wp-json\/wp\/v2\/posts\/18903","targetHints":{"allow":["GET"]}}],"collection":[{"href":"https:\/\/kalot.com.mx\/site\/wp-json\/wp\/v2\/posts"}],"about":[{"href":"https:\/\/kalot.com.mx\/site\/wp-json\/wp\/v2\/types\/post"}],"author":[{"embeddable":true,"href":"https:\/\/kalot.com.mx\/site\/wp-json\/wp\/v2\/users\/18"}],"replies":[{"embeddable":true,"href":"https:\/\/kalot.com.mx\/site\/wp-json\/wp\/v2\/comments?post=18903"}],"version-history":[{"count":0,"href":"https:\/\/kalot.com.mx\/site\/wp-json\/wp\/v2\/posts\/18903\/revisions"}],"wp:featuredmedia":[{"embeddable":true,"href":"https:\/\/kalot.com.mx\/site\/wp-json\/wp\/v2\/media\/18905"}],"wp:attachment":[{"href":"https:\/\/kalot.com.mx\/site\/wp-json\/wp\/v2\/media?parent=18903"}],"wp:term":[{"taxonomy":"category","embeddable":true,"href":"https:\/\/kalot.com.mx\/site\/wp-json\/wp\/v2\/categories?post=18903"},{"taxonomy":"post_tag","embeddable":true,"href":"https:\/\/kalot.com.mx\/site\/wp-json\/wp\/v2\/tags?post=18903"}],"curies":[{"name":"wp","href":"https:\/\/api.w.org\/{rel}","templated":true}]}}