{"id":1877,"date":"2013-09-17T22:30:20","date_gmt":"2013-09-18T03:30:20","guid":{"rendered":"http:\/\/www.kalot.com.mx\/?p=1877"},"modified":"2013-09-17T22:07:06","modified_gmt":"2013-09-18T03:07:06","slug":"de-la-globalizacion-a-la-personalizacion-marketing","status":"publish","type":"post","link":"https:\/\/kalot.com.mx\/site\/2013\/09\/17\/de-la-globalizacion-a-la-personalizacion-marketing\/","title":{"rendered":"De la globalizaci\u00f3n a la personalizaci\u00f3n #marketing"},"content":{"rendered":"<p>Hace tiempo que entraron los mercados al proceso de la globalizaci\u00f3n, del libre mercado, lo que permiti\u00f3 a grandes corporaciones saltar sus fronteras para atacar nuevos mercados. Gracias a ese proceso es que hoy en M\u00e9xico hay cientos de empresas extranjeras, as\u00ed como extranjeros participando en empresas mexicanas. Este proceso de globalizaci\u00f3n impact\u00f3 en el \u00e1mbito cultural y social. Es por eso que en las ciudades hay una mayor diversificaci\u00f3n cultural que antes.<\/p>\n<p>A principios de la era de la globalizaci\u00f3n, las empresas entraban a diferentes mercados con la misma estrategia de marketing, con el paso del tiempo, los consumidores demandan cada vez m\u00e1s que los productos y servicios se adapten a sus necesidades y caracter\u00edsticas. Esto ha provocado que las empresas adecuen sus estrategias de acuerdo al pa\u00eds al que se van a dirigir. <\/p>\n<p>El consumidor ha evolucionado de ser un usuario com\u00fan al prosumer, es un t\u00e9rmino que se le ha acu\u00f1ado a los consumidores actuales, cada vez est\u00e1n m\u00e1s informados y ahora demandan con mayor exigencia que antes. Hoy en d\u00eda hay tantos medios por los cuales pueden investigar sobre un producto o servicio, evaluar diferentes alternativas y posteriormente decidir su compra.<\/p>\n<p>Recientemente platicaba con Carlos, de Consultor\u00eda San Jos\u00e9 que se especializa en coaching y desarrollo de negocios, y \u00e9l me comentaba que sent\u00eda que la globalizaci\u00f3n iba hacia un proceso de des globalizaci\u00f3n, lo que yo entend\u00ed de esa interpretaci\u00f3n es que estamos tan acostumbrados a vivir en este entorno globalizado que el hecho de personalizar nuestras campa\u00f1as puede ayudar a incrementar nuestra participaci\u00f3n de mercado.<\/p>\n<p>Para poder personalizar nuestras estrategias es necesario hablar en t\u00e9rminos de marketing directo, que precisamente es esa actividad de atacar una audiencia de manera individualizada. En esta partida creo que las ventajas son para los peque\u00f1os negocios, ellos podr\u00e1n personalizar mayormente sus estrategias en comparaci\u00f3n con grandes compa\u00f1\u00edas. El factor de la especializaci\u00f3n creo que empezar\u00e1 a marcar diferencias entre ofrecer un producto o servicio, o ser el mejor en la oferta de ese producto o servicio. <\/p>\n<p>Aqu\u00ed es donde creo que los emprendedores deben aprovechar este potencial del mercado para ganar terreno a la competencia. <\/p>\n<p>La teor\u00eda de los oc\u00e9anos azules habla sobre encontrar nichos de mercado que no se han explorado, quiz\u00e1 no sean los nichos m\u00e1s grandes, pero en ellos no hay tanta competencia. Veo que en los pr\u00f3ximos a\u00f1os los oc\u00e9anos azules radicar\u00e1n en la detecci\u00f3n de mercados locales en los que no se tenga el efecto de la personalizaci\u00f3n de los productos.<\/p>\n<p>\u00bfCrees que ser\u00e1 la personalizaci\u00f3n la clave del futuro de los negocios? <\/p>\n<p>Leo tus comentarios aqu\u00ed abajo \ud83d\ude42<\/p>\n","protected":false},"excerpt":{"rendered":"Hace tiempo que entraron los mercados al proceso de la globalizaci\u00f3n, del libre mercado, lo que permiti\u00f3 a&hellip;\n","protected":false},"author":8,"featured_media":1876,"comment_status":"open","ping_status":"open","sticky":false,"template":"","format":"standard","meta":{"jetpack_post_was_ever_published":false,"_jetpack_newsletter_access":"","_jetpack_dont_email_post_to_subs":false,"_jetpack_newsletter_tier_id":0,"_jetpack_memberships_contains_paywalled_content":false,"_jetpack_memberships_contains_paid_content":false,"footnotes":"","jetpack_publicize_message":"","jetpack_publicize_feature_enabled":true,"jetpack_social_post_already_shared":true,"jetpack_social_options":{"image_generator_settings":{"template":"highway","default_image_id":0,"font":"","enabled":false},"version":2}},"categories":[],"tags":[],"class_list":{"0":"post-1877","1":"post","2":"type-post","3":"status-publish","4":"format-standard","5":"has-post-thumbnail","7":"cs-entry","8":"cs-video-wrap"},"yoast_head":"<!-- This site is optimized with the Yoast SEO plugin v27.5 - https:\/\/yoast.com\/product\/yoast-seo-wordpress\/ -->\n<title>De la globalizaci\u00f3n a la personalizaci\u00f3n #marketing - Kalot<\/title>\n<meta name=\"description\" content=\"Hace tiempo que entraron los mercados al proceso de la globalizaci\u00f3n, del libre mercado, lo que permiti\u00f3 a grandes corporaciones saltar sus fronteras para\" \/>\n<meta name=\"robots\" content=\"index, follow, max-snippet:-1, max-image-preview:large, max-video-preview:-1\" \/>\n<link rel=\"canonical\" href=\"https:\/\/kalot.com.mx\/site\/2013\/09\/17\/de-la-globalizacion-a-la-personalizacion-marketing\/\" \/>\n<meta property=\"og:locale\" content=\"es_MX\" \/>\n<meta property=\"og:type\" content=\"article\" \/>\n<meta property=\"og:title\" content=\"De la globalizaci\u00f3n a la personalizaci\u00f3n #marketing - Kalot\" \/>\n<meta property=\"og:description\" content=\"Hace tiempo que entraron los mercados al proceso de la globalizaci\u00f3n, del libre mercado, lo que permiti\u00f3 a grandes corporaciones saltar sus fronteras para\" \/>\n<meta property=\"og:url\" content=\"https:\/\/kalot.com.mx\/site\/2013\/09\/17\/de-la-globalizacion-a-la-personalizacion-marketing\/\" \/>\n<meta property=\"og:site_name\" content=\"Kalot\" \/>\n<meta property=\"article:publisher\" content=\"http:\/\/facebook.com\/mxkalot\" \/>\n<meta property=\"article:published_time\" content=\"2013-09-18T03:30:20+00:00\" \/>\n<meta property=\"og:image\" content=\"https:\/\/i0.wp.com\/kalot.com.mx\/site\/wp-content\/uploads\/2013\/09\/20130917-220700.jpg?fit=543%2C287&ssl=1\" \/>\n\t<meta property=\"og:image:width\" content=\"543\" \/>\n\t<meta property=\"og:image:height\" content=\"287\" \/>\n\t<meta property=\"og:image:type\" content=\"image\/jpeg\" \/>\n<meta name=\"author\" content=\"Rudy Marin\" \/>\n<meta name=\"twitter:card\" content=\"summary_large_image\" \/>\n<meta name=\"twitter:creator\" content=\"@kalotmx\" \/>\n<meta name=\"twitter:site\" content=\"@kalotmx\" \/>\n<meta name=\"twitter:label1\" content=\"Escrito por\" \/>\n\t<meta name=\"twitter:data1\" content=\"Rudy Marin\" \/>\n\t<meta name=\"twitter:label2\" content=\"Tiempo de lectura\" \/>\n\t<meta name=\"twitter:data2\" content=\"2 minutos\" \/>\n<!-- \/ Yoast SEO plugin. -->","yoast_head_json":{"title":"De la globalizaci\u00f3n a la personalizaci\u00f3n #marketing - Kalot","description":"Hace tiempo que entraron los mercados al proceso de la globalizaci\u00f3n, del libre mercado, lo que permiti\u00f3 a grandes corporaciones saltar sus fronteras para","robots":{"index":"index","follow":"follow","max-snippet":"max-snippet:-1","max-image-preview":"max-image-preview:large","max-video-preview":"max-video-preview:-1"},"canonical":"https:\/\/kalot.com.mx\/site\/2013\/09\/17\/de-la-globalizacion-a-la-personalizacion-marketing\/","og_locale":"es_MX","og_type":"article","og_title":"De la globalizaci\u00f3n a la personalizaci\u00f3n #marketing - Kalot","og_description":"Hace tiempo que entraron los mercados al proceso de la globalizaci\u00f3n, del libre mercado, lo que permiti\u00f3 a grandes corporaciones saltar sus fronteras para","og_url":"https:\/\/kalot.com.mx\/site\/2013\/09\/17\/de-la-globalizacion-a-la-personalizacion-marketing\/","og_site_name":"Kalot","article_publisher":"http:\/\/facebook.com\/mxkalot","article_published_time":"2013-09-18T03:30:20+00:00","og_image":[{"width":543,"height":287,"url":"https:\/\/i0.wp.com\/kalot.com.mx\/site\/wp-content\/uploads\/2013\/09\/20130917-220700.jpg?fit=543%2C287&ssl=1","type":"image\/jpeg"}],"author":"Rudy Marin","twitter_card":"summary_large_image","twitter_creator":"@kalotmx","twitter_site":"@kalotmx","twitter_misc":{"Escrito por":"Rudy Marin","Tiempo de lectura":"2 minutos"},"schema":{"@context":"https:\/\/schema.org","@graph":[{"@type":"Article","@id":"https:\/\/kalot.com.mx\/site\/2013\/09\/17\/de-la-globalizacion-a-la-personalizacion-marketing\/#article","isPartOf":{"@id":"https:\/\/kalot.com.mx\/site\/2013\/09\/17\/de-la-globalizacion-a-la-personalizacion-marketing\/"},"author":{"name":"Rudy Marin","@id":"https:\/\/kalot.com.mx\/site\/#\/schema\/person\/c92e0faf7c6131124c9e7afdaaf4c22c"},"headline":"De la globalizaci\u00f3n a la personalizaci\u00f3n #marketing","datePublished":"2013-09-18T03:30:20+00:00","mainEntityOfPage":{"@id":"https:\/\/kalot.com.mx\/site\/2013\/09\/17\/de-la-globalizacion-a-la-personalizacion-marketing\/"},"wordCount":481,"commentCount":1,"publisher":{"@id":"https:\/\/kalot.com.mx\/site\/#organization"},"image":{"@id":"https:\/\/kalot.com.mx\/site\/2013\/09\/17\/de-la-globalizacion-a-la-personalizacion-marketing\/#primaryimage"},"thumbnailUrl":"https:\/\/i0.wp.com\/kalot.com.mx\/site\/wp-content\/uploads\/2013\/09\/20130917-220700.jpg?fit=543%2C287&ssl=1","inLanguage":"es","potentialAction":[{"@type":"CommentAction","name":"Comment","target":["https:\/\/kalot.com.mx\/site\/2013\/09\/17\/de-la-globalizacion-a-la-personalizacion-marketing\/#respond"]}]},{"@type":"WebPage","@id":"https:\/\/kalot.com.mx\/site\/2013\/09\/17\/de-la-globalizacion-a-la-personalizacion-marketing\/","url":"https:\/\/kalot.com.mx\/site\/2013\/09\/17\/de-la-globalizacion-a-la-personalizacion-marketing\/","name":"De la globalizaci\u00f3n a la personalizaci\u00f3n #marketing - Kalot","isPartOf":{"@id":"https:\/\/kalot.com.mx\/site\/#website"},"primaryImageOfPage":{"@id":"https:\/\/kalot.com.mx\/site\/2013\/09\/17\/de-la-globalizacion-a-la-personalizacion-marketing\/#primaryimage"},"image":{"@id":"https:\/\/kalot.com.mx\/site\/2013\/09\/17\/de-la-globalizacion-a-la-personalizacion-marketing\/#primaryimage"},"thumbnailUrl":"https:\/\/i0.wp.com\/kalot.com.mx\/site\/wp-content\/uploads\/2013\/09\/20130917-220700.jpg?fit=543%2C287&ssl=1","datePublished":"2013-09-18T03:30:20+00:00","description":"Hace tiempo que entraron los mercados al proceso de la globalizaci\u00f3n, del libre mercado, lo que permiti\u00f3 a grandes corporaciones saltar sus fronteras para","breadcrumb":{"@id":"https:\/\/kalot.com.mx\/site\/2013\/09\/17\/de-la-globalizacion-a-la-personalizacion-marketing\/#breadcrumb"},"inLanguage":"es","potentialAction":[{"@type":"ReadAction","target":["https:\/\/kalot.com.mx\/site\/2013\/09\/17\/de-la-globalizacion-a-la-personalizacion-marketing\/"]}]},{"@type":"ImageObject","inLanguage":"es","@id":"https:\/\/kalot.com.mx\/site\/2013\/09\/17\/de-la-globalizacion-a-la-personalizacion-marketing\/#primaryimage","url":"https:\/\/i0.wp.com\/kalot.com.mx\/site\/wp-content\/uploads\/2013\/09\/20130917-220700.jpg?fit=543%2C287&ssl=1","contentUrl":"https:\/\/i0.wp.com\/kalot.com.mx\/site\/wp-content\/uploads\/2013\/09\/20130917-220700.jpg?fit=543%2C287&ssl=1","width":543,"height":287},{"@type":"BreadcrumbList","@id":"https:\/\/kalot.com.mx\/site\/2013\/09\/17\/de-la-globalizacion-a-la-personalizacion-marketing\/#breadcrumb","itemListElement":[{"@type":"ListItem","position":1,"name":"Home","item":"https:\/\/kalot.com.mx\/site\/"},{"@type":"ListItem","position":2,"name":"De la globalizaci\u00f3n a la personalizaci\u00f3n #marketing"}]},{"@type":"WebSite","@id":"https:\/\/kalot.com.mx\/site\/#website","url":"https:\/\/kalot.com.mx\/site\/","name":"Kalot","description":"Conoce Todo Sobre Todo","publisher":{"@id":"https:\/\/kalot.com.mx\/site\/#organization"},"potentialAction":[{"@type":"SearchAction","target":{"@type":"EntryPoint","urlTemplate":"https:\/\/kalot.com.mx\/site\/?s={search_term_string}"},"query-input":{"@type":"PropertyValueSpecification","valueRequired":true,"valueName":"search_term_string"}}],"inLanguage":"es"},{"@type":"Organization","@id":"https:\/\/kalot.com.mx\/site\/#organization","name":"Kalot","url":"https:\/\/kalot.com.mx\/site\/","logo":{"@type":"ImageObject","inLanguage":"es","@id":"https:\/\/kalot.com.mx\/site\/#\/schema\/logo\/image\/","url":"https:\/\/i0.wp.com\/kalot.com.mx\/site\/wp-content\/uploads\/2020\/04\/Kalot-logo-sin-tagline.png?fit=1707%2C1014&ssl=1","contentUrl":"https:\/\/i0.wp.com\/kalot.com.mx\/site\/wp-content\/uploads\/2020\/04\/Kalot-logo-sin-tagline.png?fit=1707%2C1014&ssl=1","width":1707,"height":1014,"caption":"Kalot"},"image":{"@id":"https:\/\/kalot.com.mx\/site\/#\/schema\/logo\/image\/"},"sameAs":["http:\/\/facebook.com\/mxkalot","https:\/\/x.com\/kalotmx","http:\/\/instagram.com\/kalotmx","http:\/\/pinterest.com\/jorgeerana\/kalot"]},{"@type":"Person","@id":"https:\/\/kalot.com.mx\/site\/#\/schema\/person\/c92e0faf7c6131124c9e7afdaaf4c22c","name":"Rudy Marin","image":{"@type":"ImageObject","inLanguage":"es","@id":"https:\/\/secure.gravatar.com\/avatar\/9d602f834cae9211ebf2bb652f47ee964d637614b9e543cda340daea773bb3d5?s=96&d=mm&r=g","url":"https:\/\/secure.gravatar.com\/avatar\/9d602f834cae9211ebf2bb652f47ee964d637614b9e543cda340daea773bb3d5?s=96&d=mm&r=g","contentUrl":"https:\/\/secure.gravatar.com\/avatar\/9d602f834cae9211ebf2bb652f47ee964d637614b9e543cda340daea773bb3d5?s=96&d=mm&r=g","caption":"Rudy Marin"},"description":"Mercad\u00f3logo. Emprendedor por Internet. Amante de la Nutella.","url":"https:\/\/kalot.com.mx\/site\/author\/rudymarin\/"}]}},"jetpack_publicize_connections":[],"jetpack_featured_media_url":"https:\/\/i0.wp.com\/kalot.com.mx\/site\/wp-content\/uploads\/2013\/09\/20130917-220700.jpg?fit=543%2C287&ssl=1","jetpack_shortlink":"https:\/\/wp.me\/p6IHEI-uh","jetpack-related-posts":[{"id":48,"url":"https:\/\/kalot.com.mx\/site\/2013\/08\/31\/comercio-electronico-la-revolucion-industrial-de-los-millennials\/","url_meta":{"origin":1877,"position":0},"title":"Comercio electr\u00f3nico: la &#8220;revoluci\u00f3n industrial&#8221; de los Millennials","author":"Rudy Marin","date":"31 agosto, 2013","format":false,"excerpt":"Fue en el siglo XVII que por iniciativa de la Gran Breta\u00f1a y otros pa\u00edses europeos se dio paso a la revoluci\u00f3n industrial. Este movimiento pretend\u00eda suplantar el trabajo manual por el desarrollo de la industria y la manufactura. Logrando avanzar en la forma de hacer negocios, la revoluci\u00f3n industrial\u2026","rel":"","context":"Con 1 comentario","block_context":{"text":"Con 1 comentario","link":"https:\/\/kalot.com.mx\/site\/2013\/08\/31\/comercio-electronico-la-revolucion-industrial-de-los-millennials\/#comments"},"img":{"alt_text":"","src":"https:\/\/i0.wp.com\/kalot.com.mx\/site\/wp-content\/uploads\/2013\/08\/millennial-generation-workplace-casual-620px-620x412.jpg?fit=620%2C412&ssl=1&resize=350%2C200","width":350,"height":200,"srcset":"https:\/\/i0.wp.com\/kalot.com.mx\/site\/wp-content\/uploads\/2013\/08\/millennial-generation-workplace-casual-620px-620x412.jpg?fit=620%2C412&ssl=1&resize=350%2C200 1x, https:\/\/i0.wp.com\/kalot.com.mx\/site\/wp-content\/uploads\/2013\/08\/millennial-generation-workplace-casual-620px-620x412.jpg?fit=620%2C412&ssl=1&resize=525%2C300 1.5x"},"classes":[]},{"id":24929,"url":"https:\/\/kalot.com.mx\/site\/2016\/02\/11\/gmc-software-ayudando-a-los-mercados-emergentes\/","url_meta":{"origin":1877,"position":1},"title":"GMC l\u00edder en el reporte Magic Quadrant de Gartner","author":"Tai Cornejo","date":"11 febrero, 2016","format":false,"excerpt":"GMC Software (GMC), l\u00edder en gesti\u00f3n de comunicaciones con clientes, anunci\u00f3 hoy que la compa\u00f1\u00eda ha sido nombrada nuevamente l\u00edder en el reporte 2015 Magic Quadrant de Gartner, en Customer Communications Management (CCM). El Cuadrante M\u00e1gico de Gartner (Gartner\u2019s Magic Quadrant) define a GMC Software como una organizaci\u00f3n que acelera\u2026","rel":"","context":"En &quot;Tecnolog\u00eda&quot;","block_context":{"text":"Tecnolog\u00eda","link":"https:\/\/kalot.com.mx\/site\/category\/tecnologia\/"},"img":{"alt_text":"","src":"https:\/\/i0.wp.com\/kalot.com.mx\/site\/wp-content\/uploads\/2016\/02\/111.jpg?fit=1200%2C800&ssl=1&resize=350%2C200","width":350,"height":200,"srcset":"https:\/\/i0.wp.com\/kalot.com.mx\/site\/wp-content\/uploads\/2016\/02\/111.jpg?fit=1200%2C800&ssl=1&resize=350%2C200 1x, https:\/\/i0.wp.com\/kalot.com.mx\/site\/wp-content\/uploads\/2016\/02\/111.jpg?fit=1200%2C800&ssl=1&resize=525%2C300 1.5x, https:\/\/i0.wp.com\/kalot.com.mx\/site\/wp-content\/uploads\/2016\/02\/111.jpg?fit=1200%2C800&ssl=1&resize=700%2C400 2x, https:\/\/i0.wp.com\/kalot.com.mx\/site\/wp-content\/uploads\/2016\/02\/111.jpg?fit=1200%2C800&ssl=1&resize=1050%2C600 3x"},"classes":[]},{"id":1648,"url":"https:\/\/kalot.com.mx\/site\/2013\/09\/14\/llevar-un-ipad-al-cine-la-nueva-modalidad-que-ofrece-disney-para-ver-una-pelicula\/","url_meta":{"origin":1877,"position":2},"title":"Llevar un IPad al cine, la nueva modalidad que ofrece Disney para ver una pel\u00edcula","author":"Edgar Villanueva","date":"14 septiembre, 2013","format":false,"excerpt":"Cuando le\u00ed la noticia de que Disney har\u00eda uso de los IPads para ver una de sus pel\u00edculas, pens\u00e9 que era una estrategia muy poco ortodoxa (ser\u00eda como llevar un reproductor mp3 para escuchar m\u00fasica en un concierto, me dije a mi mismo), pero al analizar a fondo esta situaci\u00f3n,\u2026","rel":"","context":"Entrada similar ","block_context":{"text":"Entrada similar ","link":""},"img":{"alt_text":"","src":"https:\/\/i0.wp.com\/kalot.com.mx\/site\/wp-content\/uploads\/2013\/09\/maxresdefault.jpg?fit=1200%2C675&ssl=1&resize=350%2C200","width":350,"height":200,"srcset":"https:\/\/i0.wp.com\/kalot.com.mx\/site\/wp-content\/uploads\/2013\/09\/maxresdefault.jpg?fit=1200%2C675&ssl=1&resize=350%2C200 1x, https:\/\/i0.wp.com\/kalot.com.mx\/site\/wp-content\/uploads\/2013\/09\/maxresdefault.jpg?fit=1200%2C675&ssl=1&resize=525%2C300 1.5x, https:\/\/i0.wp.com\/kalot.com.mx\/site\/wp-content\/uploads\/2013\/09\/maxresdefault.jpg?fit=1200%2C675&ssl=1&resize=700%2C400 2x, https:\/\/i0.wp.com\/kalot.com.mx\/site\/wp-content\/uploads\/2013\/09\/maxresdefault.jpg?fit=1200%2C675&ssl=1&resize=1050%2C600 3x"},"classes":[]},{"id":7219,"url":"https:\/\/kalot.com.mx\/site\/2013\/11\/27\/la-investigacion-de-mercados-clave-para-el-exito-de-la-empresa-por-sergeruizmkt\/","url_meta":{"origin":1877,"position":3},"title":"La Investigaci\u00f3n de Mercados, clave para el \u00e9xito de la empresa por @SergeRuizMKT","author":"Serge Ruiz","date":"27 noviembre, 2013","format":false,"excerpt":"Creer que el producto es tan bueno que se vende solo, es un grave error. \u00bfSab\u00edas que el 70% de las empresas que nacen sin un estudio de mercado fraca\u00adsan en el primer a\u00f1o de vida? Es muy impor\u00adtante tener un nivel de conocimiento de la marca y del servicio.\u2026","rel":"","context":"Entrada similar ","block_context":{"text":"Entrada similar ","link":""},"img":{"alt_text":"","src":"https:\/\/i0.wp.com\/kalot.com.mx\/site\/wp-content\/uploads\/2013\/11\/579421_3861374772238_2114805618_n.jpg?fit=720%2C540&ssl=1&resize=350%2C200","width":350,"height":200,"srcset":"https:\/\/i0.wp.com\/kalot.com.mx\/site\/wp-content\/uploads\/2013\/11\/579421_3861374772238_2114805618_n.jpg?fit=720%2C540&ssl=1&resize=350%2C200 1x, https:\/\/i0.wp.com\/kalot.com.mx\/site\/wp-content\/uploads\/2013\/11\/579421_3861374772238_2114805618_n.jpg?fit=720%2C540&ssl=1&resize=525%2C300 1.5x, https:\/\/i0.wp.com\/kalot.com.mx\/site\/wp-content\/uploads\/2013\/11\/579421_3861374772238_2114805618_n.jpg?fit=720%2C540&ssl=1&resize=700%2C400 2x"},"classes":[]},{"id":15102,"url":"https:\/\/kalot.com.mx\/site\/2014\/04\/20\/todos-hacemos-newsjacking-hasta-las-empresas\/","url_meta":{"origin":1877,"position":4},"title":"Todos hacemos &#8220;newsjacking&#8221;&#8230; hasta las empresas.","author":"Saul Alonso","date":"20 abril, 2014","format":false,"excerpt":"Siempre hay temas que nos llaman la atenci\u00f3n, y gracias a las diferentes redes sociales, blogs o cualquier medio de comunicaci\u00f3n digital, podemos comunicarnos y opinar al respecto de determinados temas y asumir una posici\u00f3n establecida. El ejemplo m\u00e1s claro, el f\u00fatbol. Y hablando de f\u00fatbol, pronto llegar\u00e1 el mundial,\u2026","rel":"","context":"Entrada similar ","block_context":{"text":"Entrada similar ","link":""},"img":{"alt_text":"","src":"https:\/\/i0.wp.com\/kalot.com.mx\/site\/wp-content\/uploads\/2014\/04\/Newsjacking.jpg?fit=1024%2C576&ssl=1&resize=350%2C200","width":350,"height":200,"srcset":"https:\/\/i0.wp.com\/kalot.com.mx\/site\/wp-content\/uploads\/2014\/04\/Newsjacking.jpg?fit=1024%2C576&ssl=1&resize=350%2C200 1x, https:\/\/i0.wp.com\/kalot.com.mx\/site\/wp-content\/uploads\/2014\/04\/Newsjacking.jpg?fit=1024%2C576&ssl=1&resize=525%2C300 1.5x, https:\/\/i0.wp.com\/kalot.com.mx\/site\/wp-content\/uploads\/2014\/04\/Newsjacking.jpg?fit=1024%2C576&ssl=1&resize=700%2C400 2x"},"classes":[]},{"id":3357,"url":"https:\/\/kalot.com.mx\/site\/2013\/10\/08\/y-si-vendemos-mas-lo-nacional-en-lugar-de-comprar-lo-extranjero\/","url_meta":{"origin":1877,"position":5},"title":"\u00bfY si vendemos m\u00e1s lo nacional, en lugar de comprar lo extranjero?","author":"Edgar Villanueva","date":"8 octubre, 2013","format":false,"excerpt":"En muchas ocasiones me he encontrado con gente que dice que los productos mexicanos no son tan buenos como los que venden en el extranjero; con la llegada de la globalizaci\u00f3n este aspecto se ha aumentado de manera exponencial, ya que se importan una gran cantidad de productos de origen\u2026","rel":"","context":"En &quot;Sin categor\u00eda&quot;","block_context":{"text":"Sin categor\u00eda","link":"https:\/\/kalot.com.mx\/site\/category\/sin-categoria\/"},"img":{"alt_text":"","src":"https:\/\/i0.wp.com\/kalot.com.mx\/site\/wp-content\/uploads\/2013\/10\/Perro_Malo_061.jpg?fit=885%2C575&ssl=1&resize=350%2C200","width":350,"height":200,"srcset":"https:\/\/i0.wp.com\/kalot.com.mx\/site\/wp-content\/uploads\/2013\/10\/Perro_Malo_061.jpg?fit=885%2C575&ssl=1&resize=350%2C200 1x, https:\/\/i0.wp.com\/kalot.com.mx\/site\/wp-content\/uploads\/2013\/10\/Perro_Malo_061.jpg?fit=885%2C575&ssl=1&resize=525%2C300 1.5x, https:\/\/i0.wp.com\/kalot.com.mx\/site\/wp-content\/uploads\/2013\/10\/Perro_Malo_061.jpg?fit=885%2C575&ssl=1&resize=700%2C400 2x"},"classes":[]}],"jetpack_sharing_enabled":true,"_links":{"self":[{"href":"https:\/\/kalot.com.mx\/site\/wp-json\/wp\/v2\/posts\/1877","targetHints":{"allow":["GET"]}}],"collection":[{"href":"https:\/\/kalot.com.mx\/site\/wp-json\/wp\/v2\/posts"}],"about":[{"href":"https:\/\/kalot.com.mx\/site\/wp-json\/wp\/v2\/types\/post"}],"author":[{"embeddable":true,"href":"https:\/\/kalot.com.mx\/site\/wp-json\/wp\/v2\/users\/8"}],"replies":[{"embeddable":true,"href":"https:\/\/kalot.com.mx\/site\/wp-json\/wp\/v2\/comments?post=1877"}],"version-history":[{"count":0,"href":"https:\/\/kalot.com.mx\/site\/wp-json\/wp\/v2\/posts\/1877\/revisions"}],"wp:featuredmedia":[{"embeddable":true,"href":"https:\/\/kalot.com.mx\/site\/wp-json\/wp\/v2\/media\/1876"}],"wp:attachment":[{"href":"https:\/\/kalot.com.mx\/site\/wp-json\/wp\/v2\/media?parent=1877"}],"wp:term":[{"taxonomy":"category","embeddable":true,"href":"https:\/\/kalot.com.mx\/site\/wp-json\/wp\/v2\/categories?post=1877"},{"taxonomy":"post_tag","embeddable":true,"href":"https:\/\/kalot.com.mx\/site\/wp-json\/wp\/v2\/tags?post=1877"}],"curies":[{"name":"wp","href":"https:\/\/api.w.org\/{rel}","templated":true}]}}