{"id":18742,"date":"2014-10-16T14:10:43","date_gmt":"2014-10-16T19:10:43","guid":{"rendered":"http:\/\/www.kalot.com.mx\/?p=18742"},"modified":"2014-10-16T14:10:43","modified_gmt":"2014-10-16T19:10:43","slug":"resumen-apple-keynote-octubre-16","status":"publish","type":"post","link":"https:\/\/kalot.com.mx\/site\/2014\/10\/16\/resumen-apple-keynote-octubre-16\/","title":{"rendered":"Resumen Apple Keynote Octubre 16"},"content":{"rendered":"<p>Hola a todos, aqu\u00ed les presentamos un breve resumen de lo que Apple present\u00f3 el d\u00eda de hoy:<\/p>\n<p><strong>OS X YOSEMITE\u00a0<\/strong><\/p>\n<p>Sistema para las Mac de escritorio y port\u00e1tiles Mac Book Pro estar\u00e1 disponible a partir de hoy para descarga y recordemos que esta versi\u00f3n permitir\u00e1 tener una mejor integraci\u00f3n con nuestro iPhone para contestar llamadas desde la Mac Book, tambi\u00e9n tiene una interfaz redise\u00f1ada y es mucho m\u00e1s limpia y se presume tambi\u00e9n llegara una nueva versi\u00f3n de la suite iWork (Pages, Keynote y Numbers).<\/p>\n<p><a href=\"https:\/\/i0.wp.com\/www.kalot.com.mx\/wp-content\/uploads\/2014\/10\/Yosemite.png\"><img data-recalc-dims=\"1\" fetchpriority=\"high\" decoding=\"async\" data-attachment-id=\"18747\" data-permalink=\"https:\/\/kalot.com.mx\/site\/2014\/10\/16\/resumen-apple-keynote-octubre-16\/yosemite\/\" data-orig-file=\"https:\/\/i0.wp.com\/kalot.com.mx\/site\/wp-content\/uploads\/2014\/10\/Yosemite.png?fit=785%2C501&amp;ssl=1\" data-orig-size=\"785,501\" data-comments-opened=\"1\" data-image-meta=\"{&quot;aperture&quot;:&quot;0&quot;,&quot;credit&quot;:&quot;&quot;,&quot;camera&quot;:&quot;&quot;,&quot;caption&quot;:&quot;&quot;,&quot;created_timestamp&quot;:&quot;0&quot;,&quot;copyright&quot;:&quot;&quot;,&quot;focal_length&quot;:&quot;0&quot;,&quot;iso&quot;:&quot;0&quot;,&quot;shutter_speed&quot;:&quot;0&quot;,&quot;title&quot;:&quot;&quot;,&quot;orientation&quot;:&quot;0&quot;}\" data-image-title=\"Yosemite\" data-image-description=\"\" data-image-caption=\"\" data-large-file=\"https:\/\/i0.wp.com\/kalot.com.mx\/site\/wp-content\/uploads\/2014\/10\/Yosemite.png?fit=785%2C501&amp;ssl=1\" src=\"https:\/\/i0.wp.com\/www.kalot.com.mx\/wp-content\/uploads\/2014\/10\/Yosemite.png?resize=646%2C412\" alt=\"Yosemite\" width=\"646\" height=\"412\" class=\"aligncenter  wp-image-18747\" srcset=\"https:\/\/i0.wp.com\/kalot.com.mx\/site\/wp-content\/uploads\/2014\/10\/Yosemite.png?w=785&amp;ssl=1 785w, https:\/\/i0.wp.com\/kalot.com.mx\/site\/wp-content\/uploads\/2014\/10\/Yosemite.png?resize=768%2C490&amp;ssl=1 768w, https:\/\/i0.wp.com\/kalot.com.mx\/site\/wp-content\/uploads\/2014\/10\/Yosemite.png?resize=380%2C243&amp;ssl=1 380w, https:\/\/i0.wp.com\/kalot.com.mx\/site\/wp-content\/uploads\/2014\/10\/Yosemite.png?resize=300%2C191&amp;ssl=1 300w\" sizes=\"(max-width: 646px) 100vw, 646px\" \/><\/a><\/p>\n<p>&nbsp;<\/p>\n<p>Fuente foto: www.apple.com<\/p>\n<p><strong>iPad Air 2<\/strong><\/p>\n<p>As\u00ed es la nueva generaci\u00f3n de iPad Air ha llegado:<\/p>\n<ul>\n<li>Pantalla de 10 &#8221; de largo<\/li>\n<li>18 % m\u00e1s delgada<\/li>\n<li>Bater\u00eda con duraci\u00f3n de 10 horas<\/li>\n<li>C\u00e1mara de 8 mp<\/li>\n<li><strong>Touch ID<\/strong><\/li>\n<li>Procesador AX8<\/li>\n<li>Estar\u00e1 disponible en Gris, Space Gray y Dorado<\/li>\n<li>Capacidades de 16Gb, 64Gb y 128 Gb<\/li>\n<li>Precios a partir de $499.00 USD (Esperemos ajuste a M\u00e9xico)<\/li>\n<\/ul>\n<figure id=\"attachment_18746\" aria-describedby=\"caption-attachment-18746\" style=\"width: 600px\" class=\"wp-caption aligncenter\"><a href=\"https:\/\/i0.wp.com\/www.kalot.com.mx\/wp-content\/uploads\/2014\/10\/ipad-air-2.png\"><img data-recalc-dims=\"1\" decoding=\"async\" data-attachment-id=\"18746\" data-permalink=\"https:\/\/kalot.com.mx\/site\/2014\/10\/16\/resumen-apple-keynote-octubre-16\/ipad-air-2\/\" data-orig-file=\"https:\/\/i0.wp.com\/kalot.com.mx\/site\/wp-content\/uploads\/2014\/10\/ipad-air-2.png?fit=600%2C335&amp;ssl=1\" data-orig-size=\"600,335\" data-comments-opened=\"1\" data-image-meta=\"{&quot;aperture&quot;:&quot;0&quot;,&quot;credit&quot;:&quot;&quot;,&quot;camera&quot;:&quot;&quot;,&quot;caption&quot;:&quot;&quot;,&quot;created_timestamp&quot;:&quot;0&quot;,&quot;copyright&quot;:&quot;&quot;,&quot;focal_length&quot;:&quot;0&quot;,&quot;iso&quot;:&quot;0&quot;,&quot;shutter_speed&quot;:&quot;0&quot;,&quot;title&quot;:&quot;&quot;,&quot;orientation&quot;:&quot;0&quot;}\" data-image-title=\"ipad air 2\" data-image-description=\"\" data-image-caption=\"&lt;p&gt;Precios en USD&lt;\/p&gt;\n\" data-large-file=\"https:\/\/i0.wp.com\/kalot.com.mx\/site\/wp-content\/uploads\/2014\/10\/ipad-air-2.png?fit=600%2C335&amp;ssl=1\" src=\"https:\/\/i0.wp.com\/www.kalot.com.mx\/wp-content\/uploads\/2014\/10\/ipad-air-2.png?resize=600%2C335\" alt=\"Precios en USD\" width=\"600\" height=\"335\" class=\"size-full wp-image-18746\" srcset=\"https:\/\/i0.wp.com\/kalot.com.mx\/site\/wp-content\/uploads\/2014\/10\/ipad-air-2.png?w=600&amp;ssl=1 600w, https:\/\/i0.wp.com\/kalot.com.mx\/site\/wp-content\/uploads\/2014\/10\/ipad-air-2.png?resize=380%2C212&amp;ssl=1 380w, https:\/\/i0.wp.com\/kalot.com.mx\/site\/wp-content\/uploads\/2014\/10\/ipad-air-2.png?resize=300%2C168&amp;ssl=1 300w\" sizes=\"(max-width: 600px) 100vw, 600px\" \/><\/a><figcaption id=\"caption-attachment-18746\" class=\"wp-caption-text\">Precios en USD<\/figcaption><\/figure>\n<p>Fuente Foto: iOS xtreme<\/p>\n<p><strong>iPad Mini 3<\/strong><\/p>\n<p>La peque\u00f1a recibe:<\/p>\n<ul>\n<li>Pantalla de 7.9 &#8220;<\/li>\n<li>Grabaci\u00f3n en 1080 HD<\/li>\n<li><strong>Touch ID<\/strong><\/li>\n<li>C\u00e1mara 5 MP<\/li>\n<li>C\u00e1mara Facetime HD<\/li>\n<li>Capacidades de 16Gb, 64Gb y 128 Gb<\/li>\n<\/ul>\n<figure id=\"attachment_18748\" aria-describedby=\"caption-attachment-18748\" style=\"width: 653px\" class=\"wp-caption aligncenter\"><a href=\"https:\/\/i0.wp.com\/www.kalot.com.mx\/wp-content\/uploads\/2014\/10\/ipad-mini-3.png\"><img data-recalc-dims=\"1\" decoding=\"async\" data-attachment-id=\"18748\" data-permalink=\"https:\/\/kalot.com.mx\/site\/2014\/10\/16\/resumen-apple-keynote-octubre-16\/ipad-mini-3\/\" data-orig-file=\"https:\/\/i0.wp.com\/kalot.com.mx\/site\/wp-content\/uploads\/2014\/10\/ipad-mini-3.png?fit=730%2C396&amp;ssl=1\" data-orig-size=\"730,396\" data-comments-opened=\"1\" data-image-meta=\"{&quot;aperture&quot;:&quot;0&quot;,&quot;credit&quot;:&quot;&quot;,&quot;camera&quot;:&quot;&quot;,&quot;caption&quot;:&quot;&quot;,&quot;created_timestamp&quot;:&quot;0&quot;,&quot;copyright&quot;:&quot;&quot;,&quot;focal_length&quot;:&quot;0&quot;,&quot;iso&quot;:&quot;0&quot;,&quot;shutter_speed&quot;:&quot;0&quot;,&quot;title&quot;:&quot;&quot;,&quot;orientation&quot;:&quot;0&quot;}\" data-image-title=\"ipad mini 3\" data-image-description=\"\" data-image-caption=\"&lt;p&gt;iPad Mini 3&lt;\/p&gt;\n\" data-large-file=\"https:\/\/i0.wp.com\/kalot.com.mx\/site\/wp-content\/uploads\/2014\/10\/ipad-mini-3.png?fit=730%2C396&amp;ssl=1\" src=\"https:\/\/i0.wp.com\/www.kalot.com.mx\/wp-content\/uploads\/2014\/10\/ipad-mini-3.png?resize=653%2C354\" alt=\"iPad Mini 3\" width=\"653\" height=\"354\" class=\" wp-image-18748\" srcset=\"https:\/\/i0.wp.com\/kalot.com.mx\/site\/wp-content\/uploads\/2014\/10\/ipad-mini-3.png?w=730&amp;ssl=1 730w, https:\/\/i0.wp.com\/kalot.com.mx\/site\/wp-content\/uploads\/2014\/10\/ipad-mini-3.png?resize=380%2C206&amp;ssl=1 380w, https:\/\/i0.wp.com\/kalot.com.mx\/site\/wp-content\/uploads\/2014\/10\/ipad-mini-3.png?resize=300%2C163&amp;ssl=1 300w\" sizes=\"(max-width: 653px) 100vw, 653px\" \/><\/a><figcaption id=\"caption-attachment-18748\" class=\"wp-caption-text\">iPad Mini 3<\/figcaption><\/figure>\n<p>Fuente foto: thenewtweb.com<\/p>\n<p><strong>Nueva Mac Mini<\/strong><\/p>\n<p>La computadora de escritorio m\u00e1s eficiente recibe:<\/p>\n<ul>\n<li>Procesador de 4ta generaci\u00f3n<\/li>\n<li>Tarjeta Iris y HD Graphics 5000<\/li>\n<li>Almacenamiento flash en : 500 Gb o 1 TB<\/li>\n<li>2 Puertos Thunderbolt<\/li>\n<li>3 puertos USB<\/li>\n<li>Puerto HDMI<\/li>\n<li>Puerto Ethernet<\/li>\n<li>Entrada de aud\u00edfonos<\/li>\n<li>Costos a partir de 499.00 usd, 699.00 usd y 999.00 usd el modelo m\u00e1s equipado en procesador<\/li>\n<\/ul>\n<figure id=\"attachment_18744\" aria-describedby=\"caption-attachment-18744\" style=\"width: 600px\" class=\"wp-caption aligncenter\"><a href=\"https:\/\/i0.wp.com\/www.kalot.com.mx\/wp-content\/uploads\/2014\/10\/mac-mini.png\"><img data-recalc-dims=\"1\" loading=\"lazy\" decoding=\"async\" data-attachment-id=\"18744\" data-permalink=\"https:\/\/kalot.com.mx\/site\/2014\/10\/16\/resumen-apple-keynote-octubre-16\/mac-mini\/\" data-orig-file=\"https:\/\/i0.wp.com\/kalot.com.mx\/site\/wp-content\/uploads\/2014\/10\/mac-mini.png?fit=600%2C375&amp;ssl=1\" data-orig-size=\"600,375\" data-comments-opened=\"1\" data-image-meta=\"{&quot;aperture&quot;:&quot;0&quot;,&quot;credit&quot;:&quot;&quot;,&quot;camera&quot;:&quot;&quot;,&quot;caption&quot;:&quot;&quot;,&quot;created_timestamp&quot;:&quot;0&quot;,&quot;copyright&quot;:&quot;&quot;,&quot;focal_length&quot;:&quot;0&quot;,&quot;iso&quot;:&quot;0&quot;,&quot;shutter_speed&quot;:&quot;0&quot;,&quot;title&quot;:&quot;&quot;,&quot;orientation&quot;:&quot;0&quot;}\" data-image-title=\"mac mini\" data-image-description=\"\" data-image-caption=\"&lt;p&gt;Mac Mini &lt;\/p&gt;\n\" data-large-file=\"https:\/\/i0.wp.com\/kalot.com.mx\/site\/wp-content\/uploads\/2014\/10\/mac-mini.png?fit=600%2C375&amp;ssl=1\" src=\"https:\/\/i0.wp.com\/www.kalot.com.mx\/wp-content\/uploads\/2014\/10\/mac-mini.png?resize=600%2C375\" alt=\"Mac Mini \" width=\"600\" height=\"375\" class=\"size-full wp-image-18744\" srcset=\"https:\/\/i0.wp.com\/kalot.com.mx\/site\/wp-content\/uploads\/2014\/10\/mac-mini.png?w=600&amp;ssl=1 600w, https:\/\/i0.wp.com\/kalot.com.mx\/site\/wp-content\/uploads\/2014\/10\/mac-mini.png?resize=380%2C238&amp;ssl=1 380w, https:\/\/i0.wp.com\/kalot.com.mx\/site\/wp-content\/uploads\/2014\/10\/mac-mini.png?resize=300%2C188&amp;ssl=1 300w\" sizes=\"(max-width: 600px) 100vw, 600px\" \/><\/a><figcaption id=\"caption-attachment-18744\" class=\"wp-caption-text\">Mac Mini<\/figcaption><\/figure>\n<p>Fuente: Apple Keynote Screenshot<\/p>\n<p><strong>iMac<\/strong><\/p>\n<p>Nueva con patalla de 27 pulgadas y retina display, aqu\u00ed m\u00e1s caracter\u00edsticas:<\/p>\n<ul>\n<li>Procesador Quad-Core i5 a 3.5 Ghz<\/li>\n<li>Ahorro en consumo de energ\u00eda de 30%<\/li>\n<li>Tarjeta AMD Radeon R9 M290X<\/li>\n<li>Memoria Ram 8GB (Escalable a 32Gb Ram)<\/li>\n<li>Disco de 1 TB base flash<\/li>\n<li>Costo a partir de $2499.00 USD<\/li>\n<\/ul>\n<figure id=\"attachment_18749\" aria-describedby=\"caption-attachment-18749\" style=\"width: 902px\" class=\"wp-caption aligncenter\"><a href=\"https:\/\/i0.wp.com\/www.kalot.com.mx\/wp-content\/uploads\/2014\/10\/Mac-Retina.png\"><img data-recalc-dims=\"1\" loading=\"lazy\" decoding=\"async\" data-attachment-id=\"18749\" data-permalink=\"https:\/\/kalot.com.mx\/site\/2014\/10\/16\/resumen-apple-keynote-octubre-16\/mac-retina\/\" data-orig-file=\"https:\/\/i0.wp.com\/kalot.com.mx\/site\/wp-content\/uploads\/2014\/10\/Mac-Retina.png?fit=902%2C373&amp;ssl=1\" data-orig-size=\"902,373\" data-comments-opened=\"1\" data-image-meta=\"{&quot;aperture&quot;:&quot;0&quot;,&quot;credit&quot;:&quot;&quot;,&quot;camera&quot;:&quot;&quot;,&quot;caption&quot;:&quot;&quot;,&quot;created_timestamp&quot;:&quot;0&quot;,&quot;copyright&quot;:&quot;&quot;,&quot;focal_length&quot;:&quot;0&quot;,&quot;iso&quot;:&quot;0&quot;,&quot;shutter_speed&quot;:&quot;0&quot;,&quot;title&quot;:&quot;&quot;,&quot;orientation&quot;:&quot;0&quot;}\" data-image-title=\"Mac Retina\" data-image-description=\"\" data-image-caption=\"&lt;p&gt;Mac Retina Display&lt;\/p&gt;\n\" data-large-file=\"https:\/\/i0.wp.com\/kalot.com.mx\/site\/wp-content\/uploads\/2014\/10\/Mac-Retina.png?fit=902%2C373&amp;ssl=1\" src=\"https:\/\/i0.wp.com\/www.kalot.com.mx\/wp-content\/uploads\/2014\/10\/Mac-Retina.png?resize=902%2C373\" alt=\"Mac Retina Display\" width=\"902\" height=\"373\" class=\"size-full wp-image-18749\" srcset=\"https:\/\/i0.wp.com\/kalot.com.mx\/site\/wp-content\/uploads\/2014\/10\/Mac-Retina.png?w=902&amp;ssl=1 902w, https:\/\/i0.wp.com\/kalot.com.mx\/site\/wp-content\/uploads\/2014\/10\/Mac-Retina.png?resize=768%2C318&amp;ssl=1 768w, https:\/\/i0.wp.com\/kalot.com.mx\/site\/wp-content\/uploads\/2014\/10\/Mac-Retina.png?resize=380%2C157&amp;ssl=1 380w, https:\/\/i0.wp.com\/kalot.com.mx\/site\/wp-content\/uploads\/2014\/10\/Mac-Retina.png?resize=800%2C331&amp;ssl=1 800w, https:\/\/i0.wp.com\/kalot.com.mx\/site\/wp-content\/uploads\/2014\/10\/Mac-Retina.png?resize=300%2C124&amp;ssl=1 300w, https:\/\/i0.wp.com\/kalot.com.mx\/site\/wp-content\/uploads\/2014\/10\/Mac-Retina.png?resize=810%2C335&amp;ssl=1 810w\" sizes=\"(max-width: 902px) 100vw, 902px\" \/><\/a><figcaption id=\"caption-attachment-18749\" class=\"wp-caption-text\">Mac Retina Display<\/figcaption><\/figure>\n<p>Fuente de foto: www.apple.com\/store<\/p>\n<p><strong>iOS 8.1<\/strong><\/p>\n<p>As\u00ed, es no lo esperabas pero llegar\u00e1 a final de MES, la versi\u00f3n que corrige los diversos errores presentados desde el lanzamiento de iOS 8, lo m\u00e1s relevante es que regresa la versi\u00f3n de mostrar las fotos como en iOS 7.0.<\/p>\n<p>Ya est\u00e1s informado, y ahora empieza a ahorrar :D, claro si es que deseas hacer alg\u00fan cambio de hardware, que en realidad no es necesario, a menos que desees desbloquear tu iPad por medio de tus pulgares.<\/p>\n<p>Saludos y sigan en \u00a1Kalot!<\/p>\n","protected":false},"excerpt":{"rendered":"Hola a todos, aqu\u00ed les presentamos un breve resumen de lo que Apple present\u00f3 el d\u00eda de hoy:&hellip;\n","protected":false},"author":104,"featured_media":18743,"comment_status":"open","ping_status":"open","sticky":false,"template":"","format":"standard","meta":{"jetpack_post_was_ever_published":false,"_jetpack_newsletter_access":"","_jetpack_dont_email_post_to_subs":false,"_jetpack_newsletter_tier_id":0,"_jetpack_memberships_contains_paywalled_content":false,"_jetpack_memberships_contains_paid_content":false,"footnotes":"","jetpack_publicize_message":"","jetpack_publicize_feature_enabled":true,"jetpack_social_post_already_shared":true,"jetpack_social_options":{"image_generator_settings":{"template":"highway","default_image_id":0,"font":"","enabled":false},"version":2}},"categories":[],"tags":[],"class_list":{"0":"post-18742","1":"post","2":"type-post","3":"status-publish","4":"format-standard","5":"has-post-thumbnail","7":"cs-entry","8":"cs-video-wrap"},"yoast_head":"<!-- This site is optimized with the Yoast SEO plugin v27.4 - https:\/\/yoast.com\/product\/yoast-seo-wordpress\/ -->\n<title>Resumen Apple Keynote Octubre 16  - Kalot<\/title>\n<meta name=\"description\" content=\"Hola a todos, aqu\u00ed les presentamos un breve resumen de lo que Apple present\u00f3 el d\u00eda de hoy: OS X YOSEMITE\u00a0 Sistema para las Mac de escritorio y port\u00e1tiles\" \/>\n<meta name=\"robots\" content=\"index, follow, max-snippet:-1, max-image-preview:large, max-video-preview:-1\" \/>\n<link rel=\"canonical\" href=\"https:\/\/kalot.com.mx\/site\/2014\/10\/16\/resumen-apple-keynote-octubre-16\/\" \/>\n<meta property=\"og:locale\" content=\"es_MX\" \/>\n<meta property=\"og:type\" content=\"article\" \/>\n<meta property=\"og:title\" content=\"Resumen Apple Keynote Octubre 16  - Kalot\" \/>\n<meta property=\"og:description\" content=\"Hola a todos, aqu\u00ed les presentamos un breve resumen de lo que Apple present\u00f3 el d\u00eda de hoy: OS X YOSEMITE\u00a0 Sistema para las Mac de escritorio y port\u00e1tiles\" \/>\n<meta property=\"og:url\" content=\"https:\/\/kalot.com.mx\/site\/2014\/10\/16\/resumen-apple-keynote-octubre-16\/\" \/>\n<meta property=\"og:site_name\" content=\"Kalot\" \/>\n<meta property=\"article:publisher\" content=\"http:\/\/facebook.com\/mxkalot\" \/>\n<meta property=\"article:published_time\" content=\"2014-10-16T19:10:43+00:00\" \/>\n<meta property=\"og:image\" content=\"https:\/\/i0.wp.com\/kalot.com.mx\/site\/wp-content\/uploads\/2014\/10\/apple-event-october.jpg?fit=798%2C310&ssl=1\" \/>\n\t<meta property=\"og:image:width\" content=\"798\" \/>\n\t<meta property=\"og:image:height\" content=\"310\" \/>\n\t<meta property=\"og:image:type\" content=\"image\/jpeg\" \/>\n<meta name=\"author\" content=\"Adrian Aldana\" \/>\n<meta name=\"twitter:card\" content=\"summary_large_image\" \/>\n<meta name=\"twitter:creator\" content=\"@stashtoxic\" \/>\n<meta name=\"twitter:site\" content=\"@kalotmx\" \/>\n<meta name=\"twitter:label1\" content=\"Escrito por\" \/>\n\t<meta name=\"twitter:data1\" content=\"Adrian Aldana\" \/>\n\t<meta name=\"twitter:label2\" content=\"Tiempo de lectura\" \/>\n\t<meta name=\"twitter:data2\" content=\"2 minutos\" \/>\n<!-- \/ Yoast SEO plugin. -->","yoast_head_json":{"title":"Resumen Apple Keynote Octubre 16  - Kalot","description":"Hola a todos, aqu\u00ed les presentamos un breve resumen de lo que Apple present\u00f3 el d\u00eda de hoy: OS X YOSEMITE\u00a0 Sistema para las Mac de escritorio y port\u00e1tiles","robots":{"index":"index","follow":"follow","max-snippet":"max-snippet:-1","max-image-preview":"max-image-preview:large","max-video-preview":"max-video-preview:-1"},"canonical":"https:\/\/kalot.com.mx\/site\/2014\/10\/16\/resumen-apple-keynote-octubre-16\/","og_locale":"es_MX","og_type":"article","og_title":"Resumen Apple Keynote Octubre 16  - Kalot","og_description":"Hola a todos, aqu\u00ed les presentamos un breve resumen de lo que Apple present\u00f3 el d\u00eda de hoy: OS X YOSEMITE\u00a0 Sistema para las Mac de escritorio y port\u00e1tiles","og_url":"https:\/\/kalot.com.mx\/site\/2014\/10\/16\/resumen-apple-keynote-octubre-16\/","og_site_name":"Kalot","article_publisher":"http:\/\/facebook.com\/mxkalot","article_published_time":"2014-10-16T19:10:43+00:00","og_image":[{"width":798,"height":310,"url":"https:\/\/i0.wp.com\/kalot.com.mx\/site\/wp-content\/uploads\/2014\/10\/apple-event-october.jpg?fit=798%2C310&ssl=1","type":"image\/jpeg"}],"author":"Adrian Aldana","twitter_card":"summary_large_image","twitter_creator":"@stashtoxic","twitter_site":"@kalotmx","twitter_misc":{"Escrito por":"Adrian Aldana","Tiempo de lectura":"2 minutos"},"schema":{"@context":"https:\/\/schema.org","@graph":[{"@type":"Article","@id":"https:\/\/kalot.com.mx\/site\/2014\/10\/16\/resumen-apple-keynote-octubre-16\/#article","isPartOf":{"@id":"https:\/\/kalot.com.mx\/site\/2014\/10\/16\/resumen-apple-keynote-octubre-16\/"},"author":{"name":"Adrian Aldana","@id":"https:\/\/kalot.com.mx\/site\/#\/schema\/person\/7ca8d08870f5189b7bf61f0615e56a47"},"headline":"Resumen Apple Keynote Octubre 16","datePublished":"2014-10-16T19:10:43+00:00","mainEntityOfPage":{"@id":"https:\/\/kalot.com.mx\/site\/2014\/10\/16\/resumen-apple-keynote-octubre-16\/"},"wordCount":438,"commentCount":0,"publisher":{"@id":"https:\/\/kalot.com.mx\/site\/#organization"},"image":{"@id":"https:\/\/kalot.com.mx\/site\/2014\/10\/16\/resumen-apple-keynote-octubre-16\/#primaryimage"},"thumbnailUrl":"https:\/\/i0.wp.com\/kalot.com.mx\/site\/wp-content\/uploads\/2014\/10\/apple-event-october.jpg?fit=798%2C310&ssl=1","inLanguage":"es","potentialAction":[{"@type":"CommentAction","name":"Comment","target":["https:\/\/kalot.com.mx\/site\/2014\/10\/16\/resumen-apple-keynote-octubre-16\/#respond"]}]},{"@type":"WebPage","@id":"https:\/\/kalot.com.mx\/site\/2014\/10\/16\/resumen-apple-keynote-octubre-16\/","url":"https:\/\/kalot.com.mx\/site\/2014\/10\/16\/resumen-apple-keynote-octubre-16\/","name":"Resumen Apple Keynote Octubre 16 - Kalot","isPartOf":{"@id":"https:\/\/kalot.com.mx\/site\/#website"},"primaryImageOfPage":{"@id":"https:\/\/kalot.com.mx\/site\/2014\/10\/16\/resumen-apple-keynote-octubre-16\/#primaryimage"},"image":{"@id":"https:\/\/kalot.com.mx\/site\/2014\/10\/16\/resumen-apple-keynote-octubre-16\/#primaryimage"},"thumbnailUrl":"https:\/\/i0.wp.com\/kalot.com.mx\/site\/wp-content\/uploads\/2014\/10\/apple-event-october.jpg?fit=798%2C310&ssl=1","datePublished":"2014-10-16T19:10:43+00:00","description":"Hola a todos, aqu\u00ed les presentamos un breve resumen de lo que Apple present\u00f3 el d\u00eda de hoy: OS X YOSEMITE\u00a0 Sistema para las Mac de escritorio y port\u00e1tiles","breadcrumb":{"@id":"https:\/\/kalot.com.mx\/site\/2014\/10\/16\/resumen-apple-keynote-octubre-16\/#breadcrumb"},"inLanguage":"es","potentialAction":[{"@type":"ReadAction","target":["https:\/\/kalot.com.mx\/site\/2014\/10\/16\/resumen-apple-keynote-octubre-16\/"]}]},{"@type":"ImageObject","inLanguage":"es","@id":"https:\/\/kalot.com.mx\/site\/2014\/10\/16\/resumen-apple-keynote-octubre-16\/#primaryimage","url":"https:\/\/i0.wp.com\/kalot.com.mx\/site\/wp-content\/uploads\/2014\/10\/apple-event-october.jpg?fit=798%2C310&ssl=1","contentUrl":"https:\/\/i0.wp.com\/kalot.com.mx\/site\/wp-content\/uploads\/2014\/10\/apple-event-october.jpg?fit=798%2C310&ssl=1","width":798,"height":310},{"@type":"BreadcrumbList","@id":"https:\/\/kalot.com.mx\/site\/2014\/10\/16\/resumen-apple-keynote-octubre-16\/#breadcrumb","itemListElement":[{"@type":"ListItem","position":1,"name":"Home","item":"https:\/\/kalot.com.mx\/site\/"},{"@type":"ListItem","position":2,"name":"Resumen Apple Keynote Octubre 16"}]},{"@type":"WebSite","@id":"https:\/\/kalot.com.mx\/site\/#website","url":"https:\/\/kalot.com.mx\/site\/","name":"Kalot","description":"Conoce Todo Sobre Todo","publisher":{"@id":"https:\/\/kalot.com.mx\/site\/#organization"},"potentialAction":[{"@type":"SearchAction","target":{"@type":"EntryPoint","urlTemplate":"https:\/\/kalot.com.mx\/site\/?s={search_term_string}"},"query-input":{"@type":"PropertyValueSpecification","valueRequired":true,"valueName":"search_term_string"}}],"inLanguage":"es"},{"@type":"Organization","@id":"https:\/\/kalot.com.mx\/site\/#organization","name":"Kalot","url":"https:\/\/kalot.com.mx\/site\/","logo":{"@type":"ImageObject","inLanguage":"es","@id":"https:\/\/kalot.com.mx\/site\/#\/schema\/logo\/image\/","url":"https:\/\/i0.wp.com\/kalot.com.mx\/site\/wp-content\/uploads\/2020\/04\/Kalot-logo-sin-tagline.png?fit=1707%2C1014&ssl=1","contentUrl":"https:\/\/i0.wp.com\/kalot.com.mx\/site\/wp-content\/uploads\/2020\/04\/Kalot-logo-sin-tagline.png?fit=1707%2C1014&ssl=1","width":1707,"height":1014,"caption":"Kalot"},"image":{"@id":"https:\/\/kalot.com.mx\/site\/#\/schema\/logo\/image\/"},"sameAs":["http:\/\/facebook.com\/mxkalot","https:\/\/x.com\/kalotmx","http:\/\/instagram.com\/kalotmx","http:\/\/pinterest.com\/jorgeerana\/kalot"]},{"@type":"Person","@id":"https:\/\/kalot.com.mx\/site\/#\/schema\/person\/7ca8d08870f5189b7bf61f0615e56a47","name":"Adrian Aldana","image":{"@type":"ImageObject","inLanguage":"es","@id":"https:\/\/secure.gravatar.com\/avatar\/33acd468723ea005f5cf8346a551a18ed9259d808bb761c46e0d8e1082f79c8a?s=96&d=mm&r=g","url":"https:\/\/secure.gravatar.com\/avatar\/33acd468723ea005f5cf8346a551a18ed9259d808bb761c46e0d8e1082f79c8a?s=96&d=mm&r=g","contentUrl":"https:\/\/secure.gravatar.com\/avatar\/33acd468723ea005f5cf8346a551a18ed9259d808bb761c46e0d8e1082f79c8a?s=96&d=mm&r=g","caption":"Adrian Aldana"},"description":"Me gusta la tecnolog\u00eca y aprender mucho por medio de internet, tengo 31 a\u00f1os, trabajo en M\u00e9xico DF en sector de viajes y turismo, he organizado eventos, se de wordpress, de motion, de productos apple, de imovie, me encanta buscar juegos en iOS y adem\u00e1s de todo se escuchar muy bien y recomendarte un buen caf\u00e9. Saludos.","sameAs":["https:\/\/x.com\/stashtoxic"],"url":"https:\/\/kalot.com.mx\/site\/author\/adrian\/"}]}},"jetpack_publicize_connections":[],"jetpack_featured_media_url":"https:\/\/i0.wp.com\/kalot.com.mx\/site\/wp-content\/uploads\/2014\/10\/apple-event-october.jpg?fit=798%2C310&ssl=1","jetpack_shortlink":"https:\/\/wp.me\/p6IHEI-4Si","jetpack-related-posts":[{"id":25996,"url":"https:\/\/kalot.com.mx\/site\/2016\/09\/07\/donde-ver-la-keynote-ios-mac-windos-android\/","url_meta":{"origin":18742,"position":0},"title":"D\u00f3nde ver la Keynote! iOS, Mac, Windows, Android #AppleEvent","author":"Amauri Leija","date":"7 septiembre, 2016","format":false,"excerpt":"Hoy tienen\u00a0una cita los seguidores de\u00a0Apple La marca de la manzana no\u00a0ha confirmado ni desmentido de manera oficial el motivo del evento pero probablemente todo indica que sera la presentaci\u00f3n de los nuevos equipos iPhone 7 y iPhone 7 Plus. Tambi\u00e9n es posible que veamos\u00a0una nueva versi\u00f3n del Apple Watch.\u2026","rel":"","context":"En &quot;Marketing&quot;","block_context":{"text":"Marketing","link":"https:\/\/kalot.com.mx\/site\/category\/marketing\/"},"img":{"alt_text":"","src":"https:\/\/i0.wp.com\/kalot.com.mx\/site\/wp-content\/uploads\/2016\/09\/1024_2000.png?fit=1024%2C1024&ssl=1&resize=350%2C200","width":350,"height":200,"srcset":"https:\/\/i0.wp.com\/kalot.com.mx\/site\/wp-content\/uploads\/2016\/09\/1024_2000.png?fit=1024%2C1024&ssl=1&resize=350%2C200 1x, https:\/\/i0.wp.com\/kalot.com.mx\/site\/wp-content\/uploads\/2016\/09\/1024_2000.png?fit=1024%2C1024&ssl=1&resize=525%2C300 1.5x, https:\/\/i0.wp.com\/kalot.com.mx\/site\/wp-content\/uploads\/2016\/09\/1024_2000.png?fit=1024%2C1024&ssl=1&resize=700%2C400 2x"},"classes":[]},{"id":16585,"url":"https:\/\/kalot.com.mx\/site\/2014\/06\/02\/novedades-de-la-keynote-apple-wwdc14\/","url_meta":{"origin":18742,"position":1},"title":"Novedades de la Keynote Apple #WWDC14","author":"Cecilia Mata","date":"2 junio, 2014","format":false,"excerpt":"Hoy fue el gran d\u00eda para Apple \u00a0ya que arranco la WWDC \u00a0la keynote inaugural al frente de Tim Cook, que sin dudas hoy fue un d\u00eda de sorpresas para todos. Empezamos con la presencia de Tim cook que comenz\u00f3 hablando de lo importante que es la WWDC para los\u2026","rel":"","context":"Con 1 comentario","block_context":{"text":"Con 1 comentario","link":"https:\/\/kalot.com.mx\/site\/2014\/06\/02\/novedades-de-la-keynote-apple-wwdc14\/#comments"},"img":{"alt_text":"","src":"https:\/\/i0.wp.com\/kalot.com.mx\/site\/wp-content\/uploads\/2014\/06\/WWDC-2014-Grid-61-1024x576.jpg?fit=1024%2C576&ssl=1&resize=350%2C200","width":350,"height":200,"srcset":"https:\/\/i0.wp.com\/kalot.com.mx\/site\/wp-content\/uploads\/2014\/06\/WWDC-2014-Grid-61-1024x576.jpg?fit=1024%2C576&ssl=1&resize=350%2C200 1x, https:\/\/i0.wp.com\/kalot.com.mx\/site\/wp-content\/uploads\/2014\/06\/WWDC-2014-Grid-61-1024x576.jpg?fit=1024%2C576&ssl=1&resize=525%2C300 1.5x, https:\/\/i0.wp.com\/kalot.com.mx\/site\/wp-content\/uploads\/2014\/06\/WWDC-2014-Grid-61-1024x576.jpg?fit=1024%2C576&ssl=1&resize=700%2C400 2x"},"classes":[]},{"id":4599,"url":"https:\/\/kalot.com.mx\/site\/2013\/10\/21\/cobertura-keynote-de-apple-22-de-octubre-ipad-os-imac-macbookpro-macpro-kalotlive\/","url_meta":{"origin":18742,"position":2},"title":"Cobertura Keynote de Apple 22 de Octubre. #iPad #OS #iMac #MacBookPro #MacPro #KalotLive","author":"Jorge Era\u00f1a","date":"21 octubre, 2013","format":false,"excerpt":"Asi es Kalochos y kalochas, si est\u00e1n interesados en adquirir y comprarse un nuevo dispostivo como los mencionados en el t\u00edtulo no se pueden perder la cobertura de ma\u00f1ana que tendremos de la keynote de Apple. En punto de las 12:00 pm del d\u00eda 22 de octubre tendremos la cobertura\u2026","rel":"","context":"Entrada similar ","block_context":{"text":"Entrada similar ","link":""},"img":{"alt_text":"","src":"https:\/\/i0.wp.com\/kalot.com.mx\/site\/wp-content\/uploads\/2013\/10\/20131021-170025.jpg?fit=746%2C521&ssl=1&resize=350%2C200","width":350,"height":200,"srcset":"https:\/\/i0.wp.com\/kalot.com.mx\/site\/wp-content\/uploads\/2013\/10\/20131021-170025.jpg?fit=746%2C521&ssl=1&resize=350%2C200 1x, https:\/\/i0.wp.com\/kalot.com.mx\/site\/wp-content\/uploads\/2013\/10\/20131021-170025.jpg?fit=746%2C521&ssl=1&resize=525%2C300 1.5x, https:\/\/i0.wp.com\/kalot.com.mx\/site\/wp-content\/uploads\/2013\/10\/20131021-170025.jpg?fit=746%2C521&ssl=1&resize=700%2C400 2x"},"classes":[]},{"id":26079,"url":"https:\/\/kalot.com.mx\/site\/2016\/09\/09\/apple-e-ios10\/","url_meta":{"origin":18742,"position":3},"title":"Apple e #iOS10","author":"Amauri Leija","date":"9 septiembre, 2016","format":false,"excerpt":"Novedades de iOS 10 Despu\u00e9s de que todos vi\u00e9ramos la Keynote donde Apple present\u00f3 el nuevo iPhone 7, sali\u00f3 la versi\u00f3n Golden Master de iOS 10 para desarrolladores, fue cuesti\u00f3n de horas para que la versi\u00f3n Golden Master p\u00fablica se presentara. Y a todo esto \u00bfQu\u00e9 tiene de nuevo iOS10?\u2026","rel":"","context":"En &quot;Novedades&quot;","block_context":{"text":"Novedades","link":"https:\/\/kalot.com.mx\/site\/category\/novedades\/"},"img":{"alt_text":"","src":"https:\/\/i0.wp.com\/kalot.com.mx\/site\/wp-content\/uploads\/2016\/09\/ios10.png?fit=1200%2C549&ssl=1&resize=350%2C200","width":350,"height":200,"srcset":"https:\/\/i0.wp.com\/kalot.com.mx\/site\/wp-content\/uploads\/2016\/09\/ios10.png?fit=1200%2C549&ssl=1&resize=350%2C200 1x, https:\/\/i0.wp.com\/kalot.com.mx\/site\/wp-content\/uploads\/2016\/09\/ios10.png?fit=1200%2C549&ssl=1&resize=525%2C300 1.5x, https:\/\/i0.wp.com\/kalot.com.mx\/site\/wp-content\/uploads\/2016\/09\/ios10.png?fit=1200%2C549&ssl=1&resize=700%2C400 2x, https:\/\/i0.wp.com\/kalot.com.mx\/site\/wp-content\/uploads\/2016\/09\/ios10.png?fit=1200%2C549&ssl=1&resize=1050%2C600 3x"},"classes":[]},{"id":18174,"url":"https:\/\/kalot.com.mx\/site\/2014\/09\/17\/ios-8-partir-del-17-de-septiembre\/","url_meta":{"origin":18742,"position":4},"title":"iOS 8 a partir del 17 de Septiembre","author":"Adrian Aldana","date":"17 septiembre, 2014","format":false,"excerpt":"Hoy es el d\u00eda. As\u00ed es a partir de hoy iOS 8 estar\u00e1 disponible, este fue anunciado en la pasada conferencia de Apple aqu\u00ed te mencionamos algunas caracter\u00edsticas: \u201cAirDrop\u201d En esta versi\u00f3n se mejora la conectividad entre dispositivos iOS y Mac, ya que actualmente no es posible transferir datos entre\u2026","rel":"","context":"Con 1 comentario","block_context":{"text":"Con 1 comentario","link":"https:\/\/kalot.com.mx\/site\/2014\/09\/17\/ios-8-partir-del-17-de-septiembre\/#comments"},"img":{"alt_text":"","src":"https:\/\/i0.wp.com\/kalot.com.mx\/site\/wp-content\/uploads\/2014\/09\/IOS-8-6.png?fit=792%2C254&ssl=1&resize=350%2C200","width":350,"height":200,"srcset":"https:\/\/i0.wp.com\/kalot.com.mx\/site\/wp-content\/uploads\/2014\/09\/IOS-8-6.png?fit=792%2C254&ssl=1&resize=350%2C200 1x, https:\/\/i0.wp.com\/kalot.com.mx\/site\/wp-content\/uploads\/2014\/09\/IOS-8-6.png?fit=792%2C254&ssl=1&resize=525%2C300 1.5x, https:\/\/i0.wp.com\/kalot.com.mx\/site\/wp-content\/uploads\/2014\/09\/IOS-8-6.png?fit=792%2C254&ssl=1&resize=700%2C400 2x"},"classes":[]},{"id":152,"url":"https:\/\/kalot.com.mx\/site\/2013\/09\/03\/johnny-ive-detras-del-diseno-de-apple\/","url_meta":{"origin":18742,"position":5},"title":"Johnny Ive, detr\u00e1s del dise\u00f1o de Apple","author":"Galore","date":"3 septiembre, 2013","format":false,"excerpt":"Si bien actualmente el tema de Apple como compa\u00f1\u00eda y sus productos tales como iPad, iPhone, Mac o iPod son muy sonados, cabe destacar una parte muy importante que todos estos dispositivos tienen en com\u00fan y no siempre es abordada de tal manera que ofrezca un motivo mas, y es\u2026","rel":"","context":"Entrada similar ","block_context":{"text":"Entrada similar ","link":""},"img":{"alt_text":"","src":"https:\/\/i0.wp.com\/kalot.com.mx\/site\/wp-content\/uploads\/2013\/09\/jonyive090122.png?fit=596%2C335&ssl=1&resize=350%2C200","width":350,"height":200,"srcset":"https:\/\/i0.wp.com\/kalot.com.mx\/site\/wp-content\/uploads\/2013\/09\/jonyive090122.png?fit=596%2C335&ssl=1&resize=350%2C200 1x, https:\/\/i0.wp.com\/kalot.com.mx\/site\/wp-content\/uploads\/2013\/09\/jonyive090122.png?fit=596%2C335&ssl=1&resize=525%2C300 1.5x"},"classes":[]}],"jetpack_sharing_enabled":true,"_links":{"self":[{"href":"https:\/\/kalot.com.mx\/site\/wp-json\/wp\/v2\/posts\/18742","targetHints":{"allow":["GET"]}}],"collection":[{"href":"https:\/\/kalot.com.mx\/site\/wp-json\/wp\/v2\/posts"}],"about":[{"href":"https:\/\/kalot.com.mx\/site\/wp-json\/wp\/v2\/types\/post"}],"author":[{"embeddable":true,"href":"https:\/\/kalot.com.mx\/site\/wp-json\/wp\/v2\/users\/104"}],"replies":[{"embeddable":true,"href":"https:\/\/kalot.com.mx\/site\/wp-json\/wp\/v2\/comments?post=18742"}],"version-history":[{"count":0,"href":"https:\/\/kalot.com.mx\/site\/wp-json\/wp\/v2\/posts\/18742\/revisions"}],"wp:featuredmedia":[{"embeddable":true,"href":"https:\/\/kalot.com.mx\/site\/wp-json\/wp\/v2\/media\/18743"}],"wp:attachment":[{"href":"https:\/\/kalot.com.mx\/site\/wp-json\/wp\/v2\/media?parent=18742"}],"wp:term":[{"taxonomy":"category","embeddable":true,"href":"https:\/\/kalot.com.mx\/site\/wp-json\/wp\/v2\/categories?post=18742"},{"taxonomy":"post_tag","embeddable":true,"href":"https:\/\/kalot.com.mx\/site\/wp-json\/wp\/v2\/tags?post=18742"}],"curies":[{"name":"wp","href":"https:\/\/api.w.org\/{rel}","templated":true}]}}