{"id":18634,"date":"2014-10-09T10:52:43","date_gmt":"2014-10-09T15:52:43","guid":{"rendered":"http:\/\/www.kalot.com.mx\/?p=18634"},"modified":"2014-10-09T10:52:43","modified_gmt":"2014-10-09T15:52:43","slug":"glee-llega-su-final","status":"publish","type":"post","link":"https:\/\/kalot.com.mx\/site\/2014\/10\/09\/glee-llega-su-final\/","title":{"rendered":"Glee llega a su FINAL"},"content":{"rendered":"<p><strong>Hola, a todos con la novedad de que GLEE regresar\u00e1 a partir de Enero 2015 como un mid season (Quiere decir que comienza justo a la mitad de la temporada) La Sexta temporada ser\u00e1 la \u00faltima y constar\u00e1 solo de 13 Episodios.<\/strong><\/p>\n<p>Algunos datos que se han revelado de la historia son:<\/p>\n<ul>\n<li>Rachel Berry regresar\u00e1 a Ohio<\/li>\n<li>Rachel tomar\u00e1 el club glee en sus manos<\/li>\n<li>Regresar\u00e1 Mercedes (Amber Riley)<\/li>\n<li>Tambi\u00e9n Santana (Naya Rivera)<\/li>\n<li>Dave Karosfky tambi\u00e9n estar\u00e1 de vuelta (Max Adler) el jugador de futbol americano que molestaba a Kurt (Chris Colfer)<\/li>\n<li>Habr\u00e1 nuevos personajes dentro del club, pero solo se sabe que son unas porristas, un nuevo jugador de americano.<\/li>\n<\/ul>\n<p>Pues la serie terminar\u00e1 d\u00f3nde todo empez\u00f3 y esto debido a que Rachel regresar\u00e1 de la gran manzana.<\/p>\n<p>Estaremos al pendiente de la fecha de estreno en nuestro pa\u00eds, pero creemos que ser\u00e1 en febrero 2015.<\/p>\n<p>Esta ser\u00e1 la \u00faltima temporada ya que Ryan Murphy est\u00e1 m\u00e1s enfocado en otras series como American Horror Story, personalmente estoy feliz que termine Glee, no lo tomen a mal fui fan de las primeras 4 temporadas, pero la quinta temporada no me gust\u00f3 ya que hubo demasiados cambios y no hab\u00eda en verdad una historia que contar, por fin despu\u00e9s de 100 cap\u00edtulos, todo regresa a Ohio, simplemente no creo que sea el final que merec\u00eda la serie, pero entiendo que muchas cosas se salieron de control, c\u00f3mo la p\u00e9rdida de Corey Monteith desde la cual la serie dej\u00f3 de ser la misma.<\/p>\n<p>Glee dej\u00f3 muy buenos momentos con sus covers, pero al final creo que la historia no trascendi\u00f3 mucho una l\u00e1stima ya que cada personaje ten\u00eda mucho potencial de ser mostrado como una estrella en su forma particular de ser.<\/p>\n<p>En fin continuaremos reportando\u2026<\/p>\n<p><a href=\"https:\/\/i0.wp.com\/www.kalot.com.mx\/wp-content\/uploads\/2014\/10\/Glee-Season-4.jpg\"><img data-recalc-dims=\"1\" fetchpriority=\"high\" decoding=\"async\" data-attachment-id=\"18635\" data-permalink=\"https:\/\/kalot.com.mx\/site\/2014\/10\/09\/glee-llega-su-final\/glee-season-4\/\" data-orig-file=\"https:\/\/i0.wp.com\/kalot.com.mx\/site\/wp-content\/uploads\/2014\/10\/Glee-Season-4.jpg?fit=1024%2C683&ssl=1\" data-orig-size=\"1024,683\" data-comments-opened=\"1\" data-image-meta=\"{&quot;aperture&quot;:&quot;0&quot;,&quot;credit&quot;:&quot;&quot;,&quot;camera&quot;:&quot;&quot;,&quot;caption&quot;:&quot;&quot;,&quot;created_timestamp&quot;:&quot;0&quot;,&quot;copyright&quot;:&quot;&quot;,&quot;focal_length&quot;:&quot;0&quot;,&quot;iso&quot;:&quot;0&quot;,&quot;shutter_speed&quot;:&quot;0&quot;,&quot;title&quot;:&quot;&quot;,&quot;orientation&quot;:&quot;0&quot;}\" data-image-title=\"Glee Season 4\" data-image-description=\"\" data-image-caption=\"\" data-large-file=\"https:\/\/i0.wp.com\/kalot.com.mx\/site\/wp-content\/uploads\/2014\/10\/Glee-Season-4.jpg?fit=1024%2C683&ssl=1\" src=\"https:\/\/i0.wp.com\/www.kalot.com.mx\/wp-content\/uploads\/2014\/10\/Glee-Season-4.jpg?resize=822%2C548\" alt=\"De NY a OHIO\" width=\"822\" height=\"548\" class=\"aligncenter  wp-image-18635\" srcset=\"https:\/\/i0.wp.com\/kalot.com.mx\/site\/wp-content\/uploads\/2014\/10\/Glee-Season-4.jpg?w=1024&ssl=1 1024w, https:\/\/i0.wp.com\/kalot.com.mx\/site\/wp-content\/uploads\/2014\/10\/Glee-Season-4.jpg?resize=768%2C512&ssl=1 768w, https:\/\/i0.wp.com\/kalot.com.mx\/site\/wp-content\/uploads\/2014\/10\/Glee-Season-4.jpg?resize=380%2C253&ssl=1 380w, https:\/\/i0.wp.com\/kalot.com.mx\/site\/wp-content\/uploads\/2014\/10\/Glee-Season-4.jpg?resize=800%2C534&ssl=1 800w, https:\/\/i0.wp.com\/kalot.com.mx\/site\/wp-content\/uploads\/2014\/10\/Glee-Season-4.jpg?resize=300%2C200&ssl=1 300w, https:\/\/i0.wp.com\/kalot.com.mx\/site\/wp-content\/uploads\/2014\/10\/Glee-Season-4.jpg?resize=810%2C540&ssl=1 810w\" sizes=\"(max-width: 822px) 100vw, 822px\" \/><\/a><\/p>\n<p>Fuente: www.zap2it.com<\/p>\n<p>Foto encabezado fuente: www.hot1061.com<\/p>\n<p>\u00a0<\/p>\n","protected":false},"excerpt":{"rendered":"Hola, a todos con la novedad de que GLEE regresar\u00e1 a partir de Enero 2015 como un mid&hellip;\n","protected":false},"author":104,"featured_media":18636,"comment_status":"open","ping_status":"open","sticky":false,"template":"","format":"standard","meta":{"jetpack_post_was_ever_published":false,"_jetpack_newsletter_access":"","_jetpack_dont_email_post_to_subs":false,"_jetpack_newsletter_tier_id":0,"_jetpack_memberships_contains_paywalled_content":false,"_jetpack_memberships_contains_paid_content":false,"footnotes":"","jetpack_publicize_message":"","jetpack_publicize_feature_enabled":true,"jetpack_social_post_already_shared":true,"jetpack_social_options":{"image_generator_settings":{"template":"highway","default_image_id":0,"font":"","enabled":false},"version":2}},"categories":[],"tags":[],"class_list":{"0":"post-18634","1":"post","2":"type-post","3":"status-publish","4":"format-standard","5":"has-post-thumbnail","7":"cs-entry","8":"cs-video-wrap"},"yoast_head":"<!-- This site is optimized with the Yoast SEO plugin v27.5 - https:\/\/yoast.com\/product\/yoast-seo-wordpress\/ -->\n<title>Glee llega a su FINAL - Kalot<\/title>\n<meta name=\"description\" content=\"Hola, a todos con la novedad de que GLEE regresar\u00e1 a partir de Enero 2015 como un mid season (Quiere decir que comienza justo a la mitad de la temporada)\" \/>\n<meta name=\"robots\" content=\"index, follow, max-snippet:-1, max-image-preview:large, max-video-preview:-1\" \/>\n<link rel=\"canonical\" href=\"https:\/\/kalot.com.mx\/site\/2014\/10\/09\/glee-llega-su-final\/\" \/>\n<meta property=\"og:locale\" content=\"es_MX\" \/>\n<meta property=\"og:type\" content=\"article\" \/>\n<meta property=\"og:title\" content=\"Glee llega a su FINAL - Kalot\" \/>\n<meta property=\"og:description\" content=\"Hola, a todos con la novedad de que GLEE regresar\u00e1 a partir de Enero 2015 como un mid season (Quiere decir que comienza justo a la mitad de la temporada)\" \/>\n<meta property=\"og:url\" content=\"https:\/\/kalot.com.mx\/site\/2014\/10\/09\/glee-llega-su-final\/\" \/>\n<meta property=\"og:site_name\" content=\"Kalot\" \/>\n<meta property=\"article:publisher\" content=\"http:\/\/facebook.com\/mxkalot\" \/>\n<meta property=\"article:published_time\" content=\"2014-10-09T15:52:43+00:00\" \/>\n<meta property=\"og:image\" content=\"https:\/\/i1.wp.com\/kalot.com.mx\/site\/wp-content\/uploads\/2014\/10\/Glee-Season-4-1.jpeg?fit=1920%2C1080&ssl=1\" \/>\n\t<meta property=\"og:image:width\" content=\"1920\" \/>\n\t<meta property=\"og:image:height\" content=\"1080\" \/>\n\t<meta property=\"og:image:type\" content=\"image\/jpeg\" \/>\n<meta name=\"author\" content=\"Adrian Aldana\" \/>\n<meta name=\"twitter:card\" content=\"summary_large_image\" \/>\n<meta name=\"twitter:creator\" content=\"@stashtoxic\" \/>\n<meta name=\"twitter:site\" content=\"@kalotmx\" \/>\n<meta name=\"twitter:label1\" content=\"Escrito por\" \/>\n\t<meta name=\"twitter:data1\" content=\"Adrian Aldana\" \/>\n\t<meta name=\"twitter:label2\" content=\"Tiempo de lectura\" \/>\n\t<meta name=\"twitter:data2\" content=\"2 minutos\" \/>\n<!-- \/ Yoast SEO plugin. -->","yoast_head_json":{"title":"Glee llega a su FINAL - Kalot","description":"Hola, a todos con la novedad de que GLEE regresar\u00e1 a partir de Enero 2015 como un mid season (Quiere decir que comienza justo a la mitad de la temporada)","robots":{"index":"index","follow":"follow","max-snippet":"max-snippet:-1","max-image-preview":"max-image-preview:large","max-video-preview":"max-video-preview:-1"},"canonical":"https:\/\/kalot.com.mx\/site\/2014\/10\/09\/glee-llega-su-final\/","og_locale":"es_MX","og_type":"article","og_title":"Glee llega a su FINAL - Kalot","og_description":"Hola, a todos con la novedad de que GLEE regresar\u00e1 a partir de Enero 2015 como un mid season (Quiere decir que comienza justo a la mitad de la temporada)","og_url":"https:\/\/kalot.com.mx\/site\/2014\/10\/09\/glee-llega-su-final\/","og_site_name":"Kalot","article_publisher":"http:\/\/facebook.com\/mxkalot","article_published_time":"2014-10-09T15:52:43+00:00","og_image":[{"width":1920,"height":1080,"url":"https:\/\/i1.wp.com\/kalot.com.mx\/site\/wp-content\/uploads\/2014\/10\/Glee-Season-4-1.jpeg?fit=1920%2C1080&ssl=1","type":"image\/jpeg"}],"author":"Adrian Aldana","twitter_card":"summary_large_image","twitter_creator":"@stashtoxic","twitter_site":"@kalotmx","twitter_misc":{"Escrito por":"Adrian Aldana","Tiempo de lectura":"2 minutos"},"schema":{"@context":"https:\/\/schema.org","@graph":[{"@type":"Article","@id":"https:\/\/kalot.com.mx\/site\/2014\/10\/09\/glee-llega-su-final\/#article","isPartOf":{"@id":"https:\/\/kalot.com.mx\/site\/2014\/10\/09\/glee-llega-su-final\/"},"author":{"name":"Adrian Aldana","@id":"https:\/\/kalot.com.mx\/site\/#\/schema\/person\/7ca8d08870f5189b7bf61f0615e56a47"},"headline":"Glee llega a su FINAL","datePublished":"2014-10-09T15:52:43+00:00","mainEntityOfPage":{"@id":"https:\/\/kalot.com.mx\/site\/2014\/10\/09\/glee-llega-su-final\/"},"wordCount":319,"commentCount":0,"publisher":{"@id":"https:\/\/kalot.com.mx\/site\/#organization"},"image":{"@id":"https:\/\/kalot.com.mx\/site\/2014\/10\/09\/glee-llega-su-final\/#primaryimage"},"thumbnailUrl":"https:\/\/i0.wp.com\/kalot.com.mx\/site\/wp-content\/uploads\/2014\/10\/Glee-Season-4-1.jpeg?fit=1920%2C1080&ssl=1","inLanguage":"es","potentialAction":[{"@type":"CommentAction","name":"Comment","target":["https:\/\/kalot.com.mx\/site\/2014\/10\/09\/glee-llega-su-final\/#respond"]}]},{"@type":"WebPage","@id":"https:\/\/kalot.com.mx\/site\/2014\/10\/09\/glee-llega-su-final\/","url":"https:\/\/kalot.com.mx\/site\/2014\/10\/09\/glee-llega-su-final\/","name":"Glee llega a su FINAL - Kalot","isPartOf":{"@id":"https:\/\/kalot.com.mx\/site\/#website"},"primaryImageOfPage":{"@id":"https:\/\/kalot.com.mx\/site\/2014\/10\/09\/glee-llega-su-final\/#primaryimage"},"image":{"@id":"https:\/\/kalot.com.mx\/site\/2014\/10\/09\/glee-llega-su-final\/#primaryimage"},"thumbnailUrl":"https:\/\/i0.wp.com\/kalot.com.mx\/site\/wp-content\/uploads\/2014\/10\/Glee-Season-4-1.jpeg?fit=1920%2C1080&ssl=1","datePublished":"2014-10-09T15:52:43+00:00","description":"Hola, a todos con la novedad de que GLEE regresar\u00e1 a partir de Enero 2015 como un mid season (Quiere decir que comienza justo a la mitad de la temporada)","breadcrumb":{"@id":"https:\/\/kalot.com.mx\/site\/2014\/10\/09\/glee-llega-su-final\/#breadcrumb"},"inLanguage":"es","potentialAction":[{"@type":"ReadAction","target":["https:\/\/kalot.com.mx\/site\/2014\/10\/09\/glee-llega-su-final\/"]}]},{"@type":"ImageObject","inLanguage":"es","@id":"https:\/\/kalot.com.mx\/site\/2014\/10\/09\/glee-llega-su-final\/#primaryimage","url":"https:\/\/i0.wp.com\/kalot.com.mx\/site\/wp-content\/uploads\/2014\/10\/Glee-Season-4-1.jpeg?fit=1920%2C1080&ssl=1","contentUrl":"https:\/\/i0.wp.com\/kalot.com.mx\/site\/wp-content\/uploads\/2014\/10\/Glee-Season-4-1.jpeg?fit=1920%2C1080&ssl=1","width":1920,"height":1080},{"@type":"BreadcrumbList","@id":"https:\/\/kalot.com.mx\/site\/2014\/10\/09\/glee-llega-su-final\/#breadcrumb","itemListElement":[{"@type":"ListItem","position":1,"name":"Home","item":"https:\/\/kalot.com.mx\/site\/"},{"@type":"ListItem","position":2,"name":"Glee llega a su FINAL"}]},{"@type":"WebSite","@id":"https:\/\/kalot.com.mx\/site\/#website","url":"https:\/\/kalot.com.mx\/site\/","name":"Kalot","description":"Conoce Todo Sobre Todo","publisher":{"@id":"https:\/\/kalot.com.mx\/site\/#organization"},"potentialAction":[{"@type":"SearchAction","target":{"@type":"EntryPoint","urlTemplate":"https:\/\/kalot.com.mx\/site\/?s={search_term_string}"},"query-input":{"@type":"PropertyValueSpecification","valueRequired":true,"valueName":"search_term_string"}}],"inLanguage":"es"},{"@type":"Organization","@id":"https:\/\/kalot.com.mx\/site\/#organization","name":"Kalot","url":"https:\/\/kalot.com.mx\/site\/","logo":{"@type":"ImageObject","inLanguage":"es","@id":"https:\/\/kalot.com.mx\/site\/#\/schema\/logo\/image\/","url":"https:\/\/i0.wp.com\/kalot.com.mx\/site\/wp-content\/uploads\/2020\/04\/Kalot-logo-sin-tagline.png?fit=1707%2C1014&ssl=1","contentUrl":"https:\/\/i0.wp.com\/kalot.com.mx\/site\/wp-content\/uploads\/2020\/04\/Kalot-logo-sin-tagline.png?fit=1707%2C1014&ssl=1","width":1707,"height":1014,"caption":"Kalot"},"image":{"@id":"https:\/\/kalot.com.mx\/site\/#\/schema\/logo\/image\/"},"sameAs":["http:\/\/facebook.com\/mxkalot","https:\/\/x.com\/kalotmx","http:\/\/instagram.com\/kalotmx","http:\/\/pinterest.com\/jorgeerana\/kalot"]},{"@type":"Person","@id":"https:\/\/kalot.com.mx\/site\/#\/schema\/person\/7ca8d08870f5189b7bf61f0615e56a47","name":"Adrian Aldana","image":{"@type":"ImageObject","inLanguage":"es","@id":"https:\/\/secure.gravatar.com\/avatar\/33acd468723ea005f5cf8346a551a18ed9259d808bb761c46e0d8e1082f79c8a?s=96&d=mm&r=g","url":"https:\/\/secure.gravatar.com\/avatar\/33acd468723ea005f5cf8346a551a18ed9259d808bb761c46e0d8e1082f79c8a?s=96&d=mm&r=g","contentUrl":"https:\/\/secure.gravatar.com\/avatar\/33acd468723ea005f5cf8346a551a18ed9259d808bb761c46e0d8e1082f79c8a?s=96&d=mm&r=g","caption":"Adrian Aldana"},"description":"Me gusta la tecnolog\u00eca y aprender mucho por medio de internet, tengo 31 a\u00f1os, trabajo en M\u00e9xico DF en sector de viajes y turismo, he organizado eventos, se de wordpress, de motion, de productos apple, de imovie, me encanta buscar juegos en iOS y adem\u00e1s de todo se escuchar muy bien y recomendarte un buen caf\u00e9. Saludos.","sameAs":["https:\/\/x.com\/stashtoxic"],"url":"https:\/\/kalot.com.mx\/site\/author\/adrian\/"}]}},"jetpack_publicize_connections":[],"jetpack_featured_media_url":"https:\/\/i0.wp.com\/kalot.com.mx\/site\/wp-content\/uploads\/2014\/10\/Glee-Season-4-1.jpeg?fit=1920%2C1080&ssl=1","jetpack_shortlink":"https:\/\/wp.me\/p6IHEI-4Qy","jetpack-related-posts":[{"id":18232,"url":"https:\/\/kalot.com.mx\/site\/2014\/09\/20\/fashion-police-regresara-en-enero-de-2015\/","url_meta":{"origin":18634,"position":0},"title":"Fashion Police Regresar\u00e1&#8230; en Enero de 2015","author":"Adrian Aldana","date":"20 septiembre, 2014","format":false,"excerpt":"Hola lectores despu\u00e9s del deceso de Joan Rivers el pasado 04 de Septiembre, la cadena E Entertainment Television no sab\u00eda si el show dedicado a la moda de las estrellas creado en el a\u00f1o 2010 continuar\u00eda\u00a0sin la presencia de la comediante. Actualmente el show ten\u00eda la participaci\u00f3n de: Giuliana Rancic:\u2026","rel":"","context":"Entrada similar ","block_context":{"text":"Entrada similar ","link":""},"img":{"alt_text":"","src":"https:\/\/i0.wp.com\/kalot.com.mx\/site\/wp-content\/uploads\/2014\/09\/Fashion-police-7.jpg?fit=720%2C540&ssl=1&resize=350%2C200","width":350,"height":200,"srcset":"https:\/\/i0.wp.com\/kalot.com.mx\/site\/wp-content\/uploads\/2014\/09\/Fashion-police-7.jpg?fit=720%2C540&ssl=1&resize=350%2C200 1x, https:\/\/i0.wp.com\/kalot.com.mx\/site\/wp-content\/uploads\/2014\/09\/Fashion-police-7.jpg?fit=720%2C540&ssl=1&resize=525%2C300 1.5x, https:\/\/i0.wp.com\/kalot.com.mx\/site\/wp-content\/uploads\/2014\/09\/Fashion-police-7.jpg?fit=720%2C540&ssl=1&resize=700%2C400 2x"},"classes":[]},{"id":13638,"url":"https:\/\/kalot.com.mx\/site\/2014\/03\/19\/flappy-bird-el-regreso\/","url_meta":{"origin":18634,"position":1},"title":"Flappy Bird el regreso","author":"Samuel Arriaga","date":"19 marzo, 2014","format":false,"excerpt":"En febrero pasado Nguyen, un desarrollador independiente oriundo de Vietnam, retir\u00f3 Flappy Bird debido a 'la inusitada y agobiante' atenci\u00f3n que su juego hab\u00eda causado de manera tan s\u00fabita, oblig\u00e1ndolo a retirarlo de las tiendas de apps a pesar de que el t\u00edtulo se hab\u00eda convertido en un \u00e9xito para\u2026","rel":"","context":"Entrada similar ","block_context":{"text":"Entrada similar ","link":""},"img":{"alt_text":"","src":"https:\/\/i0.wp.com\/kalot.com.mx\/site\/wp-content\/uploads\/2014\/03\/Flappy-Bird.jpg?fit=840%2C480&ssl=1&resize=350%2C200","width":350,"height":200,"srcset":"https:\/\/i0.wp.com\/kalot.com.mx\/site\/wp-content\/uploads\/2014\/03\/Flappy-Bird.jpg?fit=840%2C480&ssl=1&resize=350%2C200 1x, https:\/\/i0.wp.com\/kalot.com.mx\/site\/wp-content\/uploads\/2014\/03\/Flappy-Bird.jpg?fit=840%2C480&ssl=1&resize=525%2C300 1.5x, https:\/\/i0.wp.com\/kalot.com.mx\/site\/wp-content\/uploads\/2014\/03\/Flappy-Bird.jpg?fit=840%2C480&ssl=1&resize=700%2C400 2x"},"classes":[]},{"id":4575,"url":"https:\/\/kalot.com.mx\/site\/2013\/10\/21\/review-quarterback-2\/","url_meta":{"origin":18634,"position":2},"title":"Review: \u201cThe Quarterback\u201d","author":"Cristian Patl\u00e1n","date":"21 octubre, 2013","format":false,"excerpt":"La semana pasada fue transmitido por el canal Fox Estados Unidos el episodio de la serie Glee dedicado a Cory Monteith, actor fallecido el 13 de julio de este a\u00f1o debido a una sobredosis por mezcla de alcohol\/hero\u00edna. En Contexto: Glee es una comedia dram\u00e1tica musical que toca temas como\u2026","rel":"","context":"Con 1 comentario","block_context":{"text":"Con 1 comentario","link":"https:\/\/kalot.com.mx\/site\/2013\/10\/21\/review-quarterback-2\/#comments"},"img":{"alt_text":"","src":"https:\/\/i0.wp.com\/kalot.com.mx\/site\/wp-content\/uploads\/2013\/10\/ustv-glee-the-quarterback-2.jpg?fit=618%2C412&ssl=1&resize=350%2C200","width":350,"height":200,"srcset":"https:\/\/i0.wp.com\/kalot.com.mx\/site\/wp-content\/uploads\/2013\/10\/ustv-glee-the-quarterback-2.jpg?fit=618%2C412&ssl=1&resize=350%2C200 1x, https:\/\/i0.wp.com\/kalot.com.mx\/site\/wp-content\/uploads\/2013\/10\/ustv-glee-the-quarterback-2.jpg?fit=618%2C412&ssl=1&resize=525%2C300 1.5x"},"classes":[]},{"id":18206,"url":"https:\/\/kalot.com.mx\/site\/2014\/09\/18\/mentalist-ultima-temporada\/","url_meta":{"origin":18634,"position":3},"title":"The Mentalist &#8230; \u00daltima Temporada","author":"Adrian Aldana","date":"18 septiembre, 2014","format":false,"excerpt":"Asi es la serie The Mentalist, fue renovada al parecer para su \u00faltima temporada esto por parte de CBS y en M\u00e9xico esta serie se transmite por WB Channel, honestamente creo que es una gran p\u00e9rdida ya que la serie a mi me gustaba mucho y la sexta temporada fue\u2026","rel":"","context":"Entrada similar ","block_context":{"text":"Entrada similar ","link":""},"img":{"alt_text":"","src":"https:\/\/i0.wp.com\/kalot.com.mx\/site\/wp-content\/uploads\/2014\/09\/the-mentalist.png?fit=495%2C301&ssl=1&resize=350%2C200","width":350,"height":200},"classes":[]},{"id":24199,"url":"https:\/\/kalot.com.mx\/site\/2015\/11\/03\/24199\/","url_meta":{"origin":18634,"position":4},"title":"Para entender, un poco, el football americano.","author":"Brenda A","date":"3 noviembre, 2015","format":false,"excerpt":"Si les pasa que en esta temporada sus amigos, novio, familiares, se dedican a ver los partidos de la NFL y hablan de ello y ustedes no entienden nada, entonces es tiempo de que conozcan lo b\u00e1sico para entender el juego y sorprenderlos. Es un juego complicado, de estrategia y\u2026","rel":"","context":"En &quot;Deportes&quot;","block_context":{"text":"Deportes","link":"https:\/\/kalot.com.mx\/site\/category\/deportes\/"},"img":{"alt_text":"","src":"https:\/\/i0.wp.com\/kalot.com.mx\/site\/wp-content\/uploads\/2015\/11\/NFL-Showdown-Header.jpg?fit=891%2C501&ssl=1&resize=350%2C200","width":350,"height":200,"srcset":"https:\/\/i0.wp.com\/kalot.com.mx\/site\/wp-content\/uploads\/2015\/11\/NFL-Showdown-Header.jpg?fit=891%2C501&ssl=1&resize=350%2C200 1x, https:\/\/i0.wp.com\/kalot.com.mx\/site\/wp-content\/uploads\/2015\/11\/NFL-Showdown-Header.jpg?fit=891%2C501&ssl=1&resize=525%2C300 1.5x, https:\/\/i0.wp.com\/kalot.com.mx\/site\/wp-content\/uploads\/2015\/11\/NFL-Showdown-Header.jpg?fit=891%2C501&ssl=1&resize=700%2C400 2x"},"classes":[]},{"id":16067,"url":"https:\/\/kalot.com.mx\/site\/2014\/05\/16\/acuerdo-de-lionel-messi-con-el-barcelona\/","url_meta":{"origin":18634,"position":5},"title":"Acuerdo de Lionel Messi con el Barcelona","author":"Daniel Cacho","date":"16 mayo, 2014","format":false,"excerpt":"El F\u00fatbol Club Barcelona ha anunciado en un comunicado oficial el acuerdo con Leo Messi para \"la adecuaci\u00f3n contractual\" con el jugador argentino. La firma est\u00e1 prevista para los pr\u00f3ximos d\u00edas. El diario MARCA ya avanzaba en su edici\u00f3n de hoy que el Bar\u00e7a y Leo Messi hab\u00edan llegado a\u2026","rel":"","context":"Entrada similar ","block_context":{"text":"Entrada similar ","link":""},"img":{"alt_text":"","src":"https:\/\/i0.wp.com\/kalot.com.mx\/site\/wp-content\/uploads\/2014\/05\/10371482_10152562643369305_4067129111577392420_n.jpg?fit=960%2C529&ssl=1&resize=350%2C200","width":350,"height":200,"srcset":"https:\/\/i0.wp.com\/kalot.com.mx\/site\/wp-content\/uploads\/2014\/05\/10371482_10152562643369305_4067129111577392420_n.jpg?fit=960%2C529&ssl=1&resize=350%2C200 1x, https:\/\/i0.wp.com\/kalot.com.mx\/site\/wp-content\/uploads\/2014\/05\/10371482_10152562643369305_4067129111577392420_n.jpg?fit=960%2C529&ssl=1&resize=525%2C300 1.5x, https:\/\/i0.wp.com\/kalot.com.mx\/site\/wp-content\/uploads\/2014\/05\/10371482_10152562643369305_4067129111577392420_n.jpg?fit=960%2C529&ssl=1&resize=700%2C400 2x"},"classes":[]}],"jetpack_sharing_enabled":true,"_links":{"self":[{"href":"https:\/\/kalot.com.mx\/site\/wp-json\/wp\/v2\/posts\/18634","targetHints":{"allow":["GET"]}}],"collection":[{"href":"https:\/\/kalot.com.mx\/site\/wp-json\/wp\/v2\/posts"}],"about":[{"href":"https:\/\/kalot.com.mx\/site\/wp-json\/wp\/v2\/types\/post"}],"author":[{"embeddable":true,"href":"https:\/\/kalot.com.mx\/site\/wp-json\/wp\/v2\/users\/104"}],"replies":[{"embeddable":true,"href":"https:\/\/kalot.com.mx\/site\/wp-json\/wp\/v2\/comments?post=18634"}],"version-history":[{"count":0,"href":"https:\/\/kalot.com.mx\/site\/wp-json\/wp\/v2\/posts\/18634\/revisions"}],"wp:featuredmedia":[{"embeddable":true,"href":"https:\/\/kalot.com.mx\/site\/wp-json\/wp\/v2\/media\/18636"}],"wp:attachment":[{"href":"https:\/\/kalot.com.mx\/site\/wp-json\/wp\/v2\/media?parent=18634"}],"wp:term":[{"taxonomy":"category","embeddable":true,"href":"https:\/\/kalot.com.mx\/site\/wp-json\/wp\/v2\/categories?post=18634"},{"taxonomy":"post_tag","embeddable":true,"href":"https:\/\/kalot.com.mx\/site\/wp-json\/wp\/v2\/tags?post=18634"}],"curies":[{"name":"wp","href":"https:\/\/api.w.org\/{rel}","templated":true}]}}