{"id":18618,"date":"2014-10-08T21:25:12","date_gmt":"2014-10-09T02:25:12","guid":{"rendered":"http:\/\/www.kalot.com.mx\/?p=18618"},"modified":"2015-05-25T08:58:55","modified_gmt":"2015-05-25T13:58:55","slug":"misoginia-2-0-o-como-la-estupidez-obstaculiza-la-igualdad","status":"publish","type":"post","link":"https:\/\/kalot.com.mx\/site\/2014\/10\/08\/misoginia-2-0-o-como-la-estupidez-obstaculiza-la-igualdad\/","title":{"rendered":"Misoginia 2.0 o c\u00f3mo la estupidez obstaculiza la igualdad"},"content":{"rendered":"<p style=\"text-align: justify;\">Mucho se ha escuchado hablar de la liberaci\u00f3n femenina, el feminismo, el rechazo hacia el machismo o heteropatriarcado, temas de gran relevancia en la\u00a0sociedad global en la que vivimos. Sin embargo, \u00bfalguien conoce el verdadero alcance y significado detr\u00e1s de estos t\u00e9rminos?<\/p>\n<p style=\"text-align: justify;\">Para contextualizar, volvamos al 2009; cuando el reci\u00e9n elegido presidente Barack Obama, el primer presidente afroamericano en ganar la presidencia de E.E.U.U., era galardonado con el premio Nobel de la Paz, supuestamente por sus intentos de lograr la desmilitarizaci\u00f3n (cosa que por cierto a\u00fan no se ha alcanzado) desat\u00f3 una controversia\u00a0al respecto: \u00bfpor qu\u00e9 ganaba el galard\u00f3n, realmente? \u00bfpor ganar la presidencia siendo afroamericano? <strong>\u00bfes acaso un logro que merece premios?<\/strong><\/p>\n<p><a href=\"https:\/\/i0.wp.com\/www.kalot.com.mx\/wp-content\/uploads\/2014\/10\/obamanobel.jpg\"><img data-recalc-dims=\"1\" fetchpriority=\"high\" decoding=\"async\" data-attachment-id=\"18619\" data-permalink=\"https:\/\/kalot.com.mx\/site\/2014\/10\/08\/misoginia-2-0-o-como-la-estupidez-obstaculiza-la-igualdad\/obamanobel\/\" data-orig-file=\"https:\/\/i0.wp.com\/kalot.com.mx\/site\/wp-content\/uploads\/2014\/10\/obamanobel.jpg?fit=1280%2C960&amp;ssl=1\" data-orig-size=\"1280,960\" data-comments-opened=\"1\" data-image-meta=\"{&quot;aperture&quot;:&quot;0&quot;,&quot;credit&quot;:&quot;&quot;,&quot;camera&quot;:&quot;&quot;,&quot;caption&quot;:&quot;&quot;,&quot;created_timestamp&quot;:&quot;0&quot;,&quot;copyright&quot;:&quot;&quot;,&quot;focal_length&quot;:&quot;0&quot;,&quot;iso&quot;:&quot;0&quot;,&quot;shutter_speed&quot;:&quot;0&quot;,&quot;title&quot;:&quot;&quot;,&quot;orientation&quot;:&quot;1&quot;}\" data-image-title=\"obamanobel\" data-image-description=\"\" data-image-caption=\"\" data-large-file=\"https:\/\/i0.wp.com\/kalot.com.mx\/site\/wp-content\/uploads\/2014\/10\/obamanobel.jpg?fit=1024%2C768&amp;ssl=1\" class=\"alignnone size-medium wp-image-18619\" src=\"https:\/\/i0.wp.com\/www.kalot.com.mx\/wp-content\/uploads\/2014\/10\/obamanobel-300x225.jpg?resize=300%2C225\" alt=\"obamanobel\" width=\"300\" height=\"225\" srcset=\"https:\/\/i0.wp.com\/kalot.com.mx\/site\/wp-content\/uploads\/2014\/10\/obamanobel.jpg?resize=300%2C225&amp;ssl=1 300w, https:\/\/i0.wp.com\/kalot.com.mx\/site\/wp-content\/uploads\/2014\/10\/obamanobel.jpg?resize=768%2C576&amp;ssl=1 768w, https:\/\/i0.wp.com\/kalot.com.mx\/site\/wp-content\/uploads\/2014\/10\/obamanobel.jpg?resize=200%2C150&amp;ssl=1 200w, https:\/\/i0.wp.com\/kalot.com.mx\/site\/wp-content\/uploads\/2014\/10\/obamanobel.jpg?resize=260%2C195&amp;ssl=1 260w, https:\/\/i0.wp.com\/kalot.com.mx\/site\/wp-content\/uploads\/2014\/10\/obamanobel.jpg?resize=380%2C285&amp;ssl=1 380w, https:\/\/i0.wp.com\/kalot.com.mx\/site\/wp-content\/uploads\/2014\/10\/obamanobel.jpg?resize=800%2C600&amp;ssl=1 800w, https:\/\/i0.wp.com\/kalot.com.mx\/site\/wp-content\/uploads\/2014\/10\/obamanobel.jpg?resize=1160%2C870&amp;ssl=1 1160w, https:\/\/i0.wp.com\/kalot.com.mx\/site\/wp-content\/uploads\/2014\/10\/obamanobel.jpg?resize=1024%2C768&amp;ssl=1 1024w, https:\/\/i0.wp.com\/kalot.com.mx\/site\/wp-content\/uploads\/2014\/10\/obamanobel.jpg?resize=810%2C608&amp;ssl=1 810w, https:\/\/i0.wp.com\/kalot.com.mx\/site\/wp-content\/uploads\/2014\/10\/obamanobel.jpg?resize=1140%2C855&amp;ssl=1 1140w, https:\/\/i0.wp.com\/kalot.com.mx\/site\/wp-content\/uploads\/2014\/10\/obamanobel.jpg?w=1280&amp;ssl=1 1280w\" sizes=\"(max-width: 300px) 100vw, 300px\" \/><\/a><\/p>\n<p style=\"text-align: justify;\">Muchos se preguntaron si esto era el resultado del llamado <em>contraracismo<\/em>, es decir, una nueva forma de discriminaci\u00f3n (o segmentaci\u00f3n) mediante la cual los afroamericanos ya no eran atacados o reprimidos, sino que eran, de repente, luchadores distinguidos entre una sociedad atrapada en ideas preconcebidas. Parad\u00f3jicamente, al enfatizar este hecho, no se alcanzaba una equidad realmente, sino que el hombre blanco sent\u00eda la necesidad de salvaguardar a su poblaci\u00f3n negra, quiz\u00e1 en un intento de compensar las faltas del pasado\u00a0o\u00a0quiz\u00e1 en una\u00a0muestra\u00a0ego\u00edsta de recalcar que no tienen las mismas cualidades que ellos.<\/p>\n<p style=\"text-align: justify;\">Regresando al tema de la misoginia,<strong> \u00bfes este trato especial a las mujeres una manera de darnos cuenta que la igualdad no es posible?<\/strong> \u00bfEs el g\u00e9nero masculino\u00a0tan est\u00fapido como para\u00a0no entender\u00a0que lo \u00fanico que busca el sexo femenino es ser tratado como un igual, con derechos y obligaciones, virtudes y defectos? Remontemos al pasado <em>campus party<\/em> y la pol\u00e9mica que surgi\u00f3 con la chica edec\u00e1n que, en un claro ejemplo de <em>marketing de guerrilla<\/em>, ten\u00eda grabado un <em>c\u00f3digo QR<\/em> en la parte trasera de su vestido; \u00bfqu\u00e9 hubiese pasado si fuera un hombre el que tuviera el c\u00f3digo en su entrepierna? \u00bfEste tipo de explotaci\u00f3n solo es permitida cuando la protagoniza un hombre, digamos, los modelos de Abercrombie &amp; Fitch? Dejando de lado el buen o mal gusto de este tipo de pr\u00e1cticas, muchos pusieron el grito en el cielo, <strong>casi creyendo que ten\u00edan el derecho a decidir lo que esta chica, tan respetable como todas, hac\u00eda con su cuerpo<\/strong>, dejando de lado el hecho de que es un ser humano, con capacidad de decidir y que realiz\u00f3 su trabajo voluntariamente.<\/p>\n<p><a href=\"https:\/\/i0.wp.com\/www.kalot.com.mx\/wp-content\/uploads\/2014\/10\/mujeress.jpg\"><img data-recalc-dims=\"1\" decoding=\"async\" data-attachment-id=\"18621\" data-permalink=\"https:\/\/kalot.com.mx\/site\/2014\/10\/08\/misoginia-2-0-o-como-la-estupidez-obstaculiza-la-igualdad\/mujeress\/\" data-orig-file=\"https:\/\/i0.wp.com\/kalot.com.mx\/site\/wp-content\/uploads\/2014\/10\/mujeress.jpg?fit=489%2C700&amp;ssl=1\" data-orig-size=\"489,700\" data-comments-opened=\"1\" data-image-meta=\"{&quot;aperture&quot;:&quot;0&quot;,&quot;credit&quot;:&quot;&quot;,&quot;camera&quot;:&quot;&quot;,&quot;caption&quot;:&quot;&quot;,&quot;created_timestamp&quot;:&quot;0&quot;,&quot;copyright&quot;:&quot;&quot;,&quot;focal_length&quot;:&quot;0&quot;,&quot;iso&quot;:&quot;0&quot;,&quot;shutter_speed&quot;:&quot;0&quot;,&quot;title&quot;:&quot;&quot;,&quot;orientation&quot;:&quot;0&quot;}\" data-image-title=\"mujeress\" data-image-description=\"\" data-image-caption=\"\" data-large-file=\"https:\/\/i0.wp.com\/kalot.com.mx\/site\/wp-content\/uploads\/2014\/10\/mujeress.jpg?fit=489%2C700&amp;ssl=1\" class=\"alignnone size-medium wp-image-18621\" src=\"https:\/\/i0.wp.com\/www.kalot.com.mx\/wp-content\/uploads\/2014\/10\/mujeress-209x300.jpg?resize=209%2C300\" alt=\"mujeress\" width=\"209\" height=\"300\" \/><\/a><\/p>\n<p>Realmente,<strong> es desesperanzador darnos cuenta que la situaci\u00f3n con respecto a la igualdad est\u00e1 lejos de alcanzarse<\/strong>, aquella por la que extraordinarias activistas a favor de la equidad como Olympe de Gouges lucharon hace ya varios siglos y por la cual, a pesar de mejorar en cierta forma la situaci\u00f3n, los hombres seguimos en la idea de que la mujer es m\u00e1s d\u00e9bil y necesita ser protegida,<strong> a\u00fan a costa de sus propios intereses y opiniones, en el derecho universal que tiene todo ser humano de decidir por s\u00ed mismo<\/strong>, independientemente de su g\u00e9nero. Luchemos por acabar con los h\u00e1bitos y tratemos de ofrecer no discriminaci\u00f3n ni trato preferencial, sino igualdad <strong>\u00bfde verdad es tan dif\u00edcil?<\/strong><\/p>\n<p><span class=\"embed-youtube\" style=\"text-align:center; display: block;\"><iframe class=\"youtube-player\" width=\"1200\" height=\"675\" src=\"https:\/\/www.youtube.com\/embed\/SAgUHOvx-co?version=3&#038;rel=1&#038;showsearch=0&#038;showinfo=1&#038;iv_load_policy=1&#038;fs=1&#038;hl=es-MX&#038;autohide=2&#038;wmode=transparent\" allowfullscreen=\"true\" style=\"border:0;\" sandbox=\"allow-scripts allow-same-origin allow-popups allow-presentation allow-popups-to-escape-sandbox\"><\/iframe><\/span><\/p>\n","protected":false},"excerpt":{"rendered":"Mucho se ha escuchado hablar de la liberaci\u00f3n femenina, el feminismo, el rechazo hacia el machismo o heteropatriarcado,&hellip;\n","protected":false},"author":75,"featured_media":18622,"comment_status":"open","ping_status":"open","sticky":false,"template":"","format":"standard","meta":{"jetpack_post_was_ever_published":false,"_jetpack_newsletter_access":"","_jetpack_dont_email_post_to_subs":false,"_jetpack_newsletter_tier_id":0,"_jetpack_memberships_contains_paywalled_content":false,"_jetpack_memberships_contains_paid_content":false,"footnotes":"","jetpack_publicize_message":"","jetpack_publicize_feature_enabled":true,"jetpack_social_post_already_shared":true,"jetpack_social_options":{"image_generator_settings":{"template":"highway","default_image_id":0,"font":"","enabled":false},"version":2}},"categories":[],"tags":[],"class_list":{"0":"post-18618","1":"post","2":"type-post","3":"status-publish","4":"format-standard","5":"has-post-thumbnail","7":"cs-entry","8":"cs-video-wrap"},"yoast_head":"<!-- This site is optimized with the Yoast SEO plugin v27.4 - https:\/\/yoast.com\/product\/yoast-seo-wordpress\/ -->\n<title>Misoginia 2.0 o c\u00f3mo la estupidez obstaculiza la igualdad - Kalot<\/title>\n<meta name=\"description\" content=\"Mucho se ha escuchado hablar de la liberaci\u00f3n femenina, el feminismo, el rechazo hacia el machismo o heteropatriarcado, temas de gran relevancia en\" \/>\n<meta name=\"robots\" content=\"index, follow, max-snippet:-1, max-image-preview:large, max-video-preview:-1\" \/>\n<link rel=\"canonical\" href=\"https:\/\/kalot.com.mx\/site\/2014\/10\/08\/misoginia-2-0-o-como-la-estupidez-obstaculiza-la-igualdad\/\" \/>\n<meta property=\"og:locale\" content=\"es_MX\" \/>\n<meta property=\"og:type\" content=\"article\" \/>\n<meta property=\"og:title\" content=\"Misoginia 2.0 o c\u00f3mo la estupidez obstaculiza la igualdad - Kalot\" \/>\n<meta property=\"og:description\" content=\"Mucho se ha escuchado hablar de la liberaci\u00f3n femenina, el feminismo, el rechazo hacia el machismo o heteropatriarcado, temas de gran relevancia en\" \/>\n<meta property=\"og:url\" content=\"https:\/\/kalot.com.mx\/site\/2014\/10\/08\/misoginia-2-0-o-como-la-estupidez-obstaculiza-la-igualdad\/\" \/>\n<meta property=\"og:site_name\" content=\"Kalot\" \/>\n<meta property=\"article:publisher\" content=\"http:\/\/facebook.com\/mxkalot\" \/>\n<meta property=\"article:author\" content=\"https:\/\/www.facebook.com\/karlos040\" \/>\n<meta property=\"article:published_time\" content=\"2014-10-09T02:25:12+00:00\" \/>\n<meta property=\"article:modified_time\" content=\"2015-05-25T13:58:55+00:00\" \/>\n<meta property=\"og:image\" content=\"https:\/\/i2.wp.com\/kalot.com.mx\/site\/wp-content\/uploads\/2014\/10\/large.jpg?fit=1024%2C768&ssl=1\" \/>\n\t<meta property=\"og:image:width\" content=\"1024\" \/>\n\t<meta property=\"og:image:height\" content=\"768\" \/>\n\t<meta property=\"og:image:type\" content=\"image\/jpeg\" \/>\n<meta name=\"author\" content=\"Carlos Ru\u00edz Mtz\" \/>\n<meta name=\"twitter:card\" content=\"summary_large_image\" \/>\n<meta name=\"twitter:creator\" content=\"@_carlosrzm\" \/>\n<meta name=\"twitter:site\" content=\"@kalotmx\" \/>\n<meta name=\"twitter:label1\" content=\"Escrito por\" \/>\n\t<meta name=\"twitter:data1\" content=\"Carlos Ru\u00edz Mtz\" \/>\n\t<meta name=\"twitter:label2\" content=\"Tiempo de lectura\" \/>\n\t<meta name=\"twitter:data2\" content=\"3 minutos\" \/>\n<!-- \/ Yoast SEO plugin. -->","yoast_head_json":{"title":"Misoginia 2.0 o c\u00f3mo la estupidez obstaculiza la igualdad - Kalot","description":"Mucho se ha escuchado hablar de la liberaci\u00f3n femenina, el feminismo, el rechazo hacia el machismo o heteropatriarcado, temas de gran relevancia en","robots":{"index":"index","follow":"follow","max-snippet":"max-snippet:-1","max-image-preview":"max-image-preview:large","max-video-preview":"max-video-preview:-1"},"canonical":"https:\/\/kalot.com.mx\/site\/2014\/10\/08\/misoginia-2-0-o-como-la-estupidez-obstaculiza-la-igualdad\/","og_locale":"es_MX","og_type":"article","og_title":"Misoginia 2.0 o c\u00f3mo la estupidez obstaculiza la igualdad - Kalot","og_description":"Mucho se ha escuchado hablar de la liberaci\u00f3n femenina, el feminismo, el rechazo hacia el machismo o heteropatriarcado, temas de gran relevancia en","og_url":"https:\/\/kalot.com.mx\/site\/2014\/10\/08\/misoginia-2-0-o-como-la-estupidez-obstaculiza-la-igualdad\/","og_site_name":"Kalot","article_publisher":"http:\/\/facebook.com\/mxkalot","article_author":"https:\/\/www.facebook.com\/karlos040","article_published_time":"2014-10-09T02:25:12+00:00","article_modified_time":"2015-05-25T13:58:55+00:00","og_image":[{"width":1024,"height":768,"url":"https:\/\/i2.wp.com\/kalot.com.mx\/site\/wp-content\/uploads\/2014\/10\/large.jpg?fit=1024%2C768&ssl=1","type":"image\/jpeg"}],"author":"Carlos Ru\u00edz Mtz","twitter_card":"summary_large_image","twitter_creator":"@_carlosrzm","twitter_site":"@kalotmx","twitter_misc":{"Escrito por":"Carlos Ru\u00edz Mtz","Tiempo de lectura":"3 minutos"},"schema":{"@context":"https:\/\/schema.org","@graph":[{"@type":"Article","@id":"https:\/\/kalot.com.mx\/site\/2014\/10\/08\/misoginia-2-0-o-como-la-estupidez-obstaculiza-la-igualdad\/#article","isPartOf":{"@id":"https:\/\/kalot.com.mx\/site\/2014\/10\/08\/misoginia-2-0-o-como-la-estupidez-obstaculiza-la-igualdad\/"},"author":{"name":"Carlos Ru\u00edz Mtz","@id":"https:\/\/kalot.com.mx\/site\/#\/schema\/person\/c8264e28527716f7f71bb4b6e56c5a33"},"headline":"Misoginia 2.0 o c\u00f3mo la estupidez obstaculiza la igualdad","datePublished":"2014-10-09T02:25:12+00:00","dateModified":"2015-05-25T13:58:55+00:00","mainEntityOfPage":{"@id":"https:\/\/kalot.com.mx\/site\/2014\/10\/08\/misoginia-2-0-o-como-la-estupidez-obstaculiza-la-igualdad\/"},"wordCount":563,"commentCount":0,"publisher":{"@id":"https:\/\/kalot.com.mx\/site\/#organization"},"image":{"@id":"https:\/\/kalot.com.mx\/site\/2014\/10\/08\/misoginia-2-0-o-como-la-estupidez-obstaculiza-la-igualdad\/#primaryimage"},"thumbnailUrl":"https:\/\/i0.wp.com\/kalot.com.mx\/site\/wp-content\/uploads\/2014\/10\/large.jpg?fit=1024%2C768&ssl=1","inLanguage":"es","potentialAction":[{"@type":"CommentAction","name":"Comment","target":["https:\/\/kalot.com.mx\/site\/2014\/10\/08\/misoginia-2-0-o-como-la-estupidez-obstaculiza-la-igualdad\/#respond"]}]},{"@type":"WebPage","@id":"https:\/\/kalot.com.mx\/site\/2014\/10\/08\/misoginia-2-0-o-como-la-estupidez-obstaculiza-la-igualdad\/","url":"https:\/\/kalot.com.mx\/site\/2014\/10\/08\/misoginia-2-0-o-como-la-estupidez-obstaculiza-la-igualdad\/","name":"Misoginia 2.0 o c\u00f3mo la estupidez obstaculiza la igualdad - Kalot","isPartOf":{"@id":"https:\/\/kalot.com.mx\/site\/#website"},"primaryImageOfPage":{"@id":"https:\/\/kalot.com.mx\/site\/2014\/10\/08\/misoginia-2-0-o-como-la-estupidez-obstaculiza-la-igualdad\/#primaryimage"},"image":{"@id":"https:\/\/kalot.com.mx\/site\/2014\/10\/08\/misoginia-2-0-o-como-la-estupidez-obstaculiza-la-igualdad\/#primaryimage"},"thumbnailUrl":"https:\/\/i0.wp.com\/kalot.com.mx\/site\/wp-content\/uploads\/2014\/10\/large.jpg?fit=1024%2C768&ssl=1","datePublished":"2014-10-09T02:25:12+00:00","dateModified":"2015-05-25T13:58:55+00:00","description":"Mucho se ha escuchado hablar de la liberaci\u00f3n femenina, el feminismo, el rechazo hacia el machismo o heteropatriarcado, temas de gran relevancia en","breadcrumb":{"@id":"https:\/\/kalot.com.mx\/site\/2014\/10\/08\/misoginia-2-0-o-como-la-estupidez-obstaculiza-la-igualdad\/#breadcrumb"},"inLanguage":"es","potentialAction":[{"@type":"ReadAction","target":["https:\/\/kalot.com.mx\/site\/2014\/10\/08\/misoginia-2-0-o-como-la-estupidez-obstaculiza-la-igualdad\/"]}]},{"@type":"ImageObject","inLanguage":"es","@id":"https:\/\/kalot.com.mx\/site\/2014\/10\/08\/misoginia-2-0-o-como-la-estupidez-obstaculiza-la-igualdad\/#primaryimage","url":"https:\/\/i0.wp.com\/kalot.com.mx\/site\/wp-content\/uploads\/2014\/10\/large.jpg?fit=1024%2C768&ssl=1","contentUrl":"https:\/\/i0.wp.com\/kalot.com.mx\/site\/wp-content\/uploads\/2014\/10\/large.jpg?fit=1024%2C768&ssl=1","width":1024,"height":768},{"@type":"BreadcrumbList","@id":"https:\/\/kalot.com.mx\/site\/2014\/10\/08\/misoginia-2-0-o-como-la-estupidez-obstaculiza-la-igualdad\/#breadcrumb","itemListElement":[{"@type":"ListItem","position":1,"name":"Home","item":"https:\/\/kalot.com.mx\/site\/"},{"@type":"ListItem","position":2,"name":"Misoginia 2.0 o c\u00f3mo la estupidez obstaculiza la igualdad"}]},{"@type":"WebSite","@id":"https:\/\/kalot.com.mx\/site\/#website","url":"https:\/\/kalot.com.mx\/site\/","name":"Kalot","description":"Conoce Todo Sobre Todo","publisher":{"@id":"https:\/\/kalot.com.mx\/site\/#organization"},"potentialAction":[{"@type":"SearchAction","target":{"@type":"EntryPoint","urlTemplate":"https:\/\/kalot.com.mx\/site\/?s={search_term_string}"},"query-input":{"@type":"PropertyValueSpecification","valueRequired":true,"valueName":"search_term_string"}}],"inLanguage":"es"},{"@type":"Organization","@id":"https:\/\/kalot.com.mx\/site\/#organization","name":"Kalot","url":"https:\/\/kalot.com.mx\/site\/","logo":{"@type":"ImageObject","inLanguage":"es","@id":"https:\/\/kalot.com.mx\/site\/#\/schema\/logo\/image\/","url":"https:\/\/i0.wp.com\/kalot.com.mx\/site\/wp-content\/uploads\/2020\/04\/Kalot-logo-sin-tagline.png?fit=1707%2C1014&ssl=1","contentUrl":"https:\/\/i0.wp.com\/kalot.com.mx\/site\/wp-content\/uploads\/2020\/04\/Kalot-logo-sin-tagline.png?fit=1707%2C1014&ssl=1","width":1707,"height":1014,"caption":"Kalot"},"image":{"@id":"https:\/\/kalot.com.mx\/site\/#\/schema\/logo\/image\/"},"sameAs":["http:\/\/facebook.com\/mxkalot","https:\/\/x.com\/kalotmx","http:\/\/instagram.com\/kalotmx","http:\/\/pinterest.com\/jorgeerana\/kalot"]},{"@type":"Person","@id":"https:\/\/kalot.com.mx\/site\/#\/schema\/person\/c8264e28527716f7f71bb4b6e56c5a33","name":"Carlos Ru\u00edz Mtz","image":{"@type":"ImageObject","inLanguage":"es","@id":"https:\/\/secure.gravatar.com\/avatar\/a3f92b51fc626d9b76d8d7a27f80c9c75e04cb4810e4b403b571a8220be99140?s=96&d=mm&r=g","url":"https:\/\/secure.gravatar.com\/avatar\/a3f92b51fc626d9b76d8d7a27f80c9c75e04cb4810e4b403b571a8220be99140?s=96&d=mm&r=g","contentUrl":"https:\/\/secure.gravatar.com\/avatar\/a3f92b51fc626d9b76d8d7a27f80c9c75e04cb4810e4b403b571a8220be99140?s=96&d=mm&r=g","caption":"Carlos Ru\u00edz Mtz"},"description":"Viviendo y disfrutando a partes iguales de un mundo en constante cambio. @_carlosrzm","sameAs":["https:\/\/www.facebook.com\/karlos040","https:\/\/x.com\/_carlosrzm"],"url":"https:\/\/kalot.com.mx\/site\/author\/carlosruiz\/"}]}},"jetpack_publicize_connections":[],"jetpack_featured_media_url":"https:\/\/i0.wp.com\/kalot.com.mx\/site\/wp-content\/uploads\/2014\/10\/large.jpg?fit=1024%2C768&ssl=1","jetpack_shortlink":"https:\/\/wp.me\/p6IHEI-4Qi","jetpack-related-posts":[{"id":26904,"url":"https:\/\/kalot.com.mx\/site\/2017\/01\/26\/laresena-moonlight-luz-luna-oscars2017\/","url_meta":{"origin":18618,"position":0},"title":"#LaRese\u00f1a: Moonlight (Luz de Luna) #Oscars2017","author":"yash","date":"26 enero, 2017","format":false,"excerpt":"\"Luz de Luna\" retrata la crueldad de la vida; una lucha contra los estereotipos y la b\u00fasqueda de la identidad, hacen de esta pel\u00edcula una impresionante experiencia cinematogr\u00e1fica. Moonlight o Luz de Luna\u00a0es la otra cara de la moneda, es la parte cruda y realista de la vida que nos\u2026","rel":"","context":"En &quot;Cine&quot;","block_context":{"text":"Cine","link":"https:\/\/kalot.com.mx\/site\/category\/cine\/"},"img":{"alt_text":"","src":"https:\/\/i0.wp.com\/kalot.com.mx\/site\/wp-content\/uploads\/2017\/01\/Moonlight3.jpg?fit=1200%2C800&ssl=1&resize=350%2C200","width":350,"height":200,"srcset":"https:\/\/i0.wp.com\/kalot.com.mx\/site\/wp-content\/uploads\/2017\/01\/Moonlight3.jpg?fit=1200%2C800&ssl=1&resize=350%2C200 1x, https:\/\/i0.wp.com\/kalot.com.mx\/site\/wp-content\/uploads\/2017\/01\/Moonlight3.jpg?fit=1200%2C800&ssl=1&resize=525%2C300 1.5x, https:\/\/i0.wp.com\/kalot.com.mx\/site\/wp-content\/uploads\/2017\/01\/Moonlight3.jpg?fit=1200%2C800&ssl=1&resize=700%2C400 2x, https:\/\/i0.wp.com\/kalot.com.mx\/site\/wp-content\/uploads\/2017\/01\/Moonlight3.jpg?fit=1200%2C800&ssl=1&resize=1050%2C600 3x"},"classes":[]},{"id":9488,"url":"https:\/\/kalot.com.mx\/site\/2014\/01\/13\/reacciones-del-balon-de-oro\/","url_meta":{"origin":18618,"position":1},"title":"Reacciones del &#8220;Bal\u00f3n de Oro&#8221;","author":"Daniel Cacho","date":"13 enero, 2014","format":false,"excerpt":"Cuando Pel\u00e9 anunci\u00f3 el nombre de Cristiano Ronaldo\u00a0como ganador del premio FIFA Ballon d\u2019Or, el astro portugu\u00e9s dio un beso a su novia y subi\u00f3 al escenario del Kongresshaus, en Z\u00farich, para recibir de manos del genial brasile\u00f1o la distinci\u00f3n que lo acreditaba como mejor futbolista del planeta de 2013.\u2026","rel":"","context":"En &quot;Sin categor\u00eda&quot;","block_context":{"text":"Sin categor\u00eda","link":"https:\/\/kalot.com.mx\/site\/category\/sin-categoria\/"},"img":{"alt_text":"","src":"https:\/\/i0.wp.com\/kalot.com.mx\/site\/wp-content\/uploads\/2014\/01\/2260598_FULL-LND.jpg?fit=652%2C366&ssl=1&resize=350%2C200","width":350,"height":200,"srcset":"https:\/\/i0.wp.com\/kalot.com.mx\/site\/wp-content\/uploads\/2014\/01\/2260598_FULL-LND.jpg?fit=652%2C366&ssl=1&resize=350%2C200 1x, https:\/\/i0.wp.com\/kalot.com.mx\/site\/wp-content\/uploads\/2014\/01\/2260598_FULL-LND.jpg?fit=652%2C366&ssl=1&resize=525%2C300 1.5x"},"classes":[]},{"id":20879,"url":"https:\/\/kalot.com.mx\/site\/2015\/03\/24\/peter-parker-sera-el-spiderman-de-civil-war\/","url_meta":{"origin":18618,"position":2},"title":"PETER PARKER ser\u00e1 el SPIDERMAN de CIVIL WAR","author":"HM_MKT007","date":"24 marzo, 2015","format":false,"excerpt":"Hace un poco tiempo, nos llegaba una de las mejores noticias de los \u00faltimos a\u00f1os respecto al mundo de los s\u00faper h\u00e9roes en pantalla grande, SPIDERMAN, el hijo pr\u00f3digo, \"regresaba\" en cierta medida a MARVEL, y lo podremos ver en acci\u00f3n en la tercera entrega de CAPIT\u00c1N AM\u00c9RICA, la aclamada\u2026","rel":"","context":"Con 1 comentario","block_context":{"text":"Con 1 comentario","link":"https:\/\/kalot.com.mx\/site\/2015\/03\/24\/peter-parker-sera-el-spiderman-de-civil-war\/#comments"},"img":{"alt_text":"","src":"https:\/\/i0.wp.com\/kalot.com.mx\/site\/wp-content\/uploads\/2015\/03\/Amazing-Spider-Man-1-top.jpg?fit=630%2C420&ssl=1&resize=350%2C200","width":350,"height":200,"srcset":"https:\/\/i0.wp.com\/kalot.com.mx\/site\/wp-content\/uploads\/2015\/03\/Amazing-Spider-Man-1-top.jpg?fit=630%2C420&ssl=1&resize=350%2C200 1x, https:\/\/i0.wp.com\/kalot.com.mx\/site\/wp-content\/uploads\/2015\/03\/Amazing-Spider-Man-1-top.jpg?fit=630%2C420&ssl=1&resize=525%2C300 1.5x"},"classes":[]},{"id":16108,"url":"https:\/\/kalot.com.mx\/site\/2014\/05\/17\/cine-bizarro\/","url_meta":{"origin":18618,"position":3},"title":"Cine Bizarro","author":"Carlos Ru\u00edz Mtz","date":"17 mayo, 2014","format":false,"excerpt":"El cine es un medio de comunicaci\u00f3n que permite un sinf\u00edn de posibilidades, ofreciendo al autor de una obra el poder expresar sus ideas vali\u00e9ndose de numerosos recursos. Muchas veces existen proyectos tan fuera de lo com\u00fan, que se alejan casi completamente del fin comercial de la pel\u00edcula, permitiendo al\u2026","rel":"","context":"Entrada similar ","block_context":{"text":"Entrada similar ","link":""},"img":{"alt_text":"","src":"https:\/\/i0.wp.com\/kalot.com.mx\/site\/wp-content\/uploads\/2014\/05\/983596_10151652441069509_1022755338_n.jpg?fit=960%2C639&ssl=1&resize=350%2C200","width":350,"height":200,"srcset":"https:\/\/i0.wp.com\/kalot.com.mx\/site\/wp-content\/uploads\/2014\/05\/983596_10151652441069509_1022755338_n.jpg?fit=960%2C639&ssl=1&resize=350%2C200 1x, https:\/\/i0.wp.com\/kalot.com.mx\/site\/wp-content\/uploads\/2014\/05\/983596_10151652441069509_1022755338_n.jpg?fit=960%2C639&ssl=1&resize=525%2C300 1.5x, https:\/\/i0.wp.com\/kalot.com.mx\/site\/wp-content\/uploads\/2014\/05\/983596_10151652441069509_1022755338_n.jpg?fit=960%2C639&ssl=1&resize=700%2C400 2x"},"classes":[]},{"id":11167,"url":"https:\/\/kalot.com.mx\/site\/2014\/02\/05\/el-talento-compartido-es-mas-dulce\/","url_meta":{"origin":18618,"position":4},"title":"El talento compartido es m\u00e1s dulce","author":"Edgar Villanueva","date":"5 febrero, 2014","format":false,"excerpt":"M\u00e9xico es un pa\u00eds que cuenta con una gran cantidad de personas que tienen mucho talento por compartir; el problema, es que a su vez este talento se ve encerrado en innumerables estereotipos priv\u00e1ndole las oportunidades a aquellos que se salen de lo \u201cnormal\u201d o \u201ccotidiano\u201d. Como Mercad\u00f3logo y M\u00fasico\u2026","rel":"","context":"Entrada similar ","block_context":{"text":"Entrada similar ","link":""},"img":{"alt_text":"","src":"https:\/\/i0.wp.com\/kalot.com.mx\/site\/wp-content\/uploads\/2014\/02\/tumblr_mlbr9usMkn1qbxi45o1_1280.jpg?fit=1200%2C716&ssl=1&resize=350%2C200","width":350,"height":200,"srcset":"https:\/\/i0.wp.com\/kalot.com.mx\/site\/wp-content\/uploads\/2014\/02\/tumblr_mlbr9usMkn1qbxi45o1_1280.jpg?fit=1200%2C716&ssl=1&resize=350%2C200 1x, https:\/\/i0.wp.com\/kalot.com.mx\/site\/wp-content\/uploads\/2014\/02\/tumblr_mlbr9usMkn1qbxi45o1_1280.jpg?fit=1200%2C716&ssl=1&resize=525%2C300 1.5x, https:\/\/i0.wp.com\/kalot.com.mx\/site\/wp-content\/uploads\/2014\/02\/tumblr_mlbr9usMkn1qbxi45o1_1280.jpg?fit=1200%2C716&ssl=1&resize=700%2C400 2x, https:\/\/i0.wp.com\/kalot.com.mx\/site\/wp-content\/uploads\/2014\/02\/tumblr_mlbr9usMkn1qbxi45o1_1280.jpg?fit=1200%2C716&ssl=1&resize=1050%2C600 3x"},"classes":[]},{"id":9681,"url":"https:\/\/kalot.com.mx\/site\/2014\/01\/18\/naming-rights-santiago-bernabeu\/","url_meta":{"origin":18618,"position":5},"title":"Coca Cola quiere poner apellido al Santiago Bernab\u00e9u","author":"Karenina Gonzalez","date":"18 enero, 2014","format":false,"excerpt":"Los naming rights en el mundo del marketing deportivo, se vuelven una lucha incesante para lograr ganar la batalla. Y el que en \u00e9stos momentos se encuentra en pelea, es el del Santiago Bernab\u00e9u. Emirates tiene un nuevo rival en la cancha para ponerle apellido al Santiago Bernab\u00e9u, ahora quien\u2026","rel":"","context":"En &quot;Sin categor\u00eda&quot;","block_context":{"text":"Sin categor\u00eda","link":"https:\/\/kalot.com.mx\/site\/category\/sin-categoria\/"},"img":{"alt_text":"Naming rights: Coca-Cola quiere poner su apellido al Santiago Bernabeu","src":"https:\/\/i0.wp.com\/kalot.com.mx\/site\/wp-content\/uploads\/2014\/01\/Santiago-Bernabeu.jpg?fit=560%2C420&ssl=1&resize=350%2C200","width":350,"height":200,"srcset":"https:\/\/i0.wp.com\/kalot.com.mx\/site\/wp-content\/uploads\/2014\/01\/Santiago-Bernabeu.jpg?fit=560%2C420&ssl=1&resize=350%2C200 1x, https:\/\/i0.wp.com\/kalot.com.mx\/site\/wp-content\/uploads\/2014\/01\/Santiago-Bernabeu.jpg?fit=560%2C420&ssl=1&resize=525%2C300 1.5x"},"classes":[]}],"jetpack_sharing_enabled":true,"_links":{"self":[{"href":"https:\/\/kalot.com.mx\/site\/wp-json\/wp\/v2\/posts\/18618","targetHints":{"allow":["GET"]}}],"collection":[{"href":"https:\/\/kalot.com.mx\/site\/wp-json\/wp\/v2\/posts"}],"about":[{"href":"https:\/\/kalot.com.mx\/site\/wp-json\/wp\/v2\/types\/post"}],"author":[{"embeddable":true,"href":"https:\/\/kalot.com.mx\/site\/wp-json\/wp\/v2\/users\/75"}],"replies":[{"embeddable":true,"href":"https:\/\/kalot.com.mx\/site\/wp-json\/wp\/v2\/comments?post=18618"}],"version-history":[{"count":0,"href":"https:\/\/kalot.com.mx\/site\/wp-json\/wp\/v2\/posts\/18618\/revisions"}],"wp:featuredmedia":[{"embeddable":true,"href":"https:\/\/kalot.com.mx\/site\/wp-json\/wp\/v2\/media\/18622"}],"wp:attachment":[{"href":"https:\/\/kalot.com.mx\/site\/wp-json\/wp\/v2\/media?parent=18618"}],"wp:term":[{"taxonomy":"category","embeddable":true,"href":"https:\/\/kalot.com.mx\/site\/wp-json\/wp\/v2\/categories?post=18618"},{"taxonomy":"post_tag","embeddable":true,"href":"https:\/\/kalot.com.mx\/site\/wp-json\/wp\/v2\/tags?post=18618"}],"curies":[{"name":"wp","href":"https:\/\/api.w.org\/{rel}","templated":true}]}}