{"id":18613,"date":"2014-10-08T13:57:18","date_gmt":"2014-10-08T18:57:18","guid":{"rendered":"http:\/\/www.kalot.com.mx\/?p=18613"},"modified":"2014-10-08T13:57:18","modified_gmt":"2014-10-08T18:57:18","slug":"nocturna-de-guillermo-del-toro-llega-la-pantalla-chica","status":"publish","type":"post","link":"https:\/\/kalot.com.mx\/site\/2014\/10\/08\/nocturna-de-guillermo-del-toro-llega-la-pantalla-chica\/","title":{"rendered":"Nocturna de Guillermo del Toro llega a la pantalla chica &#8230;"},"content":{"rendered":"<p>Hola Amigos, hoy les quiero hablar sobre &#8220;Nocturna&#8221; es una novela de Guillermo del Toro y Chuck Hogan la cual va a llegar a la pantalla chica en el mes de Noviembre a trav\u00e9s del Canal FX de Fox.<\/p>\n<p>En la serie su nombre es &#8220;The Strain&#8221; y constar\u00e1 de 13 episodios, los cuales te recomiendo ampliamente, ser\u00e1 una serie refrescante en cuanto a las actuaciones y la naturaleza de los personajes.<\/p>\n<p>No te dar\u00e9 mucha informaci\u00f3n sobre la serie, pero si de la Saga la saga est\u00e1 compuesta por 3 Libros y surgi\u00f3 en 2009 inici\u00f3 con:<\/p>\n<ul>\n<li>Nocturna (The Strain)<\/li>\n<li>Oscura (The Fall)<\/li>\n<li>Eterna (The Night Eternal)<\/li>\n<\/ul>\n<p>Ahora podemos ver que la pantalla chica se inspira tambi\u00e9n en la literatura y es bueno ver que algo cobra vida en la pantalla chica.<\/p>\n<p><strong>La novela inicia con un avi\u00f3n muerto (Es decir que no hay respuesta de sus instrumentos ni de sus pasajeros, al momento que aterriz\u00f3 en el aeropuerto) y todo parece indicar que es una amenaza biol\u00f3gica que pretende atacar nuestra existencia<\/strong>.<\/p>\n<p>Te la recomiendo, ya que empieza a tomar forma r\u00e1pidamente y efectivamente as\u00ed es como deber\u00eda\u00a0ser una serie, que avance de manera r\u00e1pida y sobre todo que te deje con la emoci\u00f3n de esperar el siguiente episodio.<\/p>\n<p style=\"text-align: center\"><strong>Es din\u00e1mica, tiene acci\u00f3n, drama, y mucha emoci\u00f3n.\u00a0<\/strong><\/p>\n<p>As\u00ed que no dejes de verla por FX estaremos al pendiente de la fecha de estreno en nuestro pa\u00eds.<\/p>\n<figure id=\"attachment_18615\" aria-describedby=\"caption-attachment-18615\" style=\"width: 267px\" class=\"wp-caption aligncenter\"><a href=\"https:\/\/i0.wp.com\/www.kalot.com.mx\/wp-content\/uploads\/2014\/10\/Portada-Nocturna.jpg\"><img data-recalc-dims=\"1\" fetchpriority=\"high\" decoding=\"async\" data-attachment-id=\"18615\" data-permalink=\"https:\/\/kalot.com.mx\/site\/2014\/10\/08\/nocturna-de-guillermo-del-toro-llega-la-pantalla-chica\/portada-nocturna\/\" data-orig-file=\"https:\/\/i0.wp.com\/kalot.com.mx\/site\/wp-content\/uploads\/2014\/10\/Portada-Nocturna.jpg?fit=267%2C400&amp;ssl=1\" data-orig-size=\"267,400\" data-comments-opened=\"1\" data-image-meta=\"{&quot;aperture&quot;:&quot;0&quot;,&quot;credit&quot;:&quot;&quot;,&quot;camera&quot;:&quot;&quot;,&quot;caption&quot;:&quot;&quot;,&quot;created_timestamp&quot;:&quot;0&quot;,&quot;copyright&quot;:&quot;&quot;,&quot;focal_length&quot;:&quot;0&quot;,&quot;iso&quot;:&quot;0&quot;,&quot;shutter_speed&quot;:&quot;0&quot;,&quot;title&quot;:&quot;&quot;,&quot;orientation&quot;:&quot;0&quot;}\" data-image-title=\"Portada Nocturna\" data-image-description=\"\" data-image-caption=\"&lt;p&gt;Portada de Nocturna&lt;\/p&gt;\n\" data-large-file=\"https:\/\/i0.wp.com\/kalot.com.mx\/site\/wp-content\/uploads\/2014\/10\/Portada-Nocturna.jpg?fit=267%2C400&amp;ssl=1\" src=\"https:\/\/i0.wp.com\/www.kalot.com.mx\/wp-content\/uploads\/2014\/10\/Portada-Nocturna.jpg?resize=267%2C400\" alt=\"Portada de Nocturna\" width=\"267\" height=\"400\" class=\"size-full wp-image-18615\" srcset=\"https:\/\/i0.wp.com\/kalot.com.mx\/site\/wp-content\/uploads\/2014\/10\/Portada-Nocturna.jpg?w=267&amp;ssl=1 267w, https:\/\/i0.wp.com\/kalot.com.mx\/site\/wp-content\/uploads\/2014\/10\/Portada-Nocturna.jpg?resize=200%2C300&amp;ssl=1 200w\" sizes=\"(max-width: 267px) 100vw, 267px\" \/><\/a><figcaption id=\"caption-attachment-18615\" class=\"wp-caption-text\">Portada de Nocturna<\/figcaption><\/figure>\n<p>Fuente: www.gandhi.com.mx<\/p>\n<p>Fuente Imagen principal : Canal FX<\/p>\n","protected":false},"excerpt":{"rendered":"Hola Amigos, hoy les quiero hablar sobre &#8220;Nocturna&#8221; es una novela de Guillermo del Toro y Chuck Hogan&hellip;\n","protected":false},"author":104,"featured_media":18614,"comment_status":"open","ping_status":"open","sticky":false,"template":"","format":"standard","meta":{"jetpack_post_was_ever_published":false,"_jetpack_newsletter_access":"","_jetpack_dont_email_post_to_subs":false,"_jetpack_newsletter_tier_id":0,"_jetpack_memberships_contains_paywalled_content":false,"_jetpack_memberships_contains_paid_content":false,"footnotes":"","jetpack_publicize_message":"","jetpack_publicize_feature_enabled":true,"jetpack_social_post_already_shared":true,"jetpack_social_options":{"image_generator_settings":{"template":"highway","default_image_id":0,"font":"","enabled":false},"version":2}},"categories":[],"tags":[],"class_list":{"0":"post-18613","1":"post","2":"type-post","3":"status-publish","4":"format-standard","5":"has-post-thumbnail","7":"cs-entry","8":"cs-video-wrap"},"yoast_head":"<!-- This site is optimized with the Yoast SEO plugin v27.5 - https:\/\/yoast.com\/product\/yoast-seo-wordpress\/ -->\n<title>Nocturna de Guillermo del Toro llega a la pantalla chica ... - Kalot<\/title>\n<meta name=\"description\" content=\"Hola Amigos, hoy les quiero hablar sobre &quot;Nocturna&quot; es una novela de Guillermo del Toro y Chuck Hogan la cual va a llegar a la pantalla chica en el mes de\" \/>\n<meta name=\"robots\" content=\"index, follow, max-snippet:-1, max-image-preview:large, max-video-preview:-1\" \/>\n<link rel=\"canonical\" href=\"https:\/\/kalot.com.mx\/site\/2014\/10\/08\/nocturna-de-guillermo-del-toro-llega-la-pantalla-chica\/\" \/>\n<meta property=\"og:locale\" content=\"es_MX\" \/>\n<meta property=\"og:type\" content=\"article\" \/>\n<meta property=\"og:title\" content=\"Nocturna de Guillermo del Toro llega a la pantalla chica ... - Kalot\" \/>\n<meta property=\"og:description\" content=\"Hola Amigos, hoy les quiero hablar sobre &quot;Nocturna&quot; es una novela de Guillermo del Toro y Chuck Hogan la cual va a llegar a la pantalla chica en el mes de\" \/>\n<meta property=\"og:url\" content=\"https:\/\/kalot.com.mx\/site\/2014\/10\/08\/nocturna-de-guillermo-del-toro-llega-la-pantalla-chica\/\" \/>\n<meta property=\"og:site_name\" content=\"Kalot\" \/>\n<meta property=\"article:publisher\" content=\"http:\/\/facebook.com\/mxkalot\" \/>\n<meta property=\"article:published_time\" content=\"2014-10-08T18:57:18+00:00\" \/>\n<meta property=\"og:image\" content=\"https:\/\/i0.wp.com\/kalot.com.mx\/site\/wp-content\/uploads\/2014\/10\/The-Strain.jpg?fit=550%2C298&ssl=1\" \/>\n\t<meta property=\"og:image:width\" content=\"550\" \/>\n\t<meta property=\"og:image:height\" content=\"298\" \/>\n\t<meta property=\"og:image:type\" content=\"image\/jpeg\" \/>\n<meta name=\"author\" content=\"Adrian Aldana\" \/>\n<meta name=\"twitter:card\" content=\"summary_large_image\" \/>\n<meta name=\"twitter:creator\" content=\"@stashtoxic\" \/>\n<meta name=\"twitter:site\" content=\"@kalotmx\" \/>\n<meta name=\"twitter:label1\" content=\"Escrito por\" \/>\n\t<meta name=\"twitter:data1\" content=\"Adrian Aldana\" \/>\n\t<meta name=\"twitter:label2\" content=\"Tiempo de lectura\" \/>\n\t<meta name=\"twitter:data2\" content=\"1 minuto\" \/>\n<!-- \/ Yoast SEO plugin. -->","yoast_head_json":{"title":"Nocturna de Guillermo del Toro llega a la pantalla chica ... - Kalot","description":"Hola Amigos, hoy les quiero hablar sobre \"Nocturna\" es una novela de Guillermo del Toro y Chuck Hogan la cual va a llegar a la pantalla chica en el mes de","robots":{"index":"index","follow":"follow","max-snippet":"max-snippet:-1","max-image-preview":"max-image-preview:large","max-video-preview":"max-video-preview:-1"},"canonical":"https:\/\/kalot.com.mx\/site\/2014\/10\/08\/nocturna-de-guillermo-del-toro-llega-la-pantalla-chica\/","og_locale":"es_MX","og_type":"article","og_title":"Nocturna de Guillermo del Toro llega a la pantalla chica ... - Kalot","og_description":"Hola Amigos, hoy les quiero hablar sobre \"Nocturna\" es una novela de Guillermo del Toro y Chuck Hogan la cual va a llegar a la pantalla chica en el mes de","og_url":"https:\/\/kalot.com.mx\/site\/2014\/10\/08\/nocturna-de-guillermo-del-toro-llega-la-pantalla-chica\/","og_site_name":"Kalot","article_publisher":"http:\/\/facebook.com\/mxkalot","article_published_time":"2014-10-08T18:57:18+00:00","og_image":[{"width":550,"height":298,"url":"https:\/\/i0.wp.com\/kalot.com.mx\/site\/wp-content\/uploads\/2014\/10\/The-Strain.jpg?fit=550%2C298&ssl=1","type":"image\/jpeg"}],"author":"Adrian Aldana","twitter_card":"summary_large_image","twitter_creator":"@stashtoxic","twitter_site":"@kalotmx","twitter_misc":{"Escrito por":"Adrian Aldana","Tiempo de lectura":"1 minuto"},"schema":{"@context":"https:\/\/schema.org","@graph":[{"@type":"Article","@id":"https:\/\/kalot.com.mx\/site\/2014\/10\/08\/nocturna-de-guillermo-del-toro-llega-la-pantalla-chica\/#article","isPartOf":{"@id":"https:\/\/kalot.com.mx\/site\/2014\/10\/08\/nocturna-de-guillermo-del-toro-llega-la-pantalla-chica\/"},"author":{"name":"Adrian Aldana","@id":"https:\/\/kalot.com.mx\/site\/#\/schema\/person\/7ca8d08870f5189b7bf61f0615e56a47"},"headline":"Nocturna de Guillermo del Toro llega a la pantalla chica &#8230;","datePublished":"2014-10-08T18:57:18+00:00","mainEntityOfPage":{"@id":"https:\/\/kalot.com.mx\/site\/2014\/10\/08\/nocturna-de-guillermo-del-toro-llega-la-pantalla-chica\/"},"wordCount":279,"commentCount":0,"publisher":{"@id":"https:\/\/kalot.com.mx\/site\/#organization"},"image":{"@id":"https:\/\/kalot.com.mx\/site\/2014\/10\/08\/nocturna-de-guillermo-del-toro-llega-la-pantalla-chica\/#primaryimage"},"thumbnailUrl":"https:\/\/i0.wp.com\/kalot.com.mx\/site\/wp-content\/uploads\/2014\/10\/The-Strain.jpg?fit=550%2C298&ssl=1","inLanguage":"es","potentialAction":[{"@type":"CommentAction","name":"Comment","target":["https:\/\/kalot.com.mx\/site\/2014\/10\/08\/nocturna-de-guillermo-del-toro-llega-la-pantalla-chica\/#respond"]}]},{"@type":"WebPage","@id":"https:\/\/kalot.com.mx\/site\/2014\/10\/08\/nocturna-de-guillermo-del-toro-llega-la-pantalla-chica\/","url":"https:\/\/kalot.com.mx\/site\/2014\/10\/08\/nocturna-de-guillermo-del-toro-llega-la-pantalla-chica\/","name":"Nocturna de Guillermo del Toro llega a la pantalla chica ... - Kalot","isPartOf":{"@id":"https:\/\/kalot.com.mx\/site\/#website"},"primaryImageOfPage":{"@id":"https:\/\/kalot.com.mx\/site\/2014\/10\/08\/nocturna-de-guillermo-del-toro-llega-la-pantalla-chica\/#primaryimage"},"image":{"@id":"https:\/\/kalot.com.mx\/site\/2014\/10\/08\/nocturna-de-guillermo-del-toro-llega-la-pantalla-chica\/#primaryimage"},"thumbnailUrl":"https:\/\/i0.wp.com\/kalot.com.mx\/site\/wp-content\/uploads\/2014\/10\/The-Strain.jpg?fit=550%2C298&ssl=1","datePublished":"2014-10-08T18:57:18+00:00","description":"Hola Amigos, hoy les quiero hablar sobre \"Nocturna\" es una novela de Guillermo del Toro y Chuck Hogan la cual va a llegar a la pantalla chica en el mes de","breadcrumb":{"@id":"https:\/\/kalot.com.mx\/site\/2014\/10\/08\/nocturna-de-guillermo-del-toro-llega-la-pantalla-chica\/#breadcrumb"},"inLanguage":"es","potentialAction":[{"@type":"ReadAction","target":["https:\/\/kalot.com.mx\/site\/2014\/10\/08\/nocturna-de-guillermo-del-toro-llega-la-pantalla-chica\/"]}]},{"@type":"ImageObject","inLanguage":"es","@id":"https:\/\/kalot.com.mx\/site\/2014\/10\/08\/nocturna-de-guillermo-del-toro-llega-la-pantalla-chica\/#primaryimage","url":"https:\/\/i0.wp.com\/kalot.com.mx\/site\/wp-content\/uploads\/2014\/10\/The-Strain.jpg?fit=550%2C298&ssl=1","contentUrl":"https:\/\/i0.wp.com\/kalot.com.mx\/site\/wp-content\/uploads\/2014\/10\/The-Strain.jpg?fit=550%2C298&ssl=1","width":550,"height":298},{"@type":"BreadcrumbList","@id":"https:\/\/kalot.com.mx\/site\/2014\/10\/08\/nocturna-de-guillermo-del-toro-llega-la-pantalla-chica\/#breadcrumb","itemListElement":[{"@type":"ListItem","position":1,"name":"Home","item":"https:\/\/kalot.com.mx\/site\/"},{"@type":"ListItem","position":2,"name":"Nocturna de Guillermo del Toro llega a la pantalla chica &#8230;"}]},{"@type":"WebSite","@id":"https:\/\/kalot.com.mx\/site\/#website","url":"https:\/\/kalot.com.mx\/site\/","name":"Kalot","description":"Conoce Todo Sobre Todo","publisher":{"@id":"https:\/\/kalot.com.mx\/site\/#organization"},"potentialAction":[{"@type":"SearchAction","target":{"@type":"EntryPoint","urlTemplate":"https:\/\/kalot.com.mx\/site\/?s={search_term_string}"},"query-input":{"@type":"PropertyValueSpecification","valueRequired":true,"valueName":"search_term_string"}}],"inLanguage":"es"},{"@type":"Organization","@id":"https:\/\/kalot.com.mx\/site\/#organization","name":"Kalot","url":"https:\/\/kalot.com.mx\/site\/","logo":{"@type":"ImageObject","inLanguage":"es","@id":"https:\/\/kalot.com.mx\/site\/#\/schema\/logo\/image\/","url":"https:\/\/i0.wp.com\/kalot.com.mx\/site\/wp-content\/uploads\/2020\/04\/Kalot-logo-sin-tagline.png?fit=1707%2C1014&ssl=1","contentUrl":"https:\/\/i0.wp.com\/kalot.com.mx\/site\/wp-content\/uploads\/2020\/04\/Kalot-logo-sin-tagline.png?fit=1707%2C1014&ssl=1","width":1707,"height":1014,"caption":"Kalot"},"image":{"@id":"https:\/\/kalot.com.mx\/site\/#\/schema\/logo\/image\/"},"sameAs":["http:\/\/facebook.com\/mxkalot","https:\/\/x.com\/kalotmx","http:\/\/instagram.com\/kalotmx","http:\/\/pinterest.com\/jorgeerana\/kalot"]},{"@type":"Person","@id":"https:\/\/kalot.com.mx\/site\/#\/schema\/person\/7ca8d08870f5189b7bf61f0615e56a47","name":"Adrian Aldana","image":{"@type":"ImageObject","inLanguage":"es","@id":"https:\/\/secure.gravatar.com\/avatar\/33acd468723ea005f5cf8346a551a18ed9259d808bb761c46e0d8e1082f79c8a?s=96&d=mm&r=g","url":"https:\/\/secure.gravatar.com\/avatar\/33acd468723ea005f5cf8346a551a18ed9259d808bb761c46e0d8e1082f79c8a?s=96&d=mm&r=g","contentUrl":"https:\/\/secure.gravatar.com\/avatar\/33acd468723ea005f5cf8346a551a18ed9259d808bb761c46e0d8e1082f79c8a?s=96&d=mm&r=g","caption":"Adrian Aldana"},"description":"Me gusta la tecnolog\u00eca y aprender mucho por medio de internet, tengo 31 a\u00f1os, trabajo en M\u00e9xico DF en sector de viajes y turismo, he organizado eventos, se de wordpress, de motion, de productos apple, de imovie, me encanta buscar juegos en iOS y adem\u00e1s de todo se escuchar muy bien y recomendarte un buen caf\u00e9. Saludos.","sameAs":["https:\/\/x.com\/stashtoxic"],"url":"https:\/\/kalot.com.mx\/site\/author\/adrian\/"}]}},"jetpack_publicize_connections":[],"jetpack_featured_media_url":"https:\/\/i0.wp.com\/kalot.com.mx\/site\/wp-content\/uploads\/2014\/10\/The-Strain.jpg?fit=550%2C298&ssl=1","jetpack_shortlink":"https:\/\/wp.me\/p6IHEI-4Qd","jetpack-related-posts":[{"id":8810,"url":"https:\/\/kalot.com.mx\/site\/2013\/12\/31\/the-musketeers\/","url_meta":{"origin":18613,"position":0},"title":"Nueva serie: The Musketeers (Los Mosqueteros)","author":"Jorge Era\u00f1a","date":"31 diciembre, 2013","format":false,"excerpt":"Definitivamente el 2013 fue el a\u00f1o de las series en la pantalla chica, a parte de las magn\u00edficas producciones cinematogr\u00e1ficas que vimos en este a\u00f1o, la TV no se qued\u00f3 con las ganas de hacer unas producciones millonarias para series como Walking Dead, Breaking Bad, Dexter, Game of Thrones y\u2026","rel":"","context":"En &quot;Sin categor\u00eda&quot;","block_context":{"text":"Sin categor\u00eda","link":"https:\/\/kalot.com.mx\/site\/category\/sin-categoria\/"},"img":{"alt_text":"","src":"https:\/\/i0.wp.com\/kalot.com.mx\/site\/wp-content\/uploads\/2013\/12\/4921010-low_res-the-musketeers.jpg?fit=640%2C351&ssl=1&resize=350%2C200","width":350,"height":200,"srcset":"https:\/\/i0.wp.com\/kalot.com.mx\/site\/wp-content\/uploads\/2013\/12\/4921010-low_res-the-musketeers.jpg?fit=640%2C351&ssl=1&resize=350%2C200 1x, https:\/\/i0.wp.com\/kalot.com.mx\/site\/wp-content\/uploads\/2013\/12\/4921010-low_res-the-musketeers.jpg?fit=640%2C351&ssl=1&resize=525%2C300 1.5x"},"classes":[]},{"id":17770,"url":"https:\/\/kalot.com.mx\/site\/2014\/08\/27\/flash-y-su-nueva-serie-2do-trailer\/","url_meta":{"origin":18613,"position":1},"title":"The Flash y su nueva serie (2do trailer).","author":"Gustavo Elizarrar\u00e1s","date":"27 agosto, 2014","format":false,"excerpt":"En unas cuantas semanas tendremos el regreso de uno de nuestris super h\u00e9roes favoritos a la pantalla chica. Te presentamos el 2do trailer de Flash d\u00f3nde se puede apreciar como es que tiene el accidente hasta el traje que usar\u00e1. Barry Allen queda en coma al ser impactado por un\u2026","rel":"","context":"Entrada similar ","block_context":{"text":"Entrada similar ","link":""},"img":{"alt_text":"","src":"https:\/\/i0.wp.com\/kalot.com.mx\/site\/wp-content\/uploads\/2014\/08\/the-flash-cw-logo.jpg?fit=1200%2C671&ssl=1&resize=350%2C200","width":350,"height":200,"srcset":"https:\/\/i0.wp.com\/kalot.com.mx\/site\/wp-content\/uploads\/2014\/08\/the-flash-cw-logo.jpg?fit=1200%2C671&ssl=1&resize=350%2C200 1x, https:\/\/i0.wp.com\/kalot.com.mx\/site\/wp-content\/uploads\/2014\/08\/the-flash-cw-logo.jpg?fit=1200%2C671&ssl=1&resize=525%2C300 1.5x, https:\/\/i0.wp.com\/kalot.com.mx\/site\/wp-content\/uploads\/2014\/08\/the-flash-cw-logo.jpg?fit=1200%2C671&ssl=1&resize=700%2C400 2x, https:\/\/i0.wp.com\/kalot.com.mx\/site\/wp-content\/uploads\/2014\/08\/the-flash-cw-logo.jpg?fit=1200%2C671&ssl=1&resize=1050%2C600 3x"},"classes":[]},{"id":25963,"url":"https:\/\/kalot.com.mx\/site\/2016\/09\/02\/nuevo-avance-exorcista-legendario-soundtrack\/","url_meta":{"origin":18613,"position":2},"title":"Nuevo avance de &#8220;El Exorcista&#8221; con el legendario soundtrack.","author":"yash","date":"2 septiembre, 2016","format":false,"excerpt":"La serie producida por FX llegar\u00e1 el pr\u00f3ximo 23 de Septiembre. Estamos a unas semanas de que FX estrena su tan esperada serie basada en la pel\u00edcula de \"El Exorcista\". Ser\u00e1 el pr\u00f3ximo 23 de Septiembre cuando veamos esta nueva adaptaci\u00f3n en la pantalla chica. En este nuevo avance podemos\u2026","rel":"","context":"En &quot;Cine&quot;","block_context":{"text":"Cine","link":"https:\/\/kalot.com.mx\/site\/category\/cine\/"},"img":{"alt_text":"","src":"https:\/\/i0.wp.com\/kalot.com.mx\/site\/wp-content\/uploads\/2016\/08\/The-Exorcist-FOX-Fotos.jpg?fit=1200%2C675&ssl=1&resize=350%2C200","width":350,"height":200,"srcset":"https:\/\/i0.wp.com\/kalot.com.mx\/site\/wp-content\/uploads\/2016\/08\/The-Exorcist-FOX-Fotos.jpg?fit=1200%2C675&ssl=1&resize=350%2C200 1x, https:\/\/i0.wp.com\/kalot.com.mx\/site\/wp-content\/uploads\/2016\/08\/The-Exorcist-FOX-Fotos.jpg?fit=1200%2C675&ssl=1&resize=525%2C300 1.5x, https:\/\/i0.wp.com\/kalot.com.mx\/site\/wp-content\/uploads\/2016\/08\/The-Exorcist-FOX-Fotos.jpg?fit=1200%2C675&ssl=1&resize=700%2C400 2x, https:\/\/i0.wp.com\/kalot.com.mx\/site\/wp-content\/uploads\/2016\/08\/The-Exorcist-FOX-Fotos.jpg?fit=1200%2C675&ssl=1&resize=1050%2C600 3x"},"classes":[]},{"id":17667,"url":"https:\/\/kalot.com.mx\/site\/2014\/08\/20\/la-verdadera-alex-vause-escribira-sus-memorias\/","url_meta":{"origin":18613,"position":3},"title":"La verdadera Alex Vause escribir\u00e1 sus memorias.","author":"Ivan Mendez","date":"20 agosto, 2014","format":false,"excerpt":"La ya amadisima seria \"Orange Is The New Black\" nominada a un Emmy a mejor serie de comedia de la televisi\u00f3n - que aunque te\u00f3ricamente no es en televisi\u00f3n, ya que es de Netflix- competir\u00e1 y posiblemente gane contra la ya ganadora cuatro a\u00f1os consecutivos: Modern Family que aunque no\u2026","rel":"","context":"Entrada similar ","block_context":{"text":"Entrada similar ","link":""},"img":{"alt_text":"","src":"https:\/\/i0.wp.com\/kalot.com.mx\/site\/wp-content\/uploads\/2014\/08\/Screen-Shot-2013-07-21-at-10.33.45-AM.png?fit=1200%2C693&ssl=1&resize=350%2C200","width":350,"height":200,"srcset":"https:\/\/i0.wp.com\/kalot.com.mx\/site\/wp-content\/uploads\/2014\/08\/Screen-Shot-2013-07-21-at-10.33.45-AM.png?fit=1200%2C693&ssl=1&resize=350%2C200 1x, https:\/\/i0.wp.com\/kalot.com.mx\/site\/wp-content\/uploads\/2014\/08\/Screen-Shot-2013-07-21-at-10.33.45-AM.png?fit=1200%2C693&ssl=1&resize=525%2C300 1.5x, https:\/\/i0.wp.com\/kalot.com.mx\/site\/wp-content\/uploads\/2014\/08\/Screen-Shot-2013-07-21-at-10.33.45-AM.png?fit=1200%2C693&ssl=1&resize=700%2C400 2x, https:\/\/i0.wp.com\/kalot.com.mx\/site\/wp-content\/uploads\/2014\/08\/Screen-Shot-2013-07-21-at-10.33.45-AM.png?fit=1200%2C693&ssl=1&resize=1050%2C600 3x"},"classes":[]},{"id":5213,"url":"https:\/\/kalot.com.mx\/site\/2013\/10\/30\/te-gusta-breaking-bad-checa-las-ultimas-paginas-del-guion-de-la-serie\/","url_meta":{"origin":18613,"position":4},"title":"\u00bfTe gusta Breaking Bad? Checa las \u00faltimas p\u00e1ginas del gui\u00f3n de la serie","author":"Jorge Era\u00f1a","date":"30 octubre, 2013","format":false,"excerpt":"Si eres fan de hueso colorado de esta buen\u00edsima serie como yo, definitivamente este post te traer\u00e1 un poco de nostalgia a pesar de que la serie no tiene ni dos meses que termin\u00f3 en USA. Les hablo de la serie Breaking Bad, de la cual acaban de filtrarse estas\u2026","rel":"","context":"Con 1 comentario","block_context":{"text":"Con 1 comentario","link":"https:\/\/kalot.com.mx\/site\/2013\/10\/30\/te-gusta-breaking-bad-checa-las-ultimas-paginas-del-guion-de-la-serie\/#comments"},"img":{"alt_text":"","src":"https:\/\/i0.wp.com\/kalot.com.mx\/site\/wp-content\/uploads\/2013\/10\/Breaking-Bad-01.jpeg?fit=1000%2C706&ssl=1&resize=350%2C200","width":350,"height":200,"srcset":"https:\/\/i0.wp.com\/kalot.com.mx\/site\/wp-content\/uploads\/2013\/10\/Breaking-Bad-01.jpeg?fit=1000%2C706&ssl=1&resize=350%2C200 1x, https:\/\/i0.wp.com\/kalot.com.mx\/site\/wp-content\/uploads\/2013\/10\/Breaking-Bad-01.jpeg?fit=1000%2C706&ssl=1&resize=525%2C300 1.5x, https:\/\/i0.wp.com\/kalot.com.mx\/site\/wp-content\/uploads\/2013\/10\/Breaking-Bad-01.jpeg?fit=1000%2C706&ssl=1&resize=700%2C400 2x"},"classes":[]},{"id":18680,"url":"https:\/\/kalot.com.mx\/site\/2014\/10\/13\/iphone-6-y-6-plus-para-el-31-de-octubre-en-mexico\/","url_meta":{"origin":18613,"position":5},"title":"iPhone 6 y 6 Plus para el 31 de Octubre en M\u00e9xico","author":"Adrian Aldana","date":"13 octubre, 2014","format":false,"excerpt":"As\u00ed es, la noche del 31 de Octubre, si querr\u00e1s pedir Dulce o Trato, con alguno de los proveedores de telefon\u00eda de nuestro pa\u00eds. No lo olvides, el iPhone 6 y 6 Plus tienen mejor tama\u00f1o de pantallas y aqu\u00ed otros detalles: \u00a0 Procesador A8 Coprocesador de Movimiento M8 Arquitectura\u2026","rel":"","context":"Entrada similar ","block_context":{"text":"Entrada similar ","link":""},"img":{"alt_text":"","src":"https:\/\/i0.wp.com\/kalot.com.mx\/site\/wp-content\/uploads\/2014\/09\/iphone-6-4.png?fit=642%2C447&ssl=1&resize=350%2C200","width":350,"height":200,"srcset":"https:\/\/i0.wp.com\/kalot.com.mx\/site\/wp-content\/uploads\/2014\/09\/iphone-6-4.png?fit=642%2C447&ssl=1&resize=350%2C200 1x, https:\/\/i0.wp.com\/kalot.com.mx\/site\/wp-content\/uploads\/2014\/09\/iphone-6-4.png?fit=642%2C447&ssl=1&resize=525%2C300 1.5x"},"classes":[]}],"jetpack_sharing_enabled":true,"_links":{"self":[{"href":"https:\/\/kalot.com.mx\/site\/wp-json\/wp\/v2\/posts\/18613","targetHints":{"allow":["GET"]}}],"collection":[{"href":"https:\/\/kalot.com.mx\/site\/wp-json\/wp\/v2\/posts"}],"about":[{"href":"https:\/\/kalot.com.mx\/site\/wp-json\/wp\/v2\/types\/post"}],"author":[{"embeddable":true,"href":"https:\/\/kalot.com.mx\/site\/wp-json\/wp\/v2\/users\/104"}],"replies":[{"embeddable":true,"href":"https:\/\/kalot.com.mx\/site\/wp-json\/wp\/v2\/comments?post=18613"}],"version-history":[{"count":0,"href":"https:\/\/kalot.com.mx\/site\/wp-json\/wp\/v2\/posts\/18613\/revisions"}],"wp:featuredmedia":[{"embeddable":true,"href":"https:\/\/kalot.com.mx\/site\/wp-json\/wp\/v2\/media\/18614"}],"wp:attachment":[{"href":"https:\/\/kalot.com.mx\/site\/wp-json\/wp\/v2\/media?parent=18613"}],"wp:term":[{"taxonomy":"category","embeddable":true,"href":"https:\/\/kalot.com.mx\/site\/wp-json\/wp\/v2\/categories?post=18613"},{"taxonomy":"post_tag","embeddable":true,"href":"https:\/\/kalot.com.mx\/site\/wp-json\/wp\/v2\/tags?post=18613"}],"curies":[{"name":"wp","href":"https:\/\/api.w.org\/{rel}","templated":true}]}}