{"id":18595,"date":"2014-10-08T09:19:04","date_gmt":"2014-10-08T14:19:04","guid":{"rendered":"http:\/\/www.kalot.com.mx\/?p=18595"},"modified":"2014-10-08T09:19:04","modified_gmt":"2014-10-08T14:19:04","slug":"se-viene-cancelacion-de-fantastic-four-en-comics","status":"publish","type":"post","link":"https:\/\/kalot.com.mx\/site\/2014\/10\/08\/se-viene-cancelacion-de-fantastic-four-en-comics\/","title":{"rendered":"\u00bfSe viene cancelaci\u00f3n de FANTASTIC FOUR en C\u00f3mics?"},"content":{"rendered":"<p style=\"text-align: justify\">Triste pero cierto, aunque esto es un mero rumor a\u00fan, porque no se tiene un anuncio oficial, los especialistas en c\u00f3mics lo dan como un hecho, ya tiene varios meses esta situaci\u00f3n, todo inicio con la carrera de MARVEL por recuperar los derechos sobre este cuarteto debido al \u00e9xito de IRONMAN, THOR, CAPITAN AMERICA, y por supuesto LOS VENGADORES, y al hecho de no recuperar los derechos, ya que el reboot que se tiene en puerta por parte 20TH CENTURY FOX, fue realizado con el fin de no perderlos.<\/p>\n<p style=\"text-align: justify\">Y esto a llegado al extremo, tanto es el af\u00e1n de MARVEL COMICS de hacerse de los derechos, y tanta su frustraci\u00f3n de no conseguirlo, que todo indica que podr\u00eda cancelar de forma PERMANENTE a la serie LOS 4 FANTASTICOS de su publicaciones impresas y digitales regulares, algo extremista, pero si.<\/p>\n<p style=\"text-align: justify\">Esto es casi un hecho, muchos de los principales distribuidores de historietas, han mostrado informaci\u00f3n que pod\u00edan confirmarlo, porque se viene una mini serie llamada FANTASTIC FOUR: THE END IS FOUREVER, y marcar\u00eda el final de estos h\u00e9roes como agrupaci\u00f3n.<\/p>\n<p style=\"text-align: justify\">Esto SI suceder\u00eda seg\u00fan especialistas en c\u00f3mics, todos ellos as\u00ed como las distribuidoras apuntan a que es verdad, debido a que el actual CEO de MARVEL COMICS, don ISAAC PERLMUTTER, es algo complicado, un tanto explosivo, y en arranque de enojo por el fracaso con 20TH CENTURY FOX por las negociaciones por el cuarteto, para poder adherir al grupo a los VENGADORES, al igual que el fracaso por recuperar a los X-MEN, han dejado al buen ISAAC algo frustrado, y con la finalidad de cierta manera, &#8220;arruinar&#8221; el reboot de JOSH TRANK, y evitar que su \u00e9xito o lanzamiento se vea impactado en mayores venta de los c\u00f3mics, a preferido destruir el grupo, por lo menos en los c\u00f3mics.<\/p>\n<p style=\"text-align: justify\">Desde hace tiempo, las distribuidoras de c\u00f3mics, principalmente las norteamericanas, han mencionado que no tienen publicidad de ning\u00fan tipo de THE FANTASTIC FOUR, y as\u00ed mismo, DIAMOND SELECT TOYS, ya no tiene licencia para hacer figuras de colecci\u00f3n de estos 4 h\u00e9roes, as\u00ed es que que m\u00e1s podemos deducir, los amantes del CINEMATIC UNIVERSE, tendr\u00e1n a sus cuatro fantasticos en escena, y los amantes de c\u00f3mics, pierden su historia, y se tendr\u00edan que conformar con la versi\u00f3n de cine, que no creo que los deje conformes y seguramente no ir\u00e1n a las salas de cine.<\/p>\n<p style=\"text-align: justify\">Aunque nada es definitivo en MARVEL, THE END IS FOUREVER, comenzar\u00e1 en diciembre, terminar\u00e1 en abril del 2015, todo indica que en la futura COMIC-CON 2015, estar\u00edamos viendo el anuncio del cierre definitivo de THE FANTASTIC FOUR, pero no es que mueran o algo as\u00ed, sino que se separan para unirse como personajes a otras sagas, o como individuales, SUSAN STORM, estar\u00eda en S.H.I.E.L.D., o de LA ANTORCHA que ir\u00eda como individual, igual, si FOX tiene las bajas ventas para este reboot, podr\u00eda ceder los derechos, y MARVEL, a la mala, recuperarlos, para seguramente, postularlos como nuevos integrantes de los VENGADORES, cosa que no suena mal.<\/p>\n<p style=\"text-align: justify\">Por otro lado, tambi\u00e9n se empieza a ver un cierto desagrado hacia los X-MEN, si recordamos, la historia de la MUERTE DE WOLVERINE, esta en puerta, y al parecer WOLVI no resucitar\u00e1 despu\u00e9s de todo, \u00bfSer\u00e1 acaso que X-MEN, WOLVERINE y DEADPOOL tienen los d\u00edas contados en sus versiones impresas? Aunque es realmente complicado, por el \u00e9xito de los hijos del \u00e1tomo, en especial por su \u00e9xito con D\u00cdAS DEL FUTURO PASADO, y la pr\u00f3xima APOCALIPSIS, pero es raro que no vimos ni juguetes en los s\u00fapermercados, cosa realmente rara, ni si quiera figuras coleccionables de la pel\u00edcula, y esto podr\u00eda ser se\u00f1a de que despu\u00e9s de la pel\u00edcula que culmina la saga FIRST CLASS estar\u00edamos en la finalizaci\u00f3n de la saga mutante si es que 20TH CENTURY FOX no cede sus derechos, cosa complicada, porque se rumorea, X-FORCE como futuro de la saga.<\/p>\n<p style=\"text-align: justify\">\u00bfSpider-Man correr\u00eda la misma suerte?<\/p>\n","protected":false},"excerpt":{"rendered":"Triste pero cierto, aunque esto es un mero rumor a\u00fan, porque no se tiene un anuncio oficial, los&hellip;\n","protected":false},"author":11,"featured_media":18596,"comment_status":"open","ping_status":"open","sticky":false,"template":"","format":"standard","meta":{"jetpack_post_was_ever_published":false,"_jetpack_newsletter_access":"","_jetpack_dont_email_post_to_subs":false,"_jetpack_newsletter_tier_id":0,"_jetpack_memberships_contains_paywalled_content":false,"_jetpack_memberships_contains_paid_content":false,"footnotes":"","jetpack_publicize_message":"","jetpack_publicize_feature_enabled":true,"jetpack_social_post_already_shared":true,"jetpack_social_options":{"image_generator_settings":{"template":"highway","default_image_id":0,"font":"","enabled":false},"version":2}},"categories":[],"tags":[],"class_list":{"0":"post-18595","1":"post","2":"type-post","3":"status-publish","4":"format-standard","5":"has-post-thumbnail","7":"cs-entry","8":"cs-video-wrap"},"yoast_head":"<!-- This site is optimized with the Yoast SEO plugin v27.5 - https:\/\/yoast.com\/product\/yoast-seo-wordpress\/ -->\n<title>\u00bfSe viene cancelaci\u00f3n de FANTASTIC FOUR en C\u00f3mics? - Kalot<\/title>\n<meta name=\"description\" content=\"Triste pero cierto, aunque esto es un mero rumor a\u00fan, porque no se tiene un anuncio oficial, los especialistas en c\u00f3mics lo dan como un hecho, ya tiene\" \/>\n<meta name=\"robots\" content=\"index, follow, max-snippet:-1, max-image-preview:large, max-video-preview:-1\" \/>\n<link rel=\"canonical\" href=\"https:\/\/kalot.com.mx\/site\/2014\/10\/08\/se-viene-cancelacion-de-fantastic-four-en-comics\/\" \/>\n<meta property=\"og:locale\" content=\"es_MX\" \/>\n<meta property=\"og:type\" content=\"article\" \/>\n<meta property=\"og:title\" content=\"\u00bfSe viene cancelaci\u00f3n de FANTASTIC FOUR en C\u00f3mics? - Kalot\" \/>\n<meta property=\"og:description\" content=\"Triste pero cierto, aunque esto es un mero rumor a\u00fan, porque no se tiene un anuncio oficial, los especialistas en c\u00f3mics lo dan como un hecho, ya tiene\" \/>\n<meta property=\"og:url\" content=\"https:\/\/kalot.com.mx\/site\/2014\/10\/08\/se-viene-cancelacion-de-fantastic-four-en-comics\/\" \/>\n<meta property=\"og:site_name\" content=\"Kalot\" \/>\n<meta property=\"article:publisher\" content=\"http:\/\/facebook.com\/mxkalot\" \/>\n<meta property=\"article:published_time\" content=\"2014-10-08T14:19:04+00:00\" \/>\n<meta property=\"og:image\" content=\"https:\/\/i2.wp.com\/kalot.com.mx\/site\/wp-content\/uploads\/2014\/10\/39413-fantastic-four-554-1024-x-768-fantastic-four-wallpapers-comic_1920x1080.jpg?fit=1920%2C1440&ssl=1\" \/>\n\t<meta property=\"og:image:width\" content=\"1920\" \/>\n\t<meta property=\"og:image:height\" content=\"1440\" \/>\n\t<meta property=\"og:image:type\" content=\"image\/jpeg\" \/>\n<meta name=\"author\" content=\"HM_MKT007\" \/>\n<meta name=\"twitter:card\" content=\"summary_large_image\" \/>\n<meta name=\"twitter:creator\" content=\"@HM_MKT007\" \/>\n<meta name=\"twitter:site\" content=\"@kalotmx\" \/>\n<meta name=\"twitter:label1\" content=\"Escrito por\" \/>\n\t<meta name=\"twitter:data1\" content=\"HM_MKT007\" \/>\n\t<meta name=\"twitter:label2\" content=\"Tiempo de lectura\" \/>\n\t<meta name=\"twitter:data2\" content=\"3 minutos\" \/>\n<!-- \/ Yoast SEO plugin. -->","yoast_head_json":{"title":"\u00bfSe viene cancelaci\u00f3n de FANTASTIC FOUR en C\u00f3mics? - Kalot","description":"Triste pero cierto, aunque esto es un mero rumor a\u00fan, porque no se tiene un anuncio oficial, los especialistas en c\u00f3mics lo dan como un hecho, ya tiene","robots":{"index":"index","follow":"follow","max-snippet":"max-snippet:-1","max-image-preview":"max-image-preview:large","max-video-preview":"max-video-preview:-1"},"canonical":"https:\/\/kalot.com.mx\/site\/2014\/10\/08\/se-viene-cancelacion-de-fantastic-four-en-comics\/","og_locale":"es_MX","og_type":"article","og_title":"\u00bfSe viene cancelaci\u00f3n de FANTASTIC FOUR en C\u00f3mics? - Kalot","og_description":"Triste pero cierto, aunque esto es un mero rumor a\u00fan, porque no se tiene un anuncio oficial, los especialistas en c\u00f3mics lo dan como un hecho, ya tiene","og_url":"https:\/\/kalot.com.mx\/site\/2014\/10\/08\/se-viene-cancelacion-de-fantastic-four-en-comics\/","og_site_name":"Kalot","article_publisher":"http:\/\/facebook.com\/mxkalot","article_published_time":"2014-10-08T14:19:04+00:00","og_image":[{"width":1920,"height":1440,"url":"https:\/\/i2.wp.com\/kalot.com.mx\/site\/wp-content\/uploads\/2014\/10\/39413-fantastic-four-554-1024-x-768-fantastic-four-wallpapers-comic_1920x1080.jpg?fit=1920%2C1440&ssl=1","type":"image\/jpeg"}],"author":"HM_MKT007","twitter_card":"summary_large_image","twitter_creator":"@HM_MKT007","twitter_site":"@kalotmx","twitter_misc":{"Escrito por":"HM_MKT007","Tiempo de lectura":"3 minutos"},"schema":{"@context":"https:\/\/schema.org","@graph":[{"@type":"Article","@id":"https:\/\/kalot.com.mx\/site\/2014\/10\/08\/se-viene-cancelacion-de-fantastic-four-en-comics\/#article","isPartOf":{"@id":"https:\/\/kalot.com.mx\/site\/2014\/10\/08\/se-viene-cancelacion-de-fantastic-four-en-comics\/"},"author":{"name":"HM_MKT007","@id":"https:\/\/kalot.com.mx\/site\/#\/schema\/person\/60f6fe29bfd83707f2738bccc81156ec"},"headline":"\u00bfSe viene cancelaci\u00f3n de FANTASTIC FOUR en C\u00f3mics?","datePublished":"2014-10-08T14:19:04+00:00","mainEntityOfPage":{"@id":"https:\/\/kalot.com.mx\/site\/2014\/10\/08\/se-viene-cancelacion-de-fantastic-four-en-comics\/"},"wordCount":704,"commentCount":1,"publisher":{"@id":"https:\/\/kalot.com.mx\/site\/#organization"},"image":{"@id":"https:\/\/kalot.com.mx\/site\/2014\/10\/08\/se-viene-cancelacion-de-fantastic-four-en-comics\/#primaryimage"},"thumbnailUrl":"https:\/\/i0.wp.com\/kalot.com.mx\/site\/wp-content\/uploads\/2014\/10\/39413-fantastic-four-554-1024-x-768-fantastic-four-wallpapers-comic_1920x1080.jpg?fit=1920%2C1440&ssl=1","inLanguage":"es","potentialAction":[{"@type":"CommentAction","name":"Comment","target":["https:\/\/kalot.com.mx\/site\/2014\/10\/08\/se-viene-cancelacion-de-fantastic-four-en-comics\/#respond"]}]},{"@type":"WebPage","@id":"https:\/\/kalot.com.mx\/site\/2014\/10\/08\/se-viene-cancelacion-de-fantastic-four-en-comics\/","url":"https:\/\/kalot.com.mx\/site\/2014\/10\/08\/se-viene-cancelacion-de-fantastic-four-en-comics\/","name":"\u00bfSe viene cancelaci\u00f3n de FANTASTIC FOUR en C\u00f3mics? - Kalot","isPartOf":{"@id":"https:\/\/kalot.com.mx\/site\/#website"},"primaryImageOfPage":{"@id":"https:\/\/kalot.com.mx\/site\/2014\/10\/08\/se-viene-cancelacion-de-fantastic-four-en-comics\/#primaryimage"},"image":{"@id":"https:\/\/kalot.com.mx\/site\/2014\/10\/08\/se-viene-cancelacion-de-fantastic-four-en-comics\/#primaryimage"},"thumbnailUrl":"https:\/\/i0.wp.com\/kalot.com.mx\/site\/wp-content\/uploads\/2014\/10\/39413-fantastic-four-554-1024-x-768-fantastic-four-wallpapers-comic_1920x1080.jpg?fit=1920%2C1440&ssl=1","datePublished":"2014-10-08T14:19:04+00:00","description":"Triste pero cierto, aunque esto es un mero rumor a\u00fan, porque no se tiene un anuncio oficial, los especialistas en c\u00f3mics lo dan como un hecho, ya tiene","breadcrumb":{"@id":"https:\/\/kalot.com.mx\/site\/2014\/10\/08\/se-viene-cancelacion-de-fantastic-four-en-comics\/#breadcrumb"},"inLanguage":"es","potentialAction":[{"@type":"ReadAction","target":["https:\/\/kalot.com.mx\/site\/2014\/10\/08\/se-viene-cancelacion-de-fantastic-four-en-comics\/"]}]},{"@type":"ImageObject","inLanguage":"es","@id":"https:\/\/kalot.com.mx\/site\/2014\/10\/08\/se-viene-cancelacion-de-fantastic-four-en-comics\/#primaryimage","url":"https:\/\/i0.wp.com\/kalot.com.mx\/site\/wp-content\/uploads\/2014\/10\/39413-fantastic-four-554-1024-x-768-fantastic-four-wallpapers-comic_1920x1080.jpg?fit=1920%2C1440&ssl=1","contentUrl":"https:\/\/i0.wp.com\/kalot.com.mx\/site\/wp-content\/uploads\/2014\/10\/39413-fantastic-four-554-1024-x-768-fantastic-four-wallpapers-comic_1920x1080.jpg?fit=1920%2C1440&ssl=1","width":1920,"height":1440},{"@type":"BreadcrumbList","@id":"https:\/\/kalot.com.mx\/site\/2014\/10\/08\/se-viene-cancelacion-de-fantastic-four-en-comics\/#breadcrumb","itemListElement":[{"@type":"ListItem","position":1,"name":"Home","item":"https:\/\/kalot.com.mx\/site\/"},{"@type":"ListItem","position":2,"name":"\u00bfSe viene cancelaci\u00f3n de FANTASTIC FOUR en C\u00f3mics?"}]},{"@type":"WebSite","@id":"https:\/\/kalot.com.mx\/site\/#website","url":"https:\/\/kalot.com.mx\/site\/","name":"Kalot","description":"Conoce Todo Sobre Todo","publisher":{"@id":"https:\/\/kalot.com.mx\/site\/#organization"},"potentialAction":[{"@type":"SearchAction","target":{"@type":"EntryPoint","urlTemplate":"https:\/\/kalot.com.mx\/site\/?s={search_term_string}"},"query-input":{"@type":"PropertyValueSpecification","valueRequired":true,"valueName":"search_term_string"}}],"inLanguage":"es"},{"@type":"Organization","@id":"https:\/\/kalot.com.mx\/site\/#organization","name":"Kalot","url":"https:\/\/kalot.com.mx\/site\/","logo":{"@type":"ImageObject","inLanguage":"es","@id":"https:\/\/kalot.com.mx\/site\/#\/schema\/logo\/image\/","url":"https:\/\/i0.wp.com\/kalot.com.mx\/site\/wp-content\/uploads\/2020\/04\/Kalot-logo-sin-tagline.png?fit=1707%2C1014&ssl=1","contentUrl":"https:\/\/i0.wp.com\/kalot.com.mx\/site\/wp-content\/uploads\/2020\/04\/Kalot-logo-sin-tagline.png?fit=1707%2C1014&ssl=1","width":1707,"height":1014,"caption":"Kalot"},"image":{"@id":"https:\/\/kalot.com.mx\/site\/#\/schema\/logo\/image\/"},"sameAs":["http:\/\/facebook.com\/mxkalot","https:\/\/x.com\/kalotmx","http:\/\/instagram.com\/kalotmx","http:\/\/pinterest.com\/jorgeerana\/kalot"]},{"@type":"Person","@id":"https:\/\/kalot.com.mx\/site\/#\/schema\/person\/60f6fe29bfd83707f2738bccc81156ec","name":"HM_MKT007","image":{"@type":"ImageObject","inLanguage":"es","@id":"https:\/\/secure.gravatar.com\/avatar\/8d5ec09079a21301186c9f7e8b973012363772e45326c576666fe5c082ebd717?s=96&d=mm&r=g","url":"https:\/\/secure.gravatar.com\/avatar\/8d5ec09079a21301186c9f7e8b973012363772e45326c576666fe5c082ebd717?s=96&d=mm&r=g","contentUrl":"https:\/\/secure.gravatar.com\/avatar\/8d5ec09079a21301186c9f7e8b973012363772e45326c576666fe5c082ebd717?s=96&d=mm&r=g","caption":"HM_MKT007"},"sameAs":["https:\/\/x.com\/@HM_MKT007"],"url":"https:\/\/kalot.com.mx\/site\/author\/hectorhdz\/"}]}},"jetpack_publicize_connections":[],"jetpack_featured_media_url":"https:\/\/i0.wp.com\/kalot.com.mx\/site\/wp-content\/uploads\/2014\/10\/39413-fantastic-four-554-1024-x-768-fantastic-four-wallpapers-comic_1920x1080.jpg?fit=1920%2C1440&ssl=1","jetpack_shortlink":"https:\/\/wp.me\/p6IHEI-4PV","jetpack-related-posts":[{"id":24850,"url":"https:\/\/kalot.com.mx\/site\/2016\/01\/29\/wolverine-murio-pero-es-remplazado-por\/","url_meta":{"origin":18595,"position":0},"title":"WOLVERINE esta muerto, pero ser\u00e1 remplazado por&#8230;","author":"HM_MKT007","date":"29 enero, 2016","format":false,"excerpt":"Hace un tiempo, inicio una serie llamada DEATH OF WOLVERINE, y s\u00ed, c\u00f3mo se imaginar\u00e1n, se trato de la muerte del gran LOGAN, o m\u00e1s conocido por todos c\u00f3mo WOLVERINE, y aunque sigue muerto, ya tiene un sustituto, algo que no se esperaba, bastante sorpresiva la decisi\u00f3n de MARVEL C\u00d3MICS.\u2026","rel":"","context":"En &quot;Novedades&quot;","block_context":{"text":"Novedades","link":"https:\/\/kalot.com.mx\/site\/category\/novedades\/"},"img":{"alt_text":"","src":"https:\/\/i0.wp.com\/kalot.com.mx\/site\/wp-content\/uploads\/2016\/01\/Portada-caricatura.jpg?fit=980%2C417&ssl=1&resize=350%2C200","width":350,"height":200,"srcset":"https:\/\/i0.wp.com\/kalot.com.mx\/site\/wp-content\/uploads\/2016\/01\/Portada-caricatura.jpg?fit=980%2C417&ssl=1&resize=350%2C200 1x, https:\/\/i0.wp.com\/kalot.com.mx\/site\/wp-content\/uploads\/2016\/01\/Portada-caricatura.jpg?fit=980%2C417&ssl=1&resize=525%2C300 1.5x, https:\/\/i0.wp.com\/kalot.com.mx\/site\/wp-content\/uploads\/2016\/01\/Portada-caricatura.jpg?fit=980%2C417&ssl=1&resize=700%2C400 2x"},"classes":[]},{"id":18684,"url":"https:\/\/kalot.com.mx\/site\/2014\/10\/14\/se-nos-viene-civil-war-en-fase-3-de-marvel\/","url_meta":{"origin":18595,"position":1},"title":"\u00bfSe nos viene CIVIL WAR en fase 3 de MARVEL?","author":"HM_MKT007","date":"14 octubre, 2014","format":false,"excerpt":"Bueno, hoy es martes, y todo el mundo de MARVEL, a girado desde hace unos d\u00edas en torno a un personaje y a su interprete, al buen TONY STARK, es decir IRONMAN, y el centro de todo son las declaraciones recientes de ROBERT DOWNEY JR. y esto ha sido de\u2026","rel":"","context":"Entrada similar ","block_context":{"text":"Entrada similar ","link":""},"img":{"alt_text":"","src":"https:\/\/i0.wp.com\/kalot.com.mx\/site\/wp-content\/uploads\/2014\/10\/h20WKJ2.jpg?fit=1200%2C675&ssl=1&resize=350%2C200","width":350,"height":200,"srcset":"https:\/\/i0.wp.com\/kalot.com.mx\/site\/wp-content\/uploads\/2014\/10\/h20WKJ2.jpg?fit=1200%2C675&ssl=1&resize=350%2C200 1x, https:\/\/i0.wp.com\/kalot.com.mx\/site\/wp-content\/uploads\/2014\/10\/h20WKJ2.jpg?fit=1200%2C675&ssl=1&resize=525%2C300 1.5x, https:\/\/i0.wp.com\/kalot.com.mx\/site\/wp-content\/uploads\/2014\/10\/h20WKJ2.jpg?fit=1200%2C675&ssl=1&resize=700%2C400 2x, https:\/\/i0.wp.com\/kalot.com.mx\/site\/wp-content\/uploads\/2014\/10\/h20WKJ2.jpg?fit=1200%2C675&ssl=1&resize=1050%2C600 3x"},"classes":[]},{"id":24324,"url":"https:\/\/kalot.com.mx\/site\/2015\/11\/26\/que-necesito-entender-para-disfrutar-capitan-america-civil-war\/","url_meta":{"origin":18595,"position":2},"title":"\u00bfQu\u00e9 necesito entender para disfrutar CAPIT\u00c1N AM\u00c9RICA CIVIL WAR?","author":"HM_MKT007","date":"26 noviembre, 2015","format":false,"excerpt":"Bueno, hace un par de d\u00edas, logramos disfrutar del primer adelanto de la que quiz\u00e1 es la \u00fanica pel\u00edcula que pueda competir en audiencia, popularidad, calidad e historia con la gran carta al momento de DC COMICS, BATMAN V SUPERMAN, estamos hablando de la tercera parte del guerrero americano, del\u2026","rel":"","context":"En &quot;Cine&quot;","block_context":{"text":"Cine","link":"https:\/\/kalot.com.mx\/site\/category\/cine\/"},"img":{"alt_text":"","src":"https:\/\/i0.wp.com\/kalot.com.mx\/site\/wp-content\/uploads\/2015\/11\/is-marvel-s-civil-war-set-to-spread-to-daredevil-season-2-510876.jpg?fit=606%2C326&ssl=1&resize=350%2C200","width":350,"height":200,"srcset":"https:\/\/i0.wp.com\/kalot.com.mx\/site\/wp-content\/uploads\/2015\/11\/is-marvel-s-civil-war-set-to-spread-to-daredevil-season-2-510876.jpg?fit=606%2C326&ssl=1&resize=350%2C200 1x, https:\/\/i0.wp.com\/kalot.com.mx\/site\/wp-content\/uploads\/2015\/11\/is-marvel-s-civil-war-set-to-spread-to-daredevil-season-2-510876.jpg?fit=606%2C326&ssl=1&resize=525%2C300 1.5x"},"classes":[]},{"id":21381,"url":"https:\/\/kalot.com.mx\/site\/2015\/05\/04\/que-tal-esta-the-avengers-age-of-ultron\/","url_meta":{"origin":18595,"position":3},"title":"\u00bfQu\u00e9 tal est\u00e1 THE AVENGERS AGE OF ULTRON?","author":"HM_MKT007","date":"4 mayo, 2015","format":false,"excerpt":"Una de las pel\u00edculas m\u00e1s esperadas del a\u00f1o esta ya en los cines y su \u00e9xito no se ha hecho esperar, la culminaci\u00f3n de la fase dos, esta siendo aclamada por muchos, pero a la vez criticada por otros, y tienen sus razones, falta ver sus n\u00fameros pero todo apunta\u2026","rel":"","context":"Con 1 comentario","block_context":{"text":"Con 1 comentario","link":"https:\/\/kalot.com.mx\/site\/2015\/05\/04\/que-tal-esta-the-avengers-age-of-ultron\/#comments"},"img":{"alt_text":"","src":"https:\/\/i0.wp.com\/kalot.com.mx\/site\/wp-content\/uploads\/2015\/05\/avengers-scaled.jpg?fit=1200%2C750&ssl=1&resize=350%2C200","width":350,"height":200,"srcset":"https:\/\/i0.wp.com\/kalot.com.mx\/site\/wp-content\/uploads\/2015\/05\/avengers-scaled.jpg?fit=1200%2C750&ssl=1&resize=350%2C200 1x, https:\/\/i0.wp.com\/kalot.com.mx\/site\/wp-content\/uploads\/2015\/05\/avengers-scaled.jpg?fit=1200%2C750&ssl=1&resize=525%2C300 1.5x, https:\/\/i0.wp.com\/kalot.com.mx\/site\/wp-content\/uploads\/2015\/05\/avengers-scaled.jpg?fit=1200%2C750&ssl=1&resize=700%2C400 2x, https:\/\/i0.wp.com\/kalot.com.mx\/site\/wp-content\/uploads\/2015\/05\/avengers-scaled.jpg?fit=1200%2C750&ssl=1&resize=1050%2C600 3x"},"classes":[]},{"id":19176,"url":"https:\/\/kalot.com.mx\/site\/2014\/11\/11\/el-temible-dr-doom-tiene-nuevo-nombre\/","url_meta":{"origin":18595,"position":4},"title":"El temible DR DOOM tiene NUEVO NOMBRE!!!","author":"HM_MKT007","date":"11 noviembre, 2014","format":false,"excerpt":"Bueno, vamos a sentarnos, a respirar un poco, y a escuchar primero antes de destrozar a FOX por las ideas que esta siguiendo para el reinicio de FANTASTIC FOUR, creo yo, que al final de la pel\u00edcula, terminar\u00e1n cancelando, y cediendo a MARVEL los derechos, realmente por donde va encaminado\u2026","rel":"","context":"Con 1 comentario","block_context":{"text":"Con 1 comentario","link":"https:\/\/kalot.com.mx\/site\/2014\/11\/11\/el-temible-dr-doom-tiene-nuevo-nombre\/#comments"},"img":{"alt_text":"","src":"https:\/\/i0.wp.com\/kalot.com.mx\/site\/wp-content\/uploads\/2014\/11\/doctor-doom-fantastic-four-_133027-fli_1366716775.jpg?fit=650%2C365&ssl=1&resize=350%2C200","width":350,"height":200,"srcset":"https:\/\/i0.wp.com\/kalot.com.mx\/site\/wp-content\/uploads\/2014\/11\/doctor-doom-fantastic-four-_133027-fli_1366716775.jpg?fit=650%2C365&ssl=1&resize=350%2C200 1x, https:\/\/i0.wp.com\/kalot.com.mx\/site\/wp-content\/uploads\/2014\/11\/doctor-doom-fantastic-four-_133027-fli_1366716775.jpg?fit=650%2C365&ssl=1&resize=525%2C300 1.5x"},"classes":[]},{"id":15968,"url":"https:\/\/kalot.com.mx\/site\/2014\/05\/11\/empresas-con-derechos-tan-fuertes-como-superheroes-2\/","url_meta":{"origin":18595,"position":5},"title":"Empresas con derechos tan fuertes como superh\u00e9roes","author":"Edgar Villanueva","date":"11 mayo, 2014","format":false,"excerpt":"La semana pasada tuve la oportunidad de ir a ver la pel\u00edcula del Sorprendente Hombre Ara\u00f1a 2 y hubo un aspecto que me llam\u00f3 bastante la atenci\u00f3n. En d\u00edas anteriores publiqu\u00e9 un post sobre la evoluci\u00f3n de MARVEL y como ha logrado crear su primera pel\u00edcula (Thor: El mundo oscuro)\u2026","rel":"","context":"En &quot;Sin categor\u00eda&quot;","block_context":{"text":"Sin categor\u00eda","link":"https:\/\/kalot.com.mx\/site\/category\/sin-categoria\/"},"img":{"alt_text":"","src":"https:\/\/i0.wp.com\/kalot.com.mx\/site\/wp-content\/uploads\/2014\/05\/unnamed.jpg?fit=1200%2C750&ssl=1&resize=350%2C200","width":350,"height":200,"srcset":"https:\/\/i0.wp.com\/kalot.com.mx\/site\/wp-content\/uploads\/2014\/05\/unnamed.jpg?fit=1200%2C750&ssl=1&resize=350%2C200 1x, https:\/\/i0.wp.com\/kalot.com.mx\/site\/wp-content\/uploads\/2014\/05\/unnamed.jpg?fit=1200%2C750&ssl=1&resize=525%2C300 1.5x, https:\/\/i0.wp.com\/kalot.com.mx\/site\/wp-content\/uploads\/2014\/05\/unnamed.jpg?fit=1200%2C750&ssl=1&resize=700%2C400 2x, https:\/\/i0.wp.com\/kalot.com.mx\/site\/wp-content\/uploads\/2014\/05\/unnamed.jpg?fit=1200%2C750&ssl=1&resize=1050%2C600 3x"},"classes":[]}],"jetpack_sharing_enabled":true,"_links":{"self":[{"href":"https:\/\/kalot.com.mx\/site\/wp-json\/wp\/v2\/posts\/18595","targetHints":{"allow":["GET"]}}],"collection":[{"href":"https:\/\/kalot.com.mx\/site\/wp-json\/wp\/v2\/posts"}],"about":[{"href":"https:\/\/kalot.com.mx\/site\/wp-json\/wp\/v2\/types\/post"}],"author":[{"embeddable":true,"href":"https:\/\/kalot.com.mx\/site\/wp-json\/wp\/v2\/users\/11"}],"replies":[{"embeddable":true,"href":"https:\/\/kalot.com.mx\/site\/wp-json\/wp\/v2\/comments?post=18595"}],"version-history":[{"count":0,"href":"https:\/\/kalot.com.mx\/site\/wp-json\/wp\/v2\/posts\/18595\/revisions"}],"wp:featuredmedia":[{"embeddable":true,"href":"https:\/\/kalot.com.mx\/site\/wp-json\/wp\/v2\/media\/18596"}],"wp:attachment":[{"href":"https:\/\/kalot.com.mx\/site\/wp-json\/wp\/v2\/media?parent=18595"}],"wp:term":[{"taxonomy":"category","embeddable":true,"href":"https:\/\/kalot.com.mx\/site\/wp-json\/wp\/v2\/categories?post=18595"},{"taxonomy":"post_tag","embeddable":true,"href":"https:\/\/kalot.com.mx\/site\/wp-json\/wp\/v2\/tags?post=18595"}],"curies":[{"name":"wp","href":"https:\/\/api.w.org\/{rel}","templated":true}]}}