{"id":1836,"date":"2013-09-17T14:11:55","date_gmt":"2013-09-17T19:11:55","guid":{"rendered":"http:\/\/www.kalot.com.mx\/?p=1836"},"modified":"2013-09-17T14:23:42","modified_gmt":"2013-09-17T19:23:42","slug":"walking-dead-tendra-spinoff","status":"publish","type":"post","link":"https:\/\/kalot.com.mx\/site\/2013\/09\/17\/walking-dead-tendra-spinoff\/","title":{"rendered":"The Walking Dead tendr\u00e1 spinoff"},"content":{"rendered":"<p style=\"text-align: center\"><img data-recalc-dims=\"1\" fetchpriority=\"high\" decoding=\"async\" data-attachment-id=\"1853\" data-permalink=\"https:\/\/kalot.com.mx\/site\/2013\/09\/17\/walking-dead-tendra-spinoff\/walking-dead\/\" data-orig-file=\"https:\/\/i0.wp.com\/kalot.com.mx\/site\/wp-content\/uploads\/2013\/09\/walking-dead.jpg?fit=2532%2C1800&amp;ssl=1\" data-orig-size=\"2532,1800\" data-comments-opened=\"1\" data-image-meta=\"{&quot;aperture&quot;:&quot;0&quot;,&quot;credit&quot;:&quot;&quot;,&quot;camera&quot;:&quot;&quot;,&quot;caption&quot;:&quot;&quot;,&quot;created_timestamp&quot;:&quot;0&quot;,&quot;copyright&quot;:&quot;&quot;,&quot;focal_length&quot;:&quot;0&quot;,&quot;iso&quot;:&quot;0&quot;,&quot;shutter_speed&quot;:&quot;0&quot;,&quot;title&quot;:&quot;&quot;}\" data-image-title=\"walking-dead\" data-image-description=\"\" data-image-caption=\"\" data-large-file=\"https:\/\/i0.wp.com\/kalot.com.mx\/site\/wp-content\/uploads\/2013\/09\/walking-dead.jpg?fit=1024%2C727&amp;ssl=1\" class=\"aligncenter  wp-image-1853\" alt=\"walking-dead\" src=\"https:\/\/i0.wp.com\/www.kalot.com.mx\/wp-content\/uploads\/2013\/09\/walking-dead.jpg?resize=600%2C400\" width=\"600\" height=\"400\" srcset=\"https:\/\/i0.wp.com\/kalot.com.mx\/site\/wp-content\/uploads\/2013\/09\/walking-dead.jpg?resize=192%2C128&amp;ssl=1 192w, https:\/\/i0.wp.com\/kalot.com.mx\/site\/wp-content\/uploads\/2013\/09\/walking-dead.jpg?zoom=2&amp;resize=600%2C400&amp;ssl=1 1200w, https:\/\/i0.wp.com\/kalot.com.mx\/site\/wp-content\/uploads\/2013\/09\/walking-dead.jpg?zoom=3&amp;resize=600%2C400&amp;ssl=1 1800w\" sizes=\"(max-width: 600px) 100vw, 600px\" \/><\/p>\n<p style=\"text-align: justify\">Al parecer de un tiempo para ac\u00e1, en las series (<a title=\"Breaking Bad con Better Call Saul!\" href=\"http:\/\/www.kalot.com.mx\/2013\/09\/11\/better-call-saul-nueva-serie\/\">Breaking Bad con Better Call Saul!<\/a>) o pel\u00edculas (<strong>The Avengers <\/strong>con<strong> Marvel: Agents Of S.H.I.E.L.D.<\/strong>) se ha vuelto una tendencia el realizar shows a partir de materiales originales mostrados ya en pantalla (<strong>\u201ccompanion series\u201d o \u201cspinoff\u201d<\/strong>).\u00a0Pues recientemente <strong>AMC<\/strong> ha anunciado que planea realizar un spinoff a partir de su serie m\u00e1s exitosa, <em>The Walking Dead<\/em>.<\/p>\n<p style=\"text-align: justify\">As\u00ed es <strong>kalochas y kalochos<\/strong>, al parecer tendremos una nueva serie basada en el basto universo de <strong>The Walking Dead<\/strong>; <strong>Robert<\/strong> <strong>Kirkman, Gale Anne Hurd <\/strong>y<strong> David Alpert<\/strong> estar\u00e1n a cargo de la producci\u00f3n que por el momento no tiene nombre.<\/p>\n<p style=\"text-align: justify\">Kirkman ha declarado que:<em> \u201c\u00c9sta es una oportunidad para hacer un show que no est\u00e9 atado al c\u00f3mic, que realmente sea una p\u00e1gina en blanco, a puesto a correr mi creatividad\u201d<\/em><\/p>\n<p style=\"text-align: justify\">Esta modalidad <strong>no es nueva<\/strong> dentro de la franquicia de zombies ya que en<strong> 2012<\/strong> se realiz\u00f3 una especie de spinoff con la serie al trasladar nuevos relatos del apocalipsis zombi en un <strong>videojuego para Xbox 360<\/strong> t\u00edtulado <em>The Walking Dead: A Telltale Games Series<\/em> en donde el jugador toma el rol de <strong>Lee Everet<\/strong> quien es uno m\u00e1s de los sobrevivientes.<\/p>\n<p><img data-recalc-dims=\"1\" decoding=\"async\" data-attachment-id=\"1846\" data-permalink=\"https:\/\/kalot.com.mx\/site\/2013\/09\/17\/walking-dead-tendra-spinoff\/the-walking-dead-3x01-seed-4\/\" data-orig-file=\"https:\/\/i0.wp.com\/kalot.com.mx\/site\/wp-content\/uploads\/2013\/09\/the-walking-dead-3x01-Seed-4.jpg?fit=630%2C385&amp;ssl=1\" data-orig-size=\"630,385\" data-comments-opened=\"1\" data-image-meta=\"{&quot;aperture&quot;:&quot;0&quot;,&quot;credit&quot;:&quot;&quot;,&quot;camera&quot;:&quot;&quot;,&quot;caption&quot;:&quot;&quot;,&quot;created_timestamp&quot;:&quot;0&quot;,&quot;copyright&quot;:&quot;&quot;,&quot;focal_length&quot;:&quot;0&quot;,&quot;iso&quot;:&quot;0&quot;,&quot;shutter_speed&quot;:&quot;0&quot;,&quot;title&quot;:&quot;&quot;}\" data-image-title=\"the-walking-dead-3&amp;#215;01-Seed-4\" data-image-description=\"\" data-image-caption=\"\" data-large-file=\"https:\/\/i0.wp.com\/kalot.com.mx\/site\/wp-content\/uploads\/2013\/09\/the-walking-dead-3x01-Seed-4.jpg?fit=630%2C385&amp;ssl=1\" class=\"aligncenter size-full wp-image-1846\" alt=\"the-walking-dead-3x01-Seed-4\" src=\"https:\/\/i0.wp.com\/www.kalot.com.mx\/wp-content\/uploads\/2013\/09\/the-walking-dead-3x01-Seed-4.jpg?resize=630%2C385\" width=\"630\" height=\"385\" srcset=\"https:\/\/i0.wp.com\/kalot.com.mx\/site\/wp-content\/uploads\/2013\/09\/the-walking-dead-3x01-Seed-4.jpg?w=630&amp;ssl=1 630w, https:\/\/i0.wp.com\/kalot.com.mx\/site\/wp-content\/uploads\/2013\/09\/the-walking-dead-3x01-Seed-4.jpg?resize=300%2C183&amp;ssl=1 300w\" sizes=\"(max-width: 630px) 100vw, 630px\" \/><\/p>\n<p style=\"text-align: justify\">Se espera que esta serie se estrene para el <strong>a\u00f1o 2015<\/strong>, as\u00ed que <strong>\u00bfQu\u00e9 opinan kalochas y kalochos? \u00bfLes gustar\u00eda ver cameos de los personajes de la linea temporal que est\u00e1n en la 4a temporada de su serie (Rick Carl, Andrea, Daryl, Maggie, Michonne o Glenn) ? \u00bfQu\u00e9 esperan de esta nueva parte de la franquicia?<\/strong> Comenten en el apartado de comentarios abajo, nos leemos luego.<br \/>\n<a class=\"twitter-follow-button\" href=\"https:\/\/twitter.com\/thedoncapu\">Seguir a @thedoncapu<\/a><\/p>\n","protected":false},"excerpt":{"rendered":"Al parecer de un tiempo para ac\u00e1, en las series (Breaking Bad con Better Call Saul!) o pel\u00edculas&hellip;\n","protected":false},"author":18,"featured_media":1850,"comment_status":"open","ping_status":"open","sticky":false,"template":"","format":"standard","meta":{"jetpack_post_was_ever_published":false,"_jetpack_newsletter_access":"","_jetpack_dont_email_post_to_subs":false,"_jetpack_newsletter_tier_id":0,"_jetpack_memberships_contains_paywalled_content":false,"_jetpack_memberships_contains_paid_content":false,"footnotes":"","jetpack_publicize_message":"","jetpack_publicize_feature_enabled":true,"jetpack_social_post_already_shared":true,"jetpack_social_options":{"image_generator_settings":{"template":"highway","default_image_id":0,"font":"","enabled":false},"version":2}},"categories":[],"tags":[],"class_list":{"0":"post-1836","1":"post","2":"type-post","3":"status-publish","4":"format-standard","5":"has-post-thumbnail","7":"cs-entry","8":"cs-video-wrap"},"yoast_head":"<!-- This site is optimized with the Yoast SEO plugin v27.5 - https:\/\/yoast.com\/product\/yoast-seo-wordpress\/ -->\n<title>The Walking Dead tendr\u00e1 spinoff - Kalot<\/title>\n<meta name=\"description\" content=\"Al parecer de un tiempo para ac\u00e1, en las series (Breaking Bad con Better Call Saul!) o pel\u00edculas (The Avengers con Marvel: Agents Of S.H.I.E.L.D.) se ha\" \/>\n<meta name=\"robots\" content=\"index, follow, max-snippet:-1, max-image-preview:large, max-video-preview:-1\" \/>\n<link rel=\"canonical\" href=\"https:\/\/kalot.com.mx\/site\/2013\/09\/17\/walking-dead-tendra-spinoff\/\" \/>\n<meta property=\"og:locale\" content=\"es_MX\" \/>\n<meta property=\"og:type\" content=\"article\" \/>\n<meta property=\"og:title\" content=\"The Walking Dead tendr\u00e1 spinoff - Kalot\" \/>\n<meta property=\"og:description\" content=\"Al parecer de un tiempo para ac\u00e1, en las series (Breaking Bad con Better Call Saul!) o pel\u00edculas (The Avengers con Marvel: Agents Of S.H.I.E.L.D.) se ha\" \/>\n<meta property=\"og:url\" content=\"https:\/\/kalot.com.mx\/site\/2013\/09\/17\/walking-dead-tendra-spinoff\/\" \/>\n<meta property=\"og:site_name\" content=\"Kalot\" \/>\n<meta property=\"article:publisher\" content=\"http:\/\/facebook.com\/mxkalot\" \/>\n<meta property=\"article:author\" content=\"https:\/\/www.facebook.com\/don.capu\" \/>\n<meta property=\"article:published_time\" content=\"2013-09-17T19:11:55+00:00\" \/>\n<meta property=\"article:modified_time\" content=\"2013-09-17T19:23:42+00:00\" \/>\n<meta property=\"og:image\" content=\"https:\/\/i2.wp.com\/kalot.com.mx\/site\/wp-content\/uploads\/2013\/09\/549467_643526179006877_635551834_n.jpg?fit=640%2C406&ssl=1\" \/>\n\t<meta property=\"og:image:width\" content=\"640\" \/>\n\t<meta property=\"og:image:height\" content=\"406\" \/>\n\t<meta property=\"og:image:type\" content=\"image\/jpeg\" \/>\n<meta name=\"author\" content=\"Omar Herrera\" \/>\n<meta name=\"twitter:card\" content=\"summary_large_image\" \/>\n<meta name=\"twitter:creator\" content=\"@thedoncapu\" \/>\n<meta name=\"twitter:site\" content=\"@kalotmx\" \/>\n<meta name=\"twitter:label1\" content=\"Escrito por\" \/>\n\t<meta name=\"twitter:data1\" content=\"Omar Herrera\" \/>\n\t<meta name=\"twitter:label2\" content=\"Tiempo de lectura\" \/>\n\t<meta name=\"twitter:data2\" content=\"1 minuto\" \/>\n<!-- \/ Yoast SEO plugin. -->","yoast_head_json":{"title":"The Walking Dead tendr\u00e1 spinoff - Kalot","description":"Al parecer de un tiempo para ac\u00e1, en las series (Breaking Bad con Better Call Saul!) o pel\u00edculas (The Avengers con Marvel: Agents Of S.H.I.E.L.D.) se ha","robots":{"index":"index","follow":"follow","max-snippet":"max-snippet:-1","max-image-preview":"max-image-preview:large","max-video-preview":"max-video-preview:-1"},"canonical":"https:\/\/kalot.com.mx\/site\/2013\/09\/17\/walking-dead-tendra-spinoff\/","og_locale":"es_MX","og_type":"article","og_title":"The Walking Dead tendr\u00e1 spinoff - Kalot","og_description":"Al parecer de un tiempo para ac\u00e1, en las series (Breaking Bad con Better Call Saul!) o pel\u00edculas (The Avengers con Marvel: Agents Of S.H.I.E.L.D.) se ha","og_url":"https:\/\/kalot.com.mx\/site\/2013\/09\/17\/walking-dead-tendra-spinoff\/","og_site_name":"Kalot","article_publisher":"http:\/\/facebook.com\/mxkalot","article_author":"https:\/\/www.facebook.com\/don.capu","article_published_time":"2013-09-17T19:11:55+00:00","article_modified_time":"2013-09-17T19:23:42+00:00","og_image":[{"width":640,"height":406,"url":"https:\/\/i2.wp.com\/kalot.com.mx\/site\/wp-content\/uploads\/2013\/09\/549467_643526179006877_635551834_n.jpg?fit=640%2C406&ssl=1","type":"image\/jpeg"}],"author":"Omar Herrera","twitter_card":"summary_large_image","twitter_creator":"@thedoncapu","twitter_site":"@kalotmx","twitter_misc":{"Escrito por":"Omar Herrera","Tiempo de lectura":"1 minuto"},"schema":{"@context":"https:\/\/schema.org","@graph":[{"@type":"Article","@id":"https:\/\/kalot.com.mx\/site\/2013\/09\/17\/walking-dead-tendra-spinoff\/#article","isPartOf":{"@id":"https:\/\/kalot.com.mx\/site\/2013\/09\/17\/walking-dead-tendra-spinoff\/"},"author":{"name":"Omar Herrera","@id":"https:\/\/kalot.com.mx\/site\/#\/schema\/person\/1bf32c47ee15104d1e824350c07ac220"},"headline":"The Walking Dead tendr\u00e1 spinoff","datePublished":"2013-09-17T19:11:55+00:00","dateModified":"2013-09-17T19:23:42+00:00","mainEntityOfPage":{"@id":"https:\/\/kalot.com.mx\/site\/2013\/09\/17\/walking-dead-tendra-spinoff\/"},"wordCount":286,"commentCount":0,"publisher":{"@id":"https:\/\/kalot.com.mx\/site\/#organization"},"image":{"@id":"https:\/\/kalot.com.mx\/site\/2013\/09\/17\/walking-dead-tendra-spinoff\/#primaryimage"},"thumbnailUrl":"https:\/\/i0.wp.com\/kalot.com.mx\/site\/wp-content\/uploads\/2013\/09\/549467_643526179006877_635551834_n.jpg?fit=640%2C406&ssl=1","inLanguage":"es","potentialAction":[{"@type":"CommentAction","name":"Comment","target":["https:\/\/kalot.com.mx\/site\/2013\/09\/17\/walking-dead-tendra-spinoff\/#respond"]}]},{"@type":"WebPage","@id":"https:\/\/kalot.com.mx\/site\/2013\/09\/17\/walking-dead-tendra-spinoff\/","url":"https:\/\/kalot.com.mx\/site\/2013\/09\/17\/walking-dead-tendra-spinoff\/","name":"The Walking Dead tendr\u00e1 spinoff - Kalot","isPartOf":{"@id":"https:\/\/kalot.com.mx\/site\/#website"},"primaryImageOfPage":{"@id":"https:\/\/kalot.com.mx\/site\/2013\/09\/17\/walking-dead-tendra-spinoff\/#primaryimage"},"image":{"@id":"https:\/\/kalot.com.mx\/site\/2013\/09\/17\/walking-dead-tendra-spinoff\/#primaryimage"},"thumbnailUrl":"https:\/\/i0.wp.com\/kalot.com.mx\/site\/wp-content\/uploads\/2013\/09\/549467_643526179006877_635551834_n.jpg?fit=640%2C406&ssl=1","datePublished":"2013-09-17T19:11:55+00:00","dateModified":"2013-09-17T19:23:42+00:00","description":"Al parecer de un tiempo para ac\u00e1, en las series (Breaking Bad con Better Call Saul!) o pel\u00edculas (The Avengers con Marvel: Agents Of S.H.I.E.L.D.) se ha","breadcrumb":{"@id":"https:\/\/kalot.com.mx\/site\/2013\/09\/17\/walking-dead-tendra-spinoff\/#breadcrumb"},"inLanguage":"es","potentialAction":[{"@type":"ReadAction","target":["https:\/\/kalot.com.mx\/site\/2013\/09\/17\/walking-dead-tendra-spinoff\/"]}]},{"@type":"ImageObject","inLanguage":"es","@id":"https:\/\/kalot.com.mx\/site\/2013\/09\/17\/walking-dead-tendra-spinoff\/#primaryimage","url":"https:\/\/i0.wp.com\/kalot.com.mx\/site\/wp-content\/uploads\/2013\/09\/549467_643526179006877_635551834_n.jpg?fit=640%2C406&ssl=1","contentUrl":"https:\/\/i0.wp.com\/kalot.com.mx\/site\/wp-content\/uploads\/2013\/09\/549467_643526179006877_635551834_n.jpg?fit=640%2C406&ssl=1","width":640,"height":406},{"@type":"BreadcrumbList","@id":"https:\/\/kalot.com.mx\/site\/2013\/09\/17\/walking-dead-tendra-spinoff\/#breadcrumb","itemListElement":[{"@type":"ListItem","position":1,"name":"Home","item":"https:\/\/kalot.com.mx\/site\/"},{"@type":"ListItem","position":2,"name":"The Walking Dead tendr\u00e1 spinoff"}]},{"@type":"WebSite","@id":"https:\/\/kalot.com.mx\/site\/#website","url":"https:\/\/kalot.com.mx\/site\/","name":"Kalot","description":"Conoce Todo Sobre Todo","publisher":{"@id":"https:\/\/kalot.com.mx\/site\/#organization"},"potentialAction":[{"@type":"SearchAction","target":{"@type":"EntryPoint","urlTemplate":"https:\/\/kalot.com.mx\/site\/?s={search_term_string}"},"query-input":{"@type":"PropertyValueSpecification","valueRequired":true,"valueName":"search_term_string"}}],"inLanguage":"es"},{"@type":"Organization","@id":"https:\/\/kalot.com.mx\/site\/#organization","name":"Kalot","url":"https:\/\/kalot.com.mx\/site\/","logo":{"@type":"ImageObject","inLanguage":"es","@id":"https:\/\/kalot.com.mx\/site\/#\/schema\/logo\/image\/","url":"https:\/\/i0.wp.com\/kalot.com.mx\/site\/wp-content\/uploads\/2020\/04\/Kalot-logo-sin-tagline.png?fit=1707%2C1014&ssl=1","contentUrl":"https:\/\/i0.wp.com\/kalot.com.mx\/site\/wp-content\/uploads\/2020\/04\/Kalot-logo-sin-tagline.png?fit=1707%2C1014&ssl=1","width":1707,"height":1014,"caption":"Kalot"},"image":{"@id":"https:\/\/kalot.com.mx\/site\/#\/schema\/logo\/image\/"},"sameAs":["http:\/\/facebook.com\/mxkalot","https:\/\/x.com\/kalotmx","http:\/\/instagram.com\/kalotmx","http:\/\/pinterest.com\/jorgeerana\/kalot"]},{"@type":"Person","@id":"https:\/\/kalot.com.mx\/site\/#\/schema\/person\/1bf32c47ee15104d1e824350c07ac220","name":"Omar Herrera","image":{"@type":"ImageObject","inLanguage":"es","@id":"https:\/\/secure.gravatar.com\/avatar\/ae84de016d43d093bed40799c6d19430bc23d65401e1d68c9afab71da0688278?s=96&d=mm&r=g","url":"https:\/\/secure.gravatar.com\/avatar\/ae84de016d43d093bed40799c6d19430bc23d65401e1d68c9afab71da0688278?s=96&d=mm&r=g","contentUrl":"https:\/\/secure.gravatar.com\/avatar\/ae84de016d43d093bed40799c6d19430bc23d65401e1d68c9afab71da0688278?s=96&d=mm&r=g","caption":"Omar Herrera"},"description":"Si mi vida se resumiera en una pel\u00edcula, ser\u00eda en una dirigida por Woody Allen. Licenciado en Ciencias y T\u00e9cnicas de la Comunicaci\u00f3n.","sameAs":["http:\/\/www.linkedin.com\/pub\/omar-vargas-herrera\/8a\/792\/288","https:\/\/www.facebook.com\/don.capu","https:\/\/x.com\/thedoncapu"],"url":"https:\/\/kalot.com.mx\/site\/author\/doncapu\/"}]}},"jetpack_publicize_connections":[],"jetpack_featured_media_url":"https:\/\/i0.wp.com\/kalot.com.mx\/site\/wp-content\/uploads\/2013\/09\/549467_643526179006877_635551834_n.jpg?fit=640%2C406&ssl=1","jetpack_shortlink":"https:\/\/wp.me\/p6IHEI-tC","jetpack-related-posts":[{"id":5098,"url":"https:\/\/kalot.com.mx\/site\/2013\/10\/29\/walking-dead-ya-renovo-para-su-5a-temporada\/","url_meta":{"origin":1836,"position":0},"title":"The Walking Dead ya renov\u00f3 para su 5a temporada","author":"Jorge Era\u00f1a","date":"29 octubre, 2013","format":false,"excerpt":"Este fue el mensaje que declar\u00f3 Charlie Collier, presidente de la cadena AMC creadora de Walking Dead \u201cWe are very happy to make what has to be one of the most anti-climactic renewal announcements ever:\u00a0The Walking Dead\u00a0is renewed for a fifth season,\u201d said Charlie Collier, AMC president. \u201cThis is a\u2026","rel":"","context":"Entrada similar ","block_context":{"text":"Entrada similar ","link":""},"img":{"alt_text":"","src":"https:\/\/i0.wp.com\/kalot.com.mx\/site\/wp-content\/uploads\/2013\/10\/The_Walking_Dead_Bicycle-_Girl.jpg?fit=1200%2C646&ssl=1&resize=350%2C200","width":350,"height":200,"srcset":"https:\/\/i0.wp.com\/kalot.com.mx\/site\/wp-content\/uploads\/2013\/10\/The_Walking_Dead_Bicycle-_Girl.jpg?fit=1200%2C646&ssl=1&resize=350%2C200 1x, https:\/\/i0.wp.com\/kalot.com.mx\/site\/wp-content\/uploads\/2013\/10\/The_Walking_Dead_Bicycle-_Girl.jpg?fit=1200%2C646&ssl=1&resize=525%2C300 1.5x, https:\/\/i0.wp.com\/kalot.com.mx\/site\/wp-content\/uploads\/2013\/10\/The_Walking_Dead_Bicycle-_Girl.jpg?fit=1200%2C646&ssl=1&resize=700%2C400 2x, https:\/\/i0.wp.com\/kalot.com.mx\/site\/wp-content\/uploads\/2013\/10\/The_Walking_Dead_Bicycle-_Girl.jpg?fit=1200%2C646&ssl=1&resize=1050%2C600 3x"},"classes":[]},{"id":12750,"url":"https:\/\/kalot.com.mx\/site\/2014\/02\/28\/que-hace-walking-dead-tan-exitoso\/","url_meta":{"origin":1836,"position":1},"title":"\u00bfQu\u00e9 hace a &#8220;The Walking Dead&#8221; tan exitoso?","author":"Omar Arroyo","date":"28 febrero, 2014","format":false,"excerpt":"The walking dead , una serie relativamente nueva que ha tenido un gran impacto en un sin fin de tele videntes y es que tan solo en el estreno de la primera temporada fue vista por 5,3 millones de personas, en la la segunda por 7.2 millones, en la tercera\u2026","rel":"","context":"En &quot;Sin categor\u00eda&quot;","block_context":{"text":"Sin categor\u00eda","link":"https:\/\/kalot.com.mx\/site\/category\/sin-categoria\/"},"img":{"alt_text":"","src":"https:\/\/i0.wp.com\/kalot.com.mx\/site\/wp-content\/uploads\/2014\/02\/walkingdead5.jpg?fit=1200%2C712&ssl=1&resize=350%2C200","width":350,"height":200,"srcset":"https:\/\/i0.wp.com\/kalot.com.mx\/site\/wp-content\/uploads\/2014\/02\/walkingdead5.jpg?fit=1200%2C712&ssl=1&resize=350%2C200 1x, https:\/\/i0.wp.com\/kalot.com.mx\/site\/wp-content\/uploads\/2014\/02\/walkingdead5.jpg?fit=1200%2C712&ssl=1&resize=525%2C300 1.5x, https:\/\/i0.wp.com\/kalot.com.mx\/site\/wp-content\/uploads\/2014\/02\/walkingdead5.jpg?fit=1200%2C712&ssl=1&resize=700%2C400 2x, https:\/\/i0.wp.com\/kalot.com.mx\/site\/wp-content\/uploads\/2014\/02\/walkingdead5.jpg?fit=1200%2C712&ssl=1&resize=1050%2C600 3x"},"classes":[]},{"id":4433,"url":"https:\/\/kalot.com.mx\/site\/2013\/10\/19\/walking-dead-4x01-30-days-without-accident-resena\/","url_meta":{"origin":1836,"position":2},"title":"The Walking Dead 4&#215;01 &#8220;30 Days Without An Accident&#8221; [RESE\u00d1A]","author":"Omar Herrera","date":"19 octubre, 2013","format":false,"excerpt":"Al parecer la tranquilidad ha vuelto a la prisi\u00f3n de Woodbury, o al menos eso es lo que parece. En el comienzo de esta nueva temporada se nos muestra que Rick y compa\u00f1\u00eda han tomado un estilo de vida un poco rutinario, meses despu\u00e9s de enfrentar al Gobernador. Los amor\u00edos\u2026","rel":"","context":"Con 2 comentarios","block_context":{"text":"Con 2 comentarios","link":"https:\/\/kalot.com.mx\/site\/2013\/10\/19\/walking-dead-4x01-30-days-without-accident-resena\/#comments"},"img":{"alt_text":"","src":"https:\/\/i0.wp.com\/kalot.com.mx\/site\/wp-content\/uploads\/2013\/10\/0627.jpg?fit=640%2C425&ssl=1&resize=350%2C200","width":350,"height":200,"srcset":"https:\/\/i0.wp.com\/kalot.com.mx\/site\/wp-content\/uploads\/2013\/10\/0627.jpg?fit=640%2C425&ssl=1&resize=350%2C200 1x, https:\/\/i0.wp.com\/kalot.com.mx\/site\/wp-content\/uploads\/2013\/10\/0627.jpg?fit=640%2C425&ssl=1&resize=525%2C300 1.5x"},"classes":[]},{"id":10545,"url":"https:\/\/kalot.com.mx\/site\/2014\/01\/28\/trailer-walking-dead\/","url_meta":{"origin":1836,"position":3},"title":"Nuevo trailer del regreso de The Walking Dead","author":"Jorge Era\u00f1a","date":"28 enero, 2014","format":false,"excerpt":"\u00a0 *Esta entrada puede tener SPOILERS de la serie Ya son 3 los avances que tenemos del regreso de la cuarta temporada de The Walking Dead y parece que la espera ha sido eterna para que regrese esta serie que nos ha dejado a todos sorprendidos desde los cambios tan\u2026","rel":"","context":"Entrada similar ","block_context":{"text":"Entrada similar ","link":""},"img":{"alt_text":"the-walking-dead-season-4","src":"https:\/\/i0.wp.com\/kalot.com.mx\/site\/wp-content\/uploads\/2014\/01\/the-walking-dead-season-4b-poster.jpg?fit=520%2C560&ssl=1&resize=350%2C200","width":350,"height":200},"classes":[]},{"id":9764,"url":"https:\/\/kalot.com.mx\/site\/2014\/01\/19\/zombie-prank-norman-reedus\/","url_meta":{"origin":1836,"position":4},"title":"Zombie prank a Norman Reedus","author":"Pepe M\u00e9ndez","date":"19 enero, 2014","format":false,"excerpt":"Todos aquellos que alguna vez han visto la serie The walking dead saben muy bien quien es Daryl Dixon. Para todos aquellos que no saben, Daryl es el personaje interpretado por Norman Reedus y es el mas rudo, desgraciado, salvaje, cool y asesino de zombies que existe en la serie.\u2026","rel":"","context":"Entrada similar ","block_context":{"text":"Entrada similar ","link":""},"img":{"alt_text":"","src":"https:\/\/i0.wp.com\/kalot.com.mx\/site\/wp-content\/uploads\/2014\/01\/131171-the-walking-dead-the-walking-dead-daryl-dixon.jpg?fit=1200%2C750&ssl=1&resize=350%2C200","width":350,"height":200,"srcset":"https:\/\/i0.wp.com\/kalot.com.mx\/site\/wp-content\/uploads\/2014\/01\/131171-the-walking-dead-the-walking-dead-daryl-dixon.jpg?fit=1200%2C750&ssl=1&resize=350%2C200 1x, https:\/\/i0.wp.com\/kalot.com.mx\/site\/wp-content\/uploads\/2014\/01\/131171-the-walking-dead-the-walking-dead-daryl-dixon.jpg?fit=1200%2C750&ssl=1&resize=525%2C300 1.5x, https:\/\/i0.wp.com\/kalot.com.mx\/site\/wp-content\/uploads\/2014\/01\/131171-the-walking-dead-the-walking-dead-daryl-dixon.jpg?fit=1200%2C750&ssl=1&resize=700%2C400 2x, https:\/\/i0.wp.com\/kalot.com.mx\/site\/wp-content\/uploads\/2014\/01\/131171-the-walking-dead-the-walking-dead-daryl-dixon.jpg?fit=1200%2C750&ssl=1&resize=1050%2C600 3x"},"classes":[]},{"id":3264,"url":"https:\/\/kalot.com.mx\/site\/2013\/10\/07\/walking-dead-y-su-nueva-temporada\/","url_meta":{"origin":1836,"position":5},"title":"#Walking Dead y su nueva temporada","author":"Misael Gallegos","date":"7 octubre, 2013","format":false,"excerpt":"La pr\u00f3xima semana se estrenar\u00e1 la famosa serie de AMC \u201cThe walking dead\u201d la cual lleva algunos a\u00f1os al aire, emocionando a muchos con el tema de los muertos vivientes y despertando su inter\u00e9s en este tipo de g\u00e9nero. La serie est\u00e1 basada en los Comics del mismo t\u00edtulo, lo\u2026","rel":"","context":"Entrada similar ","block_context":{"text":"Entrada similar ","link":""},"img":{"alt_text":"","src":"https:\/\/i0.wp.com\/kalot.com.mx\/site\/wp-content\/uploads\/2013\/10\/zom.jpg?fit=646%2C373&ssl=1&resize=350%2C200","width":350,"height":200,"srcset":"https:\/\/i0.wp.com\/kalot.com.mx\/site\/wp-content\/uploads\/2013\/10\/zom.jpg?fit=646%2C373&ssl=1&resize=350%2C200 1x, https:\/\/i0.wp.com\/kalot.com.mx\/site\/wp-content\/uploads\/2013\/10\/zom.jpg?fit=646%2C373&ssl=1&resize=525%2C300 1.5x"},"classes":[]}],"jetpack_sharing_enabled":true,"_links":{"self":[{"href":"https:\/\/kalot.com.mx\/site\/wp-json\/wp\/v2\/posts\/1836","targetHints":{"allow":["GET"]}}],"collection":[{"href":"https:\/\/kalot.com.mx\/site\/wp-json\/wp\/v2\/posts"}],"about":[{"href":"https:\/\/kalot.com.mx\/site\/wp-json\/wp\/v2\/types\/post"}],"author":[{"embeddable":true,"href":"https:\/\/kalot.com.mx\/site\/wp-json\/wp\/v2\/users\/18"}],"replies":[{"embeddable":true,"href":"https:\/\/kalot.com.mx\/site\/wp-json\/wp\/v2\/comments?post=1836"}],"version-history":[{"count":0,"href":"https:\/\/kalot.com.mx\/site\/wp-json\/wp\/v2\/posts\/1836\/revisions"}],"wp:featuredmedia":[{"embeddable":true,"href":"https:\/\/kalot.com.mx\/site\/wp-json\/wp\/v2\/media\/1850"}],"wp:attachment":[{"href":"https:\/\/kalot.com.mx\/site\/wp-json\/wp\/v2\/media?parent=1836"}],"wp:term":[{"taxonomy":"category","embeddable":true,"href":"https:\/\/kalot.com.mx\/site\/wp-json\/wp\/v2\/categories?post=1836"},{"taxonomy":"post_tag","embeddable":true,"href":"https:\/\/kalot.com.mx\/site\/wp-json\/wp\/v2\/tags?post=1836"}],"curies":[{"name":"wp","href":"https:\/\/api.w.org\/{rel}","templated":true}]}}