{"id":1834,"date":"2013-09-17T14:30:43","date_gmt":"2013-09-17T19:30:43","guid":{"rendered":"http:\/\/www.kalot.com.mx\/?p=1834"},"modified":"2013-09-17T14:02:03","modified_gmt":"2013-09-17T19:02:03","slug":"messi-13-anos-con-el-barcelona-deportes","status":"publish","type":"post","link":"https:\/\/kalot.com.mx\/site\/2013\/09\/17\/messi-13-anos-con-el-barcelona-deportes\/","title":{"rendered":"Messi 13 a\u00f1os con el Barcelona #Deportes"},"content":{"rendered":"<p style=\"text-align: justify\">Un d\u00eda como hoy pero de el 2000, un Extraordinario jugador llego con su padre a Barcelona para someterse a las pruebas f\u00edsicas que con problemas supero por su forma f\u00edsica. Ese Joven era Leonel Messi el Mejor jugador del mundo Titulo que muchos peri\u00f3dicos y personas le han dado gracias a sus incre\u00edbles actuaciones con su equipo actual.<\/p>\n<p style=\"text-align: justify\">13 a\u00f1os, numero 13 para muchos de muy mala suerte, para otros de buena, esperemos y a Messi no le llegue a afectar estas supersticiones y podremos seguir disfrutando de todo el espect\u00e1culo que da d\u00eda a d\u00eda en el terreno de juego.<\/p>\n<p style=\"text-align: justify\">El dice que no seria igual su juego sin el Barcelona, cosa que vemos que es verdad ya que con los juegos que ha ido con selecci\u00f3n.<\/p>\n<p><a href=\"https:\/\/i0.wp.com\/www.kalot.com.mx\/wp-content\/uploads\/2013\/09\/de-lionel-messi-14.jpg\"><img data-recalc-dims=\"1\" fetchpriority=\"high\" decoding=\"async\" data-attachment-id=\"1841\" data-permalink=\"https:\/\/kalot.com.mx\/site\/2013\/09\/17\/messi-13-anos-con-el-barcelona-deportes\/de-lionel-messi-14\/\" data-orig-file=\"https:\/\/i0.wp.com\/kalot.com.mx\/site\/wp-content\/uploads\/2013\/09\/de-lionel-messi-14.jpg?fit=1280%2C1024&amp;ssl=1\" data-orig-size=\"1280,1024\" data-comments-opened=\"1\" data-image-meta=\"{&quot;aperture&quot;:&quot;0&quot;,&quot;credit&quot;:&quot;&quot;,&quot;camera&quot;:&quot;&quot;,&quot;caption&quot;:&quot;&quot;,&quot;created_timestamp&quot;:&quot;0&quot;,&quot;copyright&quot;:&quot;&quot;,&quot;focal_length&quot;:&quot;0&quot;,&quot;iso&quot;:&quot;0&quot;,&quot;shutter_speed&quot;:&quot;0&quot;,&quot;title&quot;:&quot;&quot;}\" data-image-title=\"de-lionel-messi-14\" data-image-description=\"\" data-image-caption=\"\" data-large-file=\"https:\/\/i0.wp.com\/kalot.com.mx\/site\/wp-content\/uploads\/2013\/09\/de-lionel-messi-14.jpg?fit=1024%2C819&amp;ssl=1\" class=\"size-medium wp-image-1841 aligncenter\" alt=\"de-lionel-messi-14\" src=\"https:\/\/i0.wp.com\/www.kalot.com.mx\/wp-content\/uploads\/2013\/09\/de-lionel-messi-14-300x240.jpg?resize=300%2C240\" width=\"300\" height=\"240\" srcset=\"https:\/\/i0.wp.com\/kalot.com.mx\/site\/wp-content\/uploads\/2013\/09\/de-lionel-messi-14.jpg?resize=300%2C240&amp;ssl=1 300w, https:\/\/i0.wp.com\/kalot.com.mx\/site\/wp-content\/uploads\/2013\/09\/de-lionel-messi-14.jpg?resize=1024%2C819&amp;ssl=1 1024w, https:\/\/i0.wp.com\/kalot.com.mx\/site\/wp-content\/uploads\/2013\/09\/de-lionel-messi-14.jpg?resize=720%2C576&amp;ssl=1 720w, https:\/\/i0.wp.com\/kalot.com.mx\/site\/wp-content\/uploads\/2013\/09\/de-lionel-messi-14.jpg?w=1280&amp;ssl=1 1280w\" sizes=\"(max-width: 300px) 100vw, 300px\" \/><\/a><\/p>\n<p style=\"text-align: justify\">Debut\u00f3 en 2004 contra el Espa\u00f1ol en Montju\u00efc entro en sustituci\u00f3n de Deco. De ah\u00ed el comenz\u00f3 a escribir toda la trayectoria que ahora conocemos ganando 3 veces la champions league , siendo el mejor jugador 3 a\u00f1os consecutivos, adem\u00e1s de 3 ligas Espa\u00f1olas, 2 copas de Espa\u00f1a y 6 supercopas de Espa\u00f1a.<\/p>\n<p style=\"text-align: justify\">Pase lo que pase Messi a pasad a la historia, siendo el mejor jugador con el Bar\u00e7a y rompiendo diferentes\u00a0 Records en la historia, portada de diferentes juegos de video por varios a\u00f1os consecutivos, ejemplo de muchos ni\u00f1os e \u00eddolos de otros no tan ni\u00f1os.<\/p>\n<p><a href=\"https:\/\/i0.wp.com\/www.kalot.com.mx\/wp-content\/uploads\/2013\/09\/messionceideal.jpg\"><img data-recalc-dims=\"1\" decoding=\"async\" data-attachment-id=\"1842\" data-permalink=\"https:\/\/kalot.com.mx\/site\/2013\/09\/17\/messi-13-anos-con-el-barcelona-deportes\/docu_que-sevilla-fc-barcelona\/\" data-orig-file=\"https:\/\/i0.wp.com\/kalot.com.mx\/site\/wp-content\/uploads\/2013\/09\/messionceideal.jpg?fit=1794%2C1140&amp;ssl=1\" data-orig-size=\"1794,1140\" data-comments-opened=\"1\" data-image-meta=\"{&quot;aperture&quot;:&quot;0&quot;,&quot;credit&quot;:&quot;EFE&quot;,&quot;camera&quot;:&quot;&quot;,&quot;caption&quot;:&quot;SEV54. SEVILLA, 29\/11\/08.- El delantero argentino del FC Barcelona Lionel Messi celebra su segundo gol, tercero de su equipo, durante el partido correspondiente a la decimotercera jornada de liga de Primera Divisi\\u00f3n que ha enfrentado esta noche al Sevilla con el FC Barcelona en el estadio S\\u00e1nchez Pizju\\u00e1n. El club azulgrana se ha impuesto por 3-0. EFE\/Jos\\u00e9 Manuel Vidal&quot;,&quot;created_timestamp&quot;:&quot;1227993900&quot;,&quot;copyright&quot;:&quot;&quot;,&quot;focal_length&quot;:&quot;0&quot;,&quot;iso&quot;:&quot;0&quot;,&quot;shutter_speed&quot;:&quot;0&quot;,&quot;title&quot;:&quot;DOCU_QUE SEVILLA - FC BARCELONA&quot;}\" data-image-title=\"DOCU_QUE SEVILLA &amp;#8211; FC BARCELONA\" data-image-description=\"&lt;p&gt;SEV54. SEVILLA, 29\/11\/08.- El delantero argentino del FC Barcelona Lionel Messi celebra su segundo gol, tercero de su equipo, durante el partido correspondiente a la decimotercera jornada de liga de Primera Divisi\u00f3n que ha enfrentado esta noche al Sevilla con el FC Barcelona en el estadio S\u00e1nchez Pizju\u00e1n. El club azulgrana se ha impuesto por 3-0. EFE\/Jos\u00e9 Manuel Vidal&lt;\/p&gt;\n\" data-image-caption=\"\" data-large-file=\"https:\/\/i0.wp.com\/kalot.com.mx\/site\/wp-content\/uploads\/2013\/09\/messionceideal.jpg?fit=1024%2C650&amp;ssl=1\" class=\"size-medium wp-image-1842 aligncenter\" alt=\"DOCU_QUE SEVILLA - FC BARCELONA\" src=\"https:\/\/i0.wp.com\/www.kalot.com.mx\/wp-content\/uploads\/2013\/09\/messionceideal-300x190.jpg?resize=300%2C190\" width=\"300\" height=\"190\" srcset=\"https:\/\/i0.wp.com\/kalot.com.mx\/site\/wp-content\/uploads\/2013\/09\/messionceideal.jpg?resize=300%2C190&amp;ssl=1 300w, https:\/\/i0.wp.com\/kalot.com.mx\/site\/wp-content\/uploads\/2013\/09\/messionceideal.jpg?resize=1024%2C650&amp;ssl=1 1024w, https:\/\/i0.wp.com\/kalot.com.mx\/site\/wp-content\/uploads\/2013\/09\/messionceideal.jpg?resize=720%2C457&amp;ssl=1 720w, https:\/\/i0.wp.com\/kalot.com.mx\/site\/wp-content\/uploads\/2013\/09\/messionceideal.jpg?w=1794&amp;ssl=1 1794w\" sizes=\"(max-width: 300px) 100vw, 300px\" \/><\/a><\/p>\n<p style=\"text-align: justify\">Cabe mencionar que ya tiene un primog\u00e9nito Thiago \u00a0el cual esperemos sea igual que el pap\u00e1 o mejor aun que el.<\/p>\n<p style=\"text-align: justify\">Bueno kalochos que est\u00e9n bien nos leemos pronto saludos y Feliz martes Futbolero.<\/p>\n","protected":false},"excerpt":{"rendered":"Un d\u00eda como hoy pero de el 2000, un Extraordinario jugador llego con su padre a Barcelona para&hellip;\n","protected":false},"author":19,"featured_media":1838,"comment_status":"open","ping_status":"open","sticky":false,"template":"","format":"standard","meta":{"jetpack_post_was_ever_published":false,"_jetpack_newsletter_access":"","_jetpack_dont_email_post_to_subs":false,"_jetpack_newsletter_tier_id":0,"_jetpack_memberships_contains_paywalled_content":false,"_jetpack_memberships_contains_paid_content":false,"footnotes":"","jetpack_publicize_message":"","jetpack_publicize_feature_enabled":true,"jetpack_social_post_already_shared":true,"jetpack_social_options":{"image_generator_settings":{"template":"highway","default_image_id":0,"font":"","enabled":false},"version":2}},"categories":[],"tags":[],"class_list":{"0":"post-1834","1":"post","2":"type-post","3":"status-publish","4":"format-standard","5":"has-post-thumbnail","7":"cs-entry","8":"cs-video-wrap"},"yoast_head":"<!-- This site is optimized with the Yoast SEO plugin v27.5 - https:\/\/yoast.com\/product\/yoast-seo-wordpress\/ -->\n<title>Messi 13 a\u00f1os con el Barcelona #Deportes - Kalot<\/title>\n<meta name=\"description\" content=\"Hoy se cumplen 13 a\u00f1os de que Leonel Messi se incorpor\u00f3 a el Barcelona FC\" \/>\n<meta name=\"robots\" content=\"index, follow, max-snippet:-1, max-image-preview:large, max-video-preview:-1\" \/>\n<link rel=\"canonical\" href=\"https:\/\/kalot.com.mx\/site\/2013\/09\/17\/messi-13-anos-con-el-barcelona-deportes\/\" \/>\n<meta property=\"og:locale\" content=\"es_MX\" \/>\n<meta property=\"og:type\" content=\"article\" \/>\n<meta property=\"og:title\" content=\"Messi 13 a\u00f1os con el Barcelona #Deportes - Kalot\" \/>\n<meta property=\"og:description\" content=\"Hoy se cumplen 13 a\u00f1os de que Leonel Messi se incorpor\u00f3 a el Barcelona FC\" \/>\n<meta property=\"og:url\" content=\"https:\/\/kalot.com.mx\/site\/2013\/09\/17\/messi-13-anos-con-el-barcelona-deportes\/\" \/>\n<meta property=\"og:site_name\" content=\"Kalot\" \/>\n<meta property=\"article:publisher\" content=\"http:\/\/facebook.com\/mxkalot\" \/>\n<meta property=\"article:published_time\" content=\"2013-09-17T19:30:43+00:00\" \/>\n<meta property=\"og:image\" content=\"https:\/\/i2.wp.com\/kalot.com.mx\/site\/wp-content\/uploads\/2013\/09\/leo-messi-3.955.375.c.jpg?fit=955%2C375&ssl=1\" \/>\n\t<meta property=\"og:image:width\" content=\"955\" \/>\n\t<meta property=\"og:image:height\" content=\"375\" \/>\n\t<meta property=\"og:image:type\" content=\"image\/jpeg\" \/>\n<meta name=\"author\" content=\"Anastacio S\u00e1nchez\" \/>\n<meta name=\"twitter:card\" content=\"summary_large_image\" \/>\n<meta name=\"twitter:creator\" content=\"@kalotmx\" \/>\n<meta name=\"twitter:site\" content=\"@kalotmx\" \/>\n<meta name=\"twitter:label1\" content=\"Escrito por\" \/>\n\t<meta name=\"twitter:data1\" content=\"Anastacio S\u00e1nchez\" \/>\n\t<meta name=\"twitter:label2\" content=\"Tiempo de lectura\" \/>\n\t<meta name=\"twitter:data2\" content=\"1 minuto\" \/>\n<!-- \/ Yoast SEO plugin. -->","yoast_head_json":{"title":"Messi 13 a\u00f1os con el Barcelona #Deportes - Kalot","description":"Hoy se cumplen 13 a\u00f1os de que Leonel Messi se incorpor\u00f3 a el Barcelona FC","robots":{"index":"index","follow":"follow","max-snippet":"max-snippet:-1","max-image-preview":"max-image-preview:large","max-video-preview":"max-video-preview:-1"},"canonical":"https:\/\/kalot.com.mx\/site\/2013\/09\/17\/messi-13-anos-con-el-barcelona-deportes\/","og_locale":"es_MX","og_type":"article","og_title":"Messi 13 a\u00f1os con el Barcelona #Deportes - Kalot","og_description":"Hoy se cumplen 13 a\u00f1os de que Leonel Messi se incorpor\u00f3 a el Barcelona FC","og_url":"https:\/\/kalot.com.mx\/site\/2013\/09\/17\/messi-13-anos-con-el-barcelona-deportes\/","og_site_name":"Kalot","article_publisher":"http:\/\/facebook.com\/mxkalot","article_published_time":"2013-09-17T19:30:43+00:00","og_image":[{"width":955,"height":375,"url":"https:\/\/i2.wp.com\/kalot.com.mx\/site\/wp-content\/uploads\/2013\/09\/leo-messi-3.955.375.c.jpg?fit=955%2C375&ssl=1","type":"image\/jpeg"}],"author":"Anastacio S\u00e1nchez","twitter_card":"summary_large_image","twitter_creator":"@kalotmx","twitter_site":"@kalotmx","twitter_misc":{"Escrito por":"Anastacio S\u00e1nchez","Tiempo de lectura":"1 minuto"},"schema":{"@context":"https:\/\/schema.org","@graph":[{"@type":"Article","@id":"https:\/\/kalot.com.mx\/site\/2013\/09\/17\/messi-13-anos-con-el-barcelona-deportes\/#article","isPartOf":{"@id":"https:\/\/kalot.com.mx\/site\/2013\/09\/17\/messi-13-anos-con-el-barcelona-deportes\/"},"author":{"name":"Anastacio S\u00e1nchez","@id":"https:\/\/kalot.com.mx\/site\/#\/schema\/person\/ee236b25e18db7b6c0361096b819085e"},"headline":"Messi 13 a\u00f1os con el Barcelona #Deportes","datePublished":"2013-09-17T19:30:43+00:00","mainEntityOfPage":{"@id":"https:\/\/kalot.com.mx\/site\/2013\/09\/17\/messi-13-anos-con-el-barcelona-deportes\/"},"wordCount":282,"commentCount":0,"publisher":{"@id":"https:\/\/kalot.com.mx\/site\/#organization"},"image":{"@id":"https:\/\/kalot.com.mx\/site\/2013\/09\/17\/messi-13-anos-con-el-barcelona-deportes\/#primaryimage"},"thumbnailUrl":"https:\/\/i0.wp.com\/kalot.com.mx\/site\/wp-content\/uploads\/2013\/09\/leo-messi-3.955.375.c.jpg?fit=955%2C375&ssl=1","inLanguage":"es","potentialAction":[{"@type":"CommentAction","name":"Comment","target":["https:\/\/kalot.com.mx\/site\/2013\/09\/17\/messi-13-anos-con-el-barcelona-deportes\/#respond"]}]},{"@type":"WebPage","@id":"https:\/\/kalot.com.mx\/site\/2013\/09\/17\/messi-13-anos-con-el-barcelona-deportes\/","url":"https:\/\/kalot.com.mx\/site\/2013\/09\/17\/messi-13-anos-con-el-barcelona-deportes\/","name":"Messi 13 a\u00f1os con el Barcelona #Deportes - Kalot","isPartOf":{"@id":"https:\/\/kalot.com.mx\/site\/#website"},"primaryImageOfPage":{"@id":"https:\/\/kalot.com.mx\/site\/2013\/09\/17\/messi-13-anos-con-el-barcelona-deportes\/#primaryimage"},"image":{"@id":"https:\/\/kalot.com.mx\/site\/2013\/09\/17\/messi-13-anos-con-el-barcelona-deportes\/#primaryimage"},"thumbnailUrl":"https:\/\/i0.wp.com\/kalot.com.mx\/site\/wp-content\/uploads\/2013\/09\/leo-messi-3.955.375.c.jpg?fit=955%2C375&ssl=1","datePublished":"2013-09-17T19:30:43+00:00","description":"Hoy se cumplen 13 a\u00f1os de que Leonel Messi se incorpor\u00f3 a el Barcelona FC","breadcrumb":{"@id":"https:\/\/kalot.com.mx\/site\/2013\/09\/17\/messi-13-anos-con-el-barcelona-deportes\/#breadcrumb"},"inLanguage":"es","potentialAction":[{"@type":"ReadAction","target":["https:\/\/kalot.com.mx\/site\/2013\/09\/17\/messi-13-anos-con-el-barcelona-deportes\/"]}]},{"@type":"ImageObject","inLanguage":"es","@id":"https:\/\/kalot.com.mx\/site\/2013\/09\/17\/messi-13-anos-con-el-barcelona-deportes\/#primaryimage","url":"https:\/\/i0.wp.com\/kalot.com.mx\/site\/wp-content\/uploads\/2013\/09\/leo-messi-3.955.375.c.jpg?fit=955%2C375&ssl=1","contentUrl":"https:\/\/i0.wp.com\/kalot.com.mx\/site\/wp-content\/uploads\/2013\/09\/leo-messi-3.955.375.c.jpg?fit=955%2C375&ssl=1","width":955,"height":375},{"@type":"BreadcrumbList","@id":"https:\/\/kalot.com.mx\/site\/2013\/09\/17\/messi-13-anos-con-el-barcelona-deportes\/#breadcrumb","itemListElement":[{"@type":"ListItem","position":1,"name":"Home","item":"https:\/\/kalot.com.mx\/site\/"},{"@type":"ListItem","position":2,"name":"Messi 13 a\u00f1os con el Barcelona #Deportes"}]},{"@type":"WebSite","@id":"https:\/\/kalot.com.mx\/site\/#website","url":"https:\/\/kalot.com.mx\/site\/","name":"Kalot","description":"Conoce Todo Sobre Todo","publisher":{"@id":"https:\/\/kalot.com.mx\/site\/#organization"},"potentialAction":[{"@type":"SearchAction","target":{"@type":"EntryPoint","urlTemplate":"https:\/\/kalot.com.mx\/site\/?s={search_term_string}"},"query-input":{"@type":"PropertyValueSpecification","valueRequired":true,"valueName":"search_term_string"}}],"inLanguage":"es"},{"@type":"Organization","@id":"https:\/\/kalot.com.mx\/site\/#organization","name":"Kalot","url":"https:\/\/kalot.com.mx\/site\/","logo":{"@type":"ImageObject","inLanguage":"es","@id":"https:\/\/kalot.com.mx\/site\/#\/schema\/logo\/image\/","url":"https:\/\/i0.wp.com\/kalot.com.mx\/site\/wp-content\/uploads\/2020\/04\/Kalot-logo-sin-tagline.png?fit=1707%2C1014&ssl=1","contentUrl":"https:\/\/i0.wp.com\/kalot.com.mx\/site\/wp-content\/uploads\/2020\/04\/Kalot-logo-sin-tagline.png?fit=1707%2C1014&ssl=1","width":1707,"height":1014,"caption":"Kalot"},"image":{"@id":"https:\/\/kalot.com.mx\/site\/#\/schema\/logo\/image\/"},"sameAs":["http:\/\/facebook.com\/mxkalot","https:\/\/x.com\/kalotmx","http:\/\/instagram.com\/kalotmx","http:\/\/pinterest.com\/jorgeerana\/kalot"]},{"@type":"Person","@id":"https:\/\/kalot.com.mx\/site\/#\/schema\/person\/ee236b25e18db7b6c0361096b819085e","name":"Anastacio S\u00e1nchez","image":{"@type":"ImageObject","inLanguage":"es","@id":"https:\/\/secure.gravatar.com\/avatar\/324a92a45418ed8a3050af905f315c92e1a55b521705c4387fc1ff31aa115e86?s=96&d=mm&r=g","url":"https:\/\/secure.gravatar.com\/avatar\/324a92a45418ed8a3050af905f315c92e1a55b521705c4387fc1ff31aa115e86?s=96&d=mm&r=g","contentUrl":"https:\/\/secure.gravatar.com\/avatar\/324a92a45418ed8a3050af905f315c92e1a55b521705c4387fc1ff31aa115e86?s=96&d=mm&r=g","caption":"Anastacio S\u00e1nchez"},"description":"Soy Huasteco de nacimiento, Americanista de coraz\u00f3n y mercadologo en formaci\u00f3n, estudiante de la Universidad Polit\u00e9cnica de San Luis Potos\u00ed, Bloger novato.","sameAs":["https:\/\/twitter.com\/ASC2807"],"url":"https:\/\/kalot.com.mx\/site\/author\/tacho\/"}]}},"jetpack_publicize_connections":[],"jetpack_featured_media_url":"https:\/\/i0.wp.com\/kalot.com.mx\/site\/wp-content\/uploads\/2013\/09\/leo-messi-3.955.375.c.jpg?fit=955%2C375&ssl=1","jetpack_shortlink":"https:\/\/wp.me\/p6IHEI-tA","jetpack-related-posts":[{"id":16067,"url":"https:\/\/kalot.com.mx\/site\/2014\/05\/16\/acuerdo-de-lionel-messi-con-el-barcelona\/","url_meta":{"origin":1834,"position":0},"title":"Acuerdo de Lionel Messi con el Barcelona","author":"Daniel Cacho","date":"16 mayo, 2014","format":false,"excerpt":"El F\u00fatbol Club Barcelona ha anunciado en un comunicado oficial el acuerdo con Leo Messi para \"la adecuaci\u00f3n contractual\" con el jugador argentino. La firma est\u00e1 prevista para los pr\u00f3ximos d\u00edas. El diario MARCA ya avanzaba en su edici\u00f3n de hoy que el Bar\u00e7a y Leo Messi hab\u00edan llegado a\u2026","rel":"","context":"Entrada similar ","block_context":{"text":"Entrada similar ","link":""},"img":{"alt_text":"","src":"https:\/\/i0.wp.com\/kalot.com.mx\/site\/wp-content\/uploads\/2014\/05\/10371482_10152562643369305_4067129111577392420_n.jpg?fit=960%2C529&ssl=1&resize=350%2C200","width":350,"height":200,"srcset":"https:\/\/i0.wp.com\/kalot.com.mx\/site\/wp-content\/uploads\/2014\/05\/10371482_10152562643369305_4067129111577392420_n.jpg?fit=960%2C529&ssl=1&resize=350%2C200 1x, https:\/\/i0.wp.com\/kalot.com.mx\/site\/wp-content\/uploads\/2014\/05\/10371482_10152562643369305_4067129111577392420_n.jpg?fit=960%2C529&ssl=1&resize=525%2C300 1.5x, https:\/\/i0.wp.com\/kalot.com.mx\/site\/wp-content\/uploads\/2014\/05\/10371482_10152562643369305_4067129111577392420_n.jpg?fit=960%2C529&ssl=1&resize=700%2C400 2x"},"classes":[]},{"id":9289,"url":"https:\/\/kalot.com.mx\/site\/2014\/01\/09\/el-regreso-de-messi-sacudio-las-redes-sociales\/","url_meta":{"origin":1834,"position":1},"title":"El regreso de Messi sacudi\u00f3 las redes sociales","author":"Pepe M\u00e9ndez","date":"9 enero, 2014","format":false,"excerpt":"El pasado mi\u00e9rcoles fue un d\u00eda muy esperado para el futbol, despu\u00e9s de 2 meses fuera de acci\u00f3n, el que para muchos considerado el mejor futbolista del mundo regresar\u00eda a las canchas, estoy hablando del delantero de la selecci\u00f3n Argentina y del Barcelona, Lionel Messi. El mundo estaba atento al\u2026","rel":"","context":"Entrada similar ","block_context":{"text":"Entrada similar ","link":""},"img":{"alt_text":"","src":"https:\/\/i0.wp.com\/kalot.com.mx\/site\/wp-content\/uploads\/2014\/01\/lionel-messi.jpg?fit=1200%2C776&ssl=1&resize=350%2C200","width":350,"height":200,"srcset":"https:\/\/i0.wp.com\/kalot.com.mx\/site\/wp-content\/uploads\/2014\/01\/lionel-messi.jpg?fit=1200%2C776&ssl=1&resize=350%2C200 1x, https:\/\/i0.wp.com\/kalot.com.mx\/site\/wp-content\/uploads\/2014\/01\/lionel-messi.jpg?fit=1200%2C776&ssl=1&resize=525%2C300 1.5x, https:\/\/i0.wp.com\/kalot.com.mx\/site\/wp-content\/uploads\/2014\/01\/lionel-messi.jpg?fit=1200%2C776&ssl=1&resize=700%2C400 2x, https:\/\/i0.wp.com\/kalot.com.mx\/site\/wp-content\/uploads\/2014\/01\/lionel-messi.jpg?fit=1200%2C776&ssl=1&resize=1050%2C600 3x"},"classes":[]},{"id":2742,"url":"https:\/\/kalot.com.mx\/site\/2013\/09\/30\/messi-vs-cristiano-una-rivalidad-entre-marcas\/","url_meta":{"origin":1834,"position":2},"title":"Messi vs Cristiano, una rivalidad entre marcas.","author":"Pepe M\u00e9ndez","date":"30 septiembre, 2013","format":false,"excerpt":"Los jugadores Lionel Messi, futbolista del Barcelona, y Cristiano Ronaldo, futbolista del Real Madrid, son por muchas personas considerados como los mejores jugadores de f\u00fatbol en el mundo y son ellos los protagonistas de una batalla no solo por ser parte de equipos rivales, sino por ser las im\u00e1genes de\u2026","rel":"","context":"Entrada similar ","block_context":{"text":"Entrada similar ","link":""},"img":{"alt_text":"","src":"https:\/\/i0.wp.com\/kalot.com.mx\/site\/wp-content\/uploads\/2013\/09\/ronaldo_messi_800_811830.jpg?fit=800%2C600&ssl=1&resize=350%2C200","width":350,"height":200,"srcset":"https:\/\/i0.wp.com\/kalot.com.mx\/site\/wp-content\/uploads\/2013\/09\/ronaldo_messi_800_811830.jpg?fit=800%2C600&ssl=1&resize=350%2C200 1x, https:\/\/i0.wp.com\/kalot.com.mx\/site\/wp-content\/uploads\/2013\/09\/ronaldo_messi_800_811830.jpg?fit=800%2C600&ssl=1&resize=525%2C300 1.5x, https:\/\/i0.wp.com\/kalot.com.mx\/site\/wp-content\/uploads\/2013\/09\/ronaldo_messi_800_811830.jpg?fit=800%2C600&ssl=1&resize=700%2C400 2x"},"classes":[]},{"id":9488,"url":"https:\/\/kalot.com.mx\/site\/2014\/01\/13\/reacciones-del-balon-de-oro\/","url_meta":{"origin":1834,"position":3},"title":"Reacciones del &#8220;Bal\u00f3n de Oro&#8221;","author":"Daniel Cacho","date":"13 enero, 2014","format":false,"excerpt":"Cuando Pel\u00e9 anunci\u00f3 el nombre de Cristiano Ronaldo\u00a0como ganador del premio FIFA Ballon d\u2019Or, el astro portugu\u00e9s dio un beso a su novia y subi\u00f3 al escenario del Kongresshaus, en Z\u00farich, para recibir de manos del genial brasile\u00f1o la distinci\u00f3n que lo acreditaba como mejor futbolista del planeta de 2013.\u2026","rel":"","context":"En &quot;Sin categor\u00eda&quot;","block_context":{"text":"Sin categor\u00eda","link":"https:\/\/kalot.com.mx\/site\/category\/sin-categoria\/"},"img":{"alt_text":"","src":"https:\/\/i0.wp.com\/kalot.com.mx\/site\/wp-content\/uploads\/2014\/01\/2260598_FULL-LND.jpg?fit=652%2C366&ssl=1&resize=350%2C200","width":350,"height":200,"srcset":"https:\/\/i0.wp.com\/kalot.com.mx\/site\/wp-content\/uploads\/2014\/01\/2260598_FULL-LND.jpg?fit=652%2C366&ssl=1&resize=350%2C200 1x, https:\/\/i0.wp.com\/kalot.com.mx\/site\/wp-content\/uploads\/2014\/01\/2260598_FULL-LND.jpg?fit=652%2C366&ssl=1&resize=525%2C300 1.5x"},"classes":[]},{"id":13914,"url":"https:\/\/kalot.com.mx\/site\/2014\/03\/25\/prueba-superada\/","url_meta":{"origin":1834,"position":4},"title":"PRUEBA SUPERADA","author":"Juan Ol\u00e1is","date":"25 marzo, 2014","format":false,"excerpt":"PRUEBA SUPERADA \u00a0El pasado domingo, el mundo entero fue testigo de uno de los mejores partidos en lo que va de la temporada de f\u00fatbol en cualquier competencia: El partido por la jornada 29 de la Liga, Real Madrid contra F.C. Barcelona. \u00a0Desde hac\u00eda ya algunos a\u00f1os, el Real Madrid\u2026","rel":"","context":"En &quot;Sin categor\u00eda&quot;","block_context":{"text":"Sin categor\u00eda","link":"https:\/\/kalot.com.mx\/site\/category\/sin-categoria\/"},"img":{"alt_text":"","src":"https:\/\/i0.wp.com\/kalot.com.mx\/site\/wp-content\/uploads\/2014\/03\/tata-martino.jpg?fit=770%2C433&ssl=1&resize=350%2C200","width":350,"height":200,"srcset":"https:\/\/i0.wp.com\/kalot.com.mx\/site\/wp-content\/uploads\/2014\/03\/tata-martino.jpg?fit=770%2C433&ssl=1&resize=350%2C200 1x, https:\/\/i0.wp.com\/kalot.com.mx\/site\/wp-content\/uploads\/2014\/03\/tata-martino.jpg?fit=770%2C433&ssl=1&resize=525%2C300 1.5x, https:\/\/i0.wp.com\/kalot.com.mx\/site\/wp-content\/uploads\/2014\/03\/tata-martino.jpg?fit=770%2C433&ssl=1&resize=700%2C400 2x"},"classes":[]},{"id":7672,"url":"https:\/\/kalot.com.mx\/site\/2013\/12\/09\/nuevo-episodio-de-balon-de-oro\/","url_meta":{"origin":1834,"position":5},"title":"Nuevo Episodio de Bal\u00f3n de Oro","author":"Daniel Cacho","date":"9 diciembre, 2013","format":false,"excerpt":"El argentino Lionel Messi (FC Barcelona), el franc\u00e9s Frank Rib\u00e9ry (Bayern Munich) y el portugu\u00e9s Cristiano Ronaldo (Real Madrid) son los tres finalistas oficiales a alzarse el pr\u00f3ximo 13 de enero con el Bal\u00f3n de Oro de la FIFA 2013, anunci\u00f3 este lunes la revista \"France Football\". Messi ha ganado\u2026","rel":"","context":"En &quot;Sin categor\u00eda&quot;","block_context":{"text":"Sin categor\u00eda","link":"https:\/\/kalot.com.mx\/site\/category\/sin-categoria\/"},"img":{"alt_text":"","src":"https:\/\/i0.wp.com\/kalot.com.mx\/site\/wp-content\/uploads\/2013\/12\/web_v111101089_big_tp.jpg?fit=600%2C400&ssl=1&resize=350%2C200","width":350,"height":200,"srcset":"https:\/\/i0.wp.com\/kalot.com.mx\/site\/wp-content\/uploads\/2013\/12\/web_v111101089_big_tp.jpg?fit=600%2C400&ssl=1&resize=350%2C200 1x, https:\/\/i0.wp.com\/kalot.com.mx\/site\/wp-content\/uploads\/2013\/12\/web_v111101089_big_tp.jpg?fit=600%2C400&ssl=1&resize=525%2C300 1.5x"},"classes":[]}],"jetpack_sharing_enabled":true,"_links":{"self":[{"href":"https:\/\/kalot.com.mx\/site\/wp-json\/wp\/v2\/posts\/1834","targetHints":{"allow":["GET"]}}],"collection":[{"href":"https:\/\/kalot.com.mx\/site\/wp-json\/wp\/v2\/posts"}],"about":[{"href":"https:\/\/kalot.com.mx\/site\/wp-json\/wp\/v2\/types\/post"}],"author":[{"embeddable":true,"href":"https:\/\/kalot.com.mx\/site\/wp-json\/wp\/v2\/users\/19"}],"replies":[{"embeddable":true,"href":"https:\/\/kalot.com.mx\/site\/wp-json\/wp\/v2\/comments?post=1834"}],"version-history":[{"count":0,"href":"https:\/\/kalot.com.mx\/site\/wp-json\/wp\/v2\/posts\/1834\/revisions"}],"wp:featuredmedia":[{"embeddable":true,"href":"https:\/\/kalot.com.mx\/site\/wp-json\/wp\/v2\/media\/1838"}],"wp:attachment":[{"href":"https:\/\/kalot.com.mx\/site\/wp-json\/wp\/v2\/media?parent=1834"}],"wp:term":[{"taxonomy":"category","embeddable":true,"href":"https:\/\/kalot.com.mx\/site\/wp-json\/wp\/v2\/categories?post=1834"},{"taxonomy":"post_tag","embeddable":true,"href":"https:\/\/kalot.com.mx\/site\/wp-json\/wp\/v2\/tags?post=1834"}],"curies":[{"name":"wp","href":"https:\/\/api.w.org\/{rel}","templated":true}]}}