{"id":18264,"date":"2014-09-23T12:42:00","date_gmt":"2014-09-23T17:42:00","guid":{"rendered":"http:\/\/www.kalot.com.mx\/?p=18264"},"modified":"2014-09-23T12:50:13","modified_gmt":"2014-09-23T17:50:13","slug":"movistar-mexico-presento-su-red-4g-lte","status":"publish","type":"post","link":"https:\/\/kalot.com.mx\/site\/2014\/09\/23\/movistar-mexico-presento-su-red-4g-lte\/","title":{"rendered":"Movistar M\u00e9xico present\u00f3 su Red 4G LTE"},"content":{"rendered":"<div class=\"fb-xfbml-parse-ignore\" style=\"text-align: justify;\">Hola Kalochos y Kalochas hoy despu\u00e9s de un buen tiempo regreso a escribir y a compartir con ustedes lo que me apasiona, la tecnolog\u00eda\u2026<\/div>\n<div class=\"fb-xfbml-parse-ignore\" style=\"text-align: justify;\"><\/div>\n<div class=\"fb-xfbml-parse-ignore\" style=\"text-align: justify;\">Esto fue lo que pas\u00f3 en la presentaci\u00f3n de <strong>Movistar<\/strong> con su nueva red <strong>4G LTE,<\/strong> disponible por el momento solo para la Cd de M\u00e9xico. Por si no lo sab\u00edas o todav\u00eda te confundes un poco con esto de las redes celulares y sus velocidades checa la siguiente imagen para que sepas lo que es r\u00e1pidamente.<\/div>\n<div class=\"fb-xfbml-parse-ignore\" style=\"text-align: justify;\"><\/div>\n<div class=\"fb-xfbml-parse-ignore\" style=\"text-align: justify;\">Recuerdan cuando les preguntan\u00a0que de cu\u00e1ntos \u201c<strong>megas<\/strong>\u201d es su conexi\u00f3n de <em>Infinitum<\/em> o la red que tengan en su casa y ustedes contestan que 2 o 3 <strong>megas<\/strong>, pues es algo similar con las redes m\u00f3viles y en este caso el <strong>LTE<\/strong> es como la fibra \u00f3ptica de sus casas pero ahora en sus celulares.<\/div>\n<div class=\"fb-xfbml-parse-ignore\" style=\"text-align: justify;\"><\/div>\n<div class=\"fb-xfbml-parse-ignore\" style=\"text-align: justify;\">El <strong>LTE<\/strong> seg\u00fan <a href=\"http:\/\/en.wikipedia.org\/wiki\/LTE_(telecommunication)\" target=\"_blank\">Wikipedia <\/a>es conocida como <em>Long Term Evolution<\/em> y para explicarlo m\u00e1s gr\u00e1ficamente pueden ver la diferencia en esta imagen:<\/div>\n<div class=\"fb-xfbml-parse-ignore\" style=\"text-align: justify;\"><img data-recalc-dims=\"1\" fetchpriority=\"high\" decoding=\"async\" data-attachment-id=\"18268\" data-permalink=\"https:\/\/kalot.com.mx\/site\/2014\/09\/23\/movistar-mexico-presento-su-red-4g-lte\/n2kl5\/\" data-orig-file=\"https:\/\/i0.wp.com\/kalot.com.mx\/site\/wp-content\/uploads\/2014\/09\/N2kl5.jpg?fit=759%2C554&ssl=1\" data-orig-size=\"759,554\" data-comments-opened=\"1\" data-image-meta=\"{&quot;aperture&quot;:&quot;0&quot;,&quot;credit&quot;:&quot;&quot;,&quot;camera&quot;:&quot;&quot;,&quot;caption&quot;:&quot;&quot;,&quot;created_timestamp&quot;:&quot;0&quot;,&quot;copyright&quot;:&quot;&quot;,&quot;focal_length&quot;:&quot;0&quot;,&quot;iso&quot;:&quot;0&quot;,&quot;shutter_speed&quot;:&quot;0&quot;,&quot;title&quot;:&quot;&quot;,&quot;orientation&quot;:&quot;0&quot;}\" data-image-title=\"lte\" data-image-description=\"\" data-image-caption=\"\" data-large-file=\"https:\/\/i0.wp.com\/kalot.com.mx\/site\/wp-content\/uploads\/2014\/09\/N2kl5.jpg?fit=759%2C554&ssl=1\" src=\"https:\/\/i0.wp.com\/www.kalot.com.mx\/wp-content\/uploads\/2014\/09\/N2kl5.jpg?resize=759%2C554\" alt=\"lte\" width=\"759\" height=\"554\" class=\"aligncenter size-full wp-image-18268\" srcset=\"https:\/\/i0.wp.com\/kalot.com.mx\/site\/wp-content\/uploads\/2014\/09\/N2kl5.jpg?w=759&ssl=1 759w, https:\/\/i0.wp.com\/kalot.com.mx\/site\/wp-content\/uploads\/2014\/09\/N2kl5.jpg?resize=380%2C277&ssl=1 380w, https:\/\/i0.wp.com\/kalot.com.mx\/site\/wp-content\/uploads\/2014\/09\/N2kl5.jpg?resize=300%2C219&ssl=1 300w\" sizes=\"(max-width: 759px) 100vw, 759px\" \/><\/div>\n<div class=\"fb-xfbml-parse-ignore\" style=\"text-align: justify;\"><\/div>\n<div class=\"fb-xfbml-parse-ignore\" style=\"text-align: justify;\">La imagen de la derecha es una captura de la velocidad del internet <strong>3G<\/strong> de EE y la derecha con tecnolog\u00eda <strong>LTE<\/strong>, \u00bfven la diferencia? puede parecer poco pero realmente esa velocidad de 3G es muy alta, en nuestro pa\u00eds por mucho llegaba a 2 \u201cmegas\u201d Mb\/s en redes celulares as\u00ed que la diferencia se nota much\u00edsimo cuando utilizas <strong>LTE<\/strong>.<\/div>\n<div class=\"fb-xfbml-parse-ignore\" style=\"text-align: justify;\"><\/div>\n<div class=\"fb-xfbml-parse-ignore\" style=\"text-align: justify;\">Esta es una captura que tom\u00e9 en la presentaci\u00f3n de <strong>LTE de Movistar<\/strong> en Parque M\u00e9xico el pasado s\u00e1bado, realmente espero que esa velocidad haya sido tan baja debido a la cantidad de gente que hab\u00eda concentrada en ese lugar pero realmente es muy bajo para ser considerado como <strong>LTE<\/strong>, por ejemplo Iusacell ofrece su \u201c4G\u201d desde hace tiempo pero es una red HSPA+ que alcanzaba entre 2 y 5 Mb\/s.<\/div>\n<div class=\"fb-xfbml-parse-ignore\" style=\"text-align: justify;\"><\/div>\n<div class=\"fb-xfbml-parse-ignore\" style=\"text-align: justify;\"><img data-recalc-dims=\"1\" decoding=\"async\" data-attachment-id=\"18276\" data-permalink=\"https:\/\/kalot.com.mx\/site\/2014\/09\/23\/movistar-mexico-presento-su-red-4g-lte\/img_20140920_155855\/\" data-orig-file=\"https:\/\/i0.wp.com\/kalot.com.mx\/site\/wp-content\/uploads\/2014\/09\/IMG_20140920_155855-scaled.jpg?fit=1920%2C2560&ssl=1\" data-orig-size=\"1920,2560\" data-comments-opened=\"1\" data-image-meta=\"{&quot;aperture&quot;:&quot;2.4&quot;,&quot;credit&quot;:&quot;&quot;,&quot;camera&quot;:&quot;XT1032&quot;,&quot;caption&quot;:&quot;&quot;,&quot;created_timestamp&quot;:&quot;1039348800&quot;,&quot;copyright&quot;:&quot;&quot;,&quot;focal_length&quot;:&quot;3.5&quot;,&quot;iso&quot;:&quot;125&quot;,&quot;shutter_speed&quot;:&quot;0.0044&quot;,&quot;title&quot;:&quot;&quot;,&quot;orientation&quot;:&quot;1&quot;}\" data-image-title=\"IMG_20140920_155855\" data-image-description=\"\" data-image-caption=\"\" data-large-file=\"https:\/\/i0.wp.com\/kalot.com.mx\/site\/wp-content\/uploads\/2014\/09\/IMG_20140920_155855-scaled.jpg?fit=768%2C1024&ssl=1\" src=\"https:\/\/i0.wp.com\/www.kalot.com.mx\/wp-content\/uploads\/2014\/09\/IMG_20140920_155855-768x1024.jpg?resize=768%2C1024\" alt=\"IMG_20140920_155855\" width=\"768\" height=\"1024\" class=\"aligncenter wp-image-18276 size-large\" srcset=\"https:\/\/i0.wp.com\/kalot.com.mx\/site\/wp-content\/uploads\/2014\/09\/IMG_20140920_155855-scaled.jpg?resize=768%2C1024&ssl=1 768w, https:\/\/i0.wp.com\/kalot.com.mx\/site\/wp-content\/uploads\/2014\/09\/IMG_20140920_155855-scaled.jpg?resize=1152%2C1536&ssl=1 1152w, https:\/\/i0.wp.com\/kalot.com.mx\/site\/wp-content\/uploads\/2014\/09\/IMG_20140920_155855-scaled.jpg?resize=1536%2C2048&ssl=1 1536w, https:\/\/i0.wp.com\/kalot.com.mx\/site\/wp-content\/uploads\/2014\/09\/IMG_20140920_155855-scaled.jpg?resize=380%2C507&ssl=1 380w, https:\/\/i0.wp.com\/kalot.com.mx\/site\/wp-content\/uploads\/2014\/09\/IMG_20140920_155855-scaled.jpg?resize=800%2C1067&ssl=1 800w, https:\/\/i0.wp.com\/kalot.com.mx\/site\/wp-content\/uploads\/2014\/09\/IMG_20140920_155855-scaled.jpg?resize=1160%2C1547&ssl=1 1160w, https:\/\/i0.wp.com\/kalot.com.mx\/site\/wp-content\/uploads\/2014\/09\/IMG_20140920_155855-scaled.jpg?resize=225%2C300&ssl=1 225w, https:\/\/i0.wp.com\/kalot.com.mx\/site\/wp-content\/uploads\/2014\/09\/IMG_20140920_155855-scaled.jpg?resize=810%2C1080&ssl=1 810w, https:\/\/i0.wp.com\/kalot.com.mx\/site\/wp-content\/uploads\/2014\/09\/IMG_20140920_155855-scaled.jpg?resize=1140%2C1520&ssl=1 1140w, https:\/\/i0.wp.com\/kalot.com.mx\/site\/wp-content\/uploads\/2014\/09\/IMG_20140920_155855-scaled.jpg?w=1920&ssl=1 1920w\" sizes=\"(max-width: 768px) 100vw, 768px\" \/><\/div>\n<div class=\"fb-xfbml-parse-ignore\" style=\"text-align: justify;\"><\/div>\n<div class=\"fb-xfbml-parse-ignore\" style=\"text-align: justify;\">Como pueden observara la velocidad que arroja la p\u00e1gina de <a href=\"http:\/\/mobilespeedtest.com\">mobilespeedtest<\/a>\u00a0est\u00e1 apenas pasando los 5 \u201cmegas\u201d Mb\/s y para ser velocidad <strong>LTE<\/strong> si es algo baja, pero le daremos el beneficio de la duda a <strong>Movistar<\/strong> por la saturaci\u00f3n que hab\u00eda de smartphones y computadoras conectadas a su red en el momento.<\/div>\n<div class=\"fb-xfbml-parse-ignore\" style=\"text-align: justify;\"><\/div>\n<div class=\"fb-xfbml-parse-ignore\" style=\"text-align: justify;\">Esta es una captura de la velocidad \u201cpromedio\u201d que tiene la Red <strong>LTE de Telcel<\/strong> en M\u00e9xico, con amplia cobertura en todo el pa\u00eds donde podemos ver una gran diferencia con picos de hasta 20 \u201cmegas\u201d Mb\/s.<\/div>\n<div class=\"fb-xfbml-parse-ignore\">\n<figure id=\"attachment_18267\" aria-describedby=\"caption-attachment-18267\" style=\"width: 700px\" class=\"wp-caption aligncenter\"><img data-recalc-dims=\"1\" decoding=\"async\" data-attachment-id=\"18267\" data-permalink=\"https:\/\/kalot.com.mx\/site\/2014\/09\/23\/movistar-mexico-presento-su-red-4g-lte\/4g-lte-telcel-interna2\/\" data-orig-file=\"https:\/\/i0.wp.com\/kalot.com.mx\/site\/wp-content\/uploads\/2014\/09\/4g-lte-telcel-interna2.jpg?fit=700%2C514&ssl=1\" data-orig-size=\"700,514\" data-comments-opened=\"1\" data-image-meta=\"{&quot;aperture&quot;:&quot;0&quot;,&quot;credit&quot;:&quot;&quot;,&quot;camera&quot;:&quot;&quot;,&quot;caption&quot;:&quot;&quot;,&quot;created_timestamp&quot;:&quot;0&quot;,&quot;copyright&quot;:&quot;&quot;,&quot;focal_length&quot;:&quot;0&quot;,&quot;iso&quot;:&quot;0&quot;,&quot;shutter_speed&quot;:&quot;0&quot;,&quot;title&quot;:&quot;&quot;,&quot;orientation&quot;:&quot;1&quot;}\" data-image-title=\"telcel lte\" data-image-description=\"\" data-image-caption=\"\" data-large-file=\"https:\/\/i0.wp.com\/kalot.com.mx\/site\/wp-content\/uploads\/2014\/09\/4g-lte-telcel-interna2.jpg?fit=700%2C514&ssl=1\" src=\"https:\/\/i0.wp.com\/www.kalot.com.mx\/wp-content\/uploads\/2014\/09\/4g-lte-telcel-interna2.jpg?resize=700%2C514\" alt=\"telcel lte\" width=\"700\" height=\"514\" class=\"wp-image-18267 size-full\" srcset=\"https:\/\/i0.wp.com\/kalot.com.mx\/site\/wp-content\/uploads\/2014\/09\/4g-lte-telcel-interna2.jpg?w=700&ssl=1 700w, https:\/\/i0.wp.com\/kalot.com.mx\/site\/wp-content\/uploads\/2014\/09\/4g-lte-telcel-interna2.jpg?resize=600%2C440&ssl=1 600w, https:\/\/i0.wp.com\/kalot.com.mx\/site\/wp-content\/uploads\/2014\/09\/4g-lte-telcel-interna2.jpg?resize=380%2C279&ssl=1 380w, https:\/\/i0.wp.com\/kalot.com.mx\/site\/wp-content\/uploads\/2014\/09\/4g-lte-telcel-interna2.jpg?resize=300%2C220&ssl=1 300w\" sizes=\"(max-width: 700px) 100vw, 700px\" \/><figcaption id=\"caption-attachment-18267\" class=\"wp-caption-text\">Captura de pantalla red LTE Telcel M\u00e9xico v\u00eda Google Images<\/figcaption><\/figure>\n<p style=\"text-align: justify;\">Ahora la cuesti\u00f3n es \u00bfqu\u00e9 ofrecer\u00e1 Movistar para ese gran mercado que no quiere trabajar con Telcel? desafortunadamente de acuerdo a los \u00faltimos reportes de portabilidad en M\u00e9xico se se\u00f1al\u00f3 que Movistar perdi\u00f3 casi 4 millones de usuarios por portabilidad (cambiar tu mismo n\u00famero a otra compa\u00f1\u00eda) y con la integraci\u00f3n de los servicios de Tuenti y Virgin Mobile esperemos que se puedan aprovechar las capacidades de esta magn\u00edfica red.<\/p>\n<p style=\"text-align: justify;\">Por el momento no hay comunicado oficial para la presentaci\u00f3n de nuevos planes o paquetes de datos con el uso de su nueva red LTE pero tengan por seguro que ser\u00e1n econ\u00f3micos y con cobertura nacional dentro de pocos meses.<\/p>\n<p style=\"text-align: justify;\">Respecto a la campa\u00f1a de lanzamiento, tuve la oportunidad de asistir y tengo que admitir que me encant\u00f3 el concepto de #VasAVolar con activaciones de compa\u00f1\u00edas como Instagram, Pinterest, Vine, Youtube, Google, entre toros. Con diferentes actividades para regalar cargadores port\u00e1tiles, mochilas con celdas solares y hasta sudaderas\u00a0con sonido. Buena energ\u00eda, gente deseosa de conocer esta nueva tecnolog\u00eda y m\u00fasica fueron los elementos que sobresalieron en la presentaci\u00f3n, adem\u00e1s del <em><strong>nerdgasm<\/strong><\/em> de ver tantos <strong>drones<\/strong> volando para grabar comerciales y video del evento.<\/p>\n<div id=\"fb-root\"><\/div>\n<p> <script>(function(d, s, id) { var js, fjs = d.getElementsByTagName(s)[0]; if (d.getElementById(id)) return; js = d.createElement(s); js.id = id; js.src = \"\/\/connect.facebook.net\/es_LA\/all.js#xfbml=1\"; fjs.parentNode.insertBefore(js, fjs); }(document, 'script', 'facebook-jssdk'));<\/script><\/p>\n<div class=\"fb-post\" data-href=\"https:\/\/www.facebook.com\/mxkalot\/posts\/740098366057182\" data-width=\"466\">\n<div class=\"fb-xfbml-parse-ignore\"><a href=\"https:\/\/www.facebook.com\/mxkalot\/posts\/740098366057182\">Publicaci\u00f3n<\/a> de <a href=\"https:\/\/www.facebook.com\/mxkalot\">Kalot<\/a>.<\/div>\n<\/div>\n<p style=\"text-align: justify;\">En fin, la decisi\u00f3n est\u00e1 en ustedes yo he tenido la oportunidad de usar la red <strong>LTE de Telcel<\/strong> y realmente la diferencia es muy notoria, si a eso le sumas un buen smartphone con capacidad para <strong>LTE<\/strong> tendr\u00e1s una experiencia\u00a0sensacional. Movistar anunci\u00f3 que sus planes estar\u00e1n disponibles el 3 de octubre con \u00e9nfasis en el consumo de datos (internet) adem\u00e1s de contar con llamadas y sms gratis.<\/p>\n<p style=\"text-align: justify;\"><strong>\u00bfHas usado la red LTE de Telcel? \u00bfprobar\u00e1s la red LTE de Movistar? cu\u00e9ntanos en los comentarios<\/strong><\/p>\n<p>\u00a0<\/p>\n<\/div>\n","protected":false},"excerpt":{"rendered":"Hola Kalochos y Kalochas hoy despu\u00e9s de un buen tiempo regreso a escribir y a compartir con ustedes&hellip;\n","protected":false},"author":1,"featured_media":18265,"comment_status":"open","ping_status":"open","sticky":false,"template":"","format":"standard","meta":{"jetpack_post_was_ever_published":false,"_jetpack_newsletter_access":"","_jetpack_dont_email_post_to_subs":false,"_jetpack_newsletter_tier_id":0,"_jetpack_memberships_contains_paywalled_content":false,"_jetpack_memberships_contains_paid_content":false,"footnotes":"","jetpack_publicize_message":"","jetpack_publicize_feature_enabled":true,"jetpack_social_post_already_shared":true,"jetpack_social_options":{"image_generator_settings":{"template":"highway","default_image_id":0,"font":"","enabled":false},"version":2}},"categories":[],"tags":[],"class_list":{"0":"post-18264","1":"post","2":"type-post","3":"status-publish","4":"format-standard","5":"has-post-thumbnail","7":"cs-entry","8":"cs-video-wrap"},"yoast_head":"<!-- This site is optimized with the Yoast SEO plugin v27.5 - https:\/\/yoast.com\/product\/yoast-seo-wordpress\/ -->\n<title>Movistar M\u00e9xico present\u00f3 su Red 4G LTE  - Kalot<\/title>\n<meta name=\"description\" content=\"Hola Kalochos y Kalochas hoy despu\u00e9s de un buen tiempo regreso a escribir y a compartir con ustedes lo que me apasiona, la tecnolog\u00eda... Esto fue lo que\" \/>\n<meta name=\"robots\" content=\"index, follow, max-snippet:-1, max-image-preview:large, max-video-preview:-1\" \/>\n<link rel=\"canonical\" href=\"https:\/\/kalot.com.mx\/site\/2014\/09\/23\/movistar-mexico-presento-su-red-4g-lte\/\" \/>\n<meta property=\"og:locale\" content=\"es_MX\" \/>\n<meta property=\"og:type\" content=\"article\" \/>\n<meta property=\"og:title\" content=\"Movistar M\u00e9xico present\u00f3 su Red 4G LTE  - Kalot\" \/>\n<meta property=\"og:description\" content=\"Hola Kalochos y Kalochas hoy despu\u00e9s de un buen tiempo regreso a escribir y a compartir con ustedes lo que me apasiona, la tecnolog\u00eda... Esto fue lo que\" \/>\n<meta property=\"og:url\" content=\"https:\/\/kalot.com.mx\/site\/2014\/09\/23\/movistar-mexico-presento-su-red-4g-lte\/\" \/>\n<meta property=\"og:site_name\" content=\"Kalot\" \/>\n<meta property=\"article:publisher\" content=\"http:\/\/facebook.com\/mxkalot\" \/>\n<meta property=\"article:author\" content=\"http:\/\/www.facebook.com\/jorgeerana\" \/>\n<meta property=\"article:published_time\" content=\"2014-09-23T17:42:00+00:00\" \/>\n<meta property=\"article:modified_time\" content=\"2014-09-23T17:50:13+00:00\" \/>\n<meta property=\"og:image\" content=\"https:\/\/i1.wp.com\/kalot.com.mx\/site\/wp-content\/uploads\/2014\/09\/10686831_740087999391552_4129463639946274944_n.jpg?fit=960%2C720&ssl=1\" \/>\n\t<meta property=\"og:image:width\" content=\"960\" \/>\n\t<meta property=\"og:image:height\" content=\"720\" \/>\n\t<meta property=\"og:image:type\" content=\"image\/jpeg\" \/>\n<meta name=\"author\" content=\"Jorge Era\u00f1a\" \/>\n<meta name=\"twitter:card\" content=\"summary_large_image\" \/>\n<meta name=\"twitter:creator\" content=\"@jorge_erana\" \/>\n<meta name=\"twitter:site\" content=\"@kalotmx\" \/>\n<meta name=\"twitter:label1\" content=\"Escrito por\" \/>\n\t<meta name=\"twitter:data1\" content=\"Jorge Era\u00f1a\" \/>\n\t<meta name=\"twitter:label2\" content=\"Tiempo de lectura\" \/>\n\t<meta name=\"twitter:data2\" content=\"4 minutos\" \/>\n<!-- \/ Yoast SEO plugin. -->","yoast_head_json":{"title":"Movistar M\u00e9xico present\u00f3 su Red 4G LTE  - Kalot","description":"Hola Kalochos y Kalochas hoy despu\u00e9s de un buen tiempo regreso a escribir y a compartir con ustedes lo que me apasiona, la tecnolog\u00eda... Esto fue lo que","robots":{"index":"index","follow":"follow","max-snippet":"max-snippet:-1","max-image-preview":"max-image-preview:large","max-video-preview":"max-video-preview:-1"},"canonical":"https:\/\/kalot.com.mx\/site\/2014\/09\/23\/movistar-mexico-presento-su-red-4g-lte\/","og_locale":"es_MX","og_type":"article","og_title":"Movistar M\u00e9xico present\u00f3 su Red 4G LTE  - Kalot","og_description":"Hola Kalochos y Kalochas hoy despu\u00e9s de un buen tiempo regreso a escribir y a compartir con ustedes lo que me apasiona, la tecnolog\u00eda... Esto fue lo que","og_url":"https:\/\/kalot.com.mx\/site\/2014\/09\/23\/movistar-mexico-presento-su-red-4g-lte\/","og_site_name":"Kalot","article_publisher":"http:\/\/facebook.com\/mxkalot","article_author":"http:\/\/www.facebook.com\/jorgeerana","article_published_time":"2014-09-23T17:42:00+00:00","article_modified_time":"2014-09-23T17:50:13+00:00","og_image":[{"width":960,"height":720,"url":"https:\/\/i1.wp.com\/kalot.com.mx\/site\/wp-content\/uploads\/2014\/09\/10686831_740087999391552_4129463639946274944_n.jpg?fit=960%2C720&ssl=1","type":"image\/jpeg"}],"author":"Jorge Era\u00f1a","twitter_card":"summary_large_image","twitter_creator":"@jorge_erana","twitter_site":"@kalotmx","twitter_misc":{"Escrito por":"Jorge Era\u00f1a","Tiempo de lectura":"4 minutos"},"schema":{"@context":"https:\/\/schema.org","@graph":[{"@type":"Article","@id":"https:\/\/kalot.com.mx\/site\/2014\/09\/23\/movistar-mexico-presento-su-red-4g-lte\/#article","isPartOf":{"@id":"https:\/\/kalot.com.mx\/site\/2014\/09\/23\/movistar-mexico-presento-su-red-4g-lte\/"},"author":{"name":"Jorge Era\u00f1a","@id":"https:\/\/kalot.com.mx\/site\/#\/schema\/person\/439e32b5ce86d9bc80cf42ab58e1c6e0"},"headline":"Movistar M\u00e9xico present\u00f3 su Red 4G LTE","datePublished":"2014-09-23T17:42:00+00:00","dateModified":"2014-09-23T17:50:13+00:00","mainEntityOfPage":{"@id":"https:\/\/kalot.com.mx\/site\/2014\/09\/23\/movistar-mexico-presento-su-red-4g-lte\/"},"wordCount":736,"commentCount":0,"publisher":{"@id":"https:\/\/kalot.com.mx\/site\/#organization"},"image":{"@id":"https:\/\/kalot.com.mx\/site\/2014\/09\/23\/movistar-mexico-presento-su-red-4g-lte\/#primaryimage"},"thumbnailUrl":"https:\/\/i0.wp.com\/kalot.com.mx\/site\/wp-content\/uploads\/2014\/09\/10686831_740087999391552_4129463639946274944_n.jpg?fit=960%2C720&ssl=1","inLanguage":"es","potentialAction":[{"@type":"CommentAction","name":"Comment","target":["https:\/\/kalot.com.mx\/site\/2014\/09\/23\/movistar-mexico-presento-su-red-4g-lte\/#respond"]}]},{"@type":"WebPage","@id":"https:\/\/kalot.com.mx\/site\/2014\/09\/23\/movistar-mexico-presento-su-red-4g-lte\/","url":"https:\/\/kalot.com.mx\/site\/2014\/09\/23\/movistar-mexico-presento-su-red-4g-lte\/","name":"Movistar M\u00e9xico present\u00f3 su Red 4G LTE - Kalot","isPartOf":{"@id":"https:\/\/kalot.com.mx\/site\/#website"},"primaryImageOfPage":{"@id":"https:\/\/kalot.com.mx\/site\/2014\/09\/23\/movistar-mexico-presento-su-red-4g-lte\/#primaryimage"},"image":{"@id":"https:\/\/kalot.com.mx\/site\/2014\/09\/23\/movistar-mexico-presento-su-red-4g-lte\/#primaryimage"},"thumbnailUrl":"https:\/\/i0.wp.com\/kalot.com.mx\/site\/wp-content\/uploads\/2014\/09\/10686831_740087999391552_4129463639946274944_n.jpg?fit=960%2C720&ssl=1","datePublished":"2014-09-23T17:42:00+00:00","dateModified":"2014-09-23T17:50:13+00:00","description":"Hola Kalochos y Kalochas hoy despu\u00e9s de un buen tiempo regreso a escribir y a compartir con ustedes lo que me apasiona, la tecnolog\u00eda... Esto fue lo que","breadcrumb":{"@id":"https:\/\/kalot.com.mx\/site\/2014\/09\/23\/movistar-mexico-presento-su-red-4g-lte\/#breadcrumb"},"inLanguage":"es","potentialAction":[{"@type":"ReadAction","target":["https:\/\/kalot.com.mx\/site\/2014\/09\/23\/movistar-mexico-presento-su-red-4g-lte\/"]}]},{"@type":"ImageObject","inLanguage":"es","@id":"https:\/\/kalot.com.mx\/site\/2014\/09\/23\/movistar-mexico-presento-su-red-4g-lte\/#primaryimage","url":"https:\/\/i0.wp.com\/kalot.com.mx\/site\/wp-content\/uploads\/2014\/09\/10686831_740087999391552_4129463639946274944_n.jpg?fit=960%2C720&ssl=1","contentUrl":"https:\/\/i0.wp.com\/kalot.com.mx\/site\/wp-content\/uploads\/2014\/09\/10686831_740087999391552_4129463639946274944_n.jpg?fit=960%2C720&ssl=1","width":960,"height":720,"caption":"movistar lte"},{"@type":"BreadcrumbList","@id":"https:\/\/kalot.com.mx\/site\/2014\/09\/23\/movistar-mexico-presento-su-red-4g-lte\/#breadcrumb","itemListElement":[{"@type":"ListItem","position":1,"name":"Home","item":"https:\/\/kalot.com.mx\/site\/"},{"@type":"ListItem","position":2,"name":"Movistar M\u00e9xico present\u00f3 su Red 4G LTE"}]},{"@type":"WebSite","@id":"https:\/\/kalot.com.mx\/site\/#website","url":"https:\/\/kalot.com.mx\/site\/","name":"Kalot","description":"Conoce Todo Sobre Todo","publisher":{"@id":"https:\/\/kalot.com.mx\/site\/#organization"},"potentialAction":[{"@type":"SearchAction","target":{"@type":"EntryPoint","urlTemplate":"https:\/\/kalot.com.mx\/site\/?s={search_term_string}"},"query-input":{"@type":"PropertyValueSpecification","valueRequired":true,"valueName":"search_term_string"}}],"inLanguage":"es"},{"@type":"Organization","@id":"https:\/\/kalot.com.mx\/site\/#organization","name":"Kalot","url":"https:\/\/kalot.com.mx\/site\/","logo":{"@type":"ImageObject","inLanguage":"es","@id":"https:\/\/kalot.com.mx\/site\/#\/schema\/logo\/image\/","url":"https:\/\/i0.wp.com\/kalot.com.mx\/site\/wp-content\/uploads\/2020\/04\/Kalot-logo-sin-tagline.png?fit=1707%2C1014&ssl=1","contentUrl":"https:\/\/i0.wp.com\/kalot.com.mx\/site\/wp-content\/uploads\/2020\/04\/Kalot-logo-sin-tagline.png?fit=1707%2C1014&ssl=1","width":1707,"height":1014,"caption":"Kalot"},"image":{"@id":"https:\/\/kalot.com.mx\/site\/#\/schema\/logo\/image\/"},"sameAs":["http:\/\/facebook.com\/mxkalot","https:\/\/x.com\/kalotmx","http:\/\/instagram.com\/kalotmx","http:\/\/pinterest.com\/jorgeerana\/kalot"]},{"@type":"Person","@id":"https:\/\/kalot.com.mx\/site\/#\/schema\/person\/439e32b5ce86d9bc80cf42ab58e1c6e0","name":"Jorge Era\u00f1a","image":{"@type":"ImageObject","inLanguage":"es","@id":"https:\/\/secure.gravatar.com\/avatar\/212c04a1057d7abed0b82aaef6a7ff59168e10f70fcde39376c565ea83c43a85?s=96&d=mm&r=g","url":"https:\/\/secure.gravatar.com\/avatar\/212c04a1057d7abed0b82aaef6a7ff59168e10f70fcde39376c565ea83c43a85?s=96&d=mm&r=g","contentUrl":"https:\/\/secure.gravatar.com\/avatar\/212c04a1057d7abed0b82aaef6a7ff59168e10f70fcde39376c565ea83c43a85?s=96&d=mm&r=g","caption":"Jorge Era\u00f1a"},"description":"Fundador de @KalotMx Mercad\u00f3logo, amante de la tecnolog\u00eda, #Geekazo, #socialmedia, #MarketingDigital, tv-shows, movies y de la vida. Admin","sameAs":["http:\/\/www.kalot.com.mx","http:\/\/www.facebook.com\/jorgeerana","https:\/\/x.com\/jorge_erana"],"url":"https:\/\/kalot.com.mx\/site\/author\/admin\/"}]}},"jetpack_publicize_connections":[],"jetpack_featured_media_url":"https:\/\/i0.wp.com\/kalot.com.mx\/site\/wp-content\/uploads\/2014\/09\/10686831_740087999391552_4129463639946274944_n.jpg?fit=960%2C720&ssl=1","jetpack_shortlink":"https:\/\/wp.me\/p6IHEI-4KA","jetpack-related-posts":[{"id":18222,"url":"https:\/\/kalot.com.mx\/site\/2014\/09\/19\/red-lte-4g-con-movistar-mexico-vasavolar\/","url_meta":{"origin":18264,"position":0},"title":"Red LTE 4G con Movistar M\u00e9xico #VasAVolar","author":"Adrian Aldana","date":"19 septiembre, 2014","format":false,"excerpt":"\u00a1Hola a Todos! El d\u00eda de hoy 19 de Septiembre y 20 de septiembre se llevar\u00e1 a cabo un evento en el Parque M\u00e9xico (Ubicado en la Colonia Condesa del DF) en d\u00f3nde Movistar M\u00e9xico. Con el #VasAVolar Movistar prepara el lanzamiento de la RED LTE 4G en M\u00e9xico, esto\u2026","rel":"","context":"Entrada similar ","block_context":{"text":"Entrada similar ","link":""},"img":{"alt_text":"","src":"https:\/\/i0.wp.com\/kalot.com.mx\/site\/wp-content\/uploads\/2014\/09\/Vas-A-Volar-3.png?fit=1200%2C674&ssl=1&resize=350%2C200","width":350,"height":200,"srcset":"https:\/\/i0.wp.com\/kalot.com.mx\/site\/wp-content\/uploads\/2014\/09\/Vas-A-Volar-3.png?fit=1200%2C674&ssl=1&resize=350%2C200 1x, https:\/\/i0.wp.com\/kalot.com.mx\/site\/wp-content\/uploads\/2014\/09\/Vas-A-Volar-3.png?fit=1200%2C674&ssl=1&resize=525%2C300 1.5x, https:\/\/i0.wp.com\/kalot.com.mx\/site\/wp-content\/uploads\/2014\/09\/Vas-A-Volar-3.png?fit=1200%2C674&ssl=1&resize=700%2C400 2x, https:\/\/i0.wp.com\/kalot.com.mx\/site\/wp-content\/uploads\/2014\/09\/Vas-A-Volar-3.png?fit=1200%2C674&ssl=1&resize=1050%2C600 3x"},"classes":[]},{"id":18506,"url":"https:\/\/kalot.com.mx\/site\/2014\/10\/03\/planes-movistar-4g-lte\/","url_meta":{"origin":18264,"position":1},"title":"Planes Movistar 4G LTE","author":"Adrian Aldana","date":"3 octubre, 2014","format":false,"excerpt":"As\u00ed, es el d\u00eda de hoy han llegado los nuevos planes de LTE a Movistar, los cuales suenan bastante bien. As\u00ed es recordando el evento del 19 y 20 de Septiembre d\u00f3nde Movistar present\u00f3 su red en el Parque M\u00e9xico, el d\u00eda de hoy los nuevos planes ven la luz.\u2026","rel":"","context":"Entrada similar ","block_context":{"text":"Entrada similar ","link":""},"img":{"alt_text":"","src":"https:\/\/i0.wp.com\/kalot.com.mx\/site\/wp-content\/uploads\/2014\/09\/Vas-A-Volar-3.png?fit=1200%2C674&ssl=1&resize=350%2C200","width":350,"height":200,"srcset":"https:\/\/i0.wp.com\/kalot.com.mx\/site\/wp-content\/uploads\/2014\/09\/Vas-A-Volar-3.png?fit=1200%2C674&ssl=1&resize=350%2C200 1x, https:\/\/i0.wp.com\/kalot.com.mx\/site\/wp-content\/uploads\/2014\/09\/Vas-A-Volar-3.png?fit=1200%2C674&ssl=1&resize=525%2C300 1.5x, https:\/\/i0.wp.com\/kalot.com.mx\/site\/wp-content\/uploads\/2014\/09\/Vas-A-Volar-3.png?fit=1200%2C674&ssl=1&resize=700%2C400 2x, https:\/\/i0.wp.com\/kalot.com.mx\/site\/wp-content\/uploads\/2014\/09\/Vas-A-Volar-3.png?fit=1200%2C674&ssl=1&resize=1050%2C600 3x"},"classes":[]},{"id":18560,"url":"https:\/\/kalot.com.mx\/site\/2014\/10\/07\/detalles-planes-movistar-4g-lte\/","url_meta":{"origin":18264,"position":2},"title":"Detalles Planes Movistar 4G LTE","author":"Adrian Aldana","date":"7 octubre, 2014","format":false,"excerpt":"Hola a todos, seguimos con la actualizaci\u00f3n de los planes de LTE de Movistar. La firma lanz\u00f3 el pasado 3 de Octubre la oferta, y ay en su sitio se puede ver mayor detalle de los planes, pero aqu\u00ed te los mostramos: Tenemos 2 tipos de planes Planes con Equipo\u2026","rel":"","context":"Entrada similar ","block_context":{"text":"Entrada similar ","link":""},"img":{"alt_text":"movistar lte","src":"https:\/\/i0.wp.com\/kalot.com.mx\/site\/wp-content\/uploads\/2014\/09\/10686831_740087999391552_4129463639946274944_n.jpg?fit=960%2C720&ssl=1&resize=350%2C200","width":350,"height":200,"srcset":"https:\/\/i0.wp.com\/kalot.com.mx\/site\/wp-content\/uploads\/2014\/09\/10686831_740087999391552_4129463639946274944_n.jpg?fit=960%2C720&ssl=1&resize=350%2C200 1x, https:\/\/i0.wp.com\/kalot.com.mx\/site\/wp-content\/uploads\/2014\/09\/10686831_740087999391552_4129463639946274944_n.jpg?fit=960%2C720&ssl=1&resize=525%2C300 1.5x, https:\/\/i0.wp.com\/kalot.com.mx\/site\/wp-content\/uploads\/2014\/09\/10686831_740087999391552_4129463639946274944_n.jpg?fit=960%2C720&ssl=1&resize=700%2C400 2x"},"classes":[]},{"id":32312,"url":"https:\/\/kalot.com.mx\/site\/2025\/03\/24\/deja-de-gastar-de-mas-la-decision-inteligente-al-elegir-planes-sin-contrato-de-celular-en-mexico\/","url_meta":{"origin":18264,"position":3},"title":"Deja de Gastar de M\u00e1s: La Decisi\u00f3n Inteligente al Elegir Planes (sin contrato) de Celular en M\u00e9xico","author":"Advertorial","date":"24 marzo, 2025","format":false,"excerpt":"Imagina por un momento que al final del mes revisas tus gastos y descubres que llevas a\u00f1os pagando por servicios que apenas utilizas, atado a contratos interminables y sin la flexibilidad que realmente necesitas. La elecci\u00f3n de la mejor compa\u00f1\u00eda de celular deber\u00eda basarse en lo que realmente importa: calidad,\u2026","rel":"","context":"En &quot;#MiExperienciaCon&quot;","block_context":{"text":"#MiExperienciaCon","link":"https:\/\/kalot.com.mx\/site\/category\/miexperienciacon\/"},"img":{"alt_text":"mejores planes en mexico","src":"https:\/\/i0.wp.com\/kalot.com.mx\/site\/wp-content\/uploads\/2025\/03\/DALL%C2%B7E-2025-03-24-09.05.10-A-realistic-stock-photo-style-image-of-a-real-person-thinking-deeply-about-a-decision-involving-their-smartphone.-The-person-is-looking-slightly-upwar.webp?fit=1024%2C1024&ssl=1&resize=350%2C200","width":350,"height":200,"srcset":"https:\/\/i0.wp.com\/kalot.com.mx\/site\/wp-content\/uploads\/2025\/03\/DALL%C2%B7E-2025-03-24-09.05.10-A-realistic-stock-photo-style-image-of-a-real-person-thinking-deeply-about-a-decision-involving-their-smartphone.-The-person-is-looking-slightly-upwar.webp?fit=1024%2C1024&ssl=1&resize=350%2C200 1x, https:\/\/i0.wp.com\/kalot.com.mx\/site\/wp-content\/uploads\/2025\/03\/DALL%C2%B7E-2025-03-24-09.05.10-A-realistic-stock-photo-style-image-of-a-real-person-thinking-deeply-about-a-decision-involving-their-smartphone.-The-person-is-looking-slightly-upwar.webp?fit=1024%2C1024&ssl=1&resize=525%2C300 1.5x, https:\/\/i0.wp.com\/kalot.com.mx\/site\/wp-content\/uploads\/2025\/03\/DALL%C2%B7E-2025-03-24-09.05.10-A-realistic-stock-photo-style-image-of-a-real-person-thinking-deeply-about-a-decision-involving-their-smartphone.-The-person-is-looking-slightly-upwar.webp?fit=1024%2C1024&ssl=1&resize=700%2C400 2x"},"classes":[]},{"id":23206,"url":"https:\/\/kalot.com.mx\/site\/2015\/08\/31\/att-llega-a-mexico\/","url_meta":{"origin":18264,"position":4},"title":"AT&#038;T llega a M\u00e9xico","author":"Jorge Era\u00f1a","date":"31 agosto, 2015","format":false,"excerpt":"El 24 de agosto ser\u00e1 una fecha que ser\u00e1 recordada en el sector de las Telecomunicaciones. Despu\u00e9s que AT&T anunciara de manera oficial en Enero de este a\u00f1o que comprar\u00eda Iusacell y Nextel para entrar de lleno al mercado Mexicano, luego de varias negociaciones y autorizaciones por parte del poderoso\u2026","rel":"","context":"En &quot;Novedades&quot;","block_context":{"text":"Novedades","link":"https:\/\/kalot.com.mx\/site\/category\/novedades\/"},"img":{"alt_text":"","src":"https:\/\/i0.wp.com\/kalot.com.mx\/site\/wp-content\/uploads\/2015\/08\/Captura-de-pantalla-2015-08-31-a-las-6.40.25-p.m..png?fit=899%2C392&ssl=1&resize=350%2C200","width":350,"height":200,"srcset":"https:\/\/i0.wp.com\/kalot.com.mx\/site\/wp-content\/uploads\/2015\/08\/Captura-de-pantalla-2015-08-31-a-las-6.40.25-p.m..png?fit=899%2C392&ssl=1&resize=350%2C200 1x, https:\/\/i0.wp.com\/kalot.com.mx\/site\/wp-content\/uploads\/2015\/08\/Captura-de-pantalla-2015-08-31-a-las-6.40.25-p.m..png?fit=899%2C392&ssl=1&resize=525%2C300 1.5x, https:\/\/i0.wp.com\/kalot.com.mx\/site\/wp-content\/uploads\/2015\/08\/Captura-de-pantalla-2015-08-31-a-las-6.40.25-p.m..png?fit=899%2C392&ssl=1&resize=700%2C400 2x"},"classes":[]},{"id":5869,"url":"https:\/\/kalot.com.mx\/site\/2013\/11\/06\/iphone-5s-y-5c-en-mexico-que-compania-debo-escoger-iusacell-telcel-movistarmx\/","url_meta":{"origin":18264,"position":5},"title":"iPhone 5S en M\u00e9xico, \u00bfQu\u00e9 compa\u00f1\u00eda debo escoger? @iusacell @telcel @movistarmx","author":"Jorge Era\u00f1a","date":"6 noviembre, 2013","format":false,"excerpt":"Hola qu\u00e9 tal Kalochos y Kalochas, en este post les dar\u00e9 alguna info para todos los que piensen comprarse un nuevo iPhone, ya sea el 5S o el 5C Primero que nada les muestro el iPhone 5S para los que no lo han visto bien aqu\u00ed les dejo un video\u2026","rel":"","context":"Entrada similar ","block_context":{"text":"Entrada similar ","link":""},"img":{"alt_text":"","src":"https:\/\/i0.wp.com\/kalot.com.mx\/site\/wp-content\/uploads\/2013\/11\/telefonicas.jpg?fit=600%2C433&ssl=1&resize=350%2C200","width":350,"height":200,"srcset":"https:\/\/i0.wp.com\/kalot.com.mx\/site\/wp-content\/uploads\/2013\/11\/telefonicas.jpg?fit=600%2C433&ssl=1&resize=350%2C200 1x, https:\/\/i0.wp.com\/kalot.com.mx\/site\/wp-content\/uploads\/2013\/11\/telefonicas.jpg?fit=600%2C433&ssl=1&resize=525%2C300 1.5x"},"classes":[]}],"jetpack_sharing_enabled":true,"_links":{"self":[{"href":"https:\/\/kalot.com.mx\/site\/wp-json\/wp\/v2\/posts\/18264","targetHints":{"allow":["GET"]}}],"collection":[{"href":"https:\/\/kalot.com.mx\/site\/wp-json\/wp\/v2\/posts"}],"about":[{"href":"https:\/\/kalot.com.mx\/site\/wp-json\/wp\/v2\/types\/post"}],"author":[{"embeddable":true,"href":"https:\/\/kalot.com.mx\/site\/wp-json\/wp\/v2\/users\/1"}],"replies":[{"embeddable":true,"href":"https:\/\/kalot.com.mx\/site\/wp-json\/wp\/v2\/comments?post=18264"}],"version-history":[{"count":0,"href":"https:\/\/kalot.com.mx\/site\/wp-json\/wp\/v2\/posts\/18264\/revisions"}],"wp:featuredmedia":[{"embeddable":true,"href":"https:\/\/kalot.com.mx\/site\/wp-json\/wp\/v2\/media\/18265"}],"wp:attachment":[{"href":"https:\/\/kalot.com.mx\/site\/wp-json\/wp\/v2\/media?parent=18264"}],"wp:term":[{"taxonomy":"category","embeddable":true,"href":"https:\/\/kalot.com.mx\/site\/wp-json\/wp\/v2\/categories?post=18264"},{"taxonomy":"post_tag","embeddable":true,"href":"https:\/\/kalot.com.mx\/site\/wp-json\/wp\/v2\/tags?post=18264"}],"curies":[{"name":"wp","href":"https:\/\/api.w.org\/{rel}","templated":true}]}}