{"id":18241,"date":"2014-09-21T13:24:47","date_gmt":"2014-09-21T18:24:47","guid":{"rendered":"http:\/\/www.kalot.com.mx\/?p=18241"},"modified":"2014-09-21T13:24:47","modified_gmt":"2014-09-21T18:24:47","slug":"alguna-vez-en-un-sueno","status":"publish","type":"post","link":"https:\/\/kalot.com.mx\/site\/2014\/09\/21\/alguna-vez-en-un-sueno\/","title":{"rendered":"Alguna vez en un sue\u00f1o."},"content":{"rendered":"<p style=\"text-align: justify\">Y ya cumpl\u00ed otro. Entonces estoy un 80% seguro de que la vida no se va a detener,<\/p>\n<p style=\"text-align: justify\">El sol no va a dejar de acercarse a la tierra.<\/p>\n<p style=\"text-align: justify\">Las personas siempre hallar\u00e1n la forma de empezar otra guerra y las chivas seguir\u00e1n en esa racha perdedora.<\/p>\n<p style=\"text-align: justify\">El cigarro seguir\u00e1 causando c\u00e1ncer, el alcohol cirrosis y a la gente buena le seguir\u00e1n pasando cosas malas.<\/p>\n<p style=\"text-align: justify\">Las persecuciones religiosas no parar\u00e1n.<\/p>\n<p style=\"text-align: justify\">El SIDA estar\u00e1 infectando m\u00e1s poblaci\u00f3n.<\/p>\n<p style=\"text-align: justify\">El salario m\u00ednimo seguir\u00e1 siendo m\u00ednimo y las noticias m\u00e1s malas.<\/p>\n<p style=\"text-align: justify\">Los ni\u00f1os seguir\u00e1n jugando, las personas encontraran como re\u00edr, el aire seguir\u00e1 soplando, las plantas seguir\u00e1n creciendo, el agua continuara dando vida.<\/p>\n<p style=\"text-align: justify\">Yo seguir\u00e9 cumpliendo a\u00f1os, y la vida seguir\u00e1 sin detenerse.<\/p>\n<p><span class=\"embed-youtube\" style=\"text-align:center; display: block;\"><iframe class=\"youtube-player\" width=\"1200\" height=\"675\" src=\"https:\/\/www.youtube.com\/embed\/SU6KFnGF9M8?version=3&#038;rel=1&#038;showsearch=0&#038;showinfo=1&#038;iv_load_policy=1&#038;fs=1&#038;hl=es-MX&#038;autohide=2&#038;wmode=transparent\" allowfullscreen=\"true\" style=\"border:0;\" sandbox=\"allow-scripts allow-same-origin allow-popups allow-presentation allow-popups-to-escape-sandbox\"><\/iframe><\/span><\/p>\n","protected":false},"excerpt":{"rendered":"Y ya cumpl\u00ed otro. Entonces estoy un 80% seguro de que la vida no se va a detener,&hellip;\n","protected":false},"author":51,"featured_media":18244,"comment_status":"open","ping_status":"open","sticky":false,"template":"","format":"standard","meta":{"_jetpack_newsletter_access":"","_jetpack_dont_email_post_to_subs":false,"_jetpack_newsletter_tier_id":0,"_jetpack_memberships_contains_paywalled_content":false,"_jetpack_feature_clip_id":0,"_jetpack_memberships_contains_paid_content":false,"footnotes":"","jetpack_publicize_message":"","jetpack_publicize_feature_enabled":true,"jetpack_social_post_already_shared":true,"jetpack_social_options":{"image_generator_settings":{"template":"highway","default_image_id":0,"font":"","enabled":false},"version":2},"jetpack_post_was_ever_published":false},"categories":[],"tags":[],"class_list":["post-18241","post","type-post","status-publish","format-standard","has-post-thumbnail","cs-entry","cs-video-wrap"],"yoast_head":"<!-- This site is optimized with the Yoast SEO plugin v28.4 - https:\/\/yoast.com\/product\/yoast-seo-wordpress\/ -->\n<title>Alguna vez en un sue\u00f1o. - Kalot<\/title>\n<meta name=\"description\" content=\"Y ya cumpl\u00ed otro. Entonces estoy un 80% seguro de que la vida no se va a detener, El sol no va a dejar de acercarse a la tierra. Las personas siempre\" \/>\n<meta name=\"robots\" content=\"index, follow, max-snippet:-1, max-image-preview:large, max-video-preview:-1\" \/>\n<link rel=\"canonical\" href=\"https:\/\/kalot.com.mx\/site\/2014\/09\/21\/alguna-vez-en-un-sueno\/\" \/>\n<meta property=\"og:locale\" content=\"es_MX\" \/>\n<meta property=\"og:type\" content=\"article\" \/>\n<meta property=\"og:title\" content=\"Alguna vez en un sue\u00f1o. - Kalot\" \/>\n<meta property=\"og:description\" content=\"Y ya cumpl\u00ed otro. Entonces estoy un 80% seguro de que la vida no se va a detener, El sol no va a dejar de acercarse a la tierra. Las personas siempre\" \/>\n<meta property=\"og:url\" content=\"https:\/\/kalot.com.mx\/site\/2014\/09\/21\/alguna-vez-en-un-sueno\/\" \/>\n<meta property=\"og:site_name\" content=\"Kalot\" \/>\n<meta property=\"article:publisher\" content=\"http:\/\/facebook.com\/mxkalot\" \/>\n<meta property=\"article:published_time\" content=\"2014-09-21T18:24:47+00:00\" \/>\n<meta property=\"og:image\" content=\"https:\/\/i0.wp.com\/kalot.com.mx\/site\/wp-content\/uploads\/2014\/09\/el-sol.jpg?fit=1280%2C724&ssl=1\" \/>\n\t<meta property=\"og:image:width\" content=\"1280\" \/>\n\t<meta property=\"og:image:height\" content=\"724\" \/>\n\t<meta property=\"og:image:type\" content=\"image\/jpeg\" \/>\n<meta name=\"author\" content=\"Ivan Mendez\" \/>\n<meta name=\"twitter:card\" content=\"summary_large_image\" \/>\n<meta name=\"twitter:creator\" content=\"@kalotmx\" \/>\n<meta name=\"twitter:site\" content=\"@kalotmx\" \/>\n<meta name=\"twitter:label1\" content=\"Escrito por\" \/>\n\t<meta name=\"twitter:data1\" content=\"Ivan Mendez\" \/>\n\t<meta name=\"twitter:label2\" content=\"Tiempo de lectura\" \/>\n\t<meta name=\"twitter:data2\" content=\"1 minuto\" \/>\n<!-- \/ Yoast SEO plugin. -->","yoast_head_json":{"title":"Alguna vez en un sue\u00f1o. - Kalot","description":"Y ya cumpl\u00ed otro. Entonces estoy un 80% seguro de que la vida no se va a detener, El sol no va a dejar de acercarse a la tierra. Las personas siempre","robots":{"index":"index","follow":"follow","max-snippet":"max-snippet:-1","max-image-preview":"max-image-preview:large","max-video-preview":"max-video-preview:-1"},"canonical":"https:\/\/kalot.com.mx\/site\/2014\/09\/21\/alguna-vez-en-un-sueno\/","og_locale":"es_MX","og_type":"article","og_title":"Alguna vez en un sue\u00f1o. - Kalot","og_description":"Y ya cumpl\u00ed otro. Entonces estoy un 80% seguro de que la vida no se va a detener, El sol no va a dejar de acercarse a la tierra. Las personas siempre","og_url":"https:\/\/kalot.com.mx\/site\/2014\/09\/21\/alguna-vez-en-un-sueno\/","og_site_name":"Kalot","article_publisher":"http:\/\/facebook.com\/mxkalot","article_published_time":"2014-09-21T18:24:47+00:00","og_image":[{"width":1280,"height":724,"url":"https:\/\/i0.wp.com\/kalot.com.mx\/site\/wp-content\/uploads\/2014\/09\/el-sol.jpg?fit=1280%2C724&ssl=1","type":"image\/jpeg"}],"author":"Ivan Mendez","twitter_card":"summary_large_image","twitter_creator":"@kalotmx","twitter_site":"@kalotmx","twitter_misc":{"Escrito por":"Ivan Mendez","Tiempo de lectura":"1 minuto"},"schema":{"@context":"https:\/\/schema.org","@graph":[{"@type":"Article","@id":"https:\/\/kalot.com.mx\/site\/2014\/09\/21\/alguna-vez-en-un-sueno\/#article","isPartOf":{"@id":"https:\/\/kalot.com.mx\/site\/2014\/09\/21\/alguna-vez-en-un-sueno\/"},"author":{"name":"Ivan Mendez","@id":"https:\/\/kalot.com.mx\/site\/#\/schema\/person\/444a91ecc3b075ab573ff515d7f6d6e3"},"headline":"Alguna vez en un sue\u00f1o.","datePublished":"2014-09-21T18:24:47+00:00","mainEntityOfPage":{"@id":"https:\/\/kalot.com.mx\/site\/2014\/09\/21\/alguna-vez-en-un-sueno\/"},"wordCount":148,"commentCount":0,"publisher":{"@id":"https:\/\/kalot.com.mx\/site\/#organization"},"image":{"@id":"https:\/\/kalot.com.mx\/site\/2014\/09\/21\/alguna-vez-en-un-sueno\/#primaryimage"},"thumbnailUrl":"https:\/\/i0.wp.com\/kalot.com.mx\/site\/wp-content\/uploads\/2014\/09\/el-sol.jpg?fit=1280%2C724&ssl=1","inLanguage":"es","potentialAction":[{"@type":"CommentAction","name":"Comment","target":["https:\/\/kalot.com.mx\/site\/2014\/09\/21\/alguna-vez-en-un-sueno\/#respond"]}]},{"@type":"WebPage","@id":"https:\/\/kalot.com.mx\/site\/2014\/09\/21\/alguna-vez-en-un-sueno\/","url":"https:\/\/kalot.com.mx\/site\/2014\/09\/21\/alguna-vez-en-un-sueno\/","name":"Alguna vez en un sue\u00f1o. - Kalot","isPartOf":{"@id":"https:\/\/kalot.com.mx\/site\/#website"},"primaryImageOfPage":{"@id":"https:\/\/kalot.com.mx\/site\/2014\/09\/21\/alguna-vez-en-un-sueno\/#primaryimage"},"image":{"@id":"https:\/\/kalot.com.mx\/site\/2014\/09\/21\/alguna-vez-en-un-sueno\/#primaryimage"},"thumbnailUrl":"https:\/\/i0.wp.com\/kalot.com.mx\/site\/wp-content\/uploads\/2014\/09\/el-sol.jpg?fit=1280%2C724&ssl=1","datePublished":"2014-09-21T18:24:47+00:00","description":"Y ya cumpl\u00ed otro. Entonces estoy un 80% seguro de que la vida no se va a detener, El sol no va a dejar de acercarse a la tierra. Las personas siempre","breadcrumb":{"@id":"https:\/\/kalot.com.mx\/site\/2014\/09\/21\/alguna-vez-en-un-sueno\/#breadcrumb"},"inLanguage":"es","potentialAction":[{"@type":"ReadAction","target":["https:\/\/kalot.com.mx\/site\/2014\/09\/21\/alguna-vez-en-un-sueno\/"]}]},{"@type":"ImageObject","inLanguage":"es","@id":"https:\/\/kalot.com.mx\/site\/2014\/09\/21\/alguna-vez-en-un-sueno\/#primaryimage","url":"https:\/\/i0.wp.com\/kalot.com.mx\/site\/wp-content\/uploads\/2014\/09\/el-sol.jpg?fit=1280%2C724&ssl=1","contentUrl":"https:\/\/i0.wp.com\/kalot.com.mx\/site\/wp-content\/uploads\/2014\/09\/el-sol.jpg?fit=1280%2C724&ssl=1","width":1280,"height":724},{"@type":"BreadcrumbList","@id":"https:\/\/kalot.com.mx\/site\/2014\/09\/21\/alguna-vez-en-un-sueno\/#breadcrumb","itemListElement":[{"@type":"ListItem","position":1,"name":"Home","item":"https:\/\/kalot.com.mx\/site\/"},{"@type":"ListItem","position":2,"name":"Alguna vez en un sue\u00f1o."}]},{"@type":"WebSite","@id":"https:\/\/kalot.com.mx\/site\/#website","url":"https:\/\/kalot.com.mx\/site\/","name":"Kalot","description":"Conoce Todo Sobre Todo","publisher":{"@id":"https:\/\/kalot.com.mx\/site\/#organization"},"potentialAction":[{"@type":"SearchAction","target":{"@type":"EntryPoint","urlTemplate":"https:\/\/kalot.com.mx\/site\/?s={search_term_string}"},"query-input":{"@type":"PropertyValueSpecification","valueRequired":true,"valueName":"search_term_string"}}],"inLanguage":"es"},{"@type":"Organization","@id":"https:\/\/kalot.com.mx\/site\/#organization","name":"Kalot","url":"https:\/\/kalot.com.mx\/site\/","logo":{"@type":"ImageObject","inLanguage":"es","@id":"https:\/\/kalot.com.mx\/site\/#\/schema\/logo\/image\/","url":"https:\/\/i0.wp.com\/kalot.com.mx\/site\/wp-content\/uploads\/2020\/04\/Kalot-logo-sin-tagline.png?fit=1707%2C1014&ssl=1","contentUrl":"https:\/\/i0.wp.com\/kalot.com.mx\/site\/wp-content\/uploads\/2020\/04\/Kalot-logo-sin-tagline.png?fit=1707%2C1014&ssl=1","width":1707,"height":1014,"caption":"Kalot"},"image":{"@id":"https:\/\/kalot.com.mx\/site\/#\/schema\/logo\/image\/"},"sameAs":["http:\/\/facebook.com\/mxkalot","https:\/\/x.com\/kalotmx","http:\/\/instagram.com\/kalotmx","http:\/\/pinterest.com\/jorgeerana\/kalot"]},{"@type":"Person","@id":"https:\/\/kalot.com.mx\/site\/#\/schema\/person\/444a91ecc3b075ab573ff515d7f6d6e3","name":"Ivan Mendez","image":{"@type":"ImageObject","inLanguage":"es","@id":"https:\/\/secure.gravatar.com\/avatar\/d3590cbb14ecd120bf7a8d9b0ab9a1dae9b2aab34a41a577b5288298a4d08e36?s=96&d=mm&r=g","url":"https:\/\/secure.gravatar.com\/avatar\/d3590cbb14ecd120bf7a8d9b0ab9a1dae9b2aab34a41a577b5288298a4d08e36?s=96&d=mm&r=g","contentUrl":"https:\/\/secure.gravatar.com\/avatar\/d3590cbb14ecd120bf7a8d9b0ab9a1dae9b2aab34a41a577b5288298a4d08e36?s=96&d=mm&r=g","caption":"Ivan Mendez"},"url":"https:\/\/kalot.com.mx\/site\/author\/ivan\/"}]}},"jetpack_publicize_connections":[],"jetpack_shortlink":"https:\/\/wp.me\/p6IHEI-4Kd","jetpack-related-posts":[{"id":517,"url":"https:\/\/kalot.com.mx\/site\/2013\/09\/04\/estimado-denver-no-te-vayas-al-recreo\/","url_meta":{"origin":18241,"position":0},"title":"Estimado D\u00ebnver, no te vayas al recreo.","author":"Dulce Mireles","date":"4 septiembre, 2013","format":false,"excerpt":"Cuando vi el siguiente tuit, sent\u00ed como si me hubieran cortado por mensaje. Comunicado oficial: D\u00ebnver ha decidido tomarse un receso, Mari y Milk seguir\u00e1n por separados sus caminos. Milk como l\u00edder del proyecto seguir\u00e1 en la \u201cindustria\u201d musical pero con nuevos proyectos, as\u00ed que nuestras \u00faltimas fechas en vivo\u2026","rel":"","context":"Con 2 comentarios","block_context":{"text":"Con 2 comentarios","link":"https:\/\/kalot.com.mx\/site\/2013\/09\/04\/estimado-denver-no-te-vayas-al-recreo\/#comments"},"img":{"alt_text":"","src":"https:\/\/i0.wp.com\/kalot.com.mx\/site\/wp-content\/uploads\/2013\/09\/denver.jpg?fit=400%2C300&ssl=1&resize=350%2C200","width":350,"height":200},"classes":[]},{"id":9602,"url":"https:\/\/kalot.com.mx\/site\/2014\/01\/16\/spotify-ahora-gratis-en-tu-ordenador\/","url_meta":{"origin":18241,"position":1},"title":"La guerra del streaming: Spotify vs Beats Music.","author":"Gustavo Elizarrar\u00e1s","date":"16 enero, 2014","format":false,"excerpt":"As\u00ed es mi estimados lectores el\u00a0servicio de m\u00fasica en 'streaming' elimina la restricci\u00f3n de 10 horas mensuales de la versi\u00f3n gratuita, aunque seguir\u00e1 emitiendo anuncios . Spotify ha eliminado la limitaci\u00f3n de tiempo para escuchar m\u00fasica en las cuentas gratuitas. Los usuarios de este tipo de suscripci\u00f3n podr\u00e1n reproducir todas\u2026","rel":"","context":"En &quot;Sin categor\u00eda&quot;","block_context":{"text":"Sin categor\u00eda","link":"https:\/\/kalot.com.mx\/site\/category\/sin-categoria\/"},"img":{"alt_text":"","src":"https:\/\/i0.wp.com\/kalot.com.mx\/site\/wp-content\/uploads\/2014\/01\/Spotify.png?fit=1200%2C750&ssl=1&resize=350%2C200","width":350,"height":200,"srcset":"https:\/\/i0.wp.com\/kalot.com.mx\/site\/wp-content\/uploads\/2014\/01\/Spotify.png?fit=1200%2C750&ssl=1&resize=350%2C200 1x, https:\/\/i0.wp.com\/kalot.com.mx\/site\/wp-content\/uploads\/2014\/01\/Spotify.png?fit=1200%2C750&ssl=1&resize=525%2C300 1.5x, https:\/\/i0.wp.com\/kalot.com.mx\/site\/wp-content\/uploads\/2014\/01\/Spotify.png?fit=1200%2C750&ssl=1&resize=700%2C400 2x, https:\/\/i0.wp.com\/kalot.com.mx\/site\/wp-content\/uploads\/2014\/01\/Spotify.png?fit=1200%2C750&ssl=1&resize=1050%2C600 3x"},"classes":[]},{"id":3590,"url":"https:\/\/kalot.com.mx\/site\/2013\/10\/12\/no-confio-en-los-social-media-expert-marketing\/","url_meta":{"origin":18241,"position":2},"title":"No conf\u00edo en los &#8220;Social Media Expert&#8221; #Marketing","author":"Rudy Marin","date":"12 octubre, 2013","format":false,"excerpt":"Hay una teor\u00eda, conocida como \"La teor\u00eda de las 10,000 horas\" que indica que una persona se vuelve experta en un tema despu\u00e9s de practicar esa \u00e1rea en un tiempo m\u00ednimo de 10,000 horas. Siguiendo con esa teor\u00eda, considero que las personas que se dedican a social media y se\u2026","rel":"","context":"Entrada similar ","block_context":{"text":"Entrada similar ","link":""},"img":{"alt_text":"","src":"https:\/\/i0.wp.com\/kalot.com.mx\/site\/wp-content\/uploads\/2013\/10\/20131012-193501.jpg?fit=1050%2C750&ssl=1&resize=350%2C200","width":350,"height":200,"srcset":"https:\/\/i0.wp.com\/kalot.com.mx\/site\/wp-content\/uploads\/2013\/10\/20131012-193501.jpg?fit=1050%2C750&ssl=1&resize=350%2C200 1x, https:\/\/i0.wp.com\/kalot.com.mx\/site\/wp-content\/uploads\/2013\/10\/20131012-193501.jpg?fit=1050%2C750&ssl=1&resize=525%2C300 1.5x, https:\/\/i0.wp.com\/kalot.com.mx\/site\/wp-content\/uploads\/2013\/10\/20131012-193501.jpg?fit=1050%2C750&ssl=1&resize=700%2C400 2x, https:\/\/i0.wp.com\/kalot.com.mx\/site\/wp-content\/uploads\/2013\/10\/20131012-193501.jpg?fit=1050%2C750&ssl=1&resize=1050%2C600 3x"},"classes":[]},{"id":13705,"url":"https:\/\/kalot.com.mx\/site\/2014\/03\/20\/youtube-segmenta-y-venceras\/","url_meta":{"origin":18241,"position":3},"title":"Youtube: Segmenta y vencer\u00e1s","author":"Edgar Villanueva","date":"20 marzo, 2014","format":false,"excerpt":"En los \u00faltimos d\u00edas he escuchado bastantes opiniones divididas sobre la llegada de los medios digitales y sus impacto en Mercadotecnia;\u00a0 algunos opinan que el Marketing tradicional es totalmente obsoleto y no tiene caso aplicar sus estrategias para estos medios, por otra parte otros se resisten al cambio y argumentan\u2026","rel":"","context":"Con 1 comentario","block_context":{"text":"Con 1 comentario","link":"https:\/\/kalot.com.mx\/site\/2014\/03\/20\/youtube-segmenta-y-venceras\/#comments"},"img":{"alt_text":"","src":"https:\/\/i0.wp.com\/kalot.com.mx\/site\/wp-content\/uploads\/2014\/03\/cabeza7.jpg?fit=1200%2C848&ssl=1&resize=350%2C200","width":350,"height":200,"srcset":"https:\/\/i0.wp.com\/kalot.com.mx\/site\/wp-content\/uploads\/2014\/03\/cabeza7.jpg?fit=1200%2C848&ssl=1&resize=350%2C200 1x, https:\/\/i0.wp.com\/kalot.com.mx\/site\/wp-content\/uploads\/2014\/03\/cabeza7.jpg?fit=1200%2C848&ssl=1&resize=525%2C300 1.5x, https:\/\/i0.wp.com\/kalot.com.mx\/site\/wp-content\/uploads\/2014\/03\/cabeza7.jpg?fit=1200%2C848&ssl=1&resize=700%2C400 2x, https:\/\/i0.wp.com\/kalot.com.mx\/site\/wp-content\/uploads\/2014\/03\/cabeza7.jpg?fit=1200%2C848&ssl=1&resize=1050%2C600 3x"},"classes":[]},{"id":7964,"url":"https:\/\/kalot.com.mx\/site\/2013\/12\/16\/ser-soltera-los-35\/","url_meta":{"origin":18241,"position":4},"title":"Ser soltera a los 35 por @dulcemireles","author":"Dulce Mireles","date":"16 diciembre, 2013","format":false,"excerpt":"\u00bfImaginan que el proyectar tu vida personal \u00a0te haga acreedor (a) de reconocimientos? Fue lo que le pas\u00f3 a\u00a0La directora argentina Paula Schargorodsky con su video\u00a035 and single.\u00a0Este video ha sido premiado por\u00a0el National Film Board de Canad\u00e1, el premio al Arte Internacional en el concurso americano de cine digital\u2026","rel":"","context":"Entrada similar ","block_context":{"text":"Entrada similar ","link":""},"img":{"alt_text":"","src":"https:\/\/i0.wp.com\/kalot.com.mx\/site\/wp-content\/uploads\/2013\/12\/1812703w645.jpg?fit=645%2C360&ssl=1&resize=350%2C200","width":350,"height":200,"srcset":"https:\/\/i0.wp.com\/kalot.com.mx\/site\/wp-content\/uploads\/2013\/12\/1812703w645.jpg?fit=645%2C360&ssl=1&resize=350%2C200 1x, https:\/\/i0.wp.com\/kalot.com.mx\/site\/wp-content\/uploads\/2013\/12\/1812703w645.jpg?fit=645%2C360&ssl=1&resize=525%2C300 1.5x"},"classes":[]},{"id":9518,"url":"https:\/\/kalot.com.mx\/site\/2014\/01\/14\/merecido-reconocimiento\/","url_meta":{"origin":18241,"position":5},"title":"Merecido Reconocimiento: Bal\u00f3n de Oro","author":"Daniel Cacho","date":"14 enero, 2014","format":false,"excerpt":"El premio para un t\u00edtulo es el trofeo que levantas y la medalla que te cuelgas al cuello. El Bal\u00f3n de Oro es algo distinto, es un reconocimiento individual y por eso Cristiano Ronaldo es un merecido ganador\u00a0(As\u00ed como Heynckes e Ibrahimovic\u00a0deb\u00edan ganar en sus categor\u00edas). Franck Ribery, ganador de\u2026","rel":"","context":"En &quot;Sin categor\u00eda&quot;","block_context":{"text":"Sin categor\u00eda","link":"https:\/\/kalot.com.mx\/site\/category\/sin-categoria\/"},"img":{"alt_text":"","src":"https:\/\/i0.wp.com\/kalot.com.mx\/site\/wp-content\/uploads\/2014\/01\/balon-oro-649x330x80xX.jpg?fit=649%2C330&ssl=1&resize=350%2C200","width":350,"height":200,"srcset":"https:\/\/i0.wp.com\/kalot.com.mx\/site\/wp-content\/uploads\/2014\/01\/balon-oro-649x330x80xX.jpg?fit=649%2C330&ssl=1&resize=350%2C200 1x, https:\/\/i0.wp.com\/kalot.com.mx\/site\/wp-content\/uploads\/2014\/01\/balon-oro-649x330x80xX.jpg?fit=649%2C330&ssl=1&resize=525%2C300 1.5x"},"classes":[]}],"jetpack_sharing_enabled":true,"jetpack_featured_media_url":"https:\/\/i0.wp.com\/kalot.com.mx\/site\/wp-content\/uploads\/2014\/09\/el-sol.jpg?fit=1280%2C724&ssl=1","_links":{"self":[{"href":"https:\/\/kalot.com.mx\/site\/wp-json\/wp\/v2\/posts\/18241","targetHints":{"allow":["GET"]}}],"collection":[{"href":"https:\/\/kalot.com.mx\/site\/wp-json\/wp\/v2\/posts"}],"about":[{"href":"https:\/\/kalot.com.mx\/site\/wp-json\/wp\/v2\/types\/post"}],"author":[{"embeddable":true,"href":"https:\/\/kalot.com.mx\/site\/wp-json\/wp\/v2\/users\/51"}],"replies":[{"embeddable":true,"href":"https:\/\/kalot.com.mx\/site\/wp-json\/wp\/v2\/comments?post=18241"}],"version-history":[{"count":0,"href":"https:\/\/kalot.com.mx\/site\/wp-json\/wp\/v2\/posts\/18241\/revisions"}],"wp:featuredmedia":[{"embeddable":true,"href":"https:\/\/kalot.com.mx\/site\/wp-json\/wp\/v2\/media\/18244"}],"wp:attachment":[{"href":"https:\/\/kalot.com.mx\/site\/wp-json\/wp\/v2\/media?parent=18241"}],"wp:term":[{"taxonomy":"category","embeddable":true,"href":"https:\/\/kalot.com.mx\/site\/wp-json\/wp\/v2\/categories?post=18241"},{"taxonomy":"post_tag","embeddable":true,"href":"https:\/\/kalot.com.mx\/site\/wp-json\/wp\/v2\/tags?post=18241"}],"curies":[{"name":"wp","href":"https:\/\/api.w.org\/{rel}","templated":true}]}}