{"id":18232,"date":"2014-09-20T16:08:46","date_gmt":"2014-09-20T21:08:46","guid":{"rendered":"http:\/\/www.kalot.com.mx\/?p=18232"},"modified":"2014-09-20T16:08:46","modified_gmt":"2014-09-20T21:08:46","slug":"fashion-police-regresara-en-enero-de-2015","status":"publish","type":"post","link":"https:\/\/kalot.com.mx\/site\/2014\/09\/20\/fashion-police-regresara-en-enero-de-2015\/","title":{"rendered":"Fashion Police Regresar\u00e1&#8230; en Enero de 2015"},"content":{"rendered":"<p>Hola lectores despu\u00e9s del deceso de Joan Rivers el pasado 04 de Septiembre, la cadena E Entertainment Television no sab\u00eda si el show dedicado a la moda de las estrellas creado en el a\u00f1o 2010 continuar\u00eda\u00a0sin la presencia de la comediante.<\/p>\n<p>Actualmente el show ten\u00eda la participaci\u00f3n de:<\/p>\n<p><a href=\"https:\/\/i0.wp.com\/www.kalot.com.mx\/wp-content\/uploads\/2014\/09\/FP-3.jpg\"><img data-recalc-dims=\"1\" fetchpriority=\"high\" decoding=\"async\" data-attachment-id=\"18236\" data-permalink=\"https:\/\/kalot.com.mx\/site\/2014\/09\/20\/fashion-police-regresara-en-enero-de-2015\/fp-3\/\" data-orig-file=\"https:\/\/i0.wp.com\/kalot.com.mx\/site\/wp-content\/uploads\/2014\/09\/FP-3.jpg?fit=560%2C415&amp;ssl=1\" data-orig-size=\"560,415\" data-comments-opened=\"1\" data-image-meta=\"{&quot;aperture&quot;:&quot;0&quot;,&quot;credit&quot;:&quot;&quot;,&quot;camera&quot;:&quot;&quot;,&quot;caption&quot;:&quot;&quot;,&quot;created_timestamp&quot;:&quot;0&quot;,&quot;copyright&quot;:&quot;&quot;,&quot;focal_length&quot;:&quot;0&quot;,&quot;iso&quot;:&quot;0&quot;,&quot;shutter_speed&quot;:&quot;0&quot;,&quot;title&quot;:&quot;&quot;,&quot;orientation&quot;:&quot;0&quot;}\" data-image-title=\"FP 3\" data-image-description=\"\" data-image-caption=\"\" data-large-file=\"https:\/\/i0.wp.com\/kalot.com.mx\/site\/wp-content\/uploads\/2014\/09\/FP-3.jpg?fit=560%2C415&amp;ssl=1\" src=\"https:\/\/i0.wp.com\/www.kalot.com.mx\/wp-content\/uploads\/2014\/09\/FP-3.jpg?resize=560%2C415\" alt=\"FP 3\" width=\"560\" height=\"415\" class=\"aligncenter size-full wp-image-18236\" srcset=\"https:\/\/i0.wp.com\/kalot.com.mx\/site\/wp-content\/uploads\/2014\/09\/FP-3.jpg?w=560&amp;ssl=1 560w, https:\/\/i0.wp.com\/kalot.com.mx\/site\/wp-content\/uploads\/2014\/09\/FP-3.jpg?resize=380%2C282&amp;ssl=1 380w, https:\/\/i0.wp.com\/kalot.com.mx\/site\/wp-content\/uploads\/2014\/09\/FP-3.jpg?resize=300%2C222&amp;ssl=1 300w\" sizes=\"(max-width: 560px) 100vw, 560px\" \/><\/a><\/p>\n<ul>\n<li>Giuliana Rancic: Es la conductora de E News!<\/li>\n<li>Kelly Osbourne: Actriz y cantante hija de Sharon y Ozzy Osbourne<\/li>\n<li>George Kotsioupolus: Estilista de celebridades<\/li>\n<li>Joan Rivers: Comediante Q.E.P.D.<\/li>\n<li>Melissa Rivers: Hija de Joan y actual productora ejecutiva del programa<\/li>\n<\/ul>\n<p><strong>Desde el 4 de Septiembre le emisi\u00f3n se suspendi\u00f3 de manera indefinida, sin embargo en el Especial de Fashion Police de Remembranza a Joan Rivers, Melissa Rivers indic\u00f3 que a Joan le hubiera gustado que el show continuar\u00e1 y as\u00ed ser\u00e1 s\u00f3lo que iniciar\u00e1 de nuevo en Enero de 2015 con la premiaci\u00f3n de los Globos de Oro.\u00a0<\/strong><\/p>\n<p>Aqu\u00ed les dejamos unas fotos de este especial:<\/p>\n<p>El cual probablemente se transmita la siguiente semana en M\u00e9xico.<\/p>\n<figure id=\"attachment_18234\" aria-describedby=\"caption-attachment-18234\" style=\"width: 640px\" class=\"wp-caption aligncenter\"><a href=\"https:\/\/i0.wp.com\/www.kalot.com.mx\/wp-content\/uploads\/2014\/09\/FP-1.jpg\"><img data-recalc-dims=\"1\" decoding=\"async\" data-attachment-id=\"18234\" data-permalink=\"https:\/\/kalot.com.mx\/site\/2014\/09\/20\/fashion-police-regresara-en-enero-de-2015\/fp-1\/\" data-orig-file=\"https:\/\/i0.wp.com\/kalot.com.mx\/site\/wp-content\/uploads\/2014\/09\/FP-1.jpg?fit=640%2C510&amp;ssl=1\" data-orig-size=\"640,510\" data-comments-opened=\"1\" data-image-meta=\"{&quot;aperture&quot;:&quot;0&quot;,&quot;credit&quot;:&quot;&quot;,&quot;camera&quot;:&quot;&quot;,&quot;caption&quot;:&quot;&quot;,&quot;created_timestamp&quot;:&quot;0&quot;,&quot;copyright&quot;:&quot;&quot;,&quot;focal_length&quot;:&quot;0&quot;,&quot;iso&quot;:&quot;0&quot;,&quot;shutter_speed&quot;:&quot;0&quot;,&quot;title&quot;:&quot;&quot;,&quot;orientation&quot;:&quot;0&quot;}\" data-image-title=\"FP 1\" data-image-description=\"\" data-image-caption=\"&lt;p&gt;George, Kelly, Melissa y Giuliana&lt;\/p&gt;\n\" data-large-file=\"https:\/\/i0.wp.com\/kalot.com.mx\/site\/wp-content\/uploads\/2014\/09\/FP-1.jpg?fit=640%2C510&amp;ssl=1\" src=\"https:\/\/i0.wp.com\/www.kalot.com.mx\/wp-content\/uploads\/2014\/09\/FP-1.jpg?resize=640%2C510\" alt=\"George, Kelly, Melissa y Giuliana\" width=\"640\" height=\"510\" class=\"size-full wp-image-18234\" srcset=\"https:\/\/i0.wp.com\/kalot.com.mx\/site\/wp-content\/uploads\/2014\/09\/FP-1.jpg?w=640&amp;ssl=1 640w, https:\/\/i0.wp.com\/kalot.com.mx\/site\/wp-content\/uploads\/2014\/09\/FP-1.jpg?resize=380%2C303&amp;ssl=1 380w, https:\/\/i0.wp.com\/kalot.com.mx\/site\/wp-content\/uploads\/2014\/09\/FP-1.jpg?resize=300%2C239&amp;ssl=1 300w\" sizes=\"(max-width: 640px) 100vw, 640px\" \/><\/a><figcaption id=\"caption-attachment-18234\" class=\"wp-caption-text\">George, Kelly, Melissa y Giuliana<\/figcaption><\/figure>\n<figure id=\"attachment_18235\" aria-describedby=\"caption-attachment-18235\" style=\"width: 632px\" class=\"wp-caption aligncenter\"><a href=\"https:\/\/i0.wp.com\/www.kalot.com.mx\/wp-content\/uploads\/2014\/09\/FP-2.jpg\"><img data-recalc-dims=\"1\" decoding=\"async\" data-attachment-id=\"18235\" data-permalink=\"https:\/\/kalot.com.mx\/site\/2014\/09\/20\/fashion-police-regresara-en-enero-de-2015\/fp-2\/\" data-orig-file=\"https:\/\/i0.wp.com\/kalot.com.mx\/site\/wp-content\/uploads\/2014\/09\/FP-2.jpg?fit=632%2C400&amp;ssl=1\" data-orig-size=\"632,400\" data-comments-opened=\"1\" data-image-meta=\"{&quot;aperture&quot;:&quot;0&quot;,&quot;credit&quot;:&quot;&quot;,&quot;camera&quot;:&quot;&quot;,&quot;caption&quot;:&quot;&quot;,&quot;created_timestamp&quot;:&quot;0&quot;,&quot;copyright&quot;:&quot;&quot;,&quot;focal_length&quot;:&quot;0&quot;,&quot;iso&quot;:&quot;0&quot;,&quot;shutter_speed&quot;:&quot;0&quot;,&quot;title&quot;:&quot;&quot;,&quot;orientation&quot;:&quot;0&quot;}\" data-image-title=\"FP 2\" data-image-description=\"\" data-image-caption=\"&lt;p&gt;JOAN RANGERS DE FASHION POLICE&lt;\/p&gt;\n\" data-large-file=\"https:\/\/i0.wp.com\/kalot.com.mx\/site\/wp-content\/uploads\/2014\/09\/FP-2.jpg?fit=632%2C400&amp;ssl=1\" src=\"https:\/\/i0.wp.com\/www.kalot.com.mx\/wp-content\/uploads\/2014\/09\/FP-2.jpg?resize=632%2C400\" alt=\"JOAN RANGERS DE FASHION POLICE\" width=\"632\" height=\"400\" class=\"size-full wp-image-18235\" srcset=\"https:\/\/i0.wp.com\/kalot.com.mx\/site\/wp-content\/uploads\/2014\/09\/FP-2.jpg?w=632&amp;ssl=1 632w, https:\/\/i0.wp.com\/kalot.com.mx\/site\/wp-content\/uploads\/2014\/09\/FP-2.jpg?resize=380%2C241&amp;ssl=1 380w, https:\/\/i0.wp.com\/kalot.com.mx\/site\/wp-content\/uploads\/2014\/09\/FP-2.jpg?resize=300%2C190&amp;ssl=1 300w\" sizes=\"(max-width: 632px) 100vw, 632px\" \/><\/a><figcaption id=\"caption-attachment-18235\" class=\"wp-caption-text\">JOAN RANGERS DE FASHION POLICE<\/figcaption><\/figure>\n<p>Saludos y no dejes de compartir este post.<\/p>\n<p>&nbsp;<\/p>\n","protected":false},"excerpt":{"rendered":"Hola lectores despu\u00e9s del deceso de Joan Rivers el pasado 04 de Septiembre, la cadena E Entertainment Television&hellip;\n","protected":false},"author":104,"featured_media":18237,"comment_status":"open","ping_status":"open","sticky":false,"template":"","format":"standard","meta":{"jetpack_post_was_ever_published":false,"_jetpack_newsletter_access":"","_jetpack_dont_email_post_to_subs":false,"_jetpack_newsletter_tier_id":0,"_jetpack_memberships_contains_paywalled_content":false,"_jetpack_memberships_contains_paid_content":false,"footnotes":"","jetpack_publicize_message":"","jetpack_publicize_feature_enabled":true,"jetpack_social_post_already_shared":true,"jetpack_social_options":{"image_generator_settings":{"template":"highway","default_image_id":0,"font":"","enabled":false},"version":2}},"categories":[],"tags":[],"class_list":{"0":"post-18232","1":"post","2":"type-post","3":"status-publish","4":"format-standard","5":"has-post-thumbnail","7":"cs-entry","8":"cs-video-wrap"},"yoast_head":"<!-- This site is optimized with the Yoast SEO plugin v27.5 - https:\/\/yoast.com\/product\/yoast-seo-wordpress\/ -->\n<title>Fashion Police Regresar\u00e1... en Enero de 2015  - Kalot<\/title>\n<meta name=\"description\" content=\"Hola lectores despu\u00e9s del deceso de Joan Rivers el pasado 04 de Septiembre, la cadena E Entertainment Television no sab\u00eda si el show dedicado a la moda de\" \/>\n<meta name=\"robots\" content=\"index, follow, max-snippet:-1, max-image-preview:large, max-video-preview:-1\" \/>\n<link rel=\"canonical\" href=\"https:\/\/kalot.com.mx\/site\/2014\/09\/20\/fashion-police-regresara-en-enero-de-2015\/\" \/>\n<meta property=\"og:locale\" content=\"es_MX\" \/>\n<meta property=\"og:type\" content=\"article\" \/>\n<meta property=\"og:title\" content=\"Fashion Police Regresar\u00e1... en Enero de 2015  - Kalot\" \/>\n<meta property=\"og:description\" content=\"Hola lectores despu\u00e9s del deceso de Joan Rivers el pasado 04 de Septiembre, la cadena E Entertainment Television no sab\u00eda si el show dedicado a la moda de\" \/>\n<meta property=\"og:url\" content=\"https:\/\/kalot.com.mx\/site\/2014\/09\/20\/fashion-police-regresara-en-enero-de-2015\/\" \/>\n<meta property=\"og:site_name\" content=\"Kalot\" \/>\n<meta property=\"article:publisher\" content=\"http:\/\/facebook.com\/mxkalot\" \/>\n<meta property=\"article:published_time\" content=\"2014-09-20T21:08:46+00:00\" \/>\n<meta property=\"og:image\" content=\"https:\/\/i0.wp.com\/kalot.com.mx\/site\/wp-content\/uploads\/2014\/09\/Fashion-police-7.jpg?fit=720%2C540&ssl=1\" \/>\n\t<meta property=\"og:image:width\" content=\"720\" \/>\n\t<meta property=\"og:image:height\" content=\"540\" \/>\n\t<meta property=\"og:image:type\" content=\"image\/jpeg\" \/>\n<meta name=\"author\" content=\"Adrian Aldana\" \/>\n<meta name=\"twitter:card\" content=\"summary_large_image\" \/>\n<meta name=\"twitter:creator\" content=\"@stashtoxic\" \/>\n<meta name=\"twitter:site\" content=\"@kalotmx\" \/>\n<meta name=\"twitter:label1\" content=\"Escrito por\" \/>\n\t<meta name=\"twitter:data1\" content=\"Adrian Aldana\" \/>\n\t<meta name=\"twitter:label2\" content=\"Tiempo de lectura\" \/>\n\t<meta name=\"twitter:data2\" content=\"1 minuto\" \/>\n<!-- \/ Yoast SEO plugin. -->","yoast_head_json":{"title":"Fashion Police Regresar\u00e1... en Enero de 2015  - Kalot","description":"Hola lectores despu\u00e9s del deceso de Joan Rivers el pasado 04 de Septiembre, la cadena E Entertainment Television no sab\u00eda si el show dedicado a la moda de","robots":{"index":"index","follow":"follow","max-snippet":"max-snippet:-1","max-image-preview":"max-image-preview:large","max-video-preview":"max-video-preview:-1"},"canonical":"https:\/\/kalot.com.mx\/site\/2014\/09\/20\/fashion-police-regresara-en-enero-de-2015\/","og_locale":"es_MX","og_type":"article","og_title":"Fashion Police Regresar\u00e1... en Enero de 2015  - Kalot","og_description":"Hola lectores despu\u00e9s del deceso de Joan Rivers el pasado 04 de Septiembre, la cadena E Entertainment Television no sab\u00eda si el show dedicado a la moda de","og_url":"https:\/\/kalot.com.mx\/site\/2014\/09\/20\/fashion-police-regresara-en-enero-de-2015\/","og_site_name":"Kalot","article_publisher":"http:\/\/facebook.com\/mxkalot","article_published_time":"2014-09-20T21:08:46+00:00","og_image":[{"width":720,"height":540,"url":"https:\/\/i0.wp.com\/kalot.com.mx\/site\/wp-content\/uploads\/2014\/09\/Fashion-police-7.jpg?fit=720%2C540&ssl=1","type":"image\/jpeg"}],"author":"Adrian Aldana","twitter_card":"summary_large_image","twitter_creator":"@stashtoxic","twitter_site":"@kalotmx","twitter_misc":{"Escrito por":"Adrian Aldana","Tiempo de lectura":"1 minuto"},"schema":{"@context":"https:\/\/schema.org","@graph":[{"@type":"Article","@id":"https:\/\/kalot.com.mx\/site\/2014\/09\/20\/fashion-police-regresara-en-enero-de-2015\/#article","isPartOf":{"@id":"https:\/\/kalot.com.mx\/site\/2014\/09\/20\/fashion-police-regresara-en-enero-de-2015\/"},"author":{"name":"Adrian Aldana","@id":"https:\/\/kalot.com.mx\/site\/#\/schema\/person\/7ca8d08870f5189b7bf61f0615e56a47"},"headline":"Fashion Police Regresar\u00e1&#8230; en Enero de 2015","datePublished":"2014-09-20T21:08:46+00:00","mainEntityOfPage":{"@id":"https:\/\/kalot.com.mx\/site\/2014\/09\/20\/fashion-police-regresara-en-enero-de-2015\/"},"wordCount":212,"commentCount":0,"publisher":{"@id":"https:\/\/kalot.com.mx\/site\/#organization"},"image":{"@id":"https:\/\/kalot.com.mx\/site\/2014\/09\/20\/fashion-police-regresara-en-enero-de-2015\/#primaryimage"},"thumbnailUrl":"https:\/\/i0.wp.com\/kalot.com.mx\/site\/wp-content\/uploads\/2014\/09\/Fashion-police-7.jpg?fit=720%2C540&ssl=1","inLanguage":"es","potentialAction":[{"@type":"CommentAction","name":"Comment","target":["https:\/\/kalot.com.mx\/site\/2014\/09\/20\/fashion-police-regresara-en-enero-de-2015\/#respond"]}]},{"@type":"WebPage","@id":"https:\/\/kalot.com.mx\/site\/2014\/09\/20\/fashion-police-regresara-en-enero-de-2015\/","url":"https:\/\/kalot.com.mx\/site\/2014\/09\/20\/fashion-police-regresara-en-enero-de-2015\/","name":"Fashion Police Regresar\u00e1... en Enero de 2015 - Kalot","isPartOf":{"@id":"https:\/\/kalot.com.mx\/site\/#website"},"primaryImageOfPage":{"@id":"https:\/\/kalot.com.mx\/site\/2014\/09\/20\/fashion-police-regresara-en-enero-de-2015\/#primaryimage"},"image":{"@id":"https:\/\/kalot.com.mx\/site\/2014\/09\/20\/fashion-police-regresara-en-enero-de-2015\/#primaryimage"},"thumbnailUrl":"https:\/\/i0.wp.com\/kalot.com.mx\/site\/wp-content\/uploads\/2014\/09\/Fashion-police-7.jpg?fit=720%2C540&ssl=1","datePublished":"2014-09-20T21:08:46+00:00","description":"Hola lectores despu\u00e9s del deceso de Joan Rivers el pasado 04 de Septiembre, la cadena E Entertainment Television no sab\u00eda si el show dedicado a la moda de","breadcrumb":{"@id":"https:\/\/kalot.com.mx\/site\/2014\/09\/20\/fashion-police-regresara-en-enero-de-2015\/#breadcrumb"},"inLanguage":"es","potentialAction":[{"@type":"ReadAction","target":["https:\/\/kalot.com.mx\/site\/2014\/09\/20\/fashion-police-regresara-en-enero-de-2015\/"]}]},{"@type":"ImageObject","inLanguage":"es","@id":"https:\/\/kalot.com.mx\/site\/2014\/09\/20\/fashion-police-regresara-en-enero-de-2015\/#primaryimage","url":"https:\/\/i0.wp.com\/kalot.com.mx\/site\/wp-content\/uploads\/2014\/09\/Fashion-police-7.jpg?fit=720%2C540&ssl=1","contentUrl":"https:\/\/i0.wp.com\/kalot.com.mx\/site\/wp-content\/uploads\/2014\/09\/Fashion-police-7.jpg?fit=720%2C540&ssl=1","width":720,"height":540},{"@type":"BreadcrumbList","@id":"https:\/\/kalot.com.mx\/site\/2014\/09\/20\/fashion-police-regresara-en-enero-de-2015\/#breadcrumb","itemListElement":[{"@type":"ListItem","position":1,"name":"Home","item":"https:\/\/kalot.com.mx\/site\/"},{"@type":"ListItem","position":2,"name":"Fashion Police Regresar\u00e1&#8230; en Enero de 2015"}]},{"@type":"WebSite","@id":"https:\/\/kalot.com.mx\/site\/#website","url":"https:\/\/kalot.com.mx\/site\/","name":"Kalot","description":"Conoce Todo Sobre Todo","publisher":{"@id":"https:\/\/kalot.com.mx\/site\/#organization"},"potentialAction":[{"@type":"SearchAction","target":{"@type":"EntryPoint","urlTemplate":"https:\/\/kalot.com.mx\/site\/?s={search_term_string}"},"query-input":{"@type":"PropertyValueSpecification","valueRequired":true,"valueName":"search_term_string"}}],"inLanguage":"es"},{"@type":"Organization","@id":"https:\/\/kalot.com.mx\/site\/#organization","name":"Kalot","url":"https:\/\/kalot.com.mx\/site\/","logo":{"@type":"ImageObject","inLanguage":"es","@id":"https:\/\/kalot.com.mx\/site\/#\/schema\/logo\/image\/","url":"https:\/\/i0.wp.com\/kalot.com.mx\/site\/wp-content\/uploads\/2020\/04\/Kalot-logo-sin-tagline.png?fit=1707%2C1014&ssl=1","contentUrl":"https:\/\/i0.wp.com\/kalot.com.mx\/site\/wp-content\/uploads\/2020\/04\/Kalot-logo-sin-tagline.png?fit=1707%2C1014&ssl=1","width":1707,"height":1014,"caption":"Kalot"},"image":{"@id":"https:\/\/kalot.com.mx\/site\/#\/schema\/logo\/image\/"},"sameAs":["http:\/\/facebook.com\/mxkalot","https:\/\/x.com\/kalotmx","http:\/\/instagram.com\/kalotmx","http:\/\/pinterest.com\/jorgeerana\/kalot"]},{"@type":"Person","@id":"https:\/\/kalot.com.mx\/site\/#\/schema\/person\/7ca8d08870f5189b7bf61f0615e56a47","name":"Adrian Aldana","image":{"@type":"ImageObject","inLanguage":"es","@id":"https:\/\/secure.gravatar.com\/avatar\/33acd468723ea005f5cf8346a551a18ed9259d808bb761c46e0d8e1082f79c8a?s=96&d=mm&r=g","url":"https:\/\/secure.gravatar.com\/avatar\/33acd468723ea005f5cf8346a551a18ed9259d808bb761c46e0d8e1082f79c8a?s=96&d=mm&r=g","contentUrl":"https:\/\/secure.gravatar.com\/avatar\/33acd468723ea005f5cf8346a551a18ed9259d808bb761c46e0d8e1082f79c8a?s=96&d=mm&r=g","caption":"Adrian Aldana"},"description":"Me gusta la tecnolog\u00eca y aprender mucho por medio de internet, tengo 31 a\u00f1os, trabajo en M\u00e9xico DF en sector de viajes y turismo, he organizado eventos, se de wordpress, de motion, de productos apple, de imovie, me encanta buscar juegos en iOS y adem\u00e1s de todo se escuchar muy bien y recomendarte un buen caf\u00e9. Saludos.","sameAs":["https:\/\/x.com\/stashtoxic"],"url":"https:\/\/kalot.com.mx\/site\/author\/adrian\/"}]}},"jetpack_publicize_connections":[],"jetpack_featured_media_url":"https:\/\/i0.wp.com\/kalot.com.mx\/site\/wp-content\/uploads\/2014\/09\/Fashion-police-7.jpg?fit=720%2C540&ssl=1","jetpack_shortlink":"https:\/\/wp.me\/p6IHEI-4K4","jetpack-related-posts":[{"id":17999,"url":"https:\/\/kalot.com.mx\/site\/2014\/09\/07\/lo-que-joan-rivers-se-llevo\/","url_meta":{"origin":18232,"position":0},"title":"Lo que Joan Rivers se llev\u00f3","author":"Ivan Mendez","date":"7 septiembre, 2014","format":false,"excerpt":"Cuando supe que Joan Rivers hab\u00eda muerto el pasado jueves no me cay\u00f3 el veinte inmediatamente. Despu\u00e9s de los t\u00edpicos programas que siempre hacen cuando una celebridad muere, me di cuenta de lo que en realidad hab\u00eda contribuido esta mujer al mundo del espect\u00e1culo. Nacida en 1933, conocido como el\u2026","rel":"","context":"Entrada similar ","block_context":{"text":"Entrada similar ","link":""},"img":{"alt_text":"","src":"https:\/\/i0.wp.com\/kalot.com.mx\/site\/wp-content\/uploads\/2014\/09\/joanrivers.jpg?fit=1200%2C900&ssl=1&resize=350%2C200","width":350,"height":200,"srcset":"https:\/\/i0.wp.com\/kalot.com.mx\/site\/wp-content\/uploads\/2014\/09\/joanrivers.jpg?fit=1200%2C900&ssl=1&resize=350%2C200 1x, https:\/\/i0.wp.com\/kalot.com.mx\/site\/wp-content\/uploads\/2014\/09\/joanrivers.jpg?fit=1200%2C900&ssl=1&resize=525%2C300 1.5x, https:\/\/i0.wp.com\/kalot.com.mx\/site\/wp-content\/uploads\/2014\/09\/joanrivers.jpg?fit=1200%2C900&ssl=1&resize=700%2C400 2x, https:\/\/i0.wp.com\/kalot.com.mx\/site\/wp-content\/uploads\/2014\/09\/joanrivers.jpg?fit=1200%2C900&ssl=1&resize=1050%2C600 3x"},"classes":[]},{"id":13069,"url":"https:\/\/kalot.com.mx\/site\/2014\/03\/06\/mtv-movie-awards-lista-completa-nominados\/","url_meta":{"origin":18232,"position":1},"title":"MTV Movie Awards 2014: Lista completa de nominados","author":"Beto Mart\u00ednez","date":"6 marzo, 2014","format":false,"excerpt":"Les traemos la lista completa de los nominados a los MTV Movie Awards 2014, en la que destacan:\u00a0\u201cEl Lobo de Wall Street\u201d y \u201cEsc\u00e1ndalo americano\u201d con 8 nominaciones cada una y \u201cLos Juegos del Hambre: En Llamas\u201d con 7 nominaciones. Los premios se llevar\u00e1n a cabo en el Teatro Nokia\u2026","rel":"","context":"Con 1 comentario","block_context":{"text":"Con 1 comentario","link":"https:\/\/kalot.com.mx\/site\/2014\/03\/06\/mtv-movie-awards-lista-completa-nominados\/#comments"},"img":{"alt_text":"","src":"https:\/\/i0.wp.com\/kalot.com.mx\/site\/wp-content\/uploads\/2014\/03\/MTV.jpg?fit=1200%2C820&ssl=1&resize=350%2C200","width":350,"height":200,"srcset":"https:\/\/i0.wp.com\/kalot.com.mx\/site\/wp-content\/uploads\/2014\/03\/MTV.jpg?fit=1200%2C820&ssl=1&resize=350%2C200 1x, https:\/\/i0.wp.com\/kalot.com.mx\/site\/wp-content\/uploads\/2014\/03\/MTV.jpg?fit=1200%2C820&ssl=1&resize=525%2C300 1.5x, https:\/\/i0.wp.com\/kalot.com.mx\/site\/wp-content\/uploads\/2014\/03\/MTV.jpg?fit=1200%2C820&ssl=1&resize=700%2C400 2x, https:\/\/i0.wp.com\/kalot.com.mx\/site\/wp-content\/uploads\/2014\/03\/MTV.jpg?fit=1200%2C820&ssl=1&resize=1050%2C600 3x"},"classes":[]},{"id":2113,"url":"https:\/\/kalot.com.mx\/site\/2013\/09\/21\/se-aceptan-devoluciones-cine-eugenioderbez\/","url_meta":{"origin":18232,"position":2},"title":"No se aceptan devoluciones #Cine @EugenioDerbez","author":"Anastacio S\u00e1nchez","date":"21 septiembre, 2013","format":false,"excerpt":"Debut como director y rompe expectativa, para mucho una de las mejores pel\u00edculas en muchos a\u00f1os, de las pocas que he visto que a gente se ponga de pie y aplaudir al final de la pel\u00edcula, y qui\u00e9n es Eugenio Derbez, conocido por pel\u00edculas como \u201cJack y Jill\u201d, \u201cNo eres\u2026","rel":"","context":"Con 1 comentario","block_context":{"text":"Con 1 comentario","link":"https:\/\/kalot.com.mx\/site\/2013\/09\/21\/se-aceptan-devoluciones-cine-eugenioderbez\/#comments"},"img":{"alt_text":"","src":"https:\/\/i0.wp.com\/kalot.com.mx\/site\/wp-content\/uploads\/2013\/09\/no-se-aceptan-devoluciones-el-mayor-exito-registrado-por-una-pelicula-mexicana-en-estados-unidos.jpg?fit=1200%2C675&ssl=1&resize=350%2C200","width":350,"height":200,"srcset":"https:\/\/i0.wp.com\/kalot.com.mx\/site\/wp-content\/uploads\/2013\/09\/no-se-aceptan-devoluciones-el-mayor-exito-registrado-por-una-pelicula-mexicana-en-estados-unidos.jpg?fit=1200%2C675&ssl=1&resize=350%2C200 1x, https:\/\/i0.wp.com\/kalot.com.mx\/site\/wp-content\/uploads\/2013\/09\/no-se-aceptan-devoluciones-el-mayor-exito-registrado-por-una-pelicula-mexicana-en-estados-unidos.jpg?fit=1200%2C675&ssl=1&resize=525%2C300 1.5x, https:\/\/i0.wp.com\/kalot.com.mx\/site\/wp-content\/uploads\/2013\/09\/no-se-aceptan-devoluciones-el-mayor-exito-registrado-por-una-pelicula-mexicana-en-estados-unidos.jpg?fit=1200%2C675&ssl=1&resize=700%2C400 2x, https:\/\/i0.wp.com\/kalot.com.mx\/site\/wp-content\/uploads\/2013\/09\/no-se-aceptan-devoluciones-el-mayor-exito-registrado-por-una-pelicula-mexicana-en-estados-unidos.jpg?fit=1200%2C675&ssl=1&resize=1050%2C600 3x"},"classes":[]},{"id":4844,"url":"https:\/\/kalot.com.mx\/site\/2013\/10\/24\/mujeres-del-rock\/","url_meta":{"origin":18232,"position":3},"title":"Mujeres del Rock","author":"Karla Ju\u00e1rez","date":"24 octubre, 2013","format":false,"excerpt":"En la historia del rock han dejado huella magn\u00edficos cantantes, compositores, reyes del manejo de los instrumentos como Rolling Stones, The Beatles, Queen, Skid Row, Whitesnake, Elvis, Jimmi Hendrix, etc. y claro que merecen permanecer generaci\u00f3n tras generaci\u00f3n, pero \u00bf Qu\u00e9 hay de aquellas mujeres que han dejado huella en\u2026","rel":"","context":"Entrada similar ","block_context":{"text":"Entrada similar ","link":""},"img":{"alt_text":"","src":"https:\/\/i0.wp.com\/kalot.com.mx\/site\/wp-content\/uploads\/2013\/10\/kalot-rockgirl.jpg?fit=960%2C720&ssl=1&resize=350%2C200","width":350,"height":200,"srcset":"https:\/\/i0.wp.com\/kalot.com.mx\/site\/wp-content\/uploads\/2013\/10\/kalot-rockgirl.jpg?fit=960%2C720&ssl=1&resize=350%2C200 1x, https:\/\/i0.wp.com\/kalot.com.mx\/site\/wp-content\/uploads\/2013\/10\/kalot-rockgirl.jpg?fit=960%2C720&ssl=1&resize=525%2C300 1.5x, https:\/\/i0.wp.com\/kalot.com.mx\/site\/wp-content\/uploads\/2013\/10\/kalot-rockgirl.jpg?fit=960%2C720&ssl=1&resize=700%2C400 2x"},"classes":[]},{"id":17292,"url":"https:\/\/kalot.com.mx\/site\/2014\/07\/18\/nuevo-trailer-de-la-pelicula-de-cantinflas\/","url_meta":{"origin":18232,"position":4},"title":"Nuevo tr\u00e1iler de la pel\u00edcula de Cantinflas","author":"Jorge Era\u00f1a","date":"18 julio, 2014","format":false,"excerpt":"La pel\u00edcula Cantinflas ya tiene su segundo tr\u00e1iler Sebasti\u00e1n del Amo tiene todo listo para que en septiembre de este a\u00f1o se estrene esta Cantinflas, pel\u00edcula que realmente se ve interesante para homenajear al m\u00e1s grande del cine Mexicano. El parecido de \u00d3scar Jaenada es impresionante con el comediante Cantinflas\u2026","rel":"","context":"Entrada similar ","block_context":{"text":"Entrada similar ","link":""},"img":{"alt_text":"cantinflas","src":"https:\/\/i0.wp.com\/kalot.com.mx\/site\/wp-content\/uploads\/2014\/07\/536420ec5827b.jpg?fit=617%2C339&ssl=1&resize=350%2C200","width":350,"height":200,"srcset":"https:\/\/i0.wp.com\/kalot.com.mx\/site\/wp-content\/uploads\/2014\/07\/536420ec5827b.jpg?fit=617%2C339&ssl=1&resize=350%2C200 1x, https:\/\/i0.wp.com\/kalot.com.mx\/site\/wp-content\/uploads\/2014\/07\/536420ec5827b.jpg?fit=617%2C339&ssl=1&resize=525%2C300 1.5x"},"classes":[]},{"id":17576,"url":"https:\/\/kalot.com.mx\/site\/2014\/08\/11\/breaking-fallece-robin-williams\/","url_meta":{"origin":18232,"position":5},"title":"#Breaking Fallece Robin Williams","author":"Carlos Ru\u00edz Mtz","date":"11 agosto, 2014","format":false,"excerpt":"El famoso actor Robin Williams fue hallado muerto hoy en su domicilio en el norte de California, seg\u00fan declaraciones de su publicista. Ten\u00eda 63 a\u00f1os. Al parecer, el famoso actor y comediante habr\u00eda cometido suicidio, sin embargo, a\u00fan es demasiado pronto para llegar a una causa clara. Muchos recordaremos a\u2026","rel":"","context":"En &quot;Sin categor\u00eda&quot;","block_context":{"text":"Sin categor\u00eda","link":"https:\/\/kalot.com.mx\/site\/category\/sin-categoria\/"},"img":{"alt_text":"","src":"https:\/\/i0.wp.com\/kalot.com.mx\/site\/wp-content\/uploads\/2014\/08\/large-good-will-hunting2.jpg?fit=1200%2C667&ssl=1&resize=350%2C200","width":350,"height":200,"srcset":"https:\/\/i0.wp.com\/kalot.com.mx\/site\/wp-content\/uploads\/2014\/08\/large-good-will-hunting2.jpg?fit=1200%2C667&ssl=1&resize=350%2C200 1x, https:\/\/i0.wp.com\/kalot.com.mx\/site\/wp-content\/uploads\/2014\/08\/large-good-will-hunting2.jpg?fit=1200%2C667&ssl=1&resize=525%2C300 1.5x, https:\/\/i0.wp.com\/kalot.com.mx\/site\/wp-content\/uploads\/2014\/08\/large-good-will-hunting2.jpg?fit=1200%2C667&ssl=1&resize=700%2C400 2x, https:\/\/i0.wp.com\/kalot.com.mx\/site\/wp-content\/uploads\/2014\/08\/large-good-will-hunting2.jpg?fit=1200%2C667&ssl=1&resize=1050%2C600 3x"},"classes":[]}],"jetpack_sharing_enabled":true,"_links":{"self":[{"href":"https:\/\/kalot.com.mx\/site\/wp-json\/wp\/v2\/posts\/18232","targetHints":{"allow":["GET"]}}],"collection":[{"href":"https:\/\/kalot.com.mx\/site\/wp-json\/wp\/v2\/posts"}],"about":[{"href":"https:\/\/kalot.com.mx\/site\/wp-json\/wp\/v2\/types\/post"}],"author":[{"embeddable":true,"href":"https:\/\/kalot.com.mx\/site\/wp-json\/wp\/v2\/users\/104"}],"replies":[{"embeddable":true,"href":"https:\/\/kalot.com.mx\/site\/wp-json\/wp\/v2\/comments?post=18232"}],"version-history":[{"count":0,"href":"https:\/\/kalot.com.mx\/site\/wp-json\/wp\/v2\/posts\/18232\/revisions"}],"wp:featuredmedia":[{"embeddable":true,"href":"https:\/\/kalot.com.mx\/site\/wp-json\/wp\/v2\/media\/18237"}],"wp:attachment":[{"href":"https:\/\/kalot.com.mx\/site\/wp-json\/wp\/v2\/media?parent=18232"}],"wp:term":[{"taxonomy":"category","embeddable":true,"href":"https:\/\/kalot.com.mx\/site\/wp-json\/wp\/v2\/categories?post=18232"},{"taxonomy":"post_tag","embeddable":true,"href":"https:\/\/kalot.com.mx\/site\/wp-json\/wp\/v2\/tags?post=18232"}],"curies":[{"name":"wp","href":"https:\/\/api.w.org\/{rel}","templated":true}]}}