{"id":1822,"date":"2013-09-17T13:43:46","date_gmt":"2013-09-17T18:43:46","guid":{"rendered":"http:\/\/www.kalot.com.mx\/?p=1822"},"modified":"2013-09-17T14:11:36","modified_gmt":"2013-09-17T19:11:36","slug":"todo-listo-para-rock-rio-2013-youtube-lo-trasmitira-en-vivo-musica-rockinrio","status":"publish","type":"post","link":"https:\/\/kalot.com.mx\/site\/2013\/09\/17\/todo-listo-para-rock-rio-2013-youtube-lo-trasmitira-en-vivo-musica-rockinrio\/","title":{"rendered":"Todo listo para Rock In Rio 2013, \u00a1Youtube lo trasmitir\u00e1 en vivo! #M\u00fasica @rockinrio"},"content":{"rendered":"<p><span class=\"embed-youtube\" style=\"text-align:center; display: block;\"><iframe class=\"youtube-player\" width=\"1200\" height=\"675\" src=\"https:\/\/www.youtube.com\/embed\/qrlKkH4YjsA?version=3&#038;rel=1&#038;showsearch=0&#038;showinfo=1&#038;iv_load_policy=1&#038;fs=1&#038;hl=es-MX&#038;autohide=2&#038;wmode=transparent\" allowfullscreen=\"true\" style=\"border:0;\" sandbox=\"allow-scripts allow-same-origin allow-popups allow-presentation allow-popups-to-escape-sandbox\"><\/iframe><\/span><\/p>\n<p>Excelentes noticias para los fans de las siguientes bandas les dejamos el cartel de Rock In Rio:<\/p>\n<p>El evento comenz\u00f3 el d\u00eda 13 de septiembre y se termina el 22 del mismo mes, y como siempre Youtube estar\u00e1 transmitiendo en vivo todos los conciertos desde Brasil.<\/p>\n<p>Algunas de las presentaciones m\u00e1s esperadas son\u00a0<strong>Metallica<\/strong>,\u00a0<strong>Beyonc\u00e9<\/strong>,\u00a0<strong>Justin Timberlake<\/strong>,<strong>Muse<\/strong>,\u00a0<strong>Bon Jovi<\/strong>,\u00a0<strong>Bruce Springsteen<\/strong>,\u00a0<strong>Slayer<\/strong>,\u00a0<strong>30 Seconds to Mars<\/strong>,\u00a0<strong>Alicia Keys<\/strong>,\u00a0<strong>Brodinski<\/strong>,<strong>Ghost B.C.<\/strong>,\u00a0<strong>David Guetta<\/strong>,\u00a0<strong>Iron<\/strong>\u00a0<strong>Maiden<\/strong>,<strong>\u00a0The Offspring<\/strong>,\u00a0<strong>Vitalic.<\/strong>\u00a0Solo sigue el canal de Youtube oficial para poder disfrutar los conciertos en vivo.<\/p>\n<p>Pueden verlo desde sus celulares, tablets y computadoras. Solo tienen que acceder al siguiente enlace.-<\/p>\n<p><strong><a href=\"http:\/\/youtube.com\/rockinrio\" target=\"_blank\">youtube.com\/rockinrio<\/a><br \/>\n<\/strong><\/p>\n<p>La programaci\u00f3n completa la encuentran en el sitio oficial de <a href=\"http:\/\/rockinrio.com\/rio\/en\/line-up\/%20\"><strong>Rock in Rio<\/strong><\/a><\/p>\n<p><a href=\"https:\/\/i0.wp.com\/www.kalot.com.mx\/wp-content\/uploads\/2013\/09\/rock-in-rio-2013-1000x400.jpg\"><img data-recalc-dims=\"1\" fetchpriority=\"high\" decoding=\"async\" data-attachment-id=\"1848\" data-permalink=\"https:\/\/kalot.com.mx\/site\/2013\/09\/17\/todo-listo-para-rock-rio-2013-youtube-lo-trasmitira-en-vivo-musica-rockinrio\/rock-in-rio-2013-1000x400\/\" data-orig-file=\"https:\/\/i0.wp.com\/kalot.com.mx\/site\/wp-content\/uploads\/2013\/09\/rock-in-rio-2013-1000x400.jpg?fit=1000%2C400&amp;ssl=1\" data-orig-size=\"1000,400\" data-comments-opened=\"1\" data-image-meta=\"{&quot;aperture&quot;:&quot;0&quot;,&quot;credit&quot;:&quot;&quot;,&quot;camera&quot;:&quot;&quot;,&quot;caption&quot;:&quot;&quot;,&quot;created_timestamp&quot;:&quot;0&quot;,&quot;copyright&quot;:&quot;&quot;,&quot;focal_length&quot;:&quot;0&quot;,&quot;iso&quot;:&quot;0&quot;,&quot;shutter_speed&quot;:&quot;0&quot;,&quot;title&quot;:&quot;&quot;}\" data-image-title=\"rock-in-rio-2013-1000&amp;#215;400\" data-image-description=\"\" data-image-caption=\"\" data-large-file=\"https:\/\/i0.wp.com\/kalot.com.mx\/site\/wp-content\/uploads\/2013\/09\/rock-in-rio-2013-1000x400.jpg?fit=1000%2C400&amp;ssl=1\" class=\"aligncenter size-full wp-image-1848\" alt=\"rock-in-rio-2013-1000x400\" src=\"https:\/\/i0.wp.com\/www.kalot.com.mx\/wp-content\/uploads\/2013\/09\/rock-in-rio-2013-1000x400.jpg?resize=1000%2C400\" width=\"1000\" height=\"400\" srcset=\"https:\/\/i0.wp.com\/kalot.com.mx\/site\/wp-content\/uploads\/2013\/09\/rock-in-rio-2013-1000x400.jpg?resize=1000%2C400&amp;ssl=1 1000w, https:\/\/i0.wp.com\/kalot.com.mx\/site\/wp-content\/uploads\/2013\/09\/rock-in-rio-2013-1000x400.jpg?resize=300%2C120&amp;ssl=1 300w, https:\/\/i0.wp.com\/kalot.com.mx\/site\/wp-content\/uploads\/2013\/09\/rock-in-rio-2013-1000x400.jpg?resize=720%2C288&amp;ssl=1 720w\" sizes=\"(max-width: 1000px) 100vw, 1000px\" \/><\/a><\/p>\n<p>&nbsp;<\/p>\n","protected":false},"excerpt":{"rendered":"Excelentes noticias para los fans de las siguientes bandas les dejamos el cartel de Rock In Rio: El&hellip;\n","protected":false},"author":1,"featured_media":1824,"comment_status":"open","ping_status":"open","sticky":false,"template":"","format":"standard","meta":{"jetpack_post_was_ever_published":false,"_jetpack_newsletter_access":"","_jetpack_dont_email_post_to_subs":false,"_jetpack_newsletter_tier_id":0,"_jetpack_memberships_contains_paywalled_content":false,"_jetpack_memberships_contains_paid_content":false,"footnotes":"","jetpack_publicize_message":"","jetpack_publicize_feature_enabled":true,"jetpack_social_post_already_shared":true,"jetpack_social_options":{"image_generator_settings":{"template":"highway","default_image_id":0,"font":"","enabled":false},"version":2}},"categories":[],"tags":[],"class_list":{"0":"post-1822","1":"post","2":"type-post","3":"status-publish","4":"format-standard","5":"has-post-thumbnail","7":"cs-entry","8":"cs-video-wrap"},"yoast_head":"<!-- This site is optimized with the Yoast SEO plugin v27.5 - https:\/\/yoast.com\/product\/yoast-seo-wordpress\/ -->\n<title>Todo listo para Rock In Rio 2013, \u00a1Youtube lo trasmitir\u00e1 en vivo! #M\u00fasica @rockinrio - Kalot<\/title>\n<meta name=\"description\" content=\"http:\/\/youtu.be\/qrlKkH4YjsA Excelentes noticias para los fans de las siguientes bandas les dejamos el cartel de Rock In Rio: El evento comenz\u00f3 el d\u00eda 13\" \/>\n<meta name=\"robots\" content=\"index, follow, max-snippet:-1, max-image-preview:large, max-video-preview:-1\" \/>\n<link rel=\"canonical\" href=\"https:\/\/kalot.com.mx\/site\/2013\/09\/17\/todo-listo-para-rock-rio-2013-youtube-lo-trasmitira-en-vivo-musica-rockinrio\/\" \/>\n<meta property=\"og:locale\" content=\"es_MX\" \/>\n<meta property=\"og:type\" content=\"article\" \/>\n<meta property=\"og:title\" content=\"Todo listo para Rock In Rio 2013, \u00a1Youtube lo trasmitir\u00e1 en vivo! #M\u00fasica @rockinrio - Kalot\" \/>\n<meta property=\"og:description\" content=\"http:\/\/youtu.be\/qrlKkH4YjsA Excelentes noticias para los fans de las siguientes bandas les dejamos el cartel de Rock In Rio: El evento comenz\u00f3 el d\u00eda 13\" \/>\n<meta property=\"og:url\" content=\"https:\/\/kalot.com.mx\/site\/2013\/09\/17\/todo-listo-para-rock-rio-2013-youtube-lo-trasmitira-en-vivo-musica-rockinrio\/\" \/>\n<meta property=\"og:site_name\" content=\"Kalot\" \/>\n<meta property=\"article:publisher\" content=\"http:\/\/facebook.com\/mxkalot\" \/>\n<meta property=\"article:author\" content=\"http:\/\/www.facebook.com\/jorgeerana\" \/>\n<meta property=\"article:published_time\" content=\"2013-09-17T18:43:46+00:00\" \/>\n<meta property=\"article:modified_time\" content=\"2013-09-17T19:11:36+00:00\" \/>\n<meta property=\"og:image\" content=\"https:\/\/i0.wp.com\/kalot.com.mx\/site\/wp-content\/uploads\/2013\/09\/rock-in-rio-2013-1.jpg?fit=620%2C350&ssl=1\" \/>\n\t<meta property=\"og:image:width\" content=\"620\" \/>\n\t<meta property=\"og:image:height\" content=\"350\" \/>\n\t<meta property=\"og:image:type\" content=\"image\/jpeg\" \/>\n<meta name=\"author\" content=\"Jorge Era\u00f1a\" \/>\n<meta name=\"twitter:card\" content=\"summary_large_image\" \/>\n<meta name=\"twitter:creator\" content=\"@jorge_erana\" \/>\n<meta name=\"twitter:site\" content=\"@kalotmx\" \/>\n<meta name=\"twitter:label1\" content=\"Escrito por\" \/>\n\t<meta name=\"twitter:data1\" content=\"Jorge Era\u00f1a\" \/>\n\t<meta name=\"twitter:label2\" content=\"Tiempo de lectura\" \/>\n\t<meta name=\"twitter:data2\" content=\"1 minuto\" \/>\n<!-- \/ Yoast SEO plugin. -->","yoast_head_json":{"title":"Todo listo para Rock In Rio 2013, \u00a1Youtube lo trasmitir\u00e1 en vivo! #M\u00fasica @rockinrio - Kalot","description":"http:\/\/youtu.be\/qrlKkH4YjsA Excelentes noticias para los fans de las siguientes bandas les dejamos el cartel de Rock In Rio: El evento comenz\u00f3 el d\u00eda 13","robots":{"index":"index","follow":"follow","max-snippet":"max-snippet:-1","max-image-preview":"max-image-preview:large","max-video-preview":"max-video-preview:-1"},"canonical":"https:\/\/kalot.com.mx\/site\/2013\/09\/17\/todo-listo-para-rock-rio-2013-youtube-lo-trasmitira-en-vivo-musica-rockinrio\/","og_locale":"es_MX","og_type":"article","og_title":"Todo listo para Rock In Rio 2013, \u00a1Youtube lo trasmitir\u00e1 en vivo! #M\u00fasica @rockinrio - Kalot","og_description":"http:\/\/youtu.be\/qrlKkH4YjsA Excelentes noticias para los fans de las siguientes bandas les dejamos el cartel de Rock In Rio: El evento comenz\u00f3 el d\u00eda 13","og_url":"https:\/\/kalot.com.mx\/site\/2013\/09\/17\/todo-listo-para-rock-rio-2013-youtube-lo-trasmitira-en-vivo-musica-rockinrio\/","og_site_name":"Kalot","article_publisher":"http:\/\/facebook.com\/mxkalot","article_author":"http:\/\/www.facebook.com\/jorgeerana","article_published_time":"2013-09-17T18:43:46+00:00","article_modified_time":"2013-09-17T19:11:36+00:00","og_image":[{"width":620,"height":350,"url":"https:\/\/i0.wp.com\/kalot.com.mx\/site\/wp-content\/uploads\/2013\/09\/rock-in-rio-2013-1.jpg?fit=620%2C350&ssl=1","type":"image\/jpeg"}],"author":"Jorge Era\u00f1a","twitter_card":"summary_large_image","twitter_creator":"@jorge_erana","twitter_site":"@kalotmx","twitter_misc":{"Escrito por":"Jorge Era\u00f1a","Tiempo de lectura":"1 minuto"},"schema":{"@context":"https:\/\/schema.org","@graph":[{"@type":"Article","@id":"https:\/\/kalot.com.mx\/site\/2013\/09\/17\/todo-listo-para-rock-rio-2013-youtube-lo-trasmitira-en-vivo-musica-rockinrio\/#article","isPartOf":{"@id":"https:\/\/kalot.com.mx\/site\/2013\/09\/17\/todo-listo-para-rock-rio-2013-youtube-lo-trasmitira-en-vivo-musica-rockinrio\/"},"author":{"name":"Jorge Era\u00f1a","@id":"https:\/\/kalot.com.mx\/site\/#\/schema\/person\/439e32b5ce86d9bc80cf42ab58e1c6e0"},"headline":"Todo listo para Rock In Rio 2013, \u00a1Youtube lo trasmitir\u00e1 en vivo! #M\u00fasica @rockinrio","datePublished":"2013-09-17T18:43:46+00:00","dateModified":"2013-09-17T19:11:36+00:00","mainEntityOfPage":{"@id":"https:\/\/kalot.com.mx\/site\/2013\/09\/17\/todo-listo-para-rock-rio-2013-youtube-lo-trasmitira-en-vivo-musica-rockinrio\/"},"wordCount":146,"commentCount":0,"publisher":{"@id":"https:\/\/kalot.com.mx\/site\/#organization"},"image":{"@id":"https:\/\/kalot.com.mx\/site\/2013\/09\/17\/todo-listo-para-rock-rio-2013-youtube-lo-trasmitira-en-vivo-musica-rockinrio\/#primaryimage"},"thumbnailUrl":"https:\/\/i0.wp.com\/kalot.com.mx\/site\/wp-content\/uploads\/2013\/09\/rock-in-rio-2013-1.jpg?fit=620%2C350&ssl=1","inLanguage":"es","potentialAction":[{"@type":"CommentAction","name":"Comment","target":["https:\/\/kalot.com.mx\/site\/2013\/09\/17\/todo-listo-para-rock-rio-2013-youtube-lo-trasmitira-en-vivo-musica-rockinrio\/#respond"]}]},{"@type":"WebPage","@id":"https:\/\/kalot.com.mx\/site\/2013\/09\/17\/todo-listo-para-rock-rio-2013-youtube-lo-trasmitira-en-vivo-musica-rockinrio\/","url":"https:\/\/kalot.com.mx\/site\/2013\/09\/17\/todo-listo-para-rock-rio-2013-youtube-lo-trasmitira-en-vivo-musica-rockinrio\/","name":"Todo listo para Rock In Rio 2013, \u00a1Youtube lo trasmitir\u00e1 en vivo! #M\u00fasica @rockinrio - Kalot","isPartOf":{"@id":"https:\/\/kalot.com.mx\/site\/#website"},"primaryImageOfPage":{"@id":"https:\/\/kalot.com.mx\/site\/2013\/09\/17\/todo-listo-para-rock-rio-2013-youtube-lo-trasmitira-en-vivo-musica-rockinrio\/#primaryimage"},"image":{"@id":"https:\/\/kalot.com.mx\/site\/2013\/09\/17\/todo-listo-para-rock-rio-2013-youtube-lo-trasmitira-en-vivo-musica-rockinrio\/#primaryimage"},"thumbnailUrl":"https:\/\/i0.wp.com\/kalot.com.mx\/site\/wp-content\/uploads\/2013\/09\/rock-in-rio-2013-1.jpg?fit=620%2C350&ssl=1","datePublished":"2013-09-17T18:43:46+00:00","dateModified":"2013-09-17T19:11:36+00:00","description":"http:\/\/youtu.be\/qrlKkH4YjsA Excelentes noticias para los fans de las siguientes bandas les dejamos el cartel de Rock In Rio: El evento comenz\u00f3 el d\u00eda 13","breadcrumb":{"@id":"https:\/\/kalot.com.mx\/site\/2013\/09\/17\/todo-listo-para-rock-rio-2013-youtube-lo-trasmitira-en-vivo-musica-rockinrio\/#breadcrumb"},"inLanguage":"es","potentialAction":[{"@type":"ReadAction","target":["https:\/\/kalot.com.mx\/site\/2013\/09\/17\/todo-listo-para-rock-rio-2013-youtube-lo-trasmitira-en-vivo-musica-rockinrio\/"]}]},{"@type":"ImageObject","inLanguage":"es","@id":"https:\/\/kalot.com.mx\/site\/2013\/09\/17\/todo-listo-para-rock-rio-2013-youtube-lo-trasmitira-en-vivo-musica-rockinrio\/#primaryimage","url":"https:\/\/i0.wp.com\/kalot.com.mx\/site\/wp-content\/uploads\/2013\/09\/rock-in-rio-2013-1.jpg?fit=620%2C350&ssl=1","contentUrl":"https:\/\/i0.wp.com\/kalot.com.mx\/site\/wp-content\/uploads\/2013\/09\/rock-in-rio-2013-1.jpg?fit=620%2C350&ssl=1","width":620,"height":350},{"@type":"BreadcrumbList","@id":"https:\/\/kalot.com.mx\/site\/2013\/09\/17\/todo-listo-para-rock-rio-2013-youtube-lo-trasmitira-en-vivo-musica-rockinrio\/#breadcrumb","itemListElement":[{"@type":"ListItem","position":1,"name":"Home","item":"https:\/\/kalot.com.mx\/site\/"},{"@type":"ListItem","position":2,"name":"Todo listo para Rock In Rio 2013, \u00a1Youtube lo trasmitir\u00e1 en vivo! #M\u00fasica @rockinrio"}]},{"@type":"WebSite","@id":"https:\/\/kalot.com.mx\/site\/#website","url":"https:\/\/kalot.com.mx\/site\/","name":"Kalot","description":"Conoce Todo Sobre Todo","publisher":{"@id":"https:\/\/kalot.com.mx\/site\/#organization"},"potentialAction":[{"@type":"SearchAction","target":{"@type":"EntryPoint","urlTemplate":"https:\/\/kalot.com.mx\/site\/?s={search_term_string}"},"query-input":{"@type":"PropertyValueSpecification","valueRequired":true,"valueName":"search_term_string"}}],"inLanguage":"es"},{"@type":"Organization","@id":"https:\/\/kalot.com.mx\/site\/#organization","name":"Kalot","url":"https:\/\/kalot.com.mx\/site\/","logo":{"@type":"ImageObject","inLanguage":"es","@id":"https:\/\/kalot.com.mx\/site\/#\/schema\/logo\/image\/","url":"https:\/\/i0.wp.com\/kalot.com.mx\/site\/wp-content\/uploads\/2020\/04\/Kalot-logo-sin-tagline.png?fit=1707%2C1014&ssl=1","contentUrl":"https:\/\/i0.wp.com\/kalot.com.mx\/site\/wp-content\/uploads\/2020\/04\/Kalot-logo-sin-tagline.png?fit=1707%2C1014&ssl=1","width":1707,"height":1014,"caption":"Kalot"},"image":{"@id":"https:\/\/kalot.com.mx\/site\/#\/schema\/logo\/image\/"},"sameAs":["http:\/\/facebook.com\/mxkalot","https:\/\/x.com\/kalotmx","http:\/\/instagram.com\/kalotmx","http:\/\/pinterest.com\/jorgeerana\/kalot"]},{"@type":"Person","@id":"https:\/\/kalot.com.mx\/site\/#\/schema\/person\/439e32b5ce86d9bc80cf42ab58e1c6e0","name":"Jorge Era\u00f1a","image":{"@type":"ImageObject","inLanguage":"es","@id":"https:\/\/secure.gravatar.com\/avatar\/212c04a1057d7abed0b82aaef6a7ff59168e10f70fcde39376c565ea83c43a85?s=96&d=mm&r=g","url":"https:\/\/secure.gravatar.com\/avatar\/212c04a1057d7abed0b82aaef6a7ff59168e10f70fcde39376c565ea83c43a85?s=96&d=mm&r=g","contentUrl":"https:\/\/secure.gravatar.com\/avatar\/212c04a1057d7abed0b82aaef6a7ff59168e10f70fcde39376c565ea83c43a85?s=96&d=mm&r=g","caption":"Jorge Era\u00f1a"},"description":"Fundador de @KalotMx Mercad\u00f3logo, amante de la tecnolog\u00eda, #Geekazo, #socialmedia, #MarketingDigital, tv-shows, movies y de la vida. Admin","sameAs":["http:\/\/www.kalot.com.mx","http:\/\/www.facebook.com\/jorgeerana","https:\/\/x.com\/jorge_erana"],"url":"https:\/\/kalot.com.mx\/site\/author\/admin\/"}]}},"jetpack_publicize_connections":[],"jetpack_featured_media_url":"https:\/\/i0.wp.com\/kalot.com.mx\/site\/wp-content\/uploads\/2013\/09\/rock-in-rio-2013-1.jpg?fit=620%2C350&ssl=1","jetpack_shortlink":"https:\/\/wp.me\/p6IHEI-to","jetpack-related-posts":[{"id":11647,"url":"https:\/\/kalot.com.mx\/site\/2014\/02\/17\/bandas-un-integrante\/","url_meta":{"origin":1822,"position":0},"title":"\u00bfBandas de un solo integrante?","author":"Miguel Amaya","date":"17 febrero, 2014","format":false,"excerpt":"\u00bfEn verdad existen estas bandas? Puede sonar raro y hasta cierto punto tonto, pero realmente existen. Tal vez \u00a0alguna de nuestras bandas favoritas lo es y ni siquiera imaginamos qu\u00e9 es lo que hay detr\u00e1s de cada una de sus canciones. \u00bfA qu\u00e9 se debe este fen\u00f3meno? Hoy en d\u00eda\u2026","rel":"","context":"Con 3 comentarios","block_context":{"text":"Con 3 comentarios","link":"https:\/\/kalot.com.mx\/site\/2014\/02\/17\/bandas-un-integrante\/#comments"},"img":{"alt_text":"","src":"https:\/\/i0.wp.com\/kalot.com.mx\/site\/wp-content\/uploads\/2014\/02\/reason3.jpg?fit=1024%2C768&ssl=1&resize=350%2C200","width":350,"height":200,"srcset":"https:\/\/i0.wp.com\/kalot.com.mx\/site\/wp-content\/uploads\/2014\/02\/reason3.jpg?fit=1024%2C768&ssl=1&resize=350%2C200 1x, https:\/\/i0.wp.com\/kalot.com.mx\/site\/wp-content\/uploads\/2014\/02\/reason3.jpg?fit=1024%2C768&ssl=1&resize=525%2C300 1.5x, https:\/\/i0.wp.com\/kalot.com.mx\/site\/wp-content\/uploads\/2014\/02\/reason3.jpg?fit=1024%2C768&ssl=1&resize=700%2C400 2x"},"classes":[]},{"id":3024,"url":"https:\/\/kalot.com.mx\/site\/2013\/10\/02\/youtube-music-awards-musica-youtube\/","url_meta":{"origin":1822,"position":1},"title":"YouTube Music Awards #M\u00fasica @YouTube","author":"K. Max","date":"2 octubre, 2013","format":false,"excerpt":"YouTube, una de las m\u00e1s grandes redes sociales, ha lanzado un concepto relativamente nuevo, y digo relativamente porque ya todo mundo ofrece los awards o premios en recompensa por ser el m\u00e1s\/mejor (inserte algo), ahora lo innovador ser\u00e1 que los ganadores se elegir\u00e1n de acuerdo al mayor n\u00famero de veces\u2026","rel":"","context":"Entrada similar ","block_context":{"text":"Entrada similar ","link":""},"img":{"alt_text":"","src":"https:\/\/i0.wp.com\/kalot.com.mx\/site\/wp-content\/uploads\/2013\/10\/trophy_youtube.jpg?fit=1024%2C768&ssl=1&resize=350%2C200","width":350,"height":200,"srcset":"https:\/\/i0.wp.com\/kalot.com.mx\/site\/wp-content\/uploads\/2013\/10\/trophy_youtube.jpg?fit=1024%2C768&ssl=1&resize=350%2C200 1x, https:\/\/i0.wp.com\/kalot.com.mx\/site\/wp-content\/uploads\/2013\/10\/trophy_youtube.jpg?fit=1024%2C768&ssl=1&resize=525%2C300 1.5x, https:\/\/i0.wp.com\/kalot.com.mx\/site\/wp-content\/uploads\/2013\/10\/trophy_youtube.jpg?fit=1024%2C768&ssl=1&resize=700%2C400 2x"},"classes":[]},{"id":5679,"url":"https:\/\/kalot.com.mx\/site\/2013\/11\/03\/top-de-bandas-los-conozco-desde-la-secu\/","url_meta":{"origin":1822,"position":2},"title":"Top 5: Bandas \u201cLos conozco desde la secu\u201d","author":"Dulce Mireles","date":"3 noviembre, 2013","format":false,"excerpt":"En el mundo existen dos tipos de personas que escuchan bandas: Los que las conocen desde la secu y los que no.\u00a0Por eso aqu\u00ed est\u00e1 el top #5 de las bandas que\u00a0 todos \u201cconocemos desde la secu\u201d \u00a0#1 Blink 182 \u201cTravis fue el primer m\u00fasico que me gustaba\u201d \u201cYo era\u2026","rel":"","context":"Con 4 comentarios","block_context":{"text":"Con 4 comentarios","link":"https:\/\/kalot.com.mx\/site\/2013\/11\/03\/top-de-bandas-los-conozco-desde-la-secu\/#comments"},"img":{"alt_text":"","src":"https:\/\/i0.wp.com\/kalot.com.mx\/site\/wp-content\/uploads\/2013\/11\/Blink-182-blink-182-711219_1024_768.gif?fit=1000%2C750&ssl=1&resize=350%2C200","width":350,"height":200,"srcset":"https:\/\/i0.wp.com\/kalot.com.mx\/site\/wp-content\/uploads\/2013\/11\/Blink-182-blink-182-711219_1024_768.gif?fit=1000%2C750&ssl=1&resize=350%2C200 1x, https:\/\/i0.wp.com\/kalot.com.mx\/site\/wp-content\/uploads\/2013\/11\/Blink-182-blink-182-711219_1024_768.gif?fit=1000%2C750&ssl=1&resize=525%2C300 1.5x, https:\/\/i0.wp.com\/kalot.com.mx\/site\/wp-content\/uploads\/2013\/11\/Blink-182-blink-182-711219_1024_768.gif?fit=1000%2C750&ssl=1&resize=700%2C400 2x"},"classes":[]},{"id":3497,"url":"https:\/\/kalot.com.mx\/site\/2013\/10\/09\/casi-40-anos-de-blondie-y-debbie-harry\/","url_meta":{"origin":1822,"position":3},"title":"A casi 40 a\u00f1os de Blondie y Debbie Harry","author":"Omar Herrera","date":"9 octubre, 2013","format":false,"excerpt":"Se acerca el fin de semana en el que la Curva 4 del Aut\u00f3dromo Hermanos Rodr\u00edguez se engalanar\u00e1 con la presencia de m\u00e1s de 30 bandas que se presentar\u00e1n en la cuarta edici\u00f3n del Festival Corona Capital. Una de las bandas que m\u00e1s llaman la atenci\u00f3n dentro del cartel es\u2026","rel":"","context":"Entrada similar ","block_context":{"text":"Entrada similar ","link":""},"img":{"alt_text":"","src":"https:\/\/i0.wp.com\/kalot.com.mx\/site\/wp-content\/uploads\/2013\/10\/BlondieMichaelOchsArchives.jpg?fit=630%2C420&ssl=1&resize=350%2C200","width":350,"height":200,"srcset":"https:\/\/i0.wp.com\/kalot.com.mx\/site\/wp-content\/uploads\/2013\/10\/BlondieMichaelOchsArchives.jpg?fit=630%2C420&ssl=1&resize=350%2C200 1x, https:\/\/i0.wp.com\/kalot.com.mx\/site\/wp-content\/uploads\/2013\/10\/BlondieMichaelOchsArchives.jpg?fit=630%2C420&ssl=1&resize=525%2C300 1.5x"},"classes":[]},{"id":14940,"url":"https:\/\/kalot.com.mx\/site\/2014\/04\/16\/bandas-los-conozco-desde-secu-deezer\/","url_meta":{"origin":1822,"position":4},"title":"Bandas &#8220;Los conozco desde la secu&#8221; #KalotDeezer","author":"Dulce Mireles","date":"16 abril, 2014","format":false,"excerpt":"En el mundo existen dos tipos de personas: \"Los que escuchan sus propias bandas desde la secu y los que no\" Ya les hab\u00eda contado sobre esto pero en aquella ocasi\u00f3n solo puse las que \"yo conoc\u00eda desde la secu\" y ahora gracias a su respuesta agregu\u00e9 m\u00e1s bandas, logrando\u2026","rel":"","context":"En &quot;Sin categor\u00eda&quot;","block_context":{"text":"Sin categor\u00eda","link":"https:\/\/kalot.com.mx\/site\/category\/sin-categoria\/"},"img":{"alt_text":"","src":"https:\/\/i0.wp.com\/kalot.com.mx\/site\/wp-content\/uploads\/2014\/04\/Deezer.jpeg?fit=1024%2C680&ssl=1&resize=350%2C200","width":350,"height":200,"srcset":"https:\/\/i0.wp.com\/kalot.com.mx\/site\/wp-content\/uploads\/2014\/04\/Deezer.jpeg?fit=1024%2C680&ssl=1&resize=350%2C200 1x, https:\/\/i0.wp.com\/kalot.com.mx\/site\/wp-content\/uploads\/2014\/04\/Deezer.jpeg?fit=1024%2C680&ssl=1&resize=525%2C300 1.5x, https:\/\/i0.wp.com\/kalot.com.mx\/site\/wp-content\/uploads\/2014\/04\/Deezer.jpeg?fit=1024%2C680&ssl=1&resize=700%2C400 2x"},"classes":[]},{"id":13624,"url":"https:\/\/kalot.com.mx\/site\/2014\/03\/19\/bad-moon-rising-boletos-gratis-para-ccr\/","url_meta":{"origin":1822,"position":5},"title":"Bad Moon Rising! (Boletos Gratis para CCR)","author":"David S\u00e1nchez","date":"19 marzo, 2014","format":false,"excerpt":"Tengo que aceptar que uno de mis d\u00edas favoritos es el d\u00eda antes de un concierto. Ese d\u00eda que se hace eterno y no paras de escuchar las canciones del grupo que vas a ir a ver para no hacer el rid\u00edculo en el concierto. Ma\u00f1ana tendr\u00eda que quedar marcado\u2026","rel":"","context":"Entrada similar ","block_context":{"text":"Entrada similar ","link":""},"img":{"alt_text":"","src":"https:\/\/i0.wp.com\/kalot.com.mx\/site\/wp-content\/uploads\/2014\/03\/creedence-clearwater-revisited52883.jpg?fit=1200%2C849&ssl=1&resize=350%2C200","width":350,"height":200,"srcset":"https:\/\/i0.wp.com\/kalot.com.mx\/site\/wp-content\/uploads\/2014\/03\/creedence-clearwater-revisited52883.jpg?fit=1200%2C849&ssl=1&resize=350%2C200 1x, https:\/\/i0.wp.com\/kalot.com.mx\/site\/wp-content\/uploads\/2014\/03\/creedence-clearwater-revisited52883.jpg?fit=1200%2C849&ssl=1&resize=525%2C300 1.5x, https:\/\/i0.wp.com\/kalot.com.mx\/site\/wp-content\/uploads\/2014\/03\/creedence-clearwater-revisited52883.jpg?fit=1200%2C849&ssl=1&resize=700%2C400 2x, https:\/\/i0.wp.com\/kalot.com.mx\/site\/wp-content\/uploads\/2014\/03\/creedence-clearwater-revisited52883.jpg?fit=1200%2C849&ssl=1&resize=1050%2C600 3x"},"classes":[]}],"jetpack_sharing_enabled":true,"_links":{"self":[{"href":"https:\/\/kalot.com.mx\/site\/wp-json\/wp\/v2\/posts\/1822","targetHints":{"allow":["GET"]}}],"collection":[{"href":"https:\/\/kalot.com.mx\/site\/wp-json\/wp\/v2\/posts"}],"about":[{"href":"https:\/\/kalot.com.mx\/site\/wp-json\/wp\/v2\/types\/post"}],"author":[{"embeddable":true,"href":"https:\/\/kalot.com.mx\/site\/wp-json\/wp\/v2\/users\/1"}],"replies":[{"embeddable":true,"href":"https:\/\/kalot.com.mx\/site\/wp-json\/wp\/v2\/comments?post=1822"}],"version-history":[{"count":0,"href":"https:\/\/kalot.com.mx\/site\/wp-json\/wp\/v2\/posts\/1822\/revisions"}],"wp:featuredmedia":[{"embeddable":true,"href":"https:\/\/kalot.com.mx\/site\/wp-json\/wp\/v2\/media\/1824"}],"wp:attachment":[{"href":"https:\/\/kalot.com.mx\/site\/wp-json\/wp\/v2\/media?parent=1822"}],"wp:term":[{"taxonomy":"category","embeddable":true,"href":"https:\/\/kalot.com.mx\/site\/wp-json\/wp\/v2\/categories?post=1822"},{"taxonomy":"post_tag","embeddable":true,"href":"https:\/\/kalot.com.mx\/site\/wp-json\/wp\/v2\/tags?post=1822"}],"curies":[{"name":"wp","href":"https:\/\/api.w.org\/{rel}","templated":true}]}}