{"id":18007,"date":"2014-09-08T12:07:50","date_gmt":"2014-09-08T17:07:50","guid":{"rendered":"http:\/\/www.kalot.com.mx\/?p=18007"},"modified":"2014-09-25T10:05:22","modified_gmt":"2014-09-25T15:05:22","slug":"trailer-de-american-horror-story-freak-show","status":"publish","type":"post","link":"https:\/\/kalot.com.mx\/site\/2014\/09\/08\/trailer-de-american-horror-story-freak-show\/","title":{"rendered":"Tr\u00e1iler de American Horror Story: Freak Show"},"content":{"rendered":"<p style=\"text-align: justify;\">Hace menos de dos horas se dio a conocer el trailer definitivo de lo que ser\u00e1 la nueva temporada de la exitosa serie &#8220;American Horror Story&#8221; \u00a0estrenada en 2011 y que ha sabido reinventarse dando a cada temporada un giro y trama especial.<\/p>\n<p style=\"text-align: justify;\">Pasando desde la t\u00edpica historia de la casa embrujada, el manicomio y llegando a la brujer\u00eda esta nueva temporada se basa en \u00a0en las &#8220;rarezas&#8221; de un circo donde se explorara hasta lo mas horripilante del genero.<\/p>\n<p style=\"text-align: justify;\">Ryan Murphy es conocido por llevar series bien hechas y de muy diferentes categor\u00edas, en este caso no es la excepci\u00f3n y algo en lo que se tenia duda en un principio era esta idea de darle a cada temporada una tem\u00e1tica nueva en este momento se celebra tal decisi\u00f3n.<\/p>\n<p style=\"text-align: justify;\">Aqu\u00ed el trailer. (La calidad no es muy buena dado que al parecer Fox no lo ha revelado de manera oficial)<\/p>\n<p><span class=\"embed-youtube\" style=\"text-align:center; display: block;\"><iframe class=\"youtube-player\" width=\"1200\" height=\"675\" src=\"https:\/\/www.youtube.com\/embed\/Wg8dXPp5Dao?version=3&#038;rel=1&#038;showsearch=0&#038;showinfo=1&#038;iv_load_policy=1&#038;fs=1&#038;hl=es-MX&#038;autohide=2&#038;wmode=transparent\" allowfullscreen=\"true\" style=\"border:0;\" sandbox=\"allow-scripts allow-same-origin allow-popups allow-presentation allow-popups-to-escape-sandbox\"><\/iframe><\/span><\/p>\n<p><script src=\"http:\/\/www.springboardplatform.com\/js\/overlay\"><\/script><iframe id=\"sotv036_986713\" src=\"http:\/\/cms.springboardplatform.com\/embed_iframe\/677\/video\/986713\/sotv036\/Spoilertv.com\/10\/1\/\" width=\"640\" height=\"360\" frameborder=\"0\" scrolling=\"no\"><\/iframe><\/p>\n","protected":false},"excerpt":{"rendered":"Hace menos de dos horas se dio a conocer el trailer definitivo de lo que ser\u00e1 la nueva&hellip;\n","protected":false},"author":51,"featured_media":18009,"comment_status":"open","ping_status":"open","sticky":false,"template":"","format":"standard","meta":{"_jetpack_newsletter_access":"","_jetpack_dont_email_post_to_subs":false,"_jetpack_newsletter_tier_id":0,"_jetpack_memberships_contains_paywalled_content":false,"_jetpack_feature_clip_id":0,"_jetpack_memberships_contains_paid_content":false,"footnotes":"","jetpack_publicize_message":"","jetpack_publicize_feature_enabled":true,"jetpack_social_post_already_shared":true,"jetpack_social_options":{"image_generator_settings":{"template":"highway","default_image_id":0,"font":"","enabled":false},"version":2},"jetpack_post_was_ever_published":false},"categories":[],"tags":[],"class_list":["post-18007","post","type-post","status-publish","format-standard","has-post-thumbnail","cs-entry","cs-video-wrap"],"yoast_head":"<!-- This site is optimized with the Yoast SEO plugin v28.4 - https:\/\/yoast.com\/product\/yoast-seo-wordpress\/ -->\n<title>Tr\u00e1iler de American Horror Story: Freak Show - Kalot<\/title>\n<meta name=\"description\" content=\"Hace menos de dos horas se dio a conocer el trailer definitivo de lo que ser\u00e1 la nueva temporada de la exitosa serie &quot;American Horror Story&quot; \u00a0estrenada en\" \/>\n<meta name=\"robots\" content=\"index, follow, max-snippet:-1, max-image-preview:large, max-video-preview:-1\" \/>\n<link rel=\"canonical\" href=\"https:\/\/kalot.com.mx\/site\/2014\/09\/08\/trailer-de-american-horror-story-freak-show\/\" \/>\n<meta property=\"og:locale\" content=\"es_MX\" \/>\n<meta property=\"og:type\" content=\"article\" \/>\n<meta property=\"og:title\" content=\"Tr\u00e1iler de American Horror Story: Freak Show - Kalot\" \/>\n<meta property=\"og:description\" content=\"Hace menos de dos horas se dio a conocer el trailer definitivo de lo que ser\u00e1 la nueva temporada de la exitosa serie &quot;American Horror Story&quot; \u00a0estrenada en\" \/>\n<meta property=\"og:url\" content=\"https:\/\/kalot.com.mx\/site\/2014\/09\/08\/trailer-de-american-horror-story-freak-show\/\" \/>\n<meta property=\"og:site_name\" content=\"Kalot\" \/>\n<meta property=\"article:publisher\" content=\"http:\/\/facebook.com\/mxkalot\" \/>\n<meta property=\"article:published_time\" content=\"2014-09-08T17:07:50+00:00\" \/>\n<meta property=\"article:modified_time\" content=\"2014-09-25T15:05:22+00:00\" \/>\n<meta property=\"og:image\" content=\"https:\/\/i0.wp.com\/kalot.com.mx\/site\/wp-content\/uploads\/2014\/09\/ahs-freakshow.jpg?fit=1600%2C900&ssl=1\" \/>\n\t<meta property=\"og:image:width\" content=\"1600\" \/>\n\t<meta property=\"og:image:height\" content=\"900\" \/>\n\t<meta property=\"og:image:type\" content=\"image\/jpeg\" \/>\n<meta name=\"author\" content=\"Ivan Mendez\" \/>\n<meta name=\"twitter:card\" content=\"summary_large_image\" \/>\n<meta name=\"twitter:creator\" content=\"@kalotmx\" \/>\n<meta name=\"twitter:site\" content=\"@kalotmx\" \/>\n<meta name=\"twitter:label1\" content=\"Escrito por\" \/>\n\t<meta name=\"twitter:data1\" content=\"Ivan Mendez\" \/>\n\t<meta name=\"twitter:label2\" content=\"Tiempo de lectura\" \/>\n\t<meta name=\"twitter:data2\" content=\"1 minuto\" \/>\n<!-- \/ Yoast SEO plugin. -->","yoast_head_json":{"title":"Tr\u00e1iler de American Horror Story: Freak Show - Kalot","description":"Hace menos de dos horas se dio a conocer el trailer definitivo de lo que ser\u00e1 la nueva temporada de la exitosa serie \"American Horror Story\" \u00a0estrenada en","robots":{"index":"index","follow":"follow","max-snippet":"max-snippet:-1","max-image-preview":"max-image-preview:large","max-video-preview":"max-video-preview:-1"},"canonical":"https:\/\/kalot.com.mx\/site\/2014\/09\/08\/trailer-de-american-horror-story-freak-show\/","og_locale":"es_MX","og_type":"article","og_title":"Tr\u00e1iler de American Horror Story: Freak Show - Kalot","og_description":"Hace menos de dos horas se dio a conocer el trailer definitivo de lo que ser\u00e1 la nueva temporada de la exitosa serie \"American Horror Story\" \u00a0estrenada en","og_url":"https:\/\/kalot.com.mx\/site\/2014\/09\/08\/trailer-de-american-horror-story-freak-show\/","og_site_name":"Kalot","article_publisher":"http:\/\/facebook.com\/mxkalot","article_published_time":"2014-09-08T17:07:50+00:00","article_modified_time":"2014-09-25T15:05:22+00:00","og_image":[{"width":1600,"height":900,"url":"https:\/\/i0.wp.com\/kalot.com.mx\/site\/wp-content\/uploads\/2014\/09\/ahs-freakshow.jpg?fit=1600%2C900&ssl=1","type":"image\/jpeg"}],"author":"Ivan Mendez","twitter_card":"summary_large_image","twitter_creator":"@kalotmx","twitter_site":"@kalotmx","twitter_misc":{"Escrito por":"Ivan Mendez","Tiempo de lectura":"1 minuto"},"schema":{"@context":"https:\/\/schema.org","@graph":[{"@type":"Article","@id":"https:\/\/kalot.com.mx\/site\/2014\/09\/08\/trailer-de-american-horror-story-freak-show\/#article","isPartOf":{"@id":"https:\/\/kalot.com.mx\/site\/2014\/09\/08\/trailer-de-american-horror-story-freak-show\/"},"author":{"name":"Ivan Mendez","@id":"https:\/\/kalot.com.mx\/site\/#\/schema\/person\/444a91ecc3b075ab573ff515d7f6d6e3"},"headline":"Tr\u00e1iler de American Horror Story: Freak Show","datePublished":"2014-09-08T17:07:50+00:00","dateModified":"2014-09-25T15:05:22+00:00","mainEntityOfPage":{"@id":"https:\/\/kalot.com.mx\/site\/2014\/09\/08\/trailer-de-american-horror-story-freak-show\/"},"wordCount":173,"commentCount":0,"publisher":{"@id":"https:\/\/kalot.com.mx\/site\/#organization"},"image":{"@id":"https:\/\/kalot.com.mx\/site\/2014\/09\/08\/trailer-de-american-horror-story-freak-show\/#primaryimage"},"thumbnailUrl":"https:\/\/i0.wp.com\/kalot.com.mx\/site\/wp-content\/uploads\/2014\/09\/ahs-freakshow.jpg?fit=1600%2C900&ssl=1","inLanguage":"es","potentialAction":[{"@type":"CommentAction","name":"Comment","target":["https:\/\/kalot.com.mx\/site\/2014\/09\/08\/trailer-de-american-horror-story-freak-show\/#respond"]}]},{"@type":"WebPage","@id":"https:\/\/kalot.com.mx\/site\/2014\/09\/08\/trailer-de-american-horror-story-freak-show\/","url":"https:\/\/kalot.com.mx\/site\/2014\/09\/08\/trailer-de-american-horror-story-freak-show\/","name":"Tr\u00e1iler de American Horror Story: Freak Show - Kalot","isPartOf":{"@id":"https:\/\/kalot.com.mx\/site\/#website"},"primaryImageOfPage":{"@id":"https:\/\/kalot.com.mx\/site\/2014\/09\/08\/trailer-de-american-horror-story-freak-show\/#primaryimage"},"image":{"@id":"https:\/\/kalot.com.mx\/site\/2014\/09\/08\/trailer-de-american-horror-story-freak-show\/#primaryimage"},"thumbnailUrl":"https:\/\/i0.wp.com\/kalot.com.mx\/site\/wp-content\/uploads\/2014\/09\/ahs-freakshow.jpg?fit=1600%2C900&ssl=1","datePublished":"2014-09-08T17:07:50+00:00","dateModified":"2014-09-25T15:05:22+00:00","description":"Hace menos de dos horas se dio a conocer el trailer definitivo de lo que ser\u00e1 la nueva temporada de la exitosa serie \"American Horror Story\" \u00a0estrenada en","breadcrumb":{"@id":"https:\/\/kalot.com.mx\/site\/2014\/09\/08\/trailer-de-american-horror-story-freak-show\/#breadcrumb"},"inLanguage":"es","potentialAction":[{"@type":"ReadAction","target":["https:\/\/kalot.com.mx\/site\/2014\/09\/08\/trailer-de-american-horror-story-freak-show\/"]}]},{"@type":"ImageObject","inLanguage":"es","@id":"https:\/\/kalot.com.mx\/site\/2014\/09\/08\/trailer-de-american-horror-story-freak-show\/#primaryimage","url":"https:\/\/i0.wp.com\/kalot.com.mx\/site\/wp-content\/uploads\/2014\/09\/ahs-freakshow.jpg?fit=1600%2C900&ssl=1","contentUrl":"https:\/\/i0.wp.com\/kalot.com.mx\/site\/wp-content\/uploads\/2014\/09\/ahs-freakshow.jpg?fit=1600%2C900&ssl=1","width":1600,"height":900},{"@type":"BreadcrumbList","@id":"https:\/\/kalot.com.mx\/site\/2014\/09\/08\/trailer-de-american-horror-story-freak-show\/#breadcrumb","itemListElement":[{"@type":"ListItem","position":1,"name":"Home","item":"https:\/\/kalot.com.mx\/site\/"},{"@type":"ListItem","position":2,"name":"Tr\u00e1iler de American Horror Story: Freak Show"}]},{"@type":"WebSite","@id":"https:\/\/kalot.com.mx\/site\/#website","url":"https:\/\/kalot.com.mx\/site\/","name":"Kalot","description":"Conoce Todo Sobre Todo","publisher":{"@id":"https:\/\/kalot.com.mx\/site\/#organization"},"potentialAction":[{"@type":"SearchAction","target":{"@type":"EntryPoint","urlTemplate":"https:\/\/kalot.com.mx\/site\/?s={search_term_string}"},"query-input":{"@type":"PropertyValueSpecification","valueRequired":true,"valueName":"search_term_string"}}],"inLanguage":"es"},{"@type":"Organization","@id":"https:\/\/kalot.com.mx\/site\/#organization","name":"Kalot","url":"https:\/\/kalot.com.mx\/site\/","logo":{"@type":"ImageObject","inLanguage":"es","@id":"https:\/\/kalot.com.mx\/site\/#\/schema\/logo\/image\/","url":"https:\/\/i0.wp.com\/kalot.com.mx\/site\/wp-content\/uploads\/2020\/04\/Kalot-logo-sin-tagline.png?fit=1707%2C1014&ssl=1","contentUrl":"https:\/\/i0.wp.com\/kalot.com.mx\/site\/wp-content\/uploads\/2020\/04\/Kalot-logo-sin-tagline.png?fit=1707%2C1014&ssl=1","width":1707,"height":1014,"caption":"Kalot"},"image":{"@id":"https:\/\/kalot.com.mx\/site\/#\/schema\/logo\/image\/"},"sameAs":["http:\/\/facebook.com\/mxkalot","https:\/\/x.com\/kalotmx","http:\/\/instagram.com\/kalotmx","http:\/\/pinterest.com\/jorgeerana\/kalot"]},{"@type":"Person","@id":"https:\/\/kalot.com.mx\/site\/#\/schema\/person\/444a91ecc3b075ab573ff515d7f6d6e3","name":"Ivan Mendez","image":{"@type":"ImageObject","inLanguage":"es","@id":"https:\/\/secure.gravatar.com\/avatar\/d3590cbb14ecd120bf7a8d9b0ab9a1dae9b2aab34a41a577b5288298a4d08e36?s=96&d=mm&r=g","url":"https:\/\/secure.gravatar.com\/avatar\/d3590cbb14ecd120bf7a8d9b0ab9a1dae9b2aab34a41a577b5288298a4d08e36?s=96&d=mm&r=g","contentUrl":"https:\/\/secure.gravatar.com\/avatar\/d3590cbb14ecd120bf7a8d9b0ab9a1dae9b2aab34a41a577b5288298a4d08e36?s=96&d=mm&r=g","caption":"Ivan Mendez"},"url":"https:\/\/kalot.com.mx\/site\/author\/ivan\/"}]}},"jetpack_publicize_connections":[],"jetpack_shortlink":"https:\/\/wp.me\/p6IHEI-4Gr","jetpack-related-posts":[{"id":23851,"url":"https:\/\/kalot.com.mx\/site\/2015\/10\/12\/trailer-segunda-temporada-daredevil\/","url_meta":{"origin":18007,"position":0},"title":"Tr\u00e1iler segunda temporada Daredevil","author":"Jorge Era\u00f1a","date":"12 octubre, 2015","format":false,"excerpt":"No, no est\u00e1s so\u00f1ando, el tr\u00e1iler de la segunda temporada de Daredevil ha llegado :) https:\/\/www.facebook.com\/mxkalot\/posts\/935371833196500","rel":"","context":"En &quot;Cine&quot;","block_context":{"text":"Cine","link":"https:\/\/kalot.com.mx\/site\/category\/cine\/"},"img":{"alt_text":"","src":"https:\/\/i0.wp.com\/kalot.com.mx\/site\/wp-content\/uploads\/2015\/10\/Captura-de-pantalla-2015-10-12-a-las-11.34.15-a.m..png?fit=1200%2C750&ssl=1&resize=350%2C200","width":350,"height":200,"srcset":"https:\/\/i0.wp.com\/kalot.com.mx\/site\/wp-content\/uploads\/2015\/10\/Captura-de-pantalla-2015-10-12-a-las-11.34.15-a.m..png?fit=1200%2C750&ssl=1&resize=350%2C200 1x, https:\/\/i0.wp.com\/kalot.com.mx\/site\/wp-content\/uploads\/2015\/10\/Captura-de-pantalla-2015-10-12-a-las-11.34.15-a.m..png?fit=1200%2C750&ssl=1&resize=525%2C300 1.5x, https:\/\/i0.wp.com\/kalot.com.mx\/site\/wp-content\/uploads\/2015\/10\/Captura-de-pantalla-2015-10-12-a-las-11.34.15-a.m..png?fit=1200%2C750&ssl=1&resize=700%2C400 2x, https:\/\/i0.wp.com\/kalot.com.mx\/site\/wp-content\/uploads\/2015\/10\/Captura-de-pantalla-2015-10-12-a-las-11.34.15-a.m..png?fit=1200%2C750&ssl=1&resize=1050%2C600 3x"},"classes":[]},{"id":17392,"url":"https:\/\/kalot.com.mx\/site\/2014\/07\/27\/walking-dead-trailer-5ta-temporada\/","url_meta":{"origin":18007,"position":1},"title":"The walking dead, tr\u00e1iler 5ta temporada.","author":"Gustavo Elizarrar\u00e1s","date":"27 julio, 2014","format":false,"excerpt":"En la Comic-Con de San Diego AMC present\u00f3 un nuevo tr\u00e1iler estremecedor que nos prepara para la quinta temporada. Veremos m\u00e1s zombis contra Rick Grimes y compa\u00f1\u00eda a partir del 12 de octubre de 2014. https:\/\/www.youtube.com\/watch?v=6IF7QX8uMhg Como recordaremos al final de la 4ta temporada Rick y los muchachos (a\u00fan les\u2026","rel":"","context":"Entrada similar ","block_context":{"text":"Entrada similar ","link":""},"img":{"alt_text":"","src":"https:\/\/i0.wp.com\/kalot.com.mx\/site\/wp-content\/uploads\/2014\/07\/The-Walking-Dead-Quinta-Temporada-Carlost-001.jpg?fit=640%2C360&ssl=1&resize=350%2C200","width":350,"height":200,"srcset":"https:\/\/i0.wp.com\/kalot.com.mx\/site\/wp-content\/uploads\/2014\/07\/The-Walking-Dead-Quinta-Temporada-Carlost-001.jpg?fit=640%2C360&ssl=1&resize=350%2C200 1x, https:\/\/i0.wp.com\/kalot.com.mx\/site\/wp-content\/uploads\/2014\/07\/The-Walking-Dead-Quinta-Temporada-Carlost-001.jpg?fit=640%2C360&ssl=1&resize=525%2C300 1.5x"},"classes":[]},{"id":4272,"url":"https:\/\/kalot.com.mx\/site\/2013\/10\/17\/american-horror-story-coven-mas-pan-de-muerto-con-lo-mismo\/","url_meta":{"origin":18007,"position":2},"title":"American Horror Story Coven \u00bfM\u00e1s pan de muerto con lo mismo?","author":"Cristian Patl\u00e1n","date":"17 octubre, 2013","format":false,"excerpt":"El pasado mi\u00e9rcoles se estreno por la cadena televisiva FX la nueva temporada de American Horror Story, una serie que, si han tenido la oportunidad de ver se dar\u00e1n cuenta que es una compilaci\u00f3n de elementos con una gran influencia del g\u00e9nero de terror a trav\u00e9s de los tiempos, eso\u2026","rel":"","context":"Entrada similar ","block_context":{"text":"Entrada similar ","link":""},"img":{"alt_text":"","src":"https:\/\/i0.wp.com\/kalot.com.mx\/site\/wp-content\/uploads\/2013\/10\/american-horror-story-coven-21.jpg?fit=950%2C828&ssl=1&resize=350%2C200","width":350,"height":200,"srcset":"https:\/\/i0.wp.com\/kalot.com.mx\/site\/wp-content\/uploads\/2013\/10\/american-horror-story-coven-21.jpg?fit=950%2C828&ssl=1&resize=350%2C200 1x, https:\/\/i0.wp.com\/kalot.com.mx\/site\/wp-content\/uploads\/2013\/10\/american-horror-story-coven-21.jpg?fit=950%2C828&ssl=1&resize=525%2C300 1.5x, https:\/\/i0.wp.com\/kalot.com.mx\/site\/wp-content\/uploads\/2013\/10\/american-horror-story-coven-21.jpg?fit=950%2C828&ssl=1&resize=700%2C400 2x"},"classes":[]},{"id":10545,"url":"https:\/\/kalot.com.mx\/site\/2014\/01\/28\/trailer-walking-dead\/","url_meta":{"origin":18007,"position":3},"title":"Nuevo trailer del regreso de The Walking Dead","author":"Jorge Era\u00f1a","date":"28 enero, 2014","format":false,"excerpt":"\u00a0 *Esta entrada puede tener SPOILERS de la serie Ya son 3 los avances que tenemos del regreso de la cuarta temporada de The Walking Dead y parece que la espera ha sido eterna para que regrese esta serie que nos ha dejado a todos sorprendidos desde los cambios tan\u2026","rel":"","context":"Entrada similar ","block_context":{"text":"Entrada similar ","link":""},"img":{"alt_text":"the-walking-dead-season-4","src":"https:\/\/i0.wp.com\/kalot.com.mx\/site\/wp-content\/uploads\/2014\/01\/the-walking-dead-season-4b-poster.jpg?fit=520%2C560&ssl=1&resize=350%2C200","width":350,"height":200},"classes":[]},{"id":13849,"url":"https:\/\/kalot.com.mx\/site\/2014\/03\/24\/trailer-x-men-days-future-past\/","url_meta":{"origin":18007,"position":4},"title":"Trailer Final de X-Men: Days of Future Past","author":"Jorge Era\u00f1a","date":"24 marzo, 2014","format":false,"excerpt":"Se estren\u00f3 el trailer definitivo de X-Men: Days of Future Past que realmente pinta muy bueno y nos deja cada vez m\u00e1s emocionados para el estreno de esta secuela programada para el mes de mayo del presente a\u00f1o. Como se puede ver en el trailer hay una inclinaci\u00f3n hacia algunos\u2026","rel":"","context":"En &quot;Sin categor\u00eda&quot;","block_context":{"text":"Sin categor\u00eda","link":"https:\/\/kalot.com.mx\/site\/category\/sin-categoria\/"},"img":{"alt_text":"","src":"https:\/\/i0.wp.com\/kalot.com.mx\/site\/wp-content\/uploads\/2014\/03\/1966789_651731911560495_2089039627_n.jpg?fit=486%2C720&ssl=1&resize=350%2C200","width":350,"height":200},"classes":[]},{"id":18168,"url":"https:\/\/kalot.com.mx\/site\/2014\/09\/16\/avance-revenge-temporada-4\/","url_meta":{"origin":18007,"position":5},"title":"Avance Revenge Temporada 4","author":"Adrian Aldana","date":"16 septiembre, 2014","format":false,"excerpt":"Hola lectores y en especial fan\u00e1ticos de Revenge. El d\u00eda 28 de Septiembre Revenge se estrenar\u00e1 en USA por medio de la cadena ABC, a\u00fan no hay fecha para SONY en M\u00e9xico, pero no desesperen ya que la temporada 3 en M\u00e9xico se estreno solo 3 semanas despu\u00e9s que en\u2026","rel":"","context":"Con 1 comentario","block_context":{"text":"Con 1 comentario","link":"https:\/\/kalot.com.mx\/site\/2014\/09\/16\/avance-revenge-temporada-4\/#comments"},"img":{"alt_text":"","src":"https:\/\/i0.wp.com\/kalot.com.mx\/site\/wp-content\/uploads\/2014\/09\/Revenge-Head.jpg?fit=600%2C338&ssl=1&resize=350%2C200","width":350,"height":200,"srcset":"https:\/\/i0.wp.com\/kalot.com.mx\/site\/wp-content\/uploads\/2014\/09\/Revenge-Head.jpg?fit=600%2C338&ssl=1&resize=350%2C200 1x, https:\/\/i0.wp.com\/kalot.com.mx\/site\/wp-content\/uploads\/2014\/09\/Revenge-Head.jpg?fit=600%2C338&ssl=1&resize=525%2C300 1.5x"},"classes":[]}],"jetpack_sharing_enabled":true,"jetpack_featured_media_url":"https:\/\/i0.wp.com\/kalot.com.mx\/site\/wp-content\/uploads\/2014\/09\/ahs-freakshow.jpg?fit=1600%2C900&ssl=1","_links":{"self":[{"href":"https:\/\/kalot.com.mx\/site\/wp-json\/wp\/v2\/posts\/18007","targetHints":{"allow":["GET"]}}],"collection":[{"href":"https:\/\/kalot.com.mx\/site\/wp-json\/wp\/v2\/posts"}],"about":[{"href":"https:\/\/kalot.com.mx\/site\/wp-json\/wp\/v2\/types\/post"}],"author":[{"embeddable":true,"href":"https:\/\/kalot.com.mx\/site\/wp-json\/wp\/v2\/users\/51"}],"replies":[{"embeddable":true,"href":"https:\/\/kalot.com.mx\/site\/wp-json\/wp\/v2\/comments?post=18007"}],"version-history":[{"count":0,"href":"https:\/\/kalot.com.mx\/site\/wp-json\/wp\/v2\/posts\/18007\/revisions"}],"wp:featuredmedia":[{"embeddable":true,"href":"https:\/\/kalot.com.mx\/site\/wp-json\/wp\/v2\/media\/18009"}],"wp:attachment":[{"href":"https:\/\/kalot.com.mx\/site\/wp-json\/wp\/v2\/media?parent=18007"}],"wp:term":[{"taxonomy":"category","embeddable":true,"href":"https:\/\/kalot.com.mx\/site\/wp-json\/wp\/v2\/categories?post=18007"},{"taxonomy":"post_tag","embeddable":true,"href":"https:\/\/kalot.com.mx\/site\/wp-json\/wp\/v2\/tags?post=18007"}],"curies":[{"name":"wp","href":"https:\/\/api.w.org\/{rel}","templated":true}]}}