{"id":17999,"date":"2014-09-07T14:09:10","date_gmt":"2014-09-07T19:09:10","guid":{"rendered":"http:\/\/www.kalot.com.mx\/?p=17999"},"modified":"2014-09-07T14:09:10","modified_gmt":"2014-09-07T19:09:10","slug":"lo-que-joan-rivers-se-llevo","status":"publish","type":"post","link":"https:\/\/kalot.com.mx\/site\/2014\/09\/07\/lo-que-joan-rivers-se-llevo\/","title":{"rendered":"Lo que Joan Rivers se llev\u00f3"},"content":{"rendered":"<p style=\"text-align: justify\">Cuando supe que Joan Rivers hab\u00eda muerto el pasado jueves no me cay\u00f3 el veinte inmediatamente. Despu\u00e9s de los t\u00edpicos programas que siempre hacen cuando una celebridad muere, me di cuenta de lo que en realidad hab\u00eda contribuido esta mujer al mundo del espect\u00e1culo.<\/p>\n<p style=\"text-align: justify\">Nacida en 1933, conocido como el peor a\u00f1o de la depresi\u00f3n en estados unidos, Joan una ni\u00f1a jud\u00eda nacida en Nueva York estaba destinada a tener una vida muy contraria al a\u00f1o que vio la luz.<\/p>\n<p style=\"text-align: justify\">Como en muchas de las carreras m\u00e1s brillantes ella nunca se imagin\u00f3 ser una de las principales exponentes del humor del siglo pasado y actual ya que fue la primera mujer en tener un espacio en un reconocido programa nocturno en la uni\u00f3n americana, abriendo as\u00ed un espacio para su g\u00e9nero.<\/p>\n<p style=\"text-align: justify\">M\u00e1s recientemente, y como yo la conoc\u00ed fue en el famoso programa \u201cfashion police\u201d en el que sus aguerridos, \u00e1cidos, pero siempre atinados comentarios sobre la ropa que los famosos usaban desde la alfombra roja hasta para un evento especial eran conocidos y admirados por todo el mundo.<\/p>\n<p style=\"text-align: justify\">\u201cDigo lo que todos piensan pero que nadie se atreve a decir\u201d \u2013 dijo cierta vez.<\/p>\n<p style=\"text-align: justify\">No cabe duda que este a\u00f1o se han ido grandes personalidades. Joan no se fue sola, ese mismo d\u00eda Gustavo Cerati la acompa\u00f1o y dej\u00f3 tambi\u00e9n un hueco profundo en el rock en espa\u00f1ol de todos los tiempos.<\/p>\n<p style=\"text-align: justify\">No habr\u00e1 nunca otra comentarista de moda, humorista y ser humano donde sus palabras traspasen la frontera de lo ofensivo y aun as\u00ed te r\u00edas a carcajadas.<\/p>\n<p style=\"text-align: justify\">Desde luego te das cuenta cuando es importante saber irte sin \u2013 literalmente \u2013 quedarte con las ganas de haber dicho algo.<\/p>\n<p style=\"text-align: justify\">D.E.P Joan Rivers 1933 \u2013 2014 .<\/p>\n","protected":false},"excerpt":{"rendered":"Cuando supe que Joan Rivers hab\u00eda muerto el pasado jueves no me cay\u00f3 el veinte inmediatamente. Despu\u00e9s de&hellip;\n","protected":false},"author":51,"featured_media":18000,"comment_status":"open","ping_status":"open","sticky":false,"template":"","format":"standard","meta":{"jetpack_post_was_ever_published":false,"_jetpack_newsletter_access":"","_jetpack_dont_email_post_to_subs":false,"_jetpack_newsletter_tier_id":0,"_jetpack_memberships_contains_paywalled_content":false,"_jetpack_memberships_contains_paid_content":false,"footnotes":"","jetpack_publicize_message":"","jetpack_publicize_feature_enabled":true,"jetpack_social_post_already_shared":true,"jetpack_social_options":{"image_generator_settings":{"template":"highway","default_image_id":0,"font":"","enabled":false},"version":2}},"categories":[],"tags":[],"class_list":{"0":"post-17999","1":"post","2":"type-post","3":"status-publish","4":"format-standard","5":"has-post-thumbnail","7":"cs-entry","8":"cs-video-wrap"},"yoast_head":"<!-- This site is optimized with the Yoast SEO plugin v27.4 - https:\/\/yoast.com\/product\/yoast-seo-wordpress\/ -->\n<title>Lo que Joan Rivers se llev\u00f3 - Kalot<\/title>\n<meta name=\"description\" content=\"Cuando supe que Joan Rivers hab\u00eda muerto el pasado jueves no me cay\u00f3 el veinte inmediatamente. Despu\u00e9s de los t\u00edpicos programas que siempre hacen cuando\" \/>\n<meta name=\"robots\" content=\"index, follow, max-snippet:-1, max-image-preview:large, max-video-preview:-1\" \/>\n<link rel=\"canonical\" href=\"https:\/\/kalot.com.mx\/site\/2014\/09\/07\/lo-que-joan-rivers-se-llevo\/\" \/>\n<meta property=\"og:locale\" content=\"es_MX\" \/>\n<meta property=\"og:type\" content=\"article\" \/>\n<meta property=\"og:title\" content=\"Lo que Joan Rivers se llev\u00f3 - Kalot\" \/>\n<meta property=\"og:description\" content=\"Cuando supe que Joan Rivers hab\u00eda muerto el pasado jueves no me cay\u00f3 el veinte inmediatamente. Despu\u00e9s de los t\u00edpicos programas que siempre hacen cuando\" \/>\n<meta property=\"og:url\" content=\"https:\/\/kalot.com.mx\/site\/2014\/09\/07\/lo-que-joan-rivers-se-llevo\/\" \/>\n<meta property=\"og:site_name\" content=\"Kalot\" \/>\n<meta property=\"article:publisher\" content=\"http:\/\/facebook.com\/mxkalot\" \/>\n<meta property=\"article:published_time\" content=\"2014-09-07T19:09:10+00:00\" \/>\n<meta property=\"og:image\" content=\"https:\/\/i0.wp.com\/kalot.com.mx\/site\/wp-content\/uploads\/2014\/09\/joanrivers.jpg?fit=1678%2C1258&ssl=1\" \/>\n\t<meta property=\"og:image:width\" content=\"1678\" \/>\n\t<meta property=\"og:image:height\" content=\"1258\" \/>\n\t<meta property=\"og:image:type\" content=\"image\/jpeg\" \/>\n<meta name=\"author\" content=\"Ivan Mendez\" \/>\n<meta name=\"twitter:card\" content=\"summary_large_image\" \/>\n<meta name=\"twitter:creator\" content=\"@kalotmx\" \/>\n<meta name=\"twitter:site\" content=\"@kalotmx\" \/>\n<meta name=\"twitter:label1\" content=\"Escrito por\" \/>\n\t<meta name=\"twitter:data1\" content=\"Ivan Mendez\" \/>\n\t<meta name=\"twitter:label2\" content=\"Tiempo de lectura\" \/>\n\t<meta name=\"twitter:data2\" content=\"2 minutos\" \/>\n<!-- \/ Yoast SEO plugin. -->","yoast_head_json":{"title":"Lo que Joan Rivers se llev\u00f3 - Kalot","description":"Cuando supe que Joan Rivers hab\u00eda muerto el pasado jueves no me cay\u00f3 el veinte inmediatamente. Despu\u00e9s de los t\u00edpicos programas que siempre hacen cuando","robots":{"index":"index","follow":"follow","max-snippet":"max-snippet:-1","max-image-preview":"max-image-preview:large","max-video-preview":"max-video-preview:-1"},"canonical":"https:\/\/kalot.com.mx\/site\/2014\/09\/07\/lo-que-joan-rivers-se-llevo\/","og_locale":"es_MX","og_type":"article","og_title":"Lo que Joan Rivers se llev\u00f3 - Kalot","og_description":"Cuando supe que Joan Rivers hab\u00eda muerto el pasado jueves no me cay\u00f3 el veinte inmediatamente. Despu\u00e9s de los t\u00edpicos programas que siempre hacen cuando","og_url":"https:\/\/kalot.com.mx\/site\/2014\/09\/07\/lo-que-joan-rivers-se-llevo\/","og_site_name":"Kalot","article_publisher":"http:\/\/facebook.com\/mxkalot","article_published_time":"2014-09-07T19:09:10+00:00","og_image":[{"width":1678,"height":1258,"url":"https:\/\/i0.wp.com\/kalot.com.mx\/site\/wp-content\/uploads\/2014\/09\/joanrivers.jpg?fit=1678%2C1258&ssl=1","type":"image\/jpeg"}],"author":"Ivan Mendez","twitter_card":"summary_large_image","twitter_creator":"@kalotmx","twitter_site":"@kalotmx","twitter_misc":{"Escrito por":"Ivan Mendez","Tiempo de lectura":"2 minutos"},"schema":{"@context":"https:\/\/schema.org","@graph":[{"@type":"Article","@id":"https:\/\/kalot.com.mx\/site\/2014\/09\/07\/lo-que-joan-rivers-se-llevo\/#article","isPartOf":{"@id":"https:\/\/kalot.com.mx\/site\/2014\/09\/07\/lo-que-joan-rivers-se-llevo\/"},"author":{"name":"Ivan Mendez","@id":"https:\/\/kalot.com.mx\/site\/#\/schema\/person\/444a91ecc3b075ab573ff515d7f6d6e3"},"headline":"Lo que Joan Rivers se llev\u00f3","datePublished":"2014-09-07T19:09:10+00:00","mainEntityOfPage":{"@id":"https:\/\/kalot.com.mx\/site\/2014\/09\/07\/lo-que-joan-rivers-se-llevo\/"},"wordCount":309,"commentCount":0,"publisher":{"@id":"https:\/\/kalot.com.mx\/site\/#organization"},"image":{"@id":"https:\/\/kalot.com.mx\/site\/2014\/09\/07\/lo-que-joan-rivers-se-llevo\/#primaryimage"},"thumbnailUrl":"https:\/\/i0.wp.com\/kalot.com.mx\/site\/wp-content\/uploads\/2014\/09\/joanrivers.jpg?fit=1678%2C1258&ssl=1","inLanguage":"es","potentialAction":[{"@type":"CommentAction","name":"Comment","target":["https:\/\/kalot.com.mx\/site\/2014\/09\/07\/lo-que-joan-rivers-se-llevo\/#respond"]}]},{"@type":"WebPage","@id":"https:\/\/kalot.com.mx\/site\/2014\/09\/07\/lo-que-joan-rivers-se-llevo\/","url":"https:\/\/kalot.com.mx\/site\/2014\/09\/07\/lo-que-joan-rivers-se-llevo\/","name":"Lo que Joan Rivers se llev\u00f3 - Kalot","isPartOf":{"@id":"https:\/\/kalot.com.mx\/site\/#website"},"primaryImageOfPage":{"@id":"https:\/\/kalot.com.mx\/site\/2014\/09\/07\/lo-que-joan-rivers-se-llevo\/#primaryimage"},"image":{"@id":"https:\/\/kalot.com.mx\/site\/2014\/09\/07\/lo-que-joan-rivers-se-llevo\/#primaryimage"},"thumbnailUrl":"https:\/\/i0.wp.com\/kalot.com.mx\/site\/wp-content\/uploads\/2014\/09\/joanrivers.jpg?fit=1678%2C1258&ssl=1","datePublished":"2014-09-07T19:09:10+00:00","description":"Cuando supe que Joan Rivers hab\u00eda muerto el pasado jueves no me cay\u00f3 el veinte inmediatamente. Despu\u00e9s de los t\u00edpicos programas que siempre hacen cuando","breadcrumb":{"@id":"https:\/\/kalot.com.mx\/site\/2014\/09\/07\/lo-que-joan-rivers-se-llevo\/#breadcrumb"},"inLanguage":"es","potentialAction":[{"@type":"ReadAction","target":["https:\/\/kalot.com.mx\/site\/2014\/09\/07\/lo-que-joan-rivers-se-llevo\/"]}]},{"@type":"ImageObject","inLanguage":"es","@id":"https:\/\/kalot.com.mx\/site\/2014\/09\/07\/lo-que-joan-rivers-se-llevo\/#primaryimage","url":"https:\/\/i0.wp.com\/kalot.com.mx\/site\/wp-content\/uploads\/2014\/09\/joanrivers.jpg?fit=1678%2C1258&ssl=1","contentUrl":"https:\/\/i0.wp.com\/kalot.com.mx\/site\/wp-content\/uploads\/2014\/09\/joanrivers.jpg?fit=1678%2C1258&ssl=1","width":1678,"height":1258},{"@type":"BreadcrumbList","@id":"https:\/\/kalot.com.mx\/site\/2014\/09\/07\/lo-que-joan-rivers-se-llevo\/#breadcrumb","itemListElement":[{"@type":"ListItem","position":1,"name":"Home","item":"https:\/\/kalot.com.mx\/site\/"},{"@type":"ListItem","position":2,"name":"Lo que Joan Rivers se llev\u00f3"}]},{"@type":"WebSite","@id":"https:\/\/kalot.com.mx\/site\/#website","url":"https:\/\/kalot.com.mx\/site\/","name":"Kalot","description":"Conoce Todo Sobre Todo","publisher":{"@id":"https:\/\/kalot.com.mx\/site\/#organization"},"potentialAction":[{"@type":"SearchAction","target":{"@type":"EntryPoint","urlTemplate":"https:\/\/kalot.com.mx\/site\/?s={search_term_string}"},"query-input":{"@type":"PropertyValueSpecification","valueRequired":true,"valueName":"search_term_string"}}],"inLanguage":"es"},{"@type":"Organization","@id":"https:\/\/kalot.com.mx\/site\/#organization","name":"Kalot","url":"https:\/\/kalot.com.mx\/site\/","logo":{"@type":"ImageObject","inLanguage":"es","@id":"https:\/\/kalot.com.mx\/site\/#\/schema\/logo\/image\/","url":"https:\/\/i0.wp.com\/kalot.com.mx\/site\/wp-content\/uploads\/2020\/04\/Kalot-logo-sin-tagline.png?fit=1707%2C1014&ssl=1","contentUrl":"https:\/\/i0.wp.com\/kalot.com.mx\/site\/wp-content\/uploads\/2020\/04\/Kalot-logo-sin-tagline.png?fit=1707%2C1014&ssl=1","width":1707,"height":1014,"caption":"Kalot"},"image":{"@id":"https:\/\/kalot.com.mx\/site\/#\/schema\/logo\/image\/"},"sameAs":["http:\/\/facebook.com\/mxkalot","https:\/\/x.com\/kalotmx","http:\/\/instagram.com\/kalotmx","http:\/\/pinterest.com\/jorgeerana\/kalot"]},{"@type":"Person","@id":"https:\/\/kalot.com.mx\/site\/#\/schema\/person\/444a91ecc3b075ab573ff515d7f6d6e3","name":"Ivan Mendez","image":{"@type":"ImageObject","inLanguage":"es","@id":"https:\/\/secure.gravatar.com\/avatar\/d3590cbb14ecd120bf7a8d9b0ab9a1dae9b2aab34a41a577b5288298a4d08e36?s=96&d=mm&r=g","url":"https:\/\/secure.gravatar.com\/avatar\/d3590cbb14ecd120bf7a8d9b0ab9a1dae9b2aab34a41a577b5288298a4d08e36?s=96&d=mm&r=g","contentUrl":"https:\/\/secure.gravatar.com\/avatar\/d3590cbb14ecd120bf7a8d9b0ab9a1dae9b2aab34a41a577b5288298a4d08e36?s=96&d=mm&r=g","caption":"Ivan Mendez"},"url":"https:\/\/kalot.com.mx\/site\/author\/ivan\/"}]}},"jetpack_publicize_connections":[],"jetpack_featured_media_url":"https:\/\/i0.wp.com\/kalot.com.mx\/site\/wp-content\/uploads\/2014\/09\/joanrivers.jpg?fit=1678%2C1258&ssl=1","jetpack_shortlink":"https:\/\/wp.me\/p6IHEI-4Gj","jetpack-related-posts":[{"id":18232,"url":"https:\/\/kalot.com.mx\/site\/2014\/09\/20\/fashion-police-regresara-en-enero-de-2015\/","url_meta":{"origin":17999,"position":0},"title":"Fashion Police Regresar\u00e1&#8230; en Enero de 2015","author":"Adrian Aldana","date":"20 septiembre, 2014","format":false,"excerpt":"Hola lectores despu\u00e9s del deceso de Joan Rivers el pasado 04 de Septiembre, la cadena E Entertainment Television no sab\u00eda si el show dedicado a la moda de las estrellas creado en el a\u00f1o 2010 continuar\u00eda\u00a0sin la presencia de la comediante. Actualmente el show ten\u00eda la participaci\u00f3n de: Giuliana Rancic:\u2026","rel":"","context":"Entrada similar ","block_context":{"text":"Entrada similar ","link":""},"img":{"alt_text":"","src":"https:\/\/i0.wp.com\/kalot.com.mx\/site\/wp-content\/uploads\/2014\/09\/Fashion-police-7.jpg?fit=720%2C540&ssl=1&resize=350%2C200","width":350,"height":200,"srcset":"https:\/\/i0.wp.com\/kalot.com.mx\/site\/wp-content\/uploads\/2014\/09\/Fashion-police-7.jpg?fit=720%2C540&ssl=1&resize=350%2C200 1x, https:\/\/i0.wp.com\/kalot.com.mx\/site\/wp-content\/uploads\/2014\/09\/Fashion-police-7.jpg?fit=720%2C540&ssl=1&resize=525%2C300 1.5x, https:\/\/i0.wp.com\/kalot.com.mx\/site\/wp-content\/uploads\/2014\/09\/Fashion-police-7.jpg?fit=720%2C540&ssl=1&resize=700%2C400 2x"},"classes":[]},{"id":7418,"url":"https:\/\/kalot.com.mx\/site\/2013\/12\/01\/7418\/","url_meta":{"origin":17999,"position":1},"title":"\u00bfSabes quien fue Ann Turner Cook?","author":"Shirley Falcon","date":"1 diciembre, 2013","format":false,"excerpt":"La imagen de la comida m\u00e1s famosa para bebes tiene m\u00e1s que una identidad, cuenta con \u201cnombre y apellido\u201d, y se trata de Ann Turner Cook, que es sin duda uno de los iconos de marca m\u00e1s reconocidos en todo el mundo es el beb\u00e9 Gerber, el peque\u00f1o que aparece\u2026","rel":"","context":"En &quot;Sin categor\u00eda&quot;","block_context":{"text":"Sin categor\u00eda","link":"https:\/\/kalot.com.mx\/site\/category\/sin-categoria\/"},"img":{"alt_text":"gerber-300x274","src":"https:\/\/i2.wp.com\/kalot.com.mx\/site\/wp-content\/uploads\/2013\/12\/gerber-300x274.jpg?fit=300%2C245&ssl=1&resize=350%2C200","width":350,"height":200},"classes":[]},{"id":7629,"url":"https:\/\/kalot.com.mx\/site\/2013\/12\/07\/la-otra-cara-de-chanel\/","url_meta":{"origin":17999,"position":2},"title":"LA OTRA CARA DE CHANEL","author":"Ivan Mendez","date":"7 diciembre, 2013","format":false,"excerpt":"\"La moda pasa, el estilo permanece.\" Nacida en 1883, hija de un vendedor ambulante y su madre ama de casa, Gabrielle Bonheur, mejor conocida como Coco Chanel puede ser por muchas personas reconocida solo por su apellido sin embargo esa gran visionaria de la moda tuvo una vida marcada por\u2026","rel":"","context":"Entrada similar ","block_context":{"text":"Entrada similar ","link":""},"img":{"alt_text":"","src":"https:\/\/i0.wp.com\/kalot.com.mx\/site\/wp-content\/uploads\/2013\/12\/coco-chanel-closeup.jpg?fit=773%2C819&ssl=1&resize=350%2C200","width":350,"height":200,"srcset":"https:\/\/i0.wp.com\/kalot.com.mx\/site\/wp-content\/uploads\/2013\/12\/coco-chanel-closeup.jpg?fit=773%2C819&ssl=1&resize=350%2C200 1x, https:\/\/i0.wp.com\/kalot.com.mx\/site\/wp-content\/uploads\/2013\/12\/coco-chanel-closeup.jpg?fit=773%2C819&ssl=1&resize=525%2C300 1.5x, https:\/\/i0.wp.com\/kalot.com.mx\/site\/wp-content\/uploads\/2013\/12\/coco-chanel-closeup.jpg?fit=773%2C819&ssl=1&resize=700%2C400 2x"},"classes":[]},{"id":7205,"url":"https:\/\/kalot.com.mx\/site\/2013\/11\/26\/cosas-de-la-vida\/","url_meta":{"origin":17999,"position":3},"title":"Cosas de la vida.","author":"Mar\u00eda Alvarado","date":"26 noviembre, 2013","format":false,"excerpt":"\u00a1Hola mundo! Mi nombre es Elisa, nueva en el mundo de la escritura pero vieja amiga de las letras. En este primer post voy a presentarme. Tengo 19 a\u00f1os y muchos ya me han dicho que ya soy grande, pero de hecho hace poco conoc\u00ed a un se\u00f1or que me\u2026","rel":"","context":"Con 1 comentario","block_context":{"text":"Con 1 comentario","link":"https:\/\/kalot.com.mx\/site\/2013\/11\/26\/cosas-de-la-vida\/#comments"},"img":{"alt_text":"","src":"https:\/\/i0.wp.com\/kalot.com.mx\/site\/wp-content\/uploads\/2013\/11\/buscas-la-felicidad.jpg?fit=884%2C540&ssl=1&resize=350%2C200","width":350,"height":200,"srcset":"https:\/\/i0.wp.com\/kalot.com.mx\/site\/wp-content\/uploads\/2013\/11\/buscas-la-felicidad.jpg?fit=884%2C540&ssl=1&resize=350%2C200 1x, https:\/\/i0.wp.com\/kalot.com.mx\/site\/wp-content\/uploads\/2013\/11\/buscas-la-felicidad.jpg?fit=884%2C540&ssl=1&resize=525%2C300 1.5x, https:\/\/i0.wp.com\/kalot.com.mx\/site\/wp-content\/uploads\/2013\/11\/buscas-la-felicidad.jpg?fit=884%2C540&ssl=1&resize=700%2C400 2x"},"classes":[]},{"id":20658,"url":"https:\/\/kalot.com.mx\/site\/2015\/03\/09\/por-favor-dime-que-corro-como-una-nina\/","url_meta":{"origin":17999,"position":4},"title":"Por favor\u2026 Dime que corro como una ni\u00f1a.","author":"Fernanda Rocha","date":"9 marzo, 2015","format":false,"excerpt":"A prop\u00f3sito del pasado D\u00eda Internacional de la Mujer\u2026 El hecho de que exista una fecha especial para celebrar o conmemorar a una persona, acci\u00f3n, situaci\u00f3n o movimiento es una muestra de reconocimiento y al mismo tiempo de omisi\u00f3n, as\u00ed es, omisi\u00f3n durante los 354 d\u00edas restantes. El d\u00eda de\u2026","rel":"","context":"Entrada similar ","block_context":{"text":"Entrada similar ","link":""},"img":{"alt_text":"ni\u00f1a, mujer","src":"https:\/\/i0.wp.com\/kalot.com.mx\/site\/wp-content\/uploads\/2015\/03\/correr.jpg?fit=1200%2C801&ssl=1&resize=350%2C200","width":350,"height":200,"srcset":"https:\/\/i0.wp.com\/kalot.com.mx\/site\/wp-content\/uploads\/2015\/03\/correr.jpg?fit=1200%2C801&ssl=1&resize=350%2C200 1x, https:\/\/i0.wp.com\/kalot.com.mx\/site\/wp-content\/uploads\/2015\/03\/correr.jpg?fit=1200%2C801&ssl=1&resize=525%2C300 1.5x, https:\/\/i0.wp.com\/kalot.com.mx\/site\/wp-content\/uploads\/2015\/03\/correr.jpg?fit=1200%2C801&ssl=1&resize=700%2C400 2x, https:\/\/i0.wp.com\/kalot.com.mx\/site\/wp-content\/uploads\/2015\/03\/correr.jpg?fit=1200%2C801&ssl=1&resize=1050%2C600 3x"},"classes":[]},{"id":7189,"url":"https:\/\/kalot.com.mx\/site\/2013\/11\/26\/mas-princesas\/","url_meta":{"origin":17999,"position":5},"title":"NO MAS PRINCESAS","author":"Ivan Mendez","date":"26 noviembre, 2013","format":false,"excerpt":"Como mencione en ya algunas publicaciones atr\u00e1s no soy un admirador de los superh\u00e9roes y aunque planeo hacer otra entrada explicando las razones, una de ellas es la misoginia que los acompa\u00f1a, sin embargo esa es otra historia. Pero algo que me encanto desde la primera vez que lo vi\u2026","rel":"","context":"Entrada similar ","block_context":{"text":"Entrada similar ","link":""},"img":{"alt_text":"","src":"https:\/\/i0.wp.com\/kalot.com.mx\/site\/wp-content\/uploads\/2013\/11\/quien-es-katniss-everdeen.jpg?fit=950%2C644&ssl=1&resize=350%2C200","width":350,"height":200,"srcset":"https:\/\/i0.wp.com\/kalot.com.mx\/site\/wp-content\/uploads\/2013\/11\/quien-es-katniss-everdeen.jpg?fit=950%2C644&ssl=1&resize=350%2C200 1x, https:\/\/i0.wp.com\/kalot.com.mx\/site\/wp-content\/uploads\/2013\/11\/quien-es-katniss-everdeen.jpg?fit=950%2C644&ssl=1&resize=525%2C300 1.5x, https:\/\/i0.wp.com\/kalot.com.mx\/site\/wp-content\/uploads\/2013\/11\/quien-es-katniss-everdeen.jpg?fit=950%2C644&ssl=1&resize=700%2C400 2x"},"classes":[]}],"jetpack_sharing_enabled":true,"_links":{"self":[{"href":"https:\/\/kalot.com.mx\/site\/wp-json\/wp\/v2\/posts\/17999","targetHints":{"allow":["GET"]}}],"collection":[{"href":"https:\/\/kalot.com.mx\/site\/wp-json\/wp\/v2\/posts"}],"about":[{"href":"https:\/\/kalot.com.mx\/site\/wp-json\/wp\/v2\/types\/post"}],"author":[{"embeddable":true,"href":"https:\/\/kalot.com.mx\/site\/wp-json\/wp\/v2\/users\/51"}],"replies":[{"embeddable":true,"href":"https:\/\/kalot.com.mx\/site\/wp-json\/wp\/v2\/comments?post=17999"}],"version-history":[{"count":0,"href":"https:\/\/kalot.com.mx\/site\/wp-json\/wp\/v2\/posts\/17999\/revisions"}],"wp:featuredmedia":[{"embeddable":true,"href":"https:\/\/kalot.com.mx\/site\/wp-json\/wp\/v2\/media\/18000"}],"wp:attachment":[{"href":"https:\/\/kalot.com.mx\/site\/wp-json\/wp\/v2\/media?parent=17999"}],"wp:term":[{"taxonomy":"category","embeddable":true,"href":"https:\/\/kalot.com.mx\/site\/wp-json\/wp\/v2\/categories?post=17999"},{"taxonomy":"post_tag","embeddable":true,"href":"https:\/\/kalot.com.mx\/site\/wp-json\/wp\/v2\/tags?post=17999"}],"curies":[{"name":"wp","href":"https:\/\/api.w.org\/{rel}","templated":true}]}}