{"id":17805,"date":"2014-08-28T13:41:58","date_gmt":"2014-08-28T18:41:58","guid":{"rendered":"http:\/\/www.kalot.com.mx\/?p=17805"},"modified":"2014-08-28T13:41:58","modified_gmt":"2014-08-28T18:41:58","slug":"estos-son-los-seleccionados-de-mexico-del-6-y-9-de-sept","status":"publish","type":"post","link":"https:\/\/kalot.com.mx\/site\/2014\/08\/28\/estos-son-los-seleccionados-de-mexico-del-6-y-9-de-sept\/","title":{"rendered":"Estos son los Seleccionados de M\u00e9xico del 6 y 9 de sept."},"content":{"rendered":"<p style=\"color: #444444;text-align: justify\">El d\u00eda de hoy, la direcci\u00f3n general de Selecciones Nacionales, nos mostr\u00f3 los jugadores que el t\u00e9cnico Miguel Herrera a convocado para los encuentros contra Chile y Bolivia que tendremos los pr\u00f3ximos 6 y 9 de septiembre, que dicho sea de paso, ser\u00e1n en fecha FIFA.<\/p>\n<p style=\"color: #444444;text-align: justify\">Se iniciar\u00e1, la concentraci\u00f3n el domingo 31 de agosto, en el CAR de la Federaci\u00f3n Mexicana de Futbol, y el 1ero de septiembre, realizar\u00e1n su viaje a Estados Unidos, donde efectivamente, se realizar\u00e1n este par de partidos.<\/p>\n<p style=\"color: #444444;text-align: justify\">Novedades interesantes, quiz\u00e1 algunas cuestionables, principalmente la de Erick &#8220;Cubo&#8221; Torres, que milita en las CHIVAS USA, pero bueno, quiz\u00e1 trae nivel, recordemos que la MLS trae un muy buen nivel \u00faltimamente, otras novedades, ser\u00e1n las de MIGUEL HERRERA de PACHUCA, junto con RODOLFO PIZARRO, OSWALDO ALAN\u00cdS de SANTOS, el regreso de HIRAM MIER de MONTERREY, LUIS VANEGAS de ATLAS, ANTONIO RIOS de TOLUCA, entre otros, destaca que no se llam\u00e9 a JES\u00daS CORONA, portero suplente del mundial, y el delantero JAVIER HERNANDEZ, pero bueno.<\/p>\n<p style=\"color: #444444;text-align: justify\">Sin m\u00e1s, aqu\u00ed esta la lista completa de convocados:<\/p>\n<p style=\"color: #444444;text-align: justify\">1- Guillermo Ochoa &#8211; M\u00e1laga C.F.<\/p>\n<p style=\"color: #444444;text-align: justify\">2- Alfredo Talavera &#8211; Toluca<\/p>\n<p style=\"color: #444444;text-align: justify\">3- Paul Aguilar &#8211; Am\u00e9rica<\/p>\n<p style=\"color: #444444;text-align: justify\">4- Carlos Salcido- Guadalajara<\/p>\n<p style=\"color: #444444;text-align: justify\">5- Francisco Javier Rodr\u00edguez &#8211; Cruz Azul<\/p>\n<p style=\"color: #444444;text-align: justify\">6- Miguel \u00c1ngel Herrera &#8211; Pachuca<\/p>\n<p style=\"color: #444444;text-align: justify\">7- Oswaldo Alan\u00eds Pantoja- Santos<\/p>\n<p style=\"color: #444444;text-align: justify\">8- Luis Gerardo Venegas- Atlas<\/p>\n<p style=\"color: #444444;text-align: justify\">9- Jorge Torres Nilo &#8211; Tigres<\/p>\n<p style=\"color: #444444;text-align: justify\">10- Hiram Mier &#8211; Monterrey<\/p>\n<p style=\"color: #444444;text-align: justify\">11- Giovani Dos Santos- Villarreal C.F<\/p>\n<p style=\"color: #444444;text-align: justify\">12- Miguel Ponce Brise\u00f1o- Toluca<\/p>\n<p style=\"color: #444444;text-align: justify\">13- Andr\u00e9s Guardado- PSV Eindhoven<\/p>\n<p style=\"color: #444444;text-align: justify\">14- H\u00e9ctor Herrera- FC Porto<\/p>\n<p style=\"color: #444444;text-align: justify\">15- Jos\u00e9 Juan V\u00e1zquez- Le\u00f3n<\/p>\n<p style=\"color: #444444;text-align: justify\">16- Antonio R\u00edos &#8211; Toluca<\/p>\n<p style=\"color: #444444;text-align: justify\">17- Javier Aquino- Rayo Vallecano de Madrid<\/p>\n<p style=\"color: #444444;text-align: justify\">18- Rodolfo Gilbert Pizarro- Pachuca<\/p>\n<p style=\"color: #444444;text-align: justify\">19- Javier Antonio Orozco &#8211; Santos<\/p>\n<p style=\"color: #444444;text-align: justify\">20- Erick Torres- Chivas USA<\/p>\n<p style=\"color: #444444;text-align: justify\">21- Oribe Peralta &#8211; Am\u00e9rica<\/p>\n<p style=\"color: #444444;text-align: justify\">22- Marco Fabi\u00e1n &#8211; Cruz Azul<\/p>\n<p style=\"color: #444444;text-align: justify\">\n<p style=\"color: #444444;text-align: justify\">\u00bfQue les pareci\u00f3 la lista de convocados?<\/p>\n","protected":false},"excerpt":{"rendered":"El d\u00eda de hoy, la direcci\u00f3n general de Selecciones Nacionales, nos mostr\u00f3 los jugadores que el t\u00e9cnico Miguel&hellip;\n","protected":false},"author":11,"featured_media":17808,"comment_status":"open","ping_status":"open","sticky":false,"template":"","format":"standard","meta":{"jetpack_post_was_ever_published":false,"_jetpack_newsletter_access":"","_jetpack_dont_email_post_to_subs":false,"_jetpack_newsletter_tier_id":0,"_jetpack_memberships_contains_paywalled_content":false,"_jetpack_memberships_contains_paid_content":false,"footnotes":"","jetpack_publicize_message":"","jetpack_publicize_feature_enabled":true,"jetpack_social_post_already_shared":true,"jetpack_social_options":{"image_generator_settings":{"template":"highway","default_image_id":0,"font":"","enabled":false},"version":2}},"categories":[],"tags":[],"class_list":{"0":"post-17805","1":"post","2":"type-post","3":"status-publish","4":"format-standard","5":"has-post-thumbnail","7":"cs-entry","8":"cs-video-wrap"},"yoast_head":"<!-- This site is optimized with the Yoast SEO plugin v27.5 - https:\/\/yoast.com\/product\/yoast-seo-wordpress\/ -->\n<title>Estos son los Seleccionados de M\u00e9xico del 6 y 9 de sept. - Kalot<\/title>\n<meta name=\"description\" content=\"El d\u00eda de hoy, la direcci\u00f3n general de Selecciones Nacionales, nos mostr\u00f3 los jugadores que el t\u00e9cnico Miguel Herrera a convocado para los encuentros\" \/>\n<meta name=\"robots\" content=\"index, follow, max-snippet:-1, max-image-preview:large, max-video-preview:-1\" \/>\n<link rel=\"canonical\" href=\"https:\/\/kalot.com.mx\/site\/2014\/08\/28\/estos-son-los-seleccionados-de-mexico-del-6-y-9-de-sept\/\" \/>\n<meta property=\"og:locale\" content=\"es_MX\" \/>\n<meta property=\"og:type\" content=\"article\" \/>\n<meta property=\"og:title\" content=\"Estos son los Seleccionados de M\u00e9xico del 6 y 9 de sept. - Kalot\" \/>\n<meta property=\"og:description\" content=\"El d\u00eda de hoy, la direcci\u00f3n general de Selecciones Nacionales, nos mostr\u00f3 los jugadores que el t\u00e9cnico Miguel Herrera a convocado para los encuentros\" \/>\n<meta property=\"og:url\" content=\"https:\/\/kalot.com.mx\/site\/2014\/08\/28\/estos-son-los-seleccionados-de-mexico-del-6-y-9-de-sept\/\" \/>\n<meta property=\"og:site_name\" content=\"Kalot\" \/>\n<meta property=\"article:publisher\" content=\"http:\/\/facebook.com\/mxkalot\" \/>\n<meta property=\"article:published_time\" content=\"2014-08-28T18:41:58+00:00\" \/>\n<meta property=\"og:image\" content=\"https:\/\/i2.wp.com\/kalot.com.mx\/site\/wp-content\/uploads\/2014\/08\/seleccion-de-mexico.jpg?fit=900%2C575&ssl=1\" \/>\n\t<meta property=\"og:image:width\" content=\"900\" \/>\n\t<meta property=\"og:image:height\" content=\"575\" \/>\n\t<meta property=\"og:image:type\" content=\"image\/jpeg\" \/>\n<meta name=\"author\" content=\"HM_MKT007\" \/>\n<meta name=\"twitter:card\" content=\"summary_large_image\" \/>\n<meta name=\"twitter:creator\" content=\"@HM_MKT007\" \/>\n<meta name=\"twitter:site\" content=\"@kalotmx\" \/>\n<meta name=\"twitter:label1\" content=\"Escrito por\" \/>\n\t<meta name=\"twitter:data1\" content=\"HM_MKT007\" \/>\n\t<meta name=\"twitter:label2\" content=\"Tiempo de lectura\" \/>\n\t<meta name=\"twitter:data2\" content=\"2 minutos\" \/>\n<!-- \/ Yoast SEO plugin. -->","yoast_head_json":{"title":"Estos son los Seleccionados de M\u00e9xico del 6 y 9 de sept. - Kalot","description":"El d\u00eda de hoy, la direcci\u00f3n general de Selecciones Nacionales, nos mostr\u00f3 los jugadores que el t\u00e9cnico Miguel Herrera a convocado para los encuentros","robots":{"index":"index","follow":"follow","max-snippet":"max-snippet:-1","max-image-preview":"max-image-preview:large","max-video-preview":"max-video-preview:-1"},"canonical":"https:\/\/kalot.com.mx\/site\/2014\/08\/28\/estos-son-los-seleccionados-de-mexico-del-6-y-9-de-sept\/","og_locale":"es_MX","og_type":"article","og_title":"Estos son los Seleccionados de M\u00e9xico del 6 y 9 de sept. - Kalot","og_description":"El d\u00eda de hoy, la direcci\u00f3n general de Selecciones Nacionales, nos mostr\u00f3 los jugadores que el t\u00e9cnico Miguel Herrera a convocado para los encuentros","og_url":"https:\/\/kalot.com.mx\/site\/2014\/08\/28\/estos-son-los-seleccionados-de-mexico-del-6-y-9-de-sept\/","og_site_name":"Kalot","article_publisher":"http:\/\/facebook.com\/mxkalot","article_published_time":"2014-08-28T18:41:58+00:00","og_image":[{"width":900,"height":575,"url":"https:\/\/i2.wp.com\/kalot.com.mx\/site\/wp-content\/uploads\/2014\/08\/seleccion-de-mexico.jpg?fit=900%2C575&ssl=1","type":"image\/jpeg"}],"author":"HM_MKT007","twitter_card":"summary_large_image","twitter_creator":"@HM_MKT007","twitter_site":"@kalotmx","twitter_misc":{"Escrito por":"HM_MKT007","Tiempo de lectura":"2 minutos"},"schema":{"@context":"https:\/\/schema.org","@graph":[{"@type":"Article","@id":"https:\/\/kalot.com.mx\/site\/2014\/08\/28\/estos-son-los-seleccionados-de-mexico-del-6-y-9-de-sept\/#article","isPartOf":{"@id":"https:\/\/kalot.com.mx\/site\/2014\/08\/28\/estos-son-los-seleccionados-de-mexico-del-6-y-9-de-sept\/"},"author":{"name":"HM_MKT007","@id":"https:\/\/kalot.com.mx\/site\/#\/schema\/person\/60f6fe29bfd83707f2738bccc81156ec"},"headline":"Estos son los Seleccionados de M\u00e9xico del 6 y 9 de sept.","datePublished":"2014-08-28T18:41:58+00:00","mainEntityOfPage":{"@id":"https:\/\/kalot.com.mx\/site\/2014\/08\/28\/estos-son-los-seleccionados-de-mexico-del-6-y-9-de-sept\/"},"wordCount":338,"commentCount":0,"publisher":{"@id":"https:\/\/kalot.com.mx\/site\/#organization"},"image":{"@id":"https:\/\/kalot.com.mx\/site\/2014\/08\/28\/estos-son-los-seleccionados-de-mexico-del-6-y-9-de-sept\/#primaryimage"},"thumbnailUrl":"https:\/\/i0.wp.com\/kalot.com.mx\/site\/wp-content\/uploads\/2014\/08\/seleccion-de-mexico.jpg?fit=900%2C575&ssl=1","inLanguage":"es","potentialAction":[{"@type":"CommentAction","name":"Comment","target":["https:\/\/kalot.com.mx\/site\/2014\/08\/28\/estos-son-los-seleccionados-de-mexico-del-6-y-9-de-sept\/#respond"]}]},{"@type":"WebPage","@id":"https:\/\/kalot.com.mx\/site\/2014\/08\/28\/estos-son-los-seleccionados-de-mexico-del-6-y-9-de-sept\/","url":"https:\/\/kalot.com.mx\/site\/2014\/08\/28\/estos-son-los-seleccionados-de-mexico-del-6-y-9-de-sept\/","name":"Estos son los Seleccionados de M\u00e9xico del 6 y 9 de sept. - Kalot","isPartOf":{"@id":"https:\/\/kalot.com.mx\/site\/#website"},"primaryImageOfPage":{"@id":"https:\/\/kalot.com.mx\/site\/2014\/08\/28\/estos-son-los-seleccionados-de-mexico-del-6-y-9-de-sept\/#primaryimage"},"image":{"@id":"https:\/\/kalot.com.mx\/site\/2014\/08\/28\/estos-son-los-seleccionados-de-mexico-del-6-y-9-de-sept\/#primaryimage"},"thumbnailUrl":"https:\/\/i0.wp.com\/kalot.com.mx\/site\/wp-content\/uploads\/2014\/08\/seleccion-de-mexico.jpg?fit=900%2C575&ssl=1","datePublished":"2014-08-28T18:41:58+00:00","description":"El d\u00eda de hoy, la direcci\u00f3n general de Selecciones Nacionales, nos mostr\u00f3 los jugadores que el t\u00e9cnico Miguel Herrera a convocado para los encuentros","breadcrumb":{"@id":"https:\/\/kalot.com.mx\/site\/2014\/08\/28\/estos-son-los-seleccionados-de-mexico-del-6-y-9-de-sept\/#breadcrumb"},"inLanguage":"es","potentialAction":[{"@type":"ReadAction","target":["https:\/\/kalot.com.mx\/site\/2014\/08\/28\/estos-son-los-seleccionados-de-mexico-del-6-y-9-de-sept\/"]}]},{"@type":"ImageObject","inLanguage":"es","@id":"https:\/\/kalot.com.mx\/site\/2014\/08\/28\/estos-son-los-seleccionados-de-mexico-del-6-y-9-de-sept\/#primaryimage","url":"https:\/\/i0.wp.com\/kalot.com.mx\/site\/wp-content\/uploads\/2014\/08\/seleccion-de-mexico.jpg?fit=900%2C575&ssl=1","contentUrl":"https:\/\/i0.wp.com\/kalot.com.mx\/site\/wp-content\/uploads\/2014\/08\/seleccion-de-mexico.jpg?fit=900%2C575&ssl=1","width":900,"height":575},{"@type":"BreadcrumbList","@id":"https:\/\/kalot.com.mx\/site\/2014\/08\/28\/estos-son-los-seleccionados-de-mexico-del-6-y-9-de-sept\/#breadcrumb","itemListElement":[{"@type":"ListItem","position":1,"name":"Home","item":"https:\/\/kalot.com.mx\/site\/"},{"@type":"ListItem","position":2,"name":"Estos son los Seleccionados de M\u00e9xico del 6 y 9 de sept."}]},{"@type":"WebSite","@id":"https:\/\/kalot.com.mx\/site\/#website","url":"https:\/\/kalot.com.mx\/site\/","name":"Kalot","description":"Conoce Todo Sobre Todo","publisher":{"@id":"https:\/\/kalot.com.mx\/site\/#organization"},"potentialAction":[{"@type":"SearchAction","target":{"@type":"EntryPoint","urlTemplate":"https:\/\/kalot.com.mx\/site\/?s={search_term_string}"},"query-input":{"@type":"PropertyValueSpecification","valueRequired":true,"valueName":"search_term_string"}}],"inLanguage":"es"},{"@type":"Organization","@id":"https:\/\/kalot.com.mx\/site\/#organization","name":"Kalot","url":"https:\/\/kalot.com.mx\/site\/","logo":{"@type":"ImageObject","inLanguage":"es","@id":"https:\/\/kalot.com.mx\/site\/#\/schema\/logo\/image\/","url":"https:\/\/i0.wp.com\/kalot.com.mx\/site\/wp-content\/uploads\/2020\/04\/Kalot-logo-sin-tagline.png?fit=1707%2C1014&ssl=1","contentUrl":"https:\/\/i0.wp.com\/kalot.com.mx\/site\/wp-content\/uploads\/2020\/04\/Kalot-logo-sin-tagline.png?fit=1707%2C1014&ssl=1","width":1707,"height":1014,"caption":"Kalot"},"image":{"@id":"https:\/\/kalot.com.mx\/site\/#\/schema\/logo\/image\/"},"sameAs":["http:\/\/facebook.com\/mxkalot","https:\/\/x.com\/kalotmx","http:\/\/instagram.com\/kalotmx","http:\/\/pinterest.com\/jorgeerana\/kalot"]},{"@type":"Person","@id":"https:\/\/kalot.com.mx\/site\/#\/schema\/person\/60f6fe29bfd83707f2738bccc81156ec","name":"HM_MKT007","image":{"@type":"ImageObject","inLanguage":"es","@id":"https:\/\/secure.gravatar.com\/avatar\/8d5ec09079a21301186c9f7e8b973012363772e45326c576666fe5c082ebd717?s=96&d=mm&r=g","url":"https:\/\/secure.gravatar.com\/avatar\/8d5ec09079a21301186c9f7e8b973012363772e45326c576666fe5c082ebd717?s=96&d=mm&r=g","contentUrl":"https:\/\/secure.gravatar.com\/avatar\/8d5ec09079a21301186c9f7e8b973012363772e45326c576666fe5c082ebd717?s=96&d=mm&r=g","caption":"HM_MKT007"},"sameAs":["https:\/\/x.com\/@HM_MKT007"],"url":"https:\/\/kalot.com.mx\/site\/author\/hectorhdz\/"}]}},"jetpack_publicize_connections":[],"jetpack_featured_media_url":"https:\/\/i0.wp.com\/kalot.com.mx\/site\/wp-content\/uploads\/2014\/08\/seleccion-de-mexico.jpg?fit=900%2C575&ssl=1","jetpack_shortlink":"https:\/\/wp.me\/p6IHEI-4Db","jetpack-related-posts":[{"id":4592,"url":"https:\/\/kalot.com.mx\/site\/2013\/10\/21\/miguel-herrera-prestamo-la-seleccion-deportes-cf_america-miseleccionmx\/","url_meta":{"origin":17805,"position":0},"title":"Miguel Herrera Pr\u00e9stamo a la selecci\u00f3n #Deportes @CF_America @miseleccionmx","author":"Anastacio S\u00e1nchez","date":"21 octubre, 2013","format":false,"excerpt":"Tras el despido de Vucetich Miguel 'Piojo' Herrera fue presentado el pasado domingo como director t\u00e9cnico a prestamos con la Selecci\u00f3n Mexicana para enfrentar a Finlandia en un partido amistoso, y en el repechaje contra Nueva Zelanda.\u2028\u2028Herrera dej\u00f3 en claro que la opci\u00f3n de llegar a la Selecci\u00f3n siempre estuvo\u2026","rel":"","context":"Entrada similar ","block_context":{"text":"Entrada similar ","link":""},"img":{"alt_text":"","src":"https:\/\/i0.wp.com\/kalot.com.mx\/site\/wp-content\/uploads\/2013\/10\/piojo_191013.jpg?fit=620%2C465&ssl=1&resize=350%2C200","width":350,"height":200,"srcset":"https:\/\/i0.wp.com\/kalot.com.mx\/site\/wp-content\/uploads\/2013\/10\/piojo_191013.jpg?fit=620%2C465&ssl=1&resize=350%2C200 1x, https:\/\/i0.wp.com\/kalot.com.mx\/site\/wp-content\/uploads\/2013\/10\/piojo_191013.jpg?fit=620%2C465&ssl=1&resize=525%2C300 1.5x"},"classes":[]},{"id":13570,"url":"https:\/\/kalot.com.mx\/site\/2014\/03\/18\/es-en-serio-marco\/","url_meta":{"origin":17805,"position":1},"title":"\u00bfES EN SERIO MARCO?","author":"Juan Ol\u00e1is","date":"18 marzo, 2014","format":false,"excerpt":"\u00bfES EN SERIO MARCO? El s\u00e1bado pasado vimos en la cancha del Estadio Azul, a un jugador con muchas ganas de trascender en la liga y de levantar la mano para ser tomado en cuenta por Miguel Herrera para el mundial de Brasil 2014: Marco Fabi\u00e1n de la Mora. \u00a0Es\u2026","rel":"","context":"En &quot;Sin categor\u00eda&quot;","block_context":{"text":"Sin categor\u00eda","link":"https:\/\/kalot.com.mx\/site\/category\/sin-categoria\/"},"img":{"alt_text":"","src":"https:\/\/i0.wp.com\/kalot.com.mx\/site\/wp-content\/uploads\/2014\/03\/marco-fabian.jpg?fit=600%2C400&ssl=1&resize=350%2C200","width":350,"height":200,"srcset":"https:\/\/i0.wp.com\/kalot.com.mx\/site\/wp-content\/uploads\/2014\/03\/marco-fabian.jpg?fit=600%2C400&ssl=1&resize=350%2C200 1x, https:\/\/i0.wp.com\/kalot.com.mx\/site\/wp-content\/uploads\/2014\/03\/marco-fabian.jpg?fit=600%2C400&ssl=1&resize=525%2C300 1.5x"},"classes":[]},{"id":26195,"url":"https:\/\/kalot.com.mx\/site\/2016\/09\/21\/exorcista-en-360-grados\/","url_meta":{"origin":17805,"position":2},"title":"El Exorcista en 360 grados","author":"yash","date":"21 septiembre, 2016","format":false,"excerpt":"FX te invita a experimenta a vivir un exorcismo en 360 grados a trav\u00e9s de un nuevo v\u00eddeo. La serie de \"El Exorcista\" comienza este Viernes 23 de Septiembre y FX ha sacado un nuevo promocional, esta vez, un exorcismo en 360 grados para que vivas una experiencia aterradora. Esta\u2026","rel":"","context":"En &quot;Cine&quot;","block_context":{"text":"Cine","link":"https:\/\/kalot.com.mx\/site\/category\/cine\/"},"img":{"alt_text":"","src":"https:\/\/i0.wp.com\/kalot.com.mx\/site\/wp-content\/uploads\/2016\/09\/scariest-movie-title.jpg?fit=1200%2C670&ssl=1&resize=350%2C200","width":350,"height":200,"srcset":"https:\/\/i0.wp.com\/kalot.com.mx\/site\/wp-content\/uploads\/2016\/09\/scariest-movie-title.jpg?fit=1200%2C670&ssl=1&resize=350%2C200 1x, https:\/\/i0.wp.com\/kalot.com.mx\/site\/wp-content\/uploads\/2016\/09\/scariest-movie-title.jpg?fit=1200%2C670&ssl=1&resize=525%2C300 1.5x, https:\/\/i0.wp.com\/kalot.com.mx\/site\/wp-content\/uploads\/2016\/09\/scariest-movie-title.jpg?fit=1200%2C670&ssl=1&resize=700%2C400 2x, https:\/\/i0.wp.com\/kalot.com.mx\/site\/wp-content\/uploads\/2016\/09\/scariest-movie-title.jpg?fit=1200%2C670&ssl=1&resize=1050%2C600 3x"},"classes":[]},{"id":22604,"url":"https:\/\/kalot.com.mx\/site\/2015\/07\/28\/herrera-fuera-del-tri-final-anunciado\/","url_meta":{"origin":17805,"position":3},"title":"Herrera fuera del Tri: Final anunciado","author":"Andres Bautista","date":"28 julio, 2015","format":false,"excerpt":"Se confirm\u00f3 lo que era un secreto a voces; Miguel Herrera dejo de ser el Director T\u00e9cnico de la Selecci\u00f3n Mexicana tras el penoso y lamentable incidente en el cual se vio involucrado con el comentarista de TV Azteca Cristian Martinolli. Herrera fue poniendo final a su etapa como seleccionador\u2026","rel":"","context":"Entrada similar ","block_context":{"text":"Entrada similar ","link":""},"img":{"alt_text":"","src":"https:\/\/i0.wp.com\/kalot.com.mx\/site\/wp-content\/uploads\/2015\/07\/images-860x450.jpg?fit=860%2C450&ssl=1&resize=350%2C200","width":350,"height":200,"srcset":"https:\/\/i0.wp.com\/kalot.com.mx\/site\/wp-content\/uploads\/2015\/07\/images-860x450.jpg?fit=860%2C450&ssl=1&resize=350%2C200 1x, https:\/\/i0.wp.com\/kalot.com.mx\/site\/wp-content\/uploads\/2015\/07\/images-860x450.jpg?fit=860%2C450&ssl=1&resize=525%2C300 1.5x, https:\/\/i0.wp.com\/kalot.com.mx\/site\/wp-content\/uploads\/2015\/07\/images-860x450.jpg?fit=860%2C450&ssl=1&resize=700%2C400 2x"},"classes":[]},{"id":24884,"url":"https:\/\/kalot.com.mx\/site\/2016\/02\/04\/24884\/","url_meta":{"origin":17805,"position":4},"title":"P\u00f3sters Honestos Para las Nominadas a los Premios \u00d3scar.","author":"Omar Herrera","date":"4 febrero, 2016","format":false,"excerpt":"El pr\u00f3ximo 28 de febrero ser\u00e1 la 88\u00b0 entrega de los Premios \u00d3scar, otorgados por la Academia de Ciencias y Artes Cinematogr\u00e1ficas a lo mejor del cine estadounidense en el 2015 y como cada a\u00f1o con un repertorio de contendientes bastante competitivo en cuanto a calidad se refiere. The Revenant,\u2026","rel":"","context":"En &quot;Cine&quot;","block_context":{"text":"Cine","link":"https:\/\/kalot.com.mx\/site\/category\/cine\/"},"img":{"alt_text":"","src":"https:\/\/i0.wp.com\/kalot.com.mx\/site\/wp-content\/uploads\/2016\/02\/3252.jpg?fit=1050%2C700&ssl=1&resize=350%2C200","width":350,"height":200,"srcset":"https:\/\/i0.wp.com\/kalot.com.mx\/site\/wp-content\/uploads\/2016\/02\/3252.jpg?fit=1050%2C700&ssl=1&resize=350%2C200 1x, https:\/\/i0.wp.com\/kalot.com.mx\/site\/wp-content\/uploads\/2016\/02\/3252.jpg?fit=1050%2C700&ssl=1&resize=525%2C300 1.5x, https:\/\/i0.wp.com\/kalot.com.mx\/site\/wp-content\/uploads\/2016\/02\/3252.jpg?fit=1050%2C700&ssl=1&resize=700%2C400 2x, https:\/\/i0.wp.com\/kalot.com.mx\/site\/wp-content\/uploads\/2016\/02\/3252.jpg?fit=1050%2C700&ssl=1&resize=1050%2C600 3x"},"classes":[]},{"id":23186,"url":"https:\/\/kalot.com.mx\/site\/2015\/08\/28\/juguemos-a-adivinar-con-apple-2015\/","url_meta":{"origin":17805,"position":5},"title":"JUGUEMOS A ADIVINAR con: APPLE (2015)","author":"HM_MKT007","date":"28 agosto, 2015","format":false,"excerpt":"Hola mis muy queridos seguidores de KALOT, hace mucho que no escrib\u00eda de este tema, que en lo personal me encanta, JUGUEMOS A ADIVINAR, y esta vez, aprovechando lo nuevo que se viene en materia de comunicaci\u00f3n y tecnolog\u00eda, tenemos una pr\u00f3xima presentaci\u00f3n de la marca de la manzana, APPLE\u2026","rel":"","context":"Con 1 comentario","block_context":{"text":"Con 1 comentario","link":"https:\/\/kalot.com.mx\/site\/2015\/08\/28\/juguemos-a-adivinar-con-apple-2015\/#comments"},"img":{"alt_text":"","src":"https:\/\/i0.wp.com\/kalot.com.mx\/site\/wp-content\/uploads\/2015\/08\/keynote-apple.jpg?fit=570%2C321&ssl=1&resize=350%2C200","width":350,"height":200,"srcset":"https:\/\/i0.wp.com\/kalot.com.mx\/site\/wp-content\/uploads\/2015\/08\/keynote-apple.jpg?fit=570%2C321&ssl=1&resize=350%2C200 1x, https:\/\/i0.wp.com\/kalot.com.mx\/site\/wp-content\/uploads\/2015\/08\/keynote-apple.jpg?fit=570%2C321&ssl=1&resize=525%2C300 1.5x"},"classes":[]}],"jetpack_sharing_enabled":true,"_links":{"self":[{"href":"https:\/\/kalot.com.mx\/site\/wp-json\/wp\/v2\/posts\/17805","targetHints":{"allow":["GET"]}}],"collection":[{"href":"https:\/\/kalot.com.mx\/site\/wp-json\/wp\/v2\/posts"}],"about":[{"href":"https:\/\/kalot.com.mx\/site\/wp-json\/wp\/v2\/types\/post"}],"author":[{"embeddable":true,"href":"https:\/\/kalot.com.mx\/site\/wp-json\/wp\/v2\/users\/11"}],"replies":[{"embeddable":true,"href":"https:\/\/kalot.com.mx\/site\/wp-json\/wp\/v2\/comments?post=17805"}],"version-history":[{"count":0,"href":"https:\/\/kalot.com.mx\/site\/wp-json\/wp\/v2\/posts\/17805\/revisions"}],"wp:featuredmedia":[{"embeddable":true,"href":"https:\/\/kalot.com.mx\/site\/wp-json\/wp\/v2\/media\/17808"}],"wp:attachment":[{"href":"https:\/\/kalot.com.mx\/site\/wp-json\/wp\/v2\/media?parent=17805"}],"wp:term":[{"taxonomy":"category","embeddable":true,"href":"https:\/\/kalot.com.mx\/site\/wp-json\/wp\/v2\/categories?post=17805"},{"taxonomy":"post_tag","embeddable":true,"href":"https:\/\/kalot.com.mx\/site\/wp-json\/wp\/v2\/tags?post=17805"}],"curies":[{"name":"wp","href":"https:\/\/api.w.org\/{rel}","templated":true}]}}