{"id":17643,"date":"2014-08-19T13:15:26","date_gmt":"2014-08-19T18:15:26","guid":{"rendered":"http:\/\/www.kalot.com.mx\/?p=17643"},"modified":"2017-12-20T15:55:44","modified_gmt":"2017-12-20T21:55:44","slug":"usb-reversible-martesgeek","status":"publish","type":"post","link":"https:\/\/kalot.com.mx\/site\/2014\/08\/19\/usb-reversible-martesgeek\/","title":{"rendered":"USB reversible #MartesGeek"},"content":{"rendered":"<p style=\"text-align: justify\">En el d\u00eda a d\u00eda siempre requerimos de cables USB ya sea para el trabajo, escuela o simple mente en nuestro hogar al conectar nuestros dispositivos es por eso que al mercado a llegado el nuevo<strong> USB Type-C que podr\u00eda revolucionar el mundo de la tecnolog\u00eda, siendo el primer cable USB reversible.<\/strong><\/p>\n<p><a href=\"https:\/\/i0.wp.com\/www.kalot.com.mx\/wp-content\/uploads\/2014\/08\/USB-Type-C1.jpg\"><img fetchpriority=\"high\" decoding=\"async\" data-attachment-id=\"17644\" data-permalink=\"https:\/\/kalot.com.mx\/site\/2014\/08\/19\/usb-reversible-martesgeek\/usb-type-c1\/\" data-orig-file=\"https:\/\/i0.wp.com\/kalot.com.mx\/site\/wp-content\/uploads\/2014\/08\/USB-Type-C1.jpg?fit=600%2C398&amp;ssl=1\" data-orig-size=\"600,398\" data-comments-opened=\"1\" data-image-meta=\"{&quot;aperture&quot;:&quot;0&quot;,&quot;credit&quot;:&quot;&quot;,&quot;camera&quot;:&quot;&quot;,&quot;caption&quot;:&quot;&quot;,&quot;created_timestamp&quot;:&quot;0&quot;,&quot;copyright&quot;:&quot;&quot;,&quot;focal_length&quot;:&quot;0&quot;,&quot;iso&quot;:&quot;0&quot;,&quot;shutter_speed&quot;:&quot;0&quot;,&quot;title&quot;:&quot;&quot;,&quot;orientation&quot;:&quot;1&quot;}\" data-image-title=\"USB-Type-C\" data-image-description=\"\" data-image-caption=\"\" data-large-file=\"https:\/\/i0.wp.com\/kalot.com.mx\/site\/wp-content\/uploads\/2014\/08\/USB-Type-C1.jpg?fit=600%2C398&amp;ssl=1\" class=\"size-full wp-image-17644 aligncenter\" src=\"https:\/\/i2.wp.com\/kalot.com.mx\/site\/wp-content\/uploads\/2013\/08\/20130830-134207.jpg?fit=978%2C517&#038;ssl=1\" alt=\"USB-Type-C\" width=\"978\" height=\"517\" \/><\/a><\/p>\n<p style=\"text-align: justify\"><strong>USB Promoter Group, formado por Intel, HP<\/strong> y otras empresas para promover el est\u00e1ndar, comenz\u00f3 a revelar las caracter\u00edsticas que tendr\u00eda el nuevo conector USB que se dice llegara a finales de este a\u00f1o.<\/p>\n<p style=\"text-align: justify\">Se trata del<strong> USB 3.1 Type-C<\/strong>\u00a0un cable reversible, de manera que<strong> se puede conectar de cualquier lado sin ning\u00fan tipo de problema.<\/strong> Tiene un parecido al cable Lighting de Apple, solo que este nuevo cable no ser\u00e1 exclusivo de una compa\u00f1\u00eda, sino que suceder\u00e1 todo lo contrario, <strong>ser\u00e1 un cable est\u00e1ndar que podr\u00e1n utilizar todos los fabricantes, el objetivo es precisamente que este cable se convierta en el que utilicen todos los smartphones y tablets.<\/strong><\/p>\n<p style=\"text-align: justify\">Se distingue por diversas cosas, teniendo por un lado, es<strong> un cable que nos permitir\u00e1 realizar transferencias de datos de hasta 10 Gb, adem\u00e1s de eso tiene la capacidad de carga de dicho cable ser\u00eda de 100W, lo que significa que tendr\u00e1 muchas menos limitaciones que los cables USB actuales.\u00a0<\/strong><\/p>\n<p><a href=\"https:\/\/i0.wp.com\/www.kalot.com.mx\/wp-content\/uploads\/2014\/08\/xusb_3-1_618x253.jpg.pagespeed.ic_.xVSqHmPNbc.jpg\"><img decoding=\"async\" data-attachment-id=\"17645\" data-permalink=\"https:\/\/kalot.com.mx\/site\/2014\/08\/19\/usb-reversible-martesgeek\/xusb_3-1_618x253-jpg-pagespeed-ic-xvsqhmpnbc\/\" data-orig-file=\"https:\/\/i0.wp.com\/kalot.com.mx\/site\/wp-content\/uploads\/2014\/08\/xusb_3-1_618x253.jpg.pagespeed.ic_.xVSqHmPNbc.jpg?fit=618%2C253&amp;ssl=1\" data-orig-size=\"618,253\" data-comments-opened=\"1\" data-image-meta=\"{&quot;aperture&quot;:&quot;0&quot;,&quot;credit&quot;:&quot;&quot;,&quot;camera&quot;:&quot;&quot;,&quot;caption&quot;:&quot;&quot;,&quot;created_timestamp&quot;:&quot;0&quot;,&quot;copyright&quot;:&quot;&quot;,&quot;focal_length&quot;:&quot;0&quot;,&quot;iso&quot;:&quot;0&quot;,&quot;shutter_speed&quot;:&quot;0&quot;,&quot;title&quot;:&quot;&quot;,&quot;orientation&quot;:&quot;0&quot;}\" data-image-title=\"type c\" data-image-description=\"\" data-image-caption=\"\" data-large-file=\"https:\/\/i0.wp.com\/kalot.com.mx\/site\/wp-content\/uploads\/2014\/08\/xusb_3-1_618x253.jpg.pagespeed.ic_.xVSqHmPNbc.jpg?fit=618%2C253&amp;ssl=1\" class=\"size-full wp-image-17645 aligncenter\" src=\"https:\/\/i2.wp.com\/kalot.com.mx\/site\/wp-content\/uploads\/2013\/08\/20130830-134207.jpg?fit=978%2C517&#038;ssl=1\" alt=\"type c\" width=\"978\" height=\"517\" \/><\/a> <a href=\"https:\/\/i0.wp.com\/www.kalot.com.mx\/wp-content\/uploads\/2014\/08\/usb-type-c-hybrid-receptacle1-660x595.jpg\"><img decoding=\"async\" data-attachment-id=\"17646\" data-permalink=\"https:\/\/kalot.com.mx\/site\/2014\/08\/19\/usb-reversible-martesgeek\/usb-type-c-hybrid-receptacle1-660x595\/\" data-orig-file=\"https:\/\/i0.wp.com\/kalot.com.mx\/site\/wp-content\/uploads\/2014\/08\/usb-type-c-hybrid-receptacle1-660x595.jpg?fit=660%2C379&amp;ssl=1\" data-orig-size=\"660,379\" data-comments-opened=\"1\" data-image-meta=\"{&quot;aperture&quot;:&quot;0&quot;,&quot;credit&quot;:&quot;&quot;,&quot;camera&quot;:&quot;&quot;,&quot;caption&quot;:&quot;&quot;,&quot;created_timestamp&quot;:&quot;0&quot;,&quot;copyright&quot;:&quot;&quot;,&quot;focal_length&quot;:&quot;0&quot;,&quot;iso&quot;:&quot;0&quot;,&quot;shutter_speed&quot;:&quot;0&quot;,&quot;title&quot;:&quot;&quot;,&quot;orientation&quot;:&quot;0&quot;}\" data-image-title=\"usb-type-c\" data-image-description=\"\" data-image-caption=\"\" data-large-file=\"https:\/\/i0.wp.com\/kalot.com.mx\/site\/wp-content\/uploads\/2014\/08\/usb-type-c-hybrid-receptacle1-660x595.jpg?fit=660%2C379&amp;ssl=1\" class=\"size-full wp-image-17646 aligncenter\" src=\"https:\/\/i2.wp.com\/kalot.com.mx\/site\/wp-content\/uploads\/2013\/08\/20130830-134207.jpg?fit=978%2C517&#038;ssl=1\" alt=\"usb-type-c\" width=\"978\" height=\"517\" \/><\/a><\/p>\n<p style=\"text-align: justify\">El dise\u00f1o de este nuevo cable, ser\u00e1 muy parecido al cable microUSB actual, con los mismos tama\u00f1os, aunque con un dise\u00f1o ligeramente diferente, precisamente debido a que este nuevo cable ser\u00e1 reversible. Aqu\u00ed el <a href=\"http:\/\/www.usb.org\/press\/USB_Type-C_Specification_Announcement_Final.pdf\" target=\"_blank\"><strong>comunicado<\/strong><\/a> donde muestra las especificaciones finales.<\/p>\n<p style=\"text-align: justify\"><strong>Kalochos en este <span style=\"color: #3366ff\">#MartesGeek<\/span> nos agrada la noticia de saber que pr\u00f3ximamente saldr\u00e1 al mercado y tengamos una velocidad y mejor funcionamiento y de seguro este Usb revolucionara el mundo de la tecnologia. <\/strong><\/p>\n<p style=\"text-align: justify\"><strong>Sigan nuestras redes sociales con el <span style=\"color: #3366ff\">#MartesGeek<\/span> y m\u00e1ndanos lo que m\u00e1s te gusta.\u00a0<\/strong><\/p>\n<p style=\"text-align: justify\"><a href=\"https:\/\/twitter.com\/KalotMx\" target=\"_blank\"><strong>@KalotMx<\/strong><\/a><\/p>\n<p style=\"text-align: justify\"><a href=\"https:\/\/www.facebook.com\/mxkalot?fref=ts\" target=\"_blank\"><strong>Kalot en Facebook\u00a0<\/strong><\/a><\/p>\n<p><a href=\"https:\/\/twitter.com\/Cecidc_Mat\" target=\"_blank\">@Cecidc_Mat<\/a><\/p>\n<p>Saludos !<\/p>\n","protected":false},"excerpt":{"rendered":"En el d\u00eda a d\u00eda siempre requerimos de cables USB ya sea para el trabajo, escuela o simple&hellip;\n","protected":false},"author":57,"featured_media":17647,"comment_status":"open","ping_status":"open","sticky":false,"template":"","format":"standard","meta":{"jetpack_post_was_ever_published":false,"_jetpack_newsletter_access":"","_jetpack_dont_email_post_to_subs":false,"_jetpack_newsletter_tier_id":0,"_jetpack_memberships_contains_paywalled_content":false,"_jetpack_memberships_contains_paid_content":false,"footnotes":"","jetpack_publicize_message":"","jetpack_publicize_feature_enabled":true,"jetpack_social_post_already_shared":true,"jetpack_social_options":{"image_generator_settings":{"template":"highway","default_image_id":0,"font":"","enabled":false},"version":2}},"categories":[1],"tags":[],"class_list":{"0":"post-17643","1":"post","2":"type-post","3":"status-publish","4":"format-standard","5":"has-post-thumbnail","7":"category-sin-categoria","8":"cs-entry","9":"cs-video-wrap"},"yoast_head":"<!-- This site is optimized with the Yoast SEO plugin v27.4 - https:\/\/yoast.com\/product\/yoast-seo-wordpress\/ -->\n<title>USB reversible #MartesGeek - Kalot<\/title>\n<meta name=\"description\" content=\"El nuevo USB reversible llamado Type-C permitir\u00e1 olvidarse de insertarse err\u00f3neamente y podr\u00e1 insertarse de cualquier lado con un mejor funcionamiento.\" \/>\n<meta name=\"robots\" content=\"index, follow, max-snippet:-1, max-image-preview:large, max-video-preview:-1\" \/>\n<link rel=\"canonical\" href=\"https:\/\/kalot.com.mx\/site\/2014\/08\/19\/usb-reversible-martesgeek\/\" \/>\n<meta property=\"og:locale\" content=\"es_MX\" \/>\n<meta property=\"og:type\" content=\"article\" \/>\n<meta property=\"og:title\" content=\"USB reversible #MartesGeek - Kalot\" \/>\n<meta property=\"og:description\" content=\"El nuevo USB reversible llamado Type-C permitir\u00e1 olvidarse de insertarse err\u00f3neamente y podr\u00e1 insertarse de cualquier lado con un mejor funcionamiento.\" \/>\n<meta property=\"og:url\" content=\"https:\/\/kalot.com.mx\/site\/2014\/08\/19\/usb-reversible-martesgeek\/\" \/>\n<meta property=\"og:site_name\" content=\"Kalot\" \/>\n<meta property=\"article:publisher\" content=\"http:\/\/facebook.com\/mxkalot\" \/>\n<meta property=\"article:author\" content=\"https:\/\/www.facebook.com\/ceciMat\" \/>\n<meta property=\"article:published_time\" content=\"2014-08-19T18:15:26+00:00\" \/>\n<meta property=\"article:modified_time\" content=\"2017-12-20T21:55:44+00:00\" \/>\n<meta property=\"og:image\" content=\"https:\/\/i1.wp.com\/kalot.com.mx\/site\/wp-content\/uploads\/2014\/08\/usb-type-c-011-1000x572.png?fit=1000%2C572&ssl=1\" \/>\n\t<meta property=\"og:image:width\" content=\"1000\" \/>\n\t<meta property=\"og:image:height\" content=\"572\" \/>\n\t<meta property=\"og:image:type\" content=\"image\/png\" \/>\n<meta name=\"author\" content=\"Cecilia Mata\" \/>\n<meta name=\"twitter:card\" content=\"summary_large_image\" \/>\n<meta name=\"twitter:creator\" content=\"@Cecidc_Mat\" \/>\n<meta name=\"twitter:site\" content=\"@kalotmx\" \/>\n<meta name=\"twitter:label1\" content=\"Escrito por\" \/>\n\t<meta name=\"twitter:data1\" content=\"Cecilia Mata\" \/>\n\t<meta name=\"twitter:label2\" content=\"Tiempo de lectura\" \/>\n\t<meta name=\"twitter:data2\" content=\"2 minutos\" \/>\n<!-- \/ Yoast SEO plugin. -->","yoast_head_json":{"title":"USB reversible #MartesGeek - Kalot","description":"El nuevo USB reversible llamado Type-C permitir\u00e1 olvidarse de insertarse err\u00f3neamente y podr\u00e1 insertarse de cualquier lado con un mejor funcionamiento.","robots":{"index":"index","follow":"follow","max-snippet":"max-snippet:-1","max-image-preview":"max-image-preview:large","max-video-preview":"max-video-preview:-1"},"canonical":"https:\/\/kalot.com.mx\/site\/2014\/08\/19\/usb-reversible-martesgeek\/","og_locale":"es_MX","og_type":"article","og_title":"USB reversible #MartesGeek - Kalot","og_description":"El nuevo USB reversible llamado Type-C permitir\u00e1 olvidarse de insertarse err\u00f3neamente y podr\u00e1 insertarse de cualquier lado con un mejor funcionamiento.","og_url":"https:\/\/kalot.com.mx\/site\/2014\/08\/19\/usb-reversible-martesgeek\/","og_site_name":"Kalot","article_publisher":"http:\/\/facebook.com\/mxkalot","article_author":"https:\/\/www.facebook.com\/ceciMat","article_published_time":"2014-08-19T18:15:26+00:00","article_modified_time":"2017-12-20T21:55:44+00:00","og_image":[{"width":1000,"height":572,"url":"https:\/\/i1.wp.com\/kalot.com.mx\/site\/wp-content\/uploads\/2014\/08\/usb-type-c-011-1000x572.png?fit=1000%2C572&ssl=1","type":"image\/png"}],"author":"Cecilia Mata","twitter_card":"summary_large_image","twitter_creator":"@Cecidc_Mat","twitter_site":"@kalotmx","twitter_misc":{"Escrito por":"Cecilia Mata","Tiempo de lectura":"2 minutos"},"schema":{"@context":"https:\/\/schema.org","@graph":[{"@type":"Article","@id":"https:\/\/kalot.com.mx\/site\/2014\/08\/19\/usb-reversible-martesgeek\/#article","isPartOf":{"@id":"https:\/\/kalot.com.mx\/site\/2014\/08\/19\/usb-reversible-martesgeek\/"},"author":{"name":"Cecilia Mata","@id":"https:\/\/kalot.com.mx\/site\/#\/schema\/person\/451d1f280e69ef0abc9b72e87e137ccd"},"headline":"USB reversible #MartesGeek","datePublished":"2014-08-19T18:15:26+00:00","dateModified":"2017-12-20T21:55:44+00:00","mainEntityOfPage":{"@id":"https:\/\/kalot.com.mx\/site\/2014\/08\/19\/usb-reversible-martesgeek\/"},"wordCount":327,"commentCount":0,"publisher":{"@id":"https:\/\/kalot.com.mx\/site\/#organization"},"image":{"@id":"https:\/\/kalot.com.mx\/site\/2014\/08\/19\/usb-reversible-martesgeek\/#primaryimage"},"thumbnailUrl":"https:\/\/i0.wp.com\/kalot.com.mx\/site\/wp-content\/uploads\/2014\/08\/usb-type-c-011-1000x572.png?fit=1000%2C572&ssl=1","inLanguage":"es","potentialAction":[{"@type":"CommentAction","name":"Comment","target":["https:\/\/kalot.com.mx\/site\/2014\/08\/19\/usb-reversible-martesgeek\/#respond"]}]},{"@type":"WebPage","@id":"https:\/\/kalot.com.mx\/site\/2014\/08\/19\/usb-reversible-martesgeek\/","url":"https:\/\/kalot.com.mx\/site\/2014\/08\/19\/usb-reversible-martesgeek\/","name":"USB reversible #MartesGeek - Kalot","isPartOf":{"@id":"https:\/\/kalot.com.mx\/site\/#website"},"primaryImageOfPage":{"@id":"https:\/\/kalot.com.mx\/site\/2014\/08\/19\/usb-reversible-martesgeek\/#primaryimage"},"image":{"@id":"https:\/\/kalot.com.mx\/site\/2014\/08\/19\/usb-reversible-martesgeek\/#primaryimage"},"thumbnailUrl":"https:\/\/i0.wp.com\/kalot.com.mx\/site\/wp-content\/uploads\/2014\/08\/usb-type-c-011-1000x572.png?fit=1000%2C572&ssl=1","datePublished":"2014-08-19T18:15:26+00:00","dateModified":"2017-12-20T21:55:44+00:00","description":"El nuevo USB reversible llamado Type-C permitir\u00e1 olvidarse de insertarse err\u00f3neamente y podr\u00e1 insertarse de cualquier lado con un mejor funcionamiento.","breadcrumb":{"@id":"https:\/\/kalot.com.mx\/site\/2014\/08\/19\/usb-reversible-martesgeek\/#breadcrumb"},"inLanguage":"es","potentialAction":[{"@type":"ReadAction","target":["https:\/\/kalot.com.mx\/site\/2014\/08\/19\/usb-reversible-martesgeek\/"]}]},{"@type":"ImageObject","inLanguage":"es","@id":"https:\/\/kalot.com.mx\/site\/2014\/08\/19\/usb-reversible-martesgeek\/#primaryimage","url":"https:\/\/i0.wp.com\/kalot.com.mx\/site\/wp-content\/uploads\/2014\/08\/usb-type-c-011-1000x572.png?fit=1000%2C572&ssl=1","contentUrl":"https:\/\/i0.wp.com\/kalot.com.mx\/site\/wp-content\/uploads\/2014\/08\/usb-type-c-011-1000x572.png?fit=1000%2C572&ssl=1","width":1000,"height":572},{"@type":"BreadcrumbList","@id":"https:\/\/kalot.com.mx\/site\/2014\/08\/19\/usb-reversible-martesgeek\/#breadcrumb","itemListElement":[{"@type":"ListItem","position":1,"name":"Home","item":"https:\/\/kalot.com.mx\/site\/"},{"@type":"ListItem","position":2,"name":"USB reversible #MartesGeek"}]},{"@type":"WebSite","@id":"https:\/\/kalot.com.mx\/site\/#website","url":"https:\/\/kalot.com.mx\/site\/","name":"Kalot","description":"Conoce Todo Sobre Todo","publisher":{"@id":"https:\/\/kalot.com.mx\/site\/#organization"},"potentialAction":[{"@type":"SearchAction","target":{"@type":"EntryPoint","urlTemplate":"https:\/\/kalot.com.mx\/site\/?s={search_term_string}"},"query-input":{"@type":"PropertyValueSpecification","valueRequired":true,"valueName":"search_term_string"}}],"inLanguage":"es"},{"@type":"Organization","@id":"https:\/\/kalot.com.mx\/site\/#organization","name":"Kalot","url":"https:\/\/kalot.com.mx\/site\/","logo":{"@type":"ImageObject","inLanguage":"es","@id":"https:\/\/kalot.com.mx\/site\/#\/schema\/logo\/image\/","url":"https:\/\/i0.wp.com\/kalot.com.mx\/site\/wp-content\/uploads\/2020\/04\/Kalot-logo-sin-tagline.png?fit=1707%2C1014&ssl=1","contentUrl":"https:\/\/i0.wp.com\/kalot.com.mx\/site\/wp-content\/uploads\/2020\/04\/Kalot-logo-sin-tagline.png?fit=1707%2C1014&ssl=1","width":1707,"height":1014,"caption":"Kalot"},"image":{"@id":"https:\/\/kalot.com.mx\/site\/#\/schema\/logo\/image\/"},"sameAs":["http:\/\/facebook.com\/mxkalot","https:\/\/x.com\/kalotmx","http:\/\/instagram.com\/kalotmx","http:\/\/pinterest.com\/jorgeerana\/kalot"]},{"@type":"Person","@id":"https:\/\/kalot.com.mx\/site\/#\/schema\/person\/451d1f280e69ef0abc9b72e87e137ccd","name":"Cecilia Mata","image":{"@type":"ImageObject","inLanguage":"es","@id":"https:\/\/secure.gravatar.com\/avatar\/d537382201aa9a7e5477a07abbac65d123036652265c4569e812aae85d7be2df?s=96&d=mm&r=g","url":"https:\/\/secure.gravatar.com\/avatar\/d537382201aa9a7e5477a07abbac65d123036652265c4569e812aae85d7be2df?s=96&d=mm&r=g","contentUrl":"https:\/\/secure.gravatar.com\/avatar\/d537382201aa9a7e5477a07abbac65d123036652265c4569e812aae85d7be2df?s=96&d=mm&r=g","caption":"Cecilia Mata"},"description":"Estudiante de Ingenier\u00eda industrial. Un toque de geek. Me agrada conocer y aprender cosas nuevas.","sameAs":["https:\/\/www.facebook.com\/ceciMat","https:\/\/x.com\/Cecidc_Mat"],"url":"https:\/\/kalot.com.mx\/site\/author\/cecilia\/"}]}},"jetpack_publicize_connections":[],"jetpack_featured_media_url":"https:\/\/i0.wp.com\/kalot.com.mx\/site\/wp-content\/uploads\/2014\/08\/usb-type-c-011-1000x572.png?fit=1000%2C572&ssl=1","jetpack_shortlink":"https:\/\/wp.me\/p6IHEI-4Az","jetpack-related-posts":[{"id":19232,"url":"https:\/\/kalot.com.mx\/site\/2014\/11\/18\/esta-vivo-esta-vivo-franken-nokia\/","url_meta":{"origin":17643,"position":0},"title":"ESTA VIVO!!! ESTA VIVO!!! FRANKEN-NOKIA","author":"HM_MKT007","date":"18 noviembre, 2014","format":false,"excerpt":"ESTA VIVO!!! ESTA VIVO!!! FRANKEN-NOKIA es real, es emocionante ver a esta marca, que aunque muri\u00f3 para muchos, en estos momentos, parece que esta reviviendo a pedazos. El d\u00eda de ayer, ve\u00edamos en diversos medios, que NOKIA ten\u00eda preparado algo para el d\u00eda de hoy, una caja negra, que no\u2026","rel":"","context":"Entrada similar ","block_context":{"text":"Entrada similar ","link":""},"img":{"alt_text":"","src":"https:\/\/i0.wp.com\/kalot.com.mx\/site\/wp-content\/uploads\/2014\/11\/nokian12_1020_verge_super_wide.jpg?fit=1020%2C632&ssl=1&resize=350%2C200","width":350,"height":200,"srcset":"https:\/\/i0.wp.com\/kalot.com.mx\/site\/wp-content\/uploads\/2014\/11\/nokian12_1020_verge_super_wide.jpg?fit=1020%2C632&ssl=1&resize=350%2C200 1x, https:\/\/i0.wp.com\/kalot.com.mx\/site\/wp-content\/uploads\/2014\/11\/nokian12_1020_verge_super_wide.jpg?fit=1020%2C632&ssl=1&resize=525%2C300 1.5x, https:\/\/i0.wp.com\/kalot.com.mx\/site\/wp-content\/uploads\/2014\/11\/nokian12_1020_verge_super_wide.jpg?fit=1020%2C632&ssl=1&resize=700%2C400 2x"},"classes":[]},{"id":4044,"url":"https:\/\/kalot.com.mx\/site\/2013\/10\/15\/ps-vita-de-2da-generacion-usara-puerto-micro-usb-acierto-o-error-ps_lm-psvita2dagen\/","url_meta":{"origin":17643,"position":1},"title":"PS VITA de 2DA GENERACI\u00d3N, usar\u00e1 puerto MICRO-USB \u00bfAcierto o Error? @PS_LM #PSVITA2DAGEN","author":"HM_MKT007","date":"15 octubre, 2013","format":false,"excerpt":"En SONY, y en cada una de sus ramas son muy fan\u00e1ticos de usar sus propios est\u00e1ndares propios, les fascina hacerlo, a un grado alt\u00edsimo. Pero en muchas de las ocasiones, tienen raz\u00f3n, muchos de ellos, han sido clave en el crecimiento de SONY, y que lo colocan como una\u2026","rel":"","context":"Entrada similar ","block_context":{"text":"Entrada similar ","link":""},"img":{"alt_text":"","src":"https:\/\/i0.wp.com\/kalot.com.mx\/site\/wp-content\/uploads\/2013\/10\/ps-vita-micro-usb.jpg?fit=650%2C375&ssl=1&resize=350%2C200","width":350,"height":200,"srcset":"https:\/\/i0.wp.com\/kalot.com.mx\/site\/wp-content\/uploads\/2013\/10\/ps-vita-micro-usb.jpg?fit=650%2C375&ssl=1&resize=350%2C200 1x, https:\/\/i0.wp.com\/kalot.com.mx\/site\/wp-content\/uploads\/2013\/10\/ps-vita-micro-usb.jpg?fit=650%2C375&ssl=1&resize=525%2C300 1.5x"},"classes":[]},{"id":13161,"url":"https:\/\/kalot.com.mx\/site\/2014\/03\/08\/tablet-surface-2-de-microsoft-muy-pronto-en-mexico\/","url_meta":{"origin":17643,"position":2},"title":"Tablet Surface 2 de @Microsoft Muy pronto en M\u00e9xico","author":"Cecilia Mata","date":"8 marzo, 2014","format":false,"excerpt":"D\u00edas atr\u00e1s Microsoft anuncio la llegada de su tablet Surface 2 a M\u00e9xico y es que\u00a0 ya faltan pocos d\u00edas para que este pr\u00f3ximo 14 de marzo podamos adquirirla En preeventa aqu\u00ed desde el 28 de Febrero Llegar\u00e1 en sus presentaciones de estructura en\u00a0 32GB y 64GB, debido a la\u2026","rel":"","context":"En &quot;Sin categor\u00eda&quot;","block_context":{"text":"Sin categor\u00eda","link":"https:\/\/kalot.com.mx\/site\/category\/sin-categoria\/"},"img":{"alt_text":"","src":"https:\/\/i0.wp.com\/kalot.com.mx\/site\/wp-content\/uploads\/2014\/03\/073211_surface2press3_principal.jpg?fit=620%2C350&ssl=1&resize=350%2C200","width":350,"height":200,"srcset":"https:\/\/i0.wp.com\/kalot.com.mx\/site\/wp-content\/uploads\/2014\/03\/073211_surface2press3_principal.jpg?fit=620%2C350&ssl=1&resize=350%2C200 1x, https:\/\/i0.wp.com\/kalot.com.mx\/site\/wp-content\/uploads\/2014\/03\/073211_surface2press3_principal.jpg?fit=620%2C350&ssl=1&resize=525%2C300 1.5x"},"classes":[]},{"id":19179,"url":"https:\/\/kalot.com.mx\/site\/2014\/11\/12\/cansado-de-tu-teclado-aburrido-prueba-el-nuevo-teclado-hipster-qwerkywriter\/","url_meta":{"origin":17643,"position":3},"title":"\u00bfCansado de tu teclado aburrido? prueba el nuevo teclado Hipster &#8220;Qwerkywriter&#8221;","author":"Jorge Era\u00f1a","date":"12 noviembre, 2014","format":false,"excerpt":"Aparentemente todos los teclados que se encuentran en \u00e9stos d\u00edas\u00a0siguen la misma l\u00ednea del teclado tradicional desde 1874 aproximadamente que se invent\u00f3 el teclado QWERTY, con algunas variaciones en dise\u00f1o, conectividad, funciones, ergonom\u00eda, etc. Les quiero compartir un teclado que encontr\u00e9, de esas maravillosas campa\u00f1as que se realizan en Kickstarter\u00a0que\u2026","rel":"","context":"Entrada similar ","block_context":{"text":"Entrada similar ","link":""},"img":{"alt_text":"","src":"https:\/\/i0.wp.com\/kalot.com.mx\/site\/wp-content\/uploads\/2014\/11\/Screen_Shot_2014-06-30_at_8.08.14_PM_grande.png?fit=600%2C321&ssl=1&resize=350%2C200","width":350,"height":200,"srcset":"https:\/\/i0.wp.com\/kalot.com.mx\/site\/wp-content\/uploads\/2014\/11\/Screen_Shot_2014-06-30_at_8.08.14_PM_grande.png?fit=600%2C321&ssl=1&resize=350%2C200 1x, https:\/\/i0.wp.com\/kalot.com.mx\/site\/wp-content\/uploads\/2014\/11\/Screen_Shot_2014-06-30_at_8.08.14_PM_grande.png?fit=600%2C321&ssl=1&resize=525%2C300 1.5x"},"classes":[]},{"id":2184,"url":"https:\/\/kalot.com.mx\/site\/2013\/09\/23\/se-anuncia-la-nueva-surface-pro-2-la-nueva-tablet-de-microsoft-surface\/","url_meta":{"origin":17643,"position":4},"title":"Se anuncia la nueva Surface Pro 2, la nueva tablet de Microsoft. @surface","author":"Jorge Era\u00f1a","date":"23 septiembre, 2013","format":false,"excerpt":"Por fin es presentada la nueva Tablet de Microsoft, Surface Pro 2. Despu\u00e9s de las ventas \"poco exitosas\" de sus modelos anteriores, Microsoft avienta la casa por la ventana y lanza este nuevo modelo que al parecer promete mucho m\u00e1s que su antecesor. Las caracter\u00edsticas de la nueva tablet son:\u2026","rel":"","context":"Entrada similar ","block_context":{"text":"Entrada similar ","link":""},"img":{"alt_text":"","src":"https:\/\/i0.wp.com\/kalot.com.mx\/site\/wp-content\/uploads\/2013\/09\/captura-de-pantalla-2013-09-23-a-las-17.46.53.png?fit=665%2C378&ssl=1&resize=350%2C200","width":350,"height":200,"srcset":"https:\/\/i0.wp.com\/kalot.com.mx\/site\/wp-content\/uploads\/2013\/09\/captura-de-pantalla-2013-09-23-a-las-17.46.53.png?fit=665%2C378&ssl=1&resize=350%2C200 1x, https:\/\/i0.wp.com\/kalot.com.mx\/site\/wp-content\/uploads\/2013\/09\/captura-de-pantalla-2013-09-23-a-las-17.46.53.png?fit=665%2C378&ssl=1&resize=525%2C300 1.5x"},"classes":[]},{"id":14119,"url":"https:\/\/kalot.com.mx\/site\/2014\/03\/28\/virus-para-robar-atms\/","url_meta":{"origin":17643,"position":5},"title":"Virus para Robar ATM&#8217;s","author":"Daniel Cacho","date":"28 marzo, 2014","format":false,"excerpt":"Seg\u00fan inform\u00f3 en su sitio la empresa Symantec, que entre otros productos desarrolla el antivirus Norton, \"Plotus\" fue descubierto a fines de 2013 en cajeros de M\u00e9xico, aunque recientemente se conoci\u00f3 una variante de ese malware que, activado mediante el env\u00edo de un SMS, hace que el cajero infectado \"escupa\"\u2026","rel":"","context":"En &quot;Sin categor\u00eda&quot;","block_context":{"text":"Sin categor\u00eda","link":"https:\/\/kalot.com.mx\/site\/category\/sin-categoria\/"},"img":{"alt_text":"","src":"https:\/\/i0.wp.com\/kalot.com.mx\/site\/wp-content\/uploads\/2014\/03\/atm-windows-xp-martin-maciaszek-flickr.jpg?fit=630%2C344&ssl=1&resize=350%2C200","width":350,"height":200,"srcset":"https:\/\/i0.wp.com\/kalot.com.mx\/site\/wp-content\/uploads\/2014\/03\/atm-windows-xp-martin-maciaszek-flickr.jpg?fit=630%2C344&ssl=1&resize=350%2C200 1x, https:\/\/i0.wp.com\/kalot.com.mx\/site\/wp-content\/uploads\/2014\/03\/atm-windows-xp-martin-maciaszek-flickr.jpg?fit=630%2C344&ssl=1&resize=525%2C300 1.5x"},"classes":[]}],"jetpack_sharing_enabled":true,"_links":{"self":[{"href":"https:\/\/kalot.com.mx\/site\/wp-json\/wp\/v2\/posts\/17643","targetHints":{"allow":["GET"]}}],"collection":[{"href":"https:\/\/kalot.com.mx\/site\/wp-json\/wp\/v2\/posts"}],"about":[{"href":"https:\/\/kalot.com.mx\/site\/wp-json\/wp\/v2\/types\/post"}],"author":[{"embeddable":true,"href":"https:\/\/kalot.com.mx\/site\/wp-json\/wp\/v2\/users\/57"}],"replies":[{"embeddable":true,"href":"https:\/\/kalot.com.mx\/site\/wp-json\/wp\/v2\/comments?post=17643"}],"version-history":[{"count":1,"href":"https:\/\/kalot.com.mx\/site\/wp-json\/wp\/v2\/posts\/17643\/revisions"}],"predecessor-version":[{"id":27967,"href":"https:\/\/kalot.com.mx\/site\/wp-json\/wp\/v2\/posts\/17643\/revisions\/27967"}],"wp:featuredmedia":[{"embeddable":true,"href":"https:\/\/kalot.com.mx\/site\/wp-json\/wp\/v2\/media\/17647"}],"wp:attachment":[{"href":"https:\/\/kalot.com.mx\/site\/wp-json\/wp\/v2\/media?parent=17643"}],"wp:term":[{"taxonomy":"category","embeddable":true,"href":"https:\/\/kalot.com.mx\/site\/wp-json\/wp\/v2\/categories?post=17643"},{"taxonomy":"post_tag","embeddable":true,"href":"https:\/\/kalot.com.mx\/site\/wp-json\/wp\/v2\/tags?post=17643"}],"curies":[{"name":"wp","href":"https:\/\/api.w.org\/{rel}","templated":true}]}}