{"id":17564,"date":"2014-08-10T20:36:29","date_gmt":"2014-08-11T01:36:29","guid":{"rendered":"http:\/\/www.kalot.com.mx\/?p=17564"},"modified":"2014-08-10T20:44:16","modified_gmt":"2014-08-11T01:44:16","slug":"el-primer-dia-del-resto-de-tu-vida","status":"publish","type":"post","link":"https:\/\/kalot.com.mx\/site\/2014\/08\/10\/el-primer-dia-del-resto-de-tu-vida\/","title":{"rendered":"El primer d\u00eda del resto de tu vida."},"content":{"rendered":"<p style=\"text-align: justify\">Muchas veces llegamos a pensar en el n\u00famero infinito de posibilidades a las cuales nos enfrentamos d\u00eda con d\u00eda, de alguna manera u otra sabemos perfectamente cada acci\u00f3n que realicemos tendr\u00e1 una repercusi\u00f3n en nuestro futuro y en el de los dem\u00e1s\u2026 es un poco dif\u00edcil concentrarnos en lo que pasa realmente \u2013o sea el momento- si no sabemos que decidir o qu\u00e9 hacer y esto despierta una peculiar inc\u00f3gnita: <span style=\"color: #800080\"><em>\u00bfqu\u00e9 pasa si tomamos la decisi\u00f3n equivocada?<\/em><\/span><\/p>\n<p style=\"text-align: justify\">Ese es el problema, ninguna decisi\u00f3n que tomemos estar\u00e1 mal y cada una de esas decisiones son las que al final del d\u00eda se vuelven parte de nuestros pasados as\u00ed que en teor\u00eda no deber\u00edamos sentirnos avergonzados o mal por lo que hayamos hecho. De esta manera podemos contar cada d\u00eda de nuestras vidas como un comienzo nuevo, desde cero; con estas oportunidades podemos realmente vivir nuestras vidas de la manera correcta.<\/p>\n<p style=\"text-align: justify\">El primer d\u00eda del resto de tu vida, un d\u00eda para disfrutar al m\u00e1ximo ese infinito n\u00famero de posibilidades sin arrepentimientos ni dudas, un conjunto de instantes en los cuales tenemos en nuestras manos el potencial de hacer de cada segundo algo extraordinario, \u00bfno suena incre\u00edble? Esto a su vez nos mostrar\u00e1 que en la escala del malo al incre\u00edble solo nosotros podemos y tenemos la capacidad de hacer de un d\u00eda algo incre\u00edble. Solo nosotros, nadie m\u00e1s.<\/p>\n<p><img data-recalc-dims=\"1\" decoding=\"async\" class=\"aligncenter\" src=\"https:\/\/i0.wp.com\/img.pandawhale.com\/post-17467-QxfwgZKgif-fa2W.gif?w=1200\" alt=\"\" \/><\/p>\n<p style=\"text-align: justify\">Y aqu\u00ed les va otra, justo cuando crean que han tomado una decisi\u00f3n equivocada solo piensen que eso puede llegar a ser el primer d\u00eda del resto de sus vidas, vamos es algo factible \u00bfo no? No siempre va a estar en nuestro poder el n\u00famero de posibilidades que se generan a nuestro alrededor pero siempre va a estar en nuestras manos el escoger la que m\u00e1s nos llama, aquella que nos puede llevar a toparnos con el primer d\u00eda del resto de nuestras vidas.<\/p>\n<p style=\"text-align: justify\">As\u00ed que podemos llamar a cada d\u00eda que vivamos el primer d\u00eda del resto de nuestras vidas, as\u00ed que desde mi punto de vista todo se vale: re\u00edr, llorar y hasta suspirar. No s\u00e9 como m\u00e1s present\u00e1rselo para que comiencen a creer en el potencia que vive en cada uno de ustedes, la verdad no quiero que esto suene a platica motivacional pero es la verdad, todos los d\u00edas del resto de sus vidas pueden y ser\u00e1n los mejores que tengan, justo como dicen<em><span style=\"color: #800080\"> \u201choy es el primer d\u00eda del resto de mi vida\u201d<\/span>.<\/em><\/p>\n<p style=\"text-align: justify\">Aqu\u00ed entra la parte divertida, como es obvio que nos encanta salirnos de nuestras zonas de confort \u2013\u00f1o-\u00a0 el siempre temido inicio de una nueva etapa nos asusta, es como una variante m\u00e1s de la ecuaci\u00f3n nos asusta el no tener control sobre lo que pueda ocurrir. Es algo normal y a todos nos pasa pero como dijo alguna vez un sabio <span style=\"color: #800080\"><em>\u201ctodos los d\u00edas has cosas que te asusten\u201d<\/em><\/span>, y quien sabe pero igual y termina volvi\u00e9ndose algo que nos complemente y nos haga sentir realizados como personas.<\/p>\n<p><img data-recalc-dims=\"1\" decoding=\"async\" class=\"aligncenter\" src=\"https:\/\/i0.wp.com\/media.tumblr.com\/tumblr_lq2kbjoNyp1qht847.gif?w=1200\" alt=\"\" \/><\/p>\n<p style=\"text-align: justify\">Todos los d\u00edas que hagamos algo que nos asusta o que nos llega a hacer sentirnos inc\u00f3modos tenemos que abrazar la ideolog\u00eda del <em><span style=\"color: #800080\">\u201ceste puede ser el primer d\u00eda del resto de mi vida\u201d<\/span><\/em>, hay que abrazar las nuevas experiencias as\u00ed como de igual manera podemos usar esas experiencias para de alguna forma llegar a conocernos m\u00e1s como personas sin que tengamos miedo de lo que pueda suceder.<\/p>\n<p style=\"text-align: justify\">Con esta peque\u00f1a despedida terminar\u00e9 este peculiar texto de vida, no est\u00e1 de m\u00e1s mencionar que me encanta saber lo que opinan y estoy m\u00e1s que dispuesta a que me digan lo que ustedes opinan y tan bien quisiera agradecerles por el seguimiento que nos dan a todos nosotros, rom\u00e1nticos e idealistas escritores, en esta maravillosa familia-bloguera Kalocha de la cual me alegro por formar parte.<\/p>\n<p>Au revoir!<\/p>\n","protected":false},"excerpt":{"rendered":"Muchas veces llegamos a pensar en el n\u00famero infinito de posibilidades a las cuales nos enfrentamos d\u00eda con&hellip;\n","protected":false},"author":61,"featured_media":17565,"comment_status":"open","ping_status":"open","sticky":false,"template":"","format":"standard","meta":{"jetpack_post_was_ever_published":false,"_jetpack_newsletter_access":"","_jetpack_dont_email_post_to_subs":false,"_jetpack_newsletter_tier_id":0,"_jetpack_memberships_contains_paywalled_content":false,"_jetpack_memberships_contains_paid_content":false,"footnotes":"","jetpack_publicize_message":"","jetpack_publicize_feature_enabled":true,"jetpack_social_post_already_shared":true,"jetpack_social_options":{"image_generator_settings":{"template":"highway","default_image_id":0,"font":"","enabled":false},"version":2}},"categories":[],"tags":[],"class_list":{"0":"post-17564","1":"post","2":"type-post","3":"status-publish","4":"format-standard","5":"has-post-thumbnail","7":"cs-entry","8":"cs-video-wrap"},"yoast_head":"<!-- This site is optimized with the Yoast SEO plugin v27.4 - https:\/\/yoast.com\/product\/yoast-seo-wordpress\/ -->\n<title>El primer d\u00eda del resto de tu vida. - Kalot<\/title>\n<meta name=\"description\" content=\"El primer d\u00eda del resto de tu vida\" \/>\n<meta name=\"robots\" content=\"index, follow, max-snippet:-1, max-image-preview:large, max-video-preview:-1\" \/>\n<link rel=\"canonical\" href=\"https:\/\/kalot.com.mx\/site\/2014\/08\/10\/el-primer-dia-del-resto-de-tu-vida\/\" \/>\n<meta property=\"og:locale\" content=\"es_MX\" \/>\n<meta property=\"og:type\" content=\"article\" \/>\n<meta property=\"og:title\" content=\"El primer d\u00eda del resto de tu vida. - Kalot\" \/>\n<meta property=\"og:description\" content=\"El primer d\u00eda del resto de tu vida\" \/>\n<meta property=\"og:url\" content=\"https:\/\/kalot.com.mx\/site\/2014\/08\/10\/el-primer-dia-del-resto-de-tu-vida\/\" \/>\n<meta property=\"og:site_name\" content=\"Kalot\" \/>\n<meta property=\"article:publisher\" content=\"http:\/\/facebook.com\/mxkalot\" \/>\n<meta property=\"article:author\" content=\"https:\/\/www.facebook.com\/elie.alvarado1\" \/>\n<meta property=\"article:published_time\" content=\"2014-08-11T01:36:29+00:00\" \/>\n<meta property=\"article:modified_time\" content=\"2014-08-11T01:44:16+00:00\" \/>\n<meta property=\"og:image\" content=\"https:\/\/i0.wp.com\/kalot.com.mx\/site\/wp-content\/uploads\/2014\/08\/best_day_ever___tangled_by_courtoonxiii-d48jteh.jpg?fit=900%2C573&ssl=1\" \/>\n\t<meta property=\"og:image:width\" content=\"900\" \/>\n\t<meta property=\"og:image:height\" content=\"573\" \/>\n\t<meta property=\"og:image:type\" content=\"image\/jpeg\" \/>\n<meta name=\"author\" content=\"Mar\u00eda Alvarado\" \/>\n<meta name=\"twitter:card\" content=\"summary_large_image\" \/>\n<meta name=\"twitter:creator\" content=\"@Me_elieA\" \/>\n<meta name=\"twitter:site\" content=\"@kalotmx\" \/>\n<meta name=\"twitter:label1\" content=\"Escrito por\" \/>\n\t<meta name=\"twitter:data1\" content=\"Mar\u00eda Alvarado\" \/>\n\t<meta name=\"twitter:label2\" content=\"Tiempo de lectura\" \/>\n\t<meta name=\"twitter:data2\" content=\"3 minutos\" \/>\n<!-- \/ Yoast SEO plugin. -->","yoast_head_json":{"title":"El primer d\u00eda del resto de tu vida. - Kalot","description":"El primer d\u00eda del resto de tu vida","robots":{"index":"index","follow":"follow","max-snippet":"max-snippet:-1","max-image-preview":"max-image-preview:large","max-video-preview":"max-video-preview:-1"},"canonical":"https:\/\/kalot.com.mx\/site\/2014\/08\/10\/el-primer-dia-del-resto-de-tu-vida\/","og_locale":"es_MX","og_type":"article","og_title":"El primer d\u00eda del resto de tu vida. - Kalot","og_description":"El primer d\u00eda del resto de tu vida","og_url":"https:\/\/kalot.com.mx\/site\/2014\/08\/10\/el-primer-dia-del-resto-de-tu-vida\/","og_site_name":"Kalot","article_publisher":"http:\/\/facebook.com\/mxkalot","article_author":"https:\/\/www.facebook.com\/elie.alvarado1","article_published_time":"2014-08-11T01:36:29+00:00","article_modified_time":"2014-08-11T01:44:16+00:00","og_image":[{"width":900,"height":573,"url":"https:\/\/i0.wp.com\/kalot.com.mx\/site\/wp-content\/uploads\/2014\/08\/best_day_ever___tangled_by_courtoonxiii-d48jteh.jpg?fit=900%2C573&ssl=1","type":"image\/jpeg"}],"author":"Mar\u00eda Alvarado","twitter_card":"summary_large_image","twitter_creator":"@Me_elieA","twitter_site":"@kalotmx","twitter_misc":{"Escrito por":"Mar\u00eda Alvarado","Tiempo de lectura":"3 minutos"},"schema":{"@context":"https:\/\/schema.org","@graph":[{"@type":"Article","@id":"https:\/\/kalot.com.mx\/site\/2014\/08\/10\/el-primer-dia-del-resto-de-tu-vida\/#article","isPartOf":{"@id":"https:\/\/kalot.com.mx\/site\/2014\/08\/10\/el-primer-dia-del-resto-de-tu-vida\/"},"author":{"name":"Mar\u00eda Alvarado","@id":"https:\/\/kalot.com.mx\/site\/#\/schema\/person\/2364e48efea2244b0799211aeff4847e"},"headline":"El primer d\u00eda del resto de tu vida.","datePublished":"2014-08-11T01:36:29+00:00","dateModified":"2014-08-11T01:44:16+00:00","mainEntityOfPage":{"@id":"https:\/\/kalot.com.mx\/site\/2014\/08\/10\/el-primer-dia-del-resto-de-tu-vida\/"},"wordCount":689,"commentCount":0,"publisher":{"@id":"https:\/\/kalot.com.mx\/site\/#organization"},"image":{"@id":"https:\/\/kalot.com.mx\/site\/2014\/08\/10\/el-primer-dia-del-resto-de-tu-vida\/#primaryimage"},"thumbnailUrl":"https:\/\/i0.wp.com\/kalot.com.mx\/site\/wp-content\/uploads\/2014\/08\/best_day_ever___tangled_by_courtoonxiii-d48jteh.jpg?fit=900%2C573&ssl=1","inLanguage":"es","potentialAction":[{"@type":"CommentAction","name":"Comment","target":["https:\/\/kalot.com.mx\/site\/2014\/08\/10\/el-primer-dia-del-resto-de-tu-vida\/#respond"]}]},{"@type":"WebPage","@id":"https:\/\/kalot.com.mx\/site\/2014\/08\/10\/el-primer-dia-del-resto-de-tu-vida\/","url":"https:\/\/kalot.com.mx\/site\/2014\/08\/10\/el-primer-dia-del-resto-de-tu-vida\/","name":"El primer d\u00eda del resto de tu vida. - Kalot","isPartOf":{"@id":"https:\/\/kalot.com.mx\/site\/#website"},"primaryImageOfPage":{"@id":"https:\/\/kalot.com.mx\/site\/2014\/08\/10\/el-primer-dia-del-resto-de-tu-vida\/#primaryimage"},"image":{"@id":"https:\/\/kalot.com.mx\/site\/2014\/08\/10\/el-primer-dia-del-resto-de-tu-vida\/#primaryimage"},"thumbnailUrl":"https:\/\/i0.wp.com\/kalot.com.mx\/site\/wp-content\/uploads\/2014\/08\/best_day_ever___tangled_by_courtoonxiii-d48jteh.jpg?fit=900%2C573&ssl=1","datePublished":"2014-08-11T01:36:29+00:00","dateModified":"2014-08-11T01:44:16+00:00","description":"El primer d\u00eda del resto de tu vida","breadcrumb":{"@id":"https:\/\/kalot.com.mx\/site\/2014\/08\/10\/el-primer-dia-del-resto-de-tu-vida\/#breadcrumb"},"inLanguage":"es","potentialAction":[{"@type":"ReadAction","target":["https:\/\/kalot.com.mx\/site\/2014\/08\/10\/el-primer-dia-del-resto-de-tu-vida\/"]}]},{"@type":"ImageObject","inLanguage":"es","@id":"https:\/\/kalot.com.mx\/site\/2014\/08\/10\/el-primer-dia-del-resto-de-tu-vida\/#primaryimage","url":"https:\/\/i0.wp.com\/kalot.com.mx\/site\/wp-content\/uploads\/2014\/08\/best_day_ever___tangled_by_courtoonxiii-d48jteh.jpg?fit=900%2C573&ssl=1","contentUrl":"https:\/\/i0.wp.com\/kalot.com.mx\/site\/wp-content\/uploads\/2014\/08\/best_day_ever___tangled_by_courtoonxiii-d48jteh.jpg?fit=900%2C573&ssl=1","width":900,"height":573},{"@type":"BreadcrumbList","@id":"https:\/\/kalot.com.mx\/site\/2014\/08\/10\/el-primer-dia-del-resto-de-tu-vida\/#breadcrumb","itemListElement":[{"@type":"ListItem","position":1,"name":"Home","item":"https:\/\/kalot.com.mx\/site\/"},{"@type":"ListItem","position":2,"name":"El primer d\u00eda del resto de tu vida."}]},{"@type":"WebSite","@id":"https:\/\/kalot.com.mx\/site\/#website","url":"https:\/\/kalot.com.mx\/site\/","name":"Kalot","description":"Conoce Todo Sobre Todo","publisher":{"@id":"https:\/\/kalot.com.mx\/site\/#organization"},"potentialAction":[{"@type":"SearchAction","target":{"@type":"EntryPoint","urlTemplate":"https:\/\/kalot.com.mx\/site\/?s={search_term_string}"},"query-input":{"@type":"PropertyValueSpecification","valueRequired":true,"valueName":"search_term_string"}}],"inLanguage":"es"},{"@type":"Organization","@id":"https:\/\/kalot.com.mx\/site\/#organization","name":"Kalot","url":"https:\/\/kalot.com.mx\/site\/","logo":{"@type":"ImageObject","inLanguage":"es","@id":"https:\/\/kalot.com.mx\/site\/#\/schema\/logo\/image\/","url":"https:\/\/i0.wp.com\/kalot.com.mx\/site\/wp-content\/uploads\/2020\/04\/Kalot-logo-sin-tagline.png?fit=1707%2C1014&ssl=1","contentUrl":"https:\/\/i0.wp.com\/kalot.com.mx\/site\/wp-content\/uploads\/2020\/04\/Kalot-logo-sin-tagline.png?fit=1707%2C1014&ssl=1","width":1707,"height":1014,"caption":"Kalot"},"image":{"@id":"https:\/\/kalot.com.mx\/site\/#\/schema\/logo\/image\/"},"sameAs":["http:\/\/facebook.com\/mxkalot","https:\/\/x.com\/kalotmx","http:\/\/instagram.com\/kalotmx","http:\/\/pinterest.com\/jorgeerana\/kalot"]},{"@type":"Person","@id":"https:\/\/kalot.com.mx\/site\/#\/schema\/person\/2364e48efea2244b0799211aeff4847e","name":"Mar\u00eda Alvarado","image":{"@type":"ImageObject","inLanguage":"es","@id":"https:\/\/secure.gravatar.com\/avatar\/2a5c53655315c4a72bc8b3127daca732f3ccab828ef0de13ec26f266fc855c6b?s=96&d=mm&r=g","url":"https:\/\/secure.gravatar.com\/avatar\/2a5c53655315c4a72bc8b3127daca732f3ccab828ef0de13ec26f266fc855c6b?s=96&d=mm&r=g","contentUrl":"https:\/\/secure.gravatar.com\/avatar\/2a5c53655315c4a72bc8b3127daca732f3ccab828ef0de13ec26f266fc855c6b?s=96&d=mm&r=g","caption":"Mar\u00eda Alvarado"},"description":"El perfecto ejemplo de una rom\u00e1ntica so\u00f1adora, drama queen y devoradora de libros. Una parlanchina innata que goza de los peque\u00f1os placeres que ofrece esta vida y fan\u00e1tica de las sonrisas.","sameAs":["https:\/\/www.facebook.com\/elie.alvarado1","https:\/\/x.com\/Me_elieA"],"url":"https:\/\/kalot.com.mx\/site\/author\/elisa\/"}]}},"jetpack_publicize_connections":[],"jetpack_featured_media_url":"https:\/\/i0.wp.com\/kalot.com.mx\/site\/wp-content\/uploads\/2014\/08\/best_day_ever___tangled_by_courtoonxiii-d48jteh.jpg?fit=900%2C573&ssl=1","jetpack_shortlink":"https:\/\/wp.me\/p6IHEI-4zi","jetpack-related-posts":[{"id":15274,"url":"https:\/\/kalot.com.mx\/site\/2014\/04\/24\/bella-y-hermosa-felicidad\/","url_meta":{"origin":17564,"position":0},"title":"Bella y Hermosa Felicidad.","author":"Mar\u00eda Alvarado","date":"24 abril, 2014","format":false,"excerpt":"[dropcap size=big]F[\/dropcap]elicidad: eso que todos a\u00f1oramos pero que solo unos cuantos pueden conseguir durante todas sus vidas, el problema es que todos tenemos derecho a ella y es demasiado accesible para todos y cada uno de nosotros. El problema ah\u00ed es que \u2013como los seres humanos que somos- nos ponemos\u2026","rel":"","context":"Entrada similar ","block_context":{"text":"Entrada similar ","link":""},"img":{"alt_text":"","src":"https:\/\/i0.wp.com\/kalot.com.mx\/site\/wp-content\/uploads\/2014\/04\/felicidad.jpg?fit=960%2C640&ssl=1&resize=350%2C200","width":350,"height":200,"srcset":"https:\/\/i0.wp.com\/kalot.com.mx\/site\/wp-content\/uploads\/2014\/04\/felicidad.jpg?fit=960%2C640&ssl=1&resize=350%2C200 1x, https:\/\/i0.wp.com\/kalot.com.mx\/site\/wp-content\/uploads\/2014\/04\/felicidad.jpg?fit=960%2C640&ssl=1&resize=525%2C300 1.5x, https:\/\/i0.wp.com\/kalot.com.mx\/site\/wp-content\/uploads\/2014\/04\/felicidad.jpg?fit=960%2C640&ssl=1&resize=700%2C400 2x"},"classes":[]},{"id":11627,"url":"https:\/\/kalot.com.mx\/site\/2014\/02\/13\/san-valen-que\/","url_meta":{"origin":17564,"position":1},"title":"San Valen&#8230; \u00bfqu\u00e9?","author":"Mar\u00eda Alvarado","date":"13 febrero, 2014","format":false,"excerpt":"[dropcap size=big]O[\/dropcap]h San Valent\u00edn, aquella fecha en que todo es amor y felicidad, para algunos es una fecha importante pero para otros es m\u00e1s dif\u00edcil o no les importa un comino y hasta llegan a decir: San Valen... \u00bfqu\u00e9?. La idea que rodea a esta festividad un tanto comercial es\u2026","rel":"","context":"Entrada similar ","block_context":{"text":"Entrada similar ","link":""},"img":{"alt_text":"","src":"https:\/\/i0.wp.com\/kalot.com.mx\/site\/wp-content\/uploads\/2014\/02\/Valentines-Day-Roses.jpg?fit=1200%2C750&ssl=1&resize=350%2C200","width":350,"height":200,"srcset":"https:\/\/i0.wp.com\/kalot.com.mx\/site\/wp-content\/uploads\/2014\/02\/Valentines-Day-Roses.jpg?fit=1200%2C750&ssl=1&resize=350%2C200 1x, https:\/\/i0.wp.com\/kalot.com.mx\/site\/wp-content\/uploads\/2014\/02\/Valentines-Day-Roses.jpg?fit=1200%2C750&ssl=1&resize=525%2C300 1.5x, https:\/\/i0.wp.com\/kalot.com.mx\/site\/wp-content\/uploads\/2014\/02\/Valentines-Day-Roses.jpg?fit=1200%2C750&ssl=1&resize=700%2C400 2x, https:\/\/i0.wp.com\/kalot.com.mx\/site\/wp-content\/uploads\/2014\/02\/Valentines-Day-Roses.jpg?fit=1200%2C750&ssl=1&resize=1050%2C600 3x"},"classes":[]},{"id":13330,"url":"https:\/\/kalot.com.mx\/site\/2014\/03\/13\/quisiera-ser-grande\/","url_meta":{"origin":17564,"position":2},"title":"Quisiera ser grande.","author":"Mar\u00eda Alvarado","date":"13 marzo, 2014","format":false,"excerpt":"[dropcap size=small]U[\/dropcap]no de los casos m\u00e1s comunes entre las personas es el querer vivir a destiempo, de ni\u00f1os queremos ser grandes y de grandes queremos ser ni\u00f1os, nunca estamos conformes con lo que queremos ser o lo que somos y esto nos causa muchos conflictos durante nuestras vidas. Pel\u00edculas como\u2026","rel":"","context":"En &quot;Sin categor\u00eda&quot;","block_context":{"text":"Sin categor\u00eda","link":"https:\/\/kalot.com.mx\/site\/category\/sin-categoria\/"},"img":{"alt_text":"","src":"https:\/\/i0.wp.com\/kalot.com.mx\/site\/wp-content\/uploads\/2014\/03\/shutterstock_394660451-scaled.jpg?fit=1200%2C803&ssl=1&resize=350%2C200","width":350,"height":200,"srcset":"https:\/\/i0.wp.com\/kalot.com.mx\/site\/wp-content\/uploads\/2014\/03\/shutterstock_394660451-scaled.jpg?fit=1200%2C803&ssl=1&resize=350%2C200 1x, https:\/\/i0.wp.com\/kalot.com.mx\/site\/wp-content\/uploads\/2014\/03\/shutterstock_394660451-scaled.jpg?fit=1200%2C803&ssl=1&resize=525%2C300 1.5x, https:\/\/i0.wp.com\/kalot.com.mx\/site\/wp-content\/uploads\/2014\/03\/shutterstock_394660451-scaled.jpg?fit=1200%2C803&ssl=1&resize=700%2C400 2x, https:\/\/i0.wp.com\/kalot.com.mx\/site\/wp-content\/uploads\/2014\/03\/shutterstock_394660451-scaled.jpg?fit=1200%2C803&ssl=1&resize=1050%2C600 3x"},"classes":[]},{"id":13024,"url":"https:\/\/kalot.com.mx\/site\/2014\/03\/06\/el-amor-es\/","url_meta":{"origin":17564,"position":3},"title":"El amor es&#8230;","author":"Mar\u00eda Alvarado","date":"6 marzo, 2014","format":false,"excerpt":"El amor es como los fantasmas, todo el mundo habla de \u00e9l pero pocos lo han visto. \u00a0 \u00a0 \u00bfC\u00f3mo sabemos cu\u00e1ndo s\u00ed es amor? El amor por otras personas es uno de los sentimientos m\u00e1s dif\u00edciles de identificar, no basta solamente con decirlo, lo tenemos que sentir y poder\u2026","rel":"","context":"Entrada similar ","block_context":{"text":"Entrada similar ","link":""},"img":{"alt_text":"","src":"https:\/\/i0.wp.com\/kalot.com.mx\/site\/wp-content\/uploads\/2014\/03\/Love-Pop-Art.jpg?fit=900%2C600&ssl=1&resize=350%2C200","width":350,"height":200,"srcset":"https:\/\/i0.wp.com\/kalot.com.mx\/site\/wp-content\/uploads\/2014\/03\/Love-Pop-Art.jpg?fit=900%2C600&ssl=1&resize=350%2C200 1x, https:\/\/i0.wp.com\/kalot.com.mx\/site\/wp-content\/uploads\/2014\/03\/Love-Pop-Art.jpg?fit=900%2C600&ssl=1&resize=525%2C300 1.5x, https:\/\/i0.wp.com\/kalot.com.mx\/site\/wp-content\/uploads\/2014\/03\/Love-Pop-Art.jpg?fit=900%2C600&ssl=1&resize=700%2C400 2x"},"classes":[]},{"id":15868,"url":"https:\/\/kalot.com.mx\/site\/2014\/05\/08\/no-son-errores\/","url_meta":{"origin":17564,"position":4},"title":"No Son Errores.","author":"Mar\u00eda Alvarado","date":"8 mayo, 2014","format":false,"excerpt":"[dropcap size=small]N[\/dropcap]o s\u00e9 c\u00f3mo lo vean ustedes, pero yo soy una fiel partidaria de la idea de \u201ctodo pasa por algo\u201d. Experiencias, pruebas dif\u00edciles, momentos de insatisfacci\u00f3n personal, alegr\u00edas descomunales; son algunas de las cosas que nos pueden pasar a todos y cada uno de nosotros como personas pero m\u00e1s\u2026","rel":"","context":"Entrada similar ","block_context":{"text":"Entrada similar ","link":""},"img":{"alt_text":"","src":"https:\/\/i0.wp.com\/kalot.com.mx\/site\/wp-content\/uploads\/2014\/05\/for_big_mistakes_by_xspelax-d46a9y7.jpg?fit=900%2C600&ssl=1&resize=350%2C200","width":350,"height":200,"srcset":"https:\/\/i0.wp.com\/kalot.com.mx\/site\/wp-content\/uploads\/2014\/05\/for_big_mistakes_by_xspelax-d46a9y7.jpg?fit=900%2C600&ssl=1&resize=350%2C200 1x, https:\/\/i0.wp.com\/kalot.com.mx\/site\/wp-content\/uploads\/2014\/05\/for_big_mistakes_by_xspelax-d46a9y7.jpg?fit=900%2C600&ssl=1&resize=525%2C300 1.5x, https:\/\/i0.wp.com\/kalot.com.mx\/site\/wp-content\/uploads\/2014\/05\/for_big_mistakes_by_xspelax-d46a9y7.jpg?fit=900%2C600&ssl=1&resize=700%2C400 2x"},"classes":[]},{"id":9952,"url":"https:\/\/kalot.com.mx\/site\/2014\/01\/23\/estoy-enamorada\/","url_meta":{"origin":17564,"position":5},"title":"Estoy enamorada.","author":"Mar\u00eda Alvarado","date":"23 enero, 2014","format":false,"excerpt":"Hace no mucho le\u00ed un art\u00edculo que hablaba de los \u201cneo-solteros\u201d, que son un grupo de personas que dicen estar solteros por decisi\u00f3n, no por circunstancias; y al leerlo me puse a pensar en que yo tambi\u00e9n soy soltera por elecci\u00f3n, aunque llegue a pensar que ha sido por circunstancia,\u2026","rel":"","context":"Con 1 comentario","block_context":{"text":"Con 1 comentario","link":"https:\/\/kalot.com.mx\/site\/2014\/01\/23\/estoy-enamorada\/#comments"},"img":{"alt_text":"","src":"https:\/\/i0.wp.com\/kalot.com.mx\/site\/wp-content\/uploads\/2014\/01\/in-love.jpg?fit=600%2C600&ssl=1&resize=350%2C200","width":350,"height":200,"srcset":"https:\/\/i0.wp.com\/kalot.com.mx\/site\/wp-content\/uploads\/2014\/01\/in-love.jpg?fit=600%2C600&ssl=1&resize=350%2C200 1x, https:\/\/i0.wp.com\/kalot.com.mx\/site\/wp-content\/uploads\/2014\/01\/in-love.jpg?fit=600%2C600&ssl=1&resize=525%2C300 1.5x"},"classes":[]}],"jetpack_sharing_enabled":true,"_links":{"self":[{"href":"https:\/\/kalot.com.mx\/site\/wp-json\/wp\/v2\/posts\/17564","targetHints":{"allow":["GET"]}}],"collection":[{"href":"https:\/\/kalot.com.mx\/site\/wp-json\/wp\/v2\/posts"}],"about":[{"href":"https:\/\/kalot.com.mx\/site\/wp-json\/wp\/v2\/types\/post"}],"author":[{"embeddable":true,"href":"https:\/\/kalot.com.mx\/site\/wp-json\/wp\/v2\/users\/61"}],"replies":[{"embeddable":true,"href":"https:\/\/kalot.com.mx\/site\/wp-json\/wp\/v2\/comments?post=17564"}],"version-history":[{"count":0,"href":"https:\/\/kalot.com.mx\/site\/wp-json\/wp\/v2\/posts\/17564\/revisions"}],"wp:featuredmedia":[{"embeddable":true,"href":"https:\/\/kalot.com.mx\/site\/wp-json\/wp\/v2\/media\/17565"}],"wp:attachment":[{"href":"https:\/\/kalot.com.mx\/site\/wp-json\/wp\/v2\/media?parent=17564"}],"wp:term":[{"taxonomy":"category","embeddable":true,"href":"https:\/\/kalot.com.mx\/site\/wp-json\/wp\/v2\/categories?post=17564"},{"taxonomy":"post_tag","embeddable":true,"href":"https:\/\/kalot.com.mx\/site\/wp-json\/wp\/v2\/tags?post=17564"}],"curies":[{"name":"wp","href":"https:\/\/api.w.org\/{rel}","templated":true}]}}