{"id":17554,"date":"2014-08-08T20:00:53","date_gmt":"2014-08-09T01:00:53","guid":{"rendered":"http:\/\/www.kalot.com.mx\/?p=17554"},"modified":"2014-08-08T12:56:44","modified_gmt":"2014-08-08T17:56:44","slug":"resena-cortello-la-propuesta-potosina-2","status":"publish","type":"post","link":"https:\/\/kalot.com.mx\/site\/2014\/08\/08\/resena-cortello-la-propuesta-potosina-2\/","title":{"rendered":"Rese\u00f1a: Cortello, la propuesta potosina"},"content":{"rendered":"<p style=\"text-align: justify\">Cuando me pidieron (ped\u00ed) escribir sobre el disco de Cortello lo primero que pens\u00e9 fue: \u2018En la madre, \u00bfAhora qu\u00e9?\u2019\u00a0 y es que pues, yo escribo de cine o de libros que es de lo que m\u00e1s o menos conozco, pero \u00bfDe un disco?<\/p>\n<p style=\"text-align: justify\">Despu\u00e9s de mi p\u00e1nico de unos d\u00edas me dije a mi mismo que la mejor manera de no quedar como un total ignorante tratando de hablar de temas de acordes, sonidos, mezclas y esas cosas que ni siquiera ahora s\u00e9 si sean usadas en la m\u00fasica, me enfocar\u00eda en m\u00ed: una persona com\u00fan que (modestia aparte) tiene buen gusto en la m\u00fasica, y desde ese punto de vista, de un \u201ccliente m\u00e1s\u201d ser\u00eda m\u00e1s f\u00e1cil y sobretodo m\u00e1s real.<\/p>\n<p style=\"text-align: justify\">\u2018Lo voy a destrozar\u2019 dijo el diablito en mi hombro izquierdo \u2013 Es en el izquierdo porque seg\u00fan todas las pel\u00edculas que vi, es en ese lado donde se encuentra la maldad y desorden. Como en todas tambi\u00e9n, el lado derecho es el de la mano del enviado, de Van helsing&#8230; El punto es que pens\u00e9 esto antes de escuchar el disco, pero afortunadamente despu\u00e9s de o\u00edrlo supe que no ten\u00eda nada que destrozar.<\/p>\n<p style=\"text-align: justify\">Lo que realmente me sorprendi\u00f3 es como mi inconsciente lo relaciono instant\u00e1neamente con las pel\u00edculas. \u00bfC\u00f3mo? Al saber que era un disco de un dueto uno instant\u00e1neamente piensa en la competencia, en que seguramente uno brillara m\u00e1s que otro, cosa que se busca evitar en (como ya lo mencione) las pel\u00edculas en las que la qu\u00edmica de la pareja de detectives, de ladrones, de g\u00e1nster, es que uno eclipse al otro.<\/p>\n<p style=\"text-align: justify\">La complementaci\u00f3n, esa es la clave, y eso, se nota se busc\u00f3 en esta producci\u00f3n en la que escuchar a dos voces que no buscan competir, sino ayudarse es de lo que m\u00e1s se agradece.<\/p>\n<p style=\"text-align: justify\">Como dije no soy un experto ni critico mundialmente reconocido, solo s\u00e9 que no s\u00e9 nada, y esto aplica a muchas cosas: no s\u00e9 qu\u00e9 distancia hay de aqu\u00ed a marte, pero hay algo que si estoy seguro saber y es que la canci\u00f3n: \u201cQu\u00e9date aqu\u00ed\u201d\u00a0 aun la tarareo, \u00bfSer\u00e1 por mi reciente y casi fallido amor de verano? No s\u00e9, el caso es que como en casi todas las canciones que nos gustan, solo nos gustan y punto.<\/p>\n<p style=\"text-align: justify\">La m\u00fasica es algo que am\u00e9 porque es limpia, pegajosa y en armon\u00eda con la letra. No tengo ni idea de cu\u00e1nto tiempo tenga este disco detr\u00e1s, pero creo y estoy completamente seguro que se puso todo el coraz\u00f3n en \u00e9l, porque se nota cuando se entrega todo.<\/p>\n<p style=\"text-align: justify\">Puedo decir que las letras me remiten inevitablemente a grupos como Reik y Camila cosa que espero sea un alago, sino pues&#8230;<\/p>\n<p style=\"text-align: justify\">Los temas son pop puro, aunque claro, como mucho de la m\u00fasica contempor\u00e1nea tiene varias fusiones con otros g\u00e9neros y de eso si investigue un poco, ya que como San Wikipedia nos dice, en la m\u00fasica pop: hay elementos esenciales que lo definen, como son las canciones de corta a media duraci\u00f3n, escritas en un formato b\u00e1sico (a menudo la estructura estrofa-estribillo), as\u00ed como el uso habitual de estribillos repetidos y de temas mel\u00f3dicos y pegadizos. T\u00f3mala que no pueden contradecir a Wiki<\/p>\n<p style=\"text-align: justify\">Es una suerte para m\u00ed que sea un gran admirador y seguidor de la m\u00fasica pop y sus variaciones y puedo decir sin miedo a pedradas ni a zapes que este disco est\u00e1 sin duda a la altura de los mejores exponentes del g\u00e9nero a nivel nacional.<\/p>\n<p style=\"text-align: justify\">Mika y Evan, dos chavos que aunque no los conozco en vivo, al leer los agradecimientos del librito de su disco, puedo decir que la materia prima la tienen, el talento no es algo que se pueda comprar y tambi\u00e9n como todos sabemos esta industria es muy competida, pero el primer y gran paso ya est\u00e1 dado.<\/p>\n<p style=\"text-align: justify\">En este disco pueden tambi\u00e9n o\u00edr temas como: \u201cLo que t\u00fa me das\u201d \u201cMi mejor opci\u00f3n\u201d \u201cLa llama que muri\u00f3\u201d \u201cPerdido\u201d entre otras.<\/p>\n<p style=\"text-align: justify\">Dejo el video \u201cMi mejor opci\u00f3n\u201d para que dejen de leer y empiecen a ver y sobre todo a escuchar.<\/p>\n<p><span class=\"embed-youtube\" style=\"text-align:center; display: block;\"><iframe class=\"youtube-player\" width=\"1200\" height=\"675\" src=\"https:\/\/www.youtube.com\/embed\/zi7tGXPAZsQ?version=3&#038;rel=1&#038;showsearch=0&#038;showinfo=1&#038;iv_load_policy=1&#038;fs=1&#038;hl=es-MX&#038;autohide=2&#038;wmode=transparent\" allowfullscreen=\"true\" style=\"border:0;\" sandbox=\"allow-scripts allow-same-origin allow-popups allow-presentation allow-popups-to-escape-sandbox\"><\/iframe><\/span><\/p>\n<p>&nbsp;<\/p>\n","protected":false},"excerpt":{"rendered":"Cuando me pidieron (ped\u00ed) escribir sobre el disco de Cortello lo primero que pens\u00e9 fue: \u2018En la madre,&hellip;\n","protected":false},"author":51,"featured_media":17548,"comment_status":"open","ping_status":"open","sticky":false,"template":"","format":"standard","meta":{"jetpack_post_was_ever_published":false,"_jetpack_newsletter_access":"","_jetpack_dont_email_post_to_subs":false,"_jetpack_newsletter_tier_id":0,"_jetpack_memberships_contains_paywalled_content":false,"_jetpack_memberships_contains_paid_content":false,"footnotes":"","jetpack_publicize_message":"","jetpack_publicize_feature_enabled":true,"jetpack_social_post_already_shared":true,"jetpack_social_options":{"image_generator_settings":{"template":"highway","default_image_id":0,"font":"","enabled":false},"version":2}},"categories":[],"tags":[],"class_list":{"0":"post-17554","1":"post","2":"type-post","3":"status-publish","4":"format-standard","5":"has-post-thumbnail","7":"cs-entry","8":"cs-video-wrap"},"yoast_head":"<!-- This site is optimized with the Yoast SEO plugin v27.4 - https:\/\/yoast.com\/product\/yoast-seo-wordpress\/ -->\n<title>Rese\u00f1a: Cortello, la propuesta potosina  - Kalot<\/title>\n<meta name=\"description\" content=\"Cuando me pidieron (ped\u00ed) escribir sobre el disco de Cortello lo primero que pens\u00e9 fue: \u2018En la madre, \u00bfAhora qu\u00e9?\u2019\u00a0 y es que pues, yo escribo de cine o de\" \/>\n<meta name=\"robots\" content=\"index, follow, max-snippet:-1, max-image-preview:large, max-video-preview:-1\" \/>\n<link rel=\"canonical\" href=\"https:\/\/kalot.com.mx\/site\/2014\/08\/08\/resena-cortello-la-propuesta-potosina-2\/\" \/>\n<meta property=\"og:locale\" content=\"es_MX\" \/>\n<meta property=\"og:type\" content=\"article\" \/>\n<meta property=\"og:title\" content=\"Rese\u00f1a: Cortello, la propuesta potosina  - Kalot\" \/>\n<meta property=\"og:description\" content=\"Cuando me pidieron (ped\u00ed) escribir sobre el disco de Cortello lo primero que pens\u00e9 fue: \u2018En la madre, \u00bfAhora qu\u00e9?\u2019\u00a0 y es que pues, yo escribo de cine o de\" \/>\n<meta property=\"og:url\" content=\"https:\/\/kalot.com.mx\/site\/2014\/08\/08\/resena-cortello-la-propuesta-potosina-2\/\" \/>\n<meta property=\"og:site_name\" content=\"Kalot\" \/>\n<meta property=\"article:publisher\" content=\"http:\/\/facebook.com\/mxkalot\" \/>\n<meta property=\"article:published_time\" content=\"2014-08-09T01:00:53+00:00\" \/>\n<meta property=\"og:image\" content=\"https:\/\/i0.wp.com\/kalot.com.mx\/site\/wp-content\/uploads\/2014\/08\/1468703_674227309274567_2003343081_n.jpg?fit=720%2C480&ssl=1\" \/>\n\t<meta property=\"og:image:width\" content=\"720\" \/>\n\t<meta property=\"og:image:height\" content=\"480\" \/>\n\t<meta property=\"og:image:type\" content=\"image\/jpeg\" \/>\n<meta name=\"author\" content=\"Ivan Mendez\" \/>\n<meta name=\"twitter:card\" content=\"summary_large_image\" \/>\n<meta name=\"twitter:creator\" content=\"@kalotmx\" \/>\n<meta name=\"twitter:site\" content=\"@kalotmx\" \/>\n<meta name=\"twitter:label1\" content=\"Escrito por\" \/>\n\t<meta name=\"twitter:data1\" content=\"Ivan Mendez\" \/>\n\t<meta name=\"twitter:label2\" content=\"Tiempo de lectura\" \/>\n\t<meta name=\"twitter:data2\" content=\"4 minutos\" \/>\n<!-- \/ Yoast SEO plugin. -->","yoast_head_json":{"title":"Rese\u00f1a: Cortello, la propuesta potosina  - Kalot","description":"Cuando me pidieron (ped\u00ed) escribir sobre el disco de Cortello lo primero que pens\u00e9 fue: \u2018En la madre, \u00bfAhora qu\u00e9?\u2019\u00a0 y es que pues, yo escribo de cine o de","robots":{"index":"index","follow":"follow","max-snippet":"max-snippet:-1","max-image-preview":"max-image-preview:large","max-video-preview":"max-video-preview:-1"},"canonical":"https:\/\/kalot.com.mx\/site\/2014\/08\/08\/resena-cortello-la-propuesta-potosina-2\/","og_locale":"es_MX","og_type":"article","og_title":"Rese\u00f1a: Cortello, la propuesta potosina  - Kalot","og_description":"Cuando me pidieron (ped\u00ed) escribir sobre el disco de Cortello lo primero que pens\u00e9 fue: \u2018En la madre, \u00bfAhora qu\u00e9?\u2019\u00a0 y es que pues, yo escribo de cine o de","og_url":"https:\/\/kalot.com.mx\/site\/2014\/08\/08\/resena-cortello-la-propuesta-potosina-2\/","og_site_name":"Kalot","article_publisher":"http:\/\/facebook.com\/mxkalot","article_published_time":"2014-08-09T01:00:53+00:00","og_image":[{"width":720,"height":480,"url":"https:\/\/i0.wp.com\/kalot.com.mx\/site\/wp-content\/uploads\/2014\/08\/1468703_674227309274567_2003343081_n.jpg?fit=720%2C480&ssl=1","type":"image\/jpeg"}],"author":"Ivan Mendez","twitter_card":"summary_large_image","twitter_creator":"@kalotmx","twitter_site":"@kalotmx","twitter_misc":{"Escrito por":"Ivan Mendez","Tiempo de lectura":"4 minutos"},"schema":{"@context":"https:\/\/schema.org","@graph":[{"@type":"Article","@id":"https:\/\/kalot.com.mx\/site\/2014\/08\/08\/resena-cortello-la-propuesta-potosina-2\/#article","isPartOf":{"@id":"https:\/\/kalot.com.mx\/site\/2014\/08\/08\/resena-cortello-la-propuesta-potosina-2\/"},"author":{"name":"Ivan Mendez","@id":"https:\/\/kalot.com.mx\/site\/#\/schema\/person\/444a91ecc3b075ab573ff515d7f6d6e3"},"headline":"Rese\u00f1a: Cortello, la propuesta potosina","datePublished":"2014-08-09T01:00:53+00:00","mainEntityOfPage":{"@id":"https:\/\/kalot.com.mx\/site\/2014\/08\/08\/resena-cortello-la-propuesta-potosina-2\/"},"wordCount":748,"commentCount":0,"publisher":{"@id":"https:\/\/kalot.com.mx\/site\/#organization"},"image":{"@id":"https:\/\/kalot.com.mx\/site\/2014\/08\/08\/resena-cortello-la-propuesta-potosina-2\/#primaryimage"},"thumbnailUrl":"https:\/\/i0.wp.com\/kalot.com.mx\/site\/wp-content\/uploads\/2014\/08\/1468703_674227309274567_2003343081_n.jpg?fit=720%2C480&ssl=1","inLanguage":"es","potentialAction":[{"@type":"CommentAction","name":"Comment","target":["https:\/\/kalot.com.mx\/site\/2014\/08\/08\/resena-cortello-la-propuesta-potosina-2\/#respond"]}]},{"@type":"WebPage","@id":"https:\/\/kalot.com.mx\/site\/2014\/08\/08\/resena-cortello-la-propuesta-potosina-2\/","url":"https:\/\/kalot.com.mx\/site\/2014\/08\/08\/resena-cortello-la-propuesta-potosina-2\/","name":"Rese\u00f1a: Cortello, la propuesta potosina - Kalot","isPartOf":{"@id":"https:\/\/kalot.com.mx\/site\/#website"},"primaryImageOfPage":{"@id":"https:\/\/kalot.com.mx\/site\/2014\/08\/08\/resena-cortello-la-propuesta-potosina-2\/#primaryimage"},"image":{"@id":"https:\/\/kalot.com.mx\/site\/2014\/08\/08\/resena-cortello-la-propuesta-potosina-2\/#primaryimage"},"thumbnailUrl":"https:\/\/i0.wp.com\/kalot.com.mx\/site\/wp-content\/uploads\/2014\/08\/1468703_674227309274567_2003343081_n.jpg?fit=720%2C480&ssl=1","datePublished":"2014-08-09T01:00:53+00:00","description":"Cuando me pidieron (ped\u00ed) escribir sobre el disco de Cortello lo primero que pens\u00e9 fue: \u2018En la madre, \u00bfAhora qu\u00e9?\u2019\u00a0 y es que pues, yo escribo de cine o de","breadcrumb":{"@id":"https:\/\/kalot.com.mx\/site\/2014\/08\/08\/resena-cortello-la-propuesta-potosina-2\/#breadcrumb"},"inLanguage":"es","potentialAction":[{"@type":"ReadAction","target":["https:\/\/kalot.com.mx\/site\/2014\/08\/08\/resena-cortello-la-propuesta-potosina-2\/"]}]},{"@type":"ImageObject","inLanguage":"es","@id":"https:\/\/kalot.com.mx\/site\/2014\/08\/08\/resena-cortello-la-propuesta-potosina-2\/#primaryimage","url":"https:\/\/i0.wp.com\/kalot.com.mx\/site\/wp-content\/uploads\/2014\/08\/1468703_674227309274567_2003343081_n.jpg?fit=720%2C480&ssl=1","contentUrl":"https:\/\/i0.wp.com\/kalot.com.mx\/site\/wp-content\/uploads\/2014\/08\/1468703_674227309274567_2003343081_n.jpg?fit=720%2C480&ssl=1","width":720,"height":480},{"@type":"BreadcrumbList","@id":"https:\/\/kalot.com.mx\/site\/2014\/08\/08\/resena-cortello-la-propuesta-potosina-2\/#breadcrumb","itemListElement":[{"@type":"ListItem","position":1,"name":"Home","item":"https:\/\/kalot.com.mx\/site\/"},{"@type":"ListItem","position":2,"name":"Rese\u00f1a: Cortello, la propuesta potosina"}]},{"@type":"WebSite","@id":"https:\/\/kalot.com.mx\/site\/#website","url":"https:\/\/kalot.com.mx\/site\/","name":"Kalot","description":"Conoce Todo Sobre Todo","publisher":{"@id":"https:\/\/kalot.com.mx\/site\/#organization"},"potentialAction":[{"@type":"SearchAction","target":{"@type":"EntryPoint","urlTemplate":"https:\/\/kalot.com.mx\/site\/?s={search_term_string}"},"query-input":{"@type":"PropertyValueSpecification","valueRequired":true,"valueName":"search_term_string"}}],"inLanguage":"es"},{"@type":"Organization","@id":"https:\/\/kalot.com.mx\/site\/#organization","name":"Kalot","url":"https:\/\/kalot.com.mx\/site\/","logo":{"@type":"ImageObject","inLanguage":"es","@id":"https:\/\/kalot.com.mx\/site\/#\/schema\/logo\/image\/","url":"https:\/\/i0.wp.com\/kalot.com.mx\/site\/wp-content\/uploads\/2020\/04\/Kalot-logo-sin-tagline.png?fit=1707%2C1014&ssl=1","contentUrl":"https:\/\/i0.wp.com\/kalot.com.mx\/site\/wp-content\/uploads\/2020\/04\/Kalot-logo-sin-tagline.png?fit=1707%2C1014&ssl=1","width":1707,"height":1014,"caption":"Kalot"},"image":{"@id":"https:\/\/kalot.com.mx\/site\/#\/schema\/logo\/image\/"},"sameAs":["http:\/\/facebook.com\/mxkalot","https:\/\/x.com\/kalotmx","http:\/\/instagram.com\/kalotmx","http:\/\/pinterest.com\/jorgeerana\/kalot"]},{"@type":"Person","@id":"https:\/\/kalot.com.mx\/site\/#\/schema\/person\/444a91ecc3b075ab573ff515d7f6d6e3","name":"Ivan Mendez","image":{"@type":"ImageObject","inLanguage":"es","@id":"https:\/\/secure.gravatar.com\/avatar\/d3590cbb14ecd120bf7a8d9b0ab9a1dae9b2aab34a41a577b5288298a4d08e36?s=96&d=mm&r=g","url":"https:\/\/secure.gravatar.com\/avatar\/d3590cbb14ecd120bf7a8d9b0ab9a1dae9b2aab34a41a577b5288298a4d08e36?s=96&d=mm&r=g","contentUrl":"https:\/\/secure.gravatar.com\/avatar\/d3590cbb14ecd120bf7a8d9b0ab9a1dae9b2aab34a41a577b5288298a4d08e36?s=96&d=mm&r=g","caption":"Ivan Mendez"},"url":"https:\/\/kalot.com.mx\/site\/author\/ivan\/"}]}},"jetpack_publicize_connections":[],"jetpack_featured_media_url":"https:\/\/i0.wp.com\/kalot.com.mx\/site\/wp-content\/uploads\/2014\/08\/1468703_674227309274567_2003343081_n.jpg?fit=720%2C480&ssl=1","jetpack_shortlink":"https:\/\/wp.me\/p6IHEI-4z8","jetpack-related-posts":[{"id":11813,"url":"https:\/\/kalot.com.mx\/site\/2014\/02\/16\/el-regreso-de-miranda-extrano\/","url_meta":{"origin":17554,"position":0},"title":"El regreso de Miranda: \u201cExtra\u00f1o\u201d","author":"Ivan Mendez","date":"16 febrero, 2014","format":false,"excerpt":"Amo Miranda, es uno de esos gustos que no me tomo la molestia ni de leer sus cr\u00edticas (como todo lo dem\u00e1s). Antes de decidir escribir esta entrada sobre ellos no quer\u00eda saber si mi gusto era malo, sin embargo y despu\u00e9s de leer a algunos de los cr\u00edticos descubr\u00ed\u2026","rel":"","context":"Entrada similar ","block_context":{"text":"Entrada similar ","link":""},"img":{"alt_text":"","src":"https:\/\/i0.wp.com\/kalot.com.mx\/site\/wp-content\/uploads\/2014\/02\/1MJukCy.jpg?fit=1024%2C1024&ssl=1&resize=350%2C200","width":350,"height":200,"srcset":"https:\/\/i0.wp.com\/kalot.com.mx\/site\/wp-content\/uploads\/2014\/02\/1MJukCy.jpg?fit=1024%2C1024&ssl=1&resize=350%2C200 1x, https:\/\/i0.wp.com\/kalot.com.mx\/site\/wp-content\/uploads\/2014\/02\/1MJukCy.jpg?fit=1024%2C1024&ssl=1&resize=525%2C300 1.5x, https:\/\/i0.wp.com\/kalot.com.mx\/site\/wp-content\/uploads\/2014\/02\/1MJukCy.jpg?fit=1024%2C1024&ssl=1&resize=700%2C400 2x"},"classes":[]},{"id":6755,"url":"https:\/\/kalot.com.mx\/site\/2013\/11\/19\/artpop-lady-gaga\/","url_meta":{"origin":17554,"position":1},"title":"EL ARTE DE GAGA","author":"Ivan Mendez","date":"19 noviembre, 2013","format":false,"excerpt":"Lo nuevo de la autonombrada madre monstruo ya est\u00e1 en las tiendas desde el pasado 11 de Noviembre y promete ser uno de los discos m\u00e1s recordados de lo que queda del a\u00f1o, con todo y la gira que lo acompa\u00f1a. \u00bfCopia de Madonna? No lo s\u00e9, tal vez si\u2026","rel":"","context":"Entrada similar ","block_context":{"text":"Entrada similar ","link":""},"img":{"alt_text":"","src":"https:\/\/i0.wp.com\/kalot.com.mx\/site\/wp-content\/uploads\/2013\/11\/BV_ag3xCEAAWNsx.jpg?fit=600%2C600&ssl=1&resize=350%2C200","width":350,"height":200,"srcset":"https:\/\/i0.wp.com\/kalot.com.mx\/site\/wp-content\/uploads\/2013\/11\/BV_ag3xCEAAWNsx.jpg?fit=600%2C600&ssl=1&resize=350%2C200 1x, https:\/\/i0.wp.com\/kalot.com.mx\/site\/wp-content\/uploads\/2013\/11\/BV_ag3xCEAAWNsx.jpg?fit=600%2C600&ssl=1&resize=525%2C300 1.5x"},"classes":[]},{"id":27355,"url":"https:\/\/kalot.com.mx\/site\/2017\/08\/30\/camilo-vii-en-slp-touroleos\/","url_meta":{"origin":17554,"position":2},"title":"Camilo VII en SLP: #TOUR\u00d3LEOS","author":"Jorge Era\u00f1a","date":"30 agosto, 2017","format":false,"excerpt":"Art\u00edculo por Alejandra Flores Camilo VII llega a San Luis Potos\u00ed este 2 de septiembre a Loud Open Stage a presentar su reciente disco \u201c\u00d3leos\u201d, material\u00a0producido por\u00a0Mario Miranda de Patterns\u00a0y Christian Jean de\u00a0Reyno, como parte de la gira CIRCUITO INDIO\u00a0qu\u00e9 es una innovadora red de booking impulsando el desarrollo art\u00edstico\u2026","rel":"","context":"En &quot;M\u00fasica&quot;","block_context":{"text":"M\u00fasica","link":"https:\/\/kalot.com.mx\/site\/category\/musica\/"},"img":{"alt_text":"","src":"https:\/\/i0.wp.com\/kalot.com.mx\/site\/wp-content\/uploads\/2017\/08\/camilo-septimo-slp.png?fit=840%2C468&ssl=1&resize=350%2C200","width":350,"height":200,"srcset":"https:\/\/i0.wp.com\/kalot.com.mx\/site\/wp-content\/uploads\/2017\/08\/camilo-septimo-slp.png?fit=840%2C468&ssl=1&resize=350%2C200 1x, https:\/\/i0.wp.com\/kalot.com.mx\/site\/wp-content\/uploads\/2017\/08\/camilo-septimo-slp.png?fit=840%2C468&ssl=1&resize=525%2C300 1.5x, https:\/\/i0.wp.com\/kalot.com.mx\/site\/wp-content\/uploads\/2017\/08\/camilo-septimo-slp.png?fit=840%2C468&ssl=1&resize=700%2C400 2x"},"classes":[]},{"id":27273,"url":"https:\/\/kalot.com.mx\/site\/2017\/07\/24\/r-i-p-in-park\/","url_meta":{"origin":17554,"position":3},"title":"R.I.P.in Park","author":"K. Max","date":"24 julio, 2017","format":false,"excerpt":"La primera vez que tuve la oportunidad de escuchar a Chester Bennington fue un s\u00e1bado por la ma\u00f1ana en la rotaci\u00f3n regular de MTV, ten\u00eda como 10 u 11 a\u00f1os, recuerdo que Lola me dijo \"Apagale a esa chingadera porque son puros gritos\", no supe quien era o como se\u2026","rel":"","context":"En &quot;M\u00fasica&quot;","block_context":{"text":"M\u00fasica","link":"https:\/\/kalot.com.mx\/site\/category\/musica\/"},"img":{"alt_text":"chester linkin park","src":"https:\/\/i0.wp.com\/kalot.com.mx\/site\/wp-content\/uploads\/2017\/07\/IMG_0395.jpg?fit=1200%2C555&ssl=1&resize=350%2C200","width":350,"height":200,"srcset":"https:\/\/i0.wp.com\/kalot.com.mx\/site\/wp-content\/uploads\/2017\/07\/IMG_0395.jpg?fit=1200%2C555&ssl=1&resize=350%2C200 1x, https:\/\/i0.wp.com\/kalot.com.mx\/site\/wp-content\/uploads\/2017\/07\/IMG_0395.jpg?fit=1200%2C555&ssl=1&resize=525%2C300 1.5x, https:\/\/i0.wp.com\/kalot.com.mx\/site\/wp-content\/uploads\/2017\/07\/IMG_0395.jpg?fit=1200%2C555&ssl=1&resize=700%2C400 2x, https:\/\/i0.wp.com\/kalot.com.mx\/site\/wp-content\/uploads\/2017\/07\/IMG_0395.jpg?fit=1200%2C555&ssl=1&resize=1050%2C600 3x"},"classes":[]},{"id":15775,"url":"https:\/\/kalot.com.mx\/site\/2014\/05\/05\/adictos-al-internet\/","url_meta":{"origin":17554,"position":4},"title":"Adictos al Internet","author":"Samuel Arriaga","date":"5 mayo, 2014","format":false,"excerpt":"La era digital ya nos ha alcanzado desde hace ya un buen rato y hoy en d\u00eda nadie esta a salvo de estar conectado a Internet o del uso de los celulares. Les tengo que confesar que yo soy uno de los usuarios mas adictos al internet que puede existir;\u2026","rel":"","context":"Con 1 comentario","block_context":{"text":"Con 1 comentario","link":"https:\/\/kalot.com.mx\/site\/2014\/05\/05\/adictos-al-internet\/#comments"},"img":{"alt_text":"","src":"https:\/\/i0.wp.com\/kalot.com.mx\/site\/wp-content\/uploads\/2014\/05\/adictos.jpg?fit=612%2C340&ssl=1&resize=350%2C200","width":350,"height":200,"srcset":"https:\/\/i0.wp.com\/kalot.com.mx\/site\/wp-content\/uploads\/2014\/05\/adictos.jpg?fit=612%2C340&ssl=1&resize=350%2C200 1x, https:\/\/i0.wp.com\/kalot.com.mx\/site\/wp-content\/uploads\/2014\/05\/adictos.jpg?fit=612%2C340&ssl=1&resize=525%2C300 1.5x"},"classes":[]},{"id":5679,"url":"https:\/\/kalot.com.mx\/site\/2013\/11\/03\/top-de-bandas-los-conozco-desde-la-secu\/","url_meta":{"origin":17554,"position":5},"title":"Top 5: Bandas \u201cLos conozco desde la secu\u201d","author":"Dulce Mireles","date":"3 noviembre, 2013","format":false,"excerpt":"En el mundo existen dos tipos de personas que escuchan bandas: Los que las conocen desde la secu y los que no.\u00a0Por eso aqu\u00ed est\u00e1 el top #5 de las bandas que\u00a0 todos \u201cconocemos desde la secu\u201d \u00a0#1 Blink 182 \u201cTravis fue el primer m\u00fasico que me gustaba\u201d \u201cYo era\u2026","rel":"","context":"Con 4 comentarios","block_context":{"text":"Con 4 comentarios","link":"https:\/\/kalot.com.mx\/site\/2013\/11\/03\/top-de-bandas-los-conozco-desde-la-secu\/#comments"},"img":{"alt_text":"","src":"https:\/\/i0.wp.com\/kalot.com.mx\/site\/wp-content\/uploads\/2013\/11\/Blink-182-blink-182-711219_1024_768.gif?fit=1000%2C750&ssl=1&resize=350%2C200","width":350,"height":200,"srcset":"https:\/\/i0.wp.com\/kalot.com.mx\/site\/wp-content\/uploads\/2013\/11\/Blink-182-blink-182-711219_1024_768.gif?fit=1000%2C750&ssl=1&resize=350%2C200 1x, https:\/\/i0.wp.com\/kalot.com.mx\/site\/wp-content\/uploads\/2013\/11\/Blink-182-blink-182-711219_1024_768.gif?fit=1000%2C750&ssl=1&resize=525%2C300 1.5x, https:\/\/i0.wp.com\/kalot.com.mx\/site\/wp-content\/uploads\/2013\/11\/Blink-182-blink-182-711219_1024_768.gif?fit=1000%2C750&ssl=1&resize=700%2C400 2x"},"classes":[]}],"jetpack_sharing_enabled":true,"_links":{"self":[{"href":"https:\/\/kalot.com.mx\/site\/wp-json\/wp\/v2\/posts\/17554","targetHints":{"allow":["GET"]}}],"collection":[{"href":"https:\/\/kalot.com.mx\/site\/wp-json\/wp\/v2\/posts"}],"about":[{"href":"https:\/\/kalot.com.mx\/site\/wp-json\/wp\/v2\/types\/post"}],"author":[{"embeddable":true,"href":"https:\/\/kalot.com.mx\/site\/wp-json\/wp\/v2\/users\/51"}],"replies":[{"embeddable":true,"href":"https:\/\/kalot.com.mx\/site\/wp-json\/wp\/v2\/comments?post=17554"}],"version-history":[{"count":0,"href":"https:\/\/kalot.com.mx\/site\/wp-json\/wp\/v2\/posts\/17554\/revisions"}],"wp:featuredmedia":[{"embeddable":true,"href":"https:\/\/kalot.com.mx\/site\/wp-json\/wp\/v2\/media\/17548"}],"wp:attachment":[{"href":"https:\/\/kalot.com.mx\/site\/wp-json\/wp\/v2\/media?parent=17554"}],"wp:term":[{"taxonomy":"category","embeddable":true,"href":"https:\/\/kalot.com.mx\/site\/wp-json\/wp\/v2\/categories?post=17554"},{"taxonomy":"post_tag","embeddable":true,"href":"https:\/\/kalot.com.mx\/site\/wp-json\/wp\/v2\/tags?post=17554"}],"curies":[{"name":"wp","href":"https:\/\/api.w.org\/{rel}","templated":true}]}}