{"id":17445,"date":"2014-08-01T00:10:48","date_gmt":"2014-08-01T05:10:48","guid":{"rendered":"http:\/\/www.kalot.com.mx\/?p=17445"},"modified":"2015-12-03T21:19:30","modified_gmt":"2015-12-04T03:19:30","slug":"la-vida-es-de-color-rosa-la-vida-es-felicidad","status":"publish","type":"post","link":"https:\/\/kalot.com.mx\/site\/2014\/08\/01\/la-vida-es-de-color-rosa-la-vida-es-felicidad\/","title":{"rendered":"La vida es de color rosa, la vida es felicidad."},"content":{"rendered":"<p style=\"text-align: justify;\">Hola mis queridos lectores, antes que nada quisiera pedir una disculpa por mi ausencia en este tan bello f\u00f3rum (o s\u00e9ase Kalot), ya aclarado lo anterior solo me queda proceder con mi cometido. El tema a tratar en este espacio ser\u00e1 el siguiente: la vida es de color rosa. As\u00ed que ah\u00ed les va nuevamente, la vida es de color rosa y la vida es felicidad (no como dec\u00eda Eva Mar\u00eda Le\u00f3n Jaramillo viuda de Zuluaga\u2026 ok no, pero s\u00ed). Con todo lo que vemos hoy en d\u00eda en los distintos medios de comunicaci\u00f3n \u2013ya sea en la televisi\u00f3n, radio o internet- es muy f\u00e1cil que sintamos como lentamente se nos escapa esa peque\u00f1a fe en la humanidad que sol\u00edamos tener, en lo personal a m\u00ed me parece muy dif\u00edcil creer que si yo como persona trato de mejorar algo servir\u00e1.<\/p>\n<p style=\"text-align: justify;\">No tengo como culparlos, casi todos los d\u00edas nos damos cuenta que en alguna parte del mundo hay personas que sufren cosas peores que la carencia de internet o de agua calientita para ba\u00f1arse, lo peor de todo es que comenzamos a perder esa sensibilidad que nos caracteriza como \u201clos seres pensantes\u201d del reino animal y nos deshumaniza. No entiendo si es que ya es costumbre o porque simplemente decidimos dejar de sentir y decidimos comenzar a ignorar, pero la verdad es que nos duele\u2026 nos duele hasta el punto en el que comenzamos a ver todo con pesimismo y llegamos a creer que todo est\u00e1 perdido.<\/p>\n<p style=\"text-align: justify;\">As\u00ed que ah\u00ed les va mi teor\u00eda: de nosotros depende si la vida es una ______ (llene el espacio a su gusto y conveniencia), aunque el ruido exterior nos llene la cabeza de penas y malas ideas hay que estar conscientes de que, aunque sea lo m\u00e1s rid\u00edculamente dif\u00edcil del universo; hasta cierto punto somos seres individuales as\u00ed que si logramos cambiar nuestra forma de pensar podremos en un plazo \u2013asumamos que sea a largo plazo- cambiar la forma de alguien m\u00e1s de ver a este loco y ruidoso mundo. Tal y como en su tiempo dijo Gandhi \u201cSi quieres cambiar al mundo, c\u00e1mbiate a ti mismo.\u201d Wow.<\/p>\n<p>&nbsp;<\/p>\n<p style=\"text-align: justify;\">El mundo est\u00e1 como est\u00e1 porque no sabemos defender de la manera correcta nuestros ideales, las personas tienden a temer a lo que desconocen y esto se aplica de igual manera a lo que los saca de su zona de confort y para que esto no pase hay que educarnos. Todos los grandes y tr\u00e1gicos sucesos de la larga y catastr\u00f3fica historia de la humanidad se ha visto marcada por guerras causadas por personas con miedo al cambio y a las diferencias culturales, religiosas y raciales, lo que me recuerda a otra frase de Gandhi: <em><span style=\"color: #800080;\">&#8220;La violencia es el miedo a los ideales de los dem\u00e1s.&#8221;<\/span><\/em><\/p>\n<p style=\"text-align: justify;\">As\u00ed que me he planteado esto: en vez de quejarme porque no tengo los zapatos que quiero o que el internet est\u00e1 mal\u00edsimo (lo cual sucede seguido) reemplazar\u00e9 esa idea que llegue por una mentalidad de gratitud <em>\u201cgracias Dios porque tengo ___\u201d<\/em> y comenzar\u00e9 a pensar en todas las cosas buenas que tengo. Quiero hacer \u00e9nfasis en la importancia de las cosas peque\u00f1as, las cosas que nos demuestras que no todo se ha ido a la goma; no podemos generalizar con que por una sola fruta podrida todas las dem\u00e1s lo est\u00e1n, tengo fe en la humanidad y s\u00e9 que en el fondo todos la tenemos.<\/p>\n<p style=\"text-align: justify;\">D\u00eda a d\u00eda las malas noticias opacan a las personas que hacen cosas buenas por los que los rodean \u2013independientemente de las distancias-, o de que hay gente que genera campa\u00f1as para ayudar a los que necesitan m\u00e1s ayuda, todav\u00eda quedan de esos \u00bfsaben? No s\u00e9 si me tocar\u00e1 ver un mundo sin noticias violentas pero espero que, si a m\u00ed no me toca conocerlo; mis hijos si lo conozcan y que lo \u00fanico que sus hijos sepan de la guerra es lo que les ense\u00f1en en la escuela: que las guerras se daban por deslices entre las opiniones de las personas por falta de tolerancia y de respeto, pero m\u00e1s que nada que ellos sepan lo que realmente es que todo tiene una soluci\u00f3n si se sientan a platicar.<\/p>\n<p><img data-recalc-dims=\"1\" decoding=\"async\" class=\"aligncenter\" src=\"https:\/\/i0.wp.com\/media.tumblr.com\/f0e57af1ba1d648c38a8f1a413d8a3cb\/tumblr_inline_mj949knDu71qz4rgp.gif?w=1200\" alt=\"\" \/><\/p>\n<p style=\"text-align: justify;\">Bueno, como siempre saben que me encanta saber lo que piensan as\u00ed que no duden en ponerme lo que piensan, sienten o hasta lo que quieren comprar del super, aunque no se note lo leo todito. As\u00ed que ah\u00ed lo tienen, el ideal de una eterna rom\u00e1ntica \u2013igual y no aplica pero saben a qu\u00e9 me refiero- y aunque no se trate de encontrar una zapatilla de cristal que nos quede a la perfecci\u00f3n esta es la opini\u00f3n de una persona que sabe que la vida puede ser de color rosa y que la vida <strong>es<\/strong>\u00a0felicidad.<\/p>\n","protected":false},"excerpt":{"rendered":"Hola mis queridos lectores, antes que nada quisiera pedir una disculpa por mi ausencia en este tan bello&hellip;\n","protected":false},"author":61,"featured_media":17446,"comment_status":"open","ping_status":"open","sticky":false,"template":"","format":"standard","meta":{"jetpack_post_was_ever_published":false,"_jetpack_newsletter_access":"","_jetpack_dont_email_post_to_subs":false,"_jetpack_newsletter_tier_id":0,"_jetpack_memberships_contains_paywalled_content":false,"_jetpack_memberships_contains_paid_content":false,"footnotes":"","jetpack_publicize_message":"","jetpack_publicize_feature_enabled":true,"jetpack_social_post_already_shared":true,"jetpack_social_options":{"image_generator_settings":{"template":"highway","default_image_id":0,"font":"","enabled":false},"version":2}},"categories":[1],"tags":[],"class_list":{"0":"post-17445","1":"post","2":"type-post","3":"status-publish","4":"format-standard","5":"has-post-thumbnail","7":"category-sin-categoria","8":"cs-entry","9":"cs-video-wrap"},"yoast_head":"<!-- This site is optimized with the Yoast SEO plugin v27.5 - https:\/\/yoast.com\/product\/yoast-seo-wordpress\/ -->\n<title>La vida es de color rosa, la vida es felicidad.<\/title>\n<meta name=\"description\" content=\"La vida es de color rosa, la vida es felicidad.\" \/>\n<meta name=\"robots\" content=\"index, follow, max-snippet:-1, max-image-preview:large, max-video-preview:-1\" \/>\n<link rel=\"canonical\" href=\"https:\/\/kalot.com.mx\/site\/2014\/08\/01\/la-vida-es-de-color-rosa-la-vida-es-felicidad\/\" \/>\n<meta property=\"og:locale\" content=\"es_MX\" \/>\n<meta property=\"og:type\" content=\"article\" \/>\n<meta property=\"og:title\" content=\"La vida es de color rosa, la vida es felicidad.\" \/>\n<meta property=\"og:description\" content=\"La vida es de color rosa, la vida es felicidad.\" \/>\n<meta property=\"og:url\" content=\"https:\/\/kalot.com.mx\/site\/2014\/08\/01\/la-vida-es-de-color-rosa-la-vida-es-felicidad\/\" \/>\n<meta property=\"og:site_name\" content=\"Kalot\" \/>\n<meta property=\"article:publisher\" content=\"http:\/\/facebook.com\/mxkalot\" \/>\n<meta property=\"article:author\" content=\"https:\/\/www.facebook.com\/elie.alvarado1\" \/>\n<meta property=\"article:published_time\" content=\"2014-08-01T05:10:48+00:00\" \/>\n<meta property=\"article:modified_time\" content=\"2015-12-04T03:19:30+00:00\" \/>\n<meta property=\"og:image\" content=\"https:\/\/i1.wp.com\/kalot.com.mx\/site\/wp-content\/uploads\/2014\/07\/vida1.jpg?fit=1280%2C768&ssl=1\" \/>\n\t<meta property=\"og:image:width\" content=\"1280\" \/>\n\t<meta property=\"og:image:height\" content=\"768\" \/>\n\t<meta property=\"og:image:type\" content=\"image\/jpeg\" \/>\n<meta name=\"author\" content=\"Mar\u00eda Alvarado\" \/>\n<meta name=\"twitter:card\" content=\"summary_large_image\" \/>\n<meta name=\"twitter:creator\" content=\"@Me_elieA\" \/>\n<meta name=\"twitter:site\" content=\"@kalotmx\" \/>\n<meta name=\"twitter:label1\" content=\"Escrito por\" \/>\n\t<meta name=\"twitter:data1\" content=\"Mar\u00eda Alvarado\" \/>\n\t<meta name=\"twitter:label2\" content=\"Tiempo de lectura\" \/>\n\t<meta name=\"twitter:data2\" content=\"4 minutos\" \/>\n<!-- \/ Yoast SEO plugin. -->","yoast_head_json":{"title":"La vida es de color rosa, la vida es felicidad.","description":"La vida es de color rosa, la vida es felicidad.","robots":{"index":"index","follow":"follow","max-snippet":"max-snippet:-1","max-image-preview":"max-image-preview:large","max-video-preview":"max-video-preview:-1"},"canonical":"https:\/\/kalot.com.mx\/site\/2014\/08\/01\/la-vida-es-de-color-rosa-la-vida-es-felicidad\/","og_locale":"es_MX","og_type":"article","og_title":"La vida es de color rosa, la vida es felicidad.","og_description":"La vida es de color rosa, la vida es felicidad.","og_url":"https:\/\/kalot.com.mx\/site\/2014\/08\/01\/la-vida-es-de-color-rosa-la-vida-es-felicidad\/","og_site_name":"Kalot","article_publisher":"http:\/\/facebook.com\/mxkalot","article_author":"https:\/\/www.facebook.com\/elie.alvarado1","article_published_time":"2014-08-01T05:10:48+00:00","article_modified_time":"2015-12-04T03:19:30+00:00","og_image":[{"width":1280,"height":768,"url":"https:\/\/i1.wp.com\/kalot.com.mx\/site\/wp-content\/uploads\/2014\/07\/vida1.jpg?fit=1280%2C768&ssl=1","type":"image\/jpeg"}],"author":"Mar\u00eda Alvarado","twitter_card":"summary_large_image","twitter_creator":"@Me_elieA","twitter_site":"@kalotmx","twitter_misc":{"Escrito por":"Mar\u00eda Alvarado","Tiempo de lectura":"4 minutos"},"schema":{"@context":"https:\/\/schema.org","@graph":[{"@type":"Article","@id":"https:\/\/kalot.com.mx\/site\/2014\/08\/01\/la-vida-es-de-color-rosa-la-vida-es-felicidad\/#article","isPartOf":{"@id":"https:\/\/kalot.com.mx\/site\/2014\/08\/01\/la-vida-es-de-color-rosa-la-vida-es-felicidad\/"},"author":{"name":"Mar\u00eda Alvarado","@id":"https:\/\/kalot.com.mx\/site\/#\/schema\/person\/2364e48efea2244b0799211aeff4847e"},"headline":"La vida es de color rosa, la vida es felicidad.","datePublished":"2014-08-01T05:10:48+00:00","dateModified":"2015-12-04T03:19:30+00:00","mainEntityOfPage":{"@id":"https:\/\/kalot.com.mx\/site\/2014\/08\/01\/la-vida-es-de-color-rosa-la-vida-es-felicidad\/"},"wordCount":842,"commentCount":0,"publisher":{"@id":"https:\/\/kalot.com.mx\/site\/#organization"},"image":{"@id":"https:\/\/kalot.com.mx\/site\/2014\/08\/01\/la-vida-es-de-color-rosa-la-vida-es-felicidad\/#primaryimage"},"thumbnailUrl":"https:\/\/i0.wp.com\/kalot.com.mx\/site\/wp-content\/uploads\/2014\/07\/vida1.jpg?fit=1280%2C768&ssl=1","inLanguage":"es","potentialAction":[{"@type":"CommentAction","name":"Comment","target":["https:\/\/kalot.com.mx\/site\/2014\/08\/01\/la-vida-es-de-color-rosa-la-vida-es-felicidad\/#respond"]}]},{"@type":"WebPage","@id":"https:\/\/kalot.com.mx\/site\/2014\/08\/01\/la-vida-es-de-color-rosa-la-vida-es-felicidad\/","url":"https:\/\/kalot.com.mx\/site\/2014\/08\/01\/la-vida-es-de-color-rosa-la-vida-es-felicidad\/","name":"La vida es de color rosa, la vida es felicidad.","isPartOf":{"@id":"https:\/\/kalot.com.mx\/site\/#website"},"primaryImageOfPage":{"@id":"https:\/\/kalot.com.mx\/site\/2014\/08\/01\/la-vida-es-de-color-rosa-la-vida-es-felicidad\/#primaryimage"},"image":{"@id":"https:\/\/kalot.com.mx\/site\/2014\/08\/01\/la-vida-es-de-color-rosa-la-vida-es-felicidad\/#primaryimage"},"thumbnailUrl":"https:\/\/i0.wp.com\/kalot.com.mx\/site\/wp-content\/uploads\/2014\/07\/vida1.jpg?fit=1280%2C768&ssl=1","datePublished":"2014-08-01T05:10:48+00:00","dateModified":"2015-12-04T03:19:30+00:00","description":"La vida es de color rosa, la vida es felicidad.","breadcrumb":{"@id":"https:\/\/kalot.com.mx\/site\/2014\/08\/01\/la-vida-es-de-color-rosa-la-vida-es-felicidad\/#breadcrumb"},"inLanguage":"es","potentialAction":[{"@type":"ReadAction","target":["https:\/\/kalot.com.mx\/site\/2014\/08\/01\/la-vida-es-de-color-rosa-la-vida-es-felicidad\/"]}]},{"@type":"ImageObject","inLanguage":"es","@id":"https:\/\/kalot.com.mx\/site\/2014\/08\/01\/la-vida-es-de-color-rosa-la-vida-es-felicidad\/#primaryimage","url":"https:\/\/i0.wp.com\/kalot.com.mx\/site\/wp-content\/uploads\/2014\/07\/vida1.jpg?fit=1280%2C768&ssl=1","contentUrl":"https:\/\/i0.wp.com\/kalot.com.mx\/site\/wp-content\/uploads\/2014\/07\/vida1.jpg?fit=1280%2C768&ssl=1","width":1280,"height":768},{"@type":"BreadcrumbList","@id":"https:\/\/kalot.com.mx\/site\/2014\/08\/01\/la-vida-es-de-color-rosa-la-vida-es-felicidad\/#breadcrumb","itemListElement":[{"@type":"ListItem","position":1,"name":"Home","item":"https:\/\/kalot.com.mx\/site\/"},{"@type":"ListItem","position":2,"name":"La vida es de color rosa, la vida es felicidad."}]},{"@type":"WebSite","@id":"https:\/\/kalot.com.mx\/site\/#website","url":"https:\/\/kalot.com.mx\/site\/","name":"Kalot","description":"Conoce Todo Sobre Todo","publisher":{"@id":"https:\/\/kalot.com.mx\/site\/#organization"},"potentialAction":[{"@type":"SearchAction","target":{"@type":"EntryPoint","urlTemplate":"https:\/\/kalot.com.mx\/site\/?s={search_term_string}"},"query-input":{"@type":"PropertyValueSpecification","valueRequired":true,"valueName":"search_term_string"}}],"inLanguage":"es"},{"@type":"Organization","@id":"https:\/\/kalot.com.mx\/site\/#organization","name":"Kalot","url":"https:\/\/kalot.com.mx\/site\/","logo":{"@type":"ImageObject","inLanguage":"es","@id":"https:\/\/kalot.com.mx\/site\/#\/schema\/logo\/image\/","url":"https:\/\/i0.wp.com\/kalot.com.mx\/site\/wp-content\/uploads\/2020\/04\/Kalot-logo-sin-tagline.png?fit=1707%2C1014&ssl=1","contentUrl":"https:\/\/i0.wp.com\/kalot.com.mx\/site\/wp-content\/uploads\/2020\/04\/Kalot-logo-sin-tagline.png?fit=1707%2C1014&ssl=1","width":1707,"height":1014,"caption":"Kalot"},"image":{"@id":"https:\/\/kalot.com.mx\/site\/#\/schema\/logo\/image\/"},"sameAs":["http:\/\/facebook.com\/mxkalot","https:\/\/x.com\/kalotmx","http:\/\/instagram.com\/kalotmx","http:\/\/pinterest.com\/jorgeerana\/kalot"]},{"@type":"Person","@id":"https:\/\/kalot.com.mx\/site\/#\/schema\/person\/2364e48efea2244b0799211aeff4847e","name":"Mar\u00eda Alvarado","image":{"@type":"ImageObject","inLanguage":"es","@id":"https:\/\/secure.gravatar.com\/avatar\/2a5c53655315c4a72bc8b3127daca732f3ccab828ef0de13ec26f266fc855c6b?s=96&d=mm&r=g","url":"https:\/\/secure.gravatar.com\/avatar\/2a5c53655315c4a72bc8b3127daca732f3ccab828ef0de13ec26f266fc855c6b?s=96&d=mm&r=g","contentUrl":"https:\/\/secure.gravatar.com\/avatar\/2a5c53655315c4a72bc8b3127daca732f3ccab828ef0de13ec26f266fc855c6b?s=96&d=mm&r=g","caption":"Mar\u00eda Alvarado"},"description":"El perfecto ejemplo de una rom\u00e1ntica so\u00f1adora, drama queen y devoradora de libros. Una parlanchina innata que goza de los peque\u00f1os placeres que ofrece esta vida y fan\u00e1tica de las sonrisas.","sameAs":["https:\/\/www.facebook.com\/elie.alvarado1","https:\/\/x.com\/Me_elieA"],"url":"https:\/\/kalot.com.mx\/site\/author\/elisa\/"}]}},"jetpack_publicize_connections":[],"jetpack_featured_media_url":"https:\/\/i0.wp.com\/kalot.com.mx\/site\/wp-content\/uploads\/2014\/07\/vida1.jpg?fit=1280%2C768&ssl=1","jetpack_shortlink":"https:\/\/wp.me\/p6IHEI-4xn","jetpack-related-posts":[{"id":15274,"url":"https:\/\/kalot.com.mx\/site\/2014\/04\/24\/bella-y-hermosa-felicidad\/","url_meta":{"origin":17445,"position":0},"title":"Bella y Hermosa Felicidad.","author":"Mar\u00eda Alvarado","date":"24 abril, 2014","format":false,"excerpt":"[dropcap size=big]F[\/dropcap]elicidad: eso que todos a\u00f1oramos pero que solo unos cuantos pueden conseguir durante todas sus vidas, el problema es que todos tenemos derecho a ella y es demasiado accesible para todos y cada uno de nosotros. El problema ah\u00ed es que \u2013como los seres humanos que somos- nos ponemos\u2026","rel":"","context":"Entrada similar ","block_context":{"text":"Entrada similar ","link":""},"img":{"alt_text":"","src":"https:\/\/i0.wp.com\/kalot.com.mx\/site\/wp-content\/uploads\/2014\/04\/felicidad.jpg?fit=960%2C640&ssl=1&resize=350%2C200","width":350,"height":200,"srcset":"https:\/\/i0.wp.com\/kalot.com.mx\/site\/wp-content\/uploads\/2014\/04\/felicidad.jpg?fit=960%2C640&ssl=1&resize=350%2C200 1x, https:\/\/i0.wp.com\/kalot.com.mx\/site\/wp-content\/uploads\/2014\/04\/felicidad.jpg?fit=960%2C640&ssl=1&resize=525%2C300 1.5x, https:\/\/i0.wp.com\/kalot.com.mx\/site\/wp-content\/uploads\/2014\/04\/felicidad.jpg?fit=960%2C640&ssl=1&resize=700%2C400 2x"},"classes":[]},{"id":13820,"url":"https:\/\/kalot.com.mx\/site\/2014\/03\/23\/limitless\/","url_meta":{"origin":17445,"position":1},"title":"Limitless","author":"Fernanda S\u00e1nchez","date":"23 marzo, 2014","format":false,"excerpt":"Constantemente me encuentro en discusiones con las personas cuando me preguntan cu\u00e1l es mi libro favorito, mi comida favorita, mi color favorito o cualquier cosa que termine en esa palabra. Muchos no entienden mi postura, pero para m\u00ed tener favoritos es limitar mis gustos; por qu\u00e9 tengo que elegir un\u2026","rel":"","context":"En &quot;Sin categor\u00eda&quot;","block_context":{"text":"Sin categor\u00eda","link":"https:\/\/kalot.com.mx\/site\/category\/sin-categoria\/"},"img":{"alt_text":"","src":"https:\/\/i0.wp.com\/kalot.com.mx\/site\/wp-content\/uploads\/2014\/03\/risco1.jpg?fit=1024%2C681&ssl=1&resize=350%2C200","width":350,"height":200,"srcset":"https:\/\/i0.wp.com\/kalot.com.mx\/site\/wp-content\/uploads\/2014\/03\/risco1.jpg?fit=1024%2C681&ssl=1&resize=350%2C200 1x, https:\/\/i0.wp.com\/kalot.com.mx\/site\/wp-content\/uploads\/2014\/03\/risco1.jpg?fit=1024%2C681&ssl=1&resize=525%2C300 1.5x, https:\/\/i0.wp.com\/kalot.com.mx\/site\/wp-content\/uploads\/2014\/03\/risco1.jpg?fit=1024%2C681&ssl=1&resize=700%2C400 2x"},"classes":[]},{"id":9952,"url":"https:\/\/kalot.com.mx\/site\/2014\/01\/23\/estoy-enamorada\/","url_meta":{"origin":17445,"position":2},"title":"Estoy enamorada.","author":"Mar\u00eda Alvarado","date":"23 enero, 2014","format":false,"excerpt":"Hace no mucho le\u00ed un art\u00edculo que hablaba de los \u201cneo-solteros\u201d, que son un grupo de personas que dicen estar solteros por decisi\u00f3n, no por circunstancias; y al leerlo me puse a pensar en que yo tambi\u00e9n soy soltera por elecci\u00f3n, aunque llegue a pensar que ha sido por circunstancia,\u2026","rel":"","context":"Con 1 comentario","block_context":{"text":"Con 1 comentario","link":"https:\/\/kalot.com.mx\/site\/2014\/01\/23\/estoy-enamorada\/#comments"},"img":{"alt_text":"","src":"https:\/\/i0.wp.com\/kalot.com.mx\/site\/wp-content\/uploads\/2014\/01\/in-love.jpg?fit=600%2C600&ssl=1&resize=350%2C200","width":350,"height":200,"srcset":"https:\/\/i0.wp.com\/kalot.com.mx\/site\/wp-content\/uploads\/2014\/01\/in-love.jpg?fit=600%2C600&ssl=1&resize=350%2C200 1x, https:\/\/i0.wp.com\/kalot.com.mx\/site\/wp-content\/uploads\/2014\/01\/in-love.jpg?fit=600%2C600&ssl=1&resize=525%2C300 1.5x"},"classes":[]},{"id":19836,"url":"https:\/\/kalot.com.mx\/site\/2015\/01\/02\/la-de-un-ano-maravilloso\/","url_meta":{"origin":17445,"position":3},"title":"La de un a\u00f1o maravilloso&#8230;","author":"Mar\u00eda Alvarado","date":"2 enero, 2015","format":false,"excerpt":"A\u00f1o nuevo vida nueva, al menos eso es lo que dicen algunas personas y con lo que estoy casi completamente de acuerdo, de alguna manera siento que en el sentido estricto de la oraci\u00f3n no se refiere a que comencemos una doble vida o algo as\u00ed sino que m\u00e1s bien\u2026","rel":"","context":"Entrada similar ","block_context":{"text":"Entrada similar ","link":""},"img":{"alt_text":"","src":"","width":0,"height":0},"classes":[]},{"id":7243,"url":"https:\/\/kalot.com.mx\/site\/2013\/11\/28\/seguir-aves-hasta-los-confines-del-oceano-de-la-vida\/","url_meta":{"origin":17445,"position":4},"title":"Seguir aves hasta los confines del oc\u00e9ano de la vida","author":"Fernanda S\u00e1nchez","date":"28 noviembre, 2013","format":false,"excerpt":"Para perseguir nuestros sue\u00f1os debemos de ser libres. Muchas veces no es que seamos incapaces de serlo, s\u00f3lo nos sentimos paralizados por las cadenas de miedos entrelazados que vemos hechas de acero inoxidable y que en realidad no son m\u00e1s que pl\u00e1stico. Yo tengo un sue\u00f1o: Escribir. Escribir como hobby,\u2026","rel":"","context":"Entrada similar ","block_context":{"text":"Entrada similar ","link":""},"img":{"alt_text":"","src":"https:\/\/i0.wp.com\/kalot.com.mx\/site\/wp-content\/uploads\/2013\/11\/kalot-ship.png?fit=561%2C455&ssl=1&resize=350%2C200","width":350,"height":200,"srcset":"https:\/\/i0.wp.com\/kalot.com.mx\/site\/wp-content\/uploads\/2013\/11\/kalot-ship.png?fit=561%2C455&ssl=1&resize=350%2C200 1x, https:\/\/i0.wp.com\/kalot.com.mx\/site\/wp-content\/uploads\/2013\/11\/kalot-ship.png?fit=561%2C455&ssl=1&resize=525%2C300 1.5x"},"classes":[]},{"id":19920,"url":"https:\/\/kalot.com.mx\/site\/2015\/01\/09\/mi-yo-independiente\/","url_meta":{"origin":17445,"position":5},"title":"Mi Yo Independiente&#8230;","author":"Mar\u00eda Alvarado","date":"9 enero, 2015","format":false,"excerpt":"\u00a1Hola mis Kalochos de amor! Espero que est\u00e9n preparados con toda la actitud para el fin de semana y que hayan tenido una muy, pero muy buena semana. Hoy me dirijo a ustedes con una problem\u00e1tica que seguramente muchos ya conozcan, primero quisiera darles un pre\u00e1mbulo sobre el tema y\u2026","rel":"","context":"Con 1 comentario","block_context":{"text":"Con 1 comentario","link":"https:\/\/kalot.com.mx\/site\/2015\/01\/09\/mi-yo-independiente\/#comments"},"img":{"alt_text":"","src":"https:\/\/i0.wp.com\/kalot.com.mx\/site\/wp-content\/uploads\/2015\/01\/mwangertext.jpg?fit=660%2C426&ssl=1&resize=350%2C200","width":350,"height":200,"srcset":"https:\/\/i0.wp.com\/kalot.com.mx\/site\/wp-content\/uploads\/2015\/01\/mwangertext.jpg?fit=660%2C426&ssl=1&resize=350%2C200 1x, https:\/\/i0.wp.com\/kalot.com.mx\/site\/wp-content\/uploads\/2015\/01\/mwangertext.jpg?fit=660%2C426&ssl=1&resize=525%2C300 1.5x"},"classes":[]}],"jetpack_sharing_enabled":true,"_links":{"self":[{"href":"https:\/\/kalot.com.mx\/site\/wp-json\/wp\/v2\/posts\/17445","targetHints":{"allow":["GET"]}}],"collection":[{"href":"https:\/\/kalot.com.mx\/site\/wp-json\/wp\/v2\/posts"}],"about":[{"href":"https:\/\/kalot.com.mx\/site\/wp-json\/wp\/v2\/types\/post"}],"author":[{"embeddable":true,"href":"https:\/\/kalot.com.mx\/site\/wp-json\/wp\/v2\/users\/61"}],"replies":[{"embeddable":true,"href":"https:\/\/kalot.com.mx\/site\/wp-json\/wp\/v2\/comments?post=17445"}],"version-history":[{"count":2,"href":"https:\/\/kalot.com.mx\/site\/wp-json\/wp\/v2\/posts\/17445\/revisions"}],"predecessor-version":[{"id":24418,"href":"https:\/\/kalot.com.mx\/site\/wp-json\/wp\/v2\/posts\/17445\/revisions\/24418"}],"wp:featuredmedia":[{"embeddable":true,"href":"https:\/\/kalot.com.mx\/site\/wp-json\/wp\/v2\/media\/17446"}],"wp:attachment":[{"href":"https:\/\/kalot.com.mx\/site\/wp-json\/wp\/v2\/media?parent=17445"}],"wp:term":[{"taxonomy":"category","embeddable":true,"href":"https:\/\/kalot.com.mx\/site\/wp-json\/wp\/v2\/categories?post=17445"},{"taxonomy":"post_tag","embeddable":true,"href":"https:\/\/kalot.com.mx\/site\/wp-json\/wp\/v2\/tags?post=17445"}],"curies":[{"name":"wp","href":"https:\/\/api.w.org\/{rel}","templated":true}]}}