{"id":17417,"date":"2014-07-29T15:34:42","date_gmt":"2014-07-29T20:34:42","guid":{"rendered":"http:\/\/www.kalot.com.mx\/?p=17417"},"modified":"2014-07-29T15:34:42","modified_gmt":"2014-07-29T20:34:42","slug":"te-recuerdo-cuando-veo-un-perro-muerto-sobre-la-carretera","status":"publish","type":"post","link":"https:\/\/kalot.com.mx\/site\/2014\/07\/29\/te-recuerdo-cuando-veo-un-perro-muerto-sobre-la-carretera\/","title":{"rendered":"Te recuerdo cuando veo un perro muerto en la carretera"},"content":{"rendered":"<p style=\"text-align: justify\">El reloj marcaba las nueve y veinte de la ma\u00f1ana cuando abr\u00ed los ojos y tu cara llego a mi mente casi instant\u00e1neamente, pero eso tambi\u00e9n se fue con la misma velocidad porque tu cuerpo se me apareci\u00f3, con deseo y cosquilleo en mis calzones.<\/p>\n<p style=\"text-align: justify\">Tome mi celular del buro junto a mi cama que en ese momento parpadeaba porque hab\u00eda llegado un mensaje de texto. Espero que no sea una cancelaci\u00f3n.<\/p>\n<p style=\"text-align: justify\">De: H\u00e9ctor. \u00a0Llegar\u00e9 media hora tarde.<\/p>\n<p style=\"text-align: justify\">Bueno, eso era de hecho una gran noticia porque ten\u00eda el tiempo encima y me hab\u00eda dado un peque\u00f1o margen m\u00e1s para ponerme lista.<\/p>\n<p style=\"text-align: justify\">Por fin me sent\u00e9 en el borde de la cama que se hab\u00eda quedado sin sabana. Yo cre\u00eda que no hab\u00eda pegado ojo en toda la noche a causa de los nervios que me com\u00edan por dentro, pero la revoltura de las cobijas me dec\u00eda otra cosa.<\/p>\n<p style=\"text-align: justify\">Me levante para ir a verme al tocador blanco que ten\u00eda a unos pasos. Mis pies sintieron el agradable frio del piso, esas \u00faltimas noches hab\u00edan sido insoportablemente calientes y cualquier sensaci\u00f3n de frescura se agradec\u00eda.<\/p>\n<p style=\"text-align: justify\">Por fin me puse frente al espejo y lo que ya estaba acostumbrada a ver desde hac\u00eda poco m\u00e1s de dos a\u00f1os me devolv\u00eda la mirada, pero esta ma\u00f1ana era diferente porque ni siquiera el c\u00e1ncer hab\u00eda logrado que la emoci\u00f3n, mejor dicho la excitaci\u00f3n, muriera.<\/p>\n<p style=\"text-align: justify\">El casi inexistente cabello, las ojeras bien marcadas, y ese color de piel que parec\u00eda m\u00e1s bien una fruta a punto de empezar podrirse estaban en total incongruencia con la sonrisa involuntaria que ten\u00eda, y que decir de la luz que cre\u00eda muerta, estaba de nuevo iluminando mis ojos.<\/p>\n<p style=\"text-align: justify\">\u00bfLastima? Tal vez. Estaba acostumbrada a ella y no me importaba ni un poco que la lastima fuera el motor de ese d\u00eda. \u2018A la chingada\u2019<\/p>\n<p style=\"text-align: justify\">Mi tocador est\u00e1 lleno de gorritos de lana. El que tenga c\u00e1ncer no significa que empezara esa colecci\u00f3n, desde mucho antes ya los ten\u00eda, me encantan y los prefiero sobre las pelucas que me pican y se ladean constantemente. Los gorros son suaves, coloridos y no tratan de ocultar lo que no se puede. \u00a0Son mi accesorio cancer\u00edgeno.<\/p>\n<p style=\"text-align: justify\">No s\u00e9 qu\u00e9 calzones usar cuando abro el caj\u00f3n y veo esa cantidad de ropa interior que parece toda igual, siempre uso blancos, pero a pesar de eso las figuritas hacen toda la diferencia. Los que tienen las peque\u00f1as hojas verdes son los elegidos.<\/p>\n<p style=\"text-align: justify\">La blusa y el pantal\u00f3n me dan pr\u00e1cticamente lo mismo. Hace tiempo que me rend\u00ed en la b\u00fasqueda de alguno que me quedara bien. Mi enfermizamente delgado cuerpo ya no puede lucir con nada, as\u00ed que tomo una blusa azul rey y un pantal\u00f3n ajustado (que no me ajusta\u00a0 para nada) negro.<\/p>\n<p style=\"text-align: justify\">Cuando salgo de mi cuarto y el sol el ilumina mis ojos, no es m\u00e1s que una buena se\u00f1al de lo que me espera este d\u00eda. Mi est\u00f3mago empieza a moverse de formas extra\u00f1as y aceleradas que al ir caminando por el patio de cemento no disminuyen.<\/p>\n<p style=\"text-align: justify\">Llego al ba\u00f1o y me empiezo a desnudar, no quiero perder m\u00e1s el tiempo. Abro unas tres vueltas la llave de la caliente y dos la fr\u00eda. Amo el agua tibia, este ba\u00f1o no debe durar mucho.<\/p>\n<p style=\"text-align: justify\">Cuando vuelvo a tocar el agua y siento esa temperatura que amo, en mi mente se enciende bien iluminada la palabra del d\u00eda: SE\u00d1ALES<\/p>\n<p style=\"text-align: justify\">Entro a la regadera y alzo la cabeza para que me moje la cara, los recuerdos son tan acelerados como los \u00faltimos a\u00f1os de mi vida. Eh recordado tantas veces cuando me dijeron que mis d\u00edas estaban contados, que parece como si ya lo hubiera sabido desde siempre. Forman parte de m\u00ed. Ya lo acepte. Superado. Lo espero.<\/p>\n<p style=\"text-align: justify\">Y mientras el agua moja todo mi cuerpo volviste a llegar a mi mente. Moreno, alto y con ese cuerpo que me endurece los pezones.<\/p>\n<p style=\"text-align: justify\">Creo que todo hoy esta moralmente prohibido. \u00bfSer\u00e1 que dios disfruta de ver esto? \u00bfSera que despu\u00e9s de todo le encanta jugar con nuestras sexualidades y experimentar viendo como sus creaciones se dejan llevar por los placeres m\u00e1s antiguos pero que siempre parecen nuevos? Me gusta pensar que me est\u00e1 viendo.<\/p>\n<p style=\"text-align: justify\">H\u00e9ctor, mi primo segundo es quien vendr\u00e1 esta ma\u00f1ana. Me encanta, y cuando comenz\u00f3 a visitarme hace unos meses para hacerme compa\u00f1\u00eda, logro levantarme el \u00e1nimo, hacerme re\u00edr y mojarme cada vez que llegaba con esos pantalones que se le ven tan bien. Es gen\u00e9tica, lo s\u00e9, desafortunadamente es del lado de su mam\u00e1 quien es mi pariente pol\u00edtico, por lo que yo no soy beneficiaria de tal regalo.<\/p>\n<p style=\"text-align: justify\">&#8211; \u00bfEsta segura?<\/p>\n<p style=\"text-align: justify\">&#8211; Tengo c\u00e1ncer H\u00e9ctor.<\/p>\n<p style=\"text-align: justify\">&#8211; Y \u00bfEso qu\u00e9? Eso se llama chantaje<\/p>\n<p style=\"text-align: justify\">&#8211; Lo es. Te estoy chantajeando.<\/p>\n<p style=\"text-align: justify\">Cuando su primera pregunta al proponerle que tuvi\u00e9ramos sexo no fue un incr\u00e9dulo \u2018\u00bfQu\u00e9?\u2019 supe que lo har\u00eda. Y tiene la raz\u00f3n. Por primera vez le estoy sacando provecho a esas celular defectuosas y si puedo hacerlo qu\u00e9 m\u00e1s da. Cuando estas muriendo la vida de hecho te da algo m\u00e1s en que pensar que en el los mandamientos de la ley de Dios. Te dice, y en lo que se ha convertido mi dicho personal: \u2018A la chingada\u2019<\/p>\n<p style=\"text-align: justify\">Al cerrar las llaves y sentir el frio me alegro. Me alegro porque oigo a mi pap\u00e1 despedirse, me oigo diciendo que s\u00ed, escucho la puerta abrirse y cerrarse y pongo la mano en mi pecho sintiendo mi acelerado coraz\u00f3n.<\/p>\n<p style=\"text-align: justify\">Todo estaba planeado para que llegara a las diez, pero por el mensaje de la ma\u00f1ana tengo cuarenta minutos m\u00e1s. Me abrazo a la bata y me pongo una toalla en la cabeza \u00a1D\u00e9jame! Hoy puedo poner una toalla donde yo quiera y nadie me puede decir que no.<\/p>\n<p style=\"text-align: justify\">Se supone que el tiempo pasara m\u00e1s lento, pero de hecho el haber estado veinte minutos sin darme cuenta sentada en la silla pensando estupideces, me sorprende.<\/p>\n<p style=\"text-align: justify\">Usare el cuarto de mi pap\u00e1 para cambiarme porque no huele a medicina y porque el si lo limpia. Al llegar me quito la toalla con un movimiento que me hace sentir la modelo mejor pagada de Londres. Dejo caer la bata lentamente hacia atr\u00e1s cual zorra seductora y uso el espejo de mi padre de cuerpo completo para verme desnuda.<\/p>\n<p style=\"text-align: justify\">Tengo vello p\u00fabico. Le pregunte a H\u00e9ctor antes de pensar en quit\u00e1rmelo y \u00e9l dijo que le gustaba todo natural. Me rio al pensar que no le importe que casi no tenga cabello en la cabeza pero que le guste \u2018ah\u00ed abajo\u2019<\/p>\n<p style=\"text-align: justify\">Diez minutos. Me pongo el calzoncito que s\u00e9 que no durara mucho puesto. El pantal\u00f3n que como pens\u00e9 me queda muy grande y la blusa, que de hecho me agrada la forma en que cae sobre mis hombros.<\/p>\n<p style=\"text-align: justify\">Por un momento olvido el dolor f\u00edsico y me entrego a\u2026<\/p>\n<p style=\"text-align: justify\">El timbre suena.<\/p>\n<p style=\"text-align: justify\">Es puntual, lo sab\u00eda. Como puedo me pongo unos tenis y camino r\u00e1pido y sin correr a la puerta. Paso por la sala y antes de abrir me hecho un \u00faltimo vistazo en el espejo que esta junto a la puerta.<\/p>\n<p style=\"text-align: justify\">Cuando abro ah\u00ed esta \u00e9l: Un chico de veinticuatro a\u00f1os, de 1.70 (cree que esta chaparro) moreno, de ese tono como caf\u00e9 con leche. Cuerpo naturalmente fuerte. Lleva una playera gris de una tela delgada que se le ajusta al pecho, un pantal\u00f3n azul marino y la hebilla del cintur\u00f3n resalta.<\/p>\n<p style=\"text-align: justify\">Tiene cara de aparentar seguridad, pero como a m\u00ed, los ojos delatan sus verdaderos sentimientos, en su caso: nerviosismo<\/p>\n<p style=\"text-align: justify\">Lo hago pasar y le pregunto sin el menor inter\u00e9s de que responda que s\u00ed, si quiere ver la tele primero. Gracias a dios su respuesta es no.<\/p>\n<p style=\"text-align: justify\">Caminamos juntos sin decir palabra, sabiendo bien a donde vamos, no me interesa perder el tiempo. Tengo c\u00e1ncer y me estoy muriendo \u00bfYa lo mencione?<\/p>\n<p style=\"text-align: justify\">Cuando entramos al cuarto de mi pap\u00e1, me siento en la cama con una agilidad que pocas veces uso. \u00c9l se queda en la puerta. Tal vez duda, tal vez se valla, pero cuando me ve directo a los ojos s\u00e9 que se quedara.<\/p>\n<p style=\"text-align: justify\">Cuando se acerca no puedo evitar ver como se le mueve el paquete de la entre pierna y cuando llega frente a m\u00ed, tomo la hebilla y empiezo a desabrocharla, despu\u00e9s el bot\u00f3n y finalmente el cierre que bajo intencionalmente lento para sentir su dureza.<\/p>\n<p style=\"text-align: justify\">No s\u00e9 por qu\u00e9, pero lo volteo a ver y sus ojos ya no tienen nerviosismo sino decisi\u00f3n y un poco de premura. Por un instante, al ras de su hombro, puedo ver el cristo que mi pap\u00e1 tiene frente a su cama.<\/p>\n<p style=\"text-align: justify\">Por un momento olvido el dolor f\u00edsico y me entrego a mis fantas\u00edas, a mis descaros que no conocen enfermedad, ni da\u00f1o ni remordimientos.<\/p>\n<p style=\"text-align: justify\">Y en paz, doy gracias a Jes\u00fas por morir por nuestros pecados, sin \u00e9l, no estar\u00eda bajando ahora mismo \u00e9sta ropa interior.<\/p>\n","protected":false},"excerpt":{"rendered":"El reloj marcaba las nueve y veinte de la ma\u00f1ana cuando abr\u00ed los ojos y tu cara llego&hellip;\n","protected":false},"author":51,"featured_media":17419,"comment_status":"open","ping_status":"open","sticky":false,"template":"","format":"standard","meta":{"jetpack_post_was_ever_published":false,"_jetpack_newsletter_access":"","_jetpack_dont_email_post_to_subs":false,"_jetpack_newsletter_tier_id":0,"_jetpack_memberships_contains_paywalled_content":false,"_jetpack_memberships_contains_paid_content":false,"footnotes":"","jetpack_publicize_message":"","jetpack_publicize_feature_enabled":true,"jetpack_social_post_already_shared":true,"jetpack_social_options":{"image_generator_settings":{"template":"highway","default_image_id":0,"font":"","enabled":false},"version":2}},"categories":[],"tags":[],"class_list":{"0":"post-17417","1":"post","2":"type-post","3":"status-publish","4":"format-standard","5":"has-post-thumbnail","7":"cs-entry","8":"cs-video-wrap"},"yoast_head":"<!-- This site is optimized with the Yoast SEO plugin v27.5 - https:\/\/yoast.com\/product\/yoast-seo-wordpress\/ -->\n<title>Te recuerdo cuando veo un perro muerto en la carretera - Kalot<\/title>\n<meta name=\"description\" content=\"El reloj marcaba las nueve y veinte de la ma\u00f1ana cuando abr\u00ed los ojos y tu cara llego a mi mente casi instant\u00e1neamente, pero eso tambi\u00e9n se fue con la\" \/>\n<meta name=\"robots\" content=\"index, follow, max-snippet:-1, max-image-preview:large, max-video-preview:-1\" \/>\n<link rel=\"canonical\" href=\"https:\/\/kalot.com.mx\/site\/2014\/07\/29\/te-recuerdo-cuando-veo-un-perro-muerto-sobre-la-carretera\/\" \/>\n<meta property=\"og:locale\" content=\"es_MX\" \/>\n<meta property=\"og:type\" content=\"article\" \/>\n<meta property=\"og:title\" content=\"Te recuerdo cuando veo un perro muerto en la carretera - Kalot\" \/>\n<meta property=\"og:description\" content=\"El reloj marcaba las nueve y veinte de la ma\u00f1ana cuando abr\u00ed los ojos y tu cara llego a mi mente casi instant\u00e1neamente, pero eso tambi\u00e9n se fue con la\" \/>\n<meta property=\"og:url\" content=\"https:\/\/kalot.com.mx\/site\/2014\/07\/29\/te-recuerdo-cuando-veo-un-perro-muerto-sobre-la-carretera\/\" \/>\n<meta property=\"og:site_name\" content=\"Kalot\" \/>\n<meta property=\"article:publisher\" content=\"http:\/\/facebook.com\/mxkalot\" \/>\n<meta property=\"article:published_time\" content=\"2014-07-29T20:34:42+00:00\" \/>\n<meta property=\"og:image\" content=\"https:\/\/i0.wp.com\/kalot.com.mx\/site\/wp-content\/uploads\/2014\/07\/Foggy_window_by_TrendyDNA.jpg?fit=1203%2C780&ssl=1\" \/>\n\t<meta property=\"og:image:width\" content=\"1203\" \/>\n\t<meta property=\"og:image:height\" content=\"780\" \/>\n\t<meta property=\"og:image:type\" content=\"image\/jpeg\" \/>\n<meta name=\"author\" content=\"Ivan Mendez\" \/>\n<meta name=\"twitter:card\" content=\"summary_large_image\" \/>\n<meta name=\"twitter:creator\" content=\"@kalotmx\" \/>\n<meta name=\"twitter:site\" content=\"@kalotmx\" \/>\n<meta name=\"twitter:label1\" content=\"Escrito por\" \/>\n\t<meta name=\"twitter:data1\" content=\"Ivan Mendez\" \/>\n\t<meta name=\"twitter:label2\" content=\"Tiempo de lectura\" \/>\n\t<meta name=\"twitter:data2\" content=\"8 minutos\" \/>\n<!-- \/ Yoast SEO plugin. -->","yoast_head_json":{"title":"Te recuerdo cuando veo un perro muerto en la carretera - Kalot","description":"El reloj marcaba las nueve y veinte de la ma\u00f1ana cuando abr\u00ed los ojos y tu cara llego a mi mente casi instant\u00e1neamente, pero eso tambi\u00e9n se fue con la","robots":{"index":"index","follow":"follow","max-snippet":"max-snippet:-1","max-image-preview":"max-image-preview:large","max-video-preview":"max-video-preview:-1"},"canonical":"https:\/\/kalot.com.mx\/site\/2014\/07\/29\/te-recuerdo-cuando-veo-un-perro-muerto-sobre-la-carretera\/","og_locale":"es_MX","og_type":"article","og_title":"Te recuerdo cuando veo un perro muerto en la carretera - Kalot","og_description":"El reloj marcaba las nueve y veinte de la ma\u00f1ana cuando abr\u00ed los ojos y tu cara llego a mi mente casi instant\u00e1neamente, pero eso tambi\u00e9n se fue con la","og_url":"https:\/\/kalot.com.mx\/site\/2014\/07\/29\/te-recuerdo-cuando-veo-un-perro-muerto-sobre-la-carretera\/","og_site_name":"Kalot","article_publisher":"http:\/\/facebook.com\/mxkalot","article_published_time":"2014-07-29T20:34:42+00:00","og_image":[{"width":1203,"height":780,"url":"https:\/\/i0.wp.com\/kalot.com.mx\/site\/wp-content\/uploads\/2014\/07\/Foggy_window_by_TrendyDNA.jpg?fit=1203%2C780&ssl=1","type":"image\/jpeg"}],"author":"Ivan Mendez","twitter_card":"summary_large_image","twitter_creator":"@kalotmx","twitter_site":"@kalotmx","twitter_misc":{"Escrito por":"Ivan Mendez","Tiempo de lectura":"8 minutos"},"schema":{"@context":"https:\/\/schema.org","@graph":[{"@type":"Article","@id":"https:\/\/kalot.com.mx\/site\/2014\/07\/29\/te-recuerdo-cuando-veo-un-perro-muerto-sobre-la-carretera\/#article","isPartOf":{"@id":"https:\/\/kalot.com.mx\/site\/2014\/07\/29\/te-recuerdo-cuando-veo-un-perro-muerto-sobre-la-carretera\/"},"author":{"name":"Ivan Mendez","@id":"https:\/\/kalot.com.mx\/site\/#\/schema\/person\/444a91ecc3b075ab573ff515d7f6d6e3"},"headline":"Te recuerdo cuando veo un perro muerto en la carretera","datePublished":"2014-07-29T20:34:42+00:00","mainEntityOfPage":{"@id":"https:\/\/kalot.com.mx\/site\/2014\/07\/29\/te-recuerdo-cuando-veo-un-perro-muerto-sobre-la-carretera\/"},"wordCount":1591,"commentCount":0,"publisher":{"@id":"https:\/\/kalot.com.mx\/site\/#organization"},"image":{"@id":"https:\/\/kalot.com.mx\/site\/2014\/07\/29\/te-recuerdo-cuando-veo-un-perro-muerto-sobre-la-carretera\/#primaryimage"},"thumbnailUrl":"https:\/\/i0.wp.com\/kalot.com.mx\/site\/wp-content\/uploads\/2014\/07\/Foggy_window_by_TrendyDNA.jpg?fit=1203%2C780&ssl=1","inLanguage":"es","potentialAction":[{"@type":"CommentAction","name":"Comment","target":["https:\/\/kalot.com.mx\/site\/2014\/07\/29\/te-recuerdo-cuando-veo-un-perro-muerto-sobre-la-carretera\/#respond"]}]},{"@type":"WebPage","@id":"https:\/\/kalot.com.mx\/site\/2014\/07\/29\/te-recuerdo-cuando-veo-un-perro-muerto-sobre-la-carretera\/","url":"https:\/\/kalot.com.mx\/site\/2014\/07\/29\/te-recuerdo-cuando-veo-un-perro-muerto-sobre-la-carretera\/","name":"Te recuerdo cuando veo un perro muerto en la carretera - Kalot","isPartOf":{"@id":"https:\/\/kalot.com.mx\/site\/#website"},"primaryImageOfPage":{"@id":"https:\/\/kalot.com.mx\/site\/2014\/07\/29\/te-recuerdo-cuando-veo-un-perro-muerto-sobre-la-carretera\/#primaryimage"},"image":{"@id":"https:\/\/kalot.com.mx\/site\/2014\/07\/29\/te-recuerdo-cuando-veo-un-perro-muerto-sobre-la-carretera\/#primaryimage"},"thumbnailUrl":"https:\/\/i0.wp.com\/kalot.com.mx\/site\/wp-content\/uploads\/2014\/07\/Foggy_window_by_TrendyDNA.jpg?fit=1203%2C780&ssl=1","datePublished":"2014-07-29T20:34:42+00:00","description":"El reloj marcaba las nueve y veinte de la ma\u00f1ana cuando abr\u00ed los ojos y tu cara llego a mi mente casi instant\u00e1neamente, pero eso tambi\u00e9n se fue con la","breadcrumb":{"@id":"https:\/\/kalot.com.mx\/site\/2014\/07\/29\/te-recuerdo-cuando-veo-un-perro-muerto-sobre-la-carretera\/#breadcrumb"},"inLanguage":"es","potentialAction":[{"@type":"ReadAction","target":["https:\/\/kalot.com.mx\/site\/2014\/07\/29\/te-recuerdo-cuando-veo-un-perro-muerto-sobre-la-carretera\/"]}]},{"@type":"ImageObject","inLanguage":"es","@id":"https:\/\/kalot.com.mx\/site\/2014\/07\/29\/te-recuerdo-cuando-veo-un-perro-muerto-sobre-la-carretera\/#primaryimage","url":"https:\/\/i0.wp.com\/kalot.com.mx\/site\/wp-content\/uploads\/2014\/07\/Foggy_window_by_TrendyDNA.jpg?fit=1203%2C780&ssl=1","contentUrl":"https:\/\/i0.wp.com\/kalot.com.mx\/site\/wp-content\/uploads\/2014\/07\/Foggy_window_by_TrendyDNA.jpg?fit=1203%2C780&ssl=1","width":1203,"height":780},{"@type":"BreadcrumbList","@id":"https:\/\/kalot.com.mx\/site\/2014\/07\/29\/te-recuerdo-cuando-veo-un-perro-muerto-sobre-la-carretera\/#breadcrumb","itemListElement":[{"@type":"ListItem","position":1,"name":"Home","item":"https:\/\/kalot.com.mx\/site\/"},{"@type":"ListItem","position":2,"name":"Te recuerdo cuando veo un perro muerto en la carretera"}]},{"@type":"WebSite","@id":"https:\/\/kalot.com.mx\/site\/#website","url":"https:\/\/kalot.com.mx\/site\/","name":"Kalot","description":"Conoce Todo Sobre Todo","publisher":{"@id":"https:\/\/kalot.com.mx\/site\/#organization"},"potentialAction":[{"@type":"SearchAction","target":{"@type":"EntryPoint","urlTemplate":"https:\/\/kalot.com.mx\/site\/?s={search_term_string}"},"query-input":{"@type":"PropertyValueSpecification","valueRequired":true,"valueName":"search_term_string"}}],"inLanguage":"es"},{"@type":"Organization","@id":"https:\/\/kalot.com.mx\/site\/#organization","name":"Kalot","url":"https:\/\/kalot.com.mx\/site\/","logo":{"@type":"ImageObject","inLanguage":"es","@id":"https:\/\/kalot.com.mx\/site\/#\/schema\/logo\/image\/","url":"https:\/\/i0.wp.com\/kalot.com.mx\/site\/wp-content\/uploads\/2020\/04\/Kalot-logo-sin-tagline.png?fit=1707%2C1014&ssl=1","contentUrl":"https:\/\/i0.wp.com\/kalot.com.mx\/site\/wp-content\/uploads\/2020\/04\/Kalot-logo-sin-tagline.png?fit=1707%2C1014&ssl=1","width":1707,"height":1014,"caption":"Kalot"},"image":{"@id":"https:\/\/kalot.com.mx\/site\/#\/schema\/logo\/image\/"},"sameAs":["http:\/\/facebook.com\/mxkalot","https:\/\/x.com\/kalotmx","http:\/\/instagram.com\/kalotmx","http:\/\/pinterest.com\/jorgeerana\/kalot"]},{"@type":"Person","@id":"https:\/\/kalot.com.mx\/site\/#\/schema\/person\/444a91ecc3b075ab573ff515d7f6d6e3","name":"Ivan Mendez","image":{"@type":"ImageObject","inLanguage":"es","@id":"https:\/\/secure.gravatar.com\/avatar\/d3590cbb14ecd120bf7a8d9b0ab9a1dae9b2aab34a41a577b5288298a4d08e36?s=96&d=mm&r=g","url":"https:\/\/secure.gravatar.com\/avatar\/d3590cbb14ecd120bf7a8d9b0ab9a1dae9b2aab34a41a577b5288298a4d08e36?s=96&d=mm&r=g","contentUrl":"https:\/\/secure.gravatar.com\/avatar\/d3590cbb14ecd120bf7a8d9b0ab9a1dae9b2aab34a41a577b5288298a4d08e36?s=96&d=mm&r=g","caption":"Ivan Mendez"},"url":"https:\/\/kalot.com.mx\/site\/author\/ivan\/"}]}},"jetpack_publicize_connections":[],"jetpack_featured_media_url":"https:\/\/i0.wp.com\/kalot.com.mx\/site\/wp-content\/uploads\/2014\/07\/Foggy_window_by_TrendyDNA.jpg?fit=1203%2C780&ssl=1","jetpack_shortlink":"https:\/\/wp.me\/p6IHEI-4wV","jetpack-related-posts":[{"id":20416,"url":"https:\/\/kalot.com.mx\/site\/2015\/02\/16\/historias-contadas-la-mexicana-los-muertos-vivientes\/","url_meta":{"origin":17417,"position":0},"title":"Historias contadas a la Mexicana: &#8220;Los Muertos Vivientes&#8221;","author":"HM_MKT007","date":"16 febrero, 2015","format":false,"excerpt":"Hoy me eh despertado por la ma\u00f1ana, pero... \u00bfSe me ha hecho tarde para ir a trabajar? \u00bfSigo en la escuela? \u00bfEstoy de vacaciones? No entiendo que sucede, me despierto totalmente crudo por la parranda que eh tenido el d\u00eda de ayer \u00a1S\u00cd, que siga la party papaloy!, a\u00fan conservo\u2026","rel":"","context":"Entrada similar ","block_context":{"text":"Entrada similar ","link":""},"img":{"alt_text":"","src":"https:\/\/i0.wp.com\/kalot.com.mx\/site\/wp-content\/uploads\/2015\/02\/a08n1esp-1.jpg?fit=500%2C329&ssl=1&resize=350%2C200","width":350,"height":200},"classes":[]},{"id":1563,"url":"https:\/\/kalot.com.mx\/site\/2013\/09\/13\/soy-de-la-generacion-uso-converse-desde-los-12\/","url_meta":{"origin":17417,"position":1},"title":"Generaci\u00f3n &#8220;Uso CONVERSE desde los 12&#8221; @converse_mexico","author":"Dulce Mireles","date":"13 septiembre, 2013","format":false,"excerpt":"Soy de la generaci\u00f3n \u201cconozco desde la secu a The Strokes \u201c, una generaci\u00f3n que creci\u00f3 de la manita con la tecnolog\u00eda, de la generaci\u00f3n \u201ctraigo un cel con pantalla a color\u201d de la generaci\u00f3n \u201cpr\u00e9stame tu celular para jugar la viborita\u201d\u00a0Me he enfrentado a muchos cambios, tengo muchas inquietudes,\u2026","rel":"","context":"En &quot;Sin categor\u00eda&quot;","block_context":{"text":"Sin categor\u00eda","link":"https:\/\/kalot.com.mx\/site\/category\/sin-categoria\/"},"img":{"alt_text":"","src":"https:\/\/i0.wp.com\/kalot.com.mx\/site\/wp-content\/uploads\/2013\/09\/5283fc093f4fb1ae7f4cede0ff68bdcb.jpg?fit=400%2C400&ssl=1&resize=350%2C200","width":350,"height":200},"classes":[]},{"id":23929,"url":"https:\/\/kalot.com.mx\/site\/2015\/10\/20\/carta-abierta-al-amor-de-mi-vida\/","url_meta":{"origin":17417,"position":2},"title":"Carta abierta al amor de mi vida.","author":"Mar\u00eda Alvarado","date":"20 octubre, 2015","format":false,"excerpt":"Hola, espero que te encuentres bien. Quiero decirte que necesito que no tengas dudas de lo que fuiste para m\u00ed, el gran amor de mi vida; uno de esos que llegan una vez en la vida y que nunca se van de ella. Tu llegada a mi vida fue una\u2026","rel":"","context":"En &quot;Cultura&quot;","block_context":{"text":"Cultura","link":"https:\/\/kalot.com.mx\/site\/category\/cultura\/"},"img":{"alt_text":"","src":"https:\/\/i0.wp.com\/kalot.com.mx\/site\/wp-content\/uploads\/2015\/10\/dear-letter.jpg?fit=948%2C532&ssl=1&resize=350%2C200","width":350,"height":200,"srcset":"https:\/\/i0.wp.com\/kalot.com.mx\/site\/wp-content\/uploads\/2015\/10\/dear-letter.jpg?fit=948%2C532&ssl=1&resize=350%2C200 1x, https:\/\/i0.wp.com\/kalot.com.mx\/site\/wp-content\/uploads\/2015\/10\/dear-letter.jpg?fit=948%2C532&ssl=1&resize=525%2C300 1.5x, https:\/\/i0.wp.com\/kalot.com.mx\/site\/wp-content\/uploads\/2015\/10\/dear-letter.jpg?fit=948%2C532&ssl=1&resize=700%2C400 2x"},"classes":[]},{"id":13664,"url":"https:\/\/kalot.com.mx\/site\/2014\/03\/20\/la-semilla-del-amor\/","url_meta":{"origin":17417,"position":3},"title":"La semilla del Amor.","author":"Andrea Debo","date":"20 marzo, 2014","format":false,"excerpt":"Hace alg\u00fan tiempo (en mi adolescencia) le\u00ed un libro llamado \"Pies de ciervas en los lugares altos\" Si, ya s\u00e9, quiz\u00e1 suene algo demasiado cursi y la verdad es que s\u00ed. Pero ese no es el punto. Los siguientes p\u00e1rrafos que les escribo realmente llamaron mi atenci\u00f3n y lo siguen\u2026","rel":"","context":"Con 1 comentario","block_context":{"text":"Con 1 comentario","link":"https:\/\/kalot.com.mx\/site\/2014\/03\/20\/la-semilla-del-amor\/#comments"},"img":{"alt_text":"","src":"https:\/\/i0.wp.com\/kalot.com.mx\/site\/wp-content\/uploads\/2014\/03\/317485_2534501005552_1981585058_n.jpg?fit=720%2C540&ssl=1&resize=350%2C200","width":350,"height":200,"srcset":"https:\/\/i0.wp.com\/kalot.com.mx\/site\/wp-content\/uploads\/2014\/03\/317485_2534501005552_1981585058_n.jpg?fit=720%2C540&ssl=1&resize=350%2C200 1x, https:\/\/i0.wp.com\/kalot.com.mx\/site\/wp-content\/uploads\/2014\/03\/317485_2534501005552_1981585058_n.jpg?fit=720%2C540&ssl=1&resize=525%2C300 1.5x, https:\/\/i0.wp.com\/kalot.com.mx\/site\/wp-content\/uploads\/2014\/03\/317485_2534501005552_1981585058_n.jpg?fit=720%2C540&ssl=1&resize=700%2C400 2x"},"classes":[]},{"id":17039,"url":"https:\/\/kalot.com.mx\/site\/2014\/06\/29\/por-que-la-carrera-de-fernando-dente-hizo-sentir-viejo\/","url_meta":{"origin":17417,"position":4},"title":"\u00bfPor qu\u00e9 la carrera de Fernando Dente me hizo sentir viejo?","author":"Ivan Mendez","date":"29 junio, 2014","format":false,"excerpt":"\u2018Yo solo quer\u00eda repasar ingl\u00e9s\u2019 me dije mientras abr\u00eda los ojos por cuarta ma\u00f1ana consecutiva sintiendo que el tiempo se me iba, la vida no me esperaba y cada segundo era una p\u00e9rdida de tiempo. Sorprendentemente nada hac\u00eda que aun as\u00ed quisiera hacer algo para cambiar. \u2018T\u00fa tienes la culpa\u2026","rel":"","context":"Entrada similar ","block_context":{"text":"Entrada similar ","link":""},"img":{"alt_text":"","src":"https:\/\/i0.wp.com\/kalot.com.mx\/site\/wp-content\/uploads\/2014\/06\/el-verdadero.png?fit=1200%2C674&ssl=1&resize=350%2C200","width":350,"height":200,"srcset":"https:\/\/i0.wp.com\/kalot.com.mx\/site\/wp-content\/uploads\/2014\/06\/el-verdadero.png?fit=1200%2C674&ssl=1&resize=350%2C200 1x, https:\/\/i0.wp.com\/kalot.com.mx\/site\/wp-content\/uploads\/2014\/06\/el-verdadero.png?fit=1200%2C674&ssl=1&resize=525%2C300 1.5x, https:\/\/i0.wp.com\/kalot.com.mx\/site\/wp-content\/uploads\/2014\/06\/el-verdadero.png?fit=1200%2C674&ssl=1&resize=700%2C400 2x, https:\/\/i0.wp.com\/kalot.com.mx\/site\/wp-content\/uploads\/2014\/06\/el-verdadero.png?fit=1200%2C674&ssl=1&resize=1050%2C600 3x"},"classes":[]},{"id":21349,"url":"https:\/\/kalot.com.mx\/site\/2015\/04\/29\/ritual-afeitarse-los-hombres-tambien-sufren-sponsored\/","url_meta":{"origin":17417,"position":5},"title":"El ritual de afeitarse, porque los hombres tambi\u00e9n sufren. #Sponsored","author":"Jorge Era\u00f1a","date":"29 abril, 2015","format":false,"excerpt":"Hoy en d\u00eda tenemos el tiempo contado, donde m\u00e1s tiempo ahorremos es mejor. Pero \u00bfQu\u00e9 pasa si se trata de nuestro cuidado personal? Sinceramente yo soy de los que prefieren invertir el menos tiempo posible y me ha pasado que por las prisas no logro hacerlo bien. Sinceramente lo he\u2026","rel":"","context":"Entrada similar ","block_context":{"text":"Entrada similar ","link":""},"img":{"alt_text":"","src":"https:\/\/i0.wp.com\/kalot.com.mx\/site\/wp-content\/uploads\/2015\/04\/Captura-de-pantalla-2015-04-29-a-las-10.39.41-a.m..png?fit=651%2C417&ssl=1&resize=350%2C200","width":350,"height":200,"srcset":"https:\/\/i0.wp.com\/kalot.com.mx\/site\/wp-content\/uploads\/2015\/04\/Captura-de-pantalla-2015-04-29-a-las-10.39.41-a.m..png?fit=651%2C417&ssl=1&resize=350%2C200 1x, https:\/\/i0.wp.com\/kalot.com.mx\/site\/wp-content\/uploads\/2015\/04\/Captura-de-pantalla-2015-04-29-a-las-10.39.41-a.m..png?fit=651%2C417&ssl=1&resize=525%2C300 1.5x"},"classes":[]}],"jetpack_sharing_enabled":true,"_links":{"self":[{"href":"https:\/\/kalot.com.mx\/site\/wp-json\/wp\/v2\/posts\/17417","targetHints":{"allow":["GET"]}}],"collection":[{"href":"https:\/\/kalot.com.mx\/site\/wp-json\/wp\/v2\/posts"}],"about":[{"href":"https:\/\/kalot.com.mx\/site\/wp-json\/wp\/v2\/types\/post"}],"author":[{"embeddable":true,"href":"https:\/\/kalot.com.mx\/site\/wp-json\/wp\/v2\/users\/51"}],"replies":[{"embeddable":true,"href":"https:\/\/kalot.com.mx\/site\/wp-json\/wp\/v2\/comments?post=17417"}],"version-history":[{"count":0,"href":"https:\/\/kalot.com.mx\/site\/wp-json\/wp\/v2\/posts\/17417\/revisions"}],"wp:featuredmedia":[{"embeddable":true,"href":"https:\/\/kalot.com.mx\/site\/wp-json\/wp\/v2\/media\/17419"}],"wp:attachment":[{"href":"https:\/\/kalot.com.mx\/site\/wp-json\/wp\/v2\/media?parent=17417"}],"wp:term":[{"taxonomy":"category","embeddable":true,"href":"https:\/\/kalot.com.mx\/site\/wp-json\/wp\/v2\/categories?post=17417"},{"taxonomy":"post_tag","embeddable":true,"href":"https:\/\/kalot.com.mx\/site\/wp-json\/wp\/v2\/tags?post=17417"}],"curies":[{"name":"wp","href":"https:\/\/api.w.org\/{rel}","templated":true}]}}