{"id":17392,"date":"2014-07-27T11:52:27","date_gmt":"2014-07-27T16:52:27","guid":{"rendered":"http:\/\/www.kalot.com.mx\/?p=17392"},"modified":"2014-07-27T11:54:37","modified_gmt":"2014-07-27T16:54:37","slug":"walking-dead-trailer-5ta-temporada","status":"publish","type":"post","link":"https:\/\/kalot.com.mx\/site\/2014\/07\/27\/walking-dead-trailer-5ta-temporada\/","title":{"rendered":"The walking dead, tr\u00e1iler 5ta temporada."},"content":{"rendered":"<p><strong>En la Comic-Con de San Diego AMC present\u00f3 un nuevo tr\u00e1iler estremecedor que nos prepara para la quinta temporada. Veremos m\u00e1s zombis contra Rick Grimes y compa\u00f1\u00eda a partir del 12 de octubre de 2014.<\/strong><br \/>\n<span class=\"embed-youtube\" style=\"text-align:center; display: block;\"><iframe class=\"youtube-player\" width=\"1200\" height=\"675\" src=\"https:\/\/www.youtube.com\/embed\/6IF7QX8uMhg?version=3&#038;rel=1&#038;showsearch=0&#038;showinfo=1&#038;iv_load_policy=1&#038;fs=1&#038;hl=es-MX&#038;autohide=2&#038;wmode=transparent\" allowfullscreen=\"true\" style=\"border:0;\" sandbox=\"allow-scripts allow-same-origin allow-popups allow-presentation allow-popups-to-escape-sandbox\"><\/iframe><\/span><\/p>\n<p>Como recordaremos al final de la 4ta temporada Rick y los muchachos (a\u00fan les digo muchachos porque estamos en 1995) se encontraban en Terminus atrapados por el supuesto grupo de canibales, ahora con este trailer noto algo que no hab\u00eda visto en las temporadas anteriores ese algo como m\u00e1s obscuro, m\u00e1s acci\u00f3n quiz\u00e1s complementado con el drama y situaci\u00f3nes dif\u00edciles de llevar esperemos que esta 5ta temporada nos traiga m\u00e1s acci\u00f3n y que sigan adptantandola al comic un poco m\u00e1s cada vez.<\/p>\n","protected":false},"excerpt":{"rendered":"En la Comic-Con de San Diego AMC present\u00f3 un nuevo tr\u00e1iler estremecedor que nos prepara para la quinta&hellip;\n","protected":false},"author":70,"featured_media":17395,"comment_status":"open","ping_status":"open","sticky":false,"template":"","format":"standard","meta":{"jetpack_post_was_ever_published":false,"_jetpack_newsletter_access":"","_jetpack_dont_email_post_to_subs":false,"_jetpack_newsletter_tier_id":0,"_jetpack_memberships_contains_paywalled_content":false,"_jetpack_memberships_contains_paid_content":false,"footnotes":"","jetpack_publicize_message":"","jetpack_publicize_feature_enabled":true,"jetpack_social_post_already_shared":true,"jetpack_social_options":{"image_generator_settings":{"template":"highway","default_image_id":0,"font":"","enabled":false},"version":2}},"categories":[],"tags":[],"class_list":{"0":"post-17392","1":"post","2":"type-post","3":"status-publish","4":"format-standard","5":"has-post-thumbnail","7":"cs-entry","8":"cs-video-wrap"},"yoast_head":"<!-- This site is optimized with the Yoast SEO plugin v27.5 - https:\/\/yoast.com\/product\/yoast-seo-wordpress\/ -->\n<title>The walking dead, trailer 5ta temporada.<\/title>\n<meta name=\"description\" content=\"The walking dead, trailer 5ta temporada.\" \/>\n<meta name=\"robots\" content=\"index, follow, max-snippet:-1, max-image-preview:large, max-video-preview:-1\" \/>\n<link rel=\"canonical\" href=\"https:\/\/kalot.com.mx\/site\/2014\/07\/27\/walking-dead-trailer-5ta-temporada\/\" \/>\n<meta property=\"og:locale\" content=\"es_MX\" \/>\n<meta property=\"og:type\" content=\"article\" \/>\n<meta property=\"og:title\" content=\"The walking dead, trailer 5ta temporada.\" \/>\n<meta property=\"og:description\" content=\"The walking dead, trailer 5ta temporada.\" \/>\n<meta property=\"og:url\" content=\"https:\/\/kalot.com.mx\/site\/2014\/07\/27\/walking-dead-trailer-5ta-temporada\/\" \/>\n<meta property=\"og:site_name\" content=\"Kalot\" \/>\n<meta property=\"article:publisher\" content=\"http:\/\/facebook.com\/mxkalot\" \/>\n<meta property=\"article:published_time\" content=\"2014-07-27T16:52:27+00:00\" \/>\n<meta property=\"article:modified_time\" content=\"2014-07-27T16:54:37+00:00\" \/>\n<meta property=\"og:image\" content=\"https:\/\/i1.wp.com\/kalot.com.mx\/site\/wp-content\/uploads\/2014\/07\/The-Walking-Dead-Quinta-Temporada-Carlost-001.jpg?fit=640%2C360&ssl=1\" \/>\n\t<meta property=\"og:image:width\" content=\"640\" \/>\n\t<meta property=\"og:image:height\" content=\"360\" \/>\n\t<meta property=\"og:image:type\" content=\"image\/jpeg\" \/>\n<meta name=\"author\" content=\"Gustavo Elizarrar\u00e1s\" \/>\n<meta name=\"twitter:card\" content=\"summary_large_image\" \/>\n<meta name=\"twitter:creator\" content=\"@kalotmx\" \/>\n<meta name=\"twitter:site\" content=\"@kalotmx\" \/>\n<meta name=\"twitter:label1\" content=\"Escrito por\" \/>\n\t<meta name=\"twitter:data1\" content=\"Gustavo Elizarrar\u00e1s\" \/>\n\t<meta name=\"twitter:label2\" content=\"Tiempo de lectura\" \/>\n\t<meta name=\"twitter:data2\" content=\"1 minuto\" \/>\n<!-- \/ Yoast SEO plugin. -->","yoast_head_json":{"title":"The walking dead, trailer 5ta temporada.","description":"The walking dead, trailer 5ta temporada.","robots":{"index":"index","follow":"follow","max-snippet":"max-snippet:-1","max-image-preview":"max-image-preview:large","max-video-preview":"max-video-preview:-1"},"canonical":"https:\/\/kalot.com.mx\/site\/2014\/07\/27\/walking-dead-trailer-5ta-temporada\/","og_locale":"es_MX","og_type":"article","og_title":"The walking dead, trailer 5ta temporada.","og_description":"The walking dead, trailer 5ta temporada.","og_url":"https:\/\/kalot.com.mx\/site\/2014\/07\/27\/walking-dead-trailer-5ta-temporada\/","og_site_name":"Kalot","article_publisher":"http:\/\/facebook.com\/mxkalot","article_published_time":"2014-07-27T16:52:27+00:00","article_modified_time":"2014-07-27T16:54:37+00:00","og_image":[{"width":640,"height":360,"url":"https:\/\/i1.wp.com\/kalot.com.mx\/site\/wp-content\/uploads\/2014\/07\/The-Walking-Dead-Quinta-Temporada-Carlost-001.jpg?fit=640%2C360&ssl=1","type":"image\/jpeg"}],"author":"Gustavo Elizarrar\u00e1s","twitter_card":"summary_large_image","twitter_creator":"@kalotmx","twitter_site":"@kalotmx","twitter_misc":{"Escrito por":"Gustavo Elizarrar\u00e1s","Tiempo de lectura":"1 minuto"},"schema":{"@context":"https:\/\/schema.org","@graph":[{"@type":"Article","@id":"https:\/\/kalot.com.mx\/site\/2014\/07\/27\/walking-dead-trailer-5ta-temporada\/#article","isPartOf":{"@id":"https:\/\/kalot.com.mx\/site\/2014\/07\/27\/walking-dead-trailer-5ta-temporada\/"},"author":{"name":"Gustavo Elizarrar\u00e1s","@id":"https:\/\/kalot.com.mx\/site\/#\/schema\/person\/56c4d534e0ada7114c02c36890471963"},"headline":"The walking dead, tr\u00e1iler 5ta temporada.","datePublished":"2014-07-27T16:52:27+00:00","dateModified":"2014-07-27T16:54:37+00:00","mainEntityOfPage":{"@id":"https:\/\/kalot.com.mx\/site\/2014\/07\/27\/walking-dead-trailer-5ta-temporada\/"},"wordCount":144,"commentCount":0,"publisher":{"@id":"https:\/\/kalot.com.mx\/site\/#organization"},"image":{"@id":"https:\/\/kalot.com.mx\/site\/2014\/07\/27\/walking-dead-trailer-5ta-temporada\/#primaryimage"},"thumbnailUrl":"https:\/\/i0.wp.com\/kalot.com.mx\/site\/wp-content\/uploads\/2014\/07\/The-Walking-Dead-Quinta-Temporada-Carlost-001.jpg?fit=640%2C360&ssl=1","inLanguage":"es","potentialAction":[{"@type":"CommentAction","name":"Comment","target":["https:\/\/kalot.com.mx\/site\/2014\/07\/27\/walking-dead-trailer-5ta-temporada\/#respond"]}]},{"@type":"WebPage","@id":"https:\/\/kalot.com.mx\/site\/2014\/07\/27\/walking-dead-trailer-5ta-temporada\/","url":"https:\/\/kalot.com.mx\/site\/2014\/07\/27\/walking-dead-trailer-5ta-temporada\/","name":"The walking dead, trailer 5ta temporada.","isPartOf":{"@id":"https:\/\/kalot.com.mx\/site\/#website"},"primaryImageOfPage":{"@id":"https:\/\/kalot.com.mx\/site\/2014\/07\/27\/walking-dead-trailer-5ta-temporada\/#primaryimage"},"image":{"@id":"https:\/\/kalot.com.mx\/site\/2014\/07\/27\/walking-dead-trailer-5ta-temporada\/#primaryimage"},"thumbnailUrl":"https:\/\/i0.wp.com\/kalot.com.mx\/site\/wp-content\/uploads\/2014\/07\/The-Walking-Dead-Quinta-Temporada-Carlost-001.jpg?fit=640%2C360&ssl=1","datePublished":"2014-07-27T16:52:27+00:00","dateModified":"2014-07-27T16:54:37+00:00","description":"The walking dead, trailer 5ta temporada.","breadcrumb":{"@id":"https:\/\/kalot.com.mx\/site\/2014\/07\/27\/walking-dead-trailer-5ta-temporada\/#breadcrumb"},"inLanguage":"es","potentialAction":[{"@type":"ReadAction","target":["https:\/\/kalot.com.mx\/site\/2014\/07\/27\/walking-dead-trailer-5ta-temporada\/"]}]},{"@type":"ImageObject","inLanguage":"es","@id":"https:\/\/kalot.com.mx\/site\/2014\/07\/27\/walking-dead-trailer-5ta-temporada\/#primaryimage","url":"https:\/\/i0.wp.com\/kalot.com.mx\/site\/wp-content\/uploads\/2014\/07\/The-Walking-Dead-Quinta-Temporada-Carlost-001.jpg?fit=640%2C360&ssl=1","contentUrl":"https:\/\/i0.wp.com\/kalot.com.mx\/site\/wp-content\/uploads\/2014\/07\/The-Walking-Dead-Quinta-Temporada-Carlost-001.jpg?fit=640%2C360&ssl=1","width":640,"height":360},{"@type":"BreadcrumbList","@id":"https:\/\/kalot.com.mx\/site\/2014\/07\/27\/walking-dead-trailer-5ta-temporada\/#breadcrumb","itemListElement":[{"@type":"ListItem","position":1,"name":"Home","item":"https:\/\/kalot.com.mx\/site\/"},{"@type":"ListItem","position":2,"name":"The walking dead, tr\u00e1iler 5ta temporada."}]},{"@type":"WebSite","@id":"https:\/\/kalot.com.mx\/site\/#website","url":"https:\/\/kalot.com.mx\/site\/","name":"Kalot","description":"Conoce Todo Sobre Todo","publisher":{"@id":"https:\/\/kalot.com.mx\/site\/#organization"},"potentialAction":[{"@type":"SearchAction","target":{"@type":"EntryPoint","urlTemplate":"https:\/\/kalot.com.mx\/site\/?s={search_term_string}"},"query-input":{"@type":"PropertyValueSpecification","valueRequired":true,"valueName":"search_term_string"}}],"inLanguage":"es"},{"@type":"Organization","@id":"https:\/\/kalot.com.mx\/site\/#organization","name":"Kalot","url":"https:\/\/kalot.com.mx\/site\/","logo":{"@type":"ImageObject","inLanguage":"es","@id":"https:\/\/kalot.com.mx\/site\/#\/schema\/logo\/image\/","url":"https:\/\/i0.wp.com\/kalot.com.mx\/site\/wp-content\/uploads\/2020\/04\/Kalot-logo-sin-tagline.png?fit=1707%2C1014&ssl=1","contentUrl":"https:\/\/i0.wp.com\/kalot.com.mx\/site\/wp-content\/uploads\/2020\/04\/Kalot-logo-sin-tagline.png?fit=1707%2C1014&ssl=1","width":1707,"height":1014,"caption":"Kalot"},"image":{"@id":"https:\/\/kalot.com.mx\/site\/#\/schema\/logo\/image\/"},"sameAs":["http:\/\/facebook.com\/mxkalot","https:\/\/x.com\/kalotmx","http:\/\/instagram.com\/kalotmx","http:\/\/pinterest.com\/jorgeerana\/kalot"]},{"@type":"Person","@id":"https:\/\/kalot.com.mx\/site\/#\/schema\/person\/56c4d534e0ada7114c02c36890471963","name":"Gustavo Elizarrar\u00e1s","image":{"@type":"ImageObject","inLanguage":"es","@id":"https:\/\/secure.gravatar.com\/avatar\/d76e26ab4b33f0d06de52fd87121253e411643bbbff0a8e2a39cde1c3c7d8b34?s=96&d=mm&r=g","url":"https:\/\/secure.gravatar.com\/avatar\/d76e26ab4b33f0d06de52fd87121253e411643bbbff0a8e2a39cde1c3c7d8b34?s=96&d=mm&r=g","contentUrl":"https:\/\/secure.gravatar.com\/avatar\/d76e26ab4b33f0d06de52fd87121253e411643bbbff0a8e2a39cde1c3c7d8b34?s=96&d=mm&r=g","caption":"Gustavo Elizarrar\u00e1s"},"description":"Soy un tipo sencillo, amante del buen cine, la buena m\u00fasica creo fervientemente en el karma, el Coco y los campos de fresa por siempre, odio las etiquetas de la ropa, gamer noventero y estudiante de Ingenier\u00eda Industrial.","url":"https:\/\/kalot.com.mx\/site\/author\/gustavo\/"}]}},"jetpack_publicize_connections":[],"jetpack_featured_media_url":"https:\/\/i0.wp.com\/kalot.com.mx\/site\/wp-content\/uploads\/2014\/07\/The-Walking-Dead-Quinta-Temporada-Carlost-001.jpg?fit=640%2C360&ssl=1","jetpack_shortlink":"https:\/\/wp.me\/p6IHEI-4ww","jetpack-related-posts":[{"id":17242,"url":"https:\/\/kalot.com.mx\/site\/2014\/07\/11\/walking-dead-5ta-temporda-avance\/","url_meta":{"origin":17392,"position":0},"title":"The Walking Dead, 5ta temporda. (Avance)","author":"Gustavo Elizarrar\u00e1s","date":"11 julio, 2014","format":false,"excerpt":"La cadena ABC hace unos d\u00edas puso al aire un peque\u00f1o adelanto de la quinta temporada de The Walking Dead. El v\u00eddeo nos muestra a Carol y Tyreese que los guionistas dejaron en al aire en la anterior temporada, y nos recuerda que en la serie, aunque sea de vez\u2026","rel":"","context":"Entrada similar ","block_context":{"text":"Entrada similar ","link":""},"img":{"alt_text":"","src":"https:\/\/i0.wp.com\/kalot.com.mx\/site\/wp-content\/uploads\/2014\/07\/the-walking-dead-despide-su-cuarta-temporada-con-record-de-audiencia-en-amc-02.jpg?fit=540%2C290&ssl=1&resize=350%2C200","width":350,"height":200,"srcset":"https:\/\/i0.wp.com\/kalot.com.mx\/site\/wp-content\/uploads\/2014\/07\/the-walking-dead-despide-su-cuarta-temporada-con-record-de-audiencia-en-amc-02.jpg?fit=540%2C290&ssl=1&resize=350%2C200 1x, https:\/\/i0.wp.com\/kalot.com.mx\/site\/wp-content\/uploads\/2014\/07\/the-walking-dead-despide-su-cuarta-temporada-con-record-de-audiencia-en-amc-02.jpg?fit=540%2C290&ssl=1&resize=525%2C300 1.5x"},"classes":[]},{"id":10545,"url":"https:\/\/kalot.com.mx\/site\/2014\/01\/28\/trailer-walking-dead\/","url_meta":{"origin":17392,"position":1},"title":"Nuevo trailer del regreso de The Walking Dead","author":"Jorge Era\u00f1a","date":"28 enero, 2014","format":false,"excerpt":"\u00a0 *Esta entrada puede tener SPOILERS de la serie Ya son 3 los avances que tenemos del regreso de la cuarta temporada de The Walking Dead y parece que la espera ha sido eterna para que regrese esta serie que nos ha dejado a todos sorprendidos desde los cambios tan\u2026","rel":"","context":"Entrada similar ","block_context":{"text":"Entrada similar ","link":""},"img":{"alt_text":"the-walking-dead-season-4","src":"https:\/\/i0.wp.com\/kalot.com.mx\/site\/wp-content\/uploads\/2014\/01\/the-walking-dead-season-4b-poster.jpg?fit=520%2C560&ssl=1&resize=350%2C200","width":350,"height":200},"classes":[]},{"id":11308,"url":"https:\/\/kalot.com.mx\/site\/2014\/02\/08\/todo-sobre-el-regreso-de-walking-dead\/","url_meta":{"origin":17392,"position":2},"title":"Todo sobre el regreso de The Walking Dead.","author":"Gustavo Elizarrar\u00e1s","date":"8 febrero, 2014","format":false,"excerpt":"\u00a0 La segunda parte de la cuarta temporada de \u2018The Walking Dead\u2019 se estrenar\u00e1 este domingo 9 de febrero para deleite de sus millones de fan\u00e1ticos en todo el mundo.\u00a0La serie ficci\u00f3n, basada en el c\u00f3mic hom\u00f3nimo de Robert Kirkman, mostrar\u00e1 la verdad obre uno de los grandes misterios de\u2026","rel":"","context":"En &quot;Sin categor\u00eda&quot;","block_context":{"text":"Sin categor\u00eda","link":"https:\/\/kalot.com.mx\/site\/category\/sin-categoria\/"},"img":{"alt_text":"","src":"https:\/\/i0.wp.com\/kalot.com.mx\/site\/wp-content\/uploads\/2014\/02\/20650993.jpg?fit=640%2C256&ssl=1&resize=350%2C200","width":350,"height":200,"srcset":"https:\/\/i0.wp.com\/kalot.com.mx\/site\/wp-content\/uploads\/2014\/02\/20650993.jpg?fit=640%2C256&ssl=1&resize=350%2C200 1x, https:\/\/i0.wp.com\/kalot.com.mx\/site\/wp-content\/uploads\/2014\/02\/20650993.jpg?fit=640%2C256&ssl=1&resize=525%2C300 1.5x"},"classes":[]},{"id":18007,"url":"https:\/\/kalot.com.mx\/site\/2014\/09\/08\/trailer-de-american-horror-story-freak-show\/","url_meta":{"origin":17392,"position":3},"title":"Tr\u00e1iler de American Horror Story: Freak Show","author":"Ivan Mendez","date":"8 septiembre, 2014","format":false,"excerpt":"Hace menos de dos horas se dio a conocer el trailer definitivo de lo que ser\u00e1 la nueva temporada de la exitosa serie \"American Horror Story\" \u00a0estrenada en 2011 y que ha sabido reinventarse dando a cada temporada un giro y trama especial. Pasando desde la t\u00edpica historia de la\u2026","rel":"","context":"Entrada similar ","block_context":{"text":"Entrada similar ","link":""},"img":{"alt_text":"","src":"https:\/\/i0.wp.com\/kalot.com.mx\/site\/wp-content\/uploads\/2014\/09\/ahs-freakshow.jpg?fit=1200%2C675&ssl=1&resize=350%2C200","width":350,"height":200,"srcset":"https:\/\/i0.wp.com\/kalot.com.mx\/site\/wp-content\/uploads\/2014\/09\/ahs-freakshow.jpg?fit=1200%2C675&ssl=1&resize=350%2C200 1x, https:\/\/i0.wp.com\/kalot.com.mx\/site\/wp-content\/uploads\/2014\/09\/ahs-freakshow.jpg?fit=1200%2C675&ssl=1&resize=525%2C300 1.5x, https:\/\/i0.wp.com\/kalot.com.mx\/site\/wp-content\/uploads\/2014\/09\/ahs-freakshow.jpg?fit=1200%2C675&ssl=1&resize=700%2C400 2x, https:\/\/i0.wp.com\/kalot.com.mx\/site\/wp-content\/uploads\/2014\/09\/ahs-freakshow.jpg?fit=1200%2C675&ssl=1&resize=1050%2C600 3x"},"classes":[]},{"id":23851,"url":"https:\/\/kalot.com.mx\/site\/2015\/10\/12\/trailer-segunda-temporada-daredevil\/","url_meta":{"origin":17392,"position":4},"title":"Tr\u00e1iler segunda temporada Daredevil","author":"Jorge Era\u00f1a","date":"12 octubre, 2015","format":false,"excerpt":"No, no est\u00e1s so\u00f1ando, el tr\u00e1iler de la segunda temporada de Daredevil ha llegado :) https:\/\/www.facebook.com\/mxkalot\/posts\/935371833196500","rel":"","context":"En &quot;Cine&quot;","block_context":{"text":"Cine","link":"https:\/\/kalot.com.mx\/site\/category\/cine\/"},"img":{"alt_text":"","src":"https:\/\/i0.wp.com\/kalot.com.mx\/site\/wp-content\/uploads\/2015\/10\/Captura-de-pantalla-2015-10-12-a-las-11.34.15-a.m..png?fit=1200%2C750&ssl=1&resize=350%2C200","width":350,"height":200,"srcset":"https:\/\/i0.wp.com\/kalot.com.mx\/site\/wp-content\/uploads\/2015\/10\/Captura-de-pantalla-2015-10-12-a-las-11.34.15-a.m..png?fit=1200%2C750&ssl=1&resize=350%2C200 1x, https:\/\/i0.wp.com\/kalot.com.mx\/site\/wp-content\/uploads\/2015\/10\/Captura-de-pantalla-2015-10-12-a-las-11.34.15-a.m..png?fit=1200%2C750&ssl=1&resize=525%2C300 1.5x, https:\/\/i0.wp.com\/kalot.com.mx\/site\/wp-content\/uploads\/2015\/10\/Captura-de-pantalla-2015-10-12-a-las-11.34.15-a.m..png?fit=1200%2C750&ssl=1&resize=700%2C400 2x, https:\/\/i0.wp.com\/kalot.com.mx\/site\/wp-content\/uploads\/2015\/10\/Captura-de-pantalla-2015-10-12-a-las-11.34.15-a.m..png?fit=1200%2C750&ssl=1&resize=1050%2C600 3x"},"classes":[]},{"id":20017,"url":"https:\/\/kalot.com.mx\/site\/2015\/01\/13\/dlc-de-assassins-creed-unity-dead-kings\/","url_meta":{"origin":17392,"position":5},"title":"DLC de ASSASSINS CREED UNITY: DEAD KINGS.","author":"HM_MKT007","date":"13 enero, 2015","format":false,"excerpt":"Tenemos buenas noticias para la hermandad de los asesinos, bueno, para los amantes de la saga, el d\u00eda de hoy, llega el primer DLC de ASSASSINS CREED UNITY, nombrado como DEAD KINGS, o REYES MUERTOS, un contenido descargable que en concepto, debi\u00f3 formar parte del pase de temporada del juego,\u2026","rel":"","context":"Entrada similar ","block_context":{"text":"Entrada similar ","link":""},"img":{"alt_text":"","src":"https:\/\/i0.wp.com\/kalot.com.mx\/site\/wp-content\/uploads\/2015\/01\/ACU_Dead-Kings_DLC_3-Graveyard-Copy.jpg?fit=1200%2C675&ssl=1&resize=350%2C200","width":350,"height":200,"srcset":"https:\/\/i0.wp.com\/kalot.com.mx\/site\/wp-content\/uploads\/2015\/01\/ACU_Dead-Kings_DLC_3-Graveyard-Copy.jpg?fit=1200%2C675&ssl=1&resize=350%2C200 1x, https:\/\/i0.wp.com\/kalot.com.mx\/site\/wp-content\/uploads\/2015\/01\/ACU_Dead-Kings_DLC_3-Graveyard-Copy.jpg?fit=1200%2C675&ssl=1&resize=525%2C300 1.5x, https:\/\/i0.wp.com\/kalot.com.mx\/site\/wp-content\/uploads\/2015\/01\/ACU_Dead-Kings_DLC_3-Graveyard-Copy.jpg?fit=1200%2C675&ssl=1&resize=700%2C400 2x, https:\/\/i0.wp.com\/kalot.com.mx\/site\/wp-content\/uploads\/2015\/01\/ACU_Dead-Kings_DLC_3-Graveyard-Copy.jpg?fit=1200%2C675&ssl=1&resize=1050%2C600 3x"},"classes":[]}],"jetpack_sharing_enabled":true,"_links":{"self":[{"href":"https:\/\/kalot.com.mx\/site\/wp-json\/wp\/v2\/posts\/17392","targetHints":{"allow":["GET"]}}],"collection":[{"href":"https:\/\/kalot.com.mx\/site\/wp-json\/wp\/v2\/posts"}],"about":[{"href":"https:\/\/kalot.com.mx\/site\/wp-json\/wp\/v2\/types\/post"}],"author":[{"embeddable":true,"href":"https:\/\/kalot.com.mx\/site\/wp-json\/wp\/v2\/users\/70"}],"replies":[{"embeddable":true,"href":"https:\/\/kalot.com.mx\/site\/wp-json\/wp\/v2\/comments?post=17392"}],"version-history":[{"count":0,"href":"https:\/\/kalot.com.mx\/site\/wp-json\/wp\/v2\/posts\/17392\/revisions"}],"wp:featuredmedia":[{"embeddable":true,"href":"https:\/\/kalot.com.mx\/site\/wp-json\/wp\/v2\/media\/17395"}],"wp:attachment":[{"href":"https:\/\/kalot.com.mx\/site\/wp-json\/wp\/v2\/media?parent=17392"}],"wp:term":[{"taxonomy":"category","embeddable":true,"href":"https:\/\/kalot.com.mx\/site\/wp-json\/wp\/v2\/categories?post=17392"},{"taxonomy":"post_tag","embeddable":true,"href":"https:\/\/kalot.com.mx\/site\/wp-json\/wp\/v2\/tags?post=17392"}],"curies":[{"name":"wp","href":"https:\/\/api.w.org\/{rel}","templated":true}]}}