{"id":17292,"date":"2014-07-18T12:14:25","date_gmt":"2014-07-18T17:14:25","guid":{"rendered":"http:\/\/www.kalot.com.mx\/?p=17292"},"modified":"2014-07-18T12:14:25","modified_gmt":"2014-07-18T17:14:25","slug":"nuevo-trailer-de-la-pelicula-de-cantinflas","status":"publish","type":"post","link":"https:\/\/kalot.com.mx\/site\/2014\/07\/18\/nuevo-trailer-de-la-pelicula-de-cantinflas\/","title":{"rendered":"Nuevo tr\u00e1iler de la pel\u00edcula de Cantinflas"},"content":{"rendered":"<h1 id=\"la-pelicula-cantinflas-ya-tiene-su-segundo-trailer\" style=\"text-align: justify;\">La pel\u00edcula Cantinflas ya tiene su segundo tr\u00e1iler<\/h1>\n<p style=\"text-align: justify;\"><strong>Sebasti\u00e1n del Amo<\/strong> tiene todo listo para que en septiembre de este a\u00f1o se estrene esta <strong>Cantinflas<\/strong>, pel\u00edcula que realmente se ve interesante para homenajear al m\u00e1s grande del cine Mexicano.<\/p>\n<p style=\"text-align: justify;\">El parecido de <strong>\u00d3scar Jaenada<\/strong> es impresionante con el comediante <strong>Cantinflas<\/strong> y si a eso le agregamos un poco de maquillaje y caracterizaci\u00f3n resulta el personaje que veremos en la pantalla grande dentro de muy poco. El actor Espa\u00f1ol ya ha participado en <a href=\"http:\/\/www.imdb.com\/title\/tt1298650\/?ref_=nm_ov_bio_lk1\" target=\"_blank\">Piratas del Caribe<\/a>\u00a0y <a href=\"http:\/\/www.imdb.com\/title\/tt0480255\/?ref_=nm_ov_bio_lk2\" target=\"_blank\">The Losers<\/a>.<\/p>\n<h2 id=\"aqui-esta-el-segundo-trailer-de-cantinflas-y-si-no-lo-han-visto-abajito-viene-el-primero\" style=\"text-align: justify;\">Aqu\u00ed est\u00e1 el segundo tr\u00e1iler de Cantinflas y si no lo han visto abajito viene el primero.<\/h2>\n[embedvideo id=&#8221;YFqT0DM10QI&#8221; website=&#8221;youtube&#8221;]\n[embedvideo id=&#8221;QLpbaBDn1mQ&#8221; website=&#8221;youtube&#8221;]\n<p>\u00bfLes gust\u00f3?<\/p>\n","protected":false},"excerpt":{"rendered":"La pel\u00edcula Cantinflas ya tiene su segundo tr\u00e1iler Sebasti\u00e1n del Amo tiene todo listo para que en septiembre&hellip;\n","protected":false},"author":1,"featured_media":17293,"comment_status":"open","ping_status":"open","sticky":false,"template":"","format":"standard","meta":{"jetpack_post_was_ever_published":false,"_jetpack_newsletter_access":"","_jetpack_dont_email_post_to_subs":false,"_jetpack_newsletter_tier_id":0,"_jetpack_memberships_contains_paywalled_content":false,"_jetpack_memberships_contains_paid_content":false,"footnotes":"","jetpack_publicize_message":"","jetpack_publicize_feature_enabled":true,"jetpack_social_post_already_shared":true,"jetpack_social_options":{"image_generator_settings":{"template":"highway","default_image_id":0,"font":"","enabled":false},"version":2}},"categories":[],"tags":[],"class_list":{"0":"post-17292","1":"post","2":"type-post","3":"status-publish","4":"format-standard","5":"has-post-thumbnail","7":"cs-entry","8":"cs-video-wrap"},"yoast_head":"<!-- This site is optimized with the Yoast SEO plugin v27.4 - https:\/\/yoast.com\/product\/yoast-seo-wordpress\/ -->\n<title>Nuevo tr\u00e1iler de la pel\u00edcula de Cantinflas - Kalot<\/title>\n<meta name=\"description\" content=\"La pel\u00edcula Cantinflas ya tiene su segundo tr\u00e1iler Sebasti\u00e1n del Amo tiene todo listo para que en septiembre de este a\u00f1o se estrene esta Cantinflas,\" \/>\n<meta name=\"robots\" content=\"index, follow, max-snippet:-1, max-image-preview:large, max-video-preview:-1\" \/>\n<link rel=\"canonical\" href=\"https:\/\/kalot.com.mx\/site\/2014\/07\/18\/nuevo-trailer-de-la-pelicula-de-cantinflas\/\" \/>\n<meta property=\"og:locale\" content=\"es_MX\" \/>\n<meta property=\"og:type\" content=\"article\" \/>\n<meta property=\"og:title\" content=\"Nuevo tr\u00e1iler de la pel\u00edcula de Cantinflas - Kalot\" \/>\n<meta property=\"og:description\" content=\"La pel\u00edcula Cantinflas ya tiene su segundo tr\u00e1iler Sebasti\u00e1n del Amo tiene todo listo para que en septiembre de este a\u00f1o se estrene esta Cantinflas,\" \/>\n<meta property=\"og:url\" content=\"https:\/\/kalot.com.mx\/site\/2014\/07\/18\/nuevo-trailer-de-la-pelicula-de-cantinflas\/\" \/>\n<meta property=\"og:site_name\" content=\"Kalot\" \/>\n<meta property=\"article:publisher\" content=\"http:\/\/facebook.com\/mxkalot\" \/>\n<meta property=\"article:author\" content=\"http:\/\/www.facebook.com\/jorgeerana\" \/>\n<meta property=\"article:published_time\" content=\"2014-07-18T17:14:25+00:00\" \/>\n<meta property=\"og:image\" content=\"https:\/\/i2.wp.com\/kalot.com.mx\/site\/wp-content\/uploads\/2014\/07\/536420ec5827b.jpg?fit=617%2C339&ssl=1\" \/>\n\t<meta property=\"og:image:width\" content=\"617\" \/>\n\t<meta property=\"og:image:height\" content=\"339\" \/>\n\t<meta property=\"og:image:type\" content=\"image\/jpeg\" \/>\n<meta name=\"author\" content=\"Jorge Era\u00f1a\" \/>\n<meta name=\"twitter:card\" content=\"summary_large_image\" \/>\n<meta name=\"twitter:creator\" content=\"@jorge_erana\" \/>\n<meta name=\"twitter:site\" content=\"@kalotmx\" \/>\n<meta name=\"twitter:label1\" content=\"Escrito por\" \/>\n\t<meta name=\"twitter:data1\" content=\"Jorge Era\u00f1a\" \/>\n\t<meta name=\"twitter:label2\" content=\"Tiempo de lectura\" \/>\n\t<meta name=\"twitter:data2\" content=\"1 minuto\" \/>\n<!-- \/ Yoast SEO plugin. -->","yoast_head_json":{"title":"Nuevo tr\u00e1iler de la pel\u00edcula de Cantinflas - Kalot","description":"La pel\u00edcula Cantinflas ya tiene su segundo tr\u00e1iler Sebasti\u00e1n del Amo tiene todo listo para que en septiembre de este a\u00f1o se estrene esta Cantinflas,","robots":{"index":"index","follow":"follow","max-snippet":"max-snippet:-1","max-image-preview":"max-image-preview:large","max-video-preview":"max-video-preview:-1"},"canonical":"https:\/\/kalot.com.mx\/site\/2014\/07\/18\/nuevo-trailer-de-la-pelicula-de-cantinflas\/","og_locale":"es_MX","og_type":"article","og_title":"Nuevo tr\u00e1iler de la pel\u00edcula de Cantinflas - Kalot","og_description":"La pel\u00edcula Cantinflas ya tiene su segundo tr\u00e1iler Sebasti\u00e1n del Amo tiene todo listo para que en septiembre de este a\u00f1o se estrene esta Cantinflas,","og_url":"https:\/\/kalot.com.mx\/site\/2014\/07\/18\/nuevo-trailer-de-la-pelicula-de-cantinflas\/","og_site_name":"Kalot","article_publisher":"http:\/\/facebook.com\/mxkalot","article_author":"http:\/\/www.facebook.com\/jorgeerana","article_published_time":"2014-07-18T17:14:25+00:00","og_image":[{"width":617,"height":339,"url":"https:\/\/i2.wp.com\/kalot.com.mx\/site\/wp-content\/uploads\/2014\/07\/536420ec5827b.jpg?fit=617%2C339&ssl=1","type":"image\/jpeg"}],"author":"Jorge Era\u00f1a","twitter_card":"summary_large_image","twitter_creator":"@jorge_erana","twitter_site":"@kalotmx","twitter_misc":{"Escrito por":"Jorge Era\u00f1a","Tiempo de lectura":"1 minuto"},"schema":{"@context":"https:\/\/schema.org","@graph":[{"@type":"Article","@id":"https:\/\/kalot.com.mx\/site\/2014\/07\/18\/nuevo-trailer-de-la-pelicula-de-cantinflas\/#article","isPartOf":{"@id":"https:\/\/kalot.com.mx\/site\/2014\/07\/18\/nuevo-trailer-de-la-pelicula-de-cantinflas\/"},"author":{"name":"Jorge Era\u00f1a","@id":"https:\/\/kalot.com.mx\/site\/#\/schema\/person\/439e32b5ce86d9bc80cf42ab58e1c6e0"},"headline":"Nuevo tr\u00e1iler de la pel\u00edcula de Cantinflas","datePublished":"2014-07-18T17:14:25+00:00","mainEntityOfPage":{"@id":"https:\/\/kalot.com.mx\/site\/2014\/07\/18\/nuevo-trailer-de-la-pelicula-de-cantinflas\/"},"wordCount":138,"commentCount":0,"publisher":{"@id":"https:\/\/kalot.com.mx\/site\/#organization"},"image":{"@id":"https:\/\/kalot.com.mx\/site\/2014\/07\/18\/nuevo-trailer-de-la-pelicula-de-cantinflas\/#primaryimage"},"thumbnailUrl":"https:\/\/i0.wp.com\/kalot.com.mx\/site\/wp-content\/uploads\/2014\/07\/536420ec5827b.jpg?fit=617%2C339&ssl=1","inLanguage":"es","potentialAction":[{"@type":"CommentAction","name":"Comment","target":["https:\/\/kalot.com.mx\/site\/2014\/07\/18\/nuevo-trailer-de-la-pelicula-de-cantinflas\/#respond"]}]},{"@type":"WebPage","@id":"https:\/\/kalot.com.mx\/site\/2014\/07\/18\/nuevo-trailer-de-la-pelicula-de-cantinflas\/","url":"https:\/\/kalot.com.mx\/site\/2014\/07\/18\/nuevo-trailer-de-la-pelicula-de-cantinflas\/","name":"Nuevo tr\u00e1iler de la pel\u00edcula de Cantinflas - Kalot","isPartOf":{"@id":"https:\/\/kalot.com.mx\/site\/#website"},"primaryImageOfPage":{"@id":"https:\/\/kalot.com.mx\/site\/2014\/07\/18\/nuevo-trailer-de-la-pelicula-de-cantinflas\/#primaryimage"},"image":{"@id":"https:\/\/kalot.com.mx\/site\/2014\/07\/18\/nuevo-trailer-de-la-pelicula-de-cantinflas\/#primaryimage"},"thumbnailUrl":"https:\/\/i0.wp.com\/kalot.com.mx\/site\/wp-content\/uploads\/2014\/07\/536420ec5827b.jpg?fit=617%2C339&ssl=1","datePublished":"2014-07-18T17:14:25+00:00","description":"La pel\u00edcula Cantinflas ya tiene su segundo tr\u00e1iler Sebasti\u00e1n del Amo tiene todo listo para que en septiembre de este a\u00f1o se estrene esta Cantinflas,","breadcrumb":{"@id":"https:\/\/kalot.com.mx\/site\/2014\/07\/18\/nuevo-trailer-de-la-pelicula-de-cantinflas\/#breadcrumb"},"inLanguage":"es","potentialAction":[{"@type":"ReadAction","target":["https:\/\/kalot.com.mx\/site\/2014\/07\/18\/nuevo-trailer-de-la-pelicula-de-cantinflas\/"]}]},{"@type":"ImageObject","inLanguage":"es","@id":"https:\/\/kalot.com.mx\/site\/2014\/07\/18\/nuevo-trailer-de-la-pelicula-de-cantinflas\/#primaryimage","url":"https:\/\/i0.wp.com\/kalot.com.mx\/site\/wp-content\/uploads\/2014\/07\/536420ec5827b.jpg?fit=617%2C339&ssl=1","contentUrl":"https:\/\/i0.wp.com\/kalot.com.mx\/site\/wp-content\/uploads\/2014\/07\/536420ec5827b.jpg?fit=617%2C339&ssl=1","width":617,"height":339,"caption":"cantinflas"},{"@type":"BreadcrumbList","@id":"https:\/\/kalot.com.mx\/site\/2014\/07\/18\/nuevo-trailer-de-la-pelicula-de-cantinflas\/#breadcrumb","itemListElement":[{"@type":"ListItem","position":1,"name":"Home","item":"https:\/\/kalot.com.mx\/site\/"},{"@type":"ListItem","position":2,"name":"Nuevo tr\u00e1iler de la pel\u00edcula de Cantinflas"}]},{"@type":"WebSite","@id":"https:\/\/kalot.com.mx\/site\/#website","url":"https:\/\/kalot.com.mx\/site\/","name":"Kalot","description":"Conoce Todo Sobre Todo","publisher":{"@id":"https:\/\/kalot.com.mx\/site\/#organization"},"potentialAction":[{"@type":"SearchAction","target":{"@type":"EntryPoint","urlTemplate":"https:\/\/kalot.com.mx\/site\/?s={search_term_string}"},"query-input":{"@type":"PropertyValueSpecification","valueRequired":true,"valueName":"search_term_string"}}],"inLanguage":"es"},{"@type":"Organization","@id":"https:\/\/kalot.com.mx\/site\/#organization","name":"Kalot","url":"https:\/\/kalot.com.mx\/site\/","logo":{"@type":"ImageObject","inLanguage":"es","@id":"https:\/\/kalot.com.mx\/site\/#\/schema\/logo\/image\/","url":"https:\/\/i0.wp.com\/kalot.com.mx\/site\/wp-content\/uploads\/2020\/04\/Kalot-logo-sin-tagline.png?fit=1707%2C1014&ssl=1","contentUrl":"https:\/\/i0.wp.com\/kalot.com.mx\/site\/wp-content\/uploads\/2020\/04\/Kalot-logo-sin-tagline.png?fit=1707%2C1014&ssl=1","width":1707,"height":1014,"caption":"Kalot"},"image":{"@id":"https:\/\/kalot.com.mx\/site\/#\/schema\/logo\/image\/"},"sameAs":["http:\/\/facebook.com\/mxkalot","https:\/\/x.com\/kalotmx","http:\/\/instagram.com\/kalotmx","http:\/\/pinterest.com\/jorgeerana\/kalot"]},{"@type":"Person","@id":"https:\/\/kalot.com.mx\/site\/#\/schema\/person\/439e32b5ce86d9bc80cf42ab58e1c6e0","name":"Jorge Era\u00f1a","image":{"@type":"ImageObject","inLanguage":"es","@id":"https:\/\/secure.gravatar.com\/avatar\/212c04a1057d7abed0b82aaef6a7ff59168e10f70fcde39376c565ea83c43a85?s=96&d=mm&r=g","url":"https:\/\/secure.gravatar.com\/avatar\/212c04a1057d7abed0b82aaef6a7ff59168e10f70fcde39376c565ea83c43a85?s=96&d=mm&r=g","contentUrl":"https:\/\/secure.gravatar.com\/avatar\/212c04a1057d7abed0b82aaef6a7ff59168e10f70fcde39376c565ea83c43a85?s=96&d=mm&r=g","caption":"Jorge Era\u00f1a"},"description":"Fundador de @KalotMx Mercad\u00f3logo, amante de la tecnolog\u00eda, #Geekazo, #socialmedia, #MarketingDigital, tv-shows, movies y de la vida. Admin","sameAs":["http:\/\/www.kalot.com.mx","http:\/\/www.facebook.com\/jorgeerana","https:\/\/x.com\/jorge_erana"],"url":"https:\/\/kalot.com.mx\/site\/author\/admin\/"}]}},"jetpack_publicize_connections":[],"jetpack_featured_media_url":"https:\/\/i0.wp.com\/kalot.com.mx\/site\/wp-content\/uploads\/2014\/07\/536420ec5827b.jpg?fit=617%2C339&ssl=1","jetpack_shortlink":"https:\/\/wp.me\/p6IHEI-4uU","jetpack-related-posts":[{"id":21187,"url":"https:\/\/kalot.com.mx\/site\/2015\/04\/20\/cantinflas-22-anos-sin-el-mas-grande\/","url_meta":{"origin":17292,"position":0},"title":"Cantinflas: 22 A\u00f1os Sin el M\u00e1s Grande","author":"yash","date":"20 abril, 2015","format":false,"excerpt":"Ya han pasado 22 a\u00f1os del fallecimiento del m\u00e1s grande actor que ha dado este pa\u00eds: Cantinflas. La exitosa y extensa carrera de Mario Moreno no puede resumirse en palabras, fue un actor que sali\u00f3 de lo m\u00e1s bajo y lleg\u00f3 al cielo; trascendi\u00f3 como pocos, como solo \u00e9l. Mario\u2026","rel":"","context":"Entrada similar ","block_context":{"text":"Entrada similar ","link":""},"img":{"alt_text":"","src":"https:\/\/i0.wp.com\/kalot.com.mx\/site\/wp-content\/uploads\/2015\/04\/cantinflas-21.jpg?fit=1200%2C675&ssl=1&resize=350%2C200","width":350,"height":200,"srcset":"https:\/\/i0.wp.com\/kalot.com.mx\/site\/wp-content\/uploads\/2015\/04\/cantinflas-21.jpg?fit=1200%2C675&ssl=1&resize=350%2C200 1x, https:\/\/i0.wp.com\/kalot.com.mx\/site\/wp-content\/uploads\/2015\/04\/cantinflas-21.jpg?fit=1200%2C675&ssl=1&resize=525%2C300 1.5x, https:\/\/i0.wp.com\/kalot.com.mx\/site\/wp-content\/uploads\/2015\/04\/cantinflas-21.jpg?fit=1200%2C675&ssl=1&resize=700%2C400 2x, https:\/\/i0.wp.com\/kalot.com.mx\/site\/wp-content\/uploads\/2015\/04\/cantinflas-21.jpg?fit=1200%2C675&ssl=1&resize=1050%2C600 3x"},"classes":[]},{"id":20079,"url":"https:\/\/kalot.com.mx\/site\/2015\/01\/20\/cantiflas-y-su-innecesaria-secuela\/","url_meta":{"origin":17292,"position":1},"title":"&#8220;Cantiflas&#8221; y su Innecesaria Secuela","author":"yash","date":"20 enero, 2015","format":false,"excerpt":"Hace unos d\u00edas se dio a conocer que ya se est\u00e1 preparando el gui\u00f3n para la secuela de la pel\u00edcula \"Cantinflas\". Este gui\u00f3n estar\u00e1 a cargo de Mario Moreno Ivanova (hijo de Cantinflas)\u00a0 y aunque el proyecto no ser\u00e1 inmediato, se tiene la intenci\u00f3n de ponerlo en marcha. Si bien,\u2026","rel":"","context":"Entrada similar ","block_context":{"text":"Entrada similar ","link":""},"img":{"alt_text":"","src":"https:\/\/i0.wp.com\/kalot.com.mx\/site\/wp-content\/uploads\/2015\/01\/cantinflas_teatro-movil.jpg?fit=800%2C535&ssl=1&resize=350%2C200","width":350,"height":200,"srcset":"https:\/\/i0.wp.com\/kalot.com.mx\/site\/wp-content\/uploads\/2015\/01\/cantinflas_teatro-movil.jpg?fit=800%2C535&ssl=1&resize=350%2C200 1x, https:\/\/i0.wp.com\/kalot.com.mx\/site\/wp-content\/uploads\/2015\/01\/cantinflas_teatro-movil.jpg?fit=800%2C535&ssl=1&resize=525%2C300 1.5x, https:\/\/i0.wp.com\/kalot.com.mx\/site\/wp-content\/uploads\/2015\/01\/cantinflas_teatro-movil.jpg?fit=800%2C535&ssl=1&resize=700%2C400 2x"},"classes":[]},{"id":18565,"url":"https:\/\/kalot.com.mx\/site\/2014\/10\/07\/fortino-alfonso-reyes-mario-moreno-o-cantinflas\/","url_meta":{"origin":17292,"position":2},"title":"Fortino Alfonso Reyes : \u00bfMario Moreno o Cantinflas?","author":"Fernando Benitez","date":"7 octubre, 2014","format":false,"excerpt":"\u201cA pesar de ser tan pollo, tengo m\u00e1s plumas que un gallo\u201d -Cantinflas- Fortino Alfonso Reyes, conocido por todos como Cantinflas, con el apodo de Mario Moreno, nacido en Santa Mar\u00eda la Ribera pero tepite\u00f1o de coraz\u00f3n, fue de las m\u00e1ximas figuras del cine que puso en alto el nombre\u2026","rel":"","context":"En &quot;Sin categor\u00eda&quot;","block_context":{"text":"Sin categor\u00eda","link":"https:\/\/kalot.com.mx\/site\/category\/sin-categoria\/"},"img":{"alt_text":"","src":"https:\/\/i0.wp.com\/kalot.com.mx\/site\/wp-content\/uploads\/2014\/10\/Portada.jpg?fit=665%2C500&ssl=1&resize=350%2C200","width":350,"height":200,"srcset":"https:\/\/i0.wp.com\/kalot.com.mx\/site\/wp-content\/uploads\/2014\/10\/Portada.jpg?fit=665%2C500&ssl=1&resize=350%2C200 1x, https:\/\/i0.wp.com\/kalot.com.mx\/site\/wp-content\/uploads\/2014\/10\/Portada.jpg?fit=665%2C500&ssl=1&resize=525%2C300 1.5x"},"classes":[]},{"id":16544,"url":"https:\/\/kalot.com.mx\/site\/2014\/05\/30\/trailer-en-espanol-de-la-pelicula-de-los-caballeros-del-zodiaco-la-leyenda-del-santuario\/","url_meta":{"origin":17292,"position":3},"title":"Tr\u00e1iler en espa\u00f1ol de la pel\u00edcula de Los Caballeros del Zodiaco: La Leyenda del Santuario","author":"Jorge Era\u00f1a","date":"30 mayo, 2014","format":false,"excerpt":"Si todav\u00eda tienen sus monitos\u00a0dorados de hace algunos ayeres, prep\u00e1rate y abr\u00e1zalo con fuerza porque aqu\u00ed est\u00e1 el tr\u00e1iler en espa\u00f1ol de su nueva pel\u00edcula Los Caballeros del Zodiaco: La Leyenda del Santuario [embedvideo id=\"B2UmEN9mOkY\" website=\"youtube\"] La pel\u00edcula se lanzar\u00e1 en septiembre de este 2014 y todo parece que Diamond\u2026","rel":"","context":"Con 3 comentarios","block_context":{"text":"Con 3 comentarios","link":"https:\/\/kalot.com.mx\/site\/2014\/05\/30\/trailer-en-espanol-de-la-pelicula-de-los-caballeros-del-zodiaco-la-leyenda-del-santuario\/#comments"},"img":{"alt_text":"","src":"https:\/\/i0.wp.com\/kalot.com.mx\/site\/wp-content\/uploads\/2014\/05\/los-caballeros-del-zodiaco-leyenda-del-santuario.jpg?fit=500%2C250&ssl=1&resize=350%2C200","width":350,"height":200},"classes":[]},{"id":16578,"url":"https:\/\/kalot.com.mx\/site\/2014\/06\/02\/se-confirma-mortal-kombat-x-checa-el-trailer\/","url_meta":{"origin":17292,"position":4},"title":"Se confirma Mortal Kombat X, checa el Tr\u00e1iler","author":"Jorge Era\u00f1a","date":"2 junio, 2014","format":false,"excerpt":"Como ya hemos visto con lo \u00faltimo de Mario Bros\u00a0y los diferentes lanzamientos recientes, hoy se suma no uno m\u00e1s sino un grande que ten\u00eda que destacar de manera \u00e9pica, es por eso que hoy sale el tr\u00e1iler de Mortal Kombat X y debo confesar que no soy un gamer\u2026","rel":"","context":"Entrada similar ","block_context":{"text":"Entrada similar ","link":""},"img":{"alt_text":"","src":"https:\/\/i0.wp.com\/kalot.com.mx\/site\/wp-content\/uploads\/2014\/06\/MK-gde.jpg?fit=1200%2C675&ssl=1&resize=350%2C200","width":350,"height":200,"srcset":"https:\/\/i0.wp.com\/kalot.com.mx\/site\/wp-content\/uploads\/2014\/06\/MK-gde.jpg?fit=1200%2C675&ssl=1&resize=350%2C200 1x, https:\/\/i0.wp.com\/kalot.com.mx\/site\/wp-content\/uploads\/2014\/06\/MK-gde.jpg?fit=1200%2C675&ssl=1&resize=525%2C300 1.5x, https:\/\/i0.wp.com\/kalot.com.mx\/site\/wp-content\/uploads\/2014\/06\/MK-gde.jpg?fit=1200%2C675&ssl=1&resize=700%2C400 2x, https:\/\/i0.wp.com\/kalot.com.mx\/site\/wp-content\/uploads\/2014\/06\/MK-gde.jpg?fit=1200%2C675&ssl=1&resize=1050%2C600 3x"},"classes":[]},{"id":16447,"url":"https:\/\/kalot.com.mx\/site\/2014\/05\/27\/soundtrack-que-enamora-tfios\/","url_meta":{"origin":17292,"position":5},"title":"Soundtrack Que Enamora: TFIOS","author":"Mar\u00eda Alvarado","date":"27 mayo, 2014","format":false,"excerpt":"M\u00fasica, m\u00fasica y m\u00e1s m\u00fasica es lo que nos llega con el verano. As\u00ed como llega la m\u00fasica llegan las pel\u00edculas que todos esperamos ver, estas pel\u00edculas \u2013claro est\u00e1- tienen bandas sonoras o soundtracks con las que muchas personas van a querer despertar durante todo el verano; y el de\u2026","rel":"","context":"Entrada similar ","block_context":{"text":"Entrada similar ","link":""},"img":{"alt_text":"","src":"https:\/\/i0.wp.com\/kalot.com.mx\/site\/wp-content\/uploads\/2014\/05\/tfios-still.jpg?fit=680%2C510&ssl=1&resize=350%2C200","width":350,"height":200,"srcset":"https:\/\/i0.wp.com\/kalot.com.mx\/site\/wp-content\/uploads\/2014\/05\/tfios-still.jpg?fit=680%2C510&ssl=1&resize=350%2C200 1x, https:\/\/i0.wp.com\/kalot.com.mx\/site\/wp-content\/uploads\/2014\/05\/tfios-still.jpg?fit=680%2C510&ssl=1&resize=525%2C300 1.5x"},"classes":[]}],"jetpack_sharing_enabled":true,"_links":{"self":[{"href":"https:\/\/kalot.com.mx\/site\/wp-json\/wp\/v2\/posts\/17292","targetHints":{"allow":["GET"]}}],"collection":[{"href":"https:\/\/kalot.com.mx\/site\/wp-json\/wp\/v2\/posts"}],"about":[{"href":"https:\/\/kalot.com.mx\/site\/wp-json\/wp\/v2\/types\/post"}],"author":[{"embeddable":true,"href":"https:\/\/kalot.com.mx\/site\/wp-json\/wp\/v2\/users\/1"}],"replies":[{"embeddable":true,"href":"https:\/\/kalot.com.mx\/site\/wp-json\/wp\/v2\/comments?post=17292"}],"version-history":[{"count":0,"href":"https:\/\/kalot.com.mx\/site\/wp-json\/wp\/v2\/posts\/17292\/revisions"}],"wp:featuredmedia":[{"embeddable":true,"href":"https:\/\/kalot.com.mx\/site\/wp-json\/wp\/v2\/media\/17293"}],"wp:attachment":[{"href":"https:\/\/kalot.com.mx\/site\/wp-json\/wp\/v2\/media?parent=17292"}],"wp:term":[{"taxonomy":"category","embeddable":true,"href":"https:\/\/kalot.com.mx\/site\/wp-json\/wp\/v2\/categories?post=17292"},{"taxonomy":"post_tag","embeddable":true,"href":"https:\/\/kalot.com.mx\/site\/wp-json\/wp\/v2\/tags?post=17292"}],"curies":[{"name":"wp","href":"https:\/\/api.w.org\/{rel}","templated":true}]}}