{"id":1728,"date":"2013-09-16T01:26:20","date_gmt":"2013-09-16T06:26:20","guid":{"rendered":"http:\/\/www.kalot.com.mx\/?p=1728"},"modified":"2014-11-21T09:27:43","modified_gmt":"2014-11-21T15:27:43","slug":"quien-protesta-psicologia","status":"publish","type":"post","link":"https:\/\/kalot.com.mx\/site\/2013\/09\/16\/quien-protesta-psicologia\/","title":{"rendered":"\u00bfQui\u00e9n protesta? #psicolog\u00eda"},"content":{"rendered":"<p><span style=\"text-align: justify;\">Protesta es una palabra constr<\/span>uida de dos ra\u00edces latinas que son pro y testa, que significan cada una adelante y atestiguar. Por lo que inicialmente tendr\u00edan relaci\u00f3n con otras palabras de orden jur\u00eddico como atestiguar, testigo, testimonio, etc. Un protestante es entonces una persona que denuncia alg\u00fan hecho, m\u00e1s com\u00fanmente negativo hacia su persona.<\/p>\n<p style=\"text-align: justify;\">Siempre hay algo porque quejarse, es normal, ya que no todas las cosas que queremos son como queremos y el mundo que tenemos no es como deseamos. Hay dos sentimientos b\u00e1sicos en el ser humano la envidia y la gratitud, los dos son tambi\u00e9n normales y rigen nuestra relaci\u00f3n con los dem\u00e1s, tal vez has escuchado la frase &#8220;el pasto del vecino siempre es m\u00e1s verde&#8221;, ver que el otro tiene, causa en nuestra mente la sensaci\u00f3n de que lo que tenemos es menos de lo que el otro tiene. Tambi\u00e9n puede verse que el desagrado hacia el otro puede estar motivado por algo que vemos de nosotros en \u00e9l y nos desagrada. Esto aunque es una explicaci\u00f3n de las protestas individuales cotidianas no alcanza a explicar las protestas en masa.<\/p>\n<p style=\"text-align: justify;\">La masa es el conjunto de personas que al estar juntas funcionan como una sola, se crea por la identificaci\u00f3n que sus miembros tienen entre s\u00ed. A pesar de esto hay diferentes roles dentro de ella como son el l\u00edder y los chivos expiatorios. El l\u00edder es este personaje que recoge el sentir de varios y se hace representante de \u00e9l, este personaje tiene caracter\u00edsticas de personalidad espec\u00edficas que le permiten recoger el sentir de los dem\u00e1s e influir en los ellos para conseguir un objetivo. El chivo expiatorio es la contraparte del l\u00edder e igualmente parte indispensable del grupo; la persona designada para realizar esta funci\u00f3n tiene caracter\u00edsticas de personalidad menos desarrolladas que los dem\u00e1s miembros del grupo y al igual que el l\u00edder se designa inconscientemente para realizar esta funci\u00f3n. El chivo expiatorio es el que &#8220;paga los platos rotos&#8221; es &#8220;carne de ca\u00f1\u00f3n&#8221;, este miembro del grupo recoge todo el malestar de todos y paga por \u00e9l.<\/p>\n<p style=\"text-align: justify;\">Quienes protestan en la sociedad son chicos o gente elegida inconscientemente por la sociedad para que exprese la inconformidad (igualmente inconsciente) de la mayor\u00eda. Ellos son los depositarios y realizadores de nuestros deseos destructivos, de venganza y envidiosos. \u00a0\u00a0\u00a0\u00a0\u00a0\u00a0\u00a0\u00a0 Forman parte de la sociedad y no, ya que hacen la funci\u00f3n desagradable de liberar la presi\u00f3n social, de ser el equilibrio de esta.<\/p>\n<p style=\"text-align: justify;\">Los que protestan son personas que en lo individual han sufrido mucho o muy constantemente y que prefieren cumplir ese papel a ser destruidos, regularmente es su \u00faltimo recurso porque siempre lo han llevado a cabo. Todos los que cumplen este papel han sufrido de diferente manera y por distintas causas; entre las personas que conforman una protesta es com\u00fan que haya sujetos con conductas desviadas, resentimientos sociales o sociopat\u00edas (enfermedades con respecto a lo social), estos que muchas veces son los menos, son los de personalidad m\u00e1s d\u00e9bil.<\/p>\n<p style=\"text-align: justify;\">En realidad todos protestamos pero en diferentes niveles, las protestas se dan desde la familia, pareja, grupo de amigos, hasta las masas. La base para pedir tus derechos est\u00e1 en la familia.<\/p>\n<p style=\"text-align: justify;\">La expresi\u00f3n del malestar es algo necesario para la sociedad y para el individuo y las protestas violentas son el resultado de una sociedad enferma en su conjunto.<\/p>\n<p><span class=\"embed-youtube\" style=\"text-align:center; display: block;\"><iframe class=\"youtube-player\" width=\"1200\" height=\"675\" src=\"https:\/\/www.youtube.com\/embed\/rOp46PUMnmY?version=3&#038;rel=1&#038;showsearch=0&#038;showinfo=1&#038;iv_load_policy=1&#038;fs=1&#038;hl=es-MX&#038;autohide=2&#038;wmode=transparent\" allowfullscreen=\"true\" style=\"border:0;\" sandbox=\"allow-scripts allow-same-origin allow-popups allow-presentation allow-popups-to-escape-sandbox\"><\/iframe><\/span><\/p>\n","protected":false},"excerpt":{"rendered":"Protesta es una palabra construida de dos ra\u00edces latinas que son pro y testa, que significan cada una&hellip;\n","protected":false},"author":5,"featured_media":19281,"comment_status":"open","ping_status":"open","sticky":false,"template":"","format":"standard","meta":{"jetpack_post_was_ever_published":false,"_jetpack_newsletter_access":"","_jetpack_dont_email_post_to_subs":false,"_jetpack_newsletter_tier_id":0,"_jetpack_memberships_contains_paywalled_content":false,"_jetpack_memberships_contains_paid_content":false,"footnotes":"","jetpack_publicize_message":"","jetpack_publicize_feature_enabled":true,"jetpack_social_post_already_shared":true,"jetpack_social_options":{"image_generator_settings":{"template":"highway","default_image_id":0,"font":"","enabled":false},"version":2}},"categories":[],"tags":[],"class_list":{"0":"post-1728","1":"post","2":"type-post","3":"status-publish","4":"format-standard","5":"has-post-thumbnail","7":"cs-entry","8":"cs-video-wrap"},"yoast_head":"<!-- This site is optimized with the Yoast SEO plugin v27.5 - https:\/\/yoast.com\/product\/yoast-seo-wordpress\/ -->\n<title>\u00bfQui\u00e9n protesta? #psicolog\u00eda - Kalot<\/title>\n<meta name=\"description\" content=\"Protesta es una palabra construida de dos ra\u00edces latinas que son pro y testa, que significan cada una adelante y atestiguar. Por lo que inicialmente\" \/>\n<meta name=\"robots\" content=\"index, follow, max-snippet:-1, max-image-preview:large, max-video-preview:-1\" \/>\n<link rel=\"canonical\" href=\"https:\/\/kalot.com.mx\/site\/2013\/09\/16\/quien-protesta-psicologia\/\" \/>\n<meta property=\"og:locale\" content=\"es_MX\" \/>\n<meta property=\"og:type\" content=\"article\" \/>\n<meta property=\"og:title\" content=\"\u00bfQui\u00e9n protesta? #psicolog\u00eda - Kalot\" \/>\n<meta property=\"og:description\" content=\"Protesta es una palabra construida de dos ra\u00edces latinas que son pro y testa, que significan cada una adelante y atestiguar. Por lo que inicialmente\" \/>\n<meta property=\"og:url\" content=\"https:\/\/kalot.com.mx\/site\/2013\/09\/16\/quien-protesta-psicologia\/\" \/>\n<meta property=\"og:site_name\" content=\"Kalot\" \/>\n<meta property=\"article:publisher\" content=\"http:\/\/facebook.com\/mxkalot\" \/>\n<meta property=\"article:published_time\" content=\"2013-09-16T06:26:20+00:00\" \/>\n<meta property=\"article:modified_time\" content=\"2014-11-21T15:27:43+00:00\" \/>\n<meta property=\"og:image\" content=\"https:\/\/i0.wp.com\/kalot.com.mx\/site\/wp-content\/uploads\/2013\/09\/protesta-social.jpg?fit=1600%2C1067&ssl=1\" \/>\n\t<meta property=\"og:image:width\" content=\"1600\" \/>\n\t<meta property=\"og:image:height\" content=\"1067\" \/>\n\t<meta property=\"og:image:type\" content=\"image\/jpeg\" \/>\n<meta name=\"author\" content=\"Dal\u00ed Flores\" \/>\n<meta name=\"twitter:card\" content=\"summary_large_image\" \/>\n<meta name=\"twitter:creator\" content=\"@kalotmx\" \/>\n<meta name=\"twitter:site\" content=\"@kalotmx\" \/>\n<meta name=\"twitter:label1\" content=\"Escrito por\" \/>\n\t<meta name=\"twitter:data1\" content=\"Dal\u00ed Flores\" \/>\n\t<meta name=\"twitter:label2\" content=\"Tiempo de lectura\" \/>\n\t<meta name=\"twitter:data2\" content=\"3 minutos\" \/>\n<!-- \/ Yoast SEO plugin. -->","yoast_head_json":{"title":"\u00bfQui\u00e9n protesta? #psicolog\u00eda - Kalot","description":"Protesta es una palabra construida de dos ra\u00edces latinas que son pro y testa, que significan cada una adelante y atestiguar. Por lo que inicialmente","robots":{"index":"index","follow":"follow","max-snippet":"max-snippet:-1","max-image-preview":"max-image-preview:large","max-video-preview":"max-video-preview:-1"},"canonical":"https:\/\/kalot.com.mx\/site\/2013\/09\/16\/quien-protesta-psicologia\/","og_locale":"es_MX","og_type":"article","og_title":"\u00bfQui\u00e9n protesta? #psicolog\u00eda - Kalot","og_description":"Protesta es una palabra construida de dos ra\u00edces latinas que son pro y testa, que significan cada una adelante y atestiguar. Por lo que inicialmente","og_url":"https:\/\/kalot.com.mx\/site\/2013\/09\/16\/quien-protesta-psicologia\/","og_site_name":"Kalot","article_publisher":"http:\/\/facebook.com\/mxkalot","article_published_time":"2013-09-16T06:26:20+00:00","article_modified_time":"2014-11-21T15:27:43+00:00","og_image":[{"width":1600,"height":1067,"url":"https:\/\/i0.wp.com\/kalot.com.mx\/site\/wp-content\/uploads\/2013\/09\/protesta-social.jpg?fit=1600%2C1067&ssl=1","type":"image\/jpeg"}],"author":"Dal\u00ed Flores","twitter_card":"summary_large_image","twitter_creator":"@kalotmx","twitter_site":"@kalotmx","twitter_misc":{"Escrito por":"Dal\u00ed Flores","Tiempo de lectura":"3 minutos"},"schema":{"@context":"https:\/\/schema.org","@graph":[{"@type":"Article","@id":"https:\/\/kalot.com.mx\/site\/2013\/09\/16\/quien-protesta-psicologia\/#article","isPartOf":{"@id":"https:\/\/kalot.com.mx\/site\/2013\/09\/16\/quien-protesta-psicologia\/"},"author":{"name":"Dal\u00ed Flores","@id":"https:\/\/kalot.com.mx\/site\/#\/schema\/person\/a51538aa98d8595cac7a5c6c09a9b59c"},"headline":"\u00bfQui\u00e9n protesta? #psicolog\u00eda","datePublished":"2013-09-16T06:26:20+00:00","dateModified":"2014-11-21T15:27:43+00:00","mainEntityOfPage":{"@id":"https:\/\/kalot.com.mx\/site\/2013\/09\/16\/quien-protesta-psicologia\/"},"wordCount":602,"commentCount":0,"publisher":{"@id":"https:\/\/kalot.com.mx\/site\/#organization"},"image":{"@id":"https:\/\/kalot.com.mx\/site\/2013\/09\/16\/quien-protesta-psicologia\/#primaryimage"},"thumbnailUrl":"https:\/\/i0.wp.com\/kalot.com.mx\/site\/wp-content\/uploads\/2013\/09\/protesta-social.jpg?fit=1600%2C1067&ssl=1","inLanguage":"es","potentialAction":[{"@type":"CommentAction","name":"Comment","target":["https:\/\/kalot.com.mx\/site\/2013\/09\/16\/quien-protesta-psicologia\/#respond"]}]},{"@type":"WebPage","@id":"https:\/\/kalot.com.mx\/site\/2013\/09\/16\/quien-protesta-psicologia\/","url":"https:\/\/kalot.com.mx\/site\/2013\/09\/16\/quien-protesta-psicologia\/","name":"\u00bfQui\u00e9n protesta? #psicolog\u00eda - Kalot","isPartOf":{"@id":"https:\/\/kalot.com.mx\/site\/#website"},"primaryImageOfPage":{"@id":"https:\/\/kalot.com.mx\/site\/2013\/09\/16\/quien-protesta-psicologia\/#primaryimage"},"image":{"@id":"https:\/\/kalot.com.mx\/site\/2013\/09\/16\/quien-protesta-psicologia\/#primaryimage"},"thumbnailUrl":"https:\/\/i0.wp.com\/kalot.com.mx\/site\/wp-content\/uploads\/2013\/09\/protesta-social.jpg?fit=1600%2C1067&ssl=1","datePublished":"2013-09-16T06:26:20+00:00","dateModified":"2014-11-21T15:27:43+00:00","description":"Protesta es una palabra construida de dos ra\u00edces latinas que son pro y testa, que significan cada una adelante y atestiguar. Por lo que inicialmente","breadcrumb":{"@id":"https:\/\/kalot.com.mx\/site\/2013\/09\/16\/quien-protesta-psicologia\/#breadcrumb"},"inLanguage":"es","potentialAction":[{"@type":"ReadAction","target":["https:\/\/kalot.com.mx\/site\/2013\/09\/16\/quien-protesta-psicologia\/"]}]},{"@type":"ImageObject","inLanguage":"es","@id":"https:\/\/kalot.com.mx\/site\/2013\/09\/16\/quien-protesta-psicologia\/#primaryimage","url":"https:\/\/i0.wp.com\/kalot.com.mx\/site\/wp-content\/uploads\/2013\/09\/protesta-social.jpg?fit=1600%2C1067&ssl=1","contentUrl":"https:\/\/i0.wp.com\/kalot.com.mx\/site\/wp-content\/uploads\/2013\/09\/protesta-social.jpg?fit=1600%2C1067&ssl=1","width":1600,"height":1067},{"@type":"BreadcrumbList","@id":"https:\/\/kalot.com.mx\/site\/2013\/09\/16\/quien-protesta-psicologia\/#breadcrumb","itemListElement":[{"@type":"ListItem","position":1,"name":"Home","item":"https:\/\/kalot.com.mx\/site\/"},{"@type":"ListItem","position":2,"name":"\u00bfQui\u00e9n protesta? #psicolog\u00eda"}]},{"@type":"WebSite","@id":"https:\/\/kalot.com.mx\/site\/#website","url":"https:\/\/kalot.com.mx\/site\/","name":"Kalot","description":"Conoce Todo Sobre Todo","publisher":{"@id":"https:\/\/kalot.com.mx\/site\/#organization"},"potentialAction":[{"@type":"SearchAction","target":{"@type":"EntryPoint","urlTemplate":"https:\/\/kalot.com.mx\/site\/?s={search_term_string}"},"query-input":{"@type":"PropertyValueSpecification","valueRequired":true,"valueName":"search_term_string"}}],"inLanguage":"es"},{"@type":"Organization","@id":"https:\/\/kalot.com.mx\/site\/#organization","name":"Kalot","url":"https:\/\/kalot.com.mx\/site\/","logo":{"@type":"ImageObject","inLanguage":"es","@id":"https:\/\/kalot.com.mx\/site\/#\/schema\/logo\/image\/","url":"https:\/\/i0.wp.com\/kalot.com.mx\/site\/wp-content\/uploads\/2020\/04\/Kalot-logo-sin-tagline.png?fit=1707%2C1014&ssl=1","contentUrl":"https:\/\/i0.wp.com\/kalot.com.mx\/site\/wp-content\/uploads\/2020\/04\/Kalot-logo-sin-tagline.png?fit=1707%2C1014&ssl=1","width":1707,"height":1014,"caption":"Kalot"},"image":{"@id":"https:\/\/kalot.com.mx\/site\/#\/schema\/logo\/image\/"},"sameAs":["http:\/\/facebook.com\/mxkalot","https:\/\/x.com\/kalotmx","http:\/\/instagram.com\/kalotmx","http:\/\/pinterest.com\/jorgeerana\/kalot"]},{"@type":"Person","@id":"https:\/\/kalot.com.mx\/site\/#\/schema\/person\/a51538aa98d8595cac7a5c6c09a9b59c","name":"Dal\u00ed Flores","image":{"@type":"ImageObject","inLanguage":"es","@id":"https:\/\/secure.gravatar.com\/avatar\/bd3311521ca1e9853db24b65b93dc4e5e7a312ee2ac46eca4bfa318b6a82bd23?s=96&d=mm&r=g","url":"https:\/\/secure.gravatar.com\/avatar\/bd3311521ca1e9853db24b65b93dc4e5e7a312ee2ac46eca4bfa318b6a82bd23?s=96&d=mm&r=g","contentUrl":"https:\/\/secure.gravatar.com\/avatar\/bd3311521ca1e9853db24b65b93dc4e5e7a312ee2ac46eca4bfa318b6a82bd23?s=96&d=mm&r=g","caption":"Dal\u00ed Flores"},"url":"https:\/\/kalot.com.mx\/site\/author\/dalii8\/"}]}},"jetpack_publicize_connections":[],"jetpack_featured_media_url":"https:\/\/i0.wp.com\/kalot.com.mx\/site\/wp-content\/uploads\/2013\/09\/protesta-social.jpg?fit=1600%2C1067&ssl=1","jetpack_shortlink":"https:\/\/wp.me\/p6IHEI-rS","jetpack-related-posts":[{"id":23967,"url":"https:\/\/kalot.com.mx\/site\/2015\/10\/20\/antes-de-casarte-o-juntarte-debes-leer-esto\/","url_meta":{"origin":1728,"position":0},"title":"Antes de casarte o juntarte DEBES leer esto&#8230;","author":"Brenda A","date":"20 octubre, 2015","format":false,"excerpt":"... si ya est\u00e1s casado o vives en uni\u00f3n libre tambi\u00e9n te interesa. Hay veces que nos unimos en matrimonio o uni\u00f3n libre (que para el caso es lo mismo y quien piense que no, lo reto a que lo haga, ver\u00e1 que las responsabilidades son las mismas) sin realmente\u2026","rel":"","context":"En &quot;Reflexi\u00f3n&quot;","block_context":{"text":"Reflexi\u00f3n","link":"https:\/\/kalot.com.mx\/site\/category\/reflexion\/"},"img":{"alt_text":"Coraz\u00f3n-partido","src":"https:\/\/i0.wp.com\/kalot.com.mx\/site\/wp-content\/uploads\/2015\/10\/Coraz%C3%B3n-partido.jpg?resize=350%2C200","width":350,"height":200},"classes":[]},{"id":7710,"url":"https:\/\/kalot.com.mx\/site\/2013\/12\/11\/amor-de-lejos-no-es-de-pendejos\/","url_meta":{"origin":1728,"position":1},"title":"Amor de lejos no es de pendejos.","author":"Mar\u00eda Alvarado","date":"11 diciembre, 2013","format":false,"excerpt":"Estamos de acuerdo en una cosa: todos tienen derecho a pensar y hacer lo que quieran, y en cuanto en c\u00f3mo llevar una relaci\u00f3n tambi\u00e9n. Cada qui\u00e9n tiene su forma de reaccionar ante diferentes situaciones (obviamente). Hay personas que deciden tomar riesgos, aventurarse hacia lo desconocido; y hay otros que\u2026","rel":"","context":"En &quot;Reflexi\u00f3n&quot;","block_context":{"text":"Reflexi\u00f3n","link":"https:\/\/kalot.com.mx\/site\/category\/reflexion\/"},"img":{"alt_text":"","src":"https:\/\/i0.wp.com\/kalot.com.mx\/site\/wp-content\/uploads\/2013\/12\/distancias.jpg?fit=650%2C430&ssl=1&resize=350%2C200","width":350,"height":200,"srcset":"https:\/\/i0.wp.com\/kalot.com.mx\/site\/wp-content\/uploads\/2013\/12\/distancias.jpg?fit=650%2C430&ssl=1&resize=350%2C200 1x, https:\/\/i0.wp.com\/kalot.com.mx\/site\/wp-content\/uploads\/2013\/12\/distancias.jpg?fit=650%2C430&ssl=1&resize=525%2C300 1.5x"},"classes":[]},{"id":12555,"url":"https:\/\/kalot.com.mx\/site\/2014\/02\/27\/alguien-tienen-que-ceder\/","url_meta":{"origin":1728,"position":2},"title":"Alguien tienen que ceder.","author":"Mar\u00eda Alvarado","date":"27 febrero, 2014","format":false,"excerpt":"Algunas veces podemos ser dulces y literalmente hacemos todo lo posible por que alguien no sienta feo cuando le decimos algo o le hacemos llegar un mensaje dif\u00edcil, pero otras veces no podemos evitar el que todo lo que sale de nuestras bellas bocas suene feo. Aqu\u00ed entra la pregunta\u2026","rel":"","context":"Entrada similar ","block_context":{"text":"Entrada similar ","link":""},"img":{"alt_text":"","src":"https:\/\/i0.wp.com\/kalot.com.mx\/site\/wp-content\/uploads\/2014\/02\/Confusion-3.jpg?fit=750%2C499&ssl=1&resize=350%2C200","width":350,"height":200,"srcset":"https:\/\/i0.wp.com\/kalot.com.mx\/site\/wp-content\/uploads\/2014\/02\/Confusion-3.jpg?fit=750%2C499&ssl=1&resize=350%2C200 1x, https:\/\/i0.wp.com\/kalot.com.mx\/site\/wp-content\/uploads\/2014\/02\/Confusion-3.jpg?fit=750%2C499&ssl=1&resize=525%2C300 1.5x, https:\/\/i0.wp.com\/kalot.com.mx\/site\/wp-content\/uploads\/2014\/02\/Confusion-3.jpg?fit=750%2C499&ssl=1&resize=700%2C400 2x"},"classes":[]},{"id":12252,"url":"https:\/\/kalot.com.mx\/site\/2014\/02\/23\/parejas-disparejas\/","url_meta":{"origin":1728,"position":3},"title":"\u00bfParejas disparejas?","author":"Jessica Fuentes","date":"23 febrero, 2014","format":false,"excerpt":"Te odio porque has venido a cambiar todo mi mundo pero me odio m\u00e1s a m\u00ed por permit\u00edrtelo. \u00bfParejas disparejas? Es muy f\u00e1cil saber y opinar sobre los problemas amorosos de otras parejas, \u201cclaro es que ella tiene la culpa porque siempre lo perdona\u201d o\u00a0 \u201cno s\u00e9 como siguen juntos,\u2026","rel":"","context":"Entrada similar ","block_context":{"text":"Entrada similar ","link":""},"img":{"alt_text":"","src":"https:\/\/i0.wp.com\/kalot.com.mx\/site\/wp-content\/uploads\/2014\/02\/factores-provocan-discusiones-rupturas-FotoDreamstime_MEDIMA20140108_0092_5.jpg?fit=635%2C357&ssl=1&resize=350%2C200","width":350,"height":200,"srcset":"https:\/\/i0.wp.com\/kalot.com.mx\/site\/wp-content\/uploads\/2014\/02\/factores-provocan-discusiones-rupturas-FotoDreamstime_MEDIMA20140108_0092_5.jpg?fit=635%2C357&ssl=1&resize=350%2C200 1x, https:\/\/i0.wp.com\/kalot.com.mx\/site\/wp-content\/uploads\/2014\/02\/factores-provocan-discusiones-rupturas-FotoDreamstime_MEDIMA20140108_0092_5.jpg?fit=635%2C357&ssl=1&resize=525%2C300 1.5x"},"classes":[]},{"id":16439,"url":"https:\/\/kalot.com.mx\/site\/2014\/05\/27\/los-cinco-lenguajes-del-amor-parte-1\/","url_meta":{"origin":1728,"position":4},"title":"Los cinco lenguajes del amor. (Parte 1)","author":"Andrea Debo","date":"27 mayo, 2014","format":false,"excerpt":"En muchas ocasiones nos hemos preguntado \u00bfQu\u00e9 pasa con el amor? \u00bfEn qu\u00e9 momento llega a su fin? \u00bfTiene un fin? \u00bfQu\u00e9 pasa con el amor despu\u00e9s del matrimonio? \u00bfEs mejor no casarse y estar s\u00f3lo en 'uni\u00f3n libre'? Y miles m\u00e1s de preguntas que llegan a nuestra mente cuando\u2026","rel":"","context":"Con 1 comentario","block_context":{"text":"Con 1 comentario","link":"https:\/\/kalot.com.mx\/site\/2014\/05\/27\/los-cinco-lenguajes-del-amor-parte-1\/#comments"},"img":{"alt_text":"","src":"https:\/\/i0.wp.com\/kalot.com.mx\/site\/wp-content\/uploads\/2014\/05\/loove.jpg?fit=500%2C500&ssl=1&resize=350%2C200","width":350,"height":200},"classes":[]},{"id":7263,"url":"https:\/\/kalot.com.mx\/site\/2013\/11\/28\/pequenos-pasos\/","url_meta":{"origin":1728,"position":5},"title":"Peque\u00f1os pasos.","author":"Mar\u00eda Alvarado","date":"28 noviembre, 2013","format":false,"excerpt":"[dropcap size=big]M[\/dropcap]uchas veces pasa que nos quedamos pensando en preguntas como \"\u00bfpor qu\u00e9 no me habla?\", \"\u00bfqu\u00e9 ya no le importo?\" y le damos respuestas sin sentido como \"si no me habla pues yo menos\" o hasta usamos la excusa de \"el inter\u00e9s tiene pies\", y es rid\u00edculo porque todos\u2026","rel":"","context":"Con 2 comentarios","block_context":{"text":"Con 2 comentarios","link":"https:\/\/kalot.com.mx\/site\/2013\/11\/28\/pequenos-pasos\/#comments"},"img":{"alt_text":"","src":"https:\/\/i0.wp.com\/kalot.com.mx\/site\/wp-content\/uploads\/2013\/11\/felicidad_1.jpg?fit=700%2C468&ssl=1&resize=350%2C200","width":350,"height":200,"srcset":"https:\/\/i0.wp.com\/kalot.com.mx\/site\/wp-content\/uploads\/2013\/11\/felicidad_1.jpg?fit=700%2C468&ssl=1&resize=350%2C200 1x, https:\/\/i0.wp.com\/kalot.com.mx\/site\/wp-content\/uploads\/2013\/11\/felicidad_1.jpg?fit=700%2C468&ssl=1&resize=525%2C300 1.5x, https:\/\/i0.wp.com\/kalot.com.mx\/site\/wp-content\/uploads\/2013\/11\/felicidad_1.jpg?fit=700%2C468&ssl=1&resize=700%2C400 2x"},"classes":[]}],"jetpack_sharing_enabled":true,"_links":{"self":[{"href":"https:\/\/kalot.com.mx\/site\/wp-json\/wp\/v2\/posts\/1728","targetHints":{"allow":["GET"]}}],"collection":[{"href":"https:\/\/kalot.com.mx\/site\/wp-json\/wp\/v2\/posts"}],"about":[{"href":"https:\/\/kalot.com.mx\/site\/wp-json\/wp\/v2\/types\/post"}],"author":[{"embeddable":true,"href":"https:\/\/kalot.com.mx\/site\/wp-json\/wp\/v2\/users\/5"}],"replies":[{"embeddable":true,"href":"https:\/\/kalot.com.mx\/site\/wp-json\/wp\/v2\/comments?post=1728"}],"version-history":[{"count":0,"href":"https:\/\/kalot.com.mx\/site\/wp-json\/wp\/v2\/posts\/1728\/revisions"}],"wp:featuredmedia":[{"embeddable":true,"href":"https:\/\/kalot.com.mx\/site\/wp-json\/wp\/v2\/media\/19281"}],"wp:attachment":[{"href":"https:\/\/kalot.com.mx\/site\/wp-json\/wp\/v2\/media?parent=1728"}],"wp:term":[{"taxonomy":"category","embeddable":true,"href":"https:\/\/kalot.com.mx\/site\/wp-json\/wp\/v2\/categories?post=1728"},{"taxonomy":"post_tag","embeddable":true,"href":"https:\/\/kalot.com.mx\/site\/wp-json\/wp\/v2\/tags?post=1728"}],"curies":[{"name":"wp","href":"https:\/\/api.w.org\/{rel}","templated":true}]}}