{"id":17212,"date":"2014-07-10T14:14:44","date_gmt":"2014-07-10T19:14:44","guid":{"rendered":"http:\/\/www.kalot.com.mx\/?p=17212"},"modified":"2014-08-25T14:02:13","modified_gmt":"2014-08-25T19:02:13","slug":"10-cosas-que-sabias-de-giorgio-armani","status":"publish","type":"post","link":"https:\/\/kalot.com.mx\/site\/2014\/07\/10\/10-cosas-que-sabias-de-giorgio-armani\/","title":{"rendered":"10 cosas que no sab\u00edas de Giorgio Armani"},"content":{"rendered":"<p><strong>El icono de la moda cumple 80 a\u00f1os y para celebrar a uno de los m\u00e1s importantes personajes de la moda mundial nos hemos dado a la tarea de recopilar 10 cosas que no sab\u00edas de\u00a0Giorgio Armani:<\/strong><\/p>\n<p>&nbsp;<\/p>\n<ol>\n<li><strong>Giorgio Armani<\/strong> fund\u00f3 su compa\u00f1\u00eda en 1975, y en 2001 era el dise\u00f1ador m\u00e1s exitoso de Italia. Actualmente cuenta con una fortuna personal de $ 8, 500 millones de d\u00f3lares.<\/li>\n<li>Su \u00e9xito comenz\u00f3 a mediados de los 70, cuando cre\u00f3 una colecci\u00f3n para mujer con materiales que eran utilizados para confeccionar prendas masculinas.<\/li>\n<li>A pesar de las ofertas recibidas por parte de LVMH y Gucci, <strong>Armani<\/strong> no ha vendido su compa\u00f1\u00eda, la cual cuenta con un solo accionista, \u00bfSaben de qui\u00e9n se trata? Por su puesto \u00a1SOLO \u00c9L!<\/li>\n<li>Es vegetariano, y a sus 80 a\u00f1os sigue ejercit\u00e1ndose diariamente. Adem\u00e1s asegura que jam\u00e1s ha fumado un cigarro y sol\u00eda ser fisicoculturista de joven.<\/li>\n<li>Si no hubiera sido dise\u00f1ador de moda, \u00e9l asegura que le encantar\u00eda haber trabajado como director de cine.<\/li>\n<li>Desde el inicio de su carrera ha tenido una relaci\u00f3n muy cercana con Hollywood, incluso sus ic\u00f3nicos trajes ayudaron a convertir a Richard Gere en una s\u00faper estrella en el film American Gigolo.<\/li>\n<li>A diferencia de muchos de nosotros, asegura jam\u00e1s haberse endeudado, y que el dinero para iniciar su compa\u00f1\u00eda lo obtuvo gracias a la venta de su Volkswagen.<\/li>\n<li><strong>Armani<\/strong> fue el primer dise\u00f1ador en vetar en sus desfiles a modelos con una masa corporal menor a 18. \u00bfUstedes estar\u00edan de acuerdo con esta medida?<\/li>\n<li>El dise\u00f1ador tambi\u00e9n fue pionero en combinar la moda con la tecnolog\u00eda. La primera colecci\u00f3n de alta costura transmitida en internet fue la de <strong>Armani<\/strong> Priv\u00e9 para primavera-verano 2007.<\/li>\n<li>Actualmente cuenta con 60 boutiques de <strong>Giorgio Armani<\/strong>, 11 Collezioni, 122 Emporio <strong>Armani<\/strong>, 94 A\/X <strong>Armani<\/strong> Exchange, 1 <strong>Giorgio Armani<\/strong> Accessori y 13 <strong>Armani<\/strong> Junior alrededor del mundo, as\u00ed como un Hotel <strong>Armani<\/strong> en Dubai y otro en Mil\u00e1n.<\/li>\n<\/ol>\n<p style=\"color: #2f2f2f\"><strong><em>Si tienes algo que decir o comentar ser\u00e1 un gusto leerte.<\/em><\/strong><\/p>\n<p style=\"color: #2f2f2f\">EnREDate conmigo en mis cuentas sociales:<\/p>\n<ul style=\"color: #2f2f2f\">\n<li><a style=\"color: #3addfa\" title=\"Facebook\" href=\"https:\/\/www.facebook.com\/roman.yeah\" target=\"_blank\">Facebook<\/a><\/li>\n<li><a style=\"color: #3addfa\" title=\"Twitter\" href=\"https:\/\/twitter.com\/RomanYeah\" target=\"_blank\">Twitter<\/a><\/li>\n<li><a style=\"color: #3addfa\" title=\"Instagram\" href=\"http:\/\/instagram.com\/romanyeah\" target=\"_blank\">Instagram<\/a><\/li>\n<\/ul>\n<p>&nbsp;<\/p>\n","protected":false},"excerpt":{"rendered":"El icono de la moda cumple 80 a\u00f1os y para celebrar a uno de los m\u00e1s importantes personajes&hellip;\n","protected":false},"author":39,"featured_media":17214,"comment_status":"open","ping_status":"open","sticky":false,"template":"","format":"standard","meta":{"jetpack_post_was_ever_published":false,"_jetpack_newsletter_access":"","_jetpack_dont_email_post_to_subs":false,"_jetpack_newsletter_tier_id":0,"_jetpack_memberships_contains_paywalled_content":false,"_jetpack_memberships_contains_paid_content":false,"footnotes":"","jetpack_publicize_message":"","jetpack_publicize_feature_enabled":true,"jetpack_social_post_already_shared":true,"jetpack_social_options":{"image_generator_settings":{"template":"highway","default_image_id":0,"font":"","enabled":false},"version":2}},"categories":[],"tags":[],"class_list":{"0":"post-17212","1":"post","2":"type-post","3":"status-publish","4":"format-standard","5":"has-post-thumbnail","7":"cs-entry","8":"cs-video-wrap"},"yoast_head":"<!-- This site is optimized with the Yoast SEO plugin v27.4 - https:\/\/yoast.com\/product\/yoast-seo-wordpress\/ -->\n<title>10 cosas que no sab\u00edas de Giorgio Armani<\/title>\n<meta name=\"description\" content=\"El icono de la moda cumple 80 a\u00f1os y nos hemos dado a la tarea de recopilar 10 cosas que no sab\u00edas de Giorgio Armani\" \/>\n<meta name=\"robots\" content=\"index, follow, max-snippet:-1, max-image-preview:large, max-video-preview:-1\" \/>\n<link rel=\"canonical\" href=\"https:\/\/kalot.com.mx\/site\/2014\/07\/10\/10-cosas-que-sabias-de-giorgio-armani\/\" \/>\n<meta property=\"og:locale\" content=\"es_MX\" \/>\n<meta property=\"og:type\" content=\"article\" \/>\n<meta property=\"og:title\" content=\"10 cosas que no sab\u00edas de Giorgio Armani\" \/>\n<meta property=\"og:description\" content=\"El icono de la moda cumple 80 a\u00f1os y nos hemos dado a la tarea de recopilar 10 cosas que no sab\u00edas de Giorgio Armani\" \/>\n<meta property=\"og:url\" content=\"https:\/\/kalot.com.mx\/site\/2014\/07\/10\/10-cosas-que-sabias-de-giorgio-armani\/\" \/>\n<meta property=\"og:site_name\" content=\"Kalot\" \/>\n<meta property=\"article:publisher\" content=\"http:\/\/facebook.com\/mxkalot\" \/>\n<meta property=\"article:author\" content=\"https:\/\/www.facebook.com\/roman.yeah\" \/>\n<meta property=\"article:published_time\" content=\"2014-07-10T19:14:44+00:00\" \/>\n<meta property=\"article:modified_time\" content=\"2014-08-25T19:02:13+00:00\" \/>\n<meta property=\"og:image\" content=\"https:\/\/i2.wp.com\/kalot.com.mx\/site\/wp-content\/uploads\/2014\/07\/giorgio-scaled.jpg?fit=2560%2C1704&ssl=1\" \/>\n\t<meta property=\"og:image:width\" content=\"2560\" \/>\n\t<meta property=\"og:image:height\" content=\"1704\" \/>\n\t<meta property=\"og:image:type\" content=\"image\/jpeg\" \/>\n<meta name=\"author\" content=\"Rom\u00e1n Salgado\" \/>\n<meta name=\"twitter:card\" content=\"summary_large_image\" \/>\n<meta name=\"twitter:creator\" content=\"@RomanYeah\" \/>\n<meta name=\"twitter:site\" content=\"@kalotmx\" \/>\n<meta name=\"twitter:label1\" content=\"Escrito por\" \/>\n\t<meta name=\"twitter:data1\" content=\"Rom\u00e1n Salgado\" \/>\n\t<meta name=\"twitter:label2\" content=\"Tiempo de lectura\" \/>\n\t<meta name=\"twitter:data2\" content=\"2 minutos\" \/>\n<!-- \/ Yoast SEO plugin. -->","yoast_head_json":{"title":"10 cosas que no sab\u00edas de Giorgio Armani","description":"El icono de la moda cumple 80 a\u00f1os y nos hemos dado a la tarea de recopilar 10 cosas que no sab\u00edas de Giorgio Armani","robots":{"index":"index","follow":"follow","max-snippet":"max-snippet:-1","max-image-preview":"max-image-preview:large","max-video-preview":"max-video-preview:-1"},"canonical":"https:\/\/kalot.com.mx\/site\/2014\/07\/10\/10-cosas-que-sabias-de-giorgio-armani\/","og_locale":"es_MX","og_type":"article","og_title":"10 cosas que no sab\u00edas de Giorgio Armani","og_description":"El icono de la moda cumple 80 a\u00f1os y nos hemos dado a la tarea de recopilar 10 cosas que no sab\u00edas de Giorgio Armani","og_url":"https:\/\/kalot.com.mx\/site\/2014\/07\/10\/10-cosas-que-sabias-de-giorgio-armani\/","og_site_name":"Kalot","article_publisher":"http:\/\/facebook.com\/mxkalot","article_author":"https:\/\/www.facebook.com\/roman.yeah","article_published_time":"2014-07-10T19:14:44+00:00","article_modified_time":"2014-08-25T19:02:13+00:00","og_image":[{"width":2560,"height":1704,"url":"https:\/\/i2.wp.com\/kalot.com.mx\/site\/wp-content\/uploads\/2014\/07\/giorgio-scaled.jpg?fit=2560%2C1704&ssl=1","type":"image\/jpeg"}],"author":"Rom\u00e1n Salgado","twitter_card":"summary_large_image","twitter_creator":"@RomanYeah","twitter_site":"@kalotmx","twitter_misc":{"Escrito por":"Rom\u00e1n Salgado","Tiempo de lectura":"2 minutos"},"schema":{"@context":"https:\/\/schema.org","@graph":[{"@type":"Article","@id":"https:\/\/kalot.com.mx\/site\/2014\/07\/10\/10-cosas-que-sabias-de-giorgio-armani\/#article","isPartOf":{"@id":"https:\/\/kalot.com.mx\/site\/2014\/07\/10\/10-cosas-que-sabias-de-giorgio-armani\/"},"author":{"name":"Rom\u00e1n Salgado","@id":"https:\/\/kalot.com.mx\/site\/#\/schema\/person\/a983c70d55dd89958c0d12d8eacf6d45"},"headline":"10 cosas que no sab\u00edas de Giorgio Armani","datePublished":"2014-07-10T19:14:44+00:00","dateModified":"2014-08-25T19:02:13+00:00","mainEntityOfPage":{"@id":"https:\/\/kalot.com.mx\/site\/2014\/07\/10\/10-cosas-que-sabias-de-giorgio-armani\/"},"wordCount":365,"commentCount":2,"publisher":{"@id":"https:\/\/kalot.com.mx\/site\/#organization"},"image":{"@id":"https:\/\/kalot.com.mx\/site\/2014\/07\/10\/10-cosas-que-sabias-de-giorgio-armani\/#primaryimage"},"thumbnailUrl":"https:\/\/i0.wp.com\/kalot.com.mx\/site\/wp-content\/uploads\/2014\/07\/giorgio-scaled.jpg?fit=2560%2C1704&ssl=1","inLanguage":"es","potentialAction":[{"@type":"CommentAction","name":"Comment","target":["https:\/\/kalot.com.mx\/site\/2014\/07\/10\/10-cosas-que-sabias-de-giorgio-armani\/#respond"]}]},{"@type":"WebPage","@id":"https:\/\/kalot.com.mx\/site\/2014\/07\/10\/10-cosas-que-sabias-de-giorgio-armani\/","url":"https:\/\/kalot.com.mx\/site\/2014\/07\/10\/10-cosas-que-sabias-de-giorgio-armani\/","name":"10 cosas que no sab\u00edas de Giorgio Armani","isPartOf":{"@id":"https:\/\/kalot.com.mx\/site\/#website"},"primaryImageOfPage":{"@id":"https:\/\/kalot.com.mx\/site\/2014\/07\/10\/10-cosas-que-sabias-de-giorgio-armani\/#primaryimage"},"image":{"@id":"https:\/\/kalot.com.mx\/site\/2014\/07\/10\/10-cosas-que-sabias-de-giorgio-armani\/#primaryimage"},"thumbnailUrl":"https:\/\/i0.wp.com\/kalot.com.mx\/site\/wp-content\/uploads\/2014\/07\/giorgio-scaled.jpg?fit=2560%2C1704&ssl=1","datePublished":"2014-07-10T19:14:44+00:00","dateModified":"2014-08-25T19:02:13+00:00","description":"El icono de la moda cumple 80 a\u00f1os y nos hemos dado a la tarea de recopilar 10 cosas que no sab\u00edas de Giorgio Armani","breadcrumb":{"@id":"https:\/\/kalot.com.mx\/site\/2014\/07\/10\/10-cosas-que-sabias-de-giorgio-armani\/#breadcrumb"},"inLanguage":"es","potentialAction":[{"@type":"ReadAction","target":["https:\/\/kalot.com.mx\/site\/2014\/07\/10\/10-cosas-que-sabias-de-giorgio-armani\/"]}]},{"@type":"ImageObject","inLanguage":"es","@id":"https:\/\/kalot.com.mx\/site\/2014\/07\/10\/10-cosas-que-sabias-de-giorgio-armani\/#primaryimage","url":"https:\/\/i0.wp.com\/kalot.com.mx\/site\/wp-content\/uploads\/2014\/07\/giorgio-scaled.jpg?fit=2560%2C1704&ssl=1","contentUrl":"https:\/\/i0.wp.com\/kalot.com.mx\/site\/wp-content\/uploads\/2014\/07\/giorgio-scaled.jpg?fit=2560%2C1704&ssl=1","width":2560,"height":1704,"caption":"10 cosas que no sab\u00edas de Giorgio Armani"},{"@type":"BreadcrumbList","@id":"https:\/\/kalot.com.mx\/site\/2014\/07\/10\/10-cosas-que-sabias-de-giorgio-armani\/#breadcrumb","itemListElement":[{"@type":"ListItem","position":1,"name":"Home","item":"https:\/\/kalot.com.mx\/site\/"},{"@type":"ListItem","position":2,"name":"10 cosas que no sab\u00edas de Giorgio Armani"}]},{"@type":"WebSite","@id":"https:\/\/kalot.com.mx\/site\/#website","url":"https:\/\/kalot.com.mx\/site\/","name":"Kalot","description":"Conoce Todo Sobre Todo","publisher":{"@id":"https:\/\/kalot.com.mx\/site\/#organization"},"potentialAction":[{"@type":"SearchAction","target":{"@type":"EntryPoint","urlTemplate":"https:\/\/kalot.com.mx\/site\/?s={search_term_string}"},"query-input":{"@type":"PropertyValueSpecification","valueRequired":true,"valueName":"search_term_string"}}],"inLanguage":"es"},{"@type":"Organization","@id":"https:\/\/kalot.com.mx\/site\/#organization","name":"Kalot","url":"https:\/\/kalot.com.mx\/site\/","logo":{"@type":"ImageObject","inLanguage":"es","@id":"https:\/\/kalot.com.mx\/site\/#\/schema\/logo\/image\/","url":"https:\/\/i0.wp.com\/kalot.com.mx\/site\/wp-content\/uploads\/2020\/04\/Kalot-logo-sin-tagline.png?fit=1707%2C1014&ssl=1","contentUrl":"https:\/\/i0.wp.com\/kalot.com.mx\/site\/wp-content\/uploads\/2020\/04\/Kalot-logo-sin-tagline.png?fit=1707%2C1014&ssl=1","width":1707,"height":1014,"caption":"Kalot"},"image":{"@id":"https:\/\/kalot.com.mx\/site\/#\/schema\/logo\/image\/"},"sameAs":["http:\/\/facebook.com\/mxkalot","https:\/\/x.com\/kalotmx","http:\/\/instagram.com\/kalotmx","http:\/\/pinterest.com\/jorgeerana\/kalot"]},{"@type":"Person","@id":"https:\/\/kalot.com.mx\/site\/#\/schema\/person\/a983c70d55dd89958c0d12d8eacf6d45","name":"Rom\u00e1n Salgado","image":{"@type":"ImageObject","inLanguage":"es","@id":"https:\/\/secure.gravatar.com\/avatar\/c4f0fd869ed7f91716a8f15965fc28c034d41f2d0fd899fedc2f2e4f0e0e0f88?s=96&d=mm&r=g","url":"https:\/\/secure.gravatar.com\/avatar\/c4f0fd869ed7f91716a8f15965fc28c034d41f2d0fd899fedc2f2e4f0e0e0f88?s=96&d=mm&r=g","contentUrl":"https:\/\/secure.gravatar.com\/avatar\/c4f0fd869ed7f91716a8f15965fc28c034d41f2d0fd899fedc2f2e4f0e0e0f88?s=96&d=mm&r=g","caption":"Rom\u00e1n Salgado"},"description":"Lic. en Mercadotecnia. Social Media Manager - Community Manager Futbolero, Divertido, Irreverente, Cool, Geek, Amante de la tecnolog\u00eda, Sociable por convicci\u00f3n, Ir\u00f3nico y mucho m\u00e1s.","sameAs":["http:\/\/www.priceless.com","https:\/\/www.facebook.com\/roman.yeah","https:\/\/x.com\/RomanYeah"],"url":"https:\/\/kalot.com.mx\/site\/author\/roman\/"}]}},"jetpack_publicize_connections":[],"jetpack_featured_media_url":"https:\/\/i0.wp.com\/kalot.com.mx\/site\/wp-content\/uploads\/2014\/07\/giorgio-scaled.jpg?fit=2560%2C1704&ssl=1","jetpack_shortlink":"https:\/\/wp.me\/p6IHEI-4tC","jetpack-related-posts":[{"id":11637,"url":"https:\/\/kalot.com.mx\/site\/2014\/02\/13\/chris-pine-la-nueva-cara-de-armani\/","url_meta":{"origin":17212,"position":0},"title":"Chris Pine la nueva cara de Armani","author":"Ivan Mendez","date":"13 febrero, 2014","format":false,"excerpt":"Armani la compa\u00f1\u00eda de moda italiana m\u00e1s famosa de la tierra fundada en 1975 tiene un nuevo rostro para sus pr\u00f3ximas campa\u00f1as de uno de sus perfumes m\u00e1s famosos \u00a0y el actor elegido es Chris Pine. El actor estadounidense de treinta y tres a\u00f1os mejor conocido por su papel en\u2026","rel":"","context":"Entrada similar ","block_context":{"text":"Entrada similar ","link":""},"img":{"alt_text":"","src":"https:\/\/i0.wp.com\/kalot.com.mx\/site\/wp-content\/uploads\/2014\/02\/tumblr_n0wqfnjq6e1qlc8fao1_1280.jpg?fit=697%2C592&ssl=1&resize=350%2C200","width":350,"height":200,"srcset":"https:\/\/i0.wp.com\/kalot.com.mx\/site\/wp-content\/uploads\/2014\/02\/tumblr_n0wqfnjq6e1qlc8fao1_1280.jpg?fit=697%2C592&ssl=1&resize=350%2C200 1x, https:\/\/i0.wp.com\/kalot.com.mx\/site\/wp-content\/uploads\/2014\/02\/tumblr_n0wqfnjq6e1qlc8fao1_1280.jpg?fit=697%2C592&ssl=1&resize=525%2C300 1.5x"},"classes":[]},{"id":11096,"url":"https:\/\/kalot.com.mx\/site\/2014\/02\/04\/15-cosas-que-no-sabias-de-facebook\/","url_meta":{"origin":17212,"position":1},"title":"15 cosas que no sab\u00edas de Facebook","author":"Rom\u00e1n Salgado","date":"4 febrero, 2014","format":false,"excerpt":"La red social m\u00e1s popular del mundo cumple 10 a\u00f1os en Internet y tambi\u00e9n tiene sus secretos. Aqu\u00ed te decimos algunos. S\u00ed, no por ser la red social m\u00e1s popular del mundo\u00a0quiere decir que \u00e9sta no tiene cosas que esconder. De hecho existen datos, secretos y estad\u00edsticas que envuelven tanto\u2026","rel":"","context":"Con 1 comentario","block_context":{"text":"Con 1 comentario","link":"https:\/\/kalot.com.mx\/site\/2014\/02\/04\/15-cosas-que-no-sabias-de-facebook\/#comments"},"img":{"alt_text":"15 cosas que no sab\u00edas de Facebook","src":"https:\/\/i0.wp.com\/kalot.com.mx\/site\/wp-content\/uploads\/2014\/02\/face.jpg?fit=500%2C303&ssl=1&resize=350%2C200","width":350,"height":200},"classes":[]},{"id":639,"url":"https:\/\/kalot.com.mx\/site\/2013\/09\/05\/7-cosas-que-no-sabias-acerca-de-jack-nicholson\/","url_meta":{"origin":17212,"position":2},"title":"7 cosas que no sab\u00edas acerca de Jack Nicholson","author":"Juan P\u00e9rez","date":"5 septiembre, 2013","format":false,"excerpt":"Es dif\u00edcil creer que ya no veremos m\u00e1s de el dos veces campe\u00f3n de los premios de la academia como mejor actor Jack Nicholson debido a la triste situaci\u00f3n de sus problemas de memoria. El d\u00eda de hoy les comparto 7 peculiaridades y datos curiosos del actor que nos regalo\u2026","rel":"","context":"En &quot;Sin categor\u00eda&quot;","block_context":{"text":"Sin categor\u00eda","link":"https:\/\/kalot.com.mx\/site\/category\/sin-categoria\/"},"img":{"alt_text":"","src":"https:\/\/i0.wp.com\/kalot.com.mx\/site\/wp-content\/uploads\/2013\/09\/jack-nicholson-life-cigarette.jpg?fit=1200%2C816&ssl=1&resize=350%2C200","width":350,"height":200,"srcset":"https:\/\/i0.wp.com\/kalot.com.mx\/site\/wp-content\/uploads\/2013\/09\/jack-nicholson-life-cigarette.jpg?fit=1200%2C816&ssl=1&resize=350%2C200 1x, https:\/\/i0.wp.com\/kalot.com.mx\/site\/wp-content\/uploads\/2013\/09\/jack-nicholson-life-cigarette.jpg?fit=1200%2C816&ssl=1&resize=525%2C300 1.5x, https:\/\/i0.wp.com\/kalot.com.mx\/site\/wp-content\/uploads\/2013\/09\/jack-nicholson-life-cigarette.jpg?fit=1200%2C816&ssl=1&resize=700%2C400 2x, https:\/\/i0.wp.com\/kalot.com.mx\/site\/wp-content\/uploads\/2013\/09\/jack-nicholson-life-cigarette.jpg?fit=1200%2C816&ssl=1&resize=1050%2C600 3x"},"classes":[]},{"id":13213,"url":"https:\/\/kalot.com.mx\/site\/2014\/03\/10\/aprendizaje-activo\/","url_meta":{"origin":17212,"position":3},"title":"Aprendizaje activo.","author":"Ceci Cuevas","date":"10 marzo, 2014","format":false,"excerpt":"por Ceci Cuevas El sistema educativo tradicional en el que yo estudi\u00e9 casi toda mi vida escolar se basaba en acumular informaci\u00f3n. Escribir y escuchar sobre diferentes temas con la \u00fanica finalidad de tener la informaci\u00f3n guardada. Despu\u00e9s de estar en el mundo real laboral por mas de 10 a\u00f1os\u2026","rel":"","context":"En &quot;Sin categor\u00eda&quot;","block_context":{"text":"Sin categor\u00eda","link":"https:\/\/kalot.com.mx\/site\/category\/sin-categoria\/"},"img":{"alt_text":"","src":"https:\/\/i0.wp.com\/kalot.com.mx\/site\/wp-content\/uploads\/2014\/03\/jr.jpg?fit=450%2C446&ssl=1&resize=350%2C200","width":350,"height":200},"classes":[]},{"id":13918,"url":"https:\/\/kalot.com.mx\/site\/2014\/03\/25\/google-asocia-ray-ban\/","url_meta":{"origin":17212,"position":4},"title":"Google se asocia con Ray-Ban","author":"Samuel Arriaga","date":"25 marzo, 2014","format":false,"excerpt":"Google Glass trata de\u00a0deshacerse de su imagen\u00a0nerd\u00a0y se asoci\u00f3\u00a0con la empresa detr\u00e1s de Ray-Ban y las gafas de sol Oakley. Google anunci\u00f3 el lunes que unir\u00e1\u00a0fuerzas con la fabricante de gafas Luxottica para dise\u00f1ar, desarrollar y distribuir una nueva generaci\u00f3n de Glass. Glass, las gafas\u00a0experimentales de Google con conexi\u00f3n a\u2026","rel":"","context":"Entrada similar ","block_context":{"text":"Entrada similar ","link":""},"img":{"alt_text":"","src":"https:\/\/i0.wp.com\/kalot.com.mx\/site\/wp-content\/uploads\/2014\/03\/Google-Glass-Dating-app-script.jpg?fit=1200%2C669&ssl=1&resize=350%2C200","width":350,"height":200,"srcset":"https:\/\/i0.wp.com\/kalot.com.mx\/site\/wp-content\/uploads\/2014\/03\/Google-Glass-Dating-app-script.jpg?fit=1200%2C669&ssl=1&resize=350%2C200 1x, https:\/\/i0.wp.com\/kalot.com.mx\/site\/wp-content\/uploads\/2014\/03\/Google-Glass-Dating-app-script.jpg?fit=1200%2C669&ssl=1&resize=525%2C300 1.5x, https:\/\/i0.wp.com\/kalot.com.mx\/site\/wp-content\/uploads\/2014\/03\/Google-Glass-Dating-app-script.jpg?fit=1200%2C669&ssl=1&resize=700%2C400 2x, https:\/\/i0.wp.com\/kalot.com.mx\/site\/wp-content\/uploads\/2014\/03\/Google-Glass-Dating-app-script.jpg?fit=1200%2C669&ssl=1&resize=1050%2C600 3x"},"classes":[]},{"id":20205,"url":"https:\/\/kalot.com.mx\/site\/2015\/01\/27\/el-personaje-de-edna-moda-esta-basado-en-la-mujer-con-mas-premios-oscar-de-la-historia\/","url_meta":{"origin":17212,"position":5},"title":"El personaje de Edna Moda, est\u00e1 basado en la mujer con m\u00e1s premios \u00d3scar de la historia.","author":"Dulce Mireles","date":"27 enero, 2015","format":false,"excerpt":"Todos los personajes tienen una inspiraci\u00f3n, sea de un personaje p\u00fablico o no. Conoce aqu\u00ed, en quien se basaron para crear a Edna Moda, la dise\u00f1adora de \u201cLos incre\u00edbles\u201d El personaje de Edna Moda, est\u00e1 basado en la mujer con m\u00e1s premios \u00d3scar de la historia. Edna Moda es el\u2026","rel":"","context":"Entrada similar ","block_context":{"text":"Entrada similar ","link":""},"img":{"alt_text":"","src":"https:\/\/i0.wp.com\/kalot.com.mx\/site\/wp-content\/uploads\/2015\/01\/edna3.jpg?fit=640%2C435&ssl=1&resize=350%2C200","width":350,"height":200,"srcset":"https:\/\/i0.wp.com\/kalot.com.mx\/site\/wp-content\/uploads\/2015\/01\/edna3.jpg?fit=640%2C435&ssl=1&resize=350%2C200 1x, https:\/\/i0.wp.com\/kalot.com.mx\/site\/wp-content\/uploads\/2015\/01\/edna3.jpg?fit=640%2C435&ssl=1&resize=525%2C300 1.5x"},"classes":[]}],"jetpack_sharing_enabled":true,"_links":{"self":[{"href":"https:\/\/kalot.com.mx\/site\/wp-json\/wp\/v2\/posts\/17212","targetHints":{"allow":["GET"]}}],"collection":[{"href":"https:\/\/kalot.com.mx\/site\/wp-json\/wp\/v2\/posts"}],"about":[{"href":"https:\/\/kalot.com.mx\/site\/wp-json\/wp\/v2\/types\/post"}],"author":[{"embeddable":true,"href":"https:\/\/kalot.com.mx\/site\/wp-json\/wp\/v2\/users\/39"}],"replies":[{"embeddable":true,"href":"https:\/\/kalot.com.mx\/site\/wp-json\/wp\/v2\/comments?post=17212"}],"version-history":[{"count":0,"href":"https:\/\/kalot.com.mx\/site\/wp-json\/wp\/v2\/posts\/17212\/revisions"}],"wp:featuredmedia":[{"embeddable":true,"href":"https:\/\/kalot.com.mx\/site\/wp-json\/wp\/v2\/media\/17214"}],"wp:attachment":[{"href":"https:\/\/kalot.com.mx\/site\/wp-json\/wp\/v2\/media?parent=17212"}],"wp:term":[{"taxonomy":"category","embeddable":true,"href":"https:\/\/kalot.com.mx\/site\/wp-json\/wp\/v2\/categories?post=17212"},{"taxonomy":"post_tag","embeddable":true,"href":"https:\/\/kalot.com.mx\/site\/wp-json\/wp\/v2\/tags?post=17212"}],"curies":[{"name":"wp","href":"https:\/\/api.w.org\/{rel}","templated":true}]}}