{"id":1721,"date":"2013-09-16T22:00:44","date_gmt":"2013-09-17T03:00:44","guid":{"rendered":"http:\/\/www.kalot.com.mx\/?p=1721"},"modified":"2015-05-31T21:22:02","modified_gmt":"2015-06-01T02:22:02","slug":"gloria-trevi-y-su-influencia-en-los-equipos-de-la-ligamx","status":"publish","type":"post","link":"https:\/\/kalot.com.mx\/site\/2013\/09\/16\/gloria-trevi-y-su-influencia-en-los-equipos-de-la-ligamx\/","title":{"rendered":"Gloria Trevi y su influencia en el f\u00fatbol mexicano"},"content":{"rendered":"<p style=\"text-align: justify;\">Te cuento que este s\u00e1bado me toc\u00f3 ver un partido de mi amado equipo de f\u00fatbol, el Cruz Azul (aqu\u00ed vienen las burlas\u2026). Un partido contra los Tigres; un partido re\u00f1ido, de garra, de esos que a la afici\u00f3n nos gusta ver. Se acab\u00f3 el primer tiempo y el Cruz Azul, que era el equipo local, se fue al vestidor perdiendo por la m\u00ednima diferencia (0-1).<\/p>\n<p style=\"text-align: justify;\">Al medio tiempo el equipo necesitaba \u00e1nimo, motivaci\u00f3n, empuje, apoyo\u2026 Estaba en su casa y pod\u00eda remontar. Ya sea por medio de la afici\u00f3n, de su entrenador o <em>de perdis<\/em> del sonido local, el equipo necesitaba encontrar algo que sirviera como un revulsivo.<\/p>\n<p style=\"text-align: justify;\">Pues te platico que cuando sali\u00f3 el equipo a enfrentar el segundo tiempo, \u00a1estaba sonando por parte del sonido local la canci\u00f3n de \u201c5 minutos\u201d! S\u00ed. La de Gloria Trevi\u2026 (Por si no la conocen les dejo la joya).<\/p>\n<p><span class=\"embed-youtube\" style=\"text-align:center; display: block;\"><iframe class=\"youtube-player\" width=\"1200\" height=\"675\" src=\"https:\/\/www.youtube.com\/embed\/NPNmKnPeKrc?version=3&rel=1&showsearch=0&showinfo=1&iv_load_policy=1&fs=1&hl=es-MX&autohide=2&wmode=transparent\" allowfullscreen=\"true\" style=\"border:0;\" sandbox=\"allow-scripts allow-same-origin allow-popups allow-presentation allow-popups-to-escape-sandbox\"><\/iframe><\/span><\/p>\n<p>Independientemente si te gusta o no la canci\u00f3n, estar\u00e1s de acuerdo que no es precisamente la clase de rola que escuchar\u00edan 11 hombres para remontar un resultado contra otros 11 hombres, y claro que tampoco es una canci\u00f3n con la cu\u00e1l la afici\u00f3n se pueda enervar y alentar con todo a su equipo.<\/p>\n<p style=\"text-align: justify;\">Eso, querido lector, tambi\u00e9n es mercadotecnia pues cuando vas a un partido a ver a tu equipo favorito y a tus jugadores favoritos\u2026. \u00a1Por supuesto que te quieres sentir parte del equipo! Y Gloria Trevi no es precisamente el mejor referente.<\/p>\n<p style=\"text-align: justify;\">Hay equipos dentro de la liga que comprenden este aspecto, los <em>Tiburones Rojos del Veracruz<\/em> por ejemplo, ponen el tonito de la peli \u201cTibur\u00f3n\u201d\u00a0en cada tiro de esquina, o los <em>Jaguares de Chiapas<\/em> reproducen un rugido de Jaguar en cada jugada a favor de su equipo. Bien por esos equipos que entienden que la identidad con el equipo implica m\u00e1s que poner m\u00fasica s\u00f3lo por ponerla.<\/p>\n<p><span class=\"embed-youtube\" style=\"text-align:center; display: block;\"><iframe class=\"youtube-player\" width=\"1200\" height=\"675\" src=\"https:\/\/www.youtube.com\/embed\/imw4mBMMG3I?version=3&rel=1&showsearch=0&showinfo=1&iv_load_policy=1&fs=1&hl=es-MX&autohide=2&wmode=transparent\" allowfullscreen=\"true\" style=\"border:0;\" sandbox=\"allow-scripts allow-same-origin allow-popups allow-presentation allow-popups-to-escape-sandbox\"><\/iframe><\/span><\/p>\n<p style=\"text-align: justify;\">A pesar de que existen muchas activaciones que realizan las marcas patrocinadores en los medios tiempos, creo que hay una oportunidad de identificar mayormente al equipo con su afici\u00f3n (hay que recordar que tanto el rating como las entradas a los estadios han ido en decadencia en los \u00faltimos a\u00f1os).<\/p>\n<p style=\"text-align: justify;\">As\u00ed que ya que no podemos cambiar el inicio de cada partido (que no es otra cosa que una imitaci\u00f3n vil e inveros\u00edmil de la UEFA Champions League; digo, \u00a1\u00bfqui\u00e9n diablos se traga eso del ni\u00f1o diciendo: \u201cjuega limpio, siente tu liga\u201d?!), mi propuesta es cambiar ese aburrido ritual en los inicios , medios tiempos y finales de los partidos de f\u00fatbol de nuestra liga y mirar un poco a toda la merca que le ponen los equipos gringos.<\/p>\n<p style=\"text-align: justify;\">Me viene a la mente el intro de los Chicago Bulls en la era Jordan<\/p>\n<p><span class=\"embed-youtube\" style=\"text-align:center; display: block;\"><iframe class=\"youtube-player\" width=\"1200\" height=\"675\" src=\"https:\/\/www.youtube.com\/embed\/Zn6kiimEsYc?version=3&rel=1&showsearch=0&showinfo=1&iv_load_policy=1&fs=1&hl=es-MX&autohide=2&wmode=transparent\" allowfullscreen=\"true\" style=\"border:0;\" sandbox=\"allow-scripts allow-same-origin allow-popups allow-presentation allow-popups-to-escape-sandbox\"><\/iframe><\/span><\/p>\n<p>O el intro \u201cTake the camp\u201d que utilizan los Seahawks de Seattle para salir al campo, utilizando un halc\u00f3n real como gu\u00eda y Bittersweet Symphony de fondo.<\/p>\n<p><span class=\"embed-youtube\" style=\"text-align:center; display: block;\"><iframe class=\"youtube-player\" width=\"1200\" height=\"675\" src=\"https:\/\/www.youtube.com\/embed\/suz6r1yZJS0?version=3&rel=1&showsearch=0&showinfo=1&iv_load_policy=1&fs=1&hl=es-MX&autohide=2&wmode=transparent\" allowfullscreen=\"true\" style=\"border:0;\" sandbox=\"allow-scripts allow-same-origin allow-popups allow-presentation allow-popups-to-escape-sandbox\"><\/iframe><\/span><\/p>\n<p>Incluso nuestro equipo de basquetbol \u201cLos Santos Reales de San Luis\u201d utilizaba como intro<em> \u201cWe will rock you<\/em>\u201d de Queen, y al finalizar cada partido, si ganaban, el auditorio entonaba con la ayuda del sonido local <em>\u201cAnother one bites the dust\u201d<\/em> <em>(otro m\u00e1s que muerde el polvo)<\/em> del mismo Queen. Como resultado, los auditorios se llenaban a tope y el equipo result\u00f3 campe\u00f3n nacional en el 2004 (Aunque no lo creas, San Luis fue, alg\u00fan d\u00eda, campe\u00f3n de b\u00e1squet).<\/p>\n<p style=\"text-align: justify;\">Hasta Cristian Castro hizo una propuesta formal para que Billy \u00c1lvarez, Presidente del equipo, \u00a0lo tomara en cuenta y dejara de lado a la Trevi para el tema motivacional del Cruz azul. Ch\u00e9calo:<\/p>\n<p><span class=\"embed-youtube\" style=\"text-align:center; display: block;\"><iframe class=\"youtube-player\" width=\"1200\" height=\"675\" src=\"https:\/\/www.youtube.com\/embed\/29NM6ySmwfQ?version=3&rel=1&showsearch=0&showinfo=1&iv_load_policy=1&fs=1&hl=es-MX&autohide=2&wmode=transparent\" allowfullscreen=\"true\" style=\"border:0;\" sandbox=\"allow-scripts allow-same-origin allow-popups allow-presentation allow-popups-to-escape-sandbox\"><\/iframe><\/span><\/p>\n<p style=\"text-align: justify;\">Sinceramente creo que un equipo podr\u00eda cosechar mucho con un marketing bien ejercido. \u00bfT\u00fa qu\u00e9 piensas amigo Kalocho? Te doy 5 minutos\u2026 \u00a1desah\u00f3gate!<\/p>\n<p style=\"text-align: justify;\">\n","protected":false},"excerpt":{"rendered":"Te cuento que este s\u00e1bado me toc\u00f3 ver un partido de mi amado equipo de f\u00fatbol, el Cruz&hellip;\n","protected":false},"author":16,"featured_media":21633,"comment_status":"open","ping_status":"open","sticky":false,"template":"","format":"standard","meta":{"jetpack_post_was_ever_published":false,"_jetpack_newsletter_access":"","_jetpack_dont_email_post_to_subs":false,"_jetpack_newsletter_tier_id":0,"_jetpack_memberships_contains_paywalled_content":false,"_jetpack_memberships_contains_paid_content":false,"footnotes":"","jetpack_publicize_message":"","jetpack_publicize_feature_enabled":true,"jetpack_social_post_already_shared":true,"jetpack_social_options":{"image_generator_settings":{"template":"highway","default_image_id":0,"font":"","enabled":false},"version":2}},"categories":[],"tags":[],"class_list":{"0":"post-1721","1":"post","2":"type-post","3":"status-publish","4":"format-standard","5":"has-post-thumbnail","7":"cs-entry","8":"cs-video-wrap"},"yoast_head":"<!-- This site is optimized with the Yoast SEO plugin v27.5 - https:\/\/yoast.com\/product\/yoast-seo-wordpress\/ -->\n<title>Gloria Trevi y su influencia en el f\u00fatbol mexicano - Kalot<\/title>\n<meta name=\"description\" content=\"Te cuento que este s\u00e1bado me toc\u00f3 ver un partido de mi amado equipo de f\u00fatbol, el Cruz Azul (aqu\u00ed vienen las burlas...). Un partido contra los Tigres; un\" \/>\n<meta name=\"robots\" content=\"index, follow, max-snippet:-1, max-image-preview:large, max-video-preview:-1\" \/>\n<link rel=\"canonical\" href=\"https:\/\/kalot.com.mx\/site\/2013\/09\/16\/gloria-trevi-y-su-influencia-en-los-equipos-de-la-ligamx\/\" \/>\n<meta property=\"og:locale\" content=\"es_MX\" \/>\n<meta property=\"og:type\" content=\"article\" \/>\n<meta property=\"og:title\" content=\"Gloria Trevi y su influencia en el f\u00fatbol mexicano - Kalot\" \/>\n<meta property=\"og:description\" content=\"Te cuento que este s\u00e1bado me toc\u00f3 ver un partido de mi amado equipo de f\u00fatbol, el Cruz Azul (aqu\u00ed vienen las burlas...). Un partido contra los Tigres; un\" \/>\n<meta property=\"og:url\" content=\"https:\/\/kalot.com.mx\/site\/2013\/09\/16\/gloria-trevi-y-su-influencia-en-los-equipos-de-la-ligamx\/\" \/>\n<meta property=\"og:site_name\" content=\"Kalot\" \/>\n<meta property=\"article:publisher\" content=\"http:\/\/facebook.com\/mxkalot\" \/>\n<meta property=\"article:published_time\" content=\"2013-09-17T03:00:44+00:00\" \/>\n<meta property=\"article:modified_time\" content=\"2015-06-01T02:22:02+00:00\" \/>\n<meta property=\"og:image\" content=\"https:\/\/i0.wp.com\/kalot.com.mx\/site\/wp-content\/uploads\/2013\/09\/gloria-trevi.jpg?fit=953%2C953&ssl=1\" \/>\n\t<meta property=\"og:image:width\" content=\"953\" \/>\n\t<meta property=\"og:image:height\" content=\"953\" \/>\n\t<meta property=\"og:image:type\" content=\"image\/jpeg\" \/>\n<meta name=\"author\" content=\"Abraham Quinta\" \/>\n<meta name=\"twitter:card\" content=\"summary_large_image\" \/>\n<meta name=\"twitter:creator\" content=\"@kalotmx\" \/>\n<meta name=\"twitter:site\" content=\"@kalotmx\" \/>\n<meta name=\"twitter:label1\" content=\"Escrito por\" \/>\n\t<meta name=\"twitter:data1\" content=\"Abraham Quinta\" \/>\n\t<meta name=\"twitter:label2\" content=\"Tiempo de lectura\" \/>\n\t<meta name=\"twitter:data2\" content=\"3 minutos\" \/>\n<!-- \/ Yoast SEO plugin. -->","yoast_head_json":{"title":"Gloria Trevi y su influencia en el f\u00fatbol mexicano - Kalot","description":"Te cuento que este s\u00e1bado me toc\u00f3 ver un partido de mi amado equipo de f\u00fatbol, el Cruz Azul (aqu\u00ed vienen las burlas...). Un partido contra los Tigres; un","robots":{"index":"index","follow":"follow","max-snippet":"max-snippet:-1","max-image-preview":"max-image-preview:large","max-video-preview":"max-video-preview:-1"},"canonical":"https:\/\/kalot.com.mx\/site\/2013\/09\/16\/gloria-trevi-y-su-influencia-en-los-equipos-de-la-ligamx\/","og_locale":"es_MX","og_type":"article","og_title":"Gloria Trevi y su influencia en el f\u00fatbol mexicano - Kalot","og_description":"Te cuento que este s\u00e1bado me toc\u00f3 ver un partido de mi amado equipo de f\u00fatbol, el Cruz Azul (aqu\u00ed vienen las burlas...). Un partido contra los Tigres; un","og_url":"https:\/\/kalot.com.mx\/site\/2013\/09\/16\/gloria-trevi-y-su-influencia-en-los-equipos-de-la-ligamx\/","og_site_name":"Kalot","article_publisher":"http:\/\/facebook.com\/mxkalot","article_published_time":"2013-09-17T03:00:44+00:00","article_modified_time":"2015-06-01T02:22:02+00:00","og_image":[{"width":953,"height":953,"url":"https:\/\/i0.wp.com\/kalot.com.mx\/site\/wp-content\/uploads\/2013\/09\/gloria-trevi.jpg?fit=953%2C953&ssl=1","type":"image\/jpeg"}],"author":"Abraham Quinta","twitter_card":"summary_large_image","twitter_creator":"@kalotmx","twitter_site":"@kalotmx","twitter_misc":{"Escrito por":"Abraham Quinta","Tiempo de lectura":"3 minutos"},"schema":{"@context":"https:\/\/schema.org","@graph":[{"@type":"Article","@id":"https:\/\/kalot.com.mx\/site\/2013\/09\/16\/gloria-trevi-y-su-influencia-en-los-equipos-de-la-ligamx\/#article","isPartOf":{"@id":"https:\/\/kalot.com.mx\/site\/2013\/09\/16\/gloria-trevi-y-su-influencia-en-los-equipos-de-la-ligamx\/"},"author":{"name":"Abraham Quinta","@id":"https:\/\/kalot.com.mx\/site\/#\/schema\/person\/05e45cd8d2488d4cc228bb6d91895072"},"headline":"Gloria Trevi y su influencia en el f\u00fatbol mexicano","datePublished":"2013-09-17T03:00:44+00:00","dateModified":"2015-06-01T02:22:02+00:00","mainEntityOfPage":{"@id":"https:\/\/kalot.com.mx\/site\/2013\/09\/16\/gloria-trevi-y-su-influencia-en-los-equipos-de-la-ligamx\/"},"wordCount":698,"commentCount":0,"publisher":{"@id":"https:\/\/kalot.com.mx\/site\/#organization"},"image":{"@id":"https:\/\/kalot.com.mx\/site\/2013\/09\/16\/gloria-trevi-y-su-influencia-en-los-equipos-de-la-ligamx\/#primaryimage"},"thumbnailUrl":"https:\/\/i0.wp.com\/kalot.com.mx\/site\/wp-content\/uploads\/2013\/09\/gloria-trevi.jpg?fit=953%2C953&ssl=1","inLanguage":"es","potentialAction":[{"@type":"CommentAction","name":"Comment","target":["https:\/\/kalot.com.mx\/site\/2013\/09\/16\/gloria-trevi-y-su-influencia-en-los-equipos-de-la-ligamx\/#respond"]}]},{"@type":"WebPage","@id":"https:\/\/kalot.com.mx\/site\/2013\/09\/16\/gloria-trevi-y-su-influencia-en-los-equipos-de-la-ligamx\/","url":"https:\/\/kalot.com.mx\/site\/2013\/09\/16\/gloria-trevi-y-su-influencia-en-los-equipos-de-la-ligamx\/","name":"Gloria Trevi y su influencia en el f\u00fatbol mexicano - Kalot","isPartOf":{"@id":"https:\/\/kalot.com.mx\/site\/#website"},"primaryImageOfPage":{"@id":"https:\/\/kalot.com.mx\/site\/2013\/09\/16\/gloria-trevi-y-su-influencia-en-los-equipos-de-la-ligamx\/#primaryimage"},"image":{"@id":"https:\/\/kalot.com.mx\/site\/2013\/09\/16\/gloria-trevi-y-su-influencia-en-los-equipos-de-la-ligamx\/#primaryimage"},"thumbnailUrl":"https:\/\/i0.wp.com\/kalot.com.mx\/site\/wp-content\/uploads\/2013\/09\/gloria-trevi.jpg?fit=953%2C953&ssl=1","datePublished":"2013-09-17T03:00:44+00:00","dateModified":"2015-06-01T02:22:02+00:00","description":"Te cuento que este s\u00e1bado me toc\u00f3 ver un partido de mi amado equipo de f\u00fatbol, el Cruz Azul (aqu\u00ed vienen las burlas...). Un partido contra los Tigres; un","breadcrumb":{"@id":"https:\/\/kalot.com.mx\/site\/2013\/09\/16\/gloria-trevi-y-su-influencia-en-los-equipos-de-la-ligamx\/#breadcrumb"},"inLanguage":"es","potentialAction":[{"@type":"ReadAction","target":["https:\/\/kalot.com.mx\/site\/2013\/09\/16\/gloria-trevi-y-su-influencia-en-los-equipos-de-la-ligamx\/"]}]},{"@type":"ImageObject","inLanguage":"es","@id":"https:\/\/kalot.com.mx\/site\/2013\/09\/16\/gloria-trevi-y-su-influencia-en-los-equipos-de-la-ligamx\/#primaryimage","url":"https:\/\/i0.wp.com\/kalot.com.mx\/site\/wp-content\/uploads\/2013\/09\/gloria-trevi.jpg?fit=953%2C953&ssl=1","contentUrl":"https:\/\/i0.wp.com\/kalot.com.mx\/site\/wp-content\/uploads\/2013\/09\/gloria-trevi.jpg?fit=953%2C953&ssl=1","width":953,"height":953},{"@type":"BreadcrumbList","@id":"https:\/\/kalot.com.mx\/site\/2013\/09\/16\/gloria-trevi-y-su-influencia-en-los-equipos-de-la-ligamx\/#breadcrumb","itemListElement":[{"@type":"ListItem","position":1,"name":"Home","item":"https:\/\/kalot.com.mx\/site\/"},{"@type":"ListItem","position":2,"name":"Gloria Trevi y su influencia en el f\u00fatbol mexicano"}]},{"@type":"WebSite","@id":"https:\/\/kalot.com.mx\/site\/#website","url":"https:\/\/kalot.com.mx\/site\/","name":"Kalot","description":"Conoce Todo Sobre Todo","publisher":{"@id":"https:\/\/kalot.com.mx\/site\/#organization"},"potentialAction":[{"@type":"SearchAction","target":{"@type":"EntryPoint","urlTemplate":"https:\/\/kalot.com.mx\/site\/?s={search_term_string}"},"query-input":{"@type":"PropertyValueSpecification","valueRequired":true,"valueName":"search_term_string"}}],"inLanguage":"es"},{"@type":"Organization","@id":"https:\/\/kalot.com.mx\/site\/#organization","name":"Kalot","url":"https:\/\/kalot.com.mx\/site\/","logo":{"@type":"ImageObject","inLanguage":"es","@id":"https:\/\/kalot.com.mx\/site\/#\/schema\/logo\/image\/","url":"https:\/\/i0.wp.com\/kalot.com.mx\/site\/wp-content\/uploads\/2020\/04\/Kalot-logo-sin-tagline.png?fit=1707%2C1014&ssl=1","contentUrl":"https:\/\/i0.wp.com\/kalot.com.mx\/site\/wp-content\/uploads\/2020\/04\/Kalot-logo-sin-tagline.png?fit=1707%2C1014&ssl=1","width":1707,"height":1014,"caption":"Kalot"},"image":{"@id":"https:\/\/kalot.com.mx\/site\/#\/schema\/logo\/image\/"},"sameAs":["http:\/\/facebook.com\/mxkalot","https:\/\/x.com\/kalotmx","http:\/\/instagram.com\/kalotmx","http:\/\/pinterest.com\/jorgeerana\/kalot"]},{"@type":"Person","@id":"https:\/\/kalot.com.mx\/site\/#\/schema\/person\/05e45cd8d2488d4cc228bb6d91895072","name":"Abraham Quinta","image":{"@type":"ImageObject","inLanguage":"es","@id":"https:\/\/secure.gravatar.com\/avatar\/abc2c42223432f98dd20645af153cc79e32340654fe8c5170f67ff81b9f7fab0?s=96&d=mm&r=g","url":"https:\/\/secure.gravatar.com\/avatar\/abc2c42223432f98dd20645af153cc79e32340654fe8c5170f67ff81b9f7fab0?s=96&d=mm&r=g","contentUrl":"https:\/\/secure.gravatar.com\/avatar\/abc2c42223432f98dd20645af153cc79e32340654fe8c5170f67ff81b9f7fab0?s=96&d=mm&r=g","caption":"Abraham Quinta"},"url":"https:\/\/kalot.com.mx\/site\/author\/abraham\/"}]}},"jetpack_publicize_connections":[],"jetpack_featured_media_url":"https:\/\/i0.wp.com\/kalot.com.mx\/site\/wp-content\/uploads\/2013\/09\/gloria-trevi.jpg?fit=953%2C953&ssl=1","jetpack_shortlink":"https:\/\/wp.me\/p6IHEI-rL","jetpack-related-posts":[{"id":14298,"url":"https:\/\/kalot.com.mx\/site\/2014\/03\/31\/clasico-azulcrema\/","url_meta":{"origin":1721,"position":0},"title":"CL\u00c1SICO AZULCREMA","author":"Juan Ol\u00e1is","date":"31 marzo, 2014","format":false,"excerpt":"CL\u00c1SICO AZULCREMA \u00a0El d\u00eda de ayer se jug\u00f3 en el Estadio Omnilife una edici\u00f3n m\u00e1s del cl\u00e1sico nacional: Guadalajara contra Am\u00e9rica. \u00a0Y todo fue tan simple desde el comienzo, cuando Chivas se dio cuenta que el juego hab\u00eda iniciado, ya ten\u00eda dos goles en contra, y peor a\u00fan, cuando se\u2026","rel":"","context":"En &quot;Sin categor\u00eda&quot;","block_context":{"text":"Sin categor\u00eda","link":"https:\/\/kalot.com.mx\/site\/category\/sin-categoria\/"},"img":{"alt_text":"","src":"https:\/\/i0.wp.com\/kalot.com.mx\/site\/wp-content\/uploads\/2014\/03\/bandera-america.jpg?fit=619%2C464&ssl=1&resize=350%2C200","width":350,"height":200,"srcset":"https:\/\/i0.wp.com\/kalot.com.mx\/site\/wp-content\/uploads\/2014\/03\/bandera-america.jpg?fit=619%2C464&ssl=1&resize=350%2C200 1x, https:\/\/i0.wp.com\/kalot.com.mx\/site\/wp-content\/uploads\/2014\/03\/bandera-america.jpg?fit=619%2C464&ssl=1&resize=525%2C300 1.5x"},"classes":[]},{"id":16197,"url":"https:\/\/kalot.com.mx\/site\/2014\/05\/21\/bicampeonato-de-coincidencia\/","url_meta":{"origin":1721,"position":1},"title":"Bicampeonato de coincidencia","author":"Kevin Uresti","date":"21 mayo, 2014","format":false,"excerpt":"El pasado domingo se disput\u00f3 \u00a0la final de la Liga Mx, \u00a0entre el equipo de los tuzos del Pachuca y los panzas verdes del Le\u00f3n siendo este \u00faltimo\u00a0el campe\u00f3n de dicha liga y convirti\u00e9ndose en bicampe\u00f3n, haza\u00f1a que solo los pumas de la UNAM hab\u00edan conseguido, aquel bicampeonato que jam\u00e1s\u2026","rel":"","context":"Entrada similar ","block_context":{"text":"Entrada similar ","link":""},"img":{"alt_text":"","src":"https:\/\/i0.wp.com\/kalot.com.mx\/site\/wp-content\/uploads\/2014\/05\/Imagen1.png?fit=1200%2C420&ssl=1&resize=350%2C200","width":350,"height":200,"srcset":"https:\/\/i0.wp.com\/kalot.com.mx\/site\/wp-content\/uploads\/2014\/05\/Imagen1.png?fit=1200%2C420&ssl=1&resize=350%2C200 1x, https:\/\/i0.wp.com\/kalot.com.mx\/site\/wp-content\/uploads\/2014\/05\/Imagen1.png?fit=1200%2C420&ssl=1&resize=525%2C300 1.5x, https:\/\/i0.wp.com\/kalot.com.mx\/site\/wp-content\/uploads\/2014\/05\/Imagen1.png?fit=1200%2C420&ssl=1&resize=700%2C400 2x, https:\/\/i0.wp.com\/kalot.com.mx\/site\/wp-content\/uploads\/2014\/05\/Imagen1.png?fit=1200%2C420&ssl=1&resize=1050%2C600 3x"},"classes":[]},{"id":13570,"url":"https:\/\/kalot.com.mx\/site\/2014\/03\/18\/es-en-serio-marco\/","url_meta":{"origin":1721,"position":2},"title":"\u00bfES EN SERIO MARCO?","author":"Juan Ol\u00e1is","date":"18 marzo, 2014","format":false,"excerpt":"\u00bfES EN SERIO MARCO? El s\u00e1bado pasado vimos en la cancha del Estadio Azul, a un jugador con muchas ganas de trascender en la liga y de levantar la mano para ser tomado en cuenta por Miguel Herrera para el mundial de Brasil 2014: Marco Fabi\u00e1n de la Mora. \u00a0Es\u2026","rel":"","context":"En &quot;Sin categor\u00eda&quot;","block_context":{"text":"Sin categor\u00eda","link":"https:\/\/kalot.com.mx\/site\/category\/sin-categoria\/"},"img":{"alt_text":"","src":"https:\/\/i0.wp.com\/kalot.com.mx\/site\/wp-content\/uploads\/2014\/03\/marco-fabian.jpg?fit=600%2C400&ssl=1&resize=350%2C200","width":350,"height":200,"srcset":"https:\/\/i0.wp.com\/kalot.com.mx\/site\/wp-content\/uploads\/2014\/03\/marco-fabian.jpg?fit=600%2C400&ssl=1&resize=350%2C200 1x, https:\/\/i0.wp.com\/kalot.com.mx\/site\/wp-content\/uploads\/2014\/03\/marco-fabian.jpg?fit=600%2C400&ssl=1&resize=525%2C300 1.5x"},"classes":[]},{"id":853,"url":"https:\/\/kalot.com.mx\/site\/2013\/09\/06\/campana-mexico-partetela\/","url_meta":{"origin":1721,"position":3},"title":"Campa\u00f1a M\u00e9xico #P\u00e1rtetela","author":"Jorge Era\u00f1a","date":"6 septiembre, 2013","format":false,"excerpt":"El d\u00eda de hoy la selecci\u00f3n mexicana enfrenta unos de sus partidos mas cruciales de la eliminatoria mundialista Brasil 2014, calificar esta en sus manos pr\u00e1cticamente se juega su futuro. Con Estados Unidos como l\u00edder (13 puntos) y Costa Rica segundo (11), el ultimo puesto obtiene el pase directo a\u2026","rel":"","context":"Entrada similar ","block_context":{"text":"Entrada similar ","link":""},"img":{"alt_text":"","src":"https:\/\/i0.wp.com\/kalot.com.mx\/site\/wp-content\/uploads\/2013\/09\/partetela.png?fit=1188%2C441&ssl=1&resize=350%2C200","width":350,"height":200,"srcset":"https:\/\/i0.wp.com\/kalot.com.mx\/site\/wp-content\/uploads\/2013\/09\/partetela.png?fit=1188%2C441&ssl=1&resize=350%2C200 1x, https:\/\/i0.wp.com\/kalot.com.mx\/site\/wp-content\/uploads\/2013\/09\/partetela.png?fit=1188%2C441&ssl=1&resize=525%2C300 1.5x, https:\/\/i0.wp.com\/kalot.com.mx\/site\/wp-content\/uploads\/2013\/09\/partetela.png?fit=1188%2C441&ssl=1&resize=700%2C400 2x, https:\/\/i0.wp.com\/kalot.com.mx\/site\/wp-content\/uploads\/2013\/09\/partetela.png?fit=1188%2C441&ssl=1&resize=1050%2C600 3x"},"classes":[]},{"id":12035,"url":"https:\/\/kalot.com.mx\/site\/2014\/02\/20\/que-le-falta-al-bayern-munich\/","url_meta":{"origin":1721,"position":4},"title":"\u00bfQu\u00e9 le falta al Bayern Munich?","author":"Juan Ol\u00e1is","date":"20 febrero, 2014","format":false,"excerpt":"\u00bfQU\u00c9 LE FALTA AL BAYERN MUNICH? La noche del pasado mi\u00e9rcoles, y despu\u00e9s de haber visto al medio d\u00eda el juego entre el Manchester City y el F.C. Barcelona por la ida de los octavos en la Champions, me dorm\u00ed pensando si alg\u00fan d\u00eda volver\u00eda a ver a aqu\u00e9l Barsa\u2026","rel":"","context":"En &quot;Sin categor\u00eda&quot;","block_context":{"text":"Sin categor\u00eda","link":"https:\/\/kalot.com.mx\/site\/category\/sin-categoria\/"},"img":{"alt_text":"","src":"https:\/\/i0.wp.com\/kalot.com.mx\/site\/wp-content\/uploads\/2014\/02\/Pep-Guardiola-Bayern-Muni-011.jpg?fit=460%2C276&ssl=1&resize=350%2C200","width":350,"height":200},"classes":[]},{"id":15506,"url":"https:\/\/kalot.com.mx\/site\/2014\/04\/28\/el-internet-se-come-un-platano\/","url_meta":{"origin":1721,"position":5},"title":"El Internet se come un pl\u00e1tano","author":"Samuel Arriaga","date":"28 abril, 2014","format":false,"excerpt":"En un partido muy sufrido de parte del equipo de Barcelona, donde al final salio vencedor al ganarle 3-2 al villareal, el jugador del equipo del Barcelona Dani Alves estaba por cobrar un tiro de esquina cuando de pronto cayo un pl\u00e1tano en sus botines, nadie pens\u00f3 que el jugador\u2026","rel":"","context":"En &quot;Sin categor\u00eda&quot;","block_context":{"text":"Sin categor\u00eda","link":"https:\/\/kalot.com.mx\/site\/category\/sin-categoria\/"},"img":{"alt_text":"","src":"https:\/\/i0.wp.com\/kalot.com.mx\/site\/wp-content\/uploads\/2014\/04\/Dani-Alves-platano-270414.jpg?fit=640%2C480&ssl=1&resize=350%2C200","width":350,"height":200,"srcset":"https:\/\/i0.wp.com\/kalot.com.mx\/site\/wp-content\/uploads\/2014\/04\/Dani-Alves-platano-270414.jpg?fit=640%2C480&ssl=1&resize=350%2C200 1x, https:\/\/i0.wp.com\/kalot.com.mx\/site\/wp-content\/uploads\/2014\/04\/Dani-Alves-platano-270414.jpg?fit=640%2C480&ssl=1&resize=525%2C300 1.5x"},"classes":[]}],"jetpack_sharing_enabled":true,"_links":{"self":[{"href":"https:\/\/kalot.com.mx\/site\/wp-json\/wp\/v2\/posts\/1721","targetHints":{"allow":["GET"]}}],"collection":[{"href":"https:\/\/kalot.com.mx\/site\/wp-json\/wp\/v2\/posts"}],"about":[{"href":"https:\/\/kalot.com.mx\/site\/wp-json\/wp\/v2\/types\/post"}],"author":[{"embeddable":true,"href":"https:\/\/kalot.com.mx\/site\/wp-json\/wp\/v2\/users\/16"}],"replies":[{"embeddable":true,"href":"https:\/\/kalot.com.mx\/site\/wp-json\/wp\/v2\/comments?post=1721"}],"version-history":[{"count":0,"href":"https:\/\/kalot.com.mx\/site\/wp-json\/wp\/v2\/posts\/1721\/revisions"}],"wp:featuredmedia":[{"embeddable":true,"href":"https:\/\/kalot.com.mx\/site\/wp-json\/wp\/v2\/media\/21633"}],"wp:attachment":[{"href":"https:\/\/kalot.com.mx\/site\/wp-json\/wp\/v2\/media?parent=1721"}],"wp:term":[{"taxonomy":"category","embeddable":true,"href":"https:\/\/kalot.com.mx\/site\/wp-json\/wp\/v2\/categories?post=1721"},{"taxonomy":"post_tag","embeddable":true,"href":"https:\/\/kalot.com.mx\/site\/wp-json\/wp\/v2\/tags?post=1721"}],"curies":[{"name":"wp","href":"https:\/\/api.w.org\/{rel}","templated":true}]}}