{"id":17114,"date":"2014-07-02T19:15:43","date_gmt":"2014-07-03T00:15:43","guid":{"rendered":"http:\/\/www.kalot.com.mx\/?p=17114"},"modified":"2014-07-02T18:54:39","modified_gmt":"2014-07-02T23:54:39","slug":"se-vale-extranar","status":"publish","type":"post","link":"https:\/\/kalot.com.mx\/site\/2014\/07\/02\/se-vale-extranar\/","title":{"rendered":"Se Vale Extra\u00f1ar."},"content":{"rendered":"<p style=\"text-align: justify\">Perder a una persona importante para nosotros siempre es algo dif\u00edcil, y no me refiero al \u201cperder\u201d de manera figurativa a alguien sino literalmente, perder a alguien involucra muchos sentimientos que incluyen desde los m\u00e1s b\u00e1sicos como la tristeza hasta estr\u00e9s y culpabilidad. Hace poco he de confesar que perd\u00ed, literalmente; a una persona muy importante en mi vida y que el proceso natural de duelo era algo muy nuevo para m\u00ed\u2026 y no es porque yo viviera en una eterna burbuja de protecci\u00f3n sino m\u00e1s bien porque \u2013pese a el conocimiento de que las personas son ef\u00edmeras- lo ve\u00eda como algo muy distante, como algo que nunca me pod\u00eda tocar.<\/p>\n<p style=\"text-align: justify\">Realmente el perder a alguien es muy diferente a lo que todos creemos, muchas veces decimos que <em><span style=\"color: #800080\">\u201cperdemos\u201d<\/span><\/em> gente cuando por <span style=\"color: #800080\"><em>x<\/em> <\/span>o por <span style=\"color: #800080\"><em>y<\/em> <\/span>las personas dejan nuestra vida aunque realmente el perder a alguien va mucho m\u00e1s all\u00e1. El perder a alguien a rasgos generales significa no poder ver a una persona nunca de los nuncas de todo el universo, y no por decisi\u00f3n sino por circunstancia, eso en pocas palabras es el perder en todo su esplendor.<\/p>\n<p><img data-recalc-dims=\"1\" decoding=\"async\" class=\"aligncenter\" src=\"https:\/\/i0.wp.com\/d2tq98mqfjyz2l.cloudfront.net\/image_cache\/1401486510675887_animate.gif?w=1200\" alt=\"\" \/><\/p>\n<p style=\"text-align: justify\">Anteriormente mencion\u00e9 mi periodo de duelo, probablemente a algunos les haya pasado as\u00ed, y puedo decir que el m\u00edo const\u00f3 de tres etapas. La primera fue la negaci\u00f3n, durante esta etapa una parte de mi subconsciente suprimi\u00f3 la realidad\u00a0 y aunque sab\u00eda que era el final de una etapa de cierta forma no lo pude aceptar, me atrevo a decir que no lo entend\u00eda; y tras un muy mal d\u00eda \u2013cr\u00e9anme cuando digo que fue malo- mi cerebro fue procesando la informaci\u00f3n y me lleg\u00f3 hacia la segunda etapa: la aceptaci\u00f3n.<\/p>\n<p style=\"text-align: justify\">Durante esta segunda etapa comenc\u00e9 a procesar todo lo que hab\u00eda pasado, me di cuenta que de cierta forma no iba a tener el privilegio de realmente volver a ver a esta persona, que no era un mal sue\u00f1o, hasta cruz\u00f3 por mi cabeza un\u00a0 <em><span style=\"color: #800080\">\u201cchin\u201d<\/span><\/em>. Aqu\u00ed me di cuenta que hab\u00eda una raz\u00f3n para aquella p\u00e9rdida m\u00e1s que un consuelo como <em>\u201cel cielo necesitaba \u00e1ngeles\u201d<\/em>, fue el momento en el que reaccion\u00e9 y acept\u00e9 que en efecto nos apoyamos en cosas que van m\u00e1s all\u00e1 de nosotros como la religi\u00f3n, y que realmente \u2013sea real o no- es uno de los consuelos m\u00e1s efectivos.<\/p>\n<p style=\"text-align: justify\">La tercera etapa desde mi punto de vista es la m\u00e1s dif\u00edcil, la despedida llega cuando ya sabemos que no va a haber nunca vuelta atr\u00e1s. Es la m\u00e1s dif\u00edcil porque es cuando nos ponemos a pensar que probablemente el universo conspira en contra nuestra\u00a0 porque nos damos cuenta que, pese a lo mucho que podamos estar sufriendo; hay gente que r\u00ede y que simplemente es feliz\u2026 entonces pasada esta etapa de ego\u00edsmo y amarga resignaci\u00f3n sabemos que para recuperar un poco eso que envidiamos hay que dejar ir, siendo que realmente sentimos la necesidad de aferrarnos creemos que es m\u00e1s dif\u00edcil que encontrar una aguja en un pajar.<\/p>\n<p style=\"text-align: justify\">Pero de cierta manera todo se va acomodando para que aprendamos una lecci\u00f3n de ello: las personas no te dejan mientras las tengas presentes en tu coraz\u00f3n y en tu mente. No significa que tenemos que aferrarnos con cuerpo y alma a las memorias que compart\u00edamos con aquellos seres que se encuentran en otro lugar, m\u00e1s bien significa que mientras recordemos lo bueno de ellos y lo que significaron para nosotros podemos encontrar ese equilibrio. Es dif\u00edcil pero se lo debemos a ellos, es m\u00e1s bien dicen que mientras no dejes ir a una persona no podr\u00e1 descansar en paz, dejar ir no significa olvidar.<\/p>\n<p><img data-recalc-dims=\"1\" decoding=\"async\" class=\"aligncenter\" src=\"https:\/\/i0.wp.com\/laverdadrefresca.com\/wp-content\/uploads\/sites\/27\/2014\/05\/sprite-9.gif?w=1200\" alt=\"\" \/><\/p>\n<p style=\"text-align: justify\">Este peque\u00f1o y sencillo art\u00edculo va dedicado a aquellos que si saben lo que significa perder a alguien, no tanto como una consolaci\u00f3n ya que esas las encuentra cada uno por su cuenta sino m\u00e1s bien como un recordatorio de que la vida sigue y no se detiene por ninguno y, tomando una frase que probablemente muchos ya hayan escuchado antes <em>\u201cel amor es un grito al vac\u00edo y el olvido es inevitable\u201d<\/em> pero mientras sigamos recordando, mientras quede un pedacito de nosotros en los corazones de las personas nunca seremos olvidados. Aunque solo sabemos que se vale extra\u00f1ar y esperamos que sepan que los extra\u00f1amos, sabemos que el hecho de que no podamos decirles frente a frente que los queremos no no cambiar\u00e1 la realidad, y espero que ojal\u00e1 all\u00e1 arriba tengan internet.<\/p>\n<p style=\"text-align: justify\">Te quiero, au revoir!<\/p>\n","protected":false},"excerpt":{"rendered":"Perder a una persona importante para nosotros siempre es algo dif\u00edcil, y no me refiero al \u201cperder\u201d de&hellip;\n","protected":false},"author":61,"featured_media":17115,"comment_status":"open","ping_status":"open","sticky":false,"template":"","format":"standard","meta":{"jetpack_post_was_ever_published":false,"_jetpack_newsletter_access":"","_jetpack_dont_email_post_to_subs":false,"_jetpack_newsletter_tier_id":0,"_jetpack_memberships_contains_paywalled_content":false,"_jetpack_memberships_contains_paid_content":false,"footnotes":"","jetpack_publicize_message":"","jetpack_publicize_feature_enabled":true,"jetpack_social_post_already_shared":true,"jetpack_social_options":{"image_generator_settings":{"template":"highway","default_image_id":0,"font":"","enabled":false},"version":2}},"categories":[],"tags":[],"class_list":{"0":"post-17114","1":"post","2":"type-post","3":"status-publish","4":"format-standard","5":"has-post-thumbnail","7":"cs-entry","8":"cs-video-wrap"},"yoast_head":"<!-- This site is optimized with the Yoast SEO plugin v27.4 - https:\/\/yoast.com\/product\/yoast-seo-wordpress\/ -->\n<title>Se Vale Extra\u00f1ar.<\/title>\n<meta name=\"description\" content=\"Perder a una persona importante para nosotros siempre es algo dif\u00edcil, y no me refiero al \u201cperder\u201d de manera figurativa a alguien sino literalmente,\" \/>\n<meta name=\"robots\" content=\"index, follow, max-snippet:-1, max-image-preview:large, max-video-preview:-1\" \/>\n<link rel=\"canonical\" href=\"https:\/\/kalot.com.mx\/site\/2014\/07\/02\/se-vale-extranar\/\" \/>\n<meta property=\"og:locale\" content=\"es_MX\" \/>\n<meta property=\"og:type\" content=\"article\" \/>\n<meta property=\"og:title\" content=\"Se Vale Extra\u00f1ar.\" \/>\n<meta property=\"og:description\" content=\"Perder a una persona importante para nosotros siempre es algo dif\u00edcil, y no me refiero al \u201cperder\u201d de manera figurativa a alguien sino literalmente,\" \/>\n<meta property=\"og:url\" content=\"https:\/\/kalot.com.mx\/site\/2014\/07\/02\/se-vale-extranar\/\" \/>\n<meta property=\"og:site_name\" content=\"Kalot\" \/>\n<meta property=\"article:publisher\" content=\"http:\/\/facebook.com\/mxkalot\" \/>\n<meta property=\"article:author\" content=\"https:\/\/www.facebook.com\/elie.alvarado1\" \/>\n<meta property=\"article:published_time\" content=\"2014-07-03T00:15:43+00:00\" \/>\n<meta property=\"og:image\" content=\"https:\/\/i0.wp.com\/kalot.com.mx\/site\/wp-content\/uploads\/2014\/07\/green-grassland-under-sky-photo-001.jpg?fit=700%2C525&ssl=1\" \/>\n\t<meta property=\"og:image:width\" content=\"700\" \/>\n\t<meta property=\"og:image:height\" content=\"525\" \/>\n\t<meta property=\"og:image:type\" content=\"image\/jpeg\" \/>\n<meta name=\"author\" content=\"Mar\u00eda Alvarado\" \/>\n<meta name=\"twitter:card\" content=\"summary_large_image\" \/>\n<meta name=\"twitter:creator\" content=\"@Me_elieA\" \/>\n<meta name=\"twitter:site\" content=\"@kalotmx\" \/>\n<meta name=\"twitter:label1\" content=\"Escrito por\" \/>\n\t<meta name=\"twitter:data1\" content=\"Mar\u00eda Alvarado\" \/>\n\t<meta name=\"twitter:label2\" content=\"Tiempo de lectura\" \/>\n\t<meta name=\"twitter:data2\" content=\"4 minutos\" \/>\n<!-- \/ Yoast SEO plugin. -->","yoast_head_json":{"title":"Se Vale Extra\u00f1ar.","description":"Perder a una persona importante para nosotros siempre es algo dif\u00edcil, y no me refiero al \u201cperder\u201d de manera figurativa a alguien sino literalmente,","robots":{"index":"index","follow":"follow","max-snippet":"max-snippet:-1","max-image-preview":"max-image-preview:large","max-video-preview":"max-video-preview:-1"},"canonical":"https:\/\/kalot.com.mx\/site\/2014\/07\/02\/se-vale-extranar\/","og_locale":"es_MX","og_type":"article","og_title":"Se Vale Extra\u00f1ar.","og_description":"Perder a una persona importante para nosotros siempre es algo dif\u00edcil, y no me refiero al \u201cperder\u201d de manera figurativa a alguien sino literalmente,","og_url":"https:\/\/kalot.com.mx\/site\/2014\/07\/02\/se-vale-extranar\/","og_site_name":"Kalot","article_publisher":"http:\/\/facebook.com\/mxkalot","article_author":"https:\/\/www.facebook.com\/elie.alvarado1","article_published_time":"2014-07-03T00:15:43+00:00","og_image":[{"width":700,"height":525,"url":"https:\/\/i0.wp.com\/kalot.com.mx\/site\/wp-content\/uploads\/2014\/07\/green-grassland-under-sky-photo-001.jpg?fit=700%2C525&ssl=1","type":"image\/jpeg"}],"author":"Mar\u00eda Alvarado","twitter_card":"summary_large_image","twitter_creator":"@Me_elieA","twitter_site":"@kalotmx","twitter_misc":{"Escrito por":"Mar\u00eda Alvarado","Tiempo de lectura":"4 minutos"},"schema":{"@context":"https:\/\/schema.org","@graph":[{"@type":"Article","@id":"https:\/\/kalot.com.mx\/site\/2014\/07\/02\/se-vale-extranar\/#article","isPartOf":{"@id":"https:\/\/kalot.com.mx\/site\/2014\/07\/02\/se-vale-extranar\/"},"author":{"name":"Mar\u00eda Alvarado","@id":"https:\/\/kalot.com.mx\/site\/#\/schema\/person\/2364e48efea2244b0799211aeff4847e"},"headline":"Se Vale Extra\u00f1ar.","datePublished":"2014-07-03T00:15:43+00:00","mainEntityOfPage":{"@id":"https:\/\/kalot.com.mx\/site\/2014\/07\/02\/se-vale-extranar\/"},"wordCount":794,"commentCount":0,"publisher":{"@id":"https:\/\/kalot.com.mx\/site\/#organization"},"image":{"@id":"https:\/\/kalot.com.mx\/site\/2014\/07\/02\/se-vale-extranar\/#primaryimage"},"thumbnailUrl":"https:\/\/i0.wp.com\/kalot.com.mx\/site\/wp-content\/uploads\/2014\/07\/green-grassland-under-sky-photo-001.jpg?fit=700%2C525&ssl=1","inLanguage":"es","potentialAction":[{"@type":"CommentAction","name":"Comment","target":["https:\/\/kalot.com.mx\/site\/2014\/07\/02\/se-vale-extranar\/#respond"]}]},{"@type":"WebPage","@id":"https:\/\/kalot.com.mx\/site\/2014\/07\/02\/se-vale-extranar\/","url":"https:\/\/kalot.com.mx\/site\/2014\/07\/02\/se-vale-extranar\/","name":"Se Vale Extra\u00f1ar.","isPartOf":{"@id":"https:\/\/kalot.com.mx\/site\/#website"},"primaryImageOfPage":{"@id":"https:\/\/kalot.com.mx\/site\/2014\/07\/02\/se-vale-extranar\/#primaryimage"},"image":{"@id":"https:\/\/kalot.com.mx\/site\/2014\/07\/02\/se-vale-extranar\/#primaryimage"},"thumbnailUrl":"https:\/\/i0.wp.com\/kalot.com.mx\/site\/wp-content\/uploads\/2014\/07\/green-grassland-under-sky-photo-001.jpg?fit=700%2C525&ssl=1","datePublished":"2014-07-03T00:15:43+00:00","description":"Perder a una persona importante para nosotros siempre es algo dif\u00edcil, y no me refiero al \u201cperder\u201d de manera figurativa a alguien sino literalmente,","breadcrumb":{"@id":"https:\/\/kalot.com.mx\/site\/2014\/07\/02\/se-vale-extranar\/#breadcrumb"},"inLanguage":"es","potentialAction":[{"@type":"ReadAction","target":["https:\/\/kalot.com.mx\/site\/2014\/07\/02\/se-vale-extranar\/"]}]},{"@type":"ImageObject","inLanguage":"es","@id":"https:\/\/kalot.com.mx\/site\/2014\/07\/02\/se-vale-extranar\/#primaryimage","url":"https:\/\/i0.wp.com\/kalot.com.mx\/site\/wp-content\/uploads\/2014\/07\/green-grassland-under-sky-photo-001.jpg?fit=700%2C525&ssl=1","contentUrl":"https:\/\/i0.wp.com\/kalot.com.mx\/site\/wp-content\/uploads\/2014\/07\/green-grassland-under-sky-photo-001.jpg?fit=700%2C525&ssl=1","width":700,"height":525},{"@type":"BreadcrumbList","@id":"https:\/\/kalot.com.mx\/site\/2014\/07\/02\/se-vale-extranar\/#breadcrumb","itemListElement":[{"@type":"ListItem","position":1,"name":"Home","item":"https:\/\/kalot.com.mx\/site\/"},{"@type":"ListItem","position":2,"name":"Se Vale Extra\u00f1ar."}]},{"@type":"WebSite","@id":"https:\/\/kalot.com.mx\/site\/#website","url":"https:\/\/kalot.com.mx\/site\/","name":"Kalot","description":"Conoce Todo Sobre Todo","publisher":{"@id":"https:\/\/kalot.com.mx\/site\/#organization"},"potentialAction":[{"@type":"SearchAction","target":{"@type":"EntryPoint","urlTemplate":"https:\/\/kalot.com.mx\/site\/?s={search_term_string}"},"query-input":{"@type":"PropertyValueSpecification","valueRequired":true,"valueName":"search_term_string"}}],"inLanguage":"es"},{"@type":"Organization","@id":"https:\/\/kalot.com.mx\/site\/#organization","name":"Kalot","url":"https:\/\/kalot.com.mx\/site\/","logo":{"@type":"ImageObject","inLanguage":"es","@id":"https:\/\/kalot.com.mx\/site\/#\/schema\/logo\/image\/","url":"https:\/\/i0.wp.com\/kalot.com.mx\/site\/wp-content\/uploads\/2020\/04\/Kalot-logo-sin-tagline.png?fit=1707%2C1014&ssl=1","contentUrl":"https:\/\/i0.wp.com\/kalot.com.mx\/site\/wp-content\/uploads\/2020\/04\/Kalot-logo-sin-tagline.png?fit=1707%2C1014&ssl=1","width":1707,"height":1014,"caption":"Kalot"},"image":{"@id":"https:\/\/kalot.com.mx\/site\/#\/schema\/logo\/image\/"},"sameAs":["http:\/\/facebook.com\/mxkalot","https:\/\/x.com\/kalotmx","http:\/\/instagram.com\/kalotmx","http:\/\/pinterest.com\/jorgeerana\/kalot"]},{"@type":"Person","@id":"https:\/\/kalot.com.mx\/site\/#\/schema\/person\/2364e48efea2244b0799211aeff4847e","name":"Mar\u00eda Alvarado","image":{"@type":"ImageObject","inLanguage":"es","@id":"https:\/\/secure.gravatar.com\/avatar\/2a5c53655315c4a72bc8b3127daca732f3ccab828ef0de13ec26f266fc855c6b?s=96&d=mm&r=g","url":"https:\/\/secure.gravatar.com\/avatar\/2a5c53655315c4a72bc8b3127daca732f3ccab828ef0de13ec26f266fc855c6b?s=96&d=mm&r=g","contentUrl":"https:\/\/secure.gravatar.com\/avatar\/2a5c53655315c4a72bc8b3127daca732f3ccab828ef0de13ec26f266fc855c6b?s=96&d=mm&r=g","caption":"Mar\u00eda Alvarado"},"description":"El perfecto ejemplo de una rom\u00e1ntica so\u00f1adora, drama queen y devoradora de libros. Una parlanchina innata que goza de los peque\u00f1os placeres que ofrece esta vida y fan\u00e1tica de las sonrisas.","sameAs":["https:\/\/www.facebook.com\/elie.alvarado1","https:\/\/x.com\/Me_elieA"],"url":"https:\/\/kalot.com.mx\/site\/author\/elisa\/"}]}},"jetpack_publicize_connections":[],"jetpack_featured_media_url":"https:\/\/i0.wp.com\/kalot.com.mx\/site\/wp-content\/uploads\/2014\/07\/green-grassland-under-sky-photo-001.jpg?fit=700%2C525&ssl=1","jetpack_shortlink":"https:\/\/wp.me\/p6IHEI-4s2","jetpack-related-posts":[{"id":12555,"url":"https:\/\/kalot.com.mx\/site\/2014\/02\/27\/alguien-tienen-que-ceder\/","url_meta":{"origin":17114,"position":0},"title":"Alguien tienen que ceder.","author":"Mar\u00eda Alvarado","date":"27 febrero, 2014","format":false,"excerpt":"Algunas veces podemos ser dulces y literalmente hacemos todo lo posible por que alguien no sienta feo cuando le decimos algo o le hacemos llegar un mensaje dif\u00edcil, pero otras veces no podemos evitar el que todo lo que sale de nuestras bellas bocas suene feo. Aqu\u00ed entra la pregunta\u2026","rel":"","context":"Entrada similar ","block_context":{"text":"Entrada similar ","link":""},"img":{"alt_text":"","src":"https:\/\/i0.wp.com\/kalot.com.mx\/site\/wp-content\/uploads\/2014\/02\/Confusion-3.jpg?fit=750%2C499&ssl=1&resize=350%2C200","width":350,"height":200,"srcset":"https:\/\/i0.wp.com\/kalot.com.mx\/site\/wp-content\/uploads\/2014\/02\/Confusion-3.jpg?fit=750%2C499&ssl=1&resize=350%2C200 1x, https:\/\/i0.wp.com\/kalot.com.mx\/site\/wp-content\/uploads\/2014\/02\/Confusion-3.jpg?fit=750%2C499&ssl=1&resize=525%2C300 1.5x, https:\/\/i0.wp.com\/kalot.com.mx\/site\/wp-content\/uploads\/2014\/02\/Confusion-3.jpg?fit=750%2C499&ssl=1&resize=700%2C400 2x"},"classes":[]},{"id":14691,"url":"https:\/\/kalot.com.mx\/site\/2014\/04\/10\/terribles-segundas-oportunidades\/","url_meta":{"origin":17114,"position":1},"title":"Terribles Segundas Oportunidades&#8230;","author":"Mar\u00eda Alvarado","date":"10 abril, 2014","format":false,"excerpt":"La vida est\u00e1 llena de segundas oportunidades, algunas que son bien merecidas mientras que otras se nos dan por coincidencia. Esto significa que como seres humanos tendemos a echar muchas veces a perder las cosas, de cierta manera es meramente sabido que aprendemos a cuesti\u00f3n de prueba y error, lo\u2026","rel":"","context":"Con 3 comentarios","block_context":{"text":"Con 3 comentarios","link":"https:\/\/kalot.com.mx\/site\/2014\/04\/10\/terribles-segundas-oportunidades\/#comments"},"img":{"alt_text":"","src":"https:\/\/i0.wp.com\/kalot.com.mx\/site\/wp-content\/uploads\/2014\/04\/Im-sorry-card.jpg?fit=1200%2C900&ssl=1&resize=350%2C200","width":350,"height":200,"srcset":"https:\/\/i0.wp.com\/kalot.com.mx\/site\/wp-content\/uploads\/2014\/04\/Im-sorry-card.jpg?fit=1200%2C900&ssl=1&resize=350%2C200 1x, https:\/\/i0.wp.com\/kalot.com.mx\/site\/wp-content\/uploads\/2014\/04\/Im-sorry-card.jpg?fit=1200%2C900&ssl=1&resize=525%2C300 1.5x, https:\/\/i0.wp.com\/kalot.com.mx\/site\/wp-content\/uploads\/2014\/04\/Im-sorry-card.jpg?fit=1200%2C900&ssl=1&resize=700%2C400 2x, https:\/\/i0.wp.com\/kalot.com.mx\/site\/wp-content\/uploads\/2014\/04\/Im-sorry-card.jpg?fit=1200%2C900&ssl=1&resize=1050%2C600 3x"},"classes":[]},{"id":19836,"url":"https:\/\/kalot.com.mx\/site\/2015\/01\/02\/la-de-un-ano-maravilloso\/","url_meta":{"origin":17114,"position":2},"title":"La de un a\u00f1o maravilloso&#8230;","author":"Mar\u00eda Alvarado","date":"2 enero, 2015","format":false,"excerpt":"A\u00f1o nuevo vida nueva, al menos eso es lo que dicen algunas personas y con lo que estoy casi completamente de acuerdo, de alguna manera siento que en el sentido estricto de la oraci\u00f3n no se refiere a que comencemos una doble vida o algo as\u00ed sino que m\u00e1s bien\u2026","rel":"","context":"Entrada similar ","block_context":{"text":"Entrada similar ","link":""},"img":{"alt_text":"","src":"","width":0,"height":0},"classes":[]},{"id":19920,"url":"https:\/\/kalot.com.mx\/site\/2015\/01\/09\/mi-yo-independiente\/","url_meta":{"origin":17114,"position":3},"title":"Mi Yo Independiente&#8230;","author":"Mar\u00eda Alvarado","date":"9 enero, 2015","format":false,"excerpt":"\u00a1Hola mis Kalochos de amor! Espero que est\u00e9n preparados con toda la actitud para el fin de semana y que hayan tenido una muy, pero muy buena semana. Hoy me dirijo a ustedes con una problem\u00e1tica que seguramente muchos ya conozcan, primero quisiera darles un pre\u00e1mbulo sobre el tema y\u2026","rel":"","context":"Con 1 comentario","block_context":{"text":"Con 1 comentario","link":"https:\/\/kalot.com.mx\/site\/2015\/01\/09\/mi-yo-independiente\/#comments"},"img":{"alt_text":"","src":"https:\/\/i0.wp.com\/kalot.com.mx\/site\/wp-content\/uploads\/2015\/01\/mwangertext.jpg?fit=660%2C426&ssl=1&resize=350%2C200","width":350,"height":200,"srcset":"https:\/\/i0.wp.com\/kalot.com.mx\/site\/wp-content\/uploads\/2015\/01\/mwangertext.jpg?fit=660%2C426&ssl=1&resize=350%2C200 1x, https:\/\/i0.wp.com\/kalot.com.mx\/site\/wp-content\/uploads\/2015\/01\/mwangertext.jpg?fit=660%2C426&ssl=1&resize=525%2C300 1.5x"},"classes":[]},{"id":23229,"url":"https:\/\/kalot.com.mx\/site\/2015\/09\/02\/la-vida-y-la-muerte\/","url_meta":{"origin":17114,"position":4},"title":"La Vida y la Muerte","author":"Fabiia Rivera","date":"2 septiembre, 2015","format":false,"excerpt":"Hola mis queridos kaloteros, buen inicio de semana hoy es un d\u00eda muy especial como todos y cada uno de ellos,\u00a0 m\u00e1s hoy porque es lunes y m\u00e1s porque ya es el \u00faltimo d\u00eda del mes de agosto, y les quiero compartir un art\u00edculo de lo cual en estos d\u00edas\u2026","rel":"","context":"Entrada similar ","block_context":{"text":"Entrada similar ","link":""},"img":{"alt_text":"","src":"https:\/\/i0.wp.com\/kalot.com.mx\/site\/wp-content\/uploads\/2015\/09\/vida-vs-muerte-620x350.jpg?fit=620%2C350&ssl=1&resize=350%2C200","width":350,"height":200,"srcset":"https:\/\/i0.wp.com\/kalot.com.mx\/site\/wp-content\/uploads\/2015\/09\/vida-vs-muerte-620x350.jpg?fit=620%2C350&ssl=1&resize=350%2C200 1x, https:\/\/i0.wp.com\/kalot.com.mx\/site\/wp-content\/uploads\/2015\/09\/vida-vs-muerte-620x350.jpg?fit=620%2C350&ssl=1&resize=525%2C300 1.5x"},"classes":[]},{"id":7263,"url":"https:\/\/kalot.com.mx\/site\/2013\/11\/28\/pequenos-pasos\/","url_meta":{"origin":17114,"position":5},"title":"Peque\u00f1os pasos.","author":"Mar\u00eda Alvarado","date":"28 noviembre, 2013","format":false,"excerpt":"[dropcap size=big]M[\/dropcap]uchas veces pasa que nos quedamos pensando en preguntas como \"\u00bfpor qu\u00e9 no me habla?\", \"\u00bfqu\u00e9 ya no le importo?\" y le damos respuestas sin sentido como \"si no me habla pues yo menos\" o hasta usamos la excusa de \"el inter\u00e9s tiene pies\", y es rid\u00edculo porque todos\u2026","rel":"","context":"Con 2 comentarios","block_context":{"text":"Con 2 comentarios","link":"https:\/\/kalot.com.mx\/site\/2013\/11\/28\/pequenos-pasos\/#comments"},"img":{"alt_text":"","src":"https:\/\/i0.wp.com\/kalot.com.mx\/site\/wp-content\/uploads\/2013\/11\/felicidad_1.jpg?fit=700%2C468&ssl=1&resize=350%2C200","width":350,"height":200,"srcset":"https:\/\/i0.wp.com\/kalot.com.mx\/site\/wp-content\/uploads\/2013\/11\/felicidad_1.jpg?fit=700%2C468&ssl=1&resize=350%2C200 1x, https:\/\/i0.wp.com\/kalot.com.mx\/site\/wp-content\/uploads\/2013\/11\/felicidad_1.jpg?fit=700%2C468&ssl=1&resize=525%2C300 1.5x, https:\/\/i0.wp.com\/kalot.com.mx\/site\/wp-content\/uploads\/2013\/11\/felicidad_1.jpg?fit=700%2C468&ssl=1&resize=700%2C400 2x"},"classes":[]}],"jetpack_sharing_enabled":true,"_links":{"self":[{"href":"https:\/\/kalot.com.mx\/site\/wp-json\/wp\/v2\/posts\/17114","targetHints":{"allow":["GET"]}}],"collection":[{"href":"https:\/\/kalot.com.mx\/site\/wp-json\/wp\/v2\/posts"}],"about":[{"href":"https:\/\/kalot.com.mx\/site\/wp-json\/wp\/v2\/types\/post"}],"author":[{"embeddable":true,"href":"https:\/\/kalot.com.mx\/site\/wp-json\/wp\/v2\/users\/61"}],"replies":[{"embeddable":true,"href":"https:\/\/kalot.com.mx\/site\/wp-json\/wp\/v2\/comments?post=17114"}],"version-history":[{"count":0,"href":"https:\/\/kalot.com.mx\/site\/wp-json\/wp\/v2\/posts\/17114\/revisions"}],"wp:featuredmedia":[{"embeddable":true,"href":"https:\/\/kalot.com.mx\/site\/wp-json\/wp\/v2\/media\/17115"}],"wp:attachment":[{"href":"https:\/\/kalot.com.mx\/site\/wp-json\/wp\/v2\/media?parent=17114"}],"wp:term":[{"taxonomy":"category","embeddable":true,"href":"https:\/\/kalot.com.mx\/site\/wp-json\/wp\/v2\/categories?post=17114"},{"taxonomy":"post_tag","embeddable":true,"href":"https:\/\/kalot.com.mx\/site\/wp-json\/wp\/v2\/tags?post=17114"}],"curies":[{"name":"wp","href":"https:\/\/api.w.org\/{rel}","templated":true}]}}