{"id":17020,"date":"2014-06-27T15:56:52","date_gmt":"2014-06-27T20:56:52","guid":{"rendered":"http:\/\/www.kalot.com.mx\/?p=17020"},"modified":"2014-06-27T15:56:52","modified_gmt":"2014-06-27T20:56:52","slug":"korra-tambien-sabe-patear","status":"publish","type":"post","link":"https:\/\/kalot.com.mx\/site\/2014\/06\/27\/korra-tambien-sabe-patear\/","title":{"rendered":"\u00a1Korra tambi\u00e9n sabe patear!"},"content":{"rendered":"<p style=\"text-align: justify\">Tengo que decir que tambi\u00e9n soy y esto no siempre, un gran fan de la animaci\u00f3n como el anime hasta otras series que pudiesen parecer para ni\u00f1os.<\/p>\n<p style=\"text-align: justify\">La leyenda de Korra trata de la nueva avatar &#8211; Aqu\u00ed suponiendo que hallan visto La leyenda de aang &#8211; nacida en la tribu agua del sur, tiene diecisiete y busca convertirse en la mejor avatar que jamas haya existido.<\/p>\n<p style=\"text-align: justify\">Este sera el principio de la tercera temporada, que se estrena hoy en Estados Unidos, la trama de estos nuevos cap\u00edtulos se desarrolla y al parecer en el reino tierra donde Korra deber\u00e1 enfrentarse a las consecuencias de las decisiones tomadas en el final de la temporada pasada.<\/p>\n<p style=\"text-align: justify\">Aun no hay fecha de estreno de parte de Nick, canal que lo transmite, pero seguramente sera en Septiembre u Octubre se estrenar\u00e1 en Latino Am\u00e9rica.<\/p>\n<p style=\"text-align: justify\">Aqu\u00ed cabe aclarar que seg\u00fan un estudio de mercado a la serie la siguen personas incluso de cuarenta a\u00f1os, lo que nos habla de una trama e historia diferente.<\/p>\n<p><span class=\"embed-youtube\" style=\"text-align:center; display: block;\"><iframe class=\"youtube-player\" width=\"1200\" height=\"675\" src=\"https:\/\/www.youtube.com\/embed\/A0UBbzeFc74?version=3&#038;rel=1&#038;showsearch=0&#038;showinfo=1&#038;iv_load_policy=1&#038;fs=1&#038;hl=es-MX&#038;autohide=2&#038;wmode=transparent\" allowfullscreen=\"true\" style=\"border:0;\" sandbox=\"allow-scripts allow-same-origin allow-popups allow-presentation allow-popups-to-escape-sandbox\"><\/iframe><\/span><\/p>\n","protected":false},"excerpt":{"rendered":"Tengo que decir que tambi\u00e9n soy y esto no siempre, un gran fan de la animaci\u00f3n como el&hellip;\n","protected":false},"author":51,"featured_media":17022,"comment_status":"open","ping_status":"open","sticky":false,"template":"","format":"standard","meta":{"jetpack_post_was_ever_published":false,"_jetpack_newsletter_access":"","_jetpack_dont_email_post_to_subs":false,"_jetpack_newsletter_tier_id":0,"_jetpack_memberships_contains_paywalled_content":false,"_jetpack_memberships_contains_paid_content":false,"footnotes":"","jetpack_publicize_message":"","jetpack_publicize_feature_enabled":true,"jetpack_social_post_already_shared":true,"jetpack_social_options":{"image_generator_settings":{"template":"highway","default_image_id":0,"font":"","enabled":false},"version":2}},"categories":[],"tags":[],"class_list":{"0":"post-17020","1":"post","2":"type-post","3":"status-publish","4":"format-standard","5":"has-post-thumbnail","7":"cs-entry","8":"cs-video-wrap"},"yoast_head":"<!-- This site is optimized with the Yoast SEO plugin v27.4 - https:\/\/yoast.com\/product\/yoast-seo-wordpress\/ -->\n<title>\u00a1Korra tambi\u00e9n sabe patear! - Kalot<\/title>\n<meta name=\"description\" content=\"Tengo que decir que tambi\u00e9n soy y esto no siempre, un gran fan de la animaci\u00f3n como el anime hasta otras series que pudiesen parecer para ni\u00f1os. La\" \/>\n<meta name=\"robots\" content=\"index, follow, max-snippet:-1, max-image-preview:large, max-video-preview:-1\" \/>\n<link rel=\"canonical\" href=\"https:\/\/kalot.com.mx\/site\/2014\/06\/27\/korra-tambien-sabe-patear\/\" \/>\n<meta property=\"og:locale\" content=\"es_MX\" \/>\n<meta property=\"og:type\" content=\"article\" \/>\n<meta property=\"og:title\" content=\"\u00a1Korra tambi\u00e9n sabe patear! - Kalot\" \/>\n<meta property=\"og:description\" content=\"Tengo que decir que tambi\u00e9n soy y esto no siempre, un gran fan de la animaci\u00f3n como el anime hasta otras series que pudiesen parecer para ni\u00f1os. La\" \/>\n<meta property=\"og:url\" content=\"https:\/\/kalot.com.mx\/site\/2014\/06\/27\/korra-tambien-sabe-patear\/\" \/>\n<meta property=\"og:site_name\" content=\"Kalot\" \/>\n<meta property=\"article:publisher\" content=\"http:\/\/facebook.com\/mxkalot\" \/>\n<meta property=\"article:published_time\" content=\"2014-06-27T20:56:52+00:00\" \/>\n<meta property=\"og:image\" content=\"https:\/\/i2.wp.com\/kalot.com.mx\/site\/wp-content\/uploads\/2014\/06\/The-Legend-of-Korra-Season-2-Episode-14-Light-in-the-Dark.jpg?fit=1890%2C1080&ssl=1\" \/>\n\t<meta property=\"og:image:width\" content=\"1890\" \/>\n\t<meta property=\"og:image:height\" content=\"1080\" \/>\n\t<meta property=\"og:image:type\" content=\"image\/jpeg\" \/>\n<meta name=\"author\" content=\"Ivan Mendez\" \/>\n<meta name=\"twitter:card\" content=\"summary_large_image\" \/>\n<meta name=\"twitter:creator\" content=\"@kalotmx\" \/>\n<meta name=\"twitter:site\" content=\"@kalotmx\" \/>\n<meta name=\"twitter:label1\" content=\"Escrito por\" \/>\n\t<meta name=\"twitter:data1\" content=\"Ivan Mendez\" \/>\n\t<meta name=\"twitter:label2\" content=\"Tiempo de lectura\" \/>\n\t<meta name=\"twitter:data2\" content=\"1 minuto\" \/>\n<!-- \/ Yoast SEO plugin. -->","yoast_head_json":{"title":"\u00a1Korra tambi\u00e9n sabe patear! - Kalot","description":"Tengo que decir que tambi\u00e9n soy y esto no siempre, un gran fan de la animaci\u00f3n como el anime hasta otras series que pudiesen parecer para ni\u00f1os. La","robots":{"index":"index","follow":"follow","max-snippet":"max-snippet:-1","max-image-preview":"max-image-preview:large","max-video-preview":"max-video-preview:-1"},"canonical":"https:\/\/kalot.com.mx\/site\/2014\/06\/27\/korra-tambien-sabe-patear\/","og_locale":"es_MX","og_type":"article","og_title":"\u00a1Korra tambi\u00e9n sabe patear! - Kalot","og_description":"Tengo que decir que tambi\u00e9n soy y esto no siempre, un gran fan de la animaci\u00f3n como el anime hasta otras series que pudiesen parecer para ni\u00f1os. La","og_url":"https:\/\/kalot.com.mx\/site\/2014\/06\/27\/korra-tambien-sabe-patear\/","og_site_name":"Kalot","article_publisher":"http:\/\/facebook.com\/mxkalot","article_published_time":"2014-06-27T20:56:52+00:00","og_image":[{"width":1890,"height":1080,"url":"https:\/\/i2.wp.com\/kalot.com.mx\/site\/wp-content\/uploads\/2014\/06\/The-Legend-of-Korra-Season-2-Episode-14-Light-in-the-Dark.jpg?fit=1890%2C1080&ssl=1","type":"image\/jpeg"}],"author":"Ivan Mendez","twitter_card":"summary_large_image","twitter_creator":"@kalotmx","twitter_site":"@kalotmx","twitter_misc":{"Escrito por":"Ivan Mendez","Tiempo de lectura":"1 minuto"},"schema":{"@context":"https:\/\/schema.org","@graph":[{"@type":"Article","@id":"https:\/\/kalot.com.mx\/site\/2014\/06\/27\/korra-tambien-sabe-patear\/#article","isPartOf":{"@id":"https:\/\/kalot.com.mx\/site\/2014\/06\/27\/korra-tambien-sabe-patear\/"},"author":{"name":"Ivan Mendez","@id":"https:\/\/kalot.com.mx\/site\/#\/schema\/person\/444a91ecc3b075ab573ff515d7f6d6e3"},"headline":"\u00a1Korra tambi\u00e9n sabe patear!","datePublished":"2014-06-27T20:56:52+00:00","mainEntityOfPage":{"@id":"https:\/\/kalot.com.mx\/site\/2014\/06\/27\/korra-tambien-sabe-patear\/"},"wordCount":190,"commentCount":0,"publisher":{"@id":"https:\/\/kalot.com.mx\/site\/#organization"},"image":{"@id":"https:\/\/kalot.com.mx\/site\/2014\/06\/27\/korra-tambien-sabe-patear\/#primaryimage"},"thumbnailUrl":"https:\/\/i0.wp.com\/kalot.com.mx\/site\/wp-content\/uploads\/2014\/06\/The-Legend-of-Korra-Season-2-Episode-14-Light-in-the-Dark.jpg?fit=1890%2C1080&ssl=1","inLanguage":"es","potentialAction":[{"@type":"CommentAction","name":"Comment","target":["https:\/\/kalot.com.mx\/site\/2014\/06\/27\/korra-tambien-sabe-patear\/#respond"]}]},{"@type":"WebPage","@id":"https:\/\/kalot.com.mx\/site\/2014\/06\/27\/korra-tambien-sabe-patear\/","url":"https:\/\/kalot.com.mx\/site\/2014\/06\/27\/korra-tambien-sabe-patear\/","name":"\u00a1Korra tambi\u00e9n sabe patear! - Kalot","isPartOf":{"@id":"https:\/\/kalot.com.mx\/site\/#website"},"primaryImageOfPage":{"@id":"https:\/\/kalot.com.mx\/site\/2014\/06\/27\/korra-tambien-sabe-patear\/#primaryimage"},"image":{"@id":"https:\/\/kalot.com.mx\/site\/2014\/06\/27\/korra-tambien-sabe-patear\/#primaryimage"},"thumbnailUrl":"https:\/\/i0.wp.com\/kalot.com.mx\/site\/wp-content\/uploads\/2014\/06\/The-Legend-of-Korra-Season-2-Episode-14-Light-in-the-Dark.jpg?fit=1890%2C1080&ssl=1","datePublished":"2014-06-27T20:56:52+00:00","description":"Tengo que decir que tambi\u00e9n soy y esto no siempre, un gran fan de la animaci\u00f3n como el anime hasta otras series que pudiesen parecer para ni\u00f1os. La","breadcrumb":{"@id":"https:\/\/kalot.com.mx\/site\/2014\/06\/27\/korra-tambien-sabe-patear\/#breadcrumb"},"inLanguage":"es","potentialAction":[{"@type":"ReadAction","target":["https:\/\/kalot.com.mx\/site\/2014\/06\/27\/korra-tambien-sabe-patear\/"]}]},{"@type":"ImageObject","inLanguage":"es","@id":"https:\/\/kalot.com.mx\/site\/2014\/06\/27\/korra-tambien-sabe-patear\/#primaryimage","url":"https:\/\/i0.wp.com\/kalot.com.mx\/site\/wp-content\/uploads\/2014\/06\/The-Legend-of-Korra-Season-2-Episode-14-Light-in-the-Dark.jpg?fit=1890%2C1080&ssl=1","contentUrl":"https:\/\/i0.wp.com\/kalot.com.mx\/site\/wp-content\/uploads\/2014\/06\/The-Legend-of-Korra-Season-2-Episode-14-Light-in-the-Dark.jpg?fit=1890%2C1080&ssl=1","width":1890,"height":1080},{"@type":"BreadcrumbList","@id":"https:\/\/kalot.com.mx\/site\/2014\/06\/27\/korra-tambien-sabe-patear\/#breadcrumb","itemListElement":[{"@type":"ListItem","position":1,"name":"Home","item":"https:\/\/kalot.com.mx\/site\/"},{"@type":"ListItem","position":2,"name":"\u00a1Korra tambi\u00e9n sabe patear!"}]},{"@type":"WebSite","@id":"https:\/\/kalot.com.mx\/site\/#website","url":"https:\/\/kalot.com.mx\/site\/","name":"Kalot","description":"Conoce Todo Sobre Todo","publisher":{"@id":"https:\/\/kalot.com.mx\/site\/#organization"},"potentialAction":[{"@type":"SearchAction","target":{"@type":"EntryPoint","urlTemplate":"https:\/\/kalot.com.mx\/site\/?s={search_term_string}"},"query-input":{"@type":"PropertyValueSpecification","valueRequired":true,"valueName":"search_term_string"}}],"inLanguage":"es"},{"@type":"Organization","@id":"https:\/\/kalot.com.mx\/site\/#organization","name":"Kalot","url":"https:\/\/kalot.com.mx\/site\/","logo":{"@type":"ImageObject","inLanguage":"es","@id":"https:\/\/kalot.com.mx\/site\/#\/schema\/logo\/image\/","url":"https:\/\/i0.wp.com\/kalot.com.mx\/site\/wp-content\/uploads\/2020\/04\/Kalot-logo-sin-tagline.png?fit=1707%2C1014&ssl=1","contentUrl":"https:\/\/i0.wp.com\/kalot.com.mx\/site\/wp-content\/uploads\/2020\/04\/Kalot-logo-sin-tagline.png?fit=1707%2C1014&ssl=1","width":1707,"height":1014,"caption":"Kalot"},"image":{"@id":"https:\/\/kalot.com.mx\/site\/#\/schema\/logo\/image\/"},"sameAs":["http:\/\/facebook.com\/mxkalot","https:\/\/x.com\/kalotmx","http:\/\/instagram.com\/kalotmx","http:\/\/pinterest.com\/jorgeerana\/kalot"]},{"@type":"Person","@id":"https:\/\/kalot.com.mx\/site\/#\/schema\/person\/444a91ecc3b075ab573ff515d7f6d6e3","name":"Ivan Mendez","image":{"@type":"ImageObject","inLanguage":"es","@id":"https:\/\/secure.gravatar.com\/avatar\/d3590cbb14ecd120bf7a8d9b0ab9a1dae9b2aab34a41a577b5288298a4d08e36?s=96&d=mm&r=g","url":"https:\/\/secure.gravatar.com\/avatar\/d3590cbb14ecd120bf7a8d9b0ab9a1dae9b2aab34a41a577b5288298a4d08e36?s=96&d=mm&r=g","contentUrl":"https:\/\/secure.gravatar.com\/avatar\/d3590cbb14ecd120bf7a8d9b0ab9a1dae9b2aab34a41a577b5288298a4d08e36?s=96&d=mm&r=g","caption":"Ivan Mendez"},"url":"https:\/\/kalot.com.mx\/site\/author\/ivan\/"}]}},"jetpack_publicize_connections":[],"jetpack_featured_media_url":"https:\/\/i0.wp.com\/kalot.com.mx\/site\/wp-content\/uploads\/2014\/06\/The-Legend-of-Korra-Season-2-Episode-14-Light-in-the-Dark.jpg?fit=1890%2C1080&ssl=1","jetpack_shortlink":"https:\/\/wp.me\/p6IHEI-4qw","jetpack-related-posts":[{"id":4985,"url":"https:\/\/kalot.com.mx\/site\/2013\/10\/27\/review-avatar-la-leyenda-de-korra\/","url_meta":{"origin":17020,"position":0},"title":"Review: \u201cAVATAR: La leyenda de Korra\u201d","author":"Cristian Patl\u00e1n","date":"27 octubre, 2013","format":false,"excerpt":"Kaloch@s si al igual que yo cuando se acabo Avatar: La leyenda de Aang sintieron que su vida no ten\u00eda ning\u00fan prop\u00f3sito ya, puede que la alegr\u00eda regrese a sus corazones. Hablo de Avatar: La leyenda de Korra, secuela de la ya mencionada serie que actualmente se transmite el libro\u2026","rel":"","context":"En &quot;Sin categor\u00eda&quot;","block_context":{"text":"Sin categor\u00eda","link":"https:\/\/kalot.com.mx\/site\/category\/sin-categoria\/"},"img":{"alt_text":"","src":"https:\/\/i0.wp.com\/kalot.com.mx\/site\/wp-content\/uploads\/2013\/10\/wallpapers-de-la-leyenda-de-korra4.jpg?fit=500%2C375&ssl=1&resize=350%2C200","width":350,"height":200},"classes":[]},{"id":19553,"url":"https:\/\/kalot.com.mx\/site\/2014\/12\/23\/la-leyenda-de-korra-llega-su-final-haciendo-historia\/","url_meta":{"origin":17020,"position":1},"title":"La leyenda de Korra llega a su final haciendo historia.","author":"Ivan Mendez","date":"23 diciembre, 2014","format":false,"excerpt":"En 2012 lleg\u00f3 a la televisi\u00f3n de la mano de Nickelodeon La leyenda de Korra, serie de dibujos animados ubicada en un universo en las personas pueden, dependiendo de la\u00a0naci\u00f3n a la que pertenezcan, controlar un elemento. Dentro de esta idea existe tambi\u00e9n un \u00fanico humano con la capacidad para\u2026","rel":"","context":"Con 2 comentarios","block_context":{"text":"Con 2 comentarios","link":"https:\/\/kalot.com.mx\/site\/2014\/12\/23\/la-leyenda-de-korra-llega-su-final-haciendo-historia\/#comments"},"img":{"alt_text":"","src":"https:\/\/i0.wp.com\/kalot.com.mx\/site\/wp-content\/uploads\/2014\/12\/10868156_736260169784703_8403133624507052673_n.png?fit=960%2C534&ssl=1&resize=350%2C200","width":350,"height":200,"srcset":"https:\/\/i0.wp.com\/kalot.com.mx\/site\/wp-content\/uploads\/2014\/12\/10868156_736260169784703_8403133624507052673_n.png?fit=960%2C534&ssl=1&resize=350%2C200 1x, https:\/\/i0.wp.com\/kalot.com.mx\/site\/wp-content\/uploads\/2014\/12\/10868156_736260169784703_8403133624507052673_n.png?fit=960%2C534&ssl=1&resize=525%2C300 1.5x, https:\/\/i0.wp.com\/kalot.com.mx\/site\/wp-content\/uploads\/2014\/12\/10868156_736260169784703_8403133624507052673_n.png?fit=960%2C534&ssl=1&resize=700%2C400 2x"},"classes":[]},{"id":18206,"url":"https:\/\/kalot.com.mx\/site\/2014\/09\/18\/mentalist-ultima-temporada\/","url_meta":{"origin":17020,"position":2},"title":"The Mentalist &#8230; \u00daltima Temporada","author":"Adrian Aldana","date":"18 septiembre, 2014","format":false,"excerpt":"Asi es la serie The Mentalist, fue renovada al parecer para su \u00faltima temporada esto por parte de CBS y en M\u00e9xico esta serie se transmite por WB Channel, honestamente creo que es una gran p\u00e9rdida ya que la serie a mi me gustaba mucho y la sexta temporada fue\u2026","rel":"","context":"Entrada similar ","block_context":{"text":"Entrada similar ","link":""},"img":{"alt_text":"","src":"https:\/\/i0.wp.com\/kalot.com.mx\/site\/wp-content\/uploads\/2014\/09\/the-mentalist.png?fit=495%2C301&ssl=1&resize=350%2C200","width":350,"height":200},"classes":[]},{"id":18007,"url":"https:\/\/kalot.com.mx\/site\/2014\/09\/08\/trailer-de-american-horror-story-freak-show\/","url_meta":{"origin":17020,"position":3},"title":"Tr\u00e1iler de American Horror Story: Freak Show","author":"Ivan Mendez","date":"8 septiembre, 2014","format":false,"excerpt":"Hace menos de dos horas se dio a conocer el trailer definitivo de lo que ser\u00e1 la nueva temporada de la exitosa serie \"American Horror Story\" \u00a0estrenada en 2011 y que ha sabido reinventarse dando a cada temporada un giro y trama especial. Pasando desde la t\u00edpica historia de la\u2026","rel":"","context":"Entrada similar ","block_context":{"text":"Entrada similar ","link":""},"img":{"alt_text":"","src":"https:\/\/i0.wp.com\/kalot.com.mx\/site\/wp-content\/uploads\/2014\/09\/ahs-freakshow.jpg?fit=1200%2C675&ssl=1&resize=350%2C200","width":350,"height":200,"srcset":"https:\/\/i0.wp.com\/kalot.com.mx\/site\/wp-content\/uploads\/2014\/09\/ahs-freakshow.jpg?fit=1200%2C675&ssl=1&resize=350%2C200 1x, https:\/\/i0.wp.com\/kalot.com.mx\/site\/wp-content\/uploads\/2014\/09\/ahs-freakshow.jpg?fit=1200%2C675&ssl=1&resize=525%2C300 1.5x, https:\/\/i0.wp.com\/kalot.com.mx\/site\/wp-content\/uploads\/2014\/09\/ahs-freakshow.jpg?fit=1200%2C675&ssl=1&resize=700%2C400 2x, https:\/\/i0.wp.com\/kalot.com.mx\/site\/wp-content\/uploads\/2014\/09\/ahs-freakshow.jpg?fit=1200%2C675&ssl=1&resize=1050%2C600 3x"},"classes":[]},{"id":18168,"url":"https:\/\/kalot.com.mx\/site\/2014\/09\/16\/avance-revenge-temporada-4\/","url_meta":{"origin":17020,"position":4},"title":"Avance Revenge Temporada 4","author":"Adrian Aldana","date":"16 septiembre, 2014","format":false,"excerpt":"Hola lectores y en especial fan\u00e1ticos de Revenge. El d\u00eda 28 de Septiembre Revenge se estrenar\u00e1 en USA por medio de la cadena ABC, a\u00fan no hay fecha para SONY en M\u00e9xico, pero no desesperen ya que la temporada 3 en M\u00e9xico se estreno solo 3 semanas despu\u00e9s que en\u2026","rel":"","context":"Con 1 comentario","block_context":{"text":"Con 1 comentario","link":"https:\/\/kalot.com.mx\/site\/2014\/09\/16\/avance-revenge-temporada-4\/#comments"},"img":{"alt_text":"","src":"https:\/\/i0.wp.com\/kalot.com.mx\/site\/wp-content\/uploads\/2014\/09\/Revenge-Head.jpg?fit=600%2C338&ssl=1&resize=350%2C200","width":350,"height":200,"srcset":"https:\/\/i0.wp.com\/kalot.com.mx\/site\/wp-content\/uploads\/2014\/09\/Revenge-Head.jpg?fit=600%2C338&ssl=1&resize=350%2C200 1x, https:\/\/i0.wp.com\/kalot.com.mx\/site\/wp-content\/uploads\/2014\/09\/Revenge-Head.jpg?fit=600%2C338&ssl=1&resize=525%2C300 1.5x"},"classes":[]},{"id":16544,"url":"https:\/\/kalot.com.mx\/site\/2014\/05\/30\/trailer-en-espanol-de-la-pelicula-de-los-caballeros-del-zodiaco-la-leyenda-del-santuario\/","url_meta":{"origin":17020,"position":5},"title":"Tr\u00e1iler en espa\u00f1ol de la pel\u00edcula de Los Caballeros del Zodiaco: La Leyenda del Santuario","author":"Jorge Era\u00f1a","date":"30 mayo, 2014","format":false,"excerpt":"Si todav\u00eda tienen sus monitos\u00a0dorados de hace algunos ayeres, prep\u00e1rate y abr\u00e1zalo con fuerza porque aqu\u00ed est\u00e1 el tr\u00e1iler en espa\u00f1ol de su nueva pel\u00edcula Los Caballeros del Zodiaco: La Leyenda del Santuario [embedvideo id=\"B2UmEN9mOkY\" website=\"youtube\"] La pel\u00edcula se lanzar\u00e1 en septiembre de este 2014 y todo parece que Diamond\u2026","rel":"","context":"Con 3 comentarios","block_context":{"text":"Con 3 comentarios","link":"https:\/\/kalot.com.mx\/site\/2014\/05\/30\/trailer-en-espanol-de-la-pelicula-de-los-caballeros-del-zodiaco-la-leyenda-del-santuario\/#comments"},"img":{"alt_text":"","src":"https:\/\/i0.wp.com\/kalot.com.mx\/site\/wp-content\/uploads\/2014\/05\/los-caballeros-del-zodiaco-leyenda-del-santuario.jpg?fit=500%2C250&ssl=1&resize=350%2C200","width":350,"height":200},"classes":[]}],"jetpack_sharing_enabled":true,"_links":{"self":[{"href":"https:\/\/kalot.com.mx\/site\/wp-json\/wp\/v2\/posts\/17020","targetHints":{"allow":["GET"]}}],"collection":[{"href":"https:\/\/kalot.com.mx\/site\/wp-json\/wp\/v2\/posts"}],"about":[{"href":"https:\/\/kalot.com.mx\/site\/wp-json\/wp\/v2\/types\/post"}],"author":[{"embeddable":true,"href":"https:\/\/kalot.com.mx\/site\/wp-json\/wp\/v2\/users\/51"}],"replies":[{"embeddable":true,"href":"https:\/\/kalot.com.mx\/site\/wp-json\/wp\/v2\/comments?post=17020"}],"version-history":[{"count":0,"href":"https:\/\/kalot.com.mx\/site\/wp-json\/wp\/v2\/posts\/17020\/revisions"}],"wp:featuredmedia":[{"embeddable":true,"href":"https:\/\/kalot.com.mx\/site\/wp-json\/wp\/v2\/media\/17022"}],"wp:attachment":[{"href":"https:\/\/kalot.com.mx\/site\/wp-json\/wp\/v2\/media?parent=17020"}],"wp:term":[{"taxonomy":"category","embeddable":true,"href":"https:\/\/kalot.com.mx\/site\/wp-json\/wp\/v2\/categories?post=17020"},{"taxonomy":"post_tag","embeddable":true,"href":"https:\/\/kalot.com.mx\/site\/wp-json\/wp\/v2\/tags?post=17020"}],"curies":[{"name":"wp","href":"https:\/\/api.w.org\/{rel}","templated":true}]}}