{"id":16760,"date":"2014-06-12T15:34:34","date_gmt":"2014-06-12T20:34:34","guid":{"rendered":"http:\/\/www.kalot.com.mx\/?p=16760"},"modified":"2014-06-12T15:34:34","modified_gmt":"2014-06-12T20:34:34","slug":"feliz-cumple-ana","status":"publish","type":"post","link":"https:\/\/kalot.com.mx\/site\/2014\/06\/12\/feliz-cumple-ana\/","title":{"rendered":"Qu\u00e9 no se les olvide: \u00a1Feliz cumple Ana!"},"content":{"rendered":"<p style=\"text-align: justify\">Si, si, si, ya s\u00e9 que todos, todos, todos, est\u00e1n emocionados por el Mundial Brasil 2014. Y claro, m\u00e1s los hombres.<\/p>\n<p style=\"text-align: justify\">Seguramente en estos momentos est\u00e1s viendo el primer partido del Mundial, Brasil vs Croacia. (Pa&#8217; que vean que yo tambi\u00e9n s\u00e9)&#8230;<\/p>\n<p style=\"text-align: justify\">Sin embargo quiero recordarles por medio de esta peque\u00f1\u00edsima nota el cumple a\u00f1os de una persona que en lo personal me ha inspirado y ella es nada menos y nada m\u00e1s que:<\/p>\n<h1 id=\"ana-frank\" style=\"text-align: center\">ANA FRANK.<\/h1>\n<p style=\"text-align: justify\">Hoy\u00a0estar\u00eda cumpliendo 85 a\u00f1os. Muchos de nosotros la conocemos por su libro famoso titulado:<strong> &#8220;El diario de Ana Frank.&#8221;<\/strong> donde nos cuenta sobre su vida durante la segunda guerra mundial y c\u00f3mo tuvo que esconderse junto con su familia de los nazis por un tiempo hasta ser delatada.<\/p>\n<p style=\"text-align: justify\"><span style=\"color: #3f3f3f\">Ana Frank nace el 12 de junio 1929 en la ciudad alemana de Fr\u00e1ncfort del Meno, donde la familia de su padre lleva viviendo varias generaciones. Margot, hermana mayor de Ana, es tres a\u00f1os mayor que esta. La crisis econ\u00f3mica, el surgimiento de Hitler y el creciente sentimiento antisemita en la sociedad ponen fin a la tranquila vida de la familia. Otto Frank y Edith, su esposa, deciden \u2013 como muchos otros jud\u00edos \u2013 dejar Alemania.<\/span><\/p>\n<p style=\"text-align: justify\"><a href=\"https:\/\/i0.wp.com\/www.kalot.com.mx\/wp-content\/uploads\/2014\/06\/Ana.jpg\"><img data-recalc-dims=\"1\" fetchpriority=\"high\" decoding=\"async\" data-attachment-id=\"16761\" data-permalink=\"https:\/\/kalot.com.mx\/site\/2014\/06\/12\/feliz-cumple-ana\/ana-2\/\" data-orig-file=\"https:\/\/i0.wp.com\/kalot.com.mx\/site\/wp-content\/uploads\/2014\/06\/Ana.jpg?fit=395%2C520&amp;ssl=1\" data-orig-size=\"395,520\" data-comments-opened=\"1\" data-image-meta=\"{&quot;aperture&quot;:&quot;0&quot;,&quot;credit&quot;:&quot;&quot;,&quot;camera&quot;:&quot;&quot;,&quot;caption&quot;:&quot;&quot;,&quot;created_timestamp&quot;:&quot;0&quot;,&quot;copyright&quot;:&quot;&quot;,&quot;focal_length&quot;:&quot;0&quot;,&quot;iso&quot;:&quot;0&quot;,&quot;shutter_speed&quot;:&quot;0&quot;,&quot;title&quot;:&quot;&quot;,&quot;orientation&quot;:&quot;0&quot;}\" data-image-title=\"Ana\" data-image-description=\"\" data-image-caption=\"\" data-large-file=\"https:\/\/i0.wp.com\/kalot.com.mx\/site\/wp-content\/uploads\/2014\/06\/Ana.jpg?fit=395%2C520&amp;ssl=1\" class=\"aligncenter size-medium wp-image-16761\" src=\"https:\/\/i0.wp.com\/www.kalot.com.mx\/wp-content\/uploads\/2014\/06\/Ana-227x300.jpg?resize=227%2C300\" alt=\"Ana\" width=\"227\" height=\"300\" \/><\/a><\/p>\n<p style=\"text-align: justify\">Es por eso que la familia decide \u00a0instalarse en Amsterdam, sin embargo e<span style=\"color: #3f3f3f\">l 1 de septiembre de 1939, Alemania invade Polonia. Este es el comienzo de la Segunda Guerra Mundial.<\/span><\/p>\n<p>El 5 de julio de 1942 llega una citaci\u00f3n por correo para Margot Frank: tiene que presentarse en un campo de trabajo en Alemania. Inmediatamente, al d\u00eda siguiente, la familia Frank pasa a la clandestinidad. Una semana m\u00e1s tarde se agrega la familia Van Pels y, en noviembre de 1942, llega el octavo escondido: el dentista Fritz Pfeffer. Durante m\u00e1s de dos a\u00f1os permanecen escondidos en la &#8220;Casa de Atr\u00e1s.&#8221;<\/p>\n<p style=\"color: #3f3f3f\"><a href=\"https:\/\/i0.wp.com\/www.kalot.com.mx\/wp-content\/uploads\/2014\/06\/Anna.jpeg\"><img data-recalc-dims=\"1\" decoding=\"async\" data-attachment-id=\"16762\" data-permalink=\"https:\/\/kalot.com.mx\/site\/2014\/06\/12\/feliz-cumple-ana\/anna\/\" data-orig-file=\"https:\/\/i0.wp.com\/kalot.com.mx\/site\/wp-content\/uploads\/2014\/06\/Anna.jpeg?fit=520%2C409&amp;ssl=1\" data-orig-size=\"520,409\" data-comments-opened=\"1\" data-image-meta=\"{&quot;aperture&quot;:&quot;0&quot;,&quot;credit&quot;:&quot;&quot;,&quot;camera&quot;:&quot;&quot;,&quot;caption&quot;:&quot;&quot;,&quot;created_timestamp&quot;:&quot;0&quot;,&quot;copyright&quot;:&quot;&quot;,&quot;focal_length&quot;:&quot;0&quot;,&quot;iso&quot;:&quot;0&quot;,&quot;shutter_speed&quot;:&quot;0&quot;,&quot;title&quot;:&quot;&quot;,&quot;orientation&quot;:&quot;0&quot;}\" data-image-title=\"Anna\" data-image-description=\"\" data-image-caption=\"\" data-large-file=\"https:\/\/i0.wp.com\/kalot.com.mx\/site\/wp-content\/uploads\/2014\/06\/Anna.jpeg?fit=520%2C409&amp;ssl=1\" class=\"aligncenter  wp-image-16762\" src=\"https:\/\/i0.wp.com\/www.kalot.com.mx\/wp-content\/uploads\/2014\/06\/Anna-300x235.jpeg?resize=320%2C251\" alt=\"Anna\" width=\"320\" height=\"251\" \/><\/a><\/p>\n<p>Los escondidos no tienen que hacer ruido, sienten miedo con frecuencia y, bien o mal, tienen que pasar el tiempo juntos. Reciben ayuda de los empleados de oficina Johannes Kleiman, V\u00edctor Kugler, Miep Gies en Bep Voskuijl, de Jan Gies, esposo de Miep, y de Johannes Voskuijl, jefe de almac\u00e9n y padre de Bep. Estos ayudantes no solo proporcionan comida, ropa y libros a los escondidos, sino que tambi\u00e9n son su contacto con el mundo exterior.<\/p>\n<p>Es en estos momentos cuando Ana comienza a escribir su diario, lo toma como su mejor amiga e incluso le pone de nombre Kitty. Pero poco tiempo despu\u00e9s su diario se ve interrumpido pues son descubiertos y deportados a campos de concentraci\u00f3n.\u00a0Miep Gies y Bep Voskuijl rescatan las hojas del diario de Ana, que han quedado en la Casa de Atr\u00e1s. Pese a profundas investigaciones, hasta ahora no ha quedado claro c\u00f3mo fue descubierto el escondite.<\/p>\n<p style=\"color: #3f3f3f\"><a href=\"https:\/\/i0.wp.com\/www.kalot.com.mx\/wp-content\/uploads\/2014\/06\/anne_aan_tafel_corr.jpg\"><img data-recalc-dims=\"1\" decoding=\"async\" data-attachment-id=\"16763\" data-permalink=\"https:\/\/kalot.com.mx\/site\/2014\/06\/12\/feliz-cumple-ana\/anne_aan_tafel_corr\/\" data-orig-file=\"https:\/\/i0.wp.com\/kalot.com.mx\/site\/wp-content\/uploads\/2014\/06\/anne_aan_tafel_corr.jpg?fit=443%2C520&amp;ssl=1\" data-orig-size=\"443,520\" data-comments-opened=\"1\" data-image-meta=\"{&quot;aperture&quot;:&quot;0&quot;,&quot;credit&quot;:&quot;&quot;,&quot;camera&quot;:&quot;&quot;,&quot;caption&quot;:&quot;&quot;,&quot;created_timestamp&quot;:&quot;0&quot;,&quot;copyright&quot;:&quot;&quot;,&quot;focal_length&quot;:&quot;0&quot;,&quot;iso&quot;:&quot;0&quot;,&quot;shutter_speed&quot;:&quot;0&quot;,&quot;title&quot;:&quot;&quot;,&quot;orientation&quot;:&quot;0&quot;}\" data-image-title=\"anne_aan_tafel_corr\" data-image-description=\"\" data-image-caption=\"\" data-large-file=\"https:\/\/i0.wp.com\/kalot.com.mx\/site\/wp-content\/uploads\/2014\/06\/anne_aan_tafel_corr.jpg?fit=443%2C520&amp;ssl=1\" class=\"aligncenter size-medium wp-image-16763\" src=\"https:\/\/i0.wp.com\/www.kalot.com.mx\/wp-content\/uploads\/2014\/06\/anne_aan_tafel_corr-255x300.jpg?resize=255%2C300\" alt=\"anne_aan_tafel_corr\" width=\"255\" height=\"300\" \/><\/a><\/p>\n<p>Finalmente el \u00fanico sobreviviente es su padre Otto Frank. Ana Frank, su madre y su hermana mueren en los campos de concentraci\u00f3n.<\/p>\n<p>Sin embargo Ana Frank sigue existiendo en los corazones de quienes han le\u00eddo su diario, ha inspirado\u00a0por medio de sus palabras y la forma en que cuenta como suced\u00edan las cosas en su escondite.<\/p>\n<p>Ella escribi\u00f3: <strong>&#8220;Tengo que defender mis ideales, el tiempo dir\u00e1 cuando llevarlos a cabo.&#8221;<\/strong> Y as\u00ed lo hizo. Quiz\u00e1 no estuvo para verlo. Pero lo cumpli\u00f3.<\/p>\n<p>As\u00ed que Anita, feliz cumple a\u00f1os, si vivieras seguramente ser\u00edamos grandes amigas.<\/p>\n<p>Aqu\u00ed les dejo la <strong>P\u00e1gina Oficial<\/strong> de <a href=\"http:\/\/www.annefrank.org\">Ana Frank.<\/a><\/p>\n<p>Y &#8230; Hasta la pr\u00f3xima Kalochos.<\/p>\n<p>Pd. P\u00f3nganle pausa al f\u00fatbol y lean \u00e9sta cort\u00edsima nota. \u00a1GRACIAS!<\/p>\n<p>&nbsp;<\/p>\n","protected":false},"excerpt":{"rendered":"Si, si, si, ya s\u00e9 que todos, todos, todos, est\u00e1n emocionados por el Mundial Brasil 2014. Y claro,&hellip;\n","protected":false},"author":87,"featured_media":16769,"comment_status":"open","ping_status":"open","sticky":false,"template":"","format":"standard","meta":{"jetpack_post_was_ever_published":false,"_jetpack_newsletter_access":"","_jetpack_dont_email_post_to_subs":false,"_jetpack_newsletter_tier_id":0,"_jetpack_memberships_contains_paywalled_content":false,"_jetpack_memberships_contains_paid_content":false,"footnotes":"","jetpack_publicize_message":"","jetpack_publicize_feature_enabled":true,"jetpack_social_post_already_shared":false,"jetpack_social_options":{"image_generator_settings":{"template":"highway","default_image_id":0,"font":"","enabled":false},"version":2}},"categories":[],"tags":[],"class_list":{"0":"post-16760","1":"post","2":"type-post","3":"status-publish","4":"format-standard","5":"has-post-thumbnail","7":"cs-entry","8":"cs-video-wrap"},"yoast_head":"<!-- This site is optimized with the Yoast SEO plugin v27.4 - https:\/\/yoast.com\/product\/yoast-seo-wordpress\/ -->\n<title>Qu\u00e9 no se les olvide: \u00a1Feliz cumple Ana! - Kalot<\/title>\n<meta name=\"description\" content=\"Si, si, si, ya s\u00e9 que todos, todos, todos, est\u00e1n emocionados por el Mundial Brasil 2014. Y claro, m\u00e1s los hombres. Seguramente en estos momentos est\u00e1s\" \/>\n<meta name=\"robots\" content=\"index, follow, max-snippet:-1, max-image-preview:large, max-video-preview:-1\" \/>\n<link rel=\"canonical\" href=\"https:\/\/kalot.com.mx\/site\/2014\/06\/12\/feliz-cumple-ana\/\" \/>\n<meta property=\"og:locale\" content=\"es_MX\" \/>\n<meta property=\"og:type\" content=\"article\" \/>\n<meta property=\"og:title\" content=\"Qu\u00e9 no se les olvide: \u00a1Feliz cumple Ana! - Kalot\" \/>\n<meta property=\"og:description\" content=\"Si, si, si, ya s\u00e9 que todos, todos, todos, est\u00e1n emocionados por el Mundial Brasil 2014. Y claro, m\u00e1s los hombres. Seguramente en estos momentos est\u00e1s\" \/>\n<meta property=\"og:url\" content=\"https:\/\/kalot.com.mx\/site\/2014\/06\/12\/feliz-cumple-ana\/\" \/>\n<meta property=\"og:site_name\" content=\"Kalot\" \/>\n<meta property=\"article:publisher\" content=\"http:\/\/facebook.com\/mxkalot\" \/>\n<meta property=\"article:author\" content=\"www.facebook.com\/Lunaarabe\" \/>\n<meta property=\"article:published_time\" content=\"2014-06-12T20:34:34+00:00\" \/>\n<meta property=\"og:image\" content=\"https:\/\/i1.wp.com\/kalot.com.mx\/site\/wp-content\/uploads\/2014\/06\/anaaa.jpg?fit=324%2C155&ssl=1\" \/>\n\t<meta property=\"og:image:width\" content=\"324\" \/>\n\t<meta property=\"og:image:height\" content=\"155\" \/>\n\t<meta property=\"og:image:type\" content=\"image\/jpeg\" \/>\n<meta name=\"author\" content=\"Andrea Debo\" \/>\n<meta name=\"twitter:card\" content=\"summary_large_image\" \/>\n<meta name=\"twitter:creator\" content=\"@andiedeluna\" \/>\n<meta name=\"twitter:site\" content=\"@kalotmx\" \/>\n<meta name=\"twitter:label1\" content=\"Escrito por\" \/>\n\t<meta name=\"twitter:data1\" content=\"Andrea Debo\" \/>\n\t<meta name=\"twitter:label2\" content=\"Tiempo de lectura\" \/>\n\t<meta name=\"twitter:data2\" content=\"3 minutos\" \/>\n<!-- \/ Yoast SEO plugin. -->","yoast_head_json":{"title":"Qu\u00e9 no se les olvide: \u00a1Feliz cumple Ana! - Kalot","description":"Si, si, si, ya s\u00e9 que todos, todos, todos, est\u00e1n emocionados por el Mundial Brasil 2014. Y claro, m\u00e1s los hombres. Seguramente en estos momentos est\u00e1s","robots":{"index":"index","follow":"follow","max-snippet":"max-snippet:-1","max-image-preview":"max-image-preview:large","max-video-preview":"max-video-preview:-1"},"canonical":"https:\/\/kalot.com.mx\/site\/2014\/06\/12\/feliz-cumple-ana\/","og_locale":"es_MX","og_type":"article","og_title":"Qu\u00e9 no se les olvide: \u00a1Feliz cumple Ana! - Kalot","og_description":"Si, si, si, ya s\u00e9 que todos, todos, todos, est\u00e1n emocionados por el Mundial Brasil 2014. Y claro, m\u00e1s los hombres. Seguramente en estos momentos est\u00e1s","og_url":"https:\/\/kalot.com.mx\/site\/2014\/06\/12\/feliz-cumple-ana\/","og_site_name":"Kalot","article_publisher":"http:\/\/facebook.com\/mxkalot","article_author":"www.facebook.com\/Lunaarabe","article_published_time":"2014-06-12T20:34:34+00:00","og_image":[{"width":324,"height":155,"url":"https:\/\/i1.wp.com\/kalot.com.mx\/site\/wp-content\/uploads\/2014\/06\/anaaa.jpg?fit=324%2C155&ssl=1","type":"image\/jpeg"}],"author":"Andrea Debo","twitter_card":"summary_large_image","twitter_creator":"@andiedeluna","twitter_site":"@kalotmx","twitter_misc":{"Escrito por":"Andrea Debo","Tiempo de lectura":"3 minutos"},"schema":{"@context":"https:\/\/schema.org","@graph":[{"@type":"Article","@id":"https:\/\/kalot.com.mx\/site\/2014\/06\/12\/feliz-cumple-ana\/#article","isPartOf":{"@id":"https:\/\/kalot.com.mx\/site\/2014\/06\/12\/feliz-cumple-ana\/"},"author":{"name":"Andrea Debo","@id":"https:\/\/kalot.com.mx\/site\/#\/schema\/person\/14675fd70b27798461d9dcfbc49a788e"},"headline":"Qu\u00e9 no se les olvide: \u00a1Feliz cumple Ana!","datePublished":"2014-06-12T20:34:34+00:00","mainEntityOfPage":{"@id":"https:\/\/kalot.com.mx\/site\/2014\/06\/12\/feliz-cumple-ana\/"},"wordCount":609,"commentCount":0,"publisher":{"@id":"https:\/\/kalot.com.mx\/site\/#organization"},"image":{"@id":"https:\/\/kalot.com.mx\/site\/2014\/06\/12\/feliz-cumple-ana\/#primaryimage"},"thumbnailUrl":"https:\/\/i0.wp.com\/kalot.com.mx\/site\/wp-content\/uploads\/2014\/06\/anaaa.jpg?fit=324%2C155&ssl=1","inLanguage":"es","potentialAction":[{"@type":"CommentAction","name":"Comment","target":["https:\/\/kalot.com.mx\/site\/2014\/06\/12\/feliz-cumple-ana\/#respond"]}]},{"@type":"WebPage","@id":"https:\/\/kalot.com.mx\/site\/2014\/06\/12\/feliz-cumple-ana\/","url":"https:\/\/kalot.com.mx\/site\/2014\/06\/12\/feliz-cumple-ana\/","name":"Qu\u00e9 no se les olvide: \u00a1Feliz cumple Ana! - Kalot","isPartOf":{"@id":"https:\/\/kalot.com.mx\/site\/#website"},"primaryImageOfPage":{"@id":"https:\/\/kalot.com.mx\/site\/2014\/06\/12\/feliz-cumple-ana\/#primaryimage"},"image":{"@id":"https:\/\/kalot.com.mx\/site\/2014\/06\/12\/feliz-cumple-ana\/#primaryimage"},"thumbnailUrl":"https:\/\/i0.wp.com\/kalot.com.mx\/site\/wp-content\/uploads\/2014\/06\/anaaa.jpg?fit=324%2C155&ssl=1","datePublished":"2014-06-12T20:34:34+00:00","description":"Si, si, si, ya s\u00e9 que todos, todos, todos, est\u00e1n emocionados por el Mundial Brasil 2014. Y claro, m\u00e1s los hombres. Seguramente en estos momentos est\u00e1s","breadcrumb":{"@id":"https:\/\/kalot.com.mx\/site\/2014\/06\/12\/feliz-cumple-ana\/#breadcrumb"},"inLanguage":"es","potentialAction":[{"@type":"ReadAction","target":["https:\/\/kalot.com.mx\/site\/2014\/06\/12\/feliz-cumple-ana\/"]}]},{"@type":"ImageObject","inLanguage":"es","@id":"https:\/\/kalot.com.mx\/site\/2014\/06\/12\/feliz-cumple-ana\/#primaryimage","url":"https:\/\/i0.wp.com\/kalot.com.mx\/site\/wp-content\/uploads\/2014\/06\/anaaa.jpg?fit=324%2C155&ssl=1","contentUrl":"https:\/\/i0.wp.com\/kalot.com.mx\/site\/wp-content\/uploads\/2014\/06\/anaaa.jpg?fit=324%2C155&ssl=1","width":324,"height":155},{"@type":"BreadcrumbList","@id":"https:\/\/kalot.com.mx\/site\/2014\/06\/12\/feliz-cumple-ana\/#breadcrumb","itemListElement":[{"@type":"ListItem","position":1,"name":"Home","item":"https:\/\/kalot.com.mx\/site\/"},{"@type":"ListItem","position":2,"name":"Qu\u00e9 no se les olvide: \u00a1Feliz cumple Ana!"}]},{"@type":"WebSite","@id":"https:\/\/kalot.com.mx\/site\/#website","url":"https:\/\/kalot.com.mx\/site\/","name":"Kalot","description":"Conoce Todo Sobre Todo","publisher":{"@id":"https:\/\/kalot.com.mx\/site\/#organization"},"potentialAction":[{"@type":"SearchAction","target":{"@type":"EntryPoint","urlTemplate":"https:\/\/kalot.com.mx\/site\/?s={search_term_string}"},"query-input":{"@type":"PropertyValueSpecification","valueRequired":true,"valueName":"search_term_string"}}],"inLanguage":"es"},{"@type":"Organization","@id":"https:\/\/kalot.com.mx\/site\/#organization","name":"Kalot","url":"https:\/\/kalot.com.mx\/site\/","logo":{"@type":"ImageObject","inLanguage":"es","@id":"https:\/\/kalot.com.mx\/site\/#\/schema\/logo\/image\/","url":"https:\/\/i0.wp.com\/kalot.com.mx\/site\/wp-content\/uploads\/2020\/04\/Kalot-logo-sin-tagline.png?fit=1707%2C1014&ssl=1","contentUrl":"https:\/\/i0.wp.com\/kalot.com.mx\/site\/wp-content\/uploads\/2020\/04\/Kalot-logo-sin-tagline.png?fit=1707%2C1014&ssl=1","width":1707,"height":1014,"caption":"Kalot"},"image":{"@id":"https:\/\/kalot.com.mx\/site\/#\/schema\/logo\/image\/"},"sameAs":["http:\/\/facebook.com\/mxkalot","https:\/\/x.com\/kalotmx","http:\/\/instagram.com\/kalotmx","http:\/\/pinterest.com\/jorgeerana\/kalot"]},{"@type":"Person","@id":"https:\/\/kalot.com.mx\/site\/#\/schema\/person\/14675fd70b27798461d9dcfbc49a788e","name":"Andrea Debo","image":{"@type":"ImageObject","inLanguage":"es","@id":"https:\/\/secure.gravatar.com\/avatar\/3cfe57e23694d8cfae6513ce9e9fc81968b8f33a577b41fa95d73c53d7f1be88?s=96&d=mm&r=g","url":"https:\/\/secure.gravatar.com\/avatar\/3cfe57e23694d8cfae6513ce9e9fc81968b8f33a577b41fa95d73c53d7f1be88?s=96&d=mm&r=g","contentUrl":"https:\/\/secure.gravatar.com\/avatar\/3cfe57e23694d8cfae6513ce9e9fc81968b8f33a577b41fa95d73c53d7f1be88?s=96&d=mm&r=g","caption":"Andrea Debo"},"description":"Casi Psic\u00f3loga, poeta, pianista, so\u00f1adora, amante de la poes\u00eda, la m\u00fasica, la filosof\u00eda, del caf\u00e9 y de la vida . \"\u00a1Ladran Sancho! se\u00f1al de que cabalgamos.\"","sameAs":["www.facebook.com\/Lunaarabe","https:\/\/x.com\/@andiedeluna"],"url":"https:\/\/kalot.com.mx\/site\/author\/andrea\/"}]}},"jetpack_publicize_connections":[],"jetpack_featured_media_url":"https:\/\/i0.wp.com\/kalot.com.mx\/site\/wp-content\/uploads\/2014\/06\/anaaa.jpg?fit=324%2C155&ssl=1","jetpack_shortlink":"https:\/\/wp.me\/p6IHEI-4mk","jetpack-related-posts":[{"id":14818,"url":"https:\/\/kalot.com.mx\/site\/2014\/04\/13\/viajar-gratis-mundial-brasil-jumex-sport\/","url_meta":{"origin":16760,"position":0},"title":"\u00bfQuieres viajar gratis al Mundial de Brasil? Checa esta promo de Jumex Sport","author":"Jorge Era\u00f1a","date":"13 abril, 2014","format":false,"excerpt":"Por fin, despu\u00e9s de 4 a\u00f1os de larga espera llega uno de los eventos m\u00e1s importantes del deporte a nivel mundial; por fin regresa la Copa Mundial de la FIFA os\u00e9ase el \"Mundial\" como todos lo conocemos y en esta ocasi\u00f3n los Mexicanos no tendremos problemas como siempre que se\u2026","rel":"","context":"En &quot;Sin categor\u00eda&quot;","block_context":{"text":"Sin categor\u00eda","link":"https:\/\/kalot.com.mx\/site\/category\/sin-categoria\/"},"img":{"alt_text":"","src":"https:\/\/i0.wp.com\/kalot.com.mx\/site\/wp-content\/uploads\/2014\/04\/sharefb2.jpg?fit=405%2C301&ssl=1&resize=350%2C200","width":350,"height":200},"classes":[]},{"id":16679,"url":"https:\/\/kalot.com.mx\/site\/2014\/06\/05\/nuevo-anuncio-de-beats-dre-para-el-mundial\/","url_meta":{"origin":16760,"position":1},"title":"Nuevo anuncio de Beats by Dre para el Mundial","author":"Jorge Era\u00f1a","date":"5 junio, 2014","format":false,"excerpt":"El nuevo anuncio de Beats by Dre para el Mundial de Brasil 2014 es todo lo que hab\u00edamos estado esperando No hay nada mejor para el \u00e9xito de un spot de publicidad enfocado a deportes o marketing deportivo que combinar los elementos que m\u00e1s le atraen a este tipo de\u2026","rel":"","context":"Entrada similar ","block_context":{"text":"Entrada similar ","link":""},"img":{"alt_text":"","src":"https:\/\/i0.wp.com\/kalot.com.mx\/site\/wp-content\/uploads\/2014\/06\/beats-posters-1.jpg?fit=652%2C869&ssl=1&resize=350%2C200","width":350,"height":200,"srcset":"https:\/\/i0.wp.com\/kalot.com.mx\/site\/wp-content\/uploads\/2014\/06\/beats-posters-1.jpg?fit=652%2C869&ssl=1&resize=350%2C200 1x, https:\/\/i0.wp.com\/kalot.com.mx\/site\/wp-content\/uploads\/2014\/06\/beats-posters-1.jpg?fit=652%2C869&ssl=1&resize=525%2C300 1.5x"},"classes":[]},{"id":16740,"url":"https:\/\/kalot.com.mx\/site\/2014\/06\/12\/apps-para-ver-el-mundial-desde-donde-estes\/","url_meta":{"origin":16760,"position":2},"title":"Apps para ver el Mundial desde donde est\u00e9s","author":"Cecilia Mata","date":"12 junio, 2014","format":false,"excerpt":"A llegado el momento y por fin empez\u00f3 la copa del mundo 2014 tras cuatro a\u00f1os que se han tenido que esperar para que las mejores estrellas del bal\u00f3n se den cita en una nueva edici\u00f3n del mundial de f\u00fatbol \u00a0ya estamos listos en kalot y espero que ustedes tambi\u00e9n\u2026","rel":"","context":"Entrada similar ","block_context":{"text":"Entrada similar ","link":""},"img":{"alt_text":"","src":"https:\/\/i0.wp.com\/kalot.com.mx\/site\/wp-content\/uploads\/2014\/06\/MASTER-IMAGE-Best-Apps-664x374.jpg?fit=664%2C374&ssl=1&resize=350%2C200","width":350,"height":200,"srcset":"https:\/\/i0.wp.com\/kalot.com.mx\/site\/wp-content\/uploads\/2014\/06\/MASTER-IMAGE-Best-Apps-664x374.jpg?fit=664%2C374&ssl=1&resize=350%2C200 1x, https:\/\/i0.wp.com\/kalot.com.mx\/site\/wp-content\/uploads\/2014\/06\/MASTER-IMAGE-Best-Apps-664x374.jpg?fit=664%2C374&ssl=1&resize=525%2C300 1.5x"},"classes":[]},{"id":15228,"url":"https:\/\/kalot.com.mx\/site\/2014\/04\/23\/top-10-de-libros-favoritos\/","url_meta":{"origin":16760,"position":3},"title":"Top 10 de libros favoritos.","author":"Andrea Debo","date":"23 abril, 2014","format":false,"excerpt":"El d\u00eda de hoy quiero hablarles de mi TOP 10 de libros favoritos. En realidad tengo muchos m\u00e1s libros favoritos, pero no es el caso poner una enorme lista y aburrirlos, tampoco les dar\u00e9 la rese\u00f1a completa del libro, c\u00f3mo lo hago en #Recomendaci\u00f3nLiteraria, s\u00f3lo les dar\u00e9 una breve descripci\u00f3n.\u2026","rel":"","context":"En &quot;Cultura&quot;","block_context":{"text":"Cultura","link":"https:\/\/kalot.com.mx\/site\/category\/cultura\/"},"img":{"alt_text":"","src":"https:\/\/i0.wp.com\/kalot.com.mx\/site\/wp-content\/uploads\/2014\/04\/lectora-de-mis-libros-favoritos.jpg?fit=500%2C375&ssl=1&resize=350%2C200","width":350,"height":200},"classes":[]},{"id":17007,"url":"https:\/\/kalot.com.mx\/site\/2014\/06\/26\/otro-post-mundialista\/","url_meta":{"origin":16760,"position":4},"title":"OTRO Post Mundialista","author":"K. Max","date":"26 junio, 2014","format":false,"excerpt":"Ah, El Mundial de Futbol\u2026 ese bonito evento de la FIFA que cada 4 a\u00f1os esperamos para que nos bombardeen con comerciales donde aparezca la jeta del DT de la selecci\u00f3n, con los jugadores estrella de los equipos nacionales, para que cada a\u00f1o la selecci\u00f3n haga su agosto y salga\u2026","rel":"","context":"Entrada similar ","block_context":{"text":"Entrada similar ","link":""},"img":{"alt_text":"","src":"https:\/\/i0.wp.com\/kalot.com.mx\/site\/wp-content\/uploads\/2014\/06\/La-Seleccion.jpg?fit=800%2C532&ssl=1&resize=350%2C200","width":350,"height":200,"srcset":"https:\/\/i0.wp.com\/kalot.com.mx\/site\/wp-content\/uploads\/2014\/06\/La-Seleccion.jpg?fit=800%2C532&ssl=1&resize=350%2C200 1x, https:\/\/i0.wp.com\/kalot.com.mx\/site\/wp-content\/uploads\/2014\/06\/La-Seleccion.jpg?fit=800%2C532&ssl=1&resize=525%2C300 1.5x, https:\/\/i0.wp.com\/kalot.com.mx\/site\/wp-content\/uploads\/2014\/06\/La-Seleccion.jpg?fit=800%2C532&ssl=1&resize=700%2C400 2x"},"classes":[]},{"id":25855,"url":"https:\/\/kalot.com.mx\/site\/2016\/08\/26\/laresena-club-las-madres-rebeldes\/","url_meta":{"origin":16760,"position":5},"title":"#LaRese\u00f1a: El Club de las Madres Rebeldes","author":"yash","date":"26 agosto, 2016","format":false,"excerpt":"Una comedia que apuesta por lo ya establecido, ofreciendo una d\u00e9bil trama que solo busca entretener. No creo que alguien esperara mucho de esta cinta; de hecho cumple con las bajas expectativas: Hacer re\u00edr con un humor simple aunque debo aclarar que eso de \"re\u00edr\" no aplica para todos. Con\u2026","rel":"","context":"En &quot;Cine&quot;","block_context":{"text":"Cine","link":"https:\/\/kalot.com.mx\/site\/category\/cine\/"},"img":{"alt_text":"","src":"https:\/\/i0.wp.com\/kalot.com.mx\/site\/wp-content\/uploads\/2016\/08\/bad-moms-image-cast.jpg?fit=1200%2C675&ssl=1&resize=350%2C200","width":350,"height":200,"srcset":"https:\/\/i0.wp.com\/kalot.com.mx\/site\/wp-content\/uploads\/2016\/08\/bad-moms-image-cast.jpg?fit=1200%2C675&ssl=1&resize=350%2C200 1x, https:\/\/i0.wp.com\/kalot.com.mx\/site\/wp-content\/uploads\/2016\/08\/bad-moms-image-cast.jpg?fit=1200%2C675&ssl=1&resize=525%2C300 1.5x, https:\/\/i0.wp.com\/kalot.com.mx\/site\/wp-content\/uploads\/2016\/08\/bad-moms-image-cast.jpg?fit=1200%2C675&ssl=1&resize=700%2C400 2x, https:\/\/i0.wp.com\/kalot.com.mx\/site\/wp-content\/uploads\/2016\/08\/bad-moms-image-cast.jpg?fit=1200%2C675&ssl=1&resize=1050%2C600 3x"},"classes":[]}],"jetpack_sharing_enabled":true,"_links":{"self":[{"href":"https:\/\/kalot.com.mx\/site\/wp-json\/wp\/v2\/posts\/16760","targetHints":{"allow":["GET"]}}],"collection":[{"href":"https:\/\/kalot.com.mx\/site\/wp-json\/wp\/v2\/posts"}],"about":[{"href":"https:\/\/kalot.com.mx\/site\/wp-json\/wp\/v2\/types\/post"}],"author":[{"embeddable":true,"href":"https:\/\/kalot.com.mx\/site\/wp-json\/wp\/v2\/users\/87"}],"replies":[{"embeddable":true,"href":"https:\/\/kalot.com.mx\/site\/wp-json\/wp\/v2\/comments?post=16760"}],"version-history":[{"count":0,"href":"https:\/\/kalot.com.mx\/site\/wp-json\/wp\/v2\/posts\/16760\/revisions"}],"wp:featuredmedia":[{"embeddable":true,"href":"https:\/\/kalot.com.mx\/site\/wp-json\/wp\/v2\/media\/16769"}],"wp:attachment":[{"href":"https:\/\/kalot.com.mx\/site\/wp-json\/wp\/v2\/media?parent=16760"}],"wp:term":[{"taxonomy":"category","embeddable":true,"href":"https:\/\/kalot.com.mx\/site\/wp-json\/wp\/v2\/categories?post=16760"},{"taxonomy":"post_tag","embeddable":true,"href":"https:\/\/kalot.com.mx\/site\/wp-json\/wp\/v2\/tags?post=16760"}],"curies":[{"name":"wp","href":"https:\/\/api.w.org\/{rel}","templated":true}]}}