{"id":16662,"date":"2014-06-04T17:38:46","date_gmt":"2014-06-04T22:38:46","guid":{"rendered":"http:\/\/www.kalot.com.mx\/?p=16662"},"modified":"2014-06-04T17:38:46","modified_gmt":"2014-06-04T22:38:46","slug":"alguna-vez-escuchado-de-la-tierra","status":"publish","type":"post","link":"https:\/\/kalot.com.mx\/site\/2014\/06\/04\/alguna-vez-escuchado-de-la-tierra\/","title":{"rendered":"\u00bfAlguna vez has escuchado a De La Tierra?"},"content":{"rendered":"<p style=\"text-align: justify\">Una de las bandas que est\u00e1n creciendo en la escena del rock latinoamericano es De La Tierra, esta banda est\u00e1 formada por integrantes de mana, sepultura, A.N.I.M.A.L. y Los Fabulosos Cadillacs. Tanta es su popularidad que el pasado marzo de este a\u00f1o fueron los teloneros de la legendaria banda de thrash metal Metallcia en pa\u00edses como Colombia, Ecuador, Per\u00fa y Paraguay adem\u00e1s de haber tocado en la pasada edici\u00f3n del festival vive latino.<\/p>\n<p style=\"text-align: justify\">Los integrantes son:<\/p>\n<p style=\"text-align: justify\"><strong>Alex \u201cel animal\u201d Gonzales:<\/strong> Es conocido por ser el baterista de la banda de rock\u00a0Man\u00e1 desde que esta se form\u00f3 en 1984<\/p>\n<p style=\"text-align: justify\"><strong>Andr\u00e9s Gim\u00e9nez:<\/strong> M\u00fasico argentino ex l\u00edder fundador, guitarra y voz, de la banda argentina de metal alternativo\u00a0A.N.I.M.A.L\u00a0(1992 \u2013 2006). Actualmente es el cantante y guitarrista del grupo\u00a0D-mente(2006).<\/p>\n<p style=\"text-align: justify\"><strong>Andreas Kisser:<\/strong> Guitarrista brasile\u00f1o, conocido principalmente por su trabajo como guitarrista de la banda\u00a0Sepultura, en el cual entr\u00f3 en 1986. Con Sepultura ha grabado 12 discos de larga duraci\u00f3n.<\/p>\n<p style=\"text-align: justify\"><strong>Flavio Cianciarulo:<\/strong> Tambi\u00e9n conocido como\u00a0Sr. Flavio\u00a0m\u00fasico, escritor y productor argentino, famoso por ser integrante de \u201cLos Fabulosos Cadillacs\u201d, donde toca el bajo y hace coros, llegando a editar 15 discos hasta el d\u00eda de hoy.<\/p>\n<p style=\"text-align: justify\">Los cuatro m\u00fasicos siguen en activo con sus otras bandas adem\u00e1s de estar al mismo tiempo con De La Tierra.<\/p>\n<p style=\"text-align: justify\">Andr\u00e9s Gim\u00e9nez cuenta que lo une una amistad con Gonz\u00e1lez surgida hace ocho a\u00f1os, cuando A.N.I.M.A.L. hizo una gira por M\u00e9xico y Gonz\u00e1lez asisti\u00f3 a sus conciertos. Ah\u00ed, en charlas informales, hablaron de hacer un grupo, tambi\u00e9n ayudo la amistad de ambos con Cianciarulo y Kisser lo que al final resulto en \u201cDe La Tierra\u201d.<\/p>\n<p style=\"text-align: justify\">Independientemente de los g\u00e9neros relativamente diferentes la combinaci\u00f3n de estos grandes cuatro m\u00fasicos fue un acierto ya que la tem\u00e1tica de las canciones son atinadas para la situaci\u00f3n actual de nuestra sociedad sin mencionar la perfecta ejecuci\u00f3n de cada uno de los instrumentos y voz de la banda.<\/p>\n[embedvideo id=\u201dL8yroGGuQeg\u201d website=\u201dyoutube\u201d]\n","protected":false},"excerpt":{"rendered":"Una de las bandas que est\u00e1n creciendo en la escena del rock latinoamericano es De La Tierra, esta&hellip;\n","protected":false},"author":100,"featured_media":16664,"comment_status":"open","ping_status":"open","sticky":false,"template":"","format":"standard","meta":{"jetpack_post_was_ever_published":false,"_jetpack_newsletter_access":"","_jetpack_dont_email_post_to_subs":false,"_jetpack_newsletter_tier_id":0,"_jetpack_memberships_contains_paywalled_content":false,"_jetpack_memberships_contains_paid_content":false,"footnotes":"","jetpack_publicize_message":"","jetpack_publicize_feature_enabled":true,"jetpack_social_post_already_shared":true,"jetpack_social_options":{"image_generator_settings":{"template":"highway","default_image_id":0,"font":"","enabled":false},"version":2}},"categories":[],"tags":[],"class_list":{"0":"post-16662","1":"post","2":"type-post","3":"status-publish","4":"format-standard","5":"has-post-thumbnail","7":"cs-entry","8":"cs-video-wrap"},"yoast_head":"<!-- This site is optimized with the Yoast SEO plugin v27.5 - https:\/\/yoast.com\/product\/yoast-seo-wordpress\/ -->\n<title>\u00bfAlguna vez has escuchado a De La Tierra?<\/title>\n<meta name=\"description\" content=\"Una de las bandas que est\u00e1n creciendo en la escena del rock latinoamericano es De La Tierra, esta banda est\u00e1 formada por integrantes de mana, sepultura,\" \/>\n<meta name=\"robots\" content=\"index, follow, max-snippet:-1, max-image-preview:large, max-video-preview:-1\" \/>\n<link rel=\"canonical\" href=\"https:\/\/kalot.com.mx\/site\/2014\/06\/04\/alguna-vez-escuchado-de-la-tierra\/\" \/>\n<meta property=\"og:locale\" content=\"es_MX\" \/>\n<meta property=\"og:type\" content=\"article\" \/>\n<meta property=\"og:title\" content=\"\u00bfAlguna vez has escuchado a De La Tierra?\" \/>\n<meta property=\"og:description\" content=\"Una de las bandas que est\u00e1n creciendo en la escena del rock latinoamericano es De La Tierra, esta banda est\u00e1 formada por integrantes de mana, sepultura,\" \/>\n<meta property=\"og:url\" content=\"https:\/\/kalot.com.mx\/site\/2014\/06\/04\/alguna-vez-escuchado-de-la-tierra\/\" \/>\n<meta property=\"og:site_name\" content=\"Kalot\" \/>\n<meta property=\"article:publisher\" content=\"http:\/\/facebook.com\/mxkalot\" \/>\n<meta property=\"article:author\" content=\"https:\/\/www.facebook.com\/hector.kilmister\" \/>\n<meta property=\"article:published_time\" content=\"2014-06-04T22:38:46+00:00\" \/>\n<meta property=\"og:image\" content=\"https:\/\/i0.wp.com\/kalot.com.mx\/site\/wp-content\/uploads\/2014\/06\/De-la-tierra-nuevo-\u00e1lbum.jpg?fit=960%2C960&ssl=1\" \/>\n\t<meta property=\"og:image:width\" content=\"960\" \/>\n\t<meta property=\"og:image:height\" content=\"960\" \/>\n\t<meta property=\"og:image:type\" content=\"image\/jpeg\" \/>\n<meta name=\"author\" content=\"Hector Hern\u00e1ndez\" \/>\n<meta name=\"twitter:card\" content=\"summary_large_image\" \/>\n<meta name=\"twitter:creator\" content=\"@kalotmx\" \/>\n<meta name=\"twitter:site\" content=\"@kalotmx\" \/>\n<meta name=\"twitter:label1\" content=\"Escrito por\" \/>\n\t<meta name=\"twitter:data1\" content=\"Hector Hern\u00e1ndez\" \/>\n\t<meta name=\"twitter:label2\" content=\"Tiempo de lectura\" \/>\n\t<meta name=\"twitter:data2\" content=\"2 minutos\" \/>\n<!-- \/ Yoast SEO plugin. -->","yoast_head_json":{"title":"\u00bfAlguna vez has escuchado a De La Tierra?","description":"Una de las bandas que est\u00e1n creciendo en la escena del rock latinoamericano es De La Tierra, esta banda est\u00e1 formada por integrantes de mana, sepultura,","robots":{"index":"index","follow":"follow","max-snippet":"max-snippet:-1","max-image-preview":"max-image-preview:large","max-video-preview":"max-video-preview:-1"},"canonical":"https:\/\/kalot.com.mx\/site\/2014\/06\/04\/alguna-vez-escuchado-de-la-tierra\/","og_locale":"es_MX","og_type":"article","og_title":"\u00bfAlguna vez has escuchado a De La Tierra?","og_description":"Una de las bandas que est\u00e1n creciendo en la escena del rock latinoamericano es De La Tierra, esta banda est\u00e1 formada por integrantes de mana, sepultura,","og_url":"https:\/\/kalot.com.mx\/site\/2014\/06\/04\/alguna-vez-escuchado-de-la-tierra\/","og_site_name":"Kalot","article_publisher":"http:\/\/facebook.com\/mxkalot","article_author":"https:\/\/www.facebook.com\/hector.kilmister","article_published_time":"2014-06-04T22:38:46+00:00","og_image":[{"width":960,"height":960,"url":"https:\/\/i0.wp.com\/kalot.com.mx\/site\/wp-content\/uploads\/2014\/06\/De-la-tierra-nuevo-\u00e1lbum.jpg?fit=960%2C960&ssl=1","type":"image\/jpeg"}],"author":"Hector Hern\u00e1ndez","twitter_card":"summary_large_image","twitter_creator":"@kalotmx","twitter_site":"@kalotmx","twitter_misc":{"Escrito por":"Hector Hern\u00e1ndez","Tiempo de lectura":"2 minutos"},"schema":{"@context":"https:\/\/schema.org","@graph":[{"@type":"Article","@id":"https:\/\/kalot.com.mx\/site\/2014\/06\/04\/alguna-vez-escuchado-de-la-tierra\/#article","isPartOf":{"@id":"https:\/\/kalot.com.mx\/site\/2014\/06\/04\/alguna-vez-escuchado-de-la-tierra\/"},"author":{"name":"Hector Hern\u00e1ndez","@id":"https:\/\/kalot.com.mx\/site\/#\/schema\/person\/fd959990147f4e6f456289634de1fb49"},"headline":"\u00bfAlguna vez has escuchado a De La Tierra?","datePublished":"2014-06-04T22:38:46+00:00","mainEntityOfPage":{"@id":"https:\/\/kalot.com.mx\/site\/2014\/06\/04\/alguna-vez-escuchado-de-la-tierra\/"},"wordCount":370,"commentCount":0,"publisher":{"@id":"https:\/\/kalot.com.mx\/site\/#organization"},"image":{"@id":"https:\/\/kalot.com.mx\/site\/2014\/06\/04\/alguna-vez-escuchado-de-la-tierra\/#primaryimage"},"thumbnailUrl":"https:\/\/i0.wp.com\/kalot.com.mx\/site\/wp-content\/uploads\/2014\/06\/De-la-tierra-nuevo-%C3%A1lbum.jpg?fit=960%2C960&ssl=1","inLanguage":"es","potentialAction":[{"@type":"CommentAction","name":"Comment","target":["https:\/\/kalot.com.mx\/site\/2014\/06\/04\/alguna-vez-escuchado-de-la-tierra\/#respond"]}]},{"@type":"WebPage","@id":"https:\/\/kalot.com.mx\/site\/2014\/06\/04\/alguna-vez-escuchado-de-la-tierra\/","url":"https:\/\/kalot.com.mx\/site\/2014\/06\/04\/alguna-vez-escuchado-de-la-tierra\/","name":"\u00bfAlguna vez has escuchado a De La Tierra?","isPartOf":{"@id":"https:\/\/kalot.com.mx\/site\/#website"},"primaryImageOfPage":{"@id":"https:\/\/kalot.com.mx\/site\/2014\/06\/04\/alguna-vez-escuchado-de-la-tierra\/#primaryimage"},"image":{"@id":"https:\/\/kalot.com.mx\/site\/2014\/06\/04\/alguna-vez-escuchado-de-la-tierra\/#primaryimage"},"thumbnailUrl":"https:\/\/i0.wp.com\/kalot.com.mx\/site\/wp-content\/uploads\/2014\/06\/De-la-tierra-nuevo-%C3%A1lbum.jpg?fit=960%2C960&ssl=1","datePublished":"2014-06-04T22:38:46+00:00","description":"Una de las bandas que est\u00e1n creciendo en la escena del rock latinoamericano es De La Tierra, esta banda est\u00e1 formada por integrantes de mana, sepultura,","breadcrumb":{"@id":"https:\/\/kalot.com.mx\/site\/2014\/06\/04\/alguna-vez-escuchado-de-la-tierra\/#breadcrumb"},"inLanguage":"es","potentialAction":[{"@type":"ReadAction","target":["https:\/\/kalot.com.mx\/site\/2014\/06\/04\/alguna-vez-escuchado-de-la-tierra\/"]}]},{"@type":"ImageObject","inLanguage":"es","@id":"https:\/\/kalot.com.mx\/site\/2014\/06\/04\/alguna-vez-escuchado-de-la-tierra\/#primaryimage","url":"https:\/\/i0.wp.com\/kalot.com.mx\/site\/wp-content\/uploads\/2014\/06\/De-la-tierra-nuevo-%C3%A1lbum.jpg?fit=960%2C960&ssl=1","contentUrl":"https:\/\/i0.wp.com\/kalot.com.mx\/site\/wp-content\/uploads\/2014\/06\/De-la-tierra-nuevo-%C3%A1lbum.jpg?fit=960%2C960&ssl=1","width":960,"height":960},{"@type":"BreadcrumbList","@id":"https:\/\/kalot.com.mx\/site\/2014\/06\/04\/alguna-vez-escuchado-de-la-tierra\/#breadcrumb","itemListElement":[{"@type":"ListItem","position":1,"name":"Home","item":"https:\/\/kalot.com.mx\/site\/"},{"@type":"ListItem","position":2,"name":"\u00bfAlguna vez has escuchado a De La Tierra?"}]},{"@type":"WebSite","@id":"https:\/\/kalot.com.mx\/site\/#website","url":"https:\/\/kalot.com.mx\/site\/","name":"Kalot","description":"Conoce Todo Sobre Todo","publisher":{"@id":"https:\/\/kalot.com.mx\/site\/#organization"},"potentialAction":[{"@type":"SearchAction","target":{"@type":"EntryPoint","urlTemplate":"https:\/\/kalot.com.mx\/site\/?s={search_term_string}"},"query-input":{"@type":"PropertyValueSpecification","valueRequired":true,"valueName":"search_term_string"}}],"inLanguage":"es"},{"@type":"Organization","@id":"https:\/\/kalot.com.mx\/site\/#organization","name":"Kalot","url":"https:\/\/kalot.com.mx\/site\/","logo":{"@type":"ImageObject","inLanguage":"es","@id":"https:\/\/kalot.com.mx\/site\/#\/schema\/logo\/image\/","url":"https:\/\/i0.wp.com\/kalot.com.mx\/site\/wp-content\/uploads\/2020\/04\/Kalot-logo-sin-tagline.png?fit=1707%2C1014&ssl=1","contentUrl":"https:\/\/i0.wp.com\/kalot.com.mx\/site\/wp-content\/uploads\/2020\/04\/Kalot-logo-sin-tagline.png?fit=1707%2C1014&ssl=1","width":1707,"height":1014,"caption":"Kalot"},"image":{"@id":"https:\/\/kalot.com.mx\/site\/#\/schema\/logo\/image\/"},"sameAs":["http:\/\/facebook.com\/mxkalot","https:\/\/x.com\/kalotmx","http:\/\/instagram.com\/kalotmx","http:\/\/pinterest.com\/jorgeerana\/kalot"]},{"@type":"Person","@id":"https:\/\/kalot.com.mx\/site\/#\/schema\/person\/fd959990147f4e6f456289634de1fb49","name":"Hector Hern\u00e1ndez","image":{"@type":"ImageObject","inLanguage":"es","@id":"https:\/\/secure.gravatar.com\/avatar\/a3207f0f44b451d77aa0611342638a9f3bfda8d4b8874a9c0c6f93ae6a895e78?s=96&d=mm&r=g","url":"https:\/\/secure.gravatar.com\/avatar\/a3207f0f44b451d77aa0611342638a9f3bfda8d4b8874a9c0c6f93ae6a895e78?s=96&d=mm&r=g","contentUrl":"https:\/\/secure.gravatar.com\/avatar\/a3207f0f44b451d77aa0611342638a9f3bfda8d4b8874a9c0c6f93ae6a895e78?s=96&d=mm&r=g","caption":"Hector Hern\u00e1ndez"},"description":"Hola, mi nombre es Hector tengo 24 a\u00f1os soy originario del D.F. pero actualmente vivo en la ciudad de San Luis Potos\u00ed. Me considero una persona la cual gusta de aprender nuevas cosas, entre mis temas favoritos esta la lectura, la m\u00fasica y por supuesto mi carrera la cual es mercadotecnia internacional. Cada que haga un post lo har\u00e9 con el coraz\u00f3n.","sameAs":["https:\/\/www.youtube.com\/user\/h3rektt0rTVinc","https:\/\/www.facebook.com\/hector.kilmister"],"url":"https:\/\/kalot.com.mx\/site\/author\/hector\/"}]}},"jetpack_publicize_connections":[],"jetpack_featured_media_url":"https:\/\/i0.wp.com\/kalot.com.mx\/site\/wp-content\/uploads\/2014\/06\/De-la-tierra-nuevo-%C3%A1lbum.jpg?fit=960%2C960&ssl=1","jetpack_shortlink":"https:\/\/wp.me\/p6IHEI-4kK","jetpack-related-posts":[{"id":11647,"url":"https:\/\/kalot.com.mx\/site\/2014\/02\/17\/bandas-un-integrante\/","url_meta":{"origin":16662,"position":0},"title":"\u00bfBandas de un solo integrante?","author":"Miguel Amaya","date":"17 febrero, 2014","format":false,"excerpt":"\u00bfEn verdad existen estas bandas? Puede sonar raro y hasta cierto punto tonto, pero realmente existen. Tal vez \u00a0alguna de nuestras bandas favoritas lo es y ni siquiera imaginamos qu\u00e9 es lo que hay detr\u00e1s de cada una de sus canciones. \u00bfA qu\u00e9 se debe este fen\u00f3meno? Hoy en d\u00eda\u2026","rel":"","context":"Con 3 comentarios","block_context":{"text":"Con 3 comentarios","link":"https:\/\/kalot.com.mx\/site\/2014\/02\/17\/bandas-un-integrante\/#comments"},"img":{"alt_text":"","src":"https:\/\/i0.wp.com\/kalot.com.mx\/site\/wp-content\/uploads\/2014\/02\/reason3.jpg?fit=1024%2C768&ssl=1&resize=350%2C200","width":350,"height":200,"srcset":"https:\/\/i0.wp.com\/kalot.com.mx\/site\/wp-content\/uploads\/2014\/02\/reason3.jpg?fit=1024%2C768&ssl=1&resize=350%2C200 1x, https:\/\/i0.wp.com\/kalot.com.mx\/site\/wp-content\/uploads\/2014\/02\/reason3.jpg?fit=1024%2C768&ssl=1&resize=525%2C300 1.5x, https:\/\/i0.wp.com\/kalot.com.mx\/site\/wp-content\/uploads\/2014\/02\/reason3.jpg?fit=1024%2C768&ssl=1&resize=700%2C400 2x"},"classes":[]},{"id":14714,"url":"https:\/\/kalot.com.mx\/site\/2014\/04\/10\/casi-reunion-de-mars-volta\/","url_meta":{"origin":16662,"position":1},"title":"\u00bfUna casi reuni\u00f3n de The Mars Volta?","author":"Miguel Amaya","date":"10 abril, 2014","format":false,"excerpt":"Hace un par de d\u00edas fueron subidos a youtube un par de teasers de Antemasque, la nueva banda conformada por 3 ex-integrantes de The Mars Volta, adem\u00e1s del bajista de Red Hot Chilli Peppers, Flea. En el primero de ellos se puede ver a los integrantes, adem\u00e1s del logo de\u2026","rel":"","context":"En &quot;Sin categor\u00eda&quot;","block_context":{"text":"Sin categor\u00eda","link":"https:\/\/kalot.com.mx\/site\/category\/sin-categoria\/"},"img":{"alt_text":"","src":"https:\/\/i0.wp.com\/kalot.com.mx\/site\/wp-content\/uploads\/2014\/04\/Antemasque_The_405.png?fit=640%2C344&ssl=1&resize=350%2C200","width":350,"height":200,"srcset":"https:\/\/i0.wp.com\/kalot.com.mx\/site\/wp-content\/uploads\/2014\/04\/Antemasque_The_405.png?fit=640%2C344&ssl=1&resize=350%2C200 1x, https:\/\/i0.wp.com\/kalot.com.mx\/site\/wp-content\/uploads\/2014\/04\/Antemasque_The_405.png?fit=640%2C344&ssl=1&resize=525%2C300 1.5x"},"classes":[]},{"id":18601,"url":"https:\/\/kalot.com.mx\/site\/2014\/10\/08\/playlist-bandas-mexicanas-que-extranamos\/","url_meta":{"origin":16662,"position":2},"title":"Playlist: Bandas mexicanas que extra\u00f1amos.","author":"Dulce Mireles","date":"8 octubre, 2014","format":false,"excerpt":"Las bandas mexicanas que extra\u00f1amos o que esperamos saquen nuevo material. En M\u00e9xico hay una infinidad de bandas donde pocas han alcanzado posicionarse dentro del gusto general, no por falta de talento, podr\u00eda ser por falta de exposici\u00f3n o simplemente no iban para la \u00e9poca. En este post recordamos algunas\u2026","rel":"","context":"Con 1 comentario","block_context":{"text":"Con 1 comentario","link":"https:\/\/kalot.com.mx\/site\/2014\/10\/08\/playlist-bandas-mexicanas-que-extranamos\/#comments"},"img":{"alt_text":"","src":"https:\/\/i0.wp.com\/kalot.com.mx\/site\/wp-content\/uploads\/2014\/10\/division.jpg?fit=624%2C416&ssl=1&resize=350%2C200","width":350,"height":200,"srcset":"https:\/\/i0.wp.com\/kalot.com.mx\/site\/wp-content\/uploads\/2014\/10\/division.jpg?fit=624%2C416&ssl=1&resize=350%2C200 1x, https:\/\/i0.wp.com\/kalot.com.mx\/site\/wp-content\/uploads\/2014\/10\/division.jpg?fit=624%2C416&ssl=1&resize=525%2C300 1.5x"},"classes":[]},{"id":3497,"url":"https:\/\/kalot.com.mx\/site\/2013\/10\/09\/casi-40-anos-de-blondie-y-debbie-harry\/","url_meta":{"origin":16662,"position":3},"title":"A casi 40 a\u00f1os de Blondie y Debbie Harry","author":"Omar Herrera","date":"9 octubre, 2013","format":false,"excerpt":"Se acerca el fin de semana en el que la Curva 4 del Aut\u00f3dromo Hermanos Rodr\u00edguez se engalanar\u00e1 con la presencia de m\u00e1s de 30 bandas que se presentar\u00e1n en la cuarta edici\u00f3n del Festival Corona Capital. Una de las bandas que m\u00e1s llaman la atenci\u00f3n dentro del cartel es\u2026","rel":"","context":"Entrada similar ","block_context":{"text":"Entrada similar ","link":""},"img":{"alt_text":"","src":"https:\/\/i0.wp.com\/kalot.com.mx\/site\/wp-content\/uploads\/2013\/10\/BlondieMichaelOchsArchives.jpg?fit=630%2C420&ssl=1&resize=350%2C200","width":350,"height":200,"srcset":"https:\/\/i0.wp.com\/kalot.com.mx\/site\/wp-content\/uploads\/2013\/10\/BlondieMichaelOchsArchives.jpg?fit=630%2C420&ssl=1&resize=350%2C200 1x, https:\/\/i0.wp.com\/kalot.com.mx\/site\/wp-content\/uploads\/2013\/10\/BlondieMichaelOchsArchives.jpg?fit=630%2C420&ssl=1&resize=525%2C300 1.5x"},"classes":[]},{"id":14107,"url":"https:\/\/kalot.com.mx\/site\/2014\/03\/28\/joy-division\/","url_meta":{"origin":16662,"position":4},"title":"Joy Division #bandasdeculto #RolasKalot","author":"Carlos Ru\u00edz Mtz","date":"28 marzo, 2014","format":false,"excerpt":"Quienes tuvieron la oportunidad de acudir ayer al Centro de las Artes a ver la pel\u00edcula Control, de Anton Corbijn, vieron la historia de una de las bandas m\u00e1s influyentes de finales de los 70s en Reino Unido: Joy Division. En lo personal no pude acudir a la funci\u00f3n, aunque\u2026","rel":"","context":"En &quot;M\u00fasica&quot;","block_context":{"text":"M\u00fasica","link":"https:\/\/kalot.com.mx\/site\/category\/musica\/"},"img":{"alt_text":"","src":"https:\/\/i0.wp.com\/kalot.com.mx\/site\/wp-content\/uploads\/2014\/03\/JD2.jpg?fit=980%2C484&ssl=1&resize=350%2C200","width":350,"height":200,"srcset":"https:\/\/i0.wp.com\/kalot.com.mx\/site\/wp-content\/uploads\/2014\/03\/JD2.jpg?fit=980%2C484&ssl=1&resize=350%2C200 1x, https:\/\/i0.wp.com\/kalot.com.mx\/site\/wp-content\/uploads\/2014\/03\/JD2.jpg?fit=980%2C484&ssl=1&resize=525%2C300 1.5x, https:\/\/i0.wp.com\/kalot.com.mx\/site\/wp-content\/uploads\/2014\/03\/JD2.jpg?fit=980%2C484&ssl=1&resize=700%2C400 2x"},"classes":[]},{"id":25603,"url":"https:\/\/kalot.com.mx\/site\/2016\/06\/22\/entrevista-a-camilo-septimo\/","url_meta":{"origin":16662,"position":5},"title":"Entrevista a Camilo S\u00e9ptimo","author":"Eliana Mtz","date":"22 junio, 2016","format":false,"excerpt":"Tuvimos el gustazo de entrevistar a Manuel Mendoza (tambi\u00e9n conocido como Coe), vocalista de Camilo S\u00e9ptimo, banda mexicana que viene de nuevo a pisar la capital potosina con su #TourNe\u00f3n este viernes 24 de junio. Aqu\u00ed el link del evento: https:\/\/www.facebook.com\/events\/1604939259821393\/ Los integrantes se conocen desde hace tiempo atr\u00e1s, formando\u2026","rel":"","context":"En &quot;Eventos&quot;","block_context":{"text":"Eventos","link":"https:\/\/kalot.com.mx\/site\/category\/eventos\/"},"img":{"alt_text":"","src":"https:\/\/i0.wp.com\/kalot.com.mx\/site\/wp-content\/uploads\/2016\/06\/Camilo-VII-24.06.16-S.L.P.-Banner.png?fit=851%2C315&ssl=1&resize=350%2C200","width":350,"height":200,"srcset":"https:\/\/i0.wp.com\/kalot.com.mx\/site\/wp-content\/uploads\/2016\/06\/Camilo-VII-24.06.16-S.L.P.-Banner.png?fit=851%2C315&ssl=1&resize=350%2C200 1x, https:\/\/i0.wp.com\/kalot.com.mx\/site\/wp-content\/uploads\/2016\/06\/Camilo-VII-24.06.16-S.L.P.-Banner.png?fit=851%2C315&ssl=1&resize=525%2C300 1.5x, https:\/\/i0.wp.com\/kalot.com.mx\/site\/wp-content\/uploads\/2016\/06\/Camilo-VII-24.06.16-S.L.P.-Banner.png?fit=851%2C315&ssl=1&resize=700%2C400 2x"},"classes":[]}],"jetpack_sharing_enabled":true,"_links":{"self":[{"href":"https:\/\/kalot.com.mx\/site\/wp-json\/wp\/v2\/posts\/16662","targetHints":{"allow":["GET"]}}],"collection":[{"href":"https:\/\/kalot.com.mx\/site\/wp-json\/wp\/v2\/posts"}],"about":[{"href":"https:\/\/kalot.com.mx\/site\/wp-json\/wp\/v2\/types\/post"}],"author":[{"embeddable":true,"href":"https:\/\/kalot.com.mx\/site\/wp-json\/wp\/v2\/users\/100"}],"replies":[{"embeddable":true,"href":"https:\/\/kalot.com.mx\/site\/wp-json\/wp\/v2\/comments?post=16662"}],"version-history":[{"count":0,"href":"https:\/\/kalot.com.mx\/site\/wp-json\/wp\/v2\/posts\/16662\/revisions"}],"wp:featuredmedia":[{"embeddable":true,"href":"https:\/\/kalot.com.mx\/site\/wp-json\/wp\/v2\/media\/16664"}],"wp:attachment":[{"href":"https:\/\/kalot.com.mx\/site\/wp-json\/wp\/v2\/media?parent=16662"}],"wp:term":[{"taxonomy":"category","embeddable":true,"href":"https:\/\/kalot.com.mx\/site\/wp-json\/wp\/v2\/categories?post=16662"},{"taxonomy":"post_tag","embeddable":true,"href":"https:\/\/kalot.com.mx\/site\/wp-json\/wp\/v2\/tags?post=16662"}],"curies":[{"name":"wp","href":"https:\/\/api.w.org\/{rel}","templated":true}]}}