{"id":1666,"date":"2013-09-15T13:02:08","date_gmt":"2013-09-15T18:02:08","guid":{"rendered":"http:\/\/www.kalot.com.mx\/?p=1666"},"modified":"2013-09-15T13:02:08","modified_gmt":"2013-09-15T18:02:08","slug":"wish-5-anos-sin-richard-wright","status":"publish","type":"post","link":"https:\/\/kalot.com.mx\/site\/2013\/09\/15\/wish-5-anos-sin-richard-wright\/","title":{"rendered":"Wish You Were Here&#8230; 5 a\u00f1os sin Richard Wright"},"content":{"rendered":"<p>Hoy se cumplen 5 a\u00f1os de la muerte del tecladista de la ic\u00f3nica banda Pink Floyd.<\/p>\n<p>Richard Wright fue el encargado de suministrar ese sonido de psicodelia caracter\u00edstico de la banda.<\/p>\n<p>Su \u00faltima aparici\u00f3n con la banda fue en julio del\u00a0 2005 en el &#8220;Live Eight&#8221;\u00a0 que junto a David Gilmour, Roger Waters y Nick Mason tocaron en conjunto por primera vez en 24 a\u00f1os.<\/p>\n<p><a href=\"https:\/\/i0.wp.com\/www.kalot.com.mx\/wp-content\/uploads\/2013\/09\/pink-floyd-live-8-july-2005.jpg\"><img data-recalc-dims=\"1\" fetchpriority=\"high\" decoding=\"async\" data-attachment-id=\"1669\" data-permalink=\"https:\/\/kalot.com.mx\/site\/2013\/09\/15\/wish-5-anos-sin-richard-wright\/pink-floyd-live-8-july-2005\/\" data-orig-file=\"https:\/\/i0.wp.com\/kalot.com.mx\/site\/wp-content\/uploads\/2013\/09\/pink-floyd-live-8-july-2005.jpg?fit=500%2C333&amp;ssl=1\" data-orig-size=\"500,333\" data-comments-opened=\"1\" data-image-meta=\"{&quot;aperture&quot;:&quot;0&quot;,&quot;credit&quot;:&quot;&quot;,&quot;camera&quot;:&quot;&quot;,&quot;caption&quot;:&quot;&quot;,&quot;created_timestamp&quot;:&quot;0&quot;,&quot;copyright&quot;:&quot;&quot;,&quot;focal_length&quot;:&quot;0&quot;,&quot;iso&quot;:&quot;0&quot;,&quot;shutter_speed&quot;:&quot;0&quot;,&quot;title&quot;:&quot;&quot;}\" data-image-title=\"\" data-image-description=\"\" data-image-caption=\"\" data-large-file=\"https:\/\/i0.wp.com\/kalot.com.mx\/site\/wp-content\/uploads\/2013\/09\/pink-floyd-live-8-july-2005.jpg?fit=500%2C333&amp;ssl=1\" class=\"alignnone size-medium wp-image-1669\" alt=\"\" src=\"https:\/\/i0.wp.com\/www.kalot.com.mx\/wp-content\/uploads\/2013\/09\/pink-floyd-live-8-july-2005-300x199.jpg?resize=300%2C199\" width=\"300\" height=\"199\" srcset=\"https:\/\/i0.wp.com\/kalot.com.mx\/site\/wp-content\/uploads\/2013\/09\/pink-floyd-live-8-july-2005.jpg?resize=300%2C199&amp;ssl=1 300w, https:\/\/i0.wp.com\/kalot.com.mx\/site\/wp-content\/uploads\/2013\/09\/pink-floyd-live-8-july-2005.jpg?resize=192%2C128&amp;ssl=1 192w, https:\/\/i0.wp.com\/kalot.com.mx\/site\/wp-content\/uploads\/2013\/09\/pink-floyd-live-8-july-2005.jpg?w=500&amp;ssl=1 500w\" sizes=\"(max-width: 300px) 100vw, 300px\" \/><\/a><\/p>\n<p>El 15 de septiembre del 2008, en su hogar en Londres, perdi\u00f3 la batalla contra el c\u00e1ncer\u00a0 a los 65 a\u00f1os.<\/p>\n<p>Q.E.P.D. Richard Wright. Nos veremos en el lado obscuro de la luna.<\/p>\n","protected":false},"excerpt":{"rendered":"Hoy se cumplen 5 a\u00f1os de la muerte del tecladista de la ic\u00f3nica banda Pink Floyd. Richard Wright&hellip;\n","protected":false},"author":15,"featured_media":1672,"comment_status":"open","ping_status":"open","sticky":false,"template":"","format":"standard","meta":{"jetpack_post_was_ever_published":false,"_jetpack_newsletter_access":"","_jetpack_dont_email_post_to_subs":false,"_jetpack_newsletter_tier_id":0,"_jetpack_memberships_contains_paywalled_content":false,"_jetpack_memberships_contains_paid_content":false,"footnotes":"","jetpack_publicize_message":"","jetpack_publicize_feature_enabled":true,"jetpack_social_post_already_shared":true,"jetpack_social_options":{"image_generator_settings":{"template":"highway","default_image_id":0,"font":"","enabled":false},"version":2}},"categories":[],"tags":[],"class_list":{"0":"post-1666","1":"post","2":"type-post","3":"status-publish","4":"format-standard","5":"has-post-thumbnail","7":"cs-entry","8":"cs-video-wrap"},"yoast_head":"<!-- This site is optimized with the Yoast SEO plugin v27.4 - https:\/\/yoast.com\/product\/yoast-seo-wordpress\/ -->\n<title>Wish You Were Here... 5 a\u00f1os sin Richard Wright - Kalot<\/title>\n<meta name=\"description\" content=\"Hoy se cumplen 5 a\u00f1os de la muerte del tecladista de la ic\u00f3nica banda Pink Floyd. Richard Wright fue el encargado de suministrar ese sonido de psicodelia\" \/>\n<meta name=\"robots\" content=\"index, follow, max-snippet:-1, max-image-preview:large, max-video-preview:-1\" \/>\n<link rel=\"canonical\" href=\"https:\/\/kalot.com.mx\/site\/2013\/09\/15\/wish-5-anos-sin-richard-wright\/\" \/>\n<meta property=\"og:locale\" content=\"es_MX\" \/>\n<meta property=\"og:type\" content=\"article\" \/>\n<meta property=\"og:title\" content=\"Wish You Were Here... 5 a\u00f1os sin Richard Wright - Kalot\" \/>\n<meta property=\"og:description\" content=\"Hoy se cumplen 5 a\u00f1os de la muerte del tecladista de la ic\u00f3nica banda Pink Floyd. Richard Wright fue el encargado de suministrar ese sonido de psicodelia\" \/>\n<meta property=\"og:url\" content=\"https:\/\/kalot.com.mx\/site\/2013\/09\/15\/wish-5-anos-sin-richard-wright\/\" \/>\n<meta property=\"og:site_name\" content=\"Kalot\" \/>\n<meta property=\"article:publisher\" content=\"http:\/\/facebook.com\/mxkalot\" \/>\n<meta property=\"article:published_time\" content=\"2013-09-15T18:02:08+00:00\" \/>\n<meta property=\"og:image\" content=\"https:\/\/i2.wp.com\/kalot.com.mx\/site\/wp-content\/uploads\/2013\/09\/richardwright2.jpg?fit=640%2C437&ssl=1\" \/>\n\t<meta property=\"og:image:width\" content=\"640\" \/>\n\t<meta property=\"og:image:height\" content=\"437\" \/>\n\t<meta property=\"og:image:type\" content=\"image\/jpeg\" \/>\n<meta name=\"author\" content=\"Juan P\u00e9rez\" \/>\n<meta name=\"twitter:card\" content=\"summary_large_image\" \/>\n<meta name=\"twitter:creator\" content=\"@kalotmx\" \/>\n<meta name=\"twitter:site\" content=\"@kalotmx\" \/>\n<meta name=\"twitter:label1\" content=\"Escrito por\" \/>\n\t<meta name=\"twitter:data1\" content=\"Juan P\u00e9rez\" \/>\n\t<meta name=\"twitter:label2\" content=\"Tiempo de lectura\" \/>\n\t<meta name=\"twitter:data2\" content=\"1 minuto\" \/>\n<!-- \/ Yoast SEO plugin. -->","yoast_head_json":{"title":"Wish You Were Here... 5 a\u00f1os sin Richard Wright - Kalot","description":"Hoy se cumplen 5 a\u00f1os de la muerte del tecladista de la ic\u00f3nica banda Pink Floyd. Richard Wright fue el encargado de suministrar ese sonido de psicodelia","robots":{"index":"index","follow":"follow","max-snippet":"max-snippet:-1","max-image-preview":"max-image-preview:large","max-video-preview":"max-video-preview:-1"},"canonical":"https:\/\/kalot.com.mx\/site\/2013\/09\/15\/wish-5-anos-sin-richard-wright\/","og_locale":"es_MX","og_type":"article","og_title":"Wish You Were Here... 5 a\u00f1os sin Richard Wright - Kalot","og_description":"Hoy se cumplen 5 a\u00f1os de la muerte del tecladista de la ic\u00f3nica banda Pink Floyd. Richard Wright fue el encargado de suministrar ese sonido de psicodelia","og_url":"https:\/\/kalot.com.mx\/site\/2013\/09\/15\/wish-5-anos-sin-richard-wright\/","og_site_name":"Kalot","article_publisher":"http:\/\/facebook.com\/mxkalot","article_published_time":"2013-09-15T18:02:08+00:00","og_image":[{"width":640,"height":437,"url":"https:\/\/i2.wp.com\/kalot.com.mx\/site\/wp-content\/uploads\/2013\/09\/richardwright2.jpg?fit=640%2C437&ssl=1","type":"image\/jpeg"}],"author":"Juan P\u00e9rez","twitter_card":"summary_large_image","twitter_creator":"@kalotmx","twitter_site":"@kalotmx","twitter_misc":{"Escrito por":"Juan P\u00e9rez","Tiempo de lectura":"1 minuto"},"schema":{"@context":"https:\/\/schema.org","@graph":[{"@type":"Article","@id":"https:\/\/kalot.com.mx\/site\/2013\/09\/15\/wish-5-anos-sin-richard-wright\/#article","isPartOf":{"@id":"https:\/\/kalot.com.mx\/site\/2013\/09\/15\/wish-5-anos-sin-richard-wright\/"},"author":{"name":"Juan P\u00e9rez","@id":"https:\/\/kalot.com.mx\/site\/#\/schema\/person\/7b221f5f917099a209989b96909de036"},"headline":"Wish You Were Here&#8230; 5 a\u00f1os sin Richard Wright","datePublished":"2013-09-15T18:02:08+00:00","mainEntityOfPage":{"@id":"https:\/\/kalot.com.mx\/site\/2013\/09\/15\/wish-5-anos-sin-richard-wright\/"},"wordCount":111,"commentCount":0,"publisher":{"@id":"https:\/\/kalot.com.mx\/site\/#organization"},"image":{"@id":"https:\/\/kalot.com.mx\/site\/2013\/09\/15\/wish-5-anos-sin-richard-wright\/#primaryimage"},"thumbnailUrl":"https:\/\/i0.wp.com\/kalot.com.mx\/site\/wp-content\/uploads\/2013\/09\/richardwright2.jpg?fit=640%2C437&ssl=1","inLanguage":"es","potentialAction":[{"@type":"CommentAction","name":"Comment","target":["https:\/\/kalot.com.mx\/site\/2013\/09\/15\/wish-5-anos-sin-richard-wright\/#respond"]}]},{"@type":"WebPage","@id":"https:\/\/kalot.com.mx\/site\/2013\/09\/15\/wish-5-anos-sin-richard-wright\/","url":"https:\/\/kalot.com.mx\/site\/2013\/09\/15\/wish-5-anos-sin-richard-wright\/","name":"Wish You Were Here... 5 a\u00f1os sin Richard Wright - Kalot","isPartOf":{"@id":"https:\/\/kalot.com.mx\/site\/#website"},"primaryImageOfPage":{"@id":"https:\/\/kalot.com.mx\/site\/2013\/09\/15\/wish-5-anos-sin-richard-wright\/#primaryimage"},"image":{"@id":"https:\/\/kalot.com.mx\/site\/2013\/09\/15\/wish-5-anos-sin-richard-wright\/#primaryimage"},"thumbnailUrl":"https:\/\/i0.wp.com\/kalot.com.mx\/site\/wp-content\/uploads\/2013\/09\/richardwright2.jpg?fit=640%2C437&ssl=1","datePublished":"2013-09-15T18:02:08+00:00","description":"Hoy se cumplen 5 a\u00f1os de la muerte del tecladista de la ic\u00f3nica banda Pink Floyd. Richard Wright fue el encargado de suministrar ese sonido de psicodelia","breadcrumb":{"@id":"https:\/\/kalot.com.mx\/site\/2013\/09\/15\/wish-5-anos-sin-richard-wright\/#breadcrumb"},"inLanguage":"es","potentialAction":[{"@type":"ReadAction","target":["https:\/\/kalot.com.mx\/site\/2013\/09\/15\/wish-5-anos-sin-richard-wright\/"]}]},{"@type":"ImageObject","inLanguage":"es","@id":"https:\/\/kalot.com.mx\/site\/2013\/09\/15\/wish-5-anos-sin-richard-wright\/#primaryimage","url":"https:\/\/i0.wp.com\/kalot.com.mx\/site\/wp-content\/uploads\/2013\/09\/richardwright2.jpg?fit=640%2C437&ssl=1","contentUrl":"https:\/\/i0.wp.com\/kalot.com.mx\/site\/wp-content\/uploads\/2013\/09\/richardwright2.jpg?fit=640%2C437&ssl=1","width":640,"height":437},{"@type":"BreadcrumbList","@id":"https:\/\/kalot.com.mx\/site\/2013\/09\/15\/wish-5-anos-sin-richard-wright\/#breadcrumb","itemListElement":[{"@type":"ListItem","position":1,"name":"Home","item":"https:\/\/kalot.com.mx\/site\/"},{"@type":"ListItem","position":2,"name":"Wish You Were Here&#8230; 5 a\u00f1os sin Richard Wright"}]},{"@type":"WebSite","@id":"https:\/\/kalot.com.mx\/site\/#website","url":"https:\/\/kalot.com.mx\/site\/","name":"Kalot","description":"Conoce Todo Sobre Todo","publisher":{"@id":"https:\/\/kalot.com.mx\/site\/#organization"},"potentialAction":[{"@type":"SearchAction","target":{"@type":"EntryPoint","urlTemplate":"https:\/\/kalot.com.mx\/site\/?s={search_term_string}"},"query-input":{"@type":"PropertyValueSpecification","valueRequired":true,"valueName":"search_term_string"}}],"inLanguage":"es"},{"@type":"Organization","@id":"https:\/\/kalot.com.mx\/site\/#organization","name":"Kalot","url":"https:\/\/kalot.com.mx\/site\/","logo":{"@type":"ImageObject","inLanguage":"es","@id":"https:\/\/kalot.com.mx\/site\/#\/schema\/logo\/image\/","url":"https:\/\/i0.wp.com\/kalot.com.mx\/site\/wp-content\/uploads\/2020\/04\/Kalot-logo-sin-tagline.png?fit=1707%2C1014&ssl=1","contentUrl":"https:\/\/i0.wp.com\/kalot.com.mx\/site\/wp-content\/uploads\/2020\/04\/Kalot-logo-sin-tagline.png?fit=1707%2C1014&ssl=1","width":1707,"height":1014,"caption":"Kalot"},"image":{"@id":"https:\/\/kalot.com.mx\/site\/#\/schema\/logo\/image\/"},"sameAs":["http:\/\/facebook.com\/mxkalot","https:\/\/x.com\/kalotmx","http:\/\/instagram.com\/kalotmx","http:\/\/pinterest.com\/jorgeerana\/kalot"]},{"@type":"Person","@id":"https:\/\/kalot.com.mx\/site\/#\/schema\/person\/7b221f5f917099a209989b96909de036","name":"Juan P\u00e9rez","image":{"@type":"ImageObject","inLanguage":"es","@id":"https:\/\/secure.gravatar.com\/avatar\/4eea315e56cbb77c943bc4cea4b6002dabd60d1fa0bdf79e531632cac2753d1d?s=96&d=mm&r=g","url":"https:\/\/secure.gravatar.com\/avatar\/4eea315e56cbb77c943bc4cea4b6002dabd60d1fa0bdf79e531632cac2753d1d?s=96&d=mm&r=g","contentUrl":"https:\/\/secure.gravatar.com\/avatar\/4eea315e56cbb77c943bc4cea4b6002dabd60d1fa0bdf79e531632cac2753d1d?s=96&d=mm&r=g","caption":"Juan P\u00e9rez"},"url":"https:\/\/kalot.com.mx\/site\/author\/johnny\/"}]}},"jetpack_publicize_connections":[],"jetpack_featured_media_url":"https:\/\/i0.wp.com\/kalot.com.mx\/site\/wp-content\/uploads\/2013\/09\/richardwright2.jpg?fit=640%2C437&ssl=1","jetpack_shortlink":"https:\/\/wp.me\/p6IHEI-qS","jetpack-related-posts":[{"id":20443,"url":"https:\/\/kalot.com.mx\/site\/2015\/02\/19\/blur-regresa-tras-12-anos-de-silencio\/","url_meta":{"origin":1666,"position":0},"title":"Blur regresa tras 12 a\u00f1os de silencio","author":"Chris Banks","date":"19 febrero, 2015","format":false,"excerpt":"La banda de rock inglesa, anunci\u00f3 hoy 19 de Febrero de 2015 el lanzamiento de su nuevo material discogr\u00e1fico titulado \"The Magic Whip\" que saldr\u00e1 luego de 12 a\u00f1os de silencio. La banda que debut\u00f3 en los 90\u00b4s hizo el anuncio en un restaurante chino en Londres durante una conferencia\u2026","rel":"","context":"Entrada similar ","block_context":{"text":"Entrada similar ","link":""},"img":{"alt_text":"","src":"https:\/\/i0.wp.com\/kalot.com.mx\/site\/wp-content\/uploads\/2015\/02\/BLUR.jpg?fit=600%2C600&ssl=1&resize=350%2C200","width":350,"height":200,"srcset":"https:\/\/i0.wp.com\/kalot.com.mx\/site\/wp-content\/uploads\/2015\/02\/BLUR.jpg?fit=600%2C600&ssl=1&resize=350%2C200 1x, https:\/\/i0.wp.com\/kalot.com.mx\/site\/wp-content\/uploads\/2015\/02\/BLUR.jpg?fit=600%2C600&ssl=1&resize=525%2C300 1.5x"},"classes":[]},{"id":5768,"url":"https:\/\/kalot.com.mx\/site\/2013\/11\/05\/las-mejores-portadas-de-discos-inspiradas-en-la-ciencia\/","url_meta":{"origin":1666,"position":1},"title":"Weird Science: Las mejores portadas de discos inspiradas en la ciencia.","author":"Omar Herrera","date":"5 noviembre, 2013","format":false,"excerpt":"Sin lugar a dudas un arte que pasa muy desapercibido en esta era digital son las portadas de los discos. Un considerado arte debido a que \u00e9ste representa la esencia de la m\u00fasica que contiene aquel CD que acabas de comprar tanto que marca su identidad como propia y de\u2026","rel":"","context":"En &quot;Sin categor\u00eda&quot;","block_context":{"text":"Sin categor\u00eda","link":"https:\/\/kalot.com.mx\/site\/category\/sin-categoria\/"},"img":{"alt_text":"","src":"https:\/\/i0.wp.com\/kalot.com.mx\/site\/wp-content\/uploads\/2013\/11\/1944hhcr4ivnhjpg.jpg?fit=636%2C358&ssl=1&resize=350%2C200","width":350,"height":200,"srcset":"https:\/\/i0.wp.com\/kalot.com.mx\/site\/wp-content\/uploads\/2013\/11\/1944hhcr4ivnhjpg.jpg?fit=636%2C358&ssl=1&resize=350%2C200 1x, https:\/\/i0.wp.com\/kalot.com.mx\/site\/wp-content\/uploads\/2013\/11\/1944hhcr4ivnhjpg.jpg?fit=636%2C358&ssl=1&resize=525%2C300 1.5x"},"classes":[]},{"id":4906,"url":"https:\/\/kalot.com.mx\/site\/2013\/10\/25\/15-razones-para-ver-en-vivo-foo-fighters\/","url_meta":{"origin":1666,"position":2},"title":"15 razones para ver en vivo a Foo Fighters","author":"Omar Herrera","date":"25 octubre, 2013","format":false,"excerpt":"Con motivo de la primera presentaci\u00f3n en vivo que tendr\u00e1n los Foo Fighters en diciembre de este a\u00f1o en nuestro pa\u00eds y por qu\u00e9 ya sabemos que como nosotros, ustedes est\u00e1n igual de ansiosos con esta noticia; nos dimos a la tarea de hacer un conteo de las mejores canciones\u2026","rel":"","context":"En &quot;Sin categor\u00eda&quot;","block_context":{"text":"Sin categor\u00eda","link":"https:\/\/kalot.com.mx\/site\/category\/sin-categoria\/"},"img":{"alt_text":"","src":"https:\/\/i0.wp.com\/kalot.com.mx\/site\/wp-content\/uploads\/2013\/10\/Screen-Shot-2013-10-25-at-12.03.15-PM.png?fit=888%2C500&ssl=1&resize=350%2C200","width":350,"height":200,"srcset":"https:\/\/i0.wp.com\/kalot.com.mx\/site\/wp-content\/uploads\/2013\/10\/Screen-Shot-2013-10-25-at-12.03.15-PM.png?fit=888%2C500&ssl=1&resize=350%2C200 1x, https:\/\/i0.wp.com\/kalot.com.mx\/site\/wp-content\/uploads\/2013\/10\/Screen-Shot-2013-10-25-at-12.03.15-PM.png?fit=888%2C500&ssl=1&resize=525%2C300 1.5x, https:\/\/i0.wp.com\/kalot.com.mx\/site\/wp-content\/uploads\/2013\/10\/Screen-Shot-2013-10-25-at-12.03.15-PM.png?fit=888%2C500&ssl=1&resize=700%2C400 2x"},"classes":[]},{"id":3497,"url":"https:\/\/kalot.com.mx\/site\/2013\/10\/09\/casi-40-anos-de-blondie-y-debbie-harry\/","url_meta":{"origin":1666,"position":3},"title":"A casi 40 a\u00f1os de Blondie y Debbie Harry","author":"Omar Herrera","date":"9 octubre, 2013","format":false,"excerpt":"Se acerca el fin de semana en el que la Curva 4 del Aut\u00f3dromo Hermanos Rodr\u00edguez se engalanar\u00e1 con la presencia de m\u00e1s de 30 bandas que se presentar\u00e1n en la cuarta edici\u00f3n del Festival Corona Capital. Una de las bandas que m\u00e1s llaman la atenci\u00f3n dentro del cartel es\u2026","rel":"","context":"Entrada similar ","block_context":{"text":"Entrada similar ","link":""},"img":{"alt_text":"","src":"https:\/\/i0.wp.com\/kalot.com.mx\/site\/wp-content\/uploads\/2013\/10\/BlondieMichaelOchsArchives.jpg?fit=630%2C420&ssl=1&resize=350%2C200","width":350,"height":200,"srcset":"https:\/\/i0.wp.com\/kalot.com.mx\/site\/wp-content\/uploads\/2013\/10\/BlondieMichaelOchsArchives.jpg?fit=630%2C420&ssl=1&resize=350%2C200 1x, https:\/\/i0.wp.com\/kalot.com.mx\/site\/wp-content\/uploads\/2013\/10\/BlondieMichaelOchsArchives.jpg?fit=630%2C420&ssl=1&resize=525%2C300 1.5x"},"classes":[]},{"id":20192,"url":"https:\/\/kalot.com.mx\/site\/2015\/01\/27\/blink-182-aclara-rumores-sobre-la-salida-de-tom-delonge\/","url_meta":{"origin":1666,"position":4},"title":"Blink-182 aclara rumores sobre la salida de Tom DeLonge","author":"Omar Herrera","date":"27 enero, 2015","format":false,"excerpt":"A partir del mediod\u00eda de hoy comenz\u00f3 a surgir el rumor en redes sociales y medios especializados acerca de la renuncia oficial del guitarrista, vocalista y fundador de la banda Blink-182, Tom DeLonge. Los miembros restantes, Mark Hoppus y Travis Barker emitieron un comunicado que se difundi\u00f3 a trav\u00e9s la\u2026","rel":"","context":"Entrada similar ","block_context":{"text":"Entrada similar ","link":""},"img":{"alt_text":"","src":"https:\/\/i0.wp.com\/kalot.com.mx\/site\/wp-content\/uploads\/2015\/01\/Blink182.png?fit=1153%2C828&ssl=1&resize=350%2C200","width":350,"height":200,"srcset":"https:\/\/i0.wp.com\/kalot.com.mx\/site\/wp-content\/uploads\/2015\/01\/Blink182.png?fit=1153%2C828&ssl=1&resize=350%2C200 1x, https:\/\/i0.wp.com\/kalot.com.mx\/site\/wp-content\/uploads\/2015\/01\/Blink182.png?fit=1153%2C828&ssl=1&resize=525%2C300 1.5x, https:\/\/i0.wp.com\/kalot.com.mx\/site\/wp-content\/uploads\/2015\/01\/Blink182.png?fit=1153%2C828&ssl=1&resize=700%2C400 2x, https:\/\/i0.wp.com\/kalot.com.mx\/site\/wp-content\/uploads\/2015\/01\/Blink182.png?fit=1153%2C828&ssl=1&resize=1050%2C600 3x"},"classes":[]},{"id":14106,"url":"https:\/\/kalot.com.mx\/site\/2014\/03\/28\/radioactive-dragons\/","url_meta":{"origin":1666,"position":5},"title":"The Radioactive Dragons!","author":"David S\u00e1nchez","date":"28 marzo, 2014","format":false,"excerpt":"El mi\u00e9rcoles en la ciudad de Guadalajara se llev\u00f3 acabo uno de los conciertos m\u00e1s esperados por la chaviza y alguno que otro colado. Pues si, antier en el Patio 2 del Auditorio Telmex se present\u00f3 Imagine Dragons por segunda vez en dicha ciudad. Todos los asistentes al Corona Capital\u2026","rel":"","context":"En &quot;Sin categor\u00eda&quot;","block_context":{"text":"Sin categor\u00eda","link":"https:\/\/kalot.com.mx\/site\/category\/sin-categoria\/"},"img":{"alt_text":"","src":"https:\/\/i0.wp.com\/kalot.com.mx\/site\/wp-content\/uploads\/2014\/03\/1d.jpg?fit=572%2C432&ssl=1&resize=350%2C200","width":350,"height":200,"srcset":"https:\/\/i0.wp.com\/kalot.com.mx\/site\/wp-content\/uploads\/2014\/03\/1d.jpg?fit=572%2C432&ssl=1&resize=350%2C200 1x, https:\/\/i0.wp.com\/kalot.com.mx\/site\/wp-content\/uploads\/2014\/03\/1d.jpg?fit=572%2C432&ssl=1&resize=525%2C300 1.5x"},"classes":[]}],"jetpack_sharing_enabled":true,"_links":{"self":[{"href":"https:\/\/kalot.com.mx\/site\/wp-json\/wp\/v2\/posts\/1666","targetHints":{"allow":["GET"]}}],"collection":[{"href":"https:\/\/kalot.com.mx\/site\/wp-json\/wp\/v2\/posts"}],"about":[{"href":"https:\/\/kalot.com.mx\/site\/wp-json\/wp\/v2\/types\/post"}],"author":[{"embeddable":true,"href":"https:\/\/kalot.com.mx\/site\/wp-json\/wp\/v2\/users\/15"}],"replies":[{"embeddable":true,"href":"https:\/\/kalot.com.mx\/site\/wp-json\/wp\/v2\/comments?post=1666"}],"version-history":[{"count":0,"href":"https:\/\/kalot.com.mx\/site\/wp-json\/wp\/v2\/posts\/1666\/revisions"}],"wp:featuredmedia":[{"embeddable":true,"href":"https:\/\/kalot.com.mx\/site\/wp-json\/wp\/v2\/media\/1672"}],"wp:attachment":[{"href":"https:\/\/kalot.com.mx\/site\/wp-json\/wp\/v2\/media?parent=1666"}],"wp:term":[{"taxonomy":"category","embeddable":true,"href":"https:\/\/kalot.com.mx\/site\/wp-json\/wp\/v2\/categories?post=1666"},{"taxonomy":"post_tag","embeddable":true,"href":"https:\/\/kalot.com.mx\/site\/wp-json\/wp\/v2\/tags?post=1666"}],"curies":[{"name":"wp","href":"https:\/\/api.w.org\/{rel}","templated":true}]}}