{"id":16657,"date":"2014-06-04T16:50:07","date_gmt":"2014-06-04T21:50:07","guid":{"rendered":"http:\/\/www.kalot.com.mx\/?p=16657"},"modified":"2014-06-04T16:50:07","modified_gmt":"2014-06-04T21:50:07","slug":"nuevo-trailer-de-hercules-y-poster-definitivo","status":"publish","type":"post","link":"https:\/\/kalot.com.mx\/site\/2014\/06\/04\/nuevo-trailer-de-hercules-y-poster-definitivo\/","title":{"rendered":"Nuevo tr\u00e1iler de H\u00e9rcules y p\u00f3ster definitivo"},"content":{"rendered":"<p style=\"text-align: justify;\">Definitivamente una de las pel\u00edculas que m\u00e1s espero de este a\u00f1o es <strong>H\u00e9rcules<\/strong> protagonizada por <strong><a href=\"http:\/\/www.imdb.com\/name\/nm0425005\/\" target=\"_blank\">Dwayne Johnson<\/a><\/strong>\u00a0ya que este a\u00f1o se estren\u00f3 otra versi\u00f3n de <a href=\"http:\/\/www.imdb.com\/title\/tt1043726\/\" target=\"_blank\">H\u00e9rcules <\/a>que fue mal\u00edsima\u00a0y que realmente me dej\u00f3 un mal sabor. Como podr\u00e1n ver en el <strong>tr\u00e1iler<\/strong> veremos a Dwayne &#8220;The Rock&#8221;, pa\u00b4 los cuates peleando con leones, dragones, jabal\u00edes y un poco de todo con bestias m\u00edticas de todos colores y sabores.<\/p>\n<p style=\"text-align: justify;\">Siempre me han llamado la atenci\u00f3n las pel\u00edculas en las que participa <strong>Dwayne<\/strong> y considero que esta movie es el papel indicado para el y su carrera profesional. Ya lo hemos visto siendo todo tipo de h\u00e9roe pero en especial este tipo de cine \u00e9pico o mitol\u00f3gico cuando es de calidad suele dejar su huella as\u00ed que esperemos que <strong>H\u00e9rcules<\/strong> no sea la excepci\u00f3n.<\/p>\n<p style=\"text-align: justify;\">Aqu\u00ed est\u00e1 el <em><strong>tr\u00e1iler final<\/strong><\/em> de esta producci\u00f3n que se estrena en<em><strong> julio de este a\u00f1o<\/strong><\/em><\/p>\n<p style=\"text-align: justify;\">[embedvideo id=&#8221;8Y9TqXsDotA&#8221; website=&#8221;youtube&#8221;]\n<p style=\"text-align: justify;\"><img data-recalc-dims=\"1\" fetchpriority=\"high\" decoding=\"async\" data-attachment-id=\"16659\" data-permalink=\"https:\/\/kalot.com.mx\/site\/2014\/06\/04\/nuevo-trailer-de-hercules-y-poster-definitivo\/hercules-2\/\" data-orig-file=\"https:\/\/i0.wp.com\/kalot.com.mx\/site\/wp-content\/uploads\/2014\/06\/hercules.jpg?fit=324%2C480&amp;ssl=1\" data-orig-size=\"324,480\" data-comments-opened=\"1\" data-image-meta=\"{&quot;aperture&quot;:&quot;0&quot;,&quot;credit&quot;:&quot;&quot;,&quot;camera&quot;:&quot;&quot;,&quot;caption&quot;:&quot;&quot;,&quot;created_timestamp&quot;:&quot;0&quot;,&quot;copyright&quot;:&quot;&quot;,&quot;focal_length&quot;:&quot;0&quot;,&quot;iso&quot;:&quot;0&quot;,&quot;shutter_speed&quot;:&quot;0&quot;,&quot;title&quot;:&quot;&quot;,&quot;orientation&quot;:&quot;0&quot;}\" data-image-title=\"hercules\" data-image-description=\"\" data-image-caption=\"\" data-large-file=\"https:\/\/i0.wp.com\/kalot.com.mx\/site\/wp-content\/uploads\/2014\/06\/hercules.jpg?fit=324%2C480&amp;ssl=1\" class=\"aligncenter size-full wp-image-16659\" src=\"https:\/\/i0.wp.com\/www.kalot.com.mx\/wp-content\/uploads\/2014\/06\/hercules.jpg?resize=324%2C480\" alt=\"hercules\" width=\"324\" height=\"480\" srcset=\"https:\/\/i0.wp.com\/kalot.com.mx\/site\/wp-content\/uploads\/2014\/06\/hercules.jpg?w=324&amp;ssl=1 324w, https:\/\/i0.wp.com\/kalot.com.mx\/site\/wp-content\/uploads\/2014\/06\/hercules.jpg?resize=203%2C300&amp;ssl=1 203w\" sizes=\"(max-width: 324px) 100vw, 324px\" \/><\/p>\n<p style=\"text-align: justify;\">\u00bfQu\u00e9 les pareci\u00f3 el <strong>tr\u00e1iler de H\u00e9rcules<\/strong>? \u00bfSe animar\u00e1n a verla?<\/p>\n","protected":false},"excerpt":{"rendered":"Definitivamente una de las pel\u00edculas que m\u00e1s espero de este a\u00f1o es H\u00e9rcules protagonizada por Dwayne Johnson\u00a0ya que&hellip;\n","protected":false},"author":1,"featured_media":16658,"comment_status":"open","ping_status":"open","sticky":false,"template":"","format":"standard","meta":{"jetpack_post_was_ever_published":false,"_jetpack_newsletter_access":"","_jetpack_dont_email_post_to_subs":false,"_jetpack_newsletter_tier_id":0,"_jetpack_memberships_contains_paywalled_content":false,"_jetpack_memberships_contains_paid_content":false,"footnotes":"","jetpack_publicize_message":"","jetpack_publicize_feature_enabled":true,"jetpack_social_post_already_shared":true,"jetpack_social_options":{"image_generator_settings":{"template":"highway","default_image_id":0,"font":"","enabled":false},"version":2}},"categories":[],"tags":[],"class_list":{"0":"post-16657","1":"post","2":"type-post","3":"status-publish","4":"format-standard","5":"has-post-thumbnail","7":"cs-entry","8":"cs-video-wrap"},"yoast_head":"<!-- This site is optimized with the Yoast SEO plugin v27.5 - https:\/\/yoast.com\/product\/yoast-seo-wordpress\/ -->\n<title>Nuevo tr\u00e1iler de H\u00e9rcules y p\u00f3ster definitivo  - Kalot<\/title>\n<meta name=\"description\" content=\"Nuevo tr\u00e1iler de la nueva pel\u00edcula de Dwayne &quot;The Rock&quot; Johnson, H\u00e9rcules\" \/>\n<meta name=\"robots\" content=\"index, follow, max-snippet:-1, max-image-preview:large, max-video-preview:-1\" \/>\n<link rel=\"canonical\" href=\"https:\/\/kalot.com.mx\/site\/2014\/06\/04\/nuevo-trailer-de-hercules-y-poster-definitivo\/\" \/>\n<meta property=\"og:locale\" content=\"es_MX\" \/>\n<meta property=\"og:type\" content=\"article\" \/>\n<meta property=\"og:title\" content=\"Nuevo tr\u00e1iler de H\u00e9rcules y p\u00f3ster definitivo  - Kalot\" \/>\n<meta property=\"og:description\" content=\"Nuevo tr\u00e1iler de la nueva pel\u00edcula de Dwayne &quot;The Rock&quot; Johnson, H\u00e9rcules\" \/>\n<meta property=\"og:url\" content=\"https:\/\/kalot.com.mx\/site\/2014\/06\/04\/nuevo-trailer-de-hercules-y-poster-definitivo\/\" \/>\n<meta property=\"og:site_name\" content=\"Kalot\" \/>\n<meta property=\"article:publisher\" content=\"http:\/\/facebook.com\/mxkalot\" \/>\n<meta property=\"article:author\" content=\"http:\/\/www.facebook.com\/jorgeerana\" \/>\n<meta property=\"article:published_time\" content=\"2014-06-04T21:50:07+00:00\" \/>\n<meta property=\"og:image\" content=\"https:\/\/i0.wp.com\/kalot.com.mx\/site\/wp-content\/uploads\/2014\/06\/hercules-dwayne-johnson-picture.jpeg?fit=1500%2C800&ssl=1\" \/>\n\t<meta property=\"og:image:width\" content=\"1500\" \/>\n\t<meta property=\"og:image:height\" content=\"800\" \/>\n\t<meta property=\"og:image:type\" content=\"image\/jpeg\" \/>\n<meta name=\"author\" content=\"Jorge Era\u00f1a\" \/>\n<meta name=\"twitter:card\" content=\"summary_large_image\" \/>\n<meta name=\"twitter:creator\" content=\"@jorge_erana\" \/>\n<meta name=\"twitter:site\" content=\"@kalotmx\" \/>\n<meta name=\"twitter:label1\" content=\"Escrito por\" \/>\n\t<meta name=\"twitter:data1\" content=\"Jorge Era\u00f1a\" \/>\n\t<meta name=\"twitter:label2\" content=\"Tiempo de lectura\" \/>\n\t<meta name=\"twitter:data2\" content=\"1 minuto\" \/>\n<!-- \/ Yoast SEO plugin. -->","yoast_head_json":{"title":"Nuevo tr\u00e1iler de H\u00e9rcules y p\u00f3ster definitivo  - Kalot","description":"Nuevo tr\u00e1iler de la nueva pel\u00edcula de Dwayne \"The Rock\" Johnson, H\u00e9rcules","robots":{"index":"index","follow":"follow","max-snippet":"max-snippet:-1","max-image-preview":"max-image-preview:large","max-video-preview":"max-video-preview:-1"},"canonical":"https:\/\/kalot.com.mx\/site\/2014\/06\/04\/nuevo-trailer-de-hercules-y-poster-definitivo\/","og_locale":"es_MX","og_type":"article","og_title":"Nuevo tr\u00e1iler de H\u00e9rcules y p\u00f3ster definitivo  - Kalot","og_description":"Nuevo tr\u00e1iler de la nueva pel\u00edcula de Dwayne \"The Rock\" Johnson, H\u00e9rcules","og_url":"https:\/\/kalot.com.mx\/site\/2014\/06\/04\/nuevo-trailer-de-hercules-y-poster-definitivo\/","og_site_name":"Kalot","article_publisher":"http:\/\/facebook.com\/mxkalot","article_author":"http:\/\/www.facebook.com\/jorgeerana","article_published_time":"2014-06-04T21:50:07+00:00","og_image":[{"width":1500,"height":800,"url":"https:\/\/i0.wp.com\/kalot.com.mx\/site\/wp-content\/uploads\/2014\/06\/hercules-dwayne-johnson-picture.jpeg?fit=1500%2C800&ssl=1","type":"image\/jpeg"}],"author":"Jorge Era\u00f1a","twitter_card":"summary_large_image","twitter_creator":"@jorge_erana","twitter_site":"@kalotmx","twitter_misc":{"Escrito por":"Jorge Era\u00f1a","Tiempo de lectura":"1 minuto"},"schema":{"@context":"https:\/\/schema.org","@graph":[{"@type":"Article","@id":"https:\/\/kalot.com.mx\/site\/2014\/06\/04\/nuevo-trailer-de-hercules-y-poster-definitivo\/#article","isPartOf":{"@id":"https:\/\/kalot.com.mx\/site\/2014\/06\/04\/nuevo-trailer-de-hercules-y-poster-definitivo\/"},"author":{"name":"Jorge Era\u00f1a","@id":"https:\/\/kalot.com.mx\/site\/#\/schema\/person\/439e32b5ce86d9bc80cf42ab58e1c6e0"},"headline":"Nuevo tr\u00e1iler de H\u00e9rcules y p\u00f3ster definitivo","datePublished":"2014-06-04T21:50:07+00:00","mainEntityOfPage":{"@id":"https:\/\/kalot.com.mx\/site\/2014\/06\/04\/nuevo-trailer-de-hercules-y-poster-definitivo\/"},"wordCount":201,"commentCount":0,"publisher":{"@id":"https:\/\/kalot.com.mx\/site\/#organization"},"image":{"@id":"https:\/\/kalot.com.mx\/site\/2014\/06\/04\/nuevo-trailer-de-hercules-y-poster-definitivo\/#primaryimage"},"thumbnailUrl":"https:\/\/i0.wp.com\/kalot.com.mx\/site\/wp-content\/uploads\/2014\/06\/hercules-dwayne-johnson-picture.jpeg?fit=1500%2C800&ssl=1","inLanguage":"es","potentialAction":[{"@type":"CommentAction","name":"Comment","target":["https:\/\/kalot.com.mx\/site\/2014\/06\/04\/nuevo-trailer-de-hercules-y-poster-definitivo\/#respond"]}]},{"@type":"WebPage","@id":"https:\/\/kalot.com.mx\/site\/2014\/06\/04\/nuevo-trailer-de-hercules-y-poster-definitivo\/","url":"https:\/\/kalot.com.mx\/site\/2014\/06\/04\/nuevo-trailer-de-hercules-y-poster-definitivo\/","name":"Nuevo tr\u00e1iler de H\u00e9rcules y p\u00f3ster definitivo - Kalot","isPartOf":{"@id":"https:\/\/kalot.com.mx\/site\/#website"},"primaryImageOfPage":{"@id":"https:\/\/kalot.com.mx\/site\/2014\/06\/04\/nuevo-trailer-de-hercules-y-poster-definitivo\/#primaryimage"},"image":{"@id":"https:\/\/kalot.com.mx\/site\/2014\/06\/04\/nuevo-trailer-de-hercules-y-poster-definitivo\/#primaryimage"},"thumbnailUrl":"https:\/\/i0.wp.com\/kalot.com.mx\/site\/wp-content\/uploads\/2014\/06\/hercules-dwayne-johnson-picture.jpeg?fit=1500%2C800&ssl=1","datePublished":"2014-06-04T21:50:07+00:00","description":"Nuevo tr\u00e1iler de la nueva pel\u00edcula de Dwayne \"The Rock\" Johnson, H\u00e9rcules","breadcrumb":{"@id":"https:\/\/kalot.com.mx\/site\/2014\/06\/04\/nuevo-trailer-de-hercules-y-poster-definitivo\/#breadcrumb"},"inLanguage":"es","potentialAction":[{"@type":"ReadAction","target":["https:\/\/kalot.com.mx\/site\/2014\/06\/04\/nuevo-trailer-de-hercules-y-poster-definitivo\/"]}]},{"@type":"ImageObject","inLanguage":"es","@id":"https:\/\/kalot.com.mx\/site\/2014\/06\/04\/nuevo-trailer-de-hercules-y-poster-definitivo\/#primaryimage","url":"https:\/\/i0.wp.com\/kalot.com.mx\/site\/wp-content\/uploads\/2014\/06\/hercules-dwayne-johnson-picture.jpeg?fit=1500%2C800&ssl=1","contentUrl":"https:\/\/i0.wp.com\/kalot.com.mx\/site\/wp-content\/uploads\/2014\/06\/hercules-dwayne-johnson-picture.jpeg?fit=1500%2C800&ssl=1","width":1500,"height":800,"caption":"tr\u00e1iler hercules"},{"@type":"BreadcrumbList","@id":"https:\/\/kalot.com.mx\/site\/2014\/06\/04\/nuevo-trailer-de-hercules-y-poster-definitivo\/#breadcrumb","itemListElement":[{"@type":"ListItem","position":1,"name":"Home","item":"https:\/\/kalot.com.mx\/site\/"},{"@type":"ListItem","position":2,"name":"Nuevo tr\u00e1iler de H\u00e9rcules y p\u00f3ster definitivo"}]},{"@type":"WebSite","@id":"https:\/\/kalot.com.mx\/site\/#website","url":"https:\/\/kalot.com.mx\/site\/","name":"Kalot","description":"Conoce Todo Sobre Todo","publisher":{"@id":"https:\/\/kalot.com.mx\/site\/#organization"},"potentialAction":[{"@type":"SearchAction","target":{"@type":"EntryPoint","urlTemplate":"https:\/\/kalot.com.mx\/site\/?s={search_term_string}"},"query-input":{"@type":"PropertyValueSpecification","valueRequired":true,"valueName":"search_term_string"}}],"inLanguage":"es"},{"@type":"Organization","@id":"https:\/\/kalot.com.mx\/site\/#organization","name":"Kalot","url":"https:\/\/kalot.com.mx\/site\/","logo":{"@type":"ImageObject","inLanguage":"es","@id":"https:\/\/kalot.com.mx\/site\/#\/schema\/logo\/image\/","url":"https:\/\/i0.wp.com\/kalot.com.mx\/site\/wp-content\/uploads\/2020\/04\/Kalot-logo-sin-tagline.png?fit=1707%2C1014&ssl=1","contentUrl":"https:\/\/i0.wp.com\/kalot.com.mx\/site\/wp-content\/uploads\/2020\/04\/Kalot-logo-sin-tagline.png?fit=1707%2C1014&ssl=1","width":1707,"height":1014,"caption":"Kalot"},"image":{"@id":"https:\/\/kalot.com.mx\/site\/#\/schema\/logo\/image\/"},"sameAs":["http:\/\/facebook.com\/mxkalot","https:\/\/x.com\/kalotmx","http:\/\/instagram.com\/kalotmx","http:\/\/pinterest.com\/jorgeerana\/kalot"]},{"@type":"Person","@id":"https:\/\/kalot.com.mx\/site\/#\/schema\/person\/439e32b5ce86d9bc80cf42ab58e1c6e0","name":"Jorge Era\u00f1a","image":{"@type":"ImageObject","inLanguage":"es","@id":"https:\/\/secure.gravatar.com\/avatar\/212c04a1057d7abed0b82aaef6a7ff59168e10f70fcde39376c565ea83c43a85?s=96&d=mm&r=g","url":"https:\/\/secure.gravatar.com\/avatar\/212c04a1057d7abed0b82aaef6a7ff59168e10f70fcde39376c565ea83c43a85?s=96&d=mm&r=g","contentUrl":"https:\/\/secure.gravatar.com\/avatar\/212c04a1057d7abed0b82aaef6a7ff59168e10f70fcde39376c565ea83c43a85?s=96&d=mm&r=g","caption":"Jorge Era\u00f1a"},"description":"Fundador de @KalotMx Mercad\u00f3logo, amante de la tecnolog\u00eda, #Geekazo, #socialmedia, #MarketingDigital, tv-shows, movies y de la vida. Admin","sameAs":["http:\/\/www.kalot.com.mx","http:\/\/www.facebook.com\/jorgeerana","https:\/\/x.com\/jorge_erana"],"url":"https:\/\/kalot.com.mx\/site\/author\/admin\/"}]}},"jetpack_publicize_connections":[],"jetpack_featured_media_url":"https:\/\/i0.wp.com\/kalot.com.mx\/site\/wp-content\/uploads\/2014\/06\/hercules-dwayne-johnson-picture.jpeg?fit=1500%2C800&ssl=1","jetpack_shortlink":"https:\/\/wp.me\/p6IHEI-4kF","jetpack-related-posts":[{"id":13898,"url":"https:\/\/kalot.com.mx\/site\/2014\/03\/25\/primer-trailer-hercules-dwayne-the-rock-johnson\/","url_meta":{"origin":16657,"position":0},"title":"Primer trailer de Hercules con Dwayne &#8220;The Rock&#8221; Johnson","author":"Jorge Era\u00f1a","date":"25 marzo, 2014","format":false,"excerpt":"La nueva pel\u00edcula de Hercules est\u00e1 a la vuelta de la esquina y hoy se lanza el primer trailer protagonizado por Dwayne Johnson, un trailer que muestra una excelente presentaci\u00f3n para lo que se viene con esta excelente pel\u00edcula. Ha pasado mucho tiempo para que le dieran un papel a\u2026","rel":"","context":"En &quot;Sin categor\u00eda&quot;","block_context":{"text":"Sin categor\u00eda","link":"https:\/\/kalot.com.mx\/site\/category\/sin-categoria\/"},"img":{"alt_text":"","src":"https:\/\/i0.wp.com\/kalot.com.mx\/site\/wp-content\/uploads\/2014\/03\/hercules.jpg?fit=640%2C950&ssl=1&resize=350%2C200","width":350,"height":200,"srcset":"https:\/\/i0.wp.com\/kalot.com.mx\/site\/wp-content\/uploads\/2014\/03\/hercules.jpg?fit=640%2C950&ssl=1&resize=350%2C200 1x, https:\/\/i0.wp.com\/kalot.com.mx\/site\/wp-content\/uploads\/2014\/03\/hercules.jpg?fit=640%2C950&ssl=1&resize=525%2C300 1.5x"},"classes":[]},{"id":2363,"url":"https:\/\/kalot.com.mx\/site\/2013\/09\/25\/rapido-y-furioso-7-estreno-en-julio-del-2014-cine\/","url_meta":{"origin":16657,"position":1},"title":"R\u00e1pido y Furioso 7 estreno en julio del 2014 #Cine","author":"Anastacio S\u00e1nchez","date":"25 septiembre, 2013","format":false,"excerpt":"La trama de la s\u00e9ptima y \u00faltima entrega de la saga gira en torno a la venganza. Ya que Jason Statham se pone el traje del hermano de un villano que perdi\u00f3 ante la furia de Dom y sus amigos. R\u00e1pido y Furioso 7 se situar\u00e1 en la ciudad de\u2026","rel":"","context":"Entrada similar ","block_context":{"text":"Entrada similar ","link":""},"img":{"alt_text":"","src":"https:\/\/i0.wp.com\/kalot.com.mx\/site\/wp-content\/uploads\/2013\/09\/imagen-rapidosyfuriososperu.jpg?fit=640%2C384&ssl=1&resize=350%2C200","width":350,"height":200,"srcset":"https:\/\/i0.wp.com\/kalot.com.mx\/site\/wp-content\/uploads\/2013\/09\/imagen-rapidosyfuriososperu.jpg?fit=640%2C384&ssl=1&resize=350%2C200 1x, https:\/\/i0.wp.com\/kalot.com.mx\/site\/wp-content\/uploads\/2013\/09\/imagen-rapidosyfuriososperu.jpg?fit=640%2C384&ssl=1&resize=525%2C300 1.5x"},"classes":[]},{"id":16995,"url":"https:\/\/kalot.com.mx\/site\/2014\/06\/25\/guerra-tanques-y-mucha-accion-en-el-nuevo-trailer-de-fury-con-brad-pitt\/","url_meta":{"origin":16657,"position":2},"title":"Guerra, tanques y mucha acci\u00f3n en el nuevo tr\u00e1iler de Fury con Brad Pitt","author":"Jorge Era\u00f1a","date":"25 junio, 2014","format":false,"excerpt":"Lo m\u00e1s reciente de Brad Pitt es Fury y aqu\u00ed tiene su tr\u00e1iler reci\u00e9n salidito [embedvideo id=\"q94n3eWOWXM\" website=\"youtube\"] No hay nada que me guste m\u00e1s que las pel\u00edculas de guerra, definitivamente mi amor comenz\u00f3 cuando descubr\u00ed Pelot\u00f3n, una movie que ayud\u00f3 a que mi afici\u00f3n por este tipo de producciones\u2026","rel":"","context":"Entrada similar ","block_context":{"text":"Entrada similar ","link":""},"img":{"alt_text":"tr\u00e1iler fury","src":"https:\/\/i0.wp.com\/kalot.com.mx\/site\/wp-content\/uploads\/2014\/06\/Fury-Movie-Set-Picture-1.jpg?fit=1024%2C769&ssl=1&resize=350%2C200","width":350,"height":200,"srcset":"https:\/\/i0.wp.com\/kalot.com.mx\/site\/wp-content\/uploads\/2014\/06\/Fury-Movie-Set-Picture-1.jpg?fit=1024%2C769&ssl=1&resize=350%2C200 1x, https:\/\/i0.wp.com\/kalot.com.mx\/site\/wp-content\/uploads\/2014\/06\/Fury-Movie-Set-Picture-1.jpg?fit=1024%2C769&ssl=1&resize=525%2C300 1.5x, https:\/\/i0.wp.com\/kalot.com.mx\/site\/wp-content\/uploads\/2014\/06\/Fury-Movie-Set-Picture-1.jpg?fit=1024%2C769&ssl=1&resize=700%2C400 2x"},"classes":[]},{"id":13849,"url":"https:\/\/kalot.com.mx\/site\/2014\/03\/24\/trailer-x-men-days-future-past\/","url_meta":{"origin":16657,"position":3},"title":"Trailer Final de X-Men: Days of Future Past","author":"Jorge Era\u00f1a","date":"24 marzo, 2014","format":false,"excerpt":"Se estren\u00f3 el trailer definitivo de X-Men: Days of Future Past que realmente pinta muy bueno y nos deja cada vez m\u00e1s emocionados para el estreno de esta secuela programada para el mes de mayo del presente a\u00f1o. Como se puede ver en el trailer hay una inclinaci\u00f3n hacia algunos\u2026","rel":"","context":"En &quot;Sin categor\u00eda&quot;","block_context":{"text":"Sin categor\u00eda","link":"https:\/\/kalot.com.mx\/site\/category\/sin-categoria\/"},"img":{"alt_text":"","src":"https:\/\/i0.wp.com\/kalot.com.mx\/site\/wp-content\/uploads\/2014\/03\/1966789_651731911560495_2089039627_n.jpg?fit=486%2C720&ssl=1&resize=350%2C200","width":350,"height":200},"classes":[]},{"id":24515,"url":"https:\/\/kalot.com.mx\/site\/2015\/12\/11\/primer-trailer-oficial-de-xmen-apocalypse\/","url_meta":{"origin":16657,"position":4},"title":"Primer tr\u00e1iler oficial de XMEN APOCALYPSE","author":"HM_MKT007","date":"11 diciembre, 2015","format":false,"excerpt":"El cierre de a\u00f1o esta resultando espectacular, y solo nos deja con muchas ansias de estar ya en el 2016, porque cada vez mejores pel\u00edculas se acercan, y uno de ellos es sin duda esta, el cierre de la trilog\u00eda de XMEN empezada en FIRST CLASS, y por lo que\u2026","rel":"","context":"En &quot;Cine&quot;","block_context":{"text":"Cine","link":"https:\/\/kalot.com.mx\/site\/category\/cine\/"},"img":{"alt_text":"","src":"https:\/\/i0.wp.com\/kalot.com.mx\/site\/wp-content\/uploads\/2015\/12\/ew-cover-1373-xmen_612x380-1.jpg?fit=640%2C397&ssl=1&resize=350%2C200","width":350,"height":200,"srcset":"https:\/\/i0.wp.com\/kalot.com.mx\/site\/wp-content\/uploads\/2015\/12\/ew-cover-1373-xmen_612x380-1.jpg?fit=640%2C397&ssl=1&resize=350%2C200 1x, https:\/\/i0.wp.com\/kalot.com.mx\/site\/wp-content\/uploads\/2015\/12\/ew-cover-1373-xmen_612x380-1.jpg?fit=640%2C397&ssl=1&resize=525%2C300 1.5x"},"classes":[]},{"id":24506,"url":"https:\/\/kalot.com.mx\/site\/2015\/12\/10\/trailers-de-las-peliculas-mas-esperadas-para-2016\/","url_meta":{"origin":16657,"position":5},"title":"Tr\u00e1ilers de las pel\u00edculas m\u00e1s esperadas para 2016","author":"HM_MKT007","date":"10 diciembre, 2015","format":false,"excerpt":"Ahhh que bonito es iniciar un a\u00f1o con tan buenas expectativas, m\u00e1s cuanto tienes una lista tan amplia eh interesante de pel\u00edculas por ver, m\u00e1s cuando son tan emocionantes, \u00e9picos, divertidos, y cuanto se les ocurra, sin dudas, nos dejan con la emoci\u00f3n en lo m\u00e1s alto, y con ganas\u2026","rel":"","context":"En &quot;Cine&quot;","block_context":{"text":"Cine","link":"https:\/\/kalot.com.mx\/site\/category\/cine\/"},"img":{"alt_text":"","src":"https:\/\/i0.wp.com\/kalot.com.mx\/site\/wp-content\/uploads\/2015\/12\/cine.jpg?fit=618%2C336&ssl=1&resize=350%2C200","width":350,"height":200,"srcset":"https:\/\/i0.wp.com\/kalot.com.mx\/site\/wp-content\/uploads\/2015\/12\/cine.jpg?fit=618%2C336&ssl=1&resize=350%2C200 1x, https:\/\/i0.wp.com\/kalot.com.mx\/site\/wp-content\/uploads\/2015\/12\/cine.jpg?fit=618%2C336&ssl=1&resize=525%2C300 1.5x"},"classes":[]}],"jetpack_sharing_enabled":true,"_links":{"self":[{"href":"https:\/\/kalot.com.mx\/site\/wp-json\/wp\/v2\/posts\/16657","targetHints":{"allow":["GET"]}}],"collection":[{"href":"https:\/\/kalot.com.mx\/site\/wp-json\/wp\/v2\/posts"}],"about":[{"href":"https:\/\/kalot.com.mx\/site\/wp-json\/wp\/v2\/types\/post"}],"author":[{"embeddable":true,"href":"https:\/\/kalot.com.mx\/site\/wp-json\/wp\/v2\/users\/1"}],"replies":[{"embeddable":true,"href":"https:\/\/kalot.com.mx\/site\/wp-json\/wp\/v2\/comments?post=16657"}],"version-history":[{"count":0,"href":"https:\/\/kalot.com.mx\/site\/wp-json\/wp\/v2\/posts\/16657\/revisions"}],"wp:featuredmedia":[{"embeddable":true,"href":"https:\/\/kalot.com.mx\/site\/wp-json\/wp\/v2\/media\/16658"}],"wp:attachment":[{"href":"https:\/\/kalot.com.mx\/site\/wp-json\/wp\/v2\/media?parent=16657"}],"wp:term":[{"taxonomy":"category","embeddable":true,"href":"https:\/\/kalot.com.mx\/site\/wp-json\/wp\/v2\/categories?post=16657"},{"taxonomy":"post_tag","embeddable":true,"href":"https:\/\/kalot.com.mx\/site\/wp-json\/wp\/v2\/tags?post=16657"}],"curies":[{"name":"wp","href":"https:\/\/api.w.org\/{rel}","templated":true}]}}