{"id":16585,"date":"2014-06-02T17:25:56","date_gmt":"2014-06-02T22:25:56","guid":{"rendered":"http:\/\/www.kalot.com.mx\/?p=16585"},"modified":"2014-06-02T17:27:44","modified_gmt":"2014-06-02T22:27:44","slug":"novedades-de-la-keynote-apple-wwdc14","status":"publish","type":"post","link":"https:\/\/kalot.com.mx\/site\/2014\/06\/02\/novedades-de-la-keynote-apple-wwdc14\/","title":{"rendered":"Novedades de la Keynote Apple #WWDC14"},"content":{"rendered":"<p style=\"text-align: justify\">Hoy fue el gran d\u00eda para Apple \u00a0ya que arranco la WWDC \u00a0la keynote inaugural al frente de Tim Cook, que sin dudas hoy fue un d\u00eda de sorpresas para todos.<\/p>\n<p style=\"text-align: justify\">Empezamos con la presencia de Tim cook que comenz\u00f3 hablando de lo importante que es la WWDC para los desarrolladores y de su incre\u00edble evoluci\u00f3n, mencionando que el mas joven de los desarrolladores tiene tan solo 13 a\u00f1os de edad y de la presencia de todos sus desarrolladores de 69 pa\u00edses diferentes.<\/p>\n<p style=\"text-align: center\"><a href=\"https:\/\/i0.wp.com\/www.kalot.com.mx\/wp-content\/uploads\/2014\/06\/Tim-Cook-WWDC14.png\"><img data-recalc-dims=\"1\" fetchpriority=\"high\" decoding=\"async\" data-attachment-id=\"16586\" data-permalink=\"https:\/\/kalot.com.mx\/site\/2014\/06\/02\/novedades-de-la-keynote-apple-wwdc14\/tim-cook-wwdc14\/\" data-orig-file=\"https:\/\/i0.wp.com\/kalot.com.mx\/site\/wp-content\/uploads\/2014\/06\/Tim-Cook-WWDC14.png?fit=638%2C284&amp;ssl=1\" data-orig-size=\"638,284\" data-comments-opened=\"1\" data-image-meta=\"{&quot;aperture&quot;:&quot;0&quot;,&quot;credit&quot;:&quot;&quot;,&quot;camera&quot;:&quot;&quot;,&quot;caption&quot;:&quot;&quot;,&quot;created_timestamp&quot;:&quot;0&quot;,&quot;copyright&quot;:&quot;&quot;,&quot;focal_length&quot;:&quot;0&quot;,&quot;iso&quot;:&quot;0&quot;,&quot;shutter_speed&quot;:&quot;0&quot;,&quot;title&quot;:&quot;&quot;,&quot;orientation&quot;:&quot;0&quot;}\" data-image-title=\"Tim-Cook-WWDC14\" data-image-description=\"\" data-image-caption=\"\" data-large-file=\"https:\/\/i0.wp.com\/kalot.com.mx\/site\/wp-content\/uploads\/2014\/06\/Tim-Cook-WWDC14.png?fit=638%2C284&amp;ssl=1\" class=\"alignnone size-full wp-image-16586\" src=\"https:\/\/i0.wp.com\/www.kalot.com.mx\/wp-content\/uploads\/2014\/06\/Tim-Cook-WWDC14.png?resize=638%2C284\" alt=\"Tim-Cook-WWDC14\" width=\"638\" height=\"284\" srcset=\"https:\/\/i0.wp.com\/kalot.com.mx\/site\/wp-content\/uploads\/2014\/06\/Tim-Cook-WWDC14.png?w=638&amp;ssl=1 638w, https:\/\/i0.wp.com\/kalot.com.mx\/site\/wp-content\/uploads\/2014\/06\/Tim-Cook-WWDC14.png?resize=380%2C169&amp;ssl=1 380w, https:\/\/i0.wp.com\/kalot.com.mx\/site\/wp-content\/uploads\/2014\/06\/Tim-Cook-WWDC14.png?resize=300%2C134&amp;ssl=1 300w\" sizes=\"(max-width: 638px) 100vw, 638px\" \/><\/a><\/p>\n<h2 id=\"y-asi-fue-como-se-fue-presentando-os-x\">Y as\u00ed fue como se fue presentando <span style=\"color: #0000ff\">OS X<\/span><\/h2>\n<p style=\"text-align: justify\"><strong>OS X Yosemite, es el nuevo sistema operativo de escritorio para \u00a0MacBook, iMac, Mac mini y Mac Pro.<\/strong> Con un\u00a0dise\u00f1o mejorado se ha convertido en la principal caracter\u00edstica de esta renovaci\u00f3n de OS X, eliminando toda sombra del skeumorfismo que dejo Steve Jobs y apostando de lleno por un dise\u00f1o m\u00e1s acercado al minimalismo de iOS 7 y 8.<\/p>\n<p><a href=\"https:\/\/i0.wp.com\/www.kalot.com.mx\/wp-content\/uploads\/2014\/06\/OS-X-Yosemite1.jpg\"><img data-recalc-dims=\"1\" decoding=\"async\" data-attachment-id=\"16587\" data-permalink=\"https:\/\/kalot.com.mx\/site\/2014\/06\/02\/novedades-de-la-keynote-apple-wwdc14\/os-x-yosemite1\/\" data-orig-file=\"https:\/\/i0.wp.com\/kalot.com.mx\/site\/wp-content\/uploads\/2014\/06\/OS-X-Yosemite1.jpg?fit=800%2C524&amp;ssl=1\" data-orig-size=\"800,524\" data-comments-opened=\"1\" data-image-meta=\"{&quot;aperture&quot;:&quot;0&quot;,&quot;credit&quot;:&quot;&quot;,&quot;camera&quot;:&quot;&quot;,&quot;caption&quot;:&quot;&quot;,&quot;created_timestamp&quot;:&quot;0&quot;,&quot;copyright&quot;:&quot;&quot;,&quot;focal_length&quot;:&quot;0&quot;,&quot;iso&quot;:&quot;0&quot;,&quot;shutter_speed&quot;:&quot;0&quot;,&quot;title&quot;:&quot;&quot;,&quot;orientation&quot;:&quot;1&quot;}\" data-image-title=\"OS-X-Yosemite1\" data-image-description=\"\" data-image-caption=\"\" data-large-file=\"https:\/\/i0.wp.com\/kalot.com.mx\/site\/wp-content\/uploads\/2014\/06\/OS-X-Yosemite1.jpg?fit=800%2C524&amp;ssl=1\" class=\"alignnone size-full wp-image-16587\" src=\"https:\/\/i0.wp.com\/www.kalot.com.mx\/wp-content\/uploads\/2014\/06\/OS-X-Yosemite1.jpg?resize=800%2C524\" alt=\"OS-X-Yosemite1\" width=\"800\" height=\"524\" srcset=\"https:\/\/i0.wp.com\/kalot.com.mx\/site\/wp-content\/uploads\/2014\/06\/OS-X-Yosemite1.jpg?w=800&amp;ssl=1 800w, https:\/\/i0.wp.com\/kalot.com.mx\/site\/wp-content\/uploads\/2014\/06\/OS-X-Yosemite1.jpg?resize=768%2C503&amp;ssl=1 768w, https:\/\/i0.wp.com\/kalot.com.mx\/site\/wp-content\/uploads\/2014\/06\/OS-X-Yosemite1.jpg?resize=380%2C249&amp;ssl=1 380w, https:\/\/i0.wp.com\/kalot.com.mx\/site\/wp-content\/uploads\/2014\/06\/OS-X-Yosemite1.jpg?resize=300%2C197&amp;ssl=1 300w\" sizes=\"(max-width: 800px) 100vw, 800px\" \/><\/a><\/p>\n<p><span style=\"color: #0000ff\"><strong>Ademas de novedades que se desarrollaran en<span style=\"text-decoration: underline\"> la siguiente galer\u00eda<\/span> a continuaci\u00f3n:\u00a0<\/strong><\/span><\/p>\n<div class=\"tiled-gallery type-rectangular tiled-gallery-unresized\" data-original-width=\"1200\" data-carousel-extra='{&quot;blog_id&quot;:1,&quot;permalink&quot;:&quot;https:\\\/\\\/kalot.com.mx\\\/site\\\/2014\\\/06\\\/02\\\/novedades-de-la-keynote-apple-wwdc14\\\/&quot;,&quot;likes_blog_id&quot;:99312264}' itemscope itemtype=\"http:\/\/schema.org\/ImageGallery\" > <div class=\"gallery-row\" style=\"width: 1200px; height: 526px;\" data-original-width=\"1200\" data-original-height=\"526\" > <div class=\"gallery-group images-1\" style=\"width: 788px; height: 526px;\" data-original-width=\"788\" data-original-height=\"526\" > <div class=\"tiled-gallery-item tiled-gallery-item-large\" itemprop=\"associatedMedia\" itemscope itemtype=\"http:\/\/schema.org\/ImageObject\"> <a href=\"https:\/\/kalot.com.mx\/site\/2014\/06\/02\/novedades-de-la-keynote-apple-wwdc14\/icloud-drive\/\" border=\"0\" itemprop=\"url\"> <meta itemprop=\"width\" content=\"784\"> <meta itemprop=\"height\" content=\"522\"> <img loading=\"lazy\" decoding=\"async\" class=\"\" data-attachment-id=\"16588\" data-orig-file=\"https:\/\/kalot.com.mx\/site\/wp-content\/uploads\/2014\/06\/iCloud-Drive.jpg\" data-orig-size=\"1024,682\" data-comments-opened=\"1\" data-image-meta=\"{&quot;aperture&quot;:&quot;0&quot;,&quot;credit&quot;:&quot;&quot;,&quot;camera&quot;:&quot;&quot;,&quot;caption&quot;:&quot;&quot;,&quot;created_timestamp&quot;:&quot;0&quot;,&quot;copyright&quot;:&quot;&quot;,&quot;focal_length&quot;:&quot;0&quot;,&quot;iso&quot;:&quot;0&quot;,&quot;shutter_speed&quot;:&quot;0&quot;,&quot;title&quot;:&quot;&quot;,&quot;orientation&quot;:&quot;0&quot;}\" data-image-title=\"iCloud-Drive\" data-image-description=\"\" data-medium-file=\"https:\/\/i0.wp.com\/kalot.com.mx\/site\/wp-content\/uploads\/2014\/06\/iCloud-Drive.jpg?fit=300%2C200&#038;ssl=1\" data-large-file=\"https:\/\/i0.wp.com\/kalot.com.mx\/site\/wp-content\/uploads\/2014\/06\/iCloud-Drive.jpg?fit=1024%2C682&#038;ssl=1\" src=\"https:\/\/i0.wp.com\/kalot.com.mx\/site\/wp-content\/uploads\/2014\/06\/iCloud-Drive.jpg?w=784&#038;h=522&#038;ssl=1\" srcset=\"https:\/\/i0.wp.com\/kalot.com.mx\/site\/wp-content\/uploads\/2014\/06\/iCloud-Drive.jpg?w=1024&amp;ssl=1 1024w, https:\/\/i0.wp.com\/kalot.com.mx\/site\/wp-content\/uploads\/2014\/06\/iCloud-Drive.jpg?resize=768%2C512&amp;ssl=1 768w, https:\/\/i0.wp.com\/kalot.com.mx\/site\/wp-content\/uploads\/2014\/06\/iCloud-Drive.jpg?resize=380%2C253&amp;ssl=1 380w, https:\/\/i0.wp.com\/kalot.com.mx\/site\/wp-content\/uploads\/2014\/06\/iCloud-Drive.jpg?resize=800%2C533&amp;ssl=1 800w, https:\/\/i0.wp.com\/kalot.com.mx\/site\/wp-content\/uploads\/2014\/06\/iCloud-Drive.jpg?resize=300%2C200&amp;ssl=1 300w, https:\/\/i0.wp.com\/kalot.com.mx\/site\/wp-content\/uploads\/2014\/06\/iCloud-Drive.jpg?resize=810%2C539&amp;ssl=1 810w\" width=\"784\" height=\"522\" loading=\"lazy\" data-original-width=\"784\" data-original-height=\"522\" itemprop=\"http:\/\/schema.org\/image\" title=\"iCloud-Drive\" alt=\"Cada aplicaci\u00f3n que utilices con iCloud Drive tendr\u00e1 su propia carpeta dentro de la interfaz a la cual podr\u00e1s acceder a trav\u00e9s de Finder y los archivos se sincronizar\u00e1n entre OS X, iOS e incluso Windows.\" style=\"width: 784px; height: 522px;\" \/> <\/a> <div class=\"tiled-gallery-caption\" itemprop=\"caption description\"> Cada aplicaci\u00f3n que utilices con iCloud Drive tendr\u00e1 su propia carpeta dentro de la interfaz a la cual podr\u00e1s acceder a trav\u00e9s de Finder y los archivos se sincronizar\u00e1n entre OS X, iOS e incluso Windows. <\/div> <\/div> <\/div> <!-- close group --> <div class=\"gallery-group images-2\" style=\"width: 412px; height: 526px;\" data-original-width=\"412\" data-original-height=\"526\" > <div class=\"tiled-gallery-item tiled-gallery-item-large\" itemprop=\"associatedMedia\" itemscope itemtype=\"http:\/\/schema.org\/ImageObject\"> <a href=\"https:\/\/kalot.com.mx\/site\/2014\/06\/02\/novedades-de-la-keynote-apple-wwdc14\/10345997_685466494853703_7781673102910770844_n\/\" border=\"0\" itemprop=\"url\"> <meta itemprop=\"width\" content=\"408\"> <meta itemprop=\"height\" content=\"271\"> <img loading=\"lazy\" decoding=\"async\" class=\"\" data-attachment-id=\"16590\" data-orig-file=\"https:\/\/kalot.com.mx\/site\/wp-content\/uploads\/2014\/06\/10345997_685466494853703_7781673102910770844_n.jpg\" data-orig-size=\"599,399\" data-comments-opened=\"1\" data-image-meta=\"{&quot;aperture&quot;:&quot;0&quot;,&quot;credit&quot;:&quot;&quot;,&quot;camera&quot;:&quot;&quot;,&quot;caption&quot;:&quot;&quot;,&quot;created_timestamp&quot;:&quot;0&quot;,&quot;copyright&quot;:&quot;&quot;,&quot;focal_length&quot;:&quot;0&quot;,&quot;iso&quot;:&quot;0&quot;,&quot;shutter_speed&quot;:&quot;0&quot;,&quot;title&quot;:&quot;&quot;,&quot;orientation&quot;:&quot;0&quot;}\" data-image-title=\"MailDrop\" data-image-description=\"\" data-medium-file=\"https:\/\/i0.wp.com\/kalot.com.mx\/site\/wp-content\/uploads\/2014\/06\/10345997_685466494853703_7781673102910770844_n.jpg?fit=300%2C200&#038;ssl=1\" data-large-file=\"https:\/\/i0.wp.com\/kalot.com.mx\/site\/wp-content\/uploads\/2014\/06\/10345997_685466494853703_7781673102910770844_n.jpg?fit=599%2C399&#038;ssl=1\" src=\"https:\/\/i0.wp.com\/kalot.com.mx\/site\/wp-content\/uploads\/2014\/06\/10345997_685466494853703_7781673102910770844_n.jpg?w=408&#038;h=271&#038;ssl=1\" srcset=\"https:\/\/i0.wp.com\/kalot.com.mx\/site\/wp-content\/uploads\/2014\/06\/10345997_685466494853703_7781673102910770844_n.jpg?w=599&amp;ssl=1 599w, https:\/\/i0.wp.com\/kalot.com.mx\/site\/wp-content\/uploads\/2014\/06\/10345997_685466494853703_7781673102910770844_n.jpg?resize=380%2C253&amp;ssl=1 380w, https:\/\/i0.wp.com\/kalot.com.mx\/site\/wp-content\/uploads\/2014\/06\/10345997_685466494853703_7781673102910770844_n.jpg?resize=300%2C200&amp;ssl=1 300w\" width=\"408\" height=\"271\" loading=\"lazy\" data-original-width=\"408\" data-original-height=\"271\" itemprop=\"http:\/\/schema.org\/image\" title=\"MailDrop\" alt=\"Con MailDrop los archivos de mayor peso pueden enviarse a trav\u00e9s de iCloud.\" style=\"width: 408px; height: 271px;\" \/> <\/a> <div class=\"tiled-gallery-caption\" itemprop=\"caption description\"> Con MailDrop los archivos de mayor peso pueden enviarse a trav\u00e9s de iCloud. <\/div> <\/div> <div class=\"tiled-gallery-item tiled-gallery-item-large\" itemprop=\"associatedMedia\" itemscope itemtype=\"http:\/\/schema.org\/ImageObject\"> <a href=\"https:\/\/kalot.com.mx\/site\/2014\/06\/02\/novedades-de-la-keynote-apple-wwdc14\/safari-wwdc14\/\" border=\"0\" itemprop=\"url\"> <meta itemprop=\"width\" content=\"408\"> <meta itemprop=\"height\" content=\"247\"> <img loading=\"lazy\" decoding=\"async\" class=\"\" data-attachment-id=\"16589\" data-orig-file=\"https:\/\/kalot.com.mx\/site\/wp-content\/uploads\/2014\/06\/Safari-WWDC14.jpg\" data-orig-size=\"467,283\" data-comments-opened=\"1\" data-image-meta=\"{&quot;aperture&quot;:&quot;0&quot;,&quot;credit&quot;:&quot;&quot;,&quot;camera&quot;:&quot;&quot;,&quot;caption&quot;:&quot;&quot;,&quot;created_timestamp&quot;:&quot;0&quot;,&quot;copyright&quot;:&quot;&quot;,&quot;focal_length&quot;:&quot;0&quot;,&quot;iso&quot;:&quot;0&quot;,&quot;shutter_speed&quot;:&quot;0&quot;,&quot;title&quot;:&quot;&quot;,&quot;orientation&quot;:&quot;1&quot;}\" data-image-title=\"Safari para OS X Yosemite\" data-image-description=\"\" data-medium-file=\"https:\/\/i0.wp.com\/kalot.com.mx\/site\/wp-content\/uploads\/2014\/06\/Safari-WWDC14.jpg?fit=300%2C182&#038;ssl=1\" data-large-file=\"https:\/\/i0.wp.com\/kalot.com.mx\/site\/wp-content\/uploads\/2014\/06\/Safari-WWDC14.jpg?fit=467%2C283&#038;ssl=1\" src=\"https:\/\/i0.wp.com\/kalot.com.mx\/site\/wp-content\/uploads\/2014\/06\/Safari-WWDC14.jpg?w=408&#038;h=247&#038;ssl=1\" srcset=\"https:\/\/i0.wp.com\/kalot.com.mx\/site\/wp-content\/uploads\/2014\/06\/Safari-WWDC14.jpg?w=467&amp;ssl=1 467w, https:\/\/i0.wp.com\/kalot.com.mx\/site\/wp-content\/uploads\/2014\/06\/Safari-WWDC14.jpg?resize=380%2C230&amp;ssl=1 380w, https:\/\/i0.wp.com\/kalot.com.mx\/site\/wp-content\/uploads\/2014\/06\/Safari-WWDC14.jpg?resize=300%2C182&amp;ssl=1 300w\" width=\"408\" height=\"247\" loading=\"lazy\" data-original-width=\"408\" data-original-height=\"247\" itemprop=\"http:\/\/schema.org\/image\" title=\"Safari para OS X Yosemite\" alt=\"Ya no necesitaremos la barra de favoritos pues en la barra de direcciones los encontramos r\u00e1pidamente. Adem\u00e1s, podemos suscribirnos a feeds RSS a trav\u00e9s de la lista de enlaces compartidos de Safari.\" style=\"width: 408px; height: 247px;\" \/> <\/a> <div class=\"tiled-gallery-caption\" itemprop=\"caption description\"> Ya no necesitaremos la barra de favoritos pues en la barra de direcciones los encontramos r\u00e1pidamente. Adem\u00e1s, podemos suscribirnos a feeds RSS a trav\u00e9s de la lista de enlaces compartidos de Safari. <\/div> <\/div> <\/div> <!-- close group --> <\/div> <!-- close row --> <div class=\"gallery-row\" style=\"width: 1200px; height: 539px;\" data-original-width=\"1200\" data-original-height=\"539\" > <div class=\"gallery-group images-1\" style=\"width: 1200px; height: 539px;\" data-original-width=\"1200\" data-original-height=\"539\" > <div class=\"tiled-gallery-item tiled-gallery-item-large\" itemprop=\"associatedMedia\" itemscope itemtype=\"http:\/\/schema.org\/ImageObject\"> <a href=\"https:\/\/kalot.com.mx\/site\/2014\/06\/02\/novedades-de-la-keynote-apple-wwdc14\/sms-en-os-x-1\/\" border=\"0\" itemprop=\"url\"> <meta itemprop=\"width\" content=\"1196\"> <meta itemprop=\"height\" content=\"535\"> <img loading=\"lazy\" decoding=\"async\" class=\"\" data-attachment-id=\"16591\" data-orig-file=\"https:\/\/kalot.com.mx\/site\/wp-content\/uploads\/2014\/06\/SMS-en-OS-X-1.jpg\" data-orig-size=\"631,282\" data-comments-opened=\"1\" data-image-meta=\"{&quot;aperture&quot;:&quot;0&quot;,&quot;credit&quot;:&quot;&quot;,&quot;camera&quot;:&quot;&quot;,&quot;caption&quot;:&quot;&quot;,&quot;created_timestamp&quot;:&quot;0&quot;,&quot;copyright&quot;:&quot;&quot;,&quot;focal_length&quot;:&quot;0&quot;,&quot;iso&quot;:&quot;0&quot;,&quot;shutter_speed&quot;:&quot;0&quot;,&quot;title&quot;:&quot;&quot;,&quot;orientation&quot;:&quot;1&quot;}\" data-image-title=\"iPhobe &amp;amp; Mac \" data-image-description=\"\" data-medium-file=\"https:\/\/i0.wp.com\/kalot.com.mx\/site\/wp-content\/uploads\/2014\/06\/SMS-en-OS-X-1.jpg?fit=300%2C134&#038;ssl=1\" data-large-file=\"https:\/\/i0.wp.com\/kalot.com.mx\/site\/wp-content\/uploads\/2014\/06\/SMS-en-OS-X-1.jpg?fit=631%2C282&#038;ssl=1\" src=\"https:\/\/i0.wp.com\/kalot.com.mx\/site\/wp-content\/uploads\/2014\/06\/SMS-en-OS-X-1.jpg?w=1196&#038;h=535&#038;ssl=1\" srcset=\"https:\/\/i0.wp.com\/kalot.com.mx\/site\/wp-content\/uploads\/2014\/06\/SMS-en-OS-X-1.jpg?w=631&amp;ssl=1 631w, https:\/\/i0.wp.com\/kalot.com.mx\/site\/wp-content\/uploads\/2014\/06\/SMS-en-OS-X-1.jpg?resize=380%2C170&amp;ssl=1 380w, https:\/\/i0.wp.com\/kalot.com.mx\/site\/wp-content\/uploads\/2014\/06\/SMS-en-OS-X-1.jpg?resize=300%2C134&amp;ssl=1 300w\" width=\"1196\" height=\"535\" loading=\"lazy\" data-original-width=\"1196\" data-original-height=\"535\" itemprop=\"http:\/\/schema.org\/image\" title=\"iPhobe &amp; Mac \" alt=\"Podremos comenzar a escribir un mensaje en Mail de iOS y acabarlo en OS x adem\u00e1s, ahora OS X es capaz de detectar autom\u00e1ticamente el iPhone para configurarlo. SMS y llamadas tambi\u00e9n llegan a OS X Yosemite, ya no tendremos que coger el iPhone si estamos frente a nuestro Mac.\" style=\"width: 1196px; height: 535px;\" \/> <\/a> <div class=\"tiled-gallery-caption\" itemprop=\"caption description\"> Podremos comenzar a escribir un mensaje en Mail de iOS y acabarlo en OS x adem\u00e1s, ahora OS X es capaz de detectar autom\u00e1ticamente el iPhone para configurarlo. SMS y llamadas tambi\u00e9n llegan a OS X Yosemite, ya no tendremos que coger el iPhone si estamos frente a nuestro Mac. <\/div> <\/div> <\/div> <!-- close group --> <\/div> <!-- close row --> <\/div>\n<h1 id=\"y-como-era-de-esperarse-apple-presenta-oficialmente-ios-8\">Y como era de esperarse <span style=\"color: #0000ff\">Apple presenta oficialmente iOS 8<\/span><\/h1>\n<p><a href=\"https:\/\/i0.wp.com\/www.kalot.com.mx\/wp-content\/uploads\/2014\/06\/10295691_685470958186590_2935498292001354715_n.jpg\"><img data-recalc-dims=\"1\" decoding=\"async\" data-attachment-id=\"16592\" data-permalink=\"https:\/\/kalot.com.mx\/site\/2014\/06\/02\/novedades-de-la-keynote-apple-wwdc14\/10295691_685470958186590_2935498292001354715_n\/\" data-orig-file=\"https:\/\/i0.wp.com\/kalot.com.mx\/site\/wp-content\/uploads\/2014\/06\/10295691_685470958186590_2935498292001354715_n.jpg?fit=599%2C337&amp;ssl=1\" data-orig-size=\"599,337\" data-comments-opened=\"1\" data-image-meta=\"{&quot;aperture&quot;:&quot;0&quot;,&quot;credit&quot;:&quot;&quot;,&quot;camera&quot;:&quot;&quot;,&quot;caption&quot;:&quot;&quot;,&quot;created_timestamp&quot;:&quot;0&quot;,&quot;copyright&quot;:&quot;&quot;,&quot;focal_length&quot;:&quot;0&quot;,&quot;iso&quot;:&quot;0&quot;,&quot;shutter_speed&quot;:&quot;0&quot;,&quot;title&quot;:&quot;&quot;,&quot;orientation&quot;:&quot;0&quot;}\" data-image-title=\"10295691_685470958186590_2935498292001354715_n\" data-image-description=\"\" data-image-caption=\"\" data-large-file=\"https:\/\/i0.wp.com\/kalot.com.mx\/site\/wp-content\/uploads\/2014\/06\/10295691_685470958186590_2935498292001354715_n.jpg?fit=599%2C337&amp;ssl=1\" class=\"size-full wp-image-16592 aligncenter\" src=\"https:\/\/i0.wp.com\/www.kalot.com.mx\/wp-content\/uploads\/2014\/06\/10295691_685470958186590_2935498292001354715_n.jpg?resize=599%2C337\" alt=\"10295691_685470958186590_2935498292001354715_n\" width=\"599\" height=\"337\" srcset=\"https:\/\/i0.wp.com\/kalot.com.mx\/site\/wp-content\/uploads\/2014\/06\/10295691_685470958186590_2935498292001354715_n.jpg?w=599&amp;ssl=1 599w, https:\/\/i0.wp.com\/kalot.com.mx\/site\/wp-content\/uploads\/2014\/06\/10295691_685470958186590_2935498292001354715_n.jpg?resize=380%2C214&amp;ssl=1 380w, https:\/\/i0.wp.com\/kalot.com.mx\/site\/wp-content\/uploads\/2014\/06\/10295691_685470958186590_2935498292001354715_n.jpg?resize=300%2C169&amp;ssl=1 300w\" sizes=\"(max-width: 599px) 100vw, 599px\" \/><\/a><\/p>\n<p style=\"text-align: justify\">Esta sera la nueva versi\u00f3n que tendr\u00e1 el sistema operativo m\u00f3vil de Apple. Que <strong>llega\u00a0para el presente, pero sobre todo para aportar herramientas a los desarrolladores y nuevas funciones a los usuarios.<\/strong> \u00a0Tim Cook antes nos ha dado unos datos que son importantes a considerarse ya que\u00a0500 millones de iPhone han sido vendidos en toda su historia, ya somos 130 millones de nuevos usuarios de Apple este a\u00f1o, con un 87% de adopci\u00f3n de iOS \u00a07.<\/p>\n<p style=\"text-align: justify\"><strong>Tras menciones criticas a la competencia Tim Cook menciona grandes novedades para iOS 8<\/strong>:<\/p>\n<div class=\"tiled-gallery type-rectangular tiled-gallery-unresized\" data-original-width=\"1200\" data-carousel-extra='{&quot;blog_id&quot;:1,&quot;permalink&quot;:&quot;https:\\\/\\\/kalot.com.mx\\\/site\\\/2014\\\/06\\\/02\\\/novedades-de-la-keynote-apple-wwdc14\\\/&quot;,&quot;likes_blog_id&quot;:99312264}' itemscope itemtype=\"http:\/\/schema.org\/ImageGallery\" > <div class=\"gallery-row\" style=\"width: 1200px; height: 236px;\" data-original-width=\"1200\" data-original-height=\"236\" > <div class=\"gallery-group images-1\" style=\"width: 427px; height: 236px;\" data-original-width=\"427\" data-original-height=\"236\" > <div class=\"tiled-gallery-item tiled-gallery-item-large\" itemprop=\"associatedMedia\" itemscope itemtype=\"http:\/\/schema.org\/ImageObject\"> <a href=\"https:\/\/kalot.com.mx\/site\/2014\/06\/02\/novedades-de-la-keynote-apple-wwdc14\/centro-de-notificaciones-ios-8\/\" border=\"0\" itemprop=\"url\"> <meta itemprop=\"width\" content=\"423\"> <meta itemprop=\"height\" content=\"232\"> <img loading=\"lazy\" decoding=\"async\" class=\"\" data-attachment-id=\"16593\" data-orig-file=\"https:\/\/kalot.com.mx\/site\/wp-content\/uploads\/2014\/06\/centro-de-notificaciones-ios-8.jpg\" data-orig-size=\"800,439\" data-comments-opened=\"1\" data-image-meta=\"{&quot;aperture&quot;:&quot;0&quot;,&quot;credit&quot;:&quot;&quot;,&quot;camera&quot;:&quot;&quot;,&quot;caption&quot;:&quot;&quot;,&quot;created_timestamp&quot;:&quot;0&quot;,&quot;copyright&quot;:&quot;&quot;,&quot;focal_length&quot;:&quot;0&quot;,&quot;iso&quot;:&quot;0&quot;,&quot;shutter_speed&quot;:&quot;0&quot;,&quot;title&quot;:&quot;&quot;,&quot;orientation&quot;:&quot;0&quot;}\" data-image-title=\"Centro de Notificaciones \" data-image-description=\"\" data-medium-file=\"https:\/\/i0.wp.com\/kalot.com.mx\/site\/wp-content\/uploads\/2014\/06\/centro-de-notificaciones-ios-8.jpg?fit=300%2C165&#038;ssl=1\" data-large-file=\"https:\/\/i0.wp.com\/kalot.com.mx\/site\/wp-content\/uploads\/2014\/06\/centro-de-notificaciones-ios-8.jpg?fit=800%2C439&#038;ssl=1\" src=\"https:\/\/i0.wp.com\/kalot.com.mx\/site\/wp-content\/uploads\/2014\/06\/centro-de-notificaciones-ios-8.jpg?w=423&#038;h=232&#038;ssl=1\" srcset=\"https:\/\/i0.wp.com\/kalot.com.mx\/site\/wp-content\/uploads\/2014\/06\/centro-de-notificaciones-ios-8.jpg?w=800&amp;ssl=1 800w, https:\/\/i0.wp.com\/kalot.com.mx\/site\/wp-content\/uploads\/2014\/06\/centro-de-notificaciones-ios-8.jpg?resize=768%2C421&amp;ssl=1 768w, https:\/\/i0.wp.com\/kalot.com.mx\/site\/wp-content\/uploads\/2014\/06\/centro-de-notificaciones-ios-8.jpg?resize=380%2C209&amp;ssl=1 380w, https:\/\/i0.wp.com\/kalot.com.mx\/site\/wp-content\/uploads\/2014\/06\/centro-de-notificaciones-ios-8.jpg?resize=300%2C165&amp;ssl=1 300w\" width=\"423\" height=\"232\" loading=\"lazy\" data-original-width=\"423\" data-original-height=\"232\" itemprop=\"http:\/\/schema.org\/image\" title=\"Centro de Notificaciones \" alt=\"Ahora se podr\u00e1 responder notificaciones directamente desde la pantalla de bloqueo en iOS. Con acceso a cualquier aplicacion y contactos recientes en la multitarea, concretamente a\u00f1adiendo una fila de contactos recientes en el borde superior para tener una acceso directo m\u00e1s r\u00e1pido. Esto sin duda una buena novedad para ahorrar tiempo a los usuarios.\" style=\"width: 423px; height: 232px;\" \/> <\/a> <div class=\"tiled-gallery-caption\" itemprop=\"caption description\"> Ahora se podr\u00e1 responder notificaciones directamente desde la pantalla de bloqueo en iOS. Con acceso a cualquier aplicacion y contactos recientes en la multitarea, concretamente a\u00f1adiendo una fila de contactos recientes en el borde superior para tener una acceso directo m\u00e1s r\u00e1pido. Esto sin duda una buena novedad para ahorrar tiempo a los usuarios. <\/div> <\/div> <\/div> <!-- close group --> <div class=\"gallery-group images-1\" style=\"width: 420px; height: 236px;\" data-original-width=\"420\" data-original-height=\"236\" > <div class=\"tiled-gallery-item tiled-gallery-item-large\" itemprop=\"associatedMedia\" itemscope itemtype=\"http:\/\/schema.org\/ImageObject\"> <a href=\"https:\/\/kalot.com.mx\/site\/2014\/06\/02\/novedades-de-la-keynote-apple-wwdc14\/keyboards\/\" border=\"0\" itemprop=\"url\"> <meta itemprop=\"width\" content=\"416\"> <meta itemprop=\"height\" content=\"232\"> <img loading=\"lazy\" decoding=\"async\" class=\"\" data-attachment-id=\"16594\" data-orig-file=\"https:\/\/kalot.com.mx\/site\/wp-content\/uploads\/2014\/06\/Keyboards.jpg\" data-orig-size=\"800,446\" data-comments-opened=\"1\" data-image-meta=\"{&quot;aperture&quot;:&quot;0&quot;,&quot;credit&quot;:&quot;&quot;,&quot;camera&quot;:&quot;&quot;,&quot;caption&quot;:&quot;&quot;,&quot;created_timestamp&quot;:&quot;0&quot;,&quot;copyright&quot;:&quot;&quot;,&quot;focal_length&quot;:&quot;0&quot;,&quot;iso&quot;:&quot;0&quot;,&quot;shutter_speed&quot;:&quot;0&quot;,&quot;title&quot;:&quot;&quot;,&quot;orientation&quot;:&quot;0&quot;}\" data-image-title=\"Quicktype\" data-image-description=\"\" data-medium-file=\"https:\/\/i0.wp.com\/kalot.com.mx\/site\/wp-content\/uploads\/2014\/06\/Keyboards.jpg?fit=300%2C167&#038;ssl=1\" data-large-file=\"https:\/\/i0.wp.com\/kalot.com.mx\/site\/wp-content\/uploads\/2014\/06\/Keyboards.jpg?fit=800%2C446&#038;ssl=1\" src=\"https:\/\/i0.wp.com\/kalot.com.mx\/site\/wp-content\/uploads\/2014\/06\/Keyboards.jpg?w=416&#038;h=232&#038;ssl=1\" srcset=\"https:\/\/i0.wp.com\/kalot.com.mx\/site\/wp-content\/uploads\/2014\/06\/Keyboards.jpg?w=800&amp;ssl=1 800w, https:\/\/i0.wp.com\/kalot.com.mx\/site\/wp-content\/uploads\/2014\/06\/Keyboards.jpg?resize=768%2C428&amp;ssl=1 768w, https:\/\/i0.wp.com\/kalot.com.mx\/site\/wp-content\/uploads\/2014\/06\/Keyboards.jpg?resize=380%2C212&amp;ssl=1 380w, https:\/\/i0.wp.com\/kalot.com.mx\/site\/wp-content\/uploads\/2014\/06\/Keyboards.jpg?resize=300%2C167&amp;ssl=1 300w\" width=\"416\" height=\"232\" loading=\"lazy\" data-original-width=\"416\" data-original-height=\"232\" itemprop=\"http:\/\/schema.org\/image\" title=\"Quicktype\" alt=\"El nuevo teclado de iOS 8 ser\u00e1 estilo Swiftkey,como podemos encontrar ya tanto en el teclado de por defecto de Windows Phone y Android. Apple permitir\u00e1 teclados de desarrolladores independientes.Adem\u00e1s Apple mejora su b\u00fasqueda con Spotlight,que permite buscar desde la barra de b\u00fasqueda del centro de notificaciones cualquier cosa, ya sea una aplicaci\u00f3n, canci\u00f3n, o sencillamente una palabra que no sepamos qu\u00e9 es.\" style=\"width: 416px; height: 232px;\" \/> <\/a> <div class=\"tiled-gallery-caption\" itemprop=\"caption description\"> El nuevo teclado de iOS 8 ser\u00e1 estilo Swiftkey,como podemos encontrar ya tanto en el teclado de por defecto de Windows Phone y Android. Apple permitir\u00e1 teclados de desarrolladores independientes.Adem\u00e1s Apple mejora su b\u00fasqueda con Spotlight,que permite buscar desde la barra de b\u00fasqueda del centro de notificaciones cualquier cosa, ya sea una aplicaci\u00f3n, canci\u00f3n, o sencillamente una palabra que no sepamos qu\u00e9 es. <\/div> <\/div> <\/div> <!-- close group --> <div class=\"gallery-group images-1\" style=\"width: 353px; height: 236px;\" data-original-width=\"353\" data-original-height=\"236\" > <div class=\"tiled-gallery-item tiled-gallery-item-large\" itemprop=\"associatedMedia\" itemscope itemtype=\"http:\/\/schema.org\/ImageObject\"> <a href=\"https:\/\/kalot.com.mx\/site\/2014\/06\/02\/novedades-de-la-keynote-apple-wwdc14\/10352404_685477488185937_5956305859506227494_n\/\" border=\"0\" itemprop=\"url\"> <meta itemprop=\"width\" content=\"349\"> <meta itemprop=\"height\" content=\"232\"> <img loading=\"lazy\" decoding=\"async\" class=\"\" data-attachment-id=\"16597\" data-orig-file=\"https:\/\/kalot.com.mx\/site\/wp-content\/uploads\/2014\/06\/10352404_685477488185937_5956305859506227494_n.jpg\" data-orig-size=\"599,399\" data-comments-opened=\"1\" data-image-meta=\"{&quot;aperture&quot;:&quot;0&quot;,&quot;credit&quot;:&quot;&quot;,&quot;camera&quot;:&quot;&quot;,&quot;caption&quot;:&quot;&quot;,&quot;created_timestamp&quot;:&quot;0&quot;,&quot;copyright&quot;:&quot;&quot;,&quot;focal_length&quot;:&quot;0&quot;,&quot;iso&quot;:&quot;0&quot;,&quot;shutter_speed&quot;:&quot;0&quot;,&quot;title&quot;:&quot;&quot;,&quot;orientation&quot;:&quot;0&quot;}\" data-image-title=\"iClud Drive iOS 8\" data-image-description=\"\" data-medium-file=\"https:\/\/i0.wp.com\/kalot.com.mx\/site\/wp-content\/uploads\/2014\/06\/10352404_685477488185937_5956305859506227494_n.jpg?fit=300%2C200&#038;ssl=1\" data-large-file=\"https:\/\/i0.wp.com\/kalot.com.mx\/site\/wp-content\/uploads\/2014\/06\/10352404_685477488185937_5956305859506227494_n.jpg?fit=599%2C399&#038;ssl=1\" src=\"https:\/\/i0.wp.com\/kalot.com.mx\/site\/wp-content\/uploads\/2014\/06\/10352404_685477488185937_5956305859506227494_n.jpg?w=349&#038;h=232&#038;ssl=1\" srcset=\"https:\/\/i0.wp.com\/kalot.com.mx\/site\/wp-content\/uploads\/2014\/06\/10352404_685477488185937_5956305859506227494_n.jpg?w=599&amp;ssl=1 599w, https:\/\/i0.wp.com\/kalot.com.mx\/site\/wp-content\/uploads\/2014\/06\/10352404_685477488185937_5956305859506227494_n.jpg?resize=380%2C253&amp;ssl=1 380w, https:\/\/i0.wp.com\/kalot.com.mx\/site\/wp-content\/uploads\/2014\/06\/10352404_685477488185937_5956305859506227494_n.jpg?resize=300%2C200&amp;ssl=1 300w\" width=\"349\" height=\"232\" loading=\"lazy\" data-original-width=\"349\" data-original-height=\"232\" itemprop=\"http:\/\/schema.org\/image\" title=\"iClud Drive iOS 8\" alt=\"Contara con un nuevo menu de panel contextual flotante para sus aplicaciones donde Podremos abrir documentos desde varias aplicaciones si \u00e9stas guardan sus archivos en iCloud.\" style=\"width: 349px; height: 232px;\" \/> <\/a> <div class=\"tiled-gallery-caption\" itemprop=\"caption description\"> Contara con un nuevo menu de panel contextual flotante para sus aplicaciones donde Podremos abrir documentos desde varias aplicaciones si \u00e9stas guardan sus archivos en iCloud. <\/div> <\/div> <\/div> <!-- close group --> <\/div> <!-- close row --> <div class=\"gallery-row\" style=\"width: 1200px; height: 451px;\" data-original-width=\"1200\" data-original-height=\"451\" > <div class=\"gallery-group images-1\" style=\"width: 1200px; height: 451px;\" data-original-width=\"1200\" data-original-height=\"451\" > <div class=\"tiled-gallery-item tiled-gallery-item-large\" itemprop=\"associatedMedia\" itemscope itemtype=\"http:\/\/schema.org\/ImageObject\"> <a href=\"https:\/\/kalot.com.mx\/site\/2014\/06\/02\/novedades-de-la-keynote-apple-wwdc14\/healthkit\/\" border=\"0\" itemprop=\"url\"> <meta itemprop=\"width\" content=\"1196\"> <meta itemprop=\"height\" content=\"447\"> <img loading=\"lazy\" decoding=\"async\" class=\"\" data-attachment-id=\"16596\" data-orig-file=\"https:\/\/kalot.com.mx\/site\/wp-content\/uploads\/2014\/06\/HealthKit.jpg\" data-orig-size=\"607,227\" data-comments-opened=\"1\" data-image-meta=\"{&quot;aperture&quot;:&quot;0&quot;,&quot;credit&quot;:&quot;&quot;,&quot;camera&quot;:&quot;&quot;,&quot;caption&quot;:&quot;&quot;,&quot;created_timestamp&quot;:&quot;0&quot;,&quot;copyright&quot;:&quot;&quot;,&quot;focal_length&quot;:&quot;0&quot;,&quot;iso&quot;:&quot;0&quot;,&quot;shutter_speed&quot;:&quot;0&quot;,&quot;title&quot;:&quot;&quot;,&quot;orientation&quot;:&quot;1&quot;}\" data-image-title=\"Health y HealthKit\" data-image-description=\"\" data-medium-file=\"https:\/\/i0.wp.com\/kalot.com.mx\/site\/wp-content\/uploads\/2014\/06\/HealthKit.jpg?fit=300%2C112&#038;ssl=1\" data-large-file=\"https:\/\/i0.wp.com\/kalot.com.mx\/site\/wp-content\/uploads\/2014\/06\/HealthKit.jpg?fit=607%2C227&#038;ssl=1\" src=\"https:\/\/i0.wp.com\/kalot.com.mx\/site\/wp-content\/uploads\/2014\/06\/HealthKit.jpg?w=1196&#038;h=447&#038;ssl=1\" srcset=\"https:\/\/i0.wp.com\/kalot.com.mx\/site\/wp-content\/uploads\/2014\/06\/HealthKit.jpg?w=607&amp;ssl=1 607w, https:\/\/i0.wp.com\/kalot.com.mx\/site\/wp-content\/uploads\/2014\/06\/HealthKit.jpg?resize=380%2C142&amp;ssl=1 380w, https:\/\/i0.wp.com\/kalot.com.mx\/site\/wp-content\/uploads\/2014\/06\/HealthKit.jpg?resize=300%2C112&amp;ssl=1 300w\" width=\"1196\" height=\"447\" loading=\"lazy\" data-original-width=\"1196\" data-original-height=\"447\" itemprop=\"http:\/\/schema.org\/image\" title=\"Health y HealthKit\" alt=\"Esta nueva app para iOS 8 que se decia en filtraciones se llamaria Healthbook a sido cambiado por ealthKit es el kit de desarrollo para Health, la app de salud de iOS 8, compatible con apps de terceros y anuncian que Nike y algunas cl\u00ednicas de Estados Unidos ya trabajan con KealthKit.\" style=\"width: 1196px; height: 447px;\" \/> <\/a> <div class=\"tiled-gallery-caption\" itemprop=\"caption description\"> Esta nueva app para iOS 8 que se decia en filtraciones se llamaria Healthbook a sido cambiado por ealthKit es el kit de desarrollo para Health, la app de salud de iOS 8, compatible con apps de terceros y anuncian que Nike y algunas cl\u00ednicas de Estados Unidos ya trabajan con KealthKit. <\/div> <\/div> <\/div> <!-- close group --> <\/div> <!-- close row --> <div class=\"gallery-row\" style=\"width: 1200px; height: 335px;\" data-original-width=\"1200\" data-original-height=\"335\" > <div class=\"gallery-group images-1\" style=\"width: 600px; height: 335px;\" data-original-width=\"600\" data-original-height=\"335\" > <div class=\"tiled-gallery-item tiled-gallery-item-large\" itemprop=\"associatedMedia\" itemscope itemtype=\"http:\/\/schema.org\/ImageObject\"> <a href=\"https:\/\/kalot.com.mx\/site\/2014\/06\/02\/novedades-de-la-keynote-apple-wwdc14\/ios-8-family-sharing\/\" border=\"0\" itemprop=\"url\"> <meta itemprop=\"width\" content=\"596\"> <meta itemprop=\"height\" content=\"331\"> <img loading=\"lazy\" decoding=\"async\" class=\"\" data-attachment-id=\"16595\" data-orig-file=\"https:\/\/kalot.com.mx\/site\/wp-content\/uploads\/2014\/06\/ios-8-family-sharing.jpg\" data-orig-size=\"800,444\" data-comments-opened=\"1\" data-image-meta=\"{&quot;aperture&quot;:&quot;0&quot;,&quot;credit&quot;:&quot;&quot;,&quot;camera&quot;:&quot;&quot;,&quot;caption&quot;:&quot;&quot;,&quot;created_timestamp&quot;:&quot;0&quot;,&quot;copyright&quot;:&quot;&quot;,&quot;focal_length&quot;:&quot;0&quot;,&quot;iso&quot;:&quot;0&quot;,&quot;shutter_speed&quot;:&quot;0&quot;,&quot;title&quot;:&quot;&quot;,&quot;orientation&quot;:&quot;0&quot;}\" data-image-title=\"Family \" data-image-description=\"\" data-medium-file=\"https:\/\/i0.wp.com\/kalot.com.mx\/site\/wp-content\/uploads\/2014\/06\/ios-8-family-sharing.jpg?fit=300%2C167&#038;ssl=1\" data-large-file=\"https:\/\/i0.wp.com\/kalot.com.mx\/site\/wp-content\/uploads\/2014\/06\/ios-8-family-sharing.jpg?fit=800%2C444&#038;ssl=1\" src=\"https:\/\/i0.wp.com\/kalot.com.mx\/site\/wp-content\/uploads\/2014\/06\/ios-8-family-sharing.jpg?w=596&#038;h=331&#038;ssl=1\" srcset=\"https:\/\/i0.wp.com\/kalot.com.mx\/site\/wp-content\/uploads\/2014\/06\/ios-8-family-sharing.jpg?w=800&amp;ssl=1 800w, https:\/\/i0.wp.com\/kalot.com.mx\/site\/wp-content\/uploads\/2014\/06\/ios-8-family-sharing.jpg?resize=768%2C426&amp;ssl=1 768w, https:\/\/i0.wp.com\/kalot.com.mx\/site\/wp-content\/uploads\/2014\/06\/ios-8-family-sharing.jpg?resize=380%2C211&amp;ssl=1 380w, https:\/\/i0.wp.com\/kalot.com.mx\/site\/wp-content\/uploads\/2014\/06\/ios-8-family-sharing.jpg?resize=300%2C167&amp;ssl=1 300w\" width=\"596\" height=\"331\" loading=\"lazy\" data-original-width=\"596\" data-original-height=\"331\" itemprop=\"http:\/\/schema.org\/image\" title=\"Family \" alt=\"Poder formar un grupo de personas con dispostivos Apple para poder compartir contenidos y que solo tengas que pagar una vez por una app, con un m\u00e1ximo de hasta 6 personas por grupo.\" style=\"width: 596px; height: 331px;\" \/> <\/a> <div class=\"tiled-gallery-caption\" itemprop=\"caption description\"> Poder formar un grupo de personas con dispostivos Apple para poder compartir contenidos y que solo tengas que pagar una vez por una app, con un m\u00e1ximo de hasta 6 personas por grupo. <\/div> <\/div> <\/div> <!-- close group --> <div class=\"gallery-group images-1\" style=\"width: 600px; height: 335px;\" data-original-width=\"600\" data-original-height=\"335\" > <div class=\"tiled-gallery-item tiled-gallery-item-large\" itemprop=\"associatedMedia\" itemscope itemtype=\"http:\/\/schema.org\/ImageObject\"> <a href=\"https:\/\/kalot.com.mx\/site\/2014\/06\/02\/novedades-de-la-keynote-apple-wwdc14\/siri\/\" border=\"0\" itemprop=\"url\"> <meta itemprop=\"width\" content=\"596\"> <meta itemprop=\"height\" content=\"331\"> <img loading=\"lazy\" decoding=\"async\" class=\"\" data-attachment-id=\"16598\" data-orig-file=\"https:\/\/kalot.com.mx\/site\/wp-content\/uploads\/2014\/06\/Siri.jpg\" data-orig-size=\"800,444\" data-comments-opened=\"1\" data-image-meta=\"{&quot;aperture&quot;:&quot;0&quot;,&quot;credit&quot;:&quot;&quot;,&quot;camera&quot;:&quot;&quot;,&quot;caption&quot;:&quot;&quot;,&quot;created_timestamp&quot;:&quot;0&quot;,&quot;copyright&quot;:&quot;&quot;,&quot;focal_length&quot;:&quot;0&quot;,&quot;iso&quot;:&quot;0&quot;,&quot;shutter_speed&quot;:&quot;0&quot;,&quot;title&quot;:&quot;&quot;,&quot;orientation&quot;:&quot;0&quot;}\" data-image-title=\"Hey, Siri \" data-image-description=\"\" data-medium-file=\"https:\/\/i0.wp.com\/kalot.com.mx\/site\/wp-content\/uploads\/2014\/06\/Siri.jpg?fit=300%2C167&#038;ssl=1\" data-large-file=\"https:\/\/i0.wp.com\/kalot.com.mx\/site\/wp-content\/uploads\/2014\/06\/Siri.jpg?fit=800%2C444&#038;ssl=1\" src=\"https:\/\/i0.wp.com\/kalot.com.mx\/site\/wp-content\/uploads\/2014\/06\/Siri.jpg?w=596&#038;h=331&#038;ssl=1\" srcset=\"https:\/\/i0.wp.com\/kalot.com.mx\/site\/wp-content\/uploads\/2014\/06\/Siri.jpg?w=800&amp;ssl=1 800w, https:\/\/i0.wp.com\/kalot.com.mx\/site\/wp-content\/uploads\/2014\/06\/Siri.jpg?resize=768%2C426&amp;ssl=1 768w, https:\/\/i0.wp.com\/kalot.com.mx\/site\/wp-content\/uploads\/2014\/06\/Siri.jpg?resize=380%2C211&amp;ssl=1 380w, https:\/\/i0.wp.com\/kalot.com.mx\/site\/wp-content\/uploads\/2014\/06\/Siri.jpg?resize=300%2C167&amp;ssl=1 300w\" width=\"596\" height=\"331\" loading=\"lazy\" data-original-width=\"596\" data-original-height=\"331\" itemprop=\"http:\/\/schema.org\/image\" title=\"Hey, Siri \" alt=\"No podian quedarse atras despues de cortana y de google now ahora Siri responder\u00e1 cuando el usuario diga &quot;Hey Siri&quot;, al estilo Google Now. Tambi\u00e9n ofrecer\u00e1 integraci\u00f3n con Shazam en iTunes, ofreciendo comprar contenido directamente en iTunes.\" style=\"width: 596px; height: 331px;\" \/> <\/a> <div class=\"tiled-gallery-caption\" itemprop=\"caption description\"> No podian quedarse atras despues de cortana y de google now ahora Siri responder\u00e1 cuando el usuario diga &#8220;Hey Siri&#8221;, al estilo Google Now. Tambi\u00e9n ofrecer\u00e1 integraci\u00f3n con Shazam en iTunes, ofreciendo comprar contenido directamente en iTunes. <\/div> <\/div> <\/div> <!-- close group --> <\/div> <!-- close row --> <div class=\"gallery-row\" style=\"width: 1200px; height: 535px;\" data-original-width=\"1200\" data-original-height=\"535\" > <div class=\"gallery-group images-1\" style=\"width: 1200px; height: 535px;\" data-original-width=\"1200\" data-original-height=\"535\" > <div class=\"tiled-gallery-item tiled-gallery-item-large\" itemprop=\"associatedMedia\" itemscope itemtype=\"http:\/\/schema.org\/ImageObject\"> <a href=\"https:\/\/kalot.com.mx\/site\/2014\/06\/02\/novedades-de-la-keynote-apple-wwdc14\/mejoras-en-fotos-ios-8-2\/\" border=\"0\" itemprop=\"url\"> <meta itemprop=\"width\" content=\"1196\"> <meta itemprop=\"height\" content=\"531\"> <img loading=\"lazy\" decoding=\"async\" class=\"\" data-attachment-id=\"16600\" data-orig-file=\"https:\/\/kalot.com.mx\/site\/wp-content\/uploads\/2014\/06\/Mejoras-en-fotos-iOS-8-2.jpg\" data-orig-size=\"628,279\" data-comments-opened=\"1\" data-image-meta=\"{&quot;aperture&quot;:&quot;0&quot;,&quot;credit&quot;:&quot;&quot;,&quot;camera&quot;:&quot;&quot;,&quot;caption&quot;:&quot;&quot;,&quot;created_timestamp&quot;:&quot;0&quot;,&quot;copyright&quot;:&quot;&quot;,&quot;focal_length&quot;:&quot;0&quot;,&quot;iso&quot;:&quot;0&quot;,&quot;shutter_speed&quot;:&quot;0&quot;,&quot;title&quot;:&quot;&quot;,&quot;orientation&quot;:&quot;1&quot;}\" data-image-title=\"Carrete de fotos\" data-image-description=\"\" data-medium-file=\"https:\/\/i0.wp.com\/kalot.com.mx\/site\/wp-content\/uploads\/2014\/06\/Mejoras-en-fotos-iOS-8-2.jpg?fit=300%2C133&#038;ssl=1\" data-large-file=\"https:\/\/i0.wp.com\/kalot.com.mx\/site\/wp-content\/uploads\/2014\/06\/Mejoras-en-fotos-iOS-8-2.jpg?fit=628%2C279&#038;ssl=1\" src=\"https:\/\/i0.wp.com\/kalot.com.mx\/site\/wp-content\/uploads\/2014\/06\/Mejoras-en-fotos-iOS-8-2.jpg?w=1196&#038;h=531&#038;ssl=1\" srcset=\"https:\/\/i0.wp.com\/kalot.com.mx\/site\/wp-content\/uploads\/2014\/06\/Mejoras-en-fotos-iOS-8-2.jpg?w=628&amp;ssl=1 628w, https:\/\/i0.wp.com\/kalot.com.mx\/site\/wp-content\/uploads\/2014\/06\/Mejoras-en-fotos-iOS-8-2.jpg?resize=380%2C169&amp;ssl=1 380w, https:\/\/i0.wp.com\/kalot.com.mx\/site\/wp-content\/uploads\/2014\/06\/Mejoras-en-fotos-iOS-8-2.jpg?resize=300%2C133&amp;ssl=1 300w\" width=\"1196\" height=\"531\" loading=\"lazy\" data-original-width=\"1196\" data-original-height=\"531\" itemprop=\"http:\/\/schema.org\/image\" title=\"Carrete de fotos\" alt=\"Se mejora la edici\u00f3n de fotos en iOS 8, mucho m\u00e1s visual, agradable. Podremos marcar im\u00e1genes como favoritas para que est\u00e9 visible en todos nuestros dispositivos.Tambi\u00e9n tendremos un buscador de fotos mucho mejor, ideal cuando contamos con una cantidad considerable de im\u00e1genes.\" style=\"width: 1196px; height: 531px;\" \/> <\/a> <div class=\"tiled-gallery-caption\" itemprop=\"caption description\"> Se mejora la edici\u00f3n de fotos en iOS 8, mucho m\u00e1s visual, agradable. Podremos marcar im\u00e1genes como favoritas para que est\u00e9 visible en todos nuestros dispositivos.Tambi\u00e9n tendremos un buscador de fotos mucho mejor, ideal cuando contamos con una cantidad considerable de im\u00e1genes. <\/div> <\/div> <\/div> <!-- close group --> <\/div> <!-- close row --> <div class=\"gallery-row\" style=\"width: 1200px; height: 503px;\" data-original-width=\"1200\" data-original-height=\"503\" > <div class=\"gallery-group images-1\" style=\"width: 754px; height: 503px;\" data-original-width=\"754\" data-original-height=\"503\" > <div class=\"tiled-gallery-item tiled-gallery-item-large\" itemprop=\"associatedMedia\" itemscope itemtype=\"http:\/\/schema.org\/ImageObject\"> <a href=\"https:\/\/kalot.com.mx\/site\/2014\/06\/02\/novedades-de-la-keynote-apple-wwdc14\/10377021_685492964851056_7173542310680578724_n\/\" border=\"0\" itemprop=\"url\"> <meta itemprop=\"width\" content=\"750\"> <meta itemprop=\"height\" content=\"499\"> <img loading=\"lazy\" decoding=\"async\" class=\"\" data-attachment-id=\"16599\" data-orig-file=\"https:\/\/kalot.com.mx\/site\/wp-content\/uploads\/2014\/06\/10377021_685492964851056_7173542310680578724_n.jpg\" data-orig-size=\"599,399\" data-comments-opened=\"1\" data-image-meta=\"{&quot;aperture&quot;:&quot;0&quot;,&quot;credit&quot;:&quot;&quot;,&quot;camera&quot;:&quot;&quot;,&quot;caption&quot;:&quot;&quot;,&quot;created_timestamp&quot;:&quot;0&quot;,&quot;copyright&quot;:&quot;&quot;,&quot;focal_length&quot;:&quot;0&quot;,&quot;iso&quot;:&quot;0&quot;,&quot;shutter_speed&quot;:&quot;0&quot;,&quot;title&quot;:&quot;&quot;,&quot;orientation&quot;:&quot;0&quot;}\" data-image-title=\"Extensibility\" data-image-description=\"\" data-medium-file=\"https:\/\/i0.wp.com\/kalot.com.mx\/site\/wp-content\/uploads\/2014\/06\/10377021_685492964851056_7173542310680578724_n.jpg?fit=300%2C200&#038;ssl=1\" data-large-file=\"https:\/\/i0.wp.com\/kalot.com.mx\/site\/wp-content\/uploads\/2014\/06\/10377021_685492964851056_7173542310680578724_n.jpg?fit=599%2C399&#038;ssl=1\" src=\"https:\/\/i0.wp.com\/kalot.com.mx\/site\/wp-content\/uploads\/2014\/06\/10377021_685492964851056_7173542310680578724_n.jpg?w=750&#038;h=499&#038;ssl=1\" srcset=\"https:\/\/i0.wp.com\/kalot.com.mx\/site\/wp-content\/uploads\/2014\/06\/10377021_685492964851056_7173542310680578724_n.jpg?w=599&amp;ssl=1 599w, https:\/\/i0.wp.com\/kalot.com.mx\/site\/wp-content\/uploads\/2014\/06\/10377021_685492964851056_7173542310680578724_n.jpg?resize=380%2C253&amp;ssl=1 380w, https:\/\/i0.wp.com\/kalot.com.mx\/site\/wp-content\/uploads\/2014\/06\/10377021_685492964851056_7173542310680578724_n.jpg?resize=300%2C200&amp;ssl=1 300w\" width=\"750\" height=\"499\" loading=\"lazy\" data-original-width=\"750\" data-original-height=\"499\" itemprop=\"http:\/\/schema.org\/image\" title=\"Extensibility\" alt=\"La nueva app que como funci\u00f3n sera capaz de extender el servicio y ofrecer servicio a otras aplicaciones.\" style=\"width: 750px; height: 499px;\" \/> <\/a> <div class=\"tiled-gallery-caption\" itemprop=\"caption description\"> La nueva app que como funci\u00f3n sera capaz de extender el servicio y ofrecer servicio a otras aplicaciones. <\/div> <\/div> <\/div> <!-- close group --> <div class=\"gallery-group images-2\" style=\"width: 446px; height: 503px;\" data-original-width=\"446\" data-original-height=\"503\" > <div class=\"tiled-gallery-item tiled-gallery-item-large\" itemprop=\"associatedMedia\" itemscope itemtype=\"http:\/\/schema.org\/ImageObject\"> <a href=\"https:\/\/kalot.com.mx\/site\/2014\/06\/02\/novedades-de-la-keynote-apple-wwdc14\/10402823_685495421517477_7124469677663632016_n\/\" border=\"0\" itemprop=\"url\"> <meta itemprop=\"width\" content=\"442\"> <meta itemprop=\"height\" content=\"248\"> <img loading=\"lazy\" decoding=\"async\" class=\"\" data-attachment-id=\"16601\" data-orig-file=\"https:\/\/kalot.com.mx\/site\/wp-content\/uploads\/2014\/06\/10402823_685495421517477_7124469677663632016_n.png\" data-orig-size=\"598,336\" data-comments-opened=\"1\" data-image-meta=\"{&quot;aperture&quot;:&quot;0&quot;,&quot;credit&quot;:&quot;&quot;,&quot;camera&quot;:&quot;&quot;,&quot;caption&quot;:&quot;&quot;,&quot;created_timestamp&quot;:&quot;0&quot;,&quot;copyright&quot;:&quot;&quot;,&quot;focal_length&quot;:&quot;0&quot;,&quot;iso&quot;:&quot;0&quot;,&quot;shutter_speed&quot;:&quot;0&quot;,&quot;title&quot;:&quot;&quot;,&quot;orientation&quot;:&quot;0&quot;}\" data-image-title=\"Swift\" data-image-description=\"\" data-medium-file=\"https:\/\/i0.wp.com\/kalot.com.mx\/site\/wp-content\/uploads\/2014\/06\/10402823_685495421517477_7124469677663632016_n.png?fit=300%2C169&#038;ssl=1\" data-large-file=\"https:\/\/i0.wp.com\/kalot.com.mx\/site\/wp-content\/uploads\/2014\/06\/10402823_685495421517477_7124469677663632016_n.png?fit=598%2C336&#038;ssl=1\" src=\"https:\/\/i0.wp.com\/kalot.com.mx\/site\/wp-content\/uploads\/2014\/06\/10402823_685495421517477_7124469677663632016_n.png?w=442&#038;h=248&#038;ssl=1\" srcset=\"https:\/\/i0.wp.com\/kalot.com.mx\/site\/wp-content\/uploads\/2014\/06\/10402823_685495421517477_7124469677663632016_n.png?w=598&amp;ssl=1 598w, https:\/\/i0.wp.com\/kalot.com.mx\/site\/wp-content\/uploads\/2014\/06\/10402823_685495421517477_7124469677663632016_n.png?resize=380%2C214&amp;ssl=1 380w, https:\/\/i0.wp.com\/kalot.com.mx\/site\/wp-content\/uploads\/2014\/06\/10402823_685495421517477_7124469677663632016_n.png?resize=300%2C169&amp;ssl=1 300w\" width=\"442\" height=\"248\" loading=\"lazy\" data-original-width=\"442\" data-original-height=\"248\" itemprop=\"http:\/\/schema.org\/image\" title=\"Swift\" alt=\"Un nuevo lenguaje de programaci\u00f3n que tendr\u00e1 los desarrolladores para crear nuevas aplicaciones\" style=\"width: 442px; height: 248px;\" \/> <\/a> <div class=\"tiled-gallery-caption\" itemprop=\"caption description\"> Un nuevo lenguaje de programaci\u00f3n que tendr\u00e1 los desarrolladores para crear nuevas aplicaciones <\/div> <\/div> <div class=\"tiled-gallery-item tiled-gallery-item-large\" itemprop=\"associatedMedia\" itemscope itemtype=\"http:\/\/schema.org\/ImageObject\"> <a href=\"https:\/\/kalot.com.mx\/site\/2014\/06\/02\/novedades-de-la-keynote-apple-wwdc14\/homekit\/\" border=\"0\" itemprop=\"url\"> <meta itemprop=\"width\" content=\"442\"> <meta itemprop=\"height\" content=\"247\"> <img loading=\"lazy\" decoding=\"async\" class=\"\" data-attachment-id=\"16630\" data-orig-file=\"https:\/\/kalot.com.mx\/site\/wp-content\/uploads\/2014\/06\/HomeKit.jpg\" data-orig-size=\"800,446\" data-comments-opened=\"1\" data-image-meta=\"{&quot;aperture&quot;:&quot;0&quot;,&quot;credit&quot;:&quot;&quot;,&quot;camera&quot;:&quot;&quot;,&quot;caption&quot;:&quot;&quot;,&quot;created_timestamp&quot;:&quot;0&quot;,&quot;copyright&quot;:&quot;&quot;,&quot;focal_length&quot;:&quot;0&quot;,&quot;iso&quot;:&quot;0&quot;,&quot;shutter_speed&quot;:&quot;0&quot;,&quot;title&quot;:&quot;&quot;,&quot;orientation&quot;:&quot;0&quot;}\" data-image-title=\"HomeKit\" data-image-description=\"\" data-medium-file=\"https:\/\/i0.wp.com\/kalot.com.mx\/site\/wp-content\/uploads\/2014\/06\/HomeKit.jpg?fit=300%2C167&#038;ssl=1\" data-large-file=\"https:\/\/i0.wp.com\/kalot.com.mx\/site\/wp-content\/uploads\/2014\/06\/HomeKit.jpg?fit=800%2C446&#038;ssl=1\" src=\"https:\/\/i0.wp.com\/kalot.com.mx\/site\/wp-content\/uploads\/2014\/06\/HomeKit.jpg?w=442&#038;h=247&#038;ssl=1\" srcset=\"https:\/\/i0.wp.com\/kalot.com.mx\/site\/wp-content\/uploads\/2014\/06\/HomeKit.jpg?w=800&amp;ssl=1 800w, https:\/\/i0.wp.com\/kalot.com.mx\/site\/wp-content\/uploads\/2014\/06\/HomeKit.jpg?resize=768%2C428&amp;ssl=1 768w, https:\/\/i0.wp.com\/kalot.com.mx\/site\/wp-content\/uploads\/2014\/06\/HomeKit.jpg?resize=380%2C212&amp;ssl=1 380w, https:\/\/i0.wp.com\/kalot.com.mx\/site\/wp-content\/uploads\/2014\/06\/HomeKit.jpg?resize=300%2C167&amp;ssl=1 300w\" width=\"442\" height=\"247\" loading=\"lazy\" data-original-width=\"442\" data-original-height=\"247\" itemprop=\"http:\/\/schema.org\/image\" title=\"HomeKit\" alt=\"Esto nos permitir\u00e1 la automatizaci\u00f3n del hogar, pudiendo controlar cerraduras, luces, c\u00e1maras de seguridad, puertas e interruptores, adem\u00e1s de contar con integraci\u00f3n con Siri.\" style=\"width: 442px; height: 247px;\" \/> <\/a> <div class=\"tiled-gallery-caption\" itemprop=\"caption description\"> Esto nos permitir\u00e1 la automatizaci\u00f3n del hogar, pudiendo controlar cerraduras, luces, c\u00e1maras de seguridad, puertas e interruptores, adem\u00e1s de contar con integraci\u00f3n con Siri. <\/div> <\/div> <\/div> <!-- close group --> <\/div> <!-- close row --> <\/div>\n<p>Sin duda alguna el nuevo iOS 8 es algo novedoso en este momento<span style=\"text-decoration: underline;color: #0000ff\"> <strong>y que sera hasta este oto\u00f1o para tenerlo en nuestros dispositivos<\/strong><\/span> que tenemos que recordarles que solo <strong>sera compatible para\u00a0iPhone 4s, iPhone 5, 5c, 5s, iPod Touch 5G, iPad 2, 3, 4, Air, iPad Mini\/retina y la prueba beta solo para los desarrolladores a partir de hoy.\u00a0<\/strong><\/p>\n<p><strong>No olvidemos que la WWDC se lleva a partir de este 2 de junio hasta el 6 del mismo mes y que nos faltan 4 d\u00edas para poder saber de mas actualizaciones que Apple tiene para nosotros y sin olvidarnos que posiblemente la aparici\u00f3n de un nuevo dispositivo\u00a0m\u00f3vil.\u00a0<\/strong><\/p>\n<p>Kalochos \u00bfQue tal les pareci\u00f3 el primer d\u00eda y el mas importante para Apple en la WWDC ? si les gusto d\u00edganos que fue lo que les gusto o no les gusto o que esperan que presenten el los siguientes d\u00edas (:<\/p>\n<p><strong>\u00a0Nuestras redes:\u00a0<\/strong><\/p>\n<p><a title=\"kalot\" href=\"https:\/\/twitter.com\/KalotMx\" target=\"_blank\">@KalotMx<\/a><\/p>\n<p><a title=\"Kalot\" href=\"https:\/\/www.facebook.com\/mxkalot?fref=ts\" target=\"_blank\">Facebook<\/a><\/p>\n<p>Saludos<\/p>\n<p><a title=\"cecilia\" href=\"https:\/\/twitter.com\/Cecidc_Mat\" target=\"_blank\">@Cecidc_Mat<\/a><\/p>\n","protected":false},"excerpt":{"rendered":"Hoy fue el gran d\u00eda para Apple \u00a0ya que arranco la WWDC \u00a0la keynote inaugural al frente de&hellip;\n","protected":false},"author":57,"featured_media":16633,"comment_status":"open","ping_status":"open","sticky":false,"template":"","format":"standard","meta":{"jetpack_post_was_ever_published":false,"_jetpack_newsletter_access":"","_jetpack_dont_email_post_to_subs":false,"_jetpack_newsletter_tier_id":0,"_jetpack_memberships_contains_paywalled_content":false,"_jetpack_memberships_contains_paid_content":false,"footnotes":"","jetpack_publicize_message":"","jetpack_publicize_feature_enabled":true,"jetpack_social_post_already_shared":true,"jetpack_social_options":{"image_generator_settings":{"template":"highway","default_image_id":0,"font":"","enabled":false},"version":2}},"categories":[],"tags":[],"class_list":{"0":"post-16585","1":"post","2":"type-post","3":"status-publish","4":"format-standard","5":"has-post-thumbnail","7":"cs-entry","8":"cs-video-wrap"},"yoast_head":"<!-- This site is optimized with the Yoast SEO plugin v27.4 - https:\/\/yoast.com\/product\/yoast-seo-wordpress\/ -->\n<title>Novedades de la Keynote Apple #WWDC14  - Kalot<\/title>\n<meta name=\"description\" content=\"En el primer d\u00eda de la Keynote de Apple se ha presentado oficialmente iOS 8 y nuevas novedades para la Mac\" \/>\n<meta name=\"robots\" content=\"index, follow, max-snippet:-1, max-image-preview:large, max-video-preview:-1\" \/>\n<link rel=\"canonical\" href=\"https:\/\/kalot.com.mx\/site\/2014\/06\/02\/novedades-de-la-keynote-apple-wwdc14\/\" \/>\n<meta property=\"og:locale\" content=\"es_MX\" \/>\n<meta property=\"og:type\" content=\"article\" \/>\n<meta property=\"og:title\" content=\"Novedades de la Keynote Apple #WWDC14  - Kalot\" \/>\n<meta property=\"og:description\" content=\"En el primer d\u00eda de la Keynote de Apple se ha presentado oficialmente iOS 8 y nuevas novedades para la Mac\" \/>\n<meta property=\"og:url\" content=\"https:\/\/kalot.com.mx\/site\/2014\/06\/02\/novedades-de-la-keynote-apple-wwdc14\/\" \/>\n<meta property=\"og:site_name\" content=\"Kalot\" \/>\n<meta property=\"article:publisher\" content=\"http:\/\/facebook.com\/mxkalot\" \/>\n<meta property=\"article:author\" content=\"https:\/\/www.facebook.com\/ceciMat\" \/>\n<meta property=\"article:published_time\" content=\"2014-06-02T22:25:56+00:00\" \/>\n<meta property=\"article:modified_time\" content=\"2014-06-02T22:27:44+00:00\" \/>\n<meta property=\"og:image\" content=\"https:\/\/i2.wp.com\/kalot.com.mx\/site\/wp-content\/uploads\/2014\/06\/WWDC-2014-Grid-61-1024x576.jpg?fit=1024%2C576&ssl=1\" \/>\n\t<meta property=\"og:image:width\" content=\"1024\" \/>\n\t<meta property=\"og:image:height\" content=\"576\" \/>\n\t<meta property=\"og:image:type\" content=\"image\/jpeg\" \/>\n<meta name=\"author\" content=\"Cecilia Mata\" \/>\n<meta name=\"twitter:card\" content=\"summary_large_image\" \/>\n<meta name=\"twitter:creator\" content=\"@Cecidc_Mat\" \/>\n<meta name=\"twitter:site\" content=\"@kalotmx\" \/>\n<meta name=\"twitter:label1\" content=\"Escrito por\" \/>\n\t<meta name=\"twitter:data1\" content=\"Cecilia Mata\" \/>\n\t<meta name=\"twitter:label2\" content=\"Tiempo de lectura\" \/>\n\t<meta name=\"twitter:data2\" content=\"2 minutos\" \/>\n<!-- \/ Yoast SEO plugin. -->","yoast_head_json":{"title":"Novedades de la Keynote Apple #WWDC14  - Kalot","description":"En el primer d\u00eda de la Keynote de Apple se ha presentado oficialmente iOS 8 y nuevas novedades para la Mac","robots":{"index":"index","follow":"follow","max-snippet":"max-snippet:-1","max-image-preview":"max-image-preview:large","max-video-preview":"max-video-preview:-1"},"canonical":"https:\/\/kalot.com.mx\/site\/2014\/06\/02\/novedades-de-la-keynote-apple-wwdc14\/","og_locale":"es_MX","og_type":"article","og_title":"Novedades de la Keynote Apple #WWDC14  - Kalot","og_description":"En el primer d\u00eda de la Keynote de Apple se ha presentado oficialmente iOS 8 y nuevas novedades para la Mac","og_url":"https:\/\/kalot.com.mx\/site\/2014\/06\/02\/novedades-de-la-keynote-apple-wwdc14\/","og_site_name":"Kalot","article_publisher":"http:\/\/facebook.com\/mxkalot","article_author":"https:\/\/www.facebook.com\/ceciMat","article_published_time":"2014-06-02T22:25:56+00:00","article_modified_time":"2014-06-02T22:27:44+00:00","og_image":[{"width":1024,"height":576,"url":"https:\/\/i2.wp.com\/kalot.com.mx\/site\/wp-content\/uploads\/2014\/06\/WWDC-2014-Grid-61-1024x576.jpg?fit=1024%2C576&ssl=1","type":"image\/jpeg"}],"author":"Cecilia Mata","twitter_card":"summary_large_image","twitter_creator":"@Cecidc_Mat","twitter_site":"@kalotmx","twitter_misc":{"Escrito por":"Cecilia Mata","Tiempo de lectura":"2 minutos"},"schema":{"@context":"https:\/\/schema.org","@graph":[{"@type":"Article","@id":"https:\/\/kalot.com.mx\/site\/2014\/06\/02\/novedades-de-la-keynote-apple-wwdc14\/#article","isPartOf":{"@id":"https:\/\/kalot.com.mx\/site\/2014\/06\/02\/novedades-de-la-keynote-apple-wwdc14\/"},"author":{"name":"Cecilia Mata","@id":"https:\/\/kalot.com.mx\/site\/#\/schema\/person\/451d1f280e69ef0abc9b72e87e137ccd"},"headline":"Novedades de la Keynote Apple #WWDC14","datePublished":"2014-06-02T22:25:56+00:00","dateModified":"2014-06-02T22:27:44+00:00","mainEntityOfPage":{"@id":"https:\/\/kalot.com.mx\/site\/2014\/06\/02\/novedades-de-la-keynote-apple-wwdc14\/"},"wordCount":444,"commentCount":1,"publisher":{"@id":"https:\/\/kalot.com.mx\/site\/#organization"},"image":{"@id":"https:\/\/kalot.com.mx\/site\/2014\/06\/02\/novedades-de-la-keynote-apple-wwdc14\/#primaryimage"},"thumbnailUrl":"https:\/\/i0.wp.com\/kalot.com.mx\/site\/wp-content\/uploads\/2014\/06\/WWDC-2014-Grid-61-1024x576.jpg?fit=1024%2C576&ssl=1","inLanguage":"es","potentialAction":[{"@type":"CommentAction","name":"Comment","target":["https:\/\/kalot.com.mx\/site\/2014\/06\/02\/novedades-de-la-keynote-apple-wwdc14\/#respond"]}]},{"@type":"WebPage","@id":"https:\/\/kalot.com.mx\/site\/2014\/06\/02\/novedades-de-la-keynote-apple-wwdc14\/","url":"https:\/\/kalot.com.mx\/site\/2014\/06\/02\/novedades-de-la-keynote-apple-wwdc14\/","name":"Novedades de la Keynote Apple #WWDC14 - Kalot","isPartOf":{"@id":"https:\/\/kalot.com.mx\/site\/#website"},"primaryImageOfPage":{"@id":"https:\/\/kalot.com.mx\/site\/2014\/06\/02\/novedades-de-la-keynote-apple-wwdc14\/#primaryimage"},"image":{"@id":"https:\/\/kalot.com.mx\/site\/2014\/06\/02\/novedades-de-la-keynote-apple-wwdc14\/#primaryimage"},"thumbnailUrl":"https:\/\/i0.wp.com\/kalot.com.mx\/site\/wp-content\/uploads\/2014\/06\/WWDC-2014-Grid-61-1024x576.jpg?fit=1024%2C576&ssl=1","datePublished":"2014-06-02T22:25:56+00:00","dateModified":"2014-06-02T22:27:44+00:00","description":"En el primer d\u00eda de la Keynote de Apple se ha presentado oficialmente iOS 8 y nuevas novedades para la Mac","breadcrumb":{"@id":"https:\/\/kalot.com.mx\/site\/2014\/06\/02\/novedades-de-la-keynote-apple-wwdc14\/#breadcrumb"},"inLanguage":"es","potentialAction":[{"@type":"ReadAction","target":["https:\/\/kalot.com.mx\/site\/2014\/06\/02\/novedades-de-la-keynote-apple-wwdc14\/"]}]},{"@type":"ImageObject","inLanguage":"es","@id":"https:\/\/kalot.com.mx\/site\/2014\/06\/02\/novedades-de-la-keynote-apple-wwdc14\/#primaryimage","url":"https:\/\/i0.wp.com\/kalot.com.mx\/site\/wp-content\/uploads\/2014\/06\/WWDC-2014-Grid-61-1024x576.jpg?fit=1024%2C576&ssl=1","contentUrl":"https:\/\/i0.wp.com\/kalot.com.mx\/site\/wp-content\/uploads\/2014\/06\/WWDC-2014-Grid-61-1024x576.jpg?fit=1024%2C576&ssl=1","width":1024,"height":576},{"@type":"BreadcrumbList","@id":"https:\/\/kalot.com.mx\/site\/2014\/06\/02\/novedades-de-la-keynote-apple-wwdc14\/#breadcrumb","itemListElement":[{"@type":"ListItem","position":1,"name":"Home","item":"https:\/\/kalot.com.mx\/site\/"},{"@type":"ListItem","position":2,"name":"Novedades de la Keynote Apple #WWDC14"}]},{"@type":"WebSite","@id":"https:\/\/kalot.com.mx\/site\/#website","url":"https:\/\/kalot.com.mx\/site\/","name":"Kalot","description":"Conoce Todo Sobre Todo","publisher":{"@id":"https:\/\/kalot.com.mx\/site\/#organization"},"potentialAction":[{"@type":"SearchAction","target":{"@type":"EntryPoint","urlTemplate":"https:\/\/kalot.com.mx\/site\/?s={search_term_string}"},"query-input":{"@type":"PropertyValueSpecification","valueRequired":true,"valueName":"search_term_string"}}],"inLanguage":"es"},{"@type":"Organization","@id":"https:\/\/kalot.com.mx\/site\/#organization","name":"Kalot","url":"https:\/\/kalot.com.mx\/site\/","logo":{"@type":"ImageObject","inLanguage":"es","@id":"https:\/\/kalot.com.mx\/site\/#\/schema\/logo\/image\/","url":"https:\/\/i0.wp.com\/kalot.com.mx\/site\/wp-content\/uploads\/2020\/04\/Kalot-logo-sin-tagline.png?fit=1707%2C1014&ssl=1","contentUrl":"https:\/\/i0.wp.com\/kalot.com.mx\/site\/wp-content\/uploads\/2020\/04\/Kalot-logo-sin-tagline.png?fit=1707%2C1014&ssl=1","width":1707,"height":1014,"caption":"Kalot"},"image":{"@id":"https:\/\/kalot.com.mx\/site\/#\/schema\/logo\/image\/"},"sameAs":["http:\/\/facebook.com\/mxkalot","https:\/\/x.com\/kalotmx","http:\/\/instagram.com\/kalotmx","http:\/\/pinterest.com\/jorgeerana\/kalot"]},{"@type":"Person","@id":"https:\/\/kalot.com.mx\/site\/#\/schema\/person\/451d1f280e69ef0abc9b72e87e137ccd","name":"Cecilia Mata","image":{"@type":"ImageObject","inLanguage":"es","@id":"https:\/\/secure.gravatar.com\/avatar\/d537382201aa9a7e5477a07abbac65d123036652265c4569e812aae85d7be2df?s=96&d=mm&r=g","url":"https:\/\/secure.gravatar.com\/avatar\/d537382201aa9a7e5477a07abbac65d123036652265c4569e812aae85d7be2df?s=96&d=mm&r=g","contentUrl":"https:\/\/secure.gravatar.com\/avatar\/d537382201aa9a7e5477a07abbac65d123036652265c4569e812aae85d7be2df?s=96&d=mm&r=g","caption":"Cecilia Mata"},"description":"Estudiante de Ingenier\u00eda industrial. Un toque de geek. Me agrada conocer y aprender cosas nuevas.","sameAs":["https:\/\/www.facebook.com\/ceciMat","https:\/\/x.com\/Cecidc_Mat"],"url":"https:\/\/kalot.com.mx\/site\/author\/cecilia\/"}]}},"jetpack_publicize_connections":[],"jetpack_featured_media_url":"https:\/\/i0.wp.com\/kalot.com.mx\/site\/wp-content\/uploads\/2014\/06\/WWDC-2014-Grid-61-1024x576.jpg?fit=1024%2C576&ssl=1","jetpack_shortlink":"https:\/\/wp.me\/p6IHEI-4jv","jetpack-related-posts":[{"id":16553,"url":"https:\/\/kalot.com.mx\/site\/2014\/05\/30\/que-esperamos-de-la-wwdc-2014\/","url_meta":{"origin":16585,"position":0},"title":"\u00bfQu\u00e9 esperamos de la WWDC 2014?","author":"Cecilia Mata","date":"30 mayo, 2014","format":false,"excerpt":"Durante los \u00faltimos seis a\u00f1os, se ha producido un cambio cultural masivo. Ha cambiado la forma en que interactuamos con los dem\u00e1s,\u00a0 aprendemos cosas nuevas, nos entretenemos, hacemos nuestro trabajo Y vivimos \u00a0nuestras vidas diarias. Todo esto gracias a los desarrolladores y las aplicaciones que crean. La Apple WorldWide Developers\u2026","rel":"","context":"Entrada similar ","block_context":{"text":"Entrada similar ","link":""},"img":{"alt_text":"","src":"https:\/\/i0.wp.com\/kalot.com.mx\/site\/wp-content\/uploads\/2014\/05\/apple_wwdc_2014_wallpaper_mac_pc_by_dhanushparekh-d7cvr6b.jpg?fit=1024%2C576&ssl=1&resize=350%2C200","width":350,"height":200,"srcset":"https:\/\/i0.wp.com\/kalot.com.mx\/site\/wp-content\/uploads\/2014\/05\/apple_wwdc_2014_wallpaper_mac_pc_by_dhanushparekh-d7cvr6b.jpg?fit=1024%2C576&ssl=1&resize=350%2C200 1x, https:\/\/i0.wp.com\/kalot.com.mx\/site\/wp-content\/uploads\/2014\/05\/apple_wwdc_2014_wallpaper_mac_pc_by_dhanushparekh-d7cvr6b.jpg?fit=1024%2C576&ssl=1&resize=525%2C300 1.5x, https:\/\/i0.wp.com\/kalot.com.mx\/site\/wp-content\/uploads\/2014\/05\/apple_wwdc_2014_wallpaper_mac_pc_by_dhanushparekh-d7cvr6b.jpg?fit=1024%2C576&ssl=1&resize=700%2C400 2x"},"classes":[]},{"id":251,"url":"https:\/\/kalot.com.mx\/site\/2013\/09\/02\/apple-suspende-vacaciones-para-sus-empleados-entre-15-y-28-de-septiembre-ya-viene-el-nuevo-iphone-2\/","url_meta":{"origin":16585,"position":1},"title":"Apple suspende vacaciones para sus empleados entre 15 y 28 de septiembre, ya viene el nuevo iPhone","author":"Jorge Era\u00f1a","date":"2 septiembre, 2013","format":false,"excerpt":"Despu\u00e9s de una larga espera, una muy fuerte ola de rumores, prototipos, conceptos y hasta \"evidencia\" f\u00edsica; por fin septiembre ser\u00e1 el mes esperado por la comunidad de los fanboys de Apple. Al parecer la compa\u00f1\u00eda de Cupertino ha decidido sugerir con car\u00e1cter obligatorio a sus empleados de Apple Care\u2026","rel":"","context":"Entrada similar ","block_context":{"text":"Entrada similar ","link":""},"img":{"alt_text":"","src":"https:\/\/i0.wp.com\/kalot.com.mx\/site\/wp-content\/uploads\/2013\/09\/20130902-094030.jpg?fit=640%2C385&ssl=1&resize=350%2C200","width":350,"height":200,"srcset":"https:\/\/i0.wp.com\/kalot.com.mx\/site\/wp-content\/uploads\/2013\/09\/20130902-094030.jpg?fit=640%2C385&ssl=1&resize=350%2C200 1x, https:\/\/i0.wp.com\/kalot.com.mx\/site\/wp-content\/uploads\/2013\/09\/20130902-094030.jpg?fit=640%2C385&ssl=1&resize=525%2C300 1.5x"},"classes":[]},{"id":6986,"url":"https:\/\/kalot.com.mx\/site\/2013\/11\/23\/instagram-windows-phone-2\/","url_meta":{"origin":16585,"position":2},"title":"Instagram llega a Windows Phone","author":"Jorge Era\u00f1a","date":"23 noviembre, 2013","format":false,"excerpt":"Despu\u00e9s de tanta espera por fin llega la famosa red social de las fotograf\u00edas\u00a0Instagram, desde que Facebook adquiri\u00f3 la compa\u00f1\u00eda hace tiempo se hab\u00edan propuesto el lanzar la app para el sistema operativo Windows Phone y hoy despu\u00e9s de varios intentos de aplicaciones falsas y similares por fin se lanza\u2026","rel":"","context":"En &quot;Sin categor\u00eda&quot;","block_context":{"text":"Sin categor\u00eda","link":"https:\/\/kalot.com.mx\/site\/category\/sin-categoria\/"},"img":{"alt_text":"instagram","src":"https:\/\/i0.wp.com\/kalot.com.mx\/site\/wp-content\/uploads\/2013\/11\/Instagram-para-Windows-Phone-800x450.jpg?fit=800%2C450&ssl=1&resize=350%2C200","width":350,"height":200,"srcset":"https:\/\/i0.wp.com\/kalot.com.mx\/site\/wp-content\/uploads\/2013\/11\/Instagram-para-Windows-Phone-800x450.jpg?fit=800%2C450&ssl=1&resize=350%2C200 1x, https:\/\/i0.wp.com\/kalot.com.mx\/site\/wp-content\/uploads\/2013\/11\/Instagram-para-Windows-Phone-800x450.jpg?fit=800%2C450&ssl=1&resize=525%2C300 1.5x, https:\/\/i0.wp.com\/kalot.com.mx\/site\/wp-content\/uploads\/2013\/11\/Instagram-para-Windows-Phone-800x450.jpg?fit=800%2C450&ssl=1&resize=700%2C400 2x"},"classes":[]},{"id":6822,"url":"https:\/\/kalot.com.mx\/site\/2013\/11\/20\/instagram-windows-phone\/","url_meta":{"origin":16585,"position":3},"title":"Instagram por fin llega a Windows Phone","author":"Jorge Era\u00f1a","date":"20 noviembre, 2013","format":false,"excerpt":"Despu\u00e9s de tanta espera por fin llega la famosa red social de las fotograf\u00edas Instagram, desde que Facebook adquiri\u00f3 la compa\u00f1\u00eda hace tiempo se hab\u00edan propuesto el lanzar la app para el sistema operativo Windows Phone y hoy despu\u00e9s de varios intentos de aplicaciones falsas y similares por fin se\u2026","rel":"","context":"En &quot;Sin categor\u00eda&quot;","block_context":{"text":"Sin categor\u00eda","link":"https:\/\/kalot.com.mx\/site\/category\/sin-categoria\/"},"img":{"alt_text":"instagram","src":"https:\/\/i0.wp.com\/kalot.com.mx\/site\/wp-content\/uploads\/2013\/11\/Instagram-para-Windows-Phone-800x450.jpg?fit=800%2C450&ssl=1&resize=350%2C200","width":350,"height":200,"srcset":"https:\/\/i0.wp.com\/kalot.com.mx\/site\/wp-content\/uploads\/2013\/11\/Instagram-para-Windows-Phone-800x450.jpg?fit=800%2C450&ssl=1&resize=350%2C200 1x, https:\/\/i0.wp.com\/kalot.com.mx\/site\/wp-content\/uploads\/2013\/11\/Instagram-para-Windows-Phone-800x450.jpg?fit=800%2C450&ssl=1&resize=525%2C300 1.5x, https:\/\/i0.wp.com\/kalot.com.mx\/site\/wp-content\/uploads\/2013\/11\/Instagram-para-Windows-Phone-800x450.jpg?fit=800%2C450&ssl=1&resize=700%2C400 2x"},"classes":[]},{"id":18742,"url":"https:\/\/kalot.com.mx\/site\/2014\/10\/16\/resumen-apple-keynote-octubre-16\/","url_meta":{"origin":16585,"position":4},"title":"Resumen Apple Keynote Octubre 16","author":"Adrian Aldana","date":"16 octubre, 2014","format":false,"excerpt":"Hola a todos, aqu\u00ed les presentamos un breve resumen de lo que Apple present\u00f3 el d\u00eda de hoy: OS X YOSEMITE\u00a0 Sistema para las Mac de escritorio y port\u00e1tiles Mac Book Pro estar\u00e1 disponible a partir de hoy para descarga y recordemos que esta versi\u00f3n permitir\u00e1 tener una mejor integraci\u00f3n\u2026","rel":"","context":"Entrada similar ","block_context":{"text":"Entrada similar ","link":""},"img":{"alt_text":"","src":"https:\/\/i0.wp.com\/kalot.com.mx\/site\/wp-content\/uploads\/2014\/10\/apple-event-october.jpg?fit=798%2C310&ssl=1&resize=350%2C200","width":350,"height":200,"srcset":"https:\/\/i0.wp.com\/kalot.com.mx\/site\/wp-content\/uploads\/2014\/10\/apple-event-october.jpg?fit=798%2C310&ssl=1&resize=350%2C200 1x, https:\/\/i0.wp.com\/kalot.com.mx\/site\/wp-content\/uploads\/2014\/10\/apple-event-october.jpg?fit=798%2C310&ssl=1&resize=525%2C300 1.5x, https:\/\/i0.wp.com\/kalot.com.mx\/site\/wp-content\/uploads\/2014\/10\/apple-event-october.jpg?fit=798%2C310&ssl=1&resize=700%2C400 2x"},"classes":[]},{"id":14879,"url":"https:\/\/kalot.com.mx\/site\/2014\/04\/14\/windows-phone-8-1-version-para-desarrolladores\/","url_meta":{"origin":16585,"position":5},"title":"Windows Phone 8.1 disponible en versi\u00f3n para desarrolladores","author":"Cecilia Mata","date":"14 abril, 2014","format":false,"excerpt":"Despu\u00e9s de dos semanas de ser anunciada la nueva versi\u00f3n del sistema operativo m\u00f3vil de Microsoft, Windows Phone 8.1 ya se encuentra disponible para su descarga. Se supone que era hasta julio para probar las mejoras de Windows Phone 8.1 pero\u00a0resulta que en las \u00faltimas horas la gente de Microsoft\u2026","rel":"","context":"En &quot;Sin categor\u00eda&quot;","block_context":{"text":"Sin categor\u00eda","link":"https:\/\/kalot.com.mx\/site\/category\/sin-categoria\/"},"img":{"alt_text":"","src":"https:\/\/i0.wp.com\/kalot.com.mx\/site\/wp-content\/uploads\/2014\/04\/windows-phone-8.1.jpg?fit=1200%2C698&ssl=1&resize=350%2C200","width":350,"height":200,"srcset":"https:\/\/i0.wp.com\/kalot.com.mx\/site\/wp-content\/uploads\/2014\/04\/windows-phone-8.1.jpg?fit=1200%2C698&ssl=1&resize=350%2C200 1x, https:\/\/i0.wp.com\/kalot.com.mx\/site\/wp-content\/uploads\/2014\/04\/windows-phone-8.1.jpg?fit=1200%2C698&ssl=1&resize=525%2C300 1.5x, https:\/\/i0.wp.com\/kalot.com.mx\/site\/wp-content\/uploads\/2014\/04\/windows-phone-8.1.jpg?fit=1200%2C698&ssl=1&resize=700%2C400 2x, https:\/\/i0.wp.com\/kalot.com.mx\/site\/wp-content\/uploads\/2014\/04\/windows-phone-8.1.jpg?fit=1200%2C698&ssl=1&resize=1050%2C600 3x"},"classes":[]}],"jetpack_sharing_enabled":true,"_links":{"self":[{"href":"https:\/\/kalot.com.mx\/site\/wp-json\/wp\/v2\/posts\/16585","targetHints":{"allow":["GET"]}}],"collection":[{"href":"https:\/\/kalot.com.mx\/site\/wp-json\/wp\/v2\/posts"}],"about":[{"href":"https:\/\/kalot.com.mx\/site\/wp-json\/wp\/v2\/types\/post"}],"author":[{"embeddable":true,"href":"https:\/\/kalot.com.mx\/site\/wp-json\/wp\/v2\/users\/57"}],"replies":[{"embeddable":true,"href":"https:\/\/kalot.com.mx\/site\/wp-json\/wp\/v2\/comments?post=16585"}],"version-history":[{"count":0,"href":"https:\/\/kalot.com.mx\/site\/wp-json\/wp\/v2\/posts\/16585\/revisions"}],"wp:featuredmedia":[{"embeddable":true,"href":"https:\/\/kalot.com.mx\/site\/wp-json\/wp\/v2\/media\/16633"}],"wp:attachment":[{"href":"https:\/\/kalot.com.mx\/site\/wp-json\/wp\/v2\/media?parent=16585"}],"wp:term":[{"taxonomy":"category","embeddable":true,"href":"https:\/\/kalot.com.mx\/site\/wp-json\/wp\/v2\/categories?post=16585"},{"taxonomy":"post_tag","embeddable":true,"href":"https:\/\/kalot.com.mx\/site\/wp-json\/wp\/v2\/tags?post=16585"}],"curies":[{"name":"wp","href":"https:\/\/api.w.org\/{rel}","templated":true}]}}