{"id":16574,"date":"2014-06-01T19:00:22","date_gmt":"2014-06-02T00:00:22","guid":{"rendered":"http:\/\/www.kalot.com.mx\/?p=16574"},"modified":"2014-06-01T16:18:25","modified_gmt":"2014-06-01T21:18:25","slug":"daniel-radcliffe-regresa-al-cine-con","status":"publish","type":"post","link":"https:\/\/kalot.com.mx\/site\/2014\/06\/01\/daniel-radcliffe-regresa-al-cine-con\/","title":{"rendered":"Daniel Radcliffe regresa al cine con &#8220;What If&#8221;"},"content":{"rendered":"<p style=\"text-align: justify\">El famoso actor de una de las franquicias m\u00e1s grande de todos los tiempos Harry Potter regresa al cine despu\u00e9s de su \u00faltima pel\u00edcula dram\u00e1tica \u201cKill Your Darlings\u201d (la cual pudimos ver en la Cineteca) pero esta vez incursionado en las comedias rom\u00e1nticas.<\/p>\n<p style=\"text-align: justify\">\u201cWhat if\u201d se centra en la famosa \u201cfriend zone\u201d en la que tarde o temprano todos ca\u00edmos, caemos o estamos en ella. La pel\u00edcula explora esta dif\u00edcil situaci\u00f3n, la negaci\u00f3n y lo complicado de estas relaciones.<\/p>\n<p style=\"text-align: justify\">Aunque no soy de los que hacen criticas antes de una pel\u00edcula, Daniel se caracteriza por elegir trabajos en los que su actuaci\u00f3n se desarrolle y muestre algo sin tener nada que ver con un mago.<\/p>\n<p style=\"text-align: justify\">\u00bfSera esta otra estrategia para desmarcarse? O simplemente el guion es asombroso, ya que el que sea una comedia no tiene nada que ver con la calidad.<\/p>\n<p style=\"text-align: justify\">No queda m\u00e1s que esperar y ver su Radcliffe sigue haciendo su magia.<\/p>\n<p><span class=\"embed-youtube\" style=\"text-align:center; display: block;\"><iframe class=\"youtube-player\" width=\"1200\" height=\"675\" src=\"https:\/\/www.youtube.com\/embed\/oFSz_vlIo04?version=3&#038;rel=1&#038;showsearch=0&#038;showinfo=1&#038;iv_load_policy=1&#038;fs=1&#038;hl=es-MX&#038;autohide=2&#038;wmode=transparent\" allowfullscreen=\"true\" style=\"border:0;\" sandbox=\"allow-scripts allow-same-origin allow-popups allow-presentation allow-popups-to-escape-sandbox\"><\/iframe><\/span><\/p>\n","protected":false},"excerpt":{"rendered":"El famoso actor de una de las franquicias m\u00e1s grande de todos los tiempos Harry Potter regresa al&hellip;\n","protected":false},"author":51,"featured_media":16576,"comment_status":"open","ping_status":"open","sticky":false,"template":"","format":"standard","meta":{"jetpack_post_was_ever_published":false,"_jetpack_newsletter_access":"","_jetpack_dont_email_post_to_subs":false,"_jetpack_newsletter_tier_id":0,"_jetpack_memberships_contains_paywalled_content":false,"_jetpack_memberships_contains_paid_content":false,"footnotes":"","jetpack_publicize_message":"","jetpack_publicize_feature_enabled":true,"jetpack_social_post_already_shared":true,"jetpack_social_options":{"image_generator_settings":{"template":"highway","default_image_id":0,"font":"","enabled":false},"version":2}},"categories":[],"tags":[],"class_list":{"0":"post-16574","1":"post","2":"type-post","3":"status-publish","4":"format-standard","5":"has-post-thumbnail","7":"cs-entry","8":"cs-video-wrap"},"yoast_head":"<!-- This site is optimized with the Yoast SEO plugin v27.4 - https:\/\/yoast.com\/product\/yoast-seo-wordpress\/ -->\n<title>Daniel Radcliffe regresa al cine con &quot;What If&quot; - Kalot<\/title>\n<meta name=\"description\" content=\"El famoso actor de una de las franquicias m\u00e1s grande de todos los tiempos Harry Potter regresa al cine despu\u00e9s de su \u00faltima pel\u00edcula dram\u00e1tica \u201cKill Your\" \/>\n<meta name=\"robots\" content=\"index, follow, max-snippet:-1, max-image-preview:large, max-video-preview:-1\" \/>\n<link rel=\"canonical\" href=\"https:\/\/kalot.com.mx\/site\/2014\/06\/01\/daniel-radcliffe-regresa-al-cine-con\/\" \/>\n<meta property=\"og:locale\" content=\"es_MX\" \/>\n<meta property=\"og:type\" content=\"article\" \/>\n<meta property=\"og:title\" content=\"Daniel Radcliffe regresa al cine con &quot;What If&quot; - Kalot\" \/>\n<meta property=\"og:description\" content=\"El famoso actor de una de las franquicias m\u00e1s grande de todos los tiempos Harry Potter regresa al cine despu\u00e9s de su \u00faltima pel\u00edcula dram\u00e1tica \u201cKill Your\" \/>\n<meta property=\"og:url\" content=\"https:\/\/kalot.com.mx\/site\/2014\/06\/01\/daniel-radcliffe-regresa-al-cine-con\/\" \/>\n<meta property=\"og:site_name\" content=\"Kalot\" \/>\n<meta property=\"article:publisher\" content=\"http:\/\/facebook.com\/mxkalot\" \/>\n<meta property=\"article:published_time\" content=\"2014-06-02T00:00:22+00:00\" \/>\n<meta property=\"og:image\" content=\"https:\/\/i2.wp.com\/kalot.com.mx\/site\/wp-content\/uploads\/2014\/06\/what_if_ver2_xlg.jpg?fit=1283%2C960&ssl=1\" \/>\n\t<meta property=\"og:image:width\" content=\"1283\" \/>\n\t<meta property=\"og:image:height\" content=\"960\" \/>\n\t<meta property=\"og:image:type\" content=\"image\/jpeg\" \/>\n<meta name=\"author\" content=\"Ivan Mendez\" \/>\n<meta name=\"twitter:card\" content=\"summary_large_image\" \/>\n<meta name=\"twitter:creator\" content=\"@kalotmx\" \/>\n<meta name=\"twitter:site\" content=\"@kalotmx\" \/>\n<meta name=\"twitter:label1\" content=\"Escrito por\" \/>\n\t<meta name=\"twitter:data1\" content=\"Ivan Mendez\" \/>\n\t<meta name=\"twitter:label2\" content=\"Tiempo de lectura\" \/>\n\t<meta name=\"twitter:data2\" content=\"1 minuto\" \/>\n<!-- \/ Yoast SEO plugin. -->","yoast_head_json":{"title":"Daniel Radcliffe regresa al cine con \"What If\" - Kalot","description":"El famoso actor de una de las franquicias m\u00e1s grande de todos los tiempos Harry Potter regresa al cine despu\u00e9s de su \u00faltima pel\u00edcula dram\u00e1tica \u201cKill Your","robots":{"index":"index","follow":"follow","max-snippet":"max-snippet:-1","max-image-preview":"max-image-preview:large","max-video-preview":"max-video-preview:-1"},"canonical":"https:\/\/kalot.com.mx\/site\/2014\/06\/01\/daniel-radcliffe-regresa-al-cine-con\/","og_locale":"es_MX","og_type":"article","og_title":"Daniel Radcliffe regresa al cine con \"What If\" - Kalot","og_description":"El famoso actor de una de las franquicias m\u00e1s grande de todos los tiempos Harry Potter regresa al cine despu\u00e9s de su \u00faltima pel\u00edcula dram\u00e1tica \u201cKill Your","og_url":"https:\/\/kalot.com.mx\/site\/2014\/06\/01\/daniel-radcliffe-regresa-al-cine-con\/","og_site_name":"Kalot","article_publisher":"http:\/\/facebook.com\/mxkalot","article_published_time":"2014-06-02T00:00:22+00:00","og_image":[{"width":1283,"height":960,"url":"https:\/\/i2.wp.com\/kalot.com.mx\/site\/wp-content\/uploads\/2014\/06\/what_if_ver2_xlg.jpg?fit=1283%2C960&ssl=1","type":"image\/jpeg"}],"author":"Ivan Mendez","twitter_card":"summary_large_image","twitter_creator":"@kalotmx","twitter_site":"@kalotmx","twitter_misc":{"Escrito por":"Ivan Mendez","Tiempo de lectura":"1 minuto"},"schema":{"@context":"https:\/\/schema.org","@graph":[{"@type":"Article","@id":"https:\/\/kalot.com.mx\/site\/2014\/06\/01\/daniel-radcliffe-regresa-al-cine-con\/#article","isPartOf":{"@id":"https:\/\/kalot.com.mx\/site\/2014\/06\/01\/daniel-radcliffe-regresa-al-cine-con\/"},"author":{"name":"Ivan Mendez","@id":"https:\/\/kalot.com.mx\/site\/#\/schema\/person\/444a91ecc3b075ab573ff515d7f6d6e3"},"headline":"Daniel Radcliffe regresa al cine con &#8220;What If&#8221;","datePublished":"2014-06-02T00:00:22+00:00","mainEntityOfPage":{"@id":"https:\/\/kalot.com.mx\/site\/2014\/06\/01\/daniel-radcliffe-regresa-al-cine-con\/"},"wordCount":188,"commentCount":1,"publisher":{"@id":"https:\/\/kalot.com.mx\/site\/#organization"},"image":{"@id":"https:\/\/kalot.com.mx\/site\/2014\/06\/01\/daniel-radcliffe-regresa-al-cine-con\/#primaryimage"},"thumbnailUrl":"https:\/\/i0.wp.com\/kalot.com.mx\/site\/wp-content\/uploads\/2014\/06\/what_if_ver2_xlg.jpg?fit=1283%2C960&ssl=1","inLanguage":"es","potentialAction":[{"@type":"CommentAction","name":"Comment","target":["https:\/\/kalot.com.mx\/site\/2014\/06\/01\/daniel-radcliffe-regresa-al-cine-con\/#respond"]}]},{"@type":"WebPage","@id":"https:\/\/kalot.com.mx\/site\/2014\/06\/01\/daniel-radcliffe-regresa-al-cine-con\/","url":"https:\/\/kalot.com.mx\/site\/2014\/06\/01\/daniel-radcliffe-regresa-al-cine-con\/","name":"Daniel Radcliffe regresa al cine con \"What If\" - Kalot","isPartOf":{"@id":"https:\/\/kalot.com.mx\/site\/#website"},"primaryImageOfPage":{"@id":"https:\/\/kalot.com.mx\/site\/2014\/06\/01\/daniel-radcliffe-regresa-al-cine-con\/#primaryimage"},"image":{"@id":"https:\/\/kalot.com.mx\/site\/2014\/06\/01\/daniel-radcliffe-regresa-al-cine-con\/#primaryimage"},"thumbnailUrl":"https:\/\/i0.wp.com\/kalot.com.mx\/site\/wp-content\/uploads\/2014\/06\/what_if_ver2_xlg.jpg?fit=1283%2C960&ssl=1","datePublished":"2014-06-02T00:00:22+00:00","description":"El famoso actor de una de las franquicias m\u00e1s grande de todos los tiempos Harry Potter regresa al cine despu\u00e9s de su \u00faltima pel\u00edcula dram\u00e1tica \u201cKill Your","breadcrumb":{"@id":"https:\/\/kalot.com.mx\/site\/2014\/06\/01\/daniel-radcliffe-regresa-al-cine-con\/#breadcrumb"},"inLanguage":"es","potentialAction":[{"@type":"ReadAction","target":["https:\/\/kalot.com.mx\/site\/2014\/06\/01\/daniel-radcliffe-regresa-al-cine-con\/"]}]},{"@type":"ImageObject","inLanguage":"es","@id":"https:\/\/kalot.com.mx\/site\/2014\/06\/01\/daniel-radcliffe-regresa-al-cine-con\/#primaryimage","url":"https:\/\/i0.wp.com\/kalot.com.mx\/site\/wp-content\/uploads\/2014\/06\/what_if_ver2_xlg.jpg?fit=1283%2C960&ssl=1","contentUrl":"https:\/\/i0.wp.com\/kalot.com.mx\/site\/wp-content\/uploads\/2014\/06\/what_if_ver2_xlg.jpg?fit=1283%2C960&ssl=1","width":1283,"height":960},{"@type":"BreadcrumbList","@id":"https:\/\/kalot.com.mx\/site\/2014\/06\/01\/daniel-radcliffe-regresa-al-cine-con\/#breadcrumb","itemListElement":[{"@type":"ListItem","position":1,"name":"Home","item":"https:\/\/kalot.com.mx\/site\/"},{"@type":"ListItem","position":2,"name":"Daniel Radcliffe regresa al cine con &#8220;What If&#8221;"}]},{"@type":"WebSite","@id":"https:\/\/kalot.com.mx\/site\/#website","url":"https:\/\/kalot.com.mx\/site\/","name":"Kalot","description":"Conoce Todo Sobre Todo","publisher":{"@id":"https:\/\/kalot.com.mx\/site\/#organization"},"potentialAction":[{"@type":"SearchAction","target":{"@type":"EntryPoint","urlTemplate":"https:\/\/kalot.com.mx\/site\/?s={search_term_string}"},"query-input":{"@type":"PropertyValueSpecification","valueRequired":true,"valueName":"search_term_string"}}],"inLanguage":"es"},{"@type":"Organization","@id":"https:\/\/kalot.com.mx\/site\/#organization","name":"Kalot","url":"https:\/\/kalot.com.mx\/site\/","logo":{"@type":"ImageObject","inLanguage":"es","@id":"https:\/\/kalot.com.mx\/site\/#\/schema\/logo\/image\/","url":"https:\/\/i0.wp.com\/kalot.com.mx\/site\/wp-content\/uploads\/2020\/04\/Kalot-logo-sin-tagline.png?fit=1707%2C1014&ssl=1","contentUrl":"https:\/\/i0.wp.com\/kalot.com.mx\/site\/wp-content\/uploads\/2020\/04\/Kalot-logo-sin-tagline.png?fit=1707%2C1014&ssl=1","width":1707,"height":1014,"caption":"Kalot"},"image":{"@id":"https:\/\/kalot.com.mx\/site\/#\/schema\/logo\/image\/"},"sameAs":["http:\/\/facebook.com\/mxkalot","https:\/\/x.com\/kalotmx","http:\/\/instagram.com\/kalotmx","http:\/\/pinterest.com\/jorgeerana\/kalot"]},{"@type":"Person","@id":"https:\/\/kalot.com.mx\/site\/#\/schema\/person\/444a91ecc3b075ab573ff515d7f6d6e3","name":"Ivan Mendez","image":{"@type":"ImageObject","inLanguage":"es","@id":"https:\/\/secure.gravatar.com\/avatar\/d3590cbb14ecd120bf7a8d9b0ab9a1dae9b2aab34a41a577b5288298a4d08e36?s=96&d=mm&r=g","url":"https:\/\/secure.gravatar.com\/avatar\/d3590cbb14ecd120bf7a8d9b0ab9a1dae9b2aab34a41a577b5288298a4d08e36?s=96&d=mm&r=g","contentUrl":"https:\/\/secure.gravatar.com\/avatar\/d3590cbb14ecd120bf7a8d9b0ab9a1dae9b2aab34a41a577b5288298a4d08e36?s=96&d=mm&r=g","caption":"Ivan Mendez"},"url":"https:\/\/kalot.com.mx\/site\/author\/ivan\/"}]}},"jetpack_publicize_connections":[],"jetpack_featured_media_url":"https:\/\/i0.wp.com\/kalot.com.mx\/site\/wp-content\/uploads\/2014\/06\/what_if_ver2_xlg.jpg?fit=1283%2C960&ssl=1","jetpack_shortlink":"https:\/\/wp.me\/p6IHEI-4jk","jetpack-related-posts":[{"id":26859,"url":"https:\/\/kalot.com.mx\/site\/2017\/01\/13\/laresena-godzilla-resurge\/","url_meta":{"origin":16574,"position":0},"title":"#LaRese\u00f1a: Godzilla Resurge","author":"yash","date":"13 enero, 2017","format":false,"excerpt":"Godzilla ha regresado y llega a M\u00e9xico \u00a1Un homenaje al cl\u00e1sico japones! Luego de los dos (p\u00e9simos) intentos de \"agringar\" a Godzilla, el m\u00edtico muestro regresa a manos japonesas y en esta ocasi\u00f3n nos entregan un\u00a0reboot que servir\u00e1 para darle una nueva imagen a la saga y que sin duda\u2026","rel":"","context":"En &quot;Cine&quot;","block_context":{"text":"Cine","link":"https:\/\/kalot.com.mx\/site\/category\/cine\/"},"img":{"alt_text":"","src":"https:\/\/i0.wp.com\/kalot.com.mx\/site\/wp-content\/uploads\/2017\/01\/Godzillaresurge3.jpeg?fit=1200%2C720&ssl=1&resize=350%2C200","width":350,"height":200,"srcset":"https:\/\/i0.wp.com\/kalot.com.mx\/site\/wp-content\/uploads\/2017\/01\/Godzillaresurge3.jpeg?fit=1200%2C720&ssl=1&resize=350%2C200 1x, https:\/\/i0.wp.com\/kalot.com.mx\/site\/wp-content\/uploads\/2017\/01\/Godzillaresurge3.jpeg?fit=1200%2C720&ssl=1&resize=525%2C300 1.5x, https:\/\/i0.wp.com\/kalot.com.mx\/site\/wp-content\/uploads\/2017\/01\/Godzillaresurge3.jpeg?fit=1200%2C720&ssl=1&resize=700%2C400 2x, https:\/\/i0.wp.com\/kalot.com.mx\/site\/wp-content\/uploads\/2017\/01\/Godzillaresurge3.jpeg?fit=1200%2C720&ssl=1&resize=1050%2C600 3x"},"classes":[]},{"id":23617,"url":"https:\/\/kalot.com.mx\/site\/2015\/09\/23\/tobey-maguire-regresa-como-bobby-fischer-la-jugada-maestra\/","url_meta":{"origin":16574,"position":1},"title":"Tobey Maguire regresa como: Bobby Fischer &#8220;La Jugada Maestra&#8221;","author":"Fabiia Rivera","date":"23 septiembre, 2015","format":false,"excerpt":"Si ya piensas en el pr\u00f3ximo puentesito, esto te gustar\u00e1: Regresa el chico buena onda \"Tobey Maguire\" el guapisimo ex spiderman, pero esta vez promete una mejor actuaci\u00f3n como \"Bobby Fischer\" con la Pel\u00edcula \"Pawn Sacrifice\" que traducido al espa\u00f1ol es La Jugada Maestra, y es que esta pel\u00edcula es\u2026","rel":"","context":"En &quot;Cine&quot;","block_context":{"text":"Cine","link":"https:\/\/kalot.com.mx\/site\/category\/cine\/"},"img":{"alt_text":"","src":"https:\/\/i0.wp.com\/kalot.com.mx\/site\/wp-content\/uploads\/2015\/09\/pawn_sacrifice_poster.jpg?fit=405%2C600&ssl=1&resize=350%2C200","width":350,"height":200},"classes":[]},{"id":17268,"url":"https:\/\/kalot.com.mx\/site\/2014\/07\/16\/daniel-radcliffe-sin-varita-pero-ahora-con-horns\/","url_meta":{"origin":16574,"position":2},"title":"Daniel Radcliffe sin varita pero ahora con  \u2018Horns\u2019","author":"Ivan Mendez","date":"16 julio, 2014","format":false,"excerpt":"Este mes se cumplen tres a\u00f1os de que la \u00faltima pel\u00edcula de Harry Potter lleg\u00f3 a las salas de cine y eso no ha impedido que sus protagonistas sigan su camino. Daniel Radcliffe muy pronto estar\u00e1 de regreso a la gran pantalla con Horns una historia basada en el libro\u2026","rel":"","context":"Entrada similar ","block_context":{"text":"Entrada similar ","link":""},"img":{"alt_text":"","src":"https:\/\/i0.wp.com\/kalot.com.mx\/site\/wp-content\/uploads\/2014\/07\/7773239912_l-acteur-britannique-daniel-radcliffe-sera-a-l-affiche-de-5-films-d-ici-2015.jpg?fit=1200%2C800&ssl=1&resize=350%2C200","width":350,"height":200,"srcset":"https:\/\/i0.wp.com\/kalot.com.mx\/site\/wp-content\/uploads\/2014\/07\/7773239912_l-acteur-britannique-daniel-radcliffe-sera-a-l-affiche-de-5-films-d-ici-2015.jpg?fit=1200%2C800&ssl=1&resize=350%2C200 1x, https:\/\/i0.wp.com\/kalot.com.mx\/site\/wp-content\/uploads\/2014\/07\/7773239912_l-acteur-britannique-daniel-radcliffe-sera-a-l-affiche-de-5-films-d-ici-2015.jpg?fit=1200%2C800&ssl=1&resize=525%2C300 1.5x, https:\/\/i0.wp.com\/kalot.com.mx\/site\/wp-content\/uploads\/2014\/07\/7773239912_l-acteur-britannique-daniel-radcliffe-sera-a-l-affiche-de-5-films-d-ici-2015.jpg?fit=1200%2C800&ssl=1&resize=700%2C400 2x, https:\/\/i0.wp.com\/kalot.com.mx\/site\/wp-content\/uploads\/2014\/07\/7773239912_l-acteur-britannique-daniel-radcliffe-sera-a-l-affiche-de-5-films-d-ici-2015.jpg?fit=1200%2C800&ssl=1&resize=1050%2C600 3x"},"classes":[]},{"id":24506,"url":"https:\/\/kalot.com.mx\/site\/2015\/12\/10\/trailers-de-las-peliculas-mas-esperadas-para-2016\/","url_meta":{"origin":16574,"position":3},"title":"Tr\u00e1ilers de las pel\u00edculas m\u00e1s esperadas para 2016","author":"HM_MKT007","date":"10 diciembre, 2015","format":false,"excerpt":"Ahhh que bonito es iniciar un a\u00f1o con tan buenas expectativas, m\u00e1s cuanto tienes una lista tan amplia eh interesante de pel\u00edculas por ver, m\u00e1s cuando son tan emocionantes, \u00e9picos, divertidos, y cuanto se les ocurra, sin dudas, nos dejan con la emoci\u00f3n en lo m\u00e1s alto, y con ganas\u2026","rel":"","context":"En &quot;Cine&quot;","block_context":{"text":"Cine","link":"https:\/\/kalot.com.mx\/site\/category\/cine\/"},"img":{"alt_text":"","src":"https:\/\/i0.wp.com\/kalot.com.mx\/site\/wp-content\/uploads\/2015\/12\/cine.jpg?fit=618%2C336&ssl=1&resize=350%2C200","width":350,"height":200,"srcset":"https:\/\/i0.wp.com\/kalot.com.mx\/site\/wp-content\/uploads\/2015\/12\/cine.jpg?fit=618%2C336&ssl=1&resize=350%2C200 1x, https:\/\/i0.wp.com\/kalot.com.mx\/site\/wp-content\/uploads\/2015\/12\/cine.jpg?fit=618%2C336&ssl=1&resize=525%2C300 1.5x"},"classes":[]},{"id":24311,"url":"https:\/\/kalot.com.mx\/site\/2015\/11\/25\/recordando-aberraciones-del-cine-dragon-ball-evolution\/","url_meta":{"origin":16574,"position":4},"title":"RECORDANDO ABERRACIONES DEL CINE: DRAGON BALL EVOLUTION","author":"HM_MKT007","date":"25 noviembre, 2015","format":false,"excerpt":"Hoy hacemos una nueva secci\u00f3n, que se llamar\u00e1: (Redoble de tambores) \"RECORDANDO ABERRACIONES DEL CINE\", esto sin ning\u00fan motivo aparente, y realmente porque no se nos ocurri\u00f3 nada mejor, bueno... realmente si tiene una raz\u00f3n, en KALOT, tenemos una secci\u00f3n que se llama DESEMPOLVANDO PEL\u00cdCULAS, y generalmente es de buenas\u2026","rel":"","context":"En &quot;Cine&quot;","block_context":{"text":"Cine","link":"https:\/\/kalot.com.mx\/site\/category\/cine\/"},"img":{"alt_text":"","src":"https:\/\/i0.wp.com\/kalot.com.mx\/site\/wp-content\/uploads\/2015\/11\/dragonballevolution_hero_vf1.jpg?fit=1066%2C512&ssl=1&resize=350%2C200","width":350,"height":200,"srcset":"https:\/\/i0.wp.com\/kalot.com.mx\/site\/wp-content\/uploads\/2015\/11\/dragonballevolution_hero_vf1.jpg?fit=1066%2C512&ssl=1&resize=350%2C200 1x, https:\/\/i0.wp.com\/kalot.com.mx\/site\/wp-content\/uploads\/2015\/11\/dragonballevolution_hero_vf1.jpg?fit=1066%2C512&ssl=1&resize=525%2C300 1.5x, https:\/\/i0.wp.com\/kalot.com.mx\/site\/wp-content\/uploads\/2015\/11\/dragonballevolution_hero_vf1.jpg?fit=1066%2C512&ssl=1&resize=700%2C400 2x, https:\/\/i0.wp.com\/kalot.com.mx\/site\/wp-content\/uploads\/2015\/11\/dragonballevolution_hero_vf1.jpg?fit=1066%2C512&ssl=1&resize=1050%2C600 3x"},"classes":[]},{"id":26892,"url":"https:\/\/kalot.com.mx\/site\/2017\/01\/21\/james-cameron-regresa-a-la-saga-terminator\/","url_meta":{"origin":16574,"position":5},"title":"James Cameron regresa a la saga de Terminator","author":"yash","date":"21 enero, 2017","format":false,"excerpt":"El aclamado director puede recuperar los derechos de la franquicia en 2019 para concluir la saga. James Cameron, creador de la saga de Terminator, est\u00e1 a punto de recuperar los derechos de explotaci\u00f3n de su creaci\u00f3n en 2019. La idea es concluir el ciclo de pel\u00edculas que han salido a\u2026","rel":"","context":"En &quot;Cine&quot;","block_context":{"text":"Cine","link":"https:\/\/kalot.com.mx\/site\/category\/cine\/"},"img":{"alt_text":"","src":"https:\/\/i0.wp.com\/kalot.com.mx\/site\/wp-content\/uploads\/2017\/01\/james-cameron-reiniciara-la-saga-tras-terminator-genesis-en-2019-original.jpg?fit=1200%2C807&ssl=1&resize=350%2C200","width":350,"height":200,"srcset":"https:\/\/i0.wp.com\/kalot.com.mx\/site\/wp-content\/uploads\/2017\/01\/james-cameron-reiniciara-la-saga-tras-terminator-genesis-en-2019-original.jpg?fit=1200%2C807&ssl=1&resize=350%2C200 1x, https:\/\/i0.wp.com\/kalot.com.mx\/site\/wp-content\/uploads\/2017\/01\/james-cameron-reiniciara-la-saga-tras-terminator-genesis-en-2019-original.jpg?fit=1200%2C807&ssl=1&resize=525%2C300 1.5x, https:\/\/i0.wp.com\/kalot.com.mx\/site\/wp-content\/uploads\/2017\/01\/james-cameron-reiniciara-la-saga-tras-terminator-genesis-en-2019-original.jpg?fit=1200%2C807&ssl=1&resize=700%2C400 2x, https:\/\/i0.wp.com\/kalot.com.mx\/site\/wp-content\/uploads\/2017\/01\/james-cameron-reiniciara-la-saga-tras-terminator-genesis-en-2019-original.jpg?fit=1200%2C807&ssl=1&resize=1050%2C600 3x"},"classes":[]}],"jetpack_sharing_enabled":true,"_links":{"self":[{"href":"https:\/\/kalot.com.mx\/site\/wp-json\/wp\/v2\/posts\/16574","targetHints":{"allow":["GET"]}}],"collection":[{"href":"https:\/\/kalot.com.mx\/site\/wp-json\/wp\/v2\/posts"}],"about":[{"href":"https:\/\/kalot.com.mx\/site\/wp-json\/wp\/v2\/types\/post"}],"author":[{"embeddable":true,"href":"https:\/\/kalot.com.mx\/site\/wp-json\/wp\/v2\/users\/51"}],"replies":[{"embeddable":true,"href":"https:\/\/kalot.com.mx\/site\/wp-json\/wp\/v2\/comments?post=16574"}],"version-history":[{"count":0,"href":"https:\/\/kalot.com.mx\/site\/wp-json\/wp\/v2\/posts\/16574\/revisions"}],"wp:featuredmedia":[{"embeddable":true,"href":"https:\/\/kalot.com.mx\/site\/wp-json\/wp\/v2\/media\/16576"}],"wp:attachment":[{"href":"https:\/\/kalot.com.mx\/site\/wp-json\/wp\/v2\/media?parent=16574"}],"wp:term":[{"taxonomy":"category","embeddable":true,"href":"https:\/\/kalot.com.mx\/site\/wp-json\/wp\/v2\/categories?post=16574"},{"taxonomy":"post_tag","embeddable":true,"href":"https:\/\/kalot.com.mx\/site\/wp-json\/wp\/v2\/tags?post=16574"}],"curies":[{"name":"wp","href":"https:\/\/api.w.org\/{rel}","templated":true}]}}