{"id":16563,"date":"2014-05-31T16:31:56","date_gmt":"2014-05-31T21:31:56","guid":{"rendered":"http:\/\/www.kalot.com.mx\/?p=16563"},"modified":"2014-05-31T11:35:18","modified_gmt":"2014-05-31T16:35:18","slug":"la-moda-masculina-y-verde","status":"publish","type":"post","link":"https:\/\/kalot.com.mx\/site\/2014\/05\/31\/la-moda-masculina-y-verde\/","title":{"rendered":"La moda masculina verde"},"content":{"rendered":"<p style=\"text-align: justify\">No puede llamarse moda el ayudar porque eso significar\u00eda que un d\u00eda simplemente ya no est\u00e1 en el top y por consiguiente se dejar\u00eda de usar, por lo que esto debiera llamarse m\u00e1s bien: Un nuevo estilo de vida.<\/p>\n<p style=\"text-align: justify\">Y es que esto de lo verde ya no es nuevo, tiene un tiempo que se ha ido metiendo cada vez mas en la conciencia humana, solo con recordar en la primaria cuando nos pon\u00edan a reciclar, o a tomar fotos de lo que la contaminaci\u00f3n hacia al medio ambiente era un modo de pensar en verde.<\/p>\n<p style=\"text-align: justify\">Me encanta la moda porque aunque muchos \u201cartistas\u201d no la consideran un arte mi punto de vista es que de hecho, cada cosa creativa que se materialice a partir de la mente humana lo es para m\u00ed.<\/p>\n<p style=\"text-align: justify\">Es por eso que muchas marcas masculinas se han puesto las pilas y recientemente varias de ellas lanzaron sus colecciones sustentables o bien para ayudar al medio ambiente o a alguna organizaci\u00f3n sin fines de lucro.<\/p>\n<p style=\"text-align: justify\">Dockers es un ejemplo de ello ya que en su m\u00e1s reciente colecci\u00f3n \u201cDockers: wellthread collection\u201d nos deja claro que no se aleja del sello que la caracteriza pero que en sus procesos de producci\u00f3n disminuyen notablemente el consumo de fuentes vitales para la tierra.<\/p>\n<p style=\"text-align: justify\">Tal vez sea solo una estrategia porque cada vez hay m\u00e1s personas que ven el lado que no se ve de las marcas, pero siempre que estas ayuden sin importar los motivos, tiene que ser reconocido.<\/p>\n<p><span class=\"embed-youtube\" style=\"text-align:center; display: block;\"><iframe class=\"youtube-player\" width=\"1200\" height=\"675\" src=\"https:\/\/www.youtube.com\/embed\/3xGR_psgU0k?version=3&#038;rel=1&#038;showsearch=0&#038;showinfo=1&#038;iv_load_policy=1&#038;fs=1&#038;hl=es-MX&#038;autohide=2&#038;wmode=transparent\" allowfullscreen=\"true\" style=\"border:0;\" sandbox=\"allow-scripts allow-same-origin allow-popups allow-presentation allow-popups-to-escape-sandbox\"><\/iframe><\/span><\/p>\n","protected":false},"excerpt":{"rendered":"No puede llamarse moda el ayudar porque eso significar\u00eda que un d\u00eda simplemente ya no est\u00e1 en el&hellip;\n","protected":false},"author":51,"featured_media":16565,"comment_status":"open","ping_status":"open","sticky":false,"template":"","format":"standard","meta":{"_jetpack_newsletter_access":"","_jetpack_dont_email_post_to_subs":false,"_jetpack_newsletter_tier_id":0,"_jetpack_memberships_contains_paywalled_content":false,"_jetpack_feature_clip_id":0,"_jetpack_memberships_contains_paid_content":false,"footnotes":"","jetpack_publicize_message":"","jetpack_publicize_feature_enabled":true,"jetpack_social_post_already_shared":true,"jetpack_social_options":{"image_generator_settings":{"template":"highway","default_image_id":0,"font":"","enabled":false},"version":2},"jetpack_post_was_ever_published":false},"categories":[],"tags":[],"class_list":["post-16563","post","type-post","status-publish","format-standard","has-post-thumbnail","cs-entry","cs-video-wrap"],"yoast_head":"<!-- This site is optimized with the Yoast SEO plugin v28.4 - https:\/\/yoast.com\/product\/yoast-seo-wordpress\/ -->\n<title>La moda masculina verde - Kalot<\/title>\n<meta name=\"description\" content=\"No puede llamarse moda el ayudar porque eso significar\u00eda que un d\u00eda simplemente ya no est\u00e1 en el top y por consiguiente se dejar\u00eda de usar, por lo que\" \/>\n<meta name=\"robots\" content=\"index, follow, max-snippet:-1, max-image-preview:large, max-video-preview:-1\" \/>\n<link rel=\"canonical\" href=\"https:\/\/kalot.com.mx\/site\/2014\/05\/31\/la-moda-masculina-y-verde\/\" \/>\n<meta property=\"og:locale\" content=\"es_MX\" \/>\n<meta property=\"og:type\" content=\"article\" \/>\n<meta property=\"og:title\" content=\"La moda masculina verde - Kalot\" \/>\n<meta property=\"og:description\" content=\"No puede llamarse moda el ayudar porque eso significar\u00eda que un d\u00eda simplemente ya no est\u00e1 en el top y por consiguiente se dejar\u00eda de usar, por lo que\" \/>\n<meta property=\"og:url\" content=\"https:\/\/kalot.com.mx\/site\/2014\/05\/31\/la-moda-masculina-y-verde\/\" \/>\n<meta property=\"og:site_name\" content=\"Kalot\" \/>\n<meta property=\"article:publisher\" content=\"http:\/\/facebook.com\/mxkalot\" \/>\n<meta property=\"article:published_time\" content=\"2014-05-31T21:31:56+00:00\" \/>\n<meta property=\"og:image\" content=\"https:\/\/i2.wp.com\/kalot.com.mx\/site\/wp-content\/uploads\/2014\/05\/Paul-and-WIlliams.jpg?fit=940%2C600&ssl=1\" \/>\n\t<meta property=\"og:image:width\" content=\"940\" \/>\n\t<meta property=\"og:image:height\" content=\"600\" \/>\n\t<meta property=\"og:image:type\" content=\"image\/jpeg\" \/>\n<meta name=\"author\" content=\"Ivan Mendez\" \/>\n<meta name=\"twitter:card\" content=\"summary_large_image\" \/>\n<meta name=\"twitter:creator\" content=\"@kalotmx\" \/>\n<meta name=\"twitter:site\" content=\"@kalotmx\" \/>\n<meta name=\"twitter:label1\" content=\"Escrito por\" \/>\n\t<meta name=\"twitter:data1\" content=\"Ivan Mendez\" \/>\n\t<meta name=\"twitter:label2\" content=\"Tiempo de lectura\" \/>\n\t<meta name=\"twitter:data2\" content=\"1 minuto\" \/>\n<!-- \/ Yoast SEO plugin. -->","yoast_head_json":{"title":"La moda masculina verde - Kalot","description":"No puede llamarse moda el ayudar porque eso significar\u00eda que un d\u00eda simplemente ya no est\u00e1 en el top y por consiguiente se dejar\u00eda de usar, por lo que","robots":{"index":"index","follow":"follow","max-snippet":"max-snippet:-1","max-image-preview":"max-image-preview:large","max-video-preview":"max-video-preview:-1"},"canonical":"https:\/\/kalot.com.mx\/site\/2014\/05\/31\/la-moda-masculina-y-verde\/","og_locale":"es_MX","og_type":"article","og_title":"La moda masculina verde - Kalot","og_description":"No puede llamarse moda el ayudar porque eso significar\u00eda que un d\u00eda simplemente ya no est\u00e1 en el top y por consiguiente se dejar\u00eda de usar, por lo que","og_url":"https:\/\/kalot.com.mx\/site\/2014\/05\/31\/la-moda-masculina-y-verde\/","og_site_name":"Kalot","article_publisher":"http:\/\/facebook.com\/mxkalot","article_published_time":"2014-05-31T21:31:56+00:00","og_image":[{"width":940,"height":600,"url":"https:\/\/i2.wp.com\/kalot.com.mx\/site\/wp-content\/uploads\/2014\/05\/Paul-and-WIlliams.jpg?fit=940%2C600&ssl=1","type":"image\/jpeg"}],"author":"Ivan Mendez","twitter_card":"summary_large_image","twitter_creator":"@kalotmx","twitter_site":"@kalotmx","twitter_misc":{"Escrito por":"Ivan Mendez","Tiempo de lectura":"1 minuto"},"schema":{"@context":"https:\/\/schema.org","@graph":[{"@type":"Article","@id":"https:\/\/kalot.com.mx\/site\/2014\/05\/31\/la-moda-masculina-y-verde\/#article","isPartOf":{"@id":"https:\/\/kalot.com.mx\/site\/2014\/05\/31\/la-moda-masculina-y-verde\/"},"author":{"name":"Ivan Mendez","@id":"https:\/\/kalot.com.mx\/site\/#\/schema\/person\/444a91ecc3b075ab573ff515d7f6d6e3"},"headline":"La moda masculina verde","datePublished":"2014-05-31T21:31:56+00:00","mainEntityOfPage":{"@id":"https:\/\/kalot.com.mx\/site\/2014\/05\/31\/la-moda-masculina-y-verde\/"},"wordCount":274,"commentCount":0,"publisher":{"@id":"https:\/\/kalot.com.mx\/site\/#organization"},"image":{"@id":"https:\/\/kalot.com.mx\/site\/2014\/05\/31\/la-moda-masculina-y-verde\/#primaryimage"},"thumbnailUrl":"https:\/\/i0.wp.com\/kalot.com.mx\/site\/wp-content\/uploads\/2014\/05\/Paul-and-WIlliams.jpg?fit=940%2C600&ssl=1","inLanguage":"es","potentialAction":[{"@type":"CommentAction","name":"Comment","target":["https:\/\/kalot.com.mx\/site\/2014\/05\/31\/la-moda-masculina-y-verde\/#respond"]}]},{"@type":"WebPage","@id":"https:\/\/kalot.com.mx\/site\/2014\/05\/31\/la-moda-masculina-y-verde\/","url":"https:\/\/kalot.com.mx\/site\/2014\/05\/31\/la-moda-masculina-y-verde\/","name":"La moda masculina verde - Kalot","isPartOf":{"@id":"https:\/\/kalot.com.mx\/site\/#website"},"primaryImageOfPage":{"@id":"https:\/\/kalot.com.mx\/site\/2014\/05\/31\/la-moda-masculina-y-verde\/#primaryimage"},"image":{"@id":"https:\/\/kalot.com.mx\/site\/2014\/05\/31\/la-moda-masculina-y-verde\/#primaryimage"},"thumbnailUrl":"https:\/\/i0.wp.com\/kalot.com.mx\/site\/wp-content\/uploads\/2014\/05\/Paul-and-WIlliams.jpg?fit=940%2C600&ssl=1","datePublished":"2014-05-31T21:31:56+00:00","description":"No puede llamarse moda el ayudar porque eso significar\u00eda que un d\u00eda simplemente ya no est\u00e1 en el top y por consiguiente se dejar\u00eda de usar, por lo que","breadcrumb":{"@id":"https:\/\/kalot.com.mx\/site\/2014\/05\/31\/la-moda-masculina-y-verde\/#breadcrumb"},"inLanguage":"es","potentialAction":[{"@type":"ReadAction","target":["https:\/\/kalot.com.mx\/site\/2014\/05\/31\/la-moda-masculina-y-verde\/"]}]},{"@type":"ImageObject","inLanguage":"es","@id":"https:\/\/kalot.com.mx\/site\/2014\/05\/31\/la-moda-masculina-y-verde\/#primaryimage","url":"https:\/\/i0.wp.com\/kalot.com.mx\/site\/wp-content\/uploads\/2014\/05\/Paul-and-WIlliams.jpg?fit=940%2C600&ssl=1","contentUrl":"https:\/\/i0.wp.com\/kalot.com.mx\/site\/wp-content\/uploads\/2014\/05\/Paul-and-WIlliams.jpg?fit=940%2C600&ssl=1","width":940,"height":600},{"@type":"BreadcrumbList","@id":"https:\/\/kalot.com.mx\/site\/2014\/05\/31\/la-moda-masculina-y-verde\/#breadcrumb","itemListElement":[{"@type":"ListItem","position":1,"name":"Home","item":"https:\/\/kalot.com.mx\/site\/"},{"@type":"ListItem","position":2,"name":"La moda masculina verde"}]},{"@type":"WebSite","@id":"https:\/\/kalot.com.mx\/site\/#website","url":"https:\/\/kalot.com.mx\/site\/","name":"Kalot","description":"Conoce Todo Sobre Todo","publisher":{"@id":"https:\/\/kalot.com.mx\/site\/#organization"},"potentialAction":[{"@type":"SearchAction","target":{"@type":"EntryPoint","urlTemplate":"https:\/\/kalot.com.mx\/site\/?s={search_term_string}"},"query-input":{"@type":"PropertyValueSpecification","valueRequired":true,"valueName":"search_term_string"}}],"inLanguage":"es"},{"@type":"Organization","@id":"https:\/\/kalot.com.mx\/site\/#organization","name":"Kalot","url":"https:\/\/kalot.com.mx\/site\/","logo":{"@type":"ImageObject","inLanguage":"es","@id":"https:\/\/kalot.com.mx\/site\/#\/schema\/logo\/image\/","url":"https:\/\/i0.wp.com\/kalot.com.mx\/site\/wp-content\/uploads\/2020\/04\/Kalot-logo-sin-tagline.png?fit=1707%2C1014&ssl=1","contentUrl":"https:\/\/i0.wp.com\/kalot.com.mx\/site\/wp-content\/uploads\/2020\/04\/Kalot-logo-sin-tagline.png?fit=1707%2C1014&ssl=1","width":1707,"height":1014,"caption":"Kalot"},"image":{"@id":"https:\/\/kalot.com.mx\/site\/#\/schema\/logo\/image\/"},"sameAs":["http:\/\/facebook.com\/mxkalot","https:\/\/x.com\/kalotmx","http:\/\/instagram.com\/kalotmx","http:\/\/pinterest.com\/jorgeerana\/kalot"]},{"@type":"Person","@id":"https:\/\/kalot.com.mx\/site\/#\/schema\/person\/444a91ecc3b075ab573ff515d7f6d6e3","name":"Ivan Mendez","image":{"@type":"ImageObject","inLanguage":"es","@id":"https:\/\/secure.gravatar.com\/avatar\/d3590cbb14ecd120bf7a8d9b0ab9a1dae9b2aab34a41a577b5288298a4d08e36?s=96&d=mm&r=g","url":"https:\/\/secure.gravatar.com\/avatar\/d3590cbb14ecd120bf7a8d9b0ab9a1dae9b2aab34a41a577b5288298a4d08e36?s=96&d=mm&r=g","contentUrl":"https:\/\/secure.gravatar.com\/avatar\/d3590cbb14ecd120bf7a8d9b0ab9a1dae9b2aab34a41a577b5288298a4d08e36?s=96&d=mm&r=g","caption":"Ivan Mendez"},"url":"https:\/\/kalot.com.mx\/site\/author\/ivan\/"}]}},"jetpack_publicize_connections":[],"jetpack_shortlink":"https:\/\/wp.me\/p6IHEI-4j9","jetpack-related-posts":[{"id":6154,"url":"https:\/\/kalot.com.mx\/site\/2013\/11\/10\/fashion-business-2013\/","url_meta":{"origin":16563,"position":0},"title":"Fashion Business 2013","author":"Alba Gonz\u00e1lez","date":"10 noviembre, 2013","format":false,"excerpt":"\"Esto se pone de moda, y yo me pongo de modo\" -Mi patrona, 2013. Trabajo en el fashion business, lo cual es muy divertido, y algo estresante, pero sabemos que No pain, no gain... La cosa es que el 2013 ha sido un a\u00f1o muy marcado por la moda: los\u2026","rel":"","context":"Entrada similar ","block_context":{"text":"Entrada similar ","link":""},"img":{"alt_text":"","src":"https:\/\/i0.wp.com\/kalot.com.mx\/site\/wp-content\/uploads\/2013\/11\/fall-winter.jpg?fit=600%2C750&ssl=1&resize=350%2C200","width":350,"height":200,"srcset":"https:\/\/i0.wp.com\/kalot.com.mx\/site\/wp-content\/uploads\/2013\/11\/fall-winter.jpg?fit=600%2C750&ssl=1&resize=350%2C200 1x, https:\/\/i0.wp.com\/kalot.com.mx\/site\/wp-content\/uploads\/2013\/11\/fall-winter.jpg?fit=600%2C750&ssl=1&resize=525%2C300 1.5x"},"classes":[]},{"id":16326,"url":"https:\/\/kalot.com.mx\/site\/2014\/05\/28\/predecir-tendencias-en-moda\/","url_meta":{"origin":16563,"position":1},"title":"\u00bfC\u00f3mo se predicen las tendencias en moda?","author":"Dulce Mireles","date":"28 mayo, 2014","format":false,"excerpt":"Por Dulce Mireles \u00a1Hola Kaloch@s! El boss ya me rega\u00f1\u00f3 un poco por dejar de escribir por casi 3 semanas pero ya estoy de regreso. Bien, pues en esta entrada les voy a contar sobre un tema del cual no suelo hablar mucho pero que siempre ha tenido mi curiosidad.\u2026","rel":"","context":"Entrada similar ","block_context":{"text":"Entrada similar ","link":""},"img":{"alt_text":"","src":"https:\/\/i0.wp.com\/kalot.com.mx\/site\/wp-content\/uploads\/2014\/05\/annaykarl.jpg?fit=736%2C490&ssl=1&resize=350%2C200","width":350,"height":200,"srcset":"https:\/\/i0.wp.com\/kalot.com.mx\/site\/wp-content\/uploads\/2014\/05\/annaykarl.jpg?fit=736%2C490&ssl=1&resize=350%2C200 1x, https:\/\/i0.wp.com\/kalot.com.mx\/site\/wp-content\/uploads\/2014\/05\/annaykarl.jpg?fit=736%2C490&ssl=1&resize=525%2C300 1.5x, https:\/\/i0.wp.com\/kalot.com.mx\/site\/wp-content\/uploads\/2014\/05\/annaykarl.jpg?fit=736%2C490&ssl=1&resize=700%2C400 2x"},"classes":[]},{"id":18586,"url":"https:\/\/kalot.com.mx\/site\/2014\/10\/08\/moda-verte-y-sentirte\/","url_meta":{"origin":16563,"position":2},"title":"Moda: verte y sentirte.","author":"Dal\u00ed Flores","date":"8 octubre, 2014","format":false,"excerpt":"Que tal Kalochos y Kalochas, esta vez se me ocurri\u00f3 escribir un poco de lo que es la moda, siendo fan\u00e1tica de este tema pero consider\u00e1ndome poco experta, aclarando esto, les cuento\u2026 Como saben la moda son tendencias, estereotipos los cuales adoptamos y nos identificamos. Es aquello que marca un\u2026","rel":"","context":"Con 3 comentarios","block_context":{"text":"Con 3 comentarios","link":"https:\/\/kalot.com.mx\/site\/2014\/10\/08\/moda-verte-y-sentirte\/#comments"},"img":{"alt_text":"","src":"https:\/\/i0.wp.com\/kalot.com.mx\/site\/wp-content\/uploads\/2014\/10\/tumblr_m89f1woLZL1r66u20o1_500.gif?fit=500%2C213&ssl=1&resize=350%2C200","width":350,"height":200},"classes":[]},{"id":5856,"url":"https:\/\/kalot.com.mx\/site\/2013\/11\/06\/maktub\/","url_meta":{"origin":16563,"position":3},"title":"\u00bfMaktub?","author":"Ivan Mendez","date":"6 noviembre, 2013","format":false,"excerpt":"Iv\u00e1n. Medio nerd, medio intenso, \u00a0medio cin\u00e9filo. Soy un poco de todo esto sin llegar al fanatismo, no suelo irme a los extremos. Soy estudiante de S\u00e9ptimo semestre en Mercadotecnia Internacional en la Universidad Polit\u00e9cnica de San Luis potos\u00ed. Aprecio a las personas alegres, juguetonas y borrachas, porque\u2026 bueno me\u2026","rel":"","context":"Entrada similar ","block_context":{"text":"Entrada similar ","link":""},"img":{"alt_text":"","src":"https:\/\/i0.wp.com\/kalot.com.mx\/site\/wp-content\/uploads\/2013\/11\/1391526_10152022899727664_825016354_n.jpg?fit=956%2C956&ssl=1&resize=350%2C200","width":350,"height":200,"srcset":"https:\/\/i0.wp.com\/kalot.com.mx\/site\/wp-content\/uploads\/2013\/11\/1391526_10152022899727664_825016354_n.jpg?fit=956%2C956&ssl=1&resize=350%2C200 1x, https:\/\/i0.wp.com\/kalot.com.mx\/site\/wp-content\/uploads\/2013\/11\/1391526_10152022899727664_825016354_n.jpg?fit=956%2C956&ssl=1&resize=525%2C300 1.5x, https:\/\/i0.wp.com\/kalot.com.mx\/site\/wp-content\/uploads\/2013\/11\/1391526_10152022899727664_825016354_n.jpg?fit=956%2C956&ssl=1&resize=700%2C400 2x"},"classes":[]},{"id":12666,"url":"https:\/\/kalot.com.mx\/site\/2014\/02\/28\/la-economia-verde-es-del-pasado-hola-economia-azul\/","url_meta":{"origin":16563,"position":4},"title":"La econom\u00eda verde es del pasado, hola econom\u00eda azul","author":"Saul Alonso","date":"28 febrero, 2014","format":false,"excerpt":"Que tal Kalochos, ya estamos a punto de terminar el mes de Febrero, y espero que este mes haya sido de \u00e9xitos y logros, m\u00e1s para los que estudian por sus ex\u00e1menes y los que trabajamos por el cierre de mes. Y hablando de cierre de mes, todos sabemos que\u2026","rel":"","context":"Entrada similar ","block_context":{"text":"Entrada similar ","link":""},"img":{"alt_text":"","src":"https:\/\/i0.wp.com\/kalot.com.mx\/site\/wp-content\/uploads\/2014\/02\/1379500590829.gif?fit=1024%2C576&ssl=1&resize=350%2C200","width":350,"height":200,"srcset":"https:\/\/i0.wp.com\/kalot.com.mx\/site\/wp-content\/uploads\/2014\/02\/1379500590829.gif?fit=1024%2C576&ssl=1&resize=350%2C200 1x, https:\/\/i0.wp.com\/kalot.com.mx\/site\/wp-content\/uploads\/2014\/02\/1379500590829.gif?fit=1024%2C576&ssl=1&resize=525%2C300 1.5x, https:\/\/i0.wp.com\/kalot.com.mx\/site\/wp-content\/uploads\/2014\/02\/1379500590829.gif?fit=1024%2C576&ssl=1&resize=700%2C400 2x"},"classes":[]},{"id":2156,"url":"https:\/\/kalot.com.mx\/site\/2013\/09\/23\/moda-quien-es-mas-superficial-dulcemireles\/","url_meta":{"origin":16563,"position":5},"title":"#Moda \u00bfQui\u00e9n es m\u00e1s superficial? Preg\u00fantale a #Vogue by @DulceMireles","author":"Dulce Mireles","date":"23 septiembre, 2013","format":false,"excerpt":"Hace rato me encontr\u00e9 esta imagen en\u00a0 Facebook donde muestra a \u201clas mejores vestidas\u201d seg\u00fan MTV Style en los premios Emmy, por lo que enseguida me acord\u00e9 de una mujer que lleg\u00f3 a mi vida cuando ten\u00eda una idea muy err\u00f3nea de la \u201cmoda\u201d Hablo de Anna Wintour, directora de\u2026","rel":"","context":"Con 1 comentario","block_context":{"text":"Con 1 comentario","link":"https:\/\/kalot.com.mx\/site\/2013\/09\/23\/moda-quien-es-mas-superficial-dulcemireles\/#comments"},"img":{"alt_text":"","src":"https:\/\/i0.wp.com\/kalot.com.mx\/site\/wp-content\/uploads\/2013\/09\/6a00d8341c387d53ef01761695041c970c-800wi.jpg?fit=500%2C543&ssl=1&resize=350%2C200","width":350,"height":200},"classes":[]}],"jetpack_sharing_enabled":true,"jetpack_featured_media_url":"https:\/\/i0.wp.com\/kalot.com.mx\/site\/wp-content\/uploads\/2014\/05\/Paul-and-WIlliams.jpg?fit=940%2C600&ssl=1","_links":{"self":[{"href":"https:\/\/kalot.com.mx\/site\/wp-json\/wp\/v2\/posts\/16563","targetHints":{"allow":["GET"]}}],"collection":[{"href":"https:\/\/kalot.com.mx\/site\/wp-json\/wp\/v2\/posts"}],"about":[{"href":"https:\/\/kalot.com.mx\/site\/wp-json\/wp\/v2\/types\/post"}],"author":[{"embeddable":true,"href":"https:\/\/kalot.com.mx\/site\/wp-json\/wp\/v2\/users\/51"}],"replies":[{"embeddable":true,"href":"https:\/\/kalot.com.mx\/site\/wp-json\/wp\/v2\/comments?post=16563"}],"version-history":[{"count":0,"href":"https:\/\/kalot.com.mx\/site\/wp-json\/wp\/v2\/posts\/16563\/revisions"}],"wp:featuredmedia":[{"embeddable":true,"href":"https:\/\/kalot.com.mx\/site\/wp-json\/wp\/v2\/media\/16565"}],"wp:attachment":[{"href":"https:\/\/kalot.com.mx\/site\/wp-json\/wp\/v2\/media?parent=16563"}],"wp:term":[{"taxonomy":"category","embeddable":true,"href":"https:\/\/kalot.com.mx\/site\/wp-json\/wp\/v2\/categories?post=16563"},{"taxonomy":"post_tag","embeddable":true,"href":"https:\/\/kalot.com.mx\/site\/wp-json\/wp\/v2\/tags?post=16563"}],"curies":[{"name":"wp","href":"https:\/\/api.w.org\/{rel}","templated":true}]}}