{"id":16536,"date":"2014-05-30T16:06:53","date_gmt":"2014-05-30T21:06:53","guid":{"rendered":"http:\/\/www.kalot.com.mx\/?p=16536"},"modified":"2014-06-04T13:43:54","modified_gmt":"2014-06-04T18:43:54","slug":"cartel-oficial-del-corona-capital-2014","status":"publish","type":"post","link":"https:\/\/kalot.com.mx\/site\/2014\/05\/30\/cartel-oficial-del-corona-capital-2014\/","title":{"rendered":"\u00a1Cartel oficial del Corona Capital 2014!"},"content":{"rendered":"<p style=\"text-align: justify;\">Pues por fin despu\u00e9s de una larga espera lleg\u00f3 el <strong>Cartel Oficial del Corona Capital 2104<\/strong>!!! Si mis queridos Godinez, ya sabemos quienes estar\u00e1n presentes en la edici\u00f3n de este a\u00f1o del festival m\u00e1s hipster de M\u00e9xico, as\u00ed que sin m\u00e1s que decir, aqu\u00ed est\u00e1 el <strong>lineup<\/strong>:<\/p>\n<p style=\"text-align: justify;\"><a href=\"https:\/\/i0.wp.com\/www.kalot.com.mx\/wp-content\/uploads\/2014\/05\/Bo6ZMqQIUAAA3zq.jpg\"><img data-recalc-dims=\"1\" fetchpriority=\"high\" decoding=\"async\" data-attachment-id=\"16540\" data-permalink=\"https:\/\/kalot.com.mx\/site\/2014\/05\/30\/cartel-oficial-del-corona-capital-2014\/bo6zmqqiuaaa3zq\/\" data-orig-file=\"https:\/\/i0.wp.com\/kalot.com.mx\/site\/wp-content\/uploads\/2014\/05\/Bo6ZMqQIUAAA3zq.jpg?fit=600%2C900&amp;ssl=1\" data-orig-size=\"600,900\" data-comments-opened=\"1\" data-image-meta=\"{&quot;aperture&quot;:&quot;0&quot;,&quot;credit&quot;:&quot;&quot;,&quot;camera&quot;:&quot;&quot;,&quot;caption&quot;:&quot;&quot;,&quot;created_timestamp&quot;:&quot;0&quot;,&quot;copyright&quot;:&quot;&quot;,&quot;focal_length&quot;:&quot;0&quot;,&quot;iso&quot;:&quot;0&quot;,&quot;shutter_speed&quot;:&quot;0&quot;,&quot;title&quot;:&quot;&quot;,&quot;orientation&quot;:&quot;0&quot;}\" data-image-title=\"Bo6ZMqQIUAAA3zq\" data-image-description=\"\" data-image-caption=\"\" data-large-file=\"https:\/\/i0.wp.com\/kalot.com.mx\/site\/wp-content\/uploads\/2014\/05\/Bo6ZMqQIUAAA3zq.jpg?fit=600%2C900&amp;ssl=1\" class=\"aligncenter size-full wp-image-16540\" src=\"https:\/\/i0.wp.com\/www.kalot.com.mx\/wp-content\/uploads\/2014\/05\/Bo6ZMqQIUAAA3zq.jpg?resize=600%2C900\" alt=\"Bo6ZMqQIUAAA3zq\" width=\"600\" height=\"900\" srcset=\"https:\/\/i0.wp.com\/kalot.com.mx\/site\/wp-content\/uploads\/2014\/05\/Bo6ZMqQIUAAA3zq.jpg?w=600&amp;ssl=1 600w, https:\/\/i0.wp.com\/kalot.com.mx\/site\/wp-content\/uploads\/2014\/05\/Bo6ZMqQIUAAA3zq.jpg?resize=380%2C570&amp;ssl=1 380w, https:\/\/i0.wp.com\/kalot.com.mx\/site\/wp-content\/uploads\/2014\/05\/Bo6ZMqQIUAAA3zq.jpg?resize=200%2C300&amp;ssl=1 200w\" sizes=\"(max-width: 600px) 100vw, 600px\" \/><\/a><\/p>\n<p style=\"text-align: justify;\">Woooooow!!!! Ma\u00f1ana un adelanto de lo que podremos ver de las primeras 2 lineas del <strong>Cartel<\/strong><\/p>\n<p style=\"text-align: justify;\">Aqu\u00ed el video del LineUP oficial del\u00a0<strong>Corona Capital 2104<\/strong><\/p>\n<p style=\"text-align: justify;\">[embedvideo id=&#8221;z2I89AcwIHI&#8221; website=&#8221;youtube&#8221;]\n<p style=\"text-align: justify;\">Los PRECIOS del\u00a0<strong>Corona Capital 2104<\/strong><strong>:<\/strong><\/p>\n<p style=\"text-align: justify;\">La preventa ser\u00e1 llevada a cabo en los d\u00edas 6, 7 y 8 de junio a trav\u00e9s de <a href=\"http:\/\/www.ticketmaster.com.mx\/\" target=\"_blank\">Ticketmaster<\/a>.<\/p>\n<p style=\"text-align: justify;\">Durante la fase 1 el precio de los abonos para los dos d\u00eda ser\u00e1 de $1,428 pesos m\u00e1s cargo por el servicio.<\/p>\n<p style=\"text-align: justify;\">Durante la fase 2 el boleto sencillo tendr\u00e1 un precio de $878 pesos y por los dos d\u00edas ser\u00e1 de $1, 578 m\u00e1s cargo por el servicio.<\/p>\n<p style=\"text-align: justify;\">Durante la fase 3 el boleto sencillo costar\u00e1 $988 y el abono por dos d\u00edas $1,878 m\u00e1s cargo por servicio.<\/p>\n<p style=\"text-align: justify;\">Tambi\u00e9n, como es costumbre, existen los boletos VIP con precio de $2,028 m\u00e1s cargo por servicio.<\/p>\n","protected":false},"excerpt":{"rendered":"Pues por fin despu\u00e9s de una larga espera lleg\u00f3 el Cartel Oficial del Corona Capital 2104!!! Si mis&hellip;\n","protected":false},"author":80,"featured_media":16537,"comment_status":"open","ping_status":"open","sticky":false,"template":"","format":"standard","meta":{"jetpack_post_was_ever_published":false,"_jetpack_newsletter_access":"","_jetpack_dont_email_post_to_subs":false,"_jetpack_newsletter_tier_id":0,"_jetpack_memberships_contains_paywalled_content":false,"_jetpack_memberships_contains_paid_content":false,"footnotes":"","jetpack_publicize_message":"","jetpack_publicize_feature_enabled":true,"jetpack_social_post_already_shared":true,"jetpack_social_options":{"image_generator_settings":{"template":"highway","default_image_id":0,"font":"","enabled":false},"version":2}},"categories":[],"tags":[],"class_list":{"0":"post-16536","1":"post","2":"type-post","3":"status-publish","4":"format-standard","5":"has-post-thumbnail","7":"cs-entry","8":"cs-video-wrap"},"yoast_head":"<!-- This site is optimized with the Yoast SEO plugin v27.5 - https:\/\/yoast.com\/product\/yoast-seo-wordpress\/ -->\n<title>\u00a1Cartel oficial del Corona Capital 2014!<\/title>\n<meta name=\"description\" content=\"Conoce todos los detalles del Corona Capital 2014, todas las bandas, precios y el cartel oficial\" \/>\n<meta name=\"robots\" content=\"index, follow, max-snippet:-1, max-image-preview:large, max-video-preview:-1\" \/>\n<link rel=\"canonical\" href=\"https:\/\/kalot.com.mx\/site\/2014\/05\/30\/cartel-oficial-del-corona-capital-2014\/\" \/>\n<meta property=\"og:locale\" content=\"es_MX\" \/>\n<meta property=\"og:type\" content=\"article\" \/>\n<meta property=\"og:title\" content=\"\u00a1Cartel oficial del Corona Capital 2014!\" \/>\n<meta property=\"og:description\" content=\"Conoce todos los detalles del Corona Capital 2014, todas las bandas, precios y el cartel oficial\" \/>\n<meta property=\"og:url\" content=\"https:\/\/kalot.com.mx\/site\/2014\/05\/30\/cartel-oficial-del-corona-capital-2014\/\" \/>\n<meta property=\"og:site_name\" content=\"Kalot\" \/>\n<meta property=\"article:publisher\" content=\"http:\/\/facebook.com\/mxkalot\" \/>\n<meta property=\"article:published_time\" content=\"2014-05-30T21:06:53+00:00\" \/>\n<meta property=\"article:modified_time\" content=\"2014-06-04T18:43:54+00:00\" \/>\n<meta property=\"og:image\" content=\"https:\/\/i1.wp.com\/kalot.com.mx\/site\/wp-content\/uploads\/2014\/05\/corona1.jpg?fit=860%2C398&ssl=1\" \/>\n\t<meta property=\"og:image:width\" content=\"860\" \/>\n\t<meta property=\"og:image:height\" content=\"398\" \/>\n\t<meta property=\"og:image:type\" content=\"image\/jpeg\" \/>\n<meta name=\"author\" content=\"David S\u00e1nchez\" \/>\n<meta name=\"twitter:card\" content=\"summary_large_image\" \/>\n<meta name=\"twitter:creator\" content=\"@davidpms96\" \/>\n<meta name=\"twitter:site\" content=\"@kalotmx\" \/>\n<meta name=\"twitter:label1\" content=\"Escrito por\" \/>\n\t<meta name=\"twitter:data1\" content=\"David S\u00e1nchez\" \/>\n\t<meta name=\"twitter:label2\" content=\"Tiempo de lectura\" \/>\n\t<meta name=\"twitter:data2\" content=\"1 minuto\" \/>\n<!-- \/ Yoast SEO plugin. -->","yoast_head_json":{"title":"\u00a1Cartel oficial del Corona Capital 2014!","description":"Conoce todos los detalles del Corona Capital 2014, todas las bandas, precios y el cartel oficial","robots":{"index":"index","follow":"follow","max-snippet":"max-snippet:-1","max-image-preview":"max-image-preview:large","max-video-preview":"max-video-preview:-1"},"canonical":"https:\/\/kalot.com.mx\/site\/2014\/05\/30\/cartel-oficial-del-corona-capital-2014\/","og_locale":"es_MX","og_type":"article","og_title":"\u00a1Cartel oficial del Corona Capital 2014!","og_description":"Conoce todos los detalles del Corona Capital 2014, todas las bandas, precios y el cartel oficial","og_url":"https:\/\/kalot.com.mx\/site\/2014\/05\/30\/cartel-oficial-del-corona-capital-2014\/","og_site_name":"Kalot","article_publisher":"http:\/\/facebook.com\/mxkalot","article_published_time":"2014-05-30T21:06:53+00:00","article_modified_time":"2014-06-04T18:43:54+00:00","og_image":[{"width":860,"height":398,"url":"https:\/\/i1.wp.com\/kalot.com.mx\/site\/wp-content\/uploads\/2014\/05\/corona1.jpg?fit=860%2C398&ssl=1","type":"image\/jpeg"}],"author":"David S\u00e1nchez","twitter_card":"summary_large_image","twitter_creator":"@davidpms96","twitter_site":"@kalotmx","twitter_misc":{"Escrito por":"David S\u00e1nchez","Tiempo de lectura":"1 minuto"},"schema":{"@context":"https:\/\/schema.org","@graph":[{"@type":"Article","@id":"https:\/\/kalot.com.mx\/site\/2014\/05\/30\/cartel-oficial-del-corona-capital-2014\/#article","isPartOf":{"@id":"https:\/\/kalot.com.mx\/site\/2014\/05\/30\/cartel-oficial-del-corona-capital-2014\/"},"author":{"name":"David S\u00e1nchez","@id":"https:\/\/kalot.com.mx\/site\/#\/schema\/person\/6baf594887d9ab62944fda9244330603"},"headline":"\u00a1Cartel oficial del Corona Capital 2014!","datePublished":"2014-05-30T21:06:53+00:00","dateModified":"2014-06-04T18:43:54+00:00","mainEntityOfPage":{"@id":"https:\/\/kalot.com.mx\/site\/2014\/05\/30\/cartel-oficial-del-corona-capital-2014\/"},"wordCount":196,"commentCount":0,"publisher":{"@id":"https:\/\/kalot.com.mx\/site\/#organization"},"image":{"@id":"https:\/\/kalot.com.mx\/site\/2014\/05\/30\/cartel-oficial-del-corona-capital-2014\/#primaryimage"},"thumbnailUrl":"https:\/\/i0.wp.com\/kalot.com.mx\/site\/wp-content\/uploads\/2014\/05\/corona1.jpg?fit=860%2C398&ssl=1","inLanguage":"es","potentialAction":[{"@type":"CommentAction","name":"Comment","target":["https:\/\/kalot.com.mx\/site\/2014\/05\/30\/cartel-oficial-del-corona-capital-2014\/#respond"]}]},{"@type":"WebPage","@id":"https:\/\/kalot.com.mx\/site\/2014\/05\/30\/cartel-oficial-del-corona-capital-2014\/","url":"https:\/\/kalot.com.mx\/site\/2014\/05\/30\/cartel-oficial-del-corona-capital-2014\/","name":"\u00a1Cartel oficial del Corona Capital 2014!","isPartOf":{"@id":"https:\/\/kalot.com.mx\/site\/#website"},"primaryImageOfPage":{"@id":"https:\/\/kalot.com.mx\/site\/2014\/05\/30\/cartel-oficial-del-corona-capital-2014\/#primaryimage"},"image":{"@id":"https:\/\/kalot.com.mx\/site\/2014\/05\/30\/cartel-oficial-del-corona-capital-2014\/#primaryimage"},"thumbnailUrl":"https:\/\/i0.wp.com\/kalot.com.mx\/site\/wp-content\/uploads\/2014\/05\/corona1.jpg?fit=860%2C398&ssl=1","datePublished":"2014-05-30T21:06:53+00:00","dateModified":"2014-06-04T18:43:54+00:00","description":"Conoce todos los detalles del Corona Capital 2014, todas las bandas, precios y el cartel oficial","breadcrumb":{"@id":"https:\/\/kalot.com.mx\/site\/2014\/05\/30\/cartel-oficial-del-corona-capital-2014\/#breadcrumb"},"inLanguage":"es","potentialAction":[{"@type":"ReadAction","target":["https:\/\/kalot.com.mx\/site\/2014\/05\/30\/cartel-oficial-del-corona-capital-2014\/"]}]},{"@type":"ImageObject","inLanguage":"es","@id":"https:\/\/kalot.com.mx\/site\/2014\/05\/30\/cartel-oficial-del-corona-capital-2014\/#primaryimage","url":"https:\/\/i0.wp.com\/kalot.com.mx\/site\/wp-content\/uploads\/2014\/05\/corona1.jpg?fit=860%2C398&ssl=1","contentUrl":"https:\/\/i0.wp.com\/kalot.com.mx\/site\/wp-content\/uploads\/2014\/05\/corona1.jpg?fit=860%2C398&ssl=1","width":860,"height":398},{"@type":"BreadcrumbList","@id":"https:\/\/kalot.com.mx\/site\/2014\/05\/30\/cartel-oficial-del-corona-capital-2014\/#breadcrumb","itemListElement":[{"@type":"ListItem","position":1,"name":"Home","item":"https:\/\/kalot.com.mx\/site\/"},{"@type":"ListItem","position":2,"name":"\u00a1Cartel oficial del Corona Capital 2014!"}]},{"@type":"WebSite","@id":"https:\/\/kalot.com.mx\/site\/#website","url":"https:\/\/kalot.com.mx\/site\/","name":"Kalot","description":"Conoce Todo Sobre Todo","publisher":{"@id":"https:\/\/kalot.com.mx\/site\/#organization"},"potentialAction":[{"@type":"SearchAction","target":{"@type":"EntryPoint","urlTemplate":"https:\/\/kalot.com.mx\/site\/?s={search_term_string}"},"query-input":{"@type":"PropertyValueSpecification","valueRequired":true,"valueName":"search_term_string"}}],"inLanguage":"es"},{"@type":"Organization","@id":"https:\/\/kalot.com.mx\/site\/#organization","name":"Kalot","url":"https:\/\/kalot.com.mx\/site\/","logo":{"@type":"ImageObject","inLanguage":"es","@id":"https:\/\/kalot.com.mx\/site\/#\/schema\/logo\/image\/","url":"https:\/\/i0.wp.com\/kalot.com.mx\/site\/wp-content\/uploads\/2020\/04\/Kalot-logo-sin-tagline.png?fit=1707%2C1014&ssl=1","contentUrl":"https:\/\/i0.wp.com\/kalot.com.mx\/site\/wp-content\/uploads\/2020\/04\/Kalot-logo-sin-tagline.png?fit=1707%2C1014&ssl=1","width":1707,"height":1014,"caption":"Kalot"},"image":{"@id":"https:\/\/kalot.com.mx\/site\/#\/schema\/logo\/image\/"},"sameAs":["http:\/\/facebook.com\/mxkalot","https:\/\/x.com\/kalotmx","http:\/\/instagram.com\/kalotmx","http:\/\/pinterest.com\/jorgeerana\/kalot"]},{"@type":"Person","@id":"https:\/\/kalot.com.mx\/site\/#\/schema\/person\/6baf594887d9ab62944fda9244330603","name":"David S\u00e1nchez","image":{"@type":"ImageObject","inLanguage":"es","@id":"https:\/\/secure.gravatar.com\/avatar\/a9993bb96b15c68a3759a39521e2f7d884b80007e4aec92ba75820217fdeff1e?s=96&d=mm&r=g","url":"https:\/\/secure.gravatar.com\/avatar\/a9993bb96b15c68a3759a39521e2f7d884b80007e4aec92ba75820217fdeff1e?s=96&d=mm&r=g","contentUrl":"https:\/\/secure.gravatar.com\/avatar\/a9993bb96b15c68a3759a39521e2f7d884b80007e4aec92ba75820217fdeff1e?s=96&d=mm&r=g","caption":"David S\u00e1nchez"},"description":"Estudiante de Derecho y un amante m\u00e1s de la m\u00fasica. Prefiero experiencias que cosas materiales.","sameAs":["https:\/\/x.com\/@davidpms96"],"url":"https:\/\/kalot.com.mx\/site\/author\/david\/"}]}},"jetpack_publicize_connections":[],"jetpack_featured_media_url":"https:\/\/i0.wp.com\/kalot.com.mx\/site\/wp-content\/uploads\/2014\/05\/corona1.jpg?fit=860%2C398&ssl=1","jetpack_shortlink":"https:\/\/wp.me\/p6IHEI-4iI","jetpack-related-posts":[{"id":16515,"url":"https:\/\/kalot.com.mx\/site\/2014\/05\/29\/corona-capital-manana\/","url_meta":{"origin":16536,"position":0},"title":"Corona Capital Ma\u00f1ana!!!","author":"David S\u00e1nchez","date":"29 mayo, 2014","format":false,"excerpt":"Pues si mis queridos animalitos de la creaci\u00f3n, ma\u00f1ana por fin es el d\u00eda en que se dar\u00e1 a conocer el cartel del tan ansiado Corona Capital. Y ser\u00e1 a las 4 de la tarde para que vayan preparandose en Twitter porque por ah\u00ed empezar\u00e1 la lluvia de noticias. As\u00ed\u2026","rel":"","context":"Entrada similar ","block_context":{"text":"Entrada similar ","link":""},"img":{"alt_text":"","src":"https:\/\/i0.wp.com\/kalot.com.mx\/site\/wp-content\/uploads\/2014\/05\/Screen-Shot-2014-05-29-at-9.29.56-p.m..png?fit=1200%2C684&ssl=1&resize=350%2C200","width":350,"height":200,"srcset":"https:\/\/i0.wp.com\/kalot.com.mx\/site\/wp-content\/uploads\/2014\/05\/Screen-Shot-2014-05-29-at-9.29.56-p.m..png?fit=1200%2C684&ssl=1&resize=350%2C200 1x, https:\/\/i0.wp.com\/kalot.com.mx\/site\/wp-content\/uploads\/2014\/05\/Screen-Shot-2014-05-29-at-9.29.56-p.m..png?fit=1200%2C684&ssl=1&resize=525%2C300 1.5x, https:\/\/i0.wp.com\/kalot.com.mx\/site\/wp-content\/uploads\/2014\/05\/Screen-Shot-2014-05-29-at-9.29.56-p.m..png?fit=1200%2C684&ssl=1&resize=700%2C400 2x, https:\/\/i0.wp.com\/kalot.com.mx\/site\/wp-content\/uploads\/2014\/05\/Screen-Shot-2014-05-29-at-9.29.56-p.m..png?fit=1200%2C684&ssl=1&resize=1050%2C600 3x"},"classes":[]},{"id":16296,"url":"https:\/\/kalot.com.mx\/site\/2014\/05\/21\/posible-cartel-del-corona-capital-2014\/","url_meta":{"origin":16536,"position":1},"title":"Posible Cartel del Corona Capital 2014!!!","author":"David S\u00e1nchez","date":"21 mayo, 2014","format":false,"excerpt":"Pues mis queridos animalitos de Dios, el d\u00eda de hoy escribo este art\u00edculo desde la hermosa y airosa ciudad de Chicago, y no lo digo para presumir\u00a0ya que vine de trabajo, sino que en esta ciudad se llevar\u00e1 a cabo en la primera semana de Agosto una edici\u00f3n m\u00e1s del\u2026","rel":"","context":"Con 2 comentarios","block_context":{"text":"Con 2 comentarios","link":"https:\/\/kalot.com.mx\/site\/2014\/05\/21\/posible-cartel-del-corona-capital-2014\/#comments"},"img":{"alt_text":"","src":"https:\/\/i0.wp.com\/kalot.com.mx\/site\/wp-content\/uploads\/2014\/05\/festival-corona-capital-720x430.jpg?fit=720%2C430&ssl=1&resize=350%2C200","width":350,"height":200,"srcset":"https:\/\/i0.wp.com\/kalot.com.mx\/site\/wp-content\/uploads\/2014\/05\/festival-corona-capital-720x430.jpg?fit=720%2C430&ssl=1&resize=350%2C200 1x, https:\/\/i0.wp.com\/kalot.com.mx\/site\/wp-content\/uploads\/2014\/05\/festival-corona-capital-720x430.jpg?fit=720%2C430&ssl=1&resize=525%2C300 1.5x, https:\/\/i0.wp.com\/kalot.com.mx\/site\/wp-content\/uploads\/2014\/05\/festival-corona-capital-720x430.jpg?fit=720%2C430&ssl=1&resize=700%2C400 2x"},"classes":[]},{"id":24315,"url":"https:\/\/kalot.com.mx\/site\/2015\/11\/25\/live-out-monterrey\/","url_meta":{"origin":16536,"position":2},"title":"Live Out Monterrey. El pr\u00f3ximo gran festival de M\u00e9xico","author":"Omar Herrera","date":"25 noviembre, 2015","format":false,"excerpt":"Auspiciado por Heineken y diversos patrocinadores de car\u00e1cter nacional as\u00ed como internacional, y de la mano de los creadores de festivales como el Corona Capital, Austin City Limits, Vive Latino y Pal Norte llega la primera edici\u00f3n de un aglomerado de artistas de gran reputaci\u00f3n musical al Parque Fundidora en\u2026","rel":"","context":"En &quot;Eventos&quot;","block_context":{"text":"Eventos","link":"https:\/\/kalot.com.mx\/site\/category\/eventos\/"},"img":{"alt_text":"","src":"https:\/\/i0.wp.com\/kalot.com.mx\/site\/wp-content\/uploads\/2015\/11\/Sin-t%C3%ADtulo.png?fit=1200%2C445&ssl=1&resize=350%2C200","width":350,"height":200,"srcset":"https:\/\/i0.wp.com\/kalot.com.mx\/site\/wp-content\/uploads\/2015\/11\/Sin-t%C3%ADtulo.png?fit=1200%2C445&ssl=1&resize=350%2C200 1x, https:\/\/i0.wp.com\/kalot.com.mx\/site\/wp-content\/uploads\/2015\/11\/Sin-t%C3%ADtulo.png?fit=1200%2C445&ssl=1&resize=525%2C300 1.5x, https:\/\/i0.wp.com\/kalot.com.mx\/site\/wp-content\/uploads\/2015\/11\/Sin-t%C3%ADtulo.png?fit=1200%2C445&ssl=1&resize=700%2C400 2x, https:\/\/i0.wp.com\/kalot.com.mx\/site\/wp-content\/uploads\/2015\/11\/Sin-t%C3%ADtulo.png?fit=1200%2C445&ssl=1&resize=1050%2C600 3x"},"classes":[]},{"id":17749,"url":"https:\/\/kalot.com.mx\/site\/2014\/08\/27\/playlist-corona-capital-2014\/","url_meta":{"origin":16536,"position":3},"title":"Corona Capital 2014 en 200 canciones #RolasKalot","author":"Dulce Mireles","date":"27 agosto, 2014","format":false,"excerpt":"Kalot en colaboraci\u00f3n con Deezer re\u00fane 200 canciones que seguramente escucharemos en Corona Capital 2014...o al menos eso deseamos.\u00a0 \u00bfQu\u00e9 canciones agregar\u00edas al playlist Corona Capital 2014? Seguramente cuando viste el line-up del CC14 pensaste en las canciones que no deb\u00edan de faltar por cada banda favorita que ya est\u00e1s\u2026","rel":"","context":"En &quot;Sin categor\u00eda&quot;","block_context":{"text":"Sin categor\u00eda","link":"https:\/\/kalot.com.mx\/site\/category\/sin-categoria\/"},"img":{"alt_text":"","src":"https:\/\/i0.wp.com\/kalot.com.mx\/site\/wp-content\/uploads\/2014\/08\/haim.jpg?fit=600%2C400&ssl=1&resize=350%2C200","width":350,"height":200,"srcset":"https:\/\/i0.wp.com\/kalot.com.mx\/site\/wp-content\/uploads\/2014\/08\/haim.jpg?fit=600%2C400&ssl=1&resize=350%2C200 1x, https:\/\/i0.wp.com\/kalot.com.mx\/site\/wp-content\/uploads\/2014\/08\/haim.jpg?fit=600%2C400&ssl=1&resize=525%2C300 1.5x"},"classes":[]},{"id":18656,"url":"https:\/\/kalot.com.mx\/site\/2014\/10\/10\/apps-para-el-corona-capital\/","url_meta":{"origin":16536,"position":4},"title":"Apps para el Corona Capital","author":"Cecilia Mata","date":"10 octubre, 2014","format":false,"excerpt":"Afortunados son los que este 11 y 12 de octubre se reventaran una gran fiesta en la curva cuatro del Aut\u00f3dromo Hermanos Rodr\u00edguez todo esto en la ciudad de M\u00e9xico. Sam Smith Jack White, Massive Attack, Weezer, Damon Albarn, MGMT, Beck, Little Dragon, Belle & Sebastian, Foster The People, Kings\u2026","rel":"","context":"Entrada similar ","block_context":{"text":"Entrada similar ","link":""},"img":{"alt_text":"","src":"https:\/\/i0.wp.com\/kalot.com.mx\/site\/wp-content\/uploads\/2014\/10\/c9f3981558c3cdff2b17211ac1133abd.jpg?fit=736%2C568&ssl=1&resize=350%2C200","width":350,"height":200,"srcset":"https:\/\/i0.wp.com\/kalot.com.mx\/site\/wp-content\/uploads\/2014\/10\/c9f3981558c3cdff2b17211ac1133abd.jpg?fit=736%2C568&ssl=1&resize=350%2C200 1x, https:\/\/i0.wp.com\/kalot.com.mx\/site\/wp-content\/uploads\/2014\/10\/c9f3981558c3cdff2b17211ac1133abd.jpg?fit=736%2C568&ssl=1&resize=525%2C300 1.5x, https:\/\/i0.wp.com\/kalot.com.mx\/site\/wp-content\/uploads\/2014\/10\/c9f3981558c3cdff2b17211ac1133abd.jpg?fit=736%2C568&ssl=1&resize=700%2C400 2x"},"classes":[]},{"id":18186,"url":"https:\/\/kalot.com.mx\/site\/2014\/09\/17\/lo-que-te-puedes-perder-en-cc14-jungle\/","url_meta":{"origin":16536,"position":5},"title":"Lo que no te puedes perder en #CC14: Jungle","author":"Dulce Mireles","date":"17 septiembre, 2014","format":false,"excerpt":"Cada vez la espera es m\u00e1s corta para disfrutar de uno de los mejores festivales de m\u00fasica en el pa\u00eds. En Corona Capital encuentras propuestas de todo tipo, estaremos compartiendo bandas que sin duda no debes de perderte, iniciamos con Jungle. \u00a0 Jungle es una banda que desde que empezamos\u2026","rel":"","context":"Entrada similar ","block_context":{"text":"Entrada similar ","link":""},"img":{"alt_text":"","src":"https:\/\/i0.wp.com\/kalot.com.mx\/site\/wp-content\/uploads\/2014\/09\/jungle.jpg?fit=851%2C315&ssl=1&resize=350%2C200","width":350,"height":200,"srcset":"https:\/\/i0.wp.com\/kalot.com.mx\/site\/wp-content\/uploads\/2014\/09\/jungle.jpg?fit=851%2C315&ssl=1&resize=350%2C200 1x, https:\/\/i0.wp.com\/kalot.com.mx\/site\/wp-content\/uploads\/2014\/09\/jungle.jpg?fit=851%2C315&ssl=1&resize=525%2C300 1.5x, https:\/\/i0.wp.com\/kalot.com.mx\/site\/wp-content\/uploads\/2014\/09\/jungle.jpg?fit=851%2C315&ssl=1&resize=700%2C400 2x"},"classes":[]}],"jetpack_sharing_enabled":true,"_links":{"self":[{"href":"https:\/\/kalot.com.mx\/site\/wp-json\/wp\/v2\/posts\/16536","targetHints":{"allow":["GET"]}}],"collection":[{"href":"https:\/\/kalot.com.mx\/site\/wp-json\/wp\/v2\/posts"}],"about":[{"href":"https:\/\/kalot.com.mx\/site\/wp-json\/wp\/v2\/types\/post"}],"author":[{"embeddable":true,"href":"https:\/\/kalot.com.mx\/site\/wp-json\/wp\/v2\/users\/80"}],"replies":[{"embeddable":true,"href":"https:\/\/kalot.com.mx\/site\/wp-json\/wp\/v2\/comments?post=16536"}],"version-history":[{"count":0,"href":"https:\/\/kalot.com.mx\/site\/wp-json\/wp\/v2\/posts\/16536\/revisions"}],"wp:featuredmedia":[{"embeddable":true,"href":"https:\/\/kalot.com.mx\/site\/wp-json\/wp\/v2\/media\/16537"}],"wp:attachment":[{"href":"https:\/\/kalot.com.mx\/site\/wp-json\/wp\/v2\/media?parent=16536"}],"wp:term":[{"taxonomy":"category","embeddable":true,"href":"https:\/\/kalot.com.mx\/site\/wp-json\/wp\/v2\/categories?post=16536"},{"taxonomy":"post_tag","embeddable":true,"href":"https:\/\/kalot.com.mx\/site\/wp-json\/wp\/v2\/tags?post=16536"}],"curies":[{"name":"wp","href":"https:\/\/api.w.org\/{rel}","templated":true}]}}