{"id":16515,"date":"2014-05-29T21:36:03","date_gmt":"2014-05-30T02:36:03","guid":{"rendered":"http:\/\/www.kalot.com.mx\/?p=16515"},"modified":"2014-05-29T21:36:03","modified_gmt":"2014-05-30T02:36:03","slug":"corona-capital-manana","status":"publish","type":"post","link":"https:\/\/kalot.com.mx\/site\/2014\/05\/29\/corona-capital-manana\/","title":{"rendered":"Corona Capital Ma\u00f1ana!!!"},"content":{"rendered":"<p>Pues si mis queridos animalitos de la creaci\u00f3n, ma\u00f1ana por fin es el d\u00eda en que se dar\u00e1 a conocer el cartel del tan ansiado Corona Capital. Y ser\u00e1 a las 4 de la tarde para que vayan preparandose en Twitter porque por ah\u00ed empezar\u00e1 la lluvia de noticias. As\u00ed que ma\u00f1ana les diremos el cartel ya oficial, pero como me caen rebien, les tengo un posible adelanto (no sabemos si es Fake), y cabe mencionar, que este trae bandas del <a href=\"http:\/\/www.kalot.com.mx\/2014\/05\/21\/posible-cartel-del-corona-capital-2014\/\">Posible Cartel del Corona Capital<\/a> que anunciamos hace unos d\u00edas as\u00ed que\u00a0<del>dense<\/del> disfruten.<\/p>\n<p><a href=\"https:\/\/i0.wp.com\/www.kalot.com.mx\/wp-content\/uploads\/2014\/05\/10325403_661665890554667_8970115078818825431_n.jpg\"><img data-recalc-dims=\"1\" fetchpriority=\"high\" decoding=\"async\" data-attachment-id=\"16517\" data-permalink=\"https:\/\/kalot.com.mx\/site\/2014\/05\/29\/corona-capital-manana\/10325403_661665890554667_8970115078818825431_n\/\" data-orig-file=\"https:\/\/i0.wp.com\/kalot.com.mx\/site\/wp-content\/uploads\/2014\/05\/10325403_661665890554667_8970115078818825431_n.jpg?fit=720%2C427&amp;ssl=1\" data-orig-size=\"720,427\" data-comments-opened=\"1\" data-image-meta=\"{&quot;aperture&quot;:&quot;0&quot;,&quot;credit&quot;:&quot;&quot;,&quot;camera&quot;:&quot;&quot;,&quot;caption&quot;:&quot;&quot;,&quot;created_timestamp&quot;:&quot;0&quot;,&quot;copyright&quot;:&quot;&quot;,&quot;focal_length&quot;:&quot;0&quot;,&quot;iso&quot;:&quot;0&quot;,&quot;shutter_speed&quot;:&quot;0&quot;,&quot;title&quot;:&quot;&quot;,&quot;orientation&quot;:&quot;0&quot;}\" data-image-title=\"10325403_661665890554667_8970115078818825431_n\" data-image-description=\"\" data-image-caption=\"\" data-large-file=\"https:\/\/i0.wp.com\/kalot.com.mx\/site\/wp-content\/uploads\/2014\/05\/10325403_661665890554667_8970115078818825431_n.jpg?fit=720%2C427&amp;ssl=1\" class=\"aligncenter size-full wp-image-16517\" src=\"https:\/\/i0.wp.com\/www.kalot.com.mx\/wp-content\/uploads\/2014\/05\/10325403_661665890554667_8970115078818825431_n.jpg?resize=720%2C427\" alt=\"10325403_661665890554667_8970115078818825431_n\" width=\"720\" height=\"427\" srcset=\"https:\/\/i0.wp.com\/kalot.com.mx\/site\/wp-content\/uploads\/2014\/05\/10325403_661665890554667_8970115078818825431_n.jpg?w=720&amp;ssl=1 720w, https:\/\/i0.wp.com\/kalot.com.mx\/site\/wp-content\/uploads\/2014\/05\/10325403_661665890554667_8970115078818825431_n.jpg?resize=380%2C225&amp;ssl=1 380w, https:\/\/i0.wp.com\/kalot.com.mx\/site\/wp-content\/uploads\/2014\/05\/10325403_661665890554667_8970115078818825431_n.jpg?resize=300%2C178&amp;ssl=1 300w\" sizes=\"(max-width: 720px) 100vw, 720px\" \/><\/a><\/p>\n","protected":false},"excerpt":{"rendered":"Pues si mis queridos animalitos de la creaci\u00f3n, ma\u00f1ana por fin es el d\u00eda en que se dar\u00e1&hellip;\n","protected":false},"author":80,"featured_media":16516,"comment_status":"open","ping_status":"open","sticky":false,"template":"","format":"standard","meta":{"jetpack_post_was_ever_published":false,"_jetpack_newsletter_access":"","_jetpack_dont_email_post_to_subs":false,"_jetpack_newsletter_tier_id":0,"_jetpack_memberships_contains_paywalled_content":false,"_jetpack_memberships_contains_paid_content":false,"footnotes":"","jetpack_publicize_message":"","jetpack_publicize_feature_enabled":true,"jetpack_social_post_already_shared":true,"jetpack_social_options":{"image_generator_settings":{"template":"highway","default_image_id":0,"font":"","enabled":false},"version":2}},"categories":[],"tags":[],"class_list":{"0":"post-16515","1":"post","2":"type-post","3":"status-publish","4":"format-standard","5":"has-post-thumbnail","7":"cs-entry","8":"cs-video-wrap"},"yoast_head":"<!-- This site is optimized with the Yoast SEO plugin v27.5 - https:\/\/yoast.com\/product\/yoast-seo-wordpress\/ -->\n<title>Corona Capital LISTO!!!<\/title>\n<meta name=\"description\" content=\"Pues si mis queridos animalitos de la creaci\u00f3n, ma\u00f1ana por fin es el d\u00eda en que se dar\u00e1 a conocer el cartel del tan ansiado Corona Capital. Y ser\u00e1 a las 4\" \/>\n<meta name=\"robots\" content=\"index, follow, max-snippet:-1, max-image-preview:large, max-video-preview:-1\" \/>\n<link rel=\"canonical\" href=\"https:\/\/kalot.com.mx\/site\/2014\/05\/29\/corona-capital-manana\/\" \/>\n<meta property=\"og:locale\" content=\"es_MX\" \/>\n<meta property=\"og:type\" content=\"article\" \/>\n<meta property=\"og:title\" content=\"Corona Capital LISTO!!!\" \/>\n<meta property=\"og:description\" content=\"Pues si mis queridos animalitos de la creaci\u00f3n, ma\u00f1ana por fin es el d\u00eda en que se dar\u00e1 a conocer el cartel del tan ansiado Corona Capital. Y ser\u00e1 a las 4\" \/>\n<meta property=\"og:url\" content=\"https:\/\/kalot.com.mx\/site\/2014\/05\/29\/corona-capital-manana\/\" \/>\n<meta property=\"og:site_name\" content=\"Kalot\" \/>\n<meta property=\"article:publisher\" content=\"http:\/\/facebook.com\/mxkalot\" \/>\n<meta property=\"article:published_time\" content=\"2014-05-30T02:36:03+00:00\" \/>\n<meta property=\"og:image\" content=\"https:\/\/i1.wp.com\/kalot.com.mx\/site\/wp-content\/uploads\/2014\/05\/Screen-Shot-2014-05-29-at-9.29.56-p.m..png?fit=1440%2C821&ssl=1\" \/>\n\t<meta property=\"og:image:width\" content=\"1440\" \/>\n\t<meta property=\"og:image:height\" content=\"821\" \/>\n\t<meta property=\"og:image:type\" content=\"image\/png\" \/>\n<meta name=\"author\" content=\"David S\u00e1nchez\" \/>\n<meta name=\"twitter:card\" content=\"summary_large_image\" \/>\n<meta name=\"twitter:creator\" content=\"@davidpms96\" \/>\n<meta name=\"twitter:site\" content=\"@kalotmx\" \/>\n<meta name=\"twitter:label1\" content=\"Escrito por\" \/>\n\t<meta name=\"twitter:data1\" content=\"David S\u00e1nchez\" \/>\n<!-- \/ Yoast SEO plugin. -->","yoast_head_json":{"title":"Corona Capital LISTO!!!","description":"Pues si mis queridos animalitos de la creaci\u00f3n, ma\u00f1ana por fin es el d\u00eda en que se dar\u00e1 a conocer el cartel del tan ansiado Corona Capital. Y ser\u00e1 a las 4","robots":{"index":"index","follow":"follow","max-snippet":"max-snippet:-1","max-image-preview":"max-image-preview:large","max-video-preview":"max-video-preview:-1"},"canonical":"https:\/\/kalot.com.mx\/site\/2014\/05\/29\/corona-capital-manana\/","og_locale":"es_MX","og_type":"article","og_title":"Corona Capital LISTO!!!","og_description":"Pues si mis queridos animalitos de la creaci\u00f3n, ma\u00f1ana por fin es el d\u00eda en que se dar\u00e1 a conocer el cartel del tan ansiado Corona Capital. Y ser\u00e1 a las 4","og_url":"https:\/\/kalot.com.mx\/site\/2014\/05\/29\/corona-capital-manana\/","og_site_name":"Kalot","article_publisher":"http:\/\/facebook.com\/mxkalot","article_published_time":"2014-05-30T02:36:03+00:00","og_image":[{"width":1440,"height":821,"url":"https:\/\/i1.wp.com\/kalot.com.mx\/site\/wp-content\/uploads\/2014\/05\/Screen-Shot-2014-05-29-at-9.29.56-p.m..png?fit=1440%2C821&ssl=1","type":"image\/png"}],"author":"David S\u00e1nchez","twitter_card":"summary_large_image","twitter_creator":"@davidpms96","twitter_site":"@kalotmx","twitter_misc":{"Escrito por":"David S\u00e1nchez"},"schema":{"@context":"https:\/\/schema.org","@graph":[{"@type":"Article","@id":"https:\/\/kalot.com.mx\/site\/2014\/05\/29\/corona-capital-manana\/#article","isPartOf":{"@id":"https:\/\/kalot.com.mx\/site\/2014\/05\/29\/corona-capital-manana\/"},"author":{"name":"David S\u00e1nchez","@id":"https:\/\/kalot.com.mx\/site\/#\/schema\/person\/6baf594887d9ab62944fda9244330603"},"headline":"Corona Capital Ma\u00f1ana!!!","datePublished":"2014-05-30T02:36:03+00:00","mainEntityOfPage":{"@id":"https:\/\/kalot.com.mx\/site\/2014\/05\/29\/corona-capital-manana\/"},"wordCount":103,"commentCount":0,"publisher":{"@id":"https:\/\/kalot.com.mx\/site\/#organization"},"image":{"@id":"https:\/\/kalot.com.mx\/site\/2014\/05\/29\/corona-capital-manana\/#primaryimage"},"thumbnailUrl":"https:\/\/i0.wp.com\/kalot.com.mx\/site\/wp-content\/uploads\/2014\/05\/Screen-Shot-2014-05-29-at-9.29.56-p.m..png?fit=1440%2C821&ssl=1","inLanguage":"es","potentialAction":[{"@type":"CommentAction","name":"Comment","target":["https:\/\/kalot.com.mx\/site\/2014\/05\/29\/corona-capital-manana\/#respond"]}]},{"@type":"WebPage","@id":"https:\/\/kalot.com.mx\/site\/2014\/05\/29\/corona-capital-manana\/","url":"https:\/\/kalot.com.mx\/site\/2014\/05\/29\/corona-capital-manana\/","name":"Corona Capital LISTO!!!","isPartOf":{"@id":"https:\/\/kalot.com.mx\/site\/#website"},"primaryImageOfPage":{"@id":"https:\/\/kalot.com.mx\/site\/2014\/05\/29\/corona-capital-manana\/#primaryimage"},"image":{"@id":"https:\/\/kalot.com.mx\/site\/2014\/05\/29\/corona-capital-manana\/#primaryimage"},"thumbnailUrl":"https:\/\/i0.wp.com\/kalot.com.mx\/site\/wp-content\/uploads\/2014\/05\/Screen-Shot-2014-05-29-at-9.29.56-p.m..png?fit=1440%2C821&ssl=1","datePublished":"2014-05-30T02:36:03+00:00","description":"Pues si mis queridos animalitos de la creaci\u00f3n, ma\u00f1ana por fin es el d\u00eda en que se dar\u00e1 a conocer el cartel del tan ansiado Corona Capital. Y ser\u00e1 a las 4","breadcrumb":{"@id":"https:\/\/kalot.com.mx\/site\/2014\/05\/29\/corona-capital-manana\/#breadcrumb"},"inLanguage":"es","potentialAction":[{"@type":"ReadAction","target":["https:\/\/kalot.com.mx\/site\/2014\/05\/29\/corona-capital-manana\/"]}]},{"@type":"ImageObject","inLanguage":"es","@id":"https:\/\/kalot.com.mx\/site\/2014\/05\/29\/corona-capital-manana\/#primaryimage","url":"https:\/\/i0.wp.com\/kalot.com.mx\/site\/wp-content\/uploads\/2014\/05\/Screen-Shot-2014-05-29-at-9.29.56-p.m..png?fit=1440%2C821&ssl=1","contentUrl":"https:\/\/i0.wp.com\/kalot.com.mx\/site\/wp-content\/uploads\/2014\/05\/Screen-Shot-2014-05-29-at-9.29.56-p.m..png?fit=1440%2C821&ssl=1","width":1440,"height":821},{"@type":"BreadcrumbList","@id":"https:\/\/kalot.com.mx\/site\/2014\/05\/29\/corona-capital-manana\/#breadcrumb","itemListElement":[{"@type":"ListItem","position":1,"name":"Home","item":"https:\/\/kalot.com.mx\/site\/"},{"@type":"ListItem","position":2,"name":"Corona Capital Ma\u00f1ana!!!"}]},{"@type":"WebSite","@id":"https:\/\/kalot.com.mx\/site\/#website","url":"https:\/\/kalot.com.mx\/site\/","name":"Kalot","description":"Conoce Todo Sobre Todo","publisher":{"@id":"https:\/\/kalot.com.mx\/site\/#organization"},"potentialAction":[{"@type":"SearchAction","target":{"@type":"EntryPoint","urlTemplate":"https:\/\/kalot.com.mx\/site\/?s={search_term_string}"},"query-input":{"@type":"PropertyValueSpecification","valueRequired":true,"valueName":"search_term_string"}}],"inLanguage":"es"},{"@type":"Organization","@id":"https:\/\/kalot.com.mx\/site\/#organization","name":"Kalot","url":"https:\/\/kalot.com.mx\/site\/","logo":{"@type":"ImageObject","inLanguage":"es","@id":"https:\/\/kalot.com.mx\/site\/#\/schema\/logo\/image\/","url":"https:\/\/i0.wp.com\/kalot.com.mx\/site\/wp-content\/uploads\/2020\/04\/Kalot-logo-sin-tagline.png?fit=1707%2C1014&ssl=1","contentUrl":"https:\/\/i0.wp.com\/kalot.com.mx\/site\/wp-content\/uploads\/2020\/04\/Kalot-logo-sin-tagline.png?fit=1707%2C1014&ssl=1","width":1707,"height":1014,"caption":"Kalot"},"image":{"@id":"https:\/\/kalot.com.mx\/site\/#\/schema\/logo\/image\/"},"sameAs":["http:\/\/facebook.com\/mxkalot","https:\/\/x.com\/kalotmx","http:\/\/instagram.com\/kalotmx","http:\/\/pinterest.com\/jorgeerana\/kalot"]},{"@type":"Person","@id":"https:\/\/kalot.com.mx\/site\/#\/schema\/person\/6baf594887d9ab62944fda9244330603","name":"David S\u00e1nchez","image":{"@type":"ImageObject","inLanguage":"es","@id":"https:\/\/secure.gravatar.com\/avatar\/a9993bb96b15c68a3759a39521e2f7d884b80007e4aec92ba75820217fdeff1e?s=96&d=mm&r=g","url":"https:\/\/secure.gravatar.com\/avatar\/a9993bb96b15c68a3759a39521e2f7d884b80007e4aec92ba75820217fdeff1e?s=96&d=mm&r=g","contentUrl":"https:\/\/secure.gravatar.com\/avatar\/a9993bb96b15c68a3759a39521e2f7d884b80007e4aec92ba75820217fdeff1e?s=96&d=mm&r=g","caption":"David S\u00e1nchez"},"description":"Estudiante de Derecho y un amante m\u00e1s de la m\u00fasica. Prefiero experiencias que cosas materiales.","sameAs":["https:\/\/x.com\/@davidpms96"],"url":"https:\/\/kalot.com.mx\/site\/author\/david\/"}]}},"jetpack_publicize_connections":[],"jetpack_featured_media_url":"https:\/\/i0.wp.com\/kalot.com.mx\/site\/wp-content\/uploads\/2014\/05\/Screen-Shot-2014-05-29-at-9.29.56-p.m..png?fit=1440%2C821&ssl=1","jetpack_shortlink":"https:\/\/wp.me\/p6IHEI-4in","jetpack-related-posts":[{"id":16536,"url":"https:\/\/kalot.com.mx\/site\/2014\/05\/30\/cartel-oficial-del-corona-capital-2014\/","url_meta":{"origin":16515,"position":0},"title":"\u00a1Cartel oficial del Corona Capital 2014!","author":"David S\u00e1nchez","date":"30 mayo, 2014","format":false,"excerpt":"Pues por fin despu\u00e9s de una larga espera lleg\u00f3 el Cartel Oficial del Corona Capital 2104!!! Si mis queridos Godinez, ya sabemos quienes estar\u00e1n presentes en la edici\u00f3n de este a\u00f1o del festival m\u00e1s hipster de M\u00e9xico, as\u00ed que sin m\u00e1s que decir, aqu\u00ed est\u00e1 el lineup: Woooooow!!!! Ma\u00f1ana un\u2026","rel":"","context":"Entrada similar ","block_context":{"text":"Entrada similar ","link":""},"img":{"alt_text":"","src":"https:\/\/i0.wp.com\/kalot.com.mx\/site\/wp-content\/uploads\/2014\/05\/corona1.jpg?fit=860%2C398&ssl=1&resize=350%2C200","width":350,"height":200,"srcset":"https:\/\/i0.wp.com\/kalot.com.mx\/site\/wp-content\/uploads\/2014\/05\/corona1.jpg?fit=860%2C398&ssl=1&resize=350%2C200 1x, https:\/\/i0.wp.com\/kalot.com.mx\/site\/wp-content\/uploads\/2014\/05\/corona1.jpg?fit=860%2C398&ssl=1&resize=525%2C300 1.5x, https:\/\/i0.wp.com\/kalot.com.mx\/site\/wp-content\/uploads\/2014\/05\/corona1.jpg?fit=860%2C398&ssl=1&resize=700%2C400 2x"},"classes":[]},{"id":16296,"url":"https:\/\/kalot.com.mx\/site\/2014\/05\/21\/posible-cartel-del-corona-capital-2014\/","url_meta":{"origin":16515,"position":1},"title":"Posible Cartel del Corona Capital 2014!!!","author":"David S\u00e1nchez","date":"21 mayo, 2014","format":false,"excerpt":"Pues mis queridos animalitos de Dios, el d\u00eda de hoy escribo este art\u00edculo desde la hermosa y airosa ciudad de Chicago, y no lo digo para presumir\u00a0ya que vine de trabajo, sino que en esta ciudad se llevar\u00e1 a cabo en la primera semana de Agosto una edici\u00f3n m\u00e1s del\u2026","rel":"","context":"Con 2 comentarios","block_context":{"text":"Con 2 comentarios","link":"https:\/\/kalot.com.mx\/site\/2014\/05\/21\/posible-cartel-del-corona-capital-2014\/#comments"},"img":{"alt_text":"","src":"https:\/\/i0.wp.com\/kalot.com.mx\/site\/wp-content\/uploads\/2014\/05\/festival-corona-capital-720x430.jpg?fit=720%2C430&ssl=1&resize=350%2C200","width":350,"height":200,"srcset":"https:\/\/i0.wp.com\/kalot.com.mx\/site\/wp-content\/uploads\/2014\/05\/festival-corona-capital-720x430.jpg?fit=720%2C430&ssl=1&resize=350%2C200 1x, https:\/\/i0.wp.com\/kalot.com.mx\/site\/wp-content\/uploads\/2014\/05\/festival-corona-capital-720x430.jpg?fit=720%2C430&ssl=1&resize=525%2C300 1.5x, https:\/\/i0.wp.com\/kalot.com.mx\/site\/wp-content\/uploads\/2014\/05\/festival-corona-capital-720x430.jpg?fit=720%2C430&ssl=1&resize=700%2C400 2x"},"classes":[]},{"id":24315,"url":"https:\/\/kalot.com.mx\/site\/2015\/11\/25\/live-out-monterrey\/","url_meta":{"origin":16515,"position":2},"title":"Live Out Monterrey. El pr\u00f3ximo gran festival de M\u00e9xico","author":"Omar Herrera","date":"25 noviembre, 2015","format":false,"excerpt":"Auspiciado por Heineken y diversos patrocinadores de car\u00e1cter nacional as\u00ed como internacional, y de la mano de los creadores de festivales como el Corona Capital, Austin City Limits, Vive Latino y Pal Norte llega la primera edici\u00f3n de un aglomerado de artistas de gran reputaci\u00f3n musical al Parque Fundidora en\u2026","rel":"","context":"En &quot;Eventos&quot;","block_context":{"text":"Eventos","link":"https:\/\/kalot.com.mx\/site\/category\/eventos\/"},"img":{"alt_text":"","src":"https:\/\/i0.wp.com\/kalot.com.mx\/site\/wp-content\/uploads\/2015\/11\/Sin-t%C3%ADtulo.png?fit=1200%2C445&ssl=1&resize=350%2C200","width":350,"height":200,"srcset":"https:\/\/i0.wp.com\/kalot.com.mx\/site\/wp-content\/uploads\/2015\/11\/Sin-t%C3%ADtulo.png?fit=1200%2C445&ssl=1&resize=350%2C200 1x, https:\/\/i0.wp.com\/kalot.com.mx\/site\/wp-content\/uploads\/2015\/11\/Sin-t%C3%ADtulo.png?fit=1200%2C445&ssl=1&resize=525%2C300 1.5x, https:\/\/i0.wp.com\/kalot.com.mx\/site\/wp-content\/uploads\/2015\/11\/Sin-t%C3%ADtulo.png?fit=1200%2C445&ssl=1&resize=700%2C400 2x, https:\/\/i0.wp.com\/kalot.com.mx\/site\/wp-content\/uploads\/2015\/11\/Sin-t%C3%ADtulo.png?fit=1200%2C445&ssl=1&resize=1050%2C600 3x"},"classes":[]},{"id":17749,"url":"https:\/\/kalot.com.mx\/site\/2014\/08\/27\/playlist-corona-capital-2014\/","url_meta":{"origin":16515,"position":3},"title":"Corona Capital 2014 en 200 canciones #RolasKalot","author":"Dulce Mireles","date":"27 agosto, 2014","format":false,"excerpt":"Kalot en colaboraci\u00f3n con Deezer re\u00fane 200 canciones que seguramente escucharemos en Corona Capital 2014...o al menos eso deseamos.\u00a0 \u00bfQu\u00e9 canciones agregar\u00edas al playlist Corona Capital 2014? Seguramente cuando viste el line-up del CC14 pensaste en las canciones que no deb\u00edan de faltar por cada banda favorita que ya est\u00e1s\u2026","rel":"","context":"En &quot;Sin categor\u00eda&quot;","block_context":{"text":"Sin categor\u00eda","link":"https:\/\/kalot.com.mx\/site\/category\/sin-categoria\/"},"img":{"alt_text":"","src":"https:\/\/i0.wp.com\/kalot.com.mx\/site\/wp-content\/uploads\/2014\/08\/haim.jpg?fit=600%2C400&ssl=1&resize=350%2C200","width":350,"height":200,"srcset":"https:\/\/i0.wp.com\/kalot.com.mx\/site\/wp-content\/uploads\/2014\/08\/haim.jpg?fit=600%2C400&ssl=1&resize=350%2C200 1x, https:\/\/i0.wp.com\/kalot.com.mx\/site\/wp-content\/uploads\/2014\/08\/haim.jpg?fit=600%2C400&ssl=1&resize=525%2C300 1.5x"},"classes":[]},{"id":7167,"url":"https:\/\/kalot.com.mx\/site\/2013\/11\/25\/aftermovie-corona-capital-2013\/","url_meta":{"origin":16515,"position":4},"title":"Aftermovie Corona Capital 2013","author":"Omar Herrera","date":"25 noviembre, 2013","format":false,"excerpt":"Despu\u00e9s de casi 2 meses de haber tenido uno de los festivales m\u00e1s importantes de nuestro pa\u00eds, el Corona Capital, la gente de www.lightandnoise.tv se hizo cargo de recopilar algunos de los mejores momentos con los que se contaron en esta 4a edici\u00f3n que este a\u00f1o cont\u00f3 con artistas de\u2026","rel":"","context":"Entrada similar ","block_context":{"text":"Entrada similar ","link":""},"img":{"alt_text":"","src":"https:\/\/i0.wp.com\/kalot.com.mx\/site\/wp-content\/uploads\/2013\/11\/maxresdefault-1.jpg?fit=1200%2C675&ssl=1&resize=350%2C200","width":350,"height":200,"srcset":"https:\/\/i0.wp.com\/kalot.com.mx\/site\/wp-content\/uploads\/2013\/11\/maxresdefault-1.jpg?fit=1200%2C675&ssl=1&resize=350%2C200 1x, https:\/\/i0.wp.com\/kalot.com.mx\/site\/wp-content\/uploads\/2013\/11\/maxresdefault-1.jpg?fit=1200%2C675&ssl=1&resize=525%2C300 1.5x, https:\/\/i0.wp.com\/kalot.com.mx\/site\/wp-content\/uploads\/2013\/11\/maxresdefault-1.jpg?fit=1200%2C675&ssl=1&resize=700%2C400 2x, https:\/\/i0.wp.com\/kalot.com.mx\/site\/wp-content\/uploads\/2013\/11\/maxresdefault-1.jpg?fit=1200%2C675&ssl=1&resize=1050%2C600 3x"},"classes":[]},{"id":14368,"url":"https:\/\/kalot.com.mx\/site\/2014\/04\/01\/festival-musical-alterno-2014-en-san-luis-potosi\/","url_meta":{"origin":16515,"position":5},"title":"Festival Musical Alterno 2014 en San Luis Potos\u00ed","author":"Omar Herrera","date":"1 abril, 2014","format":false,"excerpt":"\u201cM\u00e1s de 12 horas de m\u00fasica independiente, deportes y arte urbano.\u201d Suena bien \u00bfno? Por primera ocasi\u00f3n en nuestra ciudad se realizar\u00e1 un festival enfocado hacia la m\u00fasica alternativa, un espacio\u00a0para promocionar la cultura musical y el arte independiente local y nacional. Seguramente muchos de nosotros (porque no s\u00f3lo usted\u2026","rel":"","context":"En &quot;Sin categor\u00eda&quot;","block_context":{"text":"Sin categor\u00eda","link":"https:\/\/kalot.com.mx\/site\/category\/sin-categoria\/"},"img":{"alt_text":"","src":"https:\/\/i0.wp.com\/kalot.com.mx\/site\/wp-content\/uploads\/2014\/04\/1972333_227742050748909_230667581_n.jpg?fit=960%2C411&ssl=1&resize=350%2C200","width":350,"height":200,"srcset":"https:\/\/i0.wp.com\/kalot.com.mx\/site\/wp-content\/uploads\/2014\/04\/1972333_227742050748909_230667581_n.jpg?fit=960%2C411&ssl=1&resize=350%2C200 1x, https:\/\/i0.wp.com\/kalot.com.mx\/site\/wp-content\/uploads\/2014\/04\/1972333_227742050748909_230667581_n.jpg?fit=960%2C411&ssl=1&resize=525%2C300 1.5x, https:\/\/i0.wp.com\/kalot.com.mx\/site\/wp-content\/uploads\/2014\/04\/1972333_227742050748909_230667581_n.jpg?fit=960%2C411&ssl=1&resize=700%2C400 2x"},"classes":[]}],"jetpack_sharing_enabled":true,"_links":{"self":[{"href":"https:\/\/kalot.com.mx\/site\/wp-json\/wp\/v2\/posts\/16515","targetHints":{"allow":["GET"]}}],"collection":[{"href":"https:\/\/kalot.com.mx\/site\/wp-json\/wp\/v2\/posts"}],"about":[{"href":"https:\/\/kalot.com.mx\/site\/wp-json\/wp\/v2\/types\/post"}],"author":[{"embeddable":true,"href":"https:\/\/kalot.com.mx\/site\/wp-json\/wp\/v2\/users\/80"}],"replies":[{"embeddable":true,"href":"https:\/\/kalot.com.mx\/site\/wp-json\/wp\/v2\/comments?post=16515"}],"version-history":[{"count":0,"href":"https:\/\/kalot.com.mx\/site\/wp-json\/wp\/v2\/posts\/16515\/revisions"}],"wp:featuredmedia":[{"embeddable":true,"href":"https:\/\/kalot.com.mx\/site\/wp-json\/wp\/v2\/media\/16516"}],"wp:attachment":[{"href":"https:\/\/kalot.com.mx\/site\/wp-json\/wp\/v2\/media?parent=16515"}],"wp:term":[{"taxonomy":"category","embeddable":true,"href":"https:\/\/kalot.com.mx\/site\/wp-json\/wp\/v2\/categories?post=16515"},{"taxonomy":"post_tag","embeddable":true,"href":"https:\/\/kalot.com.mx\/site\/wp-json\/wp\/v2\/tags?post=16515"}],"curies":[{"name":"wp","href":"https:\/\/api.w.org\/{rel}","templated":true}]}}