{"id":16500,"date":"2014-05-29T17:20:38","date_gmt":"2014-05-29T22:20:38","guid":{"rendered":"http:\/\/www.kalot.com.mx\/?p=16500"},"modified":"2014-05-29T17:20:38","modified_gmt":"2014-05-29T22:20:38","slug":"lo-que-dice-el-silencio","status":"publish","type":"post","link":"https:\/\/kalot.com.mx\/site\/2014\/05\/29\/lo-que-dice-el-silencio\/","title":{"rendered":"Lo Que Dice El Silencio."},"content":{"rendered":"<p style=\"text-align: justify\">Los silencios son parte de nuestra vida diaria, no siempre notamos que est\u00e1n ah\u00ed pero es algo que no se puede evitar. Podemos verlos como algo inevitable en nuestras vidas, no siempre podemos estar rodeados de ruido, las distracciones llega un punto en el que se evaporan y es cuando llegamos a tener un poco de paz mental. Pero ahora vamos a tratar los silencios como algo m\u00e1s espec\u00edfico: <span><em>silencio entre personas<\/em><\/span>.<\/p>\n<p style=\"text-align: justify\">Puede que dici\u00e9ndolo as\u00ed nom\u00e1s no encontremos relaci\u00f3n con aquel tipo de situaci\u00f3n pero aqu\u00ed les va, por m\u00e1s que dos personas hablen llegar\u00e1 un punto en el que terminen por guardar silencio y ah\u00ed nos podemos dar cuenta de algo: si el silencio se vuelve inc\u00f3modo o es algo placentero \u2013algo con lo que nos lleguemos a sentir c\u00f3modos-.<\/p>\n<p style=\"text-align: justify\">Cuando sucede la primera opci\u00f3n es por algo demasiado simple, no tenemos la suficiente qu\u00edmica con dicho individuo, puede que sea porque no nos sentimos c\u00f3modos o hasta porque no nos llevamos bien con ellos o ellas \u2013ese es uno de los peores silencios cuando tenemos que hablar forzosamente con alguien que no nos cae bien-, siendo honestos es muchas veces hace nuestros momentos un tanto inc\u00f3modos.<\/p>\n<p><img data-recalc-dims=\"1\" decoding=\"async\" class=\"aligncenter\" src=\"http:\/\/themidnightalliance.files.wordpress.com\/2014\/01\/im-so-uncomfortable.gif?w=1200\" alt=\"\" \/><\/p>\n<p style=\"text-align: justify\">En cambio si nos ponemos a pensar en la segunda opci\u00f3n las razones pueden llegar a ser infinitas, una vez hasta le\u00ed que cuando no hay silencios inc\u00f3modos entre las personas es porque de verdad hay un amor real o hasta un cari\u00f1o sincero. La m\u00e1s simple y b\u00e1sica que puedo encontrar es que hay un nivel de compatibilidad razonable, no nos molesta que haya momentos de silencio de hecho nos sentimos c\u00f3modos tanto con la compa\u00f1\u00eda como la situaci\u00f3n, es como dicen: un silencio dice m\u00e1s que mil palabras \u2013OK yo s\u00e9 que es en teor\u00eda la mirada pero s\u00edganme la corriente-.<\/p>\n<p style=\"text-align: justify\">Yo creo que aquellos momentos de silencio valen la pena cuando est\u00e1s con alguien que los hace especiales, como cuando est\u00e1n con su mejor amigo o amiga y no necesitan palabras para entenderse; nuestra compatibilidad est\u00e1 casi al m\u00e1ximo cuando esto pasa y de cierta forma es interesante ya que nos sentimos c\u00f3modos en cada aspecto posible. Es incre\u00edble esto, sentirse c\u00f3modo con la compa\u00f1\u00eda, el ambiente, el trasfondo de la situaci\u00f3n y hasta con la relaci\u00f3n que llevamos con aquella persona.<\/p>\n<p style=\"text-align: justify\">Todo est\u00e1 a m\u00e1ximo y es uno de aquellos momentos que nos completan como seres humanos. Por m\u00e1s cursi que suene son de esos momentos que quisi\u00e9ramos congelar o incluso revivir, de aquellos peque\u00f1os pero significantes momentos que simplemente nos encantan. Todos y cada uno de nosotros contamos con un historial de aquellos momentos, y cada que pensamos en ellos podemos relacionar aquellos acontecimientos directamente con individuos y con una gama incre\u00edble de sentimientos y sensaciones que atesoramos, instantes con los que nos dimos cuenta que hay veces en los que las palabras sobran y no pudo haber nada mejor que haber disfrutado aquel momento<em><span style=\"color: #800080\">\u00a0al natural<\/span><\/em>: sin distracciones.<\/p>\n<p><img data-recalc-dims=\"1\" decoding=\"async\" class=\"aligncenter\" src=\"https:\/\/i0.wp.com\/24.media.tumblr.com\/c715a8717c74569bf9c81447ec3f8455\/tumblr_modz3q6LCN1s7rcb8o1_500.gif?w=1200\" alt=\"\" \/><\/p>\n<p style=\"text-align: justify\">Llegar a saborear esos momentos bajo dichas condiciones es algo <span><em>id\u00edlico<\/em><\/span>, algo con lo que cualquiera se puede sentir feliz y pleno, algo que podemos disfrutar en cualquier etapa de nuestras vidas, de hecho si hacemos memoria nos podemos dar cuenta que desde que tenemos uso de raz\u00f3n han existido este tipo de situaciones en nuestra vida diaria, desde un momento con nuestras familias hasta un momento de complicidad con amigos. No hay forma de verlo como algo malo, el silencio es un elemento clave de los peque\u00f1os grandes momentos de nuestras vidas, si me lo preguntan a m\u00ed no creo que haya nada m\u00e1s bello que un momento de silencio.<\/p>\n<p style=\"text-align: justify\">En el silencio podemos encontrar de esos instantes que nos marcan la vida, instantes que nos pueden ayudar a crecer como personas o hasta a comprender el tipo de relaci\u00f3n que tenemos con los que nos rodean, son situaciones con las que nos podemos dar cuenta de lo que nos rodea y forma parte de nuestro entorno, de nuestro camino y de nuestra vida entera. Quiero creer que no soy la \u00fanica que siente y\u00a0que considera bellos, importantes e impredecibles aquellas circunstancias y que piensa que el silencio habla cuando las palabras no pueden.<\/p>\n<p style=\"text-align: justify\">Au revoir!<\/p>\n","protected":false},"excerpt":{"rendered":"Los silencios son parte de nuestra vida diaria, no siempre notamos que est\u00e1n ah\u00ed pero es algo que&hellip;\n","protected":false},"author":61,"featured_media":16501,"comment_status":"open","ping_status":"open","sticky":false,"template":"","format":"standard","meta":{"jetpack_post_was_ever_published":false,"_jetpack_newsletter_access":"","_jetpack_dont_email_post_to_subs":false,"_jetpack_newsletter_tier_id":0,"_jetpack_memberships_contains_paywalled_content":false,"_jetpack_memberships_contains_paid_content":false,"footnotes":"","jetpack_publicize_message":"","jetpack_publicize_feature_enabled":true,"jetpack_social_post_already_shared":true,"jetpack_social_options":{"image_generator_settings":{"template":"highway","default_image_id":0,"font":"","enabled":false},"version":2}},"categories":[],"tags":[],"class_list":{"0":"post-16500","1":"post","2":"type-post","3":"status-publish","4":"format-standard","5":"has-post-thumbnail","7":"cs-entry","8":"cs-video-wrap"},"yoast_head":"<!-- This site is optimized with the Yoast SEO plugin v27.5 - https:\/\/yoast.com\/product\/yoast-seo-wordpress\/ -->\n<title>Lo Que Dice El Silencio.<\/title>\n<meta name=\"description\" content=\"Los silencios son parte de nuestra vida diaria, no siempre notamos que est\u00e1n ah\u00ed pero es algo que no se puede evitar. Podemos verlos como algo inevitable\" \/>\n<meta name=\"robots\" content=\"index, follow, max-snippet:-1, max-image-preview:large, max-video-preview:-1\" \/>\n<link rel=\"canonical\" href=\"https:\/\/kalot.com.mx\/site\/2014\/05\/29\/lo-que-dice-el-silencio\/\" \/>\n<meta property=\"og:locale\" content=\"es_MX\" \/>\n<meta property=\"og:type\" content=\"article\" \/>\n<meta property=\"og:title\" content=\"Lo Que Dice El Silencio.\" \/>\n<meta property=\"og:description\" content=\"Los silencios son parte de nuestra vida diaria, no siempre notamos que est\u00e1n ah\u00ed pero es algo que no se puede evitar. Podemos verlos como algo inevitable\" \/>\n<meta property=\"og:url\" content=\"https:\/\/kalot.com.mx\/site\/2014\/05\/29\/lo-que-dice-el-silencio\/\" \/>\n<meta property=\"og:site_name\" content=\"Kalot\" \/>\n<meta property=\"article:publisher\" content=\"http:\/\/facebook.com\/mxkalot\" \/>\n<meta property=\"article:author\" content=\"https:\/\/www.facebook.com\/elie.alvarado1\" \/>\n<meta property=\"article:published_time\" content=\"2014-05-29T22:20:38+00:00\" \/>\n<meta property=\"og:image\" content=\"https:\/\/i0.wp.com\/kalot.com.mx\/site\/wp-content\/uploads\/2014\/05\/silence.jpg?fit=800%2C533&ssl=1\" \/>\n\t<meta property=\"og:image:width\" content=\"800\" \/>\n\t<meta property=\"og:image:height\" content=\"533\" \/>\n\t<meta property=\"og:image:type\" content=\"image\/jpeg\" \/>\n<meta name=\"author\" content=\"Mar\u00eda Alvarado\" \/>\n<meta name=\"twitter:card\" content=\"summary_large_image\" \/>\n<meta name=\"twitter:creator\" content=\"@Me_elieA\" \/>\n<meta name=\"twitter:site\" content=\"@kalotmx\" \/>\n<meta name=\"twitter:label1\" content=\"Escrito por\" \/>\n\t<meta name=\"twitter:data1\" content=\"Mar\u00eda Alvarado\" \/>\n\t<meta name=\"twitter:label2\" content=\"Tiempo de lectura\" \/>\n\t<meta name=\"twitter:data2\" content=\"4 minutos\" \/>\n<!-- \/ Yoast SEO plugin. -->","yoast_head_json":{"title":"Lo Que Dice El Silencio.","description":"Los silencios son parte de nuestra vida diaria, no siempre notamos que est\u00e1n ah\u00ed pero es algo que no se puede evitar. Podemos verlos como algo inevitable","robots":{"index":"index","follow":"follow","max-snippet":"max-snippet:-1","max-image-preview":"max-image-preview:large","max-video-preview":"max-video-preview:-1"},"canonical":"https:\/\/kalot.com.mx\/site\/2014\/05\/29\/lo-que-dice-el-silencio\/","og_locale":"es_MX","og_type":"article","og_title":"Lo Que Dice El Silencio.","og_description":"Los silencios son parte de nuestra vida diaria, no siempre notamos que est\u00e1n ah\u00ed pero es algo que no se puede evitar. Podemos verlos como algo inevitable","og_url":"https:\/\/kalot.com.mx\/site\/2014\/05\/29\/lo-que-dice-el-silencio\/","og_site_name":"Kalot","article_publisher":"http:\/\/facebook.com\/mxkalot","article_author":"https:\/\/www.facebook.com\/elie.alvarado1","article_published_time":"2014-05-29T22:20:38+00:00","og_image":[{"width":800,"height":533,"url":"https:\/\/i0.wp.com\/kalot.com.mx\/site\/wp-content\/uploads\/2014\/05\/silence.jpg?fit=800%2C533&ssl=1","type":"image\/jpeg"}],"author":"Mar\u00eda Alvarado","twitter_card":"summary_large_image","twitter_creator":"@Me_elieA","twitter_site":"@kalotmx","twitter_misc":{"Escrito por":"Mar\u00eda Alvarado","Tiempo de lectura":"4 minutos"},"schema":{"@context":"https:\/\/schema.org","@graph":[{"@type":"Article","@id":"https:\/\/kalot.com.mx\/site\/2014\/05\/29\/lo-que-dice-el-silencio\/#article","isPartOf":{"@id":"https:\/\/kalot.com.mx\/site\/2014\/05\/29\/lo-que-dice-el-silencio\/"},"author":{"name":"Mar\u00eda Alvarado","@id":"https:\/\/kalot.com.mx\/site\/#\/schema\/person\/2364e48efea2244b0799211aeff4847e"},"headline":"Lo Que Dice El Silencio.","datePublished":"2014-05-29T22:20:38+00:00","mainEntityOfPage":{"@id":"https:\/\/kalot.com.mx\/site\/2014\/05\/29\/lo-que-dice-el-silencio\/"},"wordCount":750,"commentCount":0,"publisher":{"@id":"https:\/\/kalot.com.mx\/site\/#organization"},"image":{"@id":"https:\/\/kalot.com.mx\/site\/2014\/05\/29\/lo-que-dice-el-silencio\/#primaryimage"},"thumbnailUrl":"https:\/\/i0.wp.com\/kalot.com.mx\/site\/wp-content\/uploads\/2014\/05\/silence.jpg?fit=800%2C533&ssl=1","inLanguage":"es","potentialAction":[{"@type":"CommentAction","name":"Comment","target":["https:\/\/kalot.com.mx\/site\/2014\/05\/29\/lo-que-dice-el-silencio\/#respond"]}]},{"@type":"WebPage","@id":"https:\/\/kalot.com.mx\/site\/2014\/05\/29\/lo-que-dice-el-silencio\/","url":"https:\/\/kalot.com.mx\/site\/2014\/05\/29\/lo-que-dice-el-silencio\/","name":"Lo Que Dice El Silencio.","isPartOf":{"@id":"https:\/\/kalot.com.mx\/site\/#website"},"primaryImageOfPage":{"@id":"https:\/\/kalot.com.mx\/site\/2014\/05\/29\/lo-que-dice-el-silencio\/#primaryimage"},"image":{"@id":"https:\/\/kalot.com.mx\/site\/2014\/05\/29\/lo-que-dice-el-silencio\/#primaryimage"},"thumbnailUrl":"https:\/\/i0.wp.com\/kalot.com.mx\/site\/wp-content\/uploads\/2014\/05\/silence.jpg?fit=800%2C533&ssl=1","datePublished":"2014-05-29T22:20:38+00:00","description":"Los silencios son parte de nuestra vida diaria, no siempre notamos que est\u00e1n ah\u00ed pero es algo que no se puede evitar. Podemos verlos como algo inevitable","breadcrumb":{"@id":"https:\/\/kalot.com.mx\/site\/2014\/05\/29\/lo-que-dice-el-silencio\/#breadcrumb"},"inLanguage":"es","potentialAction":[{"@type":"ReadAction","target":["https:\/\/kalot.com.mx\/site\/2014\/05\/29\/lo-que-dice-el-silencio\/"]}]},{"@type":"ImageObject","inLanguage":"es","@id":"https:\/\/kalot.com.mx\/site\/2014\/05\/29\/lo-que-dice-el-silencio\/#primaryimage","url":"https:\/\/i0.wp.com\/kalot.com.mx\/site\/wp-content\/uploads\/2014\/05\/silence.jpg?fit=800%2C533&ssl=1","contentUrl":"https:\/\/i0.wp.com\/kalot.com.mx\/site\/wp-content\/uploads\/2014\/05\/silence.jpg?fit=800%2C533&ssl=1","width":800,"height":533},{"@type":"BreadcrumbList","@id":"https:\/\/kalot.com.mx\/site\/2014\/05\/29\/lo-que-dice-el-silencio\/#breadcrumb","itemListElement":[{"@type":"ListItem","position":1,"name":"Home","item":"https:\/\/kalot.com.mx\/site\/"},{"@type":"ListItem","position":2,"name":"Lo Que Dice El Silencio."}]},{"@type":"WebSite","@id":"https:\/\/kalot.com.mx\/site\/#website","url":"https:\/\/kalot.com.mx\/site\/","name":"Kalot","description":"Conoce Todo Sobre Todo","publisher":{"@id":"https:\/\/kalot.com.mx\/site\/#organization"},"potentialAction":[{"@type":"SearchAction","target":{"@type":"EntryPoint","urlTemplate":"https:\/\/kalot.com.mx\/site\/?s={search_term_string}"},"query-input":{"@type":"PropertyValueSpecification","valueRequired":true,"valueName":"search_term_string"}}],"inLanguage":"es"},{"@type":"Organization","@id":"https:\/\/kalot.com.mx\/site\/#organization","name":"Kalot","url":"https:\/\/kalot.com.mx\/site\/","logo":{"@type":"ImageObject","inLanguage":"es","@id":"https:\/\/kalot.com.mx\/site\/#\/schema\/logo\/image\/","url":"https:\/\/i0.wp.com\/kalot.com.mx\/site\/wp-content\/uploads\/2020\/04\/Kalot-logo-sin-tagline.png?fit=1707%2C1014&ssl=1","contentUrl":"https:\/\/i0.wp.com\/kalot.com.mx\/site\/wp-content\/uploads\/2020\/04\/Kalot-logo-sin-tagline.png?fit=1707%2C1014&ssl=1","width":1707,"height":1014,"caption":"Kalot"},"image":{"@id":"https:\/\/kalot.com.mx\/site\/#\/schema\/logo\/image\/"},"sameAs":["http:\/\/facebook.com\/mxkalot","https:\/\/x.com\/kalotmx","http:\/\/instagram.com\/kalotmx","http:\/\/pinterest.com\/jorgeerana\/kalot"]},{"@type":"Person","@id":"https:\/\/kalot.com.mx\/site\/#\/schema\/person\/2364e48efea2244b0799211aeff4847e","name":"Mar\u00eda Alvarado","image":{"@type":"ImageObject","inLanguage":"es","@id":"https:\/\/secure.gravatar.com\/avatar\/2a5c53655315c4a72bc8b3127daca732f3ccab828ef0de13ec26f266fc855c6b?s=96&d=mm&r=g","url":"https:\/\/secure.gravatar.com\/avatar\/2a5c53655315c4a72bc8b3127daca732f3ccab828ef0de13ec26f266fc855c6b?s=96&d=mm&r=g","contentUrl":"https:\/\/secure.gravatar.com\/avatar\/2a5c53655315c4a72bc8b3127daca732f3ccab828ef0de13ec26f266fc855c6b?s=96&d=mm&r=g","caption":"Mar\u00eda Alvarado"},"description":"El perfecto ejemplo de una rom\u00e1ntica so\u00f1adora, drama queen y devoradora de libros. Una parlanchina innata que goza de los peque\u00f1os placeres que ofrece esta vida y fan\u00e1tica de las sonrisas.","sameAs":["https:\/\/www.facebook.com\/elie.alvarado1","https:\/\/x.com\/Me_elieA"],"url":"https:\/\/kalot.com.mx\/site\/author\/elisa\/"}]}},"jetpack_publicize_connections":[],"jetpack_featured_media_url":"https:\/\/i0.wp.com\/kalot.com.mx\/site\/wp-content\/uploads\/2014\/05\/silence.jpg?fit=800%2C533&ssl=1","jetpack_shortlink":"https:\/\/wp.me\/p6IHEI-4i8","jetpack-related-posts":[{"id":18821,"url":"https:\/\/kalot.com.mx\/site\/2014\/10\/20\/esperanzas\/","url_meta":{"origin":16500,"position":0},"title":"Esperanzas por ah\u00ed.","author":"Mar\u00eda Alvarado","date":"20 octubre, 2014","format":false,"excerpt":"Con el paso del tiempo me he ido dando cuenta de algo muy curioso: por m\u00e1s que una persona diga que no espera nada a cambio s\u00ed lo hace, es algo que nos pasa a todos sin excepci\u00f3n alguna. Me di cuenta de esto el otro d\u00eda que estaba hablando\u2026","rel":"","context":"Entrada similar ","block_context":{"text":"Entrada similar ","link":""},"img":{"alt_text":"","src":"https:\/\/i0.wp.com\/kalot.com.mx\/site\/wp-content\/uploads\/2014\/10\/telc3b3n-rojo1.jpg?fit=1200%2C750&ssl=1&resize=350%2C200","width":350,"height":200,"srcset":"https:\/\/i0.wp.com\/kalot.com.mx\/site\/wp-content\/uploads\/2014\/10\/telc3b3n-rojo1.jpg?fit=1200%2C750&ssl=1&resize=350%2C200 1x, https:\/\/i0.wp.com\/kalot.com.mx\/site\/wp-content\/uploads\/2014\/10\/telc3b3n-rojo1.jpg?fit=1200%2C750&ssl=1&resize=525%2C300 1.5x, https:\/\/i0.wp.com\/kalot.com.mx\/site\/wp-content\/uploads\/2014\/10\/telc3b3n-rojo1.jpg?fit=1200%2C750&ssl=1&resize=700%2C400 2x, https:\/\/i0.wp.com\/kalot.com.mx\/site\/wp-content\/uploads\/2014\/10\/telc3b3n-rojo1.jpg?fit=1200%2C750&ssl=1&resize=1050%2C600 3x"},"classes":[]},{"id":17564,"url":"https:\/\/kalot.com.mx\/site\/2014\/08\/10\/el-primer-dia-del-resto-de-tu-vida\/","url_meta":{"origin":16500,"position":1},"title":"El primer d\u00eda del resto de tu vida.","author":"Mar\u00eda Alvarado","date":"10 agosto, 2014","format":false,"excerpt":"Muchas veces llegamos a pensar en el n\u00famero infinito de posibilidades a las cuales nos enfrentamos d\u00eda con d\u00eda, de alguna manera u otra sabemos perfectamente cada acci\u00f3n que realicemos tendr\u00e1 una repercusi\u00f3n en nuestro futuro y en el de los dem\u00e1s\u2026 es un poco dif\u00edcil concentrarnos en lo que\u2026","rel":"","context":"Entrada similar ","block_context":{"text":"Entrada similar ","link":""},"img":{"alt_text":"","src":"https:\/\/i0.wp.com\/kalot.com.mx\/site\/wp-content\/uploads\/2014\/08\/best_day_ever___tangled_by_courtoonxiii-d48jteh.jpg?fit=900%2C573&ssl=1&resize=350%2C200","width":350,"height":200,"srcset":"https:\/\/i0.wp.com\/kalot.com.mx\/site\/wp-content\/uploads\/2014\/08\/best_day_ever___tangled_by_courtoonxiii-d48jteh.jpg?fit=900%2C573&ssl=1&resize=350%2C200 1x, https:\/\/i0.wp.com\/kalot.com.mx\/site\/wp-content\/uploads\/2014\/08\/best_day_ever___tangled_by_courtoonxiii-d48jteh.jpg?fit=900%2C573&ssl=1&resize=525%2C300 1.5x, https:\/\/i0.wp.com\/kalot.com.mx\/site\/wp-content\/uploads\/2014\/08\/best_day_ever___tangled_by_courtoonxiii-d48jteh.jpg?fit=900%2C573&ssl=1&resize=700%2C400 2x"},"classes":[]},{"id":15868,"url":"https:\/\/kalot.com.mx\/site\/2014\/05\/08\/no-son-errores\/","url_meta":{"origin":16500,"position":2},"title":"No Son Errores.","author":"Mar\u00eda Alvarado","date":"8 mayo, 2014","format":false,"excerpt":"[dropcap size=small]N[\/dropcap]o s\u00e9 c\u00f3mo lo vean ustedes, pero yo soy una fiel partidaria de la idea de \u201ctodo pasa por algo\u201d. Experiencias, pruebas dif\u00edciles, momentos de insatisfacci\u00f3n personal, alegr\u00edas descomunales; son algunas de las cosas que nos pueden pasar a todos y cada uno de nosotros como personas pero m\u00e1s\u2026","rel":"","context":"Entrada similar ","block_context":{"text":"Entrada similar ","link":""},"img":{"alt_text":"","src":"https:\/\/i0.wp.com\/kalot.com.mx\/site\/wp-content\/uploads\/2014\/05\/for_big_mistakes_by_xspelax-d46a9y7.jpg?fit=900%2C600&ssl=1&resize=350%2C200","width":350,"height":200,"srcset":"https:\/\/i0.wp.com\/kalot.com.mx\/site\/wp-content\/uploads\/2014\/05\/for_big_mistakes_by_xspelax-d46a9y7.jpg?fit=900%2C600&ssl=1&resize=350%2C200 1x, https:\/\/i0.wp.com\/kalot.com.mx\/site\/wp-content\/uploads\/2014\/05\/for_big_mistakes_by_xspelax-d46a9y7.jpg?fit=900%2C600&ssl=1&resize=525%2C300 1.5x, https:\/\/i0.wp.com\/kalot.com.mx\/site\/wp-content\/uploads\/2014\/05\/for_big_mistakes_by_xspelax-d46a9y7.jpg?fit=900%2C600&ssl=1&resize=700%2C400 2x"},"classes":[]},{"id":9952,"url":"https:\/\/kalot.com.mx\/site\/2014\/01\/23\/estoy-enamorada\/","url_meta":{"origin":16500,"position":3},"title":"Estoy enamorada.","author":"Mar\u00eda Alvarado","date":"23 enero, 2014","format":false,"excerpt":"Hace no mucho le\u00ed un art\u00edculo que hablaba de los \u201cneo-solteros\u201d, que son un grupo de personas que dicen estar solteros por decisi\u00f3n, no por circunstancias; y al leerlo me puse a pensar en que yo tambi\u00e9n soy soltera por elecci\u00f3n, aunque llegue a pensar que ha sido por circunstancia,\u2026","rel":"","context":"Con 1 comentario","block_context":{"text":"Con 1 comentario","link":"https:\/\/kalot.com.mx\/site\/2014\/01\/23\/estoy-enamorada\/#comments"},"img":{"alt_text":"","src":"https:\/\/i0.wp.com\/kalot.com.mx\/site\/wp-content\/uploads\/2014\/01\/in-love.jpg?fit=600%2C600&ssl=1&resize=350%2C200","width":350,"height":200,"srcset":"https:\/\/i0.wp.com\/kalot.com.mx\/site\/wp-content\/uploads\/2014\/01\/in-love.jpg?fit=600%2C600&ssl=1&resize=350%2C200 1x, https:\/\/i0.wp.com\/kalot.com.mx\/site\/wp-content\/uploads\/2014\/01\/in-love.jpg?fit=600%2C600&ssl=1&resize=525%2C300 1.5x"},"classes":[]},{"id":13024,"url":"https:\/\/kalot.com.mx\/site\/2014\/03\/06\/el-amor-es\/","url_meta":{"origin":16500,"position":4},"title":"El amor es&#8230;","author":"Mar\u00eda Alvarado","date":"6 marzo, 2014","format":false,"excerpt":"El amor es como los fantasmas, todo el mundo habla de \u00e9l pero pocos lo han visto. \u00a0 \u00a0 \u00bfC\u00f3mo sabemos cu\u00e1ndo s\u00ed es amor? El amor por otras personas es uno de los sentimientos m\u00e1s dif\u00edciles de identificar, no basta solamente con decirlo, lo tenemos que sentir y poder\u2026","rel":"","context":"Entrada similar ","block_context":{"text":"Entrada similar ","link":""},"img":{"alt_text":"","src":"https:\/\/i0.wp.com\/kalot.com.mx\/site\/wp-content\/uploads\/2014\/03\/Love-Pop-Art.jpg?fit=900%2C600&ssl=1&resize=350%2C200","width":350,"height":200,"srcset":"https:\/\/i0.wp.com\/kalot.com.mx\/site\/wp-content\/uploads\/2014\/03\/Love-Pop-Art.jpg?fit=900%2C600&ssl=1&resize=350%2C200 1x, https:\/\/i0.wp.com\/kalot.com.mx\/site\/wp-content\/uploads\/2014\/03\/Love-Pop-Art.jpg?fit=900%2C600&ssl=1&resize=525%2C300 1.5x, https:\/\/i0.wp.com\/kalot.com.mx\/site\/wp-content\/uploads\/2014\/03\/Love-Pop-Art.jpg?fit=900%2C600&ssl=1&resize=700%2C400 2x"},"classes":[]},{"id":9619,"url":"https:\/\/kalot.com.mx\/site\/2014\/01\/16\/este-cliche\/","url_meta":{"origin":16500,"position":5},"title":"Este clich\u00e9.","author":"Mar\u00eda Alvarado","date":"16 enero, 2014","format":false,"excerpt":"Como mujer tengo que aceptar, una de las fantas\u00edas m\u00e1s rom\u00e1nticas que nos presentan en pel\u00edculas, libros y hasta televisi\u00f3n; es la idea del mejor amigo. No puedo negar que me lleg\u00f3 a cruzar por la cabeza varias veces. Pero ah\u00ed la pregunta m\u00e1s bien deber\u00eda ser: \u00bfqu\u00e9 es lo\u2026","rel":"","context":"Entrada similar ","block_context":{"text":"Entrada similar ","link":""},"img":{"alt_text":"","src":"https:\/\/i0.wp.com\/kalot.com.mx\/site\/wp-content\/uploads\/2014\/01\/little-boy-and-girl-holding-hands-in-black-and-white_4.jpg?fit=1200%2C798&ssl=1&resize=350%2C200","width":350,"height":200,"srcset":"https:\/\/i0.wp.com\/kalot.com.mx\/site\/wp-content\/uploads\/2014\/01\/little-boy-and-girl-holding-hands-in-black-and-white_4.jpg?fit=1200%2C798&ssl=1&resize=350%2C200 1x, https:\/\/i0.wp.com\/kalot.com.mx\/site\/wp-content\/uploads\/2014\/01\/little-boy-and-girl-holding-hands-in-black-and-white_4.jpg?fit=1200%2C798&ssl=1&resize=525%2C300 1.5x, https:\/\/i0.wp.com\/kalot.com.mx\/site\/wp-content\/uploads\/2014\/01\/little-boy-and-girl-holding-hands-in-black-and-white_4.jpg?fit=1200%2C798&ssl=1&resize=700%2C400 2x, https:\/\/i0.wp.com\/kalot.com.mx\/site\/wp-content\/uploads\/2014\/01\/little-boy-and-girl-holding-hands-in-black-and-white_4.jpg?fit=1200%2C798&ssl=1&resize=1050%2C600 3x"},"classes":[]}],"jetpack_sharing_enabled":true,"_links":{"self":[{"href":"https:\/\/kalot.com.mx\/site\/wp-json\/wp\/v2\/posts\/16500","targetHints":{"allow":["GET"]}}],"collection":[{"href":"https:\/\/kalot.com.mx\/site\/wp-json\/wp\/v2\/posts"}],"about":[{"href":"https:\/\/kalot.com.mx\/site\/wp-json\/wp\/v2\/types\/post"}],"author":[{"embeddable":true,"href":"https:\/\/kalot.com.mx\/site\/wp-json\/wp\/v2\/users\/61"}],"replies":[{"embeddable":true,"href":"https:\/\/kalot.com.mx\/site\/wp-json\/wp\/v2\/comments?post=16500"}],"version-history":[{"count":0,"href":"https:\/\/kalot.com.mx\/site\/wp-json\/wp\/v2\/posts\/16500\/revisions"}],"wp:featuredmedia":[{"embeddable":true,"href":"https:\/\/kalot.com.mx\/site\/wp-json\/wp\/v2\/media\/16501"}],"wp:attachment":[{"href":"https:\/\/kalot.com.mx\/site\/wp-json\/wp\/v2\/media?parent=16500"}],"wp:term":[{"taxonomy":"category","embeddable":true,"href":"https:\/\/kalot.com.mx\/site\/wp-json\/wp\/v2\/categories?post=16500"},{"taxonomy":"post_tag","embeddable":true,"href":"https:\/\/kalot.com.mx\/site\/wp-json\/wp\/v2\/tags?post=16500"}],"curies":[{"name":"wp","href":"https:\/\/api.w.org\/{rel}","templated":true}]}}