{"id":16419,"date":"2014-05-26T19:44:32","date_gmt":"2014-05-27T00:44:32","guid":{"rendered":"http:\/\/www.kalot.com.mx\/?p=16419"},"modified":"2014-05-26T20:25:35","modified_gmt":"2014-05-27T01:25:35","slug":"el-longboard-electrico-mas-ligero-y-avanzado","status":"publish","type":"post","link":"https:\/\/kalot.com.mx\/site\/2014\/05\/26\/el-longboard-electrico-mas-ligero-y-avanzado\/","title":{"rendered":"El longboard el\u00e9ctrico m\u00e1s ligero y avanzado."},"content":{"rendered":"<p><strong>Marbel<\/strong> es un <strong>longboard<\/strong> el\u00e9ctrico que busca financiaci\u00f3n en <strong><a href=\"https:\/\/www.kickstarter.com\/projects\/1664522105\/marbel-the-lightest-electric-skateboard-in-the-wor\" target=\"_blank\">Kickstarter <\/a><\/strong>con una autonom\u00eda de 16 kil\u00f3metros y un peso de tan solo 4,3 Kg, lo que le convierte en el m\u00e1s r\u00e1pido y ligero de su clase.<\/p>\n<p><a href=\"https:\/\/i0.wp.com\/www.kalot.com.mx\/wp-content\/uploads\/2014\/05\/tumblr_inline_n35no3BQ1i1qf4y8s.jpg\"><img data-recalc-dims=\"1\" fetchpriority=\"high\" decoding=\"async\" data-attachment-id=\"16423\" data-permalink=\"https:\/\/kalot.com.mx\/site\/2014\/05\/26\/el-longboard-electrico-mas-ligero-y-avanzado\/tumblr_inline_n35no3bq1i1qf4y8s\/\" data-orig-file=\"https:\/\/i0.wp.com\/kalot.com.mx\/site\/wp-content\/uploads\/2014\/05\/tumblr_inline_n35no3BQ1i1qf4y8s.jpg?fit=500%2C333&ssl=1\" data-orig-size=\"500,333\" data-comments-opened=\"1\" data-image-meta=\"{&quot;aperture&quot;:&quot;0&quot;,&quot;credit&quot;:&quot;&quot;,&quot;camera&quot;:&quot;&quot;,&quot;caption&quot;:&quot;&quot;,&quot;created_timestamp&quot;:&quot;0&quot;,&quot;copyright&quot;:&quot;&quot;,&quot;focal_length&quot;:&quot;0&quot;,&quot;iso&quot;:&quot;0&quot;,&quot;shutter_speed&quot;:&quot;0&quot;,&quot;title&quot;:&quot;&quot;,&quot;orientation&quot;:&quot;0&quot;}\" data-image-title=\"tumblr_inline_n35no3BQ1i1qf4y8s\" data-image-description=\"\" data-image-caption=\"\" data-large-file=\"https:\/\/i0.wp.com\/kalot.com.mx\/site\/wp-content\/uploads\/2014\/05\/tumblr_inline_n35no3BQ1i1qf4y8s.jpg?fit=500%2C333&ssl=1\" class=\"aligncenter wp-image-16423 size-medium\" src=\"https:\/\/i0.wp.com\/www.kalot.com.mx\/wp-content\/uploads\/2014\/05\/tumblr_inline_n35no3BQ1i1qf4y8s-300x199.jpg?resize=300%2C199\" alt=\"tumblr_inline_n35no3BQ1i1qf4y8s\" width=\"300\" height=\"199\" \/><\/a><\/p>\n<p>Este longboard fue dise\u00f1ado para ser ligero y r\u00e1pido con una velocidad m\u00e1xima de 20 millas por hora, un peso aproximado de 4,3 Kg (9,9 libras) y con una\u00a0autonom\u00eda del motor el\u00e9ctrico de 16 kil\u00f3metros\u00a0(o 10 millas) por cada carga, y a la moda de otros veh\u00edculos el\u00e9ctricos como Tesla, incorpora una aplicaci\u00f3n para nuestro m\u00f3vil que permite personalizar el comportamiento de este skateboard el\u00e9ctrico y controlar su velocidad a modo de acelerador.<br \/>\n<div style=\"width: 640px;\" class=\"wp-video\"><video class=\"wp-video-shortcode\" id=\"video-16419-1\" width=\"640\" height=\"360\" preload=\"metadata\" controls=\"controls\"><source type=\"video\/mp4\" src=\"https:\/\/d2pq0u4uni88oo.cloudfront.net\/projects\/914610\/video-390641-h264_high.mp4?_=1\" \/><a href=\"https:\/\/d2pq0u4uni88oo.cloudfront.net\/projects\/914610\/video-390641-h264_high.mp4\">https:\/\/d2pq0u4uni88oo.cloudfront.net\/projects\/914610\/video-390641-h264_high.mp4<\/a><\/video><\/div>\n<p>Hemos visto varios proyectos que nos muestran el avance tecnol\u00f3gico en aplicaci\u00f3n de motores el\u00e9ctricos en este tipo de veh\u00edculos, desde los Segway hasta bicicletas el\u00e9ctricas como la e-bike que son modelos plegables para poder guardar casi en cualquier lugar, aunque yo prefiero la oldschool de patear el suelo para avanzar en mi Penny board me resulta interesante el avance que se ha logrado en micro motores para dispositivos de esta \u00edndole. Espero que mis ojos y claro piernas me permitan alg\u00fan d\u00eda deslizarme en una Hoverboard.<\/p>\n<p><img data-recalc-dims=\"1\" decoding=\"async\" class=\"aligncenter\" src=\"https:\/\/i0.wp.com\/24.media.tumblr.com\/7771c19a19c521070ecb588753507697\/tumblr_mpeypt6CPh1s9vqhlo1_500.gif?resize=410%2C223&ssl=1\" alt=\"\" width=\"410\" height=\"223\" \/><\/p>\n<p>\u00bfPor qu\u00e9 se vale so\u00f1ar no?<\/p>\n","protected":false},"excerpt":{"rendered":"Marbel es un longboard el\u00e9ctrico que busca financiaci\u00f3n en Kickstarter con una autonom\u00eda de 16 kil\u00f3metros y un&hellip;\n","protected":false},"author":70,"featured_media":16424,"comment_status":"open","ping_status":"open","sticky":false,"template":"","format":"standard","meta":{"jetpack_post_was_ever_published":false,"_jetpack_newsletter_access":"","_jetpack_dont_email_post_to_subs":false,"_jetpack_newsletter_tier_id":0,"_jetpack_memberships_contains_paywalled_content":false,"_jetpack_memberships_contains_paid_content":false,"footnotes":"","jetpack_publicize_message":"","jetpack_publicize_feature_enabled":true,"jetpack_social_post_already_shared":true,"jetpack_social_options":{"image_generator_settings":{"template":"highway","default_image_id":0,"font":"","enabled":false},"version":2}},"categories":[],"tags":[],"class_list":{"0":"post-16419","1":"post","2":"type-post","3":"status-publish","4":"format-standard","5":"has-post-thumbnail","7":"cs-entry","8":"cs-video-wrap"},"yoast_head":"<!-- This site is optimized with the Yoast SEO plugin v27.5 - https:\/\/yoast.com\/product\/yoast-seo-wordpress\/ -->\n<title>El longboard el\u00e9ctrico m\u00e1s ligero y avanzado.<\/title>\n<meta name=\"description\" content=\"El longboard el\u00e9ctrico m\u00e1s ligero y avanzado.\" \/>\n<meta name=\"robots\" content=\"index, follow, max-snippet:-1, max-image-preview:large, max-video-preview:-1\" \/>\n<link rel=\"canonical\" href=\"https:\/\/kalot.com.mx\/site\/2014\/05\/26\/el-longboard-electrico-mas-ligero-y-avanzado\/\" \/>\n<meta property=\"og:locale\" content=\"es_MX\" \/>\n<meta property=\"og:type\" content=\"article\" \/>\n<meta property=\"og:title\" content=\"El longboard el\u00e9ctrico m\u00e1s ligero y avanzado.\" \/>\n<meta property=\"og:description\" content=\"El longboard el\u00e9ctrico m\u00e1s ligero y avanzado.\" \/>\n<meta property=\"og:url\" content=\"https:\/\/kalot.com.mx\/site\/2014\/05\/26\/el-longboard-electrico-mas-ligero-y-avanzado\/\" \/>\n<meta property=\"og:site_name\" content=\"Kalot\" \/>\n<meta property=\"article:publisher\" content=\"http:\/\/facebook.com\/mxkalot\" \/>\n<meta property=\"article:published_time\" content=\"2014-05-27T00:44:32+00:00\" \/>\n<meta property=\"article:modified_time\" content=\"2014-05-27T01:25:35+00:00\" \/>\n<meta property=\"og:image\" content=\"https:\/\/i1.wp.com\/kalot.com.mx\/site\/wp-content\/uploads\/2014\/05\/t1111umblr_n5puig6eDy1soz0p7o1_400.gif?fit=320%2C179&ssl=1\" \/>\n\t<meta property=\"og:image:width\" content=\"320\" \/>\n\t<meta property=\"og:image:height\" content=\"179\" \/>\n\t<meta property=\"og:image:type\" content=\"image\/gif\" \/>\n<meta name=\"author\" content=\"Gustavo Elizarrar\u00e1s\" \/>\n<meta name=\"twitter:card\" content=\"summary_large_image\" \/>\n<meta name=\"twitter:creator\" content=\"@kalotmx\" \/>\n<meta name=\"twitter:site\" content=\"@kalotmx\" \/>\n<meta name=\"twitter:label1\" content=\"Escrito por\" \/>\n\t<meta name=\"twitter:data1\" content=\"Gustavo Elizarrar\u00e1s\" \/>\n\t<meta name=\"twitter:label2\" content=\"Tiempo de lectura\" \/>\n\t<meta name=\"twitter:data2\" content=\"1 minuto\" \/>\n<!-- \/ Yoast SEO plugin. -->","yoast_head_json":{"title":"El longboard el\u00e9ctrico m\u00e1s ligero y avanzado.","description":"El longboard el\u00e9ctrico m\u00e1s ligero y avanzado.","robots":{"index":"index","follow":"follow","max-snippet":"max-snippet:-1","max-image-preview":"max-image-preview:large","max-video-preview":"max-video-preview:-1"},"canonical":"https:\/\/kalot.com.mx\/site\/2014\/05\/26\/el-longboard-electrico-mas-ligero-y-avanzado\/","og_locale":"es_MX","og_type":"article","og_title":"El longboard el\u00e9ctrico m\u00e1s ligero y avanzado.","og_description":"El longboard el\u00e9ctrico m\u00e1s ligero y avanzado.","og_url":"https:\/\/kalot.com.mx\/site\/2014\/05\/26\/el-longboard-electrico-mas-ligero-y-avanzado\/","og_site_name":"Kalot","article_publisher":"http:\/\/facebook.com\/mxkalot","article_published_time":"2014-05-27T00:44:32+00:00","article_modified_time":"2014-05-27T01:25:35+00:00","og_image":[{"width":320,"height":179,"url":"https:\/\/i1.wp.com\/kalot.com.mx\/site\/wp-content\/uploads\/2014\/05\/t1111umblr_n5puig6eDy1soz0p7o1_400.gif?fit=320%2C179&ssl=1","type":"image\/gif"}],"author":"Gustavo Elizarrar\u00e1s","twitter_card":"summary_large_image","twitter_creator":"@kalotmx","twitter_site":"@kalotmx","twitter_misc":{"Escrito por":"Gustavo Elizarrar\u00e1s","Tiempo de lectura":"1 minuto"},"schema":{"@context":"https:\/\/schema.org","@graph":[{"@type":"Article","@id":"https:\/\/kalot.com.mx\/site\/2014\/05\/26\/el-longboard-electrico-mas-ligero-y-avanzado\/#article","isPartOf":{"@id":"https:\/\/kalot.com.mx\/site\/2014\/05\/26\/el-longboard-electrico-mas-ligero-y-avanzado\/"},"author":{"name":"Gustavo Elizarrar\u00e1s","@id":"https:\/\/kalot.com.mx\/site\/#\/schema\/person\/56c4d534e0ada7114c02c36890471963"},"headline":"El longboard el\u00e9ctrico m\u00e1s ligero y avanzado.","datePublished":"2014-05-27T00:44:32+00:00","dateModified":"2014-05-27T01:25:35+00:00","mainEntityOfPage":{"@id":"https:\/\/kalot.com.mx\/site\/2014\/05\/26\/el-longboard-electrico-mas-ligero-y-avanzado\/"},"wordCount":245,"commentCount":0,"publisher":{"@id":"https:\/\/kalot.com.mx\/site\/#organization"},"image":{"@id":"https:\/\/kalot.com.mx\/site\/2014\/05\/26\/el-longboard-electrico-mas-ligero-y-avanzado\/#primaryimage"},"thumbnailUrl":"https:\/\/i0.wp.com\/kalot.com.mx\/site\/wp-content\/uploads\/2014\/05\/t1111umblr_n5puig6eDy1soz0p7o1_400.gif?fit=320%2C179&ssl=1","inLanguage":"es","potentialAction":[{"@type":"CommentAction","name":"Comment","target":["https:\/\/kalot.com.mx\/site\/2014\/05\/26\/el-longboard-electrico-mas-ligero-y-avanzado\/#respond"]}]},{"@type":"WebPage","@id":"https:\/\/kalot.com.mx\/site\/2014\/05\/26\/el-longboard-electrico-mas-ligero-y-avanzado\/","url":"https:\/\/kalot.com.mx\/site\/2014\/05\/26\/el-longboard-electrico-mas-ligero-y-avanzado\/","name":"El longboard el\u00e9ctrico m\u00e1s ligero y avanzado.","isPartOf":{"@id":"https:\/\/kalot.com.mx\/site\/#website"},"primaryImageOfPage":{"@id":"https:\/\/kalot.com.mx\/site\/2014\/05\/26\/el-longboard-electrico-mas-ligero-y-avanzado\/#primaryimage"},"image":{"@id":"https:\/\/kalot.com.mx\/site\/2014\/05\/26\/el-longboard-electrico-mas-ligero-y-avanzado\/#primaryimage"},"thumbnailUrl":"https:\/\/i0.wp.com\/kalot.com.mx\/site\/wp-content\/uploads\/2014\/05\/t1111umblr_n5puig6eDy1soz0p7o1_400.gif?fit=320%2C179&ssl=1","datePublished":"2014-05-27T00:44:32+00:00","dateModified":"2014-05-27T01:25:35+00:00","description":"El longboard el\u00e9ctrico m\u00e1s ligero y avanzado.","breadcrumb":{"@id":"https:\/\/kalot.com.mx\/site\/2014\/05\/26\/el-longboard-electrico-mas-ligero-y-avanzado\/#breadcrumb"},"inLanguage":"es","potentialAction":[{"@type":"ReadAction","target":["https:\/\/kalot.com.mx\/site\/2014\/05\/26\/el-longboard-electrico-mas-ligero-y-avanzado\/"]}]},{"@type":"ImageObject","inLanguage":"es","@id":"https:\/\/kalot.com.mx\/site\/2014\/05\/26\/el-longboard-electrico-mas-ligero-y-avanzado\/#primaryimage","url":"https:\/\/i0.wp.com\/kalot.com.mx\/site\/wp-content\/uploads\/2014\/05\/t1111umblr_n5puig6eDy1soz0p7o1_400.gif?fit=320%2C179&ssl=1","contentUrl":"https:\/\/i0.wp.com\/kalot.com.mx\/site\/wp-content\/uploads\/2014\/05\/t1111umblr_n5puig6eDy1soz0p7o1_400.gif?fit=320%2C179&ssl=1","width":320,"height":179},{"@type":"BreadcrumbList","@id":"https:\/\/kalot.com.mx\/site\/2014\/05\/26\/el-longboard-electrico-mas-ligero-y-avanzado\/#breadcrumb","itemListElement":[{"@type":"ListItem","position":1,"name":"Home","item":"https:\/\/kalot.com.mx\/site\/"},{"@type":"ListItem","position":2,"name":"El longboard el\u00e9ctrico m\u00e1s ligero y avanzado."}]},{"@type":"WebSite","@id":"https:\/\/kalot.com.mx\/site\/#website","url":"https:\/\/kalot.com.mx\/site\/","name":"Kalot","description":"Conoce Todo Sobre Todo","publisher":{"@id":"https:\/\/kalot.com.mx\/site\/#organization"},"potentialAction":[{"@type":"SearchAction","target":{"@type":"EntryPoint","urlTemplate":"https:\/\/kalot.com.mx\/site\/?s={search_term_string}"},"query-input":{"@type":"PropertyValueSpecification","valueRequired":true,"valueName":"search_term_string"}}],"inLanguage":"es"},{"@type":"Organization","@id":"https:\/\/kalot.com.mx\/site\/#organization","name":"Kalot","url":"https:\/\/kalot.com.mx\/site\/","logo":{"@type":"ImageObject","inLanguage":"es","@id":"https:\/\/kalot.com.mx\/site\/#\/schema\/logo\/image\/","url":"https:\/\/i0.wp.com\/kalot.com.mx\/site\/wp-content\/uploads\/2020\/04\/Kalot-logo-sin-tagline.png?fit=1707%2C1014&ssl=1","contentUrl":"https:\/\/i0.wp.com\/kalot.com.mx\/site\/wp-content\/uploads\/2020\/04\/Kalot-logo-sin-tagline.png?fit=1707%2C1014&ssl=1","width":1707,"height":1014,"caption":"Kalot"},"image":{"@id":"https:\/\/kalot.com.mx\/site\/#\/schema\/logo\/image\/"},"sameAs":["http:\/\/facebook.com\/mxkalot","https:\/\/x.com\/kalotmx","http:\/\/instagram.com\/kalotmx","http:\/\/pinterest.com\/jorgeerana\/kalot"]},{"@type":"Person","@id":"https:\/\/kalot.com.mx\/site\/#\/schema\/person\/56c4d534e0ada7114c02c36890471963","name":"Gustavo Elizarrar\u00e1s","image":{"@type":"ImageObject","inLanguage":"es","@id":"https:\/\/secure.gravatar.com\/avatar\/d76e26ab4b33f0d06de52fd87121253e411643bbbff0a8e2a39cde1c3c7d8b34?s=96&d=mm&r=g","url":"https:\/\/secure.gravatar.com\/avatar\/d76e26ab4b33f0d06de52fd87121253e411643bbbff0a8e2a39cde1c3c7d8b34?s=96&d=mm&r=g","contentUrl":"https:\/\/secure.gravatar.com\/avatar\/d76e26ab4b33f0d06de52fd87121253e411643bbbff0a8e2a39cde1c3c7d8b34?s=96&d=mm&r=g","caption":"Gustavo Elizarrar\u00e1s"},"description":"Soy un tipo sencillo, amante del buen cine, la buena m\u00fasica creo fervientemente en el karma, el Coco y los campos de fresa por siempre, odio las etiquetas de la ropa, gamer noventero y estudiante de Ingenier\u00eda Industrial.","url":"https:\/\/kalot.com.mx\/site\/author\/gustavo\/"}]}},"jetpack_publicize_connections":[],"jetpack_featured_media_url":"https:\/\/i0.wp.com\/kalot.com.mx\/site\/wp-content\/uploads\/2014\/05\/t1111umblr_n5puig6eDy1soz0p7o1_400.gif?fit=320%2C179&ssl=1","jetpack_shortlink":"https:\/\/wp.me\/p6IHEI-4gP","jetpack-related-posts":[{"id":17900,"url":"https:\/\/kalot.com.mx\/site\/2014\/09\/03\/hp-retira-cables-de-sus-computadoras-por-seguridad\/","url_meta":{"origin":16419,"position":0},"title":"HP retira cables de sus computadoras por seguridad","author":"Samuel Arriaga","date":"3 septiembre, 2014","format":false,"excerpt":"HP junto con algunas agencias reguladoras del gobierno de los Estado Unidos, anunciaron el retiro del mercado del cable el\u00e9ctrico CA LS-15. Estos cables fueron distribuidos con las Notebook y Mini Notebook de HP y Compaq, los cables son de color negro y tienen una marca \"LS-15\" en el extremo\u2026","rel":"","context":"Entrada similar ","block_context":{"text":"Entrada similar ","link":""},"img":{"alt_text":"","src":"https:\/\/i0.wp.com\/kalot.com.mx\/site\/wp-content\/uploads\/2014\/09\/hp.jpg?fit=1024%2C768&ssl=1&resize=350%2C200","width":350,"height":200,"srcset":"https:\/\/i0.wp.com\/kalot.com.mx\/site\/wp-content\/uploads\/2014\/09\/hp.jpg?fit=1024%2C768&ssl=1&resize=350%2C200 1x, https:\/\/i0.wp.com\/kalot.com.mx\/site\/wp-content\/uploads\/2014\/09\/hp.jpg?fit=1024%2C768&ssl=1&resize=525%2C300 1.5x, https:\/\/i0.wp.com\/kalot.com.mx\/site\/wp-content\/uploads\/2014\/09\/hp.jpg?fit=1024%2C768&ssl=1&resize=700%2C400 2x"},"classes":[]},{"id":2694,"url":"https:\/\/kalot.com.mx\/site\/2013\/09\/30\/colores-en-tendencia-para-este-otono-invierno-2013-imagen\/","url_meta":{"origin":16419,"position":1},"title":"Colores en tendencia para este oto\u00f1o-invierno 2013 #Imagen","author":"Jesica Zubiri","date":"30 septiembre, 2013","format":false,"excerpt":"En este post\u00a0les voy hablar\u00a0sobre los colores que est\u00e1n en tendencia para este oto\u00f1o-invierno 2013, quiero complementar y hacer m\u00e1s rica esta informaci\u00f3n mencion\u00e1ndoles el efecto psicol\u00f3gico que les dar\u00e1 al vestir con estos colores. Algo encantador de los colores en tendencia para este oto\u00f1o, es que son muy alegres\u2026","rel":"","context":"En &quot;Sin categor\u00eda&quot;","block_context":{"text":"Sin categor\u00eda","link":"https:\/\/kalot.com.mx\/site\/category\/sin-categoria\/"},"img":{"alt_text":"","src":"https:\/\/i0.wp.com\/kalot.com.mx\/site\/wp-content\/uploads\/2013\/09\/72a85d157f174f12a2ece6969d60bb99.jpg?fit=550%2C504&ssl=1&resize=350%2C200","width":350,"height":200,"srcset":"https:\/\/i0.wp.com\/kalot.com.mx\/site\/wp-content\/uploads\/2013\/09\/72a85d157f174f12a2ece6969d60bb99.jpg?fit=550%2C504&ssl=1&resize=350%2C200 1x, https:\/\/i0.wp.com\/kalot.com.mx\/site\/wp-content\/uploads\/2013\/09\/72a85d157f174f12a2ece6969d60bb99.jpg?fit=550%2C504&ssl=1&resize=525%2C300 1.5x"},"classes":[]},{"id":4508,"url":"https:\/\/kalot.com.mx\/site\/2013\/10\/19\/la-importancia-de-trabajar-en-equipo-historia-reflexion\/","url_meta":{"origin":16419,"position":2},"title":"La importancia de trabajar en equipo #Historia #Reflexi\u00f3n","author":"Rudy Marin","date":"19 octubre, 2013","format":false,"excerpt":"Hay un libro que le\u00ed hace tiempo y la verdad es que es el libro del que m\u00e1s he aprendido. Se llama \"Seamos personas de influencia\", de John Maxwell. Si tienes pensado leer en estos d\u00edas, esta lectura te formar\u00e1, te har\u00e1 crecer. Sin dudarlo. El libro cuenta con muchas\u2026","rel":"","context":"Con 4 comentarios","block_context":{"text":"Con 4 comentarios","link":"https:\/\/kalot.com.mx\/site\/2013\/10\/19\/la-importancia-de-trabajar-en-equipo-historia-reflexion\/#comments"},"img":{"alt_text":"","src":"https:\/\/i0.wp.com\/kalot.com.mx\/site\/wp-content\/uploads\/2013\/10\/20131019-201715.jpg?fit=425%2C282&ssl=1&resize=350%2C200","width":350,"height":200},"classes":[]},{"id":1383,"url":"https:\/\/kalot.com.mx\/site\/2013\/09\/11\/better-call-saul-nueva-serie\/","url_meta":{"origin":16419,"position":3},"title":"Better Call Saul!, nueva serie","author":"Omar Herrera","date":"11 septiembre, 2013","format":false,"excerpt":"A pesar de estar a s\u00f3lo 3 episodios de distancia para el gran final de Breaking Bad\u00a0el universo de este show tiene personajes tan caracter\u00edsticos y de tal agrado del p\u00fablico como para poder contar sus propias historias, tal es el caso con el amado-odiado personaje del abogado Saul Goodman\u2026","rel":"","context":"Con 1 comentario","block_context":{"text":"Con 1 comentario","link":"https:\/\/kalot.com.mx\/site\/2013\/09\/11\/better-call-saul-nueva-serie\/#comments"},"img":{"alt_text":"","src":"https:\/\/i0.wp.com\/kalot.com.mx\/site\/wp-content\/uploads\/2013\/09\/tumblr_md35y6CzY01r2igm4o1_1280.jpg?fit=625%2C371&ssl=1&resize=350%2C200","width":350,"height":200,"srcset":"https:\/\/i0.wp.com\/kalot.com.mx\/site\/wp-content\/uploads\/2013\/09\/tumblr_md35y6CzY01r2igm4o1_1280.jpg?fit=625%2C371&ssl=1&resize=350%2C200 1x, https:\/\/i0.wp.com\/kalot.com.mx\/site\/wp-content\/uploads\/2013\/09\/tumblr_md35y6CzY01r2igm4o1_1280.jpg?fit=625%2C371&ssl=1&resize=525%2C300 1.5x"},"classes":[]},{"id":13330,"url":"https:\/\/kalot.com.mx\/site\/2014\/03\/13\/quisiera-ser-grande\/","url_meta":{"origin":16419,"position":4},"title":"Quisiera ser grande.","author":"Mar\u00eda Alvarado","date":"13 marzo, 2014","format":false,"excerpt":"[dropcap size=small]U[\/dropcap]no de los casos m\u00e1s comunes entre las personas es el querer vivir a destiempo, de ni\u00f1os queremos ser grandes y de grandes queremos ser ni\u00f1os, nunca estamos conformes con lo que queremos ser o lo que somos y esto nos causa muchos conflictos durante nuestras vidas. Pel\u00edculas como\u2026","rel":"","context":"En &quot;Sin categor\u00eda&quot;","block_context":{"text":"Sin categor\u00eda","link":"https:\/\/kalot.com.mx\/site\/category\/sin-categoria\/"},"img":{"alt_text":"","src":"https:\/\/i0.wp.com\/kalot.com.mx\/site\/wp-content\/uploads\/2014\/03\/shutterstock_394660451-scaled.jpg?fit=1200%2C803&ssl=1&resize=350%2C200","width":350,"height":200,"srcset":"https:\/\/i0.wp.com\/kalot.com.mx\/site\/wp-content\/uploads\/2014\/03\/shutterstock_394660451-scaled.jpg?fit=1200%2C803&ssl=1&resize=350%2C200 1x, https:\/\/i0.wp.com\/kalot.com.mx\/site\/wp-content\/uploads\/2014\/03\/shutterstock_394660451-scaled.jpg?fit=1200%2C803&ssl=1&resize=525%2C300 1.5x, https:\/\/i0.wp.com\/kalot.com.mx\/site\/wp-content\/uploads\/2014\/03\/shutterstock_394660451-scaled.jpg?fit=1200%2C803&ssl=1&resize=700%2C400 2x, https:\/\/i0.wp.com\/kalot.com.mx\/site\/wp-content\/uploads\/2014\/03\/shutterstock_394660451-scaled.jpg?fit=1200%2C803&ssl=1&resize=1050%2C600 3x"},"classes":[]},{"id":1911,"url":"https:\/\/kalot.com.mx\/site\/2013\/09\/18\/10-inventos-para-gente-con-discapacidades-tecnologia\/","url_meta":{"origin":16419,"position":5},"title":"10 inventos para gente con discapacidades #Tecnolog\u00eda","author":"Jorge Era\u00f1a","date":"18 septiembre, 2013","format":false,"excerpt":"Siempre se ha dicho que la tecnolog\u00eda tiene que ser una herramienta m\u00e1s para los seres humanos para poder desarrollar actividades cotidianas con m\u00e1s facilidad, hacer cosas m\u00e1s practicas en menos tiempo o simplemente facilitarnos diferentes tareas que pueden parecer complicadas de realizar manualmente. Desaortunadamente no todo en la tecnolog\u00eda\u2026","rel":"","context":"Con 1 comentario","block_context":{"text":"Con 1 comentario","link":"https:\/\/kalot.com.mx\/site\/2013\/09\/18\/10-inventos-para-gente-con-discapacidades-tecnologia\/#comments"},"img":{"alt_text":"","src":"https:\/\/i0.wp.com\/kalot.com.mx\/site\/wp-content\/uploads\/2013\/09\/w6801.jpg?fit=680%2C255&ssl=1&resize=350%2C200","width":350,"height":200,"srcset":"https:\/\/i0.wp.com\/kalot.com.mx\/site\/wp-content\/uploads\/2013\/09\/w6801.jpg?fit=680%2C255&ssl=1&resize=350%2C200 1x, https:\/\/i0.wp.com\/kalot.com.mx\/site\/wp-content\/uploads\/2013\/09\/w6801.jpg?fit=680%2C255&ssl=1&resize=525%2C300 1.5x"},"classes":[]}],"jetpack_sharing_enabled":true,"_links":{"self":[{"href":"https:\/\/kalot.com.mx\/site\/wp-json\/wp\/v2\/posts\/16419","targetHints":{"allow":["GET"]}}],"collection":[{"href":"https:\/\/kalot.com.mx\/site\/wp-json\/wp\/v2\/posts"}],"about":[{"href":"https:\/\/kalot.com.mx\/site\/wp-json\/wp\/v2\/types\/post"}],"author":[{"embeddable":true,"href":"https:\/\/kalot.com.mx\/site\/wp-json\/wp\/v2\/users\/70"}],"replies":[{"embeddable":true,"href":"https:\/\/kalot.com.mx\/site\/wp-json\/wp\/v2\/comments?post=16419"}],"version-history":[{"count":0,"href":"https:\/\/kalot.com.mx\/site\/wp-json\/wp\/v2\/posts\/16419\/revisions"}],"wp:featuredmedia":[{"embeddable":true,"href":"https:\/\/kalot.com.mx\/site\/wp-json\/wp\/v2\/media\/16424"}],"wp:attachment":[{"href":"https:\/\/kalot.com.mx\/site\/wp-json\/wp\/v2\/media?parent=16419"}],"wp:term":[{"taxonomy":"category","embeddable":true,"href":"https:\/\/kalot.com.mx\/site\/wp-json\/wp\/v2\/categories?post=16419"},{"taxonomy":"post_tag","embeddable":true,"href":"https:\/\/kalot.com.mx\/site\/wp-json\/wp\/v2\/tags?post=16419"}],"curies":[{"name":"wp","href":"https:\/\/api.w.org\/{rel}","templated":true}]}}