{"id":16408,"date":"2014-05-26T14:34:08","date_gmt":"2014-05-26T19:34:08","guid":{"rendered":"http:\/\/www.kalot.com.mx\/?p=16408"},"modified":"2015-04-29T11:04:00","modified_gmt":"2015-04-29T16:04:00","slug":"top-10-las-mejores-canciones-de-los-mundiales","status":"publish","type":"post","link":"https:\/\/kalot.com.mx\/site\/2014\/05\/26\/top-10-las-mejores-canciones-de-los-mundiales\/","title":{"rendered":"Top 10: Las \u00bfMejores? Canciones de los Mundiales."},"content":{"rendered":"<p style=\"text-align: justify\">Estamos a cada vez menos de que comience la euforia por la mayor justa de uno de los deportes m\u00e1s queridos del orbe, la <strong>XX edici\u00f3n de la Copa Mundial de la FIFA 2014<\/strong> con sede en Brasil.<\/p>\n<p style=\"text-align: justify\">La Copa del Mundo ha tenido un himno que lo caracterice <strong>desde Chile 1962<\/strong>, cuando se supo que el pa\u00eds latinoamericano albergar\u00eda la principal competencia de futbol internacional por lo que ahora cada 4 a\u00f1os se elige una canci\u00f3n (o varias) de variados estilos musicales que exprese la alegr\u00eda y el esp\u00edritu pambolero alrededor del mundo.<\/p>\n<p style=\"text-align: justify\">Sin embargo y a pesar de que hay sus excepciones, este tipo de eventos cuenta con un gran alud publicitario y un manejo excelso de mercadotecnia que en ocasiones deja hastiados a los aficionados y audiencia en general con el uso excesivo de dichas composiciones, en la lista y al final de la misma explicaremos ciertos ejemplos.<\/p>\n<p style=\"text-align: justify\"><strong>Los Ramblers \u2013 El rock del mundial<\/strong> <em>(Chile 1962)<\/em><\/p>\n<p style=\"text-align: justify\">La canci\u00f3n m\u00e1s cool de la historia de los mundiales y que seguramente tus abuelos y padres te han tratado de ocultar durante a\u00f1os. Cuando se supo que Chile era la sede del Mundial de 1962, Los Ramblers se presentaron en la <strong>Tercera Edici\u00f3n del Festival de la Canci\u00f3n de Vi\u00f1a del Mar<\/strong>, popularizando una canci\u00f3n rockera de respaldo a dicha Copa Mundial resultando as\u00ed la primera canci\u00f3n oficial de la Copa Mundial de la FIFA.<\/p>\n<p><span class=\"embed-youtube\" style=\"text-align:center; display: block;\"><iframe class=\"youtube-player\" width=\"1200\" height=\"675\" src=\"https:\/\/www.youtube.com\/embed\/tEd978OF9zg?version=3&#038;rel=1&#038;showsearch=0&#038;showinfo=1&#038;iv_load_policy=1&#038;fs=1&#038;hl=es-MX&#038;autohide=2&#038;wmode=transparent\" allowfullscreen=\"true\" style=\"border:0;\" sandbox=\"allow-scripts allow-same-origin allow-popups allow-presentation allow-popups-to-escape-sandbox\"><\/iframe><\/span><\/p>\n<p>&nbsp;<\/p>\n<p style=\"text-align: justify\"><strong>Ennio Morricone \u2013 El Mundial <\/strong><em>(Argentina &#8217;78)<\/em><\/p>\n<p style=\"text-align: justify\">Uno de los m\u00e1s grandes compositores de bandas sonoras en la historia del cine fue el encargado de darle un himno al \u00faltimo mundial de la d\u00e9cada de los 70\u2019s. Un tema que m\u00e1s que enigm\u00e1tico y fant\u00e1stico resulta en un empalagoso tono con tintes honorables y tanto escueto (por no decir molesto). <strong>Morricone, \u00bfqu\u00e9 te hizo Argentina?<\/strong><\/p>\n<p><span class=\"embed-youtube\" style=\"text-align:center; display: block;\"><iframe class=\"youtube-player\" width=\"1200\" height=\"675\" src=\"https:\/\/www.youtube.com\/embed\/hCQdUFhc1P8?version=3&#038;rel=1&#038;showsearch=0&#038;showinfo=1&#038;iv_load_policy=1&#038;fs=1&#038;hl=es-MX&#038;autohide=2&#038;wmode=transparent\" allowfullscreen=\"true\" style=\"border:0;\" sandbox=\"allow-scripts allow-same-origin allow-popups allow-presentation allow-popups-to-escape-sandbox\"><\/iframe><\/span><\/p>\n<p>&nbsp;<\/p>\n<p style=\"text-align: justify\"><strong>Gianna Nannini &amp; Edoardo Bennato \u2013 Un estate italiana<\/strong><em> (Italia &#8217;90)<\/em><\/p>\n<p style=\"text-align: justify\">Una joya compuesta por <strong>Giorgio Moroder<\/strong> <em>(s\u00ed, ese viejito)<\/em>. Moroder ha sido uno de los productores y compositores italianos m\u00e1s innovadores desde la d\u00e9cada de los 70\u2019s. L\u00e1stima que Daft Punk todav\u00eda andaban en la secundaria mientras Moroder produc\u00eda este himno italiano para comenzar la d\u00e9cada, tal vez una colaboraci\u00f3n temprana hubiera revolucionado la m\u00fasica desde 1990. Aun as\u00ed el tema es un brutal himno digno de estadio que no inspir\u00f3 a los italianos para ganar su mundial pero tal vez si a los alemanes.<\/p>\n<p><span class=\"embed-youtube\" style=\"text-align:center; display: block;\"><iframe class=\"youtube-player\" width=\"1200\" height=\"675\" src=\"https:\/\/www.youtube.com\/embed\/HX1x_J2JC7U?version=3&#038;rel=1&#038;showsearch=0&#038;showinfo=1&#038;iv_load_policy=1&#038;fs=1&#038;hl=es-MX&#038;autohide=2&#038;wmode=transparent\" allowfullscreen=\"true\" style=\"border:0;\" sandbox=\"allow-scripts allow-same-origin allow-popups allow-presentation allow-popups-to-escape-sandbox\"><\/iframe><\/span><\/p>\n<p style=\"text-align: justify\">\n<p style=\"text-align: justify\"><strong>Daryl Hall \u2013 Gloryland<\/strong> <em>(World Cup &#8217;94)<\/em><\/p>\n<p style=\"text-align: justify\">Esos gringos no les basta con meter la pata (literal) en un deporte que no es el favorito de sus habitantes. Todav\u00eda tuvieron que meterle su meloso sonido y su l\u00edrica <em>\u201cesto es un We Are The World 1994\u201d<\/em> para enaltecer sus ya inmensos egos. El encargado de este pecado es la mitad del reci\u00e9n incluido al Sal\u00f3n de la Fama del Rock &amp; Roll y mitad de Hall &amp; Oats: Daryl Hall. No los culpamos, si antes no sab\u00edan jugar f\u00fatbol pues con una canci\u00f3n se ten\u00edan que desquitar. Para estos tiempos mejor ya no hablamos.<\/p>\n<p><span class=\"embed-youtube\" style=\"text-align:center; display: block;\"><iframe class=\"youtube-player\" width=\"1200\" height=\"675\" src=\"https:\/\/www.youtube.com\/embed\/9lyNR0UMVic?version=3&#038;rel=1&#038;showsearch=0&#038;showinfo=1&#038;iv_load_policy=1&#038;fs=1&#038;hl=es-MX&#038;autohide=2&#038;wmode=transparent\" allowfullscreen=\"true\" style=\"border:0;\" sandbox=\"allow-scripts allow-same-origin allow-popups allow-presentation allow-popups-to-escape-sandbox\"><\/iframe><\/span><\/p>\n<p>&nbsp;<\/p>\n<p style=\"text-align: justify\"><strong>Ricky Martin \u2013 La Copa de la Vida<\/strong><em> (France 98)<\/em><\/p>\n<p style=\"text-align: justify\">A nuestra joven audiencia kalocha quiz\u00e1s le resulte curioso enterarse que antes de ser un must dentro del after de las bodas el puertorrique\u00f1o Ricky Martin goz\u00f3 durante un par de a\u00f1os un estatus de superestrella latina alrededor del mundo, el \u00e9xito se present\u00f3 gracias en parte a que el ex menudo tuvo como hits mundiales aquel infame Livin\u2019 La Vida Loca y el tema de la XVI Copa Mundial de F\u00fatbol y en donde a\u00fan podemos escuchar ese <em><strong>\u201cAl\u00e9 al\u00e9 al\u00e9&#8230;\u201d<\/strong><\/em> retumbando en nuestras cabezas.<\/p>\n<p><span class=\"embed-youtube\" style=\"text-align:center; display: block;\"><iframe class=\"youtube-player\" width=\"1200\" height=\"675\" src=\"https:\/\/www.youtube.com\/embed\/v-0nGk63WiY?version=3&#038;rel=1&#038;showsearch=0&#038;showinfo=1&#038;iv_load_policy=1&#038;fs=1&#038;hl=es-MX&#038;autohide=2&#038;wmode=transparent\" allowfullscreen=\"true\" style=\"border:0;\" sandbox=\"allow-scripts allow-same-origin allow-popups allow-presentation allow-popups-to-escape-sandbox\"><\/iframe><\/span><\/p>\n<p>&nbsp;<\/p>\n<p style=\"text-align: justify\"><strong>Vangelis \u2013 Anthem 2002 FIFA World Cup<\/strong> <em>(Corea-Jap\u00f3n 2002\/ \u30ef\u30fc\u30eb\u30c9\u30ab\u30c3\u30d7\u97d3\u56fd\/\u65e5\u672c)<\/em><\/p>\n<p style=\"text-align: justify\">Para quienes no conocen a Vangelis, es un famoso compositor griego que ha realizado unas de las m\u00e1s emblem\u00e1ticas bandas sonoras de la historia del cine gracias a su vanguardista mezcla de ambient, electr\u00f3nica, orquesta y rock. Si no me creen escuchen el soundtrack de <strong>Blade Runner<\/strong> <em>(1982)<\/em> y <strong>Chariots Of Fire<\/strong> <em>(1981)<\/em> que son considerados ya unos cl\u00e1sicos. En fin, el gran Evangelos Odysseas Papathanassiou arm\u00f3 de Corea-Jap\u00f3n un gran rave con tintes \u00e9picos.<\/p>\n<p><span class=\"embed-youtube\" style=\"text-align:center; display: block;\"><iframe class=\"youtube-player\" width=\"1200\" height=\"675\" src=\"https:\/\/www.youtube.com\/embed\/pcbGxT7nG60?version=3&#038;rel=1&#038;showsearch=0&#038;showinfo=1&#038;iv_load_policy=1&#038;fs=1&#038;hl=es-MX&#038;autohide=2&#038;wmode=transparent\" allowfullscreen=\"true\" style=\"border:0;\" sandbox=\"allow-scripts allow-same-origin allow-popups allow-presentation allow-popups-to-escape-sandbox\"><\/iframe><\/span><\/p>\n<p style=\"text-align: justify\">\n<p style=\"text-align: justify\"><strong>Bob Sinclair \u2013 Love Generation<\/strong> <em>(Deutschland 2006)<\/em><\/p>\n<p style=\"text-align: justify\">El dj y productor franc\u00e9s logr\u00f3 que su composici\u00f3n fuera la m\u00e1s destacada para el mundial de aquel 2006 a realizarse en tierras germanas. El tema de corte dance-folk fue remixeado por cientos de artistas alrededor del mundo por lo que se mantuvo durante 45 semanas en el top de m\u00e1s de 20 pa\u00edses.<\/p>\n<p><span class=\"embed-youtube\" style=\"text-align:center; display: block;\"><iframe class=\"youtube-player\" width=\"1200\" height=\"675\" src=\"https:\/\/www.youtube.com\/embed\/v0NSeysrDYw?version=3&#038;rel=1&#038;showsearch=0&#038;showinfo=1&#038;iv_load_policy=1&#038;fs=1&#038;hl=es-MX&#038;autohide=2&#038;wmode=transparent\" allowfullscreen=\"true\" style=\"border:0;\" sandbox=\"allow-scripts allow-same-origin allow-popups allow-presentation allow-popups-to-escape-sandbox\"><\/iframe><\/span><\/p>\n<p>&nbsp;<\/p>\n<p style=\"text-align: justify\"><strong>K\u2019naan \u2013 Wavin\u2019 Flag<\/strong> <em>(South Africa 2010)<\/em><\/p>\n<p style=\"text-align: justify\">Una de nuestras favoritas de los mundiales y que curiosamente no fue seleccionada como canci\u00f3n oficial de Sud\u00e1frica 2010. Escuchar esta melod\u00eda contagia el esp\u00edritu deportivo y la sana competencia al ritmo africano unieron pa\u00edses como tal vez s\u00f3lo Bob Sinclair pudo en 2006. Originalmente la canci\u00f3n form\u00f3 parte del soundtrack del videojuego NBA 2K10 y fue adoptada por Coca-Cola Company para acompa\u00f1ar su campa\u00f1a publicitaria mundialista. Tambi\u00e9n tiene una versi\u00f3n con David Bisbal para su versi\u00f3n latinoamericana pero la verdad, nos quedamos con la original.<\/p>\n<p><span class=\"embed-youtube\" style=\"text-align:center; display: block;\"><iframe class=\"youtube-player\" width=\"1200\" height=\"675\" src=\"https:\/\/www.youtube.com\/embed\/WTJSt4wP2ME?version=3&#038;rel=1&#038;showsearch=0&#038;showinfo=1&#038;iv_load_policy=1&#038;fs=1&#038;hl=es-MX&#038;autohide=2&#038;wmode=transparent\" allowfullscreen=\"true\" style=\"border:0;\" sandbox=\"allow-scripts allow-same-origin allow-popups allow-presentation allow-popups-to-escape-sandbox\"><\/iframe><\/span><\/p>\n<p>&nbsp;<\/p>\n<p style=\"text-align: justify\"><strong>Shakira \u2013 Waka Waka (This Time For Africa)<\/strong><em> (South Africa 2010)<\/em><\/p>\n<p style=\"text-align: justify\">No quer\u00eda llegar a este punto pero como en el resto de la lista aqu\u00ed hay altas y bajas; en este caso hemos llegado al punto m\u00e1s bajo de la lista con este martillazo a la cabeza que nos acompa\u00f1a desde 2010. Un tema que, al igual que con Ricky Martin, lanz\u00f3 a la fama mundial a su int\u00e9rprete gracias a que fue presentada como la canci\u00f3n oficial de la Copa Mundial de F\u00fatbol a realizarse en territorio sudafricano. Lo dem\u00e1s que diga est\u00e1 de sobra; la canci\u00f3n se volvi\u00f3 viral y Piqu\u00e9 se enamor\u00f3 de la colombiana. La palabra <strong>\u201cZangalewa\u201d<\/strong> (estribillo de la canci\u00f3n) es una canci\u00f3n camerunesa y recibe el nombre de las primeras palabras de la canci\u00f3n: Zamina mina Zangalewa. Formaba parte del repertorio de los soldados, as\u00ed que a la otra que la canten si llegan y les quieren dar un tiro, fue su culpa.<\/p>\n<p><span class=\"embed-youtube\" style=\"text-align:center; display: block;\"><iframe class=\"youtube-player\" width=\"1200\" height=\"675\" src=\"https:\/\/www.youtube.com\/embed\/pRpeEdMmmQ0?version=3&#038;rel=1&#038;showsearch=0&#038;showinfo=1&#038;iv_load_policy=1&#038;fs=1&#038;hl=es-MX&#038;autohide=2&#038;wmode=transparent\" allowfullscreen=\"true\" style=\"border:0;\" sandbox=\"allow-scripts allow-same-origin allow-popups allow-presentation allow-popups-to-escape-sandbox\"><\/iframe><\/span><\/p>\n<p>&nbsp;<\/p>\n<p style=\"text-align: justify\"><strong>UPDATE<\/strong>:<\/p>\n<p style=\"text-align: justify\"><strong>Shakira \u2013 La La La<\/strong> <em>(Brasil 2014)<\/em><\/p>\n<p style=\"text-align: justify\">Les dejamos el \u00faltimo sencillo de Shakira que sali\u00f3 hace apenas unos d\u00edas pero que en esta ocasi\u00f3n no fue seleccionado como canci\u00f3n oficial de Brasil 2014 pero que al parecer por el aspecto visual del videoclip la colombiana se qued\u00f3 confundida de si el mundial de este a\u00f1o era en pa\u00eds sudamericano o si se repetir\u00eda en Sud\u00e1frica.<\/p>\n<p><span class=\"embed-youtube\" style=\"text-align:center; display: block;\"><iframe class=\"youtube-player\" width=\"1200\" height=\"675\" src=\"https:\/\/www.youtube.com\/embed\/7-7knsP2n5w?version=3&#038;rel=1&#038;showsearch=0&#038;showinfo=1&#038;iv_load_policy=1&#038;fs=1&#038;hl=es-MX&#038;autohide=2&#038;wmode=transparent\" allowfullscreen=\"true\" style=\"border:0;\" sandbox=\"allow-scripts allow-same-origin allow-popups allow-presentation allow-popups-to-escape-sandbox\"><\/iframe><\/span><\/p>\n<p style=\"text-align: justify\">\n<p style=\"text-align: justify\">As\u00ed el top de lo que consideramos las <em>\u201cmejores\u201d<\/em> canciones de los mundiales; lo dejamos en inc\u00f3gnitas y\/o comillas debido a que en parte a la gran comercializaci\u00f3n de este evento masivo se ha perdido el rumbo de lo que deber\u00eda de significar una canci\u00f3n o himno oficial que fomente la <strong>competividad, el coraje, respeto y fair play<\/strong>, as\u00ed como dem\u00e1s valores que dan vida y brillo al balompi\u00e9 mundial. El conteo nos ha dejado con rastros de algunos temas que si bien no formaron parte de alg\u00fan soundtrack mundialista, tuvieron como tem\u00e1tica este deporte y \u00a0que nos pareci\u00f3 bueno compartirles.<\/p>\n<p style=\"text-align: justify\"><strong>Mexico, Let\u2019s Go<\/strong> \u2013 <em>(USA 1994)<\/em><\/p>\n<p style=\"text-align: justify\">Un cl\u00e1sico de cl\u00e1sicos. Este tema fue utilizado para las transmisiones de Televisa en el Mundial del \u201994 y a la fecha se sigue utilizando en la cortinilla final de uno de sus programas deportivos de los domingos.<\/p>\n<p><span class=\"embed-youtube\" style=\"text-align:center; display: block;\"><iframe class=\"youtube-player\" width=\"1200\" height=\"675\" src=\"https:\/\/www.youtube.com\/embed\/OVTIpPBKtlg?version=3&#038;rel=1&#038;showsearch=0&#038;showinfo=1&#038;iv_load_policy=1&#038;fs=1&#038;hl=es-MX&#038;autohide=2&#038;wmode=transparent\" allowfullscreen=\"true\" style=\"border:0;\" sandbox=\"allow-scripts allow-same-origin allow-popups allow-presentation allow-popups-to-escape-sandbox\"><\/iframe><\/span><\/p>\n<p style=\"text-align: justify\">\n<p style=\"text-align: justify\"><strong>La Chiquitibum de Carta Blanca<\/strong> \u2013 <em>(M\u00e9xico 1986)<\/em><\/p>\n<p style=\"text-align: justify\">El comercial es emblem\u00e1tico gracias a una mujer de nombre Mar Castro quien en una atinada y memorable toma aparece apoyando a su Selecci\u00f3n portando una camiseta de la marca cervecera con gran efusividad.<\/p>\n<p><span class=\"embed-youtube\" style=\"text-align:center; display: block;\"><iframe class=\"youtube-player\" width=\"1200\" height=\"675\" src=\"https:\/\/www.youtube.com\/embed\/oVhKCE8xi80?version=3&#038;rel=1&#038;showsearch=0&#038;showinfo=1&#038;iv_load_policy=1&#038;fs=1&#038;hl=es-MX&#038;autohide=2&#038;wmode=transparent\" allowfullscreen=\"true\" style=\"border:0;\" sandbox=\"allow-scripts allow-same-origin allow-popups allow-presentation allow-popups-to-escape-sandbox\"><\/iframe><\/span><\/p>\n<p>&nbsp;<\/p>\n<p style=\"text-align: justify\"><strong>Manu Chao \u2013 La Vida T\u00f3mbola<\/strong><em> (Maradona por Kusturica)<\/em><\/p>\n<p style=\"text-align: justify\">El cantautor franc\u00e9s y de ascendencia espa\u00f1ola hace un peque\u00f1o homenaje al astro argentino como parte del documental Maradona por Kusturica en donde el mismo futbolista est\u00e1 presente en una presentaci\u00f3n callejera.<\/p>\n<p><span class=\"embed-youtube\" style=\"text-align:center; display: block;\"><iframe class=\"youtube-player\" width=\"1200\" height=\"675\" src=\"https:\/\/www.youtube.com\/embed\/HjLsfP8qDxo?version=3&#038;rel=1&#038;showsearch=0&#038;showinfo=1&#038;iv_load_policy=1&#038;fs=1&#038;hl=es-MX&#038;autohide=2&#038;wmode=transparent\" allowfullscreen=\"true\" style=\"border:0;\" sandbox=\"allow-scripts allow-same-origin allow-popups allow-presentation allow-popups-to-escape-sandbox\"><\/iframe><\/span><\/p>\n<p>&nbsp;<\/p>\n<p style=\"text-align: justify\"><strong>Hugo S\u00e1nchez M\u00e1rquez \u2013 Tras un bal\u00f3n<\/strong><\/p>\n<p style=\"text-align: justify\">Seleccionado nacional en 3 Copas del Mundo, 4\u00ba M\u00e1ximo goleador en la historia de la Primera Divisi\u00f3n de Espa\u00f1a, 11\u00b0 Mayor goleador en torneos de Primera Divisi\u00f3n de la historia, Pentapichichi, <strong>considerado como el mejor futbolista del siglo XX en CONCACAF<\/strong> y el n\u00famero 26 del mundo, Hugo S\u00e1nchez alguna vez tuvo la intenci\u00f3n de triunfar en la escena musical con un temazo que hasta Leo Dan estar\u00eda envidioso. Juzguen ustedes mismos:<\/p>\n<p><span class=\"embed-youtube\" style=\"text-align:center; display: block;\"><iframe class=\"youtube-player\" width=\"1200\" height=\"675\" src=\"https:\/\/www.youtube.com\/embed\/AbiAlyGiMZU?version=3&#038;rel=1&#038;showsearch=0&#038;showinfo=1&#038;iv_load_policy=1&#038;fs=1&#038;hl=es-MX&#038;autohide=2&#038;wmode=transparent\" allowfullscreen=\"true\" style=\"border:0;\" sandbox=\"allow-scripts allow-same-origin allow-popups allow-presentation allow-popups-to-escape-sandbox\"><\/iframe><\/span><\/p>\n<p>&nbsp;<\/p>\n<p style=\"text-align: justify\"><strong>Selecci\u00f3n Alemana de F\u00fatbol &#8211; Mexiko Mi Amor<\/strong><em> (M\u00e9xico 86)<\/em><\/p>\n<p style=\"text-align: justify\">Una de las m\u00e1s poderosas selecciones que haya dado la Alemania Occidental y dirigidos por <strong>Franz Beckenbauer<\/strong> y que quedar\u00eda como subcampe\u00f3n en aquella ocasi\u00f3n nos cant\u00f3 cual coro de iglesia previo a su participaci\u00f3n en la XIII Copa Mundial de Futbol.<\/p>\n<p><span class=\"embed-youtube\" style=\"text-align:center; display: block;\"><iframe class=\"youtube-player\" width=\"1200\" height=\"675\" src=\"https:\/\/www.youtube.com\/embed\/v7jxhi4bXGI?version=3&#038;rel=1&#038;showsearch=0&#038;showinfo=1&#038;iv_load_policy=1&#038;fs=1&#038;hl=es-MX&#038;autohide=2&#038;wmode=transparent\" allowfullscreen=\"true\" style=\"border:0;\" sandbox=\"allow-scripts allow-same-origin allow-popups allow-presentation allow-popups-to-escape-sandbox\"><\/iframe><\/span><\/p>\n<p>&nbsp;<\/p>\n<p style=\"text-align: justify\"><strong>Los Fabulosos Cadillacs \u2013 Matador<\/strong><\/p>\n<p style=\"text-align: justify\">Un agradable recuerdo de mi infancia fue cuando durante las transmisiones televisivas de Francia 98 combinaban im\u00e1genes de <strong>Luis Hern\u00e1ndez<\/strong> <em>(apodado con el mote de \u201cEl Matador\u201d por el comentarista Enrique Berm\u00fadez)<\/em> con esta composici\u00f3n de Vicentico y compa\u00f1\u00eda. La realidad es que la canci\u00f3n nada tiene que ver con el futbol y todo tiene que ver con temas revolucionarios, aunque en la Argentina el tema es tambi\u00e9n relacionado con <strong>Marcelo \u201cMatador\u201d Salas<\/strong>, jugador emblema del River Plate.<\/p>\n<p><span class=\"embed-youtube\" style=\"text-align:center; display: block;\"><iframe class=\"youtube-player\" width=\"1200\" height=\"675\" src=\"https:\/\/www.youtube.com\/embed\/DLxxzSTG4SI?version=3&#038;rel=1&#038;showsearch=0&#038;showinfo=1&#038;iv_load_policy=1&#038;fs=1&#038;hl=es-MX&#038;autohide=2&#038;wmode=transparent\" allowfullscreen=\"true\" style=\"border:0;\" sandbox=\"allow-scripts allow-same-origin allow-popups allow-presentation allow-popups-to-escape-sandbox\"><\/iframe><\/span><\/p>\n<p>&nbsp;<\/p>\n<p style=\"text-align: justify\"><strong>El Potro Rodrigo &#8211; La Mano de Dios<\/strong><\/p>\n<p style=\"text-align: justify\">Himno nacional de Argentina. Rodrigo Bueno utiliz\u00f3 la famosa frase de uno de los goles m\u00e1s pol\u00e9micos de la historia para expresar su respeto y gratitud hacia su \u00eddolo en una canci\u00f3n.<\/p>\n<p><span class=\"embed-youtube\" style=\"text-align:center; display: block;\"><iframe class=\"youtube-player\" width=\"1200\" height=\"675\" src=\"https:\/\/www.youtube.com\/embed\/8NI5oTTW_is?version=3&#038;rel=1&#038;showsearch=0&#038;showinfo=1&#038;iv_load_policy=1&#038;fs=1&#038;hl=es-MX&#038;autohide=2&#038;wmode=transparent\" allowfullscreen=\"true\" style=\"border:0;\" sandbox=\"allow-scripts allow-same-origin allow-popups allow-presentation allow-popups-to-escape-sandbox\"><\/iframe><\/span><\/p>\n<p>&nbsp;<\/p>\n<p style=\"text-align: justify\"><strong>Moderatto \u2013 Voy a Ganar<\/strong> <em>(Brasil 2014)<\/em><\/p>\n<p style=\"text-align: justify\">A la fecha y a\u00fan sin respuesta tenemos la inc\u00f3gnita de si la canci\u00f3n es una mofa o si va en serio. Inclusive el (por ahora) director t\u00e9cnico de la Selecci\u00f3n Nacional Mexicana, <strong>Miguel \u201cEl Piojo\u201d Herrera<\/strong> se prest\u00f3 para dicha basura de tema. Tal vez por este pecado M\u00e9xico nunca gane un mundial.<\/p>\n<p><span class=\"embed-youtube\" style=\"text-align:center; display: block;\"><iframe class=\"youtube-player\" width=\"1200\" height=\"675\" src=\"https:\/\/www.youtube.com\/embed\/PqCpVHKF_k0?version=3&#038;rel=1&#038;showsearch=0&#038;showinfo=1&#038;iv_load_policy=1&#038;fs=1&#038;hl=es-MX&#038;autohide=2&#038;wmode=transparent\" allowfullscreen=\"true\" style=\"border:0;\" sandbox=\"allow-scripts allow-same-origin allow-popups allow-presentation allow-popups-to-escape-sandbox\"><\/iframe><\/span><\/p>\n<p>&nbsp;<\/p>\n<p style=\"text-align: justify\">Y con eso terminamos este recorrido por algunas de las canciones favoritas de los mundiales,<strong> \u00bffalt\u00f3 alguna? \u00bfcu\u00e1l es su favorita?<\/strong> Recuerden dejar su punto de vista acerca de este art\u00edculo en la secci\u00f3n de comentarios para as\u00ed mejorar nuestro contenido con sus aportaciones.<\/p>\n","protected":false},"excerpt":{"rendered":"Estamos a cada vez menos de que comience la euforia por la mayor justa de uno de los&hellip;\n","protected":false},"author":18,"featured_media":16409,"comment_status":"open","ping_status":"open","sticky":false,"template":"","format":"standard","meta":{"jetpack_post_was_ever_published":false,"_jetpack_newsletter_access":"","_jetpack_dont_email_post_to_subs":false,"_jetpack_newsletter_tier_id":0,"_jetpack_memberships_contains_paywalled_content":false,"_jetpack_memberships_contains_paid_content":false,"footnotes":"","jetpack_publicize_message":"","jetpack_publicize_feature_enabled":true,"jetpack_social_post_already_shared":true,"jetpack_social_options":{"image_generator_settings":{"template":"highway","default_image_id":0,"font":"","enabled":false},"version":2}},"categories":[],"tags":[],"class_list":{"0":"post-16408","1":"post","2":"type-post","3":"status-publish","4":"format-standard","5":"has-post-thumbnail","7":"cs-entry","8":"cs-video-wrap"},"yoast_head":"<!-- This site is optimized with the Yoast SEO plugin v27.4 - https:\/\/yoast.com\/product\/yoast-seo-wordpress\/ -->\n<title>Top 10: Las Mejores Canciones de los Mundiales<\/title>\n<meta name=\"description\" content=\"Estamos a cada vez menos de que comience la euforia por la mayor justa de uno de los deportes m\u00e1s queridos del orbe, la XX edici\u00f3n de la Copa Mundial de\" \/>\n<meta name=\"robots\" content=\"index, follow, max-snippet:-1, max-image-preview:large, max-video-preview:-1\" \/>\n<link rel=\"canonical\" href=\"https:\/\/kalot.com.mx\/site\/2014\/05\/26\/top-10-las-mejores-canciones-de-los-mundiales\/\" \/>\n<meta property=\"og:locale\" content=\"es_MX\" \/>\n<meta property=\"og:type\" content=\"article\" \/>\n<meta property=\"og:title\" content=\"Top 10: Las Mejores Canciones de los Mundiales\" \/>\n<meta property=\"og:description\" content=\"Estamos a cada vez menos de que comience la euforia por la mayor justa de uno de los deportes m\u00e1s queridos del orbe, la XX edici\u00f3n de la Copa Mundial de\" \/>\n<meta property=\"og:url\" content=\"https:\/\/kalot.com.mx\/site\/2014\/05\/26\/top-10-las-mejores-canciones-de-los-mundiales\/\" \/>\n<meta property=\"og:site_name\" content=\"Kalot\" \/>\n<meta property=\"article:publisher\" content=\"http:\/\/facebook.com\/mxkalot\" \/>\n<meta property=\"article:author\" content=\"https:\/\/www.facebook.com\/don.capu\" \/>\n<meta property=\"article:published_time\" content=\"2014-05-26T19:34:08+00:00\" \/>\n<meta property=\"article:modified_time\" content=\"2015-04-29T16:04:00+00:00\" \/>\n<meta property=\"og:image\" content=\"https:\/\/i2.wp.com\/kalot.com.mx\/site\/wp-content\/uploads\/2014\/05\/10252137_10152838811793084_2353728734780023236_n.jpg?fit=960%2C960&ssl=1\" \/>\n\t<meta property=\"og:image:width\" content=\"960\" \/>\n\t<meta property=\"og:image:height\" content=\"960\" \/>\n\t<meta property=\"og:image:type\" content=\"image\/jpeg\" \/>\n<meta name=\"author\" content=\"Omar Herrera\" \/>\n<meta name=\"twitter:card\" content=\"summary_large_image\" \/>\n<meta name=\"twitter:creator\" content=\"@thedoncapu\" \/>\n<meta name=\"twitter:site\" content=\"@kalotmx\" \/>\n<meta name=\"twitter:label1\" content=\"Escrito por\" \/>\n\t<meta name=\"twitter:data1\" content=\"Omar Herrera\" \/>\n\t<meta name=\"twitter:label2\" content=\"Tiempo de lectura\" \/>\n\t<meta name=\"twitter:data2\" content=\"10 minutos\" \/>\n<!-- \/ Yoast SEO plugin. -->","yoast_head_json":{"title":"Top 10: Las Mejores Canciones de los Mundiales","description":"Estamos a cada vez menos de que comience la euforia por la mayor justa de uno de los deportes m\u00e1s queridos del orbe, la XX edici\u00f3n de la Copa Mundial de","robots":{"index":"index","follow":"follow","max-snippet":"max-snippet:-1","max-image-preview":"max-image-preview:large","max-video-preview":"max-video-preview:-1"},"canonical":"https:\/\/kalot.com.mx\/site\/2014\/05\/26\/top-10-las-mejores-canciones-de-los-mundiales\/","og_locale":"es_MX","og_type":"article","og_title":"Top 10: Las Mejores Canciones de los Mundiales","og_description":"Estamos a cada vez menos de que comience la euforia por la mayor justa de uno de los deportes m\u00e1s queridos del orbe, la XX edici\u00f3n de la Copa Mundial de","og_url":"https:\/\/kalot.com.mx\/site\/2014\/05\/26\/top-10-las-mejores-canciones-de-los-mundiales\/","og_site_name":"Kalot","article_publisher":"http:\/\/facebook.com\/mxkalot","article_author":"https:\/\/www.facebook.com\/don.capu","article_published_time":"2014-05-26T19:34:08+00:00","article_modified_time":"2015-04-29T16:04:00+00:00","og_image":[{"width":960,"height":960,"url":"https:\/\/i2.wp.com\/kalot.com.mx\/site\/wp-content\/uploads\/2014\/05\/10252137_10152838811793084_2353728734780023236_n.jpg?fit=960%2C960&ssl=1","type":"image\/jpeg"}],"author":"Omar Herrera","twitter_card":"summary_large_image","twitter_creator":"@thedoncapu","twitter_site":"@kalotmx","twitter_misc":{"Escrito por":"Omar Herrera","Tiempo de lectura":"10 minutos"},"schema":{"@context":"https:\/\/schema.org","@graph":[{"@type":"Article","@id":"https:\/\/kalot.com.mx\/site\/2014\/05\/26\/top-10-las-mejores-canciones-de-los-mundiales\/#article","isPartOf":{"@id":"https:\/\/kalot.com.mx\/site\/2014\/05\/26\/top-10-las-mejores-canciones-de-los-mundiales\/"},"author":{"name":"Omar Herrera","@id":"https:\/\/kalot.com.mx\/site\/#\/schema\/person\/1bf32c47ee15104d1e824350c07ac220"},"headline":"Top 10: Las \u00bfMejores? Canciones de los Mundiales.","datePublished":"2014-05-26T19:34:08+00:00","dateModified":"2015-04-29T16:04:00+00:00","mainEntityOfPage":{"@id":"https:\/\/kalot.com.mx\/site\/2014\/05\/26\/top-10-las-mejores-canciones-de-los-mundiales\/"},"wordCount":1910,"commentCount":0,"publisher":{"@id":"https:\/\/kalot.com.mx\/site\/#organization"},"image":{"@id":"https:\/\/kalot.com.mx\/site\/2014\/05\/26\/top-10-las-mejores-canciones-de-los-mundiales\/#primaryimage"},"thumbnailUrl":"https:\/\/i0.wp.com\/kalot.com.mx\/site\/wp-content\/uploads\/2014\/05\/10252137_10152838811793084_2353728734780023236_n.jpg?fit=960%2C960&ssl=1","inLanguage":"es","potentialAction":[{"@type":"CommentAction","name":"Comment","target":["https:\/\/kalot.com.mx\/site\/2014\/05\/26\/top-10-las-mejores-canciones-de-los-mundiales\/#respond"]}]},{"@type":"WebPage","@id":"https:\/\/kalot.com.mx\/site\/2014\/05\/26\/top-10-las-mejores-canciones-de-los-mundiales\/","url":"https:\/\/kalot.com.mx\/site\/2014\/05\/26\/top-10-las-mejores-canciones-de-los-mundiales\/","name":"Top 10: Las Mejores Canciones de los Mundiales","isPartOf":{"@id":"https:\/\/kalot.com.mx\/site\/#website"},"primaryImageOfPage":{"@id":"https:\/\/kalot.com.mx\/site\/2014\/05\/26\/top-10-las-mejores-canciones-de-los-mundiales\/#primaryimage"},"image":{"@id":"https:\/\/kalot.com.mx\/site\/2014\/05\/26\/top-10-las-mejores-canciones-de-los-mundiales\/#primaryimage"},"thumbnailUrl":"https:\/\/i0.wp.com\/kalot.com.mx\/site\/wp-content\/uploads\/2014\/05\/10252137_10152838811793084_2353728734780023236_n.jpg?fit=960%2C960&ssl=1","datePublished":"2014-05-26T19:34:08+00:00","dateModified":"2015-04-29T16:04:00+00:00","description":"Estamos a cada vez menos de que comience la euforia por la mayor justa de uno de los deportes m\u00e1s queridos del orbe, la XX edici\u00f3n de la Copa Mundial de","breadcrumb":{"@id":"https:\/\/kalot.com.mx\/site\/2014\/05\/26\/top-10-las-mejores-canciones-de-los-mundiales\/#breadcrumb"},"inLanguage":"es","potentialAction":[{"@type":"ReadAction","target":["https:\/\/kalot.com.mx\/site\/2014\/05\/26\/top-10-las-mejores-canciones-de-los-mundiales\/"]}]},{"@type":"ImageObject","inLanguage":"es","@id":"https:\/\/kalot.com.mx\/site\/2014\/05\/26\/top-10-las-mejores-canciones-de-los-mundiales\/#primaryimage","url":"https:\/\/i0.wp.com\/kalot.com.mx\/site\/wp-content\/uploads\/2014\/05\/10252137_10152838811793084_2353728734780023236_n.jpg?fit=960%2C960&ssl=1","contentUrl":"https:\/\/i0.wp.com\/kalot.com.mx\/site\/wp-content\/uploads\/2014\/05\/10252137_10152838811793084_2353728734780023236_n.jpg?fit=960%2C960&ssl=1","width":960,"height":960},{"@type":"BreadcrumbList","@id":"https:\/\/kalot.com.mx\/site\/2014\/05\/26\/top-10-las-mejores-canciones-de-los-mundiales\/#breadcrumb","itemListElement":[{"@type":"ListItem","position":1,"name":"Home","item":"https:\/\/kalot.com.mx\/site\/"},{"@type":"ListItem","position":2,"name":"Top 10: Las \u00bfMejores? Canciones de los Mundiales."}]},{"@type":"WebSite","@id":"https:\/\/kalot.com.mx\/site\/#website","url":"https:\/\/kalot.com.mx\/site\/","name":"Kalot","description":"Conoce Todo Sobre Todo","publisher":{"@id":"https:\/\/kalot.com.mx\/site\/#organization"},"potentialAction":[{"@type":"SearchAction","target":{"@type":"EntryPoint","urlTemplate":"https:\/\/kalot.com.mx\/site\/?s={search_term_string}"},"query-input":{"@type":"PropertyValueSpecification","valueRequired":true,"valueName":"search_term_string"}}],"inLanguage":"es"},{"@type":"Organization","@id":"https:\/\/kalot.com.mx\/site\/#organization","name":"Kalot","url":"https:\/\/kalot.com.mx\/site\/","logo":{"@type":"ImageObject","inLanguage":"es","@id":"https:\/\/kalot.com.mx\/site\/#\/schema\/logo\/image\/","url":"https:\/\/i0.wp.com\/kalot.com.mx\/site\/wp-content\/uploads\/2020\/04\/Kalot-logo-sin-tagline.png?fit=1707%2C1014&ssl=1","contentUrl":"https:\/\/i0.wp.com\/kalot.com.mx\/site\/wp-content\/uploads\/2020\/04\/Kalot-logo-sin-tagline.png?fit=1707%2C1014&ssl=1","width":1707,"height":1014,"caption":"Kalot"},"image":{"@id":"https:\/\/kalot.com.mx\/site\/#\/schema\/logo\/image\/"},"sameAs":["http:\/\/facebook.com\/mxkalot","https:\/\/x.com\/kalotmx","http:\/\/instagram.com\/kalotmx","http:\/\/pinterest.com\/jorgeerana\/kalot"]},{"@type":"Person","@id":"https:\/\/kalot.com.mx\/site\/#\/schema\/person\/1bf32c47ee15104d1e824350c07ac220","name":"Omar Herrera","image":{"@type":"ImageObject","inLanguage":"es","@id":"https:\/\/secure.gravatar.com\/avatar\/ae84de016d43d093bed40799c6d19430bc23d65401e1d68c9afab71da0688278?s=96&d=mm&r=g","url":"https:\/\/secure.gravatar.com\/avatar\/ae84de016d43d093bed40799c6d19430bc23d65401e1d68c9afab71da0688278?s=96&d=mm&r=g","contentUrl":"https:\/\/secure.gravatar.com\/avatar\/ae84de016d43d093bed40799c6d19430bc23d65401e1d68c9afab71da0688278?s=96&d=mm&r=g","caption":"Omar Herrera"},"description":"Si mi vida se resumiera en una pel\u00edcula, ser\u00eda en una dirigida por Woody Allen. Licenciado en Ciencias y T\u00e9cnicas de la Comunicaci\u00f3n.","sameAs":["http:\/\/www.linkedin.com\/pub\/omar-vargas-herrera\/8a\/792\/288","https:\/\/www.facebook.com\/don.capu","https:\/\/x.com\/thedoncapu"],"url":"https:\/\/kalot.com.mx\/site\/author\/doncapu\/"}]}},"jetpack_publicize_connections":[],"jetpack_featured_media_url":"https:\/\/i0.wp.com\/kalot.com.mx\/site\/wp-content\/uploads\/2014\/05\/10252137_10152838811793084_2353728734780023236_n.jpg?fit=960%2C960&ssl=1","jetpack_shortlink":"https:\/\/wp.me\/p6IHEI-4gE","jetpack-related-posts":[{"id":11455,"url":"https:\/\/kalot.com.mx\/site\/2014\/02\/10\/la-copa-mundial-de-la-fifa-en-mexico\/","url_meta":{"origin":16408,"position":0},"title":"La Copa Mundial de la FIFA en M\u00e9xico.","author":"El Memo Pacheco","date":"10 febrero, 2014","format":false,"excerpt":"La Copa del Mundo estuvo en la\u00a0Ciudad de M\u00e9xico\u00a0como parte de la gira que realiza por todo el mundo. M\u00e9xico es el pa\u00eds 69 en el recorrido que el trofeo m\u00e1s codiciado del mundo har\u00e1 antes de instalarse\u00a0en Brasil en junio pr\u00f3ximo. Copa del Mundo Foto: Notimex El domingo y\u2026","rel":"","context":"Entrada similar ","block_context":{"text":"Entrada similar ","link":""},"img":{"alt_text":"","src":"https:\/\/i0.wp.com\/kalot.com.mx\/site\/wp-content\/uploads\/2014\/02\/copa-del-mundo.jpg?fit=500%2C375&ssl=1&resize=350%2C200","width":350,"height":200},"classes":[]},{"id":16740,"url":"https:\/\/kalot.com.mx\/site\/2014\/06\/12\/apps-para-ver-el-mundial-desde-donde-estes\/","url_meta":{"origin":16408,"position":1},"title":"Apps para ver el Mundial desde donde est\u00e9s","author":"Cecilia Mata","date":"12 junio, 2014","format":false,"excerpt":"A llegado el momento y por fin empez\u00f3 la copa del mundo 2014 tras cuatro a\u00f1os que se han tenido que esperar para que las mejores estrellas del bal\u00f3n se den cita en una nueva edici\u00f3n del mundial de f\u00fatbol \u00a0ya estamos listos en kalot y espero que ustedes tambi\u00e9n\u2026","rel":"","context":"Entrada similar ","block_context":{"text":"Entrada similar ","link":""},"img":{"alt_text":"","src":"https:\/\/i0.wp.com\/kalot.com.mx\/site\/wp-content\/uploads\/2014\/06\/MASTER-IMAGE-Best-Apps-664x374.jpg?fit=664%2C374&ssl=1&resize=350%2C200","width":350,"height":200,"srcset":"https:\/\/i0.wp.com\/kalot.com.mx\/site\/wp-content\/uploads\/2014\/06\/MASTER-IMAGE-Best-Apps-664x374.jpg?fit=664%2C374&ssl=1&resize=350%2C200 1x, https:\/\/i0.wp.com\/kalot.com.mx\/site\/wp-content\/uploads\/2014\/06\/MASTER-IMAGE-Best-Apps-664x374.jpg?fit=664%2C374&ssl=1&resize=525%2C300 1.5x"},"classes":[]},{"id":13411,"url":"https:\/\/kalot.com.mx\/site\/2014\/03\/14\/la-copa-que-nadie-quiere\/","url_meta":{"origin":16408,"position":2},"title":"LA COPA QUE NADIE QUIERE","author":"Juan Ol\u00e1is","date":"14 marzo, 2014","format":false,"excerpt":"LA COPA QUE NADIE QUIERE Han quedado definidos los cuartos de final de la Copa Mx, en donde Tigres enfrentar\u00e1 al Atlante; Alebrijes a Quer\u00e9taro; Monterrey a Pachuca y Dorados a Veracruz. \u00a0Cuando la Federaci\u00f3n Mexicana de F\u00fatbol anunci\u00f3 que la liga se convertir\u00eda en la Liga Mx, uno de\u2026","rel":"","context":"En &quot;Sin categor\u00eda&quot;","block_context":{"text":"Sin categor\u00eda","link":"https:\/\/kalot.com.mx\/site\/category\/sin-categoria\/"},"img":{"alt_text":"","src":"https:\/\/i0.wp.com\/kalot.com.mx\/site\/wp-content\/uploads\/2014\/03\/copamx.jpg?fit=619%2C464&ssl=1&resize=350%2C200","width":350,"height":200,"srcset":"https:\/\/i0.wp.com\/kalot.com.mx\/site\/wp-content\/uploads\/2014\/03\/copamx.jpg?fit=619%2C464&ssl=1&resize=350%2C200 1x, https:\/\/i0.wp.com\/kalot.com.mx\/site\/wp-content\/uploads\/2014\/03\/copamx.jpg?fit=619%2C464&ssl=1&resize=525%2C300 1.5x"},"classes":[]},{"id":12714,"url":"https:\/\/kalot.com.mx\/site\/2014\/02\/28\/viernesdedrinks-el-abc-coctel\/","url_meta":{"origin":16408,"position":3},"title":"#ViernesDeDrinks El ABC coctel","author":"Rom\u00e1n Salgado","date":"28 febrero, 2014","format":false,"excerpt":"Es viernes, pero no es un viernes cualquiera ya que para muchos es quincena y mucho m\u00e1s que eso es #ViernesDeDrinks. As\u00ed que para que puedan disfrutar la fiesta como se debe , hoy les traigo un coctel que adem\u00e1s de ser delicioso es un deleite para la pupila ya\u2026","rel":"","context":"Entrada similar ","block_context":{"text":"Entrada similar ","link":""},"img":{"alt_text":"","src":"https:\/\/i0.wp.com\/kalot.com.mx\/site\/wp-content\/uploads\/2014\/02\/abc.jpg?fit=599%2C420&ssl=1&resize=350%2C200","width":350,"height":200,"srcset":"https:\/\/i0.wp.com\/kalot.com.mx\/site\/wp-content\/uploads\/2014\/02\/abc.jpg?fit=599%2C420&ssl=1&resize=350%2C200 1x, https:\/\/i0.wp.com\/kalot.com.mx\/site\/wp-content\/uploads\/2014\/02\/abc.jpg?fit=599%2C420&ssl=1&resize=525%2C300 1.5x"},"classes":[]},{"id":17250,"url":"https:\/\/kalot.com.mx\/site\/2014\/07\/13\/heil-german\/","url_meta":{"origin":16408,"position":4},"title":"HEIL GERMAN","author":"Ruth V\u00e1zquez","date":"13 julio, 2014","format":false,"excerpt":"Llegu\u00e9 al cine a las 2:00 p.m. a\u00fan no comenzaba el partido, pero ya estaba la transmisi\u00f3n, algo as\u00ed como un recuento de lo m\u00e1s memorable de los partidos durante todo el mundial. Las persona comenzaban a llegar, y poco a poco se fue llenando la sala. Hab\u00eda muchas playeras\u2026","rel":"","context":"Entrada similar ","block_context":{"text":"Entrada similar ","link":""},"img":{"alt_text":"","src":"https:\/\/i0.wp.com\/kalot.com.mx\/site\/wp-content\/uploads\/2014\/07\/germans1.jpg?fit=1038%2C519&ssl=1&resize=350%2C200","width":350,"height":200,"srcset":"https:\/\/i0.wp.com\/kalot.com.mx\/site\/wp-content\/uploads\/2014\/07\/germans1.jpg?fit=1038%2C519&ssl=1&resize=350%2C200 1x, https:\/\/i0.wp.com\/kalot.com.mx\/site\/wp-content\/uploads\/2014\/07\/germans1.jpg?fit=1038%2C519&ssl=1&resize=525%2C300 1.5x, https:\/\/i0.wp.com\/kalot.com.mx\/site\/wp-content\/uploads\/2014\/07\/germans1.jpg?fit=1038%2C519&ssl=1&resize=700%2C400 2x"},"classes":[]},{"id":10186,"url":"https:\/\/kalot.com.mx\/site\/2014\/01\/24\/pitbull-interpretara-cancion-del-mundial\/","url_meta":{"origin":16408,"position":5},"title":"Pitbull Interpretar\u00e1 Canci\u00f3n del Mundial","author":"Daniel Cacho","date":"24 enero, 2014","format":false,"excerpt":"We are one\", del rapero estadounidense de origen cubano Pitbull, en colaboraci\u00f3n con Jennifer L\u00f3pez y la brasile\u00f1a Claudia Leite, ser\u00e1 la canci\u00f3n oficial del Mundial de Brasil, seg\u00fan anunci\u00f3 FIFA en su cuenta de Twitter este jueves. \u201c#Brasil 2014 @pitbull @JLo & @ClaudiaLeitte interpretar\u00e1n la canci\u00f3n oficial (\u2018We are\u2026","rel":"","context":"Entrada similar ","block_context":{"text":"Entrada similar ","link":""},"img":{"alt_text":"","src":"https:\/\/i0.wp.com\/kalot.com.mx\/site\/wp-content\/uploads\/2014\/01\/xpitbull.jpg.pagespeed.ic_.IqxVHZgyC1.jpg?fit=600%2C400&ssl=1&resize=350%2C200","width":350,"height":200,"srcset":"https:\/\/i0.wp.com\/kalot.com.mx\/site\/wp-content\/uploads\/2014\/01\/xpitbull.jpg.pagespeed.ic_.IqxVHZgyC1.jpg?fit=600%2C400&ssl=1&resize=350%2C200 1x, https:\/\/i0.wp.com\/kalot.com.mx\/site\/wp-content\/uploads\/2014\/01\/xpitbull.jpg.pagespeed.ic_.IqxVHZgyC1.jpg?fit=600%2C400&ssl=1&resize=525%2C300 1.5x"},"classes":[]}],"jetpack_sharing_enabled":true,"_links":{"self":[{"href":"https:\/\/kalot.com.mx\/site\/wp-json\/wp\/v2\/posts\/16408","targetHints":{"allow":["GET"]}}],"collection":[{"href":"https:\/\/kalot.com.mx\/site\/wp-json\/wp\/v2\/posts"}],"about":[{"href":"https:\/\/kalot.com.mx\/site\/wp-json\/wp\/v2\/types\/post"}],"author":[{"embeddable":true,"href":"https:\/\/kalot.com.mx\/site\/wp-json\/wp\/v2\/users\/18"}],"replies":[{"embeddable":true,"href":"https:\/\/kalot.com.mx\/site\/wp-json\/wp\/v2\/comments?post=16408"}],"version-history":[{"count":0,"href":"https:\/\/kalot.com.mx\/site\/wp-json\/wp\/v2\/posts\/16408\/revisions"}],"wp:featuredmedia":[{"embeddable":true,"href":"https:\/\/kalot.com.mx\/site\/wp-json\/wp\/v2\/media\/16409"}],"wp:attachment":[{"href":"https:\/\/kalot.com.mx\/site\/wp-json\/wp\/v2\/media?parent=16408"}],"wp:term":[{"taxonomy":"category","embeddable":true,"href":"https:\/\/kalot.com.mx\/site\/wp-json\/wp\/v2\/categories?post=16408"},{"taxonomy":"post_tag","embeddable":true,"href":"https:\/\/kalot.com.mx\/site\/wp-json\/wp\/v2\/tags?post=16408"}],"curies":[{"name":"wp","href":"https:\/\/api.w.org\/{rel}","templated":true}]}}