{"id":16375,"date":"2014-05-24T22:40:45","date_gmt":"2014-05-25T03:40:45","guid":{"rendered":"http:\/\/www.kalot.com.mx\/?p=16375"},"modified":"2014-05-24T22:40:45","modified_gmt":"2014-05-25T03:40:45","slug":"estan-de-vuelta-pero-como-aficionados","status":"publish","type":"post","link":"https:\/\/kalot.com.mx\/site\/2014\/05\/24\/estan-de-vuelta-pero-como-aficionados\/","title":{"rendered":"Estan de vuelta, pero como aficionados"},"content":{"rendered":"<p style=\"text-align: justify\">Pepsi, la principal competencia de Coca-Cola en M\u00e9xico, ha reunido a 3 de los mejores futbolistas artilleros mexicanos de todos los tiempos, Cuauht\u00e9moc Blanco, Luis Hern\u00e1ndez \u201cel matador\u201d y Juan Francisco Palencia aquellos jugadores que participaron en la copa mundial de Francia 98, copa confederaciones 99 y mundial de f\u00fatbol Corea Jap\u00f3n 2002.<\/p>\n<p style=\"text-align: justify\">Previo al mundial la vieja guardia de la Selecci\u00f3n Mexicana est\u00e1 de vuelta, pero ahora como aficionados, aquellos jugadores que levantaban emociones a todos los aficionados en cada partido que disputaban.<\/p>\n<p style=\"text-align: justify\">Ahora se re\u00fanen los 3 para dar el apoyo a la Selecci\u00f3n Mexicana con un divertido v\u00eddeo el cual se est\u00e1 haciendo muy popular en todas las redes sociales.<\/p>\n<p><span class=\"embed-youtube\" style=\"text-align:center; display: block;\"><iframe class=\"youtube-player\" width=\"1200\" height=\"675\" src=\"https:\/\/www.youtube.com\/embed\/dXGPAUVOoJs?version=3&#038;rel=1&#038;showsearch=0&#038;showinfo=1&#038;iv_load_policy=1&#038;fs=1&#038;hl=es-MX&#038;autohide=2&#038;wmode=transparent\" allowfullscreen=\"true\" style=\"border:0;\" sandbox=\"allow-scripts allow-same-origin allow-popups allow-presentation allow-popups-to-escape-sandbox\"><\/iframe><\/span><\/p>\n","protected":false},"excerpt":{"rendered":"Pepsi, la principal competencia de Coca-Cola en M\u00e9xico, ha reunido a 3 de los mejores futbolistas artilleros mexicanos&hellip;\n","protected":false},"author":98,"featured_media":16376,"comment_status":"open","ping_status":"open","sticky":false,"template":"","format":"standard","meta":{"jetpack_post_was_ever_published":false,"_jetpack_newsletter_access":"","_jetpack_dont_email_post_to_subs":false,"_jetpack_newsletter_tier_id":0,"_jetpack_memberships_contains_paywalled_content":false,"_jetpack_memberships_contains_paid_content":false,"footnotes":"","jetpack_publicize_message":"","jetpack_publicize_feature_enabled":true,"jetpack_social_post_already_shared":true,"jetpack_social_options":{"image_generator_settings":{"template":"highway","default_image_id":0,"font":"","enabled":false},"version":2}},"categories":[],"tags":[],"class_list":{"0":"post-16375","1":"post","2":"type-post","3":"status-publish","4":"format-standard","5":"has-post-thumbnail","7":"cs-entry","8":"cs-video-wrap"},"yoast_head":"<!-- This site is optimized with the Yoast SEO plugin v27.5 - https:\/\/yoast.com\/product\/yoast-seo-wordpress\/ -->\n<title>Estan de vuelta, pero como aficionados<\/title>\n<meta name=\"description\" content=\"Pepsi, la principal competencia de Coca-Cola en M\u00e9xico, ha reunido a 3 de los mejores futbolistas artilleros mexicanos de todos los tiempos, Cuauht\u00e9moc\" \/>\n<meta name=\"robots\" content=\"index, follow, max-snippet:-1, max-image-preview:large, max-video-preview:-1\" \/>\n<link rel=\"canonical\" href=\"https:\/\/kalot.com.mx\/site\/2014\/05\/24\/estan-de-vuelta-pero-como-aficionados\/\" \/>\n<meta property=\"og:locale\" content=\"es_MX\" \/>\n<meta property=\"og:type\" content=\"article\" \/>\n<meta property=\"og:title\" content=\"Estan de vuelta, pero como aficionados\" \/>\n<meta property=\"og:description\" content=\"Pepsi, la principal competencia de Coca-Cola en M\u00e9xico, ha reunido a 3 de los mejores futbolistas artilleros mexicanos de todos los tiempos, Cuauht\u00e9moc\" \/>\n<meta property=\"og:url\" content=\"https:\/\/kalot.com.mx\/site\/2014\/05\/24\/estan-de-vuelta-pero-como-aficionados\/\" \/>\n<meta property=\"og:site_name\" content=\"Kalot\" \/>\n<meta property=\"article:publisher\" content=\"http:\/\/facebook.com\/mxkalot\" \/>\n<meta property=\"article:author\" content=\"https:\/\/www.facebook.com\/urestiguerrero\" \/>\n<meta property=\"article:published_time\" content=\"2014-05-25T03:40:45+00:00\" \/>\n<meta property=\"og:image\" content=\"https:\/\/i1.wp.com\/kalot.com.mx\/site\/wp-content\/uploads\/2014\/05\/MEX.jpg?fit=672%2C402&ssl=1\" \/>\n\t<meta property=\"og:image:width\" content=\"672\" \/>\n\t<meta property=\"og:image:height\" content=\"402\" \/>\n\t<meta property=\"og:image:type\" content=\"image\/jpeg\" \/>\n<meta name=\"author\" content=\"Kevin Uresti\" \/>\n<meta name=\"twitter:card\" content=\"summary_large_image\" \/>\n<meta name=\"twitter:creator\" content=\"@ksug_19\" \/>\n<meta name=\"twitter:site\" content=\"@kalotmx\" \/>\n<meta name=\"twitter:label1\" content=\"Escrito por\" \/>\n\t<meta name=\"twitter:data1\" content=\"Kevin Uresti\" \/>\n\t<meta name=\"twitter:label2\" content=\"Tiempo de lectura\" \/>\n\t<meta name=\"twitter:data2\" content=\"1 minuto\" \/>\n<!-- \/ Yoast SEO plugin. -->","yoast_head_json":{"title":"Estan de vuelta, pero como aficionados","description":"Pepsi, la principal competencia de Coca-Cola en M\u00e9xico, ha reunido a 3 de los mejores futbolistas artilleros mexicanos de todos los tiempos, Cuauht\u00e9moc","robots":{"index":"index","follow":"follow","max-snippet":"max-snippet:-1","max-image-preview":"max-image-preview:large","max-video-preview":"max-video-preview:-1"},"canonical":"https:\/\/kalot.com.mx\/site\/2014\/05\/24\/estan-de-vuelta-pero-como-aficionados\/","og_locale":"es_MX","og_type":"article","og_title":"Estan de vuelta, pero como aficionados","og_description":"Pepsi, la principal competencia de Coca-Cola en M\u00e9xico, ha reunido a 3 de los mejores futbolistas artilleros mexicanos de todos los tiempos, Cuauht\u00e9moc","og_url":"https:\/\/kalot.com.mx\/site\/2014\/05\/24\/estan-de-vuelta-pero-como-aficionados\/","og_site_name":"Kalot","article_publisher":"http:\/\/facebook.com\/mxkalot","article_author":"https:\/\/www.facebook.com\/urestiguerrero","article_published_time":"2014-05-25T03:40:45+00:00","og_image":[{"width":672,"height":402,"url":"https:\/\/i1.wp.com\/kalot.com.mx\/site\/wp-content\/uploads\/2014\/05\/MEX.jpg?fit=672%2C402&ssl=1","type":"image\/jpeg"}],"author":"Kevin Uresti","twitter_card":"summary_large_image","twitter_creator":"@ksug_19","twitter_site":"@kalotmx","twitter_misc":{"Escrito por":"Kevin Uresti","Tiempo de lectura":"1 minuto"},"schema":{"@context":"https:\/\/schema.org","@graph":[{"@type":"Article","@id":"https:\/\/kalot.com.mx\/site\/2014\/05\/24\/estan-de-vuelta-pero-como-aficionados\/#article","isPartOf":{"@id":"https:\/\/kalot.com.mx\/site\/2014\/05\/24\/estan-de-vuelta-pero-como-aficionados\/"},"author":{"name":"Kevin Uresti","@id":"https:\/\/kalot.com.mx\/site\/#\/schema\/person\/c35b132a7daa7e8cd73998c2231fecb7"},"headline":"Estan de vuelta, pero como aficionados","datePublished":"2014-05-25T03:40:45+00:00","mainEntityOfPage":{"@id":"https:\/\/kalot.com.mx\/site\/2014\/05\/24\/estan-de-vuelta-pero-como-aficionados\/"},"wordCount":130,"commentCount":0,"publisher":{"@id":"https:\/\/kalot.com.mx\/site\/#organization"},"image":{"@id":"https:\/\/kalot.com.mx\/site\/2014\/05\/24\/estan-de-vuelta-pero-como-aficionados\/#primaryimage"},"thumbnailUrl":"https:\/\/i0.wp.com\/kalot.com.mx\/site\/wp-content\/uploads\/2014\/05\/MEX.jpg?fit=672%2C402&ssl=1","inLanguage":"es","potentialAction":[{"@type":"CommentAction","name":"Comment","target":["https:\/\/kalot.com.mx\/site\/2014\/05\/24\/estan-de-vuelta-pero-como-aficionados\/#respond"]}]},{"@type":"WebPage","@id":"https:\/\/kalot.com.mx\/site\/2014\/05\/24\/estan-de-vuelta-pero-como-aficionados\/","url":"https:\/\/kalot.com.mx\/site\/2014\/05\/24\/estan-de-vuelta-pero-como-aficionados\/","name":"Estan de vuelta, pero como aficionados","isPartOf":{"@id":"https:\/\/kalot.com.mx\/site\/#website"},"primaryImageOfPage":{"@id":"https:\/\/kalot.com.mx\/site\/2014\/05\/24\/estan-de-vuelta-pero-como-aficionados\/#primaryimage"},"image":{"@id":"https:\/\/kalot.com.mx\/site\/2014\/05\/24\/estan-de-vuelta-pero-como-aficionados\/#primaryimage"},"thumbnailUrl":"https:\/\/i0.wp.com\/kalot.com.mx\/site\/wp-content\/uploads\/2014\/05\/MEX.jpg?fit=672%2C402&ssl=1","datePublished":"2014-05-25T03:40:45+00:00","description":"Pepsi, la principal competencia de Coca-Cola en M\u00e9xico, ha reunido a 3 de los mejores futbolistas artilleros mexicanos de todos los tiempos, Cuauht\u00e9moc","breadcrumb":{"@id":"https:\/\/kalot.com.mx\/site\/2014\/05\/24\/estan-de-vuelta-pero-como-aficionados\/#breadcrumb"},"inLanguage":"es","potentialAction":[{"@type":"ReadAction","target":["https:\/\/kalot.com.mx\/site\/2014\/05\/24\/estan-de-vuelta-pero-como-aficionados\/"]}]},{"@type":"ImageObject","inLanguage":"es","@id":"https:\/\/kalot.com.mx\/site\/2014\/05\/24\/estan-de-vuelta-pero-como-aficionados\/#primaryimage","url":"https:\/\/i0.wp.com\/kalot.com.mx\/site\/wp-content\/uploads\/2014\/05\/MEX.jpg?fit=672%2C402&ssl=1","contentUrl":"https:\/\/i0.wp.com\/kalot.com.mx\/site\/wp-content\/uploads\/2014\/05\/MEX.jpg?fit=672%2C402&ssl=1","width":672,"height":402},{"@type":"BreadcrumbList","@id":"https:\/\/kalot.com.mx\/site\/2014\/05\/24\/estan-de-vuelta-pero-como-aficionados\/#breadcrumb","itemListElement":[{"@type":"ListItem","position":1,"name":"Home","item":"https:\/\/kalot.com.mx\/site\/"},{"@type":"ListItem","position":2,"name":"Estan de vuelta, pero como aficionados"}]},{"@type":"WebSite","@id":"https:\/\/kalot.com.mx\/site\/#website","url":"https:\/\/kalot.com.mx\/site\/","name":"Kalot","description":"Conoce Todo Sobre Todo","publisher":{"@id":"https:\/\/kalot.com.mx\/site\/#organization"},"potentialAction":[{"@type":"SearchAction","target":{"@type":"EntryPoint","urlTemplate":"https:\/\/kalot.com.mx\/site\/?s={search_term_string}"},"query-input":{"@type":"PropertyValueSpecification","valueRequired":true,"valueName":"search_term_string"}}],"inLanguage":"es"},{"@type":"Organization","@id":"https:\/\/kalot.com.mx\/site\/#organization","name":"Kalot","url":"https:\/\/kalot.com.mx\/site\/","logo":{"@type":"ImageObject","inLanguage":"es","@id":"https:\/\/kalot.com.mx\/site\/#\/schema\/logo\/image\/","url":"https:\/\/i0.wp.com\/kalot.com.mx\/site\/wp-content\/uploads\/2020\/04\/Kalot-logo-sin-tagline.png?fit=1707%2C1014&ssl=1","contentUrl":"https:\/\/i0.wp.com\/kalot.com.mx\/site\/wp-content\/uploads\/2020\/04\/Kalot-logo-sin-tagline.png?fit=1707%2C1014&ssl=1","width":1707,"height":1014,"caption":"Kalot"},"image":{"@id":"https:\/\/kalot.com.mx\/site\/#\/schema\/logo\/image\/"},"sameAs":["http:\/\/facebook.com\/mxkalot","https:\/\/x.com\/kalotmx","http:\/\/instagram.com\/kalotmx","http:\/\/pinterest.com\/jorgeerana\/kalot"]},{"@type":"Person","@id":"https:\/\/kalot.com.mx\/site\/#\/schema\/person\/c35b132a7daa7e8cd73998c2231fecb7","name":"Kevin Uresti","image":{"@type":"ImageObject","inLanguage":"es","@id":"https:\/\/secure.gravatar.com\/avatar\/bac32c29747b6ea85aba5e4db3ff99a40235ca6494362bf7a71af0c0cdb02c82?s=96&d=mm&r=g","url":"https:\/\/secure.gravatar.com\/avatar\/bac32c29747b6ea85aba5e4db3ff99a40235ca6494362bf7a71af0c0cdb02c82?s=96&d=mm&r=g","contentUrl":"https:\/\/secure.gravatar.com\/avatar\/bac32c29747b6ea85aba5e4db3ff99a40235ca6494362bf7a71af0c0cdb02c82?s=96&d=mm&r=g","caption":"Kevin Uresti"},"description":"soy un chavo estudiante de la carrera de Mercadotecnia Internacional en la Universidad Polit\u00e9cnica de San Luis Potos\u00ed, soy de la idea de la libre expresi\u00f3n y de no callar nada as\u00ed que me gusta dar mi punto de vista, me gusta el deporte el f\u00fatbol mi pasatiempo favorito es hacer deporte","sameAs":["https:\/\/www.facebook.com\/urestiguerrero","https:\/\/x.com\/@ksug_19"],"url":"https:\/\/kalot.com.mx\/site\/author\/kevin\/"}]}},"jetpack_publicize_connections":[],"jetpack_featured_media_url":"https:\/\/i0.wp.com\/kalot.com.mx\/site\/wp-content\/uploads\/2014\/05\/MEX.jpg?fit=672%2C402&ssl=1","jetpack_shortlink":"https:\/\/wp.me\/p6IHEI-4g7","jetpack-related-posts":[{"id":571,"url":"https:\/\/kalot.com.mx\/site\/2013\/09\/04\/perseguidos-la-h-contra-el-mundo\/","url_meta":{"origin":16375,"position":0},"title":"Perseguidos&#8230; La H contra el mundo","author":"Daniel Mar","date":"4 septiembre, 2013","format":false,"excerpt":"El pr\u00f3ximo viernes 06 de Septiembre se pondr\u00e1 en marcha la jornada 7 del hexagonal clasificatorio para el Mundial de Brasil 2014, el rival en turno: Honduras.\u00a0 La selecci\u00f3n mexicana, poseedora del sobrenombre de \u201cEl Gigante de la CONCACAF\u201d, est\u00e1 acostumbrada a lidiar con las consecuencias que conlleva ser el\u2026","rel":"","context":"Con 2 comentarios","block_context":{"text":"Con 2 comentarios","link":"https:\/\/kalot.com.mx\/site\/2013\/09\/04\/perseguidos-la-h-contra-el-mundo\/#comments"},"img":{"alt_text":"","src":"https:\/\/i0.wp.com\/kalot.com.mx\/site\/wp-content\/uploads\/2013\/09\/h.jpg?fit=540%2C337&ssl=1&resize=350%2C200","width":350,"height":200,"srcset":"https:\/\/i0.wp.com\/kalot.com.mx\/site\/wp-content\/uploads\/2013\/09\/h.jpg?fit=540%2C337&ssl=1&resize=350%2C200 1x, https:\/\/i0.wp.com\/kalot.com.mx\/site\/wp-content\/uploads\/2013\/09\/h.jpg?fit=540%2C337&ssl=1&resize=525%2C300 1.5x"},"classes":[]},{"id":22604,"url":"https:\/\/kalot.com.mx\/site\/2015\/07\/28\/herrera-fuera-del-tri-final-anunciado\/","url_meta":{"origin":16375,"position":1},"title":"Herrera fuera del Tri: Final anunciado","author":"Andres Bautista","date":"28 julio, 2015","format":false,"excerpt":"Se confirm\u00f3 lo que era un secreto a voces; Miguel Herrera dejo de ser el Director T\u00e9cnico de la Selecci\u00f3n Mexicana tras el penoso y lamentable incidente en el cual se vio involucrado con el comentarista de TV Azteca Cristian Martinolli. Herrera fue poniendo final a su etapa como seleccionador\u2026","rel":"","context":"Entrada similar ","block_context":{"text":"Entrada similar ","link":""},"img":{"alt_text":"","src":"https:\/\/i0.wp.com\/kalot.com.mx\/site\/wp-content\/uploads\/2015\/07\/images-860x450.jpg?fit=860%2C450&ssl=1&resize=350%2C200","width":350,"height":200,"srcset":"https:\/\/i0.wp.com\/kalot.com.mx\/site\/wp-content\/uploads\/2015\/07\/images-860x450.jpg?fit=860%2C450&ssl=1&resize=350%2C200 1x, https:\/\/i0.wp.com\/kalot.com.mx\/site\/wp-content\/uploads\/2015\/07\/images-860x450.jpg?fit=860%2C450&ssl=1&resize=525%2C300 1.5x, https:\/\/i0.wp.com\/kalot.com.mx\/site\/wp-content\/uploads\/2015\/07\/images-860x450.jpg?fit=860%2C450&ssl=1&resize=700%2C400 2x"},"classes":[]},{"id":17121,"url":"https:\/\/kalot.com.mx\/site\/2014\/07\/02\/google-crea-doodle-sobre-clavado-de-robben\/","url_meta":{"origin":16375,"position":2},"title":"Doodle sobre clavado de Robben","author":"Rudy Marin","date":"2 julio, 2014","format":false,"excerpt":"A 4 d\u00edas de la tr\u00e1gica derrota de M\u00e9xico Vs Holanda en el mundial de f\u00fatbol de Brasil 2014, a los mexicanos nos ha costado dar vuelta a la hoja, es imposible no sentirse as\u00ed: Sin embargo, gracias a las redes sociales hemos visto cantidad de memes que nos ayudan\u2026","rel":"","context":"En &quot;Sin categor\u00eda&quot;","block_context":{"text":"Sin categor\u00eda","link":"https:\/\/kalot.com.mx\/site\/category\/sin-categoria\/"},"img":{"alt_text":"","src":"https:\/\/i0.wp.com\/kalot.com.mx\/site\/wp-content\/uploads\/2014\/07\/penal-robben.jpg?fit=624%2C351&ssl=1&resize=350%2C200","width":350,"height":200,"srcset":"https:\/\/i0.wp.com\/kalot.com.mx\/site\/wp-content\/uploads\/2014\/07\/penal-robben.jpg?fit=624%2C351&ssl=1&resize=350%2C200 1x, https:\/\/i0.wp.com\/kalot.com.mx\/site\/wp-content\/uploads\/2014\/07\/penal-robben.jpg?fit=624%2C351&ssl=1&resize=525%2C300 1.5x"},"classes":[]},{"id":3582,"url":"https:\/\/kalot.com.mx\/site\/2013\/10\/12\/odiame-mas-97-anos-del-vuelo-del-aguila\/","url_meta":{"origin":16375,"position":3},"title":"&#8220;Odiame m\u00e1s&#8221; 97 a\u00f1os del vuelo del \u00c1guila","author":"Saul Alonso","date":"12 octubre, 2013","format":false,"excerpt":"Y seguramente estimados lectores, tan solo con ver el t\u00edtulo, a unos les llam\u00f3 la atenci\u00f3n, y a otros ni siquiera lo leyeron dado el antagonismo que le tienen. Lo que es cierto es que, adem\u00e1s de conmemorar el D\u00eda de la Raza y de la Celebraci\u00f3n de los Juegos\u2026","rel":"","context":"Entrada similar ","block_context":{"text":"Entrada similar ","link":""},"img":{"alt_text":"","src":"https:\/\/i0.wp.com\/kalot.com.mx\/site\/wp-content\/uploads\/2013\/10\/America.jpg?fit=960%2C745&ssl=1&resize=350%2C200","width":350,"height":200,"srcset":"https:\/\/i0.wp.com\/kalot.com.mx\/site\/wp-content\/uploads\/2013\/10\/America.jpg?fit=960%2C745&ssl=1&resize=350%2C200 1x, https:\/\/i0.wp.com\/kalot.com.mx\/site\/wp-content\/uploads\/2013\/10\/America.jpg?fit=960%2C745&ssl=1&resize=525%2C300 1.5x, https:\/\/i0.wp.com\/kalot.com.mx\/site\/wp-content\/uploads\/2013\/10\/America.jpg?fit=960%2C745&ssl=1&resize=700%2C400 2x"},"classes":[]},{"id":896,"url":"https:\/\/kalot.com.mx\/site\/2013\/09\/06\/con-o-sin-leguminosa\/","url_meta":{"origin":16375,"position":4},"title":"\u00bfCon o sin leguminosa?","author":"Daniel Mar","date":"6 septiembre, 2013","format":false,"excerpt":"Faltan unas horas para que\u00a0la selecci\u00f3n mexicana\u00a0comience a escalar su particular cuesta de septiembre. El entrenador, Jos\u00e9 Manuel \u201cChepo\u201d de la Torre, se juega m\u00e1s que tres puntos. Su equipo necesita no s\u00f3lo ganar sino convencer con el fin de poder disipar las dudas generadas en los \u00faltimos meses. Dudas\u2026","rel":"","context":"Entrada similar ","block_context":{"text":"Entrada similar ","link":""},"img":{"alt_text":"","src":"https:\/\/i0.wp.com\/kalot.com.mx\/site\/wp-content\/uploads\/2013\/09\/ch1.jpg?fit=665%2C296&ssl=1&resize=350%2C200","width":350,"height":200,"srcset":"https:\/\/i0.wp.com\/kalot.com.mx\/site\/wp-content\/uploads\/2013\/09\/ch1.jpg?fit=665%2C296&ssl=1&resize=350%2C200 1x, https:\/\/i0.wp.com\/kalot.com.mx\/site\/wp-content\/uploads\/2013\/09\/ch1.jpg?fit=665%2C296&ssl=1&resize=525%2C300 1.5x"},"classes":[]},{"id":17007,"url":"https:\/\/kalot.com.mx\/site\/2014\/06\/26\/otro-post-mundialista\/","url_meta":{"origin":16375,"position":5},"title":"OTRO Post Mundialista","author":"K. Max","date":"26 junio, 2014","format":false,"excerpt":"Ah, El Mundial de Futbol\u2026 ese bonito evento de la FIFA que cada 4 a\u00f1os esperamos para que nos bombardeen con comerciales donde aparezca la jeta del DT de la selecci\u00f3n, con los jugadores estrella de los equipos nacionales, para que cada a\u00f1o la selecci\u00f3n haga su agosto y salga\u2026","rel":"","context":"Entrada similar ","block_context":{"text":"Entrada similar ","link":""},"img":{"alt_text":"","src":"https:\/\/i0.wp.com\/kalot.com.mx\/site\/wp-content\/uploads\/2014\/06\/La-Seleccion.jpg?fit=800%2C532&ssl=1&resize=350%2C200","width":350,"height":200,"srcset":"https:\/\/i0.wp.com\/kalot.com.mx\/site\/wp-content\/uploads\/2014\/06\/La-Seleccion.jpg?fit=800%2C532&ssl=1&resize=350%2C200 1x, https:\/\/i0.wp.com\/kalot.com.mx\/site\/wp-content\/uploads\/2014\/06\/La-Seleccion.jpg?fit=800%2C532&ssl=1&resize=525%2C300 1.5x, https:\/\/i0.wp.com\/kalot.com.mx\/site\/wp-content\/uploads\/2014\/06\/La-Seleccion.jpg?fit=800%2C532&ssl=1&resize=700%2C400 2x"},"classes":[]}],"jetpack_sharing_enabled":true,"_links":{"self":[{"href":"https:\/\/kalot.com.mx\/site\/wp-json\/wp\/v2\/posts\/16375","targetHints":{"allow":["GET"]}}],"collection":[{"href":"https:\/\/kalot.com.mx\/site\/wp-json\/wp\/v2\/posts"}],"about":[{"href":"https:\/\/kalot.com.mx\/site\/wp-json\/wp\/v2\/types\/post"}],"author":[{"embeddable":true,"href":"https:\/\/kalot.com.mx\/site\/wp-json\/wp\/v2\/users\/98"}],"replies":[{"embeddable":true,"href":"https:\/\/kalot.com.mx\/site\/wp-json\/wp\/v2\/comments?post=16375"}],"version-history":[{"count":0,"href":"https:\/\/kalot.com.mx\/site\/wp-json\/wp\/v2\/posts\/16375\/revisions"}],"wp:featuredmedia":[{"embeddable":true,"href":"https:\/\/kalot.com.mx\/site\/wp-json\/wp\/v2\/media\/16376"}],"wp:attachment":[{"href":"https:\/\/kalot.com.mx\/site\/wp-json\/wp\/v2\/media?parent=16375"}],"wp:term":[{"taxonomy":"category","embeddable":true,"href":"https:\/\/kalot.com.mx\/site\/wp-json\/wp\/v2\/categories?post=16375"},{"taxonomy":"post_tag","embeddable":true,"href":"https:\/\/kalot.com.mx\/site\/wp-json\/wp\/v2\/tags?post=16375"}],"curies":[{"name":"wp","href":"https:\/\/api.w.org\/{rel}","templated":true}]}}