{"id":16326,"date":"2014-05-28T17:22:18","date_gmt":"2014-05-28T22:22:18","guid":{"rendered":"http:\/\/www.kalot.com.mx\/?p=16326"},"modified":"2014-05-28T17:25:54","modified_gmt":"2014-05-28T22:25:54","slug":"predecir-tendencias-en-moda","status":"publish","type":"post","link":"https:\/\/kalot.com.mx\/site\/2014\/05\/28\/predecir-tendencias-en-moda\/","title":{"rendered":"\u00bfC\u00f3mo se predicen las tendencias en moda?"},"content":{"rendered":"<h3 id=\"por-dulce-mireles\">Por Dulce Mireles<\/h3>\n<p style=\"text-align: justify\">\u00a1Hola Kaloch@s! El boss ya me rega\u00f1\u00f3 un poco por dejar de escribir por casi 3 semanas pero ya estoy de regreso. Bien, pues en esta entrada les voy a contar sobre un tema del cual no suelo hablar mucho pero que siempre ha tenido mi curiosidad. En ocasiones pasadas les habl\u00e9 sobre el mito de que la moda es superficial y un poco sobre Vogue. \u00bfLe tenemos miedo a la moda? Les compart\u00ed mi opini\u00f3n <a href=\"http:\/\/www.kalot.com.mx\/2013\/09\/23\/moda-quien-es-mas-superficial-dulcemireles\/\">aqu\u00ed\u00a0<\/a><\/p>\n<p style=\"text-align: justify\">Hace unos d\u00edas me encontraba realizando uno de mis pasatiempos favoritos: Navegar por Pinterest y me puse a pensar como ser\u00eda el proceso de que algo se &#8220;ponga de <strong>moda<\/strong>&#8221; \u00bfQuienes dicen que es cool y que no? \u00bfQuienes dicen que es<strong> tendencia<\/strong> y que no? M\u00e1s ahora con un mundo tan segmentado y con miles \u00a0de nichos y perfiles de consumidor (recuerden que soy mercad\u00f3loga). Entonces me di a la tarea de buscar sobre el tema y esto fue lo que encontr\u00e9:<\/p>\n<p style=\"text-align: justify\"><strong>Caso Zara<\/strong><\/p>\n<p style=\"text-align: justify\">Esta empresa que pertenece al grupo Inditex, es una de las m\u00e1s importantes de Espa\u00f1a dentro del mundo textil. Pero \u00bfA qu\u00e9 se debe su \u00e9xito? Se dice que Zara es la queen del <strong>&#8220;fast fashion&#8221;<\/strong>, ya que tiene a miles de buscadores de <strong>tendencias o coolhunters<\/strong> por todo el mundo, dentro de pasarelas, buscando nuevos estilos de vida, estilo en las calles y dem\u00e1s. Zara es conocido por &#8220;bajar&#8221; los dise\u00f1os de las pasarelas y ajustarlos para su distribuci\u00f3n y venta masiva.<\/p>\n<p style=\"text-align: justify\">En resumen, podr\u00eda pensarse que al realizarle las famosas semanas de la moda en las conocidas capitales de la moda (<span style=\"color: #252525\">\u00a0Par\u00eds, Nueva York, Mil\u00e1n, Madrid, Londres y Tokio) los <strong>coolhunters<\/strong> son los encargados de seleccionar y filtrar lo que podr\u00eda funcionar en un mercado global, adem\u00e1s de adecuarlo a zonas geogr\u00e1ficas tomando en cuenta los rasgos culturales de cada lugar&#8230;interesante \u00bfNo?<\/span><\/p>\n<p style=\"text-align: justify\"><strong>La verdadera historia<\/strong><\/p>\n<p style=\"text-align: justify\">En t\u00e9rminos generales podr\u00eda pensarse que as\u00ed es como funciona, pero solo es una parte del proceso. El proceso de cazar tendencias viene desde mucho m\u00e1s atr\u00e1s, algunos datos interesantes sobre esta actividad es:<\/p>\n<p style=\"text-align: justify\"><strong>\u00a0La tela manda.<\/strong><\/p>\n<p style=\"text-align: justify\">Cada temporada se realizan ferias de textiles, las m\u00e1s importantes se realizan en Reino Unido e Italia, en M\u00e9xico las ferias m\u00e1s importantes son en Puebla, DF, Le\u00f3n, entre otros estados. Se dice, que a\u00fan los grandes dise\u00f1adores tienen que ajustarse a lo que se ofrece en las ferias ya que muy pocos productores y manufactureros aceptan pedidos especiales. Es por eso,<strong> que los dise\u00f1adores tienen que trabajar con lo que el mercado oferta, por eso no es raro que los dise\u00f1adores coincidan en la l\u00ednea de sus pr\u00f3ximos proyectos, ya que\u00a0depende de lo que oferte el mercado textil.<\/strong><\/p>\n<figure id=\"attachment_16486\" aria-describedby=\"caption-attachment-16486\" style=\"width: 635px\" class=\"wp-caption aligncenter\"><a href=\"https:\/\/i0.wp.com\/www.kalot.com.mx\/wp-content\/uploads\/2014\/05\/tendenciasmoda.jpg\"><img data-recalc-dims=\"1\" fetchpriority=\"high\" decoding=\"async\" data-attachment-id=\"16486\" data-permalink=\"https:\/\/kalot.com.mx\/site\/2014\/05\/28\/predecir-tendencias-en-moda\/tendenciasmoda\/\" data-orig-file=\"https:\/\/i0.wp.com\/kalot.com.mx\/site\/wp-content\/uploads\/2014\/05\/tendenciasmoda.jpg?fit=635%2C500&amp;ssl=1\" data-orig-size=\"635,500\" data-comments-opened=\"1\" data-image-meta=\"{&quot;aperture&quot;:&quot;0&quot;,&quot;credit&quot;:&quot;&quot;,&quot;camera&quot;:&quot;&quot;,&quot;caption&quot;:&quot;&quot;,&quot;created_timestamp&quot;:&quot;0&quot;,&quot;copyright&quot;:&quot;&quot;,&quot;focal_length&quot;:&quot;0&quot;,&quot;iso&quot;:&quot;0&quot;,&quot;shutter_speed&quot;:&quot;0&quot;,&quot;title&quot;:&quot;&quot;,&quot;orientation&quot;:&quot;0&quot;}\" data-image-title=\"Feria Textil\" data-image-description=\"\" data-image-caption=\"&lt;p&gt;Premi\u00e8re Vision &lt;\/p&gt;\n\" data-large-file=\"https:\/\/i0.wp.com\/kalot.com.mx\/site\/wp-content\/uploads\/2014\/05\/tendenciasmoda.jpg?fit=635%2C500&amp;ssl=1\" class=\"wp-image-16486 size-full\" src=\"https:\/\/i0.wp.com\/www.kalot.com.mx\/wp-content\/uploads\/2014\/05\/tendenciasmoda.jpg?resize=635%2C500\" alt=\"Premi\u00e8re Vision \" width=\"635\" height=\"500\" srcset=\"https:\/\/i0.wp.com\/kalot.com.mx\/site\/wp-content\/uploads\/2014\/05\/tendenciasmoda.jpg?w=635&amp;ssl=1 635w, https:\/\/i0.wp.com\/kalot.com.mx\/site\/wp-content\/uploads\/2014\/05\/tendenciasmoda.jpg?resize=380%2C299&amp;ssl=1 380w, https:\/\/i0.wp.com\/kalot.com.mx\/site\/wp-content\/uploads\/2014\/05\/tendenciasmoda.jpg?resize=300%2C236&amp;ssl=1 300w\" sizes=\"(max-width: 635px) 100vw, 635px\" \/><\/a><figcaption id=\"caption-attachment-16486\" class=\"wp-caption-text\">Premi\u00e8re Vision, feria textil en Par\u00eds<\/figcaption><\/figure>\n<p>&nbsp;<\/p>\n<p style=\"text-align: justify\"><strong>Agencias que predicen tendencias (Yo quiero mam\u00e1)<\/strong><\/p>\n<p style=\"text-align: justify\"><a href=\"http:\/\/www.wgsn.com\/en-us\"><strong>WGSN<\/strong> <\/a>es una agencia que se dedica a predecir tendencias y como esta organizaci\u00f3n, existen muchas m\u00e1s. \u00bfC\u00f3mo predicen tendencias? Es algo similar a la investigaci\u00f3n de mercados, solo que en base a los resultados se hacen predicciones sobre lo que usaremos en algunos a\u00f1os. Por ejemplo, este tipo de agencias ya tiene lo que estar\u00e1 de moda y tendencia para 2016 \u00a1Incre\u00edble!<\/p>\n<p style=\"text-align: justify\">As\u00ed en base a diferentes elementos, hacen predicciones que no solo aplican en ropa, tambi\u00e9n en comida, costumbres, estilos de vida y m\u00e1s. \u00bf<strong>Por qu\u00e9 la comida org\u00e1nica es tendencia? \u00bfPor qu\u00e9 es &#8220;cool&#8221; lo vintage? \u00bfPor qu\u00e9 un d\u00eda lo &#8220;feo&#8221; se vuelve &#8220;bonito&#8221;? \u00bfPor qu\u00e9 \u00a0las\u00a0Birkenstock antes solo las pod\u00edas ver en tu mam\u00e1? Este tipo de agencias conoce la raz\u00f3n porque recuerden que todo, todo, absolutamente todo&#8230;tiene una raz\u00f3n de ser.<\/strong><\/p>\n<p style=\"text-align: justify\">Para que se den una idea del tipo de agencia que es WGSN, les comparto algunos de sus clientes son:\u00a0<span style=\"font-weight: bold;color: #2d2d2e\">Tommy Hilfiger, Diesel, Puma,Guess, Marks and Spencer, United Colors of Benetton&#8230;\u00bfM\u00e1s?\u00a0<\/span><\/p>\n<figure id=\"attachment_16487\" aria-describedby=\"caption-attachment-16487\" style=\"width: 600px\" class=\"wp-caption aligncenter\"><a href=\"https:\/\/i0.wp.com\/www.kalot.com.mx\/wp-content\/uploads\/2014\/05\/Birkenstock.jpg\"><img data-recalc-dims=\"1\" decoding=\"async\" data-attachment-id=\"16487\" data-permalink=\"https:\/\/kalot.com.mx\/site\/2014\/05\/28\/predecir-tendencias-en-moda\/birkenstock\/\" data-orig-file=\"https:\/\/i0.wp.com\/kalot.com.mx\/site\/wp-content\/uploads\/2014\/05\/Birkenstock.jpg?fit=600%2C472&amp;ssl=1\" data-orig-size=\"600,472\" data-comments-opened=\"1\" data-image-meta=\"{&quot;aperture&quot;:&quot;0&quot;,&quot;credit&quot;:&quot;&quot;,&quot;camera&quot;:&quot;&quot;,&quot;caption&quot;:&quot;&quot;,&quot;created_timestamp&quot;:&quot;0&quot;,&quot;copyright&quot;:&quot;&quot;,&quot;focal_length&quot;:&quot;0&quot;,&quot;iso&quot;:&quot;0&quot;,&quot;shutter_speed&quot;:&quot;0&quot;,&quot;title&quot;:&quot;&quot;,&quot;orientation&quot;:&quot;0&quot;}\" data-image-title=\"Birkenstock\" data-image-description=\"\" data-image-caption=\"\" data-large-file=\"https:\/\/i0.wp.com\/kalot.com.mx\/site\/wp-content\/uploads\/2014\/05\/Birkenstock.jpg?fit=600%2C472&amp;ssl=1\" class=\"wp-image-16487 size-full\" src=\"https:\/\/i0.wp.com\/www.kalot.com.mx\/wp-content\/uploads\/2014\/05\/Birkenstock.jpg?resize=600%2C472\" alt=\"Birkenstock\" width=\"600\" height=\"472\" srcset=\"https:\/\/i0.wp.com\/kalot.com.mx\/site\/wp-content\/uploads\/2014\/05\/Birkenstock.jpg?w=600&amp;ssl=1 600w, https:\/\/i0.wp.com\/kalot.com.mx\/site\/wp-content\/uploads\/2014\/05\/Birkenstock.jpg?resize=380%2C299&amp;ssl=1 380w, https:\/\/i0.wp.com\/kalot.com.mx\/site\/wp-content\/uploads\/2014\/05\/Birkenstock.jpg?resize=300%2C236&amp;ssl=1 300w\" sizes=\"(max-width: 600px) 100vw, 600px\" \/><\/a><figcaption id=\"caption-attachment-16487\" class=\"wp-caption-text\">Birkenstock.<\/figcaption><\/figure>\n<p>&nbsp;<\/p>\n<p style=\"text-align: justify\"><strong>La moda va m\u00e1s all\u00e1<\/strong><\/p>\n<p style=\"text-align: justify\">Y bueno, esto ha sido un poco de lo que podemos encontrar atr\u00e1s de la moda, es un mundo por descubrir pero ya hablaremos de m\u00e1s temas. Recordemos que no hay que temerle \u00a0a nada en el mundo, atrevernos a conocer y no ser superficiales al juzgar antes de conocer. Para terminar, les comparto mi frase favorita de<\/p>\n<blockquote>\n<h3 id=\"a-menudo-tengo-la-impresion-de-que-la-moda-asusta-a-mucha-gente-y-como-les-da-miedo-la-critican-en-la-moda-hay-algo-que-a-veces-pone-a-la-gente-muy-nerviosa-sin-embargo-yo-esto\" style=\"text-align: justify\">\u201cA menudo tengo la impresi\u00f3n de que la moda asusta a mucha gente. Y como les da miedo, la critican. En la moda hay algo que, a veces, pone a la gente muy nerviosa\u2026 Sin embargo, yo estoy enamorada de ella.\u201d<\/h3>\n<p><a href=\"https:\/\/i0.wp.com\/www.kalot.com.mx\/wp-content\/uploads\/2014\/05\/annawintour.jpg\"><img data-recalc-dims=\"1\" decoding=\"async\" data-attachment-id=\"16488\" data-permalink=\"https:\/\/kalot.com.mx\/site\/2014\/05\/28\/predecir-tendencias-en-moda\/annawintour\/\" data-orig-file=\"https:\/\/i0.wp.com\/kalot.com.mx\/site\/wp-content\/uploads\/2014\/05\/annawintour.jpg?fit=436%2C604&amp;ssl=1\" data-orig-size=\"436,604\" data-comments-opened=\"1\" data-image-meta=\"{&quot;aperture&quot;:&quot;0&quot;,&quot;credit&quot;:&quot;&quot;,&quot;camera&quot;:&quot;&quot;,&quot;caption&quot;:&quot;&quot;,&quot;created_timestamp&quot;:&quot;0&quot;,&quot;copyright&quot;:&quot;&quot;,&quot;focal_length&quot;:&quot;0&quot;,&quot;iso&quot;:&quot;0&quot;,&quot;shutter_speed&quot;:&quot;0&quot;,&quot;title&quot;:&quot;&quot;,&quot;orientation&quot;:&quot;0&quot;}\" data-image-title=\"annawintour\" data-image-description=\"\" data-image-caption=\"\" data-large-file=\"https:\/\/i0.wp.com\/kalot.com.mx\/site\/wp-content\/uploads\/2014\/05\/annawintour.jpg?fit=436%2C604&amp;ssl=1\" class=\"wp-image-16488 size-full aligncenter\" src=\"https:\/\/i0.wp.com\/www.kalot.com.mx\/wp-content\/uploads\/2014\/05\/annawintour.jpg?resize=436%2C604\" alt=\"annawintour\" width=\"436\" height=\"604\" srcset=\"https:\/\/i0.wp.com\/kalot.com.mx\/site\/wp-content\/uploads\/2014\/05\/annawintour.jpg?w=436&amp;ssl=1 436w, https:\/\/i0.wp.com\/kalot.com.mx\/site\/wp-content\/uploads\/2014\/05\/annawintour.jpg?resize=380%2C526&amp;ssl=1 380w, https:\/\/i0.wp.com\/kalot.com.mx\/site\/wp-content\/uploads\/2014\/05\/annawintour.jpg?resize=217%2C300&amp;ssl=1 217w\" sizes=\"(max-width: 436px) 100vw, 436px\" \/><\/a><\/p><\/blockquote>\n<p>&nbsp;<\/p>\n<div class=\"view-content\"><em>Espero como siempre sus comentarios, muchas gracias por leer \ud83d\ude00<\/em><\/div>\n<p style=\"text-align: justify\"><em>\u00a0<\/em><\/p>\n<p>&nbsp;<\/p>\n<p>&nbsp;<\/p>\n<p>&nbsp;<\/p>\n<p>&nbsp;<\/p>\n<p>&nbsp;<\/p>\n<p>&nbsp;<\/p>\n<p>All\u00e1 en la <a href=\"http:\/\/smoda.elpais.com\/articulos\/el-club-bilderberg-de-la-moda-decide-hoy-las-tendencias-de-2014\/2406\">FUENTE <\/a>hab\u00eda un chorrito.<\/p>\n<p>&nbsp;<\/p>\n<p>&nbsp;<\/p>\n<p>&nbsp;<\/p>\n","protected":false},"excerpt":{"rendered":"Por Dulce Mireles \u00a1Hola Kaloch@s! El boss ya me rega\u00f1\u00f3 un poco por dejar de escribir por casi&hellip;\n","protected":false},"author":97,"featured_media":16489,"comment_status":"open","ping_status":"open","sticky":false,"template":"","format":"standard","meta":{"jetpack_post_was_ever_published":false,"_jetpack_newsletter_access":"","_jetpack_dont_email_post_to_subs":false,"_jetpack_newsletter_tier_id":0,"_jetpack_memberships_contains_paywalled_content":false,"_jetpack_memberships_contains_paid_content":false,"footnotes":"","jetpack_publicize_message":"","jetpack_publicize_feature_enabled":true,"jetpack_social_post_already_shared":true,"jetpack_social_options":{"image_generator_settings":{"template":"highway","default_image_id":0,"font":"","enabled":false},"version":2}},"categories":[],"tags":[],"class_list":{"0":"post-16326","1":"post","2":"type-post","3":"status-publish","4":"format-standard","5":"has-post-thumbnail","7":"cs-entry","8":"cs-video-wrap"},"yoast_head":"<!-- This site is optimized with the Yoast SEO plugin v27.4 - https:\/\/yoast.com\/product\/yoast-seo-wordpress\/ -->\n<title>\u00bfComo surgen las tendencias en moda?<\/title>\n<meta name=\"description\" content=\"\u00bfPor qu\u00e9 es &quot;cool&quot; lo vintage? \u00bfPor qu\u00e9 un d\u00eda lo &quot;feo&quot; se vuelve &quot;bonito&quot;? Todo, absolutamente todo...tiene una raz\u00f3n de ser. Inclu\u00eddas las tendencias\" \/>\n<meta name=\"robots\" content=\"index, follow, max-snippet:-1, max-image-preview:large, max-video-preview:-1\" \/>\n<link rel=\"canonical\" href=\"https:\/\/kalot.com.mx\/site\/2014\/05\/28\/predecir-tendencias-en-moda\/\" \/>\n<meta property=\"og:locale\" content=\"es_MX\" \/>\n<meta property=\"og:type\" content=\"article\" \/>\n<meta property=\"og:title\" content=\"\u00bfComo surgen las tendencias en moda?\" \/>\n<meta property=\"og:description\" content=\"\u00bfPor qu\u00e9 es &quot;cool&quot; lo vintage? \u00bfPor qu\u00e9 un d\u00eda lo &quot;feo&quot; se vuelve &quot;bonito&quot;? Todo, absolutamente todo...tiene una raz\u00f3n de ser. Inclu\u00eddas las tendencias\" \/>\n<meta property=\"og:url\" content=\"https:\/\/kalot.com.mx\/site\/2014\/05\/28\/predecir-tendencias-en-moda\/\" \/>\n<meta property=\"og:site_name\" content=\"Kalot\" \/>\n<meta property=\"article:publisher\" content=\"http:\/\/facebook.com\/mxkalot\" \/>\n<meta property=\"article:author\" content=\"https:\/\/www.facebook.com\/mireles.dulce\" \/>\n<meta property=\"article:published_time\" content=\"2014-05-28T22:22:18+00:00\" \/>\n<meta property=\"article:modified_time\" content=\"2014-05-28T22:25:54+00:00\" \/>\n<meta property=\"og:image\" content=\"https:\/\/i2.wp.com\/kalot.com.mx\/site\/wp-content\/uploads\/2014\/05\/annaykarl.jpg?fit=736%2C490&ssl=1\" \/>\n\t<meta property=\"og:image:width\" content=\"736\" \/>\n\t<meta property=\"og:image:height\" content=\"490\" \/>\n\t<meta property=\"og:image:type\" content=\"image\/jpeg\" \/>\n<meta name=\"author\" content=\"Dulce Mireles\" \/>\n<meta name=\"twitter:card\" content=\"summary_large_image\" \/>\n<meta name=\"twitter:creator\" content=\"@dulcemireles\" \/>\n<meta name=\"twitter:site\" content=\"@kalotmx\" \/>\n<meta name=\"twitter:label1\" content=\"Escrito por\" \/>\n\t<meta name=\"twitter:data1\" content=\"Dulce Mireles\" \/>\n\t<meta name=\"twitter:label2\" content=\"Tiempo de lectura\" \/>\n\t<meta name=\"twitter:data2\" content=\"4 minutos\" \/>\n<!-- \/ Yoast SEO plugin. -->","yoast_head_json":{"title":"\u00bfComo surgen las tendencias en moda?","description":"\u00bfPor qu\u00e9 es \"cool\" lo vintage? \u00bfPor qu\u00e9 un d\u00eda lo \"feo\" se vuelve \"bonito\"? Todo, absolutamente todo...tiene una raz\u00f3n de ser. Inclu\u00eddas las tendencias","robots":{"index":"index","follow":"follow","max-snippet":"max-snippet:-1","max-image-preview":"max-image-preview:large","max-video-preview":"max-video-preview:-1"},"canonical":"https:\/\/kalot.com.mx\/site\/2014\/05\/28\/predecir-tendencias-en-moda\/","og_locale":"es_MX","og_type":"article","og_title":"\u00bfComo surgen las tendencias en moda?","og_description":"\u00bfPor qu\u00e9 es \"cool\" lo vintage? \u00bfPor qu\u00e9 un d\u00eda lo \"feo\" se vuelve \"bonito\"? Todo, absolutamente todo...tiene una raz\u00f3n de ser. Inclu\u00eddas las tendencias","og_url":"https:\/\/kalot.com.mx\/site\/2014\/05\/28\/predecir-tendencias-en-moda\/","og_site_name":"Kalot","article_publisher":"http:\/\/facebook.com\/mxkalot","article_author":"https:\/\/www.facebook.com\/mireles.dulce","article_published_time":"2014-05-28T22:22:18+00:00","article_modified_time":"2014-05-28T22:25:54+00:00","og_image":[{"width":736,"height":490,"url":"https:\/\/i2.wp.com\/kalot.com.mx\/site\/wp-content\/uploads\/2014\/05\/annaykarl.jpg?fit=736%2C490&ssl=1","type":"image\/jpeg"}],"author":"Dulce Mireles","twitter_card":"summary_large_image","twitter_creator":"@dulcemireles","twitter_site":"@kalotmx","twitter_misc":{"Escrito por":"Dulce Mireles","Tiempo de lectura":"4 minutos"},"schema":{"@context":"https:\/\/schema.org","@graph":[{"@type":"Article","@id":"https:\/\/kalot.com.mx\/site\/2014\/05\/28\/predecir-tendencias-en-moda\/#article","isPartOf":{"@id":"https:\/\/kalot.com.mx\/site\/2014\/05\/28\/predecir-tendencias-en-moda\/"},"author":{"name":"Dulce Mireles","@id":"https:\/\/kalot.com.mx\/site\/#\/schema\/person\/655544162290388f1408067116229e94"},"headline":"\u00bfC\u00f3mo se predicen las tendencias en moda?","datePublished":"2014-05-28T22:22:18+00:00","dateModified":"2014-05-28T22:25:54+00:00","mainEntityOfPage":{"@id":"https:\/\/kalot.com.mx\/site\/2014\/05\/28\/predecir-tendencias-en-moda\/"},"wordCount":841,"commentCount":0,"publisher":{"@id":"https:\/\/kalot.com.mx\/site\/#organization"},"image":{"@id":"https:\/\/kalot.com.mx\/site\/2014\/05\/28\/predecir-tendencias-en-moda\/#primaryimage"},"thumbnailUrl":"https:\/\/i0.wp.com\/kalot.com.mx\/site\/wp-content\/uploads\/2014\/05\/annaykarl.jpg?fit=736%2C490&ssl=1","inLanguage":"es","potentialAction":[{"@type":"CommentAction","name":"Comment","target":["https:\/\/kalot.com.mx\/site\/2014\/05\/28\/predecir-tendencias-en-moda\/#respond"]}]},{"@type":"WebPage","@id":"https:\/\/kalot.com.mx\/site\/2014\/05\/28\/predecir-tendencias-en-moda\/","url":"https:\/\/kalot.com.mx\/site\/2014\/05\/28\/predecir-tendencias-en-moda\/","name":"\u00bfComo surgen las tendencias en moda?","isPartOf":{"@id":"https:\/\/kalot.com.mx\/site\/#website"},"primaryImageOfPage":{"@id":"https:\/\/kalot.com.mx\/site\/2014\/05\/28\/predecir-tendencias-en-moda\/#primaryimage"},"image":{"@id":"https:\/\/kalot.com.mx\/site\/2014\/05\/28\/predecir-tendencias-en-moda\/#primaryimage"},"thumbnailUrl":"https:\/\/i0.wp.com\/kalot.com.mx\/site\/wp-content\/uploads\/2014\/05\/annaykarl.jpg?fit=736%2C490&ssl=1","datePublished":"2014-05-28T22:22:18+00:00","dateModified":"2014-05-28T22:25:54+00:00","description":"\u00bfPor qu\u00e9 es \"cool\" lo vintage? \u00bfPor qu\u00e9 un d\u00eda lo \"feo\" se vuelve \"bonito\"? Todo, absolutamente todo...tiene una raz\u00f3n de ser. Inclu\u00eddas las tendencias","breadcrumb":{"@id":"https:\/\/kalot.com.mx\/site\/2014\/05\/28\/predecir-tendencias-en-moda\/#breadcrumb"},"inLanguage":"es","potentialAction":[{"@type":"ReadAction","target":["https:\/\/kalot.com.mx\/site\/2014\/05\/28\/predecir-tendencias-en-moda\/"]}]},{"@type":"ImageObject","inLanguage":"es","@id":"https:\/\/kalot.com.mx\/site\/2014\/05\/28\/predecir-tendencias-en-moda\/#primaryimage","url":"https:\/\/i0.wp.com\/kalot.com.mx\/site\/wp-content\/uploads\/2014\/05\/annaykarl.jpg?fit=736%2C490&ssl=1","contentUrl":"https:\/\/i0.wp.com\/kalot.com.mx\/site\/wp-content\/uploads\/2014\/05\/annaykarl.jpg?fit=736%2C490&ssl=1","width":736,"height":490,"caption":"Anna Wintour y Karl Lagerfeld"},{"@type":"BreadcrumbList","@id":"https:\/\/kalot.com.mx\/site\/2014\/05\/28\/predecir-tendencias-en-moda\/#breadcrumb","itemListElement":[{"@type":"ListItem","position":1,"name":"Home","item":"https:\/\/kalot.com.mx\/site\/"},{"@type":"ListItem","position":2,"name":"\u00bfC\u00f3mo se predicen las tendencias en moda?"}]},{"@type":"WebSite","@id":"https:\/\/kalot.com.mx\/site\/#website","url":"https:\/\/kalot.com.mx\/site\/","name":"Kalot","description":"Conoce Todo Sobre Todo","publisher":{"@id":"https:\/\/kalot.com.mx\/site\/#organization"},"potentialAction":[{"@type":"SearchAction","target":{"@type":"EntryPoint","urlTemplate":"https:\/\/kalot.com.mx\/site\/?s={search_term_string}"},"query-input":{"@type":"PropertyValueSpecification","valueRequired":true,"valueName":"search_term_string"}}],"inLanguage":"es"},{"@type":"Organization","@id":"https:\/\/kalot.com.mx\/site\/#organization","name":"Kalot","url":"https:\/\/kalot.com.mx\/site\/","logo":{"@type":"ImageObject","inLanguage":"es","@id":"https:\/\/kalot.com.mx\/site\/#\/schema\/logo\/image\/","url":"https:\/\/i0.wp.com\/kalot.com.mx\/site\/wp-content\/uploads\/2020\/04\/Kalot-logo-sin-tagline.png?fit=1707%2C1014&ssl=1","contentUrl":"https:\/\/i0.wp.com\/kalot.com.mx\/site\/wp-content\/uploads\/2020\/04\/Kalot-logo-sin-tagline.png?fit=1707%2C1014&ssl=1","width":1707,"height":1014,"caption":"Kalot"},"image":{"@id":"https:\/\/kalot.com.mx\/site\/#\/schema\/logo\/image\/"},"sameAs":["http:\/\/facebook.com\/mxkalot","https:\/\/x.com\/kalotmx","http:\/\/instagram.com\/kalotmx","http:\/\/pinterest.com\/jorgeerana\/kalot"]},{"@type":"Person","@id":"https:\/\/kalot.com.mx\/site\/#\/schema\/person\/655544162290388f1408067116229e94","name":"Dulce Mireles","image":{"@type":"ImageObject","inLanguage":"es","@id":"https:\/\/secure.gravatar.com\/avatar\/2e509fd77f8d3252341ab205504ec2216b61edd89bfd74420e00d4db91ed872e?s=96&d=mm&r=g","url":"https:\/\/secure.gravatar.com\/avatar\/2e509fd77f8d3252341ab205504ec2216b61edd89bfd74420e00d4db91ed872e?s=96&d=mm&r=g","contentUrl":"https:\/\/secure.gravatar.com\/avatar\/2e509fd77f8d3252341ab205504ec2216b61edd89bfd74420e00d4db91ed872e?s=96&d=mm&r=g","caption":"Dulce Mireles"},"description":"Ya me aburr\u00ed de poner bio en todos lados. Mejor hablame de tu...its en @dulcemireles","sameAs":["https:\/\/www.facebook.com\/mireles.dulce","https:\/\/x.com\/@dulcemireles"],"url":"https:\/\/kalot.com.mx\/site\/author\/dulcemireles\/"}]}},"jetpack_publicize_connections":[],"jetpack_featured_media_url":"https:\/\/i0.wp.com\/kalot.com.mx\/site\/wp-content\/uploads\/2014\/05\/annaykarl.jpg?fit=736%2C490&ssl=1","jetpack_shortlink":"https:\/\/wp.me\/p6IHEI-4fk","jetpack-related-posts":[{"id":21298,"url":"https:\/\/kalot.com.mx\/site\/2015\/04\/27\/la-perfecta-fashionista\/","url_meta":{"origin":16326,"position":0},"title":"La perfecta fashionista","author":"Monica Villalba","date":"27 abril, 2015","format":false,"excerpt":"A pesar de que no soy dise\u00f1adora de modas, tampoco visto con marcas de grandes dise\u00f1adores (aunque los admiro y me encantan sus creaciones), no poseo mi propia marca de ropa o he organizado las pasarelas m\u00e1s espectaculares; puedo decir que soy una fiel amante de la moda, el estilo\u2026","rel":"","context":"Con 1 comentario","block_context":{"text":"Con 1 comentario","link":"https:\/\/kalot.com.mx\/site\/2015\/04\/27\/la-perfecta-fashionista\/#comments"},"img":{"alt_text":"","src":"https:\/\/i0.wp.com\/kalot.com.mx\/site\/wp-content\/uploads\/2015\/04\/Fashionista_blog_moda.jpg?fit=600%2C600&ssl=1&resize=350%2C200","width":350,"height":200,"srcset":"https:\/\/i0.wp.com\/kalot.com.mx\/site\/wp-content\/uploads\/2015\/04\/Fashionista_blog_moda.jpg?fit=600%2C600&ssl=1&resize=350%2C200 1x, https:\/\/i0.wp.com\/kalot.com.mx\/site\/wp-content\/uploads\/2015\/04\/Fashionista_blog_moda.jpg?fit=600%2C600&ssl=1&resize=525%2C300 1.5x"},"classes":[]},{"id":20130,"url":"https:\/\/kalot.com.mx\/site\/2015\/01\/24\/sweatshop-el-verdadero-precio-de-la-moda\/","url_meta":{"origin":16326,"position":1},"title":"Sweatshop: El Verdadero Precio de la Moda","author":"Omar Herrera","date":"24 enero, 2015","format":false,"excerpt":"Un taller de explotaci\u00f3n laboral (refiri\u00e9ndose mayoritariamente a las maquilas), tambi\u00e9n conocido por la expresi\u00f3n inglesa sweatshop, es una f\u00e1brica, generalmente en un pa\u00eds en v\u00edas de desarrollo o del tercer mundo, y especialmente en Asia, donde la gente trabaja por sueldos muy bajos (el equivalente a 3 euros al\u2026","rel":"","context":"Entrada similar ","block_context":{"text":"Entrada similar ","link":""},"img":{"alt_text":"","src":"https:\/\/i0.wp.com\/kalot.com.mx\/site\/wp-content\/uploads\/2015\/01\/Image-for-xstream-video-20224.jpg?fit=1200%2C675&ssl=1&resize=350%2C200","width":350,"height":200,"srcset":"https:\/\/i0.wp.com\/kalot.com.mx\/site\/wp-content\/uploads\/2015\/01\/Image-for-xstream-video-20224.jpg?fit=1200%2C675&ssl=1&resize=350%2C200 1x, https:\/\/i0.wp.com\/kalot.com.mx\/site\/wp-content\/uploads\/2015\/01\/Image-for-xstream-video-20224.jpg?fit=1200%2C675&ssl=1&resize=525%2C300 1.5x, https:\/\/i0.wp.com\/kalot.com.mx\/site\/wp-content\/uploads\/2015\/01\/Image-for-xstream-video-20224.jpg?fit=1200%2C675&ssl=1&resize=700%2C400 2x, https:\/\/i0.wp.com\/kalot.com.mx\/site\/wp-content\/uploads\/2015\/01\/Image-for-xstream-video-20224.jpg?fit=1200%2C675&ssl=1&resize=1050%2C600 3x"},"classes":[]},{"id":371,"url":"https:\/\/kalot.com.mx\/site\/2013\/09\/02\/seductor-creativo-natural-romantico-sabes-que-estilo-tienes-al-vestir\/","url_meta":{"origin":16326,"position":2},"title":"Seductor, creativo, natural, rom\u00e1ntico\u2026 \u00bfSabes que estilo tienes al vestir?","author":"Jesica Zubiri","date":"2 septiembre, 2013","format":false,"excerpt":"Queramos o no cada uno de nosotros tenemos una imagen, y entonces lo que tenemos que hacer es aprovecharla y sacarle el mayor partido. Una parte fundamental de la consultor\u00eda en imagen f\u00edsica es el descubrir e identificar a que estilo pertenecemos, pero antes de hablarles sobre cada uno de\u2026","rel":"","context":"Entrada similar ","block_context":{"text":"Entrada similar ","link":""},"img":{"alt_text":"","src":"https:\/\/i0.wp.com\/kalot.com.mx\/site\/wp-content\/uploads\/2013\/09\/tumblr_np2k6c1gC11tj3ocko1_500.png?fit=500%2C333&ssl=1&resize=350%2C200","width":350,"height":200},"classes":[]},{"id":5724,"url":"https:\/\/kalot.com.mx\/site\/2013\/11\/06\/vintage-el-poder-de-lo-viejo\/","url_meta":{"origin":16326,"position":3},"title":"Vintage, el poder de lo viejo","author":"Adriana Baranda","date":"6 noviembre, 2013","format":false,"excerpt":"Vintage, escuchamos, cada vez m\u00e1s seguido, que lo vintage se est\u00e1 poniendo de moda, pero \u00bfqu\u00e9 es vintage? y \u00bfpor qu\u00e9 se est\u00e1 poniendo de moda? Vintage es un t\u00e9rmino que generalmente se aplica a la ropa, y gen\u00e9ricamente se refiere a prendas de segunda mano. Pero la idea no\u2026","rel":"","context":"Entrada similar ","block_context":{"text":"Entrada similar ","link":""},"img":{"alt_text":"","src":"https:\/\/i0.wp.com\/kalot.com.mx\/site\/wp-content\/uploads\/2013\/11\/20131105-223233.jpg?fit=531%2C615&ssl=1&resize=350%2C200","width":350,"height":200,"srcset":"https:\/\/i0.wp.com\/kalot.com.mx\/site\/wp-content\/uploads\/2013\/11\/20131105-223233.jpg?fit=531%2C615&ssl=1&resize=350%2C200 1x, https:\/\/i0.wp.com\/kalot.com.mx\/site\/wp-content\/uploads\/2013\/11\/20131105-223233.jpg?fit=531%2C615&ssl=1&resize=525%2C300 1.5x"},"classes":[]},{"id":2156,"url":"https:\/\/kalot.com.mx\/site\/2013\/09\/23\/moda-quien-es-mas-superficial-dulcemireles\/","url_meta":{"origin":16326,"position":4},"title":"#Moda \u00bfQui\u00e9n es m\u00e1s superficial? Preg\u00fantale a #Vogue by @DulceMireles","author":"Dulce Mireles","date":"23 septiembre, 2013","format":false,"excerpt":"Hace rato me encontr\u00e9 esta imagen en\u00a0 Facebook donde muestra a \u201clas mejores vestidas\u201d seg\u00fan MTV Style en los premios Emmy, por lo que enseguida me acord\u00e9 de una mujer que lleg\u00f3 a mi vida cuando ten\u00eda una idea muy err\u00f3nea de la \u201cmoda\u201d Hablo de Anna Wintour, directora de\u2026","rel":"","context":"Con 1 comentario","block_context":{"text":"Con 1 comentario","link":"https:\/\/kalot.com.mx\/site\/2013\/09\/23\/moda-quien-es-mas-superficial-dulcemireles\/#comments"},"img":{"alt_text":"","src":"https:\/\/i0.wp.com\/kalot.com.mx\/site\/wp-content\/uploads\/2013\/09\/6a00d8341c387d53ef01761695041c970c-800wi.jpg?fit=500%2C543&ssl=1&resize=350%2C200","width":350,"height":200},"classes":[]},{"id":3135,"url":"https:\/\/kalot.com.mx\/site\/2013\/10\/03\/vamos-las-europas-ied-madrid\/","url_meta":{"origin":16326,"position":5},"title":"\u00a1Vamos a las Europas! | @IEDMadrid","author":"Jorge Era\u00f1a","date":"3 octubre, 2013","format":false,"excerpt":"Y de la universidad, \u00bfQu\u00e9 sigue? Soy marketero de vocaci\u00f3n, pero sobre todo de pasi\u00f3n y afortunadamente pensar en que hacer despu\u00e9s de la universidad no es complicado puesto que el marketing \u00a0posee \u00a0gran cantidad de vertientes en las cuales te puedes especializar y si \u00a0la comunicaci\u00f3n visual y algunos\u2026","rel":"","context":"Entrada similar ","block_context":{"text":"Entrada similar ","link":""},"img":{"alt_text":"","src":"https:\/\/i0.wp.com\/kalot.com.mx\/site\/wp-content\/uploads\/2013\/10\/ied.jpg?fit=800%2C500&ssl=1&resize=350%2C200","width":350,"height":200,"srcset":"https:\/\/i0.wp.com\/kalot.com.mx\/site\/wp-content\/uploads\/2013\/10\/ied.jpg?fit=800%2C500&ssl=1&resize=350%2C200 1x, https:\/\/i0.wp.com\/kalot.com.mx\/site\/wp-content\/uploads\/2013\/10\/ied.jpg?fit=800%2C500&ssl=1&resize=525%2C300 1.5x, https:\/\/i0.wp.com\/kalot.com.mx\/site\/wp-content\/uploads\/2013\/10\/ied.jpg?fit=800%2C500&ssl=1&resize=700%2C400 2x"},"classes":[]}],"jetpack_sharing_enabled":true,"_links":{"self":[{"href":"https:\/\/kalot.com.mx\/site\/wp-json\/wp\/v2\/posts\/16326","targetHints":{"allow":["GET"]}}],"collection":[{"href":"https:\/\/kalot.com.mx\/site\/wp-json\/wp\/v2\/posts"}],"about":[{"href":"https:\/\/kalot.com.mx\/site\/wp-json\/wp\/v2\/types\/post"}],"author":[{"embeddable":true,"href":"https:\/\/kalot.com.mx\/site\/wp-json\/wp\/v2\/users\/97"}],"replies":[{"embeddable":true,"href":"https:\/\/kalot.com.mx\/site\/wp-json\/wp\/v2\/comments?post=16326"}],"version-history":[{"count":0,"href":"https:\/\/kalot.com.mx\/site\/wp-json\/wp\/v2\/posts\/16326\/revisions"}],"wp:featuredmedia":[{"embeddable":true,"href":"https:\/\/kalot.com.mx\/site\/wp-json\/wp\/v2\/media\/16489"}],"wp:attachment":[{"href":"https:\/\/kalot.com.mx\/site\/wp-json\/wp\/v2\/media?parent=16326"}],"wp:term":[{"taxonomy":"category","embeddable":true,"href":"https:\/\/kalot.com.mx\/site\/wp-json\/wp\/v2\/categories?post=16326"},{"taxonomy":"post_tag","embeddable":true,"href":"https:\/\/kalot.com.mx\/site\/wp-json\/wp\/v2\/tags?post=16326"}],"curies":[{"name":"wp","href":"https:\/\/api.w.org\/{rel}","templated":true}]}}